{"id":16707,"date":"2025-03-27T21:54:58","date_gmt":"2025-03-27T20:54:58","guid":{"rendered":"https:\/\/voyage-aventure.com\/blog\/?p=16707"},"modified":"2025-03-27T21:53:56","modified_gmt":"2025-03-27T20:53:56","slug":"la-chute-des-reservations-de-vols-canadiens-vers-les-etats-unis-en-periode-de-tensions-commerciales","status":"publish","type":"post","link":"https:\/\/voyage-aventure.com\/blog\/a-la-une\/la-chute-des-reservations-de-vols-canadiens-vers-les-etats-unis-en-periode-de-tensions-commerciales\/","title":{"rendered":"la chute des r\u00e9servations de vols canadiens vers les \u00c9tats-Unis en p\u00e9riode de tensions commerciales"},"content":{"rendered":"<h2>Une baisse alarmante des r\u00e9servations de vols<\/h2>\n<p>Selon les donn\u00e9es de la soci\u00e9t\u00e9 OAG, le nombre de r\u00e9servations pour la saison estivale \u00e0 venir a diminu\u00e9 de plus de 70 %. Cette situation incite les compagnies a\u00e9riennes \u00e0 r\u00e9duire leur capacit\u00e9 sur ces lignes, entra\u00eenant la suppression d&rsquo;environ 320 000 si\u00e8ges jusqu&rsquo;en octobre.<\/p>\n<p>Les Canadiens, face \u00e0 l&rsquo;incertitude croissante et aux craintes de complications \u00e0 la fronti\u00e8re, choisissent de d\u00e9penser leurs \u00e9conomies ailleurs. Les voyageurs semblent r\u00e9agir directement \u00e0 cette atmosph\u00e8re tendue en \u00e9vitant de faire des r\u00e9servations vers les \u00c9tats-Unis, ce qui affecte gravement l&rsquo;industrie a\u00e9rienne.<\/p>\n<p><iframe loading=\"lazy\" title=\"\ud83d\udd75\ufe0f\u200d\u2642\ufe0f The Ponson Case by Freeman Wills Crofts \ud83d\udd75\ufe0f\u200d\u2640\ufe0f | A Gripping Detective Mystery\" width=\"1200\" height=\"675\" src=\"https:\/\/www.youtube.com\/embed\/N1jfbKatZIk?feature=oembed\" frameborder=\"0\" allow=\"accelerometer; autoplay; clipboard-write; encrypted-media; gyroscope; picture-in-picture; web-share\" referrerpolicy=\"strict-origin-when-cross-origin\" allowfullscreen><\/iframe><\/p>\n<h2>Les compagnies a\u00e9riennes s&rsquo;ajustent \u00e0 la r\u00e9alit\u00e9 du march\u00e9<\/h2>\n<p>En r\u00e9ponse \u00e0 cette baisse de la demande, les compagnies a\u00e9riennes commencent \u00e0 modifier leurs plans de vol. Plusieurs transporteurs canadiens envisagent de red\u00e9ployer leurs avions sur d&rsquo;autres routes. Ce changement strat\u00e9gique est motiv\u00e9 par le besoin d&rsquo;optimiser les capacit\u00e9s face \u00e0 une demande en forte baisse.<\/p>\n<p>Les donn\u00e9es d&rsquo;OAG r\u00e9v\u00e8lent que la plupart des r\u00e9ductions de capacit\u00e9 se produisent durant les mois de juillet et ao\u00fbt, des p\u00e9riodes habituellement tr\u00e8s charg\u00e9es pour les voyages. Les compagnies a\u00e9riennes ont r\u00e9duit leur capacit\u00e9 d&rsquo;environ 3,5 %, ce qui t\u00e9moigne d&rsquo;une r\u00e9ponse rapide \u00e0 l&rsquo;\u00e9volution du march\u00e9.<\/p>\n<h2>Les voyageurs canadiens red\u00e9finissent leurs destinations<\/h2>\n<p>Alors que les r\u00e9servations vers les \u00c9tats-Unis s&rsquo;effondrent, les Canadiens explorent d&rsquo;autres options de voyage. De nombreux vacanciers se dirigent vers des destinations plus proches ou moins risqu\u00e9es, montrant une tendance \u00e0 privil\u00e9gier la s\u00e9curit\u00e9 et la simplicit\u00e9. Cette situation pourrait \u00e9galement b\u00e9n\u00e9ficier \u00e0 d&rsquo;autres secteurs touristiques, notamment ceux situ\u00e9s au sein du Canada.<\/p>\n<p>Le gouvernement canadien a r\u00e9cemment mis \u00e0 jour ses recommandations pour les citoyens envisageant un voyage vers les \u00c9tats-Unis. Les Canadiens doivent d\u00e9sormais s&rsquo;enregistrer aupr\u00e8s du gouvernement am\u00e9ricain pour des s\u00e9jours de plus de 30 jours, ajoutant une couche suppl\u00e9mentaire de complexit\u00e9 \u00e0 leurs projets de voyage.<\/p>\n<blockquote><p> \u00ab\u00a0Cette chute des r\u00e9servations sugg\u00e8re que les voyageurs h\u00e9sitent \u00e0 prendre des d\u00e9cisions, probablement en raison de l&rsquo;incertitude li\u00e9e \u00e0 la dispute commerciale.\u00a0\u00bb &#8211; OAG<\/p><\/blockquote>\n<ul>\n<li>R\u00e9duction de la demande de vols vers les \u00c9tats-Unis<\/li>\n<li>320 000 si\u00e8ges supprim\u00e9s jusqu&rsquo;en octobre<\/li>\n<li>Les Canadiens privil\u00e9gient d&rsquo;autres destinations<\/li>\n<li>Changement des plans de vol par les compagnies a\u00e9riennes<\/li>\n<li>Nouvelles exigences pour les voyageurs canadiens<\/li>\n<\/ul>\n<p>En somme, la dynamique actuelle du march\u00e9 a\u00e9rien entre le Canada et les \u00c9tats-Unis est profond\u00e9ment affect\u00e9e par les tensions commerciales. Les voyageurs canadiens semblent faire preuve de prudence, ce qui impacte non seulement les r\u00e9servations, mais \u00e9galement l&rsquo;ensemble du secteur a\u00e9rien. Les compagnies devront s&rsquo;adapter \u00e0 cette nouvelle r\u00e9alit\u00e9 pour survivre dans un environnement en constante \u00e9volution.<\/p>\n","protected":false},"excerpt":{"rendered":"","protected":false},"author":34,"featured_media":20160,"comment_status":"open","ping_status":"open","sticky":false,"template":"","format":"standard","meta":{"_acf_changed":false,"manual_indexmenow":false,"indexmenow_id_project":0,"footnotes":""},"categories":[1],"tags":[4636,5688,3170,4526,5834],"class_list":["post-16707","post","type-post","status-publish","format-standard","has-post-thumbnail","hentry","category-a-la-une","tag-destinations","tag-relations-internationales","tag-securite","tag-voyage-economique","tag-voyage-en-famille","generate-columns","tablet-grid-50","mobile-grid-100","grid-parent","grid-25"],"acf":[],"yoast_head":"<!-- This site is optimized with the Yoast SEO Premium plugin v21.3 (Yoast SEO v25.1) - https:\/\/yoast.com\/wordpress\/plugins\/seo\/ -->\n<title>la chute des r\u00e9servations de vols canadiens vers les<\/title>\n<meta name=\"description\" content=\"Selon les donn\u00e9es de la soci\u00e9t\u00e9 OAG, le nombre de r\u00e9servations pour la saison estivale \u00e0 venir a diminu\u00e9 de plus de 70 %. Cette situation incite les\" \/>\n<meta name=\"robots\" content=\"index, follow, max-snippet:-1, max-image-preview:large, max-video-preview:-1\" \/>\n<link rel=\"canonical\" href=\"https:\/\/voyage-aventure.com\/blog\/a-la-une\/la-chute-des-reservations-de-vols-canadiens-vers-les-etats-unis-en-periode-de-tensions-commerciales\/\" \/>\n<meta property=\"og:locale\" content=\"fr_FR\" \/>\n<meta property=\"og:type\" content=\"article\" \/>\n<meta property=\"og:title\" content=\"la chute des r\u00e9servations de vols canadiens vers les\" \/>\n<meta property=\"og:description\" content=\"Selon les donn\u00e9es de la soci\u00e9t\u00e9 OAG, le nombre de r\u00e9servations pour la saison estivale \u00e0 venir a diminu\u00e9 de plus de 70 %. Cette situation incite les\" \/>\n<meta property=\"og:url\" content=\"https:\/\/voyage-aventure.com\/blog\/a-la-une\/la-chute-des-reservations-de-vols-canadiens-vers-les-etats-unis-en-periode-de-tensions-commerciales\/\" \/>\n<meta property=\"og:site_name\" content=\"voyage-aventure\" \/>\n<meta property=\"og:image\" content=\"https:\/\/voyage-aventure.com\/blog\/wp-content\/uploads\/2025\/05\/sdxl-d05e7c7dd6732492183dd303dd8517fb-scaled.png\" \/>\n\t<meta property=\"og:image:width\" content=\"1200\" \/>\n\t<meta property=\"og:image:height\" content=\"500\" \/>\n\t<meta property=\"og:image:type\" content=\"image\/png\" \/>\n<meta name=\"author\" content=\"Camille Rouvray\" \/>\n<meta name=\"twitter:card\" content=\"summary_large_image\" \/>\n<script type=\"application\/ld+json\" class=\"yoast-schema-graph\">{\"@context\":\"https:\/\/schema.org\",\"@graph\":[{\"@type\":\"NewsArticle\",\"@id\":\"https:\/\/voyage-aventure.com\/blog\/a-la-une\/la-chute-des-reservations-de-vols-canadiens-vers-les-etats-unis-en-periode-de-tensions-commerciales\/#article\",\"isPartOf\":{\"@id\":\"https:\/\/voyage-aventure.com\/blog\/a-la-une\/la-chute-des-reservations-de-vols-canadiens-vers-les-etats-unis-en-periode-de-tensions-commerciales\/\"},\"author\":{\"name\":\"Camille Rouvray\",\"@id\":\"https:\/\/voyage-aventure.com\/blog\/#\/schema\/person\/3c864cdc320801e3db34b663e7e3f816\"},\"headline\":\"la chute des r\u00e9servations de vols canadiens vers les \u00c9tats-Unis en p\u00e9riode de tensions commerciales\",\"datePublished\":\"2025-03-27T20:54:58+00:00\",\"mainEntityOfPage\":{\"@id\":\"https:\/\/voyage-aventure.com\/blog\/a-la-une\/la-chute-des-reservations-de-vols-canadiens-vers-les-etats-unis-en-periode-de-tensions-commerciales\/\"},\"wordCount\":505,\"commentCount\":24,\"publisher\":{\"@id\":\"https:\/\/voyage-aventure.com\/blog\/#organization\"},\"image\":{\"@id\":\"https:\/\/voyage-aventure.com\/blog\/a-la-une\/la-chute-des-reservations-de-vols-canadiens-vers-les-etats-unis-en-periode-de-tensions-commerciales\/#primaryimage\"},\"thumbnailUrl\":\"https:\/\/voyage-aventure.com\/blog\/wp-content\/uploads\/2025\/05\/sdxl-d05e7c7dd6732492183dd303dd8517fb-scaled.png\",\"keywords\":[\"Destinations\",\"Relations Internationales\",\"S\u00e9curit\u00e9\",\"Voyage \u00c9conomique\",\"Voyage en famille\"],\"articleSection\":[\"\u00c0 la une\"],\"inLanguage\":\"fr-FR\",\"potentialAction\":[{\"@type\":\"CommentAction\",\"name\":\"Comment\",\"target\":[\"https:\/\/voyage-aventure.com\/blog\/a-la-une\/la-chute-des-reservations-de-vols-canadiens-vers-les-etats-unis-en-periode-de-tensions-commerciales\/#respond\"]}]},{\"@type\":\"WebPage\",\"@id\":\"https:\/\/voyage-aventure.com\/blog\/a-la-une\/la-chute-des-reservations-de-vols-canadiens-vers-les-etats-unis-en-periode-de-tensions-commerciales\/\",\"url\":\"https:\/\/voyage-aventure.com\/blog\/a-la-une\/la-chute-des-reservations-de-vols-canadiens-vers-les-etats-unis-en-periode-de-tensions-commerciales\/\",\"name\":\"la chute des r\u00e9servations de vols canadiens vers les\",\"isPartOf\":{\"@id\":\"https:\/\/voyage-aventure.com\/blog\/#website\"},\"primaryImageOfPage\":{\"@id\":\"https:\/\/voyage-aventure.com\/blog\/a-la-une\/la-chute-des-reservations-de-vols-canadiens-vers-les-etats-unis-en-periode-de-tensions-commerciales\/#primaryimage\"},\"image\":{\"@id\":\"https:\/\/voyage-aventure.com\/blog\/a-la-une\/la-chute-des-reservations-de-vols-canadiens-vers-les-etats-unis-en-periode-de-tensions-commerciales\/#primaryimage\"},\"thumbnailUrl\":\"https:\/\/voyage-aventure.com\/blog\/wp-content\/uploads\/2025\/05\/sdxl-d05e7c7dd6732492183dd303dd8517fb-scaled.png\",\"datePublished\":\"2025-03-27T20:54:58+00:00\",\"description\":\"Selon les donn\u00e9es de la soci\u00e9t\u00e9 OAG, le nombre de r\u00e9servations pour la saison estivale \u00e0 venir a diminu\u00e9 de plus de 70 %. Cette situation incite les\",\"inLanguage\":\"fr-FR\",\"potentialAction\":[{\"@type\":\"ReadAction\",\"target\":[\"https:\/\/voyage-aventure.com\/blog\/a-la-une\/la-chute-des-reservations-de-vols-canadiens-vers-les-etats-unis-en-periode-de-tensions-commerciales\/\"]}]},{\"@type\":\"ImageObject\",\"inLanguage\":\"fr-FR\",\"@id\":\"https:\/\/voyage-aventure.com\/blog\/a-la-une\/la-chute-des-reservations-de-vols-canadiens-vers-les-etats-unis-en-periode-de-tensions-commerciales\/#primaryimage\",\"url\":\"https:\/\/voyage-aventure.com\/blog\/wp-content\/uploads\/2025\/05\/sdxl-d05e7c7dd6732492183dd303dd8517fb-scaled.png\",\"contentUrl\":\"https:\/\/voyage-aventure.com\/blog\/wp-content\/uploads\/2025\/05\/sdxl-d05e7c7dd6732492183dd303dd8517fb-scaled.png\",\"width\":1200,\"height\":500},{\"@type\":\"WebSite\",\"@id\":\"https:\/\/voyage-aventure.com\/blog\/#website\",\"url\":\"https:\/\/voyage-aventure.com\/blog\/\",\"name\":\"voyage-aventure.com\",\"description\":\"Votre passeport pour l\u2019inattendu.\",\"publisher\":{\"@id\":\"https:\/\/voyage-aventure.com\/blog\/#organization\"},\"alternateName\":\"Votre passeport pour l\u2019inattendu.\",\"potentialAction\":[{\"@type\":\"SearchAction\",\"target\":{\"@type\":\"EntryPoint\",\"urlTemplate\":\"https:\/\/voyage-aventure.com\/blog\/?s={search_term_string}\"},\"query-input\":{\"@type\":\"PropertyValueSpecification\",\"valueRequired\":true,\"valueName\":\"search_term_string\"}}],\"inLanguage\":\"fr-FR\"},{\"@type\":\"Organization\",\"@id\":\"https:\/\/voyage-aventure.com\/blog\/#organization\",\"name\":\"Foretsensations.fr\",\"url\":\"https:\/\/voyage-aventure.com\/blog\/\",\"logo\":{\"@type\":\"ImageObject\",\"inLanguage\":\"fr-FR\",\"@id\":\"https:\/\/voyage-aventure.com\/blog\/#\/schema\/logo\/image\/\",\"url\":\"https:\/\/voyage-aventure.com\/blog\/wp-content\/uploads\/2024\/12\/19.png\",\"contentUrl\":\"https:\/\/voyage-aventure.com\/blog\/wp-content\/uploads\/2024\/12\/19.png\",\"width\":512,\"height\":512,\"caption\":\"Foretsensations.fr\"},\"image\":{\"@id\":\"https:\/\/voyage-aventure.com\/blog\/#\/schema\/logo\/image\/\"}},{\"@type\":\"Person\",\"@id\":\"https:\/\/voyage-aventure.com\/blog\/#\/schema\/person\/3c864cdc320801e3db34b663e7e3f816\",\"name\":\"Camille Rouvray\",\"image\":{\"@type\":\"ImageObject\",\"inLanguage\":\"fr-FR\",\"@id\":\"https:\/\/voyage-aventure.com\/blog\/#\/schema\/person\/image\/\",\"url\":\"https:\/\/voyage-aventure.com\/blog\/wp-content\/uploads\/2026\/06\/persona_camille-r-96x96.jpg\",\"contentUrl\":\"https:\/\/voyage-aventure.com\/blog\/wp-content\/uploads\/2026\/06\/persona_camille-r-96x96.jpg\",\"caption\":\"Camille Rouvray\"},\"description\":\"Je voyage et j'\u00e9cris sur le voyage depuis une douzaine d'ann\u00e9es, d'abord en tant que routarde au long cours, puis comme r\u00e9dactrice sp\u00e9cialis\u00e9e. Mon terrain de pr\u00e9dilection, ce sont les circuits organis\u00e9s et l'art de bien pr\u00e9parer un itin\u00e9raire : choix de la saison, dur\u00e9e r\u00e9aliste des \u00e9tapes, budget jour par jour, logement et transport sur place. J'aime aussi raconter les p\u00e9pites urbaines, ces adresses qu'on ne trouve pas dans les guides classiques. Avant de publier un dossier destination, je croise toujours plusieurs sources, je v\u00e9rifie les tarifs et les formalit\u00e9s d'entr\u00e9e \u00e0 jour, et je teste moi-m\u00eame quand je le peux. Mon angle reste pratique avant tout : aider le lecteur \u00e0 partir l'esprit tranquille, sans mauvaise surprise une fois sur place. Je m'attache \u00e0 distinguer le coup de c\u0153ur sinc\u00e8re du simple argument marketing.\",\"sameAs\":[\"https:\/\/camillerouvray.fr\/\"],\"url\":\"https:\/\/voyage-aventure.com\/blog\/auteur\/noname\/\"}]}<\/script>\n<!-- \/ Yoast SEO Premium plugin. -->","yoast_head_json":{"title":"la chute des r\u00e9servations de vols canadiens vers les","description":"Selon les donn\u00e9es de la soci\u00e9t\u00e9 OAG, le nombre de r\u00e9servations pour la saison estivale \u00e0 venir a diminu\u00e9 de plus de 70 %. Cette situation incite les","robots":{"index":"index","follow":"follow","max-snippet":"max-snippet:-1","max-image-preview":"max-image-preview:large","max-video-preview":"max-video-preview:-1"},"canonical":"https:\/\/voyage-aventure.com\/blog\/a-la-une\/la-chute-des-reservations-de-vols-canadiens-vers-les-etats-unis-en-periode-de-tensions-commerciales\/","og_locale":"fr_FR","og_type":"article","og_title":"la chute des r\u00e9servations de vols canadiens vers les","og_description":"Selon les donn\u00e9es de la soci\u00e9t\u00e9 OAG, le nombre de r\u00e9servations pour la saison estivale \u00e0 venir a diminu\u00e9 de plus de 70 %. Cette situation incite les","og_url":"https:\/\/voyage-aventure.com\/blog\/a-la-une\/la-chute-des-reservations-de-vols-canadiens-vers-les-etats-unis-en-periode-de-tensions-commerciales\/","og_site_name":"voyage-aventure","og_image":[{"width":1200,"height":500,"url":"https:\/\/voyage-aventure.com\/blog\/wp-content\/uploads\/2025\/05\/sdxl-d05e7c7dd6732492183dd303dd8517fb-scaled.png","type":"image\/png"}],"author":"Camille Rouvray","twitter_card":"summary_large_image","schema":{"@context":"https:\/\/schema.org","@graph":[{"@type":"NewsArticle","@id":"https:\/\/voyage-aventure.com\/blog\/a-la-une\/la-chute-des-reservations-de-vols-canadiens-vers-les-etats-unis-en-periode-de-tensions-commerciales\/#article","isPartOf":{"@id":"https:\/\/voyage-aventure.com\/blog\/a-la-une\/la-chute-des-reservations-de-vols-canadiens-vers-les-etats-unis-en-periode-de-tensions-commerciales\/"},"author":{"name":"Camille Rouvray","@id":"https:\/\/voyage-aventure.com\/blog\/#\/schema\/person\/3c864cdc320801e3db34b663e7e3f816"},"headline":"la chute des r\u00e9servations de vols canadiens vers les \u00c9tats-Unis en p\u00e9riode de tensions commerciales","datePublished":"2025-03-27T20:54:58+00:00","mainEntityOfPage":{"@id":"https:\/\/voyage-aventure.com\/blog\/a-la-une\/la-chute-des-reservations-de-vols-canadiens-vers-les-etats-unis-en-periode-de-tensions-commerciales\/"},"wordCount":505,"commentCount":24,"publisher":{"@id":"https:\/\/voyage-aventure.com\/blog\/#organization"},"image":{"@id":"https:\/\/voyage-aventure.com\/blog\/a-la-une\/la-chute-des-reservations-de-vols-canadiens-vers-les-etats-unis-en-periode-de-tensions-commerciales\/#primaryimage"},"thumbnailUrl":"https:\/\/voyage-aventure.com\/blog\/wp-content\/uploads\/2025\/05\/sdxl-d05e7c7dd6732492183dd303dd8517fb-scaled.png","keywords":["Destinations","Relations Internationales","S\u00e9curit\u00e9","Voyage \u00c9conomique","Voyage en famille"],"articleSection":["\u00c0 la une"],"inLanguage":"fr-FR","potentialAction":[{"@type":"CommentAction","name":"Comment","target":["https:\/\/voyage-aventure.com\/blog\/a-la-une\/la-chute-des-reservations-de-vols-canadiens-vers-les-etats-unis-en-periode-de-tensions-commerciales\/#respond"]}]},{"@type":"WebPage","@id":"https:\/\/voyage-aventure.com\/blog\/a-la-une\/la-chute-des-reservations-de-vols-canadiens-vers-les-etats-unis-en-periode-de-tensions-commerciales\/","url":"https:\/\/voyage-aventure.com\/blog\/a-la-une\/la-chute-des-reservations-de-vols-canadiens-vers-les-etats-unis-en-periode-de-tensions-commerciales\/","name":"la chute des r\u00e9servations de vols canadiens vers les","isPartOf":{"@id":"https:\/\/voyage-aventure.com\/blog\/#website"},"primaryImageOfPage":{"@id":"https:\/\/voyage-aventure.com\/blog\/a-la-une\/la-chute-des-reservations-de-vols-canadiens-vers-les-etats-unis-en-periode-de-tensions-commerciales\/#primaryimage"},"image":{"@id":"https:\/\/voyage-aventure.com\/blog\/a-la-une\/la-chute-des-reservations-de-vols-canadiens-vers-les-etats-unis-en-periode-de-tensions-commerciales\/#primaryimage"},"thumbnailUrl":"https:\/\/voyage-aventure.com\/blog\/wp-content\/uploads\/2025\/05\/sdxl-d05e7c7dd6732492183dd303dd8517fb-scaled.png","datePublished":"2025-03-27T20:54:58+00:00","description":"Selon les donn\u00e9es de la soci\u00e9t\u00e9 OAG, le nombre de r\u00e9servations pour la saison estivale \u00e0 venir a diminu\u00e9 de plus de 70 %. Cette situation incite les","inLanguage":"fr-FR","potentialAction":[{"@type":"ReadAction","target":["https:\/\/voyage-aventure.com\/blog\/a-la-une\/la-chute-des-reservations-de-vols-canadiens-vers-les-etats-unis-en-periode-de-tensions-commerciales\/"]}]},{"@type":"ImageObject","inLanguage":"fr-FR","@id":"https:\/\/voyage-aventure.com\/blog\/a-la-une\/la-chute-des-reservations-de-vols-canadiens-vers-les-etats-unis-en-periode-de-tensions-commerciales\/#primaryimage","url":"https:\/\/voyage-aventure.com\/blog\/wp-content\/uploads\/2025\/05\/sdxl-d05e7c7dd6732492183dd303dd8517fb-scaled.png","contentUrl":"https:\/\/voyage-aventure.com\/blog\/wp-content\/uploads\/2025\/05\/sdxl-d05e7c7dd6732492183dd303dd8517fb-scaled.png","width":1200,"height":500},{"@type":"WebSite","@id":"https:\/\/voyage-aventure.com\/blog\/#website","url":"https:\/\/voyage-aventure.com\/blog\/","name":"voyage-aventure.com","description":"Votre passeport pour l\u2019inattendu.","publisher":{"@id":"https:\/\/voyage-aventure.com\/blog\/#organization"},"alternateName":"Votre passeport pour l\u2019inattendu.","potentialAction":[{"@type":"SearchAction","target":{"@type":"EntryPoint","urlTemplate":"https:\/\/voyage-aventure.com\/blog\/?s={search_term_string}"},"query-input":{"@type":"PropertyValueSpecification","valueRequired":true,"valueName":"search_term_string"}}],"inLanguage":"fr-FR"},{"@type":"Organization","@id":"https:\/\/voyage-aventure.com\/blog\/#organization","name":"Foretsensations.fr","url":"https:\/\/voyage-aventure.com\/blog\/","logo":{"@type":"ImageObject","inLanguage":"fr-FR","@id":"https:\/\/voyage-aventure.com\/blog\/#\/schema\/logo\/image\/","url":"https:\/\/voyage-aventure.com\/blog\/wp-content\/uploads\/2024\/12\/19.png","contentUrl":"https:\/\/voyage-aventure.com\/blog\/wp-content\/uploads\/2024\/12\/19.png","width":512,"height":512,"caption":"Foretsensations.fr"},"image":{"@id":"https:\/\/voyage-aventure.com\/blog\/#\/schema\/logo\/image\/"}},{"@type":"Person","@id":"https:\/\/voyage-aventure.com\/blog\/#\/schema\/person\/3c864cdc320801e3db34b663e7e3f816","name":"Camille Rouvray","image":{"@type":"ImageObject","inLanguage":"fr-FR","@id":"https:\/\/voyage-aventure.com\/blog\/#\/schema\/person\/image\/","url":"https:\/\/voyage-aventure.com\/blog\/wp-content\/uploads\/2026\/06\/persona_camille-r-96x96.jpg","contentUrl":"https:\/\/voyage-aventure.com\/blog\/wp-content\/uploads\/2026\/06\/persona_camille-r-96x96.jpg","caption":"Camille Rouvray"},"description":"Je voyage et j'\u00e9cris sur le voyage depuis une douzaine d'ann\u00e9es, d'abord en tant que routarde au long cours, puis comme r\u00e9dactrice sp\u00e9cialis\u00e9e. Mon terrain de pr\u00e9dilection, ce sont les circuits organis\u00e9s et l'art de bien pr\u00e9parer un itin\u00e9raire : choix de la saison, dur\u00e9e r\u00e9aliste des \u00e9tapes, budget jour par jour, logement et transport sur place. J'aime aussi raconter les p\u00e9pites urbaines, ces adresses qu'on ne trouve pas dans les guides classiques. Avant de publier un dossier destination, je croise toujours plusieurs sources, je v\u00e9rifie les tarifs et les formalit\u00e9s d'entr\u00e9e \u00e0 jour, et je teste moi-m\u00eame quand je le peux. Mon angle reste pratique avant tout : aider le lecteur \u00e0 partir l'esprit tranquille, sans mauvaise surprise une fois sur place. Je m'attache \u00e0 distinguer le coup de c\u0153ur sinc\u00e8re du simple argument marketing.","sameAs":["https:\/\/camillerouvray.fr\/"],"url":"https:\/\/voyage-aventure.com\/blog\/auteur\/noname\/"}]}},"_links":{"self":[{"href":"https:\/\/voyage-aventure.com\/blog\/wp-json\/wp\/v2\/posts\/16707","targetHints":{"allow":["GET"]}}],"collection":[{"href":"https:\/\/voyage-aventure.com\/blog\/wp-json\/wp\/v2\/posts"}],"about":[{"href":"https:\/\/voyage-aventure.com\/blog\/wp-json\/wp\/v2\/types\/post"}],"author":[{"embeddable":true,"href":"https:\/\/voyage-aventure.com\/blog\/wp-json\/wp\/v2\/users\/34"}],"replies":[{"embeddable":true,"href":"https:\/\/voyage-aventure.com\/blog\/wp-json\/wp\/v2\/comments?post=16707"}],"version-history":[{"count":1,"href":"https:\/\/voyage-aventure.com\/blog\/wp-json\/wp\/v2\/posts\/16707\/revisions"}],"predecessor-version":[{"id":16708,"href":"https:\/\/voyage-aventure.com\/blog\/wp-json\/wp\/v2\/posts\/16707\/revisions\/16708"}],"wp:featuredmedia":[{"embeddable":true,"href":"https:\/\/voyage-aventure.com\/blog\/wp-json\/wp\/v2\/media\/20160"}],"wp:attachment":[{"href":"https:\/\/voyage-aventure.com\/blog\/wp-json\/wp\/v2\/media?parent=16707"}],"wp:term":[{"taxonomy":"category","embeddable":true,"href":"https:\/\/voyage-aventure.com\/blog\/wp-json\/wp\/v2\/categories?post=16707"},{"taxonomy":"post_tag","embeddable":true,"href":"https:\/\/voyage-aventure.com\/blog\/wp-json\/wp\/v2\/tags?post=16707"}],"curies":[{"name":"wp","href":"https:\/\/api.w.org\/{rel}","templated":true}]}}