{"id":16691,"date":"2026-06-04T22:53:31","date_gmt":"2026-06-04T20:53:31","guid":{"rendered":"https:\/\/voyage-aventure.com\/blog\/?p=16691"},"modified":"2026-06-04T22:53:31","modified_gmt":"2026-06-04T20:53:31","slug":"deportations-de-trump-quelles-inquietudes-pour-les-detenteurs-de-visas-et-green-cards","status":"publish","type":"post","link":"https:\/\/voyage-aventure.com\/blog\/a-la-une\/deportations-de-trump-quelles-inquietudes-pour-les-detenteurs-de-visas-et-green-cards\/","title":{"rendered":"deportations de Trump : quelles inqui\u00e9tudes pour les d\u00e9tenteurs de visas et green cards ?"},"content":{"rendered":"<link rel=\"preconnect\" href=\"https:\/\/fonts.googleapis.com\"><link rel=\"preconnect\" href=\"https:\/\/fonts.gstatic.com\" crossorigin><link href=\"https:\/\/fonts.googleapis.com\/css2?family=Newsreader:ital,opsz,wght@0,6..72,500;0,6..72,600;0,6..72,700;1,6..72,500&#038;family=Inter:wght@400;500;600&#038;family=JetBrains+Mono:wght@500&#038;display=swap\" rel=\"stylesheet\">\n<style>\n.va-deportvisa-root{font-family:'Inter',-apple-system,BlinkMacSystemFont,'Segoe UI',Roboto,sans-serif;color:#23272F;line-height:1.72;font-size:17px}\n.va-deportvisa-root h2{font-family:'Newsreader',Georgia,serif;font-weight:700;font-size:1.62em;line-height:1.22;color:#1A1E26;margin:2.1em 0 .6em;letter-spacing:-.01em}\n.va-deportvisa-root h3{font-family:'Newsreader',Georgia,serif;font-weight:600;font-size:1.2em;color:#2B313C;margin:1.6em 0 .4em}\n.va-deportvisa-root p{margin:0 0 1.05em}\n.va-deportvisa-dateline{font-family:'JetBrains Mono',ui-monospace,monospace;font-size:12.5px;font-weight:500;letter-spacing:.06em;text-transform:uppercase;color:#3E4654;margin:0 0 1.4em;display:flex;align-items:center;gap:10px;flex-wrap:wrap}\n.va-deportvisa-dateline span{display:inline-block;background:#EEF1F5;border:1px solid #DCE1E8;border-radius:3px;padding:3px 9px}\n.va-deportvisa-essentiel{border:1px solid #DCE1E8;border-left:5px solid #3E4654;border-radius:8px;background:#F7F9FB;padding:22px 26px 24px;margin:1.6em 0 2em;box-shadow:0 2px 10px rgba(62,70,84,.06)}\n.va-deportvisa-essentiel .va-deportvisa-eyebrow{font-family:'JetBrains Mono',monospace;font-size:11.5px;letter-spacing:.14em;text-transform:uppercase;color:#3E4654;margin-bottom:14px;font-weight:500}\n.va-deportvisa-grid{display:grid;grid-template-columns:repeat(auto-fit,minmax(210px,1fr));gap:14px}\n.va-deportvisa-cell{background:#fff;border:1px solid #E2E7ED;border-radius:6px;padding:15px 17px 16px;transition:transform .18s ease,box-shadow .18s ease}\n.va-deportvisa-cell:hover{transform:translateY(-3px);box-shadow:0 6px 16px rgba(62,70,84,.12)}\n.va-deportvisa-cell .va-deportvisa-k{font-family:'JetBrains Mono',monospace;font-size:10.5px;letter-spacing:.12em;text-transform:uppercase;color:#3E4654;font-weight:500;margin-bottom:6px}\n.va-deportvisa-cell .va-deportvisa-v{font-family:'Inter',sans-serif;font-size:14.5px;line-height:1.5;color:#2B313C}\n.va-deportvisa-quote{font-family:'Newsreader',Georgia,serif;font-style:italic;font-weight:500;font-size:1.34em;line-height:1.42;color:#1A1E26;border-left:3px solid #3E4654;padding:6px 0 6px 26px;margin:2em 0}\n.va-deportvisa-quote .va-deportvisa-cite{display:block;font-family:'JetBrains Mono',monospace;font-style:normal;font-size:12px;letter-spacing:.04em;text-transform:uppercase;color:#3E4654;margin-top:14px;font-weight:500}\n.va-deportvisa-source{border:1px solid #DCE1E8;border-top:3px solid #3E4654;border-radius:8px;background:#FAFBFC;padding:20px 24px 22px;margin:2em 0;box-shadow:0 2px 10px rgba(62,70,84,.05)}\n.va-deportvisa-source .va-deportvisa-eyebrow{font-family:'JetBrains Mono',monospace;font-size:11.5px;letter-spacing:.14em;text-transform:uppercase;color:#3E4654;margin-bottom:10px;font-weight:500}\n.va-deportvisa-source .va-deportvisa-txt{font-size:14.5px;line-height:1.62;color:#2B313C}\n.va-deportvisa-retenir{border:1px solid #E2E7ED;border-radius:8px;background:#F7F9FB;padding:22px 26px 24px;margin:2em 0}\n.va-deportvisa-retenir .va-deportvisa-eyebrow{font-family:'JetBrains Mono',monospace;font-size:11.5px;letter-spacing:.14em;text-transform:uppercase;color:#3E4654;margin-bottom:14px;font-weight:500}\n.va-deportvisa-list{list-style:none;margin:0;padding:0}\n.va-deportvisa-list li{position:relative;padding:0 0 11px 24px;font-size:15px;line-height:1.55;color:#2B313C}\n.va-deportvisa-list li:last-child{padding-bottom:0}\n.va-deportvisa-list li::before{content:\"\u203a\";position:absolute;left:2px;top:-1px;color:#3E4654;font-weight:700;font-family:'Newsreader',serif;font-size:1.2em}\n.va-deportvisa-tags{display:flex;flex-wrap:wrap;gap:8px;margin:2.2em 0 .5em}\n.va-deportvisa-tags span{font-family:'JetBrains Mono',monospace;font-size:11.5px;letter-spacing:.04em;color:#3E4654;background:#EEF1F5;border:1px solid #DCE1E8;border-radius:3px;padding:4px 11px}\n<\/style>\n<div class=\"va-deportvisa-root\">\n<div class=\"va-deportvisa-dateline\"><span>Actualit\u00e9<\/span><span>\u00c9tats-Unis \u00b7 Immigration<\/span><span>Mars 2025<\/span><\/div>\n<p>La politique d&rsquo;expulsions men\u00e9e par l&rsquo;administration Trump nourrirait, selon l&rsquo;article, un climat d&rsquo;inqui\u00e9tude chez les d\u00e9tenteurs de visas et de green cards. Le point sur ce qui est rapport\u00e9 et sur les pr\u00e9cautions \u00e9voqu\u00e9es par des avocats sp\u00e9cialis\u00e9s \u2014 sans que rien ne r\u00e9ponde \u00e0 la question que pose le titre.<\/p>\n<div class=\"va-deportvisa-essentiel\">\n<div class=\"va-deportvisa-eyebrow\">En bref<\/div>\n<div class=\"va-deportvisa-grid\">\n<div class=\"va-deportvisa-cell\">\n<div class=\"va-deportvisa-k\">Ce qui inqui\u00e8te<\/div>\n<div class=\"va-deportvisa-v\">Des d\u00e9tentions et expulsions de d\u00e9tenteurs de visas et de green cards auraient \u00e9t\u00e9 rapport\u00e9es, dont certaines li\u00e9es \u00e0 un activisme politique.<\/div>\n<\/div>\n<div class=\"va-deportvisa-cell\">\n<div class=\"va-deportvisa-k\">Qui est concern\u00e9<\/div>\n<div class=\"va-deportvisa-v\">Selon l&rsquo;article, les immigrants l\u00e9gaux ne seraient pas syst\u00e9matiquement vis\u00e9s ; des cas sp\u00e9cifiques ont toutefois \u00e9t\u00e9 signal\u00e9s.<\/div>\n<\/div>\n<div class=\"va-deportvisa-cell\">\n<div class=\"va-deportvisa-k\">Statut \u00b7 temporalit\u00e9<\/div>\n<div class=\"va-deportvisa-v\">Situation d\u00e9crite en mars 2025. Plusieurs mesures sont pr\u00e9sent\u00e9es comme envisag\u00e9es et non confirm\u00e9es.<\/div>\n<\/div>\n<\/div>\n<\/div>\n<h2>Les pr\u00e9occupations grandissantes des immigrants<\/h2>\n<p>Les d\u00e9tentions et expulsions de d\u00e9tenteurs de visas et de green cards susciteraient, selon l&rsquo;article, des craintes au sein de ces communaut\u00e9s. Malgr\u00e9 cela, l&rsquo;administration Trump ne semblerait pas viser syst\u00e9matiquement les immigrants l\u00e9gaux, mais des cas sp\u00e9cifiques auraient \u00e9t\u00e9 rapport\u00e9s.<\/p>\n<p>Certaines personnes auraient \u00e9t\u00e9 cibl\u00e9es en raison de leur activisme politique. L&rsquo;article cite ainsi le cas d&rsquo;un professeur de Brown University, titulaire d&rsquo;une green card, qui aurait \u00e9t\u00e9 expuls\u00e9 apr\u00e8s que des photos de leaders politiques auraient \u00e9t\u00e9 trouv\u00e9es sur son t\u00e9l\u00e9phone. Ce contexte cr\u00e9erait, d&rsquo;apr\u00e8s le r\u00e9cit, un climat d&rsquo;inqui\u00e9tude pour celles et ceux qui d\u00e9tiennent une autorisation de s\u00e9jour.<\/p>\n<h2>Les mesures de pr\u00e9caution \u00e0 adopter<\/h2>\n<p>Selon l&rsquo;article, il serait recommand\u00e9 aux immigrants de porter en permanence leurs documents d&rsquo;identit\u00e9. L&rsquo;administration Trump envisagerait par ailleurs d&rsquo;augmenter les amendes li\u00e9es \u00e0 l&rsquo;absence de documentation, ce qui rendrait la situation plus d\u00e9licate. Des avocats sp\u00e9cialis\u00e9s conseilleraient de prendre des mesures de pr\u00e9caution face \u00e0 cette incertitude.<\/p>\n<p>D&rsquo;apr\u00e8s le m\u00eame r\u00e9cit, les citoyens am\u00e9ricains gagneraient eux aussi \u00e0 envisager de porter une pi\u00e8ce d&rsquo;identit\u00e9, comme un passeport ou un certificat de naissance, pour \u00e9viter d&rsquo;\u00e9ventuelles situations d&rsquo;interpellation. Des pr\u00e9occupations relatives au profilage racial figureraient parmi les raisons avanc\u00e9es pour justifier cette prudence.<\/p>\n<h2>Les voyages \u00e0 l&rsquo;international : un risque accru<\/h2>\n<p>Des avocats en immigration conseilleraient de faire preuve de prudence lors de voyages \u00e0 l&rsquo;\u00e9tranger. \u00c0 la suite de l&rsquo;expulsion d&rsquo;un professeur \u00e9voqu\u00e9e plus haut, certaines universit\u00e9s recommanderaient \u00e0 leurs d\u00e9tenteurs de green cards de retarder leurs d\u00e9placements hors des \u00c9tats-Unis. Des changements dans les exigences de r\u00e9entr\u00e9e pourraient, selon l&rsquo;article, affecter les immigrants et leurs familles.<\/p>\n<p>Avant de voyager, il serait conseill\u00e9 d&rsquo;\u00e9valuer si son pays d&rsquo;origine est susceptible de figurer sur une \u00e9ventuelle liste de pays cibl\u00e9s par un futur d\u00e9cret d&rsquo;interdiction de voyage. Des ant\u00e9c\u00e9dents d&rsquo;activisme pourraient \u00e9galement peser sur la d\u00e9cision de voyager, l&rsquo;article sugg\u00e9rant qu&rsquo;ils pourraient attirer une attention ind\u00e9sirable au retour.<\/p>\n<div class=\"va-deportvisa-quote\">\n\u00ab Les actions de l&rsquo;administration actuelle sont souvent per\u00e7ues comme des repr\u00e9sailles contre ceux qui ont exerc\u00e9 leur droit d&rsquo;activisme constitutionnel. \u00bb<br \/>\n<span class=\"va-deportvisa-cite\">\u2014 Heidi Altman, vice-pr\u00e9sidente du National Immigration Law Center<\/span>\n<\/div>\n<h2>Prot\u00e9ger sa vie priv\u00e9e en ligne<\/h2>\n<p>Toujours selon l&rsquo;article, il serait conseill\u00e9 aux immigrants de laisser leurs appareils \u00e9lectroniques personnels \u00e0 la maison lorsqu&rsquo;ils voyagent. Les agents de l&rsquo;immigration pourraient demander un acc\u00e8s aux t\u00e9l\u00e9phones et autres appareils, ce qui poserait des risques consid\u00e9rables. Refuser une telle demande pourrait, d&rsquo;apr\u00e8s le r\u00e9cit, entra\u00eener un refus d&rsquo;entr\u00e9e sur le territoire am\u00e9ricain.<\/p>\n<p>Le texte note enfin que les agents manqueraient parfois de la formation n\u00e9cessaire pour analyser correctement les contenus pr\u00e9sents sur les appareils personnels. Il serait donc jug\u00e9 prudent de voyager sans donn\u00e9es sensibles susceptibles d&rsquo;\u00eatre mal interpr\u00e9t\u00e9es.<\/p>\n<div class=\"va-deportvisa-source\">\n<div class=\"va-deportvisa-eyebrow\">V\u00e9rifier aupr\u00e8s des sources officielles<\/div>\n<div class=\"va-deportvisa-txt\">Cet article est informatif et ne constitue pas un conseil juridique. Toute personne concern\u00e9e par un visa ou une green card a int\u00e9r\u00eat \u00e0 v\u00e9rifier sa situation aupr\u00e8s des sources officielles \u2014 services d&rsquo;immigration am\u00e9ricains (USCIS), ambassade ou consulat comp\u00e9tent \u2014 et \u00e0 consulter un avocat sp\u00e9cialis\u00e9 en droit de l&rsquo;immigration avant toute d\u00e9cision de voyage.<\/div>\n<\/div>\n<div class=\"va-deportvisa-retenir\">\n<div class=\"va-deportvisa-eyebrow\">Ce qu&rsquo;il faut retenir<\/div>\n<ul class=\"va-deportvisa-list\">\n<li>Selon l&rsquo;article, des cas de d\u00e9tention et d&rsquo;expulsion de d\u00e9tenteurs de visas et de green cards auraient \u00e9t\u00e9 rapport\u00e9s en mars 2025, sans ciblage syst\u00e9matique des immigrants l\u00e9gaux.<\/li>\n<li>Des avocats sp\u00e9cialis\u00e9s conseilleraient le port permanent des documents d&rsquo;identit\u00e9 et une grande prudence lors des voyages \u00e0 l&rsquo;\u00e9tranger.<\/li>\n<li>Plusieurs \u00e9l\u00e9ments cit\u00e9s \u2014 hausse des amendes, exigences de r\u00e9entr\u00e9e, liste de pays \u2014 sont pr\u00e9sent\u00e9s comme envisag\u00e9s ou possibles, et non confirm\u00e9s.<\/li>\n<li>En cas de doute, le r\u00e9flexe reste de consulter les sources officielles (USCIS, ambassade) et un avocat en immigration.<\/li>\n<\/ul>\n<\/div>\n<div class=\"va-deportvisa-tags\"><span>Donald Trump<\/span><span>Immigration<\/span><span>Politique<\/span><span>D\u00e9portations<\/span><span>Activisme<\/span><\/div>\n<\/div>\n","protected":false},"excerpt":{"rendered":"","protected":false},"author":34,"featured_media":18096,"comment_status":"open","ping_status":"open","sticky":false,"template":"","format":"standard","meta":{"_acf_changed":false,"manual_indexmenow":false,"indexmenow_id_project":0,"footnotes":""},"categories":[1],"tags":[6297,5835,3878,3170,4635],"class_list":["post-16691","post","type-post","status-publish","format-standard","has-post-thumbnail","hentry","category-a-la-une","tag-activisme","tag-immigration","tag-protection","tag-securite","tag-voyage","generate-columns","tablet-grid-50","mobile-grid-100","grid-parent","grid-25"],"acf":[],"yoast_head":"<!-- This site is optimized with the Yoast SEO Premium plugin v21.3 (Yoast SEO v25.1) - https:\/\/yoast.com\/wordpress\/plugins\/seo\/ -->\n<title>deportations de Trump : quelles inqui\u00e9tudes pour les<\/title>\n<meta name=\"description\" content=\"La politique d&#039;expulsions men\u00e9e par l&#039;administration Trump nourrirait, selon l&#039;article, un climat d&#039;inqui\u00e9tude chez les d\u00e9tenteurs de visas et de green\" \/>\n<meta name=\"robots\" content=\"index, follow, max-snippet:-1, max-image-preview:large, max-video-preview:-1\" \/>\n<link rel=\"canonical\" href=\"https:\/\/voyage-aventure.com\/blog\/a-la-une\/deportations-de-trump-quelles-inquietudes-pour-les-detenteurs-de-visas-et-green-cards\/\" \/>\n<meta property=\"og:locale\" content=\"fr_FR\" \/>\n<meta property=\"og:type\" content=\"article\" \/>\n<meta property=\"og:title\" content=\"deportations de Trump : quelles inqui\u00e9tudes pour les\" \/>\n<meta property=\"og:description\" content=\"La politique d&#039;expulsions men\u00e9e par l&#039;administration Trump nourrirait, selon l&#039;article, un climat d&#039;inqui\u00e9tude chez les d\u00e9tenteurs de visas et de green\" \/>\n<meta property=\"og:url\" content=\"https:\/\/voyage-aventure.com\/blog\/a-la-une\/deportations-de-trump-quelles-inquietudes-pour-les-detenteurs-de-visas-et-green-cards\/\" \/>\n<meta property=\"og:site_name\" content=\"voyage-aventure\" \/>\n<meta property=\"og:image\" content=\"https:\/\/voyage-aventure.com\/blog\/wp-content\/uploads\/2025\/04\/sdxl-9ad62890da6881aa6e94c6bcd6beefd3.png\" \/>\n\t<meta property=\"og:image:width\" content=\"1536\" \/>\n\t<meta property=\"og:image:height\" content=\"640\" \/>\n\t<meta property=\"og:image:type\" content=\"image\/png\" \/>\n<meta name=\"author\" content=\"Camille Rouvray\" \/>\n<meta name=\"twitter:card\" content=\"summary_large_image\" \/>\n<script type=\"application\/ld+json\" class=\"yoast-schema-graph\">{\"@context\":\"https:\/\/schema.org\",\"@graph\":[{\"@type\":\"NewsArticle\",\"@id\":\"https:\/\/voyage-aventure.com\/blog\/a-la-une\/deportations-de-trump-quelles-inquietudes-pour-les-detenteurs-de-visas-et-green-cards\/#article\",\"isPartOf\":{\"@id\":\"https:\/\/voyage-aventure.com\/blog\/a-la-une\/deportations-de-trump-quelles-inquietudes-pour-les-detenteurs-de-visas-et-green-cards\/\"},\"author\":{\"name\":\"Camille Rouvray\",\"@id\":\"https:\/\/voyage-aventure.com\/blog\/#\/schema\/person\/3c864cdc320801e3db34b663e7e3f816\"},\"headline\":\"deportations de Trump : quelles inqui\u00e9tudes pour les d\u00e9tenteurs de visas et green cards ?\",\"datePublished\":\"2026-06-04T20:53:31+00:00\",\"mainEntityOfPage\":{\"@id\":\"https:\/\/voyage-aventure.com\/blog\/a-la-une\/deportations-de-trump-quelles-inquietudes-pour-les-detenteurs-de-visas-et-green-cards\/\"},\"wordCount\":879,\"commentCount\":22,\"publisher\":{\"@id\":\"https:\/\/voyage-aventure.com\/blog\/#organization\"},\"image\":{\"@id\":\"https:\/\/voyage-aventure.com\/blog\/a-la-une\/deportations-de-trump-quelles-inquietudes-pour-les-detenteurs-de-visas-et-green-cards\/#primaryimage\"},\"thumbnailUrl\":\"https:\/\/voyage-aventure.com\/blog\/wp-content\/uploads\/2025\/04\/sdxl-9ad62890da6881aa6e94c6bcd6beefd3.png\",\"keywords\":[\"Activisme\",\"Immigration\",\"Protection\",\"S\u00e9curit\u00e9\",\"Voyage\"],\"articleSection\":[\"\u00c0 la une\"],\"inLanguage\":\"fr-FR\",\"potentialAction\":[{\"@type\":\"CommentAction\",\"name\":\"Comment\",\"target\":[\"https:\/\/voyage-aventure.com\/blog\/a-la-une\/deportations-de-trump-quelles-inquietudes-pour-les-detenteurs-de-visas-et-green-cards\/#respond\"]}]},{\"@type\":\"WebPage\",\"@id\":\"https:\/\/voyage-aventure.com\/blog\/a-la-une\/deportations-de-trump-quelles-inquietudes-pour-les-detenteurs-de-visas-et-green-cards\/\",\"url\":\"https:\/\/voyage-aventure.com\/blog\/a-la-une\/deportations-de-trump-quelles-inquietudes-pour-les-detenteurs-de-visas-et-green-cards\/\",\"name\":\"deportations de Trump : quelles inqui\u00e9tudes pour les\",\"isPartOf\":{\"@id\":\"https:\/\/voyage-aventure.com\/blog\/#website\"},\"primaryImageOfPage\":{\"@id\":\"https:\/\/voyage-aventure.com\/blog\/a-la-une\/deportations-de-trump-quelles-inquietudes-pour-les-detenteurs-de-visas-et-green-cards\/#primaryimage\"},\"image\":{\"@id\":\"https:\/\/voyage-aventure.com\/blog\/a-la-une\/deportations-de-trump-quelles-inquietudes-pour-les-detenteurs-de-visas-et-green-cards\/#primaryimage\"},\"thumbnailUrl\":\"https:\/\/voyage-aventure.com\/blog\/wp-content\/uploads\/2025\/04\/sdxl-9ad62890da6881aa6e94c6bcd6beefd3.png\",\"datePublished\":\"2026-06-04T20:53:31+00:00\",\"description\":\"La politique d'expulsions men\u00e9e par l'administration Trump nourrirait, selon l'article, un climat d'inqui\u00e9tude chez les d\u00e9tenteurs de visas et de green\",\"inLanguage\":\"fr-FR\",\"potentialAction\":[{\"@type\":\"ReadAction\",\"target\":[\"https:\/\/voyage-aventure.com\/blog\/a-la-une\/deportations-de-trump-quelles-inquietudes-pour-les-detenteurs-de-visas-et-green-cards\/\"]}]},{\"@type\":\"ImageObject\",\"inLanguage\":\"fr-FR\",\"@id\":\"https:\/\/voyage-aventure.com\/blog\/a-la-une\/deportations-de-trump-quelles-inquietudes-pour-les-detenteurs-de-visas-et-green-cards\/#primaryimage\",\"url\":\"https:\/\/voyage-aventure.com\/blog\/wp-content\/uploads\/2025\/04\/sdxl-9ad62890da6881aa6e94c6bcd6beefd3.png\",\"contentUrl\":\"https:\/\/voyage-aventure.com\/blog\/wp-content\/uploads\/2025\/04\/sdxl-9ad62890da6881aa6e94c6bcd6beefd3.png\",\"width\":1536,\"height\":640},{\"@type\":\"WebSite\",\"@id\":\"https:\/\/voyage-aventure.com\/blog\/#website\",\"url\":\"https:\/\/voyage-aventure.com\/blog\/\",\"name\":\"voyage-aventure.com\",\"description\":\"Votre passeport pour l\u2019inattendu.\",\"publisher\":{\"@id\":\"https:\/\/voyage-aventure.com\/blog\/#organization\"},\"alternateName\":\"Votre passeport pour l\u2019inattendu.\",\"potentialAction\":[{\"@type\":\"SearchAction\",\"target\":{\"@type\":\"EntryPoint\",\"urlTemplate\":\"https:\/\/voyage-aventure.com\/blog\/?s={search_term_string}\"},\"query-input\":{\"@type\":\"PropertyValueSpecification\",\"valueRequired\":true,\"valueName\":\"search_term_string\"}}],\"inLanguage\":\"fr-FR\"},{\"@type\":\"Organization\",\"@id\":\"https:\/\/voyage-aventure.com\/blog\/#organization\",\"name\":\"Foretsensations.fr\",\"url\":\"https:\/\/voyage-aventure.com\/blog\/\",\"logo\":{\"@type\":\"ImageObject\",\"inLanguage\":\"fr-FR\",\"@id\":\"https:\/\/voyage-aventure.com\/blog\/#\/schema\/logo\/image\/\",\"url\":\"https:\/\/voyage-aventure.com\/blog\/wp-content\/uploads\/2024\/12\/19.png\",\"contentUrl\":\"https:\/\/voyage-aventure.com\/blog\/wp-content\/uploads\/2024\/12\/19.png\",\"width\":512,\"height\":512,\"caption\":\"Foretsensations.fr\"},\"image\":{\"@id\":\"https:\/\/voyage-aventure.com\/blog\/#\/schema\/logo\/image\/\"}},{\"@type\":\"Person\",\"@id\":\"https:\/\/voyage-aventure.com\/blog\/#\/schema\/person\/3c864cdc320801e3db34b663e7e3f816\",\"name\":\"Camille Rouvray\",\"image\":{\"@type\":\"ImageObject\",\"inLanguage\":\"fr-FR\",\"@id\":\"https:\/\/voyage-aventure.com\/blog\/#\/schema\/person\/image\/\",\"url\":\"https:\/\/voyage-aventure.com\/blog\/wp-content\/uploads\/2026\/06\/persona_camille-r-96x96.jpg\",\"contentUrl\":\"https:\/\/voyage-aventure.com\/blog\/wp-content\/uploads\/2026\/06\/persona_camille-r-96x96.jpg\",\"caption\":\"Camille Rouvray\"},\"description\":\"Je voyage et j'\u00e9cris sur le voyage depuis une douzaine d'ann\u00e9es, d'abord en tant que routarde au long cours, puis comme r\u00e9dactrice sp\u00e9cialis\u00e9e. Mon terrain de pr\u00e9dilection, ce sont les circuits organis\u00e9s et l'art de bien pr\u00e9parer un itin\u00e9raire : choix de la saison, dur\u00e9e r\u00e9aliste des \u00e9tapes, budget jour par jour, logement et transport sur place. J'aime aussi raconter les p\u00e9pites urbaines, ces adresses qu'on ne trouve pas dans les guides classiques. Avant de publier un dossier destination, je croise toujours plusieurs sources, je v\u00e9rifie les tarifs et les formalit\u00e9s d'entr\u00e9e \u00e0 jour, et je teste moi-m\u00eame quand je le peux. Mon angle reste pratique avant tout : aider le lecteur \u00e0 partir l'esprit tranquille, sans mauvaise surprise une fois sur place. Je m'attache \u00e0 distinguer le coup de c\u0153ur sinc\u00e8re du simple argument marketing.\",\"sameAs\":[\"https:\/\/camillerouvray.fr\/\"],\"url\":\"https:\/\/voyage-aventure.com\/blog\/auteur\/noname\/\"}]}<\/script>\n<!-- \/ Yoast SEO Premium plugin. -->","yoast_head_json":{"title":"deportations de Trump : quelles inqui\u00e9tudes pour les","description":"La politique d'expulsions men\u00e9e par l'administration Trump nourrirait, selon l'article, un climat d'inqui\u00e9tude chez les d\u00e9tenteurs de visas et de green","robots":{"index":"index","follow":"follow","max-snippet":"max-snippet:-1","max-image-preview":"max-image-preview:large","max-video-preview":"max-video-preview:-1"},"canonical":"https:\/\/voyage-aventure.com\/blog\/a-la-une\/deportations-de-trump-quelles-inquietudes-pour-les-detenteurs-de-visas-et-green-cards\/","og_locale":"fr_FR","og_type":"article","og_title":"deportations de Trump : quelles inqui\u00e9tudes pour les","og_description":"La politique d'expulsions men\u00e9e par l'administration Trump nourrirait, selon l'article, un climat d'inqui\u00e9tude chez les d\u00e9tenteurs de visas et de green","og_url":"https:\/\/voyage-aventure.com\/blog\/a-la-une\/deportations-de-trump-quelles-inquietudes-pour-les-detenteurs-de-visas-et-green-cards\/","og_site_name":"voyage-aventure","og_image":[{"width":1536,"height":640,"url":"https:\/\/voyage-aventure.com\/blog\/wp-content\/uploads\/2025\/04\/sdxl-9ad62890da6881aa6e94c6bcd6beefd3.png","type":"image\/png"}],"author":"Camille Rouvray","twitter_card":"summary_large_image","schema":{"@context":"https:\/\/schema.org","@graph":[{"@type":"NewsArticle","@id":"https:\/\/voyage-aventure.com\/blog\/a-la-une\/deportations-de-trump-quelles-inquietudes-pour-les-detenteurs-de-visas-et-green-cards\/#article","isPartOf":{"@id":"https:\/\/voyage-aventure.com\/blog\/a-la-une\/deportations-de-trump-quelles-inquietudes-pour-les-detenteurs-de-visas-et-green-cards\/"},"author":{"name":"Camille Rouvray","@id":"https:\/\/voyage-aventure.com\/blog\/#\/schema\/person\/3c864cdc320801e3db34b663e7e3f816"},"headline":"deportations de Trump : quelles inqui\u00e9tudes pour les d\u00e9tenteurs de visas et green cards ?","datePublished":"2026-06-04T20:53:31+00:00","mainEntityOfPage":{"@id":"https:\/\/voyage-aventure.com\/blog\/a-la-une\/deportations-de-trump-quelles-inquietudes-pour-les-detenteurs-de-visas-et-green-cards\/"},"wordCount":879,"commentCount":22,"publisher":{"@id":"https:\/\/voyage-aventure.com\/blog\/#organization"},"image":{"@id":"https:\/\/voyage-aventure.com\/blog\/a-la-une\/deportations-de-trump-quelles-inquietudes-pour-les-detenteurs-de-visas-et-green-cards\/#primaryimage"},"thumbnailUrl":"https:\/\/voyage-aventure.com\/blog\/wp-content\/uploads\/2025\/04\/sdxl-9ad62890da6881aa6e94c6bcd6beefd3.png","keywords":["Activisme","Immigration","Protection","S\u00e9curit\u00e9","Voyage"],"articleSection":["\u00c0 la une"],"inLanguage":"fr-FR","potentialAction":[{"@type":"CommentAction","name":"Comment","target":["https:\/\/voyage-aventure.com\/blog\/a-la-une\/deportations-de-trump-quelles-inquietudes-pour-les-detenteurs-de-visas-et-green-cards\/#respond"]}]},{"@type":"WebPage","@id":"https:\/\/voyage-aventure.com\/blog\/a-la-une\/deportations-de-trump-quelles-inquietudes-pour-les-detenteurs-de-visas-et-green-cards\/","url":"https:\/\/voyage-aventure.com\/blog\/a-la-une\/deportations-de-trump-quelles-inquietudes-pour-les-detenteurs-de-visas-et-green-cards\/","name":"deportations de Trump : quelles inqui\u00e9tudes pour les","isPartOf":{"@id":"https:\/\/voyage-aventure.com\/blog\/#website"},"primaryImageOfPage":{"@id":"https:\/\/voyage-aventure.com\/blog\/a-la-une\/deportations-de-trump-quelles-inquietudes-pour-les-detenteurs-de-visas-et-green-cards\/#primaryimage"},"image":{"@id":"https:\/\/voyage-aventure.com\/blog\/a-la-une\/deportations-de-trump-quelles-inquietudes-pour-les-detenteurs-de-visas-et-green-cards\/#primaryimage"},"thumbnailUrl":"https:\/\/voyage-aventure.com\/blog\/wp-content\/uploads\/2025\/04\/sdxl-9ad62890da6881aa6e94c6bcd6beefd3.png","datePublished":"2026-06-04T20:53:31+00:00","description":"La politique d'expulsions men\u00e9e par l'administration Trump nourrirait, selon l'article, un climat d'inqui\u00e9tude chez les d\u00e9tenteurs de visas et de green","inLanguage":"fr-FR","potentialAction":[{"@type":"ReadAction","target":["https:\/\/voyage-aventure.com\/blog\/a-la-une\/deportations-de-trump-quelles-inquietudes-pour-les-detenteurs-de-visas-et-green-cards\/"]}]},{"@type":"ImageObject","inLanguage":"fr-FR","@id":"https:\/\/voyage-aventure.com\/blog\/a-la-une\/deportations-de-trump-quelles-inquietudes-pour-les-detenteurs-de-visas-et-green-cards\/#primaryimage","url":"https:\/\/voyage-aventure.com\/blog\/wp-content\/uploads\/2025\/04\/sdxl-9ad62890da6881aa6e94c6bcd6beefd3.png","contentUrl":"https:\/\/voyage-aventure.com\/blog\/wp-content\/uploads\/2025\/04\/sdxl-9ad62890da6881aa6e94c6bcd6beefd3.png","width":1536,"height":640},{"@type":"WebSite","@id":"https:\/\/voyage-aventure.com\/blog\/#website","url":"https:\/\/voyage-aventure.com\/blog\/","name":"voyage-aventure.com","description":"Votre passeport pour l\u2019inattendu.","publisher":{"@id":"https:\/\/voyage-aventure.com\/blog\/#organization"},"alternateName":"Votre passeport pour l\u2019inattendu.","potentialAction":[{"@type":"SearchAction","target":{"@type":"EntryPoint","urlTemplate":"https:\/\/voyage-aventure.com\/blog\/?s={search_term_string}"},"query-input":{"@type":"PropertyValueSpecification","valueRequired":true,"valueName":"search_term_string"}}],"inLanguage":"fr-FR"},{"@type":"Organization","@id":"https:\/\/voyage-aventure.com\/blog\/#organization","name":"Foretsensations.fr","url":"https:\/\/voyage-aventure.com\/blog\/","logo":{"@type":"ImageObject","inLanguage":"fr-FR","@id":"https:\/\/voyage-aventure.com\/blog\/#\/schema\/logo\/image\/","url":"https:\/\/voyage-aventure.com\/blog\/wp-content\/uploads\/2024\/12\/19.png","contentUrl":"https:\/\/voyage-aventure.com\/blog\/wp-content\/uploads\/2024\/12\/19.png","width":512,"height":512,"caption":"Foretsensations.fr"},"image":{"@id":"https:\/\/voyage-aventure.com\/blog\/#\/schema\/logo\/image\/"}},{"@type":"Person","@id":"https:\/\/voyage-aventure.com\/blog\/#\/schema\/person\/3c864cdc320801e3db34b663e7e3f816","name":"Camille Rouvray","image":{"@type":"ImageObject","inLanguage":"fr-FR","@id":"https:\/\/voyage-aventure.com\/blog\/#\/schema\/person\/image\/","url":"https:\/\/voyage-aventure.com\/blog\/wp-content\/uploads\/2026\/06\/persona_camille-r-96x96.jpg","contentUrl":"https:\/\/voyage-aventure.com\/blog\/wp-content\/uploads\/2026\/06\/persona_camille-r-96x96.jpg","caption":"Camille Rouvray"},"description":"Je voyage et j'\u00e9cris sur le voyage depuis une douzaine d'ann\u00e9es, d'abord en tant que routarde au long cours, puis comme r\u00e9dactrice sp\u00e9cialis\u00e9e. Mon terrain de pr\u00e9dilection, ce sont les circuits organis\u00e9s et l'art de bien pr\u00e9parer un itin\u00e9raire : choix de la saison, dur\u00e9e r\u00e9aliste des \u00e9tapes, budget jour par jour, logement et transport sur place. J'aime aussi raconter les p\u00e9pites urbaines, ces adresses qu'on ne trouve pas dans les guides classiques. Avant de publier un dossier destination, je croise toujours plusieurs sources, je v\u00e9rifie les tarifs et les formalit\u00e9s d'entr\u00e9e \u00e0 jour, et je teste moi-m\u00eame quand je le peux. Mon angle reste pratique avant tout : aider le lecteur \u00e0 partir l'esprit tranquille, sans mauvaise surprise une fois sur place. Je m'attache \u00e0 distinguer le coup de c\u0153ur sinc\u00e8re du simple argument marketing.","sameAs":["https:\/\/camillerouvray.fr\/"],"url":"https:\/\/voyage-aventure.com\/blog\/auteur\/noname\/"}]}},"_links":{"self":[{"href":"https:\/\/voyage-aventure.com\/blog\/wp-json\/wp\/v2\/posts\/16691","targetHints":{"allow":["GET"]}}],"collection":[{"href":"https:\/\/voyage-aventure.com\/blog\/wp-json\/wp\/v2\/posts"}],"about":[{"href":"https:\/\/voyage-aventure.com\/blog\/wp-json\/wp\/v2\/types\/post"}],"author":[{"embeddable":true,"href":"https:\/\/voyage-aventure.com\/blog\/wp-json\/wp\/v2\/users\/34"}],"replies":[{"embeddable":true,"href":"https:\/\/voyage-aventure.com\/blog\/wp-json\/wp\/v2\/comments?post=16691"}],"version-history":[{"count":2,"href":"https:\/\/voyage-aventure.com\/blog\/wp-json\/wp\/v2\/posts\/16691\/revisions"}],"predecessor-version":[{"id":21719,"href":"https:\/\/voyage-aventure.com\/blog\/wp-json\/wp\/v2\/posts\/16691\/revisions\/21719"}],"wp:featuredmedia":[{"embeddable":true,"href":"https:\/\/voyage-aventure.com\/blog\/wp-json\/wp\/v2\/media\/18096"}],"wp:attachment":[{"href":"https:\/\/voyage-aventure.com\/blog\/wp-json\/wp\/v2\/media?parent=16691"}],"wp:term":[{"taxonomy":"category","embeddable":true,"href":"https:\/\/voyage-aventure.com\/blog\/wp-json\/wp\/v2\/categories?post=16691"},{"taxonomy":"post_tag","embeddable":true,"href":"https:\/\/voyage-aventure.com\/blog\/wp-json\/wp\/v2\/tags?post=16691"}],"curies":[{"name":"wp","href":"https:\/\/api.w.org\/{rel}","templated":true}]}}