{"id":16633,"date":"2026-06-16T17:40:42","date_gmt":"2026-06-16T15:40:42","guid":{"rendered":"https:\/\/voyage-aventure.com\/blog\/?p=16633"},"modified":"2026-06-16T17:40:42","modified_gmt":"2026-06-16T15:40:42","slug":"decouvrez-les-nouvelles-baskets-cariuma-pour-un-printemps-colore-et-tendance","status":"publish","type":"post","link":"https:\/\/voyage-aventure.com\/blog\/a-la-une\/decouvrez-les-nouvelles-baskets-cariuma-pour-un-printemps-colore-et-tendance\/","title":{"rendered":"D\u00e9couvrez les nouvelles baskets Cariuma pour un printemps color\u00e9 et tendance"},"content":{"rendered":"<link rel=\"preconnect\" href=\"https:\/\/fonts.googleapis.com\"><link rel=\"preconnect\" href=\"https:\/\/fonts.gstatic.com\" crossorigin><link href=\"https:\/\/fonts.googleapis.com\/css2?family=Space+Grotesk:wght@500;600;700&#038;family=Inter:wght@400;500;600&#038;family=JetBrains+Mono:wght@500&#038;display=swap\" rel=\"stylesheet\">\n<style>\n.va-cariuma-wrap{font-family:'Inter',system-ui,sans-serif;color:#1d2522;line-height:1.7;font-size:16px}\n.va-cariuma-wrap h2{font-family:'Space Grotesk',system-ui,sans-serif;font-weight:700;font-size:1.55em;line-height:1.25;margin:1.8em 0 .6em;color:#15201c}\n.va-cariuma-wrap h3{font-family:'Space Grotesk',system-ui,sans-serif;font-weight:600;font-size:1.2em;margin:1.4em 0 .4em;color:#15201c}\n.va-cariuma-wrap p{margin:0 0 1em}\n.va-cariuma-kicker{font-family:'JetBrains Mono',monospace;font-size:.72em;letter-spacing:.18em;text-transform:uppercase;color:#2FA98A;font-weight:500;margin-bottom:.5em}\n.va-cariuma-verdict{border:3px solid #2FA98A;border-radius:14px;background:#f3faf7;padding:24px 26px;margin:0 0 1.8em;box-shadow:0 8px 24px rgba(47,169,138,.12)}\n.va-cariuma-verdict .va-cariuma-vtitle{font-family:'Space Grotesk',sans-serif;font-weight:700;font-size:1.3em;color:#15201c;margin-bottom:.5em}\n.va-cariuma-grid{display:grid;grid-template-columns:1fr 1fr;gap:18px;margin:1.4em 0}\n.va-cariuma-card{border:1px solid #d9e6e1;border-top:3px solid #2FA98A;border-radius:12px;background:#fff;padding:18px 20px;box-shadow:0 4px 14px rgba(20,40,32,.06);transition:transform .2s ease,box-shadow .2s ease}\n.va-cariuma-card:hover{transform:translateY(-3px);box-shadow:0 12px 26px rgba(20,40,32,.12)}\n.va-cariuma-card .va-cariuma-ct{font-family:'Space Grotesk',sans-serif;font-weight:600;color:#15201c;margin-bottom:.35em;display:block}\n.va-cariuma-card .va-cariuma-cd{color:#46544e;font-size:.95em}\n.va-cariuma-pros,.va-cariuma-cons{border-radius:12px;padding:18px 22px;margin:1.2em 0}\n.va-cariuma-pros{background:#eef9f4;border-left:4px solid #2FA98A}\n.va-cariuma-cons{background:#fbf2ef;border-left:4px solid #c4623f}\n.va-cariuma-list{list-style:none;padding:0;margin:0}\n.va-cariuma-list li{padding:5px 0 5px 30px;position:relative}\n.va-cariuma-pros .va-cariuma-list li::before{content:\"\u2713\";position:absolute;left:0;color:#2FA98A;font-weight:700}\n.va-cariuma-cons .va-cariuma-list li::before{content:\"\u2013\";position:absolute;left:0;color:#c4623f;font-weight:700}\n.va-cariuma-models{list-style:none;padding:0;margin:1em 0;display:grid;grid-template-columns:1fr 1fr;gap:10px}\n.va-cariuma-models li{font-family:'Inter',sans-serif;border:1px solid #d9e6e1;border-radius:10px;padding:10px 14px;background:#fbfdfc}\n.va-cariuma-pull{border-left:4px solid #2FA98A;padding:8px 0 8px 22px;margin:1.6em 0;font-family:'Space Grotesk',sans-serif;font-size:1.2em;font-style:italic;color:#1d2522;line-height:1.4}\n.va-cariuma-retenir{background:#15201c;color:#e8f4ef;border-radius:14px;padding:22px 26px;margin:1.8em 0}\n.va-cariuma-retenir .va-cariuma-rt{font-family:'Space Grotesk',sans-serif;font-weight:700;color:#fff;margin-bottom:.6em;font-size:1.15em}\n.va-cariuma-retenir ul{list-style:none;padding:0;margin:0}\n.va-cariuma-retenir li{padding:4px 0 4px 26px;position:relative}\n.va-cariuma-retenir li::before{content:\"\u25c6\";position:absolute;left:0;color:#2FA98A;font-size:.8em;top:7px}\n.va-cariuma-faq{margin:1.6em 0}\n.va-cariuma-faq details{border:1px solid #d9e6e1;border-radius:10px;padding:0;margin-bottom:10px;background:#fff;overflow:hidden}\n.va-cariuma-faq summary{cursor:pointer;padding:14px 18px;font-family:'Space Grotesk',sans-serif;font-weight:600;color:#15201c;list-style:none}\n.va-cariuma-faq summary::-webkit-details-marker{display:none}\n.va-cariuma-faq summary::before{content:\"+\";color:#2FA98A;font-weight:700;margin-right:10px}\n.va-cariuma-faq details[open] summary::before{content:\"\u2013\"}\n.va-cariuma-faq .va-cariuma-fa{padding:0 18px 16px;color:#46544e}\n@media(max-width:600px){.va-cariuma-grid,.va-cariuma-models{grid-template-columns:1fr}}\n\/*RENDERFIX2*\/.va-cariuma-retenir{color:#eef3f9!important}.va-cariuma-retenir p,.va-cariuma-retenir li,.va-cariuma-retenir strong,.va-cariuma-retenir em,.va-cariuma-retenir a,.va-cariuma-retenir span,.va-cariuma-retenir b,.va-cariuma-retenir td,.va-cariuma-retenir th,.va-cariuma-retenir h2,.va-cariuma-retenir h3,.va-cariuma-retenir h4{color:#eef3f9!important}.va-cariuma-retenir strong,.va-cariuma-retenir b{color:#ffffff!important}<\/style>\n<div class=\"va-cariuma-wrap\">\n<div class=\"va-cariuma-verdict\">\n<div class=\"va-cariuma-kicker\">Notre verdict<\/div>\n<div class=\"va-cariuma-vtitle\">Cariuma signe une collection printani\u00e8re \u00e0 la fois color\u00e9e et engag\u00e9e<\/div>\n<div>Avec sa ligne perroquet inspir\u00e9e du Br\u00e9sil, Cariuma confirme sa r\u00e9putation : des sneakers confortables d\u00e8s la premi\u00e8re utilisation, durables et \u00e9co-responsables. Les mod\u00e8les Oca Low en toile de coton bio et les Salvas en cuir \u00e9thique offrent des coloris vifs sans sacrifier le maintien. Pour qui aime les baskets toile lumineuses et veut consommer plus responsable, la s\u00e9lection vaut le d\u00e9tour, \u00e0 condition d&rsquo;agir vite : les nouveaut\u00e9s s&rsquo;\u00e9coulent rapidement.<\/div>\n<\/div>\n<div class=\"va-cariuma-pros\">\n<div class=\"va-cariuma-kicker\">Les points forts<\/div>\n<ul class=\"va-cariuma-list\">\n<li>Confort imm\u00e9diat d\u00e8s la premi\u00e8re utilisation<\/li>\n<li>Semelles li\u00e8ge et mousse qui \u00e9pousent le pied pour un soutien personnalis\u00e9<\/li>\n<li>Mat\u00e9riaux durables : coton bio (Oca Low) et cuir \u00e9thique (Salvas)<\/li>\n<li>D\u00e9marche \u00e9cologique : deux arbres plant\u00e9s pour chaque paire achet\u00e9e<\/li>\n<\/ul>\n<\/div>\n<div class=\"va-cariuma-cons\">\n<div class=\"va-cariuma-kicker\">\u00c0 garder en t\u00eate<\/div>\n<ul class=\"va-cariuma-list\">\n<li>Les imprim\u00e9s perroquet s&rsquo;\u00e9coulent rapidement, le stock part vite<\/li>\n<li>Toutes les tailles ne restent pas disponibles longtemps<\/li>\n<li>Les coloris vifs ne conviendront pas aux amateurs de mod\u00e8les strictement classiques<\/li>\n<\/ul>\n<\/div>\n<p>Cette ligne, inspir\u00e9e par la beaut\u00e9 br\u00e9silienne, inclut les mod\u00e8les Oca Low et Salvas orn\u00e9s d&rsquo;un magnifique imprim\u00e9 perroquet. M\u00eame si vous \u00eates plut\u00f4t du genre \u00e0 opter pour des mod\u00e8les classiques, ces nouvelles cr\u00e9ations pourraient bien apporter une touche rafra\u00eechissante \u00e0 votre garde-robe printani\u00e8re.<\/p>\n<p>Des c\u00e9l\u00e9brit\u00e9s comme Brooke Shields et Gabrielle Union ont \u00e9t\u00e9 aper\u00e7ues portant ces sneakers ador\u00e9es. La r\u00e9putation de Cariuma repose sur le confort imm\u00e9diat qu&rsquo;offrent ses chaussures, ainsi que sur leurs motifs captivants. Avec l&rsquo;arriv\u00e9e de l&rsquo;imprim\u00e9 perroquet, ces mod\u00e8les s&rsquo;inscrivent parfaitement dans l&rsquo;image de la marque. Attention cependant, ces nouveaut\u00e9s ont tendance \u00e0 s&rsquo;\u00e9couler rapidement, alors n&rsquo;attendez pas trop pour les ajouter \u00e0 votre panier.<\/p>\n<h2>Les sneakers Cariuma Oca Low en imprim\u00e9 perroquet lilas<\/h2>\n<p>Si vous \u00eates d\u00e9j\u00e0 fan des mod\u00e8les Oca Low et Salvas, c&rsquo;est le moment id\u00e9al pour vous procurer ces chaussures de marche confortables. La nouvelle collection perroquet s&rsquo;inspire de la beaut\u00e9 du Br\u00e9sil, pays d&rsquo;origine des fondateurs de Cariuma. Les Oca Lows sont disponibles en lilas et blanc cass\u00e9, orn\u00e9es de motifs de faune et de flore d\u00e9licatement peints.<\/p>\n<p>Les Salvas, avec leur ext\u00e9rieur en cuir lisse, se distinguent par un design \u00e9pur\u00e9 et un perroquet tropical peint en bleu fonc\u00e9. Ces nouvelles impressions se d\u00e9clinent en presque toutes les tailles pour hommes et femmes, mais il est pr\u00e9f\u00e9rable d&rsquo;agir rapidement pour ne pas manquer votre taille. Ces mod\u00e8les allient esth\u00e9tique et confort, un vrai atout pour le printemps.<\/p>\n<h2>Les sneakers Cariuma Salvas en cuir blanc et imprim\u00e9 perroquet bleu<\/h2>\n<p>Les designs orn\u00e9s des nouvelles collections Oca Low et Salvas sont sans conteste les points forts de cette ligne. Vous pouvez \u00eatre s\u00fbr que ces sneakers conservent le confort tant recherch\u00e9 par les clients de Cariuma. Chaque paire est dot\u00e9e de semelles en li\u00e8ge et en mousse qui \u00e9pousent parfaitement la forme de votre pied pour un soutien personnalis\u00e9.<\/p>\n<div class=\"va-cariuma-grid\">\n<div class=\"va-cariuma-card\"><span class=\"va-cariuma-ct\">Confort &amp; maintien<\/span><span class=\"va-cariuma-cd\">Semelles en li\u00e8ge et mousse qui s&rsquo;adaptent \u00e0 la forme du pied pour un soutien sur mesure.<\/span><\/div>\n<div class=\"va-cariuma-card\"><span class=\"va-cariuma-ct\">Adh\u00e9rence<\/span><span class=\"va-cariuma-cd\">Semelles ext\u00e9rieures en caoutchouc antid\u00e9rapant, s\u00fbres m\u00eame sur les surfaces glissantes.<\/span><\/div>\n<div class=\"va-cariuma-card\"><span class=\"va-cariuma-ct\">Mat\u00e9riaux Oca Low<\/span><span class=\"va-cariuma-cd\">Toile de coton bio, l\u00e9g\u00e8re et respirante pour les beaux jours.<\/span><\/div>\n<div class=\"va-cariuma-card\"><span class=\"va-cariuma-ct\">Mat\u00e9riaux Salvas<\/span><span class=\"va-cariuma-cd\">Cuir \u00e9thique et de qualit\u00e9, t\u00e9moin de l&rsquo;attention port\u00e9e aux d\u00e9tails.<\/span><\/div>\n<\/div>\n<p>Les semelles ext\u00e9rieures en caoutchouc antid\u00e9rapant sont id\u00e9ales pour marcher en toute confiance sur des surfaces glissantes. Les Oca Low, fabriqu\u00e9es en toile de coton bio, et les Salvas, confectionn\u00e9es en cuir \u00e9thique et de qualit\u00e9, t\u00e9moignent de l&rsquo;attention port\u00e9e aux d\u00e9tails par la marque. Il est rare de trouver des chaussures qui soient aussi confortables d\u00e8s la premi\u00e8re utilisation.<\/p>\n<h2>Les sneakers Cariuma Oca Low en toile blanche avec imprim\u00e9 perroquet<\/h2>\n<p>Si votre garde-robe printani\u00e8re manque de chaussures saisonni\u00e8res color\u00e9es, ces mod\u00e8les Cariuma Oca Low et Salvas sont la solution id\u00e9ale. Offrant un excellent soutien, ces sneakers sont parfaites pour les longues journ\u00e9es pass\u00e9es sur vos pieds. Les couleurs pastel et vives ajoutent une touche de personnalit\u00e9 \u00e0 vos tenues sans sacrifier le confort essentiel d&rsquo;une bonne paire de chaussures.<\/p>\n<p>Les Oca Low ont d&rsquo;ailleurs re\u00e7u plus de 9 300 avis cinq \u00e9toiles de la part des clients ravis. Si vous h\u00e9sitez encore, n&rsquo;oubliez pas de consulter d&rsquo;autres mod\u00e8les printaniers propos\u00e9s par Cariuma, qui sauront apporter une touche de style \u00e0 votre printemps. Faites vite, car ces sneakers sont vite prises d&rsquo;assaut par les fashionistas.<\/p>\n<div class=\"va-cariuma-pull\">\u00ab Chaque paire de chaussures Cariuma contribue \u00e0 la reforestation du Br\u00e9sil, car deux arbres sont plant\u00e9s pour chaque paire achet\u00e9e. \u00bb<\/div>\n<h3>Les mod\u00e8les \u00e0 rep\u00e9rer dans la collection printani\u00e8re<\/h3>\n<ul class=\"va-cariuma-models\">\n<li>Baskets Oca Low en toile lilas et imprim\u00e9 perroquet<\/li>\n<li>Baskets Salvas en cuir blanc avec imprim\u00e9 perroquet bleu<\/li>\n<li>Baskets Oca Low en toile blanc cass\u00e9<\/li>\n<li>Baskets Uba en cuir textur\u00e9 blanc et mesh<\/li>\n<li>Baskets Oca Low en daim violet<\/li>\n<li>Baskets Oca Low \u00e0 pois past\u00e8que<\/li>\n<li>Baskets Vallely en cuir blanc et su\u00e8de bleu clair<\/li>\n<\/ul>\n<p>Pour ne rien manquer des nouveaut\u00e9s, n&rsquo;h\u00e9sitez pas \u00e0 vous inscrire \u00e0 notre newsletter T+L Recommends. Chaque semaine, nous vous transmettrons nos produits de voyage pr\u00e9f\u00e9r\u00e9s, y compris les derni\u00e8res tendances en mati\u00e8re de chaussures. Pr\u00e9parez-vous \u00e0 accueillir le printemps avec style, confort et une conscience \u00e9cologique avec les nouvelles baskets Cariuma.<\/p>\n<div class=\"va-cariuma-retenir\">\n<div class=\"va-cariuma-rt\">\u00c0 retenir<\/div>\n<ul>\n<li>La ligne perroquet d\u00e9cline les mod\u00e8les Oca Low (lilas, blanc cass\u00e9) et Salvas (cuir blanc, perroquet bleu fonc\u00e9).<\/li>\n<li>Oca Low en toile de coton bio, Salvas en cuir \u00e9thique : confort imm\u00e9diat et mat\u00e9riaux durables.<\/li>\n<li>Semelles li\u00e8ge et mousse + ext\u00e9rieur caoutchouc antid\u00e9rapant pour un soutien personnalis\u00e9.<\/li>\n<li>Plus de 9 300 avis cinq \u00e9toiles sur les Oca Low, et deux arbres plant\u00e9s par paire achet\u00e9e.<\/li>\n<\/ul>\n<\/div>\n<div class=\"va-cariuma-faq\">\n<details>\n<summary>Les baskets Cariuma sont-elles vraiment confortables d\u00e8s le premier port ?<\/summary>\n<div class=\"va-cariuma-fa\">Oui : la marque s&rsquo;appuie sur des semelles en li\u00e8ge et en mousse qui \u00e9pousent la forme du pied pour un soutien personnalis\u00e9. Il est rare de trouver des chaussures aussi confortables d\u00e8s la premi\u00e8re utilisation.<\/div>\n<\/details>\n<details>\n<summary>Quelle est la diff\u00e9rence entre les mod\u00e8les Oca Low et Salvas ?<\/summary>\n<div class=\"va-cariuma-fa\">Les Oca Low sont fabriqu\u00e9es en toile de coton bio et d\u00e9clin\u00e9es en lilas et blanc cass\u00e9 avec motifs de faune et de flore. Les Salvas affichent un ext\u00e9rieur en cuir lisse \u00e9thique, un design plus \u00e9pur\u00e9 et un perroquet tropical peint en bleu fonc\u00e9.<\/div>\n<\/details>\n<details>\n<summary>En quoi Cariuma est-elle une marque \u00e9co-responsable ?<\/summary>\n<div class=\"va-cariuma-fa\">Au-del\u00e0 des mat\u00e9riaux durables (coton bio, cuir \u00e9thique), Cariuma plante deux arbres pour chaque paire achet\u00e9e, contribuant \u00e0 la reforestation du Br\u00e9sil, pays d&rsquo;origine de ses fondateurs.<\/div>\n<\/details>\n<details>\n<summary>Faut-il se d\u00e9p\u00eacher pour acheter la collection perroquet ?<\/summary>\n<div class=\"va-cariuma-fa\">Oui, ces nouveaut\u00e9s ont tendance \u00e0 s&rsquo;\u00e9couler rapidement et toutes les tailles ne restent pas disponibles longtemps. Mieux vaut ne pas trop attendre pour trouver sa pointure.<\/div>\n<\/details>\n<\/div>\n<\/div>\n","protected":false},"excerpt":{"rendered":"","protected":false},"author":34,"featured_media":19556,"comment_status":"open","ping_status":"open","sticky":false,"template":"","format":"standard","meta":{"_acf_changed":false,"manual_indexmenow":false,"indexmenow_id_project":0,"footnotes":""},"categories":[1],"tags":[3747,4221,4593,5231,4385],"class_list":["post-16633","post","type-post","status-publish","format-standard","has-post-thumbnail","hentry","category-a-la-une","tag-confort","tag-culture","tag-economie","tag-mode","tag-pratiques-durables","generate-columns","tablet-grid-50","mobile-grid-100","grid-parent","grid-25"],"acf":[],"yoast_head":"<!-- This site is optimized with the Yoast SEO Premium plugin v21.3 (Yoast SEO v25.1) - https:\/\/yoast.com\/wordpress\/plugins\/seo\/ -->\n<title>D\u00e9couvrez les nouvelles baskets Cariuma pour un printemps<\/title>\n<meta name=\"description\" content=\"Cariuma signe une collection printani\u00e8re \u00e0 la fois color\u00e9e et engag\u00e9e Avec sa ligne perroquet inspir\u00e9e du Br\u00e9sil, Cariuma confirme sa r\u00e9putation : des\" \/>\n<meta name=\"robots\" content=\"index, follow, max-snippet:-1, max-image-preview:large, max-video-preview:-1\" \/>\n<link rel=\"canonical\" href=\"https:\/\/voyage-aventure.com\/blog\/a-la-une\/decouvrez-les-nouvelles-baskets-cariuma-pour-un-printemps-colore-et-tendance\/\" \/>\n<meta property=\"og:locale\" content=\"fr_FR\" \/>\n<meta property=\"og:type\" content=\"article\" \/>\n<meta property=\"og:title\" content=\"D\u00e9couvrez les nouvelles baskets Cariuma pour un printemps\" \/>\n<meta property=\"og:description\" content=\"Cariuma signe une collection printani\u00e8re \u00e0 la fois color\u00e9e et engag\u00e9e Avec sa ligne perroquet inspir\u00e9e du Br\u00e9sil, Cariuma confirme sa r\u00e9putation : des\" \/>\n<meta property=\"og:url\" content=\"https:\/\/voyage-aventure.com\/blog\/a-la-une\/decouvrez-les-nouvelles-baskets-cariuma-pour-un-printemps-colore-et-tendance\/\" \/>\n<meta property=\"og:site_name\" content=\"voyage-aventure\" \/>\n<meta property=\"og:image\" content=\"https:\/\/voyage-aventure.com\/blog\/wp-content\/uploads\/2025\/05\/sdxl-68eae9fb07ebd964f404a4cdd28164c9-scaled.png\" \/>\n\t<meta property=\"og:image:width\" content=\"1200\" \/>\n\t<meta property=\"og:image:height\" content=\"500\" \/>\n\t<meta property=\"og:image:type\" content=\"image\/png\" \/>\n<meta name=\"author\" content=\"Camille Rouvray\" \/>\n<meta name=\"twitter:card\" content=\"summary_large_image\" \/>\n<script type=\"application\/ld+json\" class=\"yoast-schema-graph\">{\"@context\":\"https:\/\/schema.org\",\"@graph\":[{\"@type\":\"NewsArticle\",\"@id\":\"https:\/\/voyage-aventure.com\/blog\/a-la-une\/decouvrez-les-nouvelles-baskets-cariuma-pour-un-printemps-colore-et-tendance\/#article\",\"isPartOf\":{\"@id\":\"https:\/\/voyage-aventure.com\/blog\/a-la-une\/decouvrez-les-nouvelles-baskets-cariuma-pour-un-printemps-colore-et-tendance\/\"},\"author\":{\"name\":\"Camille Rouvray\",\"@id\":\"https:\/\/voyage-aventure.com\/blog\/#\/schema\/person\/3c864cdc320801e3db34b663e7e3f816\"},\"headline\":\"D\u00e9couvrez les nouvelles baskets Cariuma pour un printemps color\u00e9 et tendance\",\"datePublished\":\"2026-06-16T15:40:42+00:00\",\"mainEntityOfPage\":{\"@id\":\"https:\/\/voyage-aventure.com\/blog\/a-la-une\/decouvrez-les-nouvelles-baskets-cariuma-pour-un-printemps-colore-et-tendance\/\"},\"wordCount\":1228,\"commentCount\":20,\"publisher\":{\"@id\":\"https:\/\/voyage-aventure.com\/blog\/#organization\"},\"image\":{\"@id\":\"https:\/\/voyage-aventure.com\/blog\/a-la-une\/decouvrez-les-nouvelles-baskets-cariuma-pour-un-printemps-colore-et-tendance\/#primaryimage\"},\"thumbnailUrl\":\"https:\/\/voyage-aventure.com\/blog\/wp-content\/uploads\/2025\/05\/sdxl-68eae9fb07ebd964f404a4cdd28164c9-scaled.png\",\"keywords\":[\"Confort\",\"Culture\",\"\u00c9conomie\",\"Mode\",\"Pratiques Durables\"],\"articleSection\":[\"\u00c0 la une\"],\"inLanguage\":\"fr-FR\",\"potentialAction\":[{\"@type\":\"CommentAction\",\"name\":\"Comment\",\"target\":[\"https:\/\/voyage-aventure.com\/blog\/a-la-une\/decouvrez-les-nouvelles-baskets-cariuma-pour-un-printemps-colore-et-tendance\/#respond\"]}]},{\"@type\":\"WebPage\",\"@id\":\"https:\/\/voyage-aventure.com\/blog\/a-la-une\/decouvrez-les-nouvelles-baskets-cariuma-pour-un-printemps-colore-et-tendance\/\",\"url\":\"https:\/\/voyage-aventure.com\/blog\/a-la-une\/decouvrez-les-nouvelles-baskets-cariuma-pour-un-printemps-colore-et-tendance\/\",\"name\":\"D\u00e9couvrez les nouvelles baskets Cariuma pour un printemps\",\"isPartOf\":{\"@id\":\"https:\/\/voyage-aventure.com\/blog\/#website\"},\"primaryImageOfPage\":{\"@id\":\"https:\/\/voyage-aventure.com\/blog\/a-la-une\/decouvrez-les-nouvelles-baskets-cariuma-pour-un-printemps-colore-et-tendance\/#primaryimage\"},\"image\":{\"@id\":\"https:\/\/voyage-aventure.com\/blog\/a-la-une\/decouvrez-les-nouvelles-baskets-cariuma-pour-un-printemps-colore-et-tendance\/#primaryimage\"},\"thumbnailUrl\":\"https:\/\/voyage-aventure.com\/blog\/wp-content\/uploads\/2025\/05\/sdxl-68eae9fb07ebd964f404a4cdd28164c9-scaled.png\",\"datePublished\":\"2026-06-16T15:40:42+00:00\",\"description\":\"Cariuma signe une collection printani\u00e8re \u00e0 la fois color\u00e9e et engag\u00e9e Avec sa ligne perroquet inspir\u00e9e du Br\u00e9sil, Cariuma confirme sa r\u00e9putation : des\",\"inLanguage\":\"fr-FR\",\"potentialAction\":[{\"@type\":\"ReadAction\",\"target\":[\"https:\/\/voyage-aventure.com\/blog\/a-la-une\/decouvrez-les-nouvelles-baskets-cariuma-pour-un-printemps-colore-et-tendance\/\"]}]},{\"@type\":\"ImageObject\",\"inLanguage\":\"fr-FR\",\"@id\":\"https:\/\/voyage-aventure.com\/blog\/a-la-une\/decouvrez-les-nouvelles-baskets-cariuma-pour-un-printemps-colore-et-tendance\/#primaryimage\",\"url\":\"https:\/\/voyage-aventure.com\/blog\/wp-content\/uploads\/2025\/05\/sdxl-68eae9fb07ebd964f404a4cdd28164c9-scaled.png\",\"contentUrl\":\"https:\/\/voyage-aventure.com\/blog\/wp-content\/uploads\/2025\/05\/sdxl-68eae9fb07ebd964f404a4cdd28164c9-scaled.png\",\"width\":1200,\"height\":500},{\"@type\":\"WebSite\",\"@id\":\"https:\/\/voyage-aventure.com\/blog\/#website\",\"url\":\"https:\/\/voyage-aventure.com\/blog\/\",\"name\":\"voyage-aventure.com\",\"description\":\"Votre passeport pour l\u2019inattendu.\",\"publisher\":{\"@id\":\"https:\/\/voyage-aventure.com\/blog\/#organization\"},\"alternateName\":\"Votre passeport pour l\u2019inattendu.\",\"potentialAction\":[{\"@type\":\"SearchAction\",\"target\":{\"@type\":\"EntryPoint\",\"urlTemplate\":\"https:\/\/voyage-aventure.com\/blog\/?s={search_term_string}\"},\"query-input\":{\"@type\":\"PropertyValueSpecification\",\"valueRequired\":true,\"valueName\":\"search_term_string\"}}],\"inLanguage\":\"fr-FR\"},{\"@type\":\"Organization\",\"@id\":\"https:\/\/voyage-aventure.com\/blog\/#organization\",\"name\":\"Foretsensations.fr\",\"url\":\"https:\/\/voyage-aventure.com\/blog\/\",\"logo\":{\"@type\":\"ImageObject\",\"inLanguage\":\"fr-FR\",\"@id\":\"https:\/\/voyage-aventure.com\/blog\/#\/schema\/logo\/image\/\",\"url\":\"https:\/\/voyage-aventure.com\/blog\/wp-content\/uploads\/2024\/12\/19.png\",\"contentUrl\":\"https:\/\/voyage-aventure.com\/blog\/wp-content\/uploads\/2024\/12\/19.png\",\"width\":512,\"height\":512,\"caption\":\"Foretsensations.fr\"},\"image\":{\"@id\":\"https:\/\/voyage-aventure.com\/blog\/#\/schema\/logo\/image\/\"}},{\"@type\":\"Person\",\"@id\":\"https:\/\/voyage-aventure.com\/blog\/#\/schema\/person\/3c864cdc320801e3db34b663e7e3f816\",\"name\":\"Camille Rouvray\",\"image\":{\"@type\":\"ImageObject\",\"inLanguage\":\"fr-FR\",\"@id\":\"https:\/\/voyage-aventure.com\/blog\/#\/schema\/person\/image\/\",\"url\":\"https:\/\/voyage-aventure.com\/blog\/wp-content\/uploads\/2026\/06\/persona_camille-r-96x96.jpg\",\"contentUrl\":\"https:\/\/voyage-aventure.com\/blog\/wp-content\/uploads\/2026\/06\/persona_camille-r-96x96.jpg\",\"caption\":\"Camille Rouvray\"},\"description\":\"Je voyage et j'\u00e9cris sur le voyage depuis une douzaine d'ann\u00e9es, d'abord en tant que routarde au long cours, puis comme r\u00e9dactrice sp\u00e9cialis\u00e9e. Mon terrain de pr\u00e9dilection, ce sont les circuits organis\u00e9s et l'art de bien pr\u00e9parer un itin\u00e9raire : choix de la saison, dur\u00e9e r\u00e9aliste des \u00e9tapes, budget jour par jour, logement et transport sur place. J'aime aussi raconter les p\u00e9pites urbaines, ces adresses qu'on ne trouve pas dans les guides classiques. Avant de publier un dossier destination, je croise toujours plusieurs sources, je v\u00e9rifie les tarifs et les formalit\u00e9s d'entr\u00e9e \u00e0 jour, et je teste moi-m\u00eame quand je le peux. Mon angle reste pratique avant tout : aider le lecteur \u00e0 partir l'esprit tranquille, sans mauvaise surprise une fois sur place. Je m'attache \u00e0 distinguer le coup de c\u0153ur sinc\u00e8re du simple argument marketing.\",\"sameAs\":[\"https:\/\/camillerouvray.fr\/\"],\"url\":\"https:\/\/voyage-aventure.com\/blog\/auteur\/noname\/\"}]}<\/script>\n<!-- \/ Yoast SEO Premium plugin. -->","yoast_head_json":{"title":"D\u00e9couvrez les nouvelles baskets Cariuma pour un printemps","description":"Cariuma signe une collection printani\u00e8re \u00e0 la fois color\u00e9e et engag\u00e9e Avec sa ligne perroquet inspir\u00e9e du Br\u00e9sil, Cariuma confirme sa r\u00e9putation : des","robots":{"index":"index","follow":"follow","max-snippet":"max-snippet:-1","max-image-preview":"max-image-preview:large","max-video-preview":"max-video-preview:-1"},"canonical":"https:\/\/voyage-aventure.com\/blog\/a-la-une\/decouvrez-les-nouvelles-baskets-cariuma-pour-un-printemps-colore-et-tendance\/","og_locale":"fr_FR","og_type":"article","og_title":"D\u00e9couvrez les nouvelles baskets Cariuma pour un printemps","og_description":"Cariuma signe une collection printani\u00e8re \u00e0 la fois color\u00e9e et engag\u00e9e Avec sa ligne perroquet inspir\u00e9e du Br\u00e9sil, Cariuma confirme sa r\u00e9putation : des","og_url":"https:\/\/voyage-aventure.com\/blog\/a-la-une\/decouvrez-les-nouvelles-baskets-cariuma-pour-un-printemps-colore-et-tendance\/","og_site_name":"voyage-aventure","og_image":[{"width":1200,"height":500,"url":"https:\/\/voyage-aventure.com\/blog\/wp-content\/uploads\/2025\/05\/sdxl-68eae9fb07ebd964f404a4cdd28164c9-scaled.png","type":"image\/png"}],"author":"Camille Rouvray","twitter_card":"summary_large_image","schema":{"@context":"https:\/\/schema.org","@graph":[{"@type":"NewsArticle","@id":"https:\/\/voyage-aventure.com\/blog\/a-la-une\/decouvrez-les-nouvelles-baskets-cariuma-pour-un-printemps-colore-et-tendance\/#article","isPartOf":{"@id":"https:\/\/voyage-aventure.com\/blog\/a-la-une\/decouvrez-les-nouvelles-baskets-cariuma-pour-un-printemps-colore-et-tendance\/"},"author":{"name":"Camille Rouvray","@id":"https:\/\/voyage-aventure.com\/blog\/#\/schema\/person\/3c864cdc320801e3db34b663e7e3f816"},"headline":"D\u00e9couvrez les nouvelles baskets Cariuma pour un printemps color\u00e9 et tendance","datePublished":"2026-06-16T15:40:42+00:00","mainEntityOfPage":{"@id":"https:\/\/voyage-aventure.com\/blog\/a-la-une\/decouvrez-les-nouvelles-baskets-cariuma-pour-un-printemps-colore-et-tendance\/"},"wordCount":1228,"commentCount":20,"publisher":{"@id":"https:\/\/voyage-aventure.com\/blog\/#organization"},"image":{"@id":"https:\/\/voyage-aventure.com\/blog\/a-la-une\/decouvrez-les-nouvelles-baskets-cariuma-pour-un-printemps-colore-et-tendance\/#primaryimage"},"thumbnailUrl":"https:\/\/voyage-aventure.com\/blog\/wp-content\/uploads\/2025\/05\/sdxl-68eae9fb07ebd964f404a4cdd28164c9-scaled.png","keywords":["Confort","Culture","\u00c9conomie","Mode","Pratiques Durables"],"articleSection":["\u00c0 la une"],"inLanguage":"fr-FR","potentialAction":[{"@type":"CommentAction","name":"Comment","target":["https:\/\/voyage-aventure.com\/blog\/a-la-une\/decouvrez-les-nouvelles-baskets-cariuma-pour-un-printemps-colore-et-tendance\/#respond"]}]},{"@type":"WebPage","@id":"https:\/\/voyage-aventure.com\/blog\/a-la-une\/decouvrez-les-nouvelles-baskets-cariuma-pour-un-printemps-colore-et-tendance\/","url":"https:\/\/voyage-aventure.com\/blog\/a-la-une\/decouvrez-les-nouvelles-baskets-cariuma-pour-un-printemps-colore-et-tendance\/","name":"D\u00e9couvrez les nouvelles baskets Cariuma pour un printemps","isPartOf":{"@id":"https:\/\/voyage-aventure.com\/blog\/#website"},"primaryImageOfPage":{"@id":"https:\/\/voyage-aventure.com\/blog\/a-la-une\/decouvrez-les-nouvelles-baskets-cariuma-pour-un-printemps-colore-et-tendance\/#primaryimage"},"image":{"@id":"https:\/\/voyage-aventure.com\/blog\/a-la-une\/decouvrez-les-nouvelles-baskets-cariuma-pour-un-printemps-colore-et-tendance\/#primaryimage"},"thumbnailUrl":"https:\/\/voyage-aventure.com\/blog\/wp-content\/uploads\/2025\/05\/sdxl-68eae9fb07ebd964f404a4cdd28164c9-scaled.png","datePublished":"2026-06-16T15:40:42+00:00","description":"Cariuma signe une collection printani\u00e8re \u00e0 la fois color\u00e9e et engag\u00e9e Avec sa ligne perroquet inspir\u00e9e du Br\u00e9sil, Cariuma confirme sa r\u00e9putation : des","inLanguage":"fr-FR","potentialAction":[{"@type":"ReadAction","target":["https:\/\/voyage-aventure.com\/blog\/a-la-une\/decouvrez-les-nouvelles-baskets-cariuma-pour-un-printemps-colore-et-tendance\/"]}]},{"@type":"ImageObject","inLanguage":"fr-FR","@id":"https:\/\/voyage-aventure.com\/blog\/a-la-une\/decouvrez-les-nouvelles-baskets-cariuma-pour-un-printemps-colore-et-tendance\/#primaryimage","url":"https:\/\/voyage-aventure.com\/blog\/wp-content\/uploads\/2025\/05\/sdxl-68eae9fb07ebd964f404a4cdd28164c9-scaled.png","contentUrl":"https:\/\/voyage-aventure.com\/blog\/wp-content\/uploads\/2025\/05\/sdxl-68eae9fb07ebd964f404a4cdd28164c9-scaled.png","width":1200,"height":500},{"@type":"WebSite","@id":"https:\/\/voyage-aventure.com\/blog\/#website","url":"https:\/\/voyage-aventure.com\/blog\/","name":"voyage-aventure.com","description":"Votre passeport pour l\u2019inattendu.","publisher":{"@id":"https:\/\/voyage-aventure.com\/blog\/#organization"},"alternateName":"Votre passeport pour l\u2019inattendu.","potentialAction":[{"@type":"SearchAction","target":{"@type":"EntryPoint","urlTemplate":"https:\/\/voyage-aventure.com\/blog\/?s={search_term_string}"},"query-input":{"@type":"PropertyValueSpecification","valueRequired":true,"valueName":"search_term_string"}}],"inLanguage":"fr-FR"},{"@type":"Organization","@id":"https:\/\/voyage-aventure.com\/blog\/#organization","name":"Foretsensations.fr","url":"https:\/\/voyage-aventure.com\/blog\/","logo":{"@type":"ImageObject","inLanguage":"fr-FR","@id":"https:\/\/voyage-aventure.com\/blog\/#\/schema\/logo\/image\/","url":"https:\/\/voyage-aventure.com\/blog\/wp-content\/uploads\/2024\/12\/19.png","contentUrl":"https:\/\/voyage-aventure.com\/blog\/wp-content\/uploads\/2024\/12\/19.png","width":512,"height":512,"caption":"Foretsensations.fr"},"image":{"@id":"https:\/\/voyage-aventure.com\/blog\/#\/schema\/logo\/image\/"}},{"@type":"Person","@id":"https:\/\/voyage-aventure.com\/blog\/#\/schema\/person\/3c864cdc320801e3db34b663e7e3f816","name":"Camille Rouvray","image":{"@type":"ImageObject","inLanguage":"fr-FR","@id":"https:\/\/voyage-aventure.com\/blog\/#\/schema\/person\/image\/","url":"https:\/\/voyage-aventure.com\/blog\/wp-content\/uploads\/2026\/06\/persona_camille-r-96x96.jpg","contentUrl":"https:\/\/voyage-aventure.com\/blog\/wp-content\/uploads\/2026\/06\/persona_camille-r-96x96.jpg","caption":"Camille Rouvray"},"description":"Je voyage et j'\u00e9cris sur le voyage depuis une douzaine d'ann\u00e9es, d'abord en tant que routarde au long cours, puis comme r\u00e9dactrice sp\u00e9cialis\u00e9e. Mon terrain de pr\u00e9dilection, ce sont les circuits organis\u00e9s et l'art de bien pr\u00e9parer un itin\u00e9raire : choix de la saison, dur\u00e9e r\u00e9aliste des \u00e9tapes, budget jour par jour, logement et transport sur place. J'aime aussi raconter les p\u00e9pites urbaines, ces adresses qu'on ne trouve pas dans les guides classiques. Avant de publier un dossier destination, je croise toujours plusieurs sources, je v\u00e9rifie les tarifs et les formalit\u00e9s d'entr\u00e9e \u00e0 jour, et je teste moi-m\u00eame quand je le peux. Mon angle reste pratique avant tout : aider le lecteur \u00e0 partir l'esprit tranquille, sans mauvaise surprise une fois sur place. Je m'attache \u00e0 distinguer le coup de c\u0153ur sinc\u00e8re du simple argument marketing.","sameAs":["https:\/\/camillerouvray.fr\/"],"url":"https:\/\/voyage-aventure.com\/blog\/auteur\/noname\/"}]}},"_links":{"self":[{"href":"https:\/\/voyage-aventure.com\/blog\/wp-json\/wp\/v2\/posts\/16633","targetHints":{"allow":["GET"]}}],"collection":[{"href":"https:\/\/voyage-aventure.com\/blog\/wp-json\/wp\/v2\/posts"}],"about":[{"href":"https:\/\/voyage-aventure.com\/blog\/wp-json\/wp\/v2\/types\/post"}],"author":[{"embeddable":true,"href":"https:\/\/voyage-aventure.com\/blog\/wp-json\/wp\/v2\/users\/34"}],"replies":[{"embeddable":true,"href":"https:\/\/voyage-aventure.com\/blog\/wp-json\/wp\/v2\/comments?post=16633"}],"version-history":[{"count":3,"href":"https:\/\/voyage-aventure.com\/blog\/wp-json\/wp\/v2\/posts\/16633\/revisions"}],"predecessor-version":[{"id":22971,"href":"https:\/\/voyage-aventure.com\/blog\/wp-json\/wp\/v2\/posts\/16633\/revisions\/22971"}],"wp:featuredmedia":[{"embeddable":true,"href":"https:\/\/voyage-aventure.com\/blog\/wp-json\/wp\/v2\/media\/19556"}],"wp:attachment":[{"href":"https:\/\/voyage-aventure.com\/blog\/wp-json\/wp\/v2\/media?parent=16633"}],"wp:term":[{"taxonomy":"category","embeddable":true,"href":"https:\/\/voyage-aventure.com\/blog\/wp-json\/wp\/v2\/categories?post=16633"},{"taxonomy":"post_tag","embeddable":true,"href":"https:\/\/voyage-aventure.com\/blog\/wp-json\/wp\/v2\/tags?post=16633"}],"curies":[{"name":"wp","href":"https:\/\/api.w.org\/{rel}","templated":true}]}}