{"id":16632,"date":"2026-06-16T17:40:32","date_gmt":"2026-06-16T15:40:32","guid":{"rendered":"https:\/\/voyage-aventure.com\/blog\/a-la-une\/une-mere-et-sa-fille-en-pelerinage-un-voyage-spirituel-inoubliable-en-italie\/"},"modified":"2026-06-16T17:40:32","modified_gmt":"2026-06-16T15:40:32","slug":"une-mere-et-sa-fille-en-pelerinage-un-voyage-spirituel-inoubliable-en-italie","status":"publish","type":"post","link":"https:\/\/voyage-aventure.com\/blog\/a-la-une\/une-mere-et-sa-fille-en-pelerinage-un-voyage-spirituel-inoubliable-en-italie\/","title":{"rendered":"une m\u00e8re et sa fille en p\u00e8lerinage : un voyage spirituel inoubliable en italie"},"content":{"rendered":"<link rel=\"stylesheet\" href=\"https:\/\/fonts.googleapis.com\/css2?family=Fraunces:opsz,wght@9..144,500;9..144,600;9..144,900&#038;family=Inter:wght@400;500;600&#038;family=JetBrains+Mono:wght@500&#038;display=swap\">\n<style>\n.va-port-wrap{--ink:#2c2438;--accent:#7b5ea7;--accent-d:#5e4385;--gold:#bc8932;--cream:#f6f2f8;--cream2:#efe7f3;--line:#e2d6ea;font-family:'Inter',-apple-system,sans-serif;color:var(--ink);line-height:1.65;font-size:17px;max-width:760px;margin:0 auto}\n.va-port-wrap h2{font-family:'Fraunces',Georgia,serif;font-weight:600;font-size:clamp(24px,3.2vw,33px);line-height:1.18;letter-spacing:-.01em;color:var(--ink);margin:46px 0 16px}\n.va-port-wrap h3{font-family:'Fraunces',Georgia,serif;font-weight:600;font-size:21px;margin:28px 0 10px;color:var(--accent-d)}\n.va-port-wrap p{margin:0 0 18px}\n.va-port-kick{font-family:'JetBrains Mono',monospace;font-size:12.5px;letter-spacing:.16em;text-transform:uppercase;color:var(--accent);font-weight:500;margin:0 0 10px}\n.va-port-lead{font-size:19.5px;line-height:1.6;color:#42384f;font-family:'Fraunces',Georgia,serif;font-weight:500;margin:0 0 26px}\n.va-port-fiche{background:linear-gradient(180deg,var(--cream),var(--cream2));border:1px solid var(--line);border-left:5px solid var(--accent);border-radius:14px;padding:24px 26px;margin:0 0 34px;box-shadow:0 1px 2px rgba(44,36,56,.05),0 16px 34px -22px rgba(94,67,133,.35)}\n.va-port-fiche .va-port-kick{margin-bottom:14px}\n.va-port-grid{display:grid;grid-template-columns:repeat(auto-fit,minmax(150px,1fr));gap:14px}\n.va-port-item{background:#fff;border:1px solid var(--line);border-radius:10px;padding:13px 15px}\n.va-port-lab{font-family:'JetBrains Mono',monospace;font-size:11px;letter-spacing:.1em;text-transform:uppercase;color:var(--gold);display:block;margin-bottom:5px}\n.va-port-val{font-family:'Fraunces',Georgia,serif;font-weight:600;font-size:16px;color:var(--ink)}\n.va-port-cards{display:grid;grid-template-columns:repeat(auto-fit,minmax(230px,1fr));gap:20px;margin:24px 0}\n.va-port-card{background:#fff;border:1px solid var(--line);border-top:3px solid var(--accent);border-radius:12px;padding:22px;transition:.25s ease;box-shadow:0 1px 2px rgba(44,36,56,.05),0 12px 26px -18px rgba(94,67,133,.28)}\n.va-port-card:hover{transform:translateY(-3px);box-shadow:0 4px 8px rgba(44,36,56,.07),0 20px 40px -18px rgba(94,67,133,.4);border-top-color:var(--accent-d)}\n.va-port-card .va-port-ct{font-family:'Fraunces',Georgia,serif;font-weight:600;font-size:18px;color:var(--accent-d);margin:0 0 8px}\n.va-port-card .va-port-cx{font-size:15px;color:#564b62;line-height:1.55}\n.va-port-quote{border-left:4px solid var(--accent);background:var(--cream);border-radius:0 12px 12px 0;padding:22px 26px;margin:30px 0;font-family:'Fraunces',Georgia,serif;font-style:italic;font-weight:500;font-size:21px;line-height:1.45;color:var(--accent-d);position:relative}\n.va-port-quote .va-port-qa{display:block;margin-top:12px;font-family:'JetBrains Mono',monospace;font-style:normal;font-size:12.5px;letter-spacing:.08em;color:var(--gold);text-transform:uppercase}\n.va-port-keys{background:var(--cream2);border:1px dashed var(--accent);border-radius:14px;padding:22px 26px;margin:36px 0}\n.va-port-keys .va-port-kt{font-family:'Fraunces',Georgia,serif;font-weight:600;font-size:20px;color:var(--ink);margin:0 0 12px;display:flex;align-items:center;gap:9px}\n.va-port-keys ul{margin:0;padding-left:0;list-style:none}\n.va-port-keys li{position:relative;padding:7px 0 7px 28px;font-size:16px;border-bottom:1px solid var(--line)}\n.va-port-keys li:last-child{border-bottom:none}\n.va-port-keys li::before{content:\"\u2726\";position:absolute;left:4px;top:7px;color:var(--accent);font-size:14px}\n.va-port-faq{margin:34px 0 10px}\n.va-port-faq>div{font-family:'Fraunces',Georgia,serif;font-weight:600;font-size:22px;margin:0 0 14px;color:var(--ink)}\n.va-port-faq details{background:#fff;border:1px solid var(--line);border-radius:11px;margin-bottom:12px;overflow:hidden;transition:.25s ease;box-shadow:0 1px 2px rgba(44,36,56,.05)}\n.va-port-faq details:hover{border-color:var(--accent)}\n.va-port-faq summary{cursor:pointer;padding:16px 20px;font-weight:600;font-size:16.5px;color:var(--accent-d);list-style:none;position:relative;padding-right:44px}\n.va-port-faq summary::-webkit-details-marker{display:none}\n.va-port-faq summary::after{content:\"+\";position:absolute;right:20px;top:13px;font-size:22px;color:var(--accent);font-family:'JetBrains Mono',monospace;transition:.2s}\n.va-port-faq details[open] summary::after{transform:rotate(45deg)}\n.va-port-faq .va-port-fa{padding:0 20px 18px;font-size:15.5px;color:#4d4459;line-height:1.6}\n.va-port-note{font-size:14px;color:#7a7186;font-style:italic;border-top:1px solid var(--line);padding-top:16px;margin-top:34px}\n@media(max-width:640px){.va-port-wrap{font-size:16px}}\n<\/style>\n<div class=\"va-port-wrap\">\n<div class=\"va-port-kick\">R\u00e9cit \u00b7 P\u00e8lerinage en Italie<\/div>\n<p class=\"va-port-lead\">Dix jours en Italie sur les pas de leur foi : le voyage d&rsquo;une fille et de sa m\u00e8re, guid\u00e9es par le p\u00e8re Mike Schmitz, est devenu bien plus qu&rsquo;un p\u00e8lerinage \u2014 une exp\u00e9rience qui a redessin\u00e9 leur relation et raviv\u00e9 leur vie spirituelle.<\/p>\n<div class=\"va-port-fiche\">\n<div class=\"va-port-kick\">En bref<\/div>\n<div class=\"va-port-grid\">\n<div class=\"va-port-item\"><span class=\"va-port-lab\">Le voyage<\/span><span class=\"va-port-val\">P\u00e8lerinage en Italie<\/span><\/div>\n<div class=\"va-port-item\"><span class=\"va-port-lab\">Dur\u00e9e<\/span><span class=\"va-port-val\">Dix jours<\/span><\/div>\n<div class=\"va-port-item\"><span class=\"va-port-lab\">Guide spirituel<\/span><span class=\"va-port-val\">P\u00e8re Mike Schmitz<\/span><\/div>\n<div class=\"va-port-item\"><span class=\"va-port-lab\">Au c\u0153ur<\/span><span class=\"va-port-val\">Un lien m\u00e8re-fille<\/span><\/div>\n<\/div>\n<\/div>\n<h2>Un voyage inattendu vers la spiritualit\u00e9<\/h2>\n<p>Elle a d\u00e9cid\u00e9 de participer \u00e0 un p\u00e8lerinage de dix jours en Italie avec sa m\u00e8re, guid\u00e9e par le p\u00e8re Mike Schmitz, un pr\u00eatre catholique reconnu. L&rsquo;enthousiasme de sa m\u00e8re, qui a imm\u00e9diatement adh\u00e9r\u00e9 \u00e0 cette aventure, a \u00e9t\u00e9 le point de d\u00e9part d&rsquo;un voyage transformateur.<\/p>\n<p>En quelques heures seulement, elles avaient r\u00e9serv\u00e9 leurs places, r\u00e9alisant qu&rsquo;elles avaient saisi une occasion rare. Ce voyage promettait non seulement des visites culturelles, mais \u00e9galement une exploration profonde de leur foi. \u00c0 chaque \u00e9tape, elles ont d\u00e9couvert des moments de r\u00e9flexion qui ont enrichi leur relation et leur spiritualit\u00e9.<\/p>\n<h2>Des rencontres touchantes et spirituelles<\/h2>\n<p>Au cours de leur voyage, Sarah et sa m\u00e8re ont eu la chance de rencontrer le p\u00e8re Schmitz dans un cadre inattendu, lors d&rsquo;une pause d\u00e9jeuner. Cette interaction a \u00e9t\u00e9 marquante pour Sarah, qui ne pouvait pas croire qu&rsquo;elle parlait \u00e0 une figure qu&rsquo;elle suivait en ligne. Les \u00e9changes qu&rsquo;elles ont eus avec lui ont renforc\u00e9 leur foi et leur compr\u00e9hension spirituelle.<\/p>\n<p>Un autre moment fort a \u00e9t\u00e9 leur visite \u00e0 la basilique papale de Saint-Paul-hors-les-murs. L\u00e0, elles ont eu l&rsquo;opportunit\u00e9 de rencontrer le cardinal James Harvey, qui a partag\u00e9 des r\u00e9flexions inspirantes sur la foi et l&rsquo;engagement. Ces rencontres ont illustr\u00e9 \u00e0 quel point la spiritualit\u00e9 peut \u00eatre v\u00e9cue \u00e0 travers des \u00e9changes authentiques et des moments de connexion.<\/p>\n<div class=\"va-port-cards\">\n<div class=\"va-port-card\">\n<div class=\"va-port-ct\">Le p\u00e8re Mike Schmitz<\/div>\n<div class=\"va-port-cx\">Pr\u00eatre catholique guidant le p\u00e8lerinage, crois\u00e9 lors d&rsquo;une simple pause d\u00e9jeuner \u2014 un moment marquant pour Sarah, qui le suivait d\u00e9j\u00e0 en ligne.<\/div>\n<\/div>\n<div class=\"va-port-card\">\n<div class=\"va-port-ct\">Saint-Paul-hors-les-murs<\/div>\n<div class=\"va-port-cx\">La basilique papale o\u00f9 elles rencontrent le cardinal James Harvey, venu partager des r\u00e9flexions sur la foi et l&rsquo;engagement.<\/div>\n<\/div>\n<div class=\"va-port-card\">\n<div class=\"va-port-ct\">Carlo Acutis<\/div>\n<div class=\"va-port-cx\">Le jeune b\u00e9atifi\u00e9 devant le corps duquel Sarah s&rsquo;est recueillie : une connexion qui a r\u00e9sonn\u00e9 profond\u00e9ment en elle.<\/div>\n<\/div>\n<\/div>\n<p><iframe loading=\"lazy\" title=\"A Book of Ghosts \ud83d\udc7b\ud83d\udcda\" width=\"1200\" height=\"675\" src=\"https:\/\/www.youtube.com\/embed\/VvYV9FiRZ9o?feature=oembed\" frameborder=\"0\" allow=\"accelerometer; autoplay; clipboard-write; encrypted-media; gyroscope; picture-in-picture; web-share\" referrerpolicy=\"strict-origin-when-cross-origin\" allowfullscreen><\/iframe><\/p>\n<h2>Une exp\u00e9rience m\u00e8re-fille inoubliable<\/h2>\n<p>Pour Lara McKeown, la m\u00e8re de Sarah, ce p\u00e8lerinage a \u00e9t\u00e9 bien plus qu&rsquo;un simple voyage. Elle a exprim\u00e9 sa gratitude d&rsquo;avoir pu partager ce chemin spirituel avec sa fille, soulignant \u00e0 quel point leur relation s&rsquo;est renforc\u00e9e. Chaque moment pass\u00e9 ensemble a \u00e9t\u00e9 une occasion de r\u00e9flexion et de gratitude, surtout en repensant aux d\u00e9fis qu&rsquo;elles ont surmont\u00e9s ensemble.<\/p>\n<p>Apr\u00e8s chaque journ\u00e9e riche en exp\u00e9riences, elles prenaient le temps de journaliser leurs pens\u00e9es. Ce rituel leur a permis de capturer les moments de joie et de spiritualit\u00e9, renfor\u00e7ant leur lien tout en rendant hommage aux le\u00e7ons apprises. Sarah a d\u00e9clar\u00e9 que ces r\u00e9flexions lui ont fait r\u00e9aliser \u00e0 quel point la vie est pr\u00e9cieuse et pleine de sens.<\/p>\n<div class=\"va-port-quote\">\u00ab Ce voyage est non seulement centr\u00e9 sur votre vie spirituelle personnelle, mais aussi sur toutes les personnes que vous avez laiss\u00e9es chez vous. \u00bb<span class=\"va-port-qa\">\u2014 P\u00e8re Mike Schmitz<\/span><\/div>\n<p>Ce p\u00e8lerinage a permis \u00e0 Sarah de renouer avec sa foi et de se rendre compte de la beaut\u00e9 de l&rsquo;engagement spirituel. Les moments pass\u00e9s devant le corps de Carlo Acutis, un jeune b\u00e9atifi\u00e9, ont particuli\u00e8rement touch\u00e9 Sarah, qui a v\u00e9cu des \u00e9preuves similaires. Cette connexion avec un jeune saint a r\u00e9sonn\u00e9 profond\u00e9ment en elle, lui rappelant l&rsquo;importance de la foi et de la r\u00e9silience.<\/p>\n<p>Le voyage a \u00e9galement permis \u00e0 Sarah de r\u00e9fl\u00e9chir \u00e0 sa propre vocation. Inspir\u00e9e par la paix et la joie des s\u00e9minaristes qu&rsquo;elles ont rencontr\u00e9s, elle a compris qu&rsquo;elle avait un chemin \u00e0 tracer. Ce p\u00e8lerinage est devenu un catalyseur de transformation, lui offrant des perspectives nouvelles sur sa vie et son engagement spirituel.<\/p>\n<h2>Un chemin vers la gratitude et la joie<\/h2>\n<p>La richesse des exp\u00e9riences v\u00e9cues en Italie a permis \u00e0 Sarah et Lara de d\u00e9velopper une profonde gratitude pour leur vie et leur foi. Chaque instant partag\u00e9 a \u00e9t\u00e9 une occasion de croissance personnelle et spirituelle. Elles ont pris conscience que la spiritualit\u00e9 ne se limite pas \u00e0 des rituels, mais se vit dans la connexion humaine et les \u00e9changes authentiques.<\/p>\n<p>De retour chez elles, elles ont continu\u00e9 \u00e0 r\u00e9fl\u00e9chir sur leur voyage, souhaitant int\u00e9grer ces le\u00e7ons dans leur vie quotidienne. Sarah a m\u00eame exprim\u00e9 son d\u00e9sir de ne jamais oublier la pr\u00e9sence de Dieu dans sa vie. Ce p\u00e8lerinage a \u00e9t\u00e9 plus qu&rsquo;un simple voyage ; c&rsquo;\u00e9tait une action de gr\u00e2ce pour leur parcours commun et un appel \u00e0 vivre leur foi de mani\u00e8re plus authentique.<\/p>\n<div class=\"va-port-keys\">\n<div class=\"va-port-kt\"><span aria-hidden=\"true\">\u2726<\/span> \u00c0 retenir<\/div>\n<ul>\n<li>Un p\u00e8lerinage de dix jours en Italie, guid\u00e9 par le p\u00e8re Mike Schmitz, v\u00e9cu \u00e0 deux : une fille et sa m\u00e8re.<\/li>\n<li>Des rencontres marquantes \u2014 le p\u00e8re Schmitz, le cardinal James Harvey, le recueillement devant Carlo Acutis.<\/li>\n<li>Un rituel quotidien de journal qui a transform\u00e9 chaque journ\u00e9e en moment de r\u00e9flexion et de gratitude.<\/li>\n<li>Un lien m\u00e8re-fille renforc\u00e9 et une foi raviv\u00e9e, prolong\u00e9s bien au-del\u00e0 du retour.<\/li>\n<\/ul>\n<\/div>\n<div class=\"va-port-faq\">\n<div>Questions fr\u00e9quentes<\/div>\n<details>\n<summary>En quoi consistait ce p\u00e8lerinage en Italie ?<\/summary>\n<div class=\"va-port-fa\">Il s&rsquo;agissait d&rsquo;un voyage spirituel de dix jours en Italie, guid\u00e9 par le p\u00e8re catholique Mike Schmitz, m\u00ealant visites culturelles et exploration profonde de la foi. Sarah l&rsquo;a v\u00e9cu aux c\u00f4t\u00e9s de sa m\u00e8re, Lara McKeown.<\/div>\n<\/details>\n<details>\n<summary>Qui guidait le voyage ?<\/summary>\n<div class=\"va-port-fa\">Le p\u00e8re Mike Schmitz, pr\u00eatre catholique reconnu, accompagnait le groupe. Sarah, qui le suivait d\u00e9j\u00e0 en ligne, a eu la chance de le rencontrer lors d&rsquo;une pause d\u00e9jeuner \u2014 un moment qu&rsquo;elle a v\u00e9cu comme particuli\u00e8rement marquant.<\/div>\n<\/details>\n<details>\n<summary>Quelles rencontres ont marqu\u00e9 le s\u00e9jour ?<\/summary>\n<div class=\"va-port-fa\">Outre le p\u00e8re Schmitz, elles ont rencontr\u00e9 le cardinal James Harvey \u00e0 la basilique papale de Saint-Paul-hors-les-murs. Le recueillement devant le corps de Carlo Acutis, jeune b\u00e9atifi\u00e9, a aussi profond\u00e9ment touch\u00e9 Sarah.<\/div>\n<\/details>\n<details>\n<summary>Qu&rsquo;est-ce que ce p\u00e8lerinage a chang\u00e9 pour Sarah et sa m\u00e8re ?<\/summary>\n<div class=\"va-port-fa\">Au-del\u00e0 du voyage, l&rsquo;exp\u00e9rience a renforc\u00e9 leur relation et raviv\u00e9 leur foi. Le rituel quotidien de tenir un journal les a aid\u00e9es \u00e0 capturer chaque moment, et Sarah en est ressortie avec de nouvelles perspectives sur sa propre vocation.<\/div>\n<\/details>\n<\/div>\n<\/div>\n","protected":false},"excerpt":{"rendered":"","protected":false},"author":34,"featured_media":18137,"comment_status":"open","ping_status":"open","sticky":false,"template":"","format":"standard","meta":{"_acf_changed":false,"manual_indexmenow":false,"indexmenow_id_project":0,"footnotes":""},"categories":[1],"tags":[3928,4672,4769,5688,5391],"class_list":["post-16632","post","type-post","status-publish","format-standard","has-post-thumbnail","hentry","category-a-la-une","tag-detente","tag-experiences","tag-immersion-culturelle","tag-relations-internationales","tag-voyage-spirituel","generate-columns","tablet-grid-50","mobile-grid-100","grid-parent","grid-25"],"acf":[],"yoast_head":"<!-- This site is optimized with the Yoast SEO Premium plugin v21.3 (Yoast SEO v25.1) - https:\/\/yoast.com\/wordpress\/plugins\/seo\/ -->\n<title>une m\u00e8re et sa fille en p\u00e8lerinage : un voyage spirituel<\/title>\n<meta name=\"description\" content=\"Dix jours en Italie sur les pas de leur foi : le voyage d&#039;une fille et de sa m\u00e8re, guid\u00e9es par le p\u00e8re Mike Schmitz, est devenu bien plus qu&#039;un p\u00e8lerinage\" \/>\n<meta name=\"robots\" content=\"index, follow, max-snippet:-1, max-image-preview:large, max-video-preview:-1\" \/>\n<link rel=\"canonical\" href=\"https:\/\/voyage-aventure.com\/blog\/a-la-une\/une-mere-et-sa-fille-en-pelerinage-un-voyage-spirituel-inoubliable-en-italie\/\" \/>\n<meta property=\"og:locale\" content=\"fr_FR\" \/>\n<meta property=\"og:type\" content=\"article\" \/>\n<meta property=\"og:title\" content=\"une m\u00e8re et sa fille en p\u00e8lerinage : un voyage spirituel\" \/>\n<meta property=\"og:description\" content=\"Dix jours en Italie sur les pas de leur foi : le voyage d&#039;une fille et de sa m\u00e8re, guid\u00e9es par le p\u00e8re Mike Schmitz, est devenu bien plus qu&#039;un p\u00e8lerinage\" \/>\n<meta property=\"og:url\" content=\"https:\/\/voyage-aventure.com\/blog\/a-la-une\/une-mere-et-sa-fille-en-pelerinage-un-voyage-spirituel-inoubliable-en-italie\/\" \/>\n<meta property=\"og:site_name\" content=\"voyage-aventure\" \/>\n<meta property=\"og:image\" content=\"https:\/\/voyage-aventure.com\/blog\/wp-content\/uploads\/2025\/04\/sdxl-4f2cfdc088fdf138386253e5be55c2ee.png\" \/>\n\t<meta property=\"og:image:width\" content=\"1536\" \/>\n\t<meta property=\"og:image:height\" content=\"640\" \/>\n\t<meta property=\"og:image:type\" content=\"image\/png\" \/>\n<meta name=\"author\" content=\"Camille Rouvray\" \/>\n<meta name=\"twitter:card\" content=\"summary_large_image\" \/>\n<script type=\"application\/ld+json\" class=\"yoast-schema-graph\">{\"@context\":\"https:\/\/schema.org\",\"@graph\":[{\"@type\":\"NewsArticle\",\"@id\":\"https:\/\/voyage-aventure.com\/blog\/a-la-une\/une-mere-et-sa-fille-en-pelerinage-un-voyage-spirituel-inoubliable-en-italie\/#article\",\"isPartOf\":{\"@id\":\"https:\/\/voyage-aventure.com\/blog\/a-la-une\/une-mere-et-sa-fille-en-pelerinage-un-voyage-spirituel-inoubliable-en-italie\/\"},\"author\":{\"name\":\"Camille Rouvray\",\"@id\":\"https:\/\/voyage-aventure.com\/blog\/#\/schema\/person\/3c864cdc320801e3db34b663e7e3f816\"},\"headline\":\"une m\u00e8re et sa fille en p\u00e8lerinage : un voyage spirituel inoubliable en italie\",\"datePublished\":\"2026-06-16T15:40:32+00:00\",\"mainEntityOfPage\":{\"@id\":\"https:\/\/voyage-aventure.com\/blog\/a-la-une\/une-mere-et-sa-fille-en-pelerinage-un-voyage-spirituel-inoubliable-en-italie\/\"},\"wordCount\":1153,\"commentCount\":22,\"publisher\":{\"@id\":\"https:\/\/voyage-aventure.com\/blog\/#organization\"},\"image\":{\"@id\":\"https:\/\/voyage-aventure.com\/blog\/a-la-une\/une-mere-et-sa-fille-en-pelerinage-un-voyage-spirituel-inoubliable-en-italie\/#primaryimage\"},\"thumbnailUrl\":\"https:\/\/voyage-aventure.com\/blog\/wp-content\/uploads\/2025\/04\/sdxl-4f2cfdc088fdf138386253e5be55c2ee.png\",\"keywords\":[\"D\u00e9tente\",\"Exp\u00e9riences\",\"Immersion Culturelle\",\"Relations Internationales\",\"Voyage Spirituel\"],\"articleSection\":[\"\u00c0 la une\"],\"inLanguage\":\"fr-FR\",\"potentialAction\":[{\"@type\":\"CommentAction\",\"name\":\"Comment\",\"target\":[\"https:\/\/voyage-aventure.com\/blog\/a-la-une\/une-mere-et-sa-fille-en-pelerinage-un-voyage-spirituel-inoubliable-en-italie\/#respond\"]}]},{\"@type\":\"WebPage\",\"@id\":\"https:\/\/voyage-aventure.com\/blog\/a-la-une\/une-mere-et-sa-fille-en-pelerinage-un-voyage-spirituel-inoubliable-en-italie\/\",\"url\":\"https:\/\/voyage-aventure.com\/blog\/a-la-une\/une-mere-et-sa-fille-en-pelerinage-un-voyage-spirituel-inoubliable-en-italie\/\",\"name\":\"une m\u00e8re et sa fille en p\u00e8lerinage : un voyage spirituel\",\"isPartOf\":{\"@id\":\"https:\/\/voyage-aventure.com\/blog\/#website\"},\"primaryImageOfPage\":{\"@id\":\"https:\/\/voyage-aventure.com\/blog\/a-la-une\/une-mere-et-sa-fille-en-pelerinage-un-voyage-spirituel-inoubliable-en-italie\/#primaryimage\"},\"image\":{\"@id\":\"https:\/\/voyage-aventure.com\/blog\/a-la-une\/une-mere-et-sa-fille-en-pelerinage-un-voyage-spirituel-inoubliable-en-italie\/#primaryimage\"},\"thumbnailUrl\":\"https:\/\/voyage-aventure.com\/blog\/wp-content\/uploads\/2025\/04\/sdxl-4f2cfdc088fdf138386253e5be55c2ee.png\",\"datePublished\":\"2026-06-16T15:40:32+00:00\",\"description\":\"Dix jours en Italie sur les pas de leur foi : le voyage d'une fille et de sa m\u00e8re, guid\u00e9es par le p\u00e8re Mike Schmitz, est devenu bien plus qu'un p\u00e8lerinage\",\"inLanguage\":\"fr-FR\",\"potentialAction\":[{\"@type\":\"ReadAction\",\"target\":[\"https:\/\/voyage-aventure.com\/blog\/a-la-une\/une-mere-et-sa-fille-en-pelerinage-un-voyage-spirituel-inoubliable-en-italie\/\"]}]},{\"@type\":\"ImageObject\",\"inLanguage\":\"fr-FR\",\"@id\":\"https:\/\/voyage-aventure.com\/blog\/a-la-une\/une-mere-et-sa-fille-en-pelerinage-un-voyage-spirituel-inoubliable-en-italie\/#primaryimage\",\"url\":\"https:\/\/voyage-aventure.com\/blog\/wp-content\/uploads\/2025\/04\/sdxl-4f2cfdc088fdf138386253e5be55c2ee.png\",\"contentUrl\":\"https:\/\/voyage-aventure.com\/blog\/wp-content\/uploads\/2025\/04\/sdxl-4f2cfdc088fdf138386253e5be55c2ee.png\",\"width\":1536,\"height\":640},{\"@type\":\"WebSite\",\"@id\":\"https:\/\/voyage-aventure.com\/blog\/#website\",\"url\":\"https:\/\/voyage-aventure.com\/blog\/\",\"name\":\"voyage-aventure.com\",\"description\":\"Votre passeport pour l\u2019inattendu.\",\"publisher\":{\"@id\":\"https:\/\/voyage-aventure.com\/blog\/#organization\"},\"alternateName\":\"Votre passeport pour l\u2019inattendu.\",\"potentialAction\":[{\"@type\":\"SearchAction\",\"target\":{\"@type\":\"EntryPoint\",\"urlTemplate\":\"https:\/\/voyage-aventure.com\/blog\/?s={search_term_string}\"},\"query-input\":{\"@type\":\"PropertyValueSpecification\",\"valueRequired\":true,\"valueName\":\"search_term_string\"}}],\"inLanguage\":\"fr-FR\"},{\"@type\":\"Organization\",\"@id\":\"https:\/\/voyage-aventure.com\/blog\/#organization\",\"name\":\"Foretsensations.fr\",\"url\":\"https:\/\/voyage-aventure.com\/blog\/\",\"logo\":{\"@type\":\"ImageObject\",\"inLanguage\":\"fr-FR\",\"@id\":\"https:\/\/voyage-aventure.com\/blog\/#\/schema\/logo\/image\/\",\"url\":\"https:\/\/voyage-aventure.com\/blog\/wp-content\/uploads\/2024\/12\/19.png\",\"contentUrl\":\"https:\/\/voyage-aventure.com\/blog\/wp-content\/uploads\/2024\/12\/19.png\",\"width\":512,\"height\":512,\"caption\":\"Foretsensations.fr\"},\"image\":{\"@id\":\"https:\/\/voyage-aventure.com\/blog\/#\/schema\/logo\/image\/\"}},{\"@type\":\"Person\",\"@id\":\"https:\/\/voyage-aventure.com\/blog\/#\/schema\/person\/3c864cdc320801e3db34b663e7e3f816\",\"name\":\"Camille Rouvray\",\"image\":{\"@type\":\"ImageObject\",\"inLanguage\":\"fr-FR\",\"@id\":\"https:\/\/voyage-aventure.com\/blog\/#\/schema\/person\/image\/\",\"url\":\"https:\/\/voyage-aventure.com\/blog\/wp-content\/uploads\/2026\/06\/persona_camille-r-96x96.jpg\",\"contentUrl\":\"https:\/\/voyage-aventure.com\/blog\/wp-content\/uploads\/2026\/06\/persona_camille-r-96x96.jpg\",\"caption\":\"Camille Rouvray\"},\"description\":\"Je voyage et j'\u00e9cris sur le voyage depuis une douzaine d'ann\u00e9es, d'abord en tant que routarde au long cours, puis comme r\u00e9dactrice sp\u00e9cialis\u00e9e. Mon terrain de pr\u00e9dilection, ce sont les circuits organis\u00e9s et l'art de bien pr\u00e9parer un itin\u00e9raire : choix de la saison, dur\u00e9e r\u00e9aliste des \u00e9tapes, budget jour par jour, logement et transport sur place. J'aime aussi raconter les p\u00e9pites urbaines, ces adresses qu'on ne trouve pas dans les guides classiques. Avant de publier un dossier destination, je croise toujours plusieurs sources, je v\u00e9rifie les tarifs et les formalit\u00e9s d'entr\u00e9e \u00e0 jour, et je teste moi-m\u00eame quand je le peux. Mon angle reste pratique avant tout : aider le lecteur \u00e0 partir l'esprit tranquille, sans mauvaise surprise une fois sur place. Je m'attache \u00e0 distinguer le coup de c\u0153ur sinc\u00e8re du simple argument marketing.\",\"sameAs\":[\"https:\/\/camillerouvray.fr\/\"],\"url\":\"https:\/\/voyage-aventure.com\/blog\/auteur\/noname\/\"}]}<\/script>\n<!-- \/ Yoast SEO Premium plugin. -->","yoast_head_json":{"title":"une m\u00e8re et sa fille en p\u00e8lerinage : un voyage spirituel","description":"Dix jours en Italie sur les pas de leur foi : le voyage d'une fille et de sa m\u00e8re, guid\u00e9es par le p\u00e8re Mike Schmitz, est devenu bien plus qu'un p\u00e8lerinage","robots":{"index":"index","follow":"follow","max-snippet":"max-snippet:-1","max-image-preview":"max-image-preview:large","max-video-preview":"max-video-preview:-1"},"canonical":"https:\/\/voyage-aventure.com\/blog\/a-la-une\/une-mere-et-sa-fille-en-pelerinage-un-voyage-spirituel-inoubliable-en-italie\/","og_locale":"fr_FR","og_type":"article","og_title":"une m\u00e8re et sa fille en p\u00e8lerinage : un voyage spirituel","og_description":"Dix jours en Italie sur les pas de leur foi : le voyage d'une fille et de sa m\u00e8re, guid\u00e9es par le p\u00e8re Mike Schmitz, est devenu bien plus qu'un p\u00e8lerinage","og_url":"https:\/\/voyage-aventure.com\/blog\/a-la-une\/une-mere-et-sa-fille-en-pelerinage-un-voyage-spirituel-inoubliable-en-italie\/","og_site_name":"voyage-aventure","og_image":[{"width":1536,"height":640,"url":"https:\/\/voyage-aventure.com\/blog\/wp-content\/uploads\/2025\/04\/sdxl-4f2cfdc088fdf138386253e5be55c2ee.png","type":"image\/png"}],"author":"Camille Rouvray","twitter_card":"summary_large_image","schema":{"@context":"https:\/\/schema.org","@graph":[{"@type":"NewsArticle","@id":"https:\/\/voyage-aventure.com\/blog\/a-la-une\/une-mere-et-sa-fille-en-pelerinage-un-voyage-spirituel-inoubliable-en-italie\/#article","isPartOf":{"@id":"https:\/\/voyage-aventure.com\/blog\/a-la-une\/une-mere-et-sa-fille-en-pelerinage-un-voyage-spirituel-inoubliable-en-italie\/"},"author":{"name":"Camille Rouvray","@id":"https:\/\/voyage-aventure.com\/blog\/#\/schema\/person\/3c864cdc320801e3db34b663e7e3f816"},"headline":"une m\u00e8re et sa fille en p\u00e8lerinage : un voyage spirituel inoubliable en italie","datePublished":"2026-06-16T15:40:32+00:00","mainEntityOfPage":{"@id":"https:\/\/voyage-aventure.com\/blog\/a-la-une\/une-mere-et-sa-fille-en-pelerinage-un-voyage-spirituel-inoubliable-en-italie\/"},"wordCount":1153,"commentCount":22,"publisher":{"@id":"https:\/\/voyage-aventure.com\/blog\/#organization"},"image":{"@id":"https:\/\/voyage-aventure.com\/blog\/a-la-une\/une-mere-et-sa-fille-en-pelerinage-un-voyage-spirituel-inoubliable-en-italie\/#primaryimage"},"thumbnailUrl":"https:\/\/voyage-aventure.com\/blog\/wp-content\/uploads\/2025\/04\/sdxl-4f2cfdc088fdf138386253e5be55c2ee.png","keywords":["D\u00e9tente","Exp\u00e9riences","Immersion Culturelle","Relations Internationales","Voyage Spirituel"],"articleSection":["\u00c0 la une"],"inLanguage":"fr-FR","potentialAction":[{"@type":"CommentAction","name":"Comment","target":["https:\/\/voyage-aventure.com\/blog\/a-la-une\/une-mere-et-sa-fille-en-pelerinage-un-voyage-spirituel-inoubliable-en-italie\/#respond"]}]},{"@type":"WebPage","@id":"https:\/\/voyage-aventure.com\/blog\/a-la-une\/une-mere-et-sa-fille-en-pelerinage-un-voyage-spirituel-inoubliable-en-italie\/","url":"https:\/\/voyage-aventure.com\/blog\/a-la-une\/une-mere-et-sa-fille-en-pelerinage-un-voyage-spirituel-inoubliable-en-italie\/","name":"une m\u00e8re et sa fille en p\u00e8lerinage : un voyage spirituel","isPartOf":{"@id":"https:\/\/voyage-aventure.com\/blog\/#website"},"primaryImageOfPage":{"@id":"https:\/\/voyage-aventure.com\/blog\/a-la-une\/une-mere-et-sa-fille-en-pelerinage-un-voyage-spirituel-inoubliable-en-italie\/#primaryimage"},"image":{"@id":"https:\/\/voyage-aventure.com\/blog\/a-la-une\/une-mere-et-sa-fille-en-pelerinage-un-voyage-spirituel-inoubliable-en-italie\/#primaryimage"},"thumbnailUrl":"https:\/\/voyage-aventure.com\/blog\/wp-content\/uploads\/2025\/04\/sdxl-4f2cfdc088fdf138386253e5be55c2ee.png","datePublished":"2026-06-16T15:40:32+00:00","description":"Dix jours en Italie sur les pas de leur foi : le voyage d'une fille et de sa m\u00e8re, guid\u00e9es par le p\u00e8re Mike Schmitz, est devenu bien plus qu'un p\u00e8lerinage","inLanguage":"fr-FR","potentialAction":[{"@type":"ReadAction","target":["https:\/\/voyage-aventure.com\/blog\/a-la-une\/une-mere-et-sa-fille-en-pelerinage-un-voyage-spirituel-inoubliable-en-italie\/"]}]},{"@type":"ImageObject","inLanguage":"fr-FR","@id":"https:\/\/voyage-aventure.com\/blog\/a-la-une\/une-mere-et-sa-fille-en-pelerinage-un-voyage-spirituel-inoubliable-en-italie\/#primaryimage","url":"https:\/\/voyage-aventure.com\/blog\/wp-content\/uploads\/2025\/04\/sdxl-4f2cfdc088fdf138386253e5be55c2ee.png","contentUrl":"https:\/\/voyage-aventure.com\/blog\/wp-content\/uploads\/2025\/04\/sdxl-4f2cfdc088fdf138386253e5be55c2ee.png","width":1536,"height":640},{"@type":"WebSite","@id":"https:\/\/voyage-aventure.com\/blog\/#website","url":"https:\/\/voyage-aventure.com\/blog\/","name":"voyage-aventure.com","description":"Votre passeport pour l\u2019inattendu.","publisher":{"@id":"https:\/\/voyage-aventure.com\/blog\/#organization"},"alternateName":"Votre passeport pour l\u2019inattendu.","potentialAction":[{"@type":"SearchAction","target":{"@type":"EntryPoint","urlTemplate":"https:\/\/voyage-aventure.com\/blog\/?s={search_term_string}"},"query-input":{"@type":"PropertyValueSpecification","valueRequired":true,"valueName":"search_term_string"}}],"inLanguage":"fr-FR"},{"@type":"Organization","@id":"https:\/\/voyage-aventure.com\/blog\/#organization","name":"Foretsensations.fr","url":"https:\/\/voyage-aventure.com\/blog\/","logo":{"@type":"ImageObject","inLanguage":"fr-FR","@id":"https:\/\/voyage-aventure.com\/blog\/#\/schema\/logo\/image\/","url":"https:\/\/voyage-aventure.com\/blog\/wp-content\/uploads\/2024\/12\/19.png","contentUrl":"https:\/\/voyage-aventure.com\/blog\/wp-content\/uploads\/2024\/12\/19.png","width":512,"height":512,"caption":"Foretsensations.fr"},"image":{"@id":"https:\/\/voyage-aventure.com\/blog\/#\/schema\/logo\/image\/"}},{"@type":"Person","@id":"https:\/\/voyage-aventure.com\/blog\/#\/schema\/person\/3c864cdc320801e3db34b663e7e3f816","name":"Camille Rouvray","image":{"@type":"ImageObject","inLanguage":"fr-FR","@id":"https:\/\/voyage-aventure.com\/blog\/#\/schema\/person\/image\/","url":"https:\/\/voyage-aventure.com\/blog\/wp-content\/uploads\/2026\/06\/persona_camille-r-96x96.jpg","contentUrl":"https:\/\/voyage-aventure.com\/blog\/wp-content\/uploads\/2026\/06\/persona_camille-r-96x96.jpg","caption":"Camille Rouvray"},"description":"Je voyage et j'\u00e9cris sur le voyage depuis une douzaine d'ann\u00e9es, d'abord en tant que routarde au long cours, puis comme r\u00e9dactrice sp\u00e9cialis\u00e9e. Mon terrain de pr\u00e9dilection, ce sont les circuits organis\u00e9s et l'art de bien pr\u00e9parer un itin\u00e9raire : choix de la saison, dur\u00e9e r\u00e9aliste des \u00e9tapes, budget jour par jour, logement et transport sur place. J'aime aussi raconter les p\u00e9pites urbaines, ces adresses qu'on ne trouve pas dans les guides classiques. Avant de publier un dossier destination, je croise toujours plusieurs sources, je v\u00e9rifie les tarifs et les formalit\u00e9s d'entr\u00e9e \u00e0 jour, et je teste moi-m\u00eame quand je le peux. Mon angle reste pratique avant tout : aider le lecteur \u00e0 partir l'esprit tranquille, sans mauvaise surprise une fois sur place. Je m'attache \u00e0 distinguer le coup de c\u0153ur sinc\u00e8re du simple argument marketing.","sameAs":["https:\/\/camillerouvray.fr\/"],"url":"https:\/\/voyage-aventure.com\/blog\/auteur\/noname\/"}]}},"_links":{"self":[{"href":"https:\/\/voyage-aventure.com\/blog\/wp-json\/wp\/v2\/posts\/16632","targetHints":{"allow":["GET"]}}],"collection":[{"href":"https:\/\/voyage-aventure.com\/blog\/wp-json\/wp\/v2\/posts"}],"about":[{"href":"https:\/\/voyage-aventure.com\/blog\/wp-json\/wp\/v2\/types\/post"}],"author":[{"embeddable":true,"href":"https:\/\/voyage-aventure.com\/blog\/wp-json\/wp\/v2\/users\/34"}],"replies":[{"embeddable":true,"href":"https:\/\/voyage-aventure.com\/blog\/wp-json\/wp\/v2\/comments?post=16632"}],"version-history":[{"count":2,"href":"https:\/\/voyage-aventure.com\/blog\/wp-json\/wp\/v2\/posts\/16632\/revisions"}],"predecessor-version":[{"id":22970,"href":"https:\/\/voyage-aventure.com\/blog\/wp-json\/wp\/v2\/posts\/16632\/revisions\/22970"}],"wp:featuredmedia":[{"embeddable":true,"href":"https:\/\/voyage-aventure.com\/blog\/wp-json\/wp\/v2\/media\/18137"}],"wp:attachment":[{"href":"https:\/\/voyage-aventure.com\/blog\/wp-json\/wp\/v2\/media?parent=16632"}],"wp:term":[{"taxonomy":"category","embeddable":true,"href":"https:\/\/voyage-aventure.com\/blog\/wp-json\/wp\/v2\/categories?post=16632"},{"taxonomy":"post_tag","embeddable":true,"href":"https:\/\/voyage-aventure.com\/blog\/wp-json\/wp\/v2\/tags?post=16632"}],"curies":[{"name":"wp","href":"https:\/\/api.w.org\/{rel}","templated":true}]}}