{"id":16611,"date":"2025-03-27T13:50:37","date_gmt":"2025-03-27T12:50:37","guid":{"rendered":"https:\/\/voyage-aventure.com\/blog\/?p=16611"},"modified":"2025-03-27T13:50:37","modified_gmt":"2025-03-27T12:50:37","slug":"decouvrez-minorque-une-semaine-de-reve-a-moins-de-310e-sous-le-soleil","status":"publish","type":"post","link":"https:\/\/voyage-aventure.com\/blog\/a-la-une\/decouvrez-minorque-une-semaine-de-reve-a-moins-de-310e-sous-le-soleil\/","title":{"rendered":"D\u00e9couvrez Minorque : une semaine de r\u00eave \u00e0 moins de 310\u20ac sous le soleil"},"content":{"rendered":"<h2>Une escapade ensoleill\u00e9e \u00e0 Minorque<\/h2>\n<p>Partez \u00e0 la d\u00e9couverte de Minorque, une \u00eele m\u00e9diterran\u00e9enne qui vous promet des vacances inoubliables. En seulement sept jours, vous pouvez profiter de ses plages de sable fin et de ses eaux cristallines sans vous ruiner. Pour moins de 310\u20ac, vous aurez acc\u00e8s \u00e0 un appart&rsquo;h\u00f4tel tout confort, id\u00e9alement situ\u00e9 \u00e0 proximit\u00e9 des plus belles criques.<\/p>\n<p>Le Pierre &amp; Vacances Menorca Cala Blanes vous attend pour vous offrir un s\u00e9jour relaxant. Ce complexe bien not\u00e9 dispose d&rsquo;une piscine rafra\u00eechissante, d&rsquo;appartements enti\u00e8rement \u00e9quip\u00e9s et d&rsquo;un acc\u00e8s direct \u00e0 la plage. Imaginez-vous, le matin, savourant un caf\u00e9 sur votre balcon tout en admirant la mer turquoise.<\/p>\n<h2>Les attraits de Minorque<\/h2>\n<p>Minorque est c\u00e9l\u00e8bre pour sa beaut\u00e9 naturelle et sa tranquillit\u00e9. Loin du tourisme de masse, cette \u00eele offre des paysages pr\u00e9serv\u00e9s et des villages pittoresques. Vous pourrez explorer les charmantes rues de Ciutadella ou vous aventurer dans le parc naturel de S&rsquo;Albufera des Grau, un v\u00e9ritable havre de paix pour les amoureux de la nature.<\/p>\n<p>Au-del\u00e0 de ses paysages, Minorque est \u00e9galement riche en culture. Les vestiges pr\u00e9historiques, tels que les navetes, t\u00e9moignent de l&rsquo;histoire ancienne de l&rsquo;\u00eele. Les festivit\u00e9s locales, comme les f\u00eates de Sant Joan, vous plongeront dans les traditions vivantes de cette destination unique.<\/p>\n<h2>Des vacances \u00e0 prix doux<\/h2>\n<p>Profiter de vacances \u00e0 Minorque n&rsquo;a jamais \u00e9t\u00e9 aussi abordable. Gr\u00e2ce \u00e0 des offres exceptionnelles, vous pouvez r\u00e9server votre s\u00e9jour \u00e0 partir de 306\u20ac par personne, vol aller-retour inclus. Que vous soyez en couple, en famille ou entre amis, il existe de nombreuses options pour adapter votre voyage \u00e0 vos besoins.<\/p>\n<p>Voici quelques points \u00e0 consid\u00e9rer pour maximiser votre exp\u00e9rience :<\/p>\n<ul>\n<li>Choisissez vos dates en fonction des disponibilit\u00e9s pour b\u00e9n\u00e9ficier des meilleurs prix.<\/li>\n<li>Privil\u00e9giez les s\u00e9jours hors saison pour \u00e9viter la foule et profiter de prix plus bas.<\/li>\n<li>Utilisez des comparateurs de vols pour trouver les meilleures offres selon votre a\u00e9roport de d\u00e9part.<\/li>\n<\/ul>\n<blockquote><p>\n    \u00ab\u00a0Minorque est une \u00eele o\u00f9 le temps semble s&rsquo;arr\u00eater, un lieu id\u00e9al pour se ressourcer et se reconnecter avec soi-m\u00eame.\u00a0\u00bb\n<\/p><\/blockquote>\n<p>En somme, Minorque est la destination parfaite pour ceux qui recherchent des vacances relaxantes \u00e0 petit prix. Avec ses nombreuses activit\u00e9s, ses plages idylliques et son ambiance paisible, il est temps de faire vos valises pour un s\u00e9jour de r\u00eave.<\/p>\n<p>N&rsquo;attendez plus pour r\u00e9server votre escapade ensoleill\u00e9e ! Avec des vols directs depuis Paris et Marseille, acc\u00e9der \u00e0 cette perle m\u00e9diterran\u00e9enne est plus simple que jamais. Prenez le temps de profiter de chaque instant et de vous impr\u00e9gner de la douceur de vivre de Minorque.<\/p>\n","protected":false},"excerpt":{"rendered":"","protected":false},"author":34,"featured_media":20168,"comment_status":"open","ping_status":"open","sticky":false,"template":"","format":"standard","meta":{"_acf_changed":false,"manual_indexmenow":false,"indexmenow_id_project":0,"footnotes":""},"categories":[1],"tags":[4538,4527,4530,4535,4528],"class_list":["post-16611","post","type-post","status-publish","format-standard","has-post-thumbnail","hentry","category-a-la-une","tag-activites-variees","tag-decouverte-culturelle","tag-escapade-en-europe","tag-gastronomie-locale","tag-hebergement-abordable","generate-columns","tablet-grid-50","mobile-grid-100","grid-parent","grid-25"],"acf":[],"yoast_head":"<!-- This site is optimized with the Yoast SEO Premium plugin v21.3 (Yoast SEO v25.1) - https:\/\/yoast.com\/wordpress\/plugins\/seo\/ -->\n<title>D\u00e9couvrez Minorque : une semaine de r\u00eave \u00e0 moins de 310\u20ac<\/title>\n<meta name=\"description\" content=\"Partez \u00e0 la d\u00e9couverte de Minorque, une \u00eele m\u00e9diterran\u00e9enne qui vous promet des vacances inoubliables. En seulement sept jours, vous pouvez profiter de\" \/>\n<meta name=\"robots\" content=\"index, follow, max-snippet:-1, max-image-preview:large, max-video-preview:-1\" \/>\n<link rel=\"canonical\" href=\"https:\/\/voyage-aventure.com\/blog\/a-la-une\/decouvrez-minorque-une-semaine-de-reve-a-moins-de-310e-sous-le-soleil\/\" \/>\n<meta property=\"og:locale\" content=\"fr_FR\" \/>\n<meta property=\"og:type\" content=\"article\" \/>\n<meta property=\"og:title\" content=\"D\u00e9couvrez Minorque : une semaine de r\u00eave \u00e0 moins de 310\u20ac\" \/>\n<meta property=\"og:description\" content=\"Partez \u00e0 la d\u00e9couverte de Minorque, une \u00eele m\u00e9diterran\u00e9enne qui vous promet des vacances inoubliables. En seulement sept jours, vous pouvez profiter de\" \/>\n<meta property=\"og:url\" content=\"https:\/\/voyage-aventure.com\/blog\/a-la-une\/decouvrez-minorque-une-semaine-de-reve-a-moins-de-310e-sous-le-soleil\/\" \/>\n<meta property=\"og:site_name\" content=\"voyage-aventure\" \/>\n<meta property=\"og:image\" content=\"https:\/\/voyage-aventure.com\/blog\/wp-content\/uploads\/2025\/05\/sdxl-cab65796a2b645d707f31beba73c5509-scaled.png\" \/>\n\t<meta property=\"og:image:width\" content=\"1200\" \/>\n\t<meta property=\"og:image:height\" content=\"500\" \/>\n\t<meta property=\"og:image:type\" content=\"image\/png\" \/>\n<meta name=\"author\" content=\"Camille Rouvray\" \/>\n<meta name=\"twitter:card\" content=\"summary_large_image\" \/>\n<script type=\"application\/ld+json\" class=\"yoast-schema-graph\">{\"@context\":\"https:\/\/schema.org\",\"@graph\":[{\"@type\":\"NewsArticle\",\"@id\":\"https:\/\/voyage-aventure.com\/blog\/a-la-une\/decouvrez-minorque-une-semaine-de-reve-a-moins-de-310e-sous-le-soleil\/#article\",\"isPartOf\":{\"@id\":\"https:\/\/voyage-aventure.com\/blog\/a-la-une\/decouvrez-minorque-une-semaine-de-reve-a-moins-de-310e-sous-le-soleil\/\"},\"author\":{\"name\":\"Camille Rouvray\",\"@id\":\"https:\/\/voyage-aventure.com\/blog\/#\/schema\/person\/3c864cdc320801e3db34b663e7e3f816\"},\"headline\":\"D\u00e9couvrez Minorque : une semaine de r\u00eave \u00e0 moins de 310\u20ac sous le soleil\",\"datePublished\":\"2025-03-27T12:50:37+00:00\",\"mainEntityOfPage\":{\"@id\":\"https:\/\/voyage-aventure.com\/blog\/a-la-une\/decouvrez-minorque-une-semaine-de-reve-a-moins-de-310e-sous-le-soleil\/\"},\"wordCount\":474,\"commentCount\":20,\"publisher\":{\"@id\":\"https:\/\/voyage-aventure.com\/blog\/#organization\"},\"image\":{\"@id\":\"https:\/\/voyage-aventure.com\/blog\/a-la-une\/decouvrez-minorque-une-semaine-de-reve-a-moins-de-310e-sous-le-soleil\/#primaryimage\"},\"thumbnailUrl\":\"https:\/\/voyage-aventure.com\/blog\/wp-content\/uploads\/2025\/05\/sdxl-cab65796a2b645d707f31beba73c5509-scaled.png\",\"keywords\":[\"Activit\u00e9s Vari\u00e9es\",\"D\u00e9couverte Culturelle\",\"Escapade en Europe\",\"Gastronomie Locale\",\"H\u00e9bergement Abordable\"],\"articleSection\":[\"\u00c0 la une\"],\"inLanguage\":\"fr-FR\",\"potentialAction\":[{\"@type\":\"CommentAction\",\"name\":\"Comment\",\"target\":[\"https:\/\/voyage-aventure.com\/blog\/a-la-une\/decouvrez-minorque-une-semaine-de-reve-a-moins-de-310e-sous-le-soleil\/#respond\"]}]},{\"@type\":\"WebPage\",\"@id\":\"https:\/\/voyage-aventure.com\/blog\/a-la-une\/decouvrez-minorque-une-semaine-de-reve-a-moins-de-310e-sous-le-soleil\/\",\"url\":\"https:\/\/voyage-aventure.com\/blog\/a-la-une\/decouvrez-minorque-une-semaine-de-reve-a-moins-de-310e-sous-le-soleil\/\",\"name\":\"D\u00e9couvrez Minorque : une semaine de r\u00eave \u00e0 moins de 310\u20ac\",\"isPartOf\":{\"@id\":\"https:\/\/voyage-aventure.com\/blog\/#website\"},\"primaryImageOfPage\":{\"@id\":\"https:\/\/voyage-aventure.com\/blog\/a-la-une\/decouvrez-minorque-une-semaine-de-reve-a-moins-de-310e-sous-le-soleil\/#primaryimage\"},\"image\":{\"@id\":\"https:\/\/voyage-aventure.com\/blog\/a-la-une\/decouvrez-minorque-une-semaine-de-reve-a-moins-de-310e-sous-le-soleil\/#primaryimage\"},\"thumbnailUrl\":\"https:\/\/voyage-aventure.com\/blog\/wp-content\/uploads\/2025\/05\/sdxl-cab65796a2b645d707f31beba73c5509-scaled.png\",\"datePublished\":\"2025-03-27T12:50:37+00:00\",\"description\":\"Partez \u00e0 la d\u00e9couverte de Minorque, une \u00eele m\u00e9diterran\u00e9enne qui vous promet des vacances inoubliables. En seulement sept jours, vous pouvez profiter de\",\"inLanguage\":\"fr-FR\",\"potentialAction\":[{\"@type\":\"ReadAction\",\"target\":[\"https:\/\/voyage-aventure.com\/blog\/a-la-une\/decouvrez-minorque-une-semaine-de-reve-a-moins-de-310e-sous-le-soleil\/\"]}]},{\"@type\":\"ImageObject\",\"inLanguage\":\"fr-FR\",\"@id\":\"https:\/\/voyage-aventure.com\/blog\/a-la-une\/decouvrez-minorque-une-semaine-de-reve-a-moins-de-310e-sous-le-soleil\/#primaryimage\",\"url\":\"https:\/\/voyage-aventure.com\/blog\/wp-content\/uploads\/2025\/05\/sdxl-cab65796a2b645d707f31beba73c5509-scaled.png\",\"contentUrl\":\"https:\/\/voyage-aventure.com\/blog\/wp-content\/uploads\/2025\/05\/sdxl-cab65796a2b645d707f31beba73c5509-scaled.png\",\"width\":1200,\"height\":500},{\"@type\":\"WebSite\",\"@id\":\"https:\/\/voyage-aventure.com\/blog\/#website\",\"url\":\"https:\/\/voyage-aventure.com\/blog\/\",\"name\":\"voyage-aventure.com\",\"description\":\"Votre passeport pour l\u2019inattendu.\",\"publisher\":{\"@id\":\"https:\/\/voyage-aventure.com\/blog\/#organization\"},\"alternateName\":\"Votre passeport pour l\u2019inattendu.\",\"potentialAction\":[{\"@type\":\"SearchAction\",\"target\":{\"@type\":\"EntryPoint\",\"urlTemplate\":\"https:\/\/voyage-aventure.com\/blog\/?s={search_term_string}\"},\"query-input\":{\"@type\":\"PropertyValueSpecification\",\"valueRequired\":true,\"valueName\":\"search_term_string\"}}],\"inLanguage\":\"fr-FR\"},{\"@type\":\"Organization\",\"@id\":\"https:\/\/voyage-aventure.com\/blog\/#organization\",\"name\":\"Foretsensations.fr\",\"url\":\"https:\/\/voyage-aventure.com\/blog\/\",\"logo\":{\"@type\":\"ImageObject\",\"inLanguage\":\"fr-FR\",\"@id\":\"https:\/\/voyage-aventure.com\/blog\/#\/schema\/logo\/image\/\",\"url\":\"https:\/\/voyage-aventure.com\/blog\/wp-content\/uploads\/2024\/12\/19.png\",\"contentUrl\":\"https:\/\/voyage-aventure.com\/blog\/wp-content\/uploads\/2024\/12\/19.png\",\"width\":512,\"height\":512,\"caption\":\"Foretsensations.fr\"},\"image\":{\"@id\":\"https:\/\/voyage-aventure.com\/blog\/#\/schema\/logo\/image\/\"}},{\"@type\":\"Person\",\"@id\":\"https:\/\/voyage-aventure.com\/blog\/#\/schema\/person\/3c864cdc320801e3db34b663e7e3f816\",\"name\":\"Camille Rouvray\",\"image\":{\"@type\":\"ImageObject\",\"inLanguage\":\"fr-FR\",\"@id\":\"https:\/\/voyage-aventure.com\/blog\/#\/schema\/person\/image\/\",\"url\":\"https:\/\/voyage-aventure.com\/blog\/wp-content\/uploads\/2026\/06\/persona_camille-r-96x96.jpg\",\"contentUrl\":\"https:\/\/voyage-aventure.com\/blog\/wp-content\/uploads\/2026\/06\/persona_camille-r-96x96.jpg\",\"caption\":\"Camille Rouvray\"},\"description\":\"Je voyage et j'\u00e9cris sur le voyage depuis une douzaine d'ann\u00e9es, d'abord en tant que routarde au long cours, puis comme r\u00e9dactrice sp\u00e9cialis\u00e9e. Mon terrain de pr\u00e9dilection, ce sont les circuits organis\u00e9s et l'art de bien pr\u00e9parer un itin\u00e9raire : choix de la saison, dur\u00e9e r\u00e9aliste des \u00e9tapes, budget jour par jour, logement et transport sur place. J'aime aussi raconter les p\u00e9pites urbaines, ces adresses qu'on ne trouve pas dans les guides classiques. Avant de publier un dossier destination, je croise toujours plusieurs sources, je v\u00e9rifie les tarifs et les formalit\u00e9s d'entr\u00e9e \u00e0 jour, et je teste moi-m\u00eame quand je le peux. Mon angle reste pratique avant tout : aider le lecteur \u00e0 partir l'esprit tranquille, sans mauvaise surprise une fois sur place. Je m'attache \u00e0 distinguer le coup de c\u0153ur sinc\u00e8re du simple argument marketing.\",\"sameAs\":[\"https:\/\/camillerouvray.fr\/\"],\"url\":\"https:\/\/voyage-aventure.com\/blog\/auteur\/noname\/\"}]}<\/script>\n<!-- \/ Yoast SEO Premium plugin. -->","yoast_head_json":{"title":"D\u00e9couvrez Minorque : une semaine de r\u00eave \u00e0 moins de 310\u20ac","description":"Partez \u00e0 la d\u00e9couverte de Minorque, une \u00eele m\u00e9diterran\u00e9enne qui vous promet des vacances inoubliables. En seulement sept jours, vous pouvez profiter de","robots":{"index":"index","follow":"follow","max-snippet":"max-snippet:-1","max-image-preview":"max-image-preview:large","max-video-preview":"max-video-preview:-1"},"canonical":"https:\/\/voyage-aventure.com\/blog\/a-la-une\/decouvrez-minorque-une-semaine-de-reve-a-moins-de-310e-sous-le-soleil\/","og_locale":"fr_FR","og_type":"article","og_title":"D\u00e9couvrez Minorque : une semaine de r\u00eave \u00e0 moins de 310\u20ac","og_description":"Partez \u00e0 la d\u00e9couverte de Minorque, une \u00eele m\u00e9diterran\u00e9enne qui vous promet des vacances inoubliables. En seulement sept jours, vous pouvez profiter de","og_url":"https:\/\/voyage-aventure.com\/blog\/a-la-une\/decouvrez-minorque-une-semaine-de-reve-a-moins-de-310e-sous-le-soleil\/","og_site_name":"voyage-aventure","og_image":[{"width":1200,"height":500,"url":"https:\/\/voyage-aventure.com\/blog\/wp-content\/uploads\/2025\/05\/sdxl-cab65796a2b645d707f31beba73c5509-scaled.png","type":"image\/png"}],"author":"Camille Rouvray","twitter_card":"summary_large_image","schema":{"@context":"https:\/\/schema.org","@graph":[{"@type":"NewsArticle","@id":"https:\/\/voyage-aventure.com\/blog\/a-la-une\/decouvrez-minorque-une-semaine-de-reve-a-moins-de-310e-sous-le-soleil\/#article","isPartOf":{"@id":"https:\/\/voyage-aventure.com\/blog\/a-la-une\/decouvrez-minorque-une-semaine-de-reve-a-moins-de-310e-sous-le-soleil\/"},"author":{"name":"Camille Rouvray","@id":"https:\/\/voyage-aventure.com\/blog\/#\/schema\/person\/3c864cdc320801e3db34b663e7e3f816"},"headline":"D\u00e9couvrez Minorque : une semaine de r\u00eave \u00e0 moins de 310\u20ac sous le soleil","datePublished":"2025-03-27T12:50:37+00:00","mainEntityOfPage":{"@id":"https:\/\/voyage-aventure.com\/blog\/a-la-une\/decouvrez-minorque-une-semaine-de-reve-a-moins-de-310e-sous-le-soleil\/"},"wordCount":474,"commentCount":20,"publisher":{"@id":"https:\/\/voyage-aventure.com\/blog\/#organization"},"image":{"@id":"https:\/\/voyage-aventure.com\/blog\/a-la-une\/decouvrez-minorque-une-semaine-de-reve-a-moins-de-310e-sous-le-soleil\/#primaryimage"},"thumbnailUrl":"https:\/\/voyage-aventure.com\/blog\/wp-content\/uploads\/2025\/05\/sdxl-cab65796a2b645d707f31beba73c5509-scaled.png","keywords":["Activit\u00e9s Vari\u00e9es","D\u00e9couverte Culturelle","Escapade en Europe","Gastronomie Locale","H\u00e9bergement Abordable"],"articleSection":["\u00c0 la une"],"inLanguage":"fr-FR","potentialAction":[{"@type":"CommentAction","name":"Comment","target":["https:\/\/voyage-aventure.com\/blog\/a-la-une\/decouvrez-minorque-une-semaine-de-reve-a-moins-de-310e-sous-le-soleil\/#respond"]}]},{"@type":"WebPage","@id":"https:\/\/voyage-aventure.com\/blog\/a-la-une\/decouvrez-minorque-une-semaine-de-reve-a-moins-de-310e-sous-le-soleil\/","url":"https:\/\/voyage-aventure.com\/blog\/a-la-une\/decouvrez-minorque-une-semaine-de-reve-a-moins-de-310e-sous-le-soleil\/","name":"D\u00e9couvrez Minorque : une semaine de r\u00eave \u00e0 moins de 310\u20ac","isPartOf":{"@id":"https:\/\/voyage-aventure.com\/blog\/#website"},"primaryImageOfPage":{"@id":"https:\/\/voyage-aventure.com\/blog\/a-la-une\/decouvrez-minorque-une-semaine-de-reve-a-moins-de-310e-sous-le-soleil\/#primaryimage"},"image":{"@id":"https:\/\/voyage-aventure.com\/blog\/a-la-une\/decouvrez-minorque-une-semaine-de-reve-a-moins-de-310e-sous-le-soleil\/#primaryimage"},"thumbnailUrl":"https:\/\/voyage-aventure.com\/blog\/wp-content\/uploads\/2025\/05\/sdxl-cab65796a2b645d707f31beba73c5509-scaled.png","datePublished":"2025-03-27T12:50:37+00:00","description":"Partez \u00e0 la d\u00e9couverte de Minorque, une \u00eele m\u00e9diterran\u00e9enne qui vous promet des vacances inoubliables. En seulement sept jours, vous pouvez profiter de","inLanguage":"fr-FR","potentialAction":[{"@type":"ReadAction","target":["https:\/\/voyage-aventure.com\/blog\/a-la-une\/decouvrez-minorque-une-semaine-de-reve-a-moins-de-310e-sous-le-soleil\/"]}]},{"@type":"ImageObject","inLanguage":"fr-FR","@id":"https:\/\/voyage-aventure.com\/blog\/a-la-une\/decouvrez-minorque-une-semaine-de-reve-a-moins-de-310e-sous-le-soleil\/#primaryimage","url":"https:\/\/voyage-aventure.com\/blog\/wp-content\/uploads\/2025\/05\/sdxl-cab65796a2b645d707f31beba73c5509-scaled.png","contentUrl":"https:\/\/voyage-aventure.com\/blog\/wp-content\/uploads\/2025\/05\/sdxl-cab65796a2b645d707f31beba73c5509-scaled.png","width":1200,"height":500},{"@type":"WebSite","@id":"https:\/\/voyage-aventure.com\/blog\/#website","url":"https:\/\/voyage-aventure.com\/blog\/","name":"voyage-aventure.com","description":"Votre passeport pour l\u2019inattendu.","publisher":{"@id":"https:\/\/voyage-aventure.com\/blog\/#organization"},"alternateName":"Votre passeport pour l\u2019inattendu.","potentialAction":[{"@type":"SearchAction","target":{"@type":"EntryPoint","urlTemplate":"https:\/\/voyage-aventure.com\/blog\/?s={search_term_string}"},"query-input":{"@type":"PropertyValueSpecification","valueRequired":true,"valueName":"search_term_string"}}],"inLanguage":"fr-FR"},{"@type":"Organization","@id":"https:\/\/voyage-aventure.com\/blog\/#organization","name":"Foretsensations.fr","url":"https:\/\/voyage-aventure.com\/blog\/","logo":{"@type":"ImageObject","inLanguage":"fr-FR","@id":"https:\/\/voyage-aventure.com\/blog\/#\/schema\/logo\/image\/","url":"https:\/\/voyage-aventure.com\/blog\/wp-content\/uploads\/2024\/12\/19.png","contentUrl":"https:\/\/voyage-aventure.com\/blog\/wp-content\/uploads\/2024\/12\/19.png","width":512,"height":512,"caption":"Foretsensations.fr"},"image":{"@id":"https:\/\/voyage-aventure.com\/blog\/#\/schema\/logo\/image\/"}},{"@type":"Person","@id":"https:\/\/voyage-aventure.com\/blog\/#\/schema\/person\/3c864cdc320801e3db34b663e7e3f816","name":"Camille Rouvray","image":{"@type":"ImageObject","inLanguage":"fr-FR","@id":"https:\/\/voyage-aventure.com\/blog\/#\/schema\/person\/image\/","url":"https:\/\/voyage-aventure.com\/blog\/wp-content\/uploads\/2026\/06\/persona_camille-r-96x96.jpg","contentUrl":"https:\/\/voyage-aventure.com\/blog\/wp-content\/uploads\/2026\/06\/persona_camille-r-96x96.jpg","caption":"Camille Rouvray"},"description":"Je voyage et j'\u00e9cris sur le voyage depuis une douzaine d'ann\u00e9es, d'abord en tant que routarde au long cours, puis comme r\u00e9dactrice sp\u00e9cialis\u00e9e. Mon terrain de pr\u00e9dilection, ce sont les circuits organis\u00e9s et l'art de bien pr\u00e9parer un itin\u00e9raire : choix de la saison, dur\u00e9e r\u00e9aliste des \u00e9tapes, budget jour par jour, logement et transport sur place. J'aime aussi raconter les p\u00e9pites urbaines, ces adresses qu'on ne trouve pas dans les guides classiques. Avant de publier un dossier destination, je croise toujours plusieurs sources, je v\u00e9rifie les tarifs et les formalit\u00e9s d'entr\u00e9e \u00e0 jour, et je teste moi-m\u00eame quand je le peux. Mon angle reste pratique avant tout : aider le lecteur \u00e0 partir l'esprit tranquille, sans mauvaise surprise une fois sur place. Je m'attache \u00e0 distinguer le coup de c\u0153ur sinc\u00e8re du simple argument marketing.","sameAs":["https:\/\/camillerouvray.fr\/"],"url":"https:\/\/voyage-aventure.com\/blog\/auteur\/noname\/"}]}},"_links":{"self":[{"href":"https:\/\/voyage-aventure.com\/blog\/wp-json\/wp\/v2\/posts\/16611","targetHints":{"allow":["GET"]}}],"collection":[{"href":"https:\/\/voyage-aventure.com\/blog\/wp-json\/wp\/v2\/posts"}],"about":[{"href":"https:\/\/voyage-aventure.com\/blog\/wp-json\/wp\/v2\/types\/post"}],"author":[{"embeddable":true,"href":"https:\/\/voyage-aventure.com\/blog\/wp-json\/wp\/v2\/users\/34"}],"replies":[{"embeddable":true,"href":"https:\/\/voyage-aventure.com\/blog\/wp-json\/wp\/v2\/comments?post=16611"}],"version-history":[{"count":1,"href":"https:\/\/voyage-aventure.com\/blog\/wp-json\/wp\/v2\/posts\/16611\/revisions"}],"predecessor-version":[{"id":16624,"href":"https:\/\/voyage-aventure.com\/blog\/wp-json\/wp\/v2\/posts\/16611\/revisions\/16624"}],"wp:featuredmedia":[{"embeddable":true,"href":"https:\/\/voyage-aventure.com\/blog\/wp-json\/wp\/v2\/media\/20168"}],"wp:attachment":[{"href":"https:\/\/voyage-aventure.com\/blog\/wp-json\/wp\/v2\/media?parent=16611"}],"wp:term":[{"taxonomy":"category","embeddable":true,"href":"https:\/\/voyage-aventure.com\/blog\/wp-json\/wp\/v2\/categories?post=16611"},{"taxonomy":"post_tag","embeddable":true,"href":"https:\/\/voyage-aventure.com\/blog\/wp-json\/wp\/v2\/tags?post=16611"}],"curies":[{"name":"wp","href":"https:\/\/api.w.org\/{rel}","templated":true}]}}