{"id":16598,"date":"2026-06-16T17:39:41","date_gmt":"2026-06-16T15:39:41","guid":{"rendered":"https:\/\/voyage-aventure.com\/blog\/a-la-une\/le-gouvernement-americain-envisage-de-revoir-les-avertissements-de-voyage-pour-la-jamaique\/"},"modified":"2026-06-16T17:39:41","modified_gmt":"2026-06-16T15:39:41","slug":"le-gouvernement-americain-envisage-de-revoir-les-avertissements-de-voyage-pour-la-jamaique","status":"publish","type":"post","link":"https:\/\/voyage-aventure.com\/blog\/a-la-une\/le-gouvernement-americain-envisage-de-revoir-les-avertissements-de-voyage-pour-la-jamaique\/","title":{"rendered":"Le gouvernement am\u00e9ricain envisage de revoir les avertissements de voyage pour la Jama\u00efque"},"content":{"rendered":"<link rel=\"stylesheet\" href=\"https:\/\/fonts.googleapis.com\/css2?family=Newsreader:ital,opsz,wght@0,6..72,500..700;1,6..72,500..600&#038;family=Inter:wght@400;500;600&#038;family=JetBrains+Mono:wght@500&#038;display=swap\">\n<style>\n.va-actu-wrap{font-family:'Inter',-apple-system,BlinkMacSystemFont,'Segoe UI',Roboto,sans-serif;color:#1d2127;line-height:1.65;font-size:17px;max-width:760px;margin:0 auto;}\n.va-actu-wrap h2{font-family:'Newsreader','Georgia',serif;font-weight:700;font-size:clamp(23px,3.1vw,32px);line-height:1.18;letter-spacing:-0.01em;color:#15181d;margin:48px 0 16px;}\n.va-actu-wrap p{margin:0 0 18px;}\n.va-actu-dateline{font-family:'JetBrains Mono',monospace;font-size:12px;font-weight:500;letter-spacing:1.6px;text-transform:uppercase;color:#9a2a2a;margin:0 0 14px;display:flex;align-items:center;gap:10px;}\n.va-actu-dateline span{display:inline-block;height:1px;flex:1;background:#e2d6d2;}\n.va-actu-lead{font-family:'Newsreader','Georgia',serif;font-size:21px;line-height:1.5;color:#33373f;font-weight:500;margin:0 0 30px;}\n.va-actu-ess{background:#fbf6f4;border:1px solid #eaddd8;border-left:5px solid #9a2a2a;border-radius:10px;padding:24px 28px 26px;margin:28px 0;}\n.va-actu-ess .va-actu-kick{font-family:'JetBrains Mono',monospace;font-size:11px;font-weight:500;letter-spacing:2.4px;text-transform:uppercase;color:#9a2a2a;margin-bottom:16px;}\n.va-actu-ess ul{margin:0;padding:0;list-style:none;}\n.va-actu-ess li{position:relative;padding:0 0 12px 26px;font-size:16.5px;}\n.va-actu-ess li:last-child{padding-bottom:0;}\n.va-actu-ess li:before{content:\"\";position:absolute;left:0;top:9px;width:9px;height:9px;border-radius:50%;background:#9a2a2a;}\n.va-actu-ess li strong{font-weight:600;color:#15181d;}\n.va-actu-quote{font-family:'Newsreader','Georgia',serif;font-style:italic;font-weight:500;font-size:clamp(22px,3vw,28px);line-height:1.4;color:#1d2127;text-align:center;border-top:1px solid #d8cfc9;border-bottom:1px solid #d8cfc9;max-width:660px;margin:40px auto;padding:30px 26px 32px;position:relative;}\n.va-actu-quote:before{content:\"\u201c\";position:absolute;top:-6px;left:50%;transform:translateX(-50%);font-family:'Newsreader',serif;font-size:64px;color:#cf9a8f;line-height:1;}\n.va-actu-quote .va-actu-attr{display:block;font-family:'JetBrains Mono',monospace;font-style:normal;font-size:12px;letter-spacing:1.4px;text-transform:uppercase;color:#9a2a2a;margin-top:18px;}\n.va-actu-grid{display:grid;grid-template-columns:repeat(auto-fit,minmax(220px,1fr));gap:16px;margin:26px 0;}\n.va-actu-card{background:#fff;border:1px solid #e8e4df;border-top:3px solid #9a2a2a;border-radius:10px;padding:20px 22px;box-shadow:0 1px 2px rgba(16,24,40,.04),0 14px 30px -20px rgba(16,24,40,.22);transition:.25s ease;}\n.va-actu-card:hover{transform:translateY(-3px);box-shadow:0 1px 2px rgba(16,24,40,.05),0 20px 36px -18px rgba(16,24,40,.28);}\n.va-actu-card .va-actu-ct{font-family:'Newsreader',serif;font-weight:700;font-size:18px;color:#15181d;margin-bottom:8px;}\n.va-actu-card .va-actu-cd{font-size:15.5px;color:#444a54;}\n.va-actu-retenir{background:#15181d;color:#eef0f2;border-radius:12px;padding:28px 30px 30px;margin:40px 0;}\n.va-actu-retenir .va-actu-kick{font-family:'JetBrains Mono',monospace;font-size:11px;font-weight:500;letter-spacing:2.4px;text-transform:uppercase;color:#e08b7e;margin-bottom:16px;}\n.va-actu-retenir ul{margin:0;padding:0;list-style:none;}\n.va-actu-retenir li{position:relative;padding:0 0 12px 26px;font-size:16px;color:#dfe2e6;}\n.va-actu-retenir li:last-child{padding-bottom:0;}\n.va-actu-retenir li:before{content:\"\u2192\";position:absolute;left:0;top:0;color:#e08b7e;font-weight:700;}\n.va-actu-faq{margin:36px 0 20px;}\n.va-actu-faq .va-actu-kick{font-family:'JetBrains Mono',monospace;font-size:11px;font-weight:500;letter-spacing:2.4px;text-transform:uppercase;color:#9a2a2a;margin-bottom:8px;}\n.va-actu-faq details{border-bottom:1px solid #e2ddd7;padding:4px 0;}\n.va-actu-faq summary{cursor:pointer;list-style:none;font-family:'Newsreader',serif;font-weight:600;font-size:18px;color:#15181d;padding:14px 30px 14px 0;position:relative;}\n.va-actu-faq summary::-webkit-details-marker{display:none;}\n.va-actu-faq summary:after{content:\"+\";position:absolute;right:4px;top:12px;font-size:24px;color:#9a2a2a;font-weight:400;line-height:1;}\n.va-actu-faq details[open] summary:after{content:\"\u2212\";}\n.va-actu-faq .va-actu-ans{padding:0 0 16px;font-size:16px;color:#3a3f48;}\n.va-actu-ymyl{font-size:14px;color:#6a7079;font-style:italic;border-top:1px solid #e6e1db;margin-top:36px;padding-top:18px;}\n\/*RENDERFIX2*\/.va-actu-ess li:before{color:#eef3f9!important}.va-actu-ess li:before p,.va-actu-ess li:before li,.va-actu-ess li:before strong,.va-actu-ess li:before em,.va-actu-ess li:before a,.va-actu-ess li:before span,.va-actu-ess li:before b,.va-actu-ess li:before td,.va-actu-ess li:before th,.va-actu-ess li:before h2,.va-actu-ess li:before h3,.va-actu-ess li:before h4{color:#eef3f9!important}.va-actu-ess li:before strong,.va-actu-ess li:before b{color:#ffffff!important}.va-actu-retenir{color:#eef3f9!important}.va-actu-retenir p,.va-actu-retenir li,.va-actu-retenir strong,.va-actu-retenir em,.va-actu-retenir a,.va-actu-retenir span,.va-actu-retenir b,.va-actu-retenir td,.va-actu-retenir th,.va-actu-retenir h2,.va-actu-retenir h3,.va-actu-retenir h4{color:#eef3f9!important}.va-actu-retenir strong,.va-actu-retenir b{color:#ffffff!important}<\/style>\n<div class=\"va-actu-wrap\">\n<div class=\"va-actu-dateline\">S\u00e9curit\u00e9 &amp; voyage \u00b7 Cara\u00efbes<span><\/span><\/div>\n<p class=\"va-actu-lead\">Le gouvernement am\u00e9ricain envisage de revoir l&rsquo;avertissement de voyage visant la Jama\u00efque. En visite \u00e0 Kingston, le secr\u00e9taire d&rsquo;\u00c9tat Marco Rubio a promis de r\u00e9\u00e9valuer ces conseils \u00e0 la lumi\u00e8re des donn\u00e9es r\u00e9centes sur la criminalit\u00e9 \u2014 un signal tr\u00e8s attendu par l&rsquo;\u00eele, dont l&rsquo;\u00e9conomie repose en grande partie sur le tourisme.<\/p>\n<div class=\"va-actu-ess\">\n<div class=\"va-actu-kick\">L&rsquo;essentiel<\/div>\n<ul>\n<li><strong>Quoi \u2014<\/strong> Washington envisage de r\u00e9\u00e9valuer son avertissement de voyage pour la Jama\u00efque, actuellement class\u00e9 au niveau 3 (\u00ab\u00a0Reconsid\u00e9rez votre voyage\u00a0\u00bb).<\/li>\n<li><strong>Qui \u2014<\/strong> Le secr\u00e9taire d&rsquo;\u00c9tat Marco Rubio, lors d&rsquo;une visite \u00e0 Kingston, a rencontr\u00e9 le Premier ministre Andrew Holness.<\/li>\n<li><strong>Pourquoi \u00e7a compte \u2014<\/strong> Une r\u00e9vision pourrait redonner confiance aux voyageurs et soutenir l&rsquo;\u00e9conomie touristique jama\u00efcaine, mais aucune d\u00e9cision n&rsquo;est encore act\u00e9e.<\/li>\n<\/ul>\n<\/div>\n<h2>Un contexte de s\u00e9curit\u00e9 en \u00e9volution<\/h2>\n<p>Lors d&rsquo;une r\u00e9cente visite \u00e0 Kingston, le secr\u00e9taire d&rsquo;\u00c9tat Marco Rubio a promis de r\u00e9\u00e9valuer les conseils de voyage en tenant compte des nouvelles donn\u00e9es sur la criminalit\u00e9. La Jama\u00efque, qui d\u00e9pend fortement du tourisme, esp\u00e8re que ce changement pourrait revitaliser son image aupr\u00e8s des voyageurs internationaux.<\/p>\n<p>Actuellement, l&rsquo;avertissement de voyage des \u00c9tats-Unis se situe au niveau 3, ce qui signifie \u00ab\u00a0Reconsid\u00e9rez votre voyage\u00a0\u00bb. Les dirigeants jama\u00efcains soulignent que cette classification ne tient pas compte des r\u00e9cents progr\u00e8s dans la lutte contre la criminalit\u00e9, ce qui pourrait nuire \u00e0 leur \u00e9conomie. En tenant compte de ces am\u00e9liorations, les autorit\u00e9s esp\u00e8rent que la r\u00e9putation de l&rsquo;\u00eele pourra \u00eatre r\u00e9tablie aupr\u00e8s des touristes.<\/p>\n<h2>Les enjeux strat\u00e9giques au c\u0153ur de cette r\u00e9vision<\/h2>\n<p>Cette r\u00e9vision des avertissements de voyage ne concerne pas uniquement la Jama\u00efque, mais illustre \u00e9galement les int\u00e9r\u00eats g\u00e9opolitiques des \u00c9tats-Unis dans la r\u00e9gion. Les questions de migration, d&rsquo;ind\u00e9pendance \u00e9nerg\u00e9tique et la volont\u00e9 de limiter l&rsquo;influence cubaine et v\u00e9n\u00e9zu\u00e9lienne en sont les principaux moteurs. Les conseils de voyage font partie des outils que les \u00c9tats-Unis utilisent pour naviguer dans ces relations complexes.<\/p>\n<p>Par ailleurs, la r\u00e9vision des conseils am\u00e9ricains intervient \u00e0 un moment o\u00f9 plusieurs pays europ\u00e9ens mettent \u00e9galement en garde leurs citoyens contre des conditions de vie d\u00e9grad\u00e9es, notamment pour les voyageurs LGBTQ+. La dynamique des voyages internationaux change, et les gouvernements doivent s&rsquo;adapter \u00e0 ces nouvelles r\u00e9alit\u00e9s.<\/p>\n<div class=\"va-actu-grid\">\n<div class=\"va-actu-card\">\n<div class=\"va-actu-ct\">Niveau actuel<\/div>\n<div class=\"va-actu-cd\">Avertissement de niveau 3 : \u00ab\u00a0Reconsid\u00e9rez votre voyage\u00a0\u00bb, la classification que les dirigeants jama\u00efcains jugent obsol\u00e8te.<\/div>\n<\/div>\n<div class=\"va-actu-card\">\n<div class=\"va-actu-ct\">Enjeu touristique<\/div>\n<div class=\"va-actu-cd\">L&rsquo;\u00eele d\u00e9pend fortement du tourisme ; une note de s\u00e9curit\u00e9 plus favorable p\u00e8serait directement sur sa fr\u00e9quentation.<\/div>\n<\/div>\n<div class=\"va-actu-card\">\n<div class=\"va-actu-ct\">Toile de fond<\/div>\n<div class=\"va-actu-cd\">Migration, ind\u00e9pendance \u00e9nerg\u00e9tique et rivalit\u00e9s r\u00e9gionales (Cuba, Venezuela) entourent cette r\u00e9\u00e9valuation.<\/div>\n<\/div>\n<\/div>\n<h2>R\u00e9actions des dirigeants jama\u00efcains<\/h2>\n<p>Lors de sa visite \u00e0 Kingston, Rubio a rencontr\u00e9 le Premier ministre jama\u00efcain Andrew Holness, qui a exprim\u00e9 ses pr\u00e9occupations concernant l&rsquo;avertissement de voyage en cours. Holness a critiqu\u00e9 cette \u00e9valuation, la qualifiant d&rsquo;obsol\u00e8te et pr\u00e9judiciable pour l&rsquo;industrie touristique du pays. Cette rencontre a soulign\u00e9 l&rsquo;importance de l&rsquo;image ext\u00e9rieure de la Jama\u00efque pour ses citoyens et son \u00e9conomie.<\/p>\n<div class=\"va-actu-quote\">\nNous avons promis d&rsquo;examiner les avis de voyage afin qu&rsquo;ils refl\u00e8tent la r\u00e9alit\u00e9 des nouvelles donn\u00e9es.<br \/>\n<span class=\"va-actu-attr\">Marco Rubio, secr\u00e9taire d&rsquo;\u00c9tat<\/span>\n<\/div>\n<p>Cette promesse est per\u00e7ue comme un signe d&rsquo;espoir pour le pays, qui lutte pour am\u00e9liorer ses conditions de s\u00e9curit\u00e9 tout en stimulant son secteur touristique. Si la tendance \u00e0 la baisse des crimes se poursuit, une r\u00e9vision des niveaux de s\u00e9curit\u00e9 pourrait \u00eatre envisag\u00e9e.<\/p>\n<div class=\"va-actu-retenir\">\n<div class=\"va-actu-kick\">\u00c0 retenir<\/div>\n<ul>\n<li>Le gouvernement am\u00e9ricain envisage de r\u00e9\u00e9valuer ses avertissements de voyage pour la Jama\u00efque.<\/li>\n<li>Le secr\u00e9taire d&rsquo;\u00c9tat Marco Rubio a rencontr\u00e9 des dirigeants jama\u00efcains pour discuter de cette question.<\/li>\n<li>La Jama\u00efque esp\u00e8re que des changements dans les conseils de voyage aideront son \u00e9conomie touristique.<\/li>\n<li>Les \u00c9tats-Unis cherchent \u00e0 renforcer leurs relations avec les nations carib\u00e9ennes.<\/li>\n<li>La situation s\u00e9curitaire de la Jama\u00efque continue d&rsquo;\u00e9voluer, selon les autorit\u00e9s locales.<\/li>\n<\/ul>\n<\/div>\n<p>La r\u00e9vision potentielle de l&rsquo;avertissement de voyage pour la Jama\u00efque pourrait marquer un tournant dans les relations entre les \u00c9tats-Unis et ce pays des Cara\u00efbes. Les autorit\u00e9s jama\u00efcaines, en s&rsquo;appuyant sur les statistiques r\u00e9centes, esp\u00e8rent inverser le sentiment n\u00e9gatif qui a pu d\u00e9courager les visiteurs. Alors que le pays met tout en \u0153uvre pour am\u00e9liorer la s\u00e9curit\u00e9 et la perception internationale, l&rsquo;attention port\u00e9e par Washington pourrait jouer un r\u00f4le crucial dans son avenir touristique.<\/p>\n<div class=\"va-actu-faq\">\n<div class=\"va-actu-kick\">Questions fr\u00e9quentes<\/div>\n<details>\n<summary>Quel est le niveau de l&rsquo;avertissement de voyage am\u00e9ricain pour la Jama\u00efque ?<\/summary>\n<div class=\"va-actu-ans\">Au moment de cette annonce, l&rsquo;avertissement se situe au niveau 3, soit \u00ab\u00a0Reconsid\u00e9rez votre voyage\u00a0\u00bb. Les autorit\u00e9s jama\u00efcaines estiment que cette classification ne refl\u00e8te pas les progr\u00e8s r\u00e9cents en mati\u00e8re de criminalit\u00e9.<\/div>\n<\/details>\n<details>\n<summary>Le niveau de s\u00e9curit\u00e9 va-t-il \u00eatre abaiss\u00e9 ?<\/summary>\n<div class=\"va-actu-ans\">Rien n&rsquo;est encore d\u00e9cid\u00e9. Marco Rubio a promis d&rsquo;examiner les avis de voyage pour qu&rsquo;ils refl\u00e8tent les nouvelles donn\u00e9es ; une r\u00e9vision des niveaux pourrait \u00eatre envisag\u00e9e si la baisse de la criminalit\u00e9 se confirme.<\/div>\n<\/details>\n<details>\n<summary>Pourquoi cet avertissement est-il important pour la Jama\u00efque ?<\/summary>\n<div class=\"va-actu-ans\">L&rsquo;\u00eele d\u00e9pend fortement du tourisme. Une note de s\u00e9curit\u00e9 jug\u00e9e obsol\u00e8te peut d\u00e9courager les visiteurs et peser sur l&rsquo;\u00e9conomie, ce que d\u00e9noncent le Premier ministre Andrew Holness et les dirigeants locaux.<\/div>\n<\/details>\n<details>\n<summary>Cette r\u00e9vision ne concerne-t-elle que la s\u00e9curit\u00e9 touristique ?<\/summary>\n<div class=\"va-actu-ans\">Non. Au-del\u00e0 du tourisme, la d\u00e9marche s&rsquo;inscrit dans des enjeux g\u00e9opolitiques r\u00e9gionaux : migration, ind\u00e9pendance \u00e9nerg\u00e9tique et volont\u00e9 am\u00e9ricaine de limiter l&rsquo;influence cubaine et v\u00e9n\u00e9zu\u00e9lienne dans les Cara\u00efbes.<\/div>\n<\/details>\n<\/div>\n<div class=\"va-actu-ymyl\">Cet article est informatif et refl\u00e8te la situation au moment de sa publication. Avant tout d\u00e9placement, consultez les avertissements de voyage officiels et les sources gouvernementales les plus r\u00e9centes, qui font seules foi pour \u00e9valuer la s\u00e9curit\u00e9 d&rsquo;une destination.<\/div>\n<\/div>\n","protected":false},"excerpt":{"rendered":"","protected":false},"author":34,"featured_media":18157,"comment_status":"open","ping_status":"open","sticky":false,"template":"","format":"standard","meta":{"_acf_changed":false,"manual_indexmenow":false,"indexmenow_id_project":0,"footnotes":""},"categories":[1],"tags":[4636,5688,3170,4526,5218],"class_list":["post-16598","post","type-post","status-publish","format-standard","has-post-thumbnail","hentry","category-a-la-une","tag-destinations","tag-relations-internationales","tag-securite","tag-voyage-economique","tag-voyage-organise","generate-columns","tablet-grid-50","mobile-grid-100","grid-parent","grid-25"],"acf":[],"yoast_head":"<!-- This site is optimized with the Yoast SEO Premium plugin v21.3 (Yoast SEO v25.1) - https:\/\/yoast.com\/wordpress\/plugins\/seo\/ -->\n<title>Le gouvernement am\u00e9ricain envisage de revoir les<\/title>\n<meta name=\"description\" content=\"Le gouvernement am\u00e9ricain envisage de revoir l&#039;avertissement de voyage visant la Jama\u00efque. En visite \u00e0 Kingston, le secr\u00e9taire d&#039;\u00c9tat Marco Rubio a promis\" \/>\n<meta name=\"robots\" content=\"index, follow, max-snippet:-1, max-image-preview:large, max-video-preview:-1\" \/>\n<link rel=\"canonical\" href=\"https:\/\/voyage-aventure.com\/blog\/a-la-une\/le-gouvernement-americain-envisage-de-revoir-les-avertissements-de-voyage-pour-la-jamaique\/\" \/>\n<meta property=\"og:locale\" content=\"fr_FR\" \/>\n<meta property=\"og:type\" content=\"article\" \/>\n<meta property=\"og:title\" content=\"Le gouvernement am\u00e9ricain envisage de revoir les\" \/>\n<meta property=\"og:description\" content=\"Le gouvernement am\u00e9ricain envisage de revoir l&#039;avertissement de voyage visant la Jama\u00efque. En visite \u00e0 Kingston, le secr\u00e9taire d&#039;\u00c9tat Marco Rubio a promis\" \/>\n<meta property=\"og:url\" content=\"https:\/\/voyage-aventure.com\/blog\/a-la-une\/le-gouvernement-americain-envisage-de-revoir-les-avertissements-de-voyage-pour-la-jamaique\/\" \/>\n<meta property=\"og:site_name\" content=\"voyage-aventure\" \/>\n<meta property=\"og:image\" content=\"https:\/\/voyage-aventure.com\/blog\/wp-content\/uploads\/2025\/04\/sdxl-65ff707ab47da5b8ca21f9dfec936191.png\" \/>\n\t<meta property=\"og:image:width\" content=\"1200\" \/>\n\t<meta property=\"og:image:height\" content=\"500\" \/>\n\t<meta property=\"og:image:type\" content=\"image\/png\" \/>\n<meta name=\"author\" content=\"Camille Rouvray\" \/>\n<meta name=\"twitter:card\" content=\"summary_large_image\" \/>\n<script type=\"application\/ld+json\" class=\"yoast-schema-graph\">{\"@context\":\"https:\/\/schema.org\",\"@graph\":[{\"@type\":\"NewsArticle\",\"@id\":\"https:\/\/voyage-aventure.com\/blog\/a-la-une\/le-gouvernement-americain-envisage-de-revoir-les-avertissements-de-voyage-pour-la-jamaique\/#article\",\"isPartOf\":{\"@id\":\"https:\/\/voyage-aventure.com\/blog\/a-la-une\/le-gouvernement-americain-envisage-de-revoir-les-avertissements-de-voyage-pour-la-jamaique\/\"},\"author\":{\"name\":\"Camille Rouvray\",\"@id\":\"https:\/\/voyage-aventure.com\/blog\/#\/schema\/person\/3c864cdc320801e3db34b663e7e3f816\"},\"headline\":\"Le gouvernement am\u00e9ricain envisage de revoir les avertissements de voyage pour la Jama\u00efque\",\"datePublished\":\"2026-06-16T15:39:41+00:00\",\"mainEntityOfPage\":{\"@id\":\"https:\/\/voyage-aventure.com\/blog\/a-la-une\/le-gouvernement-americain-envisage-de-revoir-les-avertissements-de-voyage-pour-la-jamaique\/\"},\"wordCount\":1057,\"commentCount\":26,\"publisher\":{\"@id\":\"https:\/\/voyage-aventure.com\/blog\/#organization\"},\"image\":{\"@id\":\"https:\/\/voyage-aventure.com\/blog\/a-la-une\/le-gouvernement-americain-envisage-de-revoir-les-avertissements-de-voyage-pour-la-jamaique\/#primaryimage\"},\"thumbnailUrl\":\"https:\/\/voyage-aventure.com\/blog\/wp-content\/uploads\/2025\/04\/sdxl-65ff707ab47da5b8ca21f9dfec936191.png\",\"keywords\":[\"Destinations\",\"Relations Internationales\",\"S\u00e9curit\u00e9\",\"Voyage \u00c9conomique\",\"Voyage Organis\u00e9\"],\"articleSection\":[\"\u00c0 la une\"],\"inLanguage\":\"fr-FR\",\"potentialAction\":[{\"@type\":\"CommentAction\",\"name\":\"Comment\",\"target\":[\"https:\/\/voyage-aventure.com\/blog\/a-la-une\/le-gouvernement-americain-envisage-de-revoir-les-avertissements-de-voyage-pour-la-jamaique\/#respond\"]}]},{\"@type\":\"WebPage\",\"@id\":\"https:\/\/voyage-aventure.com\/blog\/a-la-une\/le-gouvernement-americain-envisage-de-revoir-les-avertissements-de-voyage-pour-la-jamaique\/\",\"url\":\"https:\/\/voyage-aventure.com\/blog\/a-la-une\/le-gouvernement-americain-envisage-de-revoir-les-avertissements-de-voyage-pour-la-jamaique\/\",\"name\":\"Le gouvernement am\u00e9ricain envisage de revoir les\",\"isPartOf\":{\"@id\":\"https:\/\/voyage-aventure.com\/blog\/#website\"},\"primaryImageOfPage\":{\"@id\":\"https:\/\/voyage-aventure.com\/blog\/a-la-une\/le-gouvernement-americain-envisage-de-revoir-les-avertissements-de-voyage-pour-la-jamaique\/#primaryimage\"},\"image\":{\"@id\":\"https:\/\/voyage-aventure.com\/blog\/a-la-une\/le-gouvernement-americain-envisage-de-revoir-les-avertissements-de-voyage-pour-la-jamaique\/#primaryimage\"},\"thumbnailUrl\":\"https:\/\/voyage-aventure.com\/blog\/wp-content\/uploads\/2025\/04\/sdxl-65ff707ab47da5b8ca21f9dfec936191.png\",\"datePublished\":\"2026-06-16T15:39:41+00:00\",\"description\":\"Le gouvernement am\u00e9ricain envisage de revoir l'avertissement de voyage visant la Jama\u00efque. En visite \u00e0 Kingston, le secr\u00e9taire d'\u00c9tat Marco Rubio a promis\",\"inLanguage\":\"fr-FR\",\"potentialAction\":[{\"@type\":\"ReadAction\",\"target\":[\"https:\/\/voyage-aventure.com\/blog\/a-la-une\/le-gouvernement-americain-envisage-de-revoir-les-avertissements-de-voyage-pour-la-jamaique\/\"]}]},{\"@type\":\"ImageObject\",\"inLanguage\":\"fr-FR\",\"@id\":\"https:\/\/voyage-aventure.com\/blog\/a-la-une\/le-gouvernement-americain-envisage-de-revoir-les-avertissements-de-voyage-pour-la-jamaique\/#primaryimage\",\"url\":\"https:\/\/voyage-aventure.com\/blog\/wp-content\/uploads\/2025\/04\/sdxl-65ff707ab47da5b8ca21f9dfec936191.png\",\"contentUrl\":\"https:\/\/voyage-aventure.com\/blog\/wp-content\/uploads\/2025\/04\/sdxl-65ff707ab47da5b8ca21f9dfec936191.png\",\"width\":1536,\"height\":640},{\"@type\":\"WebSite\",\"@id\":\"https:\/\/voyage-aventure.com\/blog\/#website\",\"url\":\"https:\/\/voyage-aventure.com\/blog\/\",\"name\":\"voyage-aventure.com\",\"description\":\"Votre passeport pour l\u2019inattendu.\",\"publisher\":{\"@id\":\"https:\/\/voyage-aventure.com\/blog\/#organization\"},\"alternateName\":\"Votre passeport pour l\u2019inattendu.\",\"potentialAction\":[{\"@type\":\"SearchAction\",\"target\":{\"@type\":\"EntryPoint\",\"urlTemplate\":\"https:\/\/voyage-aventure.com\/blog\/?s={search_term_string}\"},\"query-input\":{\"@type\":\"PropertyValueSpecification\",\"valueRequired\":true,\"valueName\":\"search_term_string\"}}],\"inLanguage\":\"fr-FR\"},{\"@type\":\"Organization\",\"@id\":\"https:\/\/voyage-aventure.com\/blog\/#organization\",\"name\":\"Foretsensations.fr\",\"url\":\"https:\/\/voyage-aventure.com\/blog\/\",\"logo\":{\"@type\":\"ImageObject\",\"inLanguage\":\"fr-FR\",\"@id\":\"https:\/\/voyage-aventure.com\/blog\/#\/schema\/logo\/image\/\",\"url\":\"https:\/\/voyage-aventure.com\/blog\/wp-content\/uploads\/2024\/12\/19.png\",\"contentUrl\":\"https:\/\/voyage-aventure.com\/blog\/wp-content\/uploads\/2024\/12\/19.png\",\"width\":512,\"height\":512,\"caption\":\"Foretsensations.fr\"},\"image\":{\"@id\":\"https:\/\/voyage-aventure.com\/blog\/#\/schema\/logo\/image\/\"}},{\"@type\":\"Person\",\"@id\":\"https:\/\/voyage-aventure.com\/blog\/#\/schema\/person\/3c864cdc320801e3db34b663e7e3f816\",\"name\":\"Camille Rouvray\",\"image\":{\"@type\":\"ImageObject\",\"inLanguage\":\"fr-FR\",\"@id\":\"https:\/\/voyage-aventure.com\/blog\/#\/schema\/person\/image\/\",\"url\":\"https:\/\/voyage-aventure.com\/blog\/wp-content\/uploads\/2026\/06\/persona_camille-r-96x96.jpg\",\"contentUrl\":\"https:\/\/voyage-aventure.com\/blog\/wp-content\/uploads\/2026\/06\/persona_camille-r-96x96.jpg\",\"caption\":\"Camille Rouvray\"},\"description\":\"Je voyage et j'\u00e9cris sur le voyage depuis une douzaine d'ann\u00e9es, d'abord en tant que routarde au long cours, puis comme r\u00e9dactrice sp\u00e9cialis\u00e9e. Mon terrain de pr\u00e9dilection, ce sont les circuits organis\u00e9s et l'art de bien pr\u00e9parer un itin\u00e9raire : choix de la saison, dur\u00e9e r\u00e9aliste des \u00e9tapes, budget jour par jour, logement et transport sur place. J'aime aussi raconter les p\u00e9pites urbaines, ces adresses qu'on ne trouve pas dans les guides classiques. Avant de publier un dossier destination, je croise toujours plusieurs sources, je v\u00e9rifie les tarifs et les formalit\u00e9s d'entr\u00e9e \u00e0 jour, et je teste moi-m\u00eame quand je le peux. Mon angle reste pratique avant tout : aider le lecteur \u00e0 partir l'esprit tranquille, sans mauvaise surprise une fois sur place. Je m'attache \u00e0 distinguer le coup de c\u0153ur sinc\u00e8re du simple argument marketing.\",\"sameAs\":[\"https:\/\/camillerouvray.fr\/\"],\"url\":\"https:\/\/voyage-aventure.com\/blog\/auteur\/noname\/\"}]}<\/script>\n<!-- \/ Yoast SEO Premium plugin. -->","yoast_head_json":{"title":"Le gouvernement am\u00e9ricain envisage de revoir les","description":"Le gouvernement am\u00e9ricain envisage de revoir l'avertissement de voyage visant la Jama\u00efque. En visite \u00e0 Kingston, le secr\u00e9taire d'\u00c9tat Marco Rubio a promis","robots":{"index":"index","follow":"follow","max-snippet":"max-snippet:-1","max-image-preview":"max-image-preview:large","max-video-preview":"max-video-preview:-1"},"canonical":"https:\/\/voyage-aventure.com\/blog\/a-la-une\/le-gouvernement-americain-envisage-de-revoir-les-avertissements-de-voyage-pour-la-jamaique\/","og_locale":"fr_FR","og_type":"article","og_title":"Le gouvernement am\u00e9ricain envisage de revoir les","og_description":"Le gouvernement am\u00e9ricain envisage de revoir l'avertissement de voyage visant la Jama\u00efque. En visite \u00e0 Kingston, le secr\u00e9taire d'\u00c9tat Marco Rubio a promis","og_url":"https:\/\/voyage-aventure.com\/blog\/a-la-une\/le-gouvernement-americain-envisage-de-revoir-les-avertissements-de-voyage-pour-la-jamaique\/","og_site_name":"voyage-aventure","og_image":[{"url":"https:\/\/voyage-aventure.com\/blog\/wp-content\/uploads\/2025\/04\/sdxl-65ff707ab47da5b8ca21f9dfec936191.png","width":1200,"height":500,"type":"image\/png"}],"author":"Camille Rouvray","twitter_card":"summary_large_image","schema":{"@context":"https:\/\/schema.org","@graph":[{"@type":"NewsArticle","@id":"https:\/\/voyage-aventure.com\/blog\/a-la-une\/le-gouvernement-americain-envisage-de-revoir-les-avertissements-de-voyage-pour-la-jamaique\/#article","isPartOf":{"@id":"https:\/\/voyage-aventure.com\/blog\/a-la-une\/le-gouvernement-americain-envisage-de-revoir-les-avertissements-de-voyage-pour-la-jamaique\/"},"author":{"name":"Camille Rouvray","@id":"https:\/\/voyage-aventure.com\/blog\/#\/schema\/person\/3c864cdc320801e3db34b663e7e3f816"},"headline":"Le gouvernement am\u00e9ricain envisage de revoir les avertissements de voyage pour la Jama\u00efque","datePublished":"2026-06-16T15:39:41+00:00","mainEntityOfPage":{"@id":"https:\/\/voyage-aventure.com\/blog\/a-la-une\/le-gouvernement-americain-envisage-de-revoir-les-avertissements-de-voyage-pour-la-jamaique\/"},"wordCount":1057,"commentCount":26,"publisher":{"@id":"https:\/\/voyage-aventure.com\/blog\/#organization"},"image":{"@id":"https:\/\/voyage-aventure.com\/blog\/a-la-une\/le-gouvernement-americain-envisage-de-revoir-les-avertissements-de-voyage-pour-la-jamaique\/#primaryimage"},"thumbnailUrl":"https:\/\/voyage-aventure.com\/blog\/wp-content\/uploads\/2025\/04\/sdxl-65ff707ab47da5b8ca21f9dfec936191.png","keywords":["Destinations","Relations Internationales","S\u00e9curit\u00e9","Voyage \u00c9conomique","Voyage Organis\u00e9"],"articleSection":["\u00c0 la une"],"inLanguage":"fr-FR","potentialAction":[{"@type":"CommentAction","name":"Comment","target":["https:\/\/voyage-aventure.com\/blog\/a-la-une\/le-gouvernement-americain-envisage-de-revoir-les-avertissements-de-voyage-pour-la-jamaique\/#respond"]}]},{"@type":"WebPage","@id":"https:\/\/voyage-aventure.com\/blog\/a-la-une\/le-gouvernement-americain-envisage-de-revoir-les-avertissements-de-voyage-pour-la-jamaique\/","url":"https:\/\/voyage-aventure.com\/blog\/a-la-une\/le-gouvernement-americain-envisage-de-revoir-les-avertissements-de-voyage-pour-la-jamaique\/","name":"Le gouvernement am\u00e9ricain envisage de revoir les","isPartOf":{"@id":"https:\/\/voyage-aventure.com\/blog\/#website"},"primaryImageOfPage":{"@id":"https:\/\/voyage-aventure.com\/blog\/a-la-une\/le-gouvernement-americain-envisage-de-revoir-les-avertissements-de-voyage-pour-la-jamaique\/#primaryimage"},"image":{"@id":"https:\/\/voyage-aventure.com\/blog\/a-la-une\/le-gouvernement-americain-envisage-de-revoir-les-avertissements-de-voyage-pour-la-jamaique\/#primaryimage"},"thumbnailUrl":"https:\/\/voyage-aventure.com\/blog\/wp-content\/uploads\/2025\/04\/sdxl-65ff707ab47da5b8ca21f9dfec936191.png","datePublished":"2026-06-16T15:39:41+00:00","description":"Le gouvernement am\u00e9ricain envisage de revoir l'avertissement de voyage visant la Jama\u00efque. En visite \u00e0 Kingston, le secr\u00e9taire d'\u00c9tat Marco Rubio a promis","inLanguage":"fr-FR","potentialAction":[{"@type":"ReadAction","target":["https:\/\/voyage-aventure.com\/blog\/a-la-une\/le-gouvernement-americain-envisage-de-revoir-les-avertissements-de-voyage-pour-la-jamaique\/"]}]},{"@type":"ImageObject","inLanguage":"fr-FR","@id":"https:\/\/voyage-aventure.com\/blog\/a-la-une\/le-gouvernement-americain-envisage-de-revoir-les-avertissements-de-voyage-pour-la-jamaique\/#primaryimage","url":"https:\/\/voyage-aventure.com\/blog\/wp-content\/uploads\/2025\/04\/sdxl-65ff707ab47da5b8ca21f9dfec936191.png","contentUrl":"https:\/\/voyage-aventure.com\/blog\/wp-content\/uploads\/2025\/04\/sdxl-65ff707ab47da5b8ca21f9dfec936191.png","width":1536,"height":640},{"@type":"WebSite","@id":"https:\/\/voyage-aventure.com\/blog\/#website","url":"https:\/\/voyage-aventure.com\/blog\/","name":"voyage-aventure.com","description":"Votre passeport pour l\u2019inattendu.","publisher":{"@id":"https:\/\/voyage-aventure.com\/blog\/#organization"},"alternateName":"Votre passeport pour l\u2019inattendu.","potentialAction":[{"@type":"SearchAction","target":{"@type":"EntryPoint","urlTemplate":"https:\/\/voyage-aventure.com\/blog\/?s={search_term_string}"},"query-input":{"@type":"PropertyValueSpecification","valueRequired":true,"valueName":"search_term_string"}}],"inLanguage":"fr-FR"},{"@type":"Organization","@id":"https:\/\/voyage-aventure.com\/blog\/#organization","name":"Foretsensations.fr","url":"https:\/\/voyage-aventure.com\/blog\/","logo":{"@type":"ImageObject","inLanguage":"fr-FR","@id":"https:\/\/voyage-aventure.com\/blog\/#\/schema\/logo\/image\/","url":"https:\/\/voyage-aventure.com\/blog\/wp-content\/uploads\/2024\/12\/19.png","contentUrl":"https:\/\/voyage-aventure.com\/blog\/wp-content\/uploads\/2024\/12\/19.png","width":512,"height":512,"caption":"Foretsensations.fr"},"image":{"@id":"https:\/\/voyage-aventure.com\/blog\/#\/schema\/logo\/image\/"}},{"@type":"Person","@id":"https:\/\/voyage-aventure.com\/blog\/#\/schema\/person\/3c864cdc320801e3db34b663e7e3f816","name":"Camille Rouvray","image":{"@type":"ImageObject","inLanguage":"fr-FR","@id":"https:\/\/voyage-aventure.com\/blog\/#\/schema\/person\/image\/","url":"https:\/\/voyage-aventure.com\/blog\/wp-content\/uploads\/2026\/06\/persona_camille-r-96x96.jpg","contentUrl":"https:\/\/voyage-aventure.com\/blog\/wp-content\/uploads\/2026\/06\/persona_camille-r-96x96.jpg","caption":"Camille Rouvray"},"description":"Je voyage et j'\u00e9cris sur le voyage depuis une douzaine d'ann\u00e9es, d'abord en tant que routarde au long cours, puis comme r\u00e9dactrice sp\u00e9cialis\u00e9e. Mon terrain de pr\u00e9dilection, ce sont les circuits organis\u00e9s et l'art de bien pr\u00e9parer un itin\u00e9raire : choix de la saison, dur\u00e9e r\u00e9aliste des \u00e9tapes, budget jour par jour, logement et transport sur place. J'aime aussi raconter les p\u00e9pites urbaines, ces adresses qu'on ne trouve pas dans les guides classiques. Avant de publier un dossier destination, je croise toujours plusieurs sources, je v\u00e9rifie les tarifs et les formalit\u00e9s d'entr\u00e9e \u00e0 jour, et je teste moi-m\u00eame quand je le peux. Mon angle reste pratique avant tout : aider le lecteur \u00e0 partir l'esprit tranquille, sans mauvaise surprise une fois sur place. Je m'attache \u00e0 distinguer le coup de c\u0153ur sinc\u00e8re du simple argument marketing.","sameAs":["https:\/\/camillerouvray.fr\/"],"url":"https:\/\/voyage-aventure.com\/blog\/auteur\/noname\/"}]}},"_links":{"self":[{"href":"https:\/\/voyage-aventure.com\/blog\/wp-json\/wp\/v2\/posts\/16598","targetHints":{"allow":["GET"]}}],"collection":[{"href":"https:\/\/voyage-aventure.com\/blog\/wp-json\/wp\/v2\/posts"}],"about":[{"href":"https:\/\/voyage-aventure.com\/blog\/wp-json\/wp\/v2\/types\/post"}],"author":[{"embeddable":true,"href":"https:\/\/voyage-aventure.com\/blog\/wp-json\/wp\/v2\/users\/34"}],"replies":[{"embeddable":true,"href":"https:\/\/voyage-aventure.com\/blog\/wp-json\/wp\/v2\/comments?post=16598"}],"version-history":[{"count":2,"href":"https:\/\/voyage-aventure.com\/blog\/wp-json\/wp\/v2\/posts\/16598\/revisions"}],"predecessor-version":[{"id":22965,"href":"https:\/\/voyage-aventure.com\/blog\/wp-json\/wp\/v2\/posts\/16598\/revisions\/22965"}],"wp:featuredmedia":[{"embeddable":true,"href":"https:\/\/voyage-aventure.com\/blog\/wp-json\/wp\/v2\/media\/18157"}],"wp:attachment":[{"href":"https:\/\/voyage-aventure.com\/blog\/wp-json\/wp\/v2\/media?parent=16598"}],"wp:term":[{"taxonomy":"category","embeddable":true,"href":"https:\/\/voyage-aventure.com\/blog\/wp-json\/wp\/v2\/categories?post=16598"},{"taxonomy":"post_tag","embeddable":true,"href":"https:\/\/voyage-aventure.com\/blog\/wp-json\/wp\/v2\/tags?post=16598"}],"curies":[{"name":"wp","href":"https:\/\/api.w.org\/{rel}","templated":true}]}}