{"id":16580,"date":"2026-06-16T17:38:35","date_gmt":"2026-06-16T15:38:35","guid":{"rendered":"https:\/\/voyage-aventure.com\/blog\/a-la-une\/des-elus-californiens-reclament-une-enquete-sur-les-voyages-du-commissaire-a-lassurance\/"},"modified":"2026-06-16T17:38:35","modified_gmt":"2026-06-16T15:38:35","slug":"des-elus-californiens-reclament-une-enquete-sur-les-voyages-du-commissaire-a-lassurance","status":"publish","type":"post","link":"https:\/\/voyage-aventure.com\/blog\/a-la-une\/des-elus-californiens-reclament-une-enquete-sur-les-voyages-du-commissaire-a-lassurance\/","title":{"rendered":"Des \u00e9lus californiens r\u00e9clament une enqu\u00eate sur les voyages du commissaire \u00e0 l&rsquo;assurance"},"content":{"rendered":"<link rel=\"stylesheet\" href=\"https:\/\/fonts.googleapis.com\/css2?family=Newsreader:ital,opsz,wght@0,6..72,500;0,6..72,600;0,6..72,700;1,6..72,500&#038;family=Inter:wght@400;500;600&#038;family=JetBrains+Mono:wght@500&#038;display=swap\">\n<style>\n.va-enquetevoyage-wrap{font-family:'Inter',system-ui,sans-serif;color:#23282E;line-height:1.72;font-size:17px}\n.va-enquetevoyage-wrap h2{font-family:'Newsreader',Georgia,serif;font-weight:700;font-size:1.72em;line-height:1.18;color:#1B2026;margin:2.1em 0 .6em;letter-spacing:-.01em}\n.va-enquetevoyage-wrap h3{font-family:'Newsreader',Georgia,serif;font-weight:600;font-size:1.24em;color:#1B2026;margin:1.5em 0 .4em}\n.va-enquetevoyage-dateline{font-family:'JetBrains Mono',monospace;font-size:.74em;letter-spacing:.13em;text-transform:uppercase;color:#3E4654;font-weight:500;margin-bottom:1.1em;border-left:3px solid #3E4654;padding-left:.8em}\n.va-enquetevoyage-lead{font-family:'Newsreader',Georgia,serif;font-size:1.26em;line-height:1.55;color:#2C333B;font-weight:500;margin:0 0 1.6em}\n.va-enquetevoyage-essentiel{background:#F4F5F7;border:1px solid #DDE0E5;border-left:5px solid #3E4654;border-radius:8px;padding:1.3em 1.5em 1.4em;margin:1.8em 0;box-shadow:0 3px 14px rgba(30,40,55,.07)}\n.va-enquetevoyage-essentiel .va-enquetevoyage-tag{font-family:'JetBrains Mono',monospace;font-size:.72em;letter-spacing:.14em;text-transform:uppercase;color:#3E4654;font-weight:500;display:block;margin-bottom:.85em}\n.va-enquetevoyage-row{display:flex;gap:.7em;align-items:baseline;padding:.4em 0;border-bottom:1px dashed #D6DAE0}\n.va-enquetevoyage-row:last-child{border-bottom:none}\n.va-enquetevoyage-k{font-family:'JetBrains Mono',monospace;font-size:.74em;letter-spacing:.06em;text-transform:uppercase;color:#5A626D;min-width:108px;flex-shrink:0;font-weight:500}\n.va-enquetevoyage-v{font-family:'Inter',sans-serif;font-size:.97em;color:#23282E}\n.va-enquetevoyage-wrap blockquote{font-family:'Newsreader',Georgia,serif;font-style:italic;font-size:1.3em;line-height:1.5;color:#1B2026;border-left:4px solid #3E4654;margin:1.6em 0;padding:.3em 0 .3em 1.2em}\n.va-enquetevoyage-attrib{font-family:'JetBrains Mono',monospace;font-size:.72em;letter-spacing:.05em;text-transform:uppercase;color:#5A626D;margin-top:.5em;font-style:normal;display:block}\n.va-enquetevoyage-facts{list-style:none;padding:0;margin:1.5em 0;display:grid;gap:.55em}\n.va-enquetevoyage-facts li{background:#FAFAFB;border:1px solid #E3E6EA;border-radius:6px;padding:.75em 1em .75em 2.4em;position:relative;font-size:.97em;transition:transform .18s ease,box-shadow .18s ease}\n.va-enquetevoyage-facts li:hover{transform:translateY(-3px);box-shadow:0 6px 18px rgba(30,40,55,.1)}\n.va-enquetevoyage-facts li::before{content:\"\u203a\";position:absolute;left:1em;top:.7em;color:#3E4654;font-weight:700;font-family:'Newsreader',serif;font-size:1.2em;line-height:1}\n.va-enquetevoyage-retenir{background:#1B2026;color:#EBEDF0;border-radius:10px;padding:1.5em 1.7em;margin:2.2em 0;box-shadow:0 6px 22px rgba(27,32,38,.18)}\n.va-enquetevoyage-retenir .va-enquetevoyage-tag{font-family:'JetBrains Mono',monospace;font-size:.72em;letter-spacing:.16em;text-transform:uppercase;color:#9AA3AE;display:block;margin-bottom:.9em}\n.va-enquetevoyage-retenir .va-enquetevoyage-row{border-bottom-color:#343B44}\n.va-enquetevoyage-retenir .va-enquetevoyage-k{color:#9AA3AE}\n.va-enquetevoyage-retenir .va-enquetevoyage-v{color:#EBEDF0}\n.va-enquetevoyage-statut{display:inline-block;font-family:'JetBrains Mono',monospace;font-size:.7em;letter-spacing:.1em;text-transform:uppercase;background:#3E4654;color:#fff;padding:.32em .7em;border-radius:4px;font-weight:500}\n\/*RENDERFIX2*\/.va-enquetevoyage-retenir{color:#eef3f9!important}.va-enquetevoyage-retenir p,.va-enquetevoyage-retenir li,.va-enquetevoyage-retenir strong,.va-enquetevoyage-retenir em,.va-enquetevoyage-retenir a,.va-enquetevoyage-retenir span,.va-enquetevoyage-retenir b,.va-enquetevoyage-retenir td,.va-enquetevoyage-retenir th,.va-enquetevoyage-retenir h2,.va-enquetevoyage-retenir h3,.va-enquetevoyage-retenir h4{color:#eef3f9!important}.va-enquetevoyage-retenir strong,.va-enquetevoyage-retenir b{color:#ffffff!important}.va-enquetevoyage-statut{color:#eef3f9!important}.va-enquetevoyage-statut p,.va-enquetevoyage-statut li,.va-enquetevoyage-statut strong,.va-enquetevoyage-statut em,.va-enquetevoyage-statut a,.va-enquetevoyage-statut span,.va-enquetevoyage-statut b,.va-enquetevoyage-statut td,.va-enquetevoyage-statut th,.va-enquetevoyage-statut h2,.va-enquetevoyage-statut h3,.va-enquetevoyage-statut h4{color:#eef3f9!important}.va-enquetevoyage-statut strong,.va-enquetevoyage-statut b{color:#ffffff!important}<\/style>\n<div class=\"va-enquetevoyage-wrap\">\n<div class=\"va-enquetevoyage-dateline\">Californie \u00b7 \u00c9tats-Unis \u2014 Mars 2025<\/div>\n<div class=\"va-enquetevoyage-lead\">Selon un rapport d&rsquo;investigation cit\u00e9 dans l&rsquo;article, des \u00e9lus californiens r\u00e9clameraient un audit des d\u00e9placements internationaux financ\u00e9s par les contribuables du commissaire \u00e0 l&rsquo;assurance de l&rsquo;\u00c9tat, Ricardo Lara. \u00c0 ce stade, il s&rsquo;agirait d&rsquo;une demande d&rsquo;enqu\u00eate, et non d&rsquo;une faute \u00e9tablie.<\/div>\n<div class=\"va-enquetevoyage-essentiel\">\n<span class=\"va-enquetevoyage-tag\">En bref<\/span><\/p>\n<div class=\"va-enquetevoyage-row\"><span class=\"va-enquetevoyage-k\">Ce qui est demand\u00e9<\/span><span class=\"va-enquetevoyage-v\">Un audit des voyages internationaux du commissaire \u00e0 l&rsquo;assurance, jug\u00e9s insuffisamment justifi\u00e9s selon l&rsquo;article.<\/span><\/div>\n<div class=\"va-enquetevoyage-row\"><span class=\"va-enquetevoyage-k\">Par qui<\/span><span class=\"va-enquetevoyage-v\">Des \u00e9lus de l&rsquo;\u00c9tat, dont Greg Wallis (vice-pr\u00e9sident du Comit\u00e9 des assurances de l&rsquo;Assembl\u00e9e) et le s\u00e9nateur r\u00e9publicain Brian Jones.<\/span><\/div>\n<div class=\"va-enquetevoyage-row\"><span class=\"va-enquetevoyage-k\">Statut<\/span><span class=\"va-enquetevoyage-v\"><span class=\"va-enquetevoyage-statut\">Enqu\u00eate demand\u00e9e \u2014 non tranch\u00e9e<\/span><\/span><\/div>\n<\/div>\n<h2>Un manque de transparence pr\u00e9occupant<\/h2>\n<p>Le rapport d&rsquo;investigation de 7 On Your Side aurait r\u00e9v\u00e9l\u00e9, selon l&rsquo;article, des \u00e9l\u00e9ments sur les voyages financ\u00e9s par les contribuables du commissaire \u00e0 l&rsquo;assurance de Californie, Ricardo Lara. Celui-ci aurait effectu\u00e9 au moins 46 d\u00e9placements internationaux depuis 2019, ce qui soul\u00e8verait, d&rsquo;apr\u00e8s les \u00e9lus cit\u00e9s, des questions sur la n\u00e9cessit\u00e9 et la transparence de ces missions. Des \u00e9lus de l&rsquo;\u00c9tat, dont le vice-pr\u00e9sident du Comit\u00e9 des assurances de l&rsquo;Assembl\u00e9e, Greg Wallis, expriment des inqui\u00e9tudes quant \u00e0 l&rsquo;absence d&rsquo;explications claires sur le but de ces voyages. Ces affirmations \u00e9manent des personnes cit\u00e9es dans l&rsquo;article ; le bureau du commissaire n&rsquo;a, \u00e0 ce stade, pas confirm\u00e9 de manquement.<\/p>\n<blockquote><p>\u00ab\u00a0Si le bureau du commissaire \u00e0 l&rsquo;assurance n&rsquo;est pas capable de fournir des r\u00e9ponses sur le but gouvernemental de ces d\u00e9placements, il est absolument appropri\u00e9 de demander un audit.\u00a0\u00bb<br \/>\n<span class=\"va-enquetevoyage-attrib\">\u2014 Greg Wallis, cit\u00e9 dans l&rsquo;article<\/span><\/p><\/blockquote>\n<p>Cette d\u00e9claration, telle qu&rsquo;elle est rapport\u00e9e, met l&rsquo;accent sur la gestion des fonds publics et les responsabilit\u00e9s des responsables gouvernementaux envers les contribuables. Elle traduit une demande d&rsquo;explications, et non un constat de faute.<\/p>\n<h2>Des voyages jug\u00e9s \u00ab\u00a0critiques pour la mission\u00a0\u00bb<\/h2>\n<p>Selon l&rsquo;article, les d\u00e9placements de M. Lara auraient inclus des destinations vari\u00e9es comme Bogota, Paris, ainsi qu&rsquo;un s\u00e9jour \u00e0 New York pour le festival de la fiert\u00e9. Toujours d&rsquo;apr\u00e8s ce m\u00eame article, aucune r\u00e9union d&rsquo;assurance sp\u00e9cifique n&rsquo;aurait \u00e9t\u00e9 planifi\u00e9e durant ces s\u00e9jours, ce qui alimenterait les interrogations des \u00e9lus sur leur objectif. Ces points sont pr\u00e9sent\u00e9s comme des questions soulev\u00e9es par les personnes cit\u00e9es, et non comme des conclusions \u00e9tablies.<br \/>\nGreg Wallis souligne, dans les propos rapport\u00e9s, que d&rsquo;autres responsables seraient en mesure de justifier leurs d\u00e9placements par des b\u00e9n\u00e9fices identifiables pour l&rsquo;\u00c9tat.<\/p>\n<blockquote><p>\u00ab\u00a0Si vous demandiez \u00e0 mon bureau le but des voyages gouvernementaux, nous pourrions identifier chaque avantage d\u00e9coulant de ces d\u00e9placements.\u00a0\u00bb<br \/>\n<span class=\"va-enquetevoyage-attrib\">\u2014 Greg Wallis, cit\u00e9 dans l&rsquo;article<\/span><\/p><\/blockquote>\n<h2>Appel \u00e0 l&rsquo;audit et \u00e0 la responsabilit\u00e9<\/h2>\n<p>Face \u00e0 cette situation, des appels \u00e0 un audit des voyages du commissaire se feraient entendre, selon l&rsquo;article. Des \u00e9lus, comme le s\u00e9nateur r\u00e9publicain Brian Jones, insisteraient sur le besoin de responsabilit\u00e9 au sein des agences gouvernementales.<\/p>\n<blockquote><p>\u00ab\u00a0Les Californiens m\u00e9ritent la transparence et la responsabilit\u00e9 de la part de tous les niveaux de gouvernement.\u00a0\u00bb<br \/>\n<span class=\"va-enquetevoyage-attrib\">\u2014 Brian Jones, s\u00e9nateur r\u00e9publicain, cit\u00e9 dans l&rsquo;article<\/span><\/p><\/blockquote>\n<p>D&rsquo;apr\u00e8s l&rsquo;article, des directives auraient \u00e9t\u00e9 \u00e9mises pour limiter les voyages \u00e0 ceux jug\u00e9s \u00ab\u00a0critiques pour la mission\u00a0\u00bb, en raison de la situation budg\u00e9taire de l&rsquo;\u00c9tat. Le commissaire aurait n\u00e9anmoins continu\u00e9 \u00e0 se d\u00e9placer, ce qui soul\u00e8verait, selon les \u00e9lus cit\u00e9s, des questions de conformit\u00e9 avec ces recommandations. \u00c0 ce stade, ces \u00e9l\u00e9ments rel\u00e8vent d&rsquo;une demande d&rsquo;explications ; le bureau du commissaire conserve la possibilit\u00e9 de r\u00e9pondre et de justifier ces d\u00e9placements.<\/p>\n<h3>Les points avanc\u00e9s dans le dossier<\/h3>\n<p>Les \u00e9l\u00e9ments suivants sont ceux mentionn\u00e9s dans l&rsquo;article. Ils sont pr\u00e9sent\u00e9s comme des points soulev\u00e9s ou all\u00e9gu\u00e9s par les parties cit\u00e9es, et non comme des faits tranch\u00e9s :<\/p>\n<ul class=\"va-enquetevoyage-facts\">\n<li>46 voyages internationaux attribu\u00e9s \u00e0 Ricardo Lara depuis 2019, selon le rapport cit\u00e9.<\/li>\n<li>Plus de 20 000 dollars de frais de voyage pr\u00e9sent\u00e9s comme non justifi\u00e9s par les \u00e9lus.<\/li>\n<li>Appels \u00e0 un audit pour assurer la transparence.<\/li>\n<li>Absences fr\u00e9quentes signal\u00e9es aux audiences du S\u00e9nat sur les assurances.<\/li>\n<li>Demandes d&rsquo;explications sur le but des d\u00e9placements.<\/li>\n<\/ul>\n<p>Les \u00e9lus californiens cit\u00e9s, comme les citoyens \u00e9voqu\u00e9s dans l&rsquo;article, attendraient des r\u00e9ponses sur ces d\u00e9placements. L&rsquo;enjeu mis en avant porte sur la transparence et la responsabilit\u00e9 dans la gestion des fonds publics. Aucune conclusion sur l&rsquo;existence d&rsquo;une faute n&rsquo;est \u00e9tablie \u00e0 ce stade : il s&rsquo;agit d&rsquo;une demande d&rsquo;enqu\u00eate, \u00e0 laquelle le commissaire reste libre de r\u00e9pondre.<\/p>\n<div class=\"va-enquetevoyage-retenir\">\n<span class=\"va-enquetevoyage-tag\">Ce qu&rsquo;il faut retenir<\/span><\/p>\n<div class=\"va-enquetevoyage-row\"><span class=\"va-enquetevoyage-k\">Le fait<\/span><span class=\"va-enquetevoyage-v\">Des \u00e9lus californiens demandent un audit des voyages internationaux du commissaire \u00e0 l&rsquo;assurance Ricardo Lara (mars 2025).<\/span><\/div>\n<div class=\"va-enquetevoyage-row\"><span class=\"va-enquetevoyage-k\">\u00c0 ce stade<\/span><span class=\"va-enquetevoyage-v\">Tous les \u00e9l\u00e9ments chiffr\u00e9s et les reproches sont attribu\u00e9s au rapport cit\u00e9 et aux \u00e9lus ; aucun manquement n&rsquo;est confirm\u00e9.<\/span><\/div>\n<div class=\"va-enquetevoyage-row\"><span class=\"va-enquetevoyage-k\">Statut<\/span><span class=\"va-enquetevoyage-v\"><span class=\"va-enquetevoyage-statut\">Enqu\u00eate demand\u00e9e \u2014 non tranch\u00e9e<\/span><\/span><\/div>\n<\/div>\n<\/div>\n","protected":false},"excerpt":{"rendered":"","protected":false},"author":34,"featured_media":18161,"comment_status":"open","ping_status":"open","sticky":false,"template":"","format":"standard","meta":{"_acf_changed":false,"manual_indexmenow":false,"indexmenow_id_project":0,"footnotes":""},"categories":[1],"tags":[6291,6123,3662,4809,4635],"class_list":["post-16580","post","type-post","status-publish","format-standard","has-post-thumbnail","hentry","category-a-la-une","tag-audit","tag-gestion-des-fonds-publics","tag-responsabilite","tag-transparence","tag-voyage","generate-columns","tablet-grid-50","mobile-grid-100","grid-parent","grid-25"],"acf":[],"yoast_head":"<!-- This site is optimized with the Yoast SEO Premium plugin v21.3 (Yoast SEO v25.1) - https:\/\/yoast.com\/wordpress\/plugins\/seo\/ -->\n<title>Des \u00e9lus californiens r\u00e9clament une enqu\u00eate sur les voyages<\/title>\n<meta name=\"description\" content=\"Selon un rapport d&#039;investigation cit\u00e9 dans l&#039;article, des \u00e9lus californiens r\u00e9clameraient un audit des d\u00e9placements internationaux financ\u00e9s par les\" \/>\n<meta name=\"robots\" content=\"index, follow, max-snippet:-1, max-image-preview:large, max-video-preview:-1\" \/>\n<link rel=\"canonical\" href=\"https:\/\/voyage-aventure.com\/blog\/a-la-une\/des-elus-californiens-reclament-une-enquete-sur-les-voyages-du-commissaire-a-lassurance\/\" \/>\n<meta property=\"og:locale\" content=\"fr_FR\" \/>\n<meta property=\"og:type\" content=\"article\" \/>\n<meta property=\"og:title\" content=\"Des \u00e9lus californiens r\u00e9clament une enqu\u00eate sur les voyages\" \/>\n<meta property=\"og:description\" content=\"Selon un rapport d&#039;investigation cit\u00e9 dans l&#039;article, des \u00e9lus californiens r\u00e9clameraient un audit des d\u00e9placements internationaux financ\u00e9s par les\" \/>\n<meta property=\"og:url\" content=\"https:\/\/voyage-aventure.com\/blog\/a-la-une\/des-elus-californiens-reclament-une-enquete-sur-les-voyages-du-commissaire-a-lassurance\/\" \/>\n<meta property=\"og:site_name\" content=\"voyage-aventure\" \/>\n<meta property=\"og:image\" content=\"https:\/\/voyage-aventure.com\/blog\/wp-content\/uploads\/2025\/04\/sdxl-eb787fa07ea26f8751dd3923446f6b62.png\" \/>\n\t<meta property=\"og:image:width\" content=\"1536\" \/>\n\t<meta property=\"og:image:height\" content=\"640\" \/>\n\t<meta property=\"og:image:type\" content=\"image\/png\" \/>\n<meta name=\"author\" content=\"Camille Rouvray\" \/>\n<meta name=\"twitter:card\" content=\"summary_large_image\" \/>\n<script type=\"application\/ld+json\" class=\"yoast-schema-graph\">{\"@context\":\"https:\/\/schema.org\",\"@graph\":[{\"@type\":\"NewsArticle\",\"@id\":\"https:\/\/voyage-aventure.com\/blog\/a-la-une\/des-elus-californiens-reclament-une-enquete-sur-les-voyages-du-commissaire-a-lassurance\/#article\",\"isPartOf\":{\"@id\":\"https:\/\/voyage-aventure.com\/blog\/a-la-une\/des-elus-californiens-reclament-une-enquete-sur-les-voyages-du-commissaire-a-lassurance\/\"},\"author\":{\"name\":\"Camille Rouvray\",\"@id\":\"https:\/\/voyage-aventure.com\/blog\/#\/schema\/person\/3c864cdc320801e3db34b663e7e3f816\"},\"headline\":\"Des \u00e9lus californiens r\u00e9clament une enqu\u00eate sur les voyages du commissaire \u00e0 l&rsquo;assurance\",\"datePublished\":\"2026-06-16T15:38:35+00:00\",\"mainEntityOfPage\":{\"@id\":\"https:\/\/voyage-aventure.com\/blog\/a-la-une\/des-elus-californiens-reclament-une-enquete-sur-les-voyages-du-commissaire-a-lassurance\/\"},\"wordCount\":868,\"commentCount\":20,\"publisher\":{\"@id\":\"https:\/\/voyage-aventure.com\/blog\/#organization\"},\"image\":{\"@id\":\"https:\/\/voyage-aventure.com\/blog\/a-la-une\/des-elus-californiens-reclament-une-enquete-sur-les-voyages-du-commissaire-a-lassurance\/#primaryimage\"},\"thumbnailUrl\":\"https:\/\/voyage-aventure.com\/blog\/wp-content\/uploads\/2025\/04\/sdxl-eb787fa07ea26f8751dd3923446f6b62.png\",\"keywords\":[\"Audit\",\"Gestion des fonds publics\",\"Responsabilit\u00e9\",\"Transparence\",\"Voyage\"],\"articleSection\":[\"\u00c0 la une\"],\"inLanguage\":\"fr-FR\",\"potentialAction\":[{\"@type\":\"CommentAction\",\"name\":\"Comment\",\"target\":[\"https:\/\/voyage-aventure.com\/blog\/a-la-une\/des-elus-californiens-reclament-une-enquete-sur-les-voyages-du-commissaire-a-lassurance\/#respond\"]}]},{\"@type\":\"WebPage\",\"@id\":\"https:\/\/voyage-aventure.com\/blog\/a-la-une\/des-elus-californiens-reclament-une-enquete-sur-les-voyages-du-commissaire-a-lassurance\/\",\"url\":\"https:\/\/voyage-aventure.com\/blog\/a-la-une\/des-elus-californiens-reclament-une-enquete-sur-les-voyages-du-commissaire-a-lassurance\/\",\"name\":\"Des \u00e9lus californiens r\u00e9clament une enqu\u00eate sur les voyages\",\"isPartOf\":{\"@id\":\"https:\/\/voyage-aventure.com\/blog\/#website\"},\"primaryImageOfPage\":{\"@id\":\"https:\/\/voyage-aventure.com\/blog\/a-la-une\/des-elus-californiens-reclament-une-enquete-sur-les-voyages-du-commissaire-a-lassurance\/#primaryimage\"},\"image\":{\"@id\":\"https:\/\/voyage-aventure.com\/blog\/a-la-une\/des-elus-californiens-reclament-une-enquete-sur-les-voyages-du-commissaire-a-lassurance\/#primaryimage\"},\"thumbnailUrl\":\"https:\/\/voyage-aventure.com\/blog\/wp-content\/uploads\/2025\/04\/sdxl-eb787fa07ea26f8751dd3923446f6b62.png\",\"datePublished\":\"2026-06-16T15:38:35+00:00\",\"description\":\"Selon un rapport d'investigation cit\u00e9 dans l'article, des \u00e9lus californiens r\u00e9clameraient un audit des d\u00e9placements internationaux financ\u00e9s par les\",\"inLanguage\":\"fr-FR\",\"potentialAction\":[{\"@type\":\"ReadAction\",\"target\":[\"https:\/\/voyage-aventure.com\/blog\/a-la-une\/des-elus-californiens-reclament-une-enquete-sur-les-voyages-du-commissaire-a-lassurance\/\"]}]},{\"@type\":\"ImageObject\",\"inLanguage\":\"fr-FR\",\"@id\":\"https:\/\/voyage-aventure.com\/blog\/a-la-une\/des-elus-californiens-reclament-une-enquete-sur-les-voyages-du-commissaire-a-lassurance\/#primaryimage\",\"url\":\"https:\/\/voyage-aventure.com\/blog\/wp-content\/uploads\/2025\/04\/sdxl-eb787fa07ea26f8751dd3923446f6b62.png\",\"contentUrl\":\"https:\/\/voyage-aventure.com\/blog\/wp-content\/uploads\/2025\/04\/sdxl-eb787fa07ea26f8751dd3923446f6b62.png\",\"width\":1536,\"height\":640},{\"@type\":\"WebSite\",\"@id\":\"https:\/\/voyage-aventure.com\/blog\/#website\",\"url\":\"https:\/\/voyage-aventure.com\/blog\/\",\"name\":\"voyage-aventure.com\",\"description\":\"Votre passeport pour l\u2019inattendu.\",\"publisher\":{\"@id\":\"https:\/\/voyage-aventure.com\/blog\/#organization\"},\"alternateName\":\"Votre passeport pour l\u2019inattendu.\",\"potentialAction\":[{\"@type\":\"SearchAction\",\"target\":{\"@type\":\"EntryPoint\",\"urlTemplate\":\"https:\/\/voyage-aventure.com\/blog\/?s={search_term_string}\"},\"query-input\":{\"@type\":\"PropertyValueSpecification\",\"valueRequired\":true,\"valueName\":\"search_term_string\"}}],\"inLanguage\":\"fr-FR\"},{\"@type\":\"Organization\",\"@id\":\"https:\/\/voyage-aventure.com\/blog\/#organization\",\"name\":\"Foretsensations.fr\",\"url\":\"https:\/\/voyage-aventure.com\/blog\/\",\"logo\":{\"@type\":\"ImageObject\",\"inLanguage\":\"fr-FR\",\"@id\":\"https:\/\/voyage-aventure.com\/blog\/#\/schema\/logo\/image\/\",\"url\":\"https:\/\/voyage-aventure.com\/blog\/wp-content\/uploads\/2024\/12\/19.png\",\"contentUrl\":\"https:\/\/voyage-aventure.com\/blog\/wp-content\/uploads\/2024\/12\/19.png\",\"width\":512,\"height\":512,\"caption\":\"Foretsensations.fr\"},\"image\":{\"@id\":\"https:\/\/voyage-aventure.com\/blog\/#\/schema\/logo\/image\/\"}},{\"@type\":\"Person\",\"@id\":\"https:\/\/voyage-aventure.com\/blog\/#\/schema\/person\/3c864cdc320801e3db34b663e7e3f816\",\"name\":\"Camille Rouvray\",\"image\":{\"@type\":\"ImageObject\",\"inLanguage\":\"fr-FR\",\"@id\":\"https:\/\/voyage-aventure.com\/blog\/#\/schema\/person\/image\/\",\"url\":\"https:\/\/voyage-aventure.com\/blog\/wp-content\/uploads\/2026\/06\/persona_camille-r-96x96.jpg\",\"contentUrl\":\"https:\/\/voyage-aventure.com\/blog\/wp-content\/uploads\/2026\/06\/persona_camille-r-96x96.jpg\",\"caption\":\"Camille Rouvray\"},\"description\":\"Je voyage et j'\u00e9cris sur le voyage depuis une douzaine d'ann\u00e9es, d'abord en tant que routarde au long cours, puis comme r\u00e9dactrice sp\u00e9cialis\u00e9e. Mon terrain de pr\u00e9dilection, ce sont les circuits organis\u00e9s et l'art de bien pr\u00e9parer un itin\u00e9raire : choix de la saison, dur\u00e9e r\u00e9aliste des \u00e9tapes, budget jour par jour, logement et transport sur place. J'aime aussi raconter les p\u00e9pites urbaines, ces adresses qu'on ne trouve pas dans les guides classiques. Avant de publier un dossier destination, je croise toujours plusieurs sources, je v\u00e9rifie les tarifs et les formalit\u00e9s d'entr\u00e9e \u00e0 jour, et je teste moi-m\u00eame quand je le peux. Mon angle reste pratique avant tout : aider le lecteur \u00e0 partir l'esprit tranquille, sans mauvaise surprise une fois sur place. Je m'attache \u00e0 distinguer le coup de c\u0153ur sinc\u00e8re du simple argument marketing.\",\"sameAs\":[\"https:\/\/camillerouvray.fr\/\"],\"url\":\"https:\/\/voyage-aventure.com\/blog\/auteur\/noname\/\"}]}<\/script>\n<!-- \/ Yoast SEO Premium plugin. -->","yoast_head_json":{"title":"Des \u00e9lus californiens r\u00e9clament une enqu\u00eate sur les voyages","description":"Selon un rapport d'investigation cit\u00e9 dans l'article, des \u00e9lus californiens r\u00e9clameraient un audit des d\u00e9placements internationaux financ\u00e9s par les","robots":{"index":"index","follow":"follow","max-snippet":"max-snippet:-1","max-image-preview":"max-image-preview:large","max-video-preview":"max-video-preview:-1"},"canonical":"https:\/\/voyage-aventure.com\/blog\/a-la-une\/des-elus-californiens-reclament-une-enquete-sur-les-voyages-du-commissaire-a-lassurance\/","og_locale":"fr_FR","og_type":"article","og_title":"Des \u00e9lus californiens r\u00e9clament une enqu\u00eate sur les voyages","og_description":"Selon un rapport d'investigation cit\u00e9 dans l'article, des \u00e9lus californiens r\u00e9clameraient un audit des d\u00e9placements internationaux financ\u00e9s par les","og_url":"https:\/\/voyage-aventure.com\/blog\/a-la-une\/des-elus-californiens-reclament-une-enquete-sur-les-voyages-du-commissaire-a-lassurance\/","og_site_name":"voyage-aventure","og_image":[{"width":1536,"height":640,"url":"https:\/\/voyage-aventure.com\/blog\/wp-content\/uploads\/2025\/04\/sdxl-eb787fa07ea26f8751dd3923446f6b62.png","type":"image\/png"}],"author":"Camille Rouvray","twitter_card":"summary_large_image","schema":{"@context":"https:\/\/schema.org","@graph":[{"@type":"NewsArticle","@id":"https:\/\/voyage-aventure.com\/blog\/a-la-une\/des-elus-californiens-reclament-une-enquete-sur-les-voyages-du-commissaire-a-lassurance\/#article","isPartOf":{"@id":"https:\/\/voyage-aventure.com\/blog\/a-la-une\/des-elus-californiens-reclament-une-enquete-sur-les-voyages-du-commissaire-a-lassurance\/"},"author":{"name":"Camille Rouvray","@id":"https:\/\/voyage-aventure.com\/blog\/#\/schema\/person\/3c864cdc320801e3db34b663e7e3f816"},"headline":"Des \u00e9lus californiens r\u00e9clament une enqu\u00eate sur les voyages du commissaire \u00e0 l&rsquo;assurance","datePublished":"2026-06-16T15:38:35+00:00","mainEntityOfPage":{"@id":"https:\/\/voyage-aventure.com\/blog\/a-la-une\/des-elus-californiens-reclament-une-enquete-sur-les-voyages-du-commissaire-a-lassurance\/"},"wordCount":868,"commentCount":20,"publisher":{"@id":"https:\/\/voyage-aventure.com\/blog\/#organization"},"image":{"@id":"https:\/\/voyage-aventure.com\/blog\/a-la-une\/des-elus-californiens-reclament-une-enquete-sur-les-voyages-du-commissaire-a-lassurance\/#primaryimage"},"thumbnailUrl":"https:\/\/voyage-aventure.com\/blog\/wp-content\/uploads\/2025\/04\/sdxl-eb787fa07ea26f8751dd3923446f6b62.png","keywords":["Audit","Gestion des fonds publics","Responsabilit\u00e9","Transparence","Voyage"],"articleSection":["\u00c0 la une"],"inLanguage":"fr-FR","potentialAction":[{"@type":"CommentAction","name":"Comment","target":["https:\/\/voyage-aventure.com\/blog\/a-la-une\/des-elus-californiens-reclament-une-enquete-sur-les-voyages-du-commissaire-a-lassurance\/#respond"]}]},{"@type":"WebPage","@id":"https:\/\/voyage-aventure.com\/blog\/a-la-une\/des-elus-californiens-reclament-une-enquete-sur-les-voyages-du-commissaire-a-lassurance\/","url":"https:\/\/voyage-aventure.com\/blog\/a-la-une\/des-elus-californiens-reclament-une-enquete-sur-les-voyages-du-commissaire-a-lassurance\/","name":"Des \u00e9lus californiens r\u00e9clament une enqu\u00eate sur les voyages","isPartOf":{"@id":"https:\/\/voyage-aventure.com\/blog\/#website"},"primaryImageOfPage":{"@id":"https:\/\/voyage-aventure.com\/blog\/a-la-une\/des-elus-californiens-reclament-une-enquete-sur-les-voyages-du-commissaire-a-lassurance\/#primaryimage"},"image":{"@id":"https:\/\/voyage-aventure.com\/blog\/a-la-une\/des-elus-californiens-reclament-une-enquete-sur-les-voyages-du-commissaire-a-lassurance\/#primaryimage"},"thumbnailUrl":"https:\/\/voyage-aventure.com\/blog\/wp-content\/uploads\/2025\/04\/sdxl-eb787fa07ea26f8751dd3923446f6b62.png","datePublished":"2026-06-16T15:38:35+00:00","description":"Selon un rapport d'investigation cit\u00e9 dans l'article, des \u00e9lus californiens r\u00e9clameraient un audit des d\u00e9placements internationaux financ\u00e9s par les","inLanguage":"fr-FR","potentialAction":[{"@type":"ReadAction","target":["https:\/\/voyage-aventure.com\/blog\/a-la-une\/des-elus-californiens-reclament-une-enquete-sur-les-voyages-du-commissaire-a-lassurance\/"]}]},{"@type":"ImageObject","inLanguage":"fr-FR","@id":"https:\/\/voyage-aventure.com\/blog\/a-la-une\/des-elus-californiens-reclament-une-enquete-sur-les-voyages-du-commissaire-a-lassurance\/#primaryimage","url":"https:\/\/voyage-aventure.com\/blog\/wp-content\/uploads\/2025\/04\/sdxl-eb787fa07ea26f8751dd3923446f6b62.png","contentUrl":"https:\/\/voyage-aventure.com\/blog\/wp-content\/uploads\/2025\/04\/sdxl-eb787fa07ea26f8751dd3923446f6b62.png","width":1536,"height":640},{"@type":"WebSite","@id":"https:\/\/voyage-aventure.com\/blog\/#website","url":"https:\/\/voyage-aventure.com\/blog\/","name":"voyage-aventure.com","description":"Votre passeport pour l\u2019inattendu.","publisher":{"@id":"https:\/\/voyage-aventure.com\/blog\/#organization"},"alternateName":"Votre passeport pour l\u2019inattendu.","potentialAction":[{"@type":"SearchAction","target":{"@type":"EntryPoint","urlTemplate":"https:\/\/voyage-aventure.com\/blog\/?s={search_term_string}"},"query-input":{"@type":"PropertyValueSpecification","valueRequired":true,"valueName":"search_term_string"}}],"inLanguage":"fr-FR"},{"@type":"Organization","@id":"https:\/\/voyage-aventure.com\/blog\/#organization","name":"Foretsensations.fr","url":"https:\/\/voyage-aventure.com\/blog\/","logo":{"@type":"ImageObject","inLanguage":"fr-FR","@id":"https:\/\/voyage-aventure.com\/blog\/#\/schema\/logo\/image\/","url":"https:\/\/voyage-aventure.com\/blog\/wp-content\/uploads\/2024\/12\/19.png","contentUrl":"https:\/\/voyage-aventure.com\/blog\/wp-content\/uploads\/2024\/12\/19.png","width":512,"height":512,"caption":"Foretsensations.fr"},"image":{"@id":"https:\/\/voyage-aventure.com\/blog\/#\/schema\/logo\/image\/"}},{"@type":"Person","@id":"https:\/\/voyage-aventure.com\/blog\/#\/schema\/person\/3c864cdc320801e3db34b663e7e3f816","name":"Camille Rouvray","image":{"@type":"ImageObject","inLanguage":"fr-FR","@id":"https:\/\/voyage-aventure.com\/blog\/#\/schema\/person\/image\/","url":"https:\/\/voyage-aventure.com\/blog\/wp-content\/uploads\/2026\/06\/persona_camille-r-96x96.jpg","contentUrl":"https:\/\/voyage-aventure.com\/blog\/wp-content\/uploads\/2026\/06\/persona_camille-r-96x96.jpg","caption":"Camille Rouvray"},"description":"Je voyage et j'\u00e9cris sur le voyage depuis une douzaine d'ann\u00e9es, d'abord en tant que routarde au long cours, puis comme r\u00e9dactrice sp\u00e9cialis\u00e9e. Mon terrain de pr\u00e9dilection, ce sont les circuits organis\u00e9s et l'art de bien pr\u00e9parer un itin\u00e9raire : choix de la saison, dur\u00e9e r\u00e9aliste des \u00e9tapes, budget jour par jour, logement et transport sur place. J'aime aussi raconter les p\u00e9pites urbaines, ces adresses qu'on ne trouve pas dans les guides classiques. Avant de publier un dossier destination, je croise toujours plusieurs sources, je v\u00e9rifie les tarifs et les formalit\u00e9s d'entr\u00e9e \u00e0 jour, et je teste moi-m\u00eame quand je le peux. Mon angle reste pratique avant tout : aider le lecteur \u00e0 partir l'esprit tranquille, sans mauvaise surprise une fois sur place. Je m'attache \u00e0 distinguer le coup de c\u0153ur sinc\u00e8re du simple argument marketing.","sameAs":["https:\/\/camillerouvray.fr\/"],"url":"https:\/\/voyage-aventure.com\/blog\/auteur\/noname\/"}]}},"_links":{"self":[{"href":"https:\/\/voyage-aventure.com\/blog\/wp-json\/wp\/v2\/posts\/16580","targetHints":{"allow":["GET"]}}],"collection":[{"href":"https:\/\/voyage-aventure.com\/blog\/wp-json\/wp\/v2\/posts"}],"about":[{"href":"https:\/\/voyage-aventure.com\/blog\/wp-json\/wp\/v2\/types\/post"}],"author":[{"embeddable":true,"href":"https:\/\/voyage-aventure.com\/blog\/wp-json\/wp\/v2\/users\/34"}],"replies":[{"embeddable":true,"href":"https:\/\/voyage-aventure.com\/blog\/wp-json\/wp\/v2\/comments?post=16580"}],"version-history":[{"count":2,"href":"https:\/\/voyage-aventure.com\/blog\/wp-json\/wp\/v2\/posts\/16580\/revisions"}],"predecessor-version":[{"id":22958,"href":"https:\/\/voyage-aventure.com\/blog\/wp-json\/wp\/v2\/posts\/16580\/revisions\/22958"}],"wp:featuredmedia":[{"embeddable":true,"href":"https:\/\/voyage-aventure.com\/blog\/wp-json\/wp\/v2\/media\/18161"}],"wp:attachment":[{"href":"https:\/\/voyage-aventure.com\/blog\/wp-json\/wp\/v2\/media?parent=16580"}],"wp:term":[{"taxonomy":"category","embeddable":true,"href":"https:\/\/voyage-aventure.com\/blog\/wp-json\/wp\/v2\/categories?post=16580"},{"taxonomy":"post_tag","embeddable":true,"href":"https:\/\/voyage-aventure.com\/blog\/wp-json\/wp\/v2\/tags?post=16580"}],"curies":[{"name":"wp","href":"https:\/\/api.w.org\/{rel}","templated":true}]}}