{"id":16569,"date":"2026-06-16T17:38:26","date_gmt":"2026-06-16T15:38:26","guid":{"rendered":"https:\/\/voyage-aventure.com\/blog\/?p=16569"},"modified":"2026-06-16T17:38:26","modified_gmt":"2026-06-16T15:38:26","slug":"preparez-vous-pour-des-vacances-inoubliables-a-la-plage-ce-printemps-et-cet-ete","status":"publish","type":"post","link":"https:\/\/voyage-aventure.com\/blog\/a-la-une\/preparez-vous-pour-des-vacances-inoubliables-a-la-plage-ce-printemps-et-cet-ete\/","title":{"rendered":"pr\u00e9parez-vous pour des vacances inoubliables \u00e0 la plage ce printemps et cet \u00e9t\u00e9"},"content":{"rendered":"<link rel=\"stylesheet\" href=\"https:\/\/fonts.googleapis.com\/css2?family=Fraunces:opsz,wght@9..144,500;9..144,600;9..144,800&#038;family=Inter:wght@400;500;600&#038;family=JetBrains+Mono:wght@500&#038;display=swap\">\n<style>\n.va-plage-wrap{font-family:'Inter',-apple-system,BlinkMacSystemFont,'Segoe UI',sans-serif;color:#1c2b30;line-height:1.65;font-size:17px;}\n.va-plage-wrap h2{font-family:'Fraunces','Inter',serif;font-weight:800;font-size:clamp(24px,3.2vw,34px);letter-spacing:-0.01em;color:#0c2a30;margin:46px 0 16px;}\n.va-plage-wrap h3{font-family:'Fraunces','Inter',serif;font-weight:600;font-size:19px;color:#0c2a30;margin:0 0 6px;letter-spacing:-0.01em;}\n.va-plage-wrap p{margin:0 0 18px;}\n.va-plage-kicker{font-family:'JetBrains Mono',monospace;font-size:11px;font-weight:500;text-transform:uppercase;letter-spacing:2.4px;color:#0f9aa3;margin-bottom:8px;}\n.va-plage-lead{font-family:'Inter',sans-serif;background:#eafafb;border-left:5px solid #0f9aa3;padding:22px 26px;margin:24px 0 30px;border-radius:0 8px 8px 0;}\n.va-plage-lead-txt{font-size:19px;line-height:1.55;color:#143038;font-weight:500;letter-spacing:-0.005em;}\n.va-plage-carnet{background:#fff;border:1px solid #d9ede6;border-radius:12px;padding:24px 26px 26px;margin:28px 0;box-shadow:0 1px 2px rgba(16,24,40,.05),0 14px 30px -18px rgba(15,154,163,.35);}\n.va-plage-carnet-title{font-family:'JetBrains Mono',monospace;font-size:11px;font-weight:500;text-transform:uppercase;letter-spacing:2.2px;color:#0f9aa3;margin-bottom:16px;}\n.va-plage-carnet-grid{display:grid;grid-template-columns:repeat(auto-fit,minmax(180px,1fr));gap:12px;}\n.va-plage-carnet-item{background:#f6fbfa;border:1px solid #e2efe9;border-top:3px solid #e2a93b;border-radius:8px;padding:14px 16px;}\n.va-plage-carnet-lbl{font-family:'JetBrains Mono',monospace;font-size:10.5px;text-transform:uppercase;letter-spacing:1.4px;color:#7a8a86;margin-bottom:5px;}\n.va-plage-carnet-val{font-size:14.5px;line-height:1.5;color:#1c2b30;font-weight:500;}\n.va-plage-cards{display:grid;grid-template-columns:repeat(auto-fit,minmax(230px,1fr));gap:16px;margin:26px 0;}\n.va-plage-card{background:#fff;border:1px solid #e2efe9;border-top:3px solid #0f9aa3;border-radius:10px;padding:20px 20px 18px;transition:.25s ease;box-shadow:0 1px 2px rgba(16,24,40,.05);}\n.va-plage-card:hover{transform:translateY(-3px);box-shadow:0 1px 2px rgba(16,24,40,.05),0 16px 32px -18px rgba(15,154,163,.45);}\n.va-plage-card-badge{width:38px;height:38px;background:#eafafb;border-radius:50%;display:inline-flex;align-items:center;justify-content:center;margin-bottom:12px;font-family:'Fraunces',serif;font-weight:800;font-size:17px;color:#0f9aa3;}\n.va-plage-card-txt{font-size:14px;line-height:1.55;color:#46565a;}\n.va-plage-table-wrap{overflow-x:auto;border:1px solid #e2efe9;border-radius:10px;margin:26px 0;}\n.va-plage-table{width:100%;border-collapse:collapse;font-size:14.5px;min-width:460px;}\n.va-plage-table thead tr{background:#0c2a30;color:#fff;}\n.va-plage-table th{text-align:left;padding:13px 18px;font-family:'JetBrains Mono',monospace;font-size:11px;font-weight:500;text-transform:uppercase;letter-spacing:1.4px;}\n.va-plage-table td{padding:13px 18px;color:#36474b;}\n.va-plage-table tbody tr:nth-child(odd){background:#fff;}\n.va-plage-table tbody tr:nth-child(even){background:#f6fbfa;}\n.va-plage-table td:first-child{font-weight:600;color:#0c2a30;}\n.va-plage-check{display:grid;grid-template-columns:repeat(auto-fit,minmax(250px,1fr));gap:16px;margin:26px 0;}\n.va-plage-check-col{background:#f6fbfa;border:1px solid #e2efe9;border-radius:8px;padding:20px 22px;}\n.va-plage-check-col.do{border-top:4px solid #0f9aa3;}\n.va-plage-check-col.dont{border-top:4px solid #e2a93b;}\n.va-plage-check-h{font-family:'JetBrains Mono',monospace;font-size:12px;font-weight:500;text-transform:uppercase;letter-spacing:1.6px;margin-bottom:12px;}\n.va-plage-check-col.do .va-plage-check-h{color:#0c7e85;}\n.va-plage-check-col.dont .va-plage-check-h{color:#a9781f;}\n.va-plage-check ul{margin:0;padding:0;list-style:none;}\n.va-plage-check li{display:flex;gap:10px;align-items:flex-start;padding:7px 0;font-size:14px;line-height:1.5;color:#1c2b30;border-bottom:1px solid #e6efeb;}\n.va-plage-check li:last-child{border-bottom:none;}\n.va-plage-check .mk{flex:0 0 14px;font-weight:700;}\n.va-plage-check-col.do .mk{color:#0f9aa3;}\n.va-plage-check-col.dont .mk{color:#e2a93b;}\n.va-plage-quote{margin:40px auto;padding:30px 24px;text-align:center;border-top:1px solid #0f9aa3;border-bottom:1px solid #0f9aa3;max-width:660px;position:relative;}\n.va-plage-quote-glyph{position:absolute;top:-22px;left:50%;transform:translateX(-50%);background:#fff;padding:0 14px;font-family:'Fraunces',serif;font-size:50px;line-height:1;color:#0f9aa3;}\n.va-plage-quote blockquote{margin:0;font-family:'Fraunces',serif;font-style:italic;font-size:24px;line-height:1.45;color:#0c2a30;letter-spacing:-0.005em;}\n.va-plage-retenir{background:#0c2a30;border-radius:12px;padding:26px 28px;margin:34px 0;}\n.va-plage-retenir-title{font-family:'JetBrains Mono',monospace;font-size:11px;font-weight:500;text-transform:uppercase;letter-spacing:2.2px;color:#5fd2d9;margin-bottom:16px;}\n.va-plage-retenir-grid{display:grid;grid-template-columns:repeat(auto-fit,minmax(240px,1fr));gap:10px;}\n.va-plage-retenir-item{display:flex;gap:12px;background:rgba(255,255,255,.06);border:1px solid rgba(95,210,217,.2);border-radius:8px;padding:12px 14px;align-items:flex-start;}\n.va-plage-retenir-num{flex:0 0 26px;width:26px;height:26px;background:#e2a93b;color:#0c2a30;border-radius:50%;display:inline-flex;align-items:center;justify-content:center;font-family:'JetBrains Mono',monospace;font-size:12px;font-weight:500;}\n.va-plage-retenir-txt{font-size:14px;line-height:1.5;color:#eaf6f6;}\n.va-plage-faq{margin:36px 0;}\n.va-plage-faq-h{font-family:'Fraunces',serif;font-weight:800;font-size:23px;color:#0c2a30;margin:0 0 16px;letter-spacing:-0.01em;}\n.va-plage-faq-list{border-top:1px solid #d9ede6;}\n.va-plage-faq details{border-bottom:1px solid #d9ede6;}\n.va-plage-faq summary{cursor:pointer;padding:16px 0;font-family:'Inter',sans-serif;font-size:17px;font-weight:600;color:#0c2a30;list-style:none;display:flex;justify-content:space-between;align-items:center;gap:14px;}\n.va-plage-faq summary::-webkit-details-marker{display:none;}\n.va-plage-faq-plus{font-size:22px;font-weight:400;color:#0f9aa3;line-height:1;}\n.va-plage-faq-a{padding:0 0 16px;font-size:15px;line-height:1.7;color:#46565a;}\n\/*RENDERFIX2*\/.va-plage-table thead tr{color:#eef3f9!important}.va-plage-table thead tr p,.va-plage-table thead tr li,.va-plage-table thead tr strong,.va-plage-table thead tr em,.va-plage-table thead tr a,.va-plage-table thead tr span,.va-plage-table thead tr b,.va-plage-table thead tr td,.va-plage-table thead tr th,.va-plage-table thead tr h2,.va-plage-table thead tr h3,.va-plage-table thead tr h4{color:#eef3f9!important}.va-plage-table thead tr strong,.va-plage-table thead tr b{color:#ffffff!important}.va-plage-retenir{color:#eef3f9!important}.va-plage-retenir p,.va-plage-retenir li,.va-plage-retenir strong,.va-plage-retenir em,.va-plage-retenir a,.va-plage-retenir span,.va-plage-retenir b,.va-plage-retenir td,.va-plage-retenir th,.va-plage-retenir h2,.va-plage-retenir h3,.va-plage-retenir h4{color:#eef3f9!important}.va-plage-retenir strong,.va-plage-retenir b{color:#ffffff!important}<\/style>\n<div class=\"va-plage-wrap\">\n<div class=\"va-plage-kicker\">Carnet de voyage \u00b7 Bord de mer<\/div>\n<div class=\"va-plage-lead\">\n<div class=\"va-plage-lead-txt\">Le sable chaud, l&rsquo;odeur du large et des journ\u00e9es qui ne finissent pas : pr\u00e9parer ses vacances \u00e0 la plage pour le printemps et l&rsquo;\u00e9t\u00e9, c&rsquo;est d\u00e9j\u00e0 commencer \u00e0 les vivre. Destinations, valise, activit\u00e9s \u2014 voici comment caler l&rsquo;essentiel pour des souvenirs vraiment inoubliables.<\/div>\n<\/div>\n<div class=\"va-plage-carnet\">\n<div class=\"va-plage-carnet-title\">Le carnet pratique avant de partir<\/div>\n<div class=\"va-plage-carnet-grid\">\n<div class=\"va-plage-carnet-item\">\n<div class=\"va-plage-carnet-lbl\">Meilleure p\u00e9riode<\/div>\n<div class=\"va-plage-carnet-val\">Printemps et \u00e9t\u00e9<\/div>\n<\/p><\/div>\n<div class=\"va-plage-carnet-item\">\n<div class=\"va-plage-carnet-lbl\">Pour qui<\/div>\n<div class=\"va-plage-carnet-val\">Familles, couples, amateurs de sports nautiques<\/div>\n<\/p><\/div>\n<div class=\"va-plage-carnet-item\">\n<div class=\"va-plage-carnet-lbl\">Dans la valise<\/div>\n<div class=\"va-plage-carnet-val\">Cr\u00e8me solaire, maillots, lunettes, v\u00eatements l\u00e9gers<\/div>\n<\/p><\/div>\n<div class=\"va-plage-carnet-item\">\n<div class=\"va-plage-carnet-lbl\">\u00c0 r\u00e9server t\u00f4t<\/div>\n<div class=\"va-plage-carnet-val\">H\u00e9bergement, surtout en p\u00e9riode de pointe<\/div>\n<\/p><\/div>\n<\/p><\/div>\n<\/div>\n<h2>Les Meilleures Destinations de Plage pour Vos Vacances<\/h2>\n<p>Les vacances \u00e0 la plage sont un moment tant attendu par de nombreuses familles. Que ce soit pour le printemps ou l&rsquo;\u00e9t\u00e9, il existe une multitude de destinations qui sauront satisfaire tous les go\u00fbts. Des plages de sable blanc des Cara\u00efbes aux c\u00f4tes ensoleill\u00e9es de la M\u00e9diterran\u00e9e, chaque lieu offre une exp\u00e9rience unique.<\/p>\n<p>Lorsque vous choisissez votre destination, pensez \u00e0 ce qui vous attire le plus : le surf, la plong\u00e9e, ou simplement la d\u00e9tente au soleil. Tout part de l&rsquo;envie du moment \u2014 et il y a une plage pour chacune.<\/p>\n<div class=\"va-plage-cards\">\n<div class=\"va-plage-card\">\n<div class=\"va-plage-card-badge\">01<\/div>\n<h3>Cara\u00efbes<\/h3>\n<div class=\"va-plage-card-txt\">Des plages de sable blanc et une eau turquoise pour la d\u00e9tente au soleil et la plong\u00e9e \u00e0 la d\u00e9couverte de la vie marine.<\/div>\n<\/p><\/div>\n<div class=\"va-plage-card\">\n<div class=\"va-plage-card-badge\">02<\/div>\n<h3>M\u00e9diterran\u00e9e<\/h3>\n<div class=\"va-plage-card-txt\">Des c\u00f4tes ensoleill\u00e9es, des criques accessibles et une cuisine de bord de mer qui prolonge chaque journ\u00e9e.<\/div>\n<\/p><\/div>\n<div class=\"va-plage-card\">\n<div class=\"va-plage-card-badge\">03<\/div>\n<h3>Floride, en famille<\/h3>\n<div class=\"va-plage-card-txt\">Les stations baln\u00e9aires familiales sont id\u00e9ales pour les enfants et offrent une vari\u00e9t\u00e9 d&rsquo;activit\u00e9s tout au long du s\u00e9jour.<\/div>\n<\/p><\/div>\n<div class=\"va-plage-card\">\n<div class=\"va-plage-card-badge\">04<\/div>\n<h3>Santorin &amp; Seychelles<\/h3>\n<div class=\"va-plage-card-txt\">Pour les couples, des escapades romantiques qui transforment un s\u00e9jour plage en parenth\u00e8se \u00e0 deux.<\/div>\n<\/p><\/div>\n<\/div>\n<p><iframe loading=\"lazy\" title=\"Top 5 des iles paradisiaque pour partir en vacances sans te ruiner !!\" width=\"1200\" height=\"675\" src=\"https:\/\/www.youtube.com\/embed\/07j0sJsTJ5I?feature=oembed\" frameborder=\"0\" allow=\"accelerometer; autoplay; clipboard-write; encrypted-media; gyroscope; picture-in-picture; web-share\" referrerpolicy=\"strict-origin-when-cross-origin\" allowfullscreen><\/iframe><\/p>\n<h2>Pr\u00e9parer Votre Voyage \u00e0 la Plage<\/h2>\n<p>Une bonne pr\u00e9paration est essentielle pour profiter pleinement de vos vacances. Commencez par faire une liste des articles indispensables \u00e0 emporter, comme la cr\u00e8me solaire, les maillots de bain et les lunettes de soleil. N&rsquo;oubliez pas d&rsquo;inclure des v\u00eatements l\u00e9gers et des accessoires pour prot\u00e9ger votre peau du soleil.<\/p>\n<p>Avant de partir, v\u00e9rifiez \u00e9galement les conditions m\u00e9t\u00e9orologiques de votre destination. Cela peut vous aider \u00e0 planifier vos activit\u00e9s en plein air. Enfin, pensez \u00e0 r\u00e9server vos h\u00e9bergements \u00e0 l&rsquo;avance, surtout si vous voyagez pendant les p\u00e9riodes de pointe.<\/p>\n<div class=\"va-plage-check\">\n<div class=\"va-plage-check-col do\">\n<div class=\"va-plage-check-h\">&#10003; \u00c0 faire<\/div>\n<ul>\n<li><span class=\"mk\">&#10003;<\/span><span>Lister les indispensables : cr\u00e8me solaire, maillots, lunettes<\/span><\/li>\n<li><span class=\"mk\">&#10003;<\/span><span>Pr\u00e9voir v\u00eatements l\u00e9gers et accessoires anti-soleil<\/span><\/li>\n<li><span class=\"mk\">&#10003;<\/span><span>V\u00e9rifier la m\u00e9t\u00e9o de la destination avant de boucler le programme<\/span><\/li>\n<li><span class=\"mk\">&#10003;<\/span><span>R\u00e9server l&rsquo;h\u00e9bergement \u00e0 l&rsquo;avance en p\u00e9riode de pointe<\/span><\/li>\n<\/ul><\/div>\n<div class=\"va-plage-check-col dont\">\n<div class=\"va-plage-check-h\">&#10005; \u00c0 \u00e9viter<\/div>\n<ul>\n<li><span class=\"mk\">&#10005;<\/span><span>Partir sans protection solaire pour la peau<\/span><\/li>\n<li><span class=\"mk\">&#10005;<\/span><span>N\u00e9gliger les conditions m\u00e9t\u00e9o des jours sur place<\/span><\/li>\n<li><span class=\"mk\">&#10005;<\/span><span>Attendre le dernier moment pour r\u00e9server en haute saison<\/span><\/li>\n<li><span class=\"mk\">&#10005;<\/span><span>Surcharger sa valise au d\u00e9triment des essentiels<\/span><\/li>\n<\/ul><\/div>\n<\/div>\n<h2>Les Activit\u00e9s Incontournables \u00e0 Faire \u00e0 la Plage<\/h2>\n<p>Lorsque vous arrivez \u00e0 votre destination, une multitude d&rsquo;activit\u00e9s s&rsquo;offrent \u00e0 vous. Que vous soyez amateur de sports nautiques ou que vous pr\u00e9f\u00e9riez des moments tranquilles, il y en a pour tous les go\u00fbts. Pourquoi ne pas essayer le paddle board ou la plong\u00e9e sous-marine pour explorer la vie marine ?<\/p>\n<p>Les plages offrent \u00e9galement une excellente opportunit\u00e9 de d\u00e9guster des plats locaux. Profitez des restaurants en bord de mer pour savourer des fruits de mer frais et des sp\u00e9cialit\u00e9s locales. Voici quelques activit\u00e9s \u00e0 ne pas manquer lors de votre s\u00e9jour \u00e0 la plage :<\/p>\n<ul>\n<li>Surf et autres sports nautiques<\/li>\n<li>Promenades sur la plage au coucher du soleil<\/li>\n<li>D\u00e9gustation de la cuisine locale<\/li>\n<li>Visites de sites historiques ou naturels \u00e0 proximit\u00e9<\/li>\n<li>Participer \u00e0 des festivals de plage si la saison le permet<\/li>\n<\/ul>\n<div class=\"va-plage-quote\">\n<div class=\"va-plage-quote-glyph\" aria-hidden=\"true\">&laquo;<\/div>\n<blockquote><p>Les vacances \u00e0 la plage ne sont pas seulement une \u00e9vasion, mais une exp\u00e9rience qui nourrit l&rsquo;\u00e2me.<\/p><\/blockquote>\n<\/div>\n<p>En somme, que vous planifiiez des vacances en famille ou une escapade romantique, la plage est l&rsquo;endroit id\u00e9al pour cr\u00e9er des souvenirs inoubliables. Prenez le temps de bien pr\u00e9parer votre voyage et de profiter de tout ce que votre destination a \u00e0 offrir. Les plages sont bien plus qu&rsquo;un simple lieu de d\u00e9tente ; elles sont une invitation \u00e0 l&rsquo;aventure et \u00e0 la d\u00e9couverte.<\/p>\n<div class=\"va-plage-retenir\">\n<div class=\"va-plage-retenir-title\">\u00c0 retenir<\/div>\n<div class=\"va-plage-retenir-grid\">\n<div class=\"va-plage-retenir-item\">\n      <span class=\"va-plage-retenir-num\">1<\/span><br \/>\n      <span class=\"va-plage-retenir-txt\">Choisissez la destination selon l&rsquo;envie : surf, plong\u00e9e ou pure d\u00e9tente au soleil.<\/span>\n    <\/div>\n<div class=\"va-plage-retenir-item\">\n      <span class=\"va-plage-retenir-num\">2<\/span><br \/>\n      <span class=\"va-plage-retenir-txt\">Familles vers les stations baln\u00e9aires (Floride), couples vers Santorin ou les Seychelles.<\/span>\n    <\/div>\n<div class=\"va-plage-retenir-item\">\n      <span class=\"va-plage-retenir-num\">3<\/span><br \/>\n      <span class=\"va-plage-retenir-txt\">Pr\u00e9parez la valise solaire et v\u00e9rifiez la m\u00e9t\u00e9o avant de planifier les sorties.<\/span>\n    <\/div>\n<div class=\"va-plage-retenir-item\">\n      <span class=\"va-plage-retenir-num\">4<\/span><br \/>\n      <span class=\"va-plage-retenir-txt\">R\u00e9servez l&rsquo;h\u00e9bergement t\u00f4t, surtout en p\u00e9riode de pointe printemps-\u00e9t\u00e9.<\/span>\n    <\/div>\n<div class=\"va-plage-retenir-item\">\n      <span class=\"va-plage-retenir-num\">5<\/span><br \/>\n      <span class=\"va-plage-retenir-txt\">Sur place : paddle, plong\u00e9e, cuisine locale, balades au coucher du soleil.<\/span>\n    <\/div>\n<\/p><\/div>\n<\/div>\n<div class=\"va-plage-faq\">\n<div class=\"va-plage-faq-h\">Questions fr\u00e9quentes<\/div>\n<div class=\"va-plage-faq-list\">\n<details>\n<summary><span>Quelle est la meilleure p\u00e9riode pour des vacances \u00e0 la plage ?<\/span><span class=\"va-plage-faq-plus\">+<\/span><\/summary>\n<div class=\"va-plage-faq-a\">Le printemps et l&rsquo;\u00e9t\u00e9 restent les saisons les plus attendues pour profiter du sable, du soleil et des activit\u00e9s en plein air. R\u00e9servez votre h\u00e9bergement \u00e0 l&rsquo;avance si vous partez en p\u00e9riode de pointe.<\/div>\n<\/details>\n<details>\n<summary><span>Quelle destination plage choisir selon mon profil ?<\/span><span class=\"va-plage-faq-plus\">+<\/span><\/summary>\n<div class=\"va-plage-faq-a\">Les familles appr\u00e9cient les stations baln\u00e9aires comme celles de Floride, riches en activit\u00e9s pour les enfants. Les couples privil\u00e9gieront des escapades romantiques comme Santorin ou les Seychelles. Le choix d\u00e9pend de ce qui vous attire le plus : le surf, la plong\u00e9e ou la d\u00e9tente au soleil.<\/div>\n<\/details>\n<details>\n<summary><span>Que mettre dans sa valise pour la plage ?<\/span><span class=\"va-plage-faq-plus\">+<\/span><\/summary>\n<div class=\"va-plage-faq-a\">Faites une liste des indispensables : cr\u00e8me solaire, maillots de bain, lunettes de soleil, v\u00eatements l\u00e9gers et accessoires pour prot\u00e9ger votre peau. V\u00e9rifiez aussi la m\u00e9t\u00e9o de votre destination pour planifier vos activit\u00e9s en plein air.<\/div>\n<\/details>\n<details>\n<summary><span>Quelles activit\u00e9s faire une fois sur place ?<\/span><span class=\"va-plage-faq-plus\">+<\/span><\/summary>\n<div class=\"va-plage-faq-a\">Selon vos envies : surf et sports nautiques, paddle board, plong\u00e9e sous-marine pour explorer la vie marine, promenades au coucher du soleil, d\u00e9gustation de la cuisine locale et de fruits de mer frais, visites de sites historiques ou naturels \u00e0 proximit\u00e9, ou encore festivals de plage si la saison le permet.<\/div>\n<\/details><\/div>\n<\/div>\n<\/div>\n","protected":false},"excerpt":{"rendered":"","protected":false},"author":34,"featured_media":18163,"comment_status":"open","ping_status":"open","sticky":false,"template":"","format":"standard","meta":{"_acf_changed":false,"manual_indexmenow":false,"indexmenow_id_project":0,"footnotes":""},"categories":[1],"tags":[4537,4530,4535,4547,5834],"class_list":["post-16569","post","type-post","status-publish","format-standard","has-post-thumbnail","hentry","category-a-la-une","tag-activites-nautiques","tag-escapade-en-europe","tag-gastronomie-locale","tag-plages-paradisiaques","tag-voyage-en-famille","generate-columns","tablet-grid-50","mobile-grid-100","grid-parent","grid-25"],"acf":[],"yoast_head":"<!-- This site is optimized with the Yoast SEO Premium plugin v21.3 (Yoast SEO v25.1) - https:\/\/yoast.com\/wordpress\/plugins\/seo\/ -->\n<title>pr\u00e9parez-vous pour des vacances inoubliables \u00e0 la plage ce<\/title>\n<meta name=\"description\" content=\"Le sable chaud, l&#039;odeur du large et des journ\u00e9es qui ne finissent pas : pr\u00e9parer ses vacances \u00e0 la plage pour le printemps et l&#039;\u00e9t\u00e9, c&#039;est d\u00e9j\u00e0 commencer\" \/>\n<meta name=\"robots\" content=\"index, follow, max-snippet:-1, max-image-preview:large, max-video-preview:-1\" \/>\n<link rel=\"canonical\" href=\"https:\/\/voyage-aventure.com\/blog\/a-la-une\/preparez-vous-pour-des-vacances-inoubliables-a-la-plage-ce-printemps-et-cet-ete\/\" \/>\n<meta property=\"og:locale\" content=\"fr_FR\" \/>\n<meta property=\"og:type\" content=\"article\" \/>\n<meta property=\"og:title\" content=\"pr\u00e9parez-vous pour des vacances inoubliables \u00e0 la plage ce\" \/>\n<meta property=\"og:description\" content=\"Le sable chaud, l&#039;odeur du large et des journ\u00e9es qui ne finissent pas : pr\u00e9parer ses vacances \u00e0 la plage pour le printemps et l&#039;\u00e9t\u00e9, c&#039;est d\u00e9j\u00e0 commencer\" \/>\n<meta property=\"og:url\" content=\"https:\/\/voyage-aventure.com\/blog\/a-la-une\/preparez-vous-pour-des-vacances-inoubliables-a-la-plage-ce-printemps-et-cet-ete\/\" \/>\n<meta property=\"og:site_name\" content=\"voyage-aventure\" \/>\n<meta property=\"og:image\" content=\"https:\/\/voyage-aventure.com\/blog\/wp-content\/uploads\/2025\/04\/sdxl-8ba41409aa1309d3fa5fedab83f147da.png\" \/>\n\t<meta property=\"og:image:width\" content=\"1200\" \/>\n\t<meta property=\"og:image:height\" content=\"500\" \/>\n\t<meta property=\"og:image:type\" content=\"image\/png\" \/>\n<meta name=\"author\" content=\"Camille Rouvray\" \/>\n<meta name=\"twitter:card\" content=\"summary_large_image\" \/>\n<script type=\"application\/ld+json\" class=\"yoast-schema-graph\">{\"@context\":\"https:\/\/schema.org\",\"@graph\":[{\"@type\":\"NewsArticle\",\"@id\":\"https:\/\/voyage-aventure.com\/blog\/a-la-une\/preparez-vous-pour-des-vacances-inoubliables-a-la-plage-ce-printemps-et-cet-ete\/#article\",\"isPartOf\":{\"@id\":\"https:\/\/voyage-aventure.com\/blog\/a-la-une\/preparez-vous-pour-des-vacances-inoubliables-a-la-plage-ce-printemps-et-cet-ete\/\"},\"author\":{\"name\":\"Camille Rouvray\",\"@id\":\"https:\/\/voyage-aventure.com\/blog\/#\/schema\/person\/3c864cdc320801e3db34b663e7e3f816\"},\"headline\":\"pr\u00e9parez-vous pour des vacances inoubliables \u00e0 la plage ce printemps et cet \u00e9t\u00e9\",\"datePublished\":\"2026-06-16T15:38:26+00:00\",\"mainEntityOfPage\":{\"@id\":\"https:\/\/voyage-aventure.com\/blog\/a-la-une\/preparez-vous-pour-des-vacances-inoubliables-a-la-plage-ce-printemps-et-cet-ete\/\"},\"wordCount\":1036,\"commentCount\":25,\"publisher\":{\"@id\":\"https:\/\/voyage-aventure.com\/blog\/#organization\"},\"image\":{\"@id\":\"https:\/\/voyage-aventure.com\/blog\/a-la-une\/preparez-vous-pour-des-vacances-inoubliables-a-la-plage-ce-printemps-et-cet-ete\/#primaryimage\"},\"thumbnailUrl\":\"https:\/\/voyage-aventure.com\/blog\/wp-content\/uploads\/2025\/04\/sdxl-8ba41409aa1309d3fa5fedab83f147da.png\",\"keywords\":[\"Activit\u00e9s Nautiques\",\"Escapade en Europe\",\"Gastronomie Locale\",\"Plages Paradisiaques\",\"Voyage en famille\"],\"articleSection\":[\"\u00c0 la une\"],\"inLanguage\":\"fr-FR\",\"potentialAction\":[{\"@type\":\"CommentAction\",\"name\":\"Comment\",\"target\":[\"https:\/\/voyage-aventure.com\/blog\/a-la-une\/preparez-vous-pour-des-vacances-inoubliables-a-la-plage-ce-printemps-et-cet-ete\/#respond\"]}]},{\"@type\":\"WebPage\",\"@id\":\"https:\/\/voyage-aventure.com\/blog\/a-la-une\/preparez-vous-pour-des-vacances-inoubliables-a-la-plage-ce-printemps-et-cet-ete\/\",\"url\":\"https:\/\/voyage-aventure.com\/blog\/a-la-une\/preparez-vous-pour-des-vacances-inoubliables-a-la-plage-ce-printemps-et-cet-ete\/\",\"name\":\"pr\u00e9parez-vous pour des vacances inoubliables \u00e0 la plage ce\",\"isPartOf\":{\"@id\":\"https:\/\/voyage-aventure.com\/blog\/#website\"},\"primaryImageOfPage\":{\"@id\":\"https:\/\/voyage-aventure.com\/blog\/a-la-une\/preparez-vous-pour-des-vacances-inoubliables-a-la-plage-ce-printemps-et-cet-ete\/#primaryimage\"},\"image\":{\"@id\":\"https:\/\/voyage-aventure.com\/blog\/a-la-une\/preparez-vous-pour-des-vacances-inoubliables-a-la-plage-ce-printemps-et-cet-ete\/#primaryimage\"},\"thumbnailUrl\":\"https:\/\/voyage-aventure.com\/blog\/wp-content\/uploads\/2025\/04\/sdxl-8ba41409aa1309d3fa5fedab83f147da.png\",\"datePublished\":\"2026-06-16T15:38:26+00:00\",\"description\":\"Le sable chaud, l'odeur du large et des journ\u00e9es qui ne finissent pas : pr\u00e9parer ses vacances \u00e0 la plage pour le printemps et l'\u00e9t\u00e9, c'est d\u00e9j\u00e0 commencer\",\"inLanguage\":\"fr-FR\",\"potentialAction\":[{\"@type\":\"ReadAction\",\"target\":[\"https:\/\/voyage-aventure.com\/blog\/a-la-une\/preparez-vous-pour-des-vacances-inoubliables-a-la-plage-ce-printemps-et-cet-ete\/\"]}]},{\"@type\":\"ImageObject\",\"inLanguage\":\"fr-FR\",\"@id\":\"https:\/\/voyage-aventure.com\/blog\/a-la-une\/preparez-vous-pour-des-vacances-inoubliables-a-la-plage-ce-printemps-et-cet-ete\/#primaryimage\",\"url\":\"https:\/\/voyage-aventure.com\/blog\/wp-content\/uploads\/2025\/04\/sdxl-8ba41409aa1309d3fa5fedab83f147da.png\",\"contentUrl\":\"https:\/\/voyage-aventure.com\/blog\/wp-content\/uploads\/2025\/04\/sdxl-8ba41409aa1309d3fa5fedab83f147da.png\",\"width\":1536,\"height\":640},{\"@type\":\"WebSite\",\"@id\":\"https:\/\/voyage-aventure.com\/blog\/#website\",\"url\":\"https:\/\/voyage-aventure.com\/blog\/\",\"name\":\"voyage-aventure.com\",\"description\":\"Votre passeport pour l\u2019inattendu.\",\"publisher\":{\"@id\":\"https:\/\/voyage-aventure.com\/blog\/#organization\"},\"alternateName\":\"Votre passeport pour l\u2019inattendu.\",\"potentialAction\":[{\"@type\":\"SearchAction\",\"target\":{\"@type\":\"EntryPoint\",\"urlTemplate\":\"https:\/\/voyage-aventure.com\/blog\/?s={search_term_string}\"},\"query-input\":{\"@type\":\"PropertyValueSpecification\",\"valueRequired\":true,\"valueName\":\"search_term_string\"}}],\"inLanguage\":\"fr-FR\"},{\"@type\":\"Organization\",\"@id\":\"https:\/\/voyage-aventure.com\/blog\/#organization\",\"name\":\"Foretsensations.fr\",\"url\":\"https:\/\/voyage-aventure.com\/blog\/\",\"logo\":{\"@type\":\"ImageObject\",\"inLanguage\":\"fr-FR\",\"@id\":\"https:\/\/voyage-aventure.com\/blog\/#\/schema\/logo\/image\/\",\"url\":\"https:\/\/voyage-aventure.com\/blog\/wp-content\/uploads\/2024\/12\/19.png\",\"contentUrl\":\"https:\/\/voyage-aventure.com\/blog\/wp-content\/uploads\/2024\/12\/19.png\",\"width\":512,\"height\":512,\"caption\":\"Foretsensations.fr\"},\"image\":{\"@id\":\"https:\/\/voyage-aventure.com\/blog\/#\/schema\/logo\/image\/\"}},{\"@type\":\"Person\",\"@id\":\"https:\/\/voyage-aventure.com\/blog\/#\/schema\/person\/3c864cdc320801e3db34b663e7e3f816\",\"name\":\"Camille Rouvray\",\"image\":{\"@type\":\"ImageObject\",\"inLanguage\":\"fr-FR\",\"@id\":\"https:\/\/voyage-aventure.com\/blog\/#\/schema\/person\/image\/\",\"url\":\"https:\/\/voyage-aventure.com\/blog\/wp-content\/uploads\/2026\/06\/persona_camille-r-96x96.jpg\",\"contentUrl\":\"https:\/\/voyage-aventure.com\/blog\/wp-content\/uploads\/2026\/06\/persona_camille-r-96x96.jpg\",\"caption\":\"Camille Rouvray\"},\"description\":\"Je voyage et j'\u00e9cris sur le voyage depuis une douzaine d'ann\u00e9es, d'abord en tant que routarde au long cours, puis comme r\u00e9dactrice sp\u00e9cialis\u00e9e. Mon terrain de pr\u00e9dilection, ce sont les circuits organis\u00e9s et l'art de bien pr\u00e9parer un itin\u00e9raire : choix de la saison, dur\u00e9e r\u00e9aliste des \u00e9tapes, budget jour par jour, logement et transport sur place. J'aime aussi raconter les p\u00e9pites urbaines, ces adresses qu'on ne trouve pas dans les guides classiques. Avant de publier un dossier destination, je croise toujours plusieurs sources, je v\u00e9rifie les tarifs et les formalit\u00e9s d'entr\u00e9e \u00e0 jour, et je teste moi-m\u00eame quand je le peux. Mon angle reste pratique avant tout : aider le lecteur \u00e0 partir l'esprit tranquille, sans mauvaise surprise une fois sur place. Je m'attache \u00e0 distinguer le coup de c\u0153ur sinc\u00e8re du simple argument marketing.\",\"sameAs\":[\"https:\/\/camillerouvray.fr\/\"],\"url\":\"https:\/\/voyage-aventure.com\/blog\/auteur\/noname\/\"}]}<\/script>\n<!-- \/ Yoast SEO Premium plugin. -->","yoast_head_json":{"title":"pr\u00e9parez-vous pour des vacances inoubliables \u00e0 la plage ce","description":"Le sable chaud, l'odeur du large et des journ\u00e9es qui ne finissent pas : pr\u00e9parer ses vacances \u00e0 la plage pour le printemps et l'\u00e9t\u00e9, c'est d\u00e9j\u00e0 commencer","robots":{"index":"index","follow":"follow","max-snippet":"max-snippet:-1","max-image-preview":"max-image-preview:large","max-video-preview":"max-video-preview:-1"},"canonical":"https:\/\/voyage-aventure.com\/blog\/a-la-une\/preparez-vous-pour-des-vacances-inoubliables-a-la-plage-ce-printemps-et-cet-ete\/","og_locale":"fr_FR","og_type":"article","og_title":"pr\u00e9parez-vous pour des vacances inoubliables \u00e0 la plage ce","og_description":"Le sable chaud, l'odeur du large et des journ\u00e9es qui ne finissent pas : pr\u00e9parer ses vacances \u00e0 la plage pour le printemps et l'\u00e9t\u00e9, c'est d\u00e9j\u00e0 commencer","og_url":"https:\/\/voyage-aventure.com\/blog\/a-la-une\/preparez-vous-pour-des-vacances-inoubliables-a-la-plage-ce-printemps-et-cet-ete\/","og_site_name":"voyage-aventure","og_image":[{"url":"https:\/\/voyage-aventure.com\/blog\/wp-content\/uploads\/2025\/04\/sdxl-8ba41409aa1309d3fa5fedab83f147da.png","width":1200,"height":500,"type":"image\/png"}],"author":"Camille Rouvray","twitter_card":"summary_large_image","schema":{"@context":"https:\/\/schema.org","@graph":[{"@type":"NewsArticle","@id":"https:\/\/voyage-aventure.com\/blog\/a-la-une\/preparez-vous-pour-des-vacances-inoubliables-a-la-plage-ce-printemps-et-cet-ete\/#article","isPartOf":{"@id":"https:\/\/voyage-aventure.com\/blog\/a-la-une\/preparez-vous-pour-des-vacances-inoubliables-a-la-plage-ce-printemps-et-cet-ete\/"},"author":{"name":"Camille Rouvray","@id":"https:\/\/voyage-aventure.com\/blog\/#\/schema\/person\/3c864cdc320801e3db34b663e7e3f816"},"headline":"pr\u00e9parez-vous pour des vacances inoubliables \u00e0 la plage ce printemps et cet \u00e9t\u00e9","datePublished":"2026-06-16T15:38:26+00:00","mainEntityOfPage":{"@id":"https:\/\/voyage-aventure.com\/blog\/a-la-une\/preparez-vous-pour-des-vacances-inoubliables-a-la-plage-ce-printemps-et-cet-ete\/"},"wordCount":1036,"commentCount":25,"publisher":{"@id":"https:\/\/voyage-aventure.com\/blog\/#organization"},"image":{"@id":"https:\/\/voyage-aventure.com\/blog\/a-la-une\/preparez-vous-pour-des-vacances-inoubliables-a-la-plage-ce-printemps-et-cet-ete\/#primaryimage"},"thumbnailUrl":"https:\/\/voyage-aventure.com\/blog\/wp-content\/uploads\/2025\/04\/sdxl-8ba41409aa1309d3fa5fedab83f147da.png","keywords":["Activit\u00e9s Nautiques","Escapade en Europe","Gastronomie Locale","Plages Paradisiaques","Voyage en famille"],"articleSection":["\u00c0 la une"],"inLanguage":"fr-FR","potentialAction":[{"@type":"CommentAction","name":"Comment","target":["https:\/\/voyage-aventure.com\/blog\/a-la-une\/preparez-vous-pour-des-vacances-inoubliables-a-la-plage-ce-printemps-et-cet-ete\/#respond"]}]},{"@type":"WebPage","@id":"https:\/\/voyage-aventure.com\/blog\/a-la-une\/preparez-vous-pour-des-vacances-inoubliables-a-la-plage-ce-printemps-et-cet-ete\/","url":"https:\/\/voyage-aventure.com\/blog\/a-la-une\/preparez-vous-pour-des-vacances-inoubliables-a-la-plage-ce-printemps-et-cet-ete\/","name":"pr\u00e9parez-vous pour des vacances inoubliables \u00e0 la plage ce","isPartOf":{"@id":"https:\/\/voyage-aventure.com\/blog\/#website"},"primaryImageOfPage":{"@id":"https:\/\/voyage-aventure.com\/blog\/a-la-une\/preparez-vous-pour-des-vacances-inoubliables-a-la-plage-ce-printemps-et-cet-ete\/#primaryimage"},"image":{"@id":"https:\/\/voyage-aventure.com\/blog\/a-la-une\/preparez-vous-pour-des-vacances-inoubliables-a-la-plage-ce-printemps-et-cet-ete\/#primaryimage"},"thumbnailUrl":"https:\/\/voyage-aventure.com\/blog\/wp-content\/uploads\/2025\/04\/sdxl-8ba41409aa1309d3fa5fedab83f147da.png","datePublished":"2026-06-16T15:38:26+00:00","description":"Le sable chaud, l'odeur du large et des journ\u00e9es qui ne finissent pas : pr\u00e9parer ses vacances \u00e0 la plage pour le printemps et l'\u00e9t\u00e9, c'est d\u00e9j\u00e0 commencer","inLanguage":"fr-FR","potentialAction":[{"@type":"ReadAction","target":["https:\/\/voyage-aventure.com\/blog\/a-la-une\/preparez-vous-pour-des-vacances-inoubliables-a-la-plage-ce-printemps-et-cet-ete\/"]}]},{"@type":"ImageObject","inLanguage":"fr-FR","@id":"https:\/\/voyage-aventure.com\/blog\/a-la-une\/preparez-vous-pour-des-vacances-inoubliables-a-la-plage-ce-printemps-et-cet-ete\/#primaryimage","url":"https:\/\/voyage-aventure.com\/blog\/wp-content\/uploads\/2025\/04\/sdxl-8ba41409aa1309d3fa5fedab83f147da.png","contentUrl":"https:\/\/voyage-aventure.com\/blog\/wp-content\/uploads\/2025\/04\/sdxl-8ba41409aa1309d3fa5fedab83f147da.png","width":1536,"height":640},{"@type":"WebSite","@id":"https:\/\/voyage-aventure.com\/blog\/#website","url":"https:\/\/voyage-aventure.com\/blog\/","name":"voyage-aventure.com","description":"Votre passeport pour l\u2019inattendu.","publisher":{"@id":"https:\/\/voyage-aventure.com\/blog\/#organization"},"alternateName":"Votre passeport pour l\u2019inattendu.","potentialAction":[{"@type":"SearchAction","target":{"@type":"EntryPoint","urlTemplate":"https:\/\/voyage-aventure.com\/blog\/?s={search_term_string}"},"query-input":{"@type":"PropertyValueSpecification","valueRequired":true,"valueName":"search_term_string"}}],"inLanguage":"fr-FR"},{"@type":"Organization","@id":"https:\/\/voyage-aventure.com\/blog\/#organization","name":"Foretsensations.fr","url":"https:\/\/voyage-aventure.com\/blog\/","logo":{"@type":"ImageObject","inLanguage":"fr-FR","@id":"https:\/\/voyage-aventure.com\/blog\/#\/schema\/logo\/image\/","url":"https:\/\/voyage-aventure.com\/blog\/wp-content\/uploads\/2024\/12\/19.png","contentUrl":"https:\/\/voyage-aventure.com\/blog\/wp-content\/uploads\/2024\/12\/19.png","width":512,"height":512,"caption":"Foretsensations.fr"},"image":{"@id":"https:\/\/voyage-aventure.com\/blog\/#\/schema\/logo\/image\/"}},{"@type":"Person","@id":"https:\/\/voyage-aventure.com\/blog\/#\/schema\/person\/3c864cdc320801e3db34b663e7e3f816","name":"Camille Rouvray","image":{"@type":"ImageObject","inLanguage":"fr-FR","@id":"https:\/\/voyage-aventure.com\/blog\/#\/schema\/person\/image\/","url":"https:\/\/voyage-aventure.com\/blog\/wp-content\/uploads\/2026\/06\/persona_camille-r-96x96.jpg","contentUrl":"https:\/\/voyage-aventure.com\/blog\/wp-content\/uploads\/2026\/06\/persona_camille-r-96x96.jpg","caption":"Camille Rouvray"},"description":"Je voyage et j'\u00e9cris sur le voyage depuis une douzaine d'ann\u00e9es, d'abord en tant que routarde au long cours, puis comme r\u00e9dactrice sp\u00e9cialis\u00e9e. Mon terrain de pr\u00e9dilection, ce sont les circuits organis\u00e9s et l'art de bien pr\u00e9parer un itin\u00e9raire : choix de la saison, dur\u00e9e r\u00e9aliste des \u00e9tapes, budget jour par jour, logement et transport sur place. J'aime aussi raconter les p\u00e9pites urbaines, ces adresses qu'on ne trouve pas dans les guides classiques. Avant de publier un dossier destination, je croise toujours plusieurs sources, je v\u00e9rifie les tarifs et les formalit\u00e9s d'entr\u00e9e \u00e0 jour, et je teste moi-m\u00eame quand je le peux. Mon angle reste pratique avant tout : aider le lecteur \u00e0 partir l'esprit tranquille, sans mauvaise surprise une fois sur place. Je m'attache \u00e0 distinguer le coup de c\u0153ur sinc\u00e8re du simple argument marketing.","sameAs":["https:\/\/camillerouvray.fr\/"],"url":"https:\/\/voyage-aventure.com\/blog\/auteur\/noname\/"}]}},"_links":{"self":[{"href":"https:\/\/voyage-aventure.com\/blog\/wp-json\/wp\/v2\/posts\/16569","targetHints":{"allow":["GET"]}}],"collection":[{"href":"https:\/\/voyage-aventure.com\/blog\/wp-json\/wp\/v2\/posts"}],"about":[{"href":"https:\/\/voyage-aventure.com\/blog\/wp-json\/wp\/v2\/types\/post"}],"author":[{"embeddable":true,"href":"https:\/\/voyage-aventure.com\/blog\/wp-json\/wp\/v2\/users\/34"}],"replies":[{"embeddable":true,"href":"https:\/\/voyage-aventure.com\/blog\/wp-json\/wp\/v2\/comments?post=16569"}],"version-history":[{"count":3,"href":"https:\/\/voyage-aventure.com\/blog\/wp-json\/wp\/v2\/posts\/16569\/revisions"}],"predecessor-version":[{"id":22957,"href":"https:\/\/voyage-aventure.com\/blog\/wp-json\/wp\/v2\/posts\/16569\/revisions\/22957"}],"wp:featuredmedia":[{"embeddable":true,"href":"https:\/\/voyage-aventure.com\/blog\/wp-json\/wp\/v2\/media\/18163"}],"wp:attachment":[{"href":"https:\/\/voyage-aventure.com\/blog\/wp-json\/wp\/v2\/media?parent=16569"}],"wp:term":[{"taxonomy":"category","embeddable":true,"href":"https:\/\/voyage-aventure.com\/blog\/wp-json\/wp\/v2\/categories?post=16569"},{"taxonomy":"post_tag","embeddable":true,"href":"https:\/\/voyage-aventure.com\/blog\/wp-json\/wp\/v2\/tags?post=16569"}],"curies":[{"name":"wp","href":"https:\/\/api.w.org\/{rel}","templated":true}]}}