{"id":16560,"date":"2026-06-16T17:38:16","date_gmt":"2026-06-16T15:38:16","guid":{"rendered":"https:\/\/voyage-aventure.com\/blog\/a-la-une\/des-manifestations-a-chicago-les-defenseurs-des-immigrants-sopposent-a-un-nouveau-decret\/"},"modified":"2026-06-16T17:38:16","modified_gmt":"2026-06-16T15:38:16","slug":"des-manifestations-a-chicago-les-defenseurs-des-immigrants-sopposent-a-un-nouveau-decret","status":"publish","type":"post","link":"https:\/\/voyage-aventure.com\/blog\/a-la-une\/des-manifestations-a-chicago-les-defenseurs-des-immigrants-sopposent-a-un-nouveau-decret\/","title":{"rendered":"Des manifestations \u00e0 Chicago : les d\u00e9fenseurs des immigrants s&rsquo;opposent \u00e0 un nouveau d\u00e9cret"},"content":{"rendered":"<link rel=\"stylesheet\" href=\"https:\/\/fonts.googleapis.com\/css2?family=Newsreader:ital,opsz,wght@0,6..72,500;0,6..72,600;0,6..72,700;1,6..72,500;1,6..72,600&#038;family=Inter:wght@400;500;600&#038;family=JetBrains+Mono:wght@500&#038;display=swap\">\n<style>\n.va-chicago-wrap{font-family:'Inter',-apple-system,BlinkMacSystemFont,sans-serif;color:#1f2530;line-height:1.65;font-size:17px;}\n.va-chicago-wrap h2{font-family:'Newsreader',Georgia,serif;font-weight:700;font-size:clamp(24px,3.2vw,33px);letter-spacing:-0.01em;color:#161b24;margin:48px 0 14px;line-height:1.2;}\n.va-chicago-lead{font-family:'Newsreader',Georgia,serif;font-size:21px;line-height:1.55;font-weight:500;color:#2a313d;font-style:italic;margin:18px 0 26px;}\n.va-chicago-dateline{font-family:'JetBrains Mono',ui-monospace,monospace;font-size:11px;letter-spacing:2px;text-transform:uppercase;color:#475569;font-weight:500;margin-bottom:6px;}\n.va-chicago-essentiel{background:#f4f6f8;border-left:5px solid #475569;border-radius:0 8px 8px 0;padding:22px 26px;margin:26px 0;box-shadow:0 1px 2px rgba(16,24,40,.05),0 12px 28px -18px rgba(16,24,40,.22);}\n.va-chicago-essentiel .va-chicago-k{font-family:'JetBrains Mono',monospace;font-size:11px;font-weight:500;letter-spacing:2px;text-transform:uppercase;color:#475569;margin-bottom:14px;}\n.va-chicago-row{display:flex;gap:13px;align-items:flex-start;padding:9px 0;border-top:1px solid #e2e6ec;font-size:15.5px;line-height:1.55;color:#2a313d;}\n.va-chicago-row:first-of-type{border-top:none;}\n.va-chicago-row .va-chicago-tag{flex:0 0 auto;font-family:'JetBrains Mono',monospace;font-size:10.5px;letter-spacing:1.5px;text-transform:uppercase;color:#fff;background:#475569;padding:3px 9px;border-radius:4px;font-weight:500;margin-top:2px;}\n.va-chicago-grid{display:grid;grid-template-columns:repeat(auto-fit,minmax(230px,1fr));gap:15px;margin:28px 0;}\n.va-chicago-card{background:#fff;border:1px solid #e2e6ec;border-top:3px solid #475569;border-radius:8px;padding:19px 20px 17px;transition:transform .25s ease,box-shadow .25s ease,border-color .25s ease;}\n.va-chicago-card:hover{transform:translateY(-3px);box-shadow:0 1px 2px rgba(16,24,40,.05),0 14px 30px -16px rgba(16,24,40,.25);border-color:#475569;}\n.va-chicago-card .va-chicago-src{font-family:'JetBrains Mono',monospace;font-size:10.5px;letter-spacing:1.2px;text-transform:uppercase;color:#475569;font-weight:500;margin-bottom:9px;}\n.va-chicago-card .va-chicago-name{font-family:'Newsreader',Georgia,serif;font-weight:700;font-size:17px;color:#161b24;margin-bottom:4px;letter-spacing:-0.01em;}\n.va-chicago-card .va-chicago-txt{font-size:14px;line-height:1.55;color:#475461;}\n.va-chicago-quote{margin:36px auto;padding:26px 24px;text-align:center;border-top:1px solid #475569;border-bottom:1px solid #475569;max-width:680px;position:relative;}\n.va-chicago-quote .va-chicago-mark{position:absolute;top:-22px;left:50%;transform:translateX(-50%);background:#fff;padding:0 14px;font-family:'Newsreader',Georgia,serif;font-size:52px;line-height:1;color:#475569;}\n.va-chicago-quote .va-chicago-q{font-family:'Newsreader',Georgia,serif;font-style:italic;font-weight:600;font-size:23px;line-height:1.45;color:#161b24;}\n.va-chicago-quote .va-chicago-cite{margin-top:14px;font-family:'JetBrains Mono',monospace;font-size:11px;letter-spacing:1.6px;text-transform:uppercase;color:#475569;}\n.va-chicago-retenir{background:#161b24;border-radius:8px;padding:24px 26px;margin:34px 0;}\n.va-chicago-retenir .va-chicago-k{font-family:'JetBrains Mono',monospace;font-size:11px;font-weight:500;letter-spacing:2px;text-transform:uppercase;color:#94a3b8;margin-bottom:14px;}\n.va-chicago-retenir ul{margin:0;padding:0;list-style:none;}\n.va-chicago-retenir li{display:flex;gap:12px;align-items:flex-start;padding:8px 0;border-top:1px solid #2a323e;font-size:15px;line-height:1.55;color:#e7ebf0;}\n.va-chicago-retenir li:first-child{border-top:none;}\n.va-chicago-retenir li span.va-chicago-b{flex:0 0 auto;color:#93a4bb;font-family:'JetBrains Mono',monospace;font-weight:500;font-size:13px;margin-top:1px;}\n.va-chicago-faq{margin:34px 0;}\n.va-chicago-faq h2{margin-bottom:6px;}\n.va-chicago-faq .va-chicago-acc{border-top:1px solid #e2e6ec;}\n.va-chicago-faq details{border-bottom:1px solid #e2e6ec;}\n.va-chicago-faq summary{cursor:pointer;padding:16px 0;font-family:'Newsreader',Georgia,serif;font-weight:600;font-size:18px;color:#161b24;list-style:none;display:flex;justify-content:space-between;align-items:center;gap:14px;}\n.va-chicago-faq summary::-webkit-details-marker{display:none;}\n.va-chicago-faq summary .va-chicago-plus{font-size:22px;font-weight:300;color:#475569;line-height:1;font-family:'Inter',sans-serif;}\n.va-chicago-faq .va-chicago-ans{padding:0 0 16px;font-size:15.5px;line-height:1.7;color:#475461;}\n.va-chicago-wrap a{color:#475569;}\n\/*RENDERFIX2*\/.va-chicago-row .va-chicago-tag{color:#eef3f9!important}.va-chicago-row .va-chicago-tag p,.va-chicago-row .va-chicago-tag li,.va-chicago-row .va-chicago-tag strong,.va-chicago-row .va-chicago-tag em,.va-chicago-row .va-chicago-tag a,.va-chicago-row .va-chicago-tag span,.va-chicago-row .va-chicago-tag b,.va-chicago-row .va-chicago-tag td,.va-chicago-row .va-chicago-tag th,.va-chicago-row .va-chicago-tag h2,.va-chicago-row .va-chicago-tag h3,.va-chicago-row .va-chicago-tag h4{color:#eef3f9!important}.va-chicago-row .va-chicago-tag strong,.va-chicago-row .va-chicago-tag b{color:#ffffff!important}.va-chicago-retenir{color:#eef3f9!important}.va-chicago-retenir p,.va-chicago-retenir li,.va-chicago-retenir strong,.va-chicago-retenir em,.va-chicago-retenir a,.va-chicago-retenir span,.va-chicago-retenir b,.va-chicago-retenir td,.va-chicago-retenir th,.va-chicago-retenir h2,.va-chicago-retenir h3,.va-chicago-retenir h4{color:#eef3f9!important}.va-chicago-retenir strong,.va-chicago-retenir b{color:#ffffff!important}<\/style>\n<div class=\"va-chicago-wrap\">\n<div class=\"va-chicago-dateline\">Chicago \u00b7 Actualit\u00e9 \u00b7 Immigration<\/div>\n<div class=\"va-chicago-lead\">\u00c0 Chicago, des d\u00e9fenseurs des droits des immigrants se sont rassembl\u00e9s \u00e0 Federal Plaza pour s&rsquo;opposer \u00e0 un projet de d\u00e9cret qui restreindrait, selon eux, l&rsquo;entr\u00e9e d&rsquo;immigrants aux \u00c9tats-Unis. Tour d&rsquo;horizon de ce qui a \u00e9t\u00e9 dit lors de la mobilisation.<\/div>\n<div class=\"va-chicago-essentiel\">\n<div class=\"va-chicago-k\">L&rsquo;essentiel<\/div>\n<div class=\"va-chicago-row\"><span class=\"va-chicago-tag\">Quoi<\/span><span>Une manifestation \u00e0 Federal Plaza, \u00e0 Chicago, contre un projet de d\u00e9cret qui viserait, selon les manifestants, \u00e0 restreindre l&rsquo;entr\u00e9e d&rsquo;immigrants aux \u00c9tats-Unis.<\/span><\/div>\n<div class=\"va-chicago-row\"><span class=\"va-chicago-tag\">Qui<\/span><span>Des d\u00e9fenseurs des droits des immigrants, parmi lesquels l&rsquo;Arab American Action Network et Asian Americans Advancing Justice Chicago.<\/span><\/div>\n<div class=\"va-chicago-row\"><span class=\"va-chicago-tag\">Pourquoi<\/span><span>Le projet concernerait des pays comme l&rsquo;Afghanistan, Cuba et le Venezuela, d&rsquo;apr\u00e8s une liste qui aurait \u00e9t\u00e9 class\u00e9e par le D\u00e9partement d&rsquo;\u00c9tat.<\/span><\/div>\n<\/div>\n<h2>Une mobilisation \u00e0 Federal Plaza<\/h2>\n<p>D&rsquo;apr\u00e8s les organisateurs, les manifestants se sont rassembl\u00e9s \u00e0 Federal Plaza, un lieu qu&rsquo;ils d\u00e9crivent comme symbolique, pour exprimer leur opposition \u00e0 un projet qui pourrait, selon eux, restreindre l&rsquo;entr\u00e9e d&rsquo;immigrants sur le sol am\u00e9ricain.<\/p>\n<p>Ce projet de d\u00e9cret viserait, toujours d&rsquo;apr\u00e8s les \u00e9l\u00e9ments rapport\u00e9s, des pays comme l&rsquo;Afghanistan, Cuba et le Venezuela. Des rapports indiquent qu&rsquo;une liste de pays, class\u00e9e par le D\u00e9partement d&rsquo;\u00c9tat, aurait \u00e9t\u00e9 \u00e9labor\u00e9e dans le cadre de cette initiative. Les d\u00e9fenseurs des droits des immigrants estiment qu&rsquo;un tel acte r\u00e9duirait les possibilit\u00e9s de voyage et d&rsquo;\u00e9changes pour de nombreuses personnes.<\/p>\n<h2>Des voix qui d\u00e9fendent les droits des immigrants<\/h2>\n<p>Plusieurs intervenants se sont exprim\u00e9s lors de la manifestation. Muhammad Sankari, de l&rsquo;Arab American Action Network, a fait part de la position des organisateurs lors de la mobilisation.<\/p>\n<div class=\"va-chicago-quote\">\n<div class=\"va-chicago-mark\" aria-hidden=\"true\">\u00ab<\/div>\n<div class=\"va-chicago-q\">Nous sommes l\u00e0 non seulement pour dire que nous le rejetons, mais aussi pour nous engager \u00e0 nous battre contre cela.<\/div>\n<div class=\"va-chicago-cite\">\u2014 Muhammad Sankari, Arab American Action Network<\/div>\n<\/div>\n<p>Grace Pai, d&rsquo;Asian Americans Advancing Justice Chicago, a pour sa part partag\u00e9 son exp\u00e9rience personnelle. En tant qu&rsquo;enfant d&rsquo;immigrants, elle a d\u00e9clar\u00e9 ressentir les cons\u00e9quences d&rsquo;un tel d\u00e9cret : \u00ab Nos communaut\u00e9s re\u00e7oivent le message que nous ne sommes pas les bienvenus ici. \u00bb Selon elle, ces t\u00e9moignages illustrent la port\u00e9e humaine du d\u00e9bat.<\/p>\n<h2>Les implications \u00e9voqu\u00e9es sur le secteur du voyage<\/h2>\n<p>Un nouveau d\u00e9cret pourrait avoir des r\u00e9percussions sur le secteur du voyage, selon Mohammad Neaz, un agent de voyage bas\u00e9 \u00e0 Chicago. Il a d\u00e9clar\u00e9 : \u00ab Quand ce genre de choses arrive, nous sommes les premiers \u00e0 \u00eatre touch\u00e9s. Cela signifie moins de voyages et moins de business pour nous. \u00bb<\/p>\n<p>Les intervenants rappellent qu&rsquo;un premier d\u00e9cret, mis en place en 2017, avait provoqu\u00e9 une vague de manifestations dans tout le pays, y compris \u00e0 Chicago. Selon Tom Mockaitis, pr\u00e9sent\u00e9 comme expert, cette d\u00e9cision ne r\u00e9sulterait pas seulement d&rsquo;une volont\u00e9 pr\u00e9sidentielle, mais r\u00e9pondrait aussi \u00e0 des pr\u00e9occupations g\u00e9opolitiques concernant des pays jug\u00e9s autoritaires. D&rsquo;apr\u00e8s l&rsquo;article, la Maison Blanche n&rsquo;a pas comment\u00e9 le sujet.<\/p>\n<div class=\"va-chicago-grid\">\n<div class=\"va-chicago-card\">\n<div class=\"va-chicago-src\">Arab American Action Network<\/div>\n<div class=\"va-chicago-name\">Muhammad Sankari<\/div>\n<div class=\"va-chicago-txt\">Exprime, au nom des organisateurs, le rejet du projet de d\u00e9cret et la volont\u00e9 de s&rsquo;y opposer.<\/div>\n<\/p><\/div>\n<div class=\"va-chicago-card\">\n<div class=\"va-chicago-src\">Advancing Justice Chicago<\/div>\n<div class=\"va-chicago-name\">Grace Pai<\/div>\n<div class=\"va-chicago-txt\">Enfant d&rsquo;immigrants, elle \u00e9voque le message re\u00e7u par les communaut\u00e9s concern\u00e9es.<\/div>\n<\/p><\/div>\n<div class=\"va-chicago-card\">\n<div class=\"va-chicago-src\">Agent de voyage \u00b7 Chicago<\/div>\n<div class=\"va-chicago-name\">Mohammad Neaz<\/div>\n<div class=\"va-chicago-txt\">Souligne les r\u00e9percussions possibles d&rsquo;un tel d\u00e9cret sur l&rsquo;activit\u00e9 du voyage.<\/div>\n<\/p><\/div>\n<div class=\"va-chicago-card\">\n<div class=\"va-chicago-src\">Expert cit\u00e9<\/div>\n<div class=\"va-chicago-name\">Tom Mockaitis<\/div>\n<div class=\"va-chicago-txt\">Replace la d\u00e9cision dans un contexte g\u00e9opolitique, au-del\u00e0 de la seule volont\u00e9 pr\u00e9sidentielle.<\/div>\n<\/p><\/div>\n<\/div>\n<div class=\"va-chicago-retenir\">\n<div class=\"va-chicago-k\">\u00c0 retenir<\/div>\n<ul>\n<li><span class=\"va-chicago-b\">01<\/span><span>Une mobilisation s&rsquo;est tenue \u00e0 Federal Plaza, \u00e0 Chicago, contre un projet de d\u00e9cret sur les voyages.<\/span><\/li>\n<li><span class=\"va-chicago-b\">02<\/span><span>Des d\u00e9fenseurs des droits des immigrants y ont pris la parole, dont l&rsquo;Arab American Action Network et Advancing Justice Chicago.<\/span><\/li>\n<li><span class=\"va-chicago-b\">03<\/span><span>Un agent de voyage \u00e9voque un impact possible sur le secteur du voyage.<\/span><\/li>\n<li><span class=\"va-chicago-b\">04<\/span><span>D&rsquo;apr\u00e8s l&rsquo;article, la Maison Blanche n&rsquo;a pas comment\u00e9 le sujet.<\/span><\/li>\n<\/ul>\n<\/div>\n<div class=\"va-chicago-faq\">\n<h2>Questions fr\u00e9quentes<\/h2>\n<div class=\"va-chicago-acc\">\n<details>\n<summary><span>O\u00f9 la manifestation a-t-elle eu lieu ?<\/span><span class=\"va-chicago-plus\">+<\/span><\/summary>\n<div class=\"va-chicago-ans\">\u00c0 Federal Plaza, \u00e0 Chicago, d\u00e9crit par les manifestants comme un lieu symbolique.<\/div>\n<\/details>\n<details>\n<summary><span>Quels pays seraient concern\u00e9s par le projet de d\u00e9cret ?<\/span><span class=\"va-chicago-plus\">+<\/span><\/summary>\n<div class=\"va-chicago-ans\">Selon les \u00e9l\u00e9ments rapport\u00e9s, le projet viserait des pays comme l&rsquo;Afghanistan, Cuba et le Venezuela, d&rsquo;apr\u00e8s une liste qui aurait \u00e9t\u00e9 class\u00e9e par le D\u00e9partement d&rsquo;\u00c9tat.<\/div>\n<\/details>\n<details>\n<summary><span>Qui s&rsquo;est exprim\u00e9 lors de la mobilisation ?<\/span><span class=\"va-chicago-plus\">+<\/span><\/summary>\n<div class=\"va-chicago-ans\">Muhammad Sankari (Arab American Action Network) et Grace Pai (Asian Americans Advancing Justice Chicago) ont pris la parole, et Mohammad Neaz, agent de voyage \u00e0 Chicago, a \u00e9voqu\u00e9 les cons\u00e9quences possibles pour son secteur.<\/div>\n<\/details>\n<details>\n<summary><span>Y a-t-il eu un pr\u00e9c\u00e9dent d\u00e9cret de ce type ?<\/span><span class=\"va-chicago-plus\">+<\/span><\/summary>\n<div class=\"va-chicago-ans\">Un premier d\u00e9cret avait \u00e9t\u00e9 mis en place en 2017 et avait provoqu\u00e9 une vague de manifestations dans tout le pays, y compris \u00e0 Chicago.<\/div>\n<\/details>\n<\/div>\n<\/div>\n<\/div>\n","protected":false},"excerpt":{"rendered":"","protected":false},"author":34,"featured_media":18169,"comment_status":"open","ping_status":"open","sticky":false,"template":"","format":"standard","meta":{"_acf_changed":false,"manual_indexmenow":false,"indexmenow_id_project":0,"footnotes":""},"categories":[1],"tags":[6289,5688,3170,4635,4526],"class_list":["post-16560","post","type-post","status-publish","format-standard","has-post-thumbnail","hentry","category-a-la-une","tag-mobilisation-citoyenne","tag-relations-internationales","tag-securite","tag-voyage","tag-voyage-economique","generate-columns","tablet-grid-50","mobile-grid-100","grid-parent","grid-25"],"acf":[],"yoast_head":"<!-- This site is optimized with the Yoast SEO Premium plugin v21.3 (Yoast SEO v25.1) - https:\/\/yoast.com\/wordpress\/plugins\/seo\/ -->\n<title>Des manifestations \u00e0 Chicago : les d\u00e9fenseurs des<\/title>\n<meta name=\"description\" content=\"\u00c0 Chicago, des d\u00e9fenseurs des droits des immigrants se sont rassembl\u00e9s \u00e0 Federal Plaza pour s&#039;opposer \u00e0 un projet de d\u00e9cret qui restreindrait, selon eux\" \/>\n<meta name=\"robots\" content=\"index, follow, max-snippet:-1, max-image-preview:large, max-video-preview:-1\" \/>\n<link rel=\"canonical\" href=\"https:\/\/voyage-aventure.com\/blog\/a-la-une\/des-manifestations-a-chicago-les-defenseurs-des-immigrants-sopposent-a-un-nouveau-decret\/\" \/>\n<meta property=\"og:locale\" content=\"fr_FR\" \/>\n<meta property=\"og:type\" content=\"article\" \/>\n<meta property=\"og:title\" content=\"Des manifestations \u00e0 Chicago : les d\u00e9fenseurs des\" \/>\n<meta property=\"og:description\" content=\"\u00c0 Chicago, des d\u00e9fenseurs des droits des immigrants se sont rassembl\u00e9s \u00e0 Federal Plaza pour s&#039;opposer \u00e0 un projet de d\u00e9cret qui restreindrait, selon eux\" \/>\n<meta property=\"og:url\" content=\"https:\/\/voyage-aventure.com\/blog\/a-la-une\/des-manifestations-a-chicago-les-defenseurs-des-immigrants-sopposent-a-un-nouveau-decret\/\" \/>\n<meta property=\"og:site_name\" content=\"voyage-aventure\" \/>\n<meta property=\"og:image\" content=\"https:\/\/voyage-aventure.com\/blog\/wp-content\/uploads\/2025\/04\/sdxl-ad95791161c25bfaa617b9475a4cd24d.png\" \/>\n\t<meta property=\"og:image:width\" content=\"1536\" \/>\n\t<meta property=\"og:image:height\" content=\"640\" \/>\n\t<meta property=\"og:image:type\" content=\"image\/png\" \/>\n<meta name=\"author\" content=\"Camille Rouvray\" \/>\n<meta name=\"twitter:card\" content=\"summary_large_image\" \/>\n<script type=\"application\/ld+json\" class=\"yoast-schema-graph\">{\"@context\":\"https:\/\/schema.org\",\"@graph\":[{\"@type\":\"NewsArticle\",\"@id\":\"https:\/\/voyage-aventure.com\/blog\/a-la-une\/des-manifestations-a-chicago-les-defenseurs-des-immigrants-sopposent-a-un-nouveau-decret\/#article\",\"isPartOf\":{\"@id\":\"https:\/\/voyage-aventure.com\/blog\/a-la-une\/des-manifestations-a-chicago-les-defenseurs-des-immigrants-sopposent-a-un-nouveau-decret\/\"},\"author\":{\"name\":\"Camille Rouvray\",\"@id\":\"https:\/\/voyage-aventure.com\/blog\/#\/schema\/person\/3c864cdc320801e3db34b663e7e3f816\"},\"headline\":\"Des manifestations \u00e0 Chicago : les d\u00e9fenseurs des immigrants s&rsquo;opposent \u00e0 un nouveau d\u00e9cret\",\"datePublished\":\"2026-06-16T15:38:16+00:00\",\"mainEntityOfPage\":{\"@id\":\"https:\/\/voyage-aventure.com\/blog\/a-la-une\/des-manifestations-a-chicago-les-defenseurs-des-immigrants-sopposent-a-un-nouveau-decret\/\"},\"wordCount\":822,\"commentCount\":27,\"publisher\":{\"@id\":\"https:\/\/voyage-aventure.com\/blog\/#organization\"},\"image\":{\"@id\":\"https:\/\/voyage-aventure.com\/blog\/a-la-une\/des-manifestations-a-chicago-les-defenseurs-des-immigrants-sopposent-a-un-nouveau-decret\/#primaryimage\"},\"thumbnailUrl\":\"https:\/\/voyage-aventure.com\/blog\/wp-content\/uploads\/2025\/04\/sdxl-ad95791161c25bfaa617b9475a4cd24d.png\",\"keywords\":[\"Mobilisation Citoyenne\",\"Relations Internationales\",\"S\u00e9curit\u00e9\",\"Voyage\",\"Voyage \u00c9conomique\"],\"articleSection\":[\"\u00c0 la une\"],\"inLanguage\":\"fr-FR\",\"potentialAction\":[{\"@type\":\"CommentAction\",\"name\":\"Comment\",\"target\":[\"https:\/\/voyage-aventure.com\/blog\/a-la-une\/des-manifestations-a-chicago-les-defenseurs-des-immigrants-sopposent-a-un-nouveau-decret\/#respond\"]}]},{\"@type\":\"WebPage\",\"@id\":\"https:\/\/voyage-aventure.com\/blog\/a-la-une\/des-manifestations-a-chicago-les-defenseurs-des-immigrants-sopposent-a-un-nouveau-decret\/\",\"url\":\"https:\/\/voyage-aventure.com\/blog\/a-la-une\/des-manifestations-a-chicago-les-defenseurs-des-immigrants-sopposent-a-un-nouveau-decret\/\",\"name\":\"Des manifestations \u00e0 Chicago : les d\u00e9fenseurs des\",\"isPartOf\":{\"@id\":\"https:\/\/voyage-aventure.com\/blog\/#website\"},\"primaryImageOfPage\":{\"@id\":\"https:\/\/voyage-aventure.com\/blog\/a-la-une\/des-manifestations-a-chicago-les-defenseurs-des-immigrants-sopposent-a-un-nouveau-decret\/#primaryimage\"},\"image\":{\"@id\":\"https:\/\/voyage-aventure.com\/blog\/a-la-une\/des-manifestations-a-chicago-les-defenseurs-des-immigrants-sopposent-a-un-nouveau-decret\/#primaryimage\"},\"thumbnailUrl\":\"https:\/\/voyage-aventure.com\/blog\/wp-content\/uploads\/2025\/04\/sdxl-ad95791161c25bfaa617b9475a4cd24d.png\",\"datePublished\":\"2026-06-16T15:38:16+00:00\",\"description\":\"\u00c0 Chicago, des d\u00e9fenseurs des droits des immigrants se sont rassembl\u00e9s \u00e0 Federal Plaza pour s'opposer \u00e0 un projet de d\u00e9cret qui restreindrait, selon eux\",\"inLanguage\":\"fr-FR\",\"potentialAction\":[{\"@type\":\"ReadAction\",\"target\":[\"https:\/\/voyage-aventure.com\/blog\/a-la-une\/des-manifestations-a-chicago-les-defenseurs-des-immigrants-sopposent-a-un-nouveau-decret\/\"]}]},{\"@type\":\"ImageObject\",\"inLanguage\":\"fr-FR\",\"@id\":\"https:\/\/voyage-aventure.com\/blog\/a-la-une\/des-manifestations-a-chicago-les-defenseurs-des-immigrants-sopposent-a-un-nouveau-decret\/#primaryimage\",\"url\":\"https:\/\/voyage-aventure.com\/blog\/wp-content\/uploads\/2025\/04\/sdxl-ad95791161c25bfaa617b9475a4cd24d.png\",\"contentUrl\":\"https:\/\/voyage-aventure.com\/blog\/wp-content\/uploads\/2025\/04\/sdxl-ad95791161c25bfaa617b9475a4cd24d.png\",\"width\":1536,\"height\":640},{\"@type\":\"WebSite\",\"@id\":\"https:\/\/voyage-aventure.com\/blog\/#website\",\"url\":\"https:\/\/voyage-aventure.com\/blog\/\",\"name\":\"voyage-aventure.com\",\"description\":\"Votre passeport pour l\u2019inattendu.\",\"publisher\":{\"@id\":\"https:\/\/voyage-aventure.com\/blog\/#organization\"},\"alternateName\":\"Votre passeport pour l\u2019inattendu.\",\"potentialAction\":[{\"@type\":\"SearchAction\",\"target\":{\"@type\":\"EntryPoint\",\"urlTemplate\":\"https:\/\/voyage-aventure.com\/blog\/?s={search_term_string}\"},\"query-input\":{\"@type\":\"PropertyValueSpecification\",\"valueRequired\":true,\"valueName\":\"search_term_string\"}}],\"inLanguage\":\"fr-FR\"},{\"@type\":\"Organization\",\"@id\":\"https:\/\/voyage-aventure.com\/blog\/#organization\",\"name\":\"Foretsensations.fr\",\"url\":\"https:\/\/voyage-aventure.com\/blog\/\",\"logo\":{\"@type\":\"ImageObject\",\"inLanguage\":\"fr-FR\",\"@id\":\"https:\/\/voyage-aventure.com\/blog\/#\/schema\/logo\/image\/\",\"url\":\"https:\/\/voyage-aventure.com\/blog\/wp-content\/uploads\/2024\/12\/19.png\",\"contentUrl\":\"https:\/\/voyage-aventure.com\/blog\/wp-content\/uploads\/2024\/12\/19.png\",\"width\":512,\"height\":512,\"caption\":\"Foretsensations.fr\"},\"image\":{\"@id\":\"https:\/\/voyage-aventure.com\/blog\/#\/schema\/logo\/image\/\"}},{\"@type\":\"Person\",\"@id\":\"https:\/\/voyage-aventure.com\/blog\/#\/schema\/person\/3c864cdc320801e3db34b663e7e3f816\",\"name\":\"Camille Rouvray\",\"image\":{\"@type\":\"ImageObject\",\"inLanguage\":\"fr-FR\",\"@id\":\"https:\/\/voyage-aventure.com\/blog\/#\/schema\/person\/image\/\",\"url\":\"https:\/\/voyage-aventure.com\/blog\/wp-content\/uploads\/2026\/06\/persona_camille-r-96x96.jpg\",\"contentUrl\":\"https:\/\/voyage-aventure.com\/blog\/wp-content\/uploads\/2026\/06\/persona_camille-r-96x96.jpg\",\"caption\":\"Camille Rouvray\"},\"description\":\"Je voyage et j'\u00e9cris sur le voyage depuis une douzaine d'ann\u00e9es, d'abord en tant que routarde au long cours, puis comme r\u00e9dactrice sp\u00e9cialis\u00e9e. Mon terrain de pr\u00e9dilection, ce sont les circuits organis\u00e9s et l'art de bien pr\u00e9parer un itin\u00e9raire : choix de la saison, dur\u00e9e r\u00e9aliste des \u00e9tapes, budget jour par jour, logement et transport sur place. J'aime aussi raconter les p\u00e9pites urbaines, ces adresses qu'on ne trouve pas dans les guides classiques. Avant de publier un dossier destination, je croise toujours plusieurs sources, je v\u00e9rifie les tarifs et les formalit\u00e9s d'entr\u00e9e \u00e0 jour, et je teste moi-m\u00eame quand je le peux. Mon angle reste pratique avant tout : aider le lecteur \u00e0 partir l'esprit tranquille, sans mauvaise surprise une fois sur place. Je m'attache \u00e0 distinguer le coup de c\u0153ur sinc\u00e8re du simple argument marketing.\",\"sameAs\":[\"https:\/\/camillerouvray.fr\/\"],\"url\":\"https:\/\/voyage-aventure.com\/blog\/auteur\/noname\/\"}]}<\/script>\n<!-- \/ Yoast SEO Premium plugin. -->","yoast_head_json":{"title":"Des manifestations \u00e0 Chicago : les d\u00e9fenseurs des","description":"\u00c0 Chicago, des d\u00e9fenseurs des droits des immigrants se sont rassembl\u00e9s \u00e0 Federal Plaza pour s'opposer \u00e0 un projet de d\u00e9cret qui restreindrait, selon eux","robots":{"index":"index","follow":"follow","max-snippet":"max-snippet:-1","max-image-preview":"max-image-preview:large","max-video-preview":"max-video-preview:-1"},"canonical":"https:\/\/voyage-aventure.com\/blog\/a-la-une\/des-manifestations-a-chicago-les-defenseurs-des-immigrants-sopposent-a-un-nouveau-decret\/","og_locale":"fr_FR","og_type":"article","og_title":"Des manifestations \u00e0 Chicago : les d\u00e9fenseurs des","og_description":"\u00c0 Chicago, des d\u00e9fenseurs des droits des immigrants se sont rassembl\u00e9s \u00e0 Federal Plaza pour s'opposer \u00e0 un projet de d\u00e9cret qui restreindrait, selon eux","og_url":"https:\/\/voyage-aventure.com\/blog\/a-la-une\/des-manifestations-a-chicago-les-defenseurs-des-immigrants-sopposent-a-un-nouveau-decret\/","og_site_name":"voyage-aventure","og_image":[{"width":1536,"height":640,"url":"https:\/\/voyage-aventure.com\/blog\/wp-content\/uploads\/2025\/04\/sdxl-ad95791161c25bfaa617b9475a4cd24d.png","type":"image\/png"}],"author":"Camille Rouvray","twitter_card":"summary_large_image","schema":{"@context":"https:\/\/schema.org","@graph":[{"@type":"NewsArticle","@id":"https:\/\/voyage-aventure.com\/blog\/a-la-une\/des-manifestations-a-chicago-les-defenseurs-des-immigrants-sopposent-a-un-nouveau-decret\/#article","isPartOf":{"@id":"https:\/\/voyage-aventure.com\/blog\/a-la-une\/des-manifestations-a-chicago-les-defenseurs-des-immigrants-sopposent-a-un-nouveau-decret\/"},"author":{"name":"Camille Rouvray","@id":"https:\/\/voyage-aventure.com\/blog\/#\/schema\/person\/3c864cdc320801e3db34b663e7e3f816"},"headline":"Des manifestations \u00e0 Chicago : les d\u00e9fenseurs des immigrants s&rsquo;opposent \u00e0 un nouveau d\u00e9cret","datePublished":"2026-06-16T15:38:16+00:00","mainEntityOfPage":{"@id":"https:\/\/voyage-aventure.com\/blog\/a-la-une\/des-manifestations-a-chicago-les-defenseurs-des-immigrants-sopposent-a-un-nouveau-decret\/"},"wordCount":822,"commentCount":27,"publisher":{"@id":"https:\/\/voyage-aventure.com\/blog\/#organization"},"image":{"@id":"https:\/\/voyage-aventure.com\/blog\/a-la-une\/des-manifestations-a-chicago-les-defenseurs-des-immigrants-sopposent-a-un-nouveau-decret\/#primaryimage"},"thumbnailUrl":"https:\/\/voyage-aventure.com\/blog\/wp-content\/uploads\/2025\/04\/sdxl-ad95791161c25bfaa617b9475a4cd24d.png","keywords":["Mobilisation Citoyenne","Relations Internationales","S\u00e9curit\u00e9","Voyage","Voyage \u00c9conomique"],"articleSection":["\u00c0 la une"],"inLanguage":"fr-FR","potentialAction":[{"@type":"CommentAction","name":"Comment","target":["https:\/\/voyage-aventure.com\/blog\/a-la-une\/des-manifestations-a-chicago-les-defenseurs-des-immigrants-sopposent-a-un-nouveau-decret\/#respond"]}]},{"@type":"WebPage","@id":"https:\/\/voyage-aventure.com\/blog\/a-la-une\/des-manifestations-a-chicago-les-defenseurs-des-immigrants-sopposent-a-un-nouveau-decret\/","url":"https:\/\/voyage-aventure.com\/blog\/a-la-une\/des-manifestations-a-chicago-les-defenseurs-des-immigrants-sopposent-a-un-nouveau-decret\/","name":"Des manifestations \u00e0 Chicago : les d\u00e9fenseurs des","isPartOf":{"@id":"https:\/\/voyage-aventure.com\/blog\/#website"},"primaryImageOfPage":{"@id":"https:\/\/voyage-aventure.com\/blog\/a-la-une\/des-manifestations-a-chicago-les-defenseurs-des-immigrants-sopposent-a-un-nouveau-decret\/#primaryimage"},"image":{"@id":"https:\/\/voyage-aventure.com\/blog\/a-la-une\/des-manifestations-a-chicago-les-defenseurs-des-immigrants-sopposent-a-un-nouveau-decret\/#primaryimage"},"thumbnailUrl":"https:\/\/voyage-aventure.com\/blog\/wp-content\/uploads\/2025\/04\/sdxl-ad95791161c25bfaa617b9475a4cd24d.png","datePublished":"2026-06-16T15:38:16+00:00","description":"\u00c0 Chicago, des d\u00e9fenseurs des droits des immigrants se sont rassembl\u00e9s \u00e0 Federal Plaza pour s'opposer \u00e0 un projet de d\u00e9cret qui restreindrait, selon eux","inLanguage":"fr-FR","potentialAction":[{"@type":"ReadAction","target":["https:\/\/voyage-aventure.com\/blog\/a-la-une\/des-manifestations-a-chicago-les-defenseurs-des-immigrants-sopposent-a-un-nouveau-decret\/"]}]},{"@type":"ImageObject","inLanguage":"fr-FR","@id":"https:\/\/voyage-aventure.com\/blog\/a-la-une\/des-manifestations-a-chicago-les-defenseurs-des-immigrants-sopposent-a-un-nouveau-decret\/#primaryimage","url":"https:\/\/voyage-aventure.com\/blog\/wp-content\/uploads\/2025\/04\/sdxl-ad95791161c25bfaa617b9475a4cd24d.png","contentUrl":"https:\/\/voyage-aventure.com\/blog\/wp-content\/uploads\/2025\/04\/sdxl-ad95791161c25bfaa617b9475a4cd24d.png","width":1536,"height":640},{"@type":"WebSite","@id":"https:\/\/voyage-aventure.com\/blog\/#website","url":"https:\/\/voyage-aventure.com\/blog\/","name":"voyage-aventure.com","description":"Votre passeport pour l\u2019inattendu.","publisher":{"@id":"https:\/\/voyage-aventure.com\/blog\/#organization"},"alternateName":"Votre passeport pour l\u2019inattendu.","potentialAction":[{"@type":"SearchAction","target":{"@type":"EntryPoint","urlTemplate":"https:\/\/voyage-aventure.com\/blog\/?s={search_term_string}"},"query-input":{"@type":"PropertyValueSpecification","valueRequired":true,"valueName":"search_term_string"}}],"inLanguage":"fr-FR"},{"@type":"Organization","@id":"https:\/\/voyage-aventure.com\/blog\/#organization","name":"Foretsensations.fr","url":"https:\/\/voyage-aventure.com\/blog\/","logo":{"@type":"ImageObject","inLanguage":"fr-FR","@id":"https:\/\/voyage-aventure.com\/blog\/#\/schema\/logo\/image\/","url":"https:\/\/voyage-aventure.com\/blog\/wp-content\/uploads\/2024\/12\/19.png","contentUrl":"https:\/\/voyage-aventure.com\/blog\/wp-content\/uploads\/2024\/12\/19.png","width":512,"height":512,"caption":"Foretsensations.fr"},"image":{"@id":"https:\/\/voyage-aventure.com\/blog\/#\/schema\/logo\/image\/"}},{"@type":"Person","@id":"https:\/\/voyage-aventure.com\/blog\/#\/schema\/person\/3c864cdc320801e3db34b663e7e3f816","name":"Camille Rouvray","image":{"@type":"ImageObject","inLanguage":"fr-FR","@id":"https:\/\/voyage-aventure.com\/blog\/#\/schema\/person\/image\/","url":"https:\/\/voyage-aventure.com\/blog\/wp-content\/uploads\/2026\/06\/persona_camille-r-96x96.jpg","contentUrl":"https:\/\/voyage-aventure.com\/blog\/wp-content\/uploads\/2026\/06\/persona_camille-r-96x96.jpg","caption":"Camille Rouvray"},"description":"Je voyage et j'\u00e9cris sur le voyage depuis une douzaine d'ann\u00e9es, d'abord en tant que routarde au long cours, puis comme r\u00e9dactrice sp\u00e9cialis\u00e9e. Mon terrain de pr\u00e9dilection, ce sont les circuits organis\u00e9s et l'art de bien pr\u00e9parer un itin\u00e9raire : choix de la saison, dur\u00e9e r\u00e9aliste des \u00e9tapes, budget jour par jour, logement et transport sur place. J'aime aussi raconter les p\u00e9pites urbaines, ces adresses qu'on ne trouve pas dans les guides classiques. Avant de publier un dossier destination, je croise toujours plusieurs sources, je v\u00e9rifie les tarifs et les formalit\u00e9s d'entr\u00e9e \u00e0 jour, et je teste moi-m\u00eame quand je le peux. Mon angle reste pratique avant tout : aider le lecteur \u00e0 partir l'esprit tranquille, sans mauvaise surprise une fois sur place. Je m'attache \u00e0 distinguer le coup de c\u0153ur sinc\u00e8re du simple argument marketing.","sameAs":["https:\/\/camillerouvray.fr\/"],"url":"https:\/\/voyage-aventure.com\/blog\/auteur\/noname\/"}]}},"_links":{"self":[{"href":"https:\/\/voyage-aventure.com\/blog\/wp-json\/wp\/v2\/posts\/16560","targetHints":{"allow":["GET"]}}],"collection":[{"href":"https:\/\/voyage-aventure.com\/blog\/wp-json\/wp\/v2\/posts"}],"about":[{"href":"https:\/\/voyage-aventure.com\/blog\/wp-json\/wp\/v2\/types\/post"}],"author":[{"embeddable":true,"href":"https:\/\/voyage-aventure.com\/blog\/wp-json\/wp\/v2\/users\/34"}],"replies":[{"embeddable":true,"href":"https:\/\/voyage-aventure.com\/blog\/wp-json\/wp\/v2\/comments?post=16560"}],"version-history":[{"count":2,"href":"https:\/\/voyage-aventure.com\/blog\/wp-json\/wp\/v2\/posts\/16560\/revisions"}],"predecessor-version":[{"id":22956,"href":"https:\/\/voyage-aventure.com\/blog\/wp-json\/wp\/v2\/posts\/16560\/revisions\/22956"}],"wp:featuredmedia":[{"embeddable":true,"href":"https:\/\/voyage-aventure.com\/blog\/wp-json\/wp\/v2\/media\/18169"}],"wp:attachment":[{"href":"https:\/\/voyage-aventure.com\/blog\/wp-json\/wp\/v2\/media?parent=16560"}],"wp:term":[{"taxonomy":"category","embeddable":true,"href":"https:\/\/voyage-aventure.com\/blog\/wp-json\/wp\/v2\/categories?post=16560"},{"taxonomy":"post_tag","embeddable":true,"href":"https:\/\/voyage-aventure.com\/blog\/wp-json\/wp\/v2\/tags?post=16560"}],"curies":[{"name":"wp","href":"https:\/\/api.w.org\/{rel}","templated":true}]}}