{"id":16553,"date":"2026-06-16T17:37:58","date_gmt":"2026-06-16T15:37:58","guid":{"rendered":"https:\/\/voyage-aventure.com\/blog\/?p=16553"},"modified":"2026-06-16T17:37:58","modified_gmt":"2026-06-16T15:37:58","slug":"les-voyageurs-americains-craignent-de-traverser-les-frontieres-americaines-face-a-des-controles-accrus","status":"publish","type":"post","link":"https:\/\/voyage-aventure.com\/blog\/a-la-une\/les-voyageurs-americains-craignent-de-traverser-les-frontieres-americaines-face-a-des-controles-accrus\/","title":{"rendered":"Les voyageurs am\u00e9ricains craignent de traverser les fronti\u00e8res am\u00e9ricaines face \u00e0 des contr\u00f4les accrus"},"content":{"rendered":"<link rel=\"stylesheet\" href=\"https:\/\/fonts.googleapis.com\/css2?family=Newsreader:ital,opsz,wght@0,6..72,500;0,6..72,600;0,6..72,700;1,6..72,500;1,6..72,600&#038;family=Inter:wght@400;500;600&#038;family=JetBrains+Mono:wght@500&#038;display=swap\">\n<style>\n.van-actu-wrap{font-family:'Inter',-apple-system,sans-serif;color:#1d232b;line-height:1.68;font-size:17.5px}\n.van-actu-wrap h2{font-family:'Newsreader',Georgia,serif;font-weight:700;color:#14305c;font-size:clamp(24px,3.2vw,33px);letter-spacing:-.01em;line-height:1.2;margin:48px 0 14px}\n.van-actu-wrap p{margin:0 0 18px}\n.van-actu-dateline{font-family:'JetBrains Mono',monospace;font-size:12.5px;letter-spacing:.06em;text-transform:uppercase;color:#8a5a1b;border-left:3px solid #b5781f;padding-left:12px;margin:0 0 18px}\n.van-actu-lead{font-family:'Newsreader',Georgia,serif;font-size:clamp(19px,2.4vw,22px);font-weight:500;line-height:1.5;color:#2a323c;margin:0 0 30px}\n.van-actu-ess{background:linear-gradient(180deg,#fbf6ee,#f6efe2);border:1px solid #ead9bf;border-left:5px solid #b5781f;border-radius:12px;padding:22px 24px;margin:0 0 38px;box-shadow:0 1px 2px rgba(16,24,40,.05),0 14px 30px -18px rgba(80,55,15,.35)}\n.van-actu-ess .van-actu-kick{font-family:'JetBrains Mono',monospace;font-size:11.5px;letter-spacing:.12em;text-transform:uppercase;color:#b5781f;display:block;margin-bottom:14px}\n.van-actu-ess ul{margin:0;padding:0;list-style:none}\n.van-actu-ess li{position:relative;padding:9px 0 9px 30px;border-bottom:1px solid #ecddc4;font-size:16.5px}\n.van-actu-ess li:last-child{border-bottom:0}\n.van-actu-ess li:before{content:\"\u203a\";position:absolute;left:6px;top:7px;color:#b5781f;font-family:'Newsreader',serif;font-weight:700;font-size:20px;line-height:1}\n.van-actu-ess li b{font-family:'JetBrains Mono',monospace;font-size:12px;letter-spacing:.04em;text-transform:uppercase;color:#14305c;display:block;margin-bottom:2px;font-weight:500}\n.van-actu-grid{display:grid;grid-template-columns:repeat(auto-fit,minmax(230px,1fr));gap:20px;margin:8px 0 30px}\n.van-actu-card{background:#fff;border:1px solid #e6e2da;border-top:3px solid #b5781f;border-radius:10px;padding:22px;transition:.25s ease}\n.van-actu-card:hover{transform:translateY(-3px);box-shadow:0 12px 28px -16px rgba(16,24,40,.28)}\n.van-actu-card .van-actu-ttl{font-family:'Newsreader',serif;font-weight:600;font-size:18px;color:#14305c;margin-bottom:8px}\n.van-actu-card .van-actu-txt{font-size:15.5px;color:#454e58;line-height:1.6}\n.van-actu-quote{font-family:'Newsreader',Georgia,serif;font-style:italic;font-weight:500;font-size:clamp(21px,2.8vw,26px);line-height:1.45;color:#14305c;border-left:5px solid #b5781f;padding:6px 0 6px 26px;margin:36px 0}\n.van-actu-quote .van-actu-cite{display:block;font-family:'JetBrains Mono',monospace;font-style:normal;font-size:12px;letter-spacing:.05em;text-transform:uppercase;color:#8a5a1b;margin-top:14px}\n.van-actu-retain{background:#14305c;color:#eef2f8;border-radius:12px;padding:26px 28px;margin:40px 0;box-shadow:0 16px 34px -20px rgba(20,48,92,.7)}\n.van-actu-retain .van-actu-kick{font-family:'JetBrains Mono',monospace;font-size:11.5px;letter-spacing:.12em;text-transform:uppercase;color:#e3b15f;display:block;margin-bottom:14px}\n.van-actu-retain ul{margin:0;padding:0;list-style:none}\n.van-actu-retain li{position:relative;padding:8px 0 8px 26px;font-size:16px;border-bottom:1px solid rgba(255,255,255,.12)}\n.van-actu-retain li:last-child{border-bottom:0}\n.van-actu-retain li:before{content:\"\u2014\";position:absolute;left:0;top:8px;color:#e3b15f;font-weight:600}\n.van-actu-faq{margin:36px 0 8px}\n.van-actu-faq details{background:#fbf9f5;border:1px solid #e8e2d6;border-radius:10px;margin-bottom:12px;overflow:hidden;transition:.25s ease}\n.van-actu-faq details:hover{border-color:#d4b487}\n.van-actu-faq summary{cursor:pointer;padding:16px 20px;font-family:'Newsreader',serif;font-weight:600;font-size:17.5px;color:#14305c;list-style:none;position:relative}\n.van-actu-faq summary::-webkit-details-marker{display:none}\n.van-actu-faq summary:after{content:\"+\";position:absolute;right:20px;top:14px;color:#b5781f;font-size:22px;font-weight:600;transition:.2s}\n.van-actu-faq details[open] summary:after{transform:rotate(45deg)}\n.van-actu-faq .van-actu-ans{padding:0 20px 18px;font-size:16px;color:#454e58;line-height:1.65}\n.van-actu-note{font-size:14.5px;color:#6b7480;font-style:italic;border-top:1px solid #e6e2da;padding-top:16px;margin-top:40px}\n\/*RENDERFIX2*\/.van-actu-retain{color:#eef3f9!important}.van-actu-retain p,.van-actu-retain li,.van-actu-retain strong,.van-actu-retain em,.van-actu-retain a,.van-actu-retain span,.van-actu-retain b,.van-actu-retain td,.van-actu-retain th,.van-actu-retain h2,.van-actu-retain h3,.van-actu-retain h4{color:#eef3f9!important}.van-actu-retain strong,.van-actu-retain b{color:#ffffff!important}<\/style>\n<div class=\"van-actu-wrap\">\n<div class=\"van-actu-dateline\">Actualit\u00e9 \u00b7 Contr\u00f4les aux fronti\u00e8res am\u00e9ricaines<\/div>\n<p class=\"van-actu-lead\">Citoyens, binationaux et r\u00e9sidents l\u00e9gaux des \u00c9tats-Unis disent redouter de plus en plus le passage de la fronti\u00e8re am\u00e9ricaine. En cause : des contr\u00f4les d&rsquo;immigration renforc\u00e9s au retour de l&rsquo;\u00e9tranger, qui transforment chaque voyage international en source d&rsquo;inqui\u00e9tude.<\/p>\n<div class=\"van-actu-ess\">\n<span class=\"van-actu-kick\">L&rsquo;essentiel<\/span><\/p>\n<ul>\n<li><b>Quoi<\/b>Des voyageurs am\u00e9ricains et r\u00e9sidents l\u00e9gaux disent craindre des contr\u00f4les frontaliers plus intrusifs et fr\u00e9quents \u00e0 leur retour aux \u00c9tats-Unis.<\/li>\n<li><b>Qui<\/b>Citoyens, binationaux, r\u00e9sidents l\u00e9gaux et \u00e9tudiants internationaux, confront\u00e9s \u00e0 des v\u00e9rifications renforc\u00e9es par l&rsquo;administration en place.<\/li>\n<li><b>Pourquoi \u00e7a compte<\/b>Des d\u00e9tentions de r\u00e9sidents l\u00e9gaux et des cas de profilage nourrissent un climat de peur qui pousse certains \u00e0 renoncer \u00e0 voyager.<\/li>\n<\/ul>\n<\/div>\n<h2>La mont\u00e9e de l&rsquo;anxi\u00e9t\u00e9 parmi les voyageurs<\/h2>\n<p>Cette inqui\u00e9tude est exacerb\u00e9e par des contr\u00f4les d&rsquo;immigration plus rigoureux, initi\u00e9s par l&rsquo;administration actuelle. Des histoires de d\u00e9tentions et de v\u00e9rifications intrusives alimentent les craintes d&rsquo;un voyage international.<\/p>\n<p>Keylin Rivera, une citoyenne am\u00e9ricaine et colombienne, a v\u00e9cu cette peur lors de son retour d&rsquo;un voyage \u00e0 Cura\u00e7ao. Bien que les contr\u00f4les de s\u00e9curit\u00e9 soient habituels, elle a \u00e9t\u00e9 surprise par l&rsquo;intensit\u00e9 des questions et des fouilles qu&rsquo;elle a subies \u00e0 son arriv\u00e9e \u00e0 l&rsquo;a\u00e9roport de Charlotte, ce qui l&rsquo;a laiss\u00e9e profond\u00e9ment troubl\u00e9e.<\/p>\n<div class=\"van-actu-quote\">\n\u00ab Je n&rsquo;ai pas l&rsquo;impression d&rsquo;\u00eatre l&rsquo;ennemi. Je veux simplement voir mon pays r\u00e9ussir. \u00bb<br \/>\n<span class=\"van-actu-cite\">Keylin Rivera, citoyenne am\u00e9ricano-colombienne<\/span>\n<\/div>\n<h2>Un environnement de voyage en mutation<\/h2>\n<p>Les directives actuelles incitent les agents de contr\u00f4le aux fronti\u00e8res \u00e0 effectuer des v\u00e9rifications plus minutieuses. Cette politique a conduit \u00e0 des interrogations sur le pass\u00e9 des voyageurs et \u00e0 des fouilles de leurs appareils \u00e9lectroniques. Glenn Schieck, un avocat sp\u00e9cialis\u00e9 en immigration, souligne que m\u00eame les voyageurs qui n&rsquo;ont jamais eu de probl\u00e8mes auparavant peuvent maintenant faire face \u00e0 des situations stressantes.<\/p>\n<p>Des cas r\u00e9cents de d\u00e9tention de r\u00e9sidents l\u00e9gaux, comme celui de Rasha Alawieh, montrent que les pr\u00e9occupations vont au-del\u00e0 des simples v\u00e9rifications de routine. Les universit\u00e9s mettent en garde leurs \u00e9tudiants internationaux contre les voyages \u00e0 l&rsquo;\u00e9tranger, de peur qu&rsquo;ils ne soient cibl\u00e9s lors de leur retour.<\/p>\n<div class=\"van-actu-grid\">\n<div class=\"van-actu-card\">\n<div class=\"van-actu-ttl\">V\u00e9rifications renforc\u00e9es<\/div>\n<div class=\"van-actu-txt\">Interrogations sur le pass\u00e9 du voyageur et fouilles d&rsquo;appareils \u00e9lectroniques sont signal\u00e9es, y compris pour des personnes sans ant\u00e9c\u00e9dent.<\/div>\n<\/div>\n<div class=\"van-actu-card\">\n<div class=\"van-actu-ttl\">R\u00e9sidents l\u00e9gaux vis\u00e9s<\/div>\n<div class=\"van-actu-txt\">Des d\u00e9tentions de r\u00e9sidents l\u00e9gaux, comme le cas de Rasha Alawieh, d\u00e9passent le cadre des simples contr\u00f4les de routine.<\/div>\n<\/div>\n<div class=\"van-actu-card\">\n<div class=\"van-actu-ttl\">\u00c9tudiants internationaux<\/div>\n<div class=\"van-actu-txt\">Plusieurs universit\u00e9s recommandent \u00e0 leurs \u00e9tudiants \u00e9trangers de reconsid\u00e9rer leurs d\u00e9placements hors des \u00c9tats-Unis.<\/div>\n<\/div>\n<\/div>\n<h2>Un sentiment d&rsquo;incertitude croissant<\/h2>\n<p>Pour de nombreux Am\u00e9ricains, cette situation cr\u00e9e un sentiment d&rsquo;incertitude. Les voyageurs h\u00e9sitent \u00e0 planifier des voyages \u00e0 l&rsquo;\u00e9tranger, craignant d&rsquo;\u00eatre stopp\u00e9s \u00e0 la fronti\u00e8re pour des raisons floues. Par exemple, Ginny Williams, une \u00e9crivaine freelance, ressent une anxi\u00e9t\u00e9 croissante alors qu&rsquo;elle se pr\u00e9pare \u00e0 retourner aux \u00c9tats-Unis pour voir ses parents malades.<\/p>\n<p>Les rapports de profilage racial et de discrimination \u00e0 la fronti\u00e8re ajoutent \u00e0 ce climat de peur. Lynn Damiano Pearson, avocate au National Immigration Law Center, mentionne que m\u00eame les citoyens am\u00e9ricains peuvent se sentir menac\u00e9s par ces nouvelles politiques. L&rsquo;interaction entre les droits des citoyens et ceux des immigrants est plus que jamais mise en lumi\u00e8re.<\/p>\n<h2>Ce que \u00e7a change pour les voyageurs<\/h2>\n<p>Les r\u00e9cits de d\u00e9tentions et de fouilles sont devenus monnaie courante, provoquant une r\u00e9\u00e9valuation de ce que signifie voyager pour de nombreux Am\u00e9ricains. Les craintes de Keylin Rivera refl\u00e8tent une anxi\u00e9t\u00e9 collective, o\u00f9 chaque voyage devient une source de stress. Face \u00e0 ces d\u00e9fis, il est crucial pour les voyageurs d&rsquo;\u00eatre bien inform\u00e9s de leurs droits.<\/p>\n<p>Alors que la situation continue d&rsquo;\u00e9voluer, les voyageurs doivent rester vigilants et pr\u00e9par\u00e9s. Les recommandations pour ceux qui traversent les fronti\u00e8res incluent le fait d&rsquo;\u00eatre honn\u00eate avec les agents, de fournir tous les documents n\u00e9cessaires et de conna\u00eetre leurs droits. Cette connaissance peut faire la diff\u00e9rence entre un voyage serein et une exp\u00e9rience traumatisante.<\/p>\n<p>Les t\u00e9moignages de ceux qui ont v\u00e9cu des exp\u00e9riences n\u00e9gatives au cours de leurs voyages soulignent l&rsquo;importance d&rsquo;une discussion ouverte sur ces questions. Les Am\u00e9ricains doivent se rassembler pour d\u00e9fendre leurs droits et s&rsquo;assurer que leur libert\u00e9 de voyager n&rsquo;est pas compromise par des politiques de s\u00e9curit\u00e9 excessives. La protection des droits de tous les citoyens et r\u00e9sidents l\u00e9gaux est essentielle dans cette p\u00e9riode de changement.<\/p>\n<div class=\"van-actu-retain\">\n<span class=\"van-actu-kick\">\u00c0 retenir<\/span><\/p>\n<ul>\n<li>Citoyens, binationaux et r\u00e9sidents l\u00e9gaux disent redouter davantage le passage de la fronti\u00e8re am\u00e9ricaine au retour de l&rsquo;\u00e9tranger.<\/li>\n<li>Les contr\u00f4les signal\u00e9s sont plus intrusifs : questions sur le pass\u00e9, fouilles d&rsquo;appareils \u00e9lectroniques.<\/li>\n<li>Des d\u00e9tentions de r\u00e9sidents l\u00e9gaux et des cas de profilage nourrissent un climat de peur.<\/li>\n<li>Plusieurs universit\u00e9s d\u00e9conseillent \u00e0 leurs \u00e9tudiants internationaux de voyager hors du pays.<\/li>\n<li>Le r\u00e9flexe conseill\u00e9 : conna\u00eetre ses droits, rester honn\u00eate avec les agents et pr\u00e9parer ses documents.<\/li>\n<\/ul>\n<\/div>\n<div class=\"van-actu-faq\">\n<details>\n<summary>Qui est concern\u00e9 par ces contr\u00f4les renforc\u00e9s ?<\/summary>\n<div class=\"van-actu-ans\">D&rsquo;apr\u00e8s les t\u00e9moignages cit\u00e9s, l&rsquo;inqui\u00e9tude touche aussi bien des citoyens am\u00e9ricains et binationaux que des r\u00e9sidents l\u00e9gaux et des \u00e9tudiants internationaux. Plusieurs avocats sp\u00e9cialis\u00e9s en immigration notent que m\u00eame des voyageurs sans aucun ant\u00e9c\u00e9dent peuvent d\u00e9sormais faire face \u00e0 des situations stressantes au passage de la fronti\u00e8re.<\/div>\n<\/details>\n<details>\n<summary>Quelles v\u00e9rifications sont signal\u00e9es au retour aux \u00c9tats-Unis ?<\/summary>\n<div class=\"van-actu-ans\">Les directives actuelles incitent les agents \u00e0 des contr\u00f4les plus minutieux : interrogations sur le pass\u00e9 des voyageurs et fouilles de leurs appareils \u00e9lectroniques. Des cas de d\u00e9tention de r\u00e9sidents l\u00e9gaux ont \u00e9galement \u00e9t\u00e9 rapport\u00e9s, ce qui d\u00e9passe le cadre des simples v\u00e9rifications de routine.<\/div>\n<\/details>\n<details>\n<summary>Que recommandent les sources cit\u00e9es aux voyageurs ?<\/summary>\n<div class=\"van-actu-ans\">Les recommandations rapport\u00e9es pour ceux qui traversent les fronti\u00e8res consistent \u00e0 rester honn\u00eate avec les agents, \u00e0 fournir tous les documents n\u00e9cessaires et \u00e0 bien conna\u00eetre ses droits. Selon l&rsquo;article, cette connaissance peut faire la diff\u00e9rence entre un voyage serein et une exp\u00e9rience difficile.<\/div>\n<\/details>\n<\/div>\n<div class=\"van-actu-note\">Cet article relate des t\u00e9moignages et refl\u00e8te une situation \u00e0 un instant donn\u00e9 ; il est informatif et ne constitue pas un conseil juridique. Pour une d\u00e9marche personnelle, rapprochez-vous d&rsquo;un avocat sp\u00e9cialis\u00e9 en immigration ou des autorit\u00e9s comp\u00e9tentes.<\/div>\n<\/div>\n","protected":false},"excerpt":{"rendered":"","protected":false},"author":34,"featured_media":20541,"comment_status":"open","ping_status":"open","sticky":false,"template":"","format":"standard","meta":{"_acf_changed":false,"manual_indexmenow":false,"indexmenow_id_project":0,"footnotes":""},"categories":[1],"tags":[3800,4713,5688,3170,5755],"class_list":["post-16553","post","type-post","status-publish","format-standard","has-post-thumbnail","hentry","category-a-la-une","tag-emotions","tag-preparation","tag-relations-internationales","tag-securite","tag-voyage-en-solo","generate-columns","tablet-grid-50","mobile-grid-100","grid-parent","grid-25"],"acf":[],"yoast_head":"<!-- This site is optimized with the Yoast SEO Premium plugin v21.3 (Yoast SEO v25.1) - https:\/\/yoast.com\/wordpress\/plugins\/seo\/ -->\n<title>Les voyageurs am\u00e9ricains craignent de traverser les<\/title>\n<meta name=\"description\" content=\"Citoyens, binationaux et r\u00e9sidents l\u00e9gaux des \u00c9tats-Unis disent redouter de plus en plus le passage de la fronti\u00e8re am\u00e9ricaine. En cause : des contr\u00f4les\" \/>\n<meta name=\"robots\" content=\"index, follow, max-snippet:-1, max-image-preview:large, max-video-preview:-1\" \/>\n<link rel=\"canonical\" href=\"https:\/\/voyage-aventure.com\/blog\/a-la-une\/les-voyageurs-americains-craignent-de-traverser-les-frontieres-americaines-face-a-des-controles-accrus\/\" \/>\n<meta property=\"og:locale\" content=\"fr_FR\" \/>\n<meta property=\"og:type\" content=\"article\" \/>\n<meta property=\"og:title\" content=\"Les voyageurs am\u00e9ricains craignent de traverser les\" \/>\n<meta property=\"og:description\" content=\"Citoyens, binationaux et r\u00e9sidents l\u00e9gaux des \u00c9tats-Unis disent redouter de plus en plus le passage de la fronti\u00e8re am\u00e9ricaine. En cause : des contr\u00f4les\" \/>\n<meta property=\"og:url\" content=\"https:\/\/voyage-aventure.com\/blog\/a-la-une\/les-voyageurs-americains-craignent-de-traverser-les-frontieres-americaines-face-a-des-controles-accrus\/\" \/>\n<meta property=\"og:site_name\" content=\"voyage-aventure\" \/>\n<meta property=\"og:image\" content=\"https:\/\/voyage-aventure.com\/blog\/wp-content\/uploads\/2025\/05\/sdxl-aaa1302db43d79bdfede9c19f4b03faf-scaled.png\" \/>\n\t<meta property=\"og:image:width\" content=\"1200\" \/>\n\t<meta property=\"og:image:height\" content=\"500\" \/>\n\t<meta property=\"og:image:type\" content=\"image\/png\" \/>\n<meta name=\"author\" content=\"Camille Rouvray\" \/>\n<meta name=\"twitter:card\" content=\"summary_large_image\" \/>\n<script type=\"application\/ld+json\" class=\"yoast-schema-graph\">{\"@context\":\"https:\/\/schema.org\",\"@graph\":[{\"@type\":\"NewsArticle\",\"@id\":\"https:\/\/voyage-aventure.com\/blog\/a-la-une\/les-voyageurs-americains-craignent-de-traverser-les-frontieres-americaines-face-a-des-controles-accrus\/#article\",\"isPartOf\":{\"@id\":\"https:\/\/voyage-aventure.com\/blog\/a-la-une\/les-voyageurs-americains-craignent-de-traverser-les-frontieres-americaines-face-a-des-controles-accrus\/\"},\"author\":{\"name\":\"Camille Rouvray\",\"@id\":\"https:\/\/voyage-aventure.com\/blog\/#\/schema\/person\/3c864cdc320801e3db34b663e7e3f816\"},\"headline\":\"Les voyageurs am\u00e9ricains craignent de traverser les fronti\u00e8res am\u00e9ricaines face \u00e0 des contr\u00f4les accrus\",\"datePublished\":\"2026-06-16T15:37:58+00:00\",\"mainEntityOfPage\":{\"@id\":\"https:\/\/voyage-aventure.com\/blog\/a-la-une\/les-voyageurs-americains-craignent-de-traverser-les-frontieres-americaines-face-a-des-controles-accrus\/\"},\"wordCount\":1145,\"commentCount\":17,\"publisher\":{\"@id\":\"https:\/\/voyage-aventure.com\/blog\/#organization\"},\"image\":{\"@id\":\"https:\/\/voyage-aventure.com\/blog\/a-la-une\/les-voyageurs-americains-craignent-de-traverser-les-frontieres-americaines-face-a-des-controles-accrus\/#primaryimage\"},\"thumbnailUrl\":\"https:\/\/voyage-aventure.com\/blog\/wp-content\/uploads\/2025\/05\/sdxl-aaa1302db43d79bdfede9c19f4b03faf-scaled.png\",\"keywords\":[\"\u00c9motions\",\"Pr\u00e9paration\",\"Relations Internationales\",\"S\u00e9curit\u00e9\",\"Voyage en solo\"],\"articleSection\":[\"\u00c0 la une\"],\"inLanguage\":\"fr-FR\",\"potentialAction\":[{\"@type\":\"CommentAction\",\"name\":\"Comment\",\"target\":[\"https:\/\/voyage-aventure.com\/blog\/a-la-une\/les-voyageurs-americains-craignent-de-traverser-les-frontieres-americaines-face-a-des-controles-accrus\/#respond\"]}]},{\"@type\":\"WebPage\",\"@id\":\"https:\/\/voyage-aventure.com\/blog\/a-la-une\/les-voyageurs-americains-craignent-de-traverser-les-frontieres-americaines-face-a-des-controles-accrus\/\",\"url\":\"https:\/\/voyage-aventure.com\/blog\/a-la-une\/les-voyageurs-americains-craignent-de-traverser-les-frontieres-americaines-face-a-des-controles-accrus\/\",\"name\":\"Les voyageurs am\u00e9ricains craignent de traverser les\",\"isPartOf\":{\"@id\":\"https:\/\/voyage-aventure.com\/blog\/#website\"},\"primaryImageOfPage\":{\"@id\":\"https:\/\/voyage-aventure.com\/blog\/a-la-une\/les-voyageurs-americains-craignent-de-traverser-les-frontieres-americaines-face-a-des-controles-accrus\/#primaryimage\"},\"image\":{\"@id\":\"https:\/\/voyage-aventure.com\/blog\/a-la-une\/les-voyageurs-americains-craignent-de-traverser-les-frontieres-americaines-face-a-des-controles-accrus\/#primaryimage\"},\"thumbnailUrl\":\"https:\/\/voyage-aventure.com\/blog\/wp-content\/uploads\/2025\/05\/sdxl-aaa1302db43d79bdfede9c19f4b03faf-scaled.png\",\"datePublished\":\"2026-06-16T15:37:58+00:00\",\"description\":\"Citoyens, binationaux et r\u00e9sidents l\u00e9gaux des \u00c9tats-Unis disent redouter de plus en plus le passage de la fronti\u00e8re am\u00e9ricaine. En cause : des contr\u00f4les\",\"inLanguage\":\"fr-FR\",\"potentialAction\":[{\"@type\":\"ReadAction\",\"target\":[\"https:\/\/voyage-aventure.com\/blog\/a-la-une\/les-voyageurs-americains-craignent-de-traverser-les-frontieres-americaines-face-a-des-controles-accrus\/\"]}]},{\"@type\":\"ImageObject\",\"inLanguage\":\"fr-FR\",\"@id\":\"https:\/\/voyage-aventure.com\/blog\/a-la-une\/les-voyageurs-americains-craignent-de-traverser-les-frontieres-americaines-face-a-des-controles-accrus\/#primaryimage\",\"url\":\"https:\/\/voyage-aventure.com\/blog\/wp-content\/uploads\/2025\/05\/sdxl-aaa1302db43d79bdfede9c19f4b03faf-scaled.png\",\"contentUrl\":\"https:\/\/voyage-aventure.com\/blog\/wp-content\/uploads\/2025\/05\/sdxl-aaa1302db43d79bdfede9c19f4b03faf-scaled.png\",\"width\":1200,\"height\":500},{\"@type\":\"WebSite\",\"@id\":\"https:\/\/voyage-aventure.com\/blog\/#website\",\"url\":\"https:\/\/voyage-aventure.com\/blog\/\",\"name\":\"voyage-aventure.com\",\"description\":\"Votre passeport pour l\u2019inattendu.\",\"publisher\":{\"@id\":\"https:\/\/voyage-aventure.com\/blog\/#organization\"},\"alternateName\":\"Votre passeport pour l\u2019inattendu.\",\"potentialAction\":[{\"@type\":\"SearchAction\",\"target\":{\"@type\":\"EntryPoint\",\"urlTemplate\":\"https:\/\/voyage-aventure.com\/blog\/?s={search_term_string}\"},\"query-input\":{\"@type\":\"PropertyValueSpecification\",\"valueRequired\":true,\"valueName\":\"search_term_string\"}}],\"inLanguage\":\"fr-FR\"},{\"@type\":\"Organization\",\"@id\":\"https:\/\/voyage-aventure.com\/blog\/#organization\",\"name\":\"Foretsensations.fr\",\"url\":\"https:\/\/voyage-aventure.com\/blog\/\",\"logo\":{\"@type\":\"ImageObject\",\"inLanguage\":\"fr-FR\",\"@id\":\"https:\/\/voyage-aventure.com\/blog\/#\/schema\/logo\/image\/\",\"url\":\"https:\/\/voyage-aventure.com\/blog\/wp-content\/uploads\/2024\/12\/19.png\",\"contentUrl\":\"https:\/\/voyage-aventure.com\/blog\/wp-content\/uploads\/2024\/12\/19.png\",\"width\":512,\"height\":512,\"caption\":\"Foretsensations.fr\"},\"image\":{\"@id\":\"https:\/\/voyage-aventure.com\/blog\/#\/schema\/logo\/image\/\"}},{\"@type\":\"Person\",\"@id\":\"https:\/\/voyage-aventure.com\/blog\/#\/schema\/person\/3c864cdc320801e3db34b663e7e3f816\",\"name\":\"Camille Rouvray\",\"image\":{\"@type\":\"ImageObject\",\"inLanguage\":\"fr-FR\",\"@id\":\"https:\/\/voyage-aventure.com\/blog\/#\/schema\/person\/image\/\",\"url\":\"https:\/\/voyage-aventure.com\/blog\/wp-content\/uploads\/2026\/06\/persona_camille-r-96x96.jpg\",\"contentUrl\":\"https:\/\/voyage-aventure.com\/blog\/wp-content\/uploads\/2026\/06\/persona_camille-r-96x96.jpg\",\"caption\":\"Camille Rouvray\"},\"description\":\"Je voyage et j'\u00e9cris sur le voyage depuis une douzaine d'ann\u00e9es, d'abord en tant que routarde au long cours, puis comme r\u00e9dactrice sp\u00e9cialis\u00e9e. Mon terrain de pr\u00e9dilection, ce sont les circuits organis\u00e9s et l'art de bien pr\u00e9parer un itin\u00e9raire : choix de la saison, dur\u00e9e r\u00e9aliste des \u00e9tapes, budget jour par jour, logement et transport sur place. J'aime aussi raconter les p\u00e9pites urbaines, ces adresses qu'on ne trouve pas dans les guides classiques. Avant de publier un dossier destination, je croise toujours plusieurs sources, je v\u00e9rifie les tarifs et les formalit\u00e9s d'entr\u00e9e \u00e0 jour, et je teste moi-m\u00eame quand je le peux. Mon angle reste pratique avant tout : aider le lecteur \u00e0 partir l'esprit tranquille, sans mauvaise surprise une fois sur place. Je m'attache \u00e0 distinguer le coup de c\u0153ur sinc\u00e8re du simple argument marketing.\",\"sameAs\":[\"https:\/\/camillerouvray.fr\/\"],\"url\":\"https:\/\/voyage-aventure.com\/blog\/auteur\/noname\/\"}]}<\/script>\n<!-- \/ Yoast SEO Premium plugin. -->","yoast_head_json":{"title":"Les voyageurs am\u00e9ricains craignent de traverser les","description":"Citoyens, binationaux et r\u00e9sidents l\u00e9gaux des \u00c9tats-Unis disent redouter de plus en plus le passage de la fronti\u00e8re am\u00e9ricaine. En cause : des contr\u00f4les","robots":{"index":"index","follow":"follow","max-snippet":"max-snippet:-1","max-image-preview":"max-image-preview:large","max-video-preview":"max-video-preview:-1"},"canonical":"https:\/\/voyage-aventure.com\/blog\/a-la-une\/les-voyageurs-americains-craignent-de-traverser-les-frontieres-americaines-face-a-des-controles-accrus\/","og_locale":"fr_FR","og_type":"article","og_title":"Les voyageurs am\u00e9ricains craignent de traverser les","og_description":"Citoyens, binationaux et r\u00e9sidents l\u00e9gaux des \u00c9tats-Unis disent redouter de plus en plus le passage de la fronti\u00e8re am\u00e9ricaine. En cause : des contr\u00f4les","og_url":"https:\/\/voyage-aventure.com\/blog\/a-la-une\/les-voyageurs-americains-craignent-de-traverser-les-frontieres-americaines-face-a-des-controles-accrus\/","og_site_name":"voyage-aventure","og_image":[{"width":1200,"height":500,"url":"https:\/\/voyage-aventure.com\/blog\/wp-content\/uploads\/2025\/05\/sdxl-aaa1302db43d79bdfede9c19f4b03faf-scaled.png","type":"image\/png"}],"author":"Camille Rouvray","twitter_card":"summary_large_image","schema":{"@context":"https:\/\/schema.org","@graph":[{"@type":"NewsArticle","@id":"https:\/\/voyage-aventure.com\/blog\/a-la-une\/les-voyageurs-americains-craignent-de-traverser-les-frontieres-americaines-face-a-des-controles-accrus\/#article","isPartOf":{"@id":"https:\/\/voyage-aventure.com\/blog\/a-la-une\/les-voyageurs-americains-craignent-de-traverser-les-frontieres-americaines-face-a-des-controles-accrus\/"},"author":{"name":"Camille Rouvray","@id":"https:\/\/voyage-aventure.com\/blog\/#\/schema\/person\/3c864cdc320801e3db34b663e7e3f816"},"headline":"Les voyageurs am\u00e9ricains craignent de traverser les fronti\u00e8res am\u00e9ricaines face \u00e0 des contr\u00f4les accrus","datePublished":"2026-06-16T15:37:58+00:00","mainEntityOfPage":{"@id":"https:\/\/voyage-aventure.com\/blog\/a-la-une\/les-voyageurs-americains-craignent-de-traverser-les-frontieres-americaines-face-a-des-controles-accrus\/"},"wordCount":1145,"commentCount":17,"publisher":{"@id":"https:\/\/voyage-aventure.com\/blog\/#organization"},"image":{"@id":"https:\/\/voyage-aventure.com\/blog\/a-la-une\/les-voyageurs-americains-craignent-de-traverser-les-frontieres-americaines-face-a-des-controles-accrus\/#primaryimage"},"thumbnailUrl":"https:\/\/voyage-aventure.com\/blog\/wp-content\/uploads\/2025\/05\/sdxl-aaa1302db43d79bdfede9c19f4b03faf-scaled.png","keywords":["\u00c9motions","Pr\u00e9paration","Relations Internationales","S\u00e9curit\u00e9","Voyage en solo"],"articleSection":["\u00c0 la une"],"inLanguage":"fr-FR","potentialAction":[{"@type":"CommentAction","name":"Comment","target":["https:\/\/voyage-aventure.com\/blog\/a-la-une\/les-voyageurs-americains-craignent-de-traverser-les-frontieres-americaines-face-a-des-controles-accrus\/#respond"]}]},{"@type":"WebPage","@id":"https:\/\/voyage-aventure.com\/blog\/a-la-une\/les-voyageurs-americains-craignent-de-traverser-les-frontieres-americaines-face-a-des-controles-accrus\/","url":"https:\/\/voyage-aventure.com\/blog\/a-la-une\/les-voyageurs-americains-craignent-de-traverser-les-frontieres-americaines-face-a-des-controles-accrus\/","name":"Les voyageurs am\u00e9ricains craignent de traverser les","isPartOf":{"@id":"https:\/\/voyage-aventure.com\/blog\/#website"},"primaryImageOfPage":{"@id":"https:\/\/voyage-aventure.com\/blog\/a-la-une\/les-voyageurs-americains-craignent-de-traverser-les-frontieres-americaines-face-a-des-controles-accrus\/#primaryimage"},"image":{"@id":"https:\/\/voyage-aventure.com\/blog\/a-la-une\/les-voyageurs-americains-craignent-de-traverser-les-frontieres-americaines-face-a-des-controles-accrus\/#primaryimage"},"thumbnailUrl":"https:\/\/voyage-aventure.com\/blog\/wp-content\/uploads\/2025\/05\/sdxl-aaa1302db43d79bdfede9c19f4b03faf-scaled.png","datePublished":"2026-06-16T15:37:58+00:00","description":"Citoyens, binationaux et r\u00e9sidents l\u00e9gaux des \u00c9tats-Unis disent redouter de plus en plus le passage de la fronti\u00e8re am\u00e9ricaine. En cause : des contr\u00f4les","inLanguage":"fr-FR","potentialAction":[{"@type":"ReadAction","target":["https:\/\/voyage-aventure.com\/blog\/a-la-une\/les-voyageurs-americains-craignent-de-traverser-les-frontieres-americaines-face-a-des-controles-accrus\/"]}]},{"@type":"ImageObject","inLanguage":"fr-FR","@id":"https:\/\/voyage-aventure.com\/blog\/a-la-une\/les-voyageurs-americains-craignent-de-traverser-les-frontieres-americaines-face-a-des-controles-accrus\/#primaryimage","url":"https:\/\/voyage-aventure.com\/blog\/wp-content\/uploads\/2025\/05\/sdxl-aaa1302db43d79bdfede9c19f4b03faf-scaled.png","contentUrl":"https:\/\/voyage-aventure.com\/blog\/wp-content\/uploads\/2025\/05\/sdxl-aaa1302db43d79bdfede9c19f4b03faf-scaled.png","width":1200,"height":500},{"@type":"WebSite","@id":"https:\/\/voyage-aventure.com\/blog\/#website","url":"https:\/\/voyage-aventure.com\/blog\/","name":"voyage-aventure.com","description":"Votre passeport pour l\u2019inattendu.","publisher":{"@id":"https:\/\/voyage-aventure.com\/blog\/#organization"},"alternateName":"Votre passeport pour l\u2019inattendu.","potentialAction":[{"@type":"SearchAction","target":{"@type":"EntryPoint","urlTemplate":"https:\/\/voyage-aventure.com\/blog\/?s={search_term_string}"},"query-input":{"@type":"PropertyValueSpecification","valueRequired":true,"valueName":"search_term_string"}}],"inLanguage":"fr-FR"},{"@type":"Organization","@id":"https:\/\/voyage-aventure.com\/blog\/#organization","name":"Foretsensations.fr","url":"https:\/\/voyage-aventure.com\/blog\/","logo":{"@type":"ImageObject","inLanguage":"fr-FR","@id":"https:\/\/voyage-aventure.com\/blog\/#\/schema\/logo\/image\/","url":"https:\/\/voyage-aventure.com\/blog\/wp-content\/uploads\/2024\/12\/19.png","contentUrl":"https:\/\/voyage-aventure.com\/blog\/wp-content\/uploads\/2024\/12\/19.png","width":512,"height":512,"caption":"Foretsensations.fr"},"image":{"@id":"https:\/\/voyage-aventure.com\/blog\/#\/schema\/logo\/image\/"}},{"@type":"Person","@id":"https:\/\/voyage-aventure.com\/blog\/#\/schema\/person\/3c864cdc320801e3db34b663e7e3f816","name":"Camille Rouvray","image":{"@type":"ImageObject","inLanguage":"fr-FR","@id":"https:\/\/voyage-aventure.com\/blog\/#\/schema\/person\/image\/","url":"https:\/\/voyage-aventure.com\/blog\/wp-content\/uploads\/2026\/06\/persona_camille-r-96x96.jpg","contentUrl":"https:\/\/voyage-aventure.com\/blog\/wp-content\/uploads\/2026\/06\/persona_camille-r-96x96.jpg","caption":"Camille Rouvray"},"description":"Je voyage et j'\u00e9cris sur le voyage depuis une douzaine d'ann\u00e9es, d'abord en tant que routarde au long cours, puis comme r\u00e9dactrice sp\u00e9cialis\u00e9e. Mon terrain de pr\u00e9dilection, ce sont les circuits organis\u00e9s et l'art de bien pr\u00e9parer un itin\u00e9raire : choix de la saison, dur\u00e9e r\u00e9aliste des \u00e9tapes, budget jour par jour, logement et transport sur place. J'aime aussi raconter les p\u00e9pites urbaines, ces adresses qu'on ne trouve pas dans les guides classiques. Avant de publier un dossier destination, je croise toujours plusieurs sources, je v\u00e9rifie les tarifs et les formalit\u00e9s d'entr\u00e9e \u00e0 jour, et je teste moi-m\u00eame quand je le peux. Mon angle reste pratique avant tout : aider le lecteur \u00e0 partir l'esprit tranquille, sans mauvaise surprise une fois sur place. Je m'attache \u00e0 distinguer le coup de c\u0153ur sinc\u00e8re du simple argument marketing.","sameAs":["https:\/\/camillerouvray.fr\/"],"url":"https:\/\/voyage-aventure.com\/blog\/auteur\/noname\/"}]}},"_links":{"self":[{"href":"https:\/\/voyage-aventure.com\/blog\/wp-json\/wp\/v2\/posts\/16553","targetHints":{"allow":["GET"]}}],"collection":[{"href":"https:\/\/voyage-aventure.com\/blog\/wp-json\/wp\/v2\/posts"}],"about":[{"href":"https:\/\/voyage-aventure.com\/blog\/wp-json\/wp\/v2\/types\/post"}],"author":[{"embeddable":true,"href":"https:\/\/voyage-aventure.com\/blog\/wp-json\/wp\/v2\/users\/34"}],"replies":[{"embeddable":true,"href":"https:\/\/voyage-aventure.com\/blog\/wp-json\/wp\/v2\/comments?post=16553"}],"version-history":[{"count":3,"href":"https:\/\/voyage-aventure.com\/blog\/wp-json\/wp\/v2\/posts\/16553\/revisions"}],"predecessor-version":[{"id":22954,"href":"https:\/\/voyage-aventure.com\/blog\/wp-json\/wp\/v2\/posts\/16553\/revisions\/22954"}],"wp:featuredmedia":[{"embeddable":true,"href":"https:\/\/voyage-aventure.com\/blog\/wp-json\/wp\/v2\/media\/20541"}],"wp:attachment":[{"href":"https:\/\/voyage-aventure.com\/blog\/wp-json\/wp\/v2\/media?parent=16553"}],"wp:term":[{"taxonomy":"category","embeddable":true,"href":"https:\/\/voyage-aventure.com\/blog\/wp-json\/wp\/v2\/categories?post=16553"},{"taxonomy":"post_tag","embeddable":true,"href":"https:\/\/voyage-aventure.com\/blog\/wp-json\/wp\/v2\/tags?post=16553"}],"curies":[{"name":"wp","href":"https:\/\/api.w.org\/{rel}","templated":true}]}}