{"id":16533,"date":"2026-06-16T17:37:11","date_gmt":"2026-06-16T15:37:11","guid":{"rendered":"https:\/\/voyage-aventure.com\/blog\/?p=16533"},"modified":"2026-06-16T17:37:11","modified_gmt":"2026-06-16T15:37:11","slug":"les-defenseurs-des-immigrants-de-chicago-denoncent-le-projet-de-loi-sur-linterdiction-de-voyager","status":"publish","type":"post","link":"https:\/\/voyage-aventure.com\/blog\/a-la-une\/les-defenseurs-des-immigrants-de-chicago-denoncent-le-projet-de-loi-sur-linterdiction-de-voyager\/","title":{"rendered":"les d\u00e9fenseurs des immigrants de chicago d\u00e9noncent le projet de loi sur l&rsquo;interdiction de voyager"},"content":{"rendered":"<link rel=\"stylesheet\" href=\"https:\/\/fonts.googleapis.com\/css2?family=Newsreader:ital,opsz,wght@0,6..72,500..700;1,6..72,500..600&#038;family=Inter:wght@400;500;600&#038;family=JetBrains+Mono:wght@500&#038;display=swap\">\n<style>\n.va-news-wrap{font-family:'Inter',-apple-system,sans-serif;color:#1b2733;line-height:1.65;font-size:17px;max-width:760px;margin:0 auto}\n.va-news-wrap h2{font-family:'Newsreader',Georgia,serif;font-weight:700;color:#14202b;font-size:clamp(24px,3.2vw,33px);letter-spacing:-.01em;line-height:1.2;margin:48px 0 16px}\n.va-news-wrap h3{font-family:'Newsreader',Georgia,serif;font-weight:600;color:#14202b;font-size:clamp(19px,2.4vw,23px);margin:28px 0 10px}\n.va-news-wrap p{margin:0 0 18px}\n.va-news-dateline{font-family:'JetBrains Mono',monospace;font-size:12.5px;letter-spacing:.06em;text-transform:uppercase;color:#9a6a2f;margin:0 0 14px;display:flex;align-items:center;gap:10px}\n.va-news-dateline::before{content:\"\";width:26px;height:2px;background:#b07a32;display:inline-block}\n.va-news-lead{font-family:'Newsreader',Georgia,serif;font-size:clamp(20px,2.6vw,24px);line-height:1.45;color:#26333f;font-weight:500;margin:0 0 30px}\n.va-news-ess{background:#f7f4ee;border-left:5px solid #b07a32;border-radius:0 10px 10px 0;padding:22px 26px;margin:30px 0;box-shadow:0 12px 28px -18px rgba(28,24,16,.35)}\n.va-news-ess .va-news-esstitle{font-family:'JetBrains Mono',monospace;font-size:12px;letter-spacing:.1em;text-transform:uppercase;color:#9a6a2f;margin-bottom:14px}\n.va-news-esslist{list-style:none;margin:0;padding:0}\n.va-news-esslist li{position:relative;padding:7px 0 7px 24px;border-bottom:1px solid #e8e0d2;font-size:16px}\n.va-news-esslist li:last-child{border-bottom:none}\n.va-news-esslist li::before{content:\"\";position:absolute;left:2px;top:15px;width:8px;height:8px;border-radius:50%;background:#b07a32}\n.va-news-esslist li strong{color:#14202b;font-weight:600}\n.va-news-quote{font-family:'Newsreader',Georgia,serif;font-style:italic;font-size:clamp(21px,2.8vw,26px);line-height:1.4;color:#1c2a36;border-top:2px solid #e1d8c8;border-bottom:2px solid #e1d8c8;padding:26px 18px 26px 50px;margin:34px 0;position:relative}\n.va-news-quote::before{content:\"\u201c\";font-family:'Newsreader',Georgia,serif;position:absolute;left:6px;top:8px;font-size:64px;color:#cdb98f;line-height:1}\n.va-news-quote .va-news-cite{display:block;font-style:normal;font-family:'JetBrains Mono',monospace;font-size:12.5px;letter-spacing:.04em;text-transform:uppercase;color:#7a7165;margin-top:14px}\n.va-news-pts{list-style:none;margin:18px 0;padding:0}\n.va-news-pts li{position:relative;padding:8px 0 8px 28px;font-size:16.5px;border-bottom:1px solid #eee7da}\n.va-news-pts li:last-child{border-bottom:none}\n.va-news-pts li::before{content:\"\u2014\";position:absolute;left:0;top:8px;color:#b07a32;font-weight:600}\n.va-news-faq{margin:24px 0 8px}\n.va-news-faq details{border:1px solid #e6ddcd;border-radius:10px;margin-bottom:12px;background:#fff;transition:.25s ease;overflow:hidden}\n.va-news-faq details:hover{box-shadow:0 10px 24px -16px rgba(28,24,16,.4);transform:translateY(-2px)}\n.va-news-faq summary{cursor:pointer;list-style:none;padding:16px 20px;font-family:'Newsreader',Georgia,serif;font-weight:600;font-size:18px;color:#14202b;position:relative;padding-right:46px}\n.va-news-faq summary::-webkit-details-marker{display:none}\n.va-news-faq summary::after{content:\"+\";position:absolute;right:20px;top:14px;font-size:24px;color:#b07a32;font-weight:400;transition:.2s}\n.va-news-faq details[open] summary::after{content:\"\u2212\"}\n.va-news-faq .va-news-ans{padding:0 20px 18px;font-size:16px;color:#37424d}\n.va-news-disc{font-size:14px;color:#6c6256;background:#f6f3ec;border:1px dashed #d8ccb6;border-radius:8px;padding:14px 18px;margin:30px 0 0;font-style:italic}\n@media(max-width:640px){.va-news-quote{padding-left:38px}}\n<\/style>\n<div class=\"va-news-wrap\">\n<div class=\"va-news-dateline\">Chicago &middot; 26 mars 2025 &middot; Immigration<\/div>\n<p class=\"va-news-lead\">\u00c0 Chicago, des organisations de d\u00e9fense des immigrants se sont rassembl\u00e9es pour d\u00e9noncer un projet de loi, r\u00e9v\u00e9l\u00e9 par une fuite, qui interdirait l&rsquo;entr\u00e9e aux \u00c9tats-Unis aux ressortissants de 43 pays. R\u00e9unis lors d&rsquo;une conf\u00e9rence de presse, \u00e9lus associatifs et d\u00e9fenseurs des droits ont alert\u00e9 sur les cons\u00e9quences pour les r\u00e9fugi\u00e9s et les familles concern\u00e9es.<\/p>\n<div class=\"va-news-ess\">\n<div class=\"va-news-esstitle\">L&rsquo;essentiel<\/div>\n<ul class=\"va-news-esslist\">\n<li><strong>Quoi \u2014<\/strong> mobilisation contre un projet d&rsquo;interdiction de voyage visant 43 pays, d\u00e9nonc\u00e9 par les d\u00e9fenseurs des immigrants<\/li>\n<li><strong>O\u00f9 \/ quand \u2014<\/strong> conf\u00e9rence de presse \u00e0 Federal Plaza, Chicago, en mars 2025<\/li>\n<li><strong>Pourquoi \u00e7a compte \u2014<\/strong> le texte, encore au stade de projet, ferait peser un risque de s\u00e9paration des familles et de blocage des demandes d&rsquo;asile<\/li>\n<\/ul>\n<\/div>\n<h2>Une mobilisation en faveur des droits des immigrants<\/h2>\n<p>Ce projet, qui a fait l&rsquo;objet d&rsquo;une fuite, sugg\u00e8re d&rsquo;interdire l&rsquo;entr\u00e9e aux \u00c9tats-Unis \u00e0 des ressortissants de 43 pays, suscitant l&rsquo;indignation parmi diverses organisations. Ces groupes, comprenant des associations culturelles et des organisations de d\u00e9fense des droits, ont exprim\u00e9 leur d\u00e9termination \u00e0 prot\u00e9ger les immigrants et les r\u00e9fugi\u00e9s.<\/p>\n<p>Les participants \u00e0 cette conf\u00e9rence de presse ont brandi des pancartes proclamant des messages tels que \u00ab Gardons les familles ensemble \u00bb et \u00ab D\u00e9fendons les sanctuaires \u00bb. Selon les intervenants, ces slogans soulignaient l&rsquo;impact qu&rsquo;aurait, selon eux, une telle interdiction sur la vie d&rsquo;immigrants d\u00e9j\u00e0 vuln\u00e9rables. La proposition a \u00e9t\u00e9 d\u00e9crite par ces organisations comme une atteinte aux personnes cherchant refuge et s\u00e9curit\u00e9.<\/p>\n<h2>Des cons\u00e9quences redout\u00e9es pour les r\u00e9fugi\u00e9s<\/h2>\n<p>Le projet de loi, qui n&rsquo;est pas encore en vigueur, soul\u00e8ve des craintes quant \u00e0 la situation des r\u00e9fugi\u00e9s. Fasika Alem, directrice des programmes de l&rsquo;United African Organization, a d\u00e9clar\u00e9 : \u00ab Cette proposition bloquera les r\u00e9fugi\u00e9s et privera ceux fuyant des conflits ou des catastrophes naturelles de la possibilit\u00e9 de chercher refuge. \u00bb Selon elle, une telle mesure pourrait avoir des r\u00e9percussions sur des familles, contraintes de se s\u00e9parer lors d&rsquo;\u00e9v\u00e9nements importants.<\/p>\n<p>Les restrictions \u00e9voqu\u00e9es incluraient un gel total des voyages en provenance de pays tels que l&rsquo;Afghanistan, l&rsquo;Iran et la Syrie, ainsi que de nombreux autres pays d\u00e9j\u00e0 touch\u00e9s par des crises. D&rsquo;apr\u00e8s les organisations pr\u00e9sentes, des immigrants seraient d\u00e9j\u00e0 confront\u00e9s \u00e0 des arrestations et \u00e0 des proc\u00e9dures d&rsquo;expulsion, ce qui alimente l&rsquo;inqui\u00e9tude au sein des communaut\u00e9s de Chicago et d&rsquo;ailleurs.<\/p>\n<div class=\"va-news-quote\">\nCette proposition est irresponsable, cruelle et x\u00e9nophobe<br \/>\n<span class=\"va-news-cite\">Fasika Alem, United African Organization<\/span>\n<\/div>\n<h2>L&rsquo;escalade des attaques contre les communaut\u00e9s immigrantes<\/h2>\n<p>Plusieurs incidents r\u00e9cents ont \u00e9t\u00e9 cit\u00e9s pour illustrer la mont\u00e9e des tensions. Un cas a notamment \u00e9t\u00e9 rapport\u00e9 : une famille palestinienne aurait \u00e9t\u00e9 s\u00e9par\u00e9e \u00e0 l&rsquo;a\u00e9roport O&rsquo;Hare, l&rsquo;un de ses membres ayant \u00e9t\u00e9 renvoy\u00e9 vers la Pologne malgr\u00e9 un visa valide. Muhammad Sankari, organisateur, a fait part de ses pr\u00e9occupations face \u00e0 la fr\u00e9quence croissante de telles proc\u00e9dures, qu&rsquo;il d\u00e9crit comme des attaques visant les communaut\u00e9s.<\/p>\n<p>\u00ab Nous comprenons cela comme faisant partie d&rsquo;une attaque plus large contre les communaut\u00e9s immigrantes \u00bb, a d\u00e9clar\u00e9 Sankari. Les d\u00e9fenseurs des droits des immigrants redoutent que ces mesures n&rsquo;annoncent une s\u00e9rie de restrictions suppl\u00e9mentaires affectant des populations d\u00e9j\u00e0 fragilis\u00e9es.<\/p>\n<h3>Les points soulev\u00e9s par les organisations<\/h3>\n<ul class=\"va-news-pts\">\n<li>Mobilisation des d\u00e9fenseurs des droits des immigrants \u00e0 Federal Plaza<\/li>\n<li>Proposition de restriction de voyage touchant 43 pays<\/li>\n<li>Crainte d&rsquo;un impact sur les familles s\u00e9par\u00e9es lors d&rsquo;\u00e9v\u00e9nements importants<\/li>\n<li>Inqui\u00e9tude face aux proc\u00e9dures d&rsquo;expulsion et aux tensions visant les immigrants<\/li>\n<li>Appels \u00e0 se mobiliser pour prot\u00e9ger les r\u00e9fugi\u00e9s et les immigrants<\/li>\n<\/ul>\n<h2>Ce que disent les d\u00e9fenseurs<\/h2>\n<p>Les organisations r\u00e9unies \u00e0 Chicago indiquent vouloir continuer \u00e0 se faire entendre face \u00e0 ce projet. Elles rappellent que chaque personne concern\u00e9e par ces politiques m\u00e9rite, selon elles, d&rsquo;\u00eatre prot\u00e9g\u00e9e. Dans un contexte qu&rsquo;elles jugent d\u00e9j\u00e0 tendu, le soutien \u00e0 ces communaut\u00e9s est pr\u00e9sent\u00e9 comme une priorit\u00e9.<\/p>\n<div class=\"va-news-faq\">\n<h2>Questions fr\u00e9quentes<\/h2>\n<details>\n<summary>Combien de pays seraient concern\u00e9s par le projet de loi ?<\/summary>\n<div class=\"va-news-ans\">Selon les \u00e9l\u00e9ments r\u00e9v\u00e9l\u00e9s par la fuite et \u00e9voqu\u00e9s lors de la conf\u00e9rence de presse, le projet viserait les ressortissants de 43 pays, dont l&rsquo;Afghanistan, l&rsquo;Iran et la Syrie.<\/div>\n<\/details>\n<details>\n<summary>Le projet de loi \u00e9tait-il en vigueur en mars 2025 ?<\/summary>\n<div class=\"va-news-ans\">Non. Au moment de la mobilisation, le texte \u00e9tait pr\u00e9sent\u00e9 comme un projet n&rsquo;\u00e9tant pas encore entr\u00e9 en vigueur. Les organisations s&rsquo;exprimaient sur une proposition r\u00e9v\u00e9l\u00e9e par une fuite, et non sur une mesure appliqu\u00e9e.<\/div>\n<\/details>\n<details>\n<summary>Qui s&rsquo;est mobilis\u00e9 \u00e0 Chicago ?<\/summary>\n<div class=\"va-news-ans\">Des associations culturelles et des organisations de d\u00e9fense des droits, dont l&rsquo;United African Organization, se sont r\u00e9unies \u00e0 Federal Plaza, aux c\u00f4t\u00e9s d&rsquo;organisateurs comme Muhammad Sankari.<\/div>\n<\/details>\n<\/div>\n<div class=\"va-news-disc\">Cet article rend compte de d\u00e9clarations faites lors d&rsquo;une conf\u00e9rence de presse en mars 2025 et refl\u00e8te les positions exprim\u00e9es par les organisations cit\u00e9es. Il est informatif et ne constitue pas un avis juridique : pour toute situation individuelle relative \u00e0 l&rsquo;immigration ou \u00e0 l&rsquo;asile, il convient de consulter un professionnel du droit ou une organisation habilit\u00e9e.<\/div>\n<\/div>\n","protected":false},"excerpt":{"rendered":"","protected":false},"author":34,"featured_media":20729,"comment_status":"open","ping_status":"open","sticky":false,"template":"","format":"standard","meta":{"_acf_changed":false,"manual_indexmenow":false,"indexmenow_id_project":0,"footnotes":""},"categories":[1],"tags":[6287,6288,3878,5688,3170],"class_list":["post-16533","post","type-post","status-publish","format-standard","has-post-thumbnail","hentry","category-a-la-une","tag-defense-des-droits","tag-immigrants","tag-protection","tag-relations-internationales","tag-securite","generate-columns","tablet-grid-50","mobile-grid-100","grid-parent","grid-25"],"acf":[],"yoast_head":"<!-- This site is optimized with the Yoast SEO Premium plugin v21.3 (Yoast SEO v25.1) - https:\/\/yoast.com\/wordpress\/plugins\/seo\/ -->\n<title>les d\u00e9fenseurs des immigrants de chicago d\u00e9noncent le<\/title>\n<meta name=\"description\" content=\"\u00c0 Chicago, des organisations de d\u00e9fense des immigrants se sont rassembl\u00e9es pour d\u00e9noncer un projet de loi, r\u00e9v\u00e9l\u00e9 par une fuite, qui interdirait l&#039;entr\u00e9e\" \/>\n<meta name=\"robots\" content=\"index, follow, max-snippet:-1, max-image-preview:large, max-video-preview:-1\" \/>\n<link rel=\"canonical\" href=\"https:\/\/voyage-aventure.com\/blog\/a-la-une\/les-defenseurs-des-immigrants-de-chicago-denoncent-le-projet-de-loi-sur-linterdiction-de-voyager\/\" \/>\n<meta property=\"og:locale\" content=\"fr_FR\" \/>\n<meta property=\"og:type\" content=\"article\" \/>\n<meta property=\"og:title\" content=\"les d\u00e9fenseurs des immigrants de chicago d\u00e9noncent le\" \/>\n<meta property=\"og:description\" content=\"\u00c0 Chicago, des organisations de d\u00e9fense des immigrants se sont rassembl\u00e9es pour d\u00e9noncer un projet de loi, r\u00e9v\u00e9l\u00e9 par une fuite, qui interdirait l&#039;entr\u00e9e\" \/>\n<meta property=\"og:url\" content=\"https:\/\/voyage-aventure.com\/blog\/a-la-une\/les-defenseurs-des-immigrants-de-chicago-denoncent-le-projet-de-loi-sur-linterdiction-de-voyager\/\" \/>\n<meta property=\"og:site_name\" content=\"voyage-aventure\" \/>\n<meta property=\"og:image\" content=\"https:\/\/voyage-aventure.com\/blog\/wp-content\/uploads\/2025\/05\/sdxl-5d6de79a7342721f29441e08035a4e8e-scaled.png\" \/>\n\t<meta property=\"og:image:width\" content=\"1200\" \/>\n\t<meta property=\"og:image:height\" content=\"500\" \/>\n\t<meta property=\"og:image:type\" content=\"image\/png\" \/>\n<meta name=\"author\" content=\"Camille Rouvray\" \/>\n<meta name=\"twitter:card\" content=\"summary_large_image\" \/>\n<script type=\"application\/ld+json\" class=\"yoast-schema-graph\">{\"@context\":\"https:\/\/schema.org\",\"@graph\":[{\"@type\":\"NewsArticle\",\"@id\":\"https:\/\/voyage-aventure.com\/blog\/a-la-une\/les-defenseurs-des-immigrants-de-chicago-denoncent-le-projet-de-loi-sur-linterdiction-de-voyager\/#article\",\"isPartOf\":{\"@id\":\"https:\/\/voyage-aventure.com\/blog\/a-la-une\/les-defenseurs-des-immigrants-de-chicago-denoncent-le-projet-de-loi-sur-linterdiction-de-voyager\/\"},\"author\":{\"name\":\"Camille Rouvray\",\"@id\":\"https:\/\/voyage-aventure.com\/blog\/#\/schema\/person\/3c864cdc320801e3db34b663e7e3f816\"},\"headline\":\"les d\u00e9fenseurs des immigrants de chicago d\u00e9noncent le projet de loi sur l&rsquo;interdiction de voyager\",\"datePublished\":\"2026-06-16T15:37:11+00:00\",\"mainEntityOfPage\":{\"@id\":\"https:\/\/voyage-aventure.com\/blog\/a-la-une\/les-defenseurs-des-immigrants-de-chicago-denoncent-le-projet-de-loi-sur-linterdiction-de-voyager\/\"},\"wordCount\":919,\"commentCount\":26,\"publisher\":{\"@id\":\"https:\/\/voyage-aventure.com\/blog\/#organization\"},\"image\":{\"@id\":\"https:\/\/voyage-aventure.com\/blog\/a-la-une\/les-defenseurs-des-immigrants-de-chicago-denoncent-le-projet-de-loi-sur-linterdiction-de-voyager\/#primaryimage\"},\"thumbnailUrl\":\"https:\/\/voyage-aventure.com\/blog\/wp-content\/uploads\/2025\/05\/sdxl-5d6de79a7342721f29441e08035a4e8e-scaled.png\",\"keywords\":[\"D\u00e9fense des Droits\",\"Immigrants\",\"Protection\",\"Relations Internationales\",\"S\u00e9curit\u00e9\"],\"articleSection\":[\"\u00c0 la une\"],\"inLanguage\":\"fr-FR\",\"potentialAction\":[{\"@type\":\"CommentAction\",\"name\":\"Comment\",\"target\":[\"https:\/\/voyage-aventure.com\/blog\/a-la-une\/les-defenseurs-des-immigrants-de-chicago-denoncent-le-projet-de-loi-sur-linterdiction-de-voyager\/#respond\"]}]},{\"@type\":\"WebPage\",\"@id\":\"https:\/\/voyage-aventure.com\/blog\/a-la-une\/les-defenseurs-des-immigrants-de-chicago-denoncent-le-projet-de-loi-sur-linterdiction-de-voyager\/\",\"url\":\"https:\/\/voyage-aventure.com\/blog\/a-la-une\/les-defenseurs-des-immigrants-de-chicago-denoncent-le-projet-de-loi-sur-linterdiction-de-voyager\/\",\"name\":\"les d\u00e9fenseurs des immigrants de chicago d\u00e9noncent le\",\"isPartOf\":{\"@id\":\"https:\/\/voyage-aventure.com\/blog\/#website\"},\"primaryImageOfPage\":{\"@id\":\"https:\/\/voyage-aventure.com\/blog\/a-la-une\/les-defenseurs-des-immigrants-de-chicago-denoncent-le-projet-de-loi-sur-linterdiction-de-voyager\/#primaryimage\"},\"image\":{\"@id\":\"https:\/\/voyage-aventure.com\/blog\/a-la-une\/les-defenseurs-des-immigrants-de-chicago-denoncent-le-projet-de-loi-sur-linterdiction-de-voyager\/#primaryimage\"},\"thumbnailUrl\":\"https:\/\/voyage-aventure.com\/blog\/wp-content\/uploads\/2025\/05\/sdxl-5d6de79a7342721f29441e08035a4e8e-scaled.png\",\"datePublished\":\"2026-06-16T15:37:11+00:00\",\"description\":\"\u00c0 Chicago, des organisations de d\u00e9fense des immigrants se sont rassembl\u00e9es pour d\u00e9noncer un projet de loi, r\u00e9v\u00e9l\u00e9 par une fuite, qui interdirait l'entr\u00e9e\",\"inLanguage\":\"fr-FR\",\"potentialAction\":[{\"@type\":\"ReadAction\",\"target\":[\"https:\/\/voyage-aventure.com\/blog\/a-la-une\/les-defenseurs-des-immigrants-de-chicago-denoncent-le-projet-de-loi-sur-linterdiction-de-voyager\/\"]}]},{\"@type\":\"ImageObject\",\"inLanguage\":\"fr-FR\",\"@id\":\"https:\/\/voyage-aventure.com\/blog\/a-la-une\/les-defenseurs-des-immigrants-de-chicago-denoncent-le-projet-de-loi-sur-linterdiction-de-voyager\/#primaryimage\",\"url\":\"https:\/\/voyage-aventure.com\/blog\/wp-content\/uploads\/2025\/05\/sdxl-5d6de79a7342721f29441e08035a4e8e-scaled.png\",\"contentUrl\":\"https:\/\/voyage-aventure.com\/blog\/wp-content\/uploads\/2025\/05\/sdxl-5d6de79a7342721f29441e08035a4e8e-scaled.png\",\"width\":1200,\"height\":500},{\"@type\":\"WebSite\",\"@id\":\"https:\/\/voyage-aventure.com\/blog\/#website\",\"url\":\"https:\/\/voyage-aventure.com\/blog\/\",\"name\":\"voyage-aventure.com\",\"description\":\"Votre passeport pour l\u2019inattendu.\",\"publisher\":{\"@id\":\"https:\/\/voyage-aventure.com\/blog\/#organization\"},\"alternateName\":\"Votre passeport pour l\u2019inattendu.\",\"potentialAction\":[{\"@type\":\"SearchAction\",\"target\":{\"@type\":\"EntryPoint\",\"urlTemplate\":\"https:\/\/voyage-aventure.com\/blog\/?s={search_term_string}\"},\"query-input\":{\"@type\":\"PropertyValueSpecification\",\"valueRequired\":true,\"valueName\":\"search_term_string\"}}],\"inLanguage\":\"fr-FR\"},{\"@type\":\"Organization\",\"@id\":\"https:\/\/voyage-aventure.com\/blog\/#organization\",\"name\":\"Foretsensations.fr\",\"url\":\"https:\/\/voyage-aventure.com\/blog\/\",\"logo\":{\"@type\":\"ImageObject\",\"inLanguage\":\"fr-FR\",\"@id\":\"https:\/\/voyage-aventure.com\/blog\/#\/schema\/logo\/image\/\",\"url\":\"https:\/\/voyage-aventure.com\/blog\/wp-content\/uploads\/2024\/12\/19.png\",\"contentUrl\":\"https:\/\/voyage-aventure.com\/blog\/wp-content\/uploads\/2024\/12\/19.png\",\"width\":512,\"height\":512,\"caption\":\"Foretsensations.fr\"},\"image\":{\"@id\":\"https:\/\/voyage-aventure.com\/blog\/#\/schema\/logo\/image\/\"}},{\"@type\":\"Person\",\"@id\":\"https:\/\/voyage-aventure.com\/blog\/#\/schema\/person\/3c864cdc320801e3db34b663e7e3f816\",\"name\":\"Camille Rouvray\",\"image\":{\"@type\":\"ImageObject\",\"inLanguage\":\"fr-FR\",\"@id\":\"https:\/\/voyage-aventure.com\/blog\/#\/schema\/person\/image\/\",\"url\":\"https:\/\/voyage-aventure.com\/blog\/wp-content\/uploads\/2026\/06\/persona_camille-r-96x96.jpg\",\"contentUrl\":\"https:\/\/voyage-aventure.com\/blog\/wp-content\/uploads\/2026\/06\/persona_camille-r-96x96.jpg\",\"caption\":\"Camille Rouvray\"},\"description\":\"Je voyage et j'\u00e9cris sur le voyage depuis une douzaine d'ann\u00e9es, d'abord en tant que routarde au long cours, puis comme r\u00e9dactrice sp\u00e9cialis\u00e9e. Mon terrain de pr\u00e9dilection, ce sont les circuits organis\u00e9s et l'art de bien pr\u00e9parer un itin\u00e9raire : choix de la saison, dur\u00e9e r\u00e9aliste des \u00e9tapes, budget jour par jour, logement et transport sur place. J'aime aussi raconter les p\u00e9pites urbaines, ces adresses qu'on ne trouve pas dans les guides classiques. Avant de publier un dossier destination, je croise toujours plusieurs sources, je v\u00e9rifie les tarifs et les formalit\u00e9s d'entr\u00e9e \u00e0 jour, et je teste moi-m\u00eame quand je le peux. Mon angle reste pratique avant tout : aider le lecteur \u00e0 partir l'esprit tranquille, sans mauvaise surprise une fois sur place. Je m'attache \u00e0 distinguer le coup de c\u0153ur sinc\u00e8re du simple argument marketing.\",\"sameAs\":[\"https:\/\/camillerouvray.fr\/\"],\"url\":\"https:\/\/voyage-aventure.com\/blog\/auteur\/noname\/\"}]}<\/script>\n<!-- \/ Yoast SEO Premium plugin. -->","yoast_head_json":{"title":"les d\u00e9fenseurs des immigrants de chicago d\u00e9noncent le","description":"\u00c0 Chicago, des organisations de d\u00e9fense des immigrants se sont rassembl\u00e9es pour d\u00e9noncer un projet de loi, r\u00e9v\u00e9l\u00e9 par une fuite, qui interdirait l'entr\u00e9e","robots":{"index":"index","follow":"follow","max-snippet":"max-snippet:-1","max-image-preview":"max-image-preview:large","max-video-preview":"max-video-preview:-1"},"canonical":"https:\/\/voyage-aventure.com\/blog\/a-la-une\/les-defenseurs-des-immigrants-de-chicago-denoncent-le-projet-de-loi-sur-linterdiction-de-voyager\/","og_locale":"fr_FR","og_type":"article","og_title":"les d\u00e9fenseurs des immigrants de chicago d\u00e9noncent le","og_description":"\u00c0 Chicago, des organisations de d\u00e9fense des immigrants se sont rassembl\u00e9es pour d\u00e9noncer un projet de loi, r\u00e9v\u00e9l\u00e9 par une fuite, qui interdirait l'entr\u00e9e","og_url":"https:\/\/voyage-aventure.com\/blog\/a-la-une\/les-defenseurs-des-immigrants-de-chicago-denoncent-le-projet-de-loi-sur-linterdiction-de-voyager\/","og_site_name":"voyage-aventure","og_image":[{"width":1200,"height":500,"url":"https:\/\/voyage-aventure.com\/blog\/wp-content\/uploads\/2025\/05\/sdxl-5d6de79a7342721f29441e08035a4e8e-scaled.png","type":"image\/png"}],"author":"Camille Rouvray","twitter_card":"summary_large_image","schema":{"@context":"https:\/\/schema.org","@graph":[{"@type":"NewsArticle","@id":"https:\/\/voyage-aventure.com\/blog\/a-la-une\/les-defenseurs-des-immigrants-de-chicago-denoncent-le-projet-de-loi-sur-linterdiction-de-voyager\/#article","isPartOf":{"@id":"https:\/\/voyage-aventure.com\/blog\/a-la-une\/les-defenseurs-des-immigrants-de-chicago-denoncent-le-projet-de-loi-sur-linterdiction-de-voyager\/"},"author":{"name":"Camille Rouvray","@id":"https:\/\/voyage-aventure.com\/blog\/#\/schema\/person\/3c864cdc320801e3db34b663e7e3f816"},"headline":"les d\u00e9fenseurs des immigrants de chicago d\u00e9noncent le projet de loi sur l&rsquo;interdiction de voyager","datePublished":"2026-06-16T15:37:11+00:00","mainEntityOfPage":{"@id":"https:\/\/voyage-aventure.com\/blog\/a-la-une\/les-defenseurs-des-immigrants-de-chicago-denoncent-le-projet-de-loi-sur-linterdiction-de-voyager\/"},"wordCount":919,"commentCount":26,"publisher":{"@id":"https:\/\/voyage-aventure.com\/blog\/#organization"},"image":{"@id":"https:\/\/voyage-aventure.com\/blog\/a-la-une\/les-defenseurs-des-immigrants-de-chicago-denoncent-le-projet-de-loi-sur-linterdiction-de-voyager\/#primaryimage"},"thumbnailUrl":"https:\/\/voyage-aventure.com\/blog\/wp-content\/uploads\/2025\/05\/sdxl-5d6de79a7342721f29441e08035a4e8e-scaled.png","keywords":["D\u00e9fense des Droits","Immigrants","Protection","Relations Internationales","S\u00e9curit\u00e9"],"articleSection":["\u00c0 la une"],"inLanguage":"fr-FR","potentialAction":[{"@type":"CommentAction","name":"Comment","target":["https:\/\/voyage-aventure.com\/blog\/a-la-une\/les-defenseurs-des-immigrants-de-chicago-denoncent-le-projet-de-loi-sur-linterdiction-de-voyager\/#respond"]}]},{"@type":"WebPage","@id":"https:\/\/voyage-aventure.com\/blog\/a-la-une\/les-defenseurs-des-immigrants-de-chicago-denoncent-le-projet-de-loi-sur-linterdiction-de-voyager\/","url":"https:\/\/voyage-aventure.com\/blog\/a-la-une\/les-defenseurs-des-immigrants-de-chicago-denoncent-le-projet-de-loi-sur-linterdiction-de-voyager\/","name":"les d\u00e9fenseurs des immigrants de chicago d\u00e9noncent le","isPartOf":{"@id":"https:\/\/voyage-aventure.com\/blog\/#website"},"primaryImageOfPage":{"@id":"https:\/\/voyage-aventure.com\/blog\/a-la-une\/les-defenseurs-des-immigrants-de-chicago-denoncent-le-projet-de-loi-sur-linterdiction-de-voyager\/#primaryimage"},"image":{"@id":"https:\/\/voyage-aventure.com\/blog\/a-la-une\/les-defenseurs-des-immigrants-de-chicago-denoncent-le-projet-de-loi-sur-linterdiction-de-voyager\/#primaryimage"},"thumbnailUrl":"https:\/\/voyage-aventure.com\/blog\/wp-content\/uploads\/2025\/05\/sdxl-5d6de79a7342721f29441e08035a4e8e-scaled.png","datePublished":"2026-06-16T15:37:11+00:00","description":"\u00c0 Chicago, des organisations de d\u00e9fense des immigrants se sont rassembl\u00e9es pour d\u00e9noncer un projet de loi, r\u00e9v\u00e9l\u00e9 par une fuite, qui interdirait l'entr\u00e9e","inLanguage":"fr-FR","potentialAction":[{"@type":"ReadAction","target":["https:\/\/voyage-aventure.com\/blog\/a-la-une\/les-defenseurs-des-immigrants-de-chicago-denoncent-le-projet-de-loi-sur-linterdiction-de-voyager\/"]}]},{"@type":"ImageObject","inLanguage":"fr-FR","@id":"https:\/\/voyage-aventure.com\/blog\/a-la-une\/les-defenseurs-des-immigrants-de-chicago-denoncent-le-projet-de-loi-sur-linterdiction-de-voyager\/#primaryimage","url":"https:\/\/voyage-aventure.com\/blog\/wp-content\/uploads\/2025\/05\/sdxl-5d6de79a7342721f29441e08035a4e8e-scaled.png","contentUrl":"https:\/\/voyage-aventure.com\/blog\/wp-content\/uploads\/2025\/05\/sdxl-5d6de79a7342721f29441e08035a4e8e-scaled.png","width":1200,"height":500},{"@type":"WebSite","@id":"https:\/\/voyage-aventure.com\/blog\/#website","url":"https:\/\/voyage-aventure.com\/blog\/","name":"voyage-aventure.com","description":"Votre passeport pour l\u2019inattendu.","publisher":{"@id":"https:\/\/voyage-aventure.com\/blog\/#organization"},"alternateName":"Votre passeport pour l\u2019inattendu.","potentialAction":[{"@type":"SearchAction","target":{"@type":"EntryPoint","urlTemplate":"https:\/\/voyage-aventure.com\/blog\/?s={search_term_string}"},"query-input":{"@type":"PropertyValueSpecification","valueRequired":true,"valueName":"search_term_string"}}],"inLanguage":"fr-FR"},{"@type":"Organization","@id":"https:\/\/voyage-aventure.com\/blog\/#organization","name":"Foretsensations.fr","url":"https:\/\/voyage-aventure.com\/blog\/","logo":{"@type":"ImageObject","inLanguage":"fr-FR","@id":"https:\/\/voyage-aventure.com\/blog\/#\/schema\/logo\/image\/","url":"https:\/\/voyage-aventure.com\/blog\/wp-content\/uploads\/2024\/12\/19.png","contentUrl":"https:\/\/voyage-aventure.com\/blog\/wp-content\/uploads\/2024\/12\/19.png","width":512,"height":512,"caption":"Foretsensations.fr"},"image":{"@id":"https:\/\/voyage-aventure.com\/blog\/#\/schema\/logo\/image\/"}},{"@type":"Person","@id":"https:\/\/voyage-aventure.com\/blog\/#\/schema\/person\/3c864cdc320801e3db34b663e7e3f816","name":"Camille Rouvray","image":{"@type":"ImageObject","inLanguage":"fr-FR","@id":"https:\/\/voyage-aventure.com\/blog\/#\/schema\/person\/image\/","url":"https:\/\/voyage-aventure.com\/blog\/wp-content\/uploads\/2026\/06\/persona_camille-r-96x96.jpg","contentUrl":"https:\/\/voyage-aventure.com\/blog\/wp-content\/uploads\/2026\/06\/persona_camille-r-96x96.jpg","caption":"Camille Rouvray"},"description":"Je voyage et j'\u00e9cris sur le voyage depuis une douzaine d'ann\u00e9es, d'abord en tant que routarde au long cours, puis comme r\u00e9dactrice sp\u00e9cialis\u00e9e. Mon terrain de pr\u00e9dilection, ce sont les circuits organis\u00e9s et l'art de bien pr\u00e9parer un itin\u00e9raire : choix de la saison, dur\u00e9e r\u00e9aliste des \u00e9tapes, budget jour par jour, logement et transport sur place. J'aime aussi raconter les p\u00e9pites urbaines, ces adresses qu'on ne trouve pas dans les guides classiques. Avant de publier un dossier destination, je croise toujours plusieurs sources, je v\u00e9rifie les tarifs et les formalit\u00e9s d'entr\u00e9e \u00e0 jour, et je teste moi-m\u00eame quand je le peux. Mon angle reste pratique avant tout : aider le lecteur \u00e0 partir l'esprit tranquille, sans mauvaise surprise une fois sur place. Je m'attache \u00e0 distinguer le coup de c\u0153ur sinc\u00e8re du simple argument marketing.","sameAs":["https:\/\/camillerouvray.fr\/"],"url":"https:\/\/voyage-aventure.com\/blog\/auteur\/noname\/"}]}},"_links":{"self":[{"href":"https:\/\/voyage-aventure.com\/blog\/wp-json\/wp\/v2\/posts\/16533","targetHints":{"allow":["GET"]}}],"collection":[{"href":"https:\/\/voyage-aventure.com\/blog\/wp-json\/wp\/v2\/posts"}],"about":[{"href":"https:\/\/voyage-aventure.com\/blog\/wp-json\/wp\/v2\/types\/post"}],"author":[{"embeddable":true,"href":"https:\/\/voyage-aventure.com\/blog\/wp-json\/wp\/v2\/users\/34"}],"replies":[{"embeddable":true,"href":"https:\/\/voyage-aventure.com\/blog\/wp-json\/wp\/v2\/comments?post=16533"}],"version-history":[{"count":3,"href":"https:\/\/voyage-aventure.com\/blog\/wp-json\/wp\/v2\/posts\/16533\/revisions"}],"predecessor-version":[{"id":22949,"href":"https:\/\/voyage-aventure.com\/blog\/wp-json\/wp\/v2\/posts\/16533\/revisions\/22949"}],"wp:featuredmedia":[{"embeddable":true,"href":"https:\/\/voyage-aventure.com\/blog\/wp-json\/wp\/v2\/media\/20729"}],"wp:attachment":[{"href":"https:\/\/voyage-aventure.com\/blog\/wp-json\/wp\/v2\/media?parent=16533"}],"wp:term":[{"taxonomy":"category","embeddable":true,"href":"https:\/\/voyage-aventure.com\/blog\/wp-json\/wp\/v2\/categories?post=16533"},{"taxonomy":"post_tag","embeddable":true,"href":"https:\/\/voyage-aventure.com\/blog\/wp-json\/wp\/v2\/tags?post=16533"}],"curies":[{"name":"wp","href":"https:\/\/api.w.org\/{rel}","templated":true}]}}