{"id":16517,"date":"2026-06-16T17:36:13","date_gmt":"2026-06-16T15:36:13","guid":{"rendered":"https:\/\/voyage-aventure.com\/blog\/?p=16517"},"modified":"2026-06-16T17:36:13","modified_gmt":"2026-06-16T15:36:13","slug":"decouvrez-pula-en-croatie-en-2025-un-voyage-inoubliable-entre-histoire-et-nature","status":"publish","type":"post","link":"https:\/\/voyage-aventure.com\/blog\/a-la-une\/decouvrez-pula-en-croatie-en-2025-un-voyage-inoubliable-entre-histoire-et-nature\/","title":{"rendered":"D\u00e9couvrez Pula en Croatie en 2025 : un voyage inoubliable entre histoire et nature"},"content":{"rendered":"<link rel=\"stylesheet\" href=\"https:\/\/fonts.googleapis.com\/css2?family=Fraunces:opsz,wght@9..144,500;9..144,600;9..144,700;9..144,900&#038;family=Inter:wght@400;500;600;700&#038;family=JetBrains+Mono:wght@500&#038;display=swap\">\n<style>\n.va-pula-wrap{font-family:'Inter',-apple-system,BlinkMacSystemFont,'Segoe UI',sans-serif;color:#1A2430;line-height:1.7;font-size:17px;}\n.va-pula-wrap h2{font-family:'Fraunces','Georgia',serif;font-weight:700;font-size:clamp(25px,3.4vw,35px);letter-spacing:-0.015em;color:#0C1A26;line-height:1.18;margin:52px 0 18px;}\n.va-pula-wrap h3{font-family:'Fraunces','Georgia',serif;font-weight:600;font-size:19px;color:#0C1A26;margin:0 0 6px;letter-spacing:-0.01em;}\n.va-pula-wrap p{margin:0 0 18px;}\n.va-pula-kicker{font-family:'JetBrains Mono',monospace;font-size:11.5px;font-weight:500;text-transform:uppercase;letter-spacing:2.6px;color:#0369A1;display:block;margin-bottom:10px;}\n.va-pula-lead{font-family:'Fraunces','Georgia',serif;font-size:21px;line-height:1.55;font-weight:500;color:#243240;margin:6px 0 30px;letter-spacing:-0.005em;}\n.va-pula-carnet{background:#F1F7FB;border:1px solid #D4E7F2;border-left:5px solid #0369A1;border-radius:10px;padding:24px 26px 26px;margin:30px 0;}\n.va-pula-carnet-h{font-family:'JetBrains Mono',monospace;font-size:11.5px;font-weight:500;text-transform:uppercase;letter-spacing:2.4px;color:#0369A1;margin-bottom:18px;}\n.va-pula-grid{display:grid;grid-template-columns:repeat(auto-fit,minmax(210px,1fr));gap:12px;}\n.va-pula-cell{background:#fff;border:1px solid #DCEAF3;border-radius:8px;padding:14px 16px;}\n.va-pula-cell-l{font-family:'JetBrains Mono',monospace;font-size:10.5px;text-transform:uppercase;letter-spacing:1.4px;color:#5A7185;margin-bottom:5px;}\n.va-pula-cell-v{font-size:14.5px;line-height:1.5;color:#1A2430;font-weight:500;}\n.va-pula-cards{display:grid;grid-template-columns:repeat(auto-fit,minmax(238px,1fr));gap:16px;margin:26px 0;}\n.va-pula-card{background:#fff;border:1px solid #E2EAF0;border-top:3px solid #0369A1;border-radius:9px;padding:20px 20px 18px;box-shadow:0 1px 2px rgba(12,26,38,.05),0 14px 30px -20px rgba(12,26,38,.22);transition:transform .25s ease,box-shadow .25s ease;}\n.va-pula-card:hover{transform:translateY(-3px);box-shadow:0 4px 10px rgba(12,26,38,.08),0 22px 40px -22px rgba(3,105,161,.4);}\n.va-pula-card-n{font-family:'JetBrains Mono',monospace;font-size:12px;font-weight:500;color:#0369A1;display:block;margin-bottom:9px;letter-spacing:1px;}\n.va-pula-card-txt{font-size:14px;line-height:1.6;color:#43525F;}\n.va-pula-card-tip{margin-top:10px;font-size:12.5px;line-height:1.5;color:#0369A1;font-weight:500;border-top:1px dashed #CFE2EE;padding-top:9px;}\n.va-pula-table-wrap{margin:28px 0;overflow-x:auto;border:1px solid #E2EAF0;border-radius:9px;}\n.va-pula-table{width:100%;border-collapse:collapse;font-size:14px;min-width:460px;}\n.va-pula-table thead tr{background:#0C1A26;color:#fff;}\n.va-pula-table th{text-align:left;padding:13px 16px;font-family:'JetBrains Mono',monospace;font-size:10.5px;font-weight:500;text-transform:uppercase;letter-spacing:1.4px;}\n.va-pula-table td{padding:12px 16px;color:#374551;line-height:1.5;}\n.va-pula-table tbody tr{border-bottom:1px solid #EDF2F6;}\n.va-pula-table tbody tr:nth-child(even){background:#F7FAFC;}\n.va-pula-table td:first-child{font-weight:600;color:#0C1A26;}\n.va-pula-quote{margin:38px auto;padding:26px 24px;text-align:center;border-top:1px solid #0C1A26;border-bottom:1px solid #0C1A26;max-width:660px;position:relative;}\n.va-pula-quote span[aria-hidden]{position:absolute;top:-22px;left:50%;transform:translateX(-50%);background:#fff;padding:0 14px;font-family:'Fraunces',serif;font-size:50px;line-height:1;color:#0369A1;}\n.va-pula-quote-t{font-family:'Fraunces','Georgia',serif;font-size:23px;line-height:1.45;font-style:italic;font-weight:500;color:#0C1A26;letter-spacing:-0.005em;}\n.va-pula-check{display:grid;grid-template-columns:repeat(auto-fit,minmax(258px,1fr));gap:16px;margin:26px 0;}\n.va-pula-col{background:#FAFCFD;border:1px solid #E2EAF0;border-radius:8px;padding:20px 22px;}\n.va-pula-col.do{border-top:4px solid #0369A1;}\n.va-pula-col.dont{border-top:4px solid #B4543A;}\n.va-pula-col h3{font-family:'JetBrains Mono',monospace;font-size:12px;font-weight:500;text-transform:uppercase;letter-spacing:1.8px;margin:0 0 12px;}\n.va-pula-col.do h3{color:#0369A1;}\n.va-pula-col.dont h3{color:#9C4329;}\n.va-pula-col ul{margin:0;padding:0;list-style:none;}\n.va-pula-col li{display:flex;gap:10px;align-items:flex-start;padding:7px 0;font-size:14px;line-height:1.5;color:#2A3742;border-bottom:1px solid #EDF2F6;}\n.va-pula-col li:last-child{border-bottom:none;}\n.va-pula-col li span{flex:0 0 14px;font-weight:700;}\n.va-pula-col.do li span{color:#0369A1;}\n.va-pula-col.dont li span{color:#B4543A;}\n.va-pula-retenir{background:#0C1A26;border-radius:11px;padding:26px 28px 28px;margin:34px 0;}\n.va-pula-retenir-h{font-family:'JetBrains Mono',monospace;font-size:11.5px;font-weight:500;text-transform:uppercase;letter-spacing:2.4px;color:#5FB3E0;margin-bottom:16px;}\n.va-pula-retenir ul{margin:0;padding:0;list-style:none;display:grid;gap:10px;}\n.va-pula-retenir li{display:flex;gap:12px;align-items:flex-start;color:#E4EDF3;font-size:14.5px;line-height:1.55;}\n.va-pula-retenir li span{flex:0 0 7px;height:7px;width:7px;border-radius:50%;background:#0369A1;margin-top:8px;box-shadow:0 0 0 3px rgba(3,105,161,.25);}\n.va-pula-faq{margin:34px 0;}\n.va-pula-faq h2{margin-bottom:8px;}\n.va-pula-faq-list{border-top:1px solid #DCE6ED;}\n.va-pula-faq details{border-bottom:1px solid #DCE6ED;}\n.va-pula-faq summary{cursor:pointer;padding:16px 0;font-family:'Fraunces','Georgia',serif;font-size:17.5px;font-weight:600;color:#0C1A26;list-style:none;display:flex;justify-content:space-between;align-items:center;gap:14px;}\n.va-pula-faq summary::-webkit-details-marker{display:none;}\n.va-pula-faq summary span{font-family:'Inter',sans-serif;font-size:24px;font-weight:300;color:#0369A1;line-height:1;flex:0 0 auto;}\n.va-pula-faq-a{padding:0 0 17px;font-size:15px;line-height:1.7;color:#43525F;}\n.va-pula-embed{margin:30px 0;}\n.va-pula-wrap a{color:#0369A1;text-decoration:underline;text-underline-offset:2px;}\n@media(max-width:640px){.va-pula-wrap h2{margin-top:40px;}}\n\/*RENDERFIX2*\/.va-pula-table thead tr{color:#eef3f9!important}.va-pula-table thead tr p,.va-pula-table thead tr li,.va-pula-table thead tr strong,.va-pula-table thead tr em,.va-pula-table thead tr a,.va-pula-table thead tr span,.va-pula-table thead tr b,.va-pula-table thead tr td,.va-pula-table thead tr th,.va-pula-table thead tr h2,.va-pula-table thead tr h3,.va-pula-table thead tr h4{color:#eef3f9!important}.va-pula-table thead tr strong,.va-pula-table thead tr b{color:#ffffff!important}.va-pula-retenir{color:#eef3f9!important}.va-pula-retenir p,.va-pula-retenir li,.va-pula-retenir strong,.va-pula-retenir em,.va-pula-retenir a,.va-pula-retenir span,.va-pula-retenir b,.va-pula-retenir td,.va-pula-retenir th,.va-pula-retenir h2,.va-pula-retenir h3,.va-pula-retenir h4{color:#eef3f9!important}.va-pula-retenir strong,.va-pula-retenir b{color:#ffffff!important}.va-pula-retenir li span{color:#eef3f9!important}.va-pula-retenir li span p,.va-pula-retenir li span li,.va-pula-retenir li span strong,.va-pula-retenir li span em,.va-pula-retenir li span a,.va-pula-retenir li span span,.va-pula-retenir li span b,.va-pula-retenir li span td,.va-pula-retenir li span th,.va-pula-retenir li span h2,.va-pula-retenir li span h3,.va-pula-retenir li span h4{color:#eef3f9!important}.va-pula-retenir li span strong,.va-pula-retenir li span b{color:#ffffff!important}<\/style>\n<div class=\"va-pula-wrap\">\n<span class=\"va-pula-kicker\">Croatie \u00b7 Istrie \u00b7 Carnet de voyage<\/span><\/p>\n<div class=\"va-pula-lead\">Entre un amphith\u00e9\u00e2tre romain parmi les mieux conserv\u00e9s au monde et des criques aux eaux turquoise, <strong>Pula en Croatie<\/strong> condense deux mille ans d&rsquo;histoire et une douceur de vivre m\u00e9diterran\u00e9enne. Voici le carnet pratique pour pr\u00e9parer votre escapade en 2025.<\/div>\n<div class=\"va-pula-carnet\">\n<div class=\"va-pula-carnet-h\">Carnet pratique \u2014 visiter Pula<\/div>\n<div class=\"va-pula-grid\">\n<div class=\"va-pula-cell\">\n<div class=\"va-pula-cell-l\">Quand partir<\/div>\n<div class=\"va-pula-cell-v\">Id\u00e9al de mai \u00e0 septembre ; printemps et arri\u00e8re-saison pour \u00e9viter la foule<\/div>\n<\/p><\/div>\n<div class=\"va-pula-cell\">\n<div class=\"va-pula-cell-l\">Dur\u00e9e id\u00e9ale<\/div>\n<div class=\"va-pula-cell-v\">Comptez un long week-end pour la ville et ses plages<\/div>\n<\/p><\/div>\n<div class=\"va-pula-cell\">\n<div class=\"va-pula-cell-l\">3 incontournables<\/div>\n<div class=\"va-pula-cell-v\">Amphith\u00e9\u00e2tre romain \u00b7 march\u00e9 de Pula \u00b7 plages Ambrela &amp; Valkane<\/div>\n<\/p><\/div>\n<div class=\"va-pula-cell\">\n<div class=\"va-pula-cell-l\">O\u00f9 se baigner<\/div>\n<div class=\"va-pula-cell-v\">Valkane, Ambrela, Punta Verudela, crique de Gortanova Uvala<\/div>\n<\/p><\/div>\n<div class=\"va-pula-cell\">\n<div class=\"va-pula-cell-l\">Comment s&rsquo;y rendre<\/div>\n<div class=\"va-pula-cell-v\">Situ\u00e9e sur la p\u00e9ninsule d&rsquo;Istrie, au sud-ouest de la Croatie<\/div>\n<\/p><\/div>\n<div class=\"va-pula-cell\">\n<div class=\"va-pula-cell-l\">Bon \u00e0 savoir<\/div>\n<div class=\"va-pula-cell-v\">R\u00e9servez l&rsquo;h\u00e9bergement \u00e0 l&rsquo;avance en haute saison<\/div>\n<\/p><\/div>\n<\/p><\/div>\n<\/div>\n<h2>Pourquoi choisir Pula comme destination de voyage ?<\/h2>\n<p>Pula, situ\u00e9e sur la p\u00e9ninsule d&rsquo;Istrie, est un v\u00e9ritable joyau de la Croatie. Cette ville, riche en histoire, offre un m\u00e9lange parfait entre vestiges antiques et plages idylliques. Vous serez \u00e9merveill\u00e9 par l&rsquo;amphith\u00e9\u00e2tre romain, l&rsquo;un des mieux conserv\u00e9s au monde, qui accueille encore des \u00e9v\u00e9nements culturels, ajoutant \u00e0 son charme intemporel.<\/p>\n<p>En fl\u00e2nant dans ses rues pav\u00e9es, vous d\u00e9couvrirez des arcades anciennes et des restaurants typiques, o\u00f9 vous pourrez d\u00e9guster des sp\u00e9cialit\u00e9s locales comme le fameux \u00ab\u00a0\u0161ugo\u00a0\u00bb. Les habitants, fiers de leur patrimoine, vous accueilleront avec chaleur et vous inviteront \u00e0 partager leur art de vivre. De plus, les plages environnantes, telles que celles d&rsquo;Ambrela et de Valkane, sont id\u00e9ales pour se rafra\u00eechir apr\u00e8s une journ\u00e9e d&rsquo;exploration. C&rsquo;est ce contraste \u2014 pierres antiques le matin, baignade l&rsquo;apr\u00e8s-midi \u2014 qui explique les avis enthousiastes sur Pula et fait de la ville une porte d&rsquo;entr\u00e9e id\u00e9ale vers le tourisme istrien.<\/p>\n<div class=\"va-pula-quote\">\n  <span aria-hidden=\"true\">&#171;<\/span><\/p>\n<div class=\"va-pula-quote-t\">Pula est une fen\u00eatre sur le pass\u00e9, un endroit o\u00f9 l&rsquo;histoire et la nature s&rsquo;entrem\u00ealent avec harmonie.<\/div>\n<\/div>\n<h2>Les activit\u00e9s incontournables \u00e0 Pula<\/h2>\n<p>Visiter Pula, c&rsquo;est s&rsquo;immerger dans une multitude d&rsquo;activit\u00e9s qui raviront tous les types de voyageurs. Que vous soyez en solo, en couple ou entre amis, cette ville a quelque chose \u00e0 offrir. Commencez par vous rendre \u00e0 l&rsquo;amphith\u00e9\u00e2tre pour appr\u00e9cier un concert ou un spectacle en plein air, offrant une atmosph\u00e8re unique sous le ciel \u00e9toil\u00e9.<\/p>\n<p>Ensuite, n&rsquo;oubliez pas de visiter le march\u00e9 de Pula, o\u00f9 les produits frais c\u00f4toient les sp\u00e9cialit\u00e9s artisanales. Profitez d&rsquo;une pause gourmande pour d\u00e9guster des olives locales tout en \u00e9changeant avec les producteurs. Pour les amateurs de sensations fortes, une session de paddle sur les eaux turquoise de la plage de Valkane est une excellente option. Terminez la journ\u00e9e par un d\u00eener dans un konoba traditionnel, o\u00f9 vous pourrez savourer des plats comme la Peka, une sp\u00e9cialit\u00e9 de viande et de l\u00e9gumes cuits lentement sous une cloche en fer.<\/p>\n<div class=\"va-pula-cards\">\n<div class=\"va-pula-card\">\n    <span class=\"va-pula-card-n\">01<\/span><\/p>\n<h3>L&rsquo;amphith\u00e9\u00e2tre romain<\/h3>\n<div class=\"va-pula-card-txt\">L&rsquo;un des amphith\u00e9\u00e2tres antiques les mieux conserv\u00e9s au monde, qui accueille encore concerts et spectacles en plein air.<\/div>\n<div class=\"va-pula-card-tip\">Astuce : venez t\u00f4t le matin pour \u00e9viter la foule.<\/div>\n<\/p><\/div>\n<div class=\"va-pula-card\">\n    <span class=\"va-pula-card-n\">02<\/span><\/p>\n<h3>Le march\u00e9 de Pula<\/h3>\n<div class=\"va-pula-card-txt\">Produits frais et sp\u00e9cialit\u00e9s artisanales se c\u00f4toient ; l&rsquo;occasion de go\u00fbter aux olives locales en \u00e9changeant avec les producteurs.<\/div>\n<div class=\"va-pula-card-tip\">\u00c0 faire : pr\u00e9voir une pause gourmande sur place.<\/div>\n<\/p><\/div>\n<div class=\"va-pula-card\">\n    <span class=\"va-pula-card-n\">03<\/span><\/p>\n<h3>Paddle \u00e0 Valkane<\/h3>\n<div class=\"va-pula-card-txt\">Une session de paddle sur les eaux turquoise de la plage de Valkane, parfaite pour les amateurs de sensations.<\/div>\n<div class=\"va-pula-card-tip\">Id\u00e9al : en fin de journ\u00e9e, quand la chaleur retombe.<\/div>\n<\/p><\/div>\n<div class=\"va-pula-card\">\n    <span class=\"va-pula-card-n\">04<\/span><\/p>\n<h3>D\u00eener dans un konoba<\/h3>\n<div class=\"va-pula-card-txt\">Une taverne traditionnelle pour savourer la Peka, viande et l\u00e9gumes cuits lentement sous une cloche en fer.<\/div>\n<div class=\"va-pula-card-tip\">\u00c0 tester : aussi le fameux \u00ab\u00a0\u0161ugo\u00a0\u00bb istrien.<\/div>\n<\/p><\/div>\n<\/div>\n<div class=\"va-pula-embed\">https:\/\/youtu.be\/t9ngSatEO5w<\/div>\n<h2>Quand partir \u00e0 Pula ?<\/h2>\n<p>La m\u00e9t\u00e9o m\u00e9diterran\u00e9enne de Pula rythme l&rsquo;exp\u00e9rience : \u00e9t\u00e9s chauds et ensoleill\u00e9s, intersaisons plus douces. Voici comment choisir votre p\u00e9riode selon l&rsquo;ambiance recherch\u00e9e et l&rsquo;affluence touristique.<\/p>\n<div class=\"va-pula-table-wrap\">\n<table class=\"va-pula-table\">\n<thead>\n<tr>\n<th>P\u00e9riode<\/th>\n<th>Ambiance<\/th>\n<th>Affluence<\/th>\n<\/tr>\n<\/thead>\n<tbody>\n<tr>\n<td>Printemps<\/td>\n<td>Doux, id\u00e9al pour les visites du centre historique<\/td>\n<td>Faible<\/td>\n<\/tr>\n<tr>\n<td>\u00c9t\u00e9 (haute saison)<\/td>\n<td>Chaud et anim\u00e9, concerts \u00e0 l&rsquo;amphith\u00e9\u00e2tre, baignades<\/td>\n<td>Forte<\/td>\n<\/tr>\n<tr>\n<td>Arri\u00e8re-saison<\/td>\n<td>Mer encore ti\u00e8de, lumi\u00e8re douce, criques tranquilles<\/td>\n<td>Mod\u00e9r\u00e9e<\/td>\n<\/tr>\n<\/tbody>\n<\/table>\n<\/div>\n<h2>O\u00f9 se baigner et se loger \u00e0 Pula<\/h2>\n<p>C\u00f4t\u00e9 baignade, Pula et ses environs alignent les plages et criques : Ambrela et Valkane pour se rafra\u00eechir apr\u00e8s une journ\u00e9e d&rsquo;exploration, Punta Verudela et ses eaux cristallines, ou encore la crique de Gortanova Uvala pour un moment de d\u00e9tente loin de l&rsquo;agitation. Pour se d\u00e9placer entre le centre et le littoral, la p\u00e9ninsule de Pula reste compacte et facile \u00e0 parcourir.<\/p>\n<p>Pour le logement, l&rsquo;\u00e9ventail est large autour de la ville et du bord de mer ; quel que soit votre choix d&rsquo;h\u00f4tel ou d&rsquo;h\u00e9bergement, l&rsquo;essentiel est de r\u00e9server \u00e0 l&rsquo;avance, surtout en haute saison, afin de garantir un s\u00e9jour confortable.<\/p>\n<h2>Conseils pour une visite r\u00e9ussie \u00e0 Pula<\/h2>\n<p>Pour profiter pleinement de votre s\u00e9jour \u00e0 Pula, quelques astuces peuvent s&rsquo;av\u00e9rer tr\u00e8s utiles. Planifiez vos visites t\u00f4t le matin pour \u00e9viter la foule, notamment \u00e0 l&rsquo;amphith\u00e9\u00e2tre, qui attire de nombreux touristes. Une fois la chaleur install\u00e9e, privil\u00e9giez une balade dans le centre historique, o\u00f9 vous pourrez admirer les vestiges romains tout en vous laissant porter par le rythme de la vie locale.<\/p>\n<p>Lorsque vous pr\u00e9voyez votre itin\u00e9raire, pensez \u00e0 inclure une excursion dans les criques environnantes, comme Gortanova Uvala, pour un moment de d\u00e9tente loin de l&rsquo;agitation. N&rsquo;oubliez pas de r\u00e9server votre h\u00e9bergement \u00e0 l&rsquo;avance, surtout en haute saison, afin de garantir un s\u00e9jour confortable.<\/p>\n<div class=\"va-pula-check\">\n<div class=\"va-pula-col do\">\n<h3>\u00c0 faire<\/h3>\n<ul>\n<li><span>&#10003;<\/span><span>Visiter le mus\u00e9e arch\u00e9ologique d&rsquo;Istrie pour une immersion culturelle<\/span><\/li>\n<li><span>&#10003;<\/span><span>Vous baigner dans les eaux cristallines de la plage de Punta Verudela<\/span><\/li>\n<li><span>&#10003;<\/span><span>Assister \u00e0 un spectacle au coucher de soleil au port de Pula<\/span><\/li>\n<li><span>&#10003;<\/span><span>Faire une randonn\u00e9e autour de la baie de Stoja pour des vues imprenables<\/span><\/li>\n<li><span>&#10003;<\/span><span>Go\u00fbter aux sp\u00e9cialit\u00e9s locales dans les konobas du centre-ville<\/span><\/li>\n<\/ul><\/div>\n<div class=\"va-pula-col dont\">\n<h3>\u00c0 \u00e9viter<\/h3>\n<ul>\n<li><span>&#10005;<\/span><span>Visiter l&rsquo;amphith\u00e9\u00e2tre en pleine chaleur de l&rsquo;apr\u00e8s-midi<\/span><\/li>\n<li><span>&#10005;<\/span><span>R\u00e9server son h\u00e9bergement au dernier moment en haute saison<\/span><\/li>\n<li><span>&#10005;<\/span><span>Rester en centre-ville sans explorer les criques alentour<\/span><\/li>\n<\/ul><\/div>\n<\/div>\n<div class=\"va-pula-retenir\">\n<div class=\"va-pula-retenir-h\">\u00c0 retenir<\/div>\n<ul>\n<li><span><\/span>L&rsquo;amphith\u00e9\u00e2tre romain est le symbole de Pula : visite matinale recommand\u00e9e.<\/li>\n<li><span><\/span>Alternez patrimoine antique et baignade aux plages d&rsquo;Ambrela, Valkane et Punta Verudela.<\/li>\n<li><span><\/span>Go\u00fbtez la cuisine istrienne \u2014 \u00ab\u00a0\u0161ugo\u00a0\u00bb, Peka \u2014 dans un konoba traditionnel.<\/li>\n<li><span><\/span>R\u00e9servez votre h\u00e9bergement \u00e0 l&rsquo;avance en haute saison pour un s\u00e9jour serein.<\/li>\n<\/ul>\n<\/div>\n<div class=\"va-pula-faq\">\n<h2>Questions fr\u00e9quentes sur Pula<\/h2>\n<div class=\"va-pula-faq-list\">\n<details>\n<summary><span>+<\/span> Combien de temps pour visiter Pula ?<\/summary>\n<div class=\"va-pula-faq-a\">Un long week-end suffit pour d\u00e9couvrir l&rsquo;essentiel : l&rsquo;amphith\u00e9\u00e2tre romain, le centre historique, le march\u00e9 et une ou deux plages comme Ambrela ou Valkane. En allongeant le s\u00e9jour, vous profitez aussi des criques environnantes et de la baie de Stoja.<\/div>\n<\/details>\n<details>\n<summary><span>+<\/span> Comment se d\u00e9placer \u00e0 Pula ?<\/summary>\n<div class=\"va-pula-faq-a\">La ville, sur la p\u00e9ninsule d&rsquo;Istrie, reste compacte : le centre historique et ses vestiges romains se parcourent facilement \u00e0 pied. Pour rejoindre les plages et criques alentour comme Valkane ou Gortanova Uvala, pr\u00e9voyez de courts trajets le long du littoral.<\/div>\n<\/details>\n<details>\n<summary><span>+<\/span> O\u00f9 loger \u00e0 Pula ?<\/summary>\n<div class=\"va-pula-faq-a\">L&rsquo;offre d&rsquo;h\u00e9bergement s&rsquo;\u00e9tend du centre-ville au bord de mer, pr\u00e8s des plages. Le plus important est de r\u00e9server \u00e0 l&rsquo;avance, surtout en haute saison, pour garantir un s\u00e9jour confortable.<\/div>\n<\/details>\n<details>\n<summary><span>+<\/span> Quand partir \u00e0 Pula selon la m\u00e9t\u00e9o ?<\/summary>\n<div class=\"va-pula-faq-a\">Le climat m\u00e9diterran\u00e9en rend l&rsquo;\u00e9t\u00e9 chaud et ensoleill\u00e9, id\u00e9al pour la baignade et les concerts en plein air \u00e0 l&rsquo;amphith\u00e9\u00e2tre. Le printemps et l&rsquo;arri\u00e8re-saison offrent une m\u00e9t\u00e9o plus douce et une affluence r\u00e9duite, parfaites pour visiter le centre historique sans la foule.<\/div>\n<\/details>\n<details>\n<summary><span>+<\/span> O\u00f9 se baigner \u00e0 Pula ?<\/summary>\n<div class=\"va-pula-faq-a\">Les plages d&rsquo;Ambrela et de Valkane sont parfaites pour se rafra\u00eechir apr\u00e8s une journ\u00e9e d&rsquo;exploration. Pour des eaux cristallines, cap sur Punta Verudela ; pour un moment au calme, la crique de Gortanova Uvala est id\u00e9ale.<\/div>\n<\/details><\/div>\n<\/div>\n<p>Pula vous attend avec ses tr\u00e9sors historiques et ses paysages enchanteurs. Que vous soyez en qu\u00eate de culture, de d\u00e9tente ou d&rsquo;aventure, cette destination saura combler toutes vos attentes. R\u00e9servez d\u00e8s maintenant votre voyage pour d\u00e9couvrir cette ville fascinante en 2025.<\/p>\n<\/div>\n","protected":false},"excerpt":{"rendered":"","protected":false},"author":34,"featured_media":18133,"comment_status":"open","ping_status":"open","sticky":false,"template":"","format":"standard","meta":{"_acf_changed":false,"manual_indexmenow":false,"indexmenow_id_project":0,"footnotes":""},"categories":[1],"tags":[4538,4527,4530,4535,4769],"class_list":["post-16517","post","type-post","status-publish","format-standard","has-post-thumbnail","hentry","category-a-la-une","tag-activites-variees","tag-decouverte-culturelle","tag-escapade-en-europe","tag-gastronomie-locale","tag-immersion-culturelle","generate-columns","tablet-grid-50","mobile-grid-100","grid-parent","grid-25"],"acf":[],"yoast_head":"<!-- This site is optimized with the Yoast SEO Premium plugin v21.3 (Yoast SEO v25.1) - https:\/\/yoast.com\/wordpress\/plugins\/seo\/ -->\n<title>D\u00e9couvrez Pula en Croatie en 2025 : un voyage inoubliable<\/title>\n<meta name=\"description\" content=\"Entre un amphith\u00e9\u00e2tre romain parmi les mieux conserv\u00e9s au monde et des criques aux eaux turquoise, Pula en Croatie condense deux mille ans d&#039;histoire et\" \/>\n<meta name=\"robots\" content=\"index, follow, max-snippet:-1, max-image-preview:large, max-video-preview:-1\" \/>\n<link rel=\"canonical\" href=\"https:\/\/voyage-aventure.com\/blog\/a-la-une\/decouvrez-pula-en-croatie-en-2025-un-voyage-inoubliable-entre-histoire-et-nature\/\" \/>\n<meta property=\"og:locale\" content=\"fr_FR\" \/>\n<meta property=\"og:type\" content=\"article\" \/>\n<meta property=\"og:title\" content=\"D\u00e9couvrez Pula en Croatie en 2025 : un voyage inoubliable\" \/>\n<meta property=\"og:description\" content=\"Entre un amphith\u00e9\u00e2tre romain parmi les mieux conserv\u00e9s au monde et des criques aux eaux turquoise, Pula en Croatie condense deux mille ans d&#039;histoire et\" \/>\n<meta property=\"og:url\" content=\"https:\/\/voyage-aventure.com\/blog\/a-la-une\/decouvrez-pula-en-croatie-en-2025-un-voyage-inoubliable-entre-histoire-et-nature\/\" \/>\n<meta property=\"og:site_name\" content=\"voyage-aventure\" \/>\n<meta property=\"og:image\" content=\"https:\/\/voyage-aventure.com\/blog\/wp-content\/uploads\/2025\/04\/sdxl-e0f2df63966b38448982fdd20e1eb799.png\" \/>\n\t<meta property=\"og:image:width\" content=\"1536\" \/>\n\t<meta property=\"og:image:height\" content=\"640\" \/>\n\t<meta property=\"og:image:type\" content=\"image\/png\" \/>\n<meta name=\"author\" content=\"Camille Rouvray\" \/>\n<meta name=\"twitter:card\" content=\"summary_large_image\" \/>\n<script type=\"application\/ld+json\" class=\"yoast-schema-graph\">{\"@context\":\"https:\/\/schema.org\",\"@graph\":[{\"@type\":\"NewsArticle\",\"@id\":\"https:\/\/voyage-aventure.com\/blog\/a-la-une\/decouvrez-pula-en-croatie-en-2025-un-voyage-inoubliable-entre-histoire-et-nature\/#article\",\"isPartOf\":{\"@id\":\"https:\/\/voyage-aventure.com\/blog\/a-la-une\/decouvrez-pula-en-croatie-en-2025-un-voyage-inoubliable-entre-histoire-et-nature\/\"},\"author\":{\"name\":\"Camille Rouvray\",\"@id\":\"https:\/\/voyage-aventure.com\/blog\/#\/schema\/person\/3c864cdc320801e3db34b663e7e3f816\"},\"headline\":\"D\u00e9couvrez Pula en Croatie en 2025 : un voyage inoubliable entre histoire et nature\",\"datePublished\":\"2026-06-16T15:36:13+00:00\",\"mainEntityOfPage\":{\"@id\":\"https:\/\/voyage-aventure.com\/blog\/a-la-une\/decouvrez-pula-en-croatie-en-2025-un-voyage-inoubliable-entre-histoire-et-nature\/\"},\"wordCount\":1419,\"commentCount\":19,\"publisher\":{\"@id\":\"https:\/\/voyage-aventure.com\/blog\/#organization\"},\"image\":{\"@id\":\"https:\/\/voyage-aventure.com\/blog\/a-la-une\/decouvrez-pula-en-croatie-en-2025-un-voyage-inoubliable-entre-histoire-et-nature\/#primaryimage\"},\"thumbnailUrl\":\"https:\/\/voyage-aventure.com\/blog\/wp-content\/uploads\/2025\/04\/sdxl-e0f2df63966b38448982fdd20e1eb799.png\",\"keywords\":[\"Activit\u00e9s Vari\u00e9es\",\"D\u00e9couverte Culturelle\",\"Escapade en Europe\",\"Gastronomie Locale\",\"Immersion Culturelle\"],\"articleSection\":[\"\u00c0 la une\"],\"inLanguage\":\"fr-FR\",\"potentialAction\":[{\"@type\":\"CommentAction\",\"name\":\"Comment\",\"target\":[\"https:\/\/voyage-aventure.com\/blog\/a-la-une\/decouvrez-pula-en-croatie-en-2025-un-voyage-inoubliable-entre-histoire-et-nature\/#respond\"]}]},{\"@type\":\"WebPage\",\"@id\":\"https:\/\/voyage-aventure.com\/blog\/a-la-une\/decouvrez-pula-en-croatie-en-2025-un-voyage-inoubliable-entre-histoire-et-nature\/\",\"url\":\"https:\/\/voyage-aventure.com\/blog\/a-la-une\/decouvrez-pula-en-croatie-en-2025-un-voyage-inoubliable-entre-histoire-et-nature\/\",\"name\":\"D\u00e9couvrez Pula en Croatie en 2025 : un voyage inoubliable\",\"isPartOf\":{\"@id\":\"https:\/\/voyage-aventure.com\/blog\/#website\"},\"primaryImageOfPage\":{\"@id\":\"https:\/\/voyage-aventure.com\/blog\/a-la-une\/decouvrez-pula-en-croatie-en-2025-un-voyage-inoubliable-entre-histoire-et-nature\/#primaryimage\"},\"image\":{\"@id\":\"https:\/\/voyage-aventure.com\/blog\/a-la-une\/decouvrez-pula-en-croatie-en-2025-un-voyage-inoubliable-entre-histoire-et-nature\/#primaryimage\"},\"thumbnailUrl\":\"https:\/\/voyage-aventure.com\/blog\/wp-content\/uploads\/2025\/04\/sdxl-e0f2df63966b38448982fdd20e1eb799.png\",\"datePublished\":\"2026-06-16T15:36:13+00:00\",\"description\":\"Entre un amphith\u00e9\u00e2tre romain parmi les mieux conserv\u00e9s au monde et des criques aux eaux turquoise, Pula en Croatie condense deux mille ans d'histoire et\",\"inLanguage\":\"fr-FR\",\"potentialAction\":[{\"@type\":\"ReadAction\",\"target\":[\"https:\/\/voyage-aventure.com\/blog\/a-la-une\/decouvrez-pula-en-croatie-en-2025-un-voyage-inoubliable-entre-histoire-et-nature\/\"]}]},{\"@type\":\"ImageObject\",\"inLanguage\":\"fr-FR\",\"@id\":\"https:\/\/voyage-aventure.com\/blog\/a-la-une\/decouvrez-pula-en-croatie-en-2025-un-voyage-inoubliable-entre-histoire-et-nature\/#primaryimage\",\"url\":\"https:\/\/voyage-aventure.com\/blog\/wp-content\/uploads\/2025\/04\/sdxl-e0f2df63966b38448982fdd20e1eb799.png\",\"contentUrl\":\"https:\/\/voyage-aventure.com\/blog\/wp-content\/uploads\/2025\/04\/sdxl-e0f2df63966b38448982fdd20e1eb799.png\",\"width\":1536,\"height\":640},{\"@type\":\"WebSite\",\"@id\":\"https:\/\/voyage-aventure.com\/blog\/#website\",\"url\":\"https:\/\/voyage-aventure.com\/blog\/\",\"name\":\"voyage-aventure.com\",\"description\":\"Votre passeport pour l\u2019inattendu.\",\"publisher\":{\"@id\":\"https:\/\/voyage-aventure.com\/blog\/#organization\"},\"alternateName\":\"Votre passeport pour l\u2019inattendu.\",\"potentialAction\":[{\"@type\":\"SearchAction\",\"target\":{\"@type\":\"EntryPoint\",\"urlTemplate\":\"https:\/\/voyage-aventure.com\/blog\/?s={search_term_string}\"},\"query-input\":{\"@type\":\"PropertyValueSpecification\",\"valueRequired\":true,\"valueName\":\"search_term_string\"}}],\"inLanguage\":\"fr-FR\"},{\"@type\":\"Organization\",\"@id\":\"https:\/\/voyage-aventure.com\/blog\/#organization\",\"name\":\"Foretsensations.fr\",\"url\":\"https:\/\/voyage-aventure.com\/blog\/\",\"logo\":{\"@type\":\"ImageObject\",\"inLanguage\":\"fr-FR\",\"@id\":\"https:\/\/voyage-aventure.com\/blog\/#\/schema\/logo\/image\/\",\"url\":\"https:\/\/voyage-aventure.com\/blog\/wp-content\/uploads\/2024\/12\/19.png\",\"contentUrl\":\"https:\/\/voyage-aventure.com\/blog\/wp-content\/uploads\/2024\/12\/19.png\",\"width\":512,\"height\":512,\"caption\":\"Foretsensations.fr\"},\"image\":{\"@id\":\"https:\/\/voyage-aventure.com\/blog\/#\/schema\/logo\/image\/\"}},{\"@type\":\"Person\",\"@id\":\"https:\/\/voyage-aventure.com\/blog\/#\/schema\/person\/3c864cdc320801e3db34b663e7e3f816\",\"name\":\"Camille Rouvray\",\"image\":{\"@type\":\"ImageObject\",\"inLanguage\":\"fr-FR\",\"@id\":\"https:\/\/voyage-aventure.com\/blog\/#\/schema\/person\/image\/\",\"url\":\"https:\/\/voyage-aventure.com\/blog\/wp-content\/uploads\/2026\/06\/persona_camille-r-96x96.jpg\",\"contentUrl\":\"https:\/\/voyage-aventure.com\/blog\/wp-content\/uploads\/2026\/06\/persona_camille-r-96x96.jpg\",\"caption\":\"Camille Rouvray\"},\"description\":\"Je voyage et j'\u00e9cris sur le voyage depuis une douzaine d'ann\u00e9es, d'abord en tant que routarde au long cours, puis comme r\u00e9dactrice sp\u00e9cialis\u00e9e. Mon terrain de pr\u00e9dilection, ce sont les circuits organis\u00e9s et l'art de bien pr\u00e9parer un itin\u00e9raire : choix de la saison, dur\u00e9e r\u00e9aliste des \u00e9tapes, budget jour par jour, logement et transport sur place. J'aime aussi raconter les p\u00e9pites urbaines, ces adresses qu'on ne trouve pas dans les guides classiques. Avant de publier un dossier destination, je croise toujours plusieurs sources, je v\u00e9rifie les tarifs et les formalit\u00e9s d'entr\u00e9e \u00e0 jour, et je teste moi-m\u00eame quand je le peux. Mon angle reste pratique avant tout : aider le lecteur \u00e0 partir l'esprit tranquille, sans mauvaise surprise une fois sur place. Je m'attache \u00e0 distinguer le coup de c\u0153ur sinc\u00e8re du simple argument marketing.\",\"sameAs\":[\"https:\/\/camillerouvray.fr\/\"],\"url\":\"https:\/\/voyage-aventure.com\/blog\/auteur\/noname\/\"}]}<\/script>\n<!-- \/ Yoast SEO Premium plugin. -->","yoast_head_json":{"title":"D\u00e9couvrez Pula en Croatie en 2025 : un voyage inoubliable","description":"Entre un amphith\u00e9\u00e2tre romain parmi les mieux conserv\u00e9s au monde et des criques aux eaux turquoise, Pula en Croatie condense deux mille ans d'histoire et","robots":{"index":"index","follow":"follow","max-snippet":"max-snippet:-1","max-image-preview":"max-image-preview:large","max-video-preview":"max-video-preview:-1"},"canonical":"https:\/\/voyage-aventure.com\/blog\/a-la-une\/decouvrez-pula-en-croatie-en-2025-un-voyage-inoubliable-entre-histoire-et-nature\/","og_locale":"fr_FR","og_type":"article","og_title":"D\u00e9couvrez Pula en Croatie en 2025 : un voyage inoubliable","og_description":"Entre un amphith\u00e9\u00e2tre romain parmi les mieux conserv\u00e9s au monde et des criques aux eaux turquoise, Pula en Croatie condense deux mille ans d'histoire et","og_url":"https:\/\/voyage-aventure.com\/blog\/a-la-une\/decouvrez-pula-en-croatie-en-2025-un-voyage-inoubliable-entre-histoire-et-nature\/","og_site_name":"voyage-aventure","og_image":[{"width":1536,"height":640,"url":"https:\/\/voyage-aventure.com\/blog\/wp-content\/uploads\/2025\/04\/sdxl-e0f2df63966b38448982fdd20e1eb799.png","type":"image\/png"}],"author":"Camille Rouvray","twitter_card":"summary_large_image","schema":{"@context":"https:\/\/schema.org","@graph":[{"@type":"NewsArticle","@id":"https:\/\/voyage-aventure.com\/blog\/a-la-une\/decouvrez-pula-en-croatie-en-2025-un-voyage-inoubliable-entre-histoire-et-nature\/#article","isPartOf":{"@id":"https:\/\/voyage-aventure.com\/blog\/a-la-une\/decouvrez-pula-en-croatie-en-2025-un-voyage-inoubliable-entre-histoire-et-nature\/"},"author":{"name":"Camille Rouvray","@id":"https:\/\/voyage-aventure.com\/blog\/#\/schema\/person\/3c864cdc320801e3db34b663e7e3f816"},"headline":"D\u00e9couvrez Pula en Croatie en 2025 : un voyage inoubliable entre histoire et nature","datePublished":"2026-06-16T15:36:13+00:00","mainEntityOfPage":{"@id":"https:\/\/voyage-aventure.com\/blog\/a-la-une\/decouvrez-pula-en-croatie-en-2025-un-voyage-inoubliable-entre-histoire-et-nature\/"},"wordCount":1419,"commentCount":19,"publisher":{"@id":"https:\/\/voyage-aventure.com\/blog\/#organization"},"image":{"@id":"https:\/\/voyage-aventure.com\/blog\/a-la-une\/decouvrez-pula-en-croatie-en-2025-un-voyage-inoubliable-entre-histoire-et-nature\/#primaryimage"},"thumbnailUrl":"https:\/\/voyage-aventure.com\/blog\/wp-content\/uploads\/2025\/04\/sdxl-e0f2df63966b38448982fdd20e1eb799.png","keywords":["Activit\u00e9s Vari\u00e9es","D\u00e9couverte Culturelle","Escapade en Europe","Gastronomie Locale","Immersion Culturelle"],"articleSection":["\u00c0 la une"],"inLanguage":"fr-FR","potentialAction":[{"@type":"CommentAction","name":"Comment","target":["https:\/\/voyage-aventure.com\/blog\/a-la-une\/decouvrez-pula-en-croatie-en-2025-un-voyage-inoubliable-entre-histoire-et-nature\/#respond"]}]},{"@type":"WebPage","@id":"https:\/\/voyage-aventure.com\/blog\/a-la-une\/decouvrez-pula-en-croatie-en-2025-un-voyage-inoubliable-entre-histoire-et-nature\/","url":"https:\/\/voyage-aventure.com\/blog\/a-la-une\/decouvrez-pula-en-croatie-en-2025-un-voyage-inoubliable-entre-histoire-et-nature\/","name":"D\u00e9couvrez Pula en Croatie en 2025 : un voyage inoubliable","isPartOf":{"@id":"https:\/\/voyage-aventure.com\/blog\/#website"},"primaryImageOfPage":{"@id":"https:\/\/voyage-aventure.com\/blog\/a-la-une\/decouvrez-pula-en-croatie-en-2025-un-voyage-inoubliable-entre-histoire-et-nature\/#primaryimage"},"image":{"@id":"https:\/\/voyage-aventure.com\/blog\/a-la-une\/decouvrez-pula-en-croatie-en-2025-un-voyage-inoubliable-entre-histoire-et-nature\/#primaryimage"},"thumbnailUrl":"https:\/\/voyage-aventure.com\/blog\/wp-content\/uploads\/2025\/04\/sdxl-e0f2df63966b38448982fdd20e1eb799.png","datePublished":"2026-06-16T15:36:13+00:00","description":"Entre un amphith\u00e9\u00e2tre romain parmi les mieux conserv\u00e9s au monde et des criques aux eaux turquoise, Pula en Croatie condense deux mille ans d'histoire et","inLanguage":"fr-FR","potentialAction":[{"@type":"ReadAction","target":["https:\/\/voyage-aventure.com\/blog\/a-la-une\/decouvrez-pula-en-croatie-en-2025-un-voyage-inoubliable-entre-histoire-et-nature\/"]}]},{"@type":"ImageObject","inLanguage":"fr-FR","@id":"https:\/\/voyage-aventure.com\/blog\/a-la-une\/decouvrez-pula-en-croatie-en-2025-un-voyage-inoubliable-entre-histoire-et-nature\/#primaryimage","url":"https:\/\/voyage-aventure.com\/blog\/wp-content\/uploads\/2025\/04\/sdxl-e0f2df63966b38448982fdd20e1eb799.png","contentUrl":"https:\/\/voyage-aventure.com\/blog\/wp-content\/uploads\/2025\/04\/sdxl-e0f2df63966b38448982fdd20e1eb799.png","width":1536,"height":640},{"@type":"WebSite","@id":"https:\/\/voyage-aventure.com\/blog\/#website","url":"https:\/\/voyage-aventure.com\/blog\/","name":"voyage-aventure.com","description":"Votre passeport pour l\u2019inattendu.","publisher":{"@id":"https:\/\/voyage-aventure.com\/blog\/#organization"},"alternateName":"Votre passeport pour l\u2019inattendu.","potentialAction":[{"@type":"SearchAction","target":{"@type":"EntryPoint","urlTemplate":"https:\/\/voyage-aventure.com\/blog\/?s={search_term_string}"},"query-input":{"@type":"PropertyValueSpecification","valueRequired":true,"valueName":"search_term_string"}}],"inLanguage":"fr-FR"},{"@type":"Organization","@id":"https:\/\/voyage-aventure.com\/blog\/#organization","name":"Foretsensations.fr","url":"https:\/\/voyage-aventure.com\/blog\/","logo":{"@type":"ImageObject","inLanguage":"fr-FR","@id":"https:\/\/voyage-aventure.com\/blog\/#\/schema\/logo\/image\/","url":"https:\/\/voyage-aventure.com\/blog\/wp-content\/uploads\/2024\/12\/19.png","contentUrl":"https:\/\/voyage-aventure.com\/blog\/wp-content\/uploads\/2024\/12\/19.png","width":512,"height":512,"caption":"Foretsensations.fr"},"image":{"@id":"https:\/\/voyage-aventure.com\/blog\/#\/schema\/logo\/image\/"}},{"@type":"Person","@id":"https:\/\/voyage-aventure.com\/blog\/#\/schema\/person\/3c864cdc320801e3db34b663e7e3f816","name":"Camille Rouvray","image":{"@type":"ImageObject","inLanguage":"fr-FR","@id":"https:\/\/voyage-aventure.com\/blog\/#\/schema\/person\/image\/","url":"https:\/\/voyage-aventure.com\/blog\/wp-content\/uploads\/2026\/06\/persona_camille-r-96x96.jpg","contentUrl":"https:\/\/voyage-aventure.com\/blog\/wp-content\/uploads\/2026\/06\/persona_camille-r-96x96.jpg","caption":"Camille Rouvray"},"description":"Je voyage et j'\u00e9cris sur le voyage depuis une douzaine d'ann\u00e9es, d'abord en tant que routarde au long cours, puis comme r\u00e9dactrice sp\u00e9cialis\u00e9e. Mon terrain de pr\u00e9dilection, ce sont les circuits organis\u00e9s et l'art de bien pr\u00e9parer un itin\u00e9raire : choix de la saison, dur\u00e9e r\u00e9aliste des \u00e9tapes, budget jour par jour, logement et transport sur place. J'aime aussi raconter les p\u00e9pites urbaines, ces adresses qu'on ne trouve pas dans les guides classiques. Avant de publier un dossier destination, je croise toujours plusieurs sources, je v\u00e9rifie les tarifs et les formalit\u00e9s d'entr\u00e9e \u00e0 jour, et je teste moi-m\u00eame quand je le peux. Mon angle reste pratique avant tout : aider le lecteur \u00e0 partir l'esprit tranquille, sans mauvaise surprise une fois sur place. Je m'attache \u00e0 distinguer le coup de c\u0153ur sinc\u00e8re du simple argument marketing.","sameAs":["https:\/\/camillerouvray.fr\/"],"url":"https:\/\/voyage-aventure.com\/blog\/auteur\/noname\/"}]}},"_links":{"self":[{"href":"https:\/\/voyage-aventure.com\/blog\/wp-json\/wp\/v2\/posts\/16517","targetHints":{"allow":["GET"]}}],"collection":[{"href":"https:\/\/voyage-aventure.com\/blog\/wp-json\/wp\/v2\/posts"}],"about":[{"href":"https:\/\/voyage-aventure.com\/blog\/wp-json\/wp\/v2\/types\/post"}],"author":[{"embeddable":true,"href":"https:\/\/voyage-aventure.com\/blog\/wp-json\/wp\/v2\/users\/34"}],"replies":[{"embeddable":true,"href":"https:\/\/voyage-aventure.com\/blog\/wp-json\/wp\/v2\/comments?post=16517"}],"version-history":[{"count":3,"href":"https:\/\/voyage-aventure.com\/blog\/wp-json\/wp\/v2\/posts\/16517\/revisions"}],"predecessor-version":[{"id":22943,"href":"https:\/\/voyage-aventure.com\/blog\/wp-json\/wp\/v2\/posts\/16517\/revisions\/22943"}],"wp:featuredmedia":[{"embeddable":true,"href":"https:\/\/voyage-aventure.com\/blog\/wp-json\/wp\/v2\/media\/18133"}],"wp:attachment":[{"href":"https:\/\/voyage-aventure.com\/blog\/wp-json\/wp\/v2\/media?parent=16517"}],"wp:term":[{"taxonomy":"category","embeddable":true,"href":"https:\/\/voyage-aventure.com\/blog\/wp-json\/wp\/v2\/categories?post=16517"},{"taxonomy":"post_tag","embeddable":true,"href":"https:\/\/voyage-aventure.com\/blog\/wp-json\/wp\/v2\/tags?post=16517"}],"curies":[{"name":"wp","href":"https:\/\/api.w.org\/{rel}","templated":true}]}}