{"id":16511,"date":"2026-06-16T17:35:35","date_gmt":"2026-06-16T15:35:35","guid":{"rendered":"https:\/\/voyage-aventure.com\/blog\/?p=16511"},"modified":"2026-06-16T17:35:35","modified_gmt":"2026-06-16T15:35:35","slug":"albufeira-2025-une-aventure-ensoleillee-au-coeur-de-lalgarve","status":"publish","type":"post","link":"https:\/\/voyage-aventure.com\/blog\/a-la-une\/albufeira-2025-une-aventure-ensoleillee-au-coeur-de-lalgarve\/","title":{"rendered":"Albufeira 2025 : une aventure ensoleill\u00e9e au c\u0153ur de l&rsquo;Algarve"},"content":{"rendered":"<link rel=\"stylesheet\" href=\"https:\/\/fonts.googleapis.com\/css2?family=Fraunces:opsz,wght@9..144,500;9..144,600;9..144,800;9..144,900&#038;family=Inter:wght@400;500;600&#038;family=JetBrains+Mono:wght@500&#038;display=swap\">\n<style>\n.va-albufeira-wrap{font-family:'Inter',-apple-system,BlinkMacSystemFont,sans-serif;color:#33271d;line-height:1.65;font-size:17px;max-width:820px;margin:0 auto}\n.va-albufeira-wrap h2{font-family:'Fraunces',Georgia,serif;font-weight:800;font-size:clamp(24px,3.2vw,34px);line-height:1.18;letter-spacing:-.01em;color:#7a3b1d;margin:48px 0 16px}\n.va-albufeira-wrap h3{font-family:'Fraunces',Georgia,serif;font-weight:600;font-size:clamp(19px,2.2vw,23px);color:#8a4a26;margin:28px 0 10px}\n.va-albufeira-wrap p{margin:14px 0}\n.va-albufeira-kicker{font-family:'JetBrains Mono',monospace;font-weight:500;font-size:12px;letter-spacing:.18em;text-transform:uppercase;color:#c0772f}\n.va-albufeira-lead{font-size:19px;line-height:1.6;color:#4a3a2c;border-left:4px solid #c0772f;padding-left:18px;margin:18px 0 30px}\n.va-albufeira-carnet{background:linear-gradient(180deg,#fdf6ee,#faecdc);border:1px solid #efd6bb;border-left:5px solid #c0772f;border-radius:12px;padding:26px 28px;margin:30px 0;box-shadow:0 1px 2px rgba(122,59,29,.05),0 12px 28px -16px rgba(122,59,29,.22)}\n.va-albufeira-carnet-h{font-family:'Fraunces',Georgia,serif;font-weight:800;font-size:21px;color:#7a3b1d;margin:0 0 4px}\n.va-albufeira-carnet-sub{font-size:14px;color:#8a6f57;margin-bottom:18px}\n.va-albufeira-carnet-grid{display:grid;grid-template-columns:repeat(auto-fit,minmax(180px,1fr));gap:16px}\n.va-albufeira-ci{background:#fff;border:1px solid #f0ddc6;border-radius:9px;padding:14px 16px;transition:.25s ease}\n.va-albufeira-ci:hover{transform:translateY(-3px);box-shadow:0 10px 22px -14px rgba(122,59,29,.35)}\n.va-albufeira-ci-k{font-family:'JetBrains Mono',monospace;font-size:11px;letter-spacing:.12em;text-transform:uppercase;color:#c0772f;display:block;margin-bottom:5px}\n.va-albufeira-ci-v{font-weight:600;color:#33271d;font-size:15px;line-height:1.4}\n.va-albufeira-cards{display:grid;grid-template-columns:repeat(auto-fit,minmax(240px,1fr));gap:18px;margin:26px 0}\n.va-albufeira-card{background:#fff;border:1px solid #efd6bb;border-top:3px solid #c0772f;border-radius:11px;padding:20px 22px;transition:.25s ease}\n.va-albufeira-card:hover{transform:translateY(-3px);box-shadow:0 14px 30px -18px rgba(122,59,29,.4);border-color:#e0bd95}\n.va-albufeira-card-t{font-family:'Fraunces',Georgia,serif;font-weight:600;font-size:18px;color:#7a3b1d;margin-bottom:8px}\n.va-albufeira-card-d{font-size:15px;color:#4a3a2c;line-height:1.55}\n.va-albufeira-card-tip{margin-top:11px;font-size:13px;color:#8a6f57;border-top:1px dashed #efd6bb;padding-top:9px}\n.va-albufeira-card-tip span{font-family:'JetBrains Mono',monospace;color:#c0772f;font-size:11px;letter-spacing:.1em;text-transform:uppercase}\n.va-albufeira-quote{font-family:'Fraunces',Georgia,serif;font-style:italic;font-weight:500;font-size:clamp(22px,3vw,28px);line-height:1.4;color:#8a4a26;border:none;margin:36px 0;padding:8px 0 8px 30px;position:relative}\n.va-albufeira-quote::before{content:\"\u201c\";position:absolute;left:-6px;top:-10px;font-size:64px;color:#e6b87c;font-family:'Fraunces',Georgia,serif;line-height:1}\n.va-albufeira-table{margin:24px 0;border:1px solid #efd6bb;border-radius:11px;overflow:hidden}\n.va-albufeira-table table{width:100%;border-collapse:collapse;font-size:15px}\n.va-albufeira-table th{background:#7a3b1d;color:#fdf6ee;text-align:left;padding:12px 16px;font-family:'JetBrains Mono',monospace;font-size:12px;letter-spacing:.08em;text-transform:uppercase;font-weight:500}\n.va-albufeira-table td{padding:12px 16px;border-top:1px solid #f0ddc6;color:#4a3a2c}\n.va-albufeira-table tr:nth-child(even) td{background:#fdf6ee}\n.va-albufeira-checks{display:grid;grid-template-columns:1fr 1fr;gap:18px;margin:26px 0}\n.va-albufeira-ch{background:#fdf6ee;border:1px solid #efd6bb;border-radius:11px;padding:18px 20px}\n.va-albufeira-ch.bad{background:#fbeee8;border-color:#f0cdbc}\n.va-albufeira-ch-h{font-family:'JetBrains Mono',monospace;font-size:12px;letter-spacing:.1em;text-transform:uppercase;color:#c0772f;margin-bottom:12px}\n.va-albufeira-ch.bad .va-albufeira-ch-h{color:#b5562f}\n.va-albufeira-ch ul{margin:0;padding-left:18px}\n.va-albufeira-ch li{margin:7px 0;font-size:14.5px;color:#4a3a2c}\n.va-albufeira-retenir{background:#7a3b1d;color:#fdf6ee;border-radius:13px;padding:26px 30px;margin:40px 0}\n.va-albufeira-retenir-h{font-family:'Fraunces',Georgia,serif;font-weight:800;font-size:22px;margin:0 0 14px;color:#fff}\n.va-albufeira-retenir ul{margin:0;padding-left:20px}\n.va-albufeira-retenir li{margin:9px 0;font-size:15.5px;line-height:1.5}\n.va-albufeira-retenir li::marker{color:#e6b87c}\n.va-albufeira-faq{margin:34px 0}\n.va-albufeira-faq-h{font-family:'Fraunces',Georgia,serif;font-weight:800;font-size:clamp(22px,3vw,30px);color:#7a3b1d;margin:0 0 16px}\n.va-albufeira-faq details{border:1px solid #efd6bb;border-radius:10px;margin:11px 0;padding:0 20px;background:#fff;transition:.25s ease}\n.va-albufeira-faq details[open]{border-color:#c0772f;box-shadow:0 10px 24px -16px rgba(122,59,29,.3)}\n.va-albufeira-faq summary{cursor:pointer;font-weight:600;font-family:'Fraunces',Georgia,serif;font-size:17px;color:#7a3b1d;padding:16px 0;list-style:none;position:relative;padding-right:28px}\n.va-albufeira-faq summary::after{content:\"+\";position:absolute;right:0;top:14px;color:#c0772f;font-size:24px;font-weight:400;font-family:'Inter',sans-serif}\n.va-albufeira-faq details[open] summary::after{content:\"\u2212\"}\n.va-albufeira-faq summary::-webkit-details-marker{display:none}\n.va-albufeira-faq-a{padding:0 0 18px;font-size:15.5px;color:#4a3a2c;line-height:1.6}\n@media(max-width:640px){.va-albufeira-checks{grid-template-columns:1fr}}\n\/*RENDERFIX2*\/.va-albufeira-table th{color:#eef3f9!important}.va-albufeira-table th p,.va-albufeira-table th li,.va-albufeira-table th strong,.va-albufeira-table th em,.va-albufeira-table th a,.va-albufeira-table th span,.va-albufeira-table th b,.va-albufeira-table th td,.va-albufeira-table th th,.va-albufeira-table th h2,.va-albufeira-table th h3,.va-albufeira-table th h4{color:#eef3f9!important}.va-albufeira-table th strong,.va-albufeira-table th b{color:#ffffff!important}.va-albufeira-retenir{color:#eef3f9!important}.va-albufeira-retenir p,.va-albufeira-retenir li,.va-albufeira-retenir strong,.va-albufeira-retenir em,.va-albufeira-retenir a,.va-albufeira-retenir span,.va-albufeira-retenir b,.va-albufeira-retenir td,.va-albufeira-retenir th,.va-albufeira-retenir h2,.va-albufeira-retenir h3,.va-albufeira-retenir h4{color:#eef3f9!important}.va-albufeira-retenir strong,.va-albufeira-retenir b{color:#ffffff!important}<\/style>\n<div class=\"va-albufeira-wrap\">\n<div class=\"va-albufeira-kicker\">Algarve \u00b7 Portugal \u00b7 Carnet 2025<\/div>\n<div class=\"va-albufeira-lead\">Plages dor\u00e9es au pied des falaises ocre, vie nocturne du Strip et excursions vers Benagil : en 2025, Albufeira reste la porte d&rsquo;entr\u00e9e la plus ensoleill\u00e9e de l&rsquo;Algarve. Voici un carnet pratique pour d\u00e9cider quoi faire \u00e0 Albufeira, quand y aller et o\u00f9 poser vos serviettes.<\/div>\n<div class=\"va-albufeira-carnet\">\n<div class=\"va-albufeira-carnet-h\">Le carnet pratique d&rsquo;Albufeira<\/div>\n<div class=\"va-albufeira-carnet-sub\">L&rsquo;essentiel \u00e0 savoir avant de boucler la valise<\/div>\n<div class=\"va-albufeira-carnet-grid\">\n<div class=\"va-albufeira-ci\"><span class=\"va-albufeira-ci-k\">Meilleure p\u00e9riode<\/span><span class=\"va-albufeira-ci-v\">\u00c9t\u00e9 pour l&rsquo;ambiance, printemps &amp; automne pour la douceur sans la foule<\/span><\/div>\n<div class=\"va-albufeira-ci\"><span class=\"va-albufeira-ci-k\">Dur\u00e9e id\u00e9ale<\/span><span class=\"va-albufeira-ci-v\">Un long week-end \u00e0 une semaine pour m\u00ealer plage et excursions<\/span><\/div>\n<div class=\"va-albufeira-ci\"><span class=\"va-albufeira-ci-k\">A\u00e9roport<\/span><span class=\"va-albufeira-ci-v\">Faro, l&rsquo;a\u00e9roport principal de l&rsquo;Algarve, puis route vers Albufeira<\/span><\/div>\n<div class=\"va-albufeira-ci\"><span class=\"va-albufeira-ci-k\">Incontournables<\/span><span class=\"va-albufeira-ci-v\">Plage de S\u00e3o Rafael \u00b7 falaises de Benagil \u00b7 le Strip<\/span><\/div>\n<div class=\"va-albufeira-ci\"><span class=\"va-albufeira-ci-k\">Ambiance<\/span><span class=\"va-albufeira-ci-v\">Festive et baln\u00e9aire, id\u00e9ale entre amis comme en famille<\/span><\/div>\n<\/div>\n<\/div>\n<p>Pos\u00e9e sur le littoral sud du Portugal, Albufeira condense tout ce qu&rsquo;on aime dans l&rsquo;Algarve : des criques nich\u00e9es entre des falaises ocre, une vieille ville aux ruelles blanches et une \u00e9nergie baln\u00e9aire qui ne retombe jamais vraiment. C&rsquo;est une destination qui se vit pieds nus le matin et cocktail \u00e0 la main le soir, sans jamais avoir \u00e0 choisir.<\/p>\n<blockquote class=\"va-albufeira-quote\"><p>Albufeira, c&rsquo;est l&rsquo;endroit o\u00f9 le soleil se l\u00e8ve sur de nouvelles aventures chaque jour.<\/p><\/blockquote>\n<h2>D\u00e9couvrir Albufeira et ses plages paradisiaques<\/h2>\n<p>La plage de S\u00e3o Rafael est particuli\u00e8rement pris\u00e9e pour ses eaux cristallines et ses paysages \u00e0 couper le souffle. Les amateurs de farniente y trouveront leur bonheur, mais il existe \u00e9galement de nombreuses activit\u00e9s nautiques \u00e0 essayer.<\/p>\n<p>En plus des plages de sable fin, Albufeira propose une palette d&rsquo;activit\u00e9s pour tous les go\u00fbts. Que vous soyez passionn\u00e9 de surf, de kayak ou de paddle, vous serez combl\u00e9 par les options offertes. Et pour les gourmands, ne manquez pas de savourer les fameuses Bolas de Berlim, ces d\u00e9licieux beignets \u00e0 la cr\u00e8me qui se d\u00e9gustent sur le transat.<\/p>\n<div class=\"va-albufeira-cards\">\n<div class=\"va-albufeira-card\">\n<div class=\"va-albufeira-card-t\">Plage de S\u00e3o Rafael<\/div>\n<div class=\"va-albufeira-card-d\">Eaux cristallines, formations rocheuses et sable fin : la plage embl\u00e9matique pour le farniente et la baignade.<\/div>\n<div class=\"va-albufeira-card-tip\"><span>Le bon plan<\/span> arrivez t\u00f4t pour profiter du calme avant la foule estivale.<\/div>\n<\/div>\n<div class=\"va-albufeira-card\">\n<div class=\"va-albufeira-card-t\">Plage dos Pescadores<\/div>\n<div class=\"va-albufeira-card-d\">La plage de la vieille ville, au pied des terrasses, parfaite pour admirer le coucher de soleil.<\/div>\n<div class=\"va-albufeira-card-tip\"><span>Le bon plan<\/span> restez en fin de journ\u00e9e pour la lumi\u00e8re dor\u00e9e sur l&rsquo;oc\u00e9an.<\/div>\n<\/div>\n<div class=\"va-albufeira-card\">\n<div class=\"va-albufeira-card-t\">Sports nautiques<\/div>\n<div class=\"va-albufeira-card-d\">Surf, kayak, paddle ou jet-ski : la c\u00f4te d&rsquo;Albufeira se pr\u00eate \u00e0 toutes les envies d&rsquo;eau.<\/div>\n<div class=\"va-albufeira-card-tip\"><span>Le bon plan<\/span> les d\u00e9butants trouveront facilement de quoi s&rsquo;initier au paddle.<\/div>\n<\/div>\n<\/div>\n<h2>Une vie nocturne vibrante<\/h2>\n<p>Lorsque le soleil se couche, Albufeira se transforme en un v\u00e9ritable terrain de jeu pour les noctambules. Les bars et discoth\u00e8ques du Strip attirent les f\u00eatards avec des soir\u00e9es anim\u00e9es et des concerts live. Vous pourrez y d\u00e9guster des cocktails rafra\u00eechissants tout en dansant au rythme des meilleures musiques du moment.<\/p>\n<p>Pour une exp\u00e9rience plus tranquille, dirigez-vous vers les terrasses de la plage o\u00f9 vous pourrez profiter d&rsquo;une ambiance d\u00e9contract\u00e9e. Les restaurants de bord de mer vous offriront des plats typiques, comme les ailes de poulet piri-piri, le tout accompagn\u00e9 d&rsquo;une vue imprenable sur l&rsquo;oc\u00e9an.<\/p>\n<h3>O\u00f9 bien manger \u00e0 Albufeira<\/h3>\n<p>La cuisine d&rsquo;Albufeira tourne autour de la mer et des saveurs portugaises. On y d\u00e9guste la cataplana, un plat de fruits de mer mijot\u00e9 aux \u00e9pices, les ailes de poulet piri-piri sur les terrasses du bord de mer, et les fameuses Bolas de Berlim entre deux baignades. Dans la vieille ville, les pasteis de nata se savourent dans un cadre accueillant.<\/p>\n<h2>Les activit\u00e9s \u00e0 faire entre amis<\/h2>\n<p>Albufeira est la destination id\u00e9ale pour un voyage entre amis, avec une multitude d&rsquo;activit\u00e9s \u00e0 partager. Que diriez-vous d&rsquo;une excursion en bateau pour observer les dauphins et explorer les grottes marines ? C&rsquo;est une exp\u00e9rience inoubliable qui vous permettra de cr\u00e9er des souvenirs m\u00e9morables ensemble.<\/p>\n<p>Pour les amateurs de sensations fortes, une session de jet-ski ou de paddle vous attend. Et apr\u00e8s une journ\u00e9e bien remplie, ne manquez pas de d\u00e9guster une cataplana, un plat portugais savoureux \u00e0 base de fruits de mer et d&rsquo;\u00e9pices, pour recharger vos batteries.<\/p>\n<div class=\"va-albufeira-cards\">\n<div class=\"va-albufeira-card\">\n<div class=\"va-albufeira-card-t\">Observer les dauphins<\/div>\n<div class=\"va-albufeira-card-d\">Une sortie en bateau le long de la c\u00f4te pour croiser les dauphins et explorer les grottes marines.<\/div>\n<\/div>\n<div class=\"va-albufeira-card\">\n<div class=\"va-albufeira-card-t\">Cap sur Benagil<\/div>\n<div class=\"va-albufeira-card-d\">Un road trip vers les majestueuses falaises et la grotte de Benagil, l&rsquo;image carte postale de l&rsquo;Algarve.<\/div>\n<\/div>\n<div class=\"va-albufeira-card\">\n<div class=\"va-albufeira-card-t\">Citytrip \u00e0 Faro<\/div>\n<div class=\"va-albufeira-card-d\">Une escapade vers Faro pour explorer la culture portugaise au-del\u00e0 des plages.<\/div>\n<\/div>\n<div class=\"va-albufeira-card\">\n<div class=\"va-albufeira-card-t\">Sensations sur l&rsquo;eau<\/div>\n<div class=\"va-albufeira-card-d\">Jet-ski et paddle pour les amateurs de sensations fortes, suivis d&rsquo;une cataplana bien m\u00e9rit\u00e9e.<\/div>\n<\/div>\n<\/div>\n<h2>La meilleure p\u00e9riode pour visiter Albufeira<\/h2>\n<p>Pour profiter pleinement de ce que Albufeira a \u00e0 offrir, l&rsquo;\u00e9t\u00e9 est sans conteste la meilleure p\u00e9riode. De juin \u00e0 septembre, la ville s&rsquo;anime avec des plages ensoleill\u00e9es et une atmosph\u00e8re festive qui attire les jeunes et les familles. Si vous pr\u00e9f\u00e9rez \u00e9viter la foule, le printemps et l&rsquo;automne sont des alternatives id\u00e9ales avec un climat agr\u00e9able.<\/p>\n<p>Les hivers, bien que plus calmes, attirent les amateurs de surf en qu\u00eate de tranquillit\u00e9. Les temp\u00e9ratures restent douces, et les paysages d&rsquo;Algarve, bien que moins fr\u00e9quent\u00e9s, conservent leur charme. Quel que soit le moment de votre visite, Albufeira saura vous s\u00e9duire avec ses paysages et son ambiance unique.<\/p>\n<div class=\"va-albufeira-table\">\n<table>\n<thead>\n<tr>\n<th>Saison<\/th>\n<th>Affluence<\/th>\n<th>Ambiance<\/th>\n<\/tr>\n<\/thead>\n<tbody>\n<tr>\n<td>\u00c9t\u00e9 (juin-sept.)<\/td>\n<td>Forte<\/td>\n<td>Festive, plages anim\u00e9es, id\u00e9ale familles et jeunes<\/td>\n<\/tr>\n<tr>\n<td>Printemps<\/td>\n<td>Mod\u00e9r\u00e9e<\/td>\n<td>Climat agr\u00e9able, moins de foule<\/td>\n<\/tr>\n<tr>\n<td>Automne<\/td>\n<td>Mod\u00e9r\u00e9e<\/td>\n<td>Douceur et tranquillit\u00e9, charme pr\u00e9serv\u00e9<\/td>\n<\/tr>\n<tr>\n<td>Hiver<\/td>\n<td>Faible<\/td>\n<td>Calme, temp\u00e9ratures douces, pris\u00e9 des surfeurs<\/td>\n<\/tr>\n<\/tbody>\n<\/table>\n<\/div>\n<h2>Explorer Albufeira le soir<\/h2>\n<p>Les soir\u00e9es \u00e0 Albufeira offrent une multitude d&rsquo;options. Commencez par une promenade dans la vieille ville, avec ses ruelles pittoresques et ses boutiques charmantes. Vous pourrez y d\u00e9guster des sp\u00e9cialit\u00e9s locales, comme les fameuses pasteis de nata, dans un cadre accueillant.<\/p>\n<p>Si vous souhaitez prolonger votre soir\u00e9e, direction la plage dos Pescadores pour admirer le coucher de soleil. Pour les noctambules, le Strip est l&rsquo;endroit incontournable pour faire la f\u00eate jusqu&rsquo;au petit matin. Si vous pr\u00e9f\u00e9rez une ambiance plus calme, le port de plaisance est parfait pour se d\u00e9tendre en \u00e9coutant le bruit des vagues.<\/p>\n<h3>O\u00f9 se promener \u00e0 Albufeira en soir\u00e9e<\/h3>\n<div class=\"va-albufeira-checks\">\n<div class=\"va-albufeira-ch\">\n<div class=\"va-albufeira-ch-h\">Pour une soir\u00e9e tranquille<\/div>\n<ul>\n<li>Fl\u00e2ner dans les ruelles de la vieille ville<\/li>\n<li>Admirer le coucher de soleil \u00e0 la plage dos Pescadores<\/li>\n<li>Se d\u00e9tendre au port de plaisance, berc\u00e9 par les vagues<\/li>\n<\/ul>\n<\/div>\n<div class=\"va-albufeira-ch bad\">\n<div class=\"va-albufeira-ch-h\">Pour une soir\u00e9e festive<\/div>\n<ul>\n<li>Rejoindre le Strip, ses bars et ses concerts live<\/li>\n<li>Danser jusqu&rsquo;au petit matin en discoth\u00e8que<\/li>\n<li>Siroter un cocktail en terrasse face \u00e0 l&rsquo;oc\u00e9an<\/li>\n<\/ul>\n<\/div>\n<\/div>\n<div class=\"va-albufeira-retenir\">\n<div class=\"va-albufeira-retenir-h\">\u00c0 retenir<\/div>\n<ul>\n<li><strong>Que faire \u00e0 Albufeira :<\/strong> alterner plages (S\u00e3o Rafael, dos Pescadores), excursions en bateau et soir\u00e9es sur le Strip.<\/li>\n<li><strong>Quand partir :<\/strong> l&rsquo;\u00e9t\u00e9 pour l&rsquo;ambiance, le printemps et l&rsquo;automne pour la douceur sans la foule.<\/li>\n<li><strong>Comment s&rsquo;y rendre :<\/strong> via l&rsquo;a\u00e9roport de Faro, principale porte d&rsquo;entr\u00e9e de l&rsquo;Algarve.<\/li>\n<li><strong>\u00c0 ne pas manquer :<\/strong> les falaises de Benagil et la gastronomie locale (cataplana, Bolas de Berlim, pasteis de nata).<\/li>\n<li><strong>Pour qui :<\/strong> une destination parfaite entre amis comme en famille, festive et baln\u00e9aire.<\/li>\n<\/ul>\n<\/div>\n<div class=\"va-albufeira-faq\">\n<div class=\"va-albufeira-faq-h\">Questions fr\u00e9quentes sur Albufeira<\/div>\n<details>\n<summary>Quel a\u00e9roport pour aller \u00e0 Albufeira ?<\/summary>\n<div class=\"va-albufeira-faq-a\">L&rsquo;a\u00e9roport de Faro est la principale porte d&rsquo;entr\u00e9e de l&rsquo;Algarve. C&rsquo;est de l\u00e0 que l&rsquo;on rejoint ensuite Albufeira pour rayonner sur la c\u00f4te sud du Portugal.<\/div>\n<\/details>\n<details>\n<summary>O\u00f9 se promener \u00e0 Albufeira ?<\/summary>\n<div class=\"va-albufeira-faq-a\">La vieille ville et ses ruelles pittoresques sont parfaites pour fl\u00e2ner, tout comme le port de plaisance pour une ambiance calme. Pour le coucher de soleil, direction la plage dos Pescadores ; pour faire la f\u00eate, le Strip reste incontournable.<\/div>\n<\/details>\n<details>\n<summary>O\u00f9 bien manger \u00e0 Albufeira ?<\/summary>\n<div class=\"va-albufeira-faq-a\">Les restaurants de bord de mer servent des plats typiques comme la cataplana de fruits de mer ou les ailes de poulet piri-piri. Dans la vieille ville, on d\u00e9guste les pasteis de nata, et sur la plage les fameuses Bolas de Berlim.<\/div>\n<\/details>\n<details>\n<summary>Pourquoi aller \u00e0 Albufeira ?<\/summary>\n<div class=\"va-albufeira-faq-a\">Pour r\u00e9unir en un seul lieu plages paradisiaques, falaises spectaculaires, gastronomie portugaise et vie nocturne anim\u00e9e. Albufeira s\u00e9duit aussi bien les amateurs de farniente que les f\u00eatards et les familles.<\/div>\n<\/details>\n<\/div>\n<p>Pr\u00eat \u00e0 d\u00e9couvrir Albufeira ? R\u00e9servez votre s\u00e9jour d\u00e8s maintenant et pr\u00e9parez-vous \u00e0 vivre des moments inoubliables au c\u0153ur de l&rsquo;Algarve.<\/p>\n<\/div>\n","protected":false},"excerpt":{"rendered":"","protected":false},"author":34,"featured_media":20162,"comment_status":"open","ping_status":"open","sticky":false,"template":"","format":"standard","meta":{"_acf_changed":false,"manual_indexmenow":false,"indexmenow_id_project":0,"footnotes":""},"categories":[1],"tags":[4537,4530,4535,4547,6285],"class_list":["post-16511","post","type-post","status-publish","format-standard","has-post-thumbnail","hentry","category-a-la-une","tag-activites-nautiques","tag-escapade-en-europe","tag-gastronomie-locale","tag-plages-paradisiaques","tag-voyage-entre-amis","generate-columns","tablet-grid-50","mobile-grid-100","grid-parent","grid-25"],"acf":[],"yoast_head":"<!-- This site is optimized with the Yoast SEO Premium plugin v21.3 (Yoast SEO v25.1) - https:\/\/yoast.com\/wordpress\/plugins\/seo\/ -->\n<title>Albufeira 2025 : une aventure ensoleill\u00e9e au c\u0153ur de<\/title>\n<meta name=\"description\" content=\"Plages dor\u00e9es au pied des falaises ocre, vie nocturne du Strip et excursions vers Benagil : en 2025, Albufeira reste la porte d&#039;entr\u00e9e la plus ensoleill\u00e9e\" \/>\n<meta name=\"robots\" content=\"index, follow, max-snippet:-1, max-image-preview:large, max-video-preview:-1\" \/>\n<link rel=\"canonical\" href=\"https:\/\/voyage-aventure.com\/blog\/a-la-une\/albufeira-2025-une-aventure-ensoleillee-au-coeur-de-lalgarve\/\" \/>\n<meta property=\"og:locale\" content=\"fr_FR\" \/>\n<meta property=\"og:type\" content=\"article\" \/>\n<meta property=\"og:title\" content=\"Albufeira 2025 : une aventure ensoleill\u00e9e au c\u0153ur de\" \/>\n<meta property=\"og:description\" content=\"Plages dor\u00e9es au pied des falaises ocre, vie nocturne du Strip et excursions vers Benagil : en 2025, Albufeira reste la porte d&#039;entr\u00e9e la plus ensoleill\u00e9e\" \/>\n<meta property=\"og:url\" content=\"https:\/\/voyage-aventure.com\/blog\/a-la-une\/albufeira-2025-une-aventure-ensoleillee-au-coeur-de-lalgarve\/\" \/>\n<meta property=\"og:site_name\" content=\"voyage-aventure\" \/>\n<meta property=\"og:image\" content=\"https:\/\/voyage-aventure.com\/blog\/wp-content\/uploads\/2025\/05\/sdxl-e960381f50d21a7703631366de0e7a98-scaled.png\" \/>\n\t<meta property=\"og:image:width\" content=\"1200\" \/>\n\t<meta property=\"og:image:height\" content=\"500\" \/>\n\t<meta property=\"og:image:type\" content=\"image\/png\" \/>\n<meta name=\"author\" content=\"Camille Rouvray\" \/>\n<meta name=\"twitter:card\" content=\"summary_large_image\" \/>\n<script type=\"application\/ld+json\" class=\"yoast-schema-graph\">{\"@context\":\"https:\/\/schema.org\",\"@graph\":[{\"@type\":\"NewsArticle\",\"@id\":\"https:\/\/voyage-aventure.com\/blog\/a-la-une\/albufeira-2025-une-aventure-ensoleillee-au-coeur-de-lalgarve\/#article\",\"isPartOf\":{\"@id\":\"https:\/\/voyage-aventure.com\/blog\/a-la-une\/albufeira-2025-une-aventure-ensoleillee-au-coeur-de-lalgarve\/\"},\"author\":{\"name\":\"Camille Rouvray\",\"@id\":\"https:\/\/voyage-aventure.com\/blog\/#\/schema\/person\/3c864cdc320801e3db34b663e7e3f816\"},\"headline\":\"Albufeira 2025 : une aventure ensoleill\u00e9e au c\u0153ur de l&rsquo;Algarve\",\"datePublished\":\"2026-06-16T15:35:35+00:00\",\"mainEntityOfPage\":{\"@id\":\"https:\/\/voyage-aventure.com\/blog\/a-la-une\/albufeira-2025-une-aventure-ensoleillee-au-coeur-de-lalgarve\/\"},\"wordCount\":1448,\"commentCount\":20,\"publisher\":{\"@id\":\"https:\/\/voyage-aventure.com\/blog\/#organization\"},\"image\":{\"@id\":\"https:\/\/voyage-aventure.com\/blog\/a-la-une\/albufeira-2025-une-aventure-ensoleillee-au-coeur-de-lalgarve\/#primaryimage\"},\"thumbnailUrl\":\"https:\/\/voyage-aventure.com\/blog\/wp-content\/uploads\/2025\/05\/sdxl-e960381f50d21a7703631366de0e7a98-scaled.png\",\"keywords\":[\"Activit\u00e9s Nautiques\",\"Escapade en Europe\",\"Gastronomie Locale\",\"Plages Paradisiaques\",\"Voyage entre amis\"],\"articleSection\":[\"\u00c0 la une\"],\"inLanguage\":\"fr-FR\",\"potentialAction\":[{\"@type\":\"CommentAction\",\"name\":\"Comment\",\"target\":[\"https:\/\/voyage-aventure.com\/blog\/a-la-une\/albufeira-2025-une-aventure-ensoleillee-au-coeur-de-lalgarve\/#respond\"]}]},{\"@type\":\"WebPage\",\"@id\":\"https:\/\/voyage-aventure.com\/blog\/a-la-une\/albufeira-2025-une-aventure-ensoleillee-au-coeur-de-lalgarve\/\",\"url\":\"https:\/\/voyage-aventure.com\/blog\/a-la-une\/albufeira-2025-une-aventure-ensoleillee-au-coeur-de-lalgarve\/\",\"name\":\"Albufeira 2025 : une aventure ensoleill\u00e9e au c\u0153ur de\",\"isPartOf\":{\"@id\":\"https:\/\/voyage-aventure.com\/blog\/#website\"},\"primaryImageOfPage\":{\"@id\":\"https:\/\/voyage-aventure.com\/blog\/a-la-une\/albufeira-2025-une-aventure-ensoleillee-au-coeur-de-lalgarve\/#primaryimage\"},\"image\":{\"@id\":\"https:\/\/voyage-aventure.com\/blog\/a-la-une\/albufeira-2025-une-aventure-ensoleillee-au-coeur-de-lalgarve\/#primaryimage\"},\"thumbnailUrl\":\"https:\/\/voyage-aventure.com\/blog\/wp-content\/uploads\/2025\/05\/sdxl-e960381f50d21a7703631366de0e7a98-scaled.png\",\"datePublished\":\"2026-06-16T15:35:35+00:00\",\"description\":\"Plages dor\u00e9es au pied des falaises ocre, vie nocturne du Strip et excursions vers Benagil : en 2025, Albufeira reste la porte d'entr\u00e9e la plus ensoleill\u00e9e\",\"inLanguage\":\"fr-FR\",\"potentialAction\":[{\"@type\":\"ReadAction\",\"target\":[\"https:\/\/voyage-aventure.com\/blog\/a-la-une\/albufeira-2025-une-aventure-ensoleillee-au-coeur-de-lalgarve\/\"]}]},{\"@type\":\"ImageObject\",\"inLanguage\":\"fr-FR\",\"@id\":\"https:\/\/voyage-aventure.com\/blog\/a-la-une\/albufeira-2025-une-aventure-ensoleillee-au-coeur-de-lalgarve\/#primaryimage\",\"url\":\"https:\/\/voyage-aventure.com\/blog\/wp-content\/uploads\/2025\/05\/sdxl-e960381f50d21a7703631366de0e7a98-scaled.png\",\"contentUrl\":\"https:\/\/voyage-aventure.com\/blog\/wp-content\/uploads\/2025\/05\/sdxl-e960381f50d21a7703631366de0e7a98-scaled.png\",\"width\":1200,\"height\":500},{\"@type\":\"WebSite\",\"@id\":\"https:\/\/voyage-aventure.com\/blog\/#website\",\"url\":\"https:\/\/voyage-aventure.com\/blog\/\",\"name\":\"voyage-aventure.com\",\"description\":\"Votre passeport pour l\u2019inattendu.\",\"publisher\":{\"@id\":\"https:\/\/voyage-aventure.com\/blog\/#organization\"},\"alternateName\":\"Votre passeport pour l\u2019inattendu.\",\"potentialAction\":[{\"@type\":\"SearchAction\",\"target\":{\"@type\":\"EntryPoint\",\"urlTemplate\":\"https:\/\/voyage-aventure.com\/blog\/?s={search_term_string}\"},\"query-input\":{\"@type\":\"PropertyValueSpecification\",\"valueRequired\":true,\"valueName\":\"search_term_string\"}}],\"inLanguage\":\"fr-FR\"},{\"@type\":\"Organization\",\"@id\":\"https:\/\/voyage-aventure.com\/blog\/#organization\",\"name\":\"Foretsensations.fr\",\"url\":\"https:\/\/voyage-aventure.com\/blog\/\",\"logo\":{\"@type\":\"ImageObject\",\"inLanguage\":\"fr-FR\",\"@id\":\"https:\/\/voyage-aventure.com\/blog\/#\/schema\/logo\/image\/\",\"url\":\"https:\/\/voyage-aventure.com\/blog\/wp-content\/uploads\/2024\/12\/19.png\",\"contentUrl\":\"https:\/\/voyage-aventure.com\/blog\/wp-content\/uploads\/2024\/12\/19.png\",\"width\":512,\"height\":512,\"caption\":\"Foretsensations.fr\"},\"image\":{\"@id\":\"https:\/\/voyage-aventure.com\/blog\/#\/schema\/logo\/image\/\"}},{\"@type\":\"Person\",\"@id\":\"https:\/\/voyage-aventure.com\/blog\/#\/schema\/person\/3c864cdc320801e3db34b663e7e3f816\",\"name\":\"Camille Rouvray\",\"image\":{\"@type\":\"ImageObject\",\"inLanguage\":\"fr-FR\",\"@id\":\"https:\/\/voyage-aventure.com\/blog\/#\/schema\/person\/image\/\",\"url\":\"https:\/\/voyage-aventure.com\/blog\/wp-content\/uploads\/2026\/06\/persona_camille-r-96x96.jpg\",\"contentUrl\":\"https:\/\/voyage-aventure.com\/blog\/wp-content\/uploads\/2026\/06\/persona_camille-r-96x96.jpg\",\"caption\":\"Camille Rouvray\"},\"description\":\"Je voyage et j'\u00e9cris sur le voyage depuis une douzaine d'ann\u00e9es, d'abord en tant que routarde au long cours, puis comme r\u00e9dactrice sp\u00e9cialis\u00e9e. Mon terrain de pr\u00e9dilection, ce sont les circuits organis\u00e9s et l'art de bien pr\u00e9parer un itin\u00e9raire : choix de la saison, dur\u00e9e r\u00e9aliste des \u00e9tapes, budget jour par jour, logement et transport sur place. J'aime aussi raconter les p\u00e9pites urbaines, ces adresses qu'on ne trouve pas dans les guides classiques. Avant de publier un dossier destination, je croise toujours plusieurs sources, je v\u00e9rifie les tarifs et les formalit\u00e9s d'entr\u00e9e \u00e0 jour, et je teste moi-m\u00eame quand je le peux. Mon angle reste pratique avant tout : aider le lecteur \u00e0 partir l'esprit tranquille, sans mauvaise surprise une fois sur place. Je m'attache \u00e0 distinguer le coup de c\u0153ur sinc\u00e8re du simple argument marketing.\",\"sameAs\":[\"https:\/\/camillerouvray.fr\/\"],\"url\":\"https:\/\/voyage-aventure.com\/blog\/auteur\/noname\/\"}]}<\/script>\n<!-- \/ Yoast SEO Premium plugin. -->","yoast_head_json":{"title":"Albufeira 2025 : une aventure ensoleill\u00e9e au c\u0153ur de","description":"Plages dor\u00e9es au pied des falaises ocre, vie nocturne du Strip et excursions vers Benagil : en 2025, Albufeira reste la porte d'entr\u00e9e la plus ensoleill\u00e9e","robots":{"index":"index","follow":"follow","max-snippet":"max-snippet:-1","max-image-preview":"max-image-preview:large","max-video-preview":"max-video-preview:-1"},"canonical":"https:\/\/voyage-aventure.com\/blog\/a-la-une\/albufeira-2025-une-aventure-ensoleillee-au-coeur-de-lalgarve\/","og_locale":"fr_FR","og_type":"article","og_title":"Albufeira 2025 : une aventure ensoleill\u00e9e au c\u0153ur de","og_description":"Plages dor\u00e9es au pied des falaises ocre, vie nocturne du Strip et excursions vers Benagil : en 2025, Albufeira reste la porte d'entr\u00e9e la plus ensoleill\u00e9e","og_url":"https:\/\/voyage-aventure.com\/blog\/a-la-une\/albufeira-2025-une-aventure-ensoleillee-au-coeur-de-lalgarve\/","og_site_name":"voyage-aventure","og_image":[{"width":1200,"height":500,"url":"https:\/\/voyage-aventure.com\/blog\/wp-content\/uploads\/2025\/05\/sdxl-e960381f50d21a7703631366de0e7a98-scaled.png","type":"image\/png"}],"author":"Camille Rouvray","twitter_card":"summary_large_image","schema":{"@context":"https:\/\/schema.org","@graph":[{"@type":"NewsArticle","@id":"https:\/\/voyage-aventure.com\/blog\/a-la-une\/albufeira-2025-une-aventure-ensoleillee-au-coeur-de-lalgarve\/#article","isPartOf":{"@id":"https:\/\/voyage-aventure.com\/blog\/a-la-une\/albufeira-2025-une-aventure-ensoleillee-au-coeur-de-lalgarve\/"},"author":{"name":"Camille Rouvray","@id":"https:\/\/voyage-aventure.com\/blog\/#\/schema\/person\/3c864cdc320801e3db34b663e7e3f816"},"headline":"Albufeira 2025 : une aventure ensoleill\u00e9e au c\u0153ur de l&rsquo;Algarve","datePublished":"2026-06-16T15:35:35+00:00","mainEntityOfPage":{"@id":"https:\/\/voyage-aventure.com\/blog\/a-la-une\/albufeira-2025-une-aventure-ensoleillee-au-coeur-de-lalgarve\/"},"wordCount":1448,"commentCount":20,"publisher":{"@id":"https:\/\/voyage-aventure.com\/blog\/#organization"},"image":{"@id":"https:\/\/voyage-aventure.com\/blog\/a-la-une\/albufeira-2025-une-aventure-ensoleillee-au-coeur-de-lalgarve\/#primaryimage"},"thumbnailUrl":"https:\/\/voyage-aventure.com\/blog\/wp-content\/uploads\/2025\/05\/sdxl-e960381f50d21a7703631366de0e7a98-scaled.png","keywords":["Activit\u00e9s Nautiques","Escapade en Europe","Gastronomie Locale","Plages Paradisiaques","Voyage entre amis"],"articleSection":["\u00c0 la une"],"inLanguage":"fr-FR","potentialAction":[{"@type":"CommentAction","name":"Comment","target":["https:\/\/voyage-aventure.com\/blog\/a-la-une\/albufeira-2025-une-aventure-ensoleillee-au-coeur-de-lalgarve\/#respond"]}]},{"@type":"WebPage","@id":"https:\/\/voyage-aventure.com\/blog\/a-la-une\/albufeira-2025-une-aventure-ensoleillee-au-coeur-de-lalgarve\/","url":"https:\/\/voyage-aventure.com\/blog\/a-la-une\/albufeira-2025-une-aventure-ensoleillee-au-coeur-de-lalgarve\/","name":"Albufeira 2025 : une aventure ensoleill\u00e9e au c\u0153ur de","isPartOf":{"@id":"https:\/\/voyage-aventure.com\/blog\/#website"},"primaryImageOfPage":{"@id":"https:\/\/voyage-aventure.com\/blog\/a-la-une\/albufeira-2025-une-aventure-ensoleillee-au-coeur-de-lalgarve\/#primaryimage"},"image":{"@id":"https:\/\/voyage-aventure.com\/blog\/a-la-une\/albufeira-2025-une-aventure-ensoleillee-au-coeur-de-lalgarve\/#primaryimage"},"thumbnailUrl":"https:\/\/voyage-aventure.com\/blog\/wp-content\/uploads\/2025\/05\/sdxl-e960381f50d21a7703631366de0e7a98-scaled.png","datePublished":"2026-06-16T15:35:35+00:00","description":"Plages dor\u00e9es au pied des falaises ocre, vie nocturne du Strip et excursions vers Benagil : en 2025, Albufeira reste la porte d'entr\u00e9e la plus ensoleill\u00e9e","inLanguage":"fr-FR","potentialAction":[{"@type":"ReadAction","target":["https:\/\/voyage-aventure.com\/blog\/a-la-une\/albufeira-2025-une-aventure-ensoleillee-au-coeur-de-lalgarve\/"]}]},{"@type":"ImageObject","inLanguage":"fr-FR","@id":"https:\/\/voyage-aventure.com\/blog\/a-la-une\/albufeira-2025-une-aventure-ensoleillee-au-coeur-de-lalgarve\/#primaryimage","url":"https:\/\/voyage-aventure.com\/blog\/wp-content\/uploads\/2025\/05\/sdxl-e960381f50d21a7703631366de0e7a98-scaled.png","contentUrl":"https:\/\/voyage-aventure.com\/blog\/wp-content\/uploads\/2025\/05\/sdxl-e960381f50d21a7703631366de0e7a98-scaled.png","width":1200,"height":500},{"@type":"WebSite","@id":"https:\/\/voyage-aventure.com\/blog\/#website","url":"https:\/\/voyage-aventure.com\/blog\/","name":"voyage-aventure.com","description":"Votre passeport pour l\u2019inattendu.","publisher":{"@id":"https:\/\/voyage-aventure.com\/blog\/#organization"},"alternateName":"Votre passeport pour l\u2019inattendu.","potentialAction":[{"@type":"SearchAction","target":{"@type":"EntryPoint","urlTemplate":"https:\/\/voyage-aventure.com\/blog\/?s={search_term_string}"},"query-input":{"@type":"PropertyValueSpecification","valueRequired":true,"valueName":"search_term_string"}}],"inLanguage":"fr-FR"},{"@type":"Organization","@id":"https:\/\/voyage-aventure.com\/blog\/#organization","name":"Foretsensations.fr","url":"https:\/\/voyage-aventure.com\/blog\/","logo":{"@type":"ImageObject","inLanguage":"fr-FR","@id":"https:\/\/voyage-aventure.com\/blog\/#\/schema\/logo\/image\/","url":"https:\/\/voyage-aventure.com\/blog\/wp-content\/uploads\/2024\/12\/19.png","contentUrl":"https:\/\/voyage-aventure.com\/blog\/wp-content\/uploads\/2024\/12\/19.png","width":512,"height":512,"caption":"Foretsensations.fr"},"image":{"@id":"https:\/\/voyage-aventure.com\/blog\/#\/schema\/logo\/image\/"}},{"@type":"Person","@id":"https:\/\/voyage-aventure.com\/blog\/#\/schema\/person\/3c864cdc320801e3db34b663e7e3f816","name":"Camille Rouvray","image":{"@type":"ImageObject","inLanguage":"fr-FR","@id":"https:\/\/voyage-aventure.com\/blog\/#\/schema\/person\/image\/","url":"https:\/\/voyage-aventure.com\/blog\/wp-content\/uploads\/2026\/06\/persona_camille-r-96x96.jpg","contentUrl":"https:\/\/voyage-aventure.com\/blog\/wp-content\/uploads\/2026\/06\/persona_camille-r-96x96.jpg","caption":"Camille Rouvray"},"description":"Je voyage et j'\u00e9cris sur le voyage depuis une douzaine d'ann\u00e9es, d'abord en tant que routarde au long cours, puis comme r\u00e9dactrice sp\u00e9cialis\u00e9e. Mon terrain de pr\u00e9dilection, ce sont les circuits organis\u00e9s et l'art de bien pr\u00e9parer un itin\u00e9raire : choix de la saison, dur\u00e9e r\u00e9aliste des \u00e9tapes, budget jour par jour, logement et transport sur place. J'aime aussi raconter les p\u00e9pites urbaines, ces adresses qu'on ne trouve pas dans les guides classiques. Avant de publier un dossier destination, je croise toujours plusieurs sources, je v\u00e9rifie les tarifs et les formalit\u00e9s d'entr\u00e9e \u00e0 jour, et je teste moi-m\u00eame quand je le peux. Mon angle reste pratique avant tout : aider le lecteur \u00e0 partir l'esprit tranquille, sans mauvaise surprise une fois sur place. Je m'attache \u00e0 distinguer le coup de c\u0153ur sinc\u00e8re du simple argument marketing.","sameAs":["https:\/\/camillerouvray.fr\/"],"url":"https:\/\/voyage-aventure.com\/blog\/auteur\/noname\/"}]}},"_links":{"self":[{"href":"https:\/\/voyage-aventure.com\/blog\/wp-json\/wp\/v2\/posts\/16511","targetHints":{"allow":["GET"]}}],"collection":[{"href":"https:\/\/voyage-aventure.com\/blog\/wp-json\/wp\/v2\/posts"}],"about":[{"href":"https:\/\/voyage-aventure.com\/blog\/wp-json\/wp\/v2\/types\/post"}],"author":[{"embeddable":true,"href":"https:\/\/voyage-aventure.com\/blog\/wp-json\/wp\/v2\/users\/34"}],"replies":[{"embeddable":true,"href":"https:\/\/voyage-aventure.com\/blog\/wp-json\/wp\/v2\/comments?post=16511"}],"version-history":[{"count":3,"href":"https:\/\/voyage-aventure.com\/blog\/wp-json\/wp\/v2\/posts\/16511\/revisions"}],"predecessor-version":[{"id":22939,"href":"https:\/\/voyage-aventure.com\/blog\/wp-json\/wp\/v2\/posts\/16511\/revisions\/22939"}],"wp:featuredmedia":[{"embeddable":true,"href":"https:\/\/voyage-aventure.com\/blog\/wp-json\/wp\/v2\/media\/20162"}],"wp:attachment":[{"href":"https:\/\/voyage-aventure.com\/blog\/wp-json\/wp\/v2\/media?parent=16511"}],"wp:term":[{"taxonomy":"category","embeddable":true,"href":"https:\/\/voyage-aventure.com\/blog\/wp-json\/wp\/v2\/categories?post=16511"},{"taxonomy":"post_tag","embeddable":true,"href":"https:\/\/voyage-aventure.com\/blog\/wp-json\/wp\/v2\/tags?post=16511"}],"curies":[{"name":"wp","href":"https:\/\/api.w.org\/{rel}","templated":true}]}}