{"id":16490,"date":"2025-03-26T15:07:44","date_gmt":"2025-03-26T14:07:44","guid":{"rendered":"https:\/\/voyage-aventure.com\/blog\/?p=16490"},"modified":"2025-03-26T15:07:44","modified_gmt":"2025-03-26T14:07:44","slug":"la-visite-du-vice-president-jd-vance-au-groenland-enjeux-et-tensions-diplomatiques","status":"publish","type":"post","link":"https:\/\/voyage-aventure.com\/blog\/a-la-une\/la-visite-du-vice-president-jd-vance-au-groenland-enjeux-et-tensions-diplomatiques\/","title":{"rendered":"La visite du vice-pr\u00e9sident JD Vance au Groenland : enjeux et tensions diplomatiques"},"content":{"rendered":"<h2>Un voyage controvers\u00e9 sur fond de tensions<\/h2>\n<p>Le vice-pr\u00e9sident JD Vance se rendra au Groenland aux c\u00f4t\u00e9s de sa femme, Usha Vance, et d&rsquo;une d\u00e9l\u00e9gation am\u00e9ricaine. Ce voyage, pr\u00e9vu pour cette semaine, a \u00e9t\u00e9 consid\u00e9rablement r\u00e9duit \u00e0 une simple visite d&rsquo;une journ\u00e9e, en r\u00e9ponse \u00e0 des protestations provenant de Nuuk et de Copenhague. \u00c0 l&rsquo;origine, cette visite s&rsquo;annon\u00e7ait beaucoup plus ambitieuse, mais les tensions diplomatiques ont pouss\u00e9 les organisateurs \u00e0 r\u00e9\u00e9valuer l&rsquo;itin\u00e9raire.<\/p>\n<p>Selon les annonces officielles de la Maison Blanche, la visite se concentrera principalement sur le Pituffik Space Base, une installation de la Force spatiale am\u00e9ricaine situ\u00e9e sur la c\u00f4te nord-ouest de l&rsquo;\u00eele. Le vice-pr\u00e9sident a exprim\u00e9 son intention de s&rsquo;informer sur la situation s\u00e9curitaire de l&rsquo;\u00eele, \u00e9tant donn\u00e9 les menaces potentielles que d&rsquo;autres pays font peser sur le Groenland et ses voies navigables.<\/p>\n<h2>Une r\u00e9ponse \u00e0 des pr\u00e9occupations strat\u00e9giques<\/h2>\n<p>Au-del\u00e0 de la simple visite, JD Vance a expliqu\u00e9 qu&rsquo;il souhaitait rencontrer les membres de l&rsquo;\u00e9quipe de la Force spatiale, surnomm\u00e9s les \u00ab\u00a0Gardiens\u00a0\u00bb, pour mieux comprendre les enjeux de s\u00e9curit\u00e9. Il a soulign\u00e9 que le Groenland a souvent \u00e9t\u00e9 n\u00e9glig\u00e9 par les dirigeants des \u00c9tats-Unis et du Danemark. \u00ab\u00a0Nous devons r\u00e9affirmer la s\u00e9curit\u00e9 des habitants du Groenland\u00a0\u00bb, a-t-il d\u00e9clar\u00e9.<\/p>\n<p>Les tensions autour de cette visite ne sont pas nouvelles. Le Premier ministre danois, Mette Frederiksen, a qualifi\u00e9 la visite de Mme Vance de pression inacceptable, soulignant le lien avec les ambitions de l&rsquo;administration Trump concernant le Groenland. Les critiques de ces visites soulignent un sentiment croissant d&rsquo;ind\u00e9pendance parmi la population groenlandaise, qui s&rsquo;inqui\u00e8te de l&rsquo;ing\u00e9rence ext\u00e9rieure.<\/p>\n<p><iframe loading=\"lazy\" title=\"Groenland : pourquoi les \u00c9tats-Unis s&#039;int\u00e9ressent-ils autant \u00e0 ce territoire ?\" width=\"1200\" height=\"675\" src=\"https:\/\/www.youtube.com\/embed\/Ie1uefiPZc8?feature=oembed\" frameborder=\"0\" allow=\"accelerometer; autoplay; clipboard-write; encrypted-media; gyroscope; picture-in-picture; web-share\" referrerpolicy=\"strict-origin-when-cross-origin\" allowfullscreen><\/iframe><\/p>\n<h2>R\u00e9actions locales et sentiment d&rsquo;ind\u00e9pendance<\/h2>\n<p>Les autorit\u00e9s danoises ont accueilli le changement d&rsquo;itin\u00e9raire de la visite avec satisfaction. Le ministre des Affaires \u00e9trang\u00e8res, Lars Lokke Rasmussen, a d\u00e9clar\u00e9 que c&rsquo;\u00e9tait \u00ab\u00a0tr\u00e8s positif\u00a0\u00bb, affirmant que le Danemark n&rsquo;avait \u00ab\u00a0rien contre\u00a0\u00bb les visites des responsables am\u00e9ricains. Cependant, cette position contraste avec les pr\u00e9occupations exprim\u00e9es par les dirigeants groenlandais, qui craignent l&rsquo;impact des visites sur leur autonomie.<\/p>\n<p>Les manifestations anti-am\u00e9ricaines, motiv\u00e9es par des d\u00e9clarations pass\u00e9es de Trump concernant l&rsquo;achat potentiel du Groenland, continuent de faire surface. Les locaux, en col\u00e8re, ont exprim\u00e9 leurs sentiments avec des slogans tels que \u00ab\u00a0Respectez les accords internationaux\u00a0\u00bb et \u00ab\u00a0Yankee, rentrez chez vous\u00a0\u00bb. Cette mont\u00e9e du sentiment ind\u00e9pendant pourrait influencer la politique future du Groenland.<\/p>\n<ul>\n<li>Visite d&rsquo;une journ\u00e9e au Groenland par JD Vance et Usha Vance<\/li>\n<li>Focus sur la s\u00e9curit\u00e9 et l&rsquo;installation militaire am\u00e9ricaine<\/li>\n<li>Critiques des visites par des dirigeants danois et groenlandais<\/li>\n<li>Sentiment d&rsquo;ind\u00e9pendance croissant parmi la population groenlandaise<\/li>\n<li>R\u00e9actions mitig\u00e9es face aux tensions diplomatiques<\/li>\n<\/ul>\n<blockquote><p>\n  \u00ab\u00a0Nous devons r\u00e9affirmer la s\u00e9curit\u00e9 des habitants du Groenland\u00a0\u00bb, a d\u00e9clar\u00e9 JD Vance.\n<\/p><\/blockquote>\n<p>Cette visite, bien que r\u00e9duite, met en lumi\u00e8re des enjeux complexes et des tensions diplomatiques qui perdurent. La dynamique entre les \u00c9tats-Unis, le Danemark et le Groenland continuera \u00e0 \u00e9voluer, surtout dans un contexte o\u00f9 le sentiment d&rsquo;autonomie prend de l&rsquo;ampleur. Les \u00e9v\u00e9nements \u00e0 venir seront cruciaux pour d\u00e9terminer comment ces nations interagiront \u00e0 l&rsquo;avenir et comment le Groenland s&rsquo;affirmera sur la sc\u00e8ne internationale.<\/p>\n","protected":false},"excerpt":{"rendered":"","protected":false},"author":34,"featured_media":18184,"comment_status":"open","ping_status":"open","sticky":false,"template":"","format":"standard","meta":{"_acf_changed":false,"manual_indexmenow":false,"indexmenow_id_project":0,"footnotes":""},"categories":[1],"tags":[4527,4769,5688,3170,4635],"class_list":["post-16490","post","type-post","status-publish","format-standard","has-post-thumbnail","hentry","category-a-la-une","tag-decouverte-culturelle","tag-immersion-culturelle","tag-relations-internationales","tag-securite","tag-voyage","generate-columns","tablet-grid-50","mobile-grid-100","grid-parent","grid-25"],"acf":[],"yoast_head":"<!-- This site is optimized with the Yoast SEO Premium plugin v21.3 (Yoast SEO v25.1) - https:\/\/yoast.com\/wordpress\/plugins\/seo\/ -->\n<title>La visite du vice-pr\u00e9sident JD Vance au Groenland : enjeux<\/title>\n<meta name=\"description\" content=\"Le vice-pr\u00e9sident JD Vance se rendra au Groenland aux c\u00f4t\u00e9s de sa femme, Usha Vance, et d&#039;une d\u00e9l\u00e9gation am\u00e9ricaine. Ce voyage, pr\u00e9vu pour cette semaine\" \/>\n<meta name=\"robots\" content=\"index, follow, max-snippet:-1, max-image-preview:large, max-video-preview:-1\" \/>\n<link rel=\"canonical\" href=\"https:\/\/voyage-aventure.com\/blog\/a-la-une\/la-visite-du-vice-president-jd-vance-au-groenland-enjeux-et-tensions-diplomatiques\/\" \/>\n<meta property=\"og:locale\" content=\"fr_FR\" \/>\n<meta property=\"og:type\" content=\"article\" \/>\n<meta property=\"og:title\" content=\"La visite du vice-pr\u00e9sident JD Vance au Groenland : enjeux\" \/>\n<meta property=\"og:description\" content=\"Le vice-pr\u00e9sident JD Vance se rendra au Groenland aux c\u00f4t\u00e9s de sa femme, Usha Vance, et d&#039;une d\u00e9l\u00e9gation am\u00e9ricaine. Ce voyage, pr\u00e9vu pour cette semaine\" \/>\n<meta property=\"og:url\" content=\"https:\/\/voyage-aventure.com\/blog\/a-la-une\/la-visite-du-vice-president-jd-vance-au-groenland-enjeux-et-tensions-diplomatiques\/\" \/>\n<meta property=\"og:site_name\" content=\"voyage-aventure\" \/>\n<meta property=\"og:image\" content=\"https:\/\/voyage-aventure.com\/blog\/wp-content\/uploads\/2025\/04\/sdxl-868532e320bc742a6f1d66849777cc47.png\" \/>\n\t<meta property=\"og:image:width\" content=\"1536\" \/>\n\t<meta property=\"og:image:height\" content=\"640\" \/>\n\t<meta property=\"og:image:type\" content=\"image\/png\" \/>\n<meta name=\"author\" content=\"Camille Rouvray\" \/>\n<meta name=\"twitter:card\" content=\"summary_large_image\" \/>\n<script type=\"application\/ld+json\" class=\"yoast-schema-graph\">{\"@context\":\"https:\/\/schema.org\",\"@graph\":[{\"@type\":\"NewsArticle\",\"@id\":\"https:\/\/voyage-aventure.com\/blog\/a-la-une\/la-visite-du-vice-president-jd-vance-au-groenland-enjeux-et-tensions-diplomatiques\/#article\",\"isPartOf\":{\"@id\":\"https:\/\/voyage-aventure.com\/blog\/a-la-une\/la-visite-du-vice-president-jd-vance-au-groenland-enjeux-et-tensions-diplomatiques\/\"},\"author\":{\"name\":\"Camille Rouvray\",\"@id\":\"https:\/\/voyage-aventure.com\/blog\/#\/schema\/person\/3c864cdc320801e3db34b663e7e3f816\"},\"headline\":\"La visite du vice-pr\u00e9sident JD Vance au Groenland : enjeux et tensions diplomatiques\",\"datePublished\":\"2025-03-26T14:07:44+00:00\",\"mainEntityOfPage\":{\"@id\":\"https:\/\/voyage-aventure.com\/blog\/a-la-une\/la-visite-du-vice-president-jd-vance-au-groenland-enjeux-et-tensions-diplomatiques\/\"},\"wordCount\":593,\"commentCount\":20,\"publisher\":{\"@id\":\"https:\/\/voyage-aventure.com\/blog\/#organization\"},\"image\":{\"@id\":\"https:\/\/voyage-aventure.com\/blog\/a-la-une\/la-visite-du-vice-president-jd-vance-au-groenland-enjeux-et-tensions-diplomatiques\/#primaryimage\"},\"thumbnailUrl\":\"https:\/\/voyage-aventure.com\/blog\/wp-content\/uploads\/2025\/04\/sdxl-868532e320bc742a6f1d66849777cc47.png\",\"keywords\":[\"D\u00e9couverte Culturelle\",\"Immersion Culturelle\",\"Relations Internationales\",\"S\u00e9curit\u00e9\",\"Voyage\"],\"articleSection\":[\"\u00c0 la une\"],\"inLanguage\":\"fr-FR\",\"potentialAction\":[{\"@type\":\"CommentAction\",\"name\":\"Comment\",\"target\":[\"https:\/\/voyage-aventure.com\/blog\/a-la-une\/la-visite-du-vice-president-jd-vance-au-groenland-enjeux-et-tensions-diplomatiques\/#respond\"]}]},{\"@type\":\"WebPage\",\"@id\":\"https:\/\/voyage-aventure.com\/blog\/a-la-une\/la-visite-du-vice-president-jd-vance-au-groenland-enjeux-et-tensions-diplomatiques\/\",\"url\":\"https:\/\/voyage-aventure.com\/blog\/a-la-une\/la-visite-du-vice-president-jd-vance-au-groenland-enjeux-et-tensions-diplomatiques\/\",\"name\":\"La visite du vice-pr\u00e9sident JD Vance au Groenland : enjeux\",\"isPartOf\":{\"@id\":\"https:\/\/voyage-aventure.com\/blog\/#website\"},\"primaryImageOfPage\":{\"@id\":\"https:\/\/voyage-aventure.com\/blog\/a-la-une\/la-visite-du-vice-president-jd-vance-au-groenland-enjeux-et-tensions-diplomatiques\/#primaryimage\"},\"image\":{\"@id\":\"https:\/\/voyage-aventure.com\/blog\/a-la-une\/la-visite-du-vice-president-jd-vance-au-groenland-enjeux-et-tensions-diplomatiques\/#primaryimage\"},\"thumbnailUrl\":\"https:\/\/voyage-aventure.com\/blog\/wp-content\/uploads\/2025\/04\/sdxl-868532e320bc742a6f1d66849777cc47.png\",\"datePublished\":\"2025-03-26T14:07:44+00:00\",\"description\":\"Le vice-pr\u00e9sident JD Vance se rendra au Groenland aux c\u00f4t\u00e9s de sa femme, Usha Vance, et d'une d\u00e9l\u00e9gation am\u00e9ricaine. Ce voyage, pr\u00e9vu pour cette semaine\",\"inLanguage\":\"fr-FR\",\"potentialAction\":[{\"@type\":\"ReadAction\",\"target\":[\"https:\/\/voyage-aventure.com\/blog\/a-la-une\/la-visite-du-vice-president-jd-vance-au-groenland-enjeux-et-tensions-diplomatiques\/\"]}]},{\"@type\":\"ImageObject\",\"inLanguage\":\"fr-FR\",\"@id\":\"https:\/\/voyage-aventure.com\/blog\/a-la-une\/la-visite-du-vice-president-jd-vance-au-groenland-enjeux-et-tensions-diplomatiques\/#primaryimage\",\"url\":\"https:\/\/voyage-aventure.com\/blog\/wp-content\/uploads\/2025\/04\/sdxl-868532e320bc742a6f1d66849777cc47.png\",\"contentUrl\":\"https:\/\/voyage-aventure.com\/blog\/wp-content\/uploads\/2025\/04\/sdxl-868532e320bc742a6f1d66849777cc47.png\",\"width\":1536,\"height\":640},{\"@type\":\"WebSite\",\"@id\":\"https:\/\/voyage-aventure.com\/blog\/#website\",\"url\":\"https:\/\/voyage-aventure.com\/blog\/\",\"name\":\"voyage-aventure.com\",\"description\":\"Votre passeport pour l\u2019inattendu.\",\"publisher\":{\"@id\":\"https:\/\/voyage-aventure.com\/blog\/#organization\"},\"alternateName\":\"Votre passeport pour l\u2019inattendu.\",\"potentialAction\":[{\"@type\":\"SearchAction\",\"target\":{\"@type\":\"EntryPoint\",\"urlTemplate\":\"https:\/\/voyage-aventure.com\/blog\/?s={search_term_string}\"},\"query-input\":{\"@type\":\"PropertyValueSpecification\",\"valueRequired\":true,\"valueName\":\"search_term_string\"}}],\"inLanguage\":\"fr-FR\"},{\"@type\":\"Organization\",\"@id\":\"https:\/\/voyage-aventure.com\/blog\/#organization\",\"name\":\"Foretsensations.fr\",\"url\":\"https:\/\/voyage-aventure.com\/blog\/\",\"logo\":{\"@type\":\"ImageObject\",\"inLanguage\":\"fr-FR\",\"@id\":\"https:\/\/voyage-aventure.com\/blog\/#\/schema\/logo\/image\/\",\"url\":\"https:\/\/voyage-aventure.com\/blog\/wp-content\/uploads\/2024\/12\/19.png\",\"contentUrl\":\"https:\/\/voyage-aventure.com\/blog\/wp-content\/uploads\/2024\/12\/19.png\",\"width\":512,\"height\":512,\"caption\":\"Foretsensations.fr\"},\"image\":{\"@id\":\"https:\/\/voyage-aventure.com\/blog\/#\/schema\/logo\/image\/\"}},{\"@type\":\"Person\",\"@id\":\"https:\/\/voyage-aventure.com\/blog\/#\/schema\/person\/3c864cdc320801e3db34b663e7e3f816\",\"name\":\"Camille Rouvray\",\"image\":{\"@type\":\"ImageObject\",\"inLanguage\":\"fr-FR\",\"@id\":\"https:\/\/voyage-aventure.com\/blog\/#\/schema\/person\/image\/\",\"url\":\"https:\/\/voyage-aventure.com\/blog\/wp-content\/uploads\/2026\/06\/persona_camille-r-96x96.jpg\",\"contentUrl\":\"https:\/\/voyage-aventure.com\/blog\/wp-content\/uploads\/2026\/06\/persona_camille-r-96x96.jpg\",\"caption\":\"Camille Rouvray\"},\"description\":\"Je voyage et j'\u00e9cris sur le voyage depuis une douzaine d'ann\u00e9es, d'abord en tant que routarde au long cours, puis comme r\u00e9dactrice sp\u00e9cialis\u00e9e. Mon terrain de pr\u00e9dilection, ce sont les circuits organis\u00e9s et l'art de bien pr\u00e9parer un itin\u00e9raire : choix de la saison, dur\u00e9e r\u00e9aliste des \u00e9tapes, budget jour par jour, logement et transport sur place. J'aime aussi raconter les p\u00e9pites urbaines, ces adresses qu'on ne trouve pas dans les guides classiques. Avant de publier un dossier destination, je croise toujours plusieurs sources, je v\u00e9rifie les tarifs et les formalit\u00e9s d'entr\u00e9e \u00e0 jour, et je teste moi-m\u00eame quand je le peux. Mon angle reste pratique avant tout : aider le lecteur \u00e0 partir l'esprit tranquille, sans mauvaise surprise une fois sur place. Je m'attache \u00e0 distinguer le coup de c\u0153ur sinc\u00e8re du simple argument marketing.\",\"sameAs\":[\"https:\/\/camillerouvray.fr\/\"],\"url\":\"https:\/\/voyage-aventure.com\/blog\/auteur\/noname\/\"}]}<\/script>\n<!-- \/ Yoast SEO Premium plugin. -->","yoast_head_json":{"title":"La visite du vice-pr\u00e9sident JD Vance au Groenland : enjeux","description":"Le vice-pr\u00e9sident JD Vance se rendra au Groenland aux c\u00f4t\u00e9s de sa femme, Usha Vance, et d'une d\u00e9l\u00e9gation am\u00e9ricaine. Ce voyage, pr\u00e9vu pour cette semaine","robots":{"index":"index","follow":"follow","max-snippet":"max-snippet:-1","max-image-preview":"max-image-preview:large","max-video-preview":"max-video-preview:-1"},"canonical":"https:\/\/voyage-aventure.com\/blog\/a-la-une\/la-visite-du-vice-president-jd-vance-au-groenland-enjeux-et-tensions-diplomatiques\/","og_locale":"fr_FR","og_type":"article","og_title":"La visite du vice-pr\u00e9sident JD Vance au Groenland : enjeux","og_description":"Le vice-pr\u00e9sident JD Vance se rendra au Groenland aux c\u00f4t\u00e9s de sa femme, Usha Vance, et d'une d\u00e9l\u00e9gation am\u00e9ricaine. Ce voyage, pr\u00e9vu pour cette semaine","og_url":"https:\/\/voyage-aventure.com\/blog\/a-la-une\/la-visite-du-vice-president-jd-vance-au-groenland-enjeux-et-tensions-diplomatiques\/","og_site_name":"voyage-aventure","og_image":[{"width":1536,"height":640,"url":"https:\/\/voyage-aventure.com\/blog\/wp-content\/uploads\/2025\/04\/sdxl-868532e320bc742a6f1d66849777cc47.png","type":"image\/png"}],"author":"Camille Rouvray","twitter_card":"summary_large_image","schema":{"@context":"https:\/\/schema.org","@graph":[{"@type":"NewsArticle","@id":"https:\/\/voyage-aventure.com\/blog\/a-la-une\/la-visite-du-vice-president-jd-vance-au-groenland-enjeux-et-tensions-diplomatiques\/#article","isPartOf":{"@id":"https:\/\/voyage-aventure.com\/blog\/a-la-une\/la-visite-du-vice-president-jd-vance-au-groenland-enjeux-et-tensions-diplomatiques\/"},"author":{"name":"Camille Rouvray","@id":"https:\/\/voyage-aventure.com\/blog\/#\/schema\/person\/3c864cdc320801e3db34b663e7e3f816"},"headline":"La visite du vice-pr\u00e9sident JD Vance au Groenland : enjeux et tensions diplomatiques","datePublished":"2025-03-26T14:07:44+00:00","mainEntityOfPage":{"@id":"https:\/\/voyage-aventure.com\/blog\/a-la-une\/la-visite-du-vice-president-jd-vance-au-groenland-enjeux-et-tensions-diplomatiques\/"},"wordCount":593,"commentCount":20,"publisher":{"@id":"https:\/\/voyage-aventure.com\/blog\/#organization"},"image":{"@id":"https:\/\/voyage-aventure.com\/blog\/a-la-une\/la-visite-du-vice-president-jd-vance-au-groenland-enjeux-et-tensions-diplomatiques\/#primaryimage"},"thumbnailUrl":"https:\/\/voyage-aventure.com\/blog\/wp-content\/uploads\/2025\/04\/sdxl-868532e320bc742a6f1d66849777cc47.png","keywords":["D\u00e9couverte Culturelle","Immersion Culturelle","Relations Internationales","S\u00e9curit\u00e9","Voyage"],"articleSection":["\u00c0 la une"],"inLanguage":"fr-FR","potentialAction":[{"@type":"CommentAction","name":"Comment","target":["https:\/\/voyage-aventure.com\/blog\/a-la-une\/la-visite-du-vice-president-jd-vance-au-groenland-enjeux-et-tensions-diplomatiques\/#respond"]}]},{"@type":"WebPage","@id":"https:\/\/voyage-aventure.com\/blog\/a-la-une\/la-visite-du-vice-president-jd-vance-au-groenland-enjeux-et-tensions-diplomatiques\/","url":"https:\/\/voyage-aventure.com\/blog\/a-la-une\/la-visite-du-vice-president-jd-vance-au-groenland-enjeux-et-tensions-diplomatiques\/","name":"La visite du vice-pr\u00e9sident JD Vance au Groenland : enjeux","isPartOf":{"@id":"https:\/\/voyage-aventure.com\/blog\/#website"},"primaryImageOfPage":{"@id":"https:\/\/voyage-aventure.com\/blog\/a-la-une\/la-visite-du-vice-president-jd-vance-au-groenland-enjeux-et-tensions-diplomatiques\/#primaryimage"},"image":{"@id":"https:\/\/voyage-aventure.com\/blog\/a-la-une\/la-visite-du-vice-president-jd-vance-au-groenland-enjeux-et-tensions-diplomatiques\/#primaryimage"},"thumbnailUrl":"https:\/\/voyage-aventure.com\/blog\/wp-content\/uploads\/2025\/04\/sdxl-868532e320bc742a6f1d66849777cc47.png","datePublished":"2025-03-26T14:07:44+00:00","description":"Le vice-pr\u00e9sident JD Vance se rendra au Groenland aux c\u00f4t\u00e9s de sa femme, Usha Vance, et d'une d\u00e9l\u00e9gation am\u00e9ricaine. Ce voyage, pr\u00e9vu pour cette semaine","inLanguage":"fr-FR","potentialAction":[{"@type":"ReadAction","target":["https:\/\/voyage-aventure.com\/blog\/a-la-une\/la-visite-du-vice-president-jd-vance-au-groenland-enjeux-et-tensions-diplomatiques\/"]}]},{"@type":"ImageObject","inLanguage":"fr-FR","@id":"https:\/\/voyage-aventure.com\/blog\/a-la-une\/la-visite-du-vice-president-jd-vance-au-groenland-enjeux-et-tensions-diplomatiques\/#primaryimage","url":"https:\/\/voyage-aventure.com\/blog\/wp-content\/uploads\/2025\/04\/sdxl-868532e320bc742a6f1d66849777cc47.png","contentUrl":"https:\/\/voyage-aventure.com\/blog\/wp-content\/uploads\/2025\/04\/sdxl-868532e320bc742a6f1d66849777cc47.png","width":1536,"height":640},{"@type":"WebSite","@id":"https:\/\/voyage-aventure.com\/blog\/#website","url":"https:\/\/voyage-aventure.com\/blog\/","name":"voyage-aventure.com","description":"Votre passeport pour l\u2019inattendu.","publisher":{"@id":"https:\/\/voyage-aventure.com\/blog\/#organization"},"alternateName":"Votre passeport pour l\u2019inattendu.","potentialAction":[{"@type":"SearchAction","target":{"@type":"EntryPoint","urlTemplate":"https:\/\/voyage-aventure.com\/blog\/?s={search_term_string}"},"query-input":{"@type":"PropertyValueSpecification","valueRequired":true,"valueName":"search_term_string"}}],"inLanguage":"fr-FR"},{"@type":"Organization","@id":"https:\/\/voyage-aventure.com\/blog\/#organization","name":"Foretsensations.fr","url":"https:\/\/voyage-aventure.com\/blog\/","logo":{"@type":"ImageObject","inLanguage":"fr-FR","@id":"https:\/\/voyage-aventure.com\/blog\/#\/schema\/logo\/image\/","url":"https:\/\/voyage-aventure.com\/blog\/wp-content\/uploads\/2024\/12\/19.png","contentUrl":"https:\/\/voyage-aventure.com\/blog\/wp-content\/uploads\/2024\/12\/19.png","width":512,"height":512,"caption":"Foretsensations.fr"},"image":{"@id":"https:\/\/voyage-aventure.com\/blog\/#\/schema\/logo\/image\/"}},{"@type":"Person","@id":"https:\/\/voyage-aventure.com\/blog\/#\/schema\/person\/3c864cdc320801e3db34b663e7e3f816","name":"Camille Rouvray","image":{"@type":"ImageObject","inLanguage":"fr-FR","@id":"https:\/\/voyage-aventure.com\/blog\/#\/schema\/person\/image\/","url":"https:\/\/voyage-aventure.com\/blog\/wp-content\/uploads\/2026\/06\/persona_camille-r-96x96.jpg","contentUrl":"https:\/\/voyage-aventure.com\/blog\/wp-content\/uploads\/2026\/06\/persona_camille-r-96x96.jpg","caption":"Camille Rouvray"},"description":"Je voyage et j'\u00e9cris sur le voyage depuis une douzaine d'ann\u00e9es, d'abord en tant que routarde au long cours, puis comme r\u00e9dactrice sp\u00e9cialis\u00e9e. Mon terrain de pr\u00e9dilection, ce sont les circuits organis\u00e9s et l'art de bien pr\u00e9parer un itin\u00e9raire : choix de la saison, dur\u00e9e r\u00e9aliste des \u00e9tapes, budget jour par jour, logement et transport sur place. J'aime aussi raconter les p\u00e9pites urbaines, ces adresses qu'on ne trouve pas dans les guides classiques. Avant de publier un dossier destination, je croise toujours plusieurs sources, je v\u00e9rifie les tarifs et les formalit\u00e9s d'entr\u00e9e \u00e0 jour, et je teste moi-m\u00eame quand je le peux. Mon angle reste pratique avant tout : aider le lecteur \u00e0 partir l'esprit tranquille, sans mauvaise surprise une fois sur place. Je m'attache \u00e0 distinguer le coup de c\u0153ur sinc\u00e8re du simple argument marketing.","sameAs":["https:\/\/camillerouvray.fr\/"],"url":"https:\/\/voyage-aventure.com\/blog\/auteur\/noname\/"}]}},"_links":{"self":[{"href":"https:\/\/voyage-aventure.com\/blog\/wp-json\/wp\/v2\/posts\/16490","targetHints":{"allow":["GET"]}}],"collection":[{"href":"https:\/\/voyage-aventure.com\/blog\/wp-json\/wp\/v2\/posts"}],"about":[{"href":"https:\/\/voyage-aventure.com\/blog\/wp-json\/wp\/v2\/types\/post"}],"author":[{"embeddable":true,"href":"https:\/\/voyage-aventure.com\/blog\/wp-json\/wp\/v2\/users\/34"}],"replies":[{"embeddable":true,"href":"https:\/\/voyage-aventure.com\/blog\/wp-json\/wp\/v2\/comments?post=16490"}],"version-history":[{"count":1,"href":"https:\/\/voyage-aventure.com\/blog\/wp-json\/wp\/v2\/posts\/16490\/revisions"}],"predecessor-version":[{"id":16491,"href":"https:\/\/voyage-aventure.com\/blog\/wp-json\/wp\/v2\/posts\/16490\/revisions\/16491"}],"wp:featuredmedia":[{"embeddable":true,"href":"https:\/\/voyage-aventure.com\/blog\/wp-json\/wp\/v2\/media\/18184"}],"wp:attachment":[{"href":"https:\/\/voyage-aventure.com\/blog\/wp-json\/wp\/v2\/media?parent=16490"}],"wp:term":[{"taxonomy":"category","embeddable":true,"href":"https:\/\/voyage-aventure.com\/blog\/wp-json\/wp\/v2\/categories?post=16490"},{"taxonomy":"post_tag","embeddable":true,"href":"https:\/\/voyage-aventure.com\/blog\/wp-json\/wp\/v2\/tags?post=16490"}],"curies":[{"name":"wp","href":"https:\/\/api.w.org\/{rel}","templated":true}]}}