{"id":16465,"date":"2025-03-26T13:05:06","date_gmt":"2025-03-26T12:05:06","guid":{"rendered":"https:\/\/voyage-aventure.com\/blog\/a-la-une\/la-demande-de-voyages-aeriens-au-premier-trimestre-2025-retour-aux-niveaux-davant-pandemie\/"},"modified":"2025-03-26T13:05:00","modified_gmt":"2025-03-26T12:05:00","slug":"la-demande-de-voyages-aeriens-au-premier-trimestre-2025-retour-aux-niveaux-davant-pandemie","status":"publish","type":"post","link":"https:\/\/voyage-aventure.com\/blog\/a-la-une\/la-demande-de-voyages-aeriens-au-premier-trimestre-2025-retour-aux-niveaux-davant-pandemie\/","title":{"rendered":"la demande de voyages a\u00e9riens au premier trimestre 2025 : retour aux niveaux d&rsquo;avant pand\u00e9mie"},"content":{"rendered":"<h2>Une reprise impressionnante des voyages a\u00e9riens<\/h2>\n<p>Les chiffres montrent que la demande annuelle a non seulement atteint, mais a m\u00eame d\u00e9pass\u00e9 les niveaux d&rsquo;avant la pand\u00e9mie de 2019. Les passagers voyagent \u00e0 nouveau en masse, marquant un tournant positif pour l&rsquo;industrie a\u00e9ronautique.<\/p>\n<p>Cette reprise a \u00e9t\u00e9 rendue possible gr\u00e2ce \u00e0 une combinaison de facteurs \u00e9conomiques favorables et \u00e0 une demande refoul\u00e9e accumul\u00e9e pendant les p\u00e9riodes de restrictions. Les pr\u00e9visions montrent que le trafic passagers, mesur\u00e9 en kilom\u00e8tres passagers revenus (RPK), a d\u00e9pass\u00e9 les niveaux de 2019, ce qui t\u00e9moigne de la solidit\u00e9 du secteur. Toutefois, des d\u00e9fis subsistent, notamment les co\u00fbts de mitigation du CO2 et l&rsquo;inflation, qui pourraient influencer la demande future.<\/p>\n<p><iframe loading=\"lazy\" title=\"Comment agit le virus de la grippe ? - C&#039;est Pas Sorcier\" width=\"1200\" height=\"900\" src=\"https:\/\/www.youtube.com\/embed\/jxdPh3oE95g?feature=oembed\" frameborder=\"0\" allow=\"accelerometer; autoplay; clipboard-write; encrypted-media; gyroscope; picture-in-picture; web-share\" referrerpolicy=\"strict-origin-when-cross-origin\" allowfullscreen><\/iframe><\/p>\n<h2>Impact des march\u00e9s r\u00e9gionaux sur la demande<\/h2>\n<p>Les march\u00e9s domestiques des \u00c9tats-Unis et du Mexique ont connu une baisse inattendue, r\u00e9duisant les perspectives de demande interr\u00e9gionale en Am\u00e9rique du Nord de 2 %. Ce recul se traduit par une diminution de 2,3 milliards de dollars de revenus, ce qui soul\u00e8ve des pr\u00e9occupations pour l&rsquo;avenir de cette r\u00e9gion. Malgr\u00e9 cela, des perspectives positives \u00e9mergent avec une hausse de la demande entre l&rsquo;Europe et l&rsquo;Am\u00e9rique du Nord, qui a augment\u00e9 d&rsquo;environ 3,5 %.<\/p>\n<p>Cette augmentation est le r\u00e9sultat d&rsquo;une demande croissante sur des liaisons cl\u00e9s entre les deux continents, d\u00e9passant les attentes. Les pr\u00e9visions indiquent que cette tendance pourrait se maintenir, entra\u00eenant une augmentation des revenus de 1 milliard de dollars. Cela souligne l&rsquo;importance strat\u00e9gique des liaisons transatlantiques dans le r\u00e9tablissement du secteur a\u00e9rien.<\/p>\n<h2>La dynamique du march\u00e9 asiatique et au-del\u00e0<\/h2>\n<p>En Asie, Bain &amp; Company anticipe une forte croissance de la demande intrar\u00e9gionale, avec une augmentation pr\u00e9vue de 53 % d&rsquo;ici 2030 par rapport \u00e0 2019. Cette dynamique met en lumi\u00e8re l&rsquo;essor du march\u00e9 asiatique, qui est en passe de devenir un acteur central dans le paysage mondial du voyage a\u00e9rien. La Chine devrait voir un afflux massif de voyageurs, la pla\u00e7ant de nouveau parmi les leaders du march\u00e9 des voyages internationaux.<\/p>\n<p>De plus, l&rsquo;Inde est en train de devenir un march\u00e9 de voyage important, avec des pr\u00e9visions la pla\u00e7ant au neuvi\u00e8me rang des march\u00e9s de voyages sortants. L&rsquo;Europe continuera de revendiquer plusieurs des principaux march\u00e9s de court-courrier, avec le Royaume-Uni et l&rsquo;Allemagne en t\u00eate. Ces d\u00e9veloppements t\u00e9moignent d&rsquo;une \u00e9volution positive et d&rsquo;une confiance croissante des consommateurs envers les voyages a\u00e9riens.<\/p>\n<blockquote><p>\n    \u00ab\u00a0La reprise des voyages a\u00e9riens au premier trimestre 2025 offre un nouvel espoir pour l&rsquo;industrie, mais des d\u00e9fis persistent.\u00a0\u00bb\n<\/p><\/blockquote>\n<ul>\n<li>Reprise de la demande au-dessus des niveaux de 2019.<\/li>\n<li>Impact des co\u00fbts de mitigation du CO2 sur les pr\u00e9visions futures.<\/li>\n<li>Augmentation des voyages entre l&rsquo;Europe et l&rsquo;Am\u00e9rique du Nord.<\/li>\n<li>Anticipation d&rsquo;une forte croissance en Asie, notamment en Chine et en Inde.<\/li>\n<li>Les \u00c9tats-Unis devraient surpasser le Royaume-Uni en tant que plus grand march\u00e9 des voyages sortants d&rsquo;ici 2030.<\/li>\n<\/ul>\n<p>Les pr\u00e9visions pour 2024 s&rsquo;alignent sur les attentes, atteignant 102,6 % de la valeur de 2019. En regardant vers l&rsquo;avenir, les chiffres mondiaux de RPK devraient atteindre 11,3 trillions d&rsquo;ici 2030, repr\u00e9sentant 136 % du volume de 2019. Il est ind\u00e9niable que l&rsquo;industrie a\u00e9rienne est sur la voie d&rsquo;une reprise solide, m\u00eame si certains d\u00e9fis demeurent \u00e0 surmonter.<\/p>\n","protected":false},"excerpt":{"rendered":"","protected":false},"author":34,"featured_media":18186,"comment_status":"open","ping_status":"open","sticky":false,"template":"","format":"standard","meta":{"_acf_changed":false,"manual_indexmenow":false,"indexmenow_id_project":0,"footnotes":""},"categories":[1],"tags":[4639,4636,5008,4635,4526],"class_list":["post-16465","post","type-post","status-publish","format-standard","has-post-thumbnail","hentry","category-a-la-une","tag-aventure","tag-destinations","tag-tourisme","tag-voyage","tag-voyage-economique","generate-columns","tablet-grid-50","mobile-grid-100","grid-parent","grid-25"],"acf":[],"yoast_head":"<!-- This site is optimized with the Yoast SEO Premium plugin v21.3 (Yoast SEO v25.1) - https:\/\/yoast.com\/wordpress\/plugins\/seo\/ -->\n<title>la demande de voyages a\u00e9riens au premier trimestre 2025<\/title>\n<meta name=\"description\" content=\"Les chiffres montrent que la demande annuelle a non seulement atteint, mais a m\u00eame d\u00e9pass\u00e9 les niveaux d&#039;avant la pand\u00e9mie de 2019. Les passagers voyagent\" \/>\n<meta name=\"robots\" content=\"index, follow, max-snippet:-1, max-image-preview:large, max-video-preview:-1\" \/>\n<link rel=\"canonical\" href=\"https:\/\/voyage-aventure.com\/blog\/a-la-une\/la-demande-de-voyages-aeriens-au-premier-trimestre-2025-retour-aux-niveaux-davant-pandemie\/\" \/>\n<meta property=\"og:locale\" content=\"fr_FR\" \/>\n<meta property=\"og:type\" content=\"article\" \/>\n<meta property=\"og:title\" content=\"la demande de voyages a\u00e9riens au premier trimestre 2025\" \/>\n<meta property=\"og:description\" content=\"Les chiffres montrent que la demande annuelle a non seulement atteint, mais a m\u00eame d\u00e9pass\u00e9 les niveaux d&#039;avant la pand\u00e9mie de 2019. Les passagers voyagent\" \/>\n<meta property=\"og:url\" content=\"https:\/\/voyage-aventure.com\/blog\/a-la-une\/la-demande-de-voyages-aeriens-au-premier-trimestre-2025-retour-aux-niveaux-davant-pandemie\/\" \/>\n<meta property=\"og:site_name\" content=\"voyage-aventure\" \/>\n<meta property=\"og:image\" content=\"https:\/\/voyage-aventure.com\/blog\/wp-content\/uploads\/2025\/04\/sdxl-5b5399a4e24d27657bd25b6b7f0aeba2.png\" \/>\n\t<meta property=\"og:image:width\" content=\"1536\" \/>\n\t<meta property=\"og:image:height\" content=\"640\" \/>\n\t<meta property=\"og:image:type\" content=\"image\/png\" \/>\n<meta name=\"author\" content=\"Camille Rouvray\" \/>\n<meta name=\"twitter:card\" content=\"summary_large_image\" \/>\n<script type=\"application\/ld+json\" class=\"yoast-schema-graph\">{\"@context\":\"https:\/\/schema.org\",\"@graph\":[{\"@type\":\"NewsArticle\",\"@id\":\"https:\/\/voyage-aventure.com\/blog\/a-la-une\/la-demande-de-voyages-aeriens-au-premier-trimestre-2025-retour-aux-niveaux-davant-pandemie\/#article\",\"isPartOf\":{\"@id\":\"https:\/\/voyage-aventure.com\/blog\/a-la-une\/la-demande-de-voyages-aeriens-au-premier-trimestre-2025-retour-aux-niveaux-davant-pandemie\/\"},\"author\":{\"name\":\"Camille Rouvray\",\"@id\":\"https:\/\/voyage-aventure.com\/blog\/#\/schema\/person\/3c864cdc320801e3db34b663e7e3f816\"},\"headline\":\"la demande de voyages a\u00e9riens au premier trimestre 2025 : retour aux niveaux d&rsquo;avant pand\u00e9mie\",\"datePublished\":\"2025-03-26T12:05:06+00:00\",\"mainEntityOfPage\":{\"@id\":\"https:\/\/voyage-aventure.com\/blog\/a-la-une\/la-demande-de-voyages-aeriens-au-premier-trimestre-2025-retour-aux-niveaux-davant-pandemie\/\"},\"wordCount\":595,\"commentCount\":21,\"publisher\":{\"@id\":\"https:\/\/voyage-aventure.com\/blog\/#organization\"},\"image\":{\"@id\":\"https:\/\/voyage-aventure.com\/blog\/a-la-une\/la-demande-de-voyages-aeriens-au-premier-trimestre-2025-retour-aux-niveaux-davant-pandemie\/#primaryimage\"},\"thumbnailUrl\":\"https:\/\/voyage-aventure.com\/blog\/wp-content\/uploads\/2025\/04\/sdxl-5b5399a4e24d27657bd25b6b7f0aeba2.png\",\"keywords\":[\"Aventure\",\"Destinations\",\"Tourisme\",\"Voyage\",\"Voyage \u00c9conomique\"],\"articleSection\":[\"\u00c0 la une\"],\"inLanguage\":\"fr-FR\",\"potentialAction\":[{\"@type\":\"CommentAction\",\"name\":\"Comment\",\"target\":[\"https:\/\/voyage-aventure.com\/blog\/a-la-une\/la-demande-de-voyages-aeriens-au-premier-trimestre-2025-retour-aux-niveaux-davant-pandemie\/#respond\"]}]},{\"@type\":\"WebPage\",\"@id\":\"https:\/\/voyage-aventure.com\/blog\/a-la-une\/la-demande-de-voyages-aeriens-au-premier-trimestre-2025-retour-aux-niveaux-davant-pandemie\/\",\"url\":\"https:\/\/voyage-aventure.com\/blog\/a-la-une\/la-demande-de-voyages-aeriens-au-premier-trimestre-2025-retour-aux-niveaux-davant-pandemie\/\",\"name\":\"la demande de voyages a\u00e9riens au premier trimestre 2025\",\"isPartOf\":{\"@id\":\"https:\/\/voyage-aventure.com\/blog\/#website\"},\"primaryImageOfPage\":{\"@id\":\"https:\/\/voyage-aventure.com\/blog\/a-la-une\/la-demande-de-voyages-aeriens-au-premier-trimestre-2025-retour-aux-niveaux-davant-pandemie\/#primaryimage\"},\"image\":{\"@id\":\"https:\/\/voyage-aventure.com\/blog\/a-la-une\/la-demande-de-voyages-aeriens-au-premier-trimestre-2025-retour-aux-niveaux-davant-pandemie\/#primaryimage\"},\"thumbnailUrl\":\"https:\/\/voyage-aventure.com\/blog\/wp-content\/uploads\/2025\/04\/sdxl-5b5399a4e24d27657bd25b6b7f0aeba2.png\",\"datePublished\":\"2025-03-26T12:05:06+00:00\",\"description\":\"Les chiffres montrent que la demande annuelle a non seulement atteint, mais a m\u00eame d\u00e9pass\u00e9 les niveaux d'avant la pand\u00e9mie de 2019. Les passagers voyagent\",\"inLanguage\":\"fr-FR\",\"potentialAction\":[{\"@type\":\"ReadAction\",\"target\":[\"https:\/\/voyage-aventure.com\/blog\/a-la-une\/la-demande-de-voyages-aeriens-au-premier-trimestre-2025-retour-aux-niveaux-davant-pandemie\/\"]}]},{\"@type\":\"ImageObject\",\"inLanguage\":\"fr-FR\",\"@id\":\"https:\/\/voyage-aventure.com\/blog\/a-la-une\/la-demande-de-voyages-aeriens-au-premier-trimestre-2025-retour-aux-niveaux-davant-pandemie\/#primaryimage\",\"url\":\"https:\/\/voyage-aventure.com\/blog\/wp-content\/uploads\/2025\/04\/sdxl-5b5399a4e24d27657bd25b6b7f0aeba2.png\",\"contentUrl\":\"https:\/\/voyage-aventure.com\/blog\/wp-content\/uploads\/2025\/04\/sdxl-5b5399a4e24d27657bd25b6b7f0aeba2.png\",\"width\":1536,\"height\":640},{\"@type\":\"WebSite\",\"@id\":\"https:\/\/voyage-aventure.com\/blog\/#website\",\"url\":\"https:\/\/voyage-aventure.com\/blog\/\",\"name\":\"voyage-aventure.com\",\"description\":\"Votre passeport pour l\u2019inattendu.\",\"publisher\":{\"@id\":\"https:\/\/voyage-aventure.com\/blog\/#organization\"},\"alternateName\":\"Votre passeport pour l\u2019inattendu.\",\"potentialAction\":[{\"@type\":\"SearchAction\",\"target\":{\"@type\":\"EntryPoint\",\"urlTemplate\":\"https:\/\/voyage-aventure.com\/blog\/?s={search_term_string}\"},\"query-input\":{\"@type\":\"PropertyValueSpecification\",\"valueRequired\":true,\"valueName\":\"search_term_string\"}}],\"inLanguage\":\"fr-FR\"},{\"@type\":\"Organization\",\"@id\":\"https:\/\/voyage-aventure.com\/blog\/#organization\",\"name\":\"Foretsensations.fr\",\"url\":\"https:\/\/voyage-aventure.com\/blog\/\",\"logo\":{\"@type\":\"ImageObject\",\"inLanguage\":\"fr-FR\",\"@id\":\"https:\/\/voyage-aventure.com\/blog\/#\/schema\/logo\/image\/\",\"url\":\"https:\/\/voyage-aventure.com\/blog\/wp-content\/uploads\/2024\/12\/19.png\",\"contentUrl\":\"https:\/\/voyage-aventure.com\/blog\/wp-content\/uploads\/2024\/12\/19.png\",\"width\":512,\"height\":512,\"caption\":\"Foretsensations.fr\"},\"image\":{\"@id\":\"https:\/\/voyage-aventure.com\/blog\/#\/schema\/logo\/image\/\"}},{\"@type\":\"Person\",\"@id\":\"https:\/\/voyage-aventure.com\/blog\/#\/schema\/person\/3c864cdc320801e3db34b663e7e3f816\",\"name\":\"Camille Rouvray\",\"image\":{\"@type\":\"ImageObject\",\"inLanguage\":\"fr-FR\",\"@id\":\"https:\/\/voyage-aventure.com\/blog\/#\/schema\/person\/image\/\",\"url\":\"https:\/\/voyage-aventure.com\/blog\/wp-content\/uploads\/2026\/06\/persona_camille-r-96x96.jpg\",\"contentUrl\":\"https:\/\/voyage-aventure.com\/blog\/wp-content\/uploads\/2026\/06\/persona_camille-r-96x96.jpg\",\"caption\":\"Camille Rouvray\"},\"description\":\"Je voyage et j'\u00e9cris sur le voyage depuis une douzaine d'ann\u00e9es, d'abord en tant que routarde au long cours, puis comme r\u00e9dactrice sp\u00e9cialis\u00e9e. Mon terrain de pr\u00e9dilection, ce sont les circuits organis\u00e9s et l'art de bien pr\u00e9parer un itin\u00e9raire : choix de la saison, dur\u00e9e r\u00e9aliste des \u00e9tapes, budget jour par jour, logement et transport sur place. J'aime aussi raconter les p\u00e9pites urbaines, ces adresses qu'on ne trouve pas dans les guides classiques. Avant de publier un dossier destination, je croise toujours plusieurs sources, je v\u00e9rifie les tarifs et les formalit\u00e9s d'entr\u00e9e \u00e0 jour, et je teste moi-m\u00eame quand je le peux. Mon angle reste pratique avant tout : aider le lecteur \u00e0 partir l'esprit tranquille, sans mauvaise surprise une fois sur place. Je m'attache \u00e0 distinguer le coup de c\u0153ur sinc\u00e8re du simple argument marketing.\",\"sameAs\":[\"https:\/\/camillerouvray.fr\/\"],\"url\":\"https:\/\/voyage-aventure.com\/blog\/auteur\/noname\/\"}]}<\/script>\n<!-- \/ Yoast SEO Premium plugin. -->","yoast_head_json":{"title":"la demande de voyages a\u00e9riens au premier trimestre 2025","description":"Les chiffres montrent que la demande annuelle a non seulement atteint, mais a m\u00eame d\u00e9pass\u00e9 les niveaux d'avant la pand\u00e9mie de 2019. Les passagers voyagent","robots":{"index":"index","follow":"follow","max-snippet":"max-snippet:-1","max-image-preview":"max-image-preview:large","max-video-preview":"max-video-preview:-1"},"canonical":"https:\/\/voyage-aventure.com\/blog\/a-la-une\/la-demande-de-voyages-aeriens-au-premier-trimestre-2025-retour-aux-niveaux-davant-pandemie\/","og_locale":"fr_FR","og_type":"article","og_title":"la demande de voyages a\u00e9riens au premier trimestre 2025","og_description":"Les chiffres montrent que la demande annuelle a non seulement atteint, mais a m\u00eame d\u00e9pass\u00e9 les niveaux d'avant la pand\u00e9mie de 2019. Les passagers voyagent","og_url":"https:\/\/voyage-aventure.com\/blog\/a-la-une\/la-demande-de-voyages-aeriens-au-premier-trimestre-2025-retour-aux-niveaux-davant-pandemie\/","og_site_name":"voyage-aventure","og_image":[{"width":1536,"height":640,"url":"https:\/\/voyage-aventure.com\/blog\/wp-content\/uploads\/2025\/04\/sdxl-5b5399a4e24d27657bd25b6b7f0aeba2.png","type":"image\/png"}],"author":"Camille Rouvray","twitter_card":"summary_large_image","schema":{"@context":"https:\/\/schema.org","@graph":[{"@type":"NewsArticle","@id":"https:\/\/voyage-aventure.com\/blog\/a-la-une\/la-demande-de-voyages-aeriens-au-premier-trimestre-2025-retour-aux-niveaux-davant-pandemie\/#article","isPartOf":{"@id":"https:\/\/voyage-aventure.com\/blog\/a-la-une\/la-demande-de-voyages-aeriens-au-premier-trimestre-2025-retour-aux-niveaux-davant-pandemie\/"},"author":{"name":"Camille Rouvray","@id":"https:\/\/voyage-aventure.com\/blog\/#\/schema\/person\/3c864cdc320801e3db34b663e7e3f816"},"headline":"la demande de voyages a\u00e9riens au premier trimestre 2025 : retour aux niveaux d&rsquo;avant pand\u00e9mie","datePublished":"2025-03-26T12:05:06+00:00","mainEntityOfPage":{"@id":"https:\/\/voyage-aventure.com\/blog\/a-la-une\/la-demande-de-voyages-aeriens-au-premier-trimestre-2025-retour-aux-niveaux-davant-pandemie\/"},"wordCount":595,"commentCount":21,"publisher":{"@id":"https:\/\/voyage-aventure.com\/blog\/#organization"},"image":{"@id":"https:\/\/voyage-aventure.com\/blog\/a-la-une\/la-demande-de-voyages-aeriens-au-premier-trimestre-2025-retour-aux-niveaux-davant-pandemie\/#primaryimage"},"thumbnailUrl":"https:\/\/voyage-aventure.com\/blog\/wp-content\/uploads\/2025\/04\/sdxl-5b5399a4e24d27657bd25b6b7f0aeba2.png","keywords":["Aventure","Destinations","Tourisme","Voyage","Voyage \u00c9conomique"],"articleSection":["\u00c0 la une"],"inLanguage":"fr-FR","potentialAction":[{"@type":"CommentAction","name":"Comment","target":["https:\/\/voyage-aventure.com\/blog\/a-la-une\/la-demande-de-voyages-aeriens-au-premier-trimestre-2025-retour-aux-niveaux-davant-pandemie\/#respond"]}]},{"@type":"WebPage","@id":"https:\/\/voyage-aventure.com\/blog\/a-la-une\/la-demande-de-voyages-aeriens-au-premier-trimestre-2025-retour-aux-niveaux-davant-pandemie\/","url":"https:\/\/voyage-aventure.com\/blog\/a-la-une\/la-demande-de-voyages-aeriens-au-premier-trimestre-2025-retour-aux-niveaux-davant-pandemie\/","name":"la demande de voyages a\u00e9riens au premier trimestre 2025","isPartOf":{"@id":"https:\/\/voyage-aventure.com\/blog\/#website"},"primaryImageOfPage":{"@id":"https:\/\/voyage-aventure.com\/blog\/a-la-une\/la-demande-de-voyages-aeriens-au-premier-trimestre-2025-retour-aux-niveaux-davant-pandemie\/#primaryimage"},"image":{"@id":"https:\/\/voyage-aventure.com\/blog\/a-la-une\/la-demande-de-voyages-aeriens-au-premier-trimestre-2025-retour-aux-niveaux-davant-pandemie\/#primaryimage"},"thumbnailUrl":"https:\/\/voyage-aventure.com\/blog\/wp-content\/uploads\/2025\/04\/sdxl-5b5399a4e24d27657bd25b6b7f0aeba2.png","datePublished":"2025-03-26T12:05:06+00:00","description":"Les chiffres montrent que la demande annuelle a non seulement atteint, mais a m\u00eame d\u00e9pass\u00e9 les niveaux d'avant la pand\u00e9mie de 2019. Les passagers voyagent","inLanguage":"fr-FR","potentialAction":[{"@type":"ReadAction","target":["https:\/\/voyage-aventure.com\/blog\/a-la-une\/la-demande-de-voyages-aeriens-au-premier-trimestre-2025-retour-aux-niveaux-davant-pandemie\/"]}]},{"@type":"ImageObject","inLanguage":"fr-FR","@id":"https:\/\/voyage-aventure.com\/blog\/a-la-une\/la-demande-de-voyages-aeriens-au-premier-trimestre-2025-retour-aux-niveaux-davant-pandemie\/#primaryimage","url":"https:\/\/voyage-aventure.com\/blog\/wp-content\/uploads\/2025\/04\/sdxl-5b5399a4e24d27657bd25b6b7f0aeba2.png","contentUrl":"https:\/\/voyage-aventure.com\/blog\/wp-content\/uploads\/2025\/04\/sdxl-5b5399a4e24d27657bd25b6b7f0aeba2.png","width":1536,"height":640},{"@type":"WebSite","@id":"https:\/\/voyage-aventure.com\/blog\/#website","url":"https:\/\/voyage-aventure.com\/blog\/","name":"voyage-aventure.com","description":"Votre passeport pour l\u2019inattendu.","publisher":{"@id":"https:\/\/voyage-aventure.com\/blog\/#organization"},"alternateName":"Votre passeport pour l\u2019inattendu.","potentialAction":[{"@type":"SearchAction","target":{"@type":"EntryPoint","urlTemplate":"https:\/\/voyage-aventure.com\/blog\/?s={search_term_string}"},"query-input":{"@type":"PropertyValueSpecification","valueRequired":true,"valueName":"search_term_string"}}],"inLanguage":"fr-FR"},{"@type":"Organization","@id":"https:\/\/voyage-aventure.com\/blog\/#organization","name":"Foretsensations.fr","url":"https:\/\/voyage-aventure.com\/blog\/","logo":{"@type":"ImageObject","inLanguage":"fr-FR","@id":"https:\/\/voyage-aventure.com\/blog\/#\/schema\/logo\/image\/","url":"https:\/\/voyage-aventure.com\/blog\/wp-content\/uploads\/2024\/12\/19.png","contentUrl":"https:\/\/voyage-aventure.com\/blog\/wp-content\/uploads\/2024\/12\/19.png","width":512,"height":512,"caption":"Foretsensations.fr"},"image":{"@id":"https:\/\/voyage-aventure.com\/blog\/#\/schema\/logo\/image\/"}},{"@type":"Person","@id":"https:\/\/voyage-aventure.com\/blog\/#\/schema\/person\/3c864cdc320801e3db34b663e7e3f816","name":"Camille Rouvray","image":{"@type":"ImageObject","inLanguage":"fr-FR","@id":"https:\/\/voyage-aventure.com\/blog\/#\/schema\/person\/image\/","url":"https:\/\/voyage-aventure.com\/blog\/wp-content\/uploads\/2026\/06\/persona_camille-r-96x96.jpg","contentUrl":"https:\/\/voyage-aventure.com\/blog\/wp-content\/uploads\/2026\/06\/persona_camille-r-96x96.jpg","caption":"Camille Rouvray"},"description":"Je voyage et j'\u00e9cris sur le voyage depuis une douzaine d'ann\u00e9es, d'abord en tant que routarde au long cours, puis comme r\u00e9dactrice sp\u00e9cialis\u00e9e. Mon terrain de pr\u00e9dilection, ce sont les circuits organis\u00e9s et l'art de bien pr\u00e9parer un itin\u00e9raire : choix de la saison, dur\u00e9e r\u00e9aliste des \u00e9tapes, budget jour par jour, logement et transport sur place. J'aime aussi raconter les p\u00e9pites urbaines, ces adresses qu'on ne trouve pas dans les guides classiques. Avant de publier un dossier destination, je croise toujours plusieurs sources, je v\u00e9rifie les tarifs et les formalit\u00e9s d'entr\u00e9e \u00e0 jour, et je teste moi-m\u00eame quand je le peux. Mon angle reste pratique avant tout : aider le lecteur \u00e0 partir l'esprit tranquille, sans mauvaise surprise une fois sur place. Je m'attache \u00e0 distinguer le coup de c\u0153ur sinc\u00e8re du simple argument marketing.","sameAs":["https:\/\/camillerouvray.fr\/"],"url":"https:\/\/voyage-aventure.com\/blog\/auteur\/noname\/"}]}},"_links":{"self":[{"href":"https:\/\/voyage-aventure.com\/blog\/wp-json\/wp\/v2\/posts\/16465","targetHints":{"allow":["GET"]}}],"collection":[{"href":"https:\/\/voyage-aventure.com\/blog\/wp-json\/wp\/v2\/posts"}],"about":[{"href":"https:\/\/voyage-aventure.com\/blog\/wp-json\/wp\/v2\/types\/post"}],"author":[{"embeddable":true,"href":"https:\/\/voyage-aventure.com\/blog\/wp-json\/wp\/v2\/users\/34"}],"replies":[{"embeddable":true,"href":"https:\/\/voyage-aventure.com\/blog\/wp-json\/wp\/v2\/comments?post=16465"}],"version-history":[{"count":0,"href":"https:\/\/voyage-aventure.com\/blog\/wp-json\/wp\/v2\/posts\/16465\/revisions"}],"wp:featuredmedia":[{"embeddable":true,"href":"https:\/\/voyage-aventure.com\/blog\/wp-json\/wp\/v2\/media\/18186"}],"wp:attachment":[{"href":"https:\/\/voyage-aventure.com\/blog\/wp-json\/wp\/v2\/media?parent=16465"}],"wp:term":[{"taxonomy":"category","embeddable":true,"href":"https:\/\/voyage-aventure.com\/blog\/wp-json\/wp\/v2\/categories?post=16465"},{"taxonomy":"post_tag","embeddable":true,"href":"https:\/\/voyage-aventure.com\/blog\/wp-json\/wp\/v2\/tags?post=16465"}],"curies":[{"name":"wp","href":"https:\/\/api.w.org\/{rel}","templated":true}]}}