{"id":16431,"date":"2026-06-16T17:33:24","date_gmt":"2026-06-16T15:33:24","guid":{"rendered":"https:\/\/voyage-aventure.com\/blog\/?p=16431"},"modified":"2026-06-16T17:33:24","modified_gmt":"2026-06-16T15:33:24","slug":"un-voyage-multiculturel-a-travers-le-festival-des-nations-de-weirton","status":"publish","type":"post","link":"https:\/\/voyage-aventure.com\/blog\/destinations-aventure\/un-voyage-multiculturel-a-travers-le-festival-des-nations-de-weirton\/","title":{"rendered":"Un voyage multiculturel \u00e0 travers le Festival des Nations de Weirton"},"content":{"rendered":"<link rel=\"preconnect\" href=\"https:\/\/fonts.googleapis.com\"><link rel=\"preconnect\" href=\"https:\/\/fonts.gstatic.com\" crossorigin><link href=\"https:\/\/fonts.googleapis.com\/css2?family=Space+Grotesk:wght@500;600;700&#038;family=Inter:wght@400;500;600&#038;family=JetBrains+Mono:wght@500&#038;display=swap\" rel=\"stylesheet\">\n<style>\n.va-weirton-wrap{font-family:'Inter',system-ui,sans-serif;color:#241B2E;line-height:1.65;font-size:17px}\n.va-weirton-wrap h2{font-family:'Space Grotesk',system-ui,sans-serif;font-weight:700;letter-spacing:-.02em;font-size:clamp(24px,3.2vw,33px);color:#241B2E;margin:48px 0 16px}\n.va-weirton-wrap h3{font-family:'Space Grotesk',system-ui,sans-serif;font-weight:600;font-size:clamp(19px,2.4vw,22px);color:#241B2E;margin:28px 0 10px}\n.va-weirton-wrap p{margin:0 0 18px}\n.va-weirton-date{font-family:'JetBrains Mono',monospace;font-size:13px;font-weight:500;letter-spacing:.04em;text-transform:uppercase;color:#7048A0;display:inline-block;margin-bottom:18px;border:1px solid #E0D5EC;border-radius:999px;padding:5px 14px}\n.va-weirton-brief{background:#F6F1FB;border-left:5px solid #7048A0;border-radius:10px;padding:24px 26px;margin:8px 0 40px;box-shadow:0 1px 2px rgba(16,24,40,.05),0 12px 28px -16px rgba(112,72,160,.28)}\n.va-weirton-brief-k{font-family:'JetBrains Mono',monospace;font-size:12px;font-weight:500;letter-spacing:.08em;text-transform:uppercase;color:#7048A0;margin-bottom:14px}\n.va-weirton-brief-grid{display:grid;gap:16px}\n.va-weirton-brief-item{display:grid;grid-template-columns:96px 1fr;gap:14px;align-items:start}\n.va-weirton-brief-lab{font-family:'Space Grotesk',sans-serif;font-weight:700;font-size:14px;color:#7048A0}\n.va-weirton-brief-val{font-size:16px;color:#3A2E48}\n.va-weirton-cards{display:grid;grid-template-columns:repeat(auto-fit,minmax(220px,1fr));gap:22px;margin:8px 0 32px}\n.va-weirton-card{border:1px solid #E8E1F0;border-top:3px solid #7048A0;border-radius:10px;padding:24px;background:#fff;transition:.25s ease;box-shadow:0 1px 2px rgba(16,24,40,.05)}\n.va-weirton-card:hover{transform:translateY(-3px);box-shadow:0 1px 2px rgba(16,24,40,.05),0 16px 32px -18px rgba(112,72,160,.45)}\n.va-weirton-card-h{font-family:'Space Grotesk',sans-serif;font-weight:600;font-size:18px;color:#241B2E;margin-bottom:8px}\n.va-weirton-card-t{font-size:15px;color:#52465F;line-height:1.6}\n.va-weirton-quote{margin:36px 0;padding:28px 32px;background:#241B2E;border-radius:12px;color:#F4EFFA;font-family:'Space Grotesk',sans-serif;font-weight:500;font-size:clamp(19px,2.6vw,24px);line-height:1.45;position:relative}\n.va-weirton-quote-cite{display:block;margin-top:16px;font-family:'JetBrains Mono',monospace;font-size:13px;font-weight:500;letter-spacing:.03em;color:#B79BD8;text-transform:none}\n.va-weirton-list{margin:0 0 28px;padding-left:0;list-style:none}\n.va-weirton-list li{position:relative;padding:8px 0 8px 30px;border-bottom:1px solid #F0EAF6;font-size:16px}\n.va-weirton-list li::before{content:\"\u25c6\";position:absolute;left:4px;top:8px;color:#7048A0;font-size:13px}\n.va-weirton-keep{background:#F6F1FB;border:1px solid #E0D5EC;border-radius:12px;padding:26px 28px;margin:44px 0 20px}\n.va-weirton-keep-k{font-family:'JetBrains Mono',monospace;font-size:12px;font-weight:500;letter-spacing:.08em;text-transform:uppercase;color:#7048A0;margin-bottom:16px}\n.va-weirton-keep-grid{display:grid;gap:12px}\n.va-weirton-keep-item{display:grid;grid-template-columns:26px 1fr;gap:10px;align-items:start;font-size:16px;color:#3A2E48}\n.va-weirton-keep-num{font-family:'Space Grotesk',sans-serif;font-weight:700;color:#7048A0}\n@media(max-width:560px){.va-weirton-brief-item{grid-template-columns:1fr;gap:4px}}\n\/*RENDERFIX2*\/.va-weirton-quote{color:#eef3f9!important}.va-weirton-quote p,.va-weirton-quote li,.va-weirton-quote strong,.va-weirton-quote em,.va-weirton-quote a,.va-weirton-quote span,.va-weirton-quote b,.va-weirton-quote td,.va-weirton-quote th,.va-weirton-quote h2,.va-weirton-quote h3,.va-weirton-quote h4{color:#eef3f9!important}.va-weirton-quote strong,.va-weirton-quote b{color:#ffffff!important}<\/style>\n<div class=\"va-weirton-wrap\">\n<span class=\"va-weirton-date\">Weirton \u00b7 Mars 2025<\/span><\/p>\n<div class=\"va-weirton-brief\">\n<div class=\"va-weirton-brief-k\">L&rsquo;essentiel<\/div>\n<div class=\"va-weirton-brief-grid\">\n<div class=\"va-weirton-brief-item\">\n<div class=\"va-weirton-brief-lab\">Quoi<\/div>\n<div class=\"va-weirton-brief-val\">Le Festival des Nations, c\u00e9l\u00e9bration de la diversit\u00e9 culturelle, a fait son retour apr\u00e8s plusieurs ann\u00e9es d&rsquo;interruption.<\/div>\n<\/div>\n<div class=\"va-weirton-brief-item\">\n<div class=\"va-weirton-brief-lab\">O\u00f9<\/div>\n<div class=\"va-weirton-brief-val\">Au Millsop Community Center, \u00e0 Weirton.<\/div>\n<\/div>\n<div class=\"va-weirton-brief-item\">\n<div class=\"va-weirton-brief-lab\">Quand<\/div>\n<div class=\"va-weirton-brief-val\">En mars 2025, devant des centaines de participants venus de tous horizons.<\/div>\n<\/div>\n<\/div>\n<\/div>\n<h2>Un retour tant attendu<\/h2>\n<p>Des centaines de personnes se sont rassembl\u00e9es au Millsop Community Center pour c\u00e9l\u00e9brer la diversit\u00e9 et l&rsquo;h\u00e9ritage culturel de leur communaut\u00e9. Ce festival, qui avait \u00e9t\u00e9 interrompu pendant plusieurs ann\u00e9es, a su rassembler des participants de tous horizons autour de la gastronomie et des arts.<\/p>\n<p>Dr. J.K. Luthra, pr\u00e9sident du comit\u00e9 du festival, a ouvert l&rsquo;\u00e9v\u00e9nement par un discours inspirant. \u201cC\u2019est un jour sp\u00e9cial dans la ville que nous aimons tous,\u201d a-t-il d\u00e9clar\u00e9, soulignant l&rsquo;importance de l&rsquo;unit\u00e9 et de la convivialit\u00e9 entre les diff\u00e9rentes nationalit\u00e9s pr\u00e9sentes \u00e0 Weirton.<\/p>\n<h2>Une c\u00e9l\u00e9bration de la diversit\u00e9 culturelle<\/h2>\n<p>Le festival a mis en avant une vari\u00e9t\u00e9 de performances, allant de la musique aux danses traditionnelles, repr\u00e9sentant les diff\u00e9rentes cultures pr\u00e9sentes dans la r\u00e9gion. Les visiteurs ont pu appr\u00e9cier les talents de groupes comme le Yanlai Dance Academy, qui a pr\u00e9sent\u00e9 des danses chinoises, et le Sanskruti School of Indian Dance and Music, qui a captiv\u00e9 le public avec des performances indiennes.<\/p>\n<div class=\"va-weirton-cards\">\n<div class=\"va-weirton-card\">\n<div class=\"va-weirton-card-h\">Sur sc\u00e8ne<\/div>\n<div class=\"va-weirton-card-t\">Musique et danses traditionnelles, avec le Yanlai Dance Academy (danses chinoises) et le Sanskruti School of Indian Dance and Music (performances indiennes).<\/div>\n<\/div>\n<div class=\"va-weirton-card\">\n<div class=\"va-weirton-card-h\">Dans les assiettes<\/div>\n<div class=\"va-weirton-card-t\">Des stands proposant des plats typiques des \u00c9tats-Unis, d&rsquo;Italie, de Russie, de Gr\u00e8ce et d&rsquo;Inde, pour un voyage entre les saveurs.<\/div>\n<\/div>\n<\/div>\n<p>La cuisine \u00e9tait \u00e9galement au c\u0153ur de cet \u00e9v\u00e9nement, avec des stands proposant des plats typiques des \u00c9tats-Unis, d&rsquo;Italie, de Russie, de Gr\u00e8ce et d&rsquo;Inde. Ce m\u00e9lange de saveurs a permis \u00e0 chacun de d\u00e9couvrir et d&rsquo;appr\u00e9cier des cuisines vari\u00e9es, renfor\u00e7ant ainsi les liens culturels entre les participants.<\/p>\n<h2>Un message d&rsquo;unit\u00e9 et d&rsquo;h\u00e9ritage<\/h2>\n<p>Le maire Dean Harris a pris la parole pour exprimer sa gratitude envers les organisateurs et rappeler l&rsquo;importance de la diversit\u00e9 \u00e0 Weirton. Il a partag\u00e9 des souvenirs de sa propre histoire familiale, \u00e9voquant les luttes et les succ\u00e8s de ses anc\u00eatres immigr\u00e9s. \u201cAujourd&rsquo;hui, nous c\u00e9l\u00e9brons les contributions de ces nationalit\u00e9s qui ont fa\u00e7onn\u00e9 notre communaut\u00e9,\u201d a-t-il d\u00e9clar\u00e9.<\/p>\n<p>La riche histoire du Festival des Nations, qui a d\u00e9but\u00e9 dans les ann\u00e9es 1930, a \u00e9t\u00e9 une source d&rsquo;inspiration pour les organisateurs actuels. Il a \u00e9t\u00e9 cr\u00e9\u00e9 pour honorer les travailleurs de Weirton Steel, et l&rsquo;\u00e9v\u00e9nement continue de symboliser la force des liens communautaires et l&rsquo;esprit d&rsquo;entraide entre les diff\u00e9rentes cultures.<\/p>\n<div class=\"va-weirton-quote\">\n\u201cIl est essentiel de laisser de c\u00f4t\u00e9 les pr\u00e9occupations du quotidien et de se rassembler en tant que communaut\u00e9,\u201d a d\u00e9clar\u00e9 Dr. Luthra, soulignant l&rsquo;importance de l&rsquo;unit\u00e9.<br \/>\n<span class=\"va-weirton-quote-cite\">\u2014 Dr. J.K. Luthra, pr\u00e9sident du comit\u00e9 du festival<\/span>\n<\/div>\n<ul class=\"va-weirton-list\">\n<li>Performances musicales et danses traditionnelles<\/li>\n<li>Stands gastronomiques repr\u00e9sentant diverses cuisines<\/li>\n<li>Mises en avant des talents locaux et des histoires culturelles<\/li>\n<li>Un message d&rsquo;unit\u00e9 et de c\u00e9l\u00e9bration des racines diverses<\/li>\n<\/ul>\n<p>Le Festival des Nations ne se limite pas \u00e0 un simple \u00e9v\u00e9nement culturel, mais constitue une v\u00e9ritable f\u00eate de l&rsquo;identit\u00e9 et de l&rsquo;appartenance. La participation des habitants et des visiteurs de la r\u00e9gion a montr\u00e9 que la diversit\u00e9 est une force, et que chaque culture a quelque chose d&rsquo;unique \u00e0 offrir. L&rsquo;\u00e9v\u00e9nement a \u00e9galement soulign\u00e9 l&rsquo;importance des g\u00e9n\u00e9rations pass\u00e9es, qui ont contribu\u00e9 \u00e0 b\u00e2tir les bases de cette communaut\u00e9 vibrante.<\/p>\n<p>Les organisateurs ont d\u00e9j\u00e0 commenc\u00e9 les pr\u00e9paratifs pour l&rsquo;ann\u00e9e prochaine, promettant encore plus de spectacles et d&rsquo;activit\u00e9s pour continuer \u00e0 c\u00e9l\u00e9brer la richesse de la diversit\u00e9 culturelle de Weirton. \u201cNous reviendrons plus forts,\u201d a assur\u00e9 Dr. Luthra, inspirant l&rsquo;enthousiasme et l&rsquo;attente pour le prochain festival.<\/p>\n<div class=\"va-weirton-keep\">\n<div class=\"va-weirton-keep-k\">Ce qu&rsquo;il faut retenir<\/div>\n<div class=\"va-weirton-keep-grid\">\n<div class=\"va-weirton-keep-item\"><span class=\"va-weirton-keep-num\">1<\/span><span>Le Festival des Nations a fait son retour \u00e0 Weirton en mars 2025, apr\u00e8s plusieurs ann\u00e9es d&rsquo;interruption.<\/span><\/div>\n<div class=\"va-weirton-keep-item\"><span class=\"va-weirton-keep-num\">2<\/span><span>Performances, danses traditionnelles et gastronomie de plusieurs cultures se sont c\u00f4toy\u00e9es au Millsop Community Center.<\/span><\/div>\n<div class=\"va-weirton-keep-item\"><span class=\"va-weirton-keep-num\">3<\/span><span>N\u00e9 dans les ann\u00e9es 1930 pour honorer les travailleurs de Weirton Steel, l&rsquo;\u00e9v\u00e9nement reste un symbole de liens communautaires.<\/span><\/div>\n<div class=\"va-weirton-keep-item\"><span class=\"va-weirton-keep-num\">4<\/span><span>Les organisateurs pr\u00e9parent d\u00e9j\u00e0 l&rsquo;\u00e9dition de l&rsquo;ann\u00e9e suivante.<\/span><\/div>\n<\/div>\n<\/div>\n<\/div>\n","protected":false},"excerpt":{"rendered":"","protected":false},"author":34,"featured_media":18104,"comment_status":"open","ping_status":"open","sticky":false,"template":"","format":"standard","meta":{"_acf_changed":false,"manual_indexmenow":false,"indexmenow_id_project":0,"footnotes":""},"categories":[4520],"tags":[4538,4527,3800,4535,4769],"class_list":["post-16431","post","type-post","status-publish","format-standard","has-post-thumbnail","hentry","category-destinations-aventure","tag-activites-variees","tag-decouverte-culturelle","tag-emotions","tag-gastronomie-locale","tag-immersion-culturelle","generate-columns","tablet-grid-50","mobile-grid-100","grid-parent","grid-25"],"acf":[],"yoast_head":"<!-- This site is optimized with the Yoast SEO Premium plugin v21.3 (Yoast SEO v25.1) - https:\/\/yoast.com\/wordpress\/plugins\/seo\/ -->\n<title>Un voyage multiculturel \u00e0 travers le Festival des Nations<\/title>\n<meta name=\"description\" content=\"Le Festival des Nations, c\u00e9l\u00e9bration de la diversit\u00e9 culturelle, a fait son retour apr\u00e8s plusieurs ann\u00e9es d&#039;interruption\" \/>\n<meta name=\"robots\" content=\"index, follow, max-snippet:-1, max-image-preview:large, max-video-preview:-1\" \/>\n<link rel=\"canonical\" href=\"https:\/\/voyage-aventure.com\/blog\/destinations-aventure\/un-voyage-multiculturel-a-travers-le-festival-des-nations-de-weirton\/\" \/>\n<meta property=\"og:locale\" content=\"fr_FR\" \/>\n<meta property=\"og:type\" content=\"article\" \/>\n<meta property=\"og:title\" content=\"Un voyage multiculturel \u00e0 travers le Festival des Nations\" \/>\n<meta property=\"og:description\" content=\"Le Festival des Nations, c\u00e9l\u00e9bration de la diversit\u00e9 culturelle, a fait son retour apr\u00e8s plusieurs ann\u00e9es d&#039;interruption\" \/>\n<meta property=\"og:url\" content=\"https:\/\/voyage-aventure.com\/blog\/destinations-aventure\/un-voyage-multiculturel-a-travers-le-festival-des-nations-de-weirton\/\" \/>\n<meta property=\"og:site_name\" content=\"voyage-aventure\" \/>\n<meta property=\"og:image\" content=\"https:\/\/voyage-aventure.com\/blog\/wp-content\/uploads\/2025\/04\/sdxl-9b6bcebb6797c9a1724e8da608e142f5.png\" \/>\n\t<meta property=\"og:image:width\" content=\"1536\" \/>\n\t<meta property=\"og:image:height\" content=\"640\" \/>\n\t<meta property=\"og:image:type\" content=\"image\/png\" \/>\n<meta name=\"author\" content=\"Camille Rouvray\" \/>\n<meta name=\"twitter:card\" content=\"summary_large_image\" \/>\n<script type=\"application\/ld+json\" class=\"yoast-schema-graph\">{\"@context\":\"https:\/\/schema.org\",\"@graph\":[{\"@type\":\"NewsArticle\",\"@id\":\"https:\/\/voyage-aventure.com\/blog\/destinations-aventure\/un-voyage-multiculturel-a-travers-le-festival-des-nations-de-weirton\/#article\",\"isPartOf\":{\"@id\":\"https:\/\/voyage-aventure.com\/blog\/destinations-aventure\/un-voyage-multiculturel-a-travers-le-festival-des-nations-de-weirton\/\"},\"author\":{\"name\":\"Camille Rouvray\",\"@id\":\"https:\/\/voyage-aventure.com\/blog\/#\/schema\/person\/3c864cdc320801e3db34b663e7e3f816\"},\"headline\":\"Un voyage multiculturel \u00e0 travers le Festival des Nations de Weirton\",\"datePublished\":\"2026-06-16T15:33:24+00:00\",\"mainEntityOfPage\":{\"@id\":\"https:\/\/voyage-aventure.com\/blog\/destinations-aventure\/un-voyage-multiculturel-a-travers-le-festival-des-nations-de-weirton\/\"},\"wordCount\":769,\"commentCount\":17,\"publisher\":{\"@id\":\"https:\/\/voyage-aventure.com\/blog\/#organization\"},\"image\":{\"@id\":\"https:\/\/voyage-aventure.com\/blog\/destinations-aventure\/un-voyage-multiculturel-a-travers-le-festival-des-nations-de-weirton\/#primaryimage\"},\"thumbnailUrl\":\"https:\/\/voyage-aventure.com\/blog\/wp-content\/uploads\/2025\/04\/sdxl-9b6bcebb6797c9a1724e8da608e142f5.png\",\"keywords\":[\"Activit\u00e9s Vari\u00e9es\",\"D\u00e9couverte Culturelle\",\"\u00c9motions\",\"Gastronomie Locale\",\"Immersion Culturelle\"],\"articleSection\":[\"Destinations Aventure\"],\"inLanguage\":\"fr-FR\",\"potentialAction\":[{\"@type\":\"CommentAction\",\"name\":\"Comment\",\"target\":[\"https:\/\/voyage-aventure.com\/blog\/destinations-aventure\/un-voyage-multiculturel-a-travers-le-festival-des-nations-de-weirton\/#respond\"]}]},{\"@type\":\"WebPage\",\"@id\":\"https:\/\/voyage-aventure.com\/blog\/destinations-aventure\/un-voyage-multiculturel-a-travers-le-festival-des-nations-de-weirton\/\",\"url\":\"https:\/\/voyage-aventure.com\/blog\/destinations-aventure\/un-voyage-multiculturel-a-travers-le-festival-des-nations-de-weirton\/\",\"name\":\"Un voyage multiculturel \u00e0 travers le Festival des Nations\",\"isPartOf\":{\"@id\":\"https:\/\/voyage-aventure.com\/blog\/#website\"},\"primaryImageOfPage\":{\"@id\":\"https:\/\/voyage-aventure.com\/blog\/destinations-aventure\/un-voyage-multiculturel-a-travers-le-festival-des-nations-de-weirton\/#primaryimage\"},\"image\":{\"@id\":\"https:\/\/voyage-aventure.com\/blog\/destinations-aventure\/un-voyage-multiculturel-a-travers-le-festival-des-nations-de-weirton\/#primaryimage\"},\"thumbnailUrl\":\"https:\/\/voyage-aventure.com\/blog\/wp-content\/uploads\/2025\/04\/sdxl-9b6bcebb6797c9a1724e8da608e142f5.png\",\"datePublished\":\"2026-06-16T15:33:24+00:00\",\"description\":\"Le Festival des Nations, c\u00e9l\u00e9bration de la diversit\u00e9 culturelle, a fait son retour apr\u00e8s plusieurs ann\u00e9es d'interruption\",\"inLanguage\":\"fr-FR\",\"potentialAction\":[{\"@type\":\"ReadAction\",\"target\":[\"https:\/\/voyage-aventure.com\/blog\/destinations-aventure\/un-voyage-multiculturel-a-travers-le-festival-des-nations-de-weirton\/\"]}]},{\"@type\":\"ImageObject\",\"inLanguage\":\"fr-FR\",\"@id\":\"https:\/\/voyage-aventure.com\/blog\/destinations-aventure\/un-voyage-multiculturel-a-travers-le-festival-des-nations-de-weirton\/#primaryimage\",\"url\":\"https:\/\/voyage-aventure.com\/blog\/wp-content\/uploads\/2025\/04\/sdxl-9b6bcebb6797c9a1724e8da608e142f5.png\",\"contentUrl\":\"https:\/\/voyage-aventure.com\/blog\/wp-content\/uploads\/2025\/04\/sdxl-9b6bcebb6797c9a1724e8da608e142f5.png\",\"width\":1536,\"height\":640},{\"@type\":\"WebSite\",\"@id\":\"https:\/\/voyage-aventure.com\/blog\/#website\",\"url\":\"https:\/\/voyage-aventure.com\/blog\/\",\"name\":\"voyage-aventure.com\",\"description\":\"Votre passeport pour l\u2019inattendu.\",\"publisher\":{\"@id\":\"https:\/\/voyage-aventure.com\/blog\/#organization\"},\"alternateName\":\"Votre passeport pour l\u2019inattendu.\",\"potentialAction\":[{\"@type\":\"SearchAction\",\"target\":{\"@type\":\"EntryPoint\",\"urlTemplate\":\"https:\/\/voyage-aventure.com\/blog\/?s={search_term_string}\"},\"query-input\":{\"@type\":\"PropertyValueSpecification\",\"valueRequired\":true,\"valueName\":\"search_term_string\"}}],\"inLanguage\":\"fr-FR\"},{\"@type\":\"Organization\",\"@id\":\"https:\/\/voyage-aventure.com\/blog\/#organization\",\"name\":\"Foretsensations.fr\",\"url\":\"https:\/\/voyage-aventure.com\/blog\/\",\"logo\":{\"@type\":\"ImageObject\",\"inLanguage\":\"fr-FR\",\"@id\":\"https:\/\/voyage-aventure.com\/blog\/#\/schema\/logo\/image\/\",\"url\":\"https:\/\/voyage-aventure.com\/blog\/wp-content\/uploads\/2024\/12\/19.png\",\"contentUrl\":\"https:\/\/voyage-aventure.com\/blog\/wp-content\/uploads\/2024\/12\/19.png\",\"width\":512,\"height\":512,\"caption\":\"Foretsensations.fr\"},\"image\":{\"@id\":\"https:\/\/voyage-aventure.com\/blog\/#\/schema\/logo\/image\/\"}},{\"@type\":\"Person\",\"@id\":\"https:\/\/voyage-aventure.com\/blog\/#\/schema\/person\/3c864cdc320801e3db34b663e7e3f816\",\"name\":\"Camille Rouvray\",\"image\":{\"@type\":\"ImageObject\",\"inLanguage\":\"fr-FR\",\"@id\":\"https:\/\/voyage-aventure.com\/blog\/#\/schema\/person\/image\/\",\"url\":\"https:\/\/voyage-aventure.com\/blog\/wp-content\/uploads\/2026\/06\/persona_camille-r-96x96.jpg\",\"contentUrl\":\"https:\/\/voyage-aventure.com\/blog\/wp-content\/uploads\/2026\/06\/persona_camille-r-96x96.jpg\",\"caption\":\"Camille Rouvray\"},\"description\":\"Je voyage et j'\u00e9cris sur le voyage depuis une douzaine d'ann\u00e9es, d'abord en tant que routarde au long cours, puis comme r\u00e9dactrice sp\u00e9cialis\u00e9e. Mon terrain de pr\u00e9dilection, ce sont les circuits organis\u00e9s et l'art de bien pr\u00e9parer un itin\u00e9raire : choix de la saison, dur\u00e9e r\u00e9aliste des \u00e9tapes, budget jour par jour, logement et transport sur place. J'aime aussi raconter les p\u00e9pites urbaines, ces adresses qu'on ne trouve pas dans les guides classiques. Avant de publier un dossier destination, je croise toujours plusieurs sources, je v\u00e9rifie les tarifs et les formalit\u00e9s d'entr\u00e9e \u00e0 jour, et je teste moi-m\u00eame quand je le peux. Mon angle reste pratique avant tout : aider le lecteur \u00e0 partir l'esprit tranquille, sans mauvaise surprise une fois sur place. Je m'attache \u00e0 distinguer le coup de c\u0153ur sinc\u00e8re du simple argument marketing.\",\"sameAs\":[\"https:\/\/camillerouvray.fr\/\"],\"url\":\"https:\/\/voyage-aventure.com\/blog\/auteur\/noname\/\"}]}<\/script>\n<!-- \/ Yoast SEO Premium plugin. -->","yoast_head_json":{"title":"Un voyage multiculturel \u00e0 travers le Festival des Nations","description":"Le Festival des Nations, c\u00e9l\u00e9bration de la diversit\u00e9 culturelle, a fait son retour apr\u00e8s plusieurs ann\u00e9es d'interruption","robots":{"index":"index","follow":"follow","max-snippet":"max-snippet:-1","max-image-preview":"max-image-preview:large","max-video-preview":"max-video-preview:-1"},"canonical":"https:\/\/voyage-aventure.com\/blog\/destinations-aventure\/un-voyage-multiculturel-a-travers-le-festival-des-nations-de-weirton\/","og_locale":"fr_FR","og_type":"article","og_title":"Un voyage multiculturel \u00e0 travers le Festival des Nations","og_description":"Le Festival des Nations, c\u00e9l\u00e9bration de la diversit\u00e9 culturelle, a fait son retour apr\u00e8s plusieurs ann\u00e9es d'interruption","og_url":"https:\/\/voyage-aventure.com\/blog\/destinations-aventure\/un-voyage-multiculturel-a-travers-le-festival-des-nations-de-weirton\/","og_site_name":"voyage-aventure","og_image":[{"width":1536,"height":640,"url":"https:\/\/voyage-aventure.com\/blog\/wp-content\/uploads\/2025\/04\/sdxl-9b6bcebb6797c9a1724e8da608e142f5.png","type":"image\/png"}],"author":"Camille Rouvray","twitter_card":"summary_large_image","schema":{"@context":"https:\/\/schema.org","@graph":[{"@type":"NewsArticle","@id":"https:\/\/voyage-aventure.com\/blog\/destinations-aventure\/un-voyage-multiculturel-a-travers-le-festival-des-nations-de-weirton\/#article","isPartOf":{"@id":"https:\/\/voyage-aventure.com\/blog\/destinations-aventure\/un-voyage-multiculturel-a-travers-le-festival-des-nations-de-weirton\/"},"author":{"name":"Camille Rouvray","@id":"https:\/\/voyage-aventure.com\/blog\/#\/schema\/person\/3c864cdc320801e3db34b663e7e3f816"},"headline":"Un voyage multiculturel \u00e0 travers le Festival des Nations de Weirton","datePublished":"2026-06-16T15:33:24+00:00","mainEntityOfPage":{"@id":"https:\/\/voyage-aventure.com\/blog\/destinations-aventure\/un-voyage-multiculturel-a-travers-le-festival-des-nations-de-weirton\/"},"wordCount":769,"commentCount":17,"publisher":{"@id":"https:\/\/voyage-aventure.com\/blog\/#organization"},"image":{"@id":"https:\/\/voyage-aventure.com\/blog\/destinations-aventure\/un-voyage-multiculturel-a-travers-le-festival-des-nations-de-weirton\/#primaryimage"},"thumbnailUrl":"https:\/\/voyage-aventure.com\/blog\/wp-content\/uploads\/2025\/04\/sdxl-9b6bcebb6797c9a1724e8da608e142f5.png","keywords":["Activit\u00e9s Vari\u00e9es","D\u00e9couverte Culturelle","\u00c9motions","Gastronomie Locale","Immersion Culturelle"],"articleSection":["Destinations Aventure"],"inLanguage":"fr-FR","potentialAction":[{"@type":"CommentAction","name":"Comment","target":["https:\/\/voyage-aventure.com\/blog\/destinations-aventure\/un-voyage-multiculturel-a-travers-le-festival-des-nations-de-weirton\/#respond"]}]},{"@type":"WebPage","@id":"https:\/\/voyage-aventure.com\/blog\/destinations-aventure\/un-voyage-multiculturel-a-travers-le-festival-des-nations-de-weirton\/","url":"https:\/\/voyage-aventure.com\/blog\/destinations-aventure\/un-voyage-multiculturel-a-travers-le-festival-des-nations-de-weirton\/","name":"Un voyage multiculturel \u00e0 travers le Festival des Nations","isPartOf":{"@id":"https:\/\/voyage-aventure.com\/blog\/#website"},"primaryImageOfPage":{"@id":"https:\/\/voyage-aventure.com\/blog\/destinations-aventure\/un-voyage-multiculturel-a-travers-le-festival-des-nations-de-weirton\/#primaryimage"},"image":{"@id":"https:\/\/voyage-aventure.com\/blog\/destinations-aventure\/un-voyage-multiculturel-a-travers-le-festival-des-nations-de-weirton\/#primaryimage"},"thumbnailUrl":"https:\/\/voyage-aventure.com\/blog\/wp-content\/uploads\/2025\/04\/sdxl-9b6bcebb6797c9a1724e8da608e142f5.png","datePublished":"2026-06-16T15:33:24+00:00","description":"Le Festival des Nations, c\u00e9l\u00e9bration de la diversit\u00e9 culturelle, a fait son retour apr\u00e8s plusieurs ann\u00e9es d'interruption","inLanguage":"fr-FR","potentialAction":[{"@type":"ReadAction","target":["https:\/\/voyage-aventure.com\/blog\/destinations-aventure\/un-voyage-multiculturel-a-travers-le-festival-des-nations-de-weirton\/"]}]},{"@type":"ImageObject","inLanguage":"fr-FR","@id":"https:\/\/voyage-aventure.com\/blog\/destinations-aventure\/un-voyage-multiculturel-a-travers-le-festival-des-nations-de-weirton\/#primaryimage","url":"https:\/\/voyage-aventure.com\/blog\/wp-content\/uploads\/2025\/04\/sdxl-9b6bcebb6797c9a1724e8da608e142f5.png","contentUrl":"https:\/\/voyage-aventure.com\/blog\/wp-content\/uploads\/2025\/04\/sdxl-9b6bcebb6797c9a1724e8da608e142f5.png","width":1536,"height":640},{"@type":"WebSite","@id":"https:\/\/voyage-aventure.com\/blog\/#website","url":"https:\/\/voyage-aventure.com\/blog\/","name":"voyage-aventure.com","description":"Votre passeport pour l\u2019inattendu.","publisher":{"@id":"https:\/\/voyage-aventure.com\/blog\/#organization"},"alternateName":"Votre passeport pour l\u2019inattendu.","potentialAction":[{"@type":"SearchAction","target":{"@type":"EntryPoint","urlTemplate":"https:\/\/voyage-aventure.com\/blog\/?s={search_term_string}"},"query-input":{"@type":"PropertyValueSpecification","valueRequired":true,"valueName":"search_term_string"}}],"inLanguage":"fr-FR"},{"@type":"Organization","@id":"https:\/\/voyage-aventure.com\/blog\/#organization","name":"Foretsensations.fr","url":"https:\/\/voyage-aventure.com\/blog\/","logo":{"@type":"ImageObject","inLanguage":"fr-FR","@id":"https:\/\/voyage-aventure.com\/blog\/#\/schema\/logo\/image\/","url":"https:\/\/voyage-aventure.com\/blog\/wp-content\/uploads\/2024\/12\/19.png","contentUrl":"https:\/\/voyage-aventure.com\/blog\/wp-content\/uploads\/2024\/12\/19.png","width":512,"height":512,"caption":"Foretsensations.fr"},"image":{"@id":"https:\/\/voyage-aventure.com\/blog\/#\/schema\/logo\/image\/"}},{"@type":"Person","@id":"https:\/\/voyage-aventure.com\/blog\/#\/schema\/person\/3c864cdc320801e3db34b663e7e3f816","name":"Camille Rouvray","image":{"@type":"ImageObject","inLanguage":"fr-FR","@id":"https:\/\/voyage-aventure.com\/blog\/#\/schema\/person\/image\/","url":"https:\/\/voyage-aventure.com\/blog\/wp-content\/uploads\/2026\/06\/persona_camille-r-96x96.jpg","contentUrl":"https:\/\/voyage-aventure.com\/blog\/wp-content\/uploads\/2026\/06\/persona_camille-r-96x96.jpg","caption":"Camille Rouvray"},"description":"Je voyage et j'\u00e9cris sur le voyage depuis une douzaine d'ann\u00e9es, d'abord en tant que routarde au long cours, puis comme r\u00e9dactrice sp\u00e9cialis\u00e9e. Mon terrain de pr\u00e9dilection, ce sont les circuits organis\u00e9s et l'art de bien pr\u00e9parer un itin\u00e9raire : choix de la saison, dur\u00e9e r\u00e9aliste des \u00e9tapes, budget jour par jour, logement et transport sur place. J'aime aussi raconter les p\u00e9pites urbaines, ces adresses qu'on ne trouve pas dans les guides classiques. Avant de publier un dossier destination, je croise toujours plusieurs sources, je v\u00e9rifie les tarifs et les formalit\u00e9s d'entr\u00e9e \u00e0 jour, et je teste moi-m\u00eame quand je le peux. Mon angle reste pratique avant tout : aider le lecteur \u00e0 partir l'esprit tranquille, sans mauvaise surprise une fois sur place. Je m'attache \u00e0 distinguer le coup de c\u0153ur sinc\u00e8re du simple argument marketing.","sameAs":["https:\/\/camillerouvray.fr\/"],"url":"https:\/\/voyage-aventure.com\/blog\/auteur\/noname\/"}]}},"_links":{"self":[{"href":"https:\/\/voyage-aventure.com\/blog\/wp-json\/wp\/v2\/posts\/16431","targetHints":{"allow":["GET"]}}],"collection":[{"href":"https:\/\/voyage-aventure.com\/blog\/wp-json\/wp\/v2\/posts"}],"about":[{"href":"https:\/\/voyage-aventure.com\/blog\/wp-json\/wp\/v2\/types\/post"}],"author":[{"embeddable":true,"href":"https:\/\/voyage-aventure.com\/blog\/wp-json\/wp\/v2\/users\/34"}],"replies":[{"embeddable":true,"href":"https:\/\/voyage-aventure.com\/blog\/wp-json\/wp\/v2\/comments?post=16431"}],"version-history":[{"count":3,"href":"https:\/\/voyage-aventure.com\/blog\/wp-json\/wp\/v2\/posts\/16431\/revisions"}],"predecessor-version":[{"id":22925,"href":"https:\/\/voyage-aventure.com\/blog\/wp-json\/wp\/v2\/posts\/16431\/revisions\/22925"}],"wp:featuredmedia":[{"embeddable":true,"href":"https:\/\/voyage-aventure.com\/blog\/wp-json\/wp\/v2\/media\/18104"}],"wp:attachment":[{"href":"https:\/\/voyage-aventure.com\/blog\/wp-json\/wp\/v2\/media?parent=16431"}],"wp:term":[{"taxonomy":"category","embeddable":true,"href":"https:\/\/voyage-aventure.com\/blog\/wp-json\/wp\/v2\/categories?post=16431"},{"taxonomy":"post_tag","embeddable":true,"href":"https:\/\/voyage-aventure.com\/blog\/wp-json\/wp\/v2\/tags?post=16431"}],"curies":[{"name":"wp","href":"https:\/\/api.w.org\/{rel}","templated":true}]}}