{"id":16398,"date":"2026-06-16T17:32:51","date_gmt":"2026-06-16T15:32:51","guid":{"rendered":"https:\/\/voyage-aventure.com\/blog\/?p=16398"},"modified":"2026-06-16T17:32:51","modified_gmt":"2026-06-16T15:32:51","slug":"alerte-de-voyage-le-departement-detat-americain-met-en-garde-contre-trinidad-et-tobago","status":"publish","type":"post","link":"https:\/\/voyage-aventure.com\/blog\/a-la-une\/alerte-de-voyage-le-departement-detat-americain-met-en-garde-contre-trinidad-et-tobago\/","title":{"rendered":"alerte de voyage : le d\u00e9partement d&rsquo;\u00c9tat am\u00e9ricain met en garde contre trinidad et tobago"},"content":{"rendered":"<style>\n@import none;\n.vat-news-wrap{font-family:'Inter',-apple-system,BlinkMacSystemFont,sans-serif;color:#23201e;line-height:1.65;font-size:17px;}\n.vat-news-wrap h2{font-family:'Newsreader',Georgia,serif;font-weight:700;font-size:clamp(24px,3.2vw,33px);letter-spacing:-0.01em;color:#1a1714;margin:50px 0 14px;}\n.vat-news-wrap h3{font-family:'Newsreader',Georgia,serif;font-weight:600;font-size:21px;color:#1a1714;margin:28px 0 10px;}\n.vat-news-wrap p{margin:0 0 18px;}\n.vat-news-dateline{font-family:'JetBrains Mono',monospace;font-size:12px;letter-spacing:1.5px;text-transform:uppercase;color:#8a2a2a;font-weight:500;margin:0 0 14px;display:flex;align-items:center;gap:10px;flex-wrap:wrap;}\n.vat-news-dateline span{background:#f6e9e6;border:1px solid #e3c7c2;padding:3px 10px;border-radius:3px;color:#7a1f1f;}\n.vat-news-lead{font-family:'Newsreader',Georgia,serif;font-size:21px;line-height:1.5;color:#3a342f;font-style:italic;margin:0 0 30px;padding-left:18px;border-left:4px solid #8a2a2a;}\n.vat-news-essentiel{background:#fbf3f1;border:1px solid #e9cfca;border-left:5px solid #8a2a2a;border-radius:8px;padding:24px 26px;margin:30px 0 38px;box-shadow:0 1px 2px rgba(40,16,16,.05),0 14px 30px -18px rgba(40,16,16,.22);}\n.vat-news-essentiel .vat-news-kick{font-family:'JetBrains Mono',monospace;font-size:11px;font-weight:600;text-transform:uppercase;letter-spacing:2.4px;color:#8a2a2a;margin-bottom:16px;}\n.vat-news-essentiel ul{margin:0;padding:0;list-style:none;display:grid;gap:11px;}\n.vat-news-essentiel li{display:flex;gap:13px;align-items:flex-start;font-size:15.5px;line-height:1.55;color:#2a2521;}\n.vat-news-essentiel li b{color:#7a1f1f;font-weight:700;}\n.vat-news-essentiel .vat-news-dot{flex:0 0 9px;width:9px;height:9px;border-radius:50%;background:#8a2a2a;margin-top:7px;}\n.vat-news-cards{display:grid;grid-template-columns:repeat(auto-fit,minmax(240px,1fr));gap:15px;margin:28px 0;}\n.vat-news-card{background:#fff;border:1px solid #e7ddd6;border-top:3px solid #8a2a2a;border-radius:8px;padding:20px 20px 18px;transition:transform .25s ease,box-shadow .25s ease;}\n.vat-news-card:hover{transform:translateY(-3px);box-shadow:0 14px 30px -18px rgba(40,16,16,.3);}\n.vat-news-card h3{margin:0 0 8px;font-size:17px;}\n.vat-news-card .vat-news-txt{font-size:14px;line-height:1.55;color:#4a443e;}\n.vat-news-quote{margin:42px auto;padding:30px 26px;text-align:center;border-top:1px solid #c9988f;border-bottom:1px solid #c9988f;max-width:680px;position:relative;}\n.vat-news-quote .vat-news-mark{position:absolute;top:-22px;left:50%;transform:translateX(-50%);background:#fff;padding:0 14px;font-size:50px;line-height:1;color:#8a2a2a;font-family:'Newsreader',Georgia,serif;}\n.vat-news-quote blockquote{margin:0;padding:0;font-family:'Newsreader',Georgia,serif;font-size:24px;line-height:1.45;font-style:italic;color:#1a1714;}\n.vat-news-quote figcaption{margin-top:14px;font-family:'JetBrains Mono',monospace;font-size:11px;text-transform:uppercase;letter-spacing:2px;color:#8a6a64;}\n.vat-news-checklist{background:#faf5f3;border:1px solid #e9cfca;border-top:4px solid #8a2a2a;border-radius:6px;padding:22px 24px;margin:28px 0;}\n.vat-news-checklist .vat-news-kick{font-family:'JetBrains Mono',monospace;font-size:12px;font-weight:600;text-transform:uppercase;letter-spacing:1.8px;color:#7a1f1f;margin-bottom:14px;}\n.vat-news-checklist ul{margin:0;padding:0;list-style:none;}\n.vat-news-checklist li{display:flex;gap:11px;align-items:flex-start;padding:8px 0;font-size:15px;line-height:1.5;color:#2a2521;border-bottom:1px solid #ecddd9;}\n.vat-news-checklist li:last-child{border-bottom:none;}\n.vat-news-checklist li .vat-news-chk{color:#8a2a2a;font-weight:700;flex:0 0 16px;}\n.vat-news-retenir{background:#1a1714;border-radius:10px;padding:26px 28px;margin:40px 0;}\n.vat-news-retenir .vat-news-kick{font-family:'JetBrains Mono',monospace;font-size:11px;font-weight:600;text-transform:uppercase;letter-spacing:2.4px;color:#e0a39c;margin-bottom:16px;}\n.vat-news-retenir .vat-news-grid{display:grid;grid-template-columns:repeat(auto-fit,minmax(240px,1fr));gap:11px;}\n.vat-news-retenir .vat-news-item{display:flex;gap:12px;background:#26211d;border:1px solid #3a322c;padding:13px 15px;border-radius:7px;align-items:flex-start;}\n.vat-news-retenir .vat-news-num{flex:0 0 25px;width:25px;height:25px;background:#8a2a2a;color:#fff;border-radius:50%;display:inline-flex;align-items:center;justify-content:center;font-size:12px;font-weight:700;font-family:'JetBrains Mono',monospace;}\n.vat-news-retenir .vat-news-item span:last-child{font-size:14px;line-height:1.5;color:#ece4de;}\n.vat-news-faq{margin:38px 0;}\n.vat-news-faq>h2{margin-bottom:8px;}\n.vat-news-faq .vat-news-acc{border-top:1px solid #ddd2cb;}\n.vat-news-faq details{border-bottom:1px solid #ddd2cb;}\n.vat-news-faq summary{cursor:pointer;padding:16px 0;font-family:'Newsreader',Georgia,serif;font-size:18px;font-weight:600;color:#1a1714;list-style:none;display:flex;justify-content:space-between;align-items:center;gap:14px;}\n.vat-news-faq summary::-webkit-details-marker{display:none;}\n.vat-news-faq summary .vat-news-plus{font-size:24px;font-weight:300;color:#8a2a2a;line-height:1;}\n.vat-news-faq .vat-news-ans{padding:0 0 18px;font-size:15px;line-height:1.7;color:#4a443e;}\n.vat-news-disclaimer{font-size:13.5px;line-height:1.6;color:#6a635c;background:#f4efec;border:1px dashed #cdbfb7;border-radius:6px;padding:14px 18px;margin:34px 0 0;}\n.vat-news-disclaimer b{color:#7a1f1f;}\n\/*RENDERFIX2*\/.vat-news-essentiel .vat-news-dot{color:#eef3f9!important}.vat-news-essentiel .vat-news-dot p,.vat-news-essentiel .vat-news-dot li,.vat-news-essentiel .vat-news-dot strong,.vat-news-essentiel .vat-news-dot em,.vat-news-essentiel .vat-news-dot a,.vat-news-essentiel .vat-news-dot span,.vat-news-essentiel .vat-news-dot b,.vat-news-essentiel .vat-news-dot td,.vat-news-essentiel .vat-news-dot th,.vat-news-essentiel .vat-news-dot h2,.vat-news-essentiel .vat-news-dot h3,.vat-news-essentiel .vat-news-dot h4{color:#eef3f9!important}.vat-news-essentiel .vat-news-dot strong,.vat-news-essentiel .vat-news-dot b{color:#ffffff!important}.vat-news-retenir{color:#eef3f9!important}.vat-news-retenir p,.vat-news-retenir li,.vat-news-retenir strong,.vat-news-retenir em,.vat-news-retenir a,.vat-news-retenir span,.vat-news-retenir b,.vat-news-retenir td,.vat-news-retenir th,.vat-news-retenir h2,.vat-news-retenir h3,.vat-news-retenir h4{color:#eef3f9!important}.vat-news-retenir strong,.vat-news-retenir b{color:#ffffff!important}.vat-news-retenir .vat-news-item{color:#eef3f9!important}.vat-news-retenir .vat-news-item p,.vat-news-retenir .vat-news-item li,.vat-news-retenir .vat-news-item strong,.vat-news-retenir .vat-news-item em,.vat-news-retenir .vat-news-item a,.vat-news-retenir .vat-news-item span,.vat-news-retenir .vat-news-item b,.vat-news-retenir .vat-news-item td,.vat-news-retenir .vat-news-item th,.vat-news-retenir .vat-news-item h2,.vat-news-retenir .vat-news-item h3,.vat-news-retenir .vat-news-item h4{color:#eef3f9!important}.vat-news-retenir .vat-news-item strong,.vat-news-retenir .vat-news-item b{color:#ffffff!important}.vat-news-retenir .vat-news-num{color:#eef3f9!important}.vat-news-retenir .vat-news-num p,.vat-news-retenir .vat-news-num li,.vat-news-retenir .vat-news-num strong,.vat-news-retenir .vat-news-num em,.vat-news-retenir .vat-news-num a,.vat-news-retenir .vat-news-num span,.vat-news-retenir .vat-news-num b,.vat-news-retenir .vat-news-num td,.vat-news-retenir .vat-news-num th,.vat-news-retenir .vat-news-num h2,.vat-news-retenir .vat-news-num h3,.vat-news-retenir .vat-news-num h4{color:#eef3f9!important}.vat-news-retenir .vat-news-num strong,.vat-news-retenir .vat-news-num b{color:#ffffff!important}<\/style>\n<link rel=\"stylesheet\" href=\"https:\/\/fonts.googleapis.com\/css2?family=Newsreader:ital,opsz,wght@0,6..72,500;0,6..72,600;0,6..72,700;1,6..72,500;1,6..72,600&#038;family=Inter:wght@400;500;600;700&#038;family=JetBrains+Mono:wght@500;600&#038;display=swap\">\n<div class=\"vat-news-wrap\">\n<div class=\"vat-news-dateline\"><span>Alerte voyage<\/span> Cara\u00efbes \u00b7 D\u00e9partement d&rsquo;\u00c9tat am\u00e9ricain \u00b7 26 mars 2025<\/div>\n<div class=\"vat-news-lead\">Le D\u00e9partement d&rsquo;\u00c9tat am\u00e9ricain place Trinidad et Tobago sous un niveau de vigilance renforc\u00e9 : il conseille d\u00e9sormais aux voyageurs de reconsid\u00e9rer tout projet de d\u00e9placement vers cet archipel des Cara\u00efbes, plac\u00e9 en \u00e9tat d&rsquo;urgence depuis fin 2024.<\/div>\n<p>En effet, cet archipel des Cara\u00efbes, situ\u00e9 au large de la c\u00f4te nord-est du Venezuela, est actuellement sous un \u00e9tat d&rsquo;urgence qui soul\u00e8ve des pr\u00e9occupations quant \u00e0 la s\u00e9curit\u00e9. Le D\u00e9partement a r\u00e9cemment class\u00e9 cette destination comme un endroit o\u00f9 il est conseill\u00e9 de reconsid\u00e9rer ses projets de voyage.<\/p>\n<aside class=\"vat-news-essentiel\">\n<div class=\"vat-news-kick\">L&rsquo;essentiel<\/div>\n<ul>\n<li><span class=\"vat-news-dot\"><\/span><span><b>Quoi<\/b> \u2014 Le D\u00e9partement d&rsquo;\u00c9tat am\u00e9ricain conseille de reconsid\u00e9rer ses projets de voyage vers Trinidad et Tobago, archipel plac\u00e9 sous \u00e9tat d&rsquo;urgence national.<\/span><\/li>\n<li><span class=\"vat-news-dot\"><\/span><span><b>Quand \/ qui<\/b> \u2014 \u00c9tat d&rsquo;urgence d\u00e9clar\u00e9 le 30 d\u00e9cembre 2024, prolong\u00e9 par le Parlement jusqu&rsquo;en avril 2025 ; avertissement relay\u00e9 par les autorit\u00e9s am\u00e9ricaines.<\/span><\/li>\n<li><span class=\"vat-news-dot\"><\/span><span><b>Pourquoi \u00e7a compte<\/b> \u2014 Mont\u00e9e des activit\u00e9s criminelles (fusillades, gangs, kidnappings) et restrictions de d\u00e9placement, y compris pour le personnel du gouvernement am\u00e9ricain sur place.<\/span><\/li>\n<\/ul>\n<\/aside>\n<h2>Comprendre la situation actuelle \u00e0 Trinidad et Tobago<\/h2>\n<p>Le 30 d\u00e9cembre 2024, le gouvernement de Trinidad et Tobago a d\u00e9clar\u00e9 un \u00e9tat d&rsquo;urgence national. Cette d\u00e9cision a \u00e9t\u00e9 prise en r\u00e9ponse \u00e0 une mont\u00e9e inqui\u00e9tante des activit\u00e9s criminelles, mettant en danger la s\u00e9curit\u00e9 publique. Le Parlement a prolong\u00e9 cet \u00e9tat d&rsquo;urgence jusqu&rsquo;en avril 2025, indiquant la gravit\u00e9 de la situation.<\/p>\n<p>Les autorit\u00e9s locales ont maintenant le pouvoir d&rsquo;arr\u00eater toute personne suspect\u00e9e d&rsquo;activit\u00e9s ill\u00e9gales et de fouiller des propri\u00e9t\u00e9s publiques et priv\u00e9es. De plus, il est important de noter que le syst\u00e8me de lib\u00e9ration sous caution a \u00e9t\u00e9 suspendu pour ceux accus\u00e9s de crimes, renfor\u00e7ant ainsi le climat de tension qui r\u00e8gne sur l&rsquo;\u00eele.<\/p>\n<h2>Les risques pour les voyageurs<\/h2>\n<p>Le D\u00e9partement d&rsquo;\u00c9tat am\u00e9ricain a signal\u00e9 que la capitale, Port of Spain, est touch\u00e9e par des actes de violence r\u00e9guliers, notamment des fusillades et une forte activit\u00e9 des gangs. Les \u00e9trangers, y compris les r\u00e9sidents l\u00e9gaux am\u00e9ricains, ont \u00e9t\u00e9 victimes de kidnappings ces derniers temps, ce qui souligne le besoin urgent de prudence pour ceux qui envisagent de visiter la r\u00e9gion.<\/p>\n<p>Les employ\u00e9s du gouvernement am\u00e9ricain en poste \u00e0 Trinidad et Tobago sont d\u00e9sormais interdits de voyager dans certaines zones, notamment le centre-ville et toutes les plages apr\u00e8s la tomb\u00e9e de la nuit. Cela refl\u00e8te la pr\u00e9occupation croissante concernant la s\u00e9curit\u00e9 dans ces zones, souvent pris\u00e9es par les touristes.<\/p>\n<div class=\"vat-news-cards\">\n<div class=\"vat-news-card\">\n<h3>Capitale expos\u00e9e<\/h3>\n<div class=\"vat-news-txt\">\u00c0 Port of Spain, des fusillades et une forte activit\u00e9 de gangs sont signal\u00e9es de fa\u00e7on r\u00e9currente par les autorit\u00e9s am\u00e9ricaines.<\/div>\n<\/p><\/div>\n<div class=\"vat-news-card\">\n<h3>Kidnappings d&rsquo;\u00e9trangers<\/h3>\n<div class=\"vat-news-txt\">Des \u00e9trangers, y compris des r\u00e9sidents l\u00e9gaux am\u00e9ricains, ont r\u00e9cemment \u00e9t\u00e9 vis\u00e9s par des enl\u00e8vements, d&rsquo;o\u00f9 l&rsquo;appel \u00e0 la prudence.<\/div>\n<\/p><\/div>\n<div class=\"vat-news-card\">\n<h3>Zones restreintes<\/h3>\n<div class=\"vat-news-txt\">Le personnel du gouvernement am\u00e9ricain ne peut plus se rendre dans certaines zones, dont le centre-ville et les plages apr\u00e8s la tomb\u00e9e de la nuit.<\/div>\n<\/p><\/div>\n<\/div>\n<h2>Conseils pour une visite en toute s\u00e9curit\u00e9<\/h2>\n<p>Le D\u00e9partement d&rsquo;\u00c9tat a fourni une s\u00e9rie de recommandations aux Am\u00e9ricains qui souhaitent se rendre \u00e0 Trinidad et Tobago. Parmi ces conseils, il est fortement recommand\u00e9 de souscrire une assurance voyage avant de partir afin de se prot\u00e9ger contre les impr\u00e9vus. De plus, il est conseill\u00e9 de ne pas afficher de signes de richesse, tels que des bijoux, pour \u00e9viter d&rsquo;attirer l&rsquo;attention ind\u00e9sirable.<\/p>\n<p>Les escroqueries en ligne, notamment celles li\u00e9es aux rencontres, sont \u00e9galement un risque \u00e0 prendre au s\u00e9rieux. Les voyageurs doivent faire preuve de vigilance, utiliser des plateformes de confiance et garder leurs informations personnelles prot\u00e9g\u00e9es.<\/p>\n<figure class=\"vat-news-quote\">\n<div class=\"vat-news-mark\" aria-hidden=\"true\">&laquo;<\/div>\n<blockquote><p>La s\u00e9curit\u00e9 des voyageurs est une priorit\u00e9, et nous encourageons tous ceux qui envisagent de visiter Trinidad et Tobago \u00e0 prendre ces avertissements au s\u00e9rieux.<\/blockquote><figcaption>\u2014 Mise en garde relay\u00e9e aux voyageurs<\/figcaption><\/figure>\n<div class=\"vat-news-checklist\">\n<div class=\"vat-news-kick\">Les pr\u00e9cautions recommand\u00e9es<\/div>\n<ul>\n<li><span class=\"vat-news-chk\">&#10003;<\/span><span>Souscrire une assurance voyage avant de partir<\/span><\/li>\n<li><span class=\"vat-news-chk\">&#10003;<\/span><span>\u00c9viter d&rsquo;afficher des signes de richesse<\/span><\/li>\n<li><span class=\"vat-news-chk\">&#10003;<\/span><span>Faire attention aux escroqueries en ligne<\/span><\/li>\n<li><span class=\"vat-news-chk\">&#10003;<\/span><span>\u00c9viter les d\u00e9placements nocturnes dans certaines zones<\/span><\/li>\n<li><span class=\"vat-news-chk\">&#10003;<\/span><span>Rester inform\u00e9 des actualit\u00e9s locales et des conseils de s\u00e9curit\u00e9<\/span><\/li>\n<\/ul>\n<\/div>\n<p>\u00c0 l&rsquo;approche de la saison touristique, il est crucial pour les voyageurs de bien se renseigner avant de planifier leur voyage \u00e0 Trinidad et Tobago. En tenant compte des avertissements et en prenant les pr\u00e9cautions n\u00e9cessaires, il est possible de minimiser les risques et de profiter des beaut\u00e9s naturelles et de la culture vibrante de cette destination carib\u00e9enne. Soyez prudent, restez inform\u00e9 et pr\u00e9parez-vous \u00e0 une exp\u00e9rience m\u00e9morable.<\/p>\n<div class=\"vat-news-retenir\">\n<div class=\"vat-news-kick\">\u00c0 retenir<\/div>\n<div class=\"vat-news-grid\">\n<div class=\"vat-news-item\"><span class=\"vat-news-num\">1<\/span><span>Le D\u00e9partement d&rsquo;\u00c9tat am\u00e9ricain conseille de reconsid\u00e9rer tout voyage vers Trinidad et Tobago.<\/span><\/div>\n<div class=\"vat-news-item\"><span class=\"vat-news-num\">2<\/span><span>\u00c9tat d&rsquo;urgence national d\u00e9clar\u00e9 le 30 d\u00e9cembre 2024 et prolong\u00e9 jusqu&rsquo;en avril 2025.<\/span><\/div>\n<div class=\"vat-news-item\"><span class=\"vat-news-num\">3<\/span><span>Port of Spain est expos\u00e9e \u00e0 des fusillades et \u00e0 l&rsquo;activit\u00e9 des gangs ; des kidnappings d&rsquo;\u00e9trangers ont \u00e9t\u00e9 signal\u00e9s.<\/span><\/div>\n<div class=\"vat-news-item\"><span class=\"vat-news-num\">4<\/span><span>Assurance voyage, discr\u00e9tion et vigilance face aux escroqueries en ligne sont les pr\u00e9cautions de base.<\/span><\/div>\n<\/p><\/div>\n<\/div>\n<section class=\"vat-news-faq\">\n<h2>Questions fr\u00e9quentes<\/h2>\n<div class=\"vat-news-acc\">\n<details>\n<summary><span>Trinidad et Tobago est-il interdit aux voyageurs ?<\/span><span class=\"vat-news-plus\">+<\/span><\/summary>\n<div class=\"vat-news-ans\">L&rsquo;archipel n&rsquo;est pas formellement interdit, mais le D\u00e9partement d&rsquo;\u00c9tat am\u00e9ricain conseille de reconsid\u00e9rer ses projets de voyage en raison de l&rsquo;\u00e9tat d&rsquo;urgence en vigueur et des risques s\u00e9curitaires signal\u00e9s.<\/div>\n<\/details>\n<details>\n<summary><span>Jusqu&rsquo;\u00e0 quand l&rsquo;\u00e9tat d&rsquo;urgence est-il pr\u00e9vu ?<\/span><span class=\"vat-news-plus\">+<\/span><\/summary>\n<div class=\"vat-news-ans\">D\u00e9clar\u00e9 le 30 d\u00e9cembre 2024, l&rsquo;\u00e9tat d&rsquo;urgence national a \u00e9t\u00e9 prolong\u00e9 par le Parlement jusqu&rsquo;en avril 2025. Il est recommand\u00e9 de v\u00e9rifier les actualit\u00e9s locales pour toute \u00e9volution.<\/div>\n<\/details>\n<details>\n<summary><span>Quelles pr\u00e9cautions prendre si l&rsquo;on doit s&rsquo;y rendre ?<\/span><span class=\"vat-news-plus\">+<\/span><\/summary>\n<div class=\"vat-news-ans\">Souscrire une assurance voyage, \u00e9viter d&rsquo;afficher des signes de richesse, se m\u00e9fier des escroqueries en ligne, limiter les d\u00e9placements nocturnes dans certaines zones et suivre les conseils de s\u00e9curit\u00e9 officiels.<\/div>\n<\/details><\/div>\n<\/section>\n<div class=\"vat-news-disclaimer\"><b>Information voyage.<\/b> Cet article reprend un avertissement officiel dat\u00e9 de mars 2025 et ne remplace pas la consultation des recommandations \u00e0 jour des autorit\u00e9s comp\u00e9tentes (D\u00e9partement d&rsquo;\u00c9tat am\u00e9ricain, minist\u00e8re des Affaires \u00e9trang\u00e8res) avant tout d\u00e9placement.<\/div>\n<\/div>\n","protected":false},"excerpt":{"rendered":"","protected":false},"author":34,"featured_media":19590,"comment_status":"open","ping_status":"open","sticky":false,"template":"","format":"standard","meta":{"_acf_changed":false,"manual_indexmenow":false,"indexmenow_id_project":0,"footnotes":""},"categories":[1],"tags":[4680,4636,4562,3170,4526],"class_list":["post-16398","post","type-post","status-publish","format-standard","has-post-thumbnail","hentry","category-a-la-une","tag-conseils","tag-destinations","tag-protection-financiere","tag-securite","tag-voyage-economique","generate-columns","tablet-grid-50","mobile-grid-100","grid-parent","grid-25"],"acf":[],"yoast_head":"<!-- This site is optimized with the Yoast SEO Premium plugin v21.3 (Yoast SEO v25.1) - https:\/\/yoast.com\/wordpress\/plugins\/seo\/ -->\n<title>alerte de voyage : le d\u00e9partement d&#039;\u00c9tat am\u00e9ricain met en<\/title>\n<meta name=\"description\" content=\"Alerte voyage Cara\u00efbes \u00b7 D\u00e9partement d&#039;\u00c9tat am\u00e9ricain \u00b7 26 mars 2025 Le D\u00e9partement d&#039;\u00c9tat am\u00e9ricain place Trinidad et Tobago sous un niveau de vigilance\" \/>\n<meta name=\"robots\" content=\"index, follow, max-snippet:-1, max-image-preview:large, max-video-preview:-1\" \/>\n<link rel=\"canonical\" href=\"https:\/\/voyage-aventure.com\/blog\/a-la-une\/alerte-de-voyage-le-departement-detat-americain-met-en-garde-contre-trinidad-et-tobago\/\" \/>\n<meta property=\"og:locale\" content=\"fr_FR\" \/>\n<meta property=\"og:type\" content=\"article\" \/>\n<meta property=\"og:title\" content=\"alerte de voyage : le d\u00e9partement d&#039;\u00c9tat am\u00e9ricain met en\" \/>\n<meta property=\"og:description\" content=\"Alerte voyage Cara\u00efbes \u00b7 D\u00e9partement d&#039;\u00c9tat am\u00e9ricain \u00b7 26 mars 2025 Le D\u00e9partement d&#039;\u00c9tat am\u00e9ricain place Trinidad et Tobago sous un niveau de vigilance\" \/>\n<meta property=\"og:url\" content=\"https:\/\/voyage-aventure.com\/blog\/a-la-une\/alerte-de-voyage-le-departement-detat-americain-met-en-garde-contre-trinidad-et-tobago\/\" \/>\n<meta property=\"og:site_name\" content=\"voyage-aventure\" \/>\n<meta property=\"og:image\" content=\"https:\/\/voyage-aventure.com\/blog\/wp-content\/uploads\/2025\/05\/sdxl-068644030a6a2802b85d93c919b70cc0-scaled.png\" \/>\n\t<meta property=\"og:image:width\" content=\"1200\" \/>\n\t<meta property=\"og:image:height\" content=\"500\" \/>\n\t<meta property=\"og:image:type\" content=\"image\/png\" \/>\n<meta name=\"author\" content=\"Camille Rouvray\" \/>\n<meta name=\"twitter:card\" content=\"summary_large_image\" \/>\n<script type=\"application\/ld+json\" class=\"yoast-schema-graph\">{\"@context\":\"https:\/\/schema.org\",\"@graph\":[{\"@type\":\"NewsArticle\",\"@id\":\"https:\/\/voyage-aventure.com\/blog\/a-la-une\/alerte-de-voyage-le-departement-detat-americain-met-en-garde-contre-trinidad-et-tobago\/#article\",\"isPartOf\":{\"@id\":\"https:\/\/voyage-aventure.com\/blog\/a-la-une\/alerte-de-voyage-le-departement-detat-americain-met-en-garde-contre-trinidad-et-tobago\/\"},\"author\":{\"name\":\"Camille Rouvray\",\"@id\":\"https:\/\/voyage-aventure.com\/blog\/#\/schema\/person\/3c864cdc320801e3db34b663e7e3f816\"},\"headline\":\"alerte de voyage : le d\u00e9partement d&rsquo;\u00c9tat am\u00e9ricain met en garde contre trinidad et tobago\",\"datePublished\":\"2026-06-16T15:32:51+00:00\",\"mainEntityOfPage\":{\"@id\":\"https:\/\/voyage-aventure.com\/blog\/a-la-une\/alerte-de-voyage-le-departement-detat-americain-met-en-garde-contre-trinidad-et-tobago\/\"},\"wordCount\":1080,\"commentCount\":26,\"publisher\":{\"@id\":\"https:\/\/voyage-aventure.com\/blog\/#organization\"},\"image\":{\"@id\":\"https:\/\/voyage-aventure.com\/blog\/a-la-une\/alerte-de-voyage-le-departement-detat-americain-met-en-garde-contre-trinidad-et-tobago\/#primaryimage\"},\"thumbnailUrl\":\"https:\/\/voyage-aventure.com\/blog\/wp-content\/uploads\/2025\/05\/sdxl-068644030a6a2802b85d93c919b70cc0-scaled.png\",\"keywords\":[\"Conseils\",\"Destinations\",\"Protection Financi\u00e8re\",\"S\u00e9curit\u00e9\",\"Voyage \u00c9conomique\"],\"articleSection\":[\"\u00c0 la une\"],\"inLanguage\":\"fr-FR\",\"potentialAction\":[{\"@type\":\"CommentAction\",\"name\":\"Comment\",\"target\":[\"https:\/\/voyage-aventure.com\/blog\/a-la-une\/alerte-de-voyage-le-departement-detat-americain-met-en-garde-contre-trinidad-et-tobago\/#respond\"]}]},{\"@type\":\"WebPage\",\"@id\":\"https:\/\/voyage-aventure.com\/blog\/a-la-une\/alerte-de-voyage-le-departement-detat-americain-met-en-garde-contre-trinidad-et-tobago\/\",\"url\":\"https:\/\/voyage-aventure.com\/blog\/a-la-une\/alerte-de-voyage-le-departement-detat-americain-met-en-garde-contre-trinidad-et-tobago\/\",\"name\":\"alerte de voyage : le d\u00e9partement d'\u00c9tat am\u00e9ricain met en\",\"isPartOf\":{\"@id\":\"https:\/\/voyage-aventure.com\/blog\/#website\"},\"primaryImageOfPage\":{\"@id\":\"https:\/\/voyage-aventure.com\/blog\/a-la-une\/alerte-de-voyage-le-departement-detat-americain-met-en-garde-contre-trinidad-et-tobago\/#primaryimage\"},\"image\":{\"@id\":\"https:\/\/voyage-aventure.com\/blog\/a-la-une\/alerte-de-voyage-le-departement-detat-americain-met-en-garde-contre-trinidad-et-tobago\/#primaryimage\"},\"thumbnailUrl\":\"https:\/\/voyage-aventure.com\/blog\/wp-content\/uploads\/2025\/05\/sdxl-068644030a6a2802b85d93c919b70cc0-scaled.png\",\"datePublished\":\"2026-06-16T15:32:51+00:00\",\"description\":\"Alerte voyage Cara\u00efbes \u00b7 D\u00e9partement d'\u00c9tat am\u00e9ricain \u00b7 26 mars 2025 Le D\u00e9partement d'\u00c9tat am\u00e9ricain place Trinidad et Tobago sous un niveau de vigilance\",\"inLanguage\":\"fr-FR\",\"potentialAction\":[{\"@type\":\"ReadAction\",\"target\":[\"https:\/\/voyage-aventure.com\/blog\/a-la-une\/alerte-de-voyage-le-departement-detat-americain-met-en-garde-contre-trinidad-et-tobago\/\"]}]},{\"@type\":\"ImageObject\",\"inLanguage\":\"fr-FR\",\"@id\":\"https:\/\/voyage-aventure.com\/blog\/a-la-une\/alerte-de-voyage-le-departement-detat-americain-met-en-garde-contre-trinidad-et-tobago\/#primaryimage\",\"url\":\"https:\/\/voyage-aventure.com\/blog\/wp-content\/uploads\/2025\/05\/sdxl-068644030a6a2802b85d93c919b70cc0-scaled.png\",\"contentUrl\":\"https:\/\/voyage-aventure.com\/blog\/wp-content\/uploads\/2025\/05\/sdxl-068644030a6a2802b85d93c919b70cc0-scaled.png\",\"width\":1200,\"height\":500},{\"@type\":\"WebSite\",\"@id\":\"https:\/\/voyage-aventure.com\/blog\/#website\",\"url\":\"https:\/\/voyage-aventure.com\/blog\/\",\"name\":\"voyage-aventure.com\",\"description\":\"Votre passeport pour l\u2019inattendu.\",\"publisher\":{\"@id\":\"https:\/\/voyage-aventure.com\/blog\/#organization\"},\"alternateName\":\"Votre passeport pour l\u2019inattendu.\",\"potentialAction\":[{\"@type\":\"SearchAction\",\"target\":{\"@type\":\"EntryPoint\",\"urlTemplate\":\"https:\/\/voyage-aventure.com\/blog\/?s={search_term_string}\"},\"query-input\":{\"@type\":\"PropertyValueSpecification\",\"valueRequired\":true,\"valueName\":\"search_term_string\"}}],\"inLanguage\":\"fr-FR\"},{\"@type\":\"Organization\",\"@id\":\"https:\/\/voyage-aventure.com\/blog\/#organization\",\"name\":\"Foretsensations.fr\",\"url\":\"https:\/\/voyage-aventure.com\/blog\/\",\"logo\":{\"@type\":\"ImageObject\",\"inLanguage\":\"fr-FR\",\"@id\":\"https:\/\/voyage-aventure.com\/blog\/#\/schema\/logo\/image\/\",\"url\":\"https:\/\/voyage-aventure.com\/blog\/wp-content\/uploads\/2024\/12\/19.png\",\"contentUrl\":\"https:\/\/voyage-aventure.com\/blog\/wp-content\/uploads\/2024\/12\/19.png\",\"width\":512,\"height\":512,\"caption\":\"Foretsensations.fr\"},\"image\":{\"@id\":\"https:\/\/voyage-aventure.com\/blog\/#\/schema\/logo\/image\/\"}},{\"@type\":\"Person\",\"@id\":\"https:\/\/voyage-aventure.com\/blog\/#\/schema\/person\/3c864cdc320801e3db34b663e7e3f816\",\"name\":\"Camille Rouvray\",\"image\":{\"@type\":\"ImageObject\",\"inLanguage\":\"fr-FR\",\"@id\":\"https:\/\/voyage-aventure.com\/blog\/#\/schema\/person\/image\/\",\"url\":\"https:\/\/voyage-aventure.com\/blog\/wp-content\/uploads\/2026\/06\/persona_camille-r-96x96.jpg\",\"contentUrl\":\"https:\/\/voyage-aventure.com\/blog\/wp-content\/uploads\/2026\/06\/persona_camille-r-96x96.jpg\",\"caption\":\"Camille Rouvray\"},\"description\":\"Je voyage et j'\u00e9cris sur le voyage depuis une douzaine d'ann\u00e9es, d'abord en tant que routarde au long cours, puis comme r\u00e9dactrice sp\u00e9cialis\u00e9e. Mon terrain de pr\u00e9dilection, ce sont les circuits organis\u00e9s et l'art de bien pr\u00e9parer un itin\u00e9raire : choix de la saison, dur\u00e9e r\u00e9aliste des \u00e9tapes, budget jour par jour, logement et transport sur place. J'aime aussi raconter les p\u00e9pites urbaines, ces adresses qu'on ne trouve pas dans les guides classiques. Avant de publier un dossier destination, je croise toujours plusieurs sources, je v\u00e9rifie les tarifs et les formalit\u00e9s d'entr\u00e9e \u00e0 jour, et je teste moi-m\u00eame quand je le peux. Mon angle reste pratique avant tout : aider le lecteur \u00e0 partir l'esprit tranquille, sans mauvaise surprise une fois sur place. Je m'attache \u00e0 distinguer le coup de c\u0153ur sinc\u00e8re du simple argument marketing.\",\"sameAs\":[\"https:\/\/camillerouvray.fr\/\"],\"url\":\"https:\/\/voyage-aventure.com\/blog\/auteur\/noname\/\"}]}<\/script>\n<!-- \/ Yoast SEO Premium plugin. -->","yoast_head_json":{"title":"alerte de voyage : le d\u00e9partement d'\u00c9tat am\u00e9ricain met en","description":"Alerte voyage Cara\u00efbes \u00b7 D\u00e9partement d'\u00c9tat am\u00e9ricain \u00b7 26 mars 2025 Le D\u00e9partement d'\u00c9tat am\u00e9ricain place Trinidad et Tobago sous un niveau de vigilance","robots":{"index":"index","follow":"follow","max-snippet":"max-snippet:-1","max-image-preview":"max-image-preview:large","max-video-preview":"max-video-preview:-1"},"canonical":"https:\/\/voyage-aventure.com\/blog\/a-la-une\/alerte-de-voyage-le-departement-detat-americain-met-en-garde-contre-trinidad-et-tobago\/","og_locale":"fr_FR","og_type":"article","og_title":"alerte de voyage : le d\u00e9partement d'\u00c9tat am\u00e9ricain met en","og_description":"Alerte voyage Cara\u00efbes \u00b7 D\u00e9partement d'\u00c9tat am\u00e9ricain \u00b7 26 mars 2025 Le D\u00e9partement d'\u00c9tat am\u00e9ricain place Trinidad et Tobago sous un niveau de vigilance","og_url":"https:\/\/voyage-aventure.com\/blog\/a-la-une\/alerte-de-voyage-le-departement-detat-americain-met-en-garde-contre-trinidad-et-tobago\/","og_site_name":"voyage-aventure","og_image":[{"width":1200,"height":500,"url":"https:\/\/voyage-aventure.com\/blog\/wp-content\/uploads\/2025\/05\/sdxl-068644030a6a2802b85d93c919b70cc0-scaled.png","type":"image\/png"}],"author":"Camille Rouvray","twitter_card":"summary_large_image","schema":{"@context":"https:\/\/schema.org","@graph":[{"@type":"NewsArticle","@id":"https:\/\/voyage-aventure.com\/blog\/a-la-une\/alerte-de-voyage-le-departement-detat-americain-met-en-garde-contre-trinidad-et-tobago\/#article","isPartOf":{"@id":"https:\/\/voyage-aventure.com\/blog\/a-la-une\/alerte-de-voyage-le-departement-detat-americain-met-en-garde-contre-trinidad-et-tobago\/"},"author":{"name":"Camille Rouvray","@id":"https:\/\/voyage-aventure.com\/blog\/#\/schema\/person\/3c864cdc320801e3db34b663e7e3f816"},"headline":"alerte de voyage : le d\u00e9partement d&rsquo;\u00c9tat am\u00e9ricain met en garde contre trinidad et tobago","datePublished":"2026-06-16T15:32:51+00:00","mainEntityOfPage":{"@id":"https:\/\/voyage-aventure.com\/blog\/a-la-une\/alerte-de-voyage-le-departement-detat-americain-met-en-garde-contre-trinidad-et-tobago\/"},"wordCount":1080,"commentCount":26,"publisher":{"@id":"https:\/\/voyage-aventure.com\/blog\/#organization"},"image":{"@id":"https:\/\/voyage-aventure.com\/blog\/a-la-une\/alerte-de-voyage-le-departement-detat-americain-met-en-garde-contre-trinidad-et-tobago\/#primaryimage"},"thumbnailUrl":"https:\/\/voyage-aventure.com\/blog\/wp-content\/uploads\/2025\/05\/sdxl-068644030a6a2802b85d93c919b70cc0-scaled.png","keywords":["Conseils","Destinations","Protection Financi\u00e8re","S\u00e9curit\u00e9","Voyage \u00c9conomique"],"articleSection":["\u00c0 la une"],"inLanguage":"fr-FR","potentialAction":[{"@type":"CommentAction","name":"Comment","target":["https:\/\/voyage-aventure.com\/blog\/a-la-une\/alerte-de-voyage-le-departement-detat-americain-met-en-garde-contre-trinidad-et-tobago\/#respond"]}]},{"@type":"WebPage","@id":"https:\/\/voyage-aventure.com\/blog\/a-la-une\/alerte-de-voyage-le-departement-detat-americain-met-en-garde-contre-trinidad-et-tobago\/","url":"https:\/\/voyage-aventure.com\/blog\/a-la-une\/alerte-de-voyage-le-departement-detat-americain-met-en-garde-contre-trinidad-et-tobago\/","name":"alerte de voyage : le d\u00e9partement d'\u00c9tat am\u00e9ricain met en","isPartOf":{"@id":"https:\/\/voyage-aventure.com\/blog\/#website"},"primaryImageOfPage":{"@id":"https:\/\/voyage-aventure.com\/blog\/a-la-une\/alerte-de-voyage-le-departement-detat-americain-met-en-garde-contre-trinidad-et-tobago\/#primaryimage"},"image":{"@id":"https:\/\/voyage-aventure.com\/blog\/a-la-une\/alerte-de-voyage-le-departement-detat-americain-met-en-garde-contre-trinidad-et-tobago\/#primaryimage"},"thumbnailUrl":"https:\/\/voyage-aventure.com\/blog\/wp-content\/uploads\/2025\/05\/sdxl-068644030a6a2802b85d93c919b70cc0-scaled.png","datePublished":"2026-06-16T15:32:51+00:00","description":"Alerte voyage Cara\u00efbes \u00b7 D\u00e9partement d'\u00c9tat am\u00e9ricain \u00b7 26 mars 2025 Le D\u00e9partement d'\u00c9tat am\u00e9ricain place Trinidad et Tobago sous un niveau de vigilance","inLanguage":"fr-FR","potentialAction":[{"@type":"ReadAction","target":["https:\/\/voyage-aventure.com\/blog\/a-la-une\/alerte-de-voyage-le-departement-detat-americain-met-en-garde-contre-trinidad-et-tobago\/"]}]},{"@type":"ImageObject","inLanguage":"fr-FR","@id":"https:\/\/voyage-aventure.com\/blog\/a-la-une\/alerte-de-voyage-le-departement-detat-americain-met-en-garde-contre-trinidad-et-tobago\/#primaryimage","url":"https:\/\/voyage-aventure.com\/blog\/wp-content\/uploads\/2025\/05\/sdxl-068644030a6a2802b85d93c919b70cc0-scaled.png","contentUrl":"https:\/\/voyage-aventure.com\/blog\/wp-content\/uploads\/2025\/05\/sdxl-068644030a6a2802b85d93c919b70cc0-scaled.png","width":1200,"height":500},{"@type":"WebSite","@id":"https:\/\/voyage-aventure.com\/blog\/#website","url":"https:\/\/voyage-aventure.com\/blog\/","name":"voyage-aventure.com","description":"Votre passeport pour l\u2019inattendu.","publisher":{"@id":"https:\/\/voyage-aventure.com\/blog\/#organization"},"alternateName":"Votre passeport pour l\u2019inattendu.","potentialAction":[{"@type":"SearchAction","target":{"@type":"EntryPoint","urlTemplate":"https:\/\/voyage-aventure.com\/blog\/?s={search_term_string}"},"query-input":{"@type":"PropertyValueSpecification","valueRequired":true,"valueName":"search_term_string"}}],"inLanguage":"fr-FR"},{"@type":"Organization","@id":"https:\/\/voyage-aventure.com\/blog\/#organization","name":"Foretsensations.fr","url":"https:\/\/voyage-aventure.com\/blog\/","logo":{"@type":"ImageObject","inLanguage":"fr-FR","@id":"https:\/\/voyage-aventure.com\/blog\/#\/schema\/logo\/image\/","url":"https:\/\/voyage-aventure.com\/blog\/wp-content\/uploads\/2024\/12\/19.png","contentUrl":"https:\/\/voyage-aventure.com\/blog\/wp-content\/uploads\/2024\/12\/19.png","width":512,"height":512,"caption":"Foretsensations.fr"},"image":{"@id":"https:\/\/voyage-aventure.com\/blog\/#\/schema\/logo\/image\/"}},{"@type":"Person","@id":"https:\/\/voyage-aventure.com\/blog\/#\/schema\/person\/3c864cdc320801e3db34b663e7e3f816","name":"Camille Rouvray","image":{"@type":"ImageObject","inLanguage":"fr-FR","@id":"https:\/\/voyage-aventure.com\/blog\/#\/schema\/person\/image\/","url":"https:\/\/voyage-aventure.com\/blog\/wp-content\/uploads\/2026\/06\/persona_camille-r-96x96.jpg","contentUrl":"https:\/\/voyage-aventure.com\/blog\/wp-content\/uploads\/2026\/06\/persona_camille-r-96x96.jpg","caption":"Camille Rouvray"},"description":"Je voyage et j'\u00e9cris sur le voyage depuis une douzaine d'ann\u00e9es, d'abord en tant que routarde au long cours, puis comme r\u00e9dactrice sp\u00e9cialis\u00e9e. Mon terrain de pr\u00e9dilection, ce sont les circuits organis\u00e9s et l'art de bien pr\u00e9parer un itin\u00e9raire : choix de la saison, dur\u00e9e r\u00e9aliste des \u00e9tapes, budget jour par jour, logement et transport sur place. J'aime aussi raconter les p\u00e9pites urbaines, ces adresses qu'on ne trouve pas dans les guides classiques. Avant de publier un dossier destination, je croise toujours plusieurs sources, je v\u00e9rifie les tarifs et les formalit\u00e9s d'entr\u00e9e \u00e0 jour, et je teste moi-m\u00eame quand je le peux. Mon angle reste pratique avant tout : aider le lecteur \u00e0 partir l'esprit tranquille, sans mauvaise surprise une fois sur place. Je m'attache \u00e0 distinguer le coup de c\u0153ur sinc\u00e8re du simple argument marketing.","sameAs":["https:\/\/camillerouvray.fr\/"],"url":"https:\/\/voyage-aventure.com\/blog\/auteur\/noname\/"}]}},"_links":{"self":[{"href":"https:\/\/voyage-aventure.com\/blog\/wp-json\/wp\/v2\/posts\/16398","targetHints":{"allow":["GET"]}}],"collection":[{"href":"https:\/\/voyage-aventure.com\/blog\/wp-json\/wp\/v2\/posts"}],"about":[{"href":"https:\/\/voyage-aventure.com\/blog\/wp-json\/wp\/v2\/types\/post"}],"author":[{"embeddable":true,"href":"https:\/\/voyage-aventure.com\/blog\/wp-json\/wp\/v2\/users\/34"}],"replies":[{"embeddable":true,"href":"https:\/\/voyage-aventure.com\/blog\/wp-json\/wp\/v2\/comments?post=16398"}],"version-history":[{"count":3,"href":"https:\/\/voyage-aventure.com\/blog\/wp-json\/wp\/v2\/posts\/16398\/revisions"}],"predecessor-version":[{"id":22922,"href":"https:\/\/voyage-aventure.com\/blog\/wp-json\/wp\/v2\/posts\/16398\/revisions\/22922"}],"wp:featuredmedia":[{"embeddable":true,"href":"https:\/\/voyage-aventure.com\/blog\/wp-json\/wp\/v2\/media\/19590"}],"wp:attachment":[{"href":"https:\/\/voyage-aventure.com\/blog\/wp-json\/wp\/v2\/media?parent=16398"}],"wp:term":[{"taxonomy":"category","embeddable":true,"href":"https:\/\/voyage-aventure.com\/blog\/wp-json\/wp\/v2\/categories?post=16398"},{"taxonomy":"post_tag","embeddable":true,"href":"https:\/\/voyage-aventure.com\/blog\/wp-json\/wp\/v2\/tags?post=16398"}],"curies":[{"name":"wp","href":"https:\/\/api.w.org\/{rel}","templated":true}]}}