{"id":16315,"date":"2025-03-25T06:52:04","date_gmt":"2025-03-25T05:52:04","guid":{"rendered":"https:\/\/voyage-aventure.com\/blog\/?p=16315"},"modified":"2025-03-25T06:52:04","modified_gmt":"2025-03-25T05:52:04","slug":"des-tensions-grandissantes-en-turquie-erdogan-condamne-les-manifestations-et-appelle-a-lordre","status":"publish","type":"post","link":"https:\/\/voyage-aventure.com\/blog\/a-la-une\/des-tensions-grandissantes-en-turquie-erdogan-condamne-les-manifestations-et-appelle-a-lordre\/","title":{"rendered":"Des tensions grandissantes en Turquie : Erdogan condamne les manifestations et appelle \u00e0 l&rsquo;ordre"},"content":{"rendered":"<h2>Une situation explosive dans les rues de Turquie<\/h2>\n<p>Les manifestations en Turquie ont pris une ampleur sans pr\u00e9c\u00e9dent ces derniers jours, d\u00e9clench\u00e9es par l&rsquo;arrestation du maire d&rsquo;Istanbul, Ekrem Imamoglu. Cette situation a conduit le gouvernement britannique \u00e0 \u00e9mettre des avertissements de voyage, d\u00e9conseillant aux ressortissants de se rendre dans le pays en raison des risques d&rsquo;\u00e9meutes. La r\u00e9pression s&rsquo;est intensifi\u00e9e, avec des milliers d&rsquo;arrestations, suscitant des inqui\u00e9tudes \u00e0 l&rsquo;\u00e9chelle internationale.<\/p>\n<p>Les autorit\u00e9s turques ont r\u00e9agi avec force, utilisant des gaz lacrymog\u00e8nes et des canons \u00e0 eau pour disperser les foules. Dans ce climat de tension, les manifestations se sont intensifi\u00e9es, notamment devant les missions diplomatiques, exacerbant encore plus les tensions entre le gouvernement et l&rsquo;opposition. Les analystes craignent que cette agitation ne pr\u00e9figure une crise politique majeure.<\/p>\n<h2>Erdogan face \u00e0 la contestation<\/h2>\n<p>Le pr\u00e9sident Recep Tayyip Erdogan a qualifi\u00e9 les manifestations de \u00ab\u00a0mouvements de violence\u00a0\u00bb, bl\u00e2mant l&rsquo;opposition pour les troubles. Dans un discours t\u00e9l\u00e9vis\u00e9, il a exprim\u00e9 son indignation face \u00e0 l&rsquo;ampleur des manifestations et a appel\u00e9 \u00e0 une cessation des provocations. Il a \u00e9galement averti que ceux qui participent \u00e0 ces \u00e9meutes devront r\u00e9pondre de leurs actes devant la loi.<\/p>\n<p>Erdogan a d\u00e9sign\u00e9 le Parti r\u00e9publicain du peuple (CHP) comme responsable des violences, affirmant que ces derniers sont \u00e0 l&rsquo;origine des blessures inflig\u00e9es aux forces de l&rsquo;ordre. Cette rh\u00e9torique incendiaire ne fait qu&rsquo;enflammer davantage les esprits et polariser le pays, alors que les prochaines \u00e9lections pr\u00e9sidentielles de 2028 approchent \u00e0 grands pas.<\/p>\n<h2>Des r\u00e9percussions sur la libert\u00e9 de la presse<\/h2>\n<p>La r\u00e9pression des manifestations a \u00e9galement eu des cons\u00e9quences dramatiques sur la libert\u00e9 de la presse en Turquie. De nombreux journalistes ont \u00e9t\u00e9 arr\u00eat\u00e9s, provoquant des inqui\u00e9tudes parmi les d\u00e9fenseurs des droits de l&rsquo;homme et les organisations m\u00e9diatiques. La situation est per\u00e7ue comme une attaque directe contre la libert\u00e9 d&rsquo;expression et le droit du public \u00e0 l&rsquo;information.<\/p>\n<p>Le syndicat des travailleurs des m\u00e9dias Disk-Basin-Is a signal\u00e9 l&rsquo;arrestation d&rsquo;au moins huit journalistes, qualifiant ces actions de violation inacceptable des droits fondamentaux. Les appels \u00e0 la lib\u00e9ration des journalistes se multiplient, alors que la communaut\u00e9 internationale surveille de pr\u00e8s les \u00e9v\u00e9nements en cours en Turquie.<\/p>\n<ul>\n<li>Arrestation du maire d&rsquo;Istanbul, Ekrem Imamoglu<\/li>\n<li>R\u00e9pression des manifestations par les forces de l&rsquo;ordre<\/li>\n<li>Avertissements de voyage \u00e9mis par le gouvernement britannique<\/li>\n<li>Violations des droits des journalistes et atteintes \u00e0 la libert\u00e9 de la presse<\/li>\n<li>Cons\u00e9quences \u00e9conomiques pour la Turquie sur les march\u00e9s financiers<\/li>\n<\/ul>\n<blockquote><p>\n  \u00ab\u00a0Qui que ce soit qu&rsquo;Erdogan mette injustement en prison, cette place les d\u00e9fend, pour la d\u00e9mocratie et pour la Turquie.\u00a0\u00bb &#8211; Un leader de l&rsquo;opposition\n<\/p><\/blockquote>\n<p>Les \u00e9v\u00e9nements en Turquie soul\u00e8vent des questions cruciales sur l&rsquo;avenir du pays et la stabilit\u00e9 de son gouvernement. Alors que les manifestations continuent, les tensions entre l&rsquo;opposition et le gouvernement ne montrent aucun signe de d\u00e9sescalade. Le climat politique est tendu, et la r\u00e9action du gouvernement pourrait d\u00e9terminer le cours des futures \u00e9lections et la direction que prendra la Turquie dans les ann\u00e9es \u00e0 venir. Les citoyens turcs et la communaut\u00e9 internationale restent attentifs \u00e0 l&rsquo;\u00e9volution de la situation, esp\u00e9rant une r\u00e9solution pacifique et d\u00e9mocratique des tensions actuelles.<\/p>\n","protected":false},"excerpt":{"rendered":"","protected":false},"author":34,"featured_media":18235,"comment_status":"open","ping_status":"open","sticky":false,"template":"","format":"standard","meta":{"_acf_changed":false,"manual_indexmenow":false,"indexmenow_id_project":0,"footnotes":""},"categories":[1],"tags":[4636,4593,6275,5688,3170],"class_list":["post-16315","post","type-post","status-publish","format-standard","has-post-thumbnail","hentry","category-a-la-une","tag-destinations","tag-economie","tag-liberte-de-la-presse","tag-relations-internationales","tag-securite","generate-columns","tablet-grid-50","mobile-grid-100","grid-parent","grid-25"],"acf":[],"yoast_head":"<!-- This site is optimized with the Yoast SEO Premium plugin v21.3 (Yoast SEO v25.1) - https:\/\/yoast.com\/wordpress\/plugins\/seo\/ -->\n<title>Des tensions grandissantes en Turquie : Erdogan condamne<\/title>\n<meta name=\"description\" content=\"Les manifestations en Turquie ont pris une ampleur sans pr\u00e9c\u00e9dent ces derniers jours, d\u00e9clench\u00e9es par l&#039;arrestation du maire d&#039;Istanbul, Ekrem Imamoglu\" \/>\n<meta name=\"robots\" content=\"index, follow, max-snippet:-1, max-image-preview:large, max-video-preview:-1\" \/>\n<link rel=\"canonical\" href=\"https:\/\/voyage-aventure.com\/blog\/a-la-une\/des-tensions-grandissantes-en-turquie-erdogan-condamne-les-manifestations-et-appelle-a-lordre\/\" \/>\n<meta property=\"og:locale\" content=\"fr_FR\" \/>\n<meta property=\"og:type\" content=\"article\" \/>\n<meta property=\"og:title\" content=\"Des tensions grandissantes en Turquie : Erdogan condamne\" \/>\n<meta property=\"og:description\" content=\"Les manifestations en Turquie ont pris une ampleur sans pr\u00e9c\u00e9dent ces derniers jours, d\u00e9clench\u00e9es par l&#039;arrestation du maire d&#039;Istanbul, Ekrem Imamoglu\" \/>\n<meta property=\"og:url\" content=\"https:\/\/voyage-aventure.com\/blog\/a-la-une\/des-tensions-grandissantes-en-turquie-erdogan-condamne-les-manifestations-et-appelle-a-lordre\/\" \/>\n<meta property=\"og:site_name\" content=\"voyage-aventure\" \/>\n<meta property=\"og:image\" content=\"https:\/\/voyage-aventure.com\/blog\/wp-content\/uploads\/2025\/04\/sdxl-769bbeab01564a6528912f853cd49eab.png\" \/>\n\t<meta property=\"og:image:width\" content=\"1536\" \/>\n\t<meta property=\"og:image:height\" content=\"640\" \/>\n\t<meta property=\"og:image:type\" content=\"image\/png\" \/>\n<meta name=\"author\" content=\"Camille Rouvray\" \/>\n<meta name=\"twitter:card\" content=\"summary_large_image\" \/>\n<script type=\"application\/ld+json\" class=\"yoast-schema-graph\">{\"@context\":\"https:\/\/schema.org\",\"@graph\":[{\"@type\":\"NewsArticle\",\"@id\":\"https:\/\/voyage-aventure.com\/blog\/a-la-une\/des-tensions-grandissantes-en-turquie-erdogan-condamne-les-manifestations-et-appelle-a-lordre\/#article\",\"isPartOf\":{\"@id\":\"https:\/\/voyage-aventure.com\/blog\/a-la-une\/des-tensions-grandissantes-en-turquie-erdogan-condamne-les-manifestations-et-appelle-a-lordre\/\"},\"author\":{\"name\":\"Camille Rouvray\",\"@id\":\"https:\/\/voyage-aventure.com\/blog\/#\/schema\/person\/3c864cdc320801e3db34b663e7e3f816\"},\"headline\":\"Des tensions grandissantes en Turquie : Erdogan condamne les manifestations et appelle \u00e0 l&rsquo;ordre\",\"datePublished\":\"2025-03-25T05:52:04+00:00\",\"mainEntityOfPage\":{\"@id\":\"https:\/\/voyage-aventure.com\/blog\/a-la-une\/des-tensions-grandissantes-en-turquie-erdogan-condamne-les-manifestations-et-appelle-a-lordre\/\"},\"wordCount\":583,\"commentCount\":18,\"publisher\":{\"@id\":\"https:\/\/voyage-aventure.com\/blog\/#organization\"},\"image\":{\"@id\":\"https:\/\/voyage-aventure.com\/blog\/a-la-une\/des-tensions-grandissantes-en-turquie-erdogan-condamne-les-manifestations-et-appelle-a-lordre\/#primaryimage\"},\"thumbnailUrl\":\"https:\/\/voyage-aventure.com\/blog\/wp-content\/uploads\/2025\/04\/sdxl-769bbeab01564a6528912f853cd49eab.png\",\"keywords\":[\"Destinations\",\"\u00c9conomie\",\"Libert\u00e9 de la presse\",\"Relations Internationales\",\"S\u00e9curit\u00e9\"],\"articleSection\":[\"\u00c0 la une\"],\"inLanguage\":\"fr-FR\",\"potentialAction\":[{\"@type\":\"CommentAction\",\"name\":\"Comment\",\"target\":[\"https:\/\/voyage-aventure.com\/blog\/a-la-une\/des-tensions-grandissantes-en-turquie-erdogan-condamne-les-manifestations-et-appelle-a-lordre\/#respond\"]}]},{\"@type\":\"WebPage\",\"@id\":\"https:\/\/voyage-aventure.com\/blog\/a-la-une\/des-tensions-grandissantes-en-turquie-erdogan-condamne-les-manifestations-et-appelle-a-lordre\/\",\"url\":\"https:\/\/voyage-aventure.com\/blog\/a-la-une\/des-tensions-grandissantes-en-turquie-erdogan-condamne-les-manifestations-et-appelle-a-lordre\/\",\"name\":\"Des tensions grandissantes en Turquie : Erdogan condamne\",\"isPartOf\":{\"@id\":\"https:\/\/voyage-aventure.com\/blog\/#website\"},\"primaryImageOfPage\":{\"@id\":\"https:\/\/voyage-aventure.com\/blog\/a-la-une\/des-tensions-grandissantes-en-turquie-erdogan-condamne-les-manifestations-et-appelle-a-lordre\/#primaryimage\"},\"image\":{\"@id\":\"https:\/\/voyage-aventure.com\/blog\/a-la-une\/des-tensions-grandissantes-en-turquie-erdogan-condamne-les-manifestations-et-appelle-a-lordre\/#primaryimage\"},\"thumbnailUrl\":\"https:\/\/voyage-aventure.com\/blog\/wp-content\/uploads\/2025\/04\/sdxl-769bbeab01564a6528912f853cd49eab.png\",\"datePublished\":\"2025-03-25T05:52:04+00:00\",\"description\":\"Les manifestations en Turquie ont pris une ampleur sans pr\u00e9c\u00e9dent ces derniers jours, d\u00e9clench\u00e9es par l'arrestation du maire d'Istanbul, Ekrem Imamoglu\",\"inLanguage\":\"fr-FR\",\"potentialAction\":[{\"@type\":\"ReadAction\",\"target\":[\"https:\/\/voyage-aventure.com\/blog\/a-la-une\/des-tensions-grandissantes-en-turquie-erdogan-condamne-les-manifestations-et-appelle-a-lordre\/\"]}]},{\"@type\":\"ImageObject\",\"inLanguage\":\"fr-FR\",\"@id\":\"https:\/\/voyage-aventure.com\/blog\/a-la-une\/des-tensions-grandissantes-en-turquie-erdogan-condamne-les-manifestations-et-appelle-a-lordre\/#primaryimage\",\"url\":\"https:\/\/voyage-aventure.com\/blog\/wp-content\/uploads\/2025\/04\/sdxl-769bbeab01564a6528912f853cd49eab.png\",\"contentUrl\":\"https:\/\/voyage-aventure.com\/blog\/wp-content\/uploads\/2025\/04\/sdxl-769bbeab01564a6528912f853cd49eab.png\",\"width\":1536,\"height\":640},{\"@type\":\"WebSite\",\"@id\":\"https:\/\/voyage-aventure.com\/blog\/#website\",\"url\":\"https:\/\/voyage-aventure.com\/blog\/\",\"name\":\"voyage-aventure.com\",\"description\":\"Votre passeport pour l\u2019inattendu.\",\"publisher\":{\"@id\":\"https:\/\/voyage-aventure.com\/blog\/#organization\"},\"alternateName\":\"Votre passeport pour l\u2019inattendu.\",\"potentialAction\":[{\"@type\":\"SearchAction\",\"target\":{\"@type\":\"EntryPoint\",\"urlTemplate\":\"https:\/\/voyage-aventure.com\/blog\/?s={search_term_string}\"},\"query-input\":{\"@type\":\"PropertyValueSpecification\",\"valueRequired\":true,\"valueName\":\"search_term_string\"}}],\"inLanguage\":\"fr-FR\"},{\"@type\":\"Organization\",\"@id\":\"https:\/\/voyage-aventure.com\/blog\/#organization\",\"name\":\"Foretsensations.fr\",\"url\":\"https:\/\/voyage-aventure.com\/blog\/\",\"logo\":{\"@type\":\"ImageObject\",\"inLanguage\":\"fr-FR\",\"@id\":\"https:\/\/voyage-aventure.com\/blog\/#\/schema\/logo\/image\/\",\"url\":\"https:\/\/voyage-aventure.com\/blog\/wp-content\/uploads\/2024\/12\/19.png\",\"contentUrl\":\"https:\/\/voyage-aventure.com\/blog\/wp-content\/uploads\/2024\/12\/19.png\",\"width\":512,\"height\":512,\"caption\":\"Foretsensations.fr\"},\"image\":{\"@id\":\"https:\/\/voyage-aventure.com\/blog\/#\/schema\/logo\/image\/\"}},{\"@type\":\"Person\",\"@id\":\"https:\/\/voyage-aventure.com\/blog\/#\/schema\/person\/3c864cdc320801e3db34b663e7e3f816\",\"name\":\"Camille Rouvray\",\"image\":{\"@type\":\"ImageObject\",\"inLanguage\":\"fr-FR\",\"@id\":\"https:\/\/voyage-aventure.com\/blog\/#\/schema\/person\/image\/\",\"url\":\"https:\/\/voyage-aventure.com\/blog\/wp-content\/uploads\/2026\/06\/persona_camille-r-96x96.jpg\",\"contentUrl\":\"https:\/\/voyage-aventure.com\/blog\/wp-content\/uploads\/2026\/06\/persona_camille-r-96x96.jpg\",\"caption\":\"Camille Rouvray\"},\"description\":\"Je voyage et j'\u00e9cris sur le voyage depuis une douzaine d'ann\u00e9es, d'abord en tant que routarde au long cours, puis comme r\u00e9dactrice sp\u00e9cialis\u00e9e. Mon terrain de pr\u00e9dilection, ce sont les circuits organis\u00e9s et l'art de bien pr\u00e9parer un itin\u00e9raire : choix de la saison, dur\u00e9e r\u00e9aliste des \u00e9tapes, budget jour par jour, logement et transport sur place. J'aime aussi raconter les p\u00e9pites urbaines, ces adresses qu'on ne trouve pas dans les guides classiques. Avant de publier un dossier destination, je croise toujours plusieurs sources, je v\u00e9rifie les tarifs et les formalit\u00e9s d'entr\u00e9e \u00e0 jour, et je teste moi-m\u00eame quand je le peux. Mon angle reste pratique avant tout : aider le lecteur \u00e0 partir l'esprit tranquille, sans mauvaise surprise une fois sur place. Je m'attache \u00e0 distinguer le coup de c\u0153ur sinc\u00e8re du simple argument marketing.\",\"sameAs\":[\"https:\/\/camillerouvray.fr\/\"],\"url\":\"https:\/\/voyage-aventure.com\/blog\/auteur\/noname\/\"}]}<\/script>\n<!-- \/ Yoast SEO Premium plugin. -->","yoast_head_json":{"title":"Des tensions grandissantes en Turquie : Erdogan condamne","description":"Les manifestations en Turquie ont pris une ampleur sans pr\u00e9c\u00e9dent ces derniers jours, d\u00e9clench\u00e9es par l'arrestation du maire d'Istanbul, Ekrem Imamoglu","robots":{"index":"index","follow":"follow","max-snippet":"max-snippet:-1","max-image-preview":"max-image-preview:large","max-video-preview":"max-video-preview:-1"},"canonical":"https:\/\/voyage-aventure.com\/blog\/a-la-une\/des-tensions-grandissantes-en-turquie-erdogan-condamne-les-manifestations-et-appelle-a-lordre\/","og_locale":"fr_FR","og_type":"article","og_title":"Des tensions grandissantes en Turquie : Erdogan condamne","og_description":"Les manifestations en Turquie ont pris une ampleur sans pr\u00e9c\u00e9dent ces derniers jours, d\u00e9clench\u00e9es par l'arrestation du maire d'Istanbul, Ekrem Imamoglu","og_url":"https:\/\/voyage-aventure.com\/blog\/a-la-une\/des-tensions-grandissantes-en-turquie-erdogan-condamne-les-manifestations-et-appelle-a-lordre\/","og_site_name":"voyage-aventure","og_image":[{"width":1536,"height":640,"url":"https:\/\/voyage-aventure.com\/blog\/wp-content\/uploads\/2025\/04\/sdxl-769bbeab01564a6528912f853cd49eab.png","type":"image\/png"}],"author":"Camille Rouvray","twitter_card":"summary_large_image","schema":{"@context":"https:\/\/schema.org","@graph":[{"@type":"NewsArticle","@id":"https:\/\/voyage-aventure.com\/blog\/a-la-une\/des-tensions-grandissantes-en-turquie-erdogan-condamne-les-manifestations-et-appelle-a-lordre\/#article","isPartOf":{"@id":"https:\/\/voyage-aventure.com\/blog\/a-la-une\/des-tensions-grandissantes-en-turquie-erdogan-condamne-les-manifestations-et-appelle-a-lordre\/"},"author":{"name":"Camille Rouvray","@id":"https:\/\/voyage-aventure.com\/blog\/#\/schema\/person\/3c864cdc320801e3db34b663e7e3f816"},"headline":"Des tensions grandissantes en Turquie : Erdogan condamne les manifestations et appelle \u00e0 l&rsquo;ordre","datePublished":"2025-03-25T05:52:04+00:00","mainEntityOfPage":{"@id":"https:\/\/voyage-aventure.com\/blog\/a-la-une\/des-tensions-grandissantes-en-turquie-erdogan-condamne-les-manifestations-et-appelle-a-lordre\/"},"wordCount":583,"commentCount":18,"publisher":{"@id":"https:\/\/voyage-aventure.com\/blog\/#organization"},"image":{"@id":"https:\/\/voyage-aventure.com\/blog\/a-la-une\/des-tensions-grandissantes-en-turquie-erdogan-condamne-les-manifestations-et-appelle-a-lordre\/#primaryimage"},"thumbnailUrl":"https:\/\/voyage-aventure.com\/blog\/wp-content\/uploads\/2025\/04\/sdxl-769bbeab01564a6528912f853cd49eab.png","keywords":["Destinations","\u00c9conomie","Libert\u00e9 de la presse","Relations Internationales","S\u00e9curit\u00e9"],"articleSection":["\u00c0 la une"],"inLanguage":"fr-FR","potentialAction":[{"@type":"CommentAction","name":"Comment","target":["https:\/\/voyage-aventure.com\/blog\/a-la-une\/des-tensions-grandissantes-en-turquie-erdogan-condamne-les-manifestations-et-appelle-a-lordre\/#respond"]}]},{"@type":"WebPage","@id":"https:\/\/voyage-aventure.com\/blog\/a-la-une\/des-tensions-grandissantes-en-turquie-erdogan-condamne-les-manifestations-et-appelle-a-lordre\/","url":"https:\/\/voyage-aventure.com\/blog\/a-la-une\/des-tensions-grandissantes-en-turquie-erdogan-condamne-les-manifestations-et-appelle-a-lordre\/","name":"Des tensions grandissantes en Turquie : Erdogan condamne","isPartOf":{"@id":"https:\/\/voyage-aventure.com\/blog\/#website"},"primaryImageOfPage":{"@id":"https:\/\/voyage-aventure.com\/blog\/a-la-une\/des-tensions-grandissantes-en-turquie-erdogan-condamne-les-manifestations-et-appelle-a-lordre\/#primaryimage"},"image":{"@id":"https:\/\/voyage-aventure.com\/blog\/a-la-une\/des-tensions-grandissantes-en-turquie-erdogan-condamne-les-manifestations-et-appelle-a-lordre\/#primaryimage"},"thumbnailUrl":"https:\/\/voyage-aventure.com\/blog\/wp-content\/uploads\/2025\/04\/sdxl-769bbeab01564a6528912f853cd49eab.png","datePublished":"2025-03-25T05:52:04+00:00","description":"Les manifestations en Turquie ont pris une ampleur sans pr\u00e9c\u00e9dent ces derniers jours, d\u00e9clench\u00e9es par l'arrestation du maire d'Istanbul, Ekrem Imamoglu","inLanguage":"fr-FR","potentialAction":[{"@type":"ReadAction","target":["https:\/\/voyage-aventure.com\/blog\/a-la-une\/des-tensions-grandissantes-en-turquie-erdogan-condamne-les-manifestations-et-appelle-a-lordre\/"]}]},{"@type":"ImageObject","inLanguage":"fr-FR","@id":"https:\/\/voyage-aventure.com\/blog\/a-la-une\/des-tensions-grandissantes-en-turquie-erdogan-condamne-les-manifestations-et-appelle-a-lordre\/#primaryimage","url":"https:\/\/voyage-aventure.com\/blog\/wp-content\/uploads\/2025\/04\/sdxl-769bbeab01564a6528912f853cd49eab.png","contentUrl":"https:\/\/voyage-aventure.com\/blog\/wp-content\/uploads\/2025\/04\/sdxl-769bbeab01564a6528912f853cd49eab.png","width":1536,"height":640},{"@type":"WebSite","@id":"https:\/\/voyage-aventure.com\/blog\/#website","url":"https:\/\/voyage-aventure.com\/blog\/","name":"voyage-aventure.com","description":"Votre passeport pour l\u2019inattendu.","publisher":{"@id":"https:\/\/voyage-aventure.com\/blog\/#organization"},"alternateName":"Votre passeport pour l\u2019inattendu.","potentialAction":[{"@type":"SearchAction","target":{"@type":"EntryPoint","urlTemplate":"https:\/\/voyage-aventure.com\/blog\/?s={search_term_string}"},"query-input":{"@type":"PropertyValueSpecification","valueRequired":true,"valueName":"search_term_string"}}],"inLanguage":"fr-FR"},{"@type":"Organization","@id":"https:\/\/voyage-aventure.com\/blog\/#organization","name":"Foretsensations.fr","url":"https:\/\/voyage-aventure.com\/blog\/","logo":{"@type":"ImageObject","inLanguage":"fr-FR","@id":"https:\/\/voyage-aventure.com\/blog\/#\/schema\/logo\/image\/","url":"https:\/\/voyage-aventure.com\/blog\/wp-content\/uploads\/2024\/12\/19.png","contentUrl":"https:\/\/voyage-aventure.com\/blog\/wp-content\/uploads\/2024\/12\/19.png","width":512,"height":512,"caption":"Foretsensations.fr"},"image":{"@id":"https:\/\/voyage-aventure.com\/blog\/#\/schema\/logo\/image\/"}},{"@type":"Person","@id":"https:\/\/voyage-aventure.com\/blog\/#\/schema\/person\/3c864cdc320801e3db34b663e7e3f816","name":"Camille Rouvray","image":{"@type":"ImageObject","inLanguage":"fr-FR","@id":"https:\/\/voyage-aventure.com\/blog\/#\/schema\/person\/image\/","url":"https:\/\/voyage-aventure.com\/blog\/wp-content\/uploads\/2026\/06\/persona_camille-r-96x96.jpg","contentUrl":"https:\/\/voyage-aventure.com\/blog\/wp-content\/uploads\/2026\/06\/persona_camille-r-96x96.jpg","caption":"Camille Rouvray"},"description":"Je voyage et j'\u00e9cris sur le voyage depuis une douzaine d'ann\u00e9es, d'abord en tant que routarde au long cours, puis comme r\u00e9dactrice sp\u00e9cialis\u00e9e. Mon terrain de pr\u00e9dilection, ce sont les circuits organis\u00e9s et l'art de bien pr\u00e9parer un itin\u00e9raire : choix de la saison, dur\u00e9e r\u00e9aliste des \u00e9tapes, budget jour par jour, logement et transport sur place. J'aime aussi raconter les p\u00e9pites urbaines, ces adresses qu'on ne trouve pas dans les guides classiques. Avant de publier un dossier destination, je croise toujours plusieurs sources, je v\u00e9rifie les tarifs et les formalit\u00e9s d'entr\u00e9e \u00e0 jour, et je teste moi-m\u00eame quand je le peux. Mon angle reste pratique avant tout : aider le lecteur \u00e0 partir l'esprit tranquille, sans mauvaise surprise une fois sur place. Je m'attache \u00e0 distinguer le coup de c\u0153ur sinc\u00e8re du simple argument marketing.","sameAs":["https:\/\/camillerouvray.fr\/"],"url":"https:\/\/voyage-aventure.com\/blog\/auteur\/noname\/"}]}},"_links":{"self":[{"href":"https:\/\/voyage-aventure.com\/blog\/wp-json\/wp\/v2\/posts\/16315","targetHints":{"allow":["GET"]}}],"collection":[{"href":"https:\/\/voyage-aventure.com\/blog\/wp-json\/wp\/v2\/posts"}],"about":[{"href":"https:\/\/voyage-aventure.com\/blog\/wp-json\/wp\/v2\/types\/post"}],"author":[{"embeddable":true,"href":"https:\/\/voyage-aventure.com\/blog\/wp-json\/wp\/v2\/users\/34"}],"replies":[{"embeddable":true,"href":"https:\/\/voyage-aventure.com\/blog\/wp-json\/wp\/v2\/comments?post=16315"}],"version-history":[{"count":1,"href":"https:\/\/voyage-aventure.com\/blog\/wp-json\/wp\/v2\/posts\/16315\/revisions"}],"predecessor-version":[{"id":16316,"href":"https:\/\/voyage-aventure.com\/blog\/wp-json\/wp\/v2\/posts\/16315\/revisions\/16316"}],"wp:featuredmedia":[{"embeddable":true,"href":"https:\/\/voyage-aventure.com\/blog\/wp-json\/wp\/v2\/media\/18235"}],"wp:attachment":[{"href":"https:\/\/voyage-aventure.com\/blog\/wp-json\/wp\/v2\/media?parent=16315"}],"wp:term":[{"taxonomy":"category","embeddable":true,"href":"https:\/\/voyage-aventure.com\/blog\/wp-json\/wp\/v2\/categories?post=16315"},{"taxonomy":"post_tag","embeddable":true,"href":"https:\/\/voyage-aventure.com\/blog\/wp-json\/wp\/v2\/tags?post=16315"}],"curies":[{"name":"wp","href":"https:\/\/api.w.org\/{rel}","templated":true}]}}