{"id":16302,"date":"2025-03-26T01:58:16","date_gmt":"2025-03-26T00:58:16","guid":{"rendered":"https:\/\/voyage-aventure.com\/blog\/?p=16302"},"modified":"2025-03-26T01:58:16","modified_gmt":"2025-03-26T00:58:16","slug":"des-leaders-autochtones-unissent-leurs-prieres-pour-la-nature-en-chili","status":"publish","type":"post","link":"https:\/\/voyage-aventure.com\/blog\/destinations-aventure\/des-leaders-autochtones-unissent-leurs-prieres-pour-la-nature-en-chili\/","title":{"rendered":"Des leaders autochtones unissent leurs pri\u00e8res pour la nature en Chili"},"content":{"rendered":"<h2>Une c\u00e9r\u00e9monie ancestrale pour la Terre<\/h2>\n<p>Le dimanche dernier, les chefs de 22 peuples autochtones provenant de cinq continents ont c\u00e9l\u00e9br\u00e9 une pri\u00e8re pour la nature au Chili. Cet \u00e9v\u00e9nement marquait la fin d&rsquo;un p\u00e8lerinage de 46 jours \u00e0 travers le monde, une initiative qui a d\u00e9but\u00e9 en Italie. Ce rassemblement unique a permis de rassembler des cultures diverses, toutes unies par un objectif commun : la protection de notre plan\u00e8te.<\/p>\n<p>Les participants ont r\u00e9alis\u00e9 une c\u00e9r\u00e9monie ancestrale inspir\u00e9e des traditions des Anasazi, un peuple ayant habit\u00e9 le Chaco Canyon avant l&rsquo;arriv\u00e9e des Europ\u00e9ens. Ce rituel a r\u00e9uni des repr\u00e9sentants de peuples tels que les Khalkha de Mongolie, les Noke Koi du Br\u00e9sil et les Kallawaya de Bolivie, qui ont chant\u00e9, dans\u00e9 et pri\u00e9 autour d&rsquo;un autel sacr\u00e9. Ce moment fort a \u00e9t\u00e9 marqu\u00e9 par l&rsquo;allumage d&rsquo;un feu sacr\u00e9, symbolisant l&rsquo;unit\u00e9 des continents en ce jour m\u00e9morable.<\/p>\n<h2>Des voix pour l&rsquo;environnement<\/h2>\n<p>Au terme de la c\u00e9r\u00e9monie, les leaders autochtones ont partag\u00e9 un message fort sur la n\u00e9cessit\u00e9 de prendre soin de notre environnement. \u201cNous faisons partie de la nature. Nous ne sommes pas s\u00e9par\u00e9s d&rsquo;elle\u201d, a d\u00e9clar\u00e9 Rutendo Ngara, une repr\u00e9sentante du groupe sud-africain Oba Umbuntu. Son intervention a mis en lumi\u00e8re la gravit\u00e9 des d\u00e9fis environnementaux auxquels font face de nombreuses communaut\u00e9s autochtones.<\/p>\n<p>Les pr\u00e9occupations exprim\u00e9es par ces leaders ne se limitent pas \u00e0 des enjeux globaux. Ils ont \u00e9galement \u00e9voqu\u00e9 les probl\u00e8mes sp\u00e9cifiques qui touchent leurs r\u00e9gions d&rsquo;origine. La destruction des \u00e9cosyst\u00e8mes, souvent caus\u00e9e par les activit\u00e9s humaines, les pr\u00e9occupe profond\u00e9ment et ils appellent \u00e0 une action collective.<\/p>\n<h2>Un appel \u00e0 l&rsquo;unit\u00e9 des peuples<\/h2>\n<p>La c\u00e9r\u00e9monie a constitu\u00e9 un puissant symbole de solidarit\u00e9 entre les peuples autochtones du monde entier. En illuminant un feu sacr\u00e9, les participants ont \u00e9galement allum\u00e9 une lueur d&rsquo;espoir pour l&rsquo;avenir. Heriberto Villasenor, directeur de l&rsquo;ONG Raices de la Tierra, a soulign\u00e9 l&rsquo;importance de cette rencontre : \u201cLes plumes repr\u00e9sentent les continents, et aujourd&rsquo;hui, pour la premi\u00e8re fois, nous avons les cinq continents r\u00e9unis.\u201d<\/p>\n<p>Cette convergence de cultures met en avant la richesse des traditions autochtones et leur vision commune pour l&rsquo;avenir de la Terre. Les leaders ont exprim\u00e9 leur d\u00e9sir de voir un renouveau dans la relation entre l&rsquo;humanit\u00e9 et la nature. En unissant leurs voix, ils esp\u00e8rent inspirer des changements positifs et durables.<\/p>\n<ul>\n<li>Les Anasazi et leur h\u00e9ritage culturel<\/li>\n<li>La menace des destructions \u00e9cologiques<\/li>\n<li>La n\u00e9cessit\u00e9 d&rsquo;une action collective<\/li>\n<li>Les rituels et leurs significations profondes<\/li>\n<li>L&rsquo;importance de la pr\u00e9servation des cultures autochtones<\/li>\n<\/ul>\n<blockquote><p>\n\u201cNous faisons partie de la nature. Nous ne sommes pas s\u00e9par\u00e9s d&rsquo;elle.\u201d &#8211; Rutendo Ngara\n<\/p><\/blockquote>\n<p>Cet \u00e9v\u00e9nement au Chili marque un tournant dans la prise de conscience collective sur les enjeux environnementaux. Les leaders autochtones, porteurs de sagesse et de traditions, nous rappellent l&rsquo;importance de respecter notre Terre. En unissant leurs pri\u00e8res et leurs forces, ils nous incitent \u00e0 r\u00e9fl\u00e9chir sur notre propre r\u00f4le dans la pr\u00e9servation de l&rsquo;environnement pour les g\u00e9n\u00e9rations futures.<\/p>\n","protected":false},"excerpt":{"rendered":"","protected":false},"author":34,"featured_media":20545,"comment_status":"open","ping_status":"open","sticky":false,"template":"","format":"standard","meta":{"_acf_changed":false,"manual_indexmenow":false,"indexmenow_id_project":0,"footnotes":""},"categories":[4520],"tags":[6273,4769,4385,4442,6274],"class_list":["post-16302","post","type-post","status-publish","format-standard","has-post-thumbnail","hentry","category-destinations-aventure","tag-heritage-culturel","tag-immersion-culturelle","tag-pratiques-durables","tag-protection-de-lenvironnement","tag-solidarite-internationale","generate-columns","tablet-grid-50","mobile-grid-100","grid-parent","grid-25"],"acf":[],"yoast_head":"<!-- This site is optimized with the Yoast SEO Premium plugin v21.3 (Yoast SEO v25.1) - https:\/\/yoast.com\/wordpress\/plugins\/seo\/ -->\n<title>Des leaders autochtones unissent leurs pri\u00e8res pour la<\/title>\n<meta name=\"description\" content=\"Le dimanche dernier, les chefs de 22 peuples autochtones provenant de cinq continents ont c\u00e9l\u00e9br\u00e9 une pri\u00e8re pour la nature au Chili. Cet \u00e9v\u00e9nement\" \/>\n<meta name=\"robots\" content=\"index, follow, max-snippet:-1, max-image-preview:large, max-video-preview:-1\" \/>\n<link rel=\"canonical\" href=\"https:\/\/voyage-aventure.com\/blog\/destinations-aventure\/des-leaders-autochtones-unissent-leurs-prieres-pour-la-nature-en-chili\/\" \/>\n<meta property=\"og:locale\" content=\"fr_FR\" \/>\n<meta property=\"og:type\" content=\"article\" \/>\n<meta property=\"og:title\" content=\"Des leaders autochtones unissent leurs pri\u00e8res pour la\" \/>\n<meta property=\"og:description\" content=\"Le dimanche dernier, les chefs de 22 peuples autochtones provenant de cinq continents ont c\u00e9l\u00e9br\u00e9 une pri\u00e8re pour la nature au Chili. Cet \u00e9v\u00e9nement\" \/>\n<meta property=\"og:url\" content=\"https:\/\/voyage-aventure.com\/blog\/destinations-aventure\/des-leaders-autochtones-unissent-leurs-prieres-pour-la-nature-en-chili\/\" \/>\n<meta property=\"og:site_name\" content=\"voyage-aventure\" \/>\n<meta property=\"og:image\" content=\"https:\/\/voyage-aventure.com\/blog\/wp-content\/uploads\/2025\/05\/sdxl-345d4bfbd05ca278817c757a67ac0b28-scaled.png\" \/>\n\t<meta property=\"og:image:width\" content=\"1200\" \/>\n\t<meta property=\"og:image:height\" content=\"500\" \/>\n\t<meta property=\"og:image:type\" content=\"image\/png\" \/>\n<meta name=\"author\" content=\"Camille Rouvray\" \/>\n<meta name=\"twitter:card\" content=\"summary_large_image\" \/>\n<script type=\"application\/ld+json\" class=\"yoast-schema-graph\">{\"@context\":\"https:\/\/schema.org\",\"@graph\":[{\"@type\":\"NewsArticle\",\"@id\":\"https:\/\/voyage-aventure.com\/blog\/destinations-aventure\/des-leaders-autochtones-unissent-leurs-prieres-pour-la-nature-en-chili\/#article\",\"isPartOf\":{\"@id\":\"https:\/\/voyage-aventure.com\/blog\/destinations-aventure\/des-leaders-autochtones-unissent-leurs-prieres-pour-la-nature-en-chili\/\"},\"author\":{\"name\":\"Camille Rouvray\",\"@id\":\"https:\/\/voyage-aventure.com\/blog\/#\/schema\/person\/3c864cdc320801e3db34b663e7e3f816\"},\"headline\":\"Des leaders autochtones unissent leurs pri\u00e8res pour la nature en Chili\",\"datePublished\":\"2025-03-26T00:58:16+00:00\",\"mainEntityOfPage\":{\"@id\":\"https:\/\/voyage-aventure.com\/blog\/destinations-aventure\/des-leaders-autochtones-unissent-leurs-prieres-pour-la-nature-en-chili\/\"},\"wordCount\":567,\"commentCount\":19,\"publisher\":{\"@id\":\"https:\/\/voyage-aventure.com\/blog\/#organization\"},\"image\":{\"@id\":\"https:\/\/voyage-aventure.com\/blog\/destinations-aventure\/des-leaders-autochtones-unissent-leurs-prieres-pour-la-nature-en-chili\/#primaryimage\"},\"thumbnailUrl\":\"https:\/\/voyage-aventure.com\/blog\/wp-content\/uploads\/2025\/05\/sdxl-345d4bfbd05ca278817c757a67ac0b28-scaled.png\",\"keywords\":[\"H\u00e9ritage Culturel\",\"Immersion Culturelle\",\"Pratiques Durables\",\"Protection de l'Environnement\",\"Solidarit\u00e9 Internationale\"],\"articleSection\":[\"Destinations Aventure\"],\"inLanguage\":\"fr-FR\",\"potentialAction\":[{\"@type\":\"CommentAction\",\"name\":\"Comment\",\"target\":[\"https:\/\/voyage-aventure.com\/blog\/destinations-aventure\/des-leaders-autochtones-unissent-leurs-prieres-pour-la-nature-en-chili\/#respond\"]}]},{\"@type\":\"WebPage\",\"@id\":\"https:\/\/voyage-aventure.com\/blog\/destinations-aventure\/des-leaders-autochtones-unissent-leurs-prieres-pour-la-nature-en-chili\/\",\"url\":\"https:\/\/voyage-aventure.com\/blog\/destinations-aventure\/des-leaders-autochtones-unissent-leurs-prieres-pour-la-nature-en-chili\/\",\"name\":\"Des leaders autochtones unissent leurs pri\u00e8res pour la\",\"isPartOf\":{\"@id\":\"https:\/\/voyage-aventure.com\/blog\/#website\"},\"primaryImageOfPage\":{\"@id\":\"https:\/\/voyage-aventure.com\/blog\/destinations-aventure\/des-leaders-autochtones-unissent-leurs-prieres-pour-la-nature-en-chili\/#primaryimage\"},\"image\":{\"@id\":\"https:\/\/voyage-aventure.com\/blog\/destinations-aventure\/des-leaders-autochtones-unissent-leurs-prieres-pour-la-nature-en-chili\/#primaryimage\"},\"thumbnailUrl\":\"https:\/\/voyage-aventure.com\/blog\/wp-content\/uploads\/2025\/05\/sdxl-345d4bfbd05ca278817c757a67ac0b28-scaled.png\",\"datePublished\":\"2025-03-26T00:58:16+00:00\",\"description\":\"Le dimanche dernier, les chefs de 22 peuples autochtones provenant de cinq continents ont c\u00e9l\u00e9br\u00e9 une pri\u00e8re pour la nature au Chili. Cet \u00e9v\u00e9nement\",\"inLanguage\":\"fr-FR\",\"potentialAction\":[{\"@type\":\"ReadAction\",\"target\":[\"https:\/\/voyage-aventure.com\/blog\/destinations-aventure\/des-leaders-autochtones-unissent-leurs-prieres-pour-la-nature-en-chili\/\"]}]},{\"@type\":\"ImageObject\",\"inLanguage\":\"fr-FR\",\"@id\":\"https:\/\/voyage-aventure.com\/blog\/destinations-aventure\/des-leaders-autochtones-unissent-leurs-prieres-pour-la-nature-en-chili\/#primaryimage\",\"url\":\"https:\/\/voyage-aventure.com\/blog\/wp-content\/uploads\/2025\/05\/sdxl-345d4bfbd05ca278817c757a67ac0b28-scaled.png\",\"contentUrl\":\"https:\/\/voyage-aventure.com\/blog\/wp-content\/uploads\/2025\/05\/sdxl-345d4bfbd05ca278817c757a67ac0b28-scaled.png\",\"width\":1200,\"height\":500},{\"@type\":\"WebSite\",\"@id\":\"https:\/\/voyage-aventure.com\/blog\/#website\",\"url\":\"https:\/\/voyage-aventure.com\/blog\/\",\"name\":\"voyage-aventure.com\",\"description\":\"Votre passeport pour l\u2019inattendu.\",\"publisher\":{\"@id\":\"https:\/\/voyage-aventure.com\/blog\/#organization\"},\"alternateName\":\"Votre passeport pour l\u2019inattendu.\",\"potentialAction\":[{\"@type\":\"SearchAction\",\"target\":{\"@type\":\"EntryPoint\",\"urlTemplate\":\"https:\/\/voyage-aventure.com\/blog\/?s={search_term_string}\"},\"query-input\":{\"@type\":\"PropertyValueSpecification\",\"valueRequired\":true,\"valueName\":\"search_term_string\"}}],\"inLanguage\":\"fr-FR\"},{\"@type\":\"Organization\",\"@id\":\"https:\/\/voyage-aventure.com\/blog\/#organization\",\"name\":\"Foretsensations.fr\",\"url\":\"https:\/\/voyage-aventure.com\/blog\/\",\"logo\":{\"@type\":\"ImageObject\",\"inLanguage\":\"fr-FR\",\"@id\":\"https:\/\/voyage-aventure.com\/blog\/#\/schema\/logo\/image\/\",\"url\":\"https:\/\/voyage-aventure.com\/blog\/wp-content\/uploads\/2024\/12\/19.png\",\"contentUrl\":\"https:\/\/voyage-aventure.com\/blog\/wp-content\/uploads\/2024\/12\/19.png\",\"width\":512,\"height\":512,\"caption\":\"Foretsensations.fr\"},\"image\":{\"@id\":\"https:\/\/voyage-aventure.com\/blog\/#\/schema\/logo\/image\/\"}},{\"@type\":\"Person\",\"@id\":\"https:\/\/voyage-aventure.com\/blog\/#\/schema\/person\/3c864cdc320801e3db34b663e7e3f816\",\"name\":\"Camille Rouvray\",\"image\":{\"@type\":\"ImageObject\",\"inLanguage\":\"fr-FR\",\"@id\":\"https:\/\/voyage-aventure.com\/blog\/#\/schema\/person\/image\/\",\"url\":\"https:\/\/voyage-aventure.com\/blog\/wp-content\/uploads\/2026\/06\/persona_camille-r-96x96.jpg\",\"contentUrl\":\"https:\/\/voyage-aventure.com\/blog\/wp-content\/uploads\/2026\/06\/persona_camille-r-96x96.jpg\",\"caption\":\"Camille Rouvray\"},\"description\":\"Je voyage et j'\u00e9cris sur le voyage depuis une douzaine d'ann\u00e9es, d'abord en tant que routarde au long cours, puis comme r\u00e9dactrice sp\u00e9cialis\u00e9e. Mon terrain de pr\u00e9dilection, ce sont les circuits organis\u00e9s et l'art de bien pr\u00e9parer un itin\u00e9raire : choix de la saison, dur\u00e9e r\u00e9aliste des \u00e9tapes, budget jour par jour, logement et transport sur place. J'aime aussi raconter les p\u00e9pites urbaines, ces adresses qu'on ne trouve pas dans les guides classiques. Avant de publier un dossier destination, je croise toujours plusieurs sources, je v\u00e9rifie les tarifs et les formalit\u00e9s d'entr\u00e9e \u00e0 jour, et je teste moi-m\u00eame quand je le peux. Mon angle reste pratique avant tout : aider le lecteur \u00e0 partir l'esprit tranquille, sans mauvaise surprise une fois sur place. Je m'attache \u00e0 distinguer le coup de c\u0153ur sinc\u00e8re du simple argument marketing.\",\"sameAs\":[\"https:\/\/camillerouvray.fr\/\"],\"url\":\"https:\/\/voyage-aventure.com\/blog\/auteur\/noname\/\"}]}<\/script>\n<!-- \/ Yoast SEO Premium plugin. -->","yoast_head_json":{"title":"Des leaders autochtones unissent leurs pri\u00e8res pour la","description":"Le dimanche dernier, les chefs de 22 peuples autochtones provenant de cinq continents ont c\u00e9l\u00e9br\u00e9 une pri\u00e8re pour la nature au Chili. Cet \u00e9v\u00e9nement","robots":{"index":"index","follow":"follow","max-snippet":"max-snippet:-1","max-image-preview":"max-image-preview:large","max-video-preview":"max-video-preview:-1"},"canonical":"https:\/\/voyage-aventure.com\/blog\/destinations-aventure\/des-leaders-autochtones-unissent-leurs-prieres-pour-la-nature-en-chili\/","og_locale":"fr_FR","og_type":"article","og_title":"Des leaders autochtones unissent leurs pri\u00e8res pour la","og_description":"Le dimanche dernier, les chefs de 22 peuples autochtones provenant de cinq continents ont c\u00e9l\u00e9br\u00e9 une pri\u00e8re pour la nature au Chili. Cet \u00e9v\u00e9nement","og_url":"https:\/\/voyage-aventure.com\/blog\/destinations-aventure\/des-leaders-autochtones-unissent-leurs-prieres-pour-la-nature-en-chili\/","og_site_name":"voyage-aventure","og_image":[{"width":1200,"height":500,"url":"https:\/\/voyage-aventure.com\/blog\/wp-content\/uploads\/2025\/05\/sdxl-345d4bfbd05ca278817c757a67ac0b28-scaled.png","type":"image\/png"}],"author":"Camille Rouvray","twitter_card":"summary_large_image","schema":{"@context":"https:\/\/schema.org","@graph":[{"@type":"NewsArticle","@id":"https:\/\/voyage-aventure.com\/blog\/destinations-aventure\/des-leaders-autochtones-unissent-leurs-prieres-pour-la-nature-en-chili\/#article","isPartOf":{"@id":"https:\/\/voyage-aventure.com\/blog\/destinations-aventure\/des-leaders-autochtones-unissent-leurs-prieres-pour-la-nature-en-chili\/"},"author":{"name":"Camille Rouvray","@id":"https:\/\/voyage-aventure.com\/blog\/#\/schema\/person\/3c864cdc320801e3db34b663e7e3f816"},"headline":"Des leaders autochtones unissent leurs pri\u00e8res pour la nature en Chili","datePublished":"2025-03-26T00:58:16+00:00","mainEntityOfPage":{"@id":"https:\/\/voyage-aventure.com\/blog\/destinations-aventure\/des-leaders-autochtones-unissent-leurs-prieres-pour-la-nature-en-chili\/"},"wordCount":567,"commentCount":19,"publisher":{"@id":"https:\/\/voyage-aventure.com\/blog\/#organization"},"image":{"@id":"https:\/\/voyage-aventure.com\/blog\/destinations-aventure\/des-leaders-autochtones-unissent-leurs-prieres-pour-la-nature-en-chili\/#primaryimage"},"thumbnailUrl":"https:\/\/voyage-aventure.com\/blog\/wp-content\/uploads\/2025\/05\/sdxl-345d4bfbd05ca278817c757a67ac0b28-scaled.png","keywords":["H\u00e9ritage Culturel","Immersion Culturelle","Pratiques Durables","Protection de l'Environnement","Solidarit\u00e9 Internationale"],"articleSection":["Destinations Aventure"],"inLanguage":"fr-FR","potentialAction":[{"@type":"CommentAction","name":"Comment","target":["https:\/\/voyage-aventure.com\/blog\/destinations-aventure\/des-leaders-autochtones-unissent-leurs-prieres-pour-la-nature-en-chili\/#respond"]}]},{"@type":"WebPage","@id":"https:\/\/voyage-aventure.com\/blog\/destinations-aventure\/des-leaders-autochtones-unissent-leurs-prieres-pour-la-nature-en-chili\/","url":"https:\/\/voyage-aventure.com\/blog\/destinations-aventure\/des-leaders-autochtones-unissent-leurs-prieres-pour-la-nature-en-chili\/","name":"Des leaders autochtones unissent leurs pri\u00e8res pour la","isPartOf":{"@id":"https:\/\/voyage-aventure.com\/blog\/#website"},"primaryImageOfPage":{"@id":"https:\/\/voyage-aventure.com\/blog\/destinations-aventure\/des-leaders-autochtones-unissent-leurs-prieres-pour-la-nature-en-chili\/#primaryimage"},"image":{"@id":"https:\/\/voyage-aventure.com\/blog\/destinations-aventure\/des-leaders-autochtones-unissent-leurs-prieres-pour-la-nature-en-chili\/#primaryimage"},"thumbnailUrl":"https:\/\/voyage-aventure.com\/blog\/wp-content\/uploads\/2025\/05\/sdxl-345d4bfbd05ca278817c757a67ac0b28-scaled.png","datePublished":"2025-03-26T00:58:16+00:00","description":"Le dimanche dernier, les chefs de 22 peuples autochtones provenant de cinq continents ont c\u00e9l\u00e9br\u00e9 une pri\u00e8re pour la nature au Chili. Cet \u00e9v\u00e9nement","inLanguage":"fr-FR","potentialAction":[{"@type":"ReadAction","target":["https:\/\/voyage-aventure.com\/blog\/destinations-aventure\/des-leaders-autochtones-unissent-leurs-prieres-pour-la-nature-en-chili\/"]}]},{"@type":"ImageObject","inLanguage":"fr-FR","@id":"https:\/\/voyage-aventure.com\/blog\/destinations-aventure\/des-leaders-autochtones-unissent-leurs-prieres-pour-la-nature-en-chili\/#primaryimage","url":"https:\/\/voyage-aventure.com\/blog\/wp-content\/uploads\/2025\/05\/sdxl-345d4bfbd05ca278817c757a67ac0b28-scaled.png","contentUrl":"https:\/\/voyage-aventure.com\/blog\/wp-content\/uploads\/2025\/05\/sdxl-345d4bfbd05ca278817c757a67ac0b28-scaled.png","width":1200,"height":500},{"@type":"WebSite","@id":"https:\/\/voyage-aventure.com\/blog\/#website","url":"https:\/\/voyage-aventure.com\/blog\/","name":"voyage-aventure.com","description":"Votre passeport pour l\u2019inattendu.","publisher":{"@id":"https:\/\/voyage-aventure.com\/blog\/#organization"},"alternateName":"Votre passeport pour l\u2019inattendu.","potentialAction":[{"@type":"SearchAction","target":{"@type":"EntryPoint","urlTemplate":"https:\/\/voyage-aventure.com\/blog\/?s={search_term_string}"},"query-input":{"@type":"PropertyValueSpecification","valueRequired":true,"valueName":"search_term_string"}}],"inLanguage":"fr-FR"},{"@type":"Organization","@id":"https:\/\/voyage-aventure.com\/blog\/#organization","name":"Foretsensations.fr","url":"https:\/\/voyage-aventure.com\/blog\/","logo":{"@type":"ImageObject","inLanguage":"fr-FR","@id":"https:\/\/voyage-aventure.com\/blog\/#\/schema\/logo\/image\/","url":"https:\/\/voyage-aventure.com\/blog\/wp-content\/uploads\/2024\/12\/19.png","contentUrl":"https:\/\/voyage-aventure.com\/blog\/wp-content\/uploads\/2024\/12\/19.png","width":512,"height":512,"caption":"Foretsensations.fr"},"image":{"@id":"https:\/\/voyage-aventure.com\/blog\/#\/schema\/logo\/image\/"}},{"@type":"Person","@id":"https:\/\/voyage-aventure.com\/blog\/#\/schema\/person\/3c864cdc320801e3db34b663e7e3f816","name":"Camille Rouvray","image":{"@type":"ImageObject","inLanguage":"fr-FR","@id":"https:\/\/voyage-aventure.com\/blog\/#\/schema\/person\/image\/","url":"https:\/\/voyage-aventure.com\/blog\/wp-content\/uploads\/2026\/06\/persona_camille-r-96x96.jpg","contentUrl":"https:\/\/voyage-aventure.com\/blog\/wp-content\/uploads\/2026\/06\/persona_camille-r-96x96.jpg","caption":"Camille Rouvray"},"description":"Je voyage et j'\u00e9cris sur le voyage depuis une douzaine d'ann\u00e9es, d'abord en tant que routarde au long cours, puis comme r\u00e9dactrice sp\u00e9cialis\u00e9e. Mon terrain de pr\u00e9dilection, ce sont les circuits organis\u00e9s et l'art de bien pr\u00e9parer un itin\u00e9raire : choix de la saison, dur\u00e9e r\u00e9aliste des \u00e9tapes, budget jour par jour, logement et transport sur place. J'aime aussi raconter les p\u00e9pites urbaines, ces adresses qu'on ne trouve pas dans les guides classiques. Avant de publier un dossier destination, je croise toujours plusieurs sources, je v\u00e9rifie les tarifs et les formalit\u00e9s d'entr\u00e9e \u00e0 jour, et je teste moi-m\u00eame quand je le peux. Mon angle reste pratique avant tout : aider le lecteur \u00e0 partir l'esprit tranquille, sans mauvaise surprise une fois sur place. Je m'attache \u00e0 distinguer le coup de c\u0153ur sinc\u00e8re du simple argument marketing.","sameAs":["https:\/\/camillerouvray.fr\/"],"url":"https:\/\/voyage-aventure.com\/blog\/auteur\/noname\/"}]}},"_links":{"self":[{"href":"https:\/\/voyage-aventure.com\/blog\/wp-json\/wp\/v2\/posts\/16302","targetHints":{"allow":["GET"]}}],"collection":[{"href":"https:\/\/voyage-aventure.com\/blog\/wp-json\/wp\/v2\/posts"}],"about":[{"href":"https:\/\/voyage-aventure.com\/blog\/wp-json\/wp\/v2\/types\/post"}],"author":[{"embeddable":true,"href":"https:\/\/voyage-aventure.com\/blog\/wp-json\/wp\/v2\/users\/34"}],"replies":[{"embeddable":true,"href":"https:\/\/voyage-aventure.com\/blog\/wp-json\/wp\/v2\/comments?post=16302"}],"version-history":[{"count":1,"href":"https:\/\/voyage-aventure.com\/blog\/wp-json\/wp\/v2\/posts\/16302\/revisions"}],"predecessor-version":[{"id":16418,"href":"https:\/\/voyage-aventure.com\/blog\/wp-json\/wp\/v2\/posts\/16302\/revisions\/16418"}],"wp:featuredmedia":[{"embeddable":true,"href":"https:\/\/voyage-aventure.com\/blog\/wp-json\/wp\/v2\/media\/20545"}],"wp:attachment":[{"href":"https:\/\/voyage-aventure.com\/blog\/wp-json\/wp\/v2\/media?parent=16302"}],"wp:term":[{"taxonomy":"category","embeddable":true,"href":"https:\/\/voyage-aventure.com\/blog\/wp-json\/wp\/v2\/categories?post=16302"},{"taxonomy":"post_tag","embeddable":true,"href":"https:\/\/voyage-aventure.com\/blog\/wp-json\/wp\/v2\/tags?post=16302"}],"curies":[{"name":"wp","href":"https:\/\/api.w.org\/{rel}","templated":true}]}}