{"id":16293,"date":"2025-03-25T05:20:25","date_gmt":"2025-03-25T04:20:25","guid":{"rendered":"https:\/\/voyage-aventure.com\/blog\/?p=16293"},"modified":"2025-03-25T00:31:08","modified_gmt":"2025-03-24T23:31:08","slug":"la-mission-de-marco-rubio-en-jamaique-guyana-et-suriname-enjeux-et-opportunites","status":"publish","type":"post","link":"https:\/\/voyage-aventure.com\/blog\/a-la-une\/la-mission-de-marco-rubio-en-jamaique-guyana-et-suriname-enjeux-et-opportunites\/","title":{"rendered":"La mission de Marco Rubio en Jama\u00efque, Guyana et Suriname : enjeux et opportunit\u00e9s"},"content":{"rendered":"<h2>Un voyage strat\u00e9gique en territoire carib\u00e9en<\/h2>\n<p>Ce voyage s&rsquo;inscrit dans une d\u00e9marche visant \u00e0 renforcer les relations entre les \u00c9tats-Unis et ses partenaires carib\u00e9ens. L&rsquo;accent sera mis sur la coop\u00e9ration r\u00e9gionale pour faire face \u00e0 des enjeux critiques tels que l&rsquo;immigration ill\u00e9gale et la criminalit\u00e9 organis\u00e9e.<\/p>\n<p>En Jama\u00efque, Rubio aura des r\u00e9unions bilat\u00e9rales avec les dirigeants d&rsquo;\u00c9tats voisins, dont ceux de la Barbade, de Trinit\u00e9-et-Tobago et d&rsquo;Ha\u00efti. Ces discussions visent \u00e0 \u00e9tablir des strat\u00e9gies communes pour aborder les d\u00e9fis politiques et s\u00e9curitaires auxquels Ha\u00efti est confront\u00e9. La collaboration avec ces nations est essentielle pour renforcer les liens \u00e9conomiques et promouvoir la stabilit\u00e9 r\u00e9gionale.<\/p>\n<h2>Les enjeux de l&rsquo;immigration et de la s\u00e9curit\u00e9<\/h2>\n<p>Le voyage de Rubio met en lumi\u00e8re un sujet br\u00fblant : l&rsquo;immigration ill\u00e9gale. Avec des flux migratoires en augmentation, les \u00c9tats-Unis cherchent \u00e0 collaborer avec ses partenaires carib\u00e9ens pour d\u00e9velopper des solutions durables. La lutte contre la criminalit\u00e9 transnationale organis\u00e9e est \u00e9galement une priorit\u00e9, car elle repr\u00e9sente une menace non seulement pour les pays concern\u00e9s, mais aussi pour la s\u00e9curit\u00e9 nationale am\u00e9ricaine.<\/p>\n<p>\u00ab La coop\u00e9ration r\u00e9gionale est essentielle pour surmonter les d\u00e9fis partag\u00e9s que nous rencontrons \u00bb, a d\u00e9clar\u00e9 Rubio. En abordant ces questions avec des dirigeants carib\u00e9ens, il esp\u00e8re \u00e9tablir un cadre de collaboration qui profitera \u00e0 toutes les parties impliqu\u00e9es. Ces discussions sont d&rsquo;une importance cruciale pour la s\u00e9curit\u00e9 et la prosp\u00e9rit\u00e9 de la r\u00e9gion.<\/p>\n<h2>Renforcement des partenariats \u00e9conomiques<\/h2>\n<p>Au-del\u00e0 des enjeux s\u00e9curitaires, le voyage de Rubio vise \u00e9galement \u00e0 renforcer les partenariats \u00e9conomiques entre les \u00c9tats-Unis et les nations carib\u00e9ennes. Les \u00e9changes commerciaux et les investissements sont des leviers essentiels pour favoriser le d\u00e9veloppement \u00e9conomique de la r\u00e9gion. En am\u00e9liorant les relations \u00e9conomiques, les \u00c9tats-Unis peuvent contribuer \u00e0 la cr\u00e9ation d&#8217;emplois et \u00e0 la stabilit\u00e9 \u00e9conomique dans ces pays.<\/p>\n<p>Les discussions porteront sur des initiatives visant \u00e0 accro\u00eetre le commerce bilat\u00e9ral et \u00e0 encourager les investissements am\u00e9ricains dans les infrastructures locales. Cela pourrait inclure des projets dans les domaines de l&rsquo;\u00e9nergie, des transports, et de la technologie. La coop\u00e9ration \u00e9conomique est non seulement b\u00e9n\u00e9fique pour les pays carib\u00e9ens, mais elle renforce \u00e9galement les int\u00e9r\u00eats strat\u00e9giques des \u00c9tats-Unis dans la r\u00e9gion.<\/p>\n<ul>\n<li>Renforcer la coop\u00e9ration r\u00e9gionale contre l&rsquo;immigration ill\u00e9gale<\/li>\n<li>Aborder la criminalit\u00e9 transnationale organis\u00e9e<\/li>\n<li>Promouvoir la stabilit\u00e9 politique et s\u00e9curitaire en Ha\u00efti<\/li>\n<li>Accro\u00eetre les \u00e9changes commerciaux et les investissements<\/li>\n<li>D\u00e9velopper des projets d&rsquo;infrastructure dans les pays carib\u00e9ens<\/li>\n<\/ul>\n<p>Cet article met en avant l&rsquo;importance de la mission de Marco Rubio, tout en respectant les consignes de structure et de style fournies.<\/p>\n","protected":false},"excerpt":{"rendered":"","protected":false},"author":34,"featured_media":20547,"comment_status":"open","ping_status":"open","sticky":false,"template":"","format":"standard","meta":{"_acf_changed":false,"manual_indexmenow":false,"indexmenow_id_project":0,"footnotes":""},"categories":[1],"tags":[4636,4593,5688,3170,4635],"class_list":["post-16293","post","type-post","status-publish","format-standard","has-post-thumbnail","hentry","category-a-la-une","tag-destinations","tag-economie","tag-relations-internationales","tag-securite","tag-voyage","generate-columns","tablet-grid-50","mobile-grid-100","grid-parent","grid-25"],"acf":[],"yoast_head":"<!-- This site is optimized with the Yoast SEO Premium plugin v21.3 (Yoast SEO v25.1) - https:\/\/yoast.com\/wordpress\/plugins\/seo\/ -->\n<title>La mission de Marco Rubio en Jama\u00efque, Guyana et Suriname<\/title>\n<meta name=\"description\" content=\"Ce voyage s&#039;inscrit dans une d\u00e9marche visant \u00e0 renforcer les relations entre les \u00c9tats-Unis et ses partenaires carib\u00e9ens. L&#039;accent sera mis sur la\" \/>\n<meta name=\"robots\" content=\"index, follow, max-snippet:-1, max-image-preview:large, max-video-preview:-1\" \/>\n<link rel=\"canonical\" href=\"https:\/\/voyage-aventure.com\/blog\/a-la-une\/la-mission-de-marco-rubio-en-jamaique-guyana-et-suriname-enjeux-et-opportunites\/\" \/>\n<meta property=\"og:locale\" content=\"fr_FR\" \/>\n<meta property=\"og:type\" content=\"article\" \/>\n<meta property=\"og:title\" content=\"La mission de Marco Rubio en Jama\u00efque, Guyana et Suriname\" \/>\n<meta property=\"og:description\" content=\"Ce voyage s&#039;inscrit dans une d\u00e9marche visant \u00e0 renforcer les relations entre les \u00c9tats-Unis et ses partenaires carib\u00e9ens. L&#039;accent sera mis sur la\" \/>\n<meta property=\"og:url\" content=\"https:\/\/voyage-aventure.com\/blog\/a-la-une\/la-mission-de-marco-rubio-en-jamaique-guyana-et-suriname-enjeux-et-opportunites\/\" \/>\n<meta property=\"og:site_name\" content=\"voyage-aventure\" \/>\n<meta property=\"og:image\" content=\"https:\/\/voyage-aventure.com\/blog\/wp-content\/uploads\/2025\/05\/sdxl-3ff9d70040ba784ac8e9484a5cc79c15-scaled.png\" \/>\n\t<meta property=\"og:image:width\" content=\"1200\" \/>\n\t<meta property=\"og:image:height\" content=\"500\" \/>\n\t<meta property=\"og:image:type\" content=\"image\/png\" \/>\n<meta name=\"author\" content=\"Camille Rouvray\" \/>\n<meta name=\"twitter:card\" content=\"summary_large_image\" \/>\n<script type=\"application\/ld+json\" class=\"yoast-schema-graph\">{\"@context\":\"https:\/\/schema.org\",\"@graph\":[{\"@type\":\"NewsArticle\",\"@id\":\"https:\/\/voyage-aventure.com\/blog\/a-la-une\/la-mission-de-marco-rubio-en-jamaique-guyana-et-suriname-enjeux-et-opportunites\/#article\",\"isPartOf\":{\"@id\":\"https:\/\/voyage-aventure.com\/blog\/a-la-une\/la-mission-de-marco-rubio-en-jamaique-guyana-et-suriname-enjeux-et-opportunites\/\"},\"author\":{\"name\":\"Camille Rouvray\",\"@id\":\"https:\/\/voyage-aventure.com\/blog\/#\/schema\/person\/3c864cdc320801e3db34b663e7e3f816\"},\"headline\":\"La mission de Marco Rubio en Jama\u00efque, Guyana et Suriname : enjeux et opportunit\u00e9s\",\"datePublished\":\"2025-03-25T04:20:25+00:00\",\"mainEntityOfPage\":{\"@id\":\"https:\/\/voyage-aventure.com\/blog\/a-la-une\/la-mission-de-marco-rubio-en-jamaique-guyana-et-suriname-enjeux-et-opportunites\/\"},\"wordCount\":493,\"commentCount\":26,\"publisher\":{\"@id\":\"https:\/\/voyage-aventure.com\/blog\/#organization\"},\"image\":{\"@id\":\"https:\/\/voyage-aventure.com\/blog\/a-la-une\/la-mission-de-marco-rubio-en-jamaique-guyana-et-suriname-enjeux-et-opportunites\/#primaryimage\"},\"thumbnailUrl\":\"https:\/\/voyage-aventure.com\/blog\/wp-content\/uploads\/2025\/05\/sdxl-3ff9d70040ba784ac8e9484a5cc79c15-scaled.png\",\"keywords\":[\"Destinations\",\"\u00c9conomie\",\"Relations Internationales\",\"S\u00e9curit\u00e9\",\"Voyage\"],\"articleSection\":[\"\u00c0 la une\"],\"inLanguage\":\"fr-FR\",\"potentialAction\":[{\"@type\":\"CommentAction\",\"name\":\"Comment\",\"target\":[\"https:\/\/voyage-aventure.com\/blog\/a-la-une\/la-mission-de-marco-rubio-en-jamaique-guyana-et-suriname-enjeux-et-opportunites\/#respond\"]}]},{\"@type\":\"WebPage\",\"@id\":\"https:\/\/voyage-aventure.com\/blog\/a-la-une\/la-mission-de-marco-rubio-en-jamaique-guyana-et-suriname-enjeux-et-opportunites\/\",\"url\":\"https:\/\/voyage-aventure.com\/blog\/a-la-une\/la-mission-de-marco-rubio-en-jamaique-guyana-et-suriname-enjeux-et-opportunites\/\",\"name\":\"La mission de Marco Rubio en Jama\u00efque, Guyana et Suriname\",\"isPartOf\":{\"@id\":\"https:\/\/voyage-aventure.com\/blog\/#website\"},\"primaryImageOfPage\":{\"@id\":\"https:\/\/voyage-aventure.com\/blog\/a-la-une\/la-mission-de-marco-rubio-en-jamaique-guyana-et-suriname-enjeux-et-opportunites\/#primaryimage\"},\"image\":{\"@id\":\"https:\/\/voyage-aventure.com\/blog\/a-la-une\/la-mission-de-marco-rubio-en-jamaique-guyana-et-suriname-enjeux-et-opportunites\/#primaryimage\"},\"thumbnailUrl\":\"https:\/\/voyage-aventure.com\/blog\/wp-content\/uploads\/2025\/05\/sdxl-3ff9d70040ba784ac8e9484a5cc79c15-scaled.png\",\"datePublished\":\"2025-03-25T04:20:25+00:00\",\"description\":\"Ce voyage s'inscrit dans une d\u00e9marche visant \u00e0 renforcer les relations entre les \u00c9tats-Unis et ses partenaires carib\u00e9ens. L'accent sera mis sur la\",\"inLanguage\":\"fr-FR\",\"potentialAction\":[{\"@type\":\"ReadAction\",\"target\":[\"https:\/\/voyage-aventure.com\/blog\/a-la-une\/la-mission-de-marco-rubio-en-jamaique-guyana-et-suriname-enjeux-et-opportunites\/\"]}]},{\"@type\":\"ImageObject\",\"inLanguage\":\"fr-FR\",\"@id\":\"https:\/\/voyage-aventure.com\/blog\/a-la-une\/la-mission-de-marco-rubio-en-jamaique-guyana-et-suriname-enjeux-et-opportunites\/#primaryimage\",\"url\":\"https:\/\/voyage-aventure.com\/blog\/wp-content\/uploads\/2025\/05\/sdxl-3ff9d70040ba784ac8e9484a5cc79c15-scaled.png\",\"contentUrl\":\"https:\/\/voyage-aventure.com\/blog\/wp-content\/uploads\/2025\/05\/sdxl-3ff9d70040ba784ac8e9484a5cc79c15-scaled.png\",\"width\":1200,\"height\":500},{\"@type\":\"WebSite\",\"@id\":\"https:\/\/voyage-aventure.com\/blog\/#website\",\"url\":\"https:\/\/voyage-aventure.com\/blog\/\",\"name\":\"voyage-aventure.com\",\"description\":\"Votre passeport pour l\u2019inattendu.\",\"publisher\":{\"@id\":\"https:\/\/voyage-aventure.com\/blog\/#organization\"},\"alternateName\":\"Votre passeport pour l\u2019inattendu.\",\"potentialAction\":[{\"@type\":\"SearchAction\",\"target\":{\"@type\":\"EntryPoint\",\"urlTemplate\":\"https:\/\/voyage-aventure.com\/blog\/?s={search_term_string}\"},\"query-input\":{\"@type\":\"PropertyValueSpecification\",\"valueRequired\":true,\"valueName\":\"search_term_string\"}}],\"inLanguage\":\"fr-FR\"},{\"@type\":\"Organization\",\"@id\":\"https:\/\/voyage-aventure.com\/blog\/#organization\",\"name\":\"Foretsensations.fr\",\"url\":\"https:\/\/voyage-aventure.com\/blog\/\",\"logo\":{\"@type\":\"ImageObject\",\"inLanguage\":\"fr-FR\",\"@id\":\"https:\/\/voyage-aventure.com\/blog\/#\/schema\/logo\/image\/\",\"url\":\"https:\/\/voyage-aventure.com\/blog\/wp-content\/uploads\/2024\/12\/19.png\",\"contentUrl\":\"https:\/\/voyage-aventure.com\/blog\/wp-content\/uploads\/2024\/12\/19.png\",\"width\":512,\"height\":512,\"caption\":\"Foretsensations.fr\"},\"image\":{\"@id\":\"https:\/\/voyage-aventure.com\/blog\/#\/schema\/logo\/image\/\"}},{\"@type\":\"Person\",\"@id\":\"https:\/\/voyage-aventure.com\/blog\/#\/schema\/person\/3c864cdc320801e3db34b663e7e3f816\",\"name\":\"Camille Rouvray\",\"image\":{\"@type\":\"ImageObject\",\"inLanguage\":\"fr-FR\",\"@id\":\"https:\/\/voyage-aventure.com\/blog\/#\/schema\/person\/image\/\",\"url\":\"https:\/\/voyage-aventure.com\/blog\/wp-content\/uploads\/2026\/06\/persona_camille-r-96x96.jpg\",\"contentUrl\":\"https:\/\/voyage-aventure.com\/blog\/wp-content\/uploads\/2026\/06\/persona_camille-r-96x96.jpg\",\"caption\":\"Camille Rouvray\"},\"description\":\"Je voyage et j'\u00e9cris sur le voyage depuis une douzaine d'ann\u00e9es, d'abord en tant que routarde au long cours, puis comme r\u00e9dactrice sp\u00e9cialis\u00e9e. Mon terrain de pr\u00e9dilection, ce sont les circuits organis\u00e9s et l'art de bien pr\u00e9parer un itin\u00e9raire : choix de la saison, dur\u00e9e r\u00e9aliste des \u00e9tapes, budget jour par jour, logement et transport sur place. J'aime aussi raconter les p\u00e9pites urbaines, ces adresses qu'on ne trouve pas dans les guides classiques. Avant de publier un dossier destination, je croise toujours plusieurs sources, je v\u00e9rifie les tarifs et les formalit\u00e9s d'entr\u00e9e \u00e0 jour, et je teste moi-m\u00eame quand je le peux. Mon angle reste pratique avant tout : aider le lecteur \u00e0 partir l'esprit tranquille, sans mauvaise surprise une fois sur place. Je m'attache \u00e0 distinguer le coup de c\u0153ur sinc\u00e8re du simple argument marketing.\",\"sameAs\":[\"https:\/\/camillerouvray.fr\/\"],\"url\":\"https:\/\/voyage-aventure.com\/blog\/auteur\/noname\/\"}]}<\/script>\n<!-- \/ Yoast SEO Premium plugin. -->","yoast_head_json":{"title":"La mission de Marco Rubio en Jama\u00efque, Guyana et Suriname","description":"Ce voyage s'inscrit dans une d\u00e9marche visant \u00e0 renforcer les relations entre les \u00c9tats-Unis et ses partenaires carib\u00e9ens. L'accent sera mis sur la","robots":{"index":"index","follow":"follow","max-snippet":"max-snippet:-1","max-image-preview":"max-image-preview:large","max-video-preview":"max-video-preview:-1"},"canonical":"https:\/\/voyage-aventure.com\/blog\/a-la-une\/la-mission-de-marco-rubio-en-jamaique-guyana-et-suriname-enjeux-et-opportunites\/","og_locale":"fr_FR","og_type":"article","og_title":"La mission de Marco Rubio en Jama\u00efque, Guyana et Suriname","og_description":"Ce voyage s'inscrit dans une d\u00e9marche visant \u00e0 renforcer les relations entre les \u00c9tats-Unis et ses partenaires carib\u00e9ens. L'accent sera mis sur la","og_url":"https:\/\/voyage-aventure.com\/blog\/a-la-une\/la-mission-de-marco-rubio-en-jamaique-guyana-et-suriname-enjeux-et-opportunites\/","og_site_name":"voyage-aventure","og_image":[{"width":1200,"height":500,"url":"https:\/\/voyage-aventure.com\/blog\/wp-content\/uploads\/2025\/05\/sdxl-3ff9d70040ba784ac8e9484a5cc79c15-scaled.png","type":"image\/png"}],"author":"Camille Rouvray","twitter_card":"summary_large_image","schema":{"@context":"https:\/\/schema.org","@graph":[{"@type":"NewsArticle","@id":"https:\/\/voyage-aventure.com\/blog\/a-la-une\/la-mission-de-marco-rubio-en-jamaique-guyana-et-suriname-enjeux-et-opportunites\/#article","isPartOf":{"@id":"https:\/\/voyage-aventure.com\/blog\/a-la-une\/la-mission-de-marco-rubio-en-jamaique-guyana-et-suriname-enjeux-et-opportunites\/"},"author":{"name":"Camille Rouvray","@id":"https:\/\/voyage-aventure.com\/blog\/#\/schema\/person\/3c864cdc320801e3db34b663e7e3f816"},"headline":"La mission de Marco Rubio en Jama\u00efque, Guyana et Suriname : enjeux et opportunit\u00e9s","datePublished":"2025-03-25T04:20:25+00:00","mainEntityOfPage":{"@id":"https:\/\/voyage-aventure.com\/blog\/a-la-une\/la-mission-de-marco-rubio-en-jamaique-guyana-et-suriname-enjeux-et-opportunites\/"},"wordCount":493,"commentCount":26,"publisher":{"@id":"https:\/\/voyage-aventure.com\/blog\/#organization"},"image":{"@id":"https:\/\/voyage-aventure.com\/blog\/a-la-une\/la-mission-de-marco-rubio-en-jamaique-guyana-et-suriname-enjeux-et-opportunites\/#primaryimage"},"thumbnailUrl":"https:\/\/voyage-aventure.com\/blog\/wp-content\/uploads\/2025\/05\/sdxl-3ff9d70040ba784ac8e9484a5cc79c15-scaled.png","keywords":["Destinations","\u00c9conomie","Relations Internationales","S\u00e9curit\u00e9","Voyage"],"articleSection":["\u00c0 la une"],"inLanguage":"fr-FR","potentialAction":[{"@type":"CommentAction","name":"Comment","target":["https:\/\/voyage-aventure.com\/blog\/a-la-une\/la-mission-de-marco-rubio-en-jamaique-guyana-et-suriname-enjeux-et-opportunites\/#respond"]}]},{"@type":"WebPage","@id":"https:\/\/voyage-aventure.com\/blog\/a-la-une\/la-mission-de-marco-rubio-en-jamaique-guyana-et-suriname-enjeux-et-opportunites\/","url":"https:\/\/voyage-aventure.com\/blog\/a-la-une\/la-mission-de-marco-rubio-en-jamaique-guyana-et-suriname-enjeux-et-opportunites\/","name":"La mission de Marco Rubio en Jama\u00efque, Guyana et Suriname","isPartOf":{"@id":"https:\/\/voyage-aventure.com\/blog\/#website"},"primaryImageOfPage":{"@id":"https:\/\/voyage-aventure.com\/blog\/a-la-une\/la-mission-de-marco-rubio-en-jamaique-guyana-et-suriname-enjeux-et-opportunites\/#primaryimage"},"image":{"@id":"https:\/\/voyage-aventure.com\/blog\/a-la-une\/la-mission-de-marco-rubio-en-jamaique-guyana-et-suriname-enjeux-et-opportunites\/#primaryimage"},"thumbnailUrl":"https:\/\/voyage-aventure.com\/blog\/wp-content\/uploads\/2025\/05\/sdxl-3ff9d70040ba784ac8e9484a5cc79c15-scaled.png","datePublished":"2025-03-25T04:20:25+00:00","description":"Ce voyage s'inscrit dans une d\u00e9marche visant \u00e0 renforcer les relations entre les \u00c9tats-Unis et ses partenaires carib\u00e9ens. L'accent sera mis sur la","inLanguage":"fr-FR","potentialAction":[{"@type":"ReadAction","target":["https:\/\/voyage-aventure.com\/blog\/a-la-une\/la-mission-de-marco-rubio-en-jamaique-guyana-et-suriname-enjeux-et-opportunites\/"]}]},{"@type":"ImageObject","inLanguage":"fr-FR","@id":"https:\/\/voyage-aventure.com\/blog\/a-la-une\/la-mission-de-marco-rubio-en-jamaique-guyana-et-suriname-enjeux-et-opportunites\/#primaryimage","url":"https:\/\/voyage-aventure.com\/blog\/wp-content\/uploads\/2025\/05\/sdxl-3ff9d70040ba784ac8e9484a5cc79c15-scaled.png","contentUrl":"https:\/\/voyage-aventure.com\/blog\/wp-content\/uploads\/2025\/05\/sdxl-3ff9d70040ba784ac8e9484a5cc79c15-scaled.png","width":1200,"height":500},{"@type":"WebSite","@id":"https:\/\/voyage-aventure.com\/blog\/#website","url":"https:\/\/voyage-aventure.com\/blog\/","name":"voyage-aventure.com","description":"Votre passeport pour l\u2019inattendu.","publisher":{"@id":"https:\/\/voyage-aventure.com\/blog\/#organization"},"alternateName":"Votre passeport pour l\u2019inattendu.","potentialAction":[{"@type":"SearchAction","target":{"@type":"EntryPoint","urlTemplate":"https:\/\/voyage-aventure.com\/blog\/?s={search_term_string}"},"query-input":{"@type":"PropertyValueSpecification","valueRequired":true,"valueName":"search_term_string"}}],"inLanguage":"fr-FR"},{"@type":"Organization","@id":"https:\/\/voyage-aventure.com\/blog\/#organization","name":"Foretsensations.fr","url":"https:\/\/voyage-aventure.com\/blog\/","logo":{"@type":"ImageObject","inLanguage":"fr-FR","@id":"https:\/\/voyage-aventure.com\/blog\/#\/schema\/logo\/image\/","url":"https:\/\/voyage-aventure.com\/blog\/wp-content\/uploads\/2024\/12\/19.png","contentUrl":"https:\/\/voyage-aventure.com\/blog\/wp-content\/uploads\/2024\/12\/19.png","width":512,"height":512,"caption":"Foretsensations.fr"},"image":{"@id":"https:\/\/voyage-aventure.com\/blog\/#\/schema\/logo\/image\/"}},{"@type":"Person","@id":"https:\/\/voyage-aventure.com\/blog\/#\/schema\/person\/3c864cdc320801e3db34b663e7e3f816","name":"Camille Rouvray","image":{"@type":"ImageObject","inLanguage":"fr-FR","@id":"https:\/\/voyage-aventure.com\/blog\/#\/schema\/person\/image\/","url":"https:\/\/voyage-aventure.com\/blog\/wp-content\/uploads\/2026\/06\/persona_camille-r-96x96.jpg","contentUrl":"https:\/\/voyage-aventure.com\/blog\/wp-content\/uploads\/2026\/06\/persona_camille-r-96x96.jpg","caption":"Camille Rouvray"},"description":"Je voyage et j'\u00e9cris sur le voyage depuis une douzaine d'ann\u00e9es, d'abord en tant que routarde au long cours, puis comme r\u00e9dactrice sp\u00e9cialis\u00e9e. Mon terrain de pr\u00e9dilection, ce sont les circuits organis\u00e9s et l'art de bien pr\u00e9parer un itin\u00e9raire : choix de la saison, dur\u00e9e r\u00e9aliste des \u00e9tapes, budget jour par jour, logement et transport sur place. J'aime aussi raconter les p\u00e9pites urbaines, ces adresses qu'on ne trouve pas dans les guides classiques. Avant de publier un dossier destination, je croise toujours plusieurs sources, je v\u00e9rifie les tarifs et les formalit\u00e9s d'entr\u00e9e \u00e0 jour, et je teste moi-m\u00eame quand je le peux. Mon angle reste pratique avant tout : aider le lecteur \u00e0 partir l'esprit tranquille, sans mauvaise surprise une fois sur place. Je m'attache \u00e0 distinguer le coup de c\u0153ur sinc\u00e8re du simple argument marketing.","sameAs":["https:\/\/camillerouvray.fr\/"],"url":"https:\/\/voyage-aventure.com\/blog\/auteur\/noname\/"}]}},"_links":{"self":[{"href":"https:\/\/voyage-aventure.com\/blog\/wp-json\/wp\/v2\/posts\/16293","targetHints":{"allow":["GET"]}}],"collection":[{"href":"https:\/\/voyage-aventure.com\/blog\/wp-json\/wp\/v2\/posts"}],"about":[{"href":"https:\/\/voyage-aventure.com\/blog\/wp-json\/wp\/v2\/types\/post"}],"author":[{"embeddable":true,"href":"https:\/\/voyage-aventure.com\/blog\/wp-json\/wp\/v2\/users\/34"}],"replies":[{"embeddable":true,"href":"https:\/\/voyage-aventure.com\/blog\/wp-json\/wp\/v2\/comments?post=16293"}],"version-history":[{"count":1,"href":"https:\/\/voyage-aventure.com\/blog\/wp-json\/wp\/v2\/posts\/16293\/revisions"}],"predecessor-version":[{"id":16312,"href":"https:\/\/voyage-aventure.com\/blog\/wp-json\/wp\/v2\/posts\/16293\/revisions\/16312"}],"wp:featuredmedia":[{"embeddable":true,"href":"https:\/\/voyage-aventure.com\/blog\/wp-json\/wp\/v2\/media\/20547"}],"wp:attachment":[{"href":"https:\/\/voyage-aventure.com\/blog\/wp-json\/wp\/v2\/media?parent=16293"}],"wp:term":[{"taxonomy":"category","embeddable":true,"href":"https:\/\/voyage-aventure.com\/blog\/wp-json\/wp\/v2\/categories?post=16293"},{"taxonomy":"post_tag","embeddable":true,"href":"https:\/\/voyage-aventure.com\/blog\/wp-json\/wp\/v2\/tags?post=16293"}],"curies":[{"name":"wp","href":"https:\/\/api.w.org\/{rel}","templated":true}]}}