{"id":16273,"date":"2026-06-16T17:30:30","date_gmt":"2026-06-16T15:30:30","guid":{"rendered":"https:\/\/voyage-aventure.com\/blog\/a-la-une\/canada-et-leurope-mettent-en-garde-contre-les-voyages-aux-etats-unis-apres-des-detentions\/"},"modified":"2026-06-16T17:30:30","modified_gmt":"2026-06-16T15:30:30","slug":"canada-et-leurope-mettent-en-garde-contre-les-voyages-aux-etats-unis-apres-des-detentions","status":"publish","type":"post","link":"https:\/\/voyage-aventure.com\/blog\/a-la-une\/canada-et-leurope-mettent-en-garde-contre-les-voyages-aux-etats-unis-apres-des-detentions\/","title":{"rendered":"Canada et l&rsquo;Europe mettent en garde contre les voyages aux \u00c9tats-Unis apr\u00e8s des d\u00e9tentions"},"content":{"rendered":"<link rel=\"stylesheet\" href=\"https:\/\/fonts.googleapis.com\/css2?family=Newsreader:ital,opsz,wght@0,6..72,500..700;1,6..72,500..600&#038;family=Inter:wght@400;500;600&#038;family=JetBrains+Mono:wght@500&#038;display=swap\">\n<style>\n.va-detentions-wrap{font-family:'Inter',system-ui,sans-serif;color:#1c2128;line-height:1.65;font-size:17px;max-width:780px;margin:0 auto}\n.va-detentions-wrap h2{font-family:'Newsreader',Georgia,serif;font-weight:700;font-size:clamp(24px,3.2vw,33px);letter-spacing:-.01em;color:#171b21;margin:48px 0 14px;line-height:1.2}\n.va-detentions-wrap h3{font-family:'Newsreader',Georgia,serif;font-weight:600;font-size:clamp(19px,2.4vw,23px);color:#222831;margin:26px 0 10px}\n.va-detentions-wrap p{margin:0 0 18px}\n.va-detentions-dateline{font-family:'JetBrains Mono',monospace;font-size:12.5px;letter-spacing:.06em;text-transform:uppercase;color:#3E4654;border-left:3px solid #3E4654;padding-left:12px;margin:0 0 20px}\n.va-detentions-lead{font-family:'Newsreader',Georgia,serif;font-size:clamp(19px,2.3vw,21px);line-height:1.55;color:#2c333c;margin:0 0 28px}\n.va-detentions-essentiel{background:#f4f5f7;border:1px solid #e0e3e8;border-left:5px solid #3E4654;border-radius:10px;padding:22px 26px;margin:0 0 36px;box-shadow:0 1px 2px rgba(16,24,40,.05),0 12px 28px -18px rgba(16,24,40,.18)}\n.va-detentions-essentiel .va-detentions-kick{font-family:'JetBrains Mono',monospace;font-size:11.5px;letter-spacing:.12em;text-transform:uppercase;color:#3E4654;margin:0 0 14px;font-weight:500}\n.va-detentions-essentiel ul{margin:0;padding:0;list-style:none}\n.va-detentions-essentiel li{position:relative;padding:0 0 0 26px;margin:0 0 12px;font-size:16px}\n.va-detentions-essentiel li:last-child{margin-bottom:0}\n.va-detentions-essentiel li span{display:block;font-family:'JetBrains Mono',monospace;font-size:10.5px;letter-spacing:.1em;text-transform:uppercase;color:#3E4654;margin-bottom:2px}\n.va-detentions-essentiel li::before{content:\"\u203a\";position:absolute;left:6px;top:-1px;color:#3E4654;font-weight:700;font-size:18px}\n.va-detentions-cards{display:grid;grid-template-columns:repeat(auto-fit,minmax(230px,1fr));gap:20px;margin:26px 0 8px}\n.va-detentions-card{border:1px solid #e0e3e8;border-top:3px solid #3E4654;border-radius:10px;padding:20px 22px;background:#fff;transition:.25s ease}\n.va-detentions-card:hover{transform:translateY(-3px);box-shadow:0 10px 26px -14px rgba(16,24,40,.28)}\n.va-detentions-card .va-detentions-tag{font-family:'JetBrains Mono',monospace;font-size:10.5px;letter-spacing:.1em;text-transform:uppercase;color:#3E4654;margin-bottom:7px}\n.va-detentions-card .va-detentions-name{font-family:'Newsreader',Georgia,serif;font-weight:600;font-size:18px;color:#171b21;margin-bottom:6px;line-height:1.25}\n.va-detentions-card .va-detentions-txt{font-size:14.5px;color:#3a424c;line-height:1.55}\n.va-detentions-quote{border-left:5px solid #3E4654;background:#f4f5f7;border-radius:0 10px 10px 0;padding:22px 26px;margin:30px 0;font-family:'Newsreader',Georgia,serif;font-style:italic;font-size:clamp(18px,2.2vw,21px);line-height:1.5;color:#252b33;position:relative}\n.va-detentions-quote .va-detentions-att{display:block;font-family:'JetBrains Mono',monospace;font-style:normal;font-size:12px;letter-spacing:.05em;text-transform:uppercase;color:#3E4654;margin-top:14px}\n.va-detentions-sources{border:1px dashed #3E4654;border-radius:10px;padding:20px 24px;margin:34px 0;background:#fafbfc}\n.va-detentions-sources .va-detentions-kick{font-family:'JetBrains Mono',monospace;font-size:11px;letter-spacing:.1em;text-transform:uppercase;color:#3E4654;margin-bottom:10px;font-weight:500}\n.va-detentions-sources .va-detentions-txt{font-size:15px;color:#3a424c;line-height:1.55}\n.va-detentions-retenir{background:#171b21;color:#e8eaed;border-radius:12px;padding:26px 28px;margin:38px 0}\n.va-detentions-retenir .va-detentions-kick{font-family:'JetBrains Mono',monospace;font-size:11.5px;letter-spacing:.12em;text-transform:uppercase;color:#aab2bf;margin-bottom:14px;font-weight:500}\n.va-detentions-retenir ul{margin:0;padding:0;list-style:none}\n.va-detentions-retenir li{position:relative;padding-left:24px;margin-bottom:11px;font-size:15.5px;line-height:1.5}\n.va-detentions-retenir li:last-child{margin-bottom:0}\n.va-detentions-retenir li::before{content:\"\u2014\";position:absolute;left:0;color:#8b94a3;font-weight:700}\n.va-detentions-faq{margin:34px 0}\n.va-detentions-faq details{border:1px solid #e0e3e8;border-radius:10px;padding:0;margin-bottom:12px;overflow:hidden;transition:.25s ease}\n.va-detentions-faq details:hover{box-shadow:0 8px 22px -16px rgba(16,24,40,.3)}\n.va-detentions-faq summary{cursor:pointer;list-style:none;padding:16px 20px;font-family:'Newsreader',Georgia,serif;font-weight:600;font-size:17px;color:#1c2128;position:relative}\n.va-detentions-faq summary::-webkit-details-marker{display:none}\n.va-detentions-faq summary::after{content:\"+\";position:absolute;right:20px;color:#3E4654;font-weight:700;font-size:20px}\n.va-detentions-faq details[open] summary::after{content:\"\u2212\"}\n.va-detentions-faq .va-detentions-ans{padding:0 20px 18px;font-size:15.5px;color:#3a424c;line-height:1.6}\n@media(max-width:640px){.va-detentions-wrap{font-size:16px}}\n\/*RENDERFIX2*\/.va-detentions-retenir{color:#eef3f9!important}.va-detentions-retenir p,.va-detentions-retenir li,.va-detentions-retenir strong,.va-detentions-retenir em,.va-detentions-retenir a,.va-detentions-retenir span,.va-detentions-retenir b,.va-detentions-retenir td,.va-detentions-retenir th,.va-detentions-retenir h2,.va-detentions-retenir h3,.va-detentions-retenir h4{color:#eef3f9!important}.va-detentions-retenir strong,.va-detentions-retenir b{color:#ffffff!important}<\/style>\n<div class=\"va-detentions-wrap\">\n<div class=\"va-detentions-dateline\">Avis de voyage \u00b7 Mars 2025<\/div>\n<div class=\"va-detentions-lead\">Le Canada et plusieurs pays europ\u00e9ens ont, en mars 2025, ajust\u00e9 leurs conseils aux voyageurs se rendant aux \u00c9tats-Unis, apr\u00e8s des cas de d\u00e9tention de ressortissants \u00e9trangers rapport\u00e9s sous l&rsquo;administration Trump. Selon ces autorit\u00e9s, certains profils sont appel\u00e9s \u00e0 une vigilance accrue.<\/div>\n<div class=\"va-detentions-essentiel\">\n<div class=\"va-detentions-kick\">L&rsquo;essentiel<\/div>\n<ul>\n<li><span>Quoi<\/span>Des mises en garde et avis de prudence visant les voyages vers les \u00c9tats-Unis, sur fond de d\u00e9tentions de voyageurs \u00e9trangers rapport\u00e9es en mars 2025.<\/li>\n<li><span>Qui met en garde<\/span>D&rsquo;apr\u00e8s les autorit\u00e9s cit\u00e9es : le Canada, le Danemark et l&rsquo;Allemagne, qui auraient publi\u00e9 des recommandations visant en particulier les voyageurs transgenres et non binaires.<\/li>\n<li><span>Ce que \u00e7a implique<\/span>Selon ces avis, les profils concern\u00e9s sont invit\u00e9s \u00e0 la prudence et, le cas \u00e9ch\u00e9ant, \u00e0 contacter leur ambassade avant un d\u00e9placement. Ces conseils sont dat\u00e9s de mars 2025 et peuvent avoir \u00e9volu\u00e9.<\/li>\n<\/ul>\n<\/div>\n<h2>La mont\u00e9e des d\u00e9tentions de voyageurs<\/h2>\n<p>Les \u00e9v\u00e9nements survenus aux \u00c9tats-Unis en ce d\u00e9but d&rsquo;ann\u00e9e 2025 ont, selon les autorit\u00e9s canadiennes et europ\u00e9ennes cit\u00e9es, suscit\u00e9 des inqui\u00e9tudes croissantes parmi les voyageurs canadiens et europ\u00e9ens. D&rsquo;apr\u00e8s ces sources, les r\u00e8gles d&rsquo;immigration se seraient durcies sous l&rsquo;administration Trump, donnant lieu \u00e0 des d\u00e9tentions et \u00e0 des expulsions de citoyens \u00e9trangers. Plusieurs avis de voyage ont \u00e9t\u00e9 \u00e9mis, conseillant de faire preuve de prudence lors des visites aux \u00c9tats-Unis.<\/p>\n<p>D&rsquo;apr\u00e8s l&rsquo;article, des cas de d\u00e9tention ont \u00e9t\u00e9 rapport\u00e9s, dont celui de Lucas Sielaff, pr\u00e9sent\u00e9 comme un touriste allemand qui aurait \u00e9t\u00e9 retenu pendant 16 jours apr\u00e8s un voyage au Mexique. Tel que rapport\u00e9, son exp\u00e9rience illustrerait le climat d&rsquo;incertitude d\u00e9crit pour les personnes se rendant aux \u00c9tats-Unis, y compris avec des visas en r\u00e8gle. Ces \u00e9l\u00e9ments sont rapport\u00e9s au conditionnel, dans le respect de la pr\u00e9somption et de la vie priv\u00e9e des personnes concern\u00e9es.<\/p>\n<h2>Des t\u00e9moignages alarmants de voyageurs<\/h2>\n<p>Selon les r\u00e9cits rapport\u00e9s par l&rsquo;article, des personnes d\u00e9tenues auraient d\u00e9crit des conditions \u00e9prouvantes. Jessica Br\u00f6sche, pr\u00e9sent\u00e9e comme une autre touriste allemande, aurait qualifi\u00e9 sa d\u00e9tention de \u00ab film d&rsquo;horreur \u00bb, \u00e9voquant la d\u00e9tresse psychologique li\u00e9e, d&rsquo;apr\u00e8s son t\u00e9moignage, \u00e0 des semaines d&rsquo;isolement.<\/p>\n<p>L&rsquo;article cite \u00e9galement le cas de l&rsquo;actrice canadienne Jasmine Mooney, qui aurait \u00e9t\u00e9 retenue pendant pr\u00e8s de deux semaines sans explication claire, selon son r\u00e9cit. Ces t\u00e9moignages individuels sont rapport\u00e9s tels qu&rsquo;ils figurent dans la source d&rsquo;origine, sans qu&rsquo;aucune conclusion ne soit tir\u00e9e sur les situations personnelles.<\/p>\n<div class=\"va-detentions-cards\">\n<div class=\"va-detentions-card\">\n<div class=\"va-detentions-tag\">Cas rapport\u00e9<\/div>\n<div class=\"va-detentions-name\">Lucas Sielaff<\/div>\n<div class=\"va-detentions-txt\">Touriste allemand qui, d&rsquo;apr\u00e8s l&rsquo;article, aurait \u00e9t\u00e9 retenu 16 jours apr\u00e8s un voyage au Mexique.<\/div>\n<\/div>\n<div class=\"va-detentions-card\">\n<div class=\"va-detentions-tag\">Cas rapport\u00e9<\/div>\n<div class=\"va-detentions-name\">Jessica Br\u00f6sche<\/div>\n<div class=\"va-detentions-txt\">Touriste allemande qui aurait d\u00e9crit sa d\u00e9tention comme un \u00ab film d&rsquo;horreur \u00bb, selon son t\u00e9moignage.<\/div>\n<\/div>\n<div class=\"va-detentions-card\">\n<div class=\"va-detentions-tag\">Cas rapport\u00e9<\/div>\n<div class=\"va-detentions-name\">Jasmine Mooney<\/div>\n<div class=\"va-detentions-txt\">Actrice canadienne qui, d&rsquo;apr\u00e8s son r\u00e9cit, aurait \u00e9t\u00e9 retenue pr\u00e8s de deux semaines sans explication claire.<\/div>\n<\/div>\n<\/div>\n<p><iframe loading=\"lazy\" title=\"Ils ne verront de la France que les couloirs de Roissy\" width=\"1200\" height=\"675\" src=\"https:\/\/www.youtube.com\/embed\/cSGnA3ctIJM?feature=oembed\" frameborder=\"0\" allow=\"accelerometer; autoplay; clipboard-write; encrypted-media; gyroscope; picture-in-picture; web-share\" referrerpolicy=\"strict-origin-when-cross-origin\" allowfullscreen><\/iframe><\/p>\n<h2>Les implications pour les voyageurs internationaux<\/h2>\n<p>Selon les autorit\u00e9s cit\u00e9es, les avertissements \u00e9mis par des pays comme le Canada, le Danemark et l&rsquo;Allemagne concerneraient principalement les voyageurs transgenres et non binaires. D&rsquo;apr\u00e8s ces sources, ces groupes seraient consid\u00e9r\u00e9s comme particuli\u00e8rement expos\u00e9s au regard des politiques d&rsquo;immigration am\u00e9ricaines d\u00e9crites, certaines recommandations allant jusqu&rsquo;\u00e0 sugg\u00e9rer de contacter les ambassades avant tout voyage.<\/p>\n<p>Toujours d&rsquo;apr\u00e8s l&rsquo;article, la situation serait jug\u00e9e pr\u00e9occupante en raison de la possibilit\u00e9 \u00e9voqu\u00e9e d&rsquo;un nouveau dispositif de restriction de voyage ciblant plusieurs pays. Des \u00e9tudiants et des militants craindraient \u00e9galement d&rsquo;\u00eatre retenus en lien avec leurs opinions, et plusieurs universit\u00e9s auraient conseill\u00e9 \u00e0 leurs \u00e9tudiants de ne pas quitter le pays pendant les vacances de printemps. Ces informations sont rapport\u00e9es telles que pr\u00e9sent\u00e9es dans la source, sans appr\u00e9ciation des politiques am\u00e9ricaines.<\/p>\n<div class=\"va-detentions-quote\">\n\u00ab Vous devez \u00e9viter les voyages non essentiels aux \u00c9tats-Unis&#8230; Les personnes trans qui doivent voyager devraient faire preuve d&rsquo;une tr\u00e8s grande prudence. \u00bb<br \/>\n<span class=\"va-detentions-att\">\u2014 Celeste Trianon, juriste canadienne (citation rapport\u00e9e par l&rsquo;article)<\/span>\n<\/div>\n<p>Les cons\u00e9quences d\u00e9crites des politiques d&rsquo;immigration am\u00e9ricaines ne se limiteraient pas, selon l&rsquo;article, \u00e0 des situations individuelles : elles entretiendraient un climat d&rsquo;incertitude susceptible de peser sur la d\u00e9cision de visiter le pays. \u00c0 mesure que les gouvernements canadien et europ\u00e9ens prenaient position au cours de ce mois de mars 2025, la question du tourisme et des droits des voyageurs \u00e9tait pos\u00e9e, telle que rapport\u00e9e dans la source.<\/p>\n<div class=\"va-detentions-sources\">\n<div class=\"va-detentions-kick\">V\u00e9rifier l&rsquo;avis en vigueur<\/div>\n<div class=\"va-detentions-txt\">Les avis de voyage \u00e9voqu\u00e9s ici sont dat\u00e9s de mars 2025 et ont pu \u00e9voluer depuis. Avant tout d\u00e9placement, consultez l&rsquo;avis officiel en vigueur aupr\u00e8s de votre source nationale : pour la France, le site France Diplomatie (Conseils aux voyageurs) ; pour les autres pays, le minist\u00e8re des Affaires \u00e9trang\u00e8res ou l&rsquo;autorit\u00e9 consulaire comp\u00e9tente. En cas de situation particuli\u00e8re, le contact direct de votre ambassade ou consulat reste la r\u00e9f\u00e9rence \u00e0 jour.<\/div>\n<\/div>\n<div class=\"va-detentions-retenir\">\n<div class=\"va-detentions-kick\">Ce qu&rsquo;il faut retenir<\/div>\n<ul>\n<li>En mars 2025, le Canada, le Danemark et l&rsquo;Allemagne auraient ajust\u00e9 leurs conseils aux voyageurs vers les \u00c9tats-Unis, selon les autorit\u00e9s cit\u00e9es.<\/li>\n<li>Les recommandations rapport\u00e9es viseraient en particulier les voyageurs transgenres et non binaires, invit\u00e9s \u00e0 la prudence.<\/li>\n<li>Plusieurs cas de d\u00e9tention de ressortissants \u00e9trangers sont rapport\u00e9s au conditionnel, sans conclusion sur les situations individuelles.<\/li>\n<li>Ces avis sont dat\u00e9s et peuvent avoir chang\u00e9 : v\u00e9rifiez toujours l&rsquo;avis officiel en vigueur aupr\u00e8s de votre autorit\u00e9 nationale.<\/li>\n<\/ul>\n<\/div>\n<div class=\"va-detentions-faq\">\n<details>\n<summary>Quels pays ont mis en garde leurs voyageurs en mars 2025 ?<\/summary>\n<div class=\"va-detentions-ans\">D&rsquo;apr\u00e8s les autorit\u00e9s cit\u00e9es par l&rsquo;article, le Canada, le Danemark et l&rsquo;Allemagne auraient publi\u00e9 des recommandations visant les voyages vers les \u00c9tats-Unis. Ces conseils \u00e9taient dat\u00e9s de mars 2025 et peuvent avoir \u00e9volu\u00e9 depuis.<\/div>\n<\/details>\n<details>\n<summary>Qui serait principalement concern\u00e9 par ces recommandations ?<\/summary>\n<div class=\"va-detentions-ans\">Selon les sources rapport\u00e9es, les mises en garde concerneraient principalement les voyageurs transgenres et non binaires, certaines recommandations sugg\u00e9rant de contacter son ambassade avant un d\u00e9placement. Ces \u00e9l\u00e9ments sont rapport\u00e9s tels qu&rsquo;ils figurent dans la source.<\/div>\n<\/details>\n<details>\n<summary>O\u00f9 v\u00e9rifier l&rsquo;avis de voyage \u00e0 jour avant de partir ?<\/summary>\n<div class=\"va-detentions-ans\">Consultez l&rsquo;avis officiel en vigueur aupr\u00e8s de votre autorit\u00e9 nationale : France Diplomatie (Conseils aux voyageurs) pour la France, ou le minist\u00e8re des Affaires \u00e9trang\u00e8res \/ l&rsquo;autorit\u00e9 consulaire de votre pays. Votre ambassade ou consulat reste la r\u00e9f\u00e9rence pour toute situation particuli\u00e8re.<\/div>\n<\/details>\n<\/div>\n<\/div>\n","protected":false},"excerpt":{"rendered":"","protected":false},"author":34,"featured_media":20308,"comment_status":"open","ping_status":"open","sticky":false,"template":"","format":"standard","meta":{"_acf_changed":false,"manual_indexmenow":false,"indexmenow_id_project":0,"footnotes":""},"categories":[1],"tags":[5662,4385,5688,3170,5755],"class_list":["post-16273","post","type-post","status-publish","format-standard","has-post-thumbnail","hentry","category-a-la-une","tag-avis-de-voyage","tag-pratiques-durables","tag-relations-internationales","tag-securite","tag-voyage-en-solo","generate-columns","tablet-grid-50","mobile-grid-100","grid-parent","grid-25"],"acf":[],"yoast_head":"<!-- This site is optimized with the Yoast SEO Premium plugin v21.3 (Yoast SEO v25.1) - https:\/\/yoast.com\/wordpress\/plugins\/seo\/ -->\n<title>Canada et l&#039;Europe mettent en garde contre les voyages aux<\/title>\n<meta name=\"description\" content=\"Le Canada et plusieurs pays europ\u00e9ens ont, en mars 2025, ajust\u00e9 leurs conseils aux voyageurs se rendant aux \u00c9tats-Unis, apr\u00e8s des cas de d\u00e9tention de\" \/>\n<meta name=\"robots\" content=\"index, follow, max-snippet:-1, max-image-preview:large, max-video-preview:-1\" \/>\n<link rel=\"canonical\" href=\"https:\/\/voyage-aventure.com\/blog\/a-la-une\/canada-et-leurope-mettent-en-garde-contre-les-voyages-aux-etats-unis-apres-des-detentions\/\" \/>\n<meta property=\"og:locale\" content=\"fr_FR\" \/>\n<meta property=\"og:type\" content=\"article\" \/>\n<meta property=\"og:title\" content=\"Canada et l&#039;Europe mettent en garde contre les voyages aux\" \/>\n<meta property=\"og:description\" content=\"Le Canada et plusieurs pays europ\u00e9ens ont, en mars 2025, ajust\u00e9 leurs conseils aux voyageurs se rendant aux \u00c9tats-Unis, apr\u00e8s des cas de d\u00e9tention de\" \/>\n<meta property=\"og:url\" content=\"https:\/\/voyage-aventure.com\/blog\/a-la-une\/canada-et-leurope-mettent-en-garde-contre-les-voyages-aux-etats-unis-apres-des-detentions\/\" \/>\n<meta property=\"og:site_name\" content=\"voyage-aventure\" \/>\n<meta property=\"og:image\" content=\"https:\/\/voyage-aventure.com\/blog\/wp-content\/uploads\/2025\/05\/sdxl-f8cc1412df5fd7d10cb75b039b4b38fe-scaled.png\" \/>\n\t<meta property=\"og:image:width\" content=\"1200\" \/>\n\t<meta property=\"og:image:height\" content=\"500\" \/>\n\t<meta property=\"og:image:type\" content=\"image\/png\" \/>\n<meta name=\"author\" content=\"Camille Rouvray\" \/>\n<meta name=\"twitter:card\" content=\"summary_large_image\" \/>\n<script type=\"application\/ld+json\" class=\"yoast-schema-graph\">{\"@context\":\"https:\/\/schema.org\",\"@graph\":[{\"@type\":\"NewsArticle\",\"@id\":\"https:\/\/voyage-aventure.com\/blog\/a-la-une\/canada-et-leurope-mettent-en-garde-contre-les-voyages-aux-etats-unis-apres-des-detentions\/#article\",\"isPartOf\":{\"@id\":\"https:\/\/voyage-aventure.com\/blog\/a-la-une\/canada-et-leurope-mettent-en-garde-contre-les-voyages-aux-etats-unis-apres-des-detentions\/\"},\"author\":{\"name\":\"Camille Rouvray\",\"@id\":\"https:\/\/voyage-aventure.com\/blog\/#\/schema\/person\/3c864cdc320801e3db34b663e7e3f816\"},\"headline\":\"Canada et l&rsquo;Europe mettent en garde contre les voyages aux \u00c9tats-Unis apr\u00e8s des d\u00e9tentions\",\"datePublished\":\"2026-06-16T15:30:30+00:00\",\"mainEntityOfPage\":{\"@id\":\"https:\/\/voyage-aventure.com\/blog\/a-la-une\/canada-et-leurope-mettent-en-garde-contre-les-voyages-aux-etats-unis-apres-des-detentions\/\"},\"wordCount\":1137,\"commentCount\":24,\"publisher\":{\"@id\":\"https:\/\/voyage-aventure.com\/blog\/#organization\"},\"image\":{\"@id\":\"https:\/\/voyage-aventure.com\/blog\/a-la-une\/canada-et-leurope-mettent-en-garde-contre-les-voyages-aux-etats-unis-apres-des-detentions\/#primaryimage\"},\"thumbnailUrl\":\"https:\/\/voyage-aventure.com\/blog\/wp-content\/uploads\/2025\/05\/sdxl-f8cc1412df5fd7d10cb75b039b4b38fe-scaled.png\",\"keywords\":[\"Avis de Voyage\",\"Pratiques Durables\",\"Relations Internationales\",\"S\u00e9curit\u00e9\",\"Voyage en solo\"],\"articleSection\":[\"\u00c0 la une\"],\"inLanguage\":\"fr-FR\",\"potentialAction\":[{\"@type\":\"CommentAction\",\"name\":\"Comment\",\"target\":[\"https:\/\/voyage-aventure.com\/blog\/a-la-une\/canada-et-leurope-mettent-en-garde-contre-les-voyages-aux-etats-unis-apres-des-detentions\/#respond\"]}]},{\"@type\":\"WebPage\",\"@id\":\"https:\/\/voyage-aventure.com\/blog\/a-la-une\/canada-et-leurope-mettent-en-garde-contre-les-voyages-aux-etats-unis-apres-des-detentions\/\",\"url\":\"https:\/\/voyage-aventure.com\/blog\/a-la-une\/canada-et-leurope-mettent-en-garde-contre-les-voyages-aux-etats-unis-apres-des-detentions\/\",\"name\":\"Canada et l'Europe mettent en garde contre les voyages aux\",\"isPartOf\":{\"@id\":\"https:\/\/voyage-aventure.com\/blog\/#website\"},\"primaryImageOfPage\":{\"@id\":\"https:\/\/voyage-aventure.com\/blog\/a-la-une\/canada-et-leurope-mettent-en-garde-contre-les-voyages-aux-etats-unis-apres-des-detentions\/#primaryimage\"},\"image\":{\"@id\":\"https:\/\/voyage-aventure.com\/blog\/a-la-une\/canada-et-leurope-mettent-en-garde-contre-les-voyages-aux-etats-unis-apres-des-detentions\/#primaryimage\"},\"thumbnailUrl\":\"https:\/\/voyage-aventure.com\/blog\/wp-content\/uploads\/2025\/05\/sdxl-f8cc1412df5fd7d10cb75b039b4b38fe-scaled.png\",\"datePublished\":\"2026-06-16T15:30:30+00:00\",\"description\":\"Le Canada et plusieurs pays europ\u00e9ens ont, en mars 2025, ajust\u00e9 leurs conseils aux voyageurs se rendant aux \u00c9tats-Unis, apr\u00e8s des cas de d\u00e9tention de\",\"inLanguage\":\"fr-FR\",\"potentialAction\":[{\"@type\":\"ReadAction\",\"target\":[\"https:\/\/voyage-aventure.com\/blog\/a-la-une\/canada-et-leurope-mettent-en-garde-contre-les-voyages-aux-etats-unis-apres-des-detentions\/\"]}]},{\"@type\":\"ImageObject\",\"inLanguage\":\"fr-FR\",\"@id\":\"https:\/\/voyage-aventure.com\/blog\/a-la-une\/canada-et-leurope-mettent-en-garde-contre-les-voyages-aux-etats-unis-apres-des-detentions\/#primaryimage\",\"url\":\"https:\/\/voyage-aventure.com\/blog\/wp-content\/uploads\/2025\/05\/sdxl-f8cc1412df5fd7d10cb75b039b4b38fe-scaled.png\",\"contentUrl\":\"https:\/\/voyage-aventure.com\/blog\/wp-content\/uploads\/2025\/05\/sdxl-f8cc1412df5fd7d10cb75b039b4b38fe-scaled.png\",\"width\":1200,\"height\":500},{\"@type\":\"WebSite\",\"@id\":\"https:\/\/voyage-aventure.com\/blog\/#website\",\"url\":\"https:\/\/voyage-aventure.com\/blog\/\",\"name\":\"voyage-aventure.com\",\"description\":\"Votre passeport pour l\u2019inattendu.\",\"publisher\":{\"@id\":\"https:\/\/voyage-aventure.com\/blog\/#organization\"},\"alternateName\":\"Votre passeport pour l\u2019inattendu.\",\"potentialAction\":[{\"@type\":\"SearchAction\",\"target\":{\"@type\":\"EntryPoint\",\"urlTemplate\":\"https:\/\/voyage-aventure.com\/blog\/?s={search_term_string}\"},\"query-input\":{\"@type\":\"PropertyValueSpecification\",\"valueRequired\":true,\"valueName\":\"search_term_string\"}}],\"inLanguage\":\"fr-FR\"},{\"@type\":\"Organization\",\"@id\":\"https:\/\/voyage-aventure.com\/blog\/#organization\",\"name\":\"Foretsensations.fr\",\"url\":\"https:\/\/voyage-aventure.com\/blog\/\",\"logo\":{\"@type\":\"ImageObject\",\"inLanguage\":\"fr-FR\",\"@id\":\"https:\/\/voyage-aventure.com\/blog\/#\/schema\/logo\/image\/\",\"url\":\"https:\/\/voyage-aventure.com\/blog\/wp-content\/uploads\/2024\/12\/19.png\",\"contentUrl\":\"https:\/\/voyage-aventure.com\/blog\/wp-content\/uploads\/2024\/12\/19.png\",\"width\":512,\"height\":512,\"caption\":\"Foretsensations.fr\"},\"image\":{\"@id\":\"https:\/\/voyage-aventure.com\/blog\/#\/schema\/logo\/image\/\"}},{\"@type\":\"Person\",\"@id\":\"https:\/\/voyage-aventure.com\/blog\/#\/schema\/person\/3c864cdc320801e3db34b663e7e3f816\",\"name\":\"Camille Rouvray\",\"image\":{\"@type\":\"ImageObject\",\"inLanguage\":\"fr-FR\",\"@id\":\"https:\/\/voyage-aventure.com\/blog\/#\/schema\/person\/image\/\",\"url\":\"https:\/\/voyage-aventure.com\/blog\/wp-content\/uploads\/2026\/06\/persona_camille-r-96x96.jpg\",\"contentUrl\":\"https:\/\/voyage-aventure.com\/blog\/wp-content\/uploads\/2026\/06\/persona_camille-r-96x96.jpg\",\"caption\":\"Camille Rouvray\"},\"description\":\"Je voyage et j'\u00e9cris sur le voyage depuis une douzaine d'ann\u00e9es, d'abord en tant que routarde au long cours, puis comme r\u00e9dactrice sp\u00e9cialis\u00e9e. Mon terrain de pr\u00e9dilection, ce sont les circuits organis\u00e9s et l'art de bien pr\u00e9parer un itin\u00e9raire : choix de la saison, dur\u00e9e r\u00e9aliste des \u00e9tapes, budget jour par jour, logement et transport sur place. J'aime aussi raconter les p\u00e9pites urbaines, ces adresses qu'on ne trouve pas dans les guides classiques. Avant de publier un dossier destination, je croise toujours plusieurs sources, je v\u00e9rifie les tarifs et les formalit\u00e9s d'entr\u00e9e \u00e0 jour, et je teste moi-m\u00eame quand je le peux. Mon angle reste pratique avant tout : aider le lecteur \u00e0 partir l'esprit tranquille, sans mauvaise surprise une fois sur place. Je m'attache \u00e0 distinguer le coup de c\u0153ur sinc\u00e8re du simple argument marketing.\",\"sameAs\":[\"https:\/\/camillerouvray.fr\/\"],\"url\":\"https:\/\/voyage-aventure.com\/blog\/auteur\/noname\/\"}]}<\/script>\n<!-- \/ Yoast SEO Premium plugin. -->","yoast_head_json":{"title":"Canada et l'Europe mettent en garde contre les voyages aux","description":"Le Canada et plusieurs pays europ\u00e9ens ont, en mars 2025, ajust\u00e9 leurs conseils aux voyageurs se rendant aux \u00c9tats-Unis, apr\u00e8s des cas de d\u00e9tention de","robots":{"index":"index","follow":"follow","max-snippet":"max-snippet:-1","max-image-preview":"max-image-preview:large","max-video-preview":"max-video-preview:-1"},"canonical":"https:\/\/voyage-aventure.com\/blog\/a-la-une\/canada-et-leurope-mettent-en-garde-contre-les-voyages-aux-etats-unis-apres-des-detentions\/","og_locale":"fr_FR","og_type":"article","og_title":"Canada et l'Europe mettent en garde contre les voyages aux","og_description":"Le Canada et plusieurs pays europ\u00e9ens ont, en mars 2025, ajust\u00e9 leurs conseils aux voyageurs se rendant aux \u00c9tats-Unis, apr\u00e8s des cas de d\u00e9tention de","og_url":"https:\/\/voyage-aventure.com\/blog\/a-la-une\/canada-et-leurope-mettent-en-garde-contre-les-voyages-aux-etats-unis-apres-des-detentions\/","og_site_name":"voyage-aventure","og_image":[{"width":1200,"height":500,"url":"https:\/\/voyage-aventure.com\/blog\/wp-content\/uploads\/2025\/05\/sdxl-f8cc1412df5fd7d10cb75b039b4b38fe-scaled.png","type":"image\/png"}],"author":"Camille Rouvray","twitter_card":"summary_large_image","schema":{"@context":"https:\/\/schema.org","@graph":[{"@type":"NewsArticle","@id":"https:\/\/voyage-aventure.com\/blog\/a-la-une\/canada-et-leurope-mettent-en-garde-contre-les-voyages-aux-etats-unis-apres-des-detentions\/#article","isPartOf":{"@id":"https:\/\/voyage-aventure.com\/blog\/a-la-une\/canada-et-leurope-mettent-en-garde-contre-les-voyages-aux-etats-unis-apres-des-detentions\/"},"author":{"name":"Camille Rouvray","@id":"https:\/\/voyage-aventure.com\/blog\/#\/schema\/person\/3c864cdc320801e3db34b663e7e3f816"},"headline":"Canada et l&rsquo;Europe mettent en garde contre les voyages aux \u00c9tats-Unis apr\u00e8s des d\u00e9tentions","datePublished":"2026-06-16T15:30:30+00:00","mainEntityOfPage":{"@id":"https:\/\/voyage-aventure.com\/blog\/a-la-une\/canada-et-leurope-mettent-en-garde-contre-les-voyages-aux-etats-unis-apres-des-detentions\/"},"wordCount":1137,"commentCount":24,"publisher":{"@id":"https:\/\/voyage-aventure.com\/blog\/#organization"},"image":{"@id":"https:\/\/voyage-aventure.com\/blog\/a-la-une\/canada-et-leurope-mettent-en-garde-contre-les-voyages-aux-etats-unis-apres-des-detentions\/#primaryimage"},"thumbnailUrl":"https:\/\/voyage-aventure.com\/blog\/wp-content\/uploads\/2025\/05\/sdxl-f8cc1412df5fd7d10cb75b039b4b38fe-scaled.png","keywords":["Avis de Voyage","Pratiques Durables","Relations Internationales","S\u00e9curit\u00e9","Voyage en solo"],"articleSection":["\u00c0 la une"],"inLanguage":"fr-FR","potentialAction":[{"@type":"CommentAction","name":"Comment","target":["https:\/\/voyage-aventure.com\/blog\/a-la-une\/canada-et-leurope-mettent-en-garde-contre-les-voyages-aux-etats-unis-apres-des-detentions\/#respond"]}]},{"@type":"WebPage","@id":"https:\/\/voyage-aventure.com\/blog\/a-la-une\/canada-et-leurope-mettent-en-garde-contre-les-voyages-aux-etats-unis-apres-des-detentions\/","url":"https:\/\/voyage-aventure.com\/blog\/a-la-une\/canada-et-leurope-mettent-en-garde-contre-les-voyages-aux-etats-unis-apres-des-detentions\/","name":"Canada et l'Europe mettent en garde contre les voyages aux","isPartOf":{"@id":"https:\/\/voyage-aventure.com\/blog\/#website"},"primaryImageOfPage":{"@id":"https:\/\/voyage-aventure.com\/blog\/a-la-une\/canada-et-leurope-mettent-en-garde-contre-les-voyages-aux-etats-unis-apres-des-detentions\/#primaryimage"},"image":{"@id":"https:\/\/voyage-aventure.com\/blog\/a-la-une\/canada-et-leurope-mettent-en-garde-contre-les-voyages-aux-etats-unis-apres-des-detentions\/#primaryimage"},"thumbnailUrl":"https:\/\/voyage-aventure.com\/blog\/wp-content\/uploads\/2025\/05\/sdxl-f8cc1412df5fd7d10cb75b039b4b38fe-scaled.png","datePublished":"2026-06-16T15:30:30+00:00","description":"Le Canada et plusieurs pays europ\u00e9ens ont, en mars 2025, ajust\u00e9 leurs conseils aux voyageurs se rendant aux \u00c9tats-Unis, apr\u00e8s des cas de d\u00e9tention de","inLanguage":"fr-FR","potentialAction":[{"@type":"ReadAction","target":["https:\/\/voyage-aventure.com\/blog\/a-la-une\/canada-et-leurope-mettent-en-garde-contre-les-voyages-aux-etats-unis-apres-des-detentions\/"]}]},{"@type":"ImageObject","inLanguage":"fr-FR","@id":"https:\/\/voyage-aventure.com\/blog\/a-la-une\/canada-et-leurope-mettent-en-garde-contre-les-voyages-aux-etats-unis-apres-des-detentions\/#primaryimage","url":"https:\/\/voyage-aventure.com\/blog\/wp-content\/uploads\/2025\/05\/sdxl-f8cc1412df5fd7d10cb75b039b4b38fe-scaled.png","contentUrl":"https:\/\/voyage-aventure.com\/blog\/wp-content\/uploads\/2025\/05\/sdxl-f8cc1412df5fd7d10cb75b039b4b38fe-scaled.png","width":1200,"height":500},{"@type":"WebSite","@id":"https:\/\/voyage-aventure.com\/blog\/#website","url":"https:\/\/voyage-aventure.com\/blog\/","name":"voyage-aventure.com","description":"Votre passeport pour l\u2019inattendu.","publisher":{"@id":"https:\/\/voyage-aventure.com\/blog\/#organization"},"alternateName":"Votre passeport pour l\u2019inattendu.","potentialAction":[{"@type":"SearchAction","target":{"@type":"EntryPoint","urlTemplate":"https:\/\/voyage-aventure.com\/blog\/?s={search_term_string}"},"query-input":{"@type":"PropertyValueSpecification","valueRequired":true,"valueName":"search_term_string"}}],"inLanguage":"fr-FR"},{"@type":"Organization","@id":"https:\/\/voyage-aventure.com\/blog\/#organization","name":"Foretsensations.fr","url":"https:\/\/voyage-aventure.com\/blog\/","logo":{"@type":"ImageObject","inLanguage":"fr-FR","@id":"https:\/\/voyage-aventure.com\/blog\/#\/schema\/logo\/image\/","url":"https:\/\/voyage-aventure.com\/blog\/wp-content\/uploads\/2024\/12\/19.png","contentUrl":"https:\/\/voyage-aventure.com\/blog\/wp-content\/uploads\/2024\/12\/19.png","width":512,"height":512,"caption":"Foretsensations.fr"},"image":{"@id":"https:\/\/voyage-aventure.com\/blog\/#\/schema\/logo\/image\/"}},{"@type":"Person","@id":"https:\/\/voyage-aventure.com\/blog\/#\/schema\/person\/3c864cdc320801e3db34b663e7e3f816","name":"Camille Rouvray","image":{"@type":"ImageObject","inLanguage":"fr-FR","@id":"https:\/\/voyage-aventure.com\/blog\/#\/schema\/person\/image\/","url":"https:\/\/voyage-aventure.com\/blog\/wp-content\/uploads\/2026\/06\/persona_camille-r-96x96.jpg","contentUrl":"https:\/\/voyage-aventure.com\/blog\/wp-content\/uploads\/2026\/06\/persona_camille-r-96x96.jpg","caption":"Camille Rouvray"},"description":"Je voyage et j'\u00e9cris sur le voyage depuis une douzaine d'ann\u00e9es, d'abord en tant que routarde au long cours, puis comme r\u00e9dactrice sp\u00e9cialis\u00e9e. Mon terrain de pr\u00e9dilection, ce sont les circuits organis\u00e9s et l'art de bien pr\u00e9parer un itin\u00e9raire : choix de la saison, dur\u00e9e r\u00e9aliste des \u00e9tapes, budget jour par jour, logement et transport sur place. J'aime aussi raconter les p\u00e9pites urbaines, ces adresses qu'on ne trouve pas dans les guides classiques. Avant de publier un dossier destination, je croise toujours plusieurs sources, je v\u00e9rifie les tarifs et les formalit\u00e9s d'entr\u00e9e \u00e0 jour, et je teste moi-m\u00eame quand je le peux. Mon angle reste pratique avant tout : aider le lecteur \u00e0 partir l'esprit tranquille, sans mauvaise surprise une fois sur place. Je m'attache \u00e0 distinguer le coup de c\u0153ur sinc\u00e8re du simple argument marketing.","sameAs":["https:\/\/camillerouvray.fr\/"],"url":"https:\/\/voyage-aventure.com\/blog\/auteur\/noname\/"}]}},"_links":{"self":[{"href":"https:\/\/voyage-aventure.com\/blog\/wp-json\/wp\/v2\/posts\/16273","targetHints":{"allow":["GET"]}}],"collection":[{"href":"https:\/\/voyage-aventure.com\/blog\/wp-json\/wp\/v2\/posts"}],"about":[{"href":"https:\/\/voyage-aventure.com\/blog\/wp-json\/wp\/v2\/types\/post"}],"author":[{"embeddable":true,"href":"https:\/\/voyage-aventure.com\/blog\/wp-json\/wp\/v2\/users\/34"}],"replies":[{"embeddable":true,"href":"https:\/\/voyage-aventure.com\/blog\/wp-json\/wp\/v2\/comments?post=16273"}],"version-history":[{"count":2,"href":"https:\/\/voyage-aventure.com\/blog\/wp-json\/wp\/v2\/posts\/16273\/revisions"}],"predecessor-version":[{"id":22907,"href":"https:\/\/voyage-aventure.com\/blog\/wp-json\/wp\/v2\/posts\/16273\/revisions\/22907"}],"wp:featuredmedia":[{"embeddable":true,"href":"https:\/\/voyage-aventure.com\/blog\/wp-json\/wp\/v2\/media\/20308"}],"wp:attachment":[{"href":"https:\/\/voyage-aventure.com\/blog\/wp-json\/wp\/v2\/media?parent=16273"}],"wp:term":[{"taxonomy":"category","embeddable":true,"href":"https:\/\/voyage-aventure.com\/blog\/wp-json\/wp\/v2\/categories?post=16273"},{"taxonomy":"post_tag","embeddable":true,"href":"https:\/\/voyage-aventure.com\/blog\/wp-json\/wp\/v2\/tags?post=16273"}],"curies":[{"name":"wp","href":"https:\/\/api.w.org\/{rel}","templated":true}]}}