{"id":16230,"date":"2026-06-03T02:22:33","date_gmt":"2026-06-03T00:22:33","guid":{"rendered":"https:\/\/voyage-aventure.com\/blog\/?p=16230"},"modified":"2026-06-03T02:22:33","modified_gmt":"2026-06-03T00:22:33","slug":"des-etudiants-internationaux-dans-la-bay-area-invites-a-rester-aux-etats-unis-cette-annee","status":"publish","type":"post","link":"https:\/\/voyage-aventure.com\/blog\/a-la-une\/des-etudiants-internationaux-dans-la-bay-area-invites-a-rester-aux-etats-unis-cette-annee\/","title":{"rendered":"Des \u00e9tudiants internationaux dans la Bay Area invit\u00e9s \u00e0 rester aux \u00c9tats-Unis cette ann\u00e9e"},"content":{"rendered":"<link rel=\"stylesheet\" href=\"https:\/\/fonts.googleapis.com\/css2?family=Newsreader:ital,opsz,wght@0,6..72,500;0,6..72,600;0,6..72,700;1,6..72,500;1,6..72,600&#038;family=Inter:wght@400;500;600&#038;family=JetBrains+Mono:wght@500&#038;display=swap\">\n<div class=\"va-students-wrap\" style=\"font-family:'Inter',-apple-system,BlinkMacSystemFont,'Segoe UI',sans-serif;color:#1c2230;line-height:1.65;\">\n<div class=\"va-students-lead\" style=\"background:#eef2fb;border-left:5px solid #1E40AF;padding:22px 26px;margin:24px 0;border-radius:0 6px 6px 0;\">\n<div style=\"font-size:19px;line-height:1.55;color:#1c2230;font-weight:500;\">\u00c0 l&rsquo;approche des vacances de printemps, plusieurs universit\u00e9s de la Bay Area conseillent \u00e0 leurs \u00e9tudiants internationaux de ne pas quitter les \u00c9tats-Unis cette ann\u00e9e. Voici ce que recommandent ces \u00e9tablissements, et pourquoi, selon les conseils diffus\u00e9s par leurs bureaux internationaux.<\/div>\n<\/div>\n<div class=\"va-students-essentiel\" style=\"background:#fff;border:1px solid #dbe2f0;border-top:3px solid #1E40AF;border-radius:8px;padding:22px 24px 24px;margin:28px 0;box-shadow:0 1px 2px rgba(16,24,40,.05),0 12px 28px -16px rgba(16,24,40,.18);\">\n<div style=\"font-family:'JetBrains Mono',monospace;font-size:11px;font-weight:500;text-transform:uppercase;letter-spacing:2.4px;color:#1E40AF;margin-bottom:14px;\">L&rsquo;essentiel<\/div>\n<ul style=\"margin:0;padding:0;list-style:none;display:grid;gap:11px;\">\n<li style=\"display:flex;gap:12px;align-items:flex-start;font-size:15px;line-height:1.55;color:#2a3142;\"><span style=\"font-family:'JetBrains Mono',monospace;font-size:11px;font-weight:500;color:#1E40AF;flex:0 0 54px;letter-spacing:1px;\">QUOI<\/span><span>Des universit\u00e9s de la Bay Area, dont UC Berkeley et une universit\u00e9 de San Francisco, recommandent \u00e0 leurs \u00e9tudiants internationaux de ne pas voyager \u00e0 l&rsquo;\u00e9tranger.<\/span><\/li>\n<li style=\"display:flex;gap:12px;align-items:flex-start;font-size:15px;line-height:1.55;color:#2a3142;\"><span style=\"font-family:'JetBrains Mono',monospace;font-size:11px;font-weight:500;color:#1E40AF;flex:0 0 54px;letter-spacing:1px;\">QUI<\/span><span>Les bureaux internationaux (International Office) de ces \u00e9tablissements, qui diffusent ces conseils \u00e0 leurs \u00e9tudiants \u00e9trangers.<\/span><\/li>\n<li style=\"display:flex;gap:12px;align-items:flex-start;font-size:15px;line-height:1.55;color:#2a3142;\"><span style=\"font-family:'JetBrains Mono',monospace;font-size:11px;font-weight:500;color:#1E40AF;flex:0 0 54px;letter-spacing:1px;\">POURQUOI<\/span><span>Selon ces bureaux, un d\u00e9part du pays pourrait, dans le contexte actuel, compliquer le retour et compromettre le statut de visa.<\/span><\/li>\n<\/ul>\n<\/div>\n<p>Les r\u00e9cents changements dans la politique d&rsquo;immigration am\u00e9ricaine, \u00e9voqu\u00e9s notamment sous l&rsquo;administration Trump, ont suscit\u00e9 des inqui\u00e9tudes quant \u00e0 la possibilit\u00e9, pour les \u00e9tudiants internationaux, de voyager \u00e0 l&rsquo;\u00e9tranger. Plusieurs universit\u00e9s de la baie de San Francisco invitent ainsi leurs \u00e9tudiants \u00e0 reconsid\u00e9rer leurs projets de d\u00e9placement hors du territoire le temps de cette p\u00e9riode.<\/p>\n<h2>Des inqui\u00e9tudes croissantes sur les voyages des \u00e9tudiants internationaux<\/h2>\n<p>Des universit\u00e9s comme UC Berkeley mettent en garde leurs \u00e9tudiants : selon les conseils diffus\u00e9s, un d\u00e9part du pays pourrait compromettre leur statut de visa. L&rsquo;International Office a publi\u00e9 des recommandations indiquant que des interdictions de voyage pourraient, selon ces conseils, survenir prochainement, incitant les \u00e9tudiants \u00e0 reconsid\u00e9rer leurs projets de voyage.<\/p>\n<div class=\"va-students-note\" style=\"background:#eef2fb;border-left:4px solid #1E40AF;padding:14px 18px;margin:20px 0;border-radius:0 4px 4px 0;\">\n  <span style=\"display:inline-block;font-family:'JetBrains Mono',monospace;color:#1E40AF;font-size:11px;text-transform:uppercase;letter-spacing:1.6px;font-weight:500;margin-right:8px;\">\u00c0 noter<\/span><br \/>\n  <span style=\"font-size:14.5px;line-height:1.55;color:#2a3142;\">Ces \u00e9l\u00e9ments correspondent aux conseils communiqu\u00e9s par les bureaux internationaux des universit\u00e9s concern\u00e9es. Les conditions li\u00e9es au visa rel\u00e8vent de chaque situation individuelle ; en cas de doute, les \u00e9tudiants sont invit\u00e9s \u00e0 se rapprocher directement de leur International Office.<\/span>\n<\/div>\n<h2>Les recommandations des universit\u00e9s face \u00e0 une situation instable<\/h2>\n<p>Les bureaux internationaux d&rsquo;universit\u00e9s comme celle de San Francisco recommandent de ne pas voyager \u00e0 l&rsquo;\u00e9tranger. D&rsquo;apr\u00e8s ces conseils, cela vise \u00e0 \u00e9viter d&rsquo;\u00e9ventuelles interruptions dans les \u00e9tudes ou la formation professionnelle des \u00e9tudiants.<\/p>\n<p>Une d\u00e9claration de l&rsquo;International Office souligne que \u00ab les politiques d&rsquo;immigration am\u00e9ricaines sont impr\u00e9visibles et sujettes \u00e0 des changements rapides \u00bb. Selon ces recommandations, les \u00e9tudiants doivent \u00eatre conscients que quitter le pays pourrait retarder leur retour, et ainsi affecter leur statut de visa.<\/p>\n<p><iframe loading=\"lazy\" title=\"Covid 19 : L\u00e0 o\u00f9 tout a commenc\u00e9 - Enqu\u00eate exclusive - Documentaire complet - AMP\" width=\"1200\" height=\"675\" src=\"https:\/\/www.youtube.com\/embed\/KWuFL08UgSc?feature=oembed\" frameborder=\"0\" allow=\"accelerometer; autoplay; clipboard-write; encrypted-media; gyroscope; picture-in-picture; web-share\" referrerpolicy=\"strict-origin-when-cross-origin\" allowfullscreen><\/iframe><\/p>\n<h2>Les t\u00e9moignages d&rsquo;\u00e9tudiants face \u00e0 cette incertitude<\/h2>\n<p>Josefina Moyano, \u00e9tudiante \u00e0 UC Berkeley, a d\u00e9cid\u00e9 de rester sur le campus pour les vacances de printemps. Elle indique avoir re\u00e7u des recommandations claires de l&rsquo;International Office, l&rsquo;invitant \u00e0 ne pas voyager en raison des risques li\u00e9s aux changements d&rsquo;immigration.<\/p>\n<p>Elle dit regretter de ne pas pouvoir voir sa famille en Argentine, tout en comprenant cette d\u00e9cision. D&rsquo;autres \u00e9tudiants, comme Delphine Ayitey-Hammond, du Royaume-Uni, expriment \u00e9galement leur confusion et leur d\u00e9ception face \u00e0 ces nouvelles restrictions.<\/p>\n<div class=\"va-students-points\" style=\"background:#f7f9fd;border:1px solid #dbe2f0;border-radius:8px;padding:22px 24px 24px;margin:28px 0;\">\n<div style=\"font-family:'JetBrains Mono',monospace;font-size:11px;font-weight:500;text-transform:uppercase;letter-spacing:2.2px;color:#1E40AF;margin-bottom:16px;\">Ce que rapportent les universit\u00e9s et les \u00e9tudiants<\/div>\n<ul style=\"margin:0;padding:0;list-style:none;display:grid;gap:9px;\">\n<li style=\"display:flex;gap:11px;align-items:flex-start;font-size:14.5px;line-height:1.55;color:#2a3142;\"><span style=\"color:#1E40AF;font-weight:700;flex:0 0 14px;\">\u203a<\/span><span>Les universit\u00e9s alertent sur le risque de ne pas pouvoir revenir.<\/span><\/li>\n<li style=\"display:flex;gap:11px;align-items:flex-start;font-size:14.5px;line-height:1.55;color:#2a3142;\"><span style=\"color:#1E40AF;font-weight:700;flex:0 0 14px;\">\u203a<\/span><span>Les politiques d&rsquo;immigration sont d\u00e9crites comme en constante \u00e9volution.<\/span><\/li>\n<li style=\"display:flex;gap:11px;align-items:flex-start;font-size:14.5px;line-height:1.55;color:#2a3142;\"><span style=\"color:#1E40AF;font-weight:700;flex:0 0 14px;\">\u203a<\/span><span>Des \u00e9tudiants pr\u00e9f\u00e8rent voyager \u00e0 l&rsquo;int\u00e9rieur des \u00c9tats-Unis.<\/span><\/li>\n<li style=\"display:flex;gap:11px;align-items:flex-start;font-size:14.5px;line-height:1.55;color:#2a3142;\"><span style=\"color:#1E40AF;font-weight:700;flex:0 0 14px;\">\u203a<\/span><span>Des pr\u00e9occupations sont exprim\u00e9es autour de la libert\u00e9 d&rsquo;expression.<\/span><\/li>\n<li style=\"display:flex;gap:11px;align-items:flex-start;font-size:14.5px;line-height:1.55;color:#2a3142;\"><span style=\"color:#1E40AF;font-weight:700;flex:0 0 14px;\">\u203a<\/span><span>Des \u00e9tudiants disent ressentir une pression accrue en raison des nouvelles r\u00e9gulations.<\/span><\/li>\n<\/ul>\n<\/div>\n<figure class=\"va-students-quote\" style=\"margin:36px auto;padding:26px 24px;text-align:center;border-top:1px solid #1c2230;border-bottom:1px solid #1c2230;max-width:660px;position:relative;font-family:'Newsreader',Georgia,serif;\">\n<div aria-hidden=\"true\" style=\"position:absolute;top:-22px;left:50%;transform:translateX(-50%);background:#fff;padding:0 14px;font-size:46px;line-height:1;color:#1E40AF;font-family:'Newsreader',Georgia,serif;\">\u00ab<\/div>\n<blockquote style=\"margin:0;padding:0;font-size:23px;line-height:1.45;font-style:italic;color:#1c2230;font-weight:500;\"><p>Nous avons pay\u00e9, nous avons des r\u00eaves d&rsquo;obtenir des dipl\u00f4mes et de faire une diff\u00e9rence dans le monde.<\/blockquote><figcaption style=\"margin-top:14px;font-family:'JetBrains Mono',monospace;font-size:11px;text-transform:uppercase;letter-spacing:2px;color:#5a6478;font-style:normal;\">\u2014 Delphine Ayitey-Hammond<\/figcaption><\/figure>\n<h2>Ce que cela change pour les \u00e9tudiants concern\u00e9s<\/h2>\n<p>Les nouvelles recommandations des universit\u00e9s mettent en \u00e9vidence une r\u00e9alit\u00e9 complexe pour les \u00e9tudiants internationaux. Ces derniers se retrouvent \u00e0 arbitrer entre leurs aspirations acad\u00e9miques et les incertitudes administratives qui pourraient affecter leur avenir professionnel. \u00c0 court terme, le conseil principal relay\u00e9 par les \u00e9tablissements reste prudent : \u00e9viter de quitter le territoire et privil\u00e9gier, le cas \u00e9ch\u00e9ant, des d\u00e9placements \u00e0 l&rsquo;int\u00e9rieur des \u00c9tats-Unis.<\/p>\n<div class=\"va-students-retenir\" style=\"background:#fff;border:1px solid #dbe2f0;border-radius:8px;padding:22px 24px 24px;margin:28px 0;box-shadow:0 1px 2px rgba(16,24,40,.05),0 12px 28px -16px rgba(16,24,40,.18);\">\n<div style=\"font-family:'JetBrains Mono',monospace;font-size:11px;font-weight:500;text-transform:uppercase;letter-spacing:2.2px;color:#1E40AF;margin-bottom:16px;\">\u00c0 retenir<\/div>\n<div style=\"display:grid;grid-template-columns:repeat(auto-fit,minmax(240px,1fr));gap:10px;\">\n<div style=\"display:flex;gap:12px;background:#f7f9fd;border:1px solid #e4eaf5;padding:12px 14px;border-radius:6px;align-items:flex-start;\">\n      <span style=\"flex:0 0 26px;width:26px;height:26px;background:#1E40AF;color:#fff;border-radius:50%;display:inline-flex;align-items:center;justify-content:center;font-family:'JetBrains Mono',monospace;font-size:12px;font-weight:500;\">1<\/span><br \/>\n      <span style=\"font-size:14px;line-height:1.5;color:#2a3142;\">Plusieurs universit\u00e9s de la Bay Area conseillent de ne pas voyager hors des \u00c9tats-Unis cette ann\u00e9e.<\/span>\n    <\/div>\n<div style=\"display:flex;gap:12px;background:#f7f9fd;border:1px solid #e4eaf5;padding:12px 14px;border-radius:6px;align-items:flex-start;\">\n      <span style=\"flex:0 0 26px;width:26px;height:26px;background:#1E40AF;color:#fff;border-radius:50%;display:inline-flex;align-items:center;justify-content:center;font-family:'JetBrains Mono',monospace;font-size:12px;font-weight:500;\">2<\/span><br \/>\n      <span style=\"font-size:14px;line-height:1.5;color:#2a3142;\">Selon ces conseils, un d\u00e9part pourrait compliquer le retour et le statut de visa.<\/span>\n    <\/div>\n<div style=\"display:flex;gap:12px;background:#f7f9fd;border:1px solid #e4eaf5;padding:12px 14px;border-radius:6px;align-items:flex-start;\">\n      <span style=\"flex:0 0 26px;width:26px;height:26px;background:#1E40AF;color:#fff;border-radius:50%;display:inline-flex;align-items:center;justify-content:center;font-family:'JetBrains Mono',monospace;font-size:12px;font-weight:500;\">3<\/span><br \/>\n      <span style=\"font-size:14px;line-height:1.5;color:#2a3142;\">Des \u00e9tudiants, comme \u00e0 UC Berkeley, ont choisi de rester sur le campus.<\/span>\n    <\/div>\n<div style=\"display:flex;gap:12px;background:#f7f9fd;border:1px solid #e4eaf5;padding:12px 14px;border-radius:6px;align-items:flex-start;\">\n      <span style=\"flex:0 0 26px;width:26px;height:26px;background:#1E40AF;color:#fff;border-radius:50%;display:inline-flex;align-items:center;justify-content:center;font-family:'JetBrains Mono',monospace;font-size:12px;font-weight:500;\">4<\/span><br \/>\n      <span style=\"font-size:14px;line-height:1.5;color:#2a3142;\">En cas de doute, les \u00e9tudiants sont invit\u00e9s \u00e0 contacter leur International Office.<\/span>\n    <\/div>\n<\/p><\/div>\n<\/div>\n<section class=\"va-students-faq\" style=\"margin:32px 0;\">\n<h2 style=\"margin:0 0 18px 0;font-family:'Newsreader',Georgia,serif;font-size:clamp(24px,3.2vw,32px);font-weight:700;color:#1c2230;letter-spacing:-0.01em;\">Questions fr\u00e9quentes<\/h2>\n<div style=\"border-top:1px solid #dbe2f0;\">\n<details style=\"border-bottom:1px solid #dbe2f0;\">\n<summary style=\"cursor:pointer;padding:16px 0;font-family:'Newsreader',Georgia,serif;font-size:18px;font-weight:600;color:#1c2230;list-style:none;display:flex;justify-content:space-between;align-items:center;gap:14px;\">\n        <span>Quelles universit\u00e9s sont concern\u00e9es par ces recommandations ?<\/span><br \/>\n        <span aria-hidden=\"true\" style=\"font-size:22px;font-weight:300;color:#1E40AF;line-height:1;\">+<\/span><br \/>\n      <\/summary>\n<div style=\"padding:0 0 16px 0;font-size:15px;line-height:1.7;color:#3a4254;\">L&rsquo;article cite des universit\u00e9s de la Bay Area, dont UC Berkeley et une universit\u00e9 de San Francisco, dont les bureaux internationaux recommandent \u00e0 leurs \u00e9tudiants \u00e9trangers de ne pas voyager \u00e0 l&rsquo;\u00e9tranger.<\/div>\n<\/details>\n<details style=\"border-bottom:1px solid #dbe2f0;\">\n<summary style=\"cursor:pointer;padding:16px 0;font-family:'Newsreader',Georgia,serif;font-size:18px;font-weight:600;color:#1c2230;list-style:none;display:flex;justify-content:space-between;align-items:center;gap:14px;\">\n        <span>Pourquoi ces \u00e9tablissements d\u00e9conseillent-ils de voyager ?<\/span><br \/>\n        <span aria-hidden=\"true\" style=\"font-size:22px;font-weight:300;color:#1E40AF;line-height:1;\">+<\/span><br \/>\n      <\/summary>\n<div style=\"padding:0 0 16px 0;font-size:15px;line-height:1.7;color:#3a4254;\">Selon les conseils diffus\u00e9s par les International Offices, un d\u00e9part du pays pourrait, dans le contexte d&rsquo;\u00e9volution des politiques d&rsquo;immigration, retarder le retour des \u00e9tudiants et compromettre leur statut de visa.<\/div>\n<\/details>\n<details style=\"border-bottom:1px solid #dbe2f0;\">\n<summary style=\"cursor:pointer;padding:16px 0;font-family:'Newsreader',Georgia,serif;font-size:18px;font-weight:600;color:#1c2230;list-style:none;display:flex;justify-content:space-between;align-items:center;gap:14px;\">\n        <span>Que font les \u00e9tudiants face \u00e0 ces conseils ?<\/span><br \/>\n        <span aria-hidden=\"true\" style=\"font-size:22px;font-weight:300;color:#1E40AF;line-height:1;\">+<\/span><br \/>\n      <\/summary>\n<div style=\"padding:0 0 16px 0;font-size:15px;line-height:1.7;color:#3a4254;\">D&rsquo;apr\u00e8s les t\u00e9moignages rapport\u00e9s, certains \u00e9tudiants, comme Josefina Moyano \u00e0 UC Berkeley, ont choisi de rester sur le campus pendant les vacances de printemps. D&rsquo;autres pr\u00e9f\u00e8rent limiter leurs d\u00e9placements \u00e0 l&rsquo;int\u00e9rieur des \u00c9tats-Unis.<\/div>\n<\/details><\/div>\n<\/section>\n<\/div>\n","protected":false},"excerpt":{"rendered":"","protected":false},"author":34,"featured_media":18254,"comment_status":"open","ping_status":"open","sticky":false,"template":"","format":"standard","meta":{"_acf_changed":false,"manual_indexmenow":false,"indexmenow_id_project":0,"footnotes":""},"categories":[1],"tags":[4713,5688,3170,4635,5755],"class_list":["post-16230","post","type-post","status-publish","format-standard","has-post-thumbnail","hentry","category-a-la-une","tag-preparation","tag-relations-internationales","tag-securite","tag-voyage","tag-voyage-en-solo","generate-columns","tablet-grid-50","mobile-grid-100","grid-parent","grid-25"],"acf":[],"yoast_head":"<!-- This site is optimized with the Yoast SEO Premium plugin v21.3 (Yoast SEO v25.1) - https:\/\/yoast.com\/wordpress\/plugins\/seo\/ -->\n<title>Des \u00e9tudiants internationaux dans la Bay Area invit\u00e9s \u00e0<\/title>\n<meta name=\"description\" content=\"\u00c0 l&#039;approche des vacances de printemps, plusieurs universit\u00e9s de la Bay Area conseillent \u00e0 leurs \u00e9tudiants internationaux de ne pas quitter les \u00c9tats-Unis\" \/>\n<meta name=\"robots\" content=\"index, follow, max-snippet:-1, max-image-preview:large, max-video-preview:-1\" \/>\n<link rel=\"canonical\" href=\"https:\/\/voyage-aventure.com\/blog\/a-la-une\/des-etudiants-internationaux-dans-la-bay-area-invites-a-rester-aux-etats-unis-cette-annee\/\" \/>\n<meta property=\"og:locale\" content=\"fr_FR\" \/>\n<meta property=\"og:type\" content=\"article\" \/>\n<meta property=\"og:title\" content=\"Des \u00e9tudiants internationaux dans la Bay Area invit\u00e9s \u00e0\" \/>\n<meta property=\"og:description\" content=\"\u00c0 l&#039;approche des vacances de printemps, plusieurs universit\u00e9s de la Bay Area conseillent \u00e0 leurs \u00e9tudiants internationaux de ne pas quitter les \u00c9tats-Unis\" \/>\n<meta property=\"og:url\" content=\"https:\/\/voyage-aventure.com\/blog\/a-la-une\/des-etudiants-internationaux-dans-la-bay-area-invites-a-rester-aux-etats-unis-cette-annee\/\" \/>\n<meta property=\"og:site_name\" content=\"voyage-aventure\" \/>\n<meta property=\"og:image\" content=\"https:\/\/voyage-aventure.com\/blog\/wp-content\/uploads\/2025\/04\/sdxl-38557e7474ced397fcafcb504c02f8f1.png\" \/>\n\t<meta property=\"og:image:width\" content=\"1200\" \/>\n\t<meta property=\"og:image:height\" content=\"500\" \/>\n\t<meta property=\"og:image:type\" content=\"image\/png\" \/>\n<meta name=\"author\" content=\"Camille Rouvray\" \/>\n<meta name=\"twitter:card\" content=\"summary_large_image\" \/>\n<script type=\"application\/ld+json\" class=\"yoast-schema-graph\">{\"@context\":\"https:\/\/schema.org\",\"@graph\":[{\"@type\":\"NewsArticle\",\"@id\":\"https:\/\/voyage-aventure.com\/blog\/a-la-une\/des-etudiants-internationaux-dans-la-bay-area-invites-a-rester-aux-etats-unis-cette-annee\/#article\",\"isPartOf\":{\"@id\":\"https:\/\/voyage-aventure.com\/blog\/a-la-une\/des-etudiants-internationaux-dans-la-bay-area-invites-a-rester-aux-etats-unis-cette-annee\/\"},\"author\":{\"name\":\"Camille Rouvray\",\"@id\":\"https:\/\/voyage-aventure.com\/blog\/#\/schema\/person\/3c864cdc320801e3db34b663e7e3f816\"},\"headline\":\"Des \u00e9tudiants internationaux dans la Bay Area invit\u00e9s \u00e0 rester aux \u00c9tats-Unis cette ann\u00e9e\",\"datePublished\":\"2026-06-03T00:22:33+00:00\",\"mainEntityOfPage\":{\"@id\":\"https:\/\/voyage-aventure.com\/blog\/a-la-une\/des-etudiants-internationaux-dans-la-bay-area-invites-a-rester-aux-etats-unis-cette-annee\/\"},\"wordCount\":852,\"commentCount\":14,\"publisher\":{\"@id\":\"https:\/\/voyage-aventure.com\/blog\/#organization\"},\"image\":{\"@id\":\"https:\/\/voyage-aventure.com\/blog\/a-la-une\/des-etudiants-internationaux-dans-la-bay-area-invites-a-rester-aux-etats-unis-cette-annee\/#primaryimage\"},\"thumbnailUrl\":\"https:\/\/voyage-aventure.com\/blog\/wp-content\/uploads\/2025\/04\/sdxl-38557e7474ced397fcafcb504c02f8f1.png\",\"keywords\":[\"Pr\u00e9paration\",\"Relations Internationales\",\"S\u00e9curit\u00e9\",\"Voyage\",\"Voyage en solo\"],\"articleSection\":[\"\u00c0 la une\"],\"inLanguage\":\"fr-FR\",\"potentialAction\":[{\"@type\":\"CommentAction\",\"name\":\"Comment\",\"target\":[\"https:\/\/voyage-aventure.com\/blog\/a-la-une\/des-etudiants-internationaux-dans-la-bay-area-invites-a-rester-aux-etats-unis-cette-annee\/#respond\"]}]},{\"@type\":\"WebPage\",\"@id\":\"https:\/\/voyage-aventure.com\/blog\/a-la-une\/des-etudiants-internationaux-dans-la-bay-area-invites-a-rester-aux-etats-unis-cette-annee\/\",\"url\":\"https:\/\/voyage-aventure.com\/blog\/a-la-une\/des-etudiants-internationaux-dans-la-bay-area-invites-a-rester-aux-etats-unis-cette-annee\/\",\"name\":\"Des \u00e9tudiants internationaux dans la Bay Area invit\u00e9s \u00e0\",\"isPartOf\":{\"@id\":\"https:\/\/voyage-aventure.com\/blog\/#website\"},\"primaryImageOfPage\":{\"@id\":\"https:\/\/voyage-aventure.com\/blog\/a-la-une\/des-etudiants-internationaux-dans-la-bay-area-invites-a-rester-aux-etats-unis-cette-annee\/#primaryimage\"},\"image\":{\"@id\":\"https:\/\/voyage-aventure.com\/blog\/a-la-une\/des-etudiants-internationaux-dans-la-bay-area-invites-a-rester-aux-etats-unis-cette-annee\/#primaryimage\"},\"thumbnailUrl\":\"https:\/\/voyage-aventure.com\/blog\/wp-content\/uploads\/2025\/04\/sdxl-38557e7474ced397fcafcb504c02f8f1.png\",\"datePublished\":\"2026-06-03T00:22:33+00:00\",\"description\":\"\u00c0 l'approche des vacances de printemps, plusieurs universit\u00e9s de la Bay Area conseillent \u00e0 leurs \u00e9tudiants internationaux de ne pas quitter les \u00c9tats-Unis\",\"inLanguage\":\"fr-FR\",\"potentialAction\":[{\"@type\":\"ReadAction\",\"target\":[\"https:\/\/voyage-aventure.com\/blog\/a-la-une\/des-etudiants-internationaux-dans-la-bay-area-invites-a-rester-aux-etats-unis-cette-annee\/\"]}]},{\"@type\":\"ImageObject\",\"inLanguage\":\"fr-FR\",\"@id\":\"https:\/\/voyage-aventure.com\/blog\/a-la-une\/des-etudiants-internationaux-dans-la-bay-area-invites-a-rester-aux-etats-unis-cette-annee\/#primaryimage\",\"url\":\"https:\/\/voyage-aventure.com\/blog\/wp-content\/uploads\/2025\/04\/sdxl-38557e7474ced397fcafcb504c02f8f1.png\",\"contentUrl\":\"https:\/\/voyage-aventure.com\/blog\/wp-content\/uploads\/2025\/04\/sdxl-38557e7474ced397fcafcb504c02f8f1.png\",\"width\":1536,\"height\":640},{\"@type\":\"WebSite\",\"@id\":\"https:\/\/voyage-aventure.com\/blog\/#website\",\"url\":\"https:\/\/voyage-aventure.com\/blog\/\",\"name\":\"voyage-aventure.com\",\"description\":\"Votre passeport pour l\u2019inattendu.\",\"publisher\":{\"@id\":\"https:\/\/voyage-aventure.com\/blog\/#organization\"},\"alternateName\":\"Votre passeport pour l\u2019inattendu.\",\"potentialAction\":[{\"@type\":\"SearchAction\",\"target\":{\"@type\":\"EntryPoint\",\"urlTemplate\":\"https:\/\/voyage-aventure.com\/blog\/?s={search_term_string}\"},\"query-input\":{\"@type\":\"PropertyValueSpecification\",\"valueRequired\":true,\"valueName\":\"search_term_string\"}}],\"inLanguage\":\"fr-FR\"},{\"@type\":\"Organization\",\"@id\":\"https:\/\/voyage-aventure.com\/blog\/#organization\",\"name\":\"Foretsensations.fr\",\"url\":\"https:\/\/voyage-aventure.com\/blog\/\",\"logo\":{\"@type\":\"ImageObject\",\"inLanguage\":\"fr-FR\",\"@id\":\"https:\/\/voyage-aventure.com\/blog\/#\/schema\/logo\/image\/\",\"url\":\"https:\/\/voyage-aventure.com\/blog\/wp-content\/uploads\/2024\/12\/19.png\",\"contentUrl\":\"https:\/\/voyage-aventure.com\/blog\/wp-content\/uploads\/2024\/12\/19.png\",\"width\":512,\"height\":512,\"caption\":\"Foretsensations.fr\"},\"image\":{\"@id\":\"https:\/\/voyage-aventure.com\/blog\/#\/schema\/logo\/image\/\"}},{\"@type\":\"Person\",\"@id\":\"https:\/\/voyage-aventure.com\/blog\/#\/schema\/person\/3c864cdc320801e3db34b663e7e3f816\",\"name\":\"Camille Rouvray\",\"image\":{\"@type\":\"ImageObject\",\"inLanguage\":\"fr-FR\",\"@id\":\"https:\/\/voyage-aventure.com\/blog\/#\/schema\/person\/image\/\",\"url\":\"https:\/\/voyage-aventure.com\/blog\/wp-content\/uploads\/2026\/06\/persona_camille-r-96x96.jpg\",\"contentUrl\":\"https:\/\/voyage-aventure.com\/blog\/wp-content\/uploads\/2026\/06\/persona_camille-r-96x96.jpg\",\"caption\":\"Camille Rouvray\"},\"description\":\"Je voyage et j'\u00e9cris sur le voyage depuis une douzaine d'ann\u00e9es, d'abord en tant que routarde au long cours, puis comme r\u00e9dactrice sp\u00e9cialis\u00e9e. Mon terrain de pr\u00e9dilection, ce sont les circuits organis\u00e9s et l'art de bien pr\u00e9parer un itin\u00e9raire : choix de la saison, dur\u00e9e r\u00e9aliste des \u00e9tapes, budget jour par jour, logement et transport sur place. J'aime aussi raconter les p\u00e9pites urbaines, ces adresses qu'on ne trouve pas dans les guides classiques. Avant de publier un dossier destination, je croise toujours plusieurs sources, je v\u00e9rifie les tarifs et les formalit\u00e9s d'entr\u00e9e \u00e0 jour, et je teste moi-m\u00eame quand je le peux. Mon angle reste pratique avant tout : aider le lecteur \u00e0 partir l'esprit tranquille, sans mauvaise surprise une fois sur place. Je m'attache \u00e0 distinguer le coup de c\u0153ur sinc\u00e8re du simple argument marketing.\",\"sameAs\":[\"https:\/\/camillerouvray.fr\/\"],\"url\":\"https:\/\/voyage-aventure.com\/blog\/auteur\/noname\/\"}]}<\/script>\n<!-- \/ Yoast SEO Premium plugin. -->","yoast_head_json":{"title":"Des \u00e9tudiants internationaux dans la Bay Area invit\u00e9s \u00e0","description":"\u00c0 l'approche des vacances de printemps, plusieurs universit\u00e9s de la Bay Area conseillent \u00e0 leurs \u00e9tudiants internationaux de ne pas quitter les \u00c9tats-Unis","robots":{"index":"index","follow":"follow","max-snippet":"max-snippet:-1","max-image-preview":"max-image-preview:large","max-video-preview":"max-video-preview:-1"},"canonical":"https:\/\/voyage-aventure.com\/blog\/a-la-une\/des-etudiants-internationaux-dans-la-bay-area-invites-a-rester-aux-etats-unis-cette-annee\/","og_locale":"fr_FR","og_type":"article","og_title":"Des \u00e9tudiants internationaux dans la Bay Area invit\u00e9s \u00e0","og_description":"\u00c0 l'approche des vacances de printemps, plusieurs universit\u00e9s de la Bay Area conseillent \u00e0 leurs \u00e9tudiants internationaux de ne pas quitter les \u00c9tats-Unis","og_url":"https:\/\/voyage-aventure.com\/blog\/a-la-une\/des-etudiants-internationaux-dans-la-bay-area-invites-a-rester-aux-etats-unis-cette-annee\/","og_site_name":"voyage-aventure","og_image":[{"url":"https:\/\/voyage-aventure.com\/blog\/wp-content\/uploads\/2025\/04\/sdxl-38557e7474ced397fcafcb504c02f8f1.png","width":1200,"height":500,"type":"image\/png"}],"author":"Camille Rouvray","twitter_card":"summary_large_image","schema":{"@context":"https:\/\/schema.org","@graph":[{"@type":"NewsArticle","@id":"https:\/\/voyage-aventure.com\/blog\/a-la-une\/des-etudiants-internationaux-dans-la-bay-area-invites-a-rester-aux-etats-unis-cette-annee\/#article","isPartOf":{"@id":"https:\/\/voyage-aventure.com\/blog\/a-la-une\/des-etudiants-internationaux-dans-la-bay-area-invites-a-rester-aux-etats-unis-cette-annee\/"},"author":{"name":"Camille Rouvray","@id":"https:\/\/voyage-aventure.com\/blog\/#\/schema\/person\/3c864cdc320801e3db34b663e7e3f816"},"headline":"Des \u00e9tudiants internationaux dans la Bay Area invit\u00e9s \u00e0 rester aux \u00c9tats-Unis cette ann\u00e9e","datePublished":"2026-06-03T00:22:33+00:00","mainEntityOfPage":{"@id":"https:\/\/voyage-aventure.com\/blog\/a-la-une\/des-etudiants-internationaux-dans-la-bay-area-invites-a-rester-aux-etats-unis-cette-annee\/"},"wordCount":852,"commentCount":14,"publisher":{"@id":"https:\/\/voyage-aventure.com\/blog\/#organization"},"image":{"@id":"https:\/\/voyage-aventure.com\/blog\/a-la-une\/des-etudiants-internationaux-dans-la-bay-area-invites-a-rester-aux-etats-unis-cette-annee\/#primaryimage"},"thumbnailUrl":"https:\/\/voyage-aventure.com\/blog\/wp-content\/uploads\/2025\/04\/sdxl-38557e7474ced397fcafcb504c02f8f1.png","keywords":["Pr\u00e9paration","Relations Internationales","S\u00e9curit\u00e9","Voyage","Voyage en solo"],"articleSection":["\u00c0 la une"],"inLanguage":"fr-FR","potentialAction":[{"@type":"CommentAction","name":"Comment","target":["https:\/\/voyage-aventure.com\/blog\/a-la-une\/des-etudiants-internationaux-dans-la-bay-area-invites-a-rester-aux-etats-unis-cette-annee\/#respond"]}]},{"@type":"WebPage","@id":"https:\/\/voyage-aventure.com\/blog\/a-la-une\/des-etudiants-internationaux-dans-la-bay-area-invites-a-rester-aux-etats-unis-cette-annee\/","url":"https:\/\/voyage-aventure.com\/blog\/a-la-une\/des-etudiants-internationaux-dans-la-bay-area-invites-a-rester-aux-etats-unis-cette-annee\/","name":"Des \u00e9tudiants internationaux dans la Bay Area invit\u00e9s \u00e0","isPartOf":{"@id":"https:\/\/voyage-aventure.com\/blog\/#website"},"primaryImageOfPage":{"@id":"https:\/\/voyage-aventure.com\/blog\/a-la-une\/des-etudiants-internationaux-dans-la-bay-area-invites-a-rester-aux-etats-unis-cette-annee\/#primaryimage"},"image":{"@id":"https:\/\/voyage-aventure.com\/blog\/a-la-une\/des-etudiants-internationaux-dans-la-bay-area-invites-a-rester-aux-etats-unis-cette-annee\/#primaryimage"},"thumbnailUrl":"https:\/\/voyage-aventure.com\/blog\/wp-content\/uploads\/2025\/04\/sdxl-38557e7474ced397fcafcb504c02f8f1.png","datePublished":"2026-06-03T00:22:33+00:00","description":"\u00c0 l'approche des vacances de printemps, plusieurs universit\u00e9s de la Bay Area conseillent \u00e0 leurs \u00e9tudiants internationaux de ne pas quitter les \u00c9tats-Unis","inLanguage":"fr-FR","potentialAction":[{"@type":"ReadAction","target":["https:\/\/voyage-aventure.com\/blog\/a-la-une\/des-etudiants-internationaux-dans-la-bay-area-invites-a-rester-aux-etats-unis-cette-annee\/"]}]},{"@type":"ImageObject","inLanguage":"fr-FR","@id":"https:\/\/voyage-aventure.com\/blog\/a-la-une\/des-etudiants-internationaux-dans-la-bay-area-invites-a-rester-aux-etats-unis-cette-annee\/#primaryimage","url":"https:\/\/voyage-aventure.com\/blog\/wp-content\/uploads\/2025\/04\/sdxl-38557e7474ced397fcafcb504c02f8f1.png","contentUrl":"https:\/\/voyage-aventure.com\/blog\/wp-content\/uploads\/2025\/04\/sdxl-38557e7474ced397fcafcb504c02f8f1.png","width":1536,"height":640},{"@type":"WebSite","@id":"https:\/\/voyage-aventure.com\/blog\/#website","url":"https:\/\/voyage-aventure.com\/blog\/","name":"voyage-aventure.com","description":"Votre passeport pour l\u2019inattendu.","publisher":{"@id":"https:\/\/voyage-aventure.com\/blog\/#organization"},"alternateName":"Votre passeport pour l\u2019inattendu.","potentialAction":[{"@type":"SearchAction","target":{"@type":"EntryPoint","urlTemplate":"https:\/\/voyage-aventure.com\/blog\/?s={search_term_string}"},"query-input":{"@type":"PropertyValueSpecification","valueRequired":true,"valueName":"search_term_string"}}],"inLanguage":"fr-FR"},{"@type":"Organization","@id":"https:\/\/voyage-aventure.com\/blog\/#organization","name":"Foretsensations.fr","url":"https:\/\/voyage-aventure.com\/blog\/","logo":{"@type":"ImageObject","inLanguage":"fr-FR","@id":"https:\/\/voyage-aventure.com\/blog\/#\/schema\/logo\/image\/","url":"https:\/\/voyage-aventure.com\/blog\/wp-content\/uploads\/2024\/12\/19.png","contentUrl":"https:\/\/voyage-aventure.com\/blog\/wp-content\/uploads\/2024\/12\/19.png","width":512,"height":512,"caption":"Foretsensations.fr"},"image":{"@id":"https:\/\/voyage-aventure.com\/blog\/#\/schema\/logo\/image\/"}},{"@type":"Person","@id":"https:\/\/voyage-aventure.com\/blog\/#\/schema\/person\/3c864cdc320801e3db34b663e7e3f816","name":"Camille Rouvray","image":{"@type":"ImageObject","inLanguage":"fr-FR","@id":"https:\/\/voyage-aventure.com\/blog\/#\/schema\/person\/image\/","url":"https:\/\/voyage-aventure.com\/blog\/wp-content\/uploads\/2026\/06\/persona_camille-r-96x96.jpg","contentUrl":"https:\/\/voyage-aventure.com\/blog\/wp-content\/uploads\/2026\/06\/persona_camille-r-96x96.jpg","caption":"Camille Rouvray"},"description":"Je voyage et j'\u00e9cris sur le voyage depuis une douzaine d'ann\u00e9es, d'abord en tant que routarde au long cours, puis comme r\u00e9dactrice sp\u00e9cialis\u00e9e. Mon terrain de pr\u00e9dilection, ce sont les circuits organis\u00e9s et l'art de bien pr\u00e9parer un itin\u00e9raire : choix de la saison, dur\u00e9e r\u00e9aliste des \u00e9tapes, budget jour par jour, logement et transport sur place. J'aime aussi raconter les p\u00e9pites urbaines, ces adresses qu'on ne trouve pas dans les guides classiques. Avant de publier un dossier destination, je croise toujours plusieurs sources, je v\u00e9rifie les tarifs et les formalit\u00e9s d'entr\u00e9e \u00e0 jour, et je teste moi-m\u00eame quand je le peux. Mon angle reste pratique avant tout : aider le lecteur \u00e0 partir l'esprit tranquille, sans mauvaise surprise une fois sur place. Je m'attache \u00e0 distinguer le coup de c\u0153ur sinc\u00e8re du simple argument marketing.","sameAs":["https:\/\/camillerouvray.fr\/"],"url":"https:\/\/voyage-aventure.com\/blog\/auteur\/noname\/"}]}},"_links":{"self":[{"href":"https:\/\/voyage-aventure.com\/blog\/wp-json\/wp\/v2\/posts\/16230","targetHints":{"allow":["GET"]}}],"collection":[{"href":"https:\/\/voyage-aventure.com\/blog\/wp-json\/wp\/v2\/posts"}],"about":[{"href":"https:\/\/voyage-aventure.com\/blog\/wp-json\/wp\/v2\/types\/post"}],"author":[{"embeddable":true,"href":"https:\/\/voyage-aventure.com\/blog\/wp-json\/wp\/v2\/users\/34"}],"replies":[{"embeddable":true,"href":"https:\/\/voyage-aventure.com\/blog\/wp-json\/wp\/v2\/comments?post=16230"}],"version-history":[{"count":2,"href":"https:\/\/voyage-aventure.com\/blog\/wp-json\/wp\/v2\/posts\/16230\/revisions"}],"predecessor-version":[{"id":21503,"href":"https:\/\/voyage-aventure.com\/blog\/wp-json\/wp\/v2\/posts\/16230\/revisions\/21503"}],"wp:featuredmedia":[{"embeddable":true,"href":"https:\/\/voyage-aventure.com\/blog\/wp-json\/wp\/v2\/media\/18254"}],"wp:attachment":[{"href":"https:\/\/voyage-aventure.com\/blog\/wp-json\/wp\/v2\/media?parent=16230"}],"wp:term":[{"taxonomy":"category","embeddable":true,"href":"https:\/\/voyage-aventure.com\/blog\/wp-json\/wp\/v2\/categories?post=16230"},{"taxonomy":"post_tag","embeddable":true,"href":"https:\/\/voyage-aventure.com\/blog\/wp-json\/wp\/v2\/tags?post=16230"}],"curies":[{"name":"wp","href":"https:\/\/api.w.org\/{rel}","templated":true}]}}