{"id":16225,"date":"2025-03-25T03:15:35","date_gmt":"2025-03-25T02:15:35","guid":{"rendered":"https:\/\/voyage-aventure.com\/blog\/?p=16225"},"modified":"2025-03-25T03:15:35","modified_gmt":"2025-03-25T02:15:35","slug":"phil-rosenthal-un-voyage-culinaire-a-travers-les-saveurs-et-les-rencontres","status":"publish","type":"post","link":"https:\/\/voyage-aventure.com\/blog\/a-la-une\/phil-rosenthal-un-voyage-culinaire-a-travers-les-saveurs-et-les-rencontres\/","title":{"rendered":"phil rosenthal : un voyage culinaire \u00e0 travers les saveurs et les rencontres"},"content":{"rendered":"<h2>Une d\u00e9couverte des saveurs<\/h2>\n<p>Phil Rosenthal, cr\u00e9ateur de l&rsquo;\u00e9mission \u00ab\u00a0Somebody Feed Phil\u00a0\u00bb, partage avec passion son parcours culinaire. \u00c0 17 ans, il d\u00e9couvre l&rsquo;ail pour la premi\u00e8re fois, une exp\u00e9rience qui change sa perception de la nourriture. En grandissant dans une famille d&rsquo;immigrants allemands, il \u00e9tait entour\u00e9 d&rsquo;une cuisine traditionnelle, mais peu \u00e9pic\u00e9e, ce qui a influenc\u00e9 son amour pour les plats plus savoureux.<\/p>\n<p>Rosenthal \u00e9voque souvent sa rencontre avec Alice Waters, pionni\u00e8re du mouvement \u00ab\u00a0farm-to-table\u00a0\u00bb. Elle lui a confi\u00e9 que ses parents n&rsquo;\u00e9taient pas de bons cuisiniers non plus. Cela montre que, parfois, les plus grands chefs naissent d&rsquo;une qu\u00eate de saveurs inexplor\u00e9es.<\/p>\n<h2>Un hommage \u00e0 l&rsquo;aventure culinaire<\/h2>\n<p>Comparant son approche \u00e0 celle d&rsquo;Anthony Bourdain, Rosenthal cr\u00e9e un espace pour ceux qui aiment voyager sans n\u00e9cessairement \u00eatre aventuriers. Son \u00e9mission s&rsquo;adresse \u00e0 une audience qui, comme lui, cherche \u00e0 sortir de sa zone de confort. Tout en suivant les traces de Bourdain, il apporte une touche personnelle, rendant ses exp\u00e9riences accessibles et amusantes.<\/p>\n<p>Sa passion pour la gastronomie se retrouve dans chaque \u00e9pisode. Rosenthal explore les sc\u00e8nes culinaires des villes, mettant en avant la diversit\u00e9 et l&rsquo;importance de l&rsquo;immigration. Les plats qu&rsquo;il d\u00e9couvre sont souvent le reflet d&rsquo;histoires de vie et de cultures m\u00e9lang\u00e9es.<\/p>\n<h2>Des exp\u00e9riences m\u00e9morables autour de la table<\/h2>\n<p>Chaque rencontre avec un chef ou un restaurateur devient une aventure humaine. Par exemple, lors d&rsquo;un voyage \u00e0 Tokyo, il go\u00fbte des fourmis qui ont le go\u00fbt du citron. Une exp\u00e9rience d\u00e9routante, mais qui illustre la cr\u00e9ativit\u00e9 culinaire que l&rsquo;on peut trouver \u00e0 travers le monde.<\/p>\n<p>Rosenthal se souvient aussi d&rsquo;une rencontre \u00e9mouvante avec une restauratrice palestinienne \u00e0 Duba\u00ef. Malgr\u00e9 les tensions g\u00e9opolitiques, la nourriture devient un pont entre les cultures. Ce lien humain, renforc\u00e9 par des plats traditionnels, nous rappelle que la cuisine peut transcender les diff\u00e9rences.<\/p>\n<ul>\n<li>D\u00e9couverte de l&rsquo;ail \u00e0 17 ans<\/li>\n<li>Inspiration d&rsquo;Alice Waters sur la cuisine<\/li>\n<li>Comparaison avec Anthony Bourdain<\/li>\n<li>Exploration des sc\u00e8nes culinaires locales<\/li>\n<li>Rencontres marquantes autour de la nourriture<\/li>\n<\/ul>\n<blockquote><p>\n\u00ab\u00a0Tout ce qui vous entoure influence votre perception des saveurs.\u00a0\u00bb &#8211; Phil Rosenthal\n<\/p><\/blockquote>\n<p>Phil Rosenthal continue d&rsquo;\u00e9voluer dans le monde de la gastronomie avec un projet de diner \u00e0 Los Angeles et une nouvelle saison de son \u00e9mission. Cette passion pour la nourriture et les histoires qu&rsquo;elle v\u00e9hicule propulse son message : la cuisine est un art qui unit les gens et enrichit nos vies. Que ce soit en savourant un plat traditionnel ou en d\u00e9couvrant des saveurs in\u00e9dites, chaque bouch\u00e9e est une invitation \u00e0 explorer le monde.<\/p>\n","protected":false},"excerpt":{"rendered":"","protected":false},"author":34,"featured_media":18237,"comment_status":"open","ping_status":"open","sticky":false,"template":"","format":"standard","meta":{"_acf_changed":false,"manual_indexmenow":false,"indexmenow_id_project":0,"footnotes":""},"categories":[1],"tags":[4527,4672,4535,4769,4625],"class_list":["post-16225","post","type-post","status-publish","format-standard","has-post-thumbnail","hentry","category-a-la-une","tag-decouverte-culturelle","tag-experiences","tag-gastronomie-locale","tag-immersion-culturelle","tag-passion-du-voyage","generate-columns","tablet-grid-50","mobile-grid-100","grid-parent","grid-25"],"acf":[],"yoast_head":"<!-- This site is optimized with the Yoast SEO Premium plugin v21.3 (Yoast SEO v25.1) - https:\/\/yoast.com\/wordpress\/plugins\/seo\/ -->\n<title>phil rosenthal : un voyage culinaire \u00e0 travers les saveurs<\/title>\n<meta name=\"description\" content=\"Phil Rosenthal, cr\u00e9ateur de l&#039;\u00e9mission &quot;Somebody Feed Phil&quot;, partage avec passion son parcours culinaire. \u00c0 17 ans, il d\u00e9couvre l&#039;ail pour la premi\u00e8re\" \/>\n<meta name=\"robots\" content=\"index, follow, max-snippet:-1, max-image-preview:large, max-video-preview:-1\" \/>\n<link rel=\"canonical\" href=\"https:\/\/voyage-aventure.com\/blog\/a-la-une\/phil-rosenthal-un-voyage-culinaire-a-travers-les-saveurs-et-les-rencontres\/\" \/>\n<meta property=\"og:locale\" content=\"fr_FR\" \/>\n<meta property=\"og:type\" content=\"article\" \/>\n<meta property=\"og:title\" content=\"phil rosenthal : un voyage culinaire \u00e0 travers les saveurs\" \/>\n<meta property=\"og:description\" content=\"Phil Rosenthal, cr\u00e9ateur de l&#039;\u00e9mission &quot;Somebody Feed Phil&quot;, partage avec passion son parcours culinaire. \u00c0 17 ans, il d\u00e9couvre l&#039;ail pour la premi\u00e8re\" \/>\n<meta property=\"og:url\" content=\"https:\/\/voyage-aventure.com\/blog\/a-la-une\/phil-rosenthal-un-voyage-culinaire-a-travers-les-saveurs-et-les-rencontres\/\" \/>\n<meta property=\"og:site_name\" content=\"voyage-aventure\" \/>\n<meta property=\"og:image\" content=\"https:\/\/voyage-aventure.com\/blog\/wp-content\/uploads\/2025\/04\/sdxl-3e12282a3ba6b2b1300b1747f787fca3.png\" \/>\n\t<meta property=\"og:image:width\" content=\"1536\" \/>\n\t<meta property=\"og:image:height\" content=\"640\" \/>\n\t<meta property=\"og:image:type\" content=\"image\/png\" \/>\n<meta name=\"author\" content=\"Camille Rouvray\" \/>\n<meta name=\"twitter:card\" content=\"summary_large_image\" \/>\n<script type=\"application\/ld+json\" class=\"yoast-schema-graph\">{\"@context\":\"https:\/\/schema.org\",\"@graph\":[{\"@type\":\"NewsArticle\",\"@id\":\"https:\/\/voyage-aventure.com\/blog\/a-la-une\/phil-rosenthal-un-voyage-culinaire-a-travers-les-saveurs-et-les-rencontres\/#article\",\"isPartOf\":{\"@id\":\"https:\/\/voyage-aventure.com\/blog\/a-la-une\/phil-rosenthal-un-voyage-culinaire-a-travers-les-saveurs-et-les-rencontres\/\"},\"author\":{\"name\":\"Camille Rouvray\",\"@id\":\"https:\/\/voyage-aventure.com\/blog\/#\/schema\/person\/3c864cdc320801e3db34b663e7e3f816\"},\"headline\":\"phil rosenthal : un voyage culinaire \u00e0 travers les saveurs et les rencontres\",\"datePublished\":\"2025-03-25T02:15:35+00:00\",\"mainEntityOfPage\":{\"@id\":\"https:\/\/voyage-aventure.com\/blog\/a-la-une\/phil-rosenthal-un-voyage-culinaire-a-travers-les-saveurs-et-les-rencontres\/\"},\"wordCount\":463,\"commentCount\":24,\"publisher\":{\"@id\":\"https:\/\/voyage-aventure.com\/blog\/#organization\"},\"image\":{\"@id\":\"https:\/\/voyage-aventure.com\/blog\/a-la-une\/phil-rosenthal-un-voyage-culinaire-a-travers-les-saveurs-et-les-rencontres\/#primaryimage\"},\"thumbnailUrl\":\"https:\/\/voyage-aventure.com\/blog\/wp-content\/uploads\/2025\/04\/sdxl-3e12282a3ba6b2b1300b1747f787fca3.png\",\"keywords\":[\"D\u00e9couverte Culturelle\",\"Exp\u00e9riences\",\"Gastronomie Locale\",\"Immersion Culturelle\",\"Passion Du Voyage\"],\"articleSection\":[\"\u00c0 la une\"],\"inLanguage\":\"fr-FR\",\"potentialAction\":[{\"@type\":\"CommentAction\",\"name\":\"Comment\",\"target\":[\"https:\/\/voyage-aventure.com\/blog\/a-la-une\/phil-rosenthal-un-voyage-culinaire-a-travers-les-saveurs-et-les-rencontres\/#respond\"]}]},{\"@type\":\"WebPage\",\"@id\":\"https:\/\/voyage-aventure.com\/blog\/a-la-une\/phil-rosenthal-un-voyage-culinaire-a-travers-les-saveurs-et-les-rencontres\/\",\"url\":\"https:\/\/voyage-aventure.com\/blog\/a-la-une\/phil-rosenthal-un-voyage-culinaire-a-travers-les-saveurs-et-les-rencontres\/\",\"name\":\"phil rosenthal : un voyage culinaire \u00e0 travers les saveurs\",\"isPartOf\":{\"@id\":\"https:\/\/voyage-aventure.com\/blog\/#website\"},\"primaryImageOfPage\":{\"@id\":\"https:\/\/voyage-aventure.com\/blog\/a-la-une\/phil-rosenthal-un-voyage-culinaire-a-travers-les-saveurs-et-les-rencontres\/#primaryimage\"},\"image\":{\"@id\":\"https:\/\/voyage-aventure.com\/blog\/a-la-une\/phil-rosenthal-un-voyage-culinaire-a-travers-les-saveurs-et-les-rencontres\/#primaryimage\"},\"thumbnailUrl\":\"https:\/\/voyage-aventure.com\/blog\/wp-content\/uploads\/2025\/04\/sdxl-3e12282a3ba6b2b1300b1747f787fca3.png\",\"datePublished\":\"2025-03-25T02:15:35+00:00\",\"description\":\"Phil Rosenthal, cr\u00e9ateur de l'\u00e9mission \\\"Somebody Feed Phil\\\", partage avec passion son parcours culinaire. \u00c0 17 ans, il d\u00e9couvre l'ail pour la premi\u00e8re\",\"inLanguage\":\"fr-FR\",\"potentialAction\":[{\"@type\":\"ReadAction\",\"target\":[\"https:\/\/voyage-aventure.com\/blog\/a-la-une\/phil-rosenthal-un-voyage-culinaire-a-travers-les-saveurs-et-les-rencontres\/\"]}]},{\"@type\":\"ImageObject\",\"inLanguage\":\"fr-FR\",\"@id\":\"https:\/\/voyage-aventure.com\/blog\/a-la-une\/phil-rosenthal-un-voyage-culinaire-a-travers-les-saveurs-et-les-rencontres\/#primaryimage\",\"url\":\"https:\/\/voyage-aventure.com\/blog\/wp-content\/uploads\/2025\/04\/sdxl-3e12282a3ba6b2b1300b1747f787fca3.png\",\"contentUrl\":\"https:\/\/voyage-aventure.com\/blog\/wp-content\/uploads\/2025\/04\/sdxl-3e12282a3ba6b2b1300b1747f787fca3.png\",\"width\":1536,\"height\":640},{\"@type\":\"WebSite\",\"@id\":\"https:\/\/voyage-aventure.com\/blog\/#website\",\"url\":\"https:\/\/voyage-aventure.com\/blog\/\",\"name\":\"voyage-aventure.com\",\"description\":\"Votre passeport pour l\u2019inattendu.\",\"publisher\":{\"@id\":\"https:\/\/voyage-aventure.com\/blog\/#organization\"},\"alternateName\":\"Votre passeport pour l\u2019inattendu.\",\"potentialAction\":[{\"@type\":\"SearchAction\",\"target\":{\"@type\":\"EntryPoint\",\"urlTemplate\":\"https:\/\/voyage-aventure.com\/blog\/?s={search_term_string}\"},\"query-input\":{\"@type\":\"PropertyValueSpecification\",\"valueRequired\":true,\"valueName\":\"search_term_string\"}}],\"inLanguage\":\"fr-FR\"},{\"@type\":\"Organization\",\"@id\":\"https:\/\/voyage-aventure.com\/blog\/#organization\",\"name\":\"Foretsensations.fr\",\"url\":\"https:\/\/voyage-aventure.com\/blog\/\",\"logo\":{\"@type\":\"ImageObject\",\"inLanguage\":\"fr-FR\",\"@id\":\"https:\/\/voyage-aventure.com\/blog\/#\/schema\/logo\/image\/\",\"url\":\"https:\/\/voyage-aventure.com\/blog\/wp-content\/uploads\/2024\/12\/19.png\",\"contentUrl\":\"https:\/\/voyage-aventure.com\/blog\/wp-content\/uploads\/2024\/12\/19.png\",\"width\":512,\"height\":512,\"caption\":\"Foretsensations.fr\"},\"image\":{\"@id\":\"https:\/\/voyage-aventure.com\/blog\/#\/schema\/logo\/image\/\"}},{\"@type\":\"Person\",\"@id\":\"https:\/\/voyage-aventure.com\/blog\/#\/schema\/person\/3c864cdc320801e3db34b663e7e3f816\",\"name\":\"Camille Rouvray\",\"image\":{\"@type\":\"ImageObject\",\"inLanguage\":\"fr-FR\",\"@id\":\"https:\/\/voyage-aventure.com\/blog\/#\/schema\/person\/image\/\",\"url\":\"https:\/\/voyage-aventure.com\/blog\/wp-content\/uploads\/2026\/06\/persona_camille-r-96x96.jpg\",\"contentUrl\":\"https:\/\/voyage-aventure.com\/blog\/wp-content\/uploads\/2026\/06\/persona_camille-r-96x96.jpg\",\"caption\":\"Camille Rouvray\"},\"description\":\"Je voyage et j'\u00e9cris sur le voyage depuis une douzaine d'ann\u00e9es, d'abord en tant que routarde au long cours, puis comme r\u00e9dactrice sp\u00e9cialis\u00e9e. Mon terrain de pr\u00e9dilection, ce sont les circuits organis\u00e9s et l'art de bien pr\u00e9parer un itin\u00e9raire : choix de la saison, dur\u00e9e r\u00e9aliste des \u00e9tapes, budget jour par jour, logement et transport sur place. J'aime aussi raconter les p\u00e9pites urbaines, ces adresses qu'on ne trouve pas dans les guides classiques. Avant de publier un dossier destination, je croise toujours plusieurs sources, je v\u00e9rifie les tarifs et les formalit\u00e9s d'entr\u00e9e \u00e0 jour, et je teste moi-m\u00eame quand je le peux. Mon angle reste pratique avant tout : aider le lecteur \u00e0 partir l'esprit tranquille, sans mauvaise surprise une fois sur place. Je m'attache \u00e0 distinguer le coup de c\u0153ur sinc\u00e8re du simple argument marketing.\",\"sameAs\":[\"https:\/\/camillerouvray.fr\/\"],\"url\":\"https:\/\/voyage-aventure.com\/blog\/auteur\/noname\/\"}]}<\/script>\n<!-- \/ Yoast SEO Premium plugin. -->","yoast_head_json":{"title":"phil rosenthal : un voyage culinaire \u00e0 travers les saveurs","description":"Phil Rosenthal, cr\u00e9ateur de l'\u00e9mission \"Somebody Feed Phil\", partage avec passion son parcours culinaire. \u00c0 17 ans, il d\u00e9couvre l'ail pour la premi\u00e8re","robots":{"index":"index","follow":"follow","max-snippet":"max-snippet:-1","max-image-preview":"max-image-preview:large","max-video-preview":"max-video-preview:-1"},"canonical":"https:\/\/voyage-aventure.com\/blog\/a-la-une\/phil-rosenthal-un-voyage-culinaire-a-travers-les-saveurs-et-les-rencontres\/","og_locale":"fr_FR","og_type":"article","og_title":"phil rosenthal : un voyage culinaire \u00e0 travers les saveurs","og_description":"Phil Rosenthal, cr\u00e9ateur de l'\u00e9mission \"Somebody Feed Phil\", partage avec passion son parcours culinaire. \u00c0 17 ans, il d\u00e9couvre l'ail pour la premi\u00e8re","og_url":"https:\/\/voyage-aventure.com\/blog\/a-la-une\/phil-rosenthal-un-voyage-culinaire-a-travers-les-saveurs-et-les-rencontres\/","og_site_name":"voyage-aventure","og_image":[{"width":1536,"height":640,"url":"https:\/\/voyage-aventure.com\/blog\/wp-content\/uploads\/2025\/04\/sdxl-3e12282a3ba6b2b1300b1747f787fca3.png","type":"image\/png"}],"author":"Camille Rouvray","twitter_card":"summary_large_image","schema":{"@context":"https:\/\/schema.org","@graph":[{"@type":"NewsArticle","@id":"https:\/\/voyage-aventure.com\/blog\/a-la-une\/phil-rosenthal-un-voyage-culinaire-a-travers-les-saveurs-et-les-rencontres\/#article","isPartOf":{"@id":"https:\/\/voyage-aventure.com\/blog\/a-la-une\/phil-rosenthal-un-voyage-culinaire-a-travers-les-saveurs-et-les-rencontres\/"},"author":{"name":"Camille Rouvray","@id":"https:\/\/voyage-aventure.com\/blog\/#\/schema\/person\/3c864cdc320801e3db34b663e7e3f816"},"headline":"phil rosenthal : un voyage culinaire \u00e0 travers les saveurs et les rencontres","datePublished":"2025-03-25T02:15:35+00:00","mainEntityOfPage":{"@id":"https:\/\/voyage-aventure.com\/blog\/a-la-une\/phil-rosenthal-un-voyage-culinaire-a-travers-les-saveurs-et-les-rencontres\/"},"wordCount":463,"commentCount":24,"publisher":{"@id":"https:\/\/voyage-aventure.com\/blog\/#organization"},"image":{"@id":"https:\/\/voyage-aventure.com\/blog\/a-la-une\/phil-rosenthal-un-voyage-culinaire-a-travers-les-saveurs-et-les-rencontres\/#primaryimage"},"thumbnailUrl":"https:\/\/voyage-aventure.com\/blog\/wp-content\/uploads\/2025\/04\/sdxl-3e12282a3ba6b2b1300b1747f787fca3.png","keywords":["D\u00e9couverte Culturelle","Exp\u00e9riences","Gastronomie Locale","Immersion Culturelle","Passion Du Voyage"],"articleSection":["\u00c0 la une"],"inLanguage":"fr-FR","potentialAction":[{"@type":"CommentAction","name":"Comment","target":["https:\/\/voyage-aventure.com\/blog\/a-la-une\/phil-rosenthal-un-voyage-culinaire-a-travers-les-saveurs-et-les-rencontres\/#respond"]}]},{"@type":"WebPage","@id":"https:\/\/voyage-aventure.com\/blog\/a-la-une\/phil-rosenthal-un-voyage-culinaire-a-travers-les-saveurs-et-les-rencontres\/","url":"https:\/\/voyage-aventure.com\/blog\/a-la-une\/phil-rosenthal-un-voyage-culinaire-a-travers-les-saveurs-et-les-rencontres\/","name":"phil rosenthal : un voyage culinaire \u00e0 travers les saveurs","isPartOf":{"@id":"https:\/\/voyage-aventure.com\/blog\/#website"},"primaryImageOfPage":{"@id":"https:\/\/voyage-aventure.com\/blog\/a-la-une\/phil-rosenthal-un-voyage-culinaire-a-travers-les-saveurs-et-les-rencontres\/#primaryimage"},"image":{"@id":"https:\/\/voyage-aventure.com\/blog\/a-la-une\/phil-rosenthal-un-voyage-culinaire-a-travers-les-saveurs-et-les-rencontres\/#primaryimage"},"thumbnailUrl":"https:\/\/voyage-aventure.com\/blog\/wp-content\/uploads\/2025\/04\/sdxl-3e12282a3ba6b2b1300b1747f787fca3.png","datePublished":"2025-03-25T02:15:35+00:00","description":"Phil Rosenthal, cr\u00e9ateur de l'\u00e9mission \"Somebody Feed Phil\", partage avec passion son parcours culinaire. \u00c0 17 ans, il d\u00e9couvre l'ail pour la premi\u00e8re","inLanguage":"fr-FR","potentialAction":[{"@type":"ReadAction","target":["https:\/\/voyage-aventure.com\/blog\/a-la-une\/phil-rosenthal-un-voyage-culinaire-a-travers-les-saveurs-et-les-rencontres\/"]}]},{"@type":"ImageObject","inLanguage":"fr-FR","@id":"https:\/\/voyage-aventure.com\/blog\/a-la-une\/phil-rosenthal-un-voyage-culinaire-a-travers-les-saveurs-et-les-rencontres\/#primaryimage","url":"https:\/\/voyage-aventure.com\/blog\/wp-content\/uploads\/2025\/04\/sdxl-3e12282a3ba6b2b1300b1747f787fca3.png","contentUrl":"https:\/\/voyage-aventure.com\/blog\/wp-content\/uploads\/2025\/04\/sdxl-3e12282a3ba6b2b1300b1747f787fca3.png","width":1536,"height":640},{"@type":"WebSite","@id":"https:\/\/voyage-aventure.com\/blog\/#website","url":"https:\/\/voyage-aventure.com\/blog\/","name":"voyage-aventure.com","description":"Votre passeport pour l\u2019inattendu.","publisher":{"@id":"https:\/\/voyage-aventure.com\/blog\/#organization"},"alternateName":"Votre passeport pour l\u2019inattendu.","potentialAction":[{"@type":"SearchAction","target":{"@type":"EntryPoint","urlTemplate":"https:\/\/voyage-aventure.com\/blog\/?s={search_term_string}"},"query-input":{"@type":"PropertyValueSpecification","valueRequired":true,"valueName":"search_term_string"}}],"inLanguage":"fr-FR"},{"@type":"Organization","@id":"https:\/\/voyage-aventure.com\/blog\/#organization","name":"Foretsensations.fr","url":"https:\/\/voyage-aventure.com\/blog\/","logo":{"@type":"ImageObject","inLanguage":"fr-FR","@id":"https:\/\/voyage-aventure.com\/blog\/#\/schema\/logo\/image\/","url":"https:\/\/voyage-aventure.com\/blog\/wp-content\/uploads\/2024\/12\/19.png","contentUrl":"https:\/\/voyage-aventure.com\/blog\/wp-content\/uploads\/2024\/12\/19.png","width":512,"height":512,"caption":"Foretsensations.fr"},"image":{"@id":"https:\/\/voyage-aventure.com\/blog\/#\/schema\/logo\/image\/"}},{"@type":"Person","@id":"https:\/\/voyage-aventure.com\/blog\/#\/schema\/person\/3c864cdc320801e3db34b663e7e3f816","name":"Camille Rouvray","image":{"@type":"ImageObject","inLanguage":"fr-FR","@id":"https:\/\/voyage-aventure.com\/blog\/#\/schema\/person\/image\/","url":"https:\/\/voyage-aventure.com\/blog\/wp-content\/uploads\/2026\/06\/persona_camille-r-96x96.jpg","contentUrl":"https:\/\/voyage-aventure.com\/blog\/wp-content\/uploads\/2026\/06\/persona_camille-r-96x96.jpg","caption":"Camille Rouvray"},"description":"Je voyage et j'\u00e9cris sur le voyage depuis une douzaine d'ann\u00e9es, d'abord en tant que routarde au long cours, puis comme r\u00e9dactrice sp\u00e9cialis\u00e9e. Mon terrain de pr\u00e9dilection, ce sont les circuits organis\u00e9s et l'art de bien pr\u00e9parer un itin\u00e9raire : choix de la saison, dur\u00e9e r\u00e9aliste des \u00e9tapes, budget jour par jour, logement et transport sur place. J'aime aussi raconter les p\u00e9pites urbaines, ces adresses qu'on ne trouve pas dans les guides classiques. Avant de publier un dossier destination, je croise toujours plusieurs sources, je v\u00e9rifie les tarifs et les formalit\u00e9s d'entr\u00e9e \u00e0 jour, et je teste moi-m\u00eame quand je le peux. Mon angle reste pratique avant tout : aider le lecteur \u00e0 partir l'esprit tranquille, sans mauvaise surprise une fois sur place. Je m'attache \u00e0 distinguer le coup de c\u0153ur sinc\u00e8re du simple argument marketing.","sameAs":["https:\/\/camillerouvray.fr\/"],"url":"https:\/\/voyage-aventure.com\/blog\/auteur\/noname\/"}]}},"_links":{"self":[{"href":"https:\/\/voyage-aventure.com\/blog\/wp-json\/wp\/v2\/posts\/16225","targetHints":{"allow":["GET"]}}],"collection":[{"href":"https:\/\/voyage-aventure.com\/blog\/wp-json\/wp\/v2\/posts"}],"about":[{"href":"https:\/\/voyage-aventure.com\/blog\/wp-json\/wp\/v2\/types\/post"}],"author":[{"embeddable":true,"href":"https:\/\/voyage-aventure.com\/blog\/wp-json\/wp\/v2\/users\/34"}],"replies":[{"embeddable":true,"href":"https:\/\/voyage-aventure.com\/blog\/wp-json\/wp\/v2\/comments?post=16225"}],"version-history":[{"count":1,"href":"https:\/\/voyage-aventure.com\/blog\/wp-json\/wp\/v2\/posts\/16225\/revisions"}],"predecessor-version":[{"id":16306,"href":"https:\/\/voyage-aventure.com\/blog\/wp-json\/wp\/v2\/posts\/16225\/revisions\/16306"}],"wp:featuredmedia":[{"embeddable":true,"href":"https:\/\/voyage-aventure.com\/blog\/wp-json\/wp\/v2\/media\/18237"}],"wp:attachment":[{"href":"https:\/\/voyage-aventure.com\/blog\/wp-json\/wp\/v2\/media?parent=16225"}],"wp:term":[{"taxonomy":"category","embeddable":true,"href":"https:\/\/voyage-aventure.com\/blog\/wp-json\/wp\/v2\/categories?post=16225"},{"taxonomy":"post_tag","embeddable":true,"href":"https:\/\/voyage-aventure.com\/blog\/wp-json\/wp\/v2\/tags?post=16225"}],"curies":[{"name":"wp","href":"https:\/\/api.w.org\/{rel}","templated":true}]}}