{"id":16211,"date":"2025-03-24T12:22:10","date_gmt":"2025-03-24T11:22:10","guid":{"rendered":"https:\/\/voyage-aventure.com\/blog\/?p=16211"},"modified":"2025-03-24T10:49:44","modified_gmt":"2025-03-24T09:49:44","slug":"les-gouvernements-europeens-renforcent-les-mises-en-garde-de-voyage-vers-les-etats-unis","status":"publish","type":"post","link":"https:\/\/voyage-aventure.com\/blog\/a-la-une\/les-gouvernements-europeens-renforcent-les-mises-en-garde-de-voyage-vers-les-etats-unis\/","title":{"rendered":"les gouvernements europ\u00e9ens renforcent les mises en garde de voyage vers les \u00c9tats-Unis"},"content":{"rendered":"<h2>Des mises en garde renforc\u00e9es pour les voyageurs europ\u00e9ens<\/h2>\n<p>Suite \u00e0 plusieurs d\u00e9tentions de ressortissants europ\u00e9ens, dont des Allemands et des Britanniques, plusieurs gouvernements ont d\u00e9cid\u00e9 de renforcer leurs conseils de voyage. Cela t\u00e9moigne d&rsquo;une inqui\u00e9tude croissante quant aux proc\u00e9dures d&rsquo;entr\u00e9e aux \u00c9tats-Unis.<\/p>\n<p>Les autorit\u00e9s \u00e9voquent des cas r\u00e9cents o\u00f9 des voyageurs ont \u00e9t\u00e9 plac\u00e9s en d\u00e9tention \u00e0 leur arriv\u00e9e, ce qui a conduit \u00e0 des mises \u00e0 jour des conseils de voyage. Ces \u00e9v\u00e9nements soulignent l&rsquo;importance d&rsquo;une vigilance accrue pour les voyageurs, qui doivent s&rsquo;assurer que leurs documents sont en ordre avant de se rendre aux \u00c9tats-Unis.<\/p>\n<h2>Les alertes des gouvernements europ\u00e9ens<\/h2>\n<p>Le minist\u00e8re des Affaires \u00e9trang\u00e8res allemand a r\u00e9cemment mis \u00e0 jour ses recommandations, avertissant les voyageurs de l&rsquo;augmentation des contr\u00f4les aux points d&rsquo;entr\u00e9e. Le fait que des citoyens allemands aient \u00e9t\u00e9 d\u00e9tenus, m\u00eame ceux titulaires d&rsquo;une carte verte, est un signal d&rsquo;alarme pour les autorit\u00e9s. Les voyageurs sont donc encourag\u00e9s \u00e0 \u00eatre tr\u00e8s prudents et \u00e0 v\u00e9rifier leurs documents.<\/p>\n<p>De la m\u00eame mani\u00e8re, le Royaume-Uni a ajust\u00e9 ses lignes directrices pour rappeler \u00e0 ses citoyens de prendre en compte les exigences strictes d&rsquo;entr\u00e9e. Le Foreign, Commonwealth &amp; Development Office a confirm\u00e9 son soutien \u00e0 un citoyen britannique d\u00e9tenu, mettant en lumi\u00e8re l&rsquo;importance d&rsquo;un dialogue diplomatique dans ces situations difficiles.<\/p>\n<p><iframe loading=\"lazy\" title=\"Emmanuel Macron appelle Washington \u00e0 ne pas faire de l&#039;Europe &quot;une variable d&#039;ajustement&quot;\" width=\"1200\" height=\"675\" src=\"https:\/\/www.youtube.com\/embed\/F6pvs1VEfwM?feature=oembed\" frameborder=\"0\" allow=\"accelerometer; autoplay; clipboard-write; encrypted-media; gyroscope; picture-in-picture; web-share\" referrerpolicy=\"strict-origin-when-cross-origin\" allowfullscreen><\/iframe><\/p>\n<h2>Politique et s\u00e9curit\u00e9 aux \u00c9tats-Unis<\/h2>\n<p>Les avertissements ne se limitent pas aux d\u00e9tentions, mais concernent aussi la situation politique aux \u00c9tats-Unis. La Finlande, par exemple, a recommand\u00e9 \u00e0 ses citoyens d&rsquo;\u00e9viter les manifestations et les foules potentielles, en raison des incertitudes qui entourent les d\u00e9cisions d&rsquo;entr\u00e9e. Les autorit\u00e9s finlandaises craignent que des \u00e9v\u00e9nements politiques puissent d\u00e9g\u00e9n\u00e9rer, mettant ainsi en danger la s\u00e9curit\u00e9 des visiteurs.<\/p>\n<p>En parall\u00e8le, le Danemark a soulign\u00e9 l&rsquo;importance d\u2019avoir des documents d&rsquo;identit\u00e9 conformes, notamment en ce qui concerne les marqueurs de genre. Les d\u00e9saccords sur les documents peuvent entra\u00eener des complications \u00e0 l&rsquo;entr\u00e9e, rendant ces conseils particuli\u00e8rement pertinents pour les voyageurs danois.<\/p>\n<blockquote>\n<p>\u00ab\u00a0Les voyageurs doivent \u00eatre conscients que m\u00eame des documents valides ne garantissent pas une entr\u00e9e sans accroc aux \u00c9tats-Unis,\u00a0\u00bb a d\u00e9clar\u00e9 un responsable du minist\u00e8re des Affaires \u00e9trang\u00e8res finlandais.<\/p>\n<\/blockquote>\n<h2>Conseils pratiques pour les voyageurs<\/h2>\n<p>Face \u00e0 ces avertissements, il est essentiel que les voyageurs prennent des mesures de pr\u00e9caution. Voici quelques recommandations \u00e0 suivre avant de partir pour les \u00c9tats-Unis :<\/p>\n<ul>\n<li>V\u00e9rifiez l&rsquo;authenticit\u00e9 et la validit\u00e9 de vos documents de voyage.<\/li>\n<li>Renseignez-vous sur les exigences d&rsquo;entr\u00e9e actuelles.<\/li>\n<li>\u00c9vitez les zones de manifestations politiques ou \u00e0 forte affluence.<\/li>\n<li>Assurez-vous que vos documents refl\u00e8tent exactement votre identit\u00e9.<\/li>\n<li>Consultez r\u00e9guli\u00e8rement les mises \u00e0 jour de votre gouvernement sur les voyages.<\/li>\n<\/ul>\n<p>Les citoyens europ\u00e9ens et canadiens sont donc invit\u00e9s \u00e0 surveiller attentivement les sites de leurs gouvernements respectifs pour des informations en temps r\u00e9el. La situation actuelle n\u00e9cessite une attention particuli\u00e8re pour garantir une exp\u00e9rience de voyage s\u00fbre et sans encombre aux \u00c9tats-Unis. Le renforcement des conseils de voyage est une r\u00e9ponse directe aux pr\u00e9occupations croissantes concernant le traitement des voyageurs aux fronti\u00e8res am\u00e9ricaines, ce qui souligne l&rsquo;importance d&rsquo;une pr\u00e9paration ad\u00e9quate avant le d\u00e9part.<\/p>\n","protected":false},"excerpt":{"rendered":"","protected":false},"author":34,"featured_media":18257,"comment_status":"open","ping_status":"open","sticky":false,"template":"","format":"standard","meta":{"_acf_changed":false,"manual_indexmenow":false,"indexmenow_id_project":0,"footnotes":""},"categories":[1],"tags":[4680,4713,5688,3170,4635],"class_list":["post-16211","post","type-post","status-publish","format-standard","has-post-thumbnail","hentry","category-a-la-une","tag-conseils","tag-preparation","tag-relations-internationales","tag-securite","tag-voyage","generate-columns","tablet-grid-50","mobile-grid-100","grid-parent","grid-25"],"acf":[],"yoast_head":"<!-- This site is optimized with the Yoast SEO Premium plugin v21.3 (Yoast SEO v25.1) - https:\/\/yoast.com\/wordpress\/plugins\/seo\/ -->\n<title>les gouvernements europ\u00e9ens renforcent les mises en garde<\/title>\n<meta name=\"description\" content=\"Des mises en garde renforc\u00e9es pour les voyageurs europ\u00e9ens Suite \u00e0 plusieurs d\u00e9tentions de ressortissants europ\u00e9ens, dont des Allemands et des\" \/>\n<meta name=\"robots\" content=\"index, follow, max-snippet:-1, max-image-preview:large, max-video-preview:-1\" \/>\n<link rel=\"canonical\" href=\"https:\/\/voyage-aventure.com\/blog\/a-la-une\/les-gouvernements-europeens-renforcent-les-mises-en-garde-de-voyage-vers-les-etats-unis\/\" \/>\n<meta property=\"og:locale\" content=\"fr_FR\" \/>\n<meta property=\"og:type\" content=\"article\" \/>\n<meta property=\"og:title\" content=\"les gouvernements europ\u00e9ens renforcent les mises en garde\" \/>\n<meta property=\"og:description\" content=\"Des mises en garde renforc\u00e9es pour les voyageurs europ\u00e9ens Suite \u00e0 plusieurs d\u00e9tentions de ressortissants europ\u00e9ens, dont des Allemands et des\" \/>\n<meta property=\"og:url\" content=\"https:\/\/voyage-aventure.com\/blog\/a-la-une\/les-gouvernements-europeens-renforcent-les-mises-en-garde-de-voyage-vers-les-etats-unis\/\" \/>\n<meta property=\"og:site_name\" content=\"voyage-aventure\" \/>\n<meta property=\"og:image\" content=\"https:\/\/voyage-aventure.com\/blog\/wp-content\/uploads\/2025\/04\/sdxl-8b52b7e1109ac3bd6dcfa8ce8d8fd685.png\" \/>\n\t<meta property=\"og:image:width\" content=\"1536\" \/>\n\t<meta property=\"og:image:height\" content=\"640\" \/>\n\t<meta property=\"og:image:type\" content=\"image\/png\" \/>\n<meta name=\"author\" content=\"Camille Rouvray\" \/>\n<meta name=\"twitter:card\" content=\"summary_large_image\" \/>\n<script type=\"application\/ld+json\" class=\"yoast-schema-graph\">{\"@context\":\"https:\/\/schema.org\",\"@graph\":[{\"@type\":\"NewsArticle\",\"@id\":\"https:\/\/voyage-aventure.com\/blog\/a-la-une\/les-gouvernements-europeens-renforcent-les-mises-en-garde-de-voyage-vers-les-etats-unis\/#article\",\"isPartOf\":{\"@id\":\"https:\/\/voyage-aventure.com\/blog\/a-la-une\/les-gouvernements-europeens-renforcent-les-mises-en-garde-de-voyage-vers-les-etats-unis\/\"},\"author\":{\"name\":\"Camille Rouvray\",\"@id\":\"https:\/\/voyage-aventure.com\/blog\/#\/schema\/person\/3c864cdc320801e3db34b663e7e3f816\"},\"headline\":\"les gouvernements europ\u00e9ens renforcent les mises en garde de voyage vers les \u00c9tats-Unis\",\"datePublished\":\"2025-03-24T11:22:10+00:00\",\"mainEntityOfPage\":{\"@id\":\"https:\/\/voyage-aventure.com\/blog\/a-la-une\/les-gouvernements-europeens-renforcent-les-mises-en-garde-de-voyage-vers-les-etats-unis\/\"},\"wordCount\":594,\"commentCount\":20,\"publisher\":{\"@id\":\"https:\/\/voyage-aventure.com\/blog\/#organization\"},\"image\":{\"@id\":\"https:\/\/voyage-aventure.com\/blog\/a-la-une\/les-gouvernements-europeens-renforcent-les-mises-en-garde-de-voyage-vers-les-etats-unis\/#primaryimage\"},\"thumbnailUrl\":\"https:\/\/voyage-aventure.com\/blog\/wp-content\/uploads\/2025\/04\/sdxl-8b52b7e1109ac3bd6dcfa8ce8d8fd685.png\",\"keywords\":[\"Conseils\",\"Pr\u00e9paration\",\"Relations Internationales\",\"S\u00e9curit\u00e9\",\"Voyage\"],\"articleSection\":[\"\u00c0 la une\"],\"inLanguage\":\"fr-FR\",\"potentialAction\":[{\"@type\":\"CommentAction\",\"name\":\"Comment\",\"target\":[\"https:\/\/voyage-aventure.com\/blog\/a-la-une\/les-gouvernements-europeens-renforcent-les-mises-en-garde-de-voyage-vers-les-etats-unis\/#respond\"]}]},{\"@type\":\"WebPage\",\"@id\":\"https:\/\/voyage-aventure.com\/blog\/a-la-une\/les-gouvernements-europeens-renforcent-les-mises-en-garde-de-voyage-vers-les-etats-unis\/\",\"url\":\"https:\/\/voyage-aventure.com\/blog\/a-la-une\/les-gouvernements-europeens-renforcent-les-mises-en-garde-de-voyage-vers-les-etats-unis\/\",\"name\":\"les gouvernements europ\u00e9ens renforcent les mises en garde\",\"isPartOf\":{\"@id\":\"https:\/\/voyage-aventure.com\/blog\/#website\"},\"primaryImageOfPage\":{\"@id\":\"https:\/\/voyage-aventure.com\/blog\/a-la-une\/les-gouvernements-europeens-renforcent-les-mises-en-garde-de-voyage-vers-les-etats-unis\/#primaryimage\"},\"image\":{\"@id\":\"https:\/\/voyage-aventure.com\/blog\/a-la-une\/les-gouvernements-europeens-renforcent-les-mises-en-garde-de-voyage-vers-les-etats-unis\/#primaryimage\"},\"thumbnailUrl\":\"https:\/\/voyage-aventure.com\/blog\/wp-content\/uploads\/2025\/04\/sdxl-8b52b7e1109ac3bd6dcfa8ce8d8fd685.png\",\"datePublished\":\"2025-03-24T11:22:10+00:00\",\"description\":\"Des mises en garde renforc\u00e9es pour les voyageurs europ\u00e9ens Suite \u00e0 plusieurs d\u00e9tentions de ressortissants europ\u00e9ens, dont des Allemands et des\",\"inLanguage\":\"fr-FR\",\"potentialAction\":[{\"@type\":\"ReadAction\",\"target\":[\"https:\/\/voyage-aventure.com\/blog\/a-la-une\/les-gouvernements-europeens-renforcent-les-mises-en-garde-de-voyage-vers-les-etats-unis\/\"]}]},{\"@type\":\"ImageObject\",\"inLanguage\":\"fr-FR\",\"@id\":\"https:\/\/voyage-aventure.com\/blog\/a-la-une\/les-gouvernements-europeens-renforcent-les-mises-en-garde-de-voyage-vers-les-etats-unis\/#primaryimage\",\"url\":\"https:\/\/voyage-aventure.com\/blog\/wp-content\/uploads\/2025\/04\/sdxl-8b52b7e1109ac3bd6dcfa8ce8d8fd685.png\",\"contentUrl\":\"https:\/\/voyage-aventure.com\/blog\/wp-content\/uploads\/2025\/04\/sdxl-8b52b7e1109ac3bd6dcfa8ce8d8fd685.png\",\"width\":1536,\"height\":640},{\"@type\":\"WebSite\",\"@id\":\"https:\/\/voyage-aventure.com\/blog\/#website\",\"url\":\"https:\/\/voyage-aventure.com\/blog\/\",\"name\":\"voyage-aventure.com\",\"description\":\"Votre passeport pour l\u2019inattendu.\",\"publisher\":{\"@id\":\"https:\/\/voyage-aventure.com\/blog\/#organization\"},\"alternateName\":\"Votre passeport pour l\u2019inattendu.\",\"potentialAction\":[{\"@type\":\"SearchAction\",\"target\":{\"@type\":\"EntryPoint\",\"urlTemplate\":\"https:\/\/voyage-aventure.com\/blog\/?s={search_term_string}\"},\"query-input\":{\"@type\":\"PropertyValueSpecification\",\"valueRequired\":true,\"valueName\":\"search_term_string\"}}],\"inLanguage\":\"fr-FR\"},{\"@type\":\"Organization\",\"@id\":\"https:\/\/voyage-aventure.com\/blog\/#organization\",\"name\":\"Foretsensations.fr\",\"url\":\"https:\/\/voyage-aventure.com\/blog\/\",\"logo\":{\"@type\":\"ImageObject\",\"inLanguage\":\"fr-FR\",\"@id\":\"https:\/\/voyage-aventure.com\/blog\/#\/schema\/logo\/image\/\",\"url\":\"https:\/\/voyage-aventure.com\/blog\/wp-content\/uploads\/2024\/12\/19.png\",\"contentUrl\":\"https:\/\/voyage-aventure.com\/blog\/wp-content\/uploads\/2024\/12\/19.png\",\"width\":512,\"height\":512,\"caption\":\"Foretsensations.fr\"},\"image\":{\"@id\":\"https:\/\/voyage-aventure.com\/blog\/#\/schema\/logo\/image\/\"}},{\"@type\":\"Person\",\"@id\":\"https:\/\/voyage-aventure.com\/blog\/#\/schema\/person\/3c864cdc320801e3db34b663e7e3f816\",\"name\":\"Camille Rouvray\",\"image\":{\"@type\":\"ImageObject\",\"inLanguage\":\"fr-FR\",\"@id\":\"https:\/\/voyage-aventure.com\/blog\/#\/schema\/person\/image\/\",\"url\":\"https:\/\/voyage-aventure.com\/blog\/wp-content\/uploads\/2026\/06\/persona_camille-r-96x96.jpg\",\"contentUrl\":\"https:\/\/voyage-aventure.com\/blog\/wp-content\/uploads\/2026\/06\/persona_camille-r-96x96.jpg\",\"caption\":\"Camille Rouvray\"},\"description\":\"Je voyage et j'\u00e9cris sur le voyage depuis une douzaine d'ann\u00e9es, d'abord en tant que routarde au long cours, puis comme r\u00e9dactrice sp\u00e9cialis\u00e9e. Mon terrain de pr\u00e9dilection, ce sont les circuits organis\u00e9s et l'art de bien pr\u00e9parer un itin\u00e9raire : choix de la saison, dur\u00e9e r\u00e9aliste des \u00e9tapes, budget jour par jour, logement et transport sur place. J'aime aussi raconter les p\u00e9pites urbaines, ces adresses qu'on ne trouve pas dans les guides classiques. Avant de publier un dossier destination, je croise toujours plusieurs sources, je v\u00e9rifie les tarifs et les formalit\u00e9s d'entr\u00e9e \u00e0 jour, et je teste moi-m\u00eame quand je le peux. Mon angle reste pratique avant tout : aider le lecteur \u00e0 partir l'esprit tranquille, sans mauvaise surprise une fois sur place. Je m'attache \u00e0 distinguer le coup de c\u0153ur sinc\u00e8re du simple argument marketing.\",\"sameAs\":[\"https:\/\/camillerouvray.fr\/\"],\"url\":\"https:\/\/voyage-aventure.com\/blog\/auteur\/noname\/\"}]}<\/script>\n<!-- \/ Yoast SEO Premium plugin. -->","yoast_head_json":{"title":"les gouvernements europ\u00e9ens renforcent les mises en garde","description":"Des mises en garde renforc\u00e9es pour les voyageurs europ\u00e9ens Suite \u00e0 plusieurs d\u00e9tentions de ressortissants europ\u00e9ens, dont des Allemands et des","robots":{"index":"index","follow":"follow","max-snippet":"max-snippet:-1","max-image-preview":"max-image-preview:large","max-video-preview":"max-video-preview:-1"},"canonical":"https:\/\/voyage-aventure.com\/blog\/a-la-une\/les-gouvernements-europeens-renforcent-les-mises-en-garde-de-voyage-vers-les-etats-unis\/","og_locale":"fr_FR","og_type":"article","og_title":"les gouvernements europ\u00e9ens renforcent les mises en garde","og_description":"Des mises en garde renforc\u00e9es pour les voyageurs europ\u00e9ens Suite \u00e0 plusieurs d\u00e9tentions de ressortissants europ\u00e9ens, dont des Allemands et des","og_url":"https:\/\/voyage-aventure.com\/blog\/a-la-une\/les-gouvernements-europeens-renforcent-les-mises-en-garde-de-voyage-vers-les-etats-unis\/","og_site_name":"voyage-aventure","og_image":[{"width":1536,"height":640,"url":"https:\/\/voyage-aventure.com\/blog\/wp-content\/uploads\/2025\/04\/sdxl-8b52b7e1109ac3bd6dcfa8ce8d8fd685.png","type":"image\/png"}],"author":"Camille Rouvray","twitter_card":"summary_large_image","schema":{"@context":"https:\/\/schema.org","@graph":[{"@type":"NewsArticle","@id":"https:\/\/voyage-aventure.com\/blog\/a-la-une\/les-gouvernements-europeens-renforcent-les-mises-en-garde-de-voyage-vers-les-etats-unis\/#article","isPartOf":{"@id":"https:\/\/voyage-aventure.com\/blog\/a-la-une\/les-gouvernements-europeens-renforcent-les-mises-en-garde-de-voyage-vers-les-etats-unis\/"},"author":{"name":"Camille Rouvray","@id":"https:\/\/voyage-aventure.com\/blog\/#\/schema\/person\/3c864cdc320801e3db34b663e7e3f816"},"headline":"les gouvernements europ\u00e9ens renforcent les mises en garde de voyage vers les \u00c9tats-Unis","datePublished":"2025-03-24T11:22:10+00:00","mainEntityOfPage":{"@id":"https:\/\/voyage-aventure.com\/blog\/a-la-une\/les-gouvernements-europeens-renforcent-les-mises-en-garde-de-voyage-vers-les-etats-unis\/"},"wordCount":594,"commentCount":20,"publisher":{"@id":"https:\/\/voyage-aventure.com\/blog\/#organization"},"image":{"@id":"https:\/\/voyage-aventure.com\/blog\/a-la-une\/les-gouvernements-europeens-renforcent-les-mises-en-garde-de-voyage-vers-les-etats-unis\/#primaryimage"},"thumbnailUrl":"https:\/\/voyage-aventure.com\/blog\/wp-content\/uploads\/2025\/04\/sdxl-8b52b7e1109ac3bd6dcfa8ce8d8fd685.png","keywords":["Conseils","Pr\u00e9paration","Relations Internationales","S\u00e9curit\u00e9","Voyage"],"articleSection":["\u00c0 la une"],"inLanguage":"fr-FR","potentialAction":[{"@type":"CommentAction","name":"Comment","target":["https:\/\/voyage-aventure.com\/blog\/a-la-une\/les-gouvernements-europeens-renforcent-les-mises-en-garde-de-voyage-vers-les-etats-unis\/#respond"]}]},{"@type":"WebPage","@id":"https:\/\/voyage-aventure.com\/blog\/a-la-une\/les-gouvernements-europeens-renforcent-les-mises-en-garde-de-voyage-vers-les-etats-unis\/","url":"https:\/\/voyage-aventure.com\/blog\/a-la-une\/les-gouvernements-europeens-renforcent-les-mises-en-garde-de-voyage-vers-les-etats-unis\/","name":"les gouvernements europ\u00e9ens renforcent les mises en garde","isPartOf":{"@id":"https:\/\/voyage-aventure.com\/blog\/#website"},"primaryImageOfPage":{"@id":"https:\/\/voyage-aventure.com\/blog\/a-la-une\/les-gouvernements-europeens-renforcent-les-mises-en-garde-de-voyage-vers-les-etats-unis\/#primaryimage"},"image":{"@id":"https:\/\/voyage-aventure.com\/blog\/a-la-une\/les-gouvernements-europeens-renforcent-les-mises-en-garde-de-voyage-vers-les-etats-unis\/#primaryimage"},"thumbnailUrl":"https:\/\/voyage-aventure.com\/blog\/wp-content\/uploads\/2025\/04\/sdxl-8b52b7e1109ac3bd6dcfa8ce8d8fd685.png","datePublished":"2025-03-24T11:22:10+00:00","description":"Des mises en garde renforc\u00e9es pour les voyageurs europ\u00e9ens Suite \u00e0 plusieurs d\u00e9tentions de ressortissants europ\u00e9ens, dont des Allemands et des","inLanguage":"fr-FR","potentialAction":[{"@type":"ReadAction","target":["https:\/\/voyage-aventure.com\/blog\/a-la-une\/les-gouvernements-europeens-renforcent-les-mises-en-garde-de-voyage-vers-les-etats-unis\/"]}]},{"@type":"ImageObject","inLanguage":"fr-FR","@id":"https:\/\/voyage-aventure.com\/blog\/a-la-une\/les-gouvernements-europeens-renforcent-les-mises-en-garde-de-voyage-vers-les-etats-unis\/#primaryimage","url":"https:\/\/voyage-aventure.com\/blog\/wp-content\/uploads\/2025\/04\/sdxl-8b52b7e1109ac3bd6dcfa8ce8d8fd685.png","contentUrl":"https:\/\/voyage-aventure.com\/blog\/wp-content\/uploads\/2025\/04\/sdxl-8b52b7e1109ac3bd6dcfa8ce8d8fd685.png","width":1536,"height":640},{"@type":"WebSite","@id":"https:\/\/voyage-aventure.com\/blog\/#website","url":"https:\/\/voyage-aventure.com\/blog\/","name":"voyage-aventure.com","description":"Votre passeport pour l\u2019inattendu.","publisher":{"@id":"https:\/\/voyage-aventure.com\/blog\/#organization"},"alternateName":"Votre passeport pour l\u2019inattendu.","potentialAction":[{"@type":"SearchAction","target":{"@type":"EntryPoint","urlTemplate":"https:\/\/voyage-aventure.com\/blog\/?s={search_term_string}"},"query-input":{"@type":"PropertyValueSpecification","valueRequired":true,"valueName":"search_term_string"}}],"inLanguage":"fr-FR"},{"@type":"Organization","@id":"https:\/\/voyage-aventure.com\/blog\/#organization","name":"Foretsensations.fr","url":"https:\/\/voyage-aventure.com\/blog\/","logo":{"@type":"ImageObject","inLanguage":"fr-FR","@id":"https:\/\/voyage-aventure.com\/blog\/#\/schema\/logo\/image\/","url":"https:\/\/voyage-aventure.com\/blog\/wp-content\/uploads\/2024\/12\/19.png","contentUrl":"https:\/\/voyage-aventure.com\/blog\/wp-content\/uploads\/2024\/12\/19.png","width":512,"height":512,"caption":"Foretsensations.fr"},"image":{"@id":"https:\/\/voyage-aventure.com\/blog\/#\/schema\/logo\/image\/"}},{"@type":"Person","@id":"https:\/\/voyage-aventure.com\/blog\/#\/schema\/person\/3c864cdc320801e3db34b663e7e3f816","name":"Camille Rouvray","image":{"@type":"ImageObject","inLanguage":"fr-FR","@id":"https:\/\/voyage-aventure.com\/blog\/#\/schema\/person\/image\/","url":"https:\/\/voyage-aventure.com\/blog\/wp-content\/uploads\/2026\/06\/persona_camille-r-96x96.jpg","contentUrl":"https:\/\/voyage-aventure.com\/blog\/wp-content\/uploads\/2026\/06\/persona_camille-r-96x96.jpg","caption":"Camille Rouvray"},"description":"Je voyage et j'\u00e9cris sur le voyage depuis une douzaine d'ann\u00e9es, d'abord en tant que routarde au long cours, puis comme r\u00e9dactrice sp\u00e9cialis\u00e9e. Mon terrain de pr\u00e9dilection, ce sont les circuits organis\u00e9s et l'art de bien pr\u00e9parer un itin\u00e9raire : choix de la saison, dur\u00e9e r\u00e9aliste des \u00e9tapes, budget jour par jour, logement et transport sur place. J'aime aussi raconter les p\u00e9pites urbaines, ces adresses qu'on ne trouve pas dans les guides classiques. Avant de publier un dossier destination, je croise toujours plusieurs sources, je v\u00e9rifie les tarifs et les formalit\u00e9s d'entr\u00e9e \u00e0 jour, et je teste moi-m\u00eame quand je le peux. Mon angle reste pratique avant tout : aider le lecteur \u00e0 partir l'esprit tranquille, sans mauvaise surprise une fois sur place. Je m'attache \u00e0 distinguer le coup de c\u0153ur sinc\u00e8re du simple argument marketing.","sameAs":["https:\/\/camillerouvray.fr\/"],"url":"https:\/\/voyage-aventure.com\/blog\/auteur\/noname\/"}]}},"_links":{"self":[{"href":"https:\/\/voyage-aventure.com\/blog\/wp-json\/wp\/v2\/posts\/16211","targetHints":{"allow":["GET"]}}],"collection":[{"href":"https:\/\/voyage-aventure.com\/blog\/wp-json\/wp\/v2\/posts"}],"about":[{"href":"https:\/\/voyage-aventure.com\/blog\/wp-json\/wp\/v2\/types\/post"}],"author":[{"embeddable":true,"href":"https:\/\/voyage-aventure.com\/blog\/wp-json\/wp\/v2\/users\/34"}],"replies":[{"embeddable":true,"href":"https:\/\/voyage-aventure.com\/blog\/wp-json\/wp\/v2\/comments?post=16211"}],"version-history":[{"count":1,"href":"https:\/\/voyage-aventure.com\/blog\/wp-json\/wp\/v2\/posts\/16211\/revisions"}],"predecessor-version":[{"id":16222,"href":"https:\/\/voyage-aventure.com\/blog\/wp-json\/wp\/v2\/posts\/16211\/revisions\/16222"}],"wp:featuredmedia":[{"embeddable":true,"href":"https:\/\/voyage-aventure.com\/blog\/wp-json\/wp\/v2\/media\/18257"}],"wp:attachment":[{"href":"https:\/\/voyage-aventure.com\/blog\/wp-json\/wp\/v2\/media?parent=16211"}],"wp:term":[{"taxonomy":"category","embeddable":true,"href":"https:\/\/voyage-aventure.com\/blog\/wp-json\/wp\/v2\/categories?post=16211"},{"taxonomy":"post_tag","embeddable":true,"href":"https:\/\/voyage-aventure.com\/blog\/wp-json\/wp\/v2\/tags?post=16211"}],"curies":[{"name":"wp","href":"https:\/\/api.w.org\/{rel}","templated":true}]}}