{"id":16191,"date":"2025-03-26T08:31:35","date_gmt":"2025-03-26T07:31:35","guid":{"rendered":"https:\/\/voyage-aventure.com\/blog\/?p=16191"},"modified":"2025-03-26T08:31:35","modified_gmt":"2025-03-26T07:31:35","slug":"des-leaders-autochtones-concluent-un-voyage-mondial-par-une-priere-pour-la-nature","status":"publish","type":"post","link":"https:\/\/voyage-aventure.com\/blog\/destinations-aventure\/des-leaders-autochtones-concluent-un-voyage-mondial-par-une-priere-pour-la-nature\/","title":{"rendered":"Des leaders autochtones concluent un voyage mondial par une pri\u00e8re pour la nature"},"content":{"rendered":"<h2>Un voyage symbolique pour la terre<\/h2>\n<p>Les leaders autochtones du monde entier ont r\u00e9cemment achev\u00e9 un voyage symbolique \u00e0 travers plusieurs continents, apportant un message puissant de protection de la nature. Ces dirigeants, repr\u00e9sentant diverses cultures et traditions, ont parcouru des milliers de kilom\u00e8tres pour rappeler l&rsquo;importance de la pr\u00e9servation de notre plan\u00e8te. Leur p\u00e9riple a \u00e9t\u00e9 marqu\u00e9 par des moments de partage, de dialogue et de pri\u00e8re, soulignant le lien sacr\u00e9 entre l&rsquo;humanit\u00e9 et la terre.<\/p>\n<p>Ce voyage a \u00e9galement \u00e9t\u00e9 une occasion de sensibiliser le public aux enjeux environnementaux qui menacent notre \u00e9cosyst\u00e8me. En utilisant leur sagesse ancestrale, ces leaders ont partag\u00e9 des r\u00e9cits sur la mani\u00e8re dont leurs communaut\u00e9s ont longtemps v\u00e9cu en harmonie avec la nature. Leur message r\u00e9sonne aujourd&rsquo;hui plus que jamais, face aux d\u00e9fis environnementaux croissants.<\/p>\n<h2>Une pri\u00e8re pour l&rsquo;avenir de la plan\u00e8te<\/h2>\n<p>Au terme de leur voyage, les leaders ont organis\u00e9 une c\u00e9r\u00e9monie de pri\u00e8re, un moment de recueillement et de r\u00e9flexion sur l\u2019avenir de notre plan\u00e8te. Cette pri\u00e8re a \u00e9t\u00e9 un appel \u00e0 l\u2019action, incitant chacun \u00e0 prendre conscience de l&rsquo;impact de ses actions sur l&rsquo;environnement. Les participants ont \u00e9t\u00e9 invit\u00e9s \u00e0 m\u00e9diter sur leurs responsabilit\u00e9s vis-\u00e0-vis de la nature et \u00e0 s&rsquo;engager \u00e0 prot\u00e9ger les ressources de la plan\u00e8te.<\/p>\n<p>Les c\u00e9r\u00e9monies ont \u00e9galement inclus des chants traditionnels et des rituels symboliques, renfor\u00e7ant l&rsquo;id\u00e9e que la spiritualit\u00e9 et la nature sont intrins\u00e8quement li\u00e9es. En exprimant leur gratitude envers la terre, les leaders ont encourag\u00e9 les participants \u00e0 \u00e9tablir un lien plus profond avec leur environnement. Cette d\u00e9marche spirituelle vise \u00e0 \u00e9veiller les consciences et \u00e0 inciter chacun \u00e0 agir pour un avenir durable.<\/p>\n<h2>Les actions concr\u00e8tes \u00e0 entreprendre<\/h2>\n<p>Pour renforcer le message v\u00e9hicul\u00e9 durant ce voyage, il est crucial d&rsquo;adopter des pratiques durables au quotidien. Voici quelques actions que chacun peut entreprendre pour contribuer \u00e0 la protection de notre environnement :<\/p>\n<ul>\n<li>R\u00e9duire sa consommation de plastique en privil\u00e9giant des alternatives durables.<\/li>\n<li>Participer \u00e0 des initiatives de nettoyage des espaces naturels dans sa communaut\u00e9.<\/li>\n<li>\u00c9duquer les jeunes g\u00e9n\u00e9rations sur l&rsquo;importance de la pr\u00e9servation de la nature.<\/li>\n<li>Choisir des modes de transport \u00e9cologiques, comme le v\u00e9lo ou les transports en commun.<\/li>\n<li>Soutenir des organisations locales d\u00e9di\u00e9es \u00e0 la protection de l&rsquo;environnement.<\/li>\n<\/ul>\n<p>Ces gestes, bien que simples, peuvent avoir un impact significatif sur la sant\u00e9 de notre plan\u00e8te. En s&rsquo;engageant \u00e0 agir, chacun peut participer \u00e0 la pr\u00e9servation de notre \u00e9cosyst\u00e8me et \u00e0 la lutte contre le changement climatique.<\/p>\n<blockquote><p>\n\u00ab\u00a0Nous sommes les gardiens de la terre, et il est de notre devoir de la prot\u00e9ger pour les g\u00e9n\u00e9rations futures.\u00a0\u00bb &#8211; Un leader autochtone\n<\/p><\/blockquote>\n<p>La voix des leaders autochtones est essentielle dans la lutte pour la justice environnementale. Leur sagesse et leurs connaissances traditionnelles offrent des perspectives pr\u00e9cieuses sur la fa\u00e7on de vivre en harmonie avec la nature. En soutenant ces voix, nous pouvons apprendre \u00e0 mieux respecter la terre et \u00e0 pr\u00e9server sa beaut\u00e9 pour les g\u00e9n\u00e9rations \u00e0 venir.<\/p>\n<p>La conclusion de ce voyage est un appel \u00e0 l&rsquo;unit\u00e9 et \u00e0 la responsabilit\u00e9 collective. Il est temps que chacun prenne conscience de l&rsquo;importance de son r\u00f4le dans la protection de notre plan\u00e8te. En s&rsquo;inspirant des leaders autochtones, nous pouvons tous devenir des d\u00e9fenseurs de la nature, en \u0153uvrant ensemble pour un avenir durable et respectueux de notre environnement.<\/p>\n","protected":false},"excerpt":{"rendered":"","protected":false},"author":34,"featured_media":19586,"comment_status":"open","ping_status":"open","sticky":false,"template":"","format":"standard","meta":{"_acf_changed":false,"manual_indexmenow":false,"indexmenow_id_project":0,"footnotes":""},"categories":[4520],"tags":[4527,4388,4385,3878,4551],"class_list":["post-16191","post","type-post","status-publish","format-standard","has-post-thumbnail","hentry","category-destinations-aventure","tag-decouverte-culturelle","tag-ecosysteme-sain","tag-pratiques-durables","tag-protection","tag-voyage-solidaire","generate-columns","tablet-grid-50","mobile-grid-100","grid-parent","grid-25"],"acf":[],"yoast_head":"<!-- This site is optimized with the Yoast SEO Premium plugin v21.3 (Yoast SEO v25.1) - https:\/\/yoast.com\/wordpress\/plugins\/seo\/ -->\n<title>Des leaders autochtones concluent un voyage mondial par une<\/title>\n<meta name=\"description\" content=\"Les leaders autochtones du monde entier ont r\u00e9cemment achev\u00e9 un voyage symbolique \u00e0 travers plusieurs continents, apportant un message puissant de\" \/>\n<meta name=\"robots\" content=\"index, follow, max-snippet:-1, max-image-preview:large, max-video-preview:-1\" \/>\n<link rel=\"canonical\" href=\"https:\/\/voyage-aventure.com\/blog\/destinations-aventure\/des-leaders-autochtones-concluent-un-voyage-mondial-par-une-priere-pour-la-nature\/\" \/>\n<meta property=\"og:locale\" content=\"fr_FR\" \/>\n<meta property=\"og:type\" content=\"article\" \/>\n<meta property=\"og:title\" content=\"Des leaders autochtones concluent un voyage mondial par une\" \/>\n<meta property=\"og:description\" content=\"Les leaders autochtones du monde entier ont r\u00e9cemment achev\u00e9 un voyage symbolique \u00e0 travers plusieurs continents, apportant un message puissant de\" \/>\n<meta property=\"og:url\" content=\"https:\/\/voyage-aventure.com\/blog\/destinations-aventure\/des-leaders-autochtones-concluent-un-voyage-mondial-par-une-priere-pour-la-nature\/\" \/>\n<meta property=\"og:site_name\" content=\"voyage-aventure\" \/>\n<meta property=\"og:image\" content=\"https:\/\/voyage-aventure.com\/blog\/wp-content\/uploads\/2025\/05\/sdxl-ae287a27127d246a91a65c08f5a763c7-scaled.png\" \/>\n\t<meta property=\"og:image:width\" content=\"1200\" \/>\n\t<meta property=\"og:image:height\" content=\"500\" \/>\n\t<meta property=\"og:image:type\" content=\"image\/png\" \/>\n<meta name=\"author\" content=\"Camille Rouvray\" \/>\n<meta name=\"twitter:card\" content=\"summary_large_image\" \/>\n<script type=\"application\/ld+json\" class=\"yoast-schema-graph\">{\"@context\":\"https:\/\/schema.org\",\"@graph\":[{\"@type\":\"NewsArticle\",\"@id\":\"https:\/\/voyage-aventure.com\/blog\/destinations-aventure\/des-leaders-autochtones-concluent-un-voyage-mondial-par-une-priere-pour-la-nature\/#article\",\"isPartOf\":{\"@id\":\"https:\/\/voyage-aventure.com\/blog\/destinations-aventure\/des-leaders-autochtones-concluent-un-voyage-mondial-par-une-priere-pour-la-nature\/\"},\"author\":{\"name\":\"Camille Rouvray\",\"@id\":\"https:\/\/voyage-aventure.com\/blog\/#\/schema\/person\/3c864cdc320801e3db34b663e7e3f816\"},\"headline\":\"Des leaders autochtones concluent un voyage mondial par une pri\u00e8re pour la nature\",\"datePublished\":\"2025-03-26T07:31:35+00:00\",\"mainEntityOfPage\":{\"@id\":\"https:\/\/voyage-aventure.com\/blog\/destinations-aventure\/des-leaders-autochtones-concluent-un-voyage-mondial-par-une-priere-pour-la-nature\/\"},\"wordCount\":610,\"commentCount\":22,\"publisher\":{\"@id\":\"https:\/\/voyage-aventure.com\/blog\/#organization\"},\"image\":{\"@id\":\"https:\/\/voyage-aventure.com\/blog\/destinations-aventure\/des-leaders-autochtones-concluent-un-voyage-mondial-par-une-priere-pour-la-nature\/#primaryimage\"},\"thumbnailUrl\":\"https:\/\/voyage-aventure.com\/blog\/wp-content\/uploads\/2025\/05\/sdxl-ae287a27127d246a91a65c08f5a763c7-scaled.png\",\"keywords\":[\"D\u00e9couverte Culturelle\",\"\u00c9cosyst\u00e8me Sain\",\"Pratiques Durables\",\"Protection\",\"Voyage solidaire\"],\"articleSection\":[\"Destinations Aventure\"],\"inLanguage\":\"fr-FR\",\"potentialAction\":[{\"@type\":\"CommentAction\",\"name\":\"Comment\",\"target\":[\"https:\/\/voyage-aventure.com\/blog\/destinations-aventure\/des-leaders-autochtones-concluent-un-voyage-mondial-par-une-priere-pour-la-nature\/#respond\"]}]},{\"@type\":\"WebPage\",\"@id\":\"https:\/\/voyage-aventure.com\/blog\/destinations-aventure\/des-leaders-autochtones-concluent-un-voyage-mondial-par-une-priere-pour-la-nature\/\",\"url\":\"https:\/\/voyage-aventure.com\/blog\/destinations-aventure\/des-leaders-autochtones-concluent-un-voyage-mondial-par-une-priere-pour-la-nature\/\",\"name\":\"Des leaders autochtones concluent un voyage mondial par une\",\"isPartOf\":{\"@id\":\"https:\/\/voyage-aventure.com\/blog\/#website\"},\"primaryImageOfPage\":{\"@id\":\"https:\/\/voyage-aventure.com\/blog\/destinations-aventure\/des-leaders-autochtones-concluent-un-voyage-mondial-par-une-priere-pour-la-nature\/#primaryimage\"},\"image\":{\"@id\":\"https:\/\/voyage-aventure.com\/blog\/destinations-aventure\/des-leaders-autochtones-concluent-un-voyage-mondial-par-une-priere-pour-la-nature\/#primaryimage\"},\"thumbnailUrl\":\"https:\/\/voyage-aventure.com\/blog\/wp-content\/uploads\/2025\/05\/sdxl-ae287a27127d246a91a65c08f5a763c7-scaled.png\",\"datePublished\":\"2025-03-26T07:31:35+00:00\",\"description\":\"Les leaders autochtones du monde entier ont r\u00e9cemment achev\u00e9 un voyage symbolique \u00e0 travers plusieurs continents, apportant un message puissant de\",\"inLanguage\":\"fr-FR\",\"potentialAction\":[{\"@type\":\"ReadAction\",\"target\":[\"https:\/\/voyage-aventure.com\/blog\/destinations-aventure\/des-leaders-autochtones-concluent-un-voyage-mondial-par-une-priere-pour-la-nature\/\"]}]},{\"@type\":\"ImageObject\",\"inLanguage\":\"fr-FR\",\"@id\":\"https:\/\/voyage-aventure.com\/blog\/destinations-aventure\/des-leaders-autochtones-concluent-un-voyage-mondial-par-une-priere-pour-la-nature\/#primaryimage\",\"url\":\"https:\/\/voyage-aventure.com\/blog\/wp-content\/uploads\/2025\/05\/sdxl-ae287a27127d246a91a65c08f5a763c7-scaled.png\",\"contentUrl\":\"https:\/\/voyage-aventure.com\/blog\/wp-content\/uploads\/2025\/05\/sdxl-ae287a27127d246a91a65c08f5a763c7-scaled.png\",\"width\":1200,\"height\":500},{\"@type\":\"WebSite\",\"@id\":\"https:\/\/voyage-aventure.com\/blog\/#website\",\"url\":\"https:\/\/voyage-aventure.com\/blog\/\",\"name\":\"voyage-aventure.com\",\"description\":\"Votre passeport pour l\u2019inattendu.\",\"publisher\":{\"@id\":\"https:\/\/voyage-aventure.com\/blog\/#organization\"},\"alternateName\":\"Votre passeport pour l\u2019inattendu.\",\"potentialAction\":[{\"@type\":\"SearchAction\",\"target\":{\"@type\":\"EntryPoint\",\"urlTemplate\":\"https:\/\/voyage-aventure.com\/blog\/?s={search_term_string}\"},\"query-input\":{\"@type\":\"PropertyValueSpecification\",\"valueRequired\":true,\"valueName\":\"search_term_string\"}}],\"inLanguage\":\"fr-FR\"},{\"@type\":\"Organization\",\"@id\":\"https:\/\/voyage-aventure.com\/blog\/#organization\",\"name\":\"Foretsensations.fr\",\"url\":\"https:\/\/voyage-aventure.com\/blog\/\",\"logo\":{\"@type\":\"ImageObject\",\"inLanguage\":\"fr-FR\",\"@id\":\"https:\/\/voyage-aventure.com\/blog\/#\/schema\/logo\/image\/\",\"url\":\"https:\/\/voyage-aventure.com\/blog\/wp-content\/uploads\/2024\/12\/19.png\",\"contentUrl\":\"https:\/\/voyage-aventure.com\/blog\/wp-content\/uploads\/2024\/12\/19.png\",\"width\":512,\"height\":512,\"caption\":\"Foretsensations.fr\"},\"image\":{\"@id\":\"https:\/\/voyage-aventure.com\/blog\/#\/schema\/logo\/image\/\"}},{\"@type\":\"Person\",\"@id\":\"https:\/\/voyage-aventure.com\/blog\/#\/schema\/person\/3c864cdc320801e3db34b663e7e3f816\",\"name\":\"Camille Rouvray\",\"image\":{\"@type\":\"ImageObject\",\"inLanguage\":\"fr-FR\",\"@id\":\"https:\/\/voyage-aventure.com\/blog\/#\/schema\/person\/image\/\",\"url\":\"https:\/\/voyage-aventure.com\/blog\/wp-content\/uploads\/2026\/06\/persona_camille-r-96x96.jpg\",\"contentUrl\":\"https:\/\/voyage-aventure.com\/blog\/wp-content\/uploads\/2026\/06\/persona_camille-r-96x96.jpg\",\"caption\":\"Camille Rouvray\"},\"description\":\"Je voyage et j'\u00e9cris sur le voyage depuis une douzaine d'ann\u00e9es, d'abord en tant que routarde au long cours, puis comme r\u00e9dactrice sp\u00e9cialis\u00e9e. Mon terrain de pr\u00e9dilection, ce sont les circuits organis\u00e9s et l'art de bien pr\u00e9parer un itin\u00e9raire : choix de la saison, dur\u00e9e r\u00e9aliste des \u00e9tapes, budget jour par jour, logement et transport sur place. J'aime aussi raconter les p\u00e9pites urbaines, ces adresses qu'on ne trouve pas dans les guides classiques. Avant de publier un dossier destination, je croise toujours plusieurs sources, je v\u00e9rifie les tarifs et les formalit\u00e9s d'entr\u00e9e \u00e0 jour, et je teste moi-m\u00eame quand je le peux. Mon angle reste pratique avant tout : aider le lecteur \u00e0 partir l'esprit tranquille, sans mauvaise surprise une fois sur place. Je m'attache \u00e0 distinguer le coup de c\u0153ur sinc\u00e8re du simple argument marketing.\",\"sameAs\":[\"https:\/\/camillerouvray.fr\/\"],\"url\":\"https:\/\/voyage-aventure.com\/blog\/auteur\/noname\/\"}]}<\/script>\n<!-- \/ Yoast SEO Premium plugin. -->","yoast_head_json":{"title":"Des leaders autochtones concluent un voyage mondial par une","description":"Les leaders autochtones du monde entier ont r\u00e9cemment achev\u00e9 un voyage symbolique \u00e0 travers plusieurs continents, apportant un message puissant de","robots":{"index":"index","follow":"follow","max-snippet":"max-snippet:-1","max-image-preview":"max-image-preview:large","max-video-preview":"max-video-preview:-1"},"canonical":"https:\/\/voyage-aventure.com\/blog\/destinations-aventure\/des-leaders-autochtones-concluent-un-voyage-mondial-par-une-priere-pour-la-nature\/","og_locale":"fr_FR","og_type":"article","og_title":"Des leaders autochtones concluent un voyage mondial par une","og_description":"Les leaders autochtones du monde entier ont r\u00e9cemment achev\u00e9 un voyage symbolique \u00e0 travers plusieurs continents, apportant un message puissant de","og_url":"https:\/\/voyage-aventure.com\/blog\/destinations-aventure\/des-leaders-autochtones-concluent-un-voyage-mondial-par-une-priere-pour-la-nature\/","og_site_name":"voyage-aventure","og_image":[{"width":1200,"height":500,"url":"https:\/\/voyage-aventure.com\/blog\/wp-content\/uploads\/2025\/05\/sdxl-ae287a27127d246a91a65c08f5a763c7-scaled.png","type":"image\/png"}],"author":"Camille Rouvray","twitter_card":"summary_large_image","schema":{"@context":"https:\/\/schema.org","@graph":[{"@type":"NewsArticle","@id":"https:\/\/voyage-aventure.com\/blog\/destinations-aventure\/des-leaders-autochtones-concluent-un-voyage-mondial-par-une-priere-pour-la-nature\/#article","isPartOf":{"@id":"https:\/\/voyage-aventure.com\/blog\/destinations-aventure\/des-leaders-autochtones-concluent-un-voyage-mondial-par-une-priere-pour-la-nature\/"},"author":{"name":"Camille Rouvray","@id":"https:\/\/voyage-aventure.com\/blog\/#\/schema\/person\/3c864cdc320801e3db34b663e7e3f816"},"headline":"Des leaders autochtones concluent un voyage mondial par une pri\u00e8re pour la nature","datePublished":"2025-03-26T07:31:35+00:00","mainEntityOfPage":{"@id":"https:\/\/voyage-aventure.com\/blog\/destinations-aventure\/des-leaders-autochtones-concluent-un-voyage-mondial-par-une-priere-pour-la-nature\/"},"wordCount":610,"commentCount":22,"publisher":{"@id":"https:\/\/voyage-aventure.com\/blog\/#organization"},"image":{"@id":"https:\/\/voyage-aventure.com\/blog\/destinations-aventure\/des-leaders-autochtones-concluent-un-voyage-mondial-par-une-priere-pour-la-nature\/#primaryimage"},"thumbnailUrl":"https:\/\/voyage-aventure.com\/blog\/wp-content\/uploads\/2025\/05\/sdxl-ae287a27127d246a91a65c08f5a763c7-scaled.png","keywords":["D\u00e9couverte Culturelle","\u00c9cosyst\u00e8me Sain","Pratiques Durables","Protection","Voyage solidaire"],"articleSection":["Destinations Aventure"],"inLanguage":"fr-FR","potentialAction":[{"@type":"CommentAction","name":"Comment","target":["https:\/\/voyage-aventure.com\/blog\/destinations-aventure\/des-leaders-autochtones-concluent-un-voyage-mondial-par-une-priere-pour-la-nature\/#respond"]}]},{"@type":"WebPage","@id":"https:\/\/voyage-aventure.com\/blog\/destinations-aventure\/des-leaders-autochtones-concluent-un-voyage-mondial-par-une-priere-pour-la-nature\/","url":"https:\/\/voyage-aventure.com\/blog\/destinations-aventure\/des-leaders-autochtones-concluent-un-voyage-mondial-par-une-priere-pour-la-nature\/","name":"Des leaders autochtones concluent un voyage mondial par une","isPartOf":{"@id":"https:\/\/voyage-aventure.com\/blog\/#website"},"primaryImageOfPage":{"@id":"https:\/\/voyage-aventure.com\/blog\/destinations-aventure\/des-leaders-autochtones-concluent-un-voyage-mondial-par-une-priere-pour-la-nature\/#primaryimage"},"image":{"@id":"https:\/\/voyage-aventure.com\/blog\/destinations-aventure\/des-leaders-autochtones-concluent-un-voyage-mondial-par-une-priere-pour-la-nature\/#primaryimage"},"thumbnailUrl":"https:\/\/voyage-aventure.com\/blog\/wp-content\/uploads\/2025\/05\/sdxl-ae287a27127d246a91a65c08f5a763c7-scaled.png","datePublished":"2025-03-26T07:31:35+00:00","description":"Les leaders autochtones du monde entier ont r\u00e9cemment achev\u00e9 un voyage symbolique \u00e0 travers plusieurs continents, apportant un message puissant de","inLanguage":"fr-FR","potentialAction":[{"@type":"ReadAction","target":["https:\/\/voyage-aventure.com\/blog\/destinations-aventure\/des-leaders-autochtones-concluent-un-voyage-mondial-par-une-priere-pour-la-nature\/"]}]},{"@type":"ImageObject","inLanguage":"fr-FR","@id":"https:\/\/voyage-aventure.com\/blog\/destinations-aventure\/des-leaders-autochtones-concluent-un-voyage-mondial-par-une-priere-pour-la-nature\/#primaryimage","url":"https:\/\/voyage-aventure.com\/blog\/wp-content\/uploads\/2025\/05\/sdxl-ae287a27127d246a91a65c08f5a763c7-scaled.png","contentUrl":"https:\/\/voyage-aventure.com\/blog\/wp-content\/uploads\/2025\/05\/sdxl-ae287a27127d246a91a65c08f5a763c7-scaled.png","width":1200,"height":500},{"@type":"WebSite","@id":"https:\/\/voyage-aventure.com\/blog\/#website","url":"https:\/\/voyage-aventure.com\/blog\/","name":"voyage-aventure.com","description":"Votre passeport pour l\u2019inattendu.","publisher":{"@id":"https:\/\/voyage-aventure.com\/blog\/#organization"},"alternateName":"Votre passeport pour l\u2019inattendu.","potentialAction":[{"@type":"SearchAction","target":{"@type":"EntryPoint","urlTemplate":"https:\/\/voyage-aventure.com\/blog\/?s={search_term_string}"},"query-input":{"@type":"PropertyValueSpecification","valueRequired":true,"valueName":"search_term_string"}}],"inLanguage":"fr-FR"},{"@type":"Organization","@id":"https:\/\/voyage-aventure.com\/blog\/#organization","name":"Foretsensations.fr","url":"https:\/\/voyage-aventure.com\/blog\/","logo":{"@type":"ImageObject","inLanguage":"fr-FR","@id":"https:\/\/voyage-aventure.com\/blog\/#\/schema\/logo\/image\/","url":"https:\/\/voyage-aventure.com\/blog\/wp-content\/uploads\/2024\/12\/19.png","contentUrl":"https:\/\/voyage-aventure.com\/blog\/wp-content\/uploads\/2024\/12\/19.png","width":512,"height":512,"caption":"Foretsensations.fr"},"image":{"@id":"https:\/\/voyage-aventure.com\/blog\/#\/schema\/logo\/image\/"}},{"@type":"Person","@id":"https:\/\/voyage-aventure.com\/blog\/#\/schema\/person\/3c864cdc320801e3db34b663e7e3f816","name":"Camille Rouvray","image":{"@type":"ImageObject","inLanguage":"fr-FR","@id":"https:\/\/voyage-aventure.com\/blog\/#\/schema\/person\/image\/","url":"https:\/\/voyage-aventure.com\/blog\/wp-content\/uploads\/2026\/06\/persona_camille-r-96x96.jpg","contentUrl":"https:\/\/voyage-aventure.com\/blog\/wp-content\/uploads\/2026\/06\/persona_camille-r-96x96.jpg","caption":"Camille Rouvray"},"description":"Je voyage et j'\u00e9cris sur le voyage depuis une douzaine d'ann\u00e9es, d'abord en tant que routarde au long cours, puis comme r\u00e9dactrice sp\u00e9cialis\u00e9e. Mon terrain de pr\u00e9dilection, ce sont les circuits organis\u00e9s et l'art de bien pr\u00e9parer un itin\u00e9raire : choix de la saison, dur\u00e9e r\u00e9aliste des \u00e9tapes, budget jour par jour, logement et transport sur place. J'aime aussi raconter les p\u00e9pites urbaines, ces adresses qu'on ne trouve pas dans les guides classiques. Avant de publier un dossier destination, je croise toujours plusieurs sources, je v\u00e9rifie les tarifs et les formalit\u00e9s d'entr\u00e9e \u00e0 jour, et je teste moi-m\u00eame quand je le peux. Mon angle reste pratique avant tout : aider le lecteur \u00e0 partir l'esprit tranquille, sans mauvaise surprise une fois sur place. Je m'attache \u00e0 distinguer le coup de c\u0153ur sinc\u00e8re du simple argument marketing.","sameAs":["https:\/\/camillerouvray.fr\/"],"url":"https:\/\/voyage-aventure.com\/blog\/auteur\/noname\/"}]}},"_links":{"self":[{"href":"https:\/\/voyage-aventure.com\/blog\/wp-json\/wp\/v2\/posts\/16191","targetHints":{"allow":["GET"]}}],"collection":[{"href":"https:\/\/voyage-aventure.com\/blog\/wp-json\/wp\/v2\/posts"}],"about":[{"href":"https:\/\/voyage-aventure.com\/blog\/wp-json\/wp\/v2\/types\/post"}],"author":[{"embeddable":true,"href":"https:\/\/voyage-aventure.com\/blog\/wp-json\/wp\/v2\/users\/34"}],"replies":[{"embeddable":true,"href":"https:\/\/voyage-aventure.com\/blog\/wp-json\/wp\/v2\/comments?post=16191"}],"version-history":[{"count":1,"href":"https:\/\/voyage-aventure.com\/blog\/wp-json\/wp\/v2\/posts\/16191\/revisions"}],"predecessor-version":[{"id":16434,"href":"https:\/\/voyage-aventure.com\/blog\/wp-json\/wp\/v2\/posts\/16191\/revisions\/16434"}],"wp:featuredmedia":[{"embeddable":true,"href":"https:\/\/voyage-aventure.com\/blog\/wp-json\/wp\/v2\/media\/19586"}],"wp:attachment":[{"href":"https:\/\/voyage-aventure.com\/blog\/wp-json\/wp\/v2\/media?parent=16191"}],"wp:term":[{"taxonomy":"category","embeddable":true,"href":"https:\/\/voyage-aventure.com\/blog\/wp-json\/wp\/v2\/categories?post=16191"},{"taxonomy":"post_tag","embeddable":true,"href":"https:\/\/voyage-aventure.com\/blog\/wp-json\/wp\/v2\/tags?post=16191"}],"curies":[{"name":"wp","href":"https:\/\/api.w.org\/{rel}","templated":true}]}}