{"id":16151,"date":"2026-06-04T23:12:48","date_gmt":"2026-06-04T21:12:48","guid":{"rendered":"https:\/\/voyage-aventure.com\/blog\/?p=16151"},"modified":"2026-06-04T23:12:48","modified_gmt":"2026-06-04T21:12:48","slug":"mise-a-jour-urgente-sur-les-voyages-en-turkiye-avertissements-de-securite-et-impacts-sur-le-tourisme","status":"publish","type":"post","link":"https:\/\/voyage-aventure.com\/blog\/a-la-une\/mise-a-jour-urgente-sur-les-voyages-en-turkiye-avertissements-de-securite-et-impacts-sur-le-tourisme\/","title":{"rendered":"mise \u00e0 jour urgente sur les voyages en T\u00fcrkiye : avertissements de s\u00e9curit\u00e9 et impacts sur le tourisme"},"content":{"rendered":"<link rel=\"preconnect\" href=\"https:\/\/fonts.googleapis.com\"><link rel=\"preconnect\" href=\"https:\/\/fonts.gstatic.com\" crossorigin><link href=\"https:\/\/fonts.googleapis.com\/css2?family=Newsreader:ital,opsz,wght@0,6..72,400;0,6..72,500;0,6..72,600;0,6..72,700;1,6..72,400;1,6..72,500&#038;family=Inter:wght@400;500;600&#038;family=JetBrains+Mono:wght@500;600&#038;display=swap\" rel=\"stylesheet\">\n<style>\n.va-turkiye-wrap{font-family:'Inter',system-ui,sans-serif;color:#23211d;line-height:1.7;font-size:17px}\n.va-turkiye-wrap h2{font-family:'Newsreader',Georgia,serif;font-weight:600;font-size:1.85rem;line-height:1.2;margin:2.4rem 0 1rem;color:#1c1a16}\n.va-turkiye-wrap h3{font-family:'Newsreader',Georgia,serif;font-weight:600;font-size:1.3rem;margin:1.6rem 0 .6rem;color:#1c1a16}\n.va-turkiye-wrap p{margin:0 0 1.1rem}\n.va-turkiye-dateline{font-family:'JetBrains Mono',monospace;font-weight:600;font-size:.78rem;letter-spacing:.04em;text-transform:uppercase;color:#C7872E;margin-bottom:1.2rem;display:flex;align-items:center;gap:.6rem;flex-wrap:wrap}\n.va-turkiye-dateline span{display:inline-flex;align-items:center;gap:.4rem;color:#6b665d}\n.va-turkiye-dateline b{color:#C7872E;font-weight:600}\n.va-turkiye-essentiel{border:1px solid #e7ddca;border-left:4px solid #C7872E;background:#fbf7ef;border-radius:10px;padding:1.4rem 1.6rem;margin:1.6rem 0 2.2rem;box-shadow:0 6px 22px rgba(120,90,30,.07)}\n.va-turkiye-essentiel .va-turkiye-kicker{font-family:'JetBrains Mono',monospace;font-weight:600;font-size:.72rem;letter-spacing:.12em;text-transform:uppercase;color:#C7872E;margin-bottom:.9rem}\n.va-turkiye-grid{display:grid;grid-template-columns:repeat(auto-fit,minmax(210px,1fr));gap:1rem}\n.va-turkiye-item{border:1px solid #ece4d4;border-radius:8px;background:#fff;padding:.9rem 1rem}\n.va-turkiye-item .va-turkiye-lab{font-family:'JetBrains Mono',monospace;font-weight:600;font-size:.68rem;letter-spacing:.1em;text-transform:uppercase;color:#9a8b6a;display:block;margin-bottom:.35rem}\n.va-turkiye-item .va-turkiye-val{font-size:.96rem;line-height:1.5;color:#322f29}\n.va-turkiye-wrap blockquote{font-family:'Newsreader',Georgia,serif;font-style:italic;font-size:1.4rem;line-height:1.45;color:#2a2722;border-left:4px solid #C7872E;margin:2rem 0;padding:.4rem 0 .4rem 1.5rem}\n.va-turkiye-wrap ul{margin:1.1rem 0;padding-left:0;list-style:none}\n.va-turkiye-wrap ul li{position:relative;padding:.55rem 0 .55rem 1.8rem;border-bottom:1px solid #f0ebe0}\n.va-turkiye-wrap ul li:last-child{border-bottom:none}\n.va-turkiye-wrap ul li::before{content:\"\u203a\";position:absolute;left:.35rem;top:.5rem;color:#C7872E;font-weight:700;font-size:1.15rem;font-family:'Newsreader',serif}\n.va-turkiye-source{border:1px solid #d9e3dd;border-radius:12px;background:#f4f8f5;padding:1.5rem 1.7rem;margin:2.4rem 0;transition:transform .2s ease,box-shadow .2s ease;box-shadow:0 4px 16px rgba(30,60,45,.06)}\n.va-turkiye-source:hover{transform:translateY(-3px);box-shadow:0 10px 28px rgba(30,60,45,.12)}\n.va-turkiye-source .va-turkiye-kicker{font-family:'JetBrains Mono',monospace;font-weight:600;font-size:.72rem;letter-spacing:.12em;text-transform:uppercase;color:#2f7a59;margin-bottom:.7rem}\n.va-turkiye-source .va-turkiye-stitle{font-family:'Newsreader',serif;font-weight:600;font-size:1.25rem;color:#1c1a16;margin-bottom:.5rem}\n.va-turkiye-source .va-turkiye-stext{font-size:.97rem;color:#3a4742;line-height:1.6}\n.va-turkiye-retenir{border-top:3px solid #C7872E;background:#fbf7ef;border-radius:0 0 10px 10px;padding:1.5rem 1.7rem;margin:2.4rem 0 1rem;box-shadow:0 6px 22px rgba(120,90,30,.07)}\n.va-turkiye-retenir .va-turkiye-kicker{font-family:'JetBrains Mono',monospace;font-weight:600;font-size:.72rem;letter-spacing:.12em;text-transform:uppercase;color:#C7872E;margin-bottom:.9rem}\n.va-turkiye-retenir ul li::before{content:\"\u2713\";font-size:.95rem}\n.va-turkiye-note{font-size:.85rem;color:#7a7468;font-style:italic;border-left:3px solid #e0d6c0;padding-left:1rem;margin:1.6rem 0 .5rem}\n@media(max-width:600px){.va-turkiye-wrap h2{font-size:1.55rem}.va-turkiye-wrap blockquote{font-size:1.2rem}}\n<\/style>\n<div class=\"va-turkiye-wrap\">\n<div class=\"va-turkiye-dateline\"><span>\u25c6 Mise \u00e0 jour s\u00e9curit\u00e9 voyage<\/span> <b>Mars 2025<\/b> <span>\u00b7 T\u00fcrkiye<\/span><\/div>\n<div class=\"va-turkiye-essentiel\">\n<div class=\"va-turkiye-kicker\">En bref<\/div>\n<div class=\"va-turkiye-grid\">\n<div class=\"va-turkiye-item\"><span class=\"va-turkiye-lab\">Quoi<\/span><\/p>\n<div class=\"va-turkiye-val\">Le 22 mars 2025, une alerte de voyage de haut niveau a \u00e9t\u00e9 \u00e9mise pour la T\u00fcrkiye, faisant \u00e9tat de risques de terrorisme, de manifestations violentes et d&rsquo;arrestations arbitraires.<\/div>\n<\/div>\n<div class=\"va-turkiye-item\"><span class=\"va-turkiye-lab\">Qui \u00e9met l&rsquo;avis<\/span><\/p>\n<div class=\"va-turkiye-val\">Le gouvernement canadien, selon l&rsquo;avis cit\u00e9. Les voyageurs d&rsquo;autres pays doivent se r\u00e9f\u00e9rer \u00e0 leur propre autorit\u00e9 officielle.<\/div>\n<\/div>\n<div class=\"va-turkiye-item\"><span class=\"va-turkiye-lab\">Ce que \u00e7a implique<\/span><\/p>\n<div class=\"va-turkiye-val\">Des perturbations \u00e0 Istanbul depuis le 19 mars et des restrictions pr\u00e8s des fronti\u00e8res syrienne et irakienne, avec un impact attendu sur le tourisme.<\/div>\n<\/div>\n<\/div>\n<\/div>\n<p>D&rsquo;apr\u00e8s l&rsquo;avis cit\u00e9, la situation d\u00e9crite ci-dessous correspond \u00e0 un \u00e9tat des lieux dat\u00e9 de mars 2025. Les avis aux voyageurs \u00e9voluent rapidement : avant tout d\u00e9part, v\u00e9rifiez l&rsquo;avis officiel <strong>en vigueur<\/strong> aupr\u00e8s de l&rsquo;autorit\u00e9 comp\u00e9tente de votre pays.<\/p>\n<h2>Une alerte rouge pour les voyageurs internationaux<\/h2>\n<p>Le 22 mars 2025, le gouvernement canadien a \u00e9mis une alerte de voyage de haut niveau pour la T\u00fcrkiye. Selon l&rsquo;avis cit\u00e9, cette mise \u00e0 jour fait \u00e9tat de risques croissants de terrorisme, de manifestations violentes et d&rsquo;arrestations arbitraires. Pour un pays qui attirait pr\u00e8s de 50 millions de touristes par an avant la pand\u00e9mie, ces directives pourraient peser sur l&rsquo;industrie du tourisme \u00e0 l&rsquo;\u00e9chelle mondiale.<\/p>\n<p>Les manifestations \u00e0 Istanbul, le centre n\u00e9vralgique du tourisme turc, ont particuli\u00e8rement attir\u00e9 l&rsquo;attention. D&rsquo;apr\u00e8s l&rsquo;avis cit\u00e9, les autorit\u00e9s canadiennes avertissent que des arrestations arbitraires pourraient survenir aux points d&rsquo;entr\u00e9e de la ville, ce qui complique les projets de voyage pour de nombreux touristes. Avec des millions de visiteurs annuels, cette situation pourrait entra\u00eener une baisse des r\u00e9servations.<\/p>\n<h2>La situation \u00e0 Istanbul et ses cons\u00e9quences<\/h2>\n<p>Depuis le 19 mars, Istanbul est le th\u00e9\u00e2tre de manifestations qui perturbent la vie quotidienne et le tourisme. Selon l&rsquo;avis cit\u00e9, les autorit\u00e9s ont impos\u00e9 un couvre-feu et restreint les mouvements des personnes suspect\u00e9es de participer \u00e0 ces rassemblements. Les transports en commun sont affect\u00e9s, rendant les d\u00e9placements plus difficiles pour les visiteurs.<\/p>\n<p>Les manifestations en cours soul\u00e8vent des inqui\u00e9tudes concernant la s\u00e9curit\u00e9 des touristes. Les \u00e9v\u00e9nements rapport\u00e9s montrent que des sites touristiques, jusque-l\u00e0 consid\u00e9r\u00e9s comme s\u00fbrs, peuvent rapidement devenir des zones de tension. Une citation attribu\u00e9e \u00e0 un touriste, reprise dans l&rsquo;article, illustre ce ressenti :<\/p>\n<blockquote><p>\u00ab Je ne m&rsquo;attendais pas \u00e0 cela en venant \u00e0 Istanbul. C&rsquo;est choquant de voir une ville aussi belle en proie \u00e0 l&rsquo;agitation. \u00bb<\/p><\/blockquote>\n<h2>Le paysage changeant du tourisme en T\u00fcrkiye<\/h2>\n<p>Les avertissements ne se limitent pas \u00e0 Istanbul. Selon l&rsquo;avis cit\u00e9, les zones frontali\u00e8res avec la Syrie et l&rsquo;Irak sont d\u00e9sormais consid\u00e9r\u00e9es comme trop dangereuses pour les voyageurs. Les autorit\u00e9s canadiennes d\u00e9conseillent formellement tout d\u00e9placement \u00e0 moins de 10 kilom\u00e8tres de ces fronti\u00e8res, en raison de menaces telles que les frappes de drones et les enl\u00e8vements.<\/p>\n<p>Cette situation concernerait non seulement les voyages d&rsquo;aventure, mais aussi les circuits culturels qui attirent de nombreux visiteurs. D&rsquo;apr\u00e8s l&rsquo;article, les op\u00e9rateurs touristiques pourraient devoir r\u00e9\u00e9valuer leurs offres et ajuster leurs itin\u00e9raires pour garantir la s\u00e9curit\u00e9 des clients. Voici quelques points repris parmi les recommandations g\u00e9n\u00e9rales utiles \u00e0 la planification d&rsquo;un voyage :<\/p>\n<ul>\n<li>\u00c9viter les zones de conflit et les manifestations.<\/li>\n<li>Rechercher des informations fiables sur la s\u00e9curit\u00e9 des destinations.<\/li>\n<li>Utiliser des guides locaux agr\u00e9\u00e9s pour les excursions.<\/li>\n<li>\u00catre vigilant face aux arnaques et aux vols \u00e0 la tire.<\/li>\n<li>Respecter les r\u00e8gles d&rsquo;entr\u00e9e et de s\u00e9jour dans le pays.<\/li>\n<\/ul>\n<p>La mont\u00e9e des pr\u00e9occupations s\u00e9curitaires pourrait \u00e9galement dissuader certains voyageurs d&rsquo;assister \u00e0 des \u00e9v\u00e9nements majeurs tels que des concerts et des c\u00e9l\u00e9brations nationales, avec des cons\u00e9quences possibles sur l&rsquo;occupation des h\u00f4tels et la demande de vols vers la T\u00fcrkiye.<\/p>\n<div class=\"va-turkiye-source\">\n<div class=\"va-turkiye-kicker\">\u00c0 v\u00e9rifier avant de partir<\/div>\n<div class=\"va-turkiye-stitle\">Consultez l&rsquo;avis officiel en vigueur<\/div>\n<div class=\"va-turkiye-stext\">Les conseils aux voyageurs sont mis \u00e0 jour en continu et la situation peut avoir chang\u00e9 depuis mars 2025. Voyageurs r\u00e9sidant en France : r\u00e9f\u00e9rez-vous aux Conseils aux voyageurs du minist\u00e8re de l&rsquo;Europe et des Affaires \u00e9trang\u00e8res (France-Diplomatie), rubrique T\u00fcrkiye. Les ressortissants d&rsquo;autres pays doivent consulter l&rsquo;avis officiel de leur propre autorit\u00e9 nationale avant tout d\u00e9placement.<\/div>\n<\/div>\n<p><iframe loading=\"lazy\" title=\"HD #Actualite\u0301s du 12 10 2024 classement technologie vie divertissement stream\" width=\"1200\" height=\"675\" src=\"https:\/\/www.youtube.com\/embed\/lq3fqFppF-A?feature=oembed\" frameborder=\"0\" allow=\"accelerometer; autoplay; clipboard-write; encrypted-media; gyroscope; picture-in-picture; web-share\" referrerpolicy=\"strict-origin-when-cross-origin\" allowfullscreen><\/iframe><\/p>\n<h2>Les d\u00e9fis pour les voyageurs et les op\u00e9rateurs touristiques<\/h2>\n<p>Selon l&rsquo;article, les \u00e9v\u00e9nements r\u00e9cents ont aussi mis en lumi\u00e8re des d\u00e9fis pour les travailleurs \u00e0 distance et les nomades num\u00e9riques en T\u00fcrkiye. Le gouvernement aurait intensifi\u00e9 sa surveillance des contenus en ligne critiques, ce qui peut entra\u00eener des cons\u00e9quences juridiques en cas de non-respect des r\u00e8gles. Cette situation pourrait d\u00e9courager certains digital nomads d&rsquo;explorer ce pays.<\/p>\n<p>L&rsquo;article met \u00e9galement en avant des pr\u00e9occupations li\u00e9es \u00e0 la s\u00e9curit\u00e9 des femmes voyageant seules, avec un risque accru de harc\u00e8lement et d&rsquo;agressions, susceptible d&rsquo;affecter les voyages individuels. Les op\u00e9rateurs de voyages pourraient devoir adapter leurs offres pour proposer une exp\u00e9rience plus s\u00fbre \u00e0 l&rsquo;ensemble de leurs clients.<\/p>\n<p>En r\u00e9sum\u00e9, la T\u00fcrkiye, longtemps consid\u00e9r\u00e9e comme un acteur majeur du tourisme, ferait face selon l&rsquo;avis cit\u00e9 \u00e0 des d\u00e9fis notables. La situation politique, les risques de s\u00e9curit\u00e9 et les tensions internes pourraient transformer le paysage touristique du pays, conduisant les acteurs du secteur \u00e0 s&rsquo;adapter pour maintenir la confiance des voyageurs.<\/p>\n<div class=\"va-turkiye-retenir\">\n<div class=\"va-turkiye-kicker\">Ce qu&rsquo;il faut retenir<\/div>\n<ul>\n<li>L&rsquo;alerte d\u00e9crite a \u00e9t\u00e9 \u00e9mise le 22 mars 2025 par le gouvernement canadien, selon l&rsquo;avis cit\u00e9 \u2014 il s&rsquo;agit d&rsquo;une mise \u00e0 jour dat\u00e9e, pas d&rsquo;une alerte forc\u00e9ment en cours aujourd&rsquo;hui.<\/li>\n<li>Les points sensibles \u00e9voqu\u00e9s : manifestations \u00e0 Istanbul depuis le 19 mars et zones \u00e0 moins de 10 km des fronti\u00e8res syrienne et irakienne.<\/li>\n<li>Avant tout d\u00e9part, consultez l&rsquo;avis officiel \u00e0 jour de votre pays (France : Conseils aux voyageurs de France-Diplomatie).<\/li>\n<\/ul>\n<\/div>\n<div class=\"va-turkiye-note\">Cet article reprend des informations attribu\u00e9es \u00e0 un avis aux voyageurs dat\u00e9 de mars 2025 et a une vocation informative. Il ne remplace pas la consultation de l&rsquo;avis officiel en vigueur de l&rsquo;autorit\u00e9 comp\u00e9tente de votre pays.<\/div>\n<\/div>\n","protected":false},"excerpt":{"rendered":"","protected":false},"author":34,"featured_media":18277,"comment_status":"open","ping_status":"open","sticky":false,"template":"","format":"standard","meta":{"_acf_changed":false,"manual_indexmenow":false,"indexmenow_id_project":0,"footnotes":""},"categories":[1],"tags":[4680,4636,4530,3170,5755],"class_list":["post-16151","post","type-post","status-publish","format-standard","has-post-thumbnail","hentry","category-a-la-une","tag-conseils","tag-destinations","tag-escapade-en-europe","tag-securite","tag-voyage-en-solo","generate-columns","tablet-grid-50","mobile-grid-100","grid-parent","grid-25"],"acf":[],"yoast_head":"<!-- This site is optimized with the Yoast SEO Premium plugin v21.3 (Yoast SEO v25.1) - https:\/\/yoast.com\/wordpress\/plugins\/seo\/ -->\n<title>mise \u00e0 jour urgente sur les voyages en T\u00fcrkiye<\/title>\n<meta name=\"description\" content=\"QuoiLe 22 mars 2025, une alerte de voyage de haut niveau a \u00e9t\u00e9 \u00e9mise pour la T\u00fcrkiye, faisant \u00e9tat de risques de terrorisme, de manifestations violentes\" \/>\n<meta name=\"robots\" content=\"index, follow, max-snippet:-1, max-image-preview:large, max-video-preview:-1\" \/>\n<link rel=\"canonical\" href=\"https:\/\/voyage-aventure.com\/blog\/a-la-une\/mise-a-jour-urgente-sur-les-voyages-en-turkiye-avertissements-de-securite-et-impacts-sur-le-tourisme\/\" \/>\n<meta property=\"og:locale\" content=\"fr_FR\" \/>\n<meta property=\"og:type\" content=\"article\" \/>\n<meta property=\"og:title\" content=\"mise \u00e0 jour urgente sur les voyages en T\u00fcrkiye\" \/>\n<meta property=\"og:description\" content=\"QuoiLe 22 mars 2025, une alerte de voyage de haut niveau a \u00e9t\u00e9 \u00e9mise pour la T\u00fcrkiye, faisant \u00e9tat de risques de terrorisme, de manifestations violentes\" \/>\n<meta property=\"og:url\" content=\"https:\/\/voyage-aventure.com\/blog\/a-la-une\/mise-a-jour-urgente-sur-les-voyages-en-turkiye-avertissements-de-securite-et-impacts-sur-le-tourisme\/\" \/>\n<meta property=\"og:site_name\" content=\"voyage-aventure\" \/>\n<meta property=\"og:image\" content=\"https:\/\/voyage-aventure.com\/blog\/wp-content\/uploads\/2025\/04\/sdxl-cc5d3f9f7bc4a6bfca4f6063d1c036c9.png\" \/>\n\t<meta property=\"og:image:width\" content=\"1536\" \/>\n\t<meta property=\"og:image:height\" content=\"640\" \/>\n\t<meta property=\"og:image:type\" content=\"image\/png\" \/>\n<meta name=\"author\" content=\"Camille Rouvray\" \/>\n<meta name=\"twitter:card\" content=\"summary_large_image\" \/>\n<script type=\"application\/ld+json\" class=\"yoast-schema-graph\">{\"@context\":\"https:\/\/schema.org\",\"@graph\":[{\"@type\":\"NewsArticle\",\"@id\":\"https:\/\/voyage-aventure.com\/blog\/a-la-une\/mise-a-jour-urgente-sur-les-voyages-en-turkiye-avertissements-de-securite-et-impacts-sur-le-tourisme\/#article\",\"isPartOf\":{\"@id\":\"https:\/\/voyage-aventure.com\/blog\/a-la-une\/mise-a-jour-urgente-sur-les-voyages-en-turkiye-avertissements-de-securite-et-impacts-sur-le-tourisme\/\"},\"author\":{\"name\":\"Camille Rouvray\",\"@id\":\"https:\/\/voyage-aventure.com\/blog\/#\/schema\/person\/3c864cdc320801e3db34b663e7e3f816\"},\"headline\":\"mise \u00e0 jour urgente sur les voyages en T\u00fcrkiye : avertissements de s\u00e9curit\u00e9 et impacts sur le tourisme\",\"datePublished\":\"2026-06-04T21:12:48+00:00\",\"mainEntityOfPage\":{\"@id\":\"https:\/\/voyage-aventure.com\/blog\/a-la-une\/mise-a-jour-urgente-sur-les-voyages-en-turkiye-avertissements-de-securite-et-impacts-sur-le-tourisme\/\"},\"wordCount\":1065,\"commentCount\":19,\"publisher\":{\"@id\":\"https:\/\/voyage-aventure.com\/blog\/#organization\"},\"image\":{\"@id\":\"https:\/\/voyage-aventure.com\/blog\/a-la-une\/mise-a-jour-urgente-sur-les-voyages-en-turkiye-avertissements-de-securite-et-impacts-sur-le-tourisme\/#primaryimage\"},\"thumbnailUrl\":\"https:\/\/voyage-aventure.com\/blog\/wp-content\/uploads\/2025\/04\/sdxl-cc5d3f9f7bc4a6bfca4f6063d1c036c9.png\",\"keywords\":[\"Conseils\",\"Destinations\",\"Escapade en Europe\",\"S\u00e9curit\u00e9\",\"Voyage en solo\"],\"articleSection\":[\"\u00c0 la une\"],\"inLanguage\":\"fr-FR\",\"potentialAction\":[{\"@type\":\"CommentAction\",\"name\":\"Comment\",\"target\":[\"https:\/\/voyage-aventure.com\/blog\/a-la-une\/mise-a-jour-urgente-sur-les-voyages-en-turkiye-avertissements-de-securite-et-impacts-sur-le-tourisme\/#respond\"]}]},{\"@type\":\"WebPage\",\"@id\":\"https:\/\/voyage-aventure.com\/blog\/a-la-une\/mise-a-jour-urgente-sur-les-voyages-en-turkiye-avertissements-de-securite-et-impacts-sur-le-tourisme\/\",\"url\":\"https:\/\/voyage-aventure.com\/blog\/a-la-une\/mise-a-jour-urgente-sur-les-voyages-en-turkiye-avertissements-de-securite-et-impacts-sur-le-tourisme\/\",\"name\":\"mise \u00e0 jour urgente sur les voyages en T\u00fcrkiye\",\"isPartOf\":{\"@id\":\"https:\/\/voyage-aventure.com\/blog\/#website\"},\"primaryImageOfPage\":{\"@id\":\"https:\/\/voyage-aventure.com\/blog\/a-la-une\/mise-a-jour-urgente-sur-les-voyages-en-turkiye-avertissements-de-securite-et-impacts-sur-le-tourisme\/#primaryimage\"},\"image\":{\"@id\":\"https:\/\/voyage-aventure.com\/blog\/a-la-une\/mise-a-jour-urgente-sur-les-voyages-en-turkiye-avertissements-de-securite-et-impacts-sur-le-tourisme\/#primaryimage\"},\"thumbnailUrl\":\"https:\/\/voyage-aventure.com\/blog\/wp-content\/uploads\/2025\/04\/sdxl-cc5d3f9f7bc4a6bfca4f6063d1c036c9.png\",\"datePublished\":\"2026-06-04T21:12:48+00:00\",\"description\":\"QuoiLe 22 mars 2025, une alerte de voyage de haut niveau a \u00e9t\u00e9 \u00e9mise pour la T\u00fcrkiye, faisant \u00e9tat de risques de terrorisme, de manifestations violentes\",\"inLanguage\":\"fr-FR\",\"potentialAction\":[{\"@type\":\"ReadAction\",\"target\":[\"https:\/\/voyage-aventure.com\/blog\/a-la-une\/mise-a-jour-urgente-sur-les-voyages-en-turkiye-avertissements-de-securite-et-impacts-sur-le-tourisme\/\"]}]},{\"@type\":\"ImageObject\",\"inLanguage\":\"fr-FR\",\"@id\":\"https:\/\/voyage-aventure.com\/blog\/a-la-une\/mise-a-jour-urgente-sur-les-voyages-en-turkiye-avertissements-de-securite-et-impacts-sur-le-tourisme\/#primaryimage\",\"url\":\"https:\/\/voyage-aventure.com\/blog\/wp-content\/uploads\/2025\/04\/sdxl-cc5d3f9f7bc4a6bfca4f6063d1c036c9.png\",\"contentUrl\":\"https:\/\/voyage-aventure.com\/blog\/wp-content\/uploads\/2025\/04\/sdxl-cc5d3f9f7bc4a6bfca4f6063d1c036c9.png\",\"width\":1536,\"height\":640},{\"@type\":\"WebSite\",\"@id\":\"https:\/\/voyage-aventure.com\/blog\/#website\",\"url\":\"https:\/\/voyage-aventure.com\/blog\/\",\"name\":\"voyage-aventure.com\",\"description\":\"Votre passeport pour l\u2019inattendu.\",\"publisher\":{\"@id\":\"https:\/\/voyage-aventure.com\/blog\/#organization\"},\"alternateName\":\"Votre passeport pour l\u2019inattendu.\",\"potentialAction\":[{\"@type\":\"SearchAction\",\"target\":{\"@type\":\"EntryPoint\",\"urlTemplate\":\"https:\/\/voyage-aventure.com\/blog\/?s={search_term_string}\"},\"query-input\":{\"@type\":\"PropertyValueSpecification\",\"valueRequired\":true,\"valueName\":\"search_term_string\"}}],\"inLanguage\":\"fr-FR\"},{\"@type\":\"Organization\",\"@id\":\"https:\/\/voyage-aventure.com\/blog\/#organization\",\"name\":\"Foretsensations.fr\",\"url\":\"https:\/\/voyage-aventure.com\/blog\/\",\"logo\":{\"@type\":\"ImageObject\",\"inLanguage\":\"fr-FR\",\"@id\":\"https:\/\/voyage-aventure.com\/blog\/#\/schema\/logo\/image\/\",\"url\":\"https:\/\/voyage-aventure.com\/blog\/wp-content\/uploads\/2024\/12\/19.png\",\"contentUrl\":\"https:\/\/voyage-aventure.com\/blog\/wp-content\/uploads\/2024\/12\/19.png\",\"width\":512,\"height\":512,\"caption\":\"Foretsensations.fr\"},\"image\":{\"@id\":\"https:\/\/voyage-aventure.com\/blog\/#\/schema\/logo\/image\/\"}},{\"@type\":\"Person\",\"@id\":\"https:\/\/voyage-aventure.com\/blog\/#\/schema\/person\/3c864cdc320801e3db34b663e7e3f816\",\"name\":\"Camille Rouvray\",\"image\":{\"@type\":\"ImageObject\",\"inLanguage\":\"fr-FR\",\"@id\":\"https:\/\/voyage-aventure.com\/blog\/#\/schema\/person\/image\/\",\"url\":\"https:\/\/voyage-aventure.com\/blog\/wp-content\/uploads\/2026\/06\/persona_camille-r-96x96.jpg\",\"contentUrl\":\"https:\/\/voyage-aventure.com\/blog\/wp-content\/uploads\/2026\/06\/persona_camille-r-96x96.jpg\",\"caption\":\"Camille Rouvray\"},\"description\":\"Je voyage et j'\u00e9cris sur le voyage depuis une douzaine d'ann\u00e9es, d'abord en tant que routarde au long cours, puis comme r\u00e9dactrice sp\u00e9cialis\u00e9e. Mon terrain de pr\u00e9dilection, ce sont les circuits organis\u00e9s et l'art de bien pr\u00e9parer un itin\u00e9raire : choix de la saison, dur\u00e9e r\u00e9aliste des \u00e9tapes, budget jour par jour, logement et transport sur place. J'aime aussi raconter les p\u00e9pites urbaines, ces adresses qu'on ne trouve pas dans les guides classiques. Avant de publier un dossier destination, je croise toujours plusieurs sources, je v\u00e9rifie les tarifs et les formalit\u00e9s d'entr\u00e9e \u00e0 jour, et je teste moi-m\u00eame quand je le peux. Mon angle reste pratique avant tout : aider le lecteur \u00e0 partir l'esprit tranquille, sans mauvaise surprise une fois sur place. Je m'attache \u00e0 distinguer le coup de c\u0153ur sinc\u00e8re du simple argument marketing.\",\"sameAs\":[\"https:\/\/camillerouvray.fr\/\"],\"url\":\"https:\/\/voyage-aventure.com\/blog\/auteur\/noname\/\"}]}<\/script>\n<!-- \/ Yoast SEO Premium plugin. -->","yoast_head_json":{"title":"mise \u00e0 jour urgente sur les voyages en T\u00fcrkiye","description":"QuoiLe 22 mars 2025, une alerte de voyage de haut niveau a \u00e9t\u00e9 \u00e9mise pour la T\u00fcrkiye, faisant \u00e9tat de risques de terrorisme, de manifestations violentes","robots":{"index":"index","follow":"follow","max-snippet":"max-snippet:-1","max-image-preview":"max-image-preview:large","max-video-preview":"max-video-preview:-1"},"canonical":"https:\/\/voyage-aventure.com\/blog\/a-la-une\/mise-a-jour-urgente-sur-les-voyages-en-turkiye-avertissements-de-securite-et-impacts-sur-le-tourisme\/","og_locale":"fr_FR","og_type":"article","og_title":"mise \u00e0 jour urgente sur les voyages en T\u00fcrkiye","og_description":"QuoiLe 22 mars 2025, une alerte de voyage de haut niveau a \u00e9t\u00e9 \u00e9mise pour la T\u00fcrkiye, faisant \u00e9tat de risques de terrorisme, de manifestations violentes","og_url":"https:\/\/voyage-aventure.com\/blog\/a-la-une\/mise-a-jour-urgente-sur-les-voyages-en-turkiye-avertissements-de-securite-et-impacts-sur-le-tourisme\/","og_site_name":"voyage-aventure","og_image":[{"width":1536,"height":640,"url":"https:\/\/voyage-aventure.com\/blog\/wp-content\/uploads\/2025\/04\/sdxl-cc5d3f9f7bc4a6bfca4f6063d1c036c9.png","type":"image\/png"}],"author":"Camille Rouvray","twitter_card":"summary_large_image","schema":{"@context":"https:\/\/schema.org","@graph":[{"@type":"NewsArticle","@id":"https:\/\/voyage-aventure.com\/blog\/a-la-une\/mise-a-jour-urgente-sur-les-voyages-en-turkiye-avertissements-de-securite-et-impacts-sur-le-tourisme\/#article","isPartOf":{"@id":"https:\/\/voyage-aventure.com\/blog\/a-la-une\/mise-a-jour-urgente-sur-les-voyages-en-turkiye-avertissements-de-securite-et-impacts-sur-le-tourisme\/"},"author":{"name":"Camille Rouvray","@id":"https:\/\/voyage-aventure.com\/blog\/#\/schema\/person\/3c864cdc320801e3db34b663e7e3f816"},"headline":"mise \u00e0 jour urgente sur les voyages en T\u00fcrkiye : avertissements de s\u00e9curit\u00e9 et impacts sur le tourisme","datePublished":"2026-06-04T21:12:48+00:00","mainEntityOfPage":{"@id":"https:\/\/voyage-aventure.com\/blog\/a-la-une\/mise-a-jour-urgente-sur-les-voyages-en-turkiye-avertissements-de-securite-et-impacts-sur-le-tourisme\/"},"wordCount":1065,"commentCount":19,"publisher":{"@id":"https:\/\/voyage-aventure.com\/blog\/#organization"},"image":{"@id":"https:\/\/voyage-aventure.com\/blog\/a-la-une\/mise-a-jour-urgente-sur-les-voyages-en-turkiye-avertissements-de-securite-et-impacts-sur-le-tourisme\/#primaryimage"},"thumbnailUrl":"https:\/\/voyage-aventure.com\/blog\/wp-content\/uploads\/2025\/04\/sdxl-cc5d3f9f7bc4a6bfca4f6063d1c036c9.png","keywords":["Conseils","Destinations","Escapade en Europe","S\u00e9curit\u00e9","Voyage en solo"],"articleSection":["\u00c0 la une"],"inLanguage":"fr-FR","potentialAction":[{"@type":"CommentAction","name":"Comment","target":["https:\/\/voyage-aventure.com\/blog\/a-la-une\/mise-a-jour-urgente-sur-les-voyages-en-turkiye-avertissements-de-securite-et-impacts-sur-le-tourisme\/#respond"]}]},{"@type":"WebPage","@id":"https:\/\/voyage-aventure.com\/blog\/a-la-une\/mise-a-jour-urgente-sur-les-voyages-en-turkiye-avertissements-de-securite-et-impacts-sur-le-tourisme\/","url":"https:\/\/voyage-aventure.com\/blog\/a-la-une\/mise-a-jour-urgente-sur-les-voyages-en-turkiye-avertissements-de-securite-et-impacts-sur-le-tourisme\/","name":"mise \u00e0 jour urgente sur les voyages en T\u00fcrkiye","isPartOf":{"@id":"https:\/\/voyage-aventure.com\/blog\/#website"},"primaryImageOfPage":{"@id":"https:\/\/voyage-aventure.com\/blog\/a-la-une\/mise-a-jour-urgente-sur-les-voyages-en-turkiye-avertissements-de-securite-et-impacts-sur-le-tourisme\/#primaryimage"},"image":{"@id":"https:\/\/voyage-aventure.com\/blog\/a-la-une\/mise-a-jour-urgente-sur-les-voyages-en-turkiye-avertissements-de-securite-et-impacts-sur-le-tourisme\/#primaryimage"},"thumbnailUrl":"https:\/\/voyage-aventure.com\/blog\/wp-content\/uploads\/2025\/04\/sdxl-cc5d3f9f7bc4a6bfca4f6063d1c036c9.png","datePublished":"2026-06-04T21:12:48+00:00","description":"QuoiLe 22 mars 2025, une alerte de voyage de haut niveau a \u00e9t\u00e9 \u00e9mise pour la T\u00fcrkiye, faisant \u00e9tat de risques de terrorisme, de manifestations violentes","inLanguage":"fr-FR","potentialAction":[{"@type":"ReadAction","target":["https:\/\/voyage-aventure.com\/blog\/a-la-une\/mise-a-jour-urgente-sur-les-voyages-en-turkiye-avertissements-de-securite-et-impacts-sur-le-tourisme\/"]}]},{"@type":"ImageObject","inLanguage":"fr-FR","@id":"https:\/\/voyage-aventure.com\/blog\/a-la-une\/mise-a-jour-urgente-sur-les-voyages-en-turkiye-avertissements-de-securite-et-impacts-sur-le-tourisme\/#primaryimage","url":"https:\/\/voyage-aventure.com\/blog\/wp-content\/uploads\/2025\/04\/sdxl-cc5d3f9f7bc4a6bfca4f6063d1c036c9.png","contentUrl":"https:\/\/voyage-aventure.com\/blog\/wp-content\/uploads\/2025\/04\/sdxl-cc5d3f9f7bc4a6bfca4f6063d1c036c9.png","width":1536,"height":640},{"@type":"WebSite","@id":"https:\/\/voyage-aventure.com\/blog\/#website","url":"https:\/\/voyage-aventure.com\/blog\/","name":"voyage-aventure.com","description":"Votre passeport pour l\u2019inattendu.","publisher":{"@id":"https:\/\/voyage-aventure.com\/blog\/#organization"},"alternateName":"Votre passeport pour l\u2019inattendu.","potentialAction":[{"@type":"SearchAction","target":{"@type":"EntryPoint","urlTemplate":"https:\/\/voyage-aventure.com\/blog\/?s={search_term_string}"},"query-input":{"@type":"PropertyValueSpecification","valueRequired":true,"valueName":"search_term_string"}}],"inLanguage":"fr-FR"},{"@type":"Organization","@id":"https:\/\/voyage-aventure.com\/blog\/#organization","name":"Foretsensations.fr","url":"https:\/\/voyage-aventure.com\/blog\/","logo":{"@type":"ImageObject","inLanguage":"fr-FR","@id":"https:\/\/voyage-aventure.com\/blog\/#\/schema\/logo\/image\/","url":"https:\/\/voyage-aventure.com\/blog\/wp-content\/uploads\/2024\/12\/19.png","contentUrl":"https:\/\/voyage-aventure.com\/blog\/wp-content\/uploads\/2024\/12\/19.png","width":512,"height":512,"caption":"Foretsensations.fr"},"image":{"@id":"https:\/\/voyage-aventure.com\/blog\/#\/schema\/logo\/image\/"}},{"@type":"Person","@id":"https:\/\/voyage-aventure.com\/blog\/#\/schema\/person\/3c864cdc320801e3db34b663e7e3f816","name":"Camille Rouvray","image":{"@type":"ImageObject","inLanguage":"fr-FR","@id":"https:\/\/voyage-aventure.com\/blog\/#\/schema\/person\/image\/","url":"https:\/\/voyage-aventure.com\/blog\/wp-content\/uploads\/2026\/06\/persona_camille-r-96x96.jpg","contentUrl":"https:\/\/voyage-aventure.com\/blog\/wp-content\/uploads\/2026\/06\/persona_camille-r-96x96.jpg","caption":"Camille Rouvray"},"description":"Je voyage et j'\u00e9cris sur le voyage depuis une douzaine d'ann\u00e9es, d'abord en tant que routarde au long cours, puis comme r\u00e9dactrice sp\u00e9cialis\u00e9e. Mon terrain de pr\u00e9dilection, ce sont les circuits organis\u00e9s et l'art de bien pr\u00e9parer un itin\u00e9raire : choix de la saison, dur\u00e9e r\u00e9aliste des \u00e9tapes, budget jour par jour, logement et transport sur place. J'aime aussi raconter les p\u00e9pites urbaines, ces adresses qu'on ne trouve pas dans les guides classiques. Avant de publier un dossier destination, je croise toujours plusieurs sources, je v\u00e9rifie les tarifs et les formalit\u00e9s d'entr\u00e9e \u00e0 jour, et je teste moi-m\u00eame quand je le peux. Mon angle reste pratique avant tout : aider le lecteur \u00e0 partir l'esprit tranquille, sans mauvaise surprise une fois sur place. Je m'attache \u00e0 distinguer le coup de c\u0153ur sinc\u00e8re du simple argument marketing.","sameAs":["https:\/\/camillerouvray.fr\/"],"url":"https:\/\/voyage-aventure.com\/blog\/auteur\/noname\/"}]}},"_links":{"self":[{"href":"https:\/\/voyage-aventure.com\/blog\/wp-json\/wp\/v2\/posts\/16151","targetHints":{"allow":["GET"]}}],"collection":[{"href":"https:\/\/voyage-aventure.com\/blog\/wp-json\/wp\/v2\/posts"}],"about":[{"href":"https:\/\/voyage-aventure.com\/blog\/wp-json\/wp\/v2\/types\/post"}],"author":[{"embeddable":true,"href":"https:\/\/voyage-aventure.com\/blog\/wp-json\/wp\/v2\/users\/34"}],"replies":[{"embeddable":true,"href":"https:\/\/voyage-aventure.com\/blog\/wp-json\/wp\/v2\/comments?post=16151"}],"version-history":[{"count":2,"href":"https:\/\/voyage-aventure.com\/blog\/wp-json\/wp\/v2\/posts\/16151\/revisions"}],"predecessor-version":[{"id":21737,"href":"https:\/\/voyage-aventure.com\/blog\/wp-json\/wp\/v2\/posts\/16151\/revisions\/21737"}],"wp:featuredmedia":[{"embeddable":true,"href":"https:\/\/voyage-aventure.com\/blog\/wp-json\/wp\/v2\/media\/18277"}],"wp:attachment":[{"href":"https:\/\/voyage-aventure.com\/blog\/wp-json\/wp\/v2\/media?parent=16151"}],"wp:term":[{"taxonomy":"category","embeddable":true,"href":"https:\/\/voyage-aventure.com\/blog\/wp-json\/wp\/v2\/categories?post=16151"},{"taxonomy":"post_tag","embeddable":true,"href":"https:\/\/voyage-aventure.com\/blog\/wp-json\/wp\/v2\/tags?post=16151"}],"curies":[{"name":"wp","href":"https:\/\/api.w.org\/{rel}","templated":true}]}}