{"id":16123,"date":"2025-03-23T13:12:45","date_gmt":"2025-03-23T12:12:45","guid":{"rendered":"https:\/\/voyage-aventure.com\/blog\/?p=16123"},"modified":"2025-03-23T12:25:09","modified_gmt":"2025-03-23T11:25:09","slug":"decouvrez-les-7-seche-cheveux-de-voyage-compacts-et-puissants-pour-des-cheveux-impeccables","status":"publish","type":"post","link":"https:\/\/voyage-aventure.com\/blog\/a-la-une\/decouvrez-les-7-seche-cheveux-de-voyage-compacts-et-puissants-pour-des-cheveux-impeccables\/","title":{"rendered":"D\u00e9couvrez les 7 s\u00e8che-cheveux de voyage compacts et puissants pour des cheveux impeccables"},"content":{"rendered":"<p>Lorsque l&rsquo;on se pr\u00e9pare \u00e0 partir, il est essentiel de ne pas n\u00e9gliger cet aspect. Un s\u00e8che-cheveux de voyage efficace peut faire toute la diff\u00e9rence, en vous permettant de garder une coiffure soign\u00e9e m\u00eame loin de chez vous. Pourtant, la plupart des s\u00e8che-cheveux disponibles dans les h\u00f4tels laissent souvent \u00e0 d\u00e9sirer, ce qui souligne l&rsquo;importance d&rsquo;investir dans un mod\u00e8le de qualit\u00e9. Voici un aper\u00e7u des meilleurs s\u00e8che-cheveux de voyage qui allient compacit\u00e9 et puissance.<\/p>\n<h2>Les crit\u00e8res de choix d&rsquo;un s\u00e8che-cheveux de voyage<\/h2>\n<p>Choisir un s\u00e8che-cheveux de voyage peut sembler simple, mais plusieurs facteurs sont \u00e0 prendre en compte pour faire le meilleur choix. Tout d&rsquo;abord, la taille et le poids sont cruciaux, car il ne faut pas qu&rsquo;il devienne un fardeau dans vos bagages. Un mod\u00e8le l\u00e9ger et compact vous permettra d&rsquo;optimiser l&rsquo;espace de votre valise sans sacrifier la performance.<\/p>\n<p>Ensuite, il est essentiel de consid\u00e9rer les fonctionnalit\u00e9s propos\u00e9es. Recherchez un s\u00e8che-cheveux avec plusieurs r\u00e9glages de chaleur et de vitesse pour s&rsquo;adapter \u00e0 diff\u00e9rents types de cheveux. La possibilit\u00e9 de plier le manche est un atout suppl\u00e9mentaire pour le rangement, tout comme la pr\u00e9sence d&rsquo;un \u00e9tui de transport pour \u00e9viter les dommages.<\/p>\n<p><iframe loading=\"lazy\" title=\"S\u00e8che Cheveux Mural 3000W \u0645\u062c\u0641\u0641 \u0634\u0639\u0631 \ud83d\udc69\ud83c\udffb Enzo\" width=\"1200\" height=\"900\" src=\"https:\/\/www.youtube.com\/embed\/MEpW_9aKly8?feature=oembed\" frameborder=\"0\" allow=\"accelerometer; autoplay; clipboard-write; encrypted-media; gyroscope; picture-in-picture; web-share\" referrerpolicy=\"strict-origin-when-cross-origin\" allowfullscreen><\/iframe><\/p>\n<h2>Les meilleurs mod\u00e8les recommand\u00e9s<\/h2>\n<ul>\n<li><strong>T3 Afar Travel Dryer:<\/strong> Id\u00e9al pour les voyages internationaux, 180 $<\/li>\n<li><strong>Dyson Supersonic Hair Dryer:<\/strong> Un incontournable pour les voyages aux \u00c9tats-Unis, 430 $<\/li>\n<li><strong>Drybar Baby Buttercup Travel Blow-Dryer:<\/strong> Pratique et performant, 139 $<\/li>\n<li><strong>Shark SpeedStyle Hair Dryer:<\/strong> Pour un contr\u00f4le de temp\u00e9rature optimal, 200 $<\/li>\n<li><strong>BabylissPro Nano Titanium Travel Dryer:<\/strong> Ultra l\u00e9ger \u00e0 35 $<\/li>\n<li><strong>GHD Flight+ Travel Hair Dryer:<\/strong> Un excellent choix avec son \u00e9tui, 119 $<\/li>\n<\/ul>\n<p>Ces mod\u00e8les ont \u00e9t\u00e9 soigneusement s\u00e9lectionn\u00e9s pour leur efficacit\u00e9 et leur compacit\u00e9. Que vous soyez en voyage d&rsquo;affaires ou en vacances, ces s\u00e8che-cheveux sauront r\u00e9pondre \u00e0 vos besoins tout en pr\u00e9servant vos cheveux des dommages. Comme le souligne un expert du secteur, <\/p>\n<blockquote><p>\u00ab Un bon s\u00e8che-cheveux doit avoir au moins trois r\u00e9glages de chaleur et \u00eatre facile \u00e0 transporter \u00bb.<\/p><\/blockquote>\n<h2>Comment tester et \u00e9valuer un s\u00e8che-cheveux de voyage<\/h2>\n<p>Lors de l&rsquo;\u00e9valuation d&rsquo;un s\u00e8che-cheveux de voyage, il est important de prendre en compte plusieurs crit\u00e8res. La performance est primordiale : un bon s\u00e8che-cheveux doit \u00eatre capable de s\u00e9cher vos cheveux rapidement, tout en minimisant les frisottis. Des experts recommandent de rechercher des mod\u00e8les ayant une puissance d&rsquo;au moins 1500 watts pour des r\u00e9sultats optimaux.<\/p>\n<p>En outre, il est essentiel de tester le produit sur diff\u00e9rents types de cheveux pour \u00e9valuer son efficacit\u00e9. Des caract\u00e9ristiques comme la durabilit\u00e9, la facilit\u00e9 d&rsquo;utilisation et le design ergonomique jouent \u00e9galement un r\u00f4le dans l&rsquo;exp\u00e9rience globale. Pensez \u00e0 essayer le s\u00e8che-cheveux avant de l&rsquo;acheter pour vous assurer qu&rsquo;il correspond \u00e0 vos attentes.<\/p>\n<p>En choisissant un s\u00e8che-cheveux de voyage de qualit\u00e9, vous vous assurez de garder une coiffure impeccable, peu importe o\u00f9 vos aventures vous m\u00e8nent. Que vous optiez pour le luxe du Dyson ou la l\u00e9g\u00e8ret\u00e9 du BabylissPro, chaque mod\u00e8le a ses atouts. N&rsquo;oubliez pas d&rsquo;inclure un s\u00e8che-cheveux parmi vos essentiels de voyage pour vous sentir confiant et pr\u00eat \u00e0 affronter chaque journ\u00e9e, m\u00eame en d\u00e9placement.<\/p>\n","protected":false},"excerpt":{"rendered":"","protected":false},"author":34,"featured_media":20319,"comment_status":"open","ping_status":"open","sticky":false,"template":"","format":"standard","meta":{"_acf_changed":false,"manual_indexmenow":false,"indexmenow_id_project":0,"footnotes":""},"categories":[1],"tags":[4639,4680,4528,4713,4635],"class_list":["post-16123","post","type-post","status-publish","format-standard","has-post-thumbnail","hentry","category-a-la-une","tag-aventure","tag-conseils","tag-hebergement-abordable","tag-preparation","tag-voyage","generate-columns","tablet-grid-50","mobile-grid-100","grid-parent","grid-25"],"acf":[],"yoast_head":"<!-- This site is optimized with the Yoast SEO Premium plugin v21.3 (Yoast SEO v25.1) - https:\/\/yoast.com\/wordpress\/plugins\/seo\/ -->\n<title>D\u00e9couvrez les 7 s\u00e8che-cheveux de voyage compacts et<\/title>\n<meta name=\"description\" content=\"Lorsque l&#039;on se pr\u00e9pare \u00e0 partir, il est essentiel de ne pas n\u00e9gliger cet aspect. Un s\u00e8che-cheveux de voyage efficace peut faire toute la diff\u00e9rence, en\" \/>\n<meta name=\"robots\" content=\"index, follow, max-snippet:-1, max-image-preview:large, max-video-preview:-1\" \/>\n<link rel=\"canonical\" href=\"https:\/\/voyage-aventure.com\/blog\/a-la-une\/decouvrez-les-7-seche-cheveux-de-voyage-compacts-et-puissants-pour-des-cheveux-impeccables\/\" \/>\n<meta property=\"og:locale\" content=\"fr_FR\" \/>\n<meta property=\"og:type\" content=\"article\" \/>\n<meta property=\"og:title\" content=\"D\u00e9couvrez les 7 s\u00e8che-cheveux de voyage compacts et\" \/>\n<meta property=\"og:description\" content=\"Lorsque l&#039;on se pr\u00e9pare \u00e0 partir, il est essentiel de ne pas n\u00e9gliger cet aspect. Un s\u00e8che-cheveux de voyage efficace peut faire toute la diff\u00e9rence, en\" \/>\n<meta property=\"og:url\" content=\"https:\/\/voyage-aventure.com\/blog\/a-la-une\/decouvrez-les-7-seche-cheveux-de-voyage-compacts-et-puissants-pour-des-cheveux-impeccables\/\" \/>\n<meta property=\"og:site_name\" content=\"voyage-aventure\" \/>\n<meta property=\"og:image\" content=\"https:\/\/voyage-aventure.com\/blog\/wp-content\/uploads\/2025\/05\/sdxl-3733d85ba5047459b51ebf290d37f7bb-scaled.png\" \/>\n\t<meta property=\"og:image:width\" content=\"1200\" \/>\n\t<meta property=\"og:image:height\" content=\"500\" \/>\n\t<meta property=\"og:image:type\" content=\"image\/png\" \/>\n<meta name=\"author\" content=\"Camille Rouvray\" \/>\n<meta name=\"twitter:card\" content=\"summary_large_image\" \/>\n<script type=\"application\/ld+json\" class=\"yoast-schema-graph\">{\"@context\":\"https:\/\/schema.org\",\"@graph\":[{\"@type\":\"NewsArticle\",\"@id\":\"https:\/\/voyage-aventure.com\/blog\/a-la-une\/decouvrez-les-7-seche-cheveux-de-voyage-compacts-et-puissants-pour-des-cheveux-impeccables\/#article\",\"isPartOf\":{\"@id\":\"https:\/\/voyage-aventure.com\/blog\/a-la-une\/decouvrez-les-7-seche-cheveux-de-voyage-compacts-et-puissants-pour-des-cheveux-impeccables\/\"},\"author\":{\"name\":\"Camille Rouvray\",\"@id\":\"https:\/\/voyage-aventure.com\/blog\/#\/schema\/person\/3c864cdc320801e3db34b663e7e3f816\"},\"headline\":\"D\u00e9couvrez les 7 s\u00e8che-cheveux de voyage compacts et puissants pour des cheveux impeccables\",\"datePublished\":\"2025-03-23T12:12:45+00:00\",\"mainEntityOfPage\":{\"@id\":\"https:\/\/voyage-aventure.com\/blog\/a-la-une\/decouvrez-les-7-seche-cheveux-de-voyage-compacts-et-puissants-pour-des-cheveux-impeccables\/\"},\"wordCount\":579,\"commentCount\":23,\"publisher\":{\"@id\":\"https:\/\/voyage-aventure.com\/blog\/#organization\"},\"image\":{\"@id\":\"https:\/\/voyage-aventure.com\/blog\/a-la-une\/decouvrez-les-7-seche-cheveux-de-voyage-compacts-et-puissants-pour-des-cheveux-impeccables\/#primaryimage\"},\"thumbnailUrl\":\"https:\/\/voyage-aventure.com\/blog\/wp-content\/uploads\/2025\/05\/sdxl-3733d85ba5047459b51ebf290d37f7bb-scaled.png\",\"keywords\":[\"Aventure\",\"Conseils\",\"H\u00e9bergement Abordable\",\"Pr\u00e9paration\",\"Voyage\"],\"articleSection\":[\"\u00c0 la une\"],\"inLanguage\":\"fr-FR\",\"potentialAction\":[{\"@type\":\"CommentAction\",\"name\":\"Comment\",\"target\":[\"https:\/\/voyage-aventure.com\/blog\/a-la-une\/decouvrez-les-7-seche-cheveux-de-voyage-compacts-et-puissants-pour-des-cheveux-impeccables\/#respond\"]}]},{\"@type\":\"WebPage\",\"@id\":\"https:\/\/voyage-aventure.com\/blog\/a-la-une\/decouvrez-les-7-seche-cheveux-de-voyage-compacts-et-puissants-pour-des-cheveux-impeccables\/\",\"url\":\"https:\/\/voyage-aventure.com\/blog\/a-la-une\/decouvrez-les-7-seche-cheveux-de-voyage-compacts-et-puissants-pour-des-cheveux-impeccables\/\",\"name\":\"D\u00e9couvrez les 7 s\u00e8che-cheveux de voyage compacts et\",\"isPartOf\":{\"@id\":\"https:\/\/voyage-aventure.com\/blog\/#website\"},\"primaryImageOfPage\":{\"@id\":\"https:\/\/voyage-aventure.com\/blog\/a-la-une\/decouvrez-les-7-seche-cheveux-de-voyage-compacts-et-puissants-pour-des-cheveux-impeccables\/#primaryimage\"},\"image\":{\"@id\":\"https:\/\/voyage-aventure.com\/blog\/a-la-une\/decouvrez-les-7-seche-cheveux-de-voyage-compacts-et-puissants-pour-des-cheveux-impeccables\/#primaryimage\"},\"thumbnailUrl\":\"https:\/\/voyage-aventure.com\/blog\/wp-content\/uploads\/2025\/05\/sdxl-3733d85ba5047459b51ebf290d37f7bb-scaled.png\",\"datePublished\":\"2025-03-23T12:12:45+00:00\",\"description\":\"Lorsque l'on se pr\u00e9pare \u00e0 partir, il est essentiel de ne pas n\u00e9gliger cet aspect. Un s\u00e8che-cheveux de voyage efficace peut faire toute la diff\u00e9rence, en\",\"inLanguage\":\"fr-FR\",\"potentialAction\":[{\"@type\":\"ReadAction\",\"target\":[\"https:\/\/voyage-aventure.com\/blog\/a-la-une\/decouvrez-les-7-seche-cheveux-de-voyage-compacts-et-puissants-pour-des-cheveux-impeccables\/\"]}]},{\"@type\":\"ImageObject\",\"inLanguage\":\"fr-FR\",\"@id\":\"https:\/\/voyage-aventure.com\/blog\/a-la-une\/decouvrez-les-7-seche-cheveux-de-voyage-compacts-et-puissants-pour-des-cheveux-impeccables\/#primaryimage\",\"url\":\"https:\/\/voyage-aventure.com\/blog\/wp-content\/uploads\/2025\/05\/sdxl-3733d85ba5047459b51ebf290d37f7bb-scaled.png\",\"contentUrl\":\"https:\/\/voyage-aventure.com\/blog\/wp-content\/uploads\/2025\/05\/sdxl-3733d85ba5047459b51ebf290d37f7bb-scaled.png\",\"width\":1200,\"height\":500},{\"@type\":\"WebSite\",\"@id\":\"https:\/\/voyage-aventure.com\/blog\/#website\",\"url\":\"https:\/\/voyage-aventure.com\/blog\/\",\"name\":\"voyage-aventure.com\",\"description\":\"Votre passeport pour l\u2019inattendu.\",\"publisher\":{\"@id\":\"https:\/\/voyage-aventure.com\/blog\/#organization\"},\"alternateName\":\"Votre passeport pour l\u2019inattendu.\",\"potentialAction\":[{\"@type\":\"SearchAction\",\"target\":{\"@type\":\"EntryPoint\",\"urlTemplate\":\"https:\/\/voyage-aventure.com\/blog\/?s={search_term_string}\"},\"query-input\":{\"@type\":\"PropertyValueSpecification\",\"valueRequired\":true,\"valueName\":\"search_term_string\"}}],\"inLanguage\":\"fr-FR\"},{\"@type\":\"Organization\",\"@id\":\"https:\/\/voyage-aventure.com\/blog\/#organization\",\"name\":\"Foretsensations.fr\",\"url\":\"https:\/\/voyage-aventure.com\/blog\/\",\"logo\":{\"@type\":\"ImageObject\",\"inLanguage\":\"fr-FR\",\"@id\":\"https:\/\/voyage-aventure.com\/blog\/#\/schema\/logo\/image\/\",\"url\":\"https:\/\/voyage-aventure.com\/blog\/wp-content\/uploads\/2024\/12\/19.png\",\"contentUrl\":\"https:\/\/voyage-aventure.com\/blog\/wp-content\/uploads\/2024\/12\/19.png\",\"width\":512,\"height\":512,\"caption\":\"Foretsensations.fr\"},\"image\":{\"@id\":\"https:\/\/voyage-aventure.com\/blog\/#\/schema\/logo\/image\/\"}},{\"@type\":\"Person\",\"@id\":\"https:\/\/voyage-aventure.com\/blog\/#\/schema\/person\/3c864cdc320801e3db34b663e7e3f816\",\"name\":\"Camille Rouvray\",\"image\":{\"@type\":\"ImageObject\",\"inLanguage\":\"fr-FR\",\"@id\":\"https:\/\/voyage-aventure.com\/blog\/#\/schema\/person\/image\/\",\"url\":\"https:\/\/voyage-aventure.com\/blog\/wp-content\/uploads\/2026\/06\/persona_camille-r-96x96.jpg\",\"contentUrl\":\"https:\/\/voyage-aventure.com\/blog\/wp-content\/uploads\/2026\/06\/persona_camille-r-96x96.jpg\",\"caption\":\"Camille Rouvray\"},\"description\":\"Je voyage et j'\u00e9cris sur le voyage depuis une douzaine d'ann\u00e9es, d'abord en tant que routarde au long cours, puis comme r\u00e9dactrice sp\u00e9cialis\u00e9e. Mon terrain de pr\u00e9dilection, ce sont les circuits organis\u00e9s et l'art de bien pr\u00e9parer un itin\u00e9raire : choix de la saison, dur\u00e9e r\u00e9aliste des \u00e9tapes, budget jour par jour, logement et transport sur place. J'aime aussi raconter les p\u00e9pites urbaines, ces adresses qu'on ne trouve pas dans les guides classiques. Avant de publier un dossier destination, je croise toujours plusieurs sources, je v\u00e9rifie les tarifs et les formalit\u00e9s d'entr\u00e9e \u00e0 jour, et je teste moi-m\u00eame quand je le peux. Mon angle reste pratique avant tout : aider le lecteur \u00e0 partir l'esprit tranquille, sans mauvaise surprise une fois sur place. Je m'attache \u00e0 distinguer le coup de c\u0153ur sinc\u00e8re du simple argument marketing.\",\"sameAs\":[\"https:\/\/camillerouvray.fr\/\"],\"url\":\"https:\/\/voyage-aventure.com\/blog\/auteur\/noname\/\"}]}<\/script>\n<!-- \/ Yoast SEO Premium plugin. -->","yoast_head_json":{"title":"D\u00e9couvrez les 7 s\u00e8che-cheveux de voyage compacts et","description":"Lorsque l'on se pr\u00e9pare \u00e0 partir, il est essentiel de ne pas n\u00e9gliger cet aspect. Un s\u00e8che-cheveux de voyage efficace peut faire toute la diff\u00e9rence, en","robots":{"index":"index","follow":"follow","max-snippet":"max-snippet:-1","max-image-preview":"max-image-preview:large","max-video-preview":"max-video-preview:-1"},"canonical":"https:\/\/voyage-aventure.com\/blog\/a-la-une\/decouvrez-les-7-seche-cheveux-de-voyage-compacts-et-puissants-pour-des-cheveux-impeccables\/","og_locale":"fr_FR","og_type":"article","og_title":"D\u00e9couvrez les 7 s\u00e8che-cheveux de voyage compacts et","og_description":"Lorsque l'on se pr\u00e9pare \u00e0 partir, il est essentiel de ne pas n\u00e9gliger cet aspect. Un s\u00e8che-cheveux de voyage efficace peut faire toute la diff\u00e9rence, en","og_url":"https:\/\/voyage-aventure.com\/blog\/a-la-une\/decouvrez-les-7-seche-cheveux-de-voyage-compacts-et-puissants-pour-des-cheveux-impeccables\/","og_site_name":"voyage-aventure","og_image":[{"width":1200,"height":500,"url":"https:\/\/voyage-aventure.com\/blog\/wp-content\/uploads\/2025\/05\/sdxl-3733d85ba5047459b51ebf290d37f7bb-scaled.png","type":"image\/png"}],"author":"Camille Rouvray","twitter_card":"summary_large_image","schema":{"@context":"https:\/\/schema.org","@graph":[{"@type":"NewsArticle","@id":"https:\/\/voyage-aventure.com\/blog\/a-la-une\/decouvrez-les-7-seche-cheveux-de-voyage-compacts-et-puissants-pour-des-cheveux-impeccables\/#article","isPartOf":{"@id":"https:\/\/voyage-aventure.com\/blog\/a-la-une\/decouvrez-les-7-seche-cheveux-de-voyage-compacts-et-puissants-pour-des-cheveux-impeccables\/"},"author":{"name":"Camille Rouvray","@id":"https:\/\/voyage-aventure.com\/blog\/#\/schema\/person\/3c864cdc320801e3db34b663e7e3f816"},"headline":"D\u00e9couvrez les 7 s\u00e8che-cheveux de voyage compacts et puissants pour des cheveux impeccables","datePublished":"2025-03-23T12:12:45+00:00","mainEntityOfPage":{"@id":"https:\/\/voyage-aventure.com\/blog\/a-la-une\/decouvrez-les-7-seche-cheveux-de-voyage-compacts-et-puissants-pour-des-cheveux-impeccables\/"},"wordCount":579,"commentCount":23,"publisher":{"@id":"https:\/\/voyage-aventure.com\/blog\/#organization"},"image":{"@id":"https:\/\/voyage-aventure.com\/blog\/a-la-une\/decouvrez-les-7-seche-cheveux-de-voyage-compacts-et-puissants-pour-des-cheveux-impeccables\/#primaryimage"},"thumbnailUrl":"https:\/\/voyage-aventure.com\/blog\/wp-content\/uploads\/2025\/05\/sdxl-3733d85ba5047459b51ebf290d37f7bb-scaled.png","keywords":["Aventure","Conseils","H\u00e9bergement Abordable","Pr\u00e9paration","Voyage"],"articleSection":["\u00c0 la une"],"inLanguage":"fr-FR","potentialAction":[{"@type":"CommentAction","name":"Comment","target":["https:\/\/voyage-aventure.com\/blog\/a-la-une\/decouvrez-les-7-seche-cheveux-de-voyage-compacts-et-puissants-pour-des-cheveux-impeccables\/#respond"]}]},{"@type":"WebPage","@id":"https:\/\/voyage-aventure.com\/blog\/a-la-une\/decouvrez-les-7-seche-cheveux-de-voyage-compacts-et-puissants-pour-des-cheveux-impeccables\/","url":"https:\/\/voyage-aventure.com\/blog\/a-la-une\/decouvrez-les-7-seche-cheveux-de-voyage-compacts-et-puissants-pour-des-cheveux-impeccables\/","name":"D\u00e9couvrez les 7 s\u00e8che-cheveux de voyage compacts et","isPartOf":{"@id":"https:\/\/voyage-aventure.com\/blog\/#website"},"primaryImageOfPage":{"@id":"https:\/\/voyage-aventure.com\/blog\/a-la-une\/decouvrez-les-7-seche-cheveux-de-voyage-compacts-et-puissants-pour-des-cheveux-impeccables\/#primaryimage"},"image":{"@id":"https:\/\/voyage-aventure.com\/blog\/a-la-une\/decouvrez-les-7-seche-cheveux-de-voyage-compacts-et-puissants-pour-des-cheveux-impeccables\/#primaryimage"},"thumbnailUrl":"https:\/\/voyage-aventure.com\/blog\/wp-content\/uploads\/2025\/05\/sdxl-3733d85ba5047459b51ebf290d37f7bb-scaled.png","datePublished":"2025-03-23T12:12:45+00:00","description":"Lorsque l'on se pr\u00e9pare \u00e0 partir, il est essentiel de ne pas n\u00e9gliger cet aspect. Un s\u00e8che-cheveux de voyage efficace peut faire toute la diff\u00e9rence, en","inLanguage":"fr-FR","potentialAction":[{"@type":"ReadAction","target":["https:\/\/voyage-aventure.com\/blog\/a-la-une\/decouvrez-les-7-seche-cheveux-de-voyage-compacts-et-puissants-pour-des-cheveux-impeccables\/"]}]},{"@type":"ImageObject","inLanguage":"fr-FR","@id":"https:\/\/voyage-aventure.com\/blog\/a-la-une\/decouvrez-les-7-seche-cheveux-de-voyage-compacts-et-puissants-pour-des-cheveux-impeccables\/#primaryimage","url":"https:\/\/voyage-aventure.com\/blog\/wp-content\/uploads\/2025\/05\/sdxl-3733d85ba5047459b51ebf290d37f7bb-scaled.png","contentUrl":"https:\/\/voyage-aventure.com\/blog\/wp-content\/uploads\/2025\/05\/sdxl-3733d85ba5047459b51ebf290d37f7bb-scaled.png","width":1200,"height":500},{"@type":"WebSite","@id":"https:\/\/voyage-aventure.com\/blog\/#website","url":"https:\/\/voyage-aventure.com\/blog\/","name":"voyage-aventure.com","description":"Votre passeport pour l\u2019inattendu.","publisher":{"@id":"https:\/\/voyage-aventure.com\/blog\/#organization"},"alternateName":"Votre passeport pour l\u2019inattendu.","potentialAction":[{"@type":"SearchAction","target":{"@type":"EntryPoint","urlTemplate":"https:\/\/voyage-aventure.com\/blog\/?s={search_term_string}"},"query-input":{"@type":"PropertyValueSpecification","valueRequired":true,"valueName":"search_term_string"}}],"inLanguage":"fr-FR"},{"@type":"Organization","@id":"https:\/\/voyage-aventure.com\/blog\/#organization","name":"Foretsensations.fr","url":"https:\/\/voyage-aventure.com\/blog\/","logo":{"@type":"ImageObject","inLanguage":"fr-FR","@id":"https:\/\/voyage-aventure.com\/blog\/#\/schema\/logo\/image\/","url":"https:\/\/voyage-aventure.com\/blog\/wp-content\/uploads\/2024\/12\/19.png","contentUrl":"https:\/\/voyage-aventure.com\/blog\/wp-content\/uploads\/2024\/12\/19.png","width":512,"height":512,"caption":"Foretsensations.fr"},"image":{"@id":"https:\/\/voyage-aventure.com\/blog\/#\/schema\/logo\/image\/"}},{"@type":"Person","@id":"https:\/\/voyage-aventure.com\/blog\/#\/schema\/person\/3c864cdc320801e3db34b663e7e3f816","name":"Camille Rouvray","image":{"@type":"ImageObject","inLanguage":"fr-FR","@id":"https:\/\/voyage-aventure.com\/blog\/#\/schema\/person\/image\/","url":"https:\/\/voyage-aventure.com\/blog\/wp-content\/uploads\/2026\/06\/persona_camille-r-96x96.jpg","contentUrl":"https:\/\/voyage-aventure.com\/blog\/wp-content\/uploads\/2026\/06\/persona_camille-r-96x96.jpg","caption":"Camille Rouvray"},"description":"Je voyage et j'\u00e9cris sur le voyage depuis une douzaine d'ann\u00e9es, d'abord en tant que routarde au long cours, puis comme r\u00e9dactrice sp\u00e9cialis\u00e9e. Mon terrain de pr\u00e9dilection, ce sont les circuits organis\u00e9s et l'art de bien pr\u00e9parer un itin\u00e9raire : choix de la saison, dur\u00e9e r\u00e9aliste des \u00e9tapes, budget jour par jour, logement et transport sur place. J'aime aussi raconter les p\u00e9pites urbaines, ces adresses qu'on ne trouve pas dans les guides classiques. Avant de publier un dossier destination, je croise toujours plusieurs sources, je v\u00e9rifie les tarifs et les formalit\u00e9s d'entr\u00e9e \u00e0 jour, et je teste moi-m\u00eame quand je le peux. Mon angle reste pratique avant tout : aider le lecteur \u00e0 partir l'esprit tranquille, sans mauvaise surprise une fois sur place. Je m'attache \u00e0 distinguer le coup de c\u0153ur sinc\u00e8re du simple argument marketing.","sameAs":["https:\/\/camillerouvray.fr\/"],"url":"https:\/\/voyage-aventure.com\/blog\/auteur\/noname\/"}]}},"_links":{"self":[{"href":"https:\/\/voyage-aventure.com\/blog\/wp-json\/wp\/v2\/posts\/16123","targetHints":{"allow":["GET"]}}],"collection":[{"href":"https:\/\/voyage-aventure.com\/blog\/wp-json\/wp\/v2\/posts"}],"about":[{"href":"https:\/\/voyage-aventure.com\/blog\/wp-json\/wp\/v2\/types\/post"}],"author":[{"embeddable":true,"href":"https:\/\/voyage-aventure.com\/blog\/wp-json\/wp\/v2\/users\/34"}],"replies":[{"embeddable":true,"href":"https:\/\/voyage-aventure.com\/blog\/wp-json\/wp\/v2\/comments?post=16123"}],"version-history":[{"count":1,"href":"https:\/\/voyage-aventure.com\/blog\/wp-json\/wp\/v2\/posts\/16123\/revisions"}],"predecessor-version":[{"id":16124,"href":"https:\/\/voyage-aventure.com\/blog\/wp-json\/wp\/v2\/posts\/16123\/revisions\/16124"}],"wp:featuredmedia":[{"embeddable":true,"href":"https:\/\/voyage-aventure.com\/blog\/wp-json\/wp\/v2\/media\/20319"}],"wp:attachment":[{"href":"https:\/\/voyage-aventure.com\/blog\/wp-json\/wp\/v2\/media?parent=16123"}],"wp:term":[{"taxonomy":"category","embeddable":true,"href":"https:\/\/voyage-aventure.com\/blog\/wp-json\/wp\/v2\/categories?post=16123"},{"taxonomy":"post_tag","embeddable":true,"href":"https:\/\/voyage-aventure.com\/blog\/wp-json\/wp\/v2\/tags?post=16123"}],"curies":[{"name":"wp","href":"https:\/\/api.w.org\/{rel}","templated":true}]}}