{"id":16116,"date":"2026-06-16T17:27:39","date_gmt":"2026-06-16T15:27:39","guid":{"rendered":"https:\/\/voyage-aventure.com\/blog\/a-la-une\/le-phenomene-du-fam-travel-des-vacances-memorables-en-famille-intergenerationnelle\/"},"modified":"2026-06-16T17:27:39","modified_gmt":"2026-06-16T15:27:39","slug":"le-phenomene-du-fam-travel-des-vacances-memorables-en-famille-intergenerationnelle","status":"publish","type":"post","link":"https:\/\/voyage-aventure.com\/blog\/a-la-une\/le-phenomene-du-fam-travel-des-vacances-memorables-en-famille-intergenerationnelle\/","title":{"rendered":"le ph\u00e9nom\u00e8ne du \u00ab\u00a0fam travel\u00a0\u00bb : des vacances m\u00e9morables en famille interg\u00e9n\u00e9rationnelle"},"content":{"rendered":"<link rel=\"stylesheet\" href=\"https:\/\/fonts.googleapis.com\/css2?family=Space+Grotesk:wght@500;600;700&#038;family=Inter:wght@400;500;600&#038;family=JetBrains+Mono:wght@500&#038;display=swap\">\n<style>\n.fam-ib-wrap{font-family:'Inter',-apple-system,sans-serif;color:#28323e;line-height:1.65;font-size:17px;max-width:820px;margin:0 auto}\n.fam-ib-wrap h2{font-family:'Space Grotesk',sans-serif;font-weight:700;font-size:clamp(24px,3.2vw,33px);line-height:1.2;letter-spacing:-.02em;color:#1c2530;margin:48px 0 16px}\n.fam-ib-wrap h3{font-family:'Space Grotesk',sans-serif;font-weight:600;font-size:clamp(19px,2.2vw,22px);color:#1c2530;margin:28px 0 10px}\n.fam-ib-wrap p{margin:0 0 16px}\n.fam-ib-kicker{font-family:'JetBrains Mono',monospace;font-size:13px;font-weight:500;letter-spacing:.08em;text-transform:uppercase;color:#c75b39;margin:0 0 8px}\n.fam-ib-lead{font-size:19px;line-height:1.6;color:#3a4654;margin:0 0 28px}\n.fam-ib-brief{background:linear-gradient(180deg,#fdf3ee,#fbeae1);border-left:5px solid #c75b39;border-radius:12px;padding:24px 26px;margin:0 0 40px;box-shadow:0 1px 2px rgba(16,24,40,.05),0 14px 30px -18px rgba(199,91,57,.4)}\n.fam-ib-brief .fam-ib-bt{font-family:'Space Grotesk',sans-serif;font-weight:700;font-size:18px;color:#a3431f;margin:0 0 10px;display:flex;align-items:center;gap:8px}\n.fam-ib-brief .fam-ib-txt{font-size:17px;color:#3a3028;margin:0 0 12px}\n.fam-ib-brief ul{margin:6px 0 0;padding-left:0;list-style:none}\n.fam-ib-brief li{position:relative;padding-left:26px;margin:0 0 9px;color:#3a3028}\n.fam-ib-brief li::before{content:\"\u203a\";position:absolute;left:6px;top:-1px;color:#c75b39;font-weight:700;font-size:20px}\n.fam-ib-stats{display:grid;grid-template-columns:repeat(auto-fit,minmax(150px,1fr));gap:20px;margin:30px 0}\n.fam-ib-stat{background:#fff;border:1px solid #ece4dd;border-top:3px solid #c75b39;border-radius:12px;padding:24px 20px;text-align:center;box-shadow:0 1px 2px rgba(16,24,40,.05),0 12px 26px -18px rgba(16,24,40,.2);transition:.25s ease}\n.fam-ib-stat:hover{transform:translateY(-3px);box-shadow:0 1px 2px rgba(16,24,40,.06),0 18px 34px -16px rgba(199,91,57,.35)}\n.fam-ib-stat .fam-ib-num{font-family:'Space Grotesk',sans-serif;font-weight:700;font-size:38px;color:#c75b39;line-height:1}\n.fam-ib-stat .fam-ib-cap{font-size:14px;color:#5a6470;margin-top:10px;line-height:1.45}\n.fam-ib-cards{display:grid;grid-template-columns:repeat(auto-fit,minmax(230px,1fr));gap:22px;margin:30px 0}\n.fam-ib-card{background:#fff;border:1px solid #ece4dd;border-radius:14px;padding:24px;box-shadow:0 1px 2px rgba(16,24,40,.05),0 12px 28px -18px rgba(16,24,40,.18);transition:.25s ease}\n.fam-ib-card:hover{transform:translateY(-3px);box-shadow:0 1px 2px rgba(16,24,40,.06),0 20px 38px -16px rgba(199,91,57,.3)}\n.fam-ib-card .fam-ib-ct{font-family:'Space Grotesk',sans-serif;font-weight:600;font-size:18px;color:#1c2530;margin:0 0 8px}\n.fam-ib-card .fam-ib-cd{font-size:15.5px;color:#4b5563;line-height:1.55}\n.fam-ib-card .fam-ib-icn{font-size:24px;display:block;margin-bottom:10px}\n.fam-ib-quote{font-family:'Space Grotesk',sans-serif;font-weight:600;font-size:clamp(21px,2.8vw,27px);line-height:1.4;color:#1c2530;border-left:5px solid #c75b39;padding:6px 0 6px 24px;margin:36px 0}\n.fam-ib-aside{background:#f5f7f5;border:1px solid #e0e7e1;border-left:4px solid #4a8c6e;border-radius:12px;padding:20px 24px;margin:30px 0}\n.fam-ib-aside .fam-ib-at{font-family:'Space Grotesk',sans-serif;font-weight:600;font-size:17px;color:#2e6b50;margin:0 0 8px}\n.fam-ib-aside .fam-ib-txt{font-size:16px;color:#3a4654;margin:0}\n.fam-ib-retain{background:#1c2530;border-radius:14px;padding:28px 30px;margin:44px 0}\n.fam-ib-retain .fam-ib-rt{font-family:'Space Grotesk',sans-serif;font-weight:700;font-size:20px;color:#fff;margin:0 0 14px}\n.fam-ib-retain ul{margin:0;padding-left:0;list-style:none}\n.fam-ib-retain li{position:relative;padding-left:28px;margin:0 0 11px;color:#dfe4ea;line-height:1.5}\n.fam-ib-retain li::before{content:\"\u2726\";position:absolute;left:0;top:0;color:#e6864f}\n.fam-ib-faq{margin:36px 0}\n.fam-ib-faq details{border:1px solid #ece4dd;border-radius:12px;padding:0;margin:0 0 12px;background:#fff;overflow:hidden;transition:.25s ease}\n.fam-ib-faq details[open]{box-shadow:0 12px 28px -18px rgba(16,24,40,.25)}\n.fam-ib-faq summary{font-family:'Space Grotesk',sans-serif;font-weight:600;font-size:17px;color:#1c2530;padding:18px 22px;cursor:pointer;list-style:none;position:relative;padding-right:48px}\n.fam-ib-faq summary::-webkit-details-marker{display:none}\n.fam-ib-faq summary::after{content:\"+\";position:absolute;right:22px;top:50%;transform:translateY(-50%);color:#c75b39;font-size:24px;font-weight:700}\n.fam-ib-faq details[open] summary::after{content:\"\u2013\"}\n.fam-ib-faq .fam-ib-fa{padding:0 22px 20px;font-size:16px;color:#4b5563;line-height:1.6}\n\/*RENDERFIX2*\/.fam-ib-retain{color:#eef3f9!important}.fam-ib-retain p,.fam-ib-retain li,.fam-ib-retain strong,.fam-ib-retain em,.fam-ib-retain a,.fam-ib-retain span,.fam-ib-retain b,.fam-ib-retain td,.fam-ib-retain th,.fam-ib-retain h2,.fam-ib-retain h3,.fam-ib-retain h4{color:#eef3f9!important}.fam-ib-retain strong,.fam-ib-retain b{color:#ffffff!important}<\/style>\n<div class=\"fam-ib-wrap\">\n<div class=\"fam-ib-kicker\">Tendance voyage \u00b7 Famille<\/div>\n<p class=\"fam-ib-lead\">R\u00e9unir grands-parents, parents et enfants pour un m\u00eame s\u00e9jour : le \u00ab fam travel \u00bb s&rsquo;impose comme l&rsquo;une des mani\u00e8res les plus recherch\u00e9es de partir. Derri\u00e8re le mot, une id\u00e9e simple \u2014 transformer des vacances en moments partag\u00e9s entre g\u00e9n\u00e9rations, et en souvenirs qui durent.<\/p>\n<div class=\"fam-ib-brief\">\n<div class=\"fam-ib-bt\"><span aria-hidden=\"true\">\u2726<\/span> En bref<\/div>\n<div class=\"fam-ib-txt\">Le \u00ab fam travel \u00bb d\u00e9signe le voyage interg\u00e9n\u00e9rationnel : plusieurs g\u00e9n\u00e9rations d&rsquo;une m\u00eame famille \u2014 des grands-parents aux petits-enfants \u2014 partent en vacances ensemble. Selon un rapport d&rsquo;American Express Travel, cette pratique r\u00e9pond \u00e0 une envie croissante de voyages r\u00e9fl\u00e9chis et de temps de qualit\u00e9 en famille.<\/div>\n<ul>\n<li>Un s\u00e9jour qui r\u00e9unit grands-parents, parents et enfants sous le signe du partage<\/li>\n<li>Pour 89 % des familles concern\u00e9es, l&rsquo;objectif premier est de passer du temps de qualit\u00e9 ensemble<\/li>\n<li>Les jeunes participent activement \u00e0 la planification des itin\u00e9raires<\/li>\n<li>Une variante en plein essor : le \u00ab roots travel \u00bb, \u00e0 la d\u00e9couverte de l&rsquo;histoire familiale<\/li>\n<\/ul>\n<\/div>\n<h2>Une nouvelle tendance de voyage interg\u00e9n\u00e9rationnel<\/h2>\n<p>Ce concept r\u00e9unit plusieurs g\u00e9n\u00e9rations de familles, allant des grands-parents aux petits-enfants, pour des vacances partag\u00e9es. Un rapport r\u00e9cent d&rsquo;American Express Travel souligne que cette pratique permet de cr\u00e9er des souvenirs durables en famille.<\/p>\n<p>Audrey Hendley, pr\u00e9sidente d&rsquo;American Express Travel, d\u00e9clare : \u00ab Les voyageurs, en particulier les mill\u00e9niaux et la g\u00e9n\u00e9ration Z, cherchent \u00e0 r\u00e9server des voyages r\u00e9fl\u00e9chis et significatifs cette ann\u00e9e. \u00bb Ce changement de mentalit\u00e9 incite de nombreuses familles \u00e0 planifier des vacances ensemble, renfor\u00e7ant ainsi les liens interg\u00e9n\u00e9rationnels.<\/p>\n<h2>Les motivations derri\u00e8re le \u00ab fam travel \u00bb<\/h2>\n<p>Selon le rapport, 58 % des parents mill\u00e9niaux et de la g\u00e9n\u00e9ration Z envisagent de partir en vacances avec leur famille \u00e9largie. Pour 89 % d&rsquo;entre eux, la priorit\u00e9 est de passer du temps de qualit\u00e9 ensemble. Cette tendance montre \u00e0 quel point les voyages en famille sont devenus essentiels pour renforcer les relations.<\/p>\n<p>De plus, 24 % des parents admettent qu&rsquo;ils emm\u00e8nent leurs proches pour b\u00e9n\u00e9ficier d&rsquo;un soutien en mati\u00e8re de garde d&rsquo;enfants. Cette dynamique permet \u00e0 chacun de profiter des vacances tout en s&rsquo;assurant que les plus jeunes sont pris en charge, un aspect crucial pour les familles modernes.<\/p>\n<div class=\"fam-ib-stats\">\n<div class=\"fam-ib-stat\">\n<div class=\"fam-ib-num\">58 %<\/div>\n<div class=\"fam-ib-cap\">des parents mill\u00e9niaux et Gen Z envisagent de partir avec leur famille \u00e9largie<\/div>\n<\/div>\n<div class=\"fam-ib-stat\">\n<div class=\"fam-ib-num\">89 %<\/div>\n<div class=\"fam-ib-cap\">ont pour priorit\u00e9 de passer du temps de qualit\u00e9 ensemble<\/div>\n<\/div>\n<div class=\"fam-ib-stat\">\n<div class=\"fam-ib-num\">24 %<\/div>\n<div class=\"fam-ib-cap\">cherchent aussi un soutien pour la garde des enfants<\/div>\n<\/div>\n<\/div>\n<h2>Le r\u00f4le des jeunes dans la planification des voyages<\/h2>\n<p>Une autre caract\u00e9ristique int\u00e9ressante du \u00ab fam travel \u00bb est la participation active des jeunes dans la planification des activit\u00e9s. En effet, 68 % des parents de mill\u00e9niaux et de la g\u00e9n\u00e9ration Z affirment que leurs enfants contribuent \u00e0 l&rsquo;\u00e9laboration des itin\u00e9raires. Cela permet aux jeunes de prendre des initiatives et de s&rsquo;engager davantage dans l&rsquo;exp\u00e9rience familiale.<\/p>\n<p>Cette nouvelle approche de la planification des vacances favorise un sentiment d&rsquo;appartenance au sein de la famille. Les jeunes se sentent valoris\u00e9s et \u00e9cout\u00e9s, ce qui enrichit encore plus l&rsquo;exp\u00e9rience de voyage pour tous.<\/p>\n<div class=\"fam-ib-aside\">\n<div class=\"fam-ib-at\">Bon \u00e0 savoir<\/div>\n<div class=\"fam-ib-txt\">Impliquer les plus jeunes dans le choix des \u00e9tapes \u2014 une visite, une activit\u00e9, un restaurant \u2014 n&rsquo;est pas qu&rsquo;un d\u00e9tail logistique : c&rsquo;est ce qui transforme un voyage subi en projet familial partag\u00e9, o\u00f9 chacun a sa part de responsabilit\u00e9 et de plaisir.<\/div>\n<\/div>\n<blockquote class=\"fam-ib-quote\"><p>\u00ab Les voyages en famille permettent non seulement de d\u00e9couvrir de nouveaux horizons, mais aussi de renforcer les liens interg\u00e9n\u00e9rationnels. \u00bb<\/p><\/blockquote>\n<h2>Les avantages du \u00ab fam travel \u00bb<\/h2>\n<p>Le \u00ab fam travel \u00bb offre de nombreux avantages, tant sur le plan \u00e9motionnel que pratique. Passer du temps ensemble permet aux familles de cr\u00e9er des souvenirs inoubliables tout en apprenant \u00e0 mieux se conna\u00eetre. Ce type de voyage renforce \u00e9galement la coh\u00e9sion familiale, essentielle \u00e0 l&rsquo;\u00e9panouissement de chacun.<\/p>\n<p>Par ailleurs, les vacances en famille peuvent \u00eatre une occasion d&rsquo;explorer les racines d&rsquo;une famille, une tendance en plein essor connue sous le nom de \u00ab roots travel \u00bb. Ce type de voyage incite les familles \u00e0 d\u00e9couvrir leur histoire et \u00e0 comprendre d&rsquo;o\u00f9 elles viennent, ce qui peut \u00eatre particuli\u00e8rement enrichissant pour les g\u00e9n\u00e9rations plus jeunes.<\/p>\n<div class=\"fam-ib-cards\">\n<div class=\"fam-ib-card\"><span class=\"fam-ib-icn\" aria-hidden=\"true\">\ud83d\udcf8<\/span><\/p>\n<div class=\"fam-ib-ct\">Des souvenirs durables<\/div>\n<div class=\"fam-ib-cd\">Vivre ensemble un m\u00eame voyage cr\u00e9e des moments forts qui se racontent et se transmettent bien apr\u00e8s le retour.<\/div>\n<\/div>\n<div class=\"fam-ib-card\"><span class=\"fam-ib-icn\" aria-hidden=\"true\">\ud83e\udd1d<\/span><\/p>\n<div class=\"fam-ib-ct\">Des liens renforc\u00e9s<\/div>\n<div class=\"fam-ib-cd\">Loin du quotidien, les g\u00e9n\u00e9rations apprennent \u00e0 mieux se conna\u00eetre et la coh\u00e9sion familiale s&rsquo;en trouve consolid\u00e9e.<\/div>\n<\/div>\n<div class=\"fam-ib-card\"><span class=\"fam-ib-icn\" aria-hidden=\"true\">\ud83d\uddfa\ufe0f<\/span><\/p>\n<div class=\"fam-ib-ct\">Les jeunes acteurs<\/div>\n<div class=\"fam-ib-cd\">En contribuant aux itin\u00e9raires, les enfants se sentent valoris\u00e9s et s&rsquo;investissent davantage dans l&rsquo;exp\u00e9rience.<\/div>\n<\/div>\n<div class=\"fam-ib-card\"><span class=\"fam-ib-icn\" aria-hidden=\"true\">\ud83c\udf33<\/span><\/p>\n<div class=\"fam-ib-ct\">Explorer ses racines<\/div>\n<div class=\"fam-ib-cd\">Le \u00ab roots travel \u00bb invite la famille \u00e0 remonter le fil de son histoire et \u00e0 comprendre d&rsquo;o\u00f9 elle vient.<\/div>\n<\/div>\n<div class=\"fam-ib-card\"><span class=\"fam-ib-icn\" aria-hidden=\"true\">\ud83d\udc76<\/span><\/p>\n<div class=\"fam-ib-ct\">Un soutien pratique<\/div>\n<div class=\"fam-ib-cd\">La pr\u00e9sence des proches facilite la garde des plus petits et all\u00e8ge l&rsquo;organisation pour les parents.<\/div>\n<\/div>\n<\/div>\n<div class=\"fam-ib-retain\">\n<div class=\"fam-ib-rt\">\u00c0 retenir<\/div>\n<ul>\n<li>Le \u00ab fam travel \u00bb r\u00e9unit plusieurs g\u00e9n\u00e9rations pour un m\u00eame s\u00e9jour, des grands-parents aux petits-enfants.<\/li>\n<li>58 % des parents mill\u00e9niaux et Gen Z envisagent un voyage en famille \u00e9largie ; pour 89 %, le temps de qualit\u00e9 passe avant tout.<\/li>\n<li>Les jeunes co-construisent le voyage : 68 % des parents disent que leurs enfants participent aux itin\u00e9raires.<\/li>\n<li>Au-del\u00e0 des souvenirs, il renforce la coh\u00e9sion familiale et facilite parfois la garde des enfants.<\/li>\n<li>Sa variante \u00ab roots travel \u00bb transforme les vacances en exploration des racines de la famille.<\/li>\n<\/ul>\n<\/div>\n<h2>Questions fr\u00e9quentes sur le \u00ab fam travel \u00bb<\/h2>\n<div class=\"fam-ib-faq\">\n<details>\n<summary>Qu&rsquo;est-ce que le \u00ab fam travel \u00bb exactement ?<\/summary>\n<div class=\"fam-ib-fa\">C&rsquo;est le voyage interg\u00e9n\u00e9rationnel : plusieurs g\u00e9n\u00e9rations d&rsquo;une m\u00eame famille \u2014 grands-parents, parents et enfants \u2014 partent en vacances ensemble pour partager un s\u00e9jour et cr\u00e9er des souvenirs communs.<\/div>\n<\/details>\n<details>\n<summary>Pourquoi cette tendance se d\u00e9veloppe-t-elle ?<\/summary>\n<div class=\"fam-ib-fa\">Selon le rapport d&rsquo;American Express Travel, les voyageurs, en particulier les mill\u00e9niaux et la g\u00e9n\u00e9ration Z, recherchent des voyages r\u00e9fl\u00e9chis et significatifs. Passer du temps de qualit\u00e9 en famille est devenu une priorit\u00e9, ce qui pousse de nombreuses familles \u00e0 partir ensemble.<\/div>\n<\/details>\n<details>\n<summary>Les enfants participent-ils \u00e0 l&rsquo;organisation ?<\/summary>\n<div class=\"fam-ib-fa\">Oui. 68 % des parents mill\u00e9niaux et Gen Z affirment que leurs enfants contribuent \u00e0 l&rsquo;\u00e9laboration des itin\u00e9raires. Cette implication renforce le sentiment d&rsquo;appartenance et l&rsquo;engagement des jeunes dans le voyage.<\/div>\n<\/details>\n<details>\n<summary>Quelle diff\u00e9rence avec le \u00ab roots travel \u00bb ?<\/summary>\n<div class=\"fam-ib-fa\">Le \u00ab roots travel \u00bb est une variante du voyage en famille centr\u00e9e sur la d\u00e9couverte de l&rsquo;histoire familiale et de ses origines. La famille explore d&rsquo;o\u00f9 elle vient, une d\u00e9marche particuli\u00e8rement enrichissante pour les plus jeunes g\u00e9n\u00e9rations.<\/div>\n<\/details>\n<\/div>\n<p>En r\u00e9sum\u00e9, le \u00ab fam travel \u00bb repr\u00e9sente une belle opportunit\u00e9 pour les familles de se reconnecter et de partager des exp\u00e9riences m\u00e9morables. Il ne s&rsquo;agit pas seulement de voyager, mais de tisser des liens qui dureront toute une vie. Les familles peuvent ainsi red\u00e9finir leurs vacances et en faire des moments pr\u00e9cieux \u00e0 ch\u00e9rir ensemble.<\/p>\n<\/div>\n","protected":false},"excerpt":{"rendered":"","protected":false},"author":34,"featured_media":18310,"comment_status":"open","ping_status":"open","sticky":false,"template":"","format":"standard","meta":{"_acf_changed":false,"manual_indexmenow":false,"indexmenow_id_project":0,"footnotes":""},"categories":[1],"tags":[4527,3800,4672,5688,5834],"class_list":["post-16116","post","type-post","status-publish","format-standard","has-post-thumbnail","hentry","category-a-la-une","tag-decouverte-culturelle","tag-emotions","tag-experiences","tag-relations-internationales","tag-voyage-en-famille","generate-columns","tablet-grid-50","mobile-grid-100","grid-parent","grid-25"],"acf":[],"yoast_head":"<!-- This site is optimized with the Yoast SEO Premium plugin v21.3 (Yoast SEO v25.1) - https:\/\/yoast.com\/wordpress\/plugins\/seo\/ -->\n<title>le ph\u00e9nom\u00e8ne du &quot;fam travel&quot; : des vacances m\u00e9morables en<\/title>\n<meta name=\"description\" content=\"R\u00e9unir grands-parents, parents et enfants pour un m\u00eame s\u00e9jour : le \u00ab fam travel \u00bb s&#039;impose comme l&#039;une des mani\u00e8res les plus recherch\u00e9es de partir\" \/>\n<meta name=\"robots\" content=\"index, follow, max-snippet:-1, max-image-preview:large, max-video-preview:-1\" \/>\n<link rel=\"canonical\" href=\"https:\/\/voyage-aventure.com\/blog\/a-la-une\/le-phenomene-du-fam-travel-des-vacances-memorables-en-famille-intergenerationnelle\/\" \/>\n<meta property=\"og:locale\" content=\"fr_FR\" \/>\n<meta property=\"og:type\" content=\"article\" \/>\n<meta property=\"og:title\" content=\"le ph\u00e9nom\u00e8ne du &quot;fam travel&quot; : des vacances m\u00e9morables en\" \/>\n<meta property=\"og:description\" content=\"R\u00e9unir grands-parents, parents et enfants pour un m\u00eame s\u00e9jour : le \u00ab fam travel \u00bb s&#039;impose comme l&#039;une des mani\u00e8res les plus recherch\u00e9es de partir\" \/>\n<meta property=\"og:url\" content=\"https:\/\/voyage-aventure.com\/blog\/a-la-une\/le-phenomene-du-fam-travel-des-vacances-memorables-en-famille-intergenerationnelle\/\" \/>\n<meta property=\"og:site_name\" content=\"voyage-aventure\" \/>\n<meta property=\"og:image\" content=\"https:\/\/voyage-aventure.com\/blog\/wp-content\/uploads\/2025\/04\/sdxl-1a25f2877bb7ac62a198c54b9517f67b.png\" \/>\n\t<meta property=\"og:image:width\" content=\"1536\" \/>\n\t<meta property=\"og:image:height\" content=\"640\" \/>\n\t<meta property=\"og:image:type\" content=\"image\/png\" \/>\n<meta name=\"author\" content=\"Camille Rouvray\" \/>\n<meta name=\"twitter:card\" content=\"summary_large_image\" \/>\n<script type=\"application\/ld+json\" class=\"yoast-schema-graph\">{\"@context\":\"https:\/\/schema.org\",\"@graph\":[{\"@type\":\"NewsArticle\",\"@id\":\"https:\/\/voyage-aventure.com\/blog\/a-la-une\/le-phenomene-du-fam-travel-des-vacances-memorables-en-famille-intergenerationnelle\/#article\",\"isPartOf\":{\"@id\":\"https:\/\/voyage-aventure.com\/blog\/a-la-une\/le-phenomene-du-fam-travel-des-vacances-memorables-en-famille-intergenerationnelle\/\"},\"author\":{\"name\":\"Camille Rouvray\",\"@id\":\"https:\/\/voyage-aventure.com\/blog\/#\/schema\/person\/3c864cdc320801e3db34b663e7e3f816\"},\"headline\":\"le ph\u00e9nom\u00e8ne du \u00ab\u00a0fam travel\u00a0\u00bb : des vacances m\u00e9morables en famille interg\u00e9n\u00e9rationnelle\",\"datePublished\":\"2026-06-16T15:27:39+00:00\",\"mainEntityOfPage\":{\"@id\":\"https:\/\/voyage-aventure.com\/blog\/a-la-une\/le-phenomene-du-fam-travel-des-vacances-memorables-en-famille-intergenerationnelle\/\"},\"wordCount\":1181,\"commentCount\":16,\"publisher\":{\"@id\":\"https:\/\/voyage-aventure.com\/blog\/#organization\"},\"image\":{\"@id\":\"https:\/\/voyage-aventure.com\/blog\/a-la-une\/le-phenomene-du-fam-travel-des-vacances-memorables-en-famille-intergenerationnelle\/#primaryimage\"},\"thumbnailUrl\":\"https:\/\/voyage-aventure.com\/blog\/wp-content\/uploads\/2025\/04\/sdxl-1a25f2877bb7ac62a198c54b9517f67b.png\",\"keywords\":[\"D\u00e9couverte Culturelle\",\"\u00c9motions\",\"Exp\u00e9riences\",\"Relations Internationales\",\"Voyage en famille\"],\"articleSection\":[\"\u00c0 la une\"],\"inLanguage\":\"fr-FR\",\"potentialAction\":[{\"@type\":\"CommentAction\",\"name\":\"Comment\",\"target\":[\"https:\/\/voyage-aventure.com\/blog\/a-la-une\/le-phenomene-du-fam-travel-des-vacances-memorables-en-famille-intergenerationnelle\/#respond\"]}]},{\"@type\":\"WebPage\",\"@id\":\"https:\/\/voyage-aventure.com\/blog\/a-la-une\/le-phenomene-du-fam-travel-des-vacances-memorables-en-famille-intergenerationnelle\/\",\"url\":\"https:\/\/voyage-aventure.com\/blog\/a-la-une\/le-phenomene-du-fam-travel-des-vacances-memorables-en-famille-intergenerationnelle\/\",\"name\":\"le ph\u00e9nom\u00e8ne du \\\"fam travel\\\" : des vacances m\u00e9morables en\",\"isPartOf\":{\"@id\":\"https:\/\/voyage-aventure.com\/blog\/#website\"},\"primaryImageOfPage\":{\"@id\":\"https:\/\/voyage-aventure.com\/blog\/a-la-une\/le-phenomene-du-fam-travel-des-vacances-memorables-en-famille-intergenerationnelle\/#primaryimage\"},\"image\":{\"@id\":\"https:\/\/voyage-aventure.com\/blog\/a-la-une\/le-phenomene-du-fam-travel-des-vacances-memorables-en-famille-intergenerationnelle\/#primaryimage\"},\"thumbnailUrl\":\"https:\/\/voyage-aventure.com\/blog\/wp-content\/uploads\/2025\/04\/sdxl-1a25f2877bb7ac62a198c54b9517f67b.png\",\"datePublished\":\"2026-06-16T15:27:39+00:00\",\"description\":\"R\u00e9unir grands-parents, parents et enfants pour un m\u00eame s\u00e9jour : le \u00ab fam travel \u00bb s'impose comme l'une des mani\u00e8res les plus recherch\u00e9es de partir\",\"inLanguage\":\"fr-FR\",\"potentialAction\":[{\"@type\":\"ReadAction\",\"target\":[\"https:\/\/voyage-aventure.com\/blog\/a-la-une\/le-phenomene-du-fam-travel-des-vacances-memorables-en-famille-intergenerationnelle\/\"]}]},{\"@type\":\"ImageObject\",\"inLanguage\":\"fr-FR\",\"@id\":\"https:\/\/voyage-aventure.com\/blog\/a-la-une\/le-phenomene-du-fam-travel-des-vacances-memorables-en-famille-intergenerationnelle\/#primaryimage\",\"url\":\"https:\/\/voyage-aventure.com\/blog\/wp-content\/uploads\/2025\/04\/sdxl-1a25f2877bb7ac62a198c54b9517f67b.png\",\"contentUrl\":\"https:\/\/voyage-aventure.com\/blog\/wp-content\/uploads\/2025\/04\/sdxl-1a25f2877bb7ac62a198c54b9517f67b.png\",\"width\":1536,\"height\":640},{\"@type\":\"WebSite\",\"@id\":\"https:\/\/voyage-aventure.com\/blog\/#website\",\"url\":\"https:\/\/voyage-aventure.com\/blog\/\",\"name\":\"voyage-aventure.com\",\"description\":\"Votre passeport pour l\u2019inattendu.\",\"publisher\":{\"@id\":\"https:\/\/voyage-aventure.com\/blog\/#organization\"},\"alternateName\":\"Votre passeport pour l\u2019inattendu.\",\"potentialAction\":[{\"@type\":\"SearchAction\",\"target\":{\"@type\":\"EntryPoint\",\"urlTemplate\":\"https:\/\/voyage-aventure.com\/blog\/?s={search_term_string}\"},\"query-input\":{\"@type\":\"PropertyValueSpecification\",\"valueRequired\":true,\"valueName\":\"search_term_string\"}}],\"inLanguage\":\"fr-FR\"},{\"@type\":\"Organization\",\"@id\":\"https:\/\/voyage-aventure.com\/blog\/#organization\",\"name\":\"Foretsensations.fr\",\"url\":\"https:\/\/voyage-aventure.com\/blog\/\",\"logo\":{\"@type\":\"ImageObject\",\"inLanguage\":\"fr-FR\",\"@id\":\"https:\/\/voyage-aventure.com\/blog\/#\/schema\/logo\/image\/\",\"url\":\"https:\/\/voyage-aventure.com\/blog\/wp-content\/uploads\/2024\/12\/19.png\",\"contentUrl\":\"https:\/\/voyage-aventure.com\/blog\/wp-content\/uploads\/2024\/12\/19.png\",\"width\":512,\"height\":512,\"caption\":\"Foretsensations.fr\"},\"image\":{\"@id\":\"https:\/\/voyage-aventure.com\/blog\/#\/schema\/logo\/image\/\"}},{\"@type\":\"Person\",\"@id\":\"https:\/\/voyage-aventure.com\/blog\/#\/schema\/person\/3c864cdc320801e3db34b663e7e3f816\",\"name\":\"Camille Rouvray\",\"image\":{\"@type\":\"ImageObject\",\"inLanguage\":\"fr-FR\",\"@id\":\"https:\/\/voyage-aventure.com\/blog\/#\/schema\/person\/image\/\",\"url\":\"https:\/\/voyage-aventure.com\/blog\/wp-content\/uploads\/2026\/06\/persona_camille-r-96x96.jpg\",\"contentUrl\":\"https:\/\/voyage-aventure.com\/blog\/wp-content\/uploads\/2026\/06\/persona_camille-r-96x96.jpg\",\"caption\":\"Camille Rouvray\"},\"description\":\"Je voyage et j'\u00e9cris sur le voyage depuis une douzaine d'ann\u00e9es, d'abord en tant que routarde au long cours, puis comme r\u00e9dactrice sp\u00e9cialis\u00e9e. Mon terrain de pr\u00e9dilection, ce sont les circuits organis\u00e9s et l'art de bien pr\u00e9parer un itin\u00e9raire : choix de la saison, dur\u00e9e r\u00e9aliste des \u00e9tapes, budget jour par jour, logement et transport sur place. J'aime aussi raconter les p\u00e9pites urbaines, ces adresses qu'on ne trouve pas dans les guides classiques. Avant de publier un dossier destination, je croise toujours plusieurs sources, je v\u00e9rifie les tarifs et les formalit\u00e9s d'entr\u00e9e \u00e0 jour, et je teste moi-m\u00eame quand je le peux. Mon angle reste pratique avant tout : aider le lecteur \u00e0 partir l'esprit tranquille, sans mauvaise surprise une fois sur place. Je m'attache \u00e0 distinguer le coup de c\u0153ur sinc\u00e8re du simple argument marketing.\",\"sameAs\":[\"https:\/\/camillerouvray.fr\/\"],\"url\":\"https:\/\/voyage-aventure.com\/blog\/auteur\/noname\/\"}]}<\/script>\n<!-- \/ Yoast SEO Premium plugin. -->","yoast_head_json":{"title":"le ph\u00e9nom\u00e8ne du \"fam travel\" : des vacances m\u00e9morables en","description":"R\u00e9unir grands-parents, parents et enfants pour un m\u00eame s\u00e9jour : le \u00ab fam travel \u00bb s'impose comme l'une des mani\u00e8res les plus recherch\u00e9es de partir","robots":{"index":"index","follow":"follow","max-snippet":"max-snippet:-1","max-image-preview":"max-image-preview:large","max-video-preview":"max-video-preview:-1"},"canonical":"https:\/\/voyage-aventure.com\/blog\/a-la-une\/le-phenomene-du-fam-travel-des-vacances-memorables-en-famille-intergenerationnelle\/","og_locale":"fr_FR","og_type":"article","og_title":"le ph\u00e9nom\u00e8ne du \"fam travel\" : des vacances m\u00e9morables en","og_description":"R\u00e9unir grands-parents, parents et enfants pour un m\u00eame s\u00e9jour : le \u00ab fam travel \u00bb s'impose comme l'une des mani\u00e8res les plus recherch\u00e9es de partir","og_url":"https:\/\/voyage-aventure.com\/blog\/a-la-une\/le-phenomene-du-fam-travel-des-vacances-memorables-en-famille-intergenerationnelle\/","og_site_name":"voyage-aventure","og_image":[{"width":1536,"height":640,"url":"https:\/\/voyage-aventure.com\/blog\/wp-content\/uploads\/2025\/04\/sdxl-1a25f2877bb7ac62a198c54b9517f67b.png","type":"image\/png"}],"author":"Camille Rouvray","twitter_card":"summary_large_image","schema":{"@context":"https:\/\/schema.org","@graph":[{"@type":"NewsArticle","@id":"https:\/\/voyage-aventure.com\/blog\/a-la-une\/le-phenomene-du-fam-travel-des-vacances-memorables-en-famille-intergenerationnelle\/#article","isPartOf":{"@id":"https:\/\/voyage-aventure.com\/blog\/a-la-une\/le-phenomene-du-fam-travel-des-vacances-memorables-en-famille-intergenerationnelle\/"},"author":{"name":"Camille Rouvray","@id":"https:\/\/voyage-aventure.com\/blog\/#\/schema\/person\/3c864cdc320801e3db34b663e7e3f816"},"headline":"le ph\u00e9nom\u00e8ne du \u00ab\u00a0fam travel\u00a0\u00bb : des vacances m\u00e9morables en famille interg\u00e9n\u00e9rationnelle","datePublished":"2026-06-16T15:27:39+00:00","mainEntityOfPage":{"@id":"https:\/\/voyage-aventure.com\/blog\/a-la-une\/le-phenomene-du-fam-travel-des-vacances-memorables-en-famille-intergenerationnelle\/"},"wordCount":1181,"commentCount":16,"publisher":{"@id":"https:\/\/voyage-aventure.com\/blog\/#organization"},"image":{"@id":"https:\/\/voyage-aventure.com\/blog\/a-la-une\/le-phenomene-du-fam-travel-des-vacances-memorables-en-famille-intergenerationnelle\/#primaryimage"},"thumbnailUrl":"https:\/\/voyage-aventure.com\/blog\/wp-content\/uploads\/2025\/04\/sdxl-1a25f2877bb7ac62a198c54b9517f67b.png","keywords":["D\u00e9couverte Culturelle","\u00c9motions","Exp\u00e9riences","Relations Internationales","Voyage en famille"],"articleSection":["\u00c0 la une"],"inLanguage":"fr-FR","potentialAction":[{"@type":"CommentAction","name":"Comment","target":["https:\/\/voyage-aventure.com\/blog\/a-la-une\/le-phenomene-du-fam-travel-des-vacances-memorables-en-famille-intergenerationnelle\/#respond"]}]},{"@type":"WebPage","@id":"https:\/\/voyage-aventure.com\/blog\/a-la-une\/le-phenomene-du-fam-travel-des-vacances-memorables-en-famille-intergenerationnelle\/","url":"https:\/\/voyage-aventure.com\/blog\/a-la-une\/le-phenomene-du-fam-travel-des-vacances-memorables-en-famille-intergenerationnelle\/","name":"le ph\u00e9nom\u00e8ne du \"fam travel\" : des vacances m\u00e9morables en","isPartOf":{"@id":"https:\/\/voyage-aventure.com\/blog\/#website"},"primaryImageOfPage":{"@id":"https:\/\/voyage-aventure.com\/blog\/a-la-une\/le-phenomene-du-fam-travel-des-vacances-memorables-en-famille-intergenerationnelle\/#primaryimage"},"image":{"@id":"https:\/\/voyage-aventure.com\/blog\/a-la-une\/le-phenomene-du-fam-travel-des-vacances-memorables-en-famille-intergenerationnelle\/#primaryimage"},"thumbnailUrl":"https:\/\/voyage-aventure.com\/blog\/wp-content\/uploads\/2025\/04\/sdxl-1a25f2877bb7ac62a198c54b9517f67b.png","datePublished":"2026-06-16T15:27:39+00:00","description":"R\u00e9unir grands-parents, parents et enfants pour un m\u00eame s\u00e9jour : le \u00ab fam travel \u00bb s'impose comme l'une des mani\u00e8res les plus recherch\u00e9es de partir","inLanguage":"fr-FR","potentialAction":[{"@type":"ReadAction","target":["https:\/\/voyage-aventure.com\/blog\/a-la-une\/le-phenomene-du-fam-travel-des-vacances-memorables-en-famille-intergenerationnelle\/"]}]},{"@type":"ImageObject","inLanguage":"fr-FR","@id":"https:\/\/voyage-aventure.com\/blog\/a-la-une\/le-phenomene-du-fam-travel-des-vacances-memorables-en-famille-intergenerationnelle\/#primaryimage","url":"https:\/\/voyage-aventure.com\/blog\/wp-content\/uploads\/2025\/04\/sdxl-1a25f2877bb7ac62a198c54b9517f67b.png","contentUrl":"https:\/\/voyage-aventure.com\/blog\/wp-content\/uploads\/2025\/04\/sdxl-1a25f2877bb7ac62a198c54b9517f67b.png","width":1536,"height":640},{"@type":"WebSite","@id":"https:\/\/voyage-aventure.com\/blog\/#website","url":"https:\/\/voyage-aventure.com\/blog\/","name":"voyage-aventure.com","description":"Votre passeport pour l\u2019inattendu.","publisher":{"@id":"https:\/\/voyage-aventure.com\/blog\/#organization"},"alternateName":"Votre passeport pour l\u2019inattendu.","potentialAction":[{"@type":"SearchAction","target":{"@type":"EntryPoint","urlTemplate":"https:\/\/voyage-aventure.com\/blog\/?s={search_term_string}"},"query-input":{"@type":"PropertyValueSpecification","valueRequired":true,"valueName":"search_term_string"}}],"inLanguage":"fr-FR"},{"@type":"Organization","@id":"https:\/\/voyage-aventure.com\/blog\/#organization","name":"Foretsensations.fr","url":"https:\/\/voyage-aventure.com\/blog\/","logo":{"@type":"ImageObject","inLanguage":"fr-FR","@id":"https:\/\/voyage-aventure.com\/blog\/#\/schema\/logo\/image\/","url":"https:\/\/voyage-aventure.com\/blog\/wp-content\/uploads\/2024\/12\/19.png","contentUrl":"https:\/\/voyage-aventure.com\/blog\/wp-content\/uploads\/2024\/12\/19.png","width":512,"height":512,"caption":"Foretsensations.fr"},"image":{"@id":"https:\/\/voyage-aventure.com\/blog\/#\/schema\/logo\/image\/"}},{"@type":"Person","@id":"https:\/\/voyage-aventure.com\/blog\/#\/schema\/person\/3c864cdc320801e3db34b663e7e3f816","name":"Camille Rouvray","image":{"@type":"ImageObject","inLanguage":"fr-FR","@id":"https:\/\/voyage-aventure.com\/blog\/#\/schema\/person\/image\/","url":"https:\/\/voyage-aventure.com\/blog\/wp-content\/uploads\/2026\/06\/persona_camille-r-96x96.jpg","contentUrl":"https:\/\/voyage-aventure.com\/blog\/wp-content\/uploads\/2026\/06\/persona_camille-r-96x96.jpg","caption":"Camille Rouvray"},"description":"Je voyage et j'\u00e9cris sur le voyage depuis une douzaine d'ann\u00e9es, d'abord en tant que routarde au long cours, puis comme r\u00e9dactrice sp\u00e9cialis\u00e9e. Mon terrain de pr\u00e9dilection, ce sont les circuits organis\u00e9s et l'art de bien pr\u00e9parer un itin\u00e9raire : choix de la saison, dur\u00e9e r\u00e9aliste des \u00e9tapes, budget jour par jour, logement et transport sur place. J'aime aussi raconter les p\u00e9pites urbaines, ces adresses qu'on ne trouve pas dans les guides classiques. Avant de publier un dossier destination, je croise toujours plusieurs sources, je v\u00e9rifie les tarifs et les formalit\u00e9s d'entr\u00e9e \u00e0 jour, et je teste moi-m\u00eame quand je le peux. Mon angle reste pratique avant tout : aider le lecteur \u00e0 partir l'esprit tranquille, sans mauvaise surprise une fois sur place. Je m'attache \u00e0 distinguer le coup de c\u0153ur sinc\u00e8re du simple argument marketing.","sameAs":["https:\/\/camillerouvray.fr\/"],"url":"https:\/\/voyage-aventure.com\/blog\/auteur\/noname\/"}]}},"_links":{"self":[{"href":"https:\/\/voyage-aventure.com\/blog\/wp-json\/wp\/v2\/posts\/16116","targetHints":{"allow":["GET"]}}],"collection":[{"href":"https:\/\/voyage-aventure.com\/blog\/wp-json\/wp\/v2\/posts"}],"about":[{"href":"https:\/\/voyage-aventure.com\/blog\/wp-json\/wp\/v2\/types\/post"}],"author":[{"embeddable":true,"href":"https:\/\/voyage-aventure.com\/blog\/wp-json\/wp\/v2\/users\/34"}],"replies":[{"embeddable":true,"href":"https:\/\/voyage-aventure.com\/blog\/wp-json\/wp\/v2\/comments?post=16116"}],"version-history":[{"count":2,"href":"https:\/\/voyage-aventure.com\/blog\/wp-json\/wp\/v2\/posts\/16116\/revisions"}],"predecessor-version":[{"id":22890,"href":"https:\/\/voyage-aventure.com\/blog\/wp-json\/wp\/v2\/posts\/16116\/revisions\/22890"}],"wp:featuredmedia":[{"embeddable":true,"href":"https:\/\/voyage-aventure.com\/blog\/wp-json\/wp\/v2\/media\/18310"}],"wp:attachment":[{"href":"https:\/\/voyage-aventure.com\/blog\/wp-json\/wp\/v2\/media?parent=16116"}],"wp:term":[{"taxonomy":"category","embeddable":true,"href":"https:\/\/voyage-aventure.com\/blog\/wp-json\/wp\/v2\/categories?post=16116"},{"taxonomy":"post_tag","embeddable":true,"href":"https:\/\/voyage-aventure.com\/blog\/wp-json\/wp\/v2\/tags?post=16116"}],"curies":[{"name":"wp","href":"https:\/\/api.w.org\/{rel}","templated":true}]}}