{"id":16066,"date":"2025-03-23T08:42:40","date_gmt":"2025-03-23T07:42:40","guid":{"rendered":"https:\/\/voyage-aventure.com\/blog\/?p=16066"},"modified":"2025-03-23T08:42:40","modified_gmt":"2025-03-23T07:42:40","slug":"les-tempetes-hivernales-perturbent-le-voyage-soyez-prudent-face-aux-rafales-de-vent","status":"publish","type":"post","link":"https:\/\/voyage-aventure.com\/blog\/a-la-une\/les-tempetes-hivernales-perturbent-le-voyage-soyez-prudent-face-aux-rafales-de-vent\/","title":{"rendered":"Les temp\u00eates hivernales perturbent le voyage : soyez prudent face aux rafales de vent"},"content":{"rendered":"<h2>Des conditions m\u00e9t\u00e9orologiques p\u00e9rilleuses en montagne<\/h2>\n<p>Les temp\u00eates hivernales continuent de frapper avec une intensit\u00e9 remarquable, entra\u00eenant d\u2019importantes chutes de neige dans les zones montagneuses. Ce ph\u00e9nom\u00e8ne m\u00e9t\u00e9orologique ne se limite pas seulement aux sommets, mais affecte aussi les vall\u00e9es, o\u00f9 des accumulations de neige peuvent atteindre deux pouces. Les conducteurs doivent faire preuve d&rsquo;une vigilance accrue, car la visibilit\u00e9 sur les routes peut diminuer rapidement en raison des averses de neige intenses.<\/p>\n<p>Les temp\u00e9ratures sont en chute libre avec l\u2019arriv\u00e9e d\u2019un front froid, qui abaisse les niveaux de neige jusqu\u2019aux plaines. Ce matin, les conditions de circulation vont se d\u00e9t\u00e9riorer, rendant les trajets dangereux. Les autorit\u00e9s recommandent aux automobilistes de pr\u00e9voir des d\u00e9lais lors de leurs d\u00e9placements, car la situation pourrait \u00e9voluer rapidement.<\/p>\n<h2>Des rafales de vent ajoutent \u00e0 la dangerosit\u00e9<\/h2>\n<p>Les pr\u00e9visions indiquent des vents puissants soufflant de l&rsquo;ouest \u00e0 une vitesse de 30 \u00e0 40 mph. Ces rafales pourraient rendre les conditions encore plus pr\u00e9caires, surtout dans les r\u00e9gions du centre-ouest et du sud-ouest du Montana. Les conducteurs doivent rester attentifs, car le vent peut provoquer des d\u00e9bris sur les routes, augmentant le risque d&rsquo;accidents.<\/p>\n<p>Il est essentiel de rester inform\u00e9 des derni\u00e8res alertes m\u00e9t\u00e9orologiques. Les services d\u2019urgence et de m\u00e9t\u00e9orologie mettent en garde contre les d\u00e9placements non essentiels. La s\u00e9curit\u00e9 doit \u00eatre la priorit\u00e9 absolue, alors mieux vaut rester chez soi si possible jusqu&rsquo;\u00e0 ce que les conditions s&rsquo;am\u00e9liorent.<\/p>\n<h2>Pr\u00e9visions et r\u00e9pit \u00e0 l&rsquo;horizon<\/h2>\n<p>Un nouveau syst\u00e8me m\u00e9t\u00e9orologique est attendu pour dimanche, avec une augmentation des niveaux de neige qui pourrait atteindre 5 000 \u00e0 6 000 pieds. Cependant, la neige sera principalement confin\u00e9e aux sommets, tandis que les vall\u00e9es devraient conna\u00eetre un l\u00e9ger r\u00e9pit. Ce changement pourrait offrir un soulagement temporaire aux habitants et aux voyageurs.<\/p>\n<p>Les pr\u00e9visions pour le milieu de la semaine s&rsquo;annoncent plus cl\u00e9mentes, avec une augmentation des temp\u00e9ratures gr\u00e2ce \u00e0 une cr\u00eate de haute pression. Les jours suivants promettent des temp\u00e9ratures douces, atteignant les 50 et 60 degr\u00e9s. Cela pourrait offrir une opportunit\u00e9 bienvenue pour nettoyer et d\u00e9gager les routes de la neige accumul\u00e9e.<\/p>\n<blockquote><p>\u201cRester inform\u00e9 et prudent est essentiel lors de conditions m\u00e9t\u00e9orologiques extr\u00eames.\u201d<\/p><\/blockquote>\n<ul>\n<li>Chutes de neige importantes dans les r\u00e9gions montagneuses.<\/li>\n<li>Rafales de vent de 30 \u00e0 40 mph pr\u00e9vues.<\/li>\n<li>Visibilit\u00e9 r\u00e9duite sur les routes \u00e0 cause de la neige.<\/li>\n<li>Pr\u00e9visions de r\u00e9pit avec des temp\u00e9ratures plus douces en milieu de semaine.<\/li>\n<li>Risque d&rsquo;accidents accru en raison des conditions de circulation dangereuses.<\/li>\n<\/ul>\n<p>En conclusion, les temp\u00eates hivernales continuent de poser des d\u00e9fis majeurs pour les voyageurs et les habitants de la r\u00e9gion. Il est crucial de rester inform\u00e9 des conditions m\u00e9t\u00e9orologiques et d&rsquo;adapter ses d\u00e9placements en cons\u00e9quence. La prudence et la pr\u00e9paration sont essentielles pour naviguer en toute s\u00e9curit\u00e9 \u00e0 travers ces conditions difficiles.<\/p>\n","protected":false},"excerpt":{"rendered":"","protected":false},"author":34,"featured_media":19632,"comment_status":"open","ping_status":"open","sticky":false,"template":"","format":"standard","meta":{"_acf_changed":false,"manual_indexmenow":false,"indexmenow_id_project":0,"footnotes":""},"categories":[1],"tags":[4639,3726,4713,3170,5755],"class_list":["post-16066","post","type-post","status-publish","format-standard","has-post-thumbnail","hentry","category-a-la-une","tag-aventure","tag-conditions-meteorologiques","tag-preparation","tag-securite","tag-voyage-en-solo","generate-columns","tablet-grid-50","mobile-grid-100","grid-parent","grid-25"],"acf":[],"yoast_head":"<!-- This site is optimized with the Yoast SEO Premium plugin v21.3 (Yoast SEO v25.1) - https:\/\/yoast.com\/wordpress\/plugins\/seo\/ -->\n<title>Les temp\u00eates hivernales perturbent le voyage : soyez<\/title>\n<meta name=\"description\" content=\"Des conditions m\u00e9t\u00e9orologiques p\u00e9rilleuses en montagne Les temp\u00eates hivernales continuent de frapper avec une intensit\u00e9 remarquable, entra\u00eenant\" \/>\n<meta name=\"robots\" content=\"index, follow, max-snippet:-1, max-image-preview:large, max-video-preview:-1\" \/>\n<link rel=\"canonical\" href=\"https:\/\/voyage-aventure.com\/blog\/a-la-une\/les-tempetes-hivernales-perturbent-le-voyage-soyez-prudent-face-aux-rafales-de-vent\/\" \/>\n<meta property=\"og:locale\" content=\"fr_FR\" \/>\n<meta property=\"og:type\" content=\"article\" \/>\n<meta property=\"og:title\" content=\"Les temp\u00eates hivernales perturbent le voyage : soyez\" \/>\n<meta property=\"og:description\" content=\"Des conditions m\u00e9t\u00e9orologiques p\u00e9rilleuses en montagne Les temp\u00eates hivernales continuent de frapper avec une intensit\u00e9 remarquable, entra\u00eenant\" \/>\n<meta property=\"og:url\" content=\"https:\/\/voyage-aventure.com\/blog\/a-la-une\/les-tempetes-hivernales-perturbent-le-voyage-soyez-prudent-face-aux-rafales-de-vent\/\" \/>\n<meta property=\"og:site_name\" content=\"voyage-aventure\" \/>\n<meta property=\"og:image\" content=\"https:\/\/voyage-aventure.com\/blog\/wp-content\/uploads\/2025\/05\/sdxl-831e836af2d4fb4399dfee4f0b5392df-scaled.png\" \/>\n\t<meta property=\"og:image:width\" content=\"1200\" \/>\n\t<meta property=\"og:image:height\" content=\"500\" \/>\n\t<meta property=\"og:image:type\" content=\"image\/png\" \/>\n<meta name=\"author\" content=\"Camille Rouvray\" \/>\n<meta name=\"twitter:card\" content=\"summary_large_image\" \/>\n<script type=\"application\/ld+json\" class=\"yoast-schema-graph\">{\"@context\":\"https:\/\/schema.org\",\"@graph\":[{\"@type\":\"NewsArticle\",\"@id\":\"https:\/\/voyage-aventure.com\/blog\/a-la-une\/les-tempetes-hivernales-perturbent-le-voyage-soyez-prudent-face-aux-rafales-de-vent\/#article\",\"isPartOf\":{\"@id\":\"https:\/\/voyage-aventure.com\/blog\/a-la-une\/les-tempetes-hivernales-perturbent-le-voyage-soyez-prudent-face-aux-rafales-de-vent\/\"},\"author\":{\"name\":\"Camille Rouvray\",\"@id\":\"https:\/\/voyage-aventure.com\/blog\/#\/schema\/person\/3c864cdc320801e3db34b663e7e3f816\"},\"headline\":\"Les temp\u00eates hivernales perturbent le voyage : soyez prudent face aux rafales de vent\",\"datePublished\":\"2025-03-23T07:42:40+00:00\",\"mainEntityOfPage\":{\"@id\":\"https:\/\/voyage-aventure.com\/blog\/a-la-une\/les-tempetes-hivernales-perturbent-le-voyage-soyez-prudent-face-aux-rafales-de-vent\/\"},\"wordCount\":530,\"commentCount\":29,\"publisher\":{\"@id\":\"https:\/\/voyage-aventure.com\/blog\/#organization\"},\"image\":{\"@id\":\"https:\/\/voyage-aventure.com\/blog\/a-la-une\/les-tempetes-hivernales-perturbent-le-voyage-soyez-prudent-face-aux-rafales-de-vent\/#primaryimage\"},\"thumbnailUrl\":\"https:\/\/voyage-aventure.com\/blog\/wp-content\/uploads\/2025\/05\/sdxl-831e836af2d4fb4399dfee4f0b5392df-scaled.png\",\"keywords\":[\"Aventure\",\"Conditions M\u00e9t\u00e9orologiques\",\"Pr\u00e9paration\",\"S\u00e9curit\u00e9\",\"Voyage en solo\"],\"articleSection\":[\"\u00c0 la une\"],\"inLanguage\":\"fr-FR\",\"potentialAction\":[{\"@type\":\"CommentAction\",\"name\":\"Comment\",\"target\":[\"https:\/\/voyage-aventure.com\/blog\/a-la-une\/les-tempetes-hivernales-perturbent-le-voyage-soyez-prudent-face-aux-rafales-de-vent\/#respond\"]}]},{\"@type\":\"WebPage\",\"@id\":\"https:\/\/voyage-aventure.com\/blog\/a-la-une\/les-tempetes-hivernales-perturbent-le-voyage-soyez-prudent-face-aux-rafales-de-vent\/\",\"url\":\"https:\/\/voyage-aventure.com\/blog\/a-la-une\/les-tempetes-hivernales-perturbent-le-voyage-soyez-prudent-face-aux-rafales-de-vent\/\",\"name\":\"Les temp\u00eates hivernales perturbent le voyage : soyez\",\"isPartOf\":{\"@id\":\"https:\/\/voyage-aventure.com\/blog\/#website\"},\"primaryImageOfPage\":{\"@id\":\"https:\/\/voyage-aventure.com\/blog\/a-la-une\/les-tempetes-hivernales-perturbent-le-voyage-soyez-prudent-face-aux-rafales-de-vent\/#primaryimage\"},\"image\":{\"@id\":\"https:\/\/voyage-aventure.com\/blog\/a-la-une\/les-tempetes-hivernales-perturbent-le-voyage-soyez-prudent-face-aux-rafales-de-vent\/#primaryimage\"},\"thumbnailUrl\":\"https:\/\/voyage-aventure.com\/blog\/wp-content\/uploads\/2025\/05\/sdxl-831e836af2d4fb4399dfee4f0b5392df-scaled.png\",\"datePublished\":\"2025-03-23T07:42:40+00:00\",\"description\":\"Des conditions m\u00e9t\u00e9orologiques p\u00e9rilleuses en montagne Les temp\u00eates hivernales continuent de frapper avec une intensit\u00e9 remarquable, entra\u00eenant\",\"inLanguage\":\"fr-FR\",\"potentialAction\":[{\"@type\":\"ReadAction\",\"target\":[\"https:\/\/voyage-aventure.com\/blog\/a-la-une\/les-tempetes-hivernales-perturbent-le-voyage-soyez-prudent-face-aux-rafales-de-vent\/\"]}]},{\"@type\":\"ImageObject\",\"inLanguage\":\"fr-FR\",\"@id\":\"https:\/\/voyage-aventure.com\/blog\/a-la-une\/les-tempetes-hivernales-perturbent-le-voyage-soyez-prudent-face-aux-rafales-de-vent\/#primaryimage\",\"url\":\"https:\/\/voyage-aventure.com\/blog\/wp-content\/uploads\/2025\/05\/sdxl-831e836af2d4fb4399dfee4f0b5392df-scaled.png\",\"contentUrl\":\"https:\/\/voyage-aventure.com\/blog\/wp-content\/uploads\/2025\/05\/sdxl-831e836af2d4fb4399dfee4f0b5392df-scaled.png\",\"width\":1200,\"height\":500},{\"@type\":\"WebSite\",\"@id\":\"https:\/\/voyage-aventure.com\/blog\/#website\",\"url\":\"https:\/\/voyage-aventure.com\/blog\/\",\"name\":\"voyage-aventure.com\",\"description\":\"Votre passeport pour l\u2019inattendu.\",\"publisher\":{\"@id\":\"https:\/\/voyage-aventure.com\/blog\/#organization\"},\"alternateName\":\"Votre passeport pour l\u2019inattendu.\",\"potentialAction\":[{\"@type\":\"SearchAction\",\"target\":{\"@type\":\"EntryPoint\",\"urlTemplate\":\"https:\/\/voyage-aventure.com\/blog\/?s={search_term_string}\"},\"query-input\":{\"@type\":\"PropertyValueSpecification\",\"valueRequired\":true,\"valueName\":\"search_term_string\"}}],\"inLanguage\":\"fr-FR\"},{\"@type\":\"Organization\",\"@id\":\"https:\/\/voyage-aventure.com\/blog\/#organization\",\"name\":\"Foretsensations.fr\",\"url\":\"https:\/\/voyage-aventure.com\/blog\/\",\"logo\":{\"@type\":\"ImageObject\",\"inLanguage\":\"fr-FR\",\"@id\":\"https:\/\/voyage-aventure.com\/blog\/#\/schema\/logo\/image\/\",\"url\":\"https:\/\/voyage-aventure.com\/blog\/wp-content\/uploads\/2024\/12\/19.png\",\"contentUrl\":\"https:\/\/voyage-aventure.com\/blog\/wp-content\/uploads\/2024\/12\/19.png\",\"width\":512,\"height\":512,\"caption\":\"Foretsensations.fr\"},\"image\":{\"@id\":\"https:\/\/voyage-aventure.com\/blog\/#\/schema\/logo\/image\/\"}},{\"@type\":\"Person\",\"@id\":\"https:\/\/voyage-aventure.com\/blog\/#\/schema\/person\/3c864cdc320801e3db34b663e7e3f816\",\"name\":\"Camille Rouvray\",\"image\":{\"@type\":\"ImageObject\",\"inLanguage\":\"fr-FR\",\"@id\":\"https:\/\/voyage-aventure.com\/blog\/#\/schema\/person\/image\/\",\"url\":\"https:\/\/voyage-aventure.com\/blog\/wp-content\/uploads\/2026\/06\/persona_camille-r-96x96.jpg\",\"contentUrl\":\"https:\/\/voyage-aventure.com\/blog\/wp-content\/uploads\/2026\/06\/persona_camille-r-96x96.jpg\",\"caption\":\"Camille Rouvray\"},\"description\":\"Je voyage et j'\u00e9cris sur le voyage depuis une douzaine d'ann\u00e9es, d'abord en tant que routarde au long cours, puis comme r\u00e9dactrice sp\u00e9cialis\u00e9e. Mon terrain de pr\u00e9dilection, ce sont les circuits organis\u00e9s et l'art de bien pr\u00e9parer un itin\u00e9raire : choix de la saison, dur\u00e9e r\u00e9aliste des \u00e9tapes, budget jour par jour, logement et transport sur place. J'aime aussi raconter les p\u00e9pites urbaines, ces adresses qu'on ne trouve pas dans les guides classiques. Avant de publier un dossier destination, je croise toujours plusieurs sources, je v\u00e9rifie les tarifs et les formalit\u00e9s d'entr\u00e9e \u00e0 jour, et je teste moi-m\u00eame quand je le peux. Mon angle reste pratique avant tout : aider le lecteur \u00e0 partir l'esprit tranquille, sans mauvaise surprise une fois sur place. Je m'attache \u00e0 distinguer le coup de c\u0153ur sinc\u00e8re du simple argument marketing.\",\"sameAs\":[\"https:\/\/camillerouvray.fr\/\"],\"url\":\"https:\/\/voyage-aventure.com\/blog\/auteur\/noname\/\"}]}<\/script>\n<!-- \/ Yoast SEO Premium plugin. -->","yoast_head_json":{"title":"Les temp\u00eates hivernales perturbent le voyage : soyez","description":"Des conditions m\u00e9t\u00e9orologiques p\u00e9rilleuses en montagne Les temp\u00eates hivernales continuent de frapper avec une intensit\u00e9 remarquable, entra\u00eenant","robots":{"index":"index","follow":"follow","max-snippet":"max-snippet:-1","max-image-preview":"max-image-preview:large","max-video-preview":"max-video-preview:-1"},"canonical":"https:\/\/voyage-aventure.com\/blog\/a-la-une\/les-tempetes-hivernales-perturbent-le-voyage-soyez-prudent-face-aux-rafales-de-vent\/","og_locale":"fr_FR","og_type":"article","og_title":"Les temp\u00eates hivernales perturbent le voyage : soyez","og_description":"Des conditions m\u00e9t\u00e9orologiques p\u00e9rilleuses en montagne Les temp\u00eates hivernales continuent de frapper avec une intensit\u00e9 remarquable, entra\u00eenant","og_url":"https:\/\/voyage-aventure.com\/blog\/a-la-une\/les-tempetes-hivernales-perturbent-le-voyage-soyez-prudent-face-aux-rafales-de-vent\/","og_site_name":"voyage-aventure","og_image":[{"width":1200,"height":500,"url":"https:\/\/voyage-aventure.com\/blog\/wp-content\/uploads\/2025\/05\/sdxl-831e836af2d4fb4399dfee4f0b5392df-scaled.png","type":"image\/png"}],"author":"Camille Rouvray","twitter_card":"summary_large_image","schema":{"@context":"https:\/\/schema.org","@graph":[{"@type":"NewsArticle","@id":"https:\/\/voyage-aventure.com\/blog\/a-la-une\/les-tempetes-hivernales-perturbent-le-voyage-soyez-prudent-face-aux-rafales-de-vent\/#article","isPartOf":{"@id":"https:\/\/voyage-aventure.com\/blog\/a-la-une\/les-tempetes-hivernales-perturbent-le-voyage-soyez-prudent-face-aux-rafales-de-vent\/"},"author":{"name":"Camille Rouvray","@id":"https:\/\/voyage-aventure.com\/blog\/#\/schema\/person\/3c864cdc320801e3db34b663e7e3f816"},"headline":"Les temp\u00eates hivernales perturbent le voyage : soyez prudent face aux rafales de vent","datePublished":"2025-03-23T07:42:40+00:00","mainEntityOfPage":{"@id":"https:\/\/voyage-aventure.com\/blog\/a-la-une\/les-tempetes-hivernales-perturbent-le-voyage-soyez-prudent-face-aux-rafales-de-vent\/"},"wordCount":530,"commentCount":29,"publisher":{"@id":"https:\/\/voyage-aventure.com\/blog\/#organization"},"image":{"@id":"https:\/\/voyage-aventure.com\/blog\/a-la-une\/les-tempetes-hivernales-perturbent-le-voyage-soyez-prudent-face-aux-rafales-de-vent\/#primaryimage"},"thumbnailUrl":"https:\/\/voyage-aventure.com\/blog\/wp-content\/uploads\/2025\/05\/sdxl-831e836af2d4fb4399dfee4f0b5392df-scaled.png","keywords":["Aventure","Conditions M\u00e9t\u00e9orologiques","Pr\u00e9paration","S\u00e9curit\u00e9","Voyage en solo"],"articleSection":["\u00c0 la une"],"inLanguage":"fr-FR","potentialAction":[{"@type":"CommentAction","name":"Comment","target":["https:\/\/voyage-aventure.com\/blog\/a-la-une\/les-tempetes-hivernales-perturbent-le-voyage-soyez-prudent-face-aux-rafales-de-vent\/#respond"]}]},{"@type":"WebPage","@id":"https:\/\/voyage-aventure.com\/blog\/a-la-une\/les-tempetes-hivernales-perturbent-le-voyage-soyez-prudent-face-aux-rafales-de-vent\/","url":"https:\/\/voyage-aventure.com\/blog\/a-la-une\/les-tempetes-hivernales-perturbent-le-voyage-soyez-prudent-face-aux-rafales-de-vent\/","name":"Les temp\u00eates hivernales perturbent le voyage : soyez","isPartOf":{"@id":"https:\/\/voyage-aventure.com\/blog\/#website"},"primaryImageOfPage":{"@id":"https:\/\/voyage-aventure.com\/blog\/a-la-une\/les-tempetes-hivernales-perturbent-le-voyage-soyez-prudent-face-aux-rafales-de-vent\/#primaryimage"},"image":{"@id":"https:\/\/voyage-aventure.com\/blog\/a-la-une\/les-tempetes-hivernales-perturbent-le-voyage-soyez-prudent-face-aux-rafales-de-vent\/#primaryimage"},"thumbnailUrl":"https:\/\/voyage-aventure.com\/blog\/wp-content\/uploads\/2025\/05\/sdxl-831e836af2d4fb4399dfee4f0b5392df-scaled.png","datePublished":"2025-03-23T07:42:40+00:00","description":"Des conditions m\u00e9t\u00e9orologiques p\u00e9rilleuses en montagne Les temp\u00eates hivernales continuent de frapper avec une intensit\u00e9 remarquable, entra\u00eenant","inLanguage":"fr-FR","potentialAction":[{"@type":"ReadAction","target":["https:\/\/voyage-aventure.com\/blog\/a-la-une\/les-tempetes-hivernales-perturbent-le-voyage-soyez-prudent-face-aux-rafales-de-vent\/"]}]},{"@type":"ImageObject","inLanguage":"fr-FR","@id":"https:\/\/voyage-aventure.com\/blog\/a-la-une\/les-tempetes-hivernales-perturbent-le-voyage-soyez-prudent-face-aux-rafales-de-vent\/#primaryimage","url":"https:\/\/voyage-aventure.com\/blog\/wp-content\/uploads\/2025\/05\/sdxl-831e836af2d4fb4399dfee4f0b5392df-scaled.png","contentUrl":"https:\/\/voyage-aventure.com\/blog\/wp-content\/uploads\/2025\/05\/sdxl-831e836af2d4fb4399dfee4f0b5392df-scaled.png","width":1200,"height":500},{"@type":"WebSite","@id":"https:\/\/voyage-aventure.com\/blog\/#website","url":"https:\/\/voyage-aventure.com\/blog\/","name":"voyage-aventure.com","description":"Votre passeport pour l\u2019inattendu.","publisher":{"@id":"https:\/\/voyage-aventure.com\/blog\/#organization"},"alternateName":"Votre passeport pour l\u2019inattendu.","potentialAction":[{"@type":"SearchAction","target":{"@type":"EntryPoint","urlTemplate":"https:\/\/voyage-aventure.com\/blog\/?s={search_term_string}"},"query-input":{"@type":"PropertyValueSpecification","valueRequired":true,"valueName":"search_term_string"}}],"inLanguage":"fr-FR"},{"@type":"Organization","@id":"https:\/\/voyage-aventure.com\/blog\/#organization","name":"Foretsensations.fr","url":"https:\/\/voyage-aventure.com\/blog\/","logo":{"@type":"ImageObject","inLanguage":"fr-FR","@id":"https:\/\/voyage-aventure.com\/blog\/#\/schema\/logo\/image\/","url":"https:\/\/voyage-aventure.com\/blog\/wp-content\/uploads\/2024\/12\/19.png","contentUrl":"https:\/\/voyage-aventure.com\/blog\/wp-content\/uploads\/2024\/12\/19.png","width":512,"height":512,"caption":"Foretsensations.fr"},"image":{"@id":"https:\/\/voyage-aventure.com\/blog\/#\/schema\/logo\/image\/"}},{"@type":"Person","@id":"https:\/\/voyage-aventure.com\/blog\/#\/schema\/person\/3c864cdc320801e3db34b663e7e3f816","name":"Camille Rouvray","image":{"@type":"ImageObject","inLanguage":"fr-FR","@id":"https:\/\/voyage-aventure.com\/blog\/#\/schema\/person\/image\/","url":"https:\/\/voyage-aventure.com\/blog\/wp-content\/uploads\/2026\/06\/persona_camille-r-96x96.jpg","contentUrl":"https:\/\/voyage-aventure.com\/blog\/wp-content\/uploads\/2026\/06\/persona_camille-r-96x96.jpg","caption":"Camille Rouvray"},"description":"Je voyage et j'\u00e9cris sur le voyage depuis une douzaine d'ann\u00e9es, d'abord en tant que routarde au long cours, puis comme r\u00e9dactrice sp\u00e9cialis\u00e9e. Mon terrain de pr\u00e9dilection, ce sont les circuits organis\u00e9s et l'art de bien pr\u00e9parer un itin\u00e9raire : choix de la saison, dur\u00e9e r\u00e9aliste des \u00e9tapes, budget jour par jour, logement et transport sur place. J'aime aussi raconter les p\u00e9pites urbaines, ces adresses qu'on ne trouve pas dans les guides classiques. Avant de publier un dossier destination, je croise toujours plusieurs sources, je v\u00e9rifie les tarifs et les formalit\u00e9s d'entr\u00e9e \u00e0 jour, et je teste moi-m\u00eame quand je le peux. Mon angle reste pratique avant tout : aider le lecteur \u00e0 partir l'esprit tranquille, sans mauvaise surprise une fois sur place. Je m'attache \u00e0 distinguer le coup de c\u0153ur sinc\u00e8re du simple argument marketing.","sameAs":["https:\/\/camillerouvray.fr\/"],"url":"https:\/\/voyage-aventure.com\/blog\/auteur\/noname\/"}]}},"_links":{"self":[{"href":"https:\/\/voyage-aventure.com\/blog\/wp-json\/wp\/v2\/posts\/16066","targetHints":{"allow":["GET"]}}],"collection":[{"href":"https:\/\/voyage-aventure.com\/blog\/wp-json\/wp\/v2\/posts"}],"about":[{"href":"https:\/\/voyage-aventure.com\/blog\/wp-json\/wp\/v2\/types\/post"}],"author":[{"embeddable":true,"href":"https:\/\/voyage-aventure.com\/blog\/wp-json\/wp\/v2\/users\/34"}],"replies":[{"embeddable":true,"href":"https:\/\/voyage-aventure.com\/blog\/wp-json\/wp\/v2\/comments?post=16066"}],"version-history":[{"count":1,"href":"https:\/\/voyage-aventure.com\/blog\/wp-json\/wp\/v2\/posts\/16066\/revisions"}],"predecessor-version":[{"id":16110,"href":"https:\/\/voyage-aventure.com\/blog\/wp-json\/wp\/v2\/posts\/16066\/revisions\/16110"}],"wp:featuredmedia":[{"embeddable":true,"href":"https:\/\/voyage-aventure.com\/blog\/wp-json\/wp\/v2\/media\/19632"}],"wp:attachment":[{"href":"https:\/\/voyage-aventure.com\/blog\/wp-json\/wp\/v2\/media?parent=16066"}],"wp:term":[{"taxonomy":"category","embeddable":true,"href":"https:\/\/voyage-aventure.com\/blog\/wp-json\/wp\/v2\/categories?post=16066"},{"taxonomy":"post_tag","embeddable":true,"href":"https:\/\/voyage-aventure.com\/blog\/wp-json\/wp\/v2\/tags?post=16066"}],"curies":[{"name":"wp","href":"https:\/\/api.w.org\/{rel}","templated":true}]}}