{"id":16060,"date":"2026-06-16T17:26:33","date_gmt":"2026-06-16T15:26:33","guid":{"rendered":"https:\/\/voyage-aventure.com\/blog\/?p=16060"},"modified":"2026-06-16T17:26:33","modified_gmt":"2026-06-16T15:26:33","slug":"les-etats-unis-interdisent-lentree-a-cristina-fernandez-pour-corruption-un-coup-dur-a-la-politique-argentine","status":"publish","type":"post","link":"https:\/\/voyage-aventure.com\/blog\/a-la-une\/les-etats-unis-interdisent-lentree-a-cristina-fernandez-pour-corruption-un-coup-dur-a-la-politique-argentine\/","title":{"rendered":"les \u00c9tats-Unis interdisent l&rsquo;entr\u00e9e \u00e0 cristina fern\u00e1ndez pour corruption : un coup dur \u00e0 la politique argentine"},"content":{"rendered":"<link rel=\"stylesheet\" href=\"https:\/\/fonts.googleapis.com\/css2?family=Newsreader:ital,opsz,wght@0,6..72,500;0,6..72,600;0,6..72,700;1,6..72,500;1,6..72,600&#038;family=Inter:wght@400;500;600&#038;family=JetBrains+Mono:wght@500&#038;display=swap\">\n<style>\n.va-cfk-wrap{font-family:'Inter',-apple-system,BlinkMacSystemFont,'Segoe UI',sans-serif;color:#23272F;line-height:1.65;}\n.va-cfk-wrap h2{font-family:'Newsreader',Georgia,serif;font-weight:700;font-size:clamp(24px,3.2vw,33px);line-height:1.2;letter-spacing:-0.01em;color:#181B21;margin:52px 0 16px;}\n.va-cfk-wrap p{font-size:17.5px;line-height:1.7;margin:0 0 18px;}\n.va-cfk-kicker{font-family:'JetBrains Mono',monospace;font-size:11px;font-weight:500;text-transform:uppercase;letter-spacing:2.4px;color:#3E4654;margin:0 0 10px;}\n.va-cfk-lead{font-family:'Newsreader',Georgia,serif;font-size:21px;line-height:1.55;font-weight:500;color:#2A2F38;border-left:4px solid #3E4654;padding-left:20px;margin:6px 0 30px;}\n.va-cfk-brief{background:#F4F5F7;border:1px solid #E2E5EA;border-left:5px solid #3E4654;border-radius:0 8px 8px 0;padding:24px 26px 22px;margin:30px 0;}\n.va-cfk-brief .va-cfk-bt{font-family:'JetBrains Mono',monospace;font-size:11px;font-weight:500;text-transform:uppercase;letter-spacing:2.4px;color:#3E4654;margin:0 0 16px;}\n.va-cfk-brow{display:flex;gap:14px;align-items:flex-start;padding:11px 0;border-bottom:1px solid #E2E5EA;}\n.va-cfk-brow:last-child{border-bottom:none;}\n.va-cfk-blab{flex:0 0 118px;font-family:'JetBrains Mono',monospace;font-size:11px;font-weight:500;text-transform:uppercase;letter-spacing:1.4px;color:#6A7180;padding-top:2px;}\n.va-cfk-bval{flex:1;font-size:15.5px;line-height:1.55;color:#23272F;}\n.va-cfk-grid{display:grid;grid-template-columns:repeat(auto-fit,minmax(240px,1fr));gap:14px;margin:26px 0;}\n.va-cfk-card{background:#fff;border:1px solid #E2E5EA;border-top:3px solid #3E4654;border-radius:6px;padding:20px 20px 18px;transition:transform .25s ease,box-shadow .25s ease;}\n.va-cfk-card:hover{transform:translateY(-3px);box-shadow:0 12px 28px -16px rgba(24,27,33,.28);}\n.va-cfk-cnum{font-family:'JetBrains Mono',monospace;font-size:12px;font-weight:500;color:#3E4654;letter-spacing:1px;margin-bottom:8px;}\n.va-cfk-ct{font-family:'Newsreader',Georgia,serif;font-size:18px;font-weight:600;color:#181B21;margin:0 0 7px;line-height:1.3;}\n.va-cfk-cd{font-size:14px;line-height:1.55;color:#4A505C;}\n.va-cfk-quote{margin:40px auto;padding:26px 24px;text-align:center;border-top:1px solid #181B21;border-bottom:1px solid #181B21;max-width:660px;position:relative;}\n.va-cfk-quote .va-cfk-qg{position:absolute;top:-22px;left:50%;transform:translateX(-50%);background:#fff;padding:0 14px;font-family:'Newsreader',Georgia,serif;font-size:50px;line-height:1;color:#3E4654;}\n.va-cfk-quote .va-cfk-qt{font-family:'Newsreader',Georgia,serif;font-style:italic;font-size:23px;line-height:1.45;color:#181B21;}\n.va-cfk-quote .va-cfk-qc{margin-top:14px;font-family:'JetBrains Mono',monospace;font-size:11px;text-transform:uppercase;letter-spacing:2px;color:#6A7180;}\n.va-cfk-retain{background:#181B21;border-radius:8px;padding:26px 28px;margin:40px 0;}\n.va-cfk-retain .va-cfk-rt{font-family:'JetBrains Mono',monospace;font-size:11px;font-weight:500;text-transform:uppercase;letter-spacing:2.4px;color:#9CA6B6;margin:0 0 16px;}\n.va-cfk-rrow{display:flex;gap:13px;align-items:flex-start;padding:9px 0;border-bottom:1px solid #2C313B;color:#E8EAEE;font-size:15px;line-height:1.55;}\n.va-cfk-rrow:last-child{border-bottom:none;}\n.va-cfk-rrow .va-cfk-rd{flex:0 0 8px;width:8px;height:8px;border-radius:50%;background:#3E4654;margin-top:7px;}\n.va-cfk-note{background:#F4F5F7;border:1px solid #E2E5EA;border-radius:6px;padding:14px 18px;margin:28px 0;font-size:13.5px;line-height:1.6;color:#4A505C;}\n.va-cfk-note strong{color:#3E4654;font-weight:600;}\n.va-cfk-faq{margin:40px 0;}\n.va-cfk-faq h2{margin-bottom:6px;}\n.va-cfk-faq .va-cfk-fl{border-top:1px solid #E2E5EA;}\n.va-cfk-faq details{border-bottom:1px solid #E2E5EA;}\n.va-cfk-faq summary{cursor:pointer;padding:16px 0;font-family:'Newsreader',Georgia,serif;font-size:18px;font-weight:600;color:#181B21;list-style:none;display:flex;justify-content:space-between;align-items:center;gap:14px;}\n.va-cfk-faq summary::-webkit-details-marker{display:none;}\n.va-cfk-faq summary .va-cfk-fp{font-family:'Inter',sans-serif;font-size:22px;font-weight:400;color:#3E4654;line-height:1;}\n.va-cfk-faq .va-cfk-fa{padding:0 0 18px;font-size:15.5px;line-height:1.7;color:#4A505C;}\n\/*RENDERFIX2*\/.va-cfk-retain{color:#eef3f9!important}.va-cfk-retain p,.va-cfk-retain li,.va-cfk-retain strong,.va-cfk-retain em,.va-cfk-retain a,.va-cfk-retain span,.va-cfk-retain b,.va-cfk-retain td,.va-cfk-retain th,.va-cfk-retain h2,.va-cfk-retain h3,.va-cfk-retain h4{color:#eef3f9!important}.va-cfk-retain strong,.va-cfk-retain b{color:#ffffff!important}.va-cfk-rrow .va-cfk-rd{color:#eef3f9!important}.va-cfk-rrow .va-cfk-rd p,.va-cfk-rrow .va-cfk-rd li,.va-cfk-rrow .va-cfk-rd strong,.va-cfk-rrow .va-cfk-rd em,.va-cfk-rrow .va-cfk-rd a,.va-cfk-rrow .va-cfk-rd span,.va-cfk-rrow .va-cfk-rd b,.va-cfk-rrow .va-cfk-rd td,.va-cfk-rrow .va-cfk-rd th,.va-cfk-rrow .va-cfk-rd h2,.va-cfk-rrow .va-cfk-rd h3,.va-cfk-rrow .va-cfk-rd h4{color:#eef3f9!important}.va-cfk-rrow .va-cfk-rd strong,.va-cfk-rrow .va-cfk-rd b{color:#ffffff!important}<\/style>\n<div class=\"va-cfk-wrap\">\n<div class=\"va-cfk-kicker\">Politique \u00b7 Argentine \u2014 \u00c9tats-Unis \u00b7 Mars 2025<\/div>\n<div class=\"va-cfk-lead\">Le d\u00e9partement d&rsquo;\u00c9tat am\u00e9ricain a annonc\u00e9 en mars 2025 l&rsquo;interdiction d&rsquo;entr\u00e9e sur le territoire des \u00c9tats-Unis visant Cristina Fern\u00e1ndez, ancienne pr\u00e9sidente argentine, sur fond d&rsquo;accusations de corruption. Une mesure qui touche aussi son ancien ministre de la Planification et leurs familles.<\/div>\n<div class=\"va-cfk-brief\">\n<div class=\"va-cfk-bt\">L&rsquo;essentiel<\/div>\n<div class=\"va-cfk-brow\">\n<div class=\"va-cfk-blab\">La d\u00e9cision<\/div>\n<div class=\"va-cfk-bval\">Interdiction d&rsquo;entr\u00e9e aux \u00c9tats-Unis visant Cristina Fern\u00e1ndez et son ancien ministre Julio Miguel De Vido, \u00e9tendue \u00e0 leurs familles.<\/div>\n<\/p><\/div>\n<div class=\"va-cfk-brow\">\n<div class=\"va-cfk-blab\">Qui l&rsquo;\u00e9met<\/div>\n<div class=\"va-cfk-bval\">Le d\u00e9partement d&rsquo;\u00c9tat am\u00e9ricain, le secr\u00e9taire d&rsquo;\u00c9tat Marco Rubio \u00e9voquant une \u00ab corruption significative \u00bb durant leur mandat.<\/div>\n<\/p><\/div>\n<div class=\"va-cfk-brow\">\n<div class=\"va-cfk-blab\">Le contexte<\/div>\n<div class=\"va-cfk-bval\">Selon l&rsquo;annonce, des contrats de travaux publics seraient en cause. Cristina Fern\u00e1ndez, qui nie les accusations et les dit motiv\u00e9es politiquement, a par ailleurs fait l&rsquo;objet de condamnations en Argentine \u2014 frapp\u00e9es d&rsquo;appel et non encore purg\u00e9es.<\/div>\n<\/p><\/div>\n<\/div>\n<h2>Une d\u00e9cision marquante du d\u00e9partement d&rsquo;\u00c9tat<\/h2>\n<p>Selon l&rsquo;annonce du d\u00e9partement d&rsquo;\u00c9tat am\u00e9ricain, l&rsquo;ancienne pr\u00e9sidente argentine Cristina Fern\u00e1ndez s&rsquo;est vu interdire l&rsquo;entr\u00e9e sur le territoire des \u00c9tats-Unis. D&rsquo;apr\u00e8s les autorit\u00e9s am\u00e9ricaines, cette mesure reposerait sur des accusations de corruption \u00ab significative \u00bb formul\u00e9es \u00e0 son encontre pour des faits remontant \u00e0 son mandat. L&rsquo;interdiction s&rsquo;\u00e9tendrait \u00e9galement \u00e0 son ancien ministre de la Planification, Julio Miguel De Vido, ainsi qu&rsquo;\u00e0 leurs familles.<\/p>\n<p>Toujours selon le d\u00e9partement d&rsquo;\u00c9tat, Cristina Fern\u00e1ndez et Julio De Vido auraient abus\u00e9 de leurs fonctions publiques dans le cadre de sch\u00e9mas de corruption li\u00e9s \u00e0 des contrats de travaux publics. Le secr\u00e9taire d&rsquo;\u00c9tat Marco Rubio a fait \u00e9tat d&rsquo;une implication pr\u00e9sum\u00e9e dans des d\u00e9tournements de fonds qui se chiffreraient en plusieurs millions de dollars. L&rsquo;annonce indique que ces accusations s&rsquo;appuient sur des d\u00e9cisions de tribunaux argentins.<\/p>\n<h2>Des accusations graves et des condamnations contest\u00e9es<\/h2>\n<p>Les accusations visant Cristina Fern\u00e1ndez ne sont pas nouvelles : plusieurs tribunaux argentins se sont d\u00e9j\u00e0 prononc\u00e9s sur des faits de corruption la concernant. En 2022, une juridiction a prononc\u00e9 \u00e0 son encontre une peine de six ans de prison assortie d&rsquo;une interdiction \u00e0 vie d&rsquo;exercer des fonctions publiques. D&rsquo;apr\u00e8s l&rsquo;article, cette d\u00e9cision a \u00e9t\u00e9 confirm\u00e9e par un tribunal sup\u00e9rieur en novembre dernier.<\/p>\n<p>Cristina Fern\u00e1ndez, de son c\u00f4t\u00e9, a constamment ni\u00e9 ces accusations et affirme qu&rsquo;elles seraient motiv\u00e9es par des raisons politiques. Elle n&rsquo;est, \u00e0 ce stade, pas incarc\u00e9r\u00e9e \u2014 une situation qui alimente le d\u00e9bat en Argentine sur l&rsquo;application de la justice. Les proc\u00e9dures restant susceptibles de recours, la pr\u00e9somption d&rsquo;innocence demeure pour les volets non d\u00e9finitivement jug\u00e9s.<\/p>\n<div class=\"va-cfk-note\"><strong>Rep\u00e8re.<\/strong> Les \u00e9l\u00e9ments pr\u00e9sent\u00e9s ici reprennent l&rsquo;annonce du d\u00e9partement d&rsquo;\u00c9tat am\u00e9ricain et les d\u00e9cisions judiciaires argentines telles que rapport\u00e9es. Une accusation ou une condamnation susceptible d&rsquo;appel ne vaut pas culpabilit\u00e9 d\u00e9finitive : tant que les voies de recours ne sont pas \u00e9puis\u00e9es, la pr\u00e9somption d&rsquo;innocence s&rsquo;applique.<\/div>\n<h2>Une port\u00e9e internationale et un message fort<\/h2>\n<p>Pour Washington, cette d\u00e9cision se veut un message sur la lutte contre la corruption au plus haut niveau. Le secr\u00e9taire d&rsquo;\u00c9tat Marco Rubio l&rsquo;a formul\u00e9e en ces termes.<\/p>\n<div class=\"va-cfk-quote\">\n<div class=\"va-cfk-qg\" aria-hidden=\"true\">\u00ab<\/div>\n<div class=\"va-cfk-qt\">Les \u00c9tats-Unis continueront \u00e0 promouvoir la responsabilit\u00e9 de ceux qui abusent de leur pouvoir public pour un gain personnel.<\/div>\n<div class=\"va-cfk-qc\">\u2014 Marco Rubio, secr\u00e9taire d&rsquo;\u00c9tat am\u00e9ricain<\/div>\n<\/div>\n<p>Pour les observateurs de la vie politique sud-am\u00e9ricaine, cette affaire pourrait avoir des r\u00e9percussions sur la dynamique politique en Argentine. Cristina Fern\u00e1ndez ayant longtemps \u00e9t\u00e9 une figure dominante de la sc\u00e8ne nationale, la mesure pourrait, selon ces analyses, affaiblir son influence et celle de son parti. Des cons\u00e9quences pourraient aussi se faire sentir sur les relations diplomatiques entre l&rsquo;Argentine et les \u00c9tats-Unis.<\/p>\n<div class=\"va-cfk-grid\">\n<div class=\"va-cfk-card\">\n<div class=\"va-cfk-cnum\">01<\/div>\n<div class=\"va-cfk-ct\">La mesure<\/div>\n<div class=\"va-cfk-cd\">Interdiction d&rsquo;entr\u00e9e aux \u00c9tats-Unis visant Cristina Fern\u00e1ndez et Julio De Vido, \u00e9tendue \u00e0 leurs familles.<\/div>\n<\/p><\/div>\n<div class=\"va-cfk-card\">\n<div class=\"va-cfk-cnum\">02<\/div>\n<div class=\"va-cfk-ct\">Le motif invoqu\u00e9<\/div>\n<div class=\"va-cfk-cd\">Des accusations de corruption li\u00e9es, selon l&rsquo;annonce, \u00e0 des contrats de travaux publics durant leur mandat.<\/div>\n<\/p><\/div>\n<div class=\"va-cfk-card\">\n<div class=\"va-cfk-cnum\">03<\/div>\n<div class=\"va-cfk-ct\">Le volet judiciaire<\/div>\n<div class=\"va-cfk-cd\">Une condamnation prononc\u00e9e en 2022 (six ans, interdiction \u00e0 vie de fonctions publiques), confirm\u00e9e en appel selon l&rsquo;article \u2014 contest\u00e9e par l&rsquo;int\u00e9ress\u00e9e.<\/div>\n<\/p><\/div>\n<div class=\"va-cfk-card\">\n<div class=\"va-cfk-cnum\">04<\/div>\n<div class=\"va-cfk-ct\">L&rsquo;enjeu<\/div>\n<div class=\"va-cfk-cd\">Un possible impact sur la sc\u00e8ne politique argentine et sur les relations entre Buenos Aires et Washington.<\/div>\n<\/p><\/div>\n<\/div>\n<p>En l&rsquo;\u00e9tat, l&rsquo;interdiction d&rsquo;entr\u00e9e annonc\u00e9e par le d\u00e9partement d&rsquo;\u00c9tat s&rsquo;inscrit dans un dossier sensible o\u00f9 coexistent une d\u00e9cision administrative am\u00e9ricaine, des accusations argentines et la position de l&rsquo;int\u00e9ress\u00e9e qui les conteste. La situation continue de nourrir le d\u00e9bat en Argentine sur la gouvernance, la transparence et la confiance dans les institutions.<\/p>\n<div class=\"va-cfk-retain\">\n<div class=\"va-cfk-rt\">Ce qu&rsquo;il faut retenir<\/div>\n<div class=\"va-cfk-rrow\"><span class=\"va-cfk-rd\"><\/span><span>Le d\u00e9partement d&rsquo;\u00c9tat am\u00e9ricain a annonc\u00e9 une interdiction d&rsquo;entr\u00e9e visant Cristina Fern\u00e1ndez et Julio De Vido, ainsi que leurs familles.<\/span><\/div>\n<div class=\"va-cfk-rrow\"><span class=\"va-cfk-rd\"><\/span><span>Selon l&rsquo;annonce, la mesure r\u00e9pond \u00e0 des accusations de corruption li\u00e9es \u00e0 des contrats de travaux publics durant leur mandat.<\/span><\/div>\n<div class=\"va-cfk-rrow\"><span class=\"va-cfk-rd\"><\/span><span>Une condamnation a \u00e9t\u00e9 prononc\u00e9e en 2022 et, d&rsquo;apr\u00e8s l&rsquo;article, confirm\u00e9e en appel en novembre dernier ; elle reste contest\u00e9e par l&rsquo;int\u00e9ress\u00e9e.<\/span><\/div>\n<div class=\"va-cfk-rrow\"><span class=\"va-cfk-rd\"><\/span><span>Cristina Fern\u00e1ndez nie les accusations et les estime politiquement motiv\u00e9es ; elle n&rsquo;est, \u00e0 ce stade, pas incarc\u00e9r\u00e9e.<\/span><\/div>\n<div class=\"va-cfk-rrow\"><span class=\"va-cfk-rd\"><\/span><span>L&rsquo;affaire pourrait peser sur la sc\u00e8ne politique argentine et sur les relations avec les \u00c9tats-Unis.<\/span><\/div>\n<\/div>\n<div class=\"va-cfk-faq\">\n<h2>Questions fr\u00e9quentes<\/h2>\n<div class=\"va-cfk-fl\">\n<details>\n<summary><span>Qui est concern\u00e9 par cette interdiction d&rsquo;entr\u00e9e ?<\/span><span class=\"va-cfk-fp\">+<\/span><\/summary>\n<div class=\"va-cfk-fa\">Selon l&rsquo;annonce du d\u00e9partement d&rsquo;\u00c9tat am\u00e9ricain, l&rsquo;interdiction vise l&rsquo;ancienne pr\u00e9sidente argentine Cristina Fern\u00e1ndez et son ancien ministre de la Planification, Julio Miguel De Vido, mesure \u00e9tendue \u00e0 leurs familles.<\/div>\n<\/details>\n<details>\n<summary><span>Sur quoi repose, selon Washington, cette d\u00e9cision ?<\/span><span class=\"va-cfk-fp\">+<\/span><\/summary>\n<div class=\"va-cfk-fa\">D&rsquo;apr\u00e8s les autorit\u00e9s am\u00e9ricaines, la mesure r\u00e9pond \u00e0 des accusations de corruption \u00ab significative \u00bb li\u00e9es, selon l&rsquo;annonce, \u00e0 des contrats de travaux publics durant leur mandat. Le secr\u00e9taire d&rsquo;\u00c9tat Marco Rubio a \u00e9voqu\u00e9 des d\u00e9tournements pr\u00e9sum\u00e9s se chiffrant en plusieurs millions de dollars.<\/div>\n<\/details>\n<details>\n<summary><span>Cristina Fern\u00e1ndez a-t-elle \u00e9t\u00e9 condamn\u00e9e ?<\/span><span class=\"va-cfk-fp\">+<\/span><\/summary>\n<div class=\"va-cfk-fa\">Selon l&rsquo;article, une juridiction argentine a prononc\u00e9 en 2022 une peine de six ans de prison et une interdiction \u00e0 vie d&rsquo;exercer des fonctions publiques, d\u00e9cision confirm\u00e9e par un tribunal sup\u00e9rieur en novembre dernier. L&rsquo;int\u00e9ress\u00e9e conteste ces accusations, qu&rsquo;elle juge politiquement motiv\u00e9es, et n&rsquo;est pas incarc\u00e9r\u00e9e \u00e0 ce stade ; les volets susceptibles de recours restent soumis \u00e0 la pr\u00e9somption d&rsquo;innocence.<\/div>\n<\/details>\n<details>\n<summary><span>Quelles pourraient \u00eatre les cons\u00e9quences ?<\/span><span class=\"va-cfk-fp\">+<\/span><\/summary>\n<div class=\"va-cfk-fa\">Pour les observateurs cit\u00e9s, la mesure pourrait affaiblir l&rsquo;influence de Cristina Fern\u00e1ndez et de son parti sur la sc\u00e8ne politique argentine, et avoir des r\u00e9percussions sur les relations diplomatiques entre l&rsquo;Argentine et les \u00c9tats-Unis.<\/div>\n<\/details><\/div>\n<\/div>\n<\/div>\n","protected":false},"excerpt":{"rendered":"","protected":false},"author":34,"featured_media":20323,"comment_status":"open","ping_status":"open","sticky":false,"template":"","format":"standard","meta":{"_acf_changed":false,"manual_indexmenow":false,"indexmenow_id_project":0,"footnotes":""},"categories":[1],"tags":[6243,2171,6241,5688,6242],"class_list":["post-16060","post","type-post","status-publish","format-standard","has-post-thumbnail","hentry","category-a-la-une","tag-accusations-judiciaires","tag-corruption","tag-gouvernance","tag-relations-internationales","tag-transparence-politique","generate-columns","tablet-grid-50","mobile-grid-100","grid-parent","grid-25"],"acf":[],"yoast_head":"<!-- This site is optimized with the Yoast SEO Premium plugin v21.3 (Yoast SEO v25.1) - https:\/\/yoast.com\/wordpress\/plugins\/seo\/ -->\n<title>les \u00c9tats-Unis interdisent l&#039;entr\u00e9e \u00e0 cristina fern\u00e1ndez<\/title>\n<meta name=\"description\" content=\"Le d\u00e9partement d&#039;\u00c9tat am\u00e9ricain a annonc\u00e9 en mars 2025 l&#039;interdiction d&#039;entr\u00e9e sur le territoire des \u00c9tats-Unis visant Cristina Fern\u00e1ndez, ancienne\" \/>\n<meta name=\"robots\" content=\"index, follow, max-snippet:-1, max-image-preview:large, max-video-preview:-1\" \/>\n<link rel=\"canonical\" href=\"https:\/\/voyage-aventure.com\/blog\/a-la-une\/les-etats-unis-interdisent-lentree-a-cristina-fernandez-pour-corruption-un-coup-dur-a-la-politique-argentine\/\" \/>\n<meta property=\"og:locale\" content=\"fr_FR\" \/>\n<meta property=\"og:type\" content=\"article\" \/>\n<meta property=\"og:title\" content=\"les \u00c9tats-Unis interdisent l&#039;entr\u00e9e \u00e0 cristina fern\u00e1ndez\" \/>\n<meta property=\"og:description\" content=\"Le d\u00e9partement d&#039;\u00c9tat am\u00e9ricain a annonc\u00e9 en mars 2025 l&#039;interdiction d&#039;entr\u00e9e sur le territoire des \u00c9tats-Unis visant Cristina Fern\u00e1ndez, ancienne\" \/>\n<meta property=\"og:url\" content=\"https:\/\/voyage-aventure.com\/blog\/a-la-une\/les-etats-unis-interdisent-lentree-a-cristina-fernandez-pour-corruption-un-coup-dur-a-la-politique-argentine\/\" \/>\n<meta property=\"og:site_name\" content=\"voyage-aventure\" \/>\n<meta property=\"og:image\" content=\"https:\/\/voyage-aventure.com\/blog\/wp-content\/uploads\/2025\/05\/sdxl-c497d954f2fa7b469bcab85fcee322dc-scaled.png\" \/>\n\t<meta property=\"og:image:width\" content=\"1200\" \/>\n\t<meta property=\"og:image:height\" content=\"500\" \/>\n\t<meta property=\"og:image:type\" content=\"image\/png\" \/>\n<meta name=\"author\" content=\"Camille Rouvray\" \/>\n<meta name=\"twitter:card\" content=\"summary_large_image\" \/>\n<script type=\"application\/ld+json\" class=\"yoast-schema-graph\">{\"@context\":\"https:\/\/schema.org\",\"@graph\":[{\"@type\":\"NewsArticle\",\"@id\":\"https:\/\/voyage-aventure.com\/blog\/a-la-une\/les-etats-unis-interdisent-lentree-a-cristina-fernandez-pour-corruption-un-coup-dur-a-la-politique-argentine\/#article\",\"isPartOf\":{\"@id\":\"https:\/\/voyage-aventure.com\/blog\/a-la-une\/les-etats-unis-interdisent-lentree-a-cristina-fernandez-pour-corruption-un-coup-dur-a-la-politique-argentine\/\"},\"author\":{\"name\":\"Camille Rouvray\",\"@id\":\"https:\/\/voyage-aventure.com\/blog\/#\/schema\/person\/3c864cdc320801e3db34b663e7e3f816\"},\"headline\":\"les \u00c9tats-Unis interdisent l&rsquo;entr\u00e9e \u00e0 cristina fern\u00e1ndez pour corruption : un coup dur \u00e0 la politique argentine\",\"datePublished\":\"2026-06-16T15:26:33+00:00\",\"mainEntityOfPage\":{\"@id\":\"https:\/\/voyage-aventure.com\/blog\/a-la-une\/les-etats-unis-interdisent-lentree-a-cristina-fernandez-pour-corruption-un-coup-dur-a-la-politique-argentine\/\"},\"wordCount\":1176,\"commentCount\":19,\"publisher\":{\"@id\":\"https:\/\/voyage-aventure.com\/blog\/#organization\"},\"image\":{\"@id\":\"https:\/\/voyage-aventure.com\/blog\/a-la-une\/les-etats-unis-interdisent-lentree-a-cristina-fernandez-pour-corruption-un-coup-dur-a-la-politique-argentine\/#primaryimage\"},\"thumbnailUrl\":\"https:\/\/voyage-aventure.com\/blog\/wp-content\/uploads\/2025\/05\/sdxl-c497d954f2fa7b469bcab85fcee322dc-scaled.png\",\"keywords\":[\"Accusations Judiciaires\",\"Corruption\",\"Gouvernance\",\"Relations Internationales\",\"Transparence Politique\"],\"articleSection\":[\"\u00c0 la une\"],\"inLanguage\":\"fr-FR\",\"potentialAction\":[{\"@type\":\"CommentAction\",\"name\":\"Comment\",\"target\":[\"https:\/\/voyage-aventure.com\/blog\/a-la-une\/les-etats-unis-interdisent-lentree-a-cristina-fernandez-pour-corruption-un-coup-dur-a-la-politique-argentine\/#respond\"]}]},{\"@type\":\"WebPage\",\"@id\":\"https:\/\/voyage-aventure.com\/blog\/a-la-une\/les-etats-unis-interdisent-lentree-a-cristina-fernandez-pour-corruption-un-coup-dur-a-la-politique-argentine\/\",\"url\":\"https:\/\/voyage-aventure.com\/blog\/a-la-une\/les-etats-unis-interdisent-lentree-a-cristina-fernandez-pour-corruption-un-coup-dur-a-la-politique-argentine\/\",\"name\":\"les \u00c9tats-Unis interdisent l'entr\u00e9e \u00e0 cristina fern\u00e1ndez\",\"isPartOf\":{\"@id\":\"https:\/\/voyage-aventure.com\/blog\/#website\"},\"primaryImageOfPage\":{\"@id\":\"https:\/\/voyage-aventure.com\/blog\/a-la-une\/les-etats-unis-interdisent-lentree-a-cristina-fernandez-pour-corruption-un-coup-dur-a-la-politique-argentine\/#primaryimage\"},\"image\":{\"@id\":\"https:\/\/voyage-aventure.com\/blog\/a-la-une\/les-etats-unis-interdisent-lentree-a-cristina-fernandez-pour-corruption-un-coup-dur-a-la-politique-argentine\/#primaryimage\"},\"thumbnailUrl\":\"https:\/\/voyage-aventure.com\/blog\/wp-content\/uploads\/2025\/05\/sdxl-c497d954f2fa7b469bcab85fcee322dc-scaled.png\",\"datePublished\":\"2026-06-16T15:26:33+00:00\",\"description\":\"Le d\u00e9partement d'\u00c9tat am\u00e9ricain a annonc\u00e9 en mars 2025 l'interdiction d'entr\u00e9e sur le territoire des \u00c9tats-Unis visant Cristina Fern\u00e1ndez, ancienne\",\"inLanguage\":\"fr-FR\",\"potentialAction\":[{\"@type\":\"ReadAction\",\"target\":[\"https:\/\/voyage-aventure.com\/blog\/a-la-une\/les-etats-unis-interdisent-lentree-a-cristina-fernandez-pour-corruption-un-coup-dur-a-la-politique-argentine\/\"]}]},{\"@type\":\"ImageObject\",\"inLanguage\":\"fr-FR\",\"@id\":\"https:\/\/voyage-aventure.com\/blog\/a-la-une\/les-etats-unis-interdisent-lentree-a-cristina-fernandez-pour-corruption-un-coup-dur-a-la-politique-argentine\/#primaryimage\",\"url\":\"https:\/\/voyage-aventure.com\/blog\/wp-content\/uploads\/2025\/05\/sdxl-c497d954f2fa7b469bcab85fcee322dc-scaled.png\",\"contentUrl\":\"https:\/\/voyage-aventure.com\/blog\/wp-content\/uploads\/2025\/05\/sdxl-c497d954f2fa7b469bcab85fcee322dc-scaled.png\",\"width\":1200,\"height\":500},{\"@type\":\"WebSite\",\"@id\":\"https:\/\/voyage-aventure.com\/blog\/#website\",\"url\":\"https:\/\/voyage-aventure.com\/blog\/\",\"name\":\"voyage-aventure.com\",\"description\":\"Votre passeport pour l\u2019inattendu.\",\"publisher\":{\"@id\":\"https:\/\/voyage-aventure.com\/blog\/#organization\"},\"alternateName\":\"Votre passeport pour l\u2019inattendu.\",\"potentialAction\":[{\"@type\":\"SearchAction\",\"target\":{\"@type\":\"EntryPoint\",\"urlTemplate\":\"https:\/\/voyage-aventure.com\/blog\/?s={search_term_string}\"},\"query-input\":{\"@type\":\"PropertyValueSpecification\",\"valueRequired\":true,\"valueName\":\"search_term_string\"}}],\"inLanguage\":\"fr-FR\"},{\"@type\":\"Organization\",\"@id\":\"https:\/\/voyage-aventure.com\/blog\/#organization\",\"name\":\"Foretsensations.fr\",\"url\":\"https:\/\/voyage-aventure.com\/blog\/\",\"logo\":{\"@type\":\"ImageObject\",\"inLanguage\":\"fr-FR\",\"@id\":\"https:\/\/voyage-aventure.com\/blog\/#\/schema\/logo\/image\/\",\"url\":\"https:\/\/voyage-aventure.com\/blog\/wp-content\/uploads\/2024\/12\/19.png\",\"contentUrl\":\"https:\/\/voyage-aventure.com\/blog\/wp-content\/uploads\/2024\/12\/19.png\",\"width\":512,\"height\":512,\"caption\":\"Foretsensations.fr\"},\"image\":{\"@id\":\"https:\/\/voyage-aventure.com\/blog\/#\/schema\/logo\/image\/\"}},{\"@type\":\"Person\",\"@id\":\"https:\/\/voyage-aventure.com\/blog\/#\/schema\/person\/3c864cdc320801e3db34b663e7e3f816\",\"name\":\"Camille Rouvray\",\"image\":{\"@type\":\"ImageObject\",\"inLanguage\":\"fr-FR\",\"@id\":\"https:\/\/voyage-aventure.com\/blog\/#\/schema\/person\/image\/\",\"url\":\"https:\/\/voyage-aventure.com\/blog\/wp-content\/uploads\/2026\/06\/persona_camille-r-96x96.jpg\",\"contentUrl\":\"https:\/\/voyage-aventure.com\/blog\/wp-content\/uploads\/2026\/06\/persona_camille-r-96x96.jpg\",\"caption\":\"Camille Rouvray\"},\"description\":\"Je voyage et j'\u00e9cris sur le voyage depuis une douzaine d'ann\u00e9es, d'abord en tant que routarde au long cours, puis comme r\u00e9dactrice sp\u00e9cialis\u00e9e. Mon terrain de pr\u00e9dilection, ce sont les circuits organis\u00e9s et l'art de bien pr\u00e9parer un itin\u00e9raire : choix de la saison, dur\u00e9e r\u00e9aliste des \u00e9tapes, budget jour par jour, logement et transport sur place. J'aime aussi raconter les p\u00e9pites urbaines, ces adresses qu'on ne trouve pas dans les guides classiques. Avant de publier un dossier destination, je croise toujours plusieurs sources, je v\u00e9rifie les tarifs et les formalit\u00e9s d'entr\u00e9e \u00e0 jour, et je teste moi-m\u00eame quand je le peux. Mon angle reste pratique avant tout : aider le lecteur \u00e0 partir l'esprit tranquille, sans mauvaise surprise une fois sur place. Je m'attache \u00e0 distinguer le coup de c\u0153ur sinc\u00e8re du simple argument marketing.\",\"sameAs\":[\"https:\/\/camillerouvray.fr\/\"],\"url\":\"https:\/\/voyage-aventure.com\/blog\/auteur\/noname\/\"}]}<\/script>\n<!-- \/ Yoast SEO Premium plugin. -->","yoast_head_json":{"title":"les \u00c9tats-Unis interdisent l'entr\u00e9e \u00e0 cristina fern\u00e1ndez","description":"Le d\u00e9partement d'\u00c9tat am\u00e9ricain a annonc\u00e9 en mars 2025 l'interdiction d'entr\u00e9e sur le territoire des \u00c9tats-Unis visant Cristina Fern\u00e1ndez, ancienne","robots":{"index":"index","follow":"follow","max-snippet":"max-snippet:-1","max-image-preview":"max-image-preview:large","max-video-preview":"max-video-preview:-1"},"canonical":"https:\/\/voyage-aventure.com\/blog\/a-la-une\/les-etats-unis-interdisent-lentree-a-cristina-fernandez-pour-corruption-un-coup-dur-a-la-politique-argentine\/","og_locale":"fr_FR","og_type":"article","og_title":"les \u00c9tats-Unis interdisent l'entr\u00e9e \u00e0 cristina fern\u00e1ndez","og_description":"Le d\u00e9partement d'\u00c9tat am\u00e9ricain a annonc\u00e9 en mars 2025 l'interdiction d'entr\u00e9e sur le territoire des \u00c9tats-Unis visant Cristina Fern\u00e1ndez, ancienne","og_url":"https:\/\/voyage-aventure.com\/blog\/a-la-une\/les-etats-unis-interdisent-lentree-a-cristina-fernandez-pour-corruption-un-coup-dur-a-la-politique-argentine\/","og_site_name":"voyage-aventure","og_image":[{"width":1200,"height":500,"url":"https:\/\/voyage-aventure.com\/blog\/wp-content\/uploads\/2025\/05\/sdxl-c497d954f2fa7b469bcab85fcee322dc-scaled.png","type":"image\/png"}],"author":"Camille Rouvray","twitter_card":"summary_large_image","schema":{"@context":"https:\/\/schema.org","@graph":[{"@type":"NewsArticle","@id":"https:\/\/voyage-aventure.com\/blog\/a-la-une\/les-etats-unis-interdisent-lentree-a-cristina-fernandez-pour-corruption-un-coup-dur-a-la-politique-argentine\/#article","isPartOf":{"@id":"https:\/\/voyage-aventure.com\/blog\/a-la-une\/les-etats-unis-interdisent-lentree-a-cristina-fernandez-pour-corruption-un-coup-dur-a-la-politique-argentine\/"},"author":{"name":"Camille Rouvray","@id":"https:\/\/voyage-aventure.com\/blog\/#\/schema\/person\/3c864cdc320801e3db34b663e7e3f816"},"headline":"les \u00c9tats-Unis interdisent l&rsquo;entr\u00e9e \u00e0 cristina fern\u00e1ndez pour corruption : un coup dur \u00e0 la politique argentine","datePublished":"2026-06-16T15:26:33+00:00","mainEntityOfPage":{"@id":"https:\/\/voyage-aventure.com\/blog\/a-la-une\/les-etats-unis-interdisent-lentree-a-cristina-fernandez-pour-corruption-un-coup-dur-a-la-politique-argentine\/"},"wordCount":1176,"commentCount":19,"publisher":{"@id":"https:\/\/voyage-aventure.com\/blog\/#organization"},"image":{"@id":"https:\/\/voyage-aventure.com\/blog\/a-la-une\/les-etats-unis-interdisent-lentree-a-cristina-fernandez-pour-corruption-un-coup-dur-a-la-politique-argentine\/#primaryimage"},"thumbnailUrl":"https:\/\/voyage-aventure.com\/blog\/wp-content\/uploads\/2025\/05\/sdxl-c497d954f2fa7b469bcab85fcee322dc-scaled.png","keywords":["Accusations Judiciaires","Corruption","Gouvernance","Relations Internationales","Transparence Politique"],"articleSection":["\u00c0 la une"],"inLanguage":"fr-FR","potentialAction":[{"@type":"CommentAction","name":"Comment","target":["https:\/\/voyage-aventure.com\/blog\/a-la-une\/les-etats-unis-interdisent-lentree-a-cristina-fernandez-pour-corruption-un-coup-dur-a-la-politique-argentine\/#respond"]}]},{"@type":"WebPage","@id":"https:\/\/voyage-aventure.com\/blog\/a-la-une\/les-etats-unis-interdisent-lentree-a-cristina-fernandez-pour-corruption-un-coup-dur-a-la-politique-argentine\/","url":"https:\/\/voyage-aventure.com\/blog\/a-la-une\/les-etats-unis-interdisent-lentree-a-cristina-fernandez-pour-corruption-un-coup-dur-a-la-politique-argentine\/","name":"les \u00c9tats-Unis interdisent l'entr\u00e9e \u00e0 cristina fern\u00e1ndez","isPartOf":{"@id":"https:\/\/voyage-aventure.com\/blog\/#website"},"primaryImageOfPage":{"@id":"https:\/\/voyage-aventure.com\/blog\/a-la-une\/les-etats-unis-interdisent-lentree-a-cristina-fernandez-pour-corruption-un-coup-dur-a-la-politique-argentine\/#primaryimage"},"image":{"@id":"https:\/\/voyage-aventure.com\/blog\/a-la-une\/les-etats-unis-interdisent-lentree-a-cristina-fernandez-pour-corruption-un-coup-dur-a-la-politique-argentine\/#primaryimage"},"thumbnailUrl":"https:\/\/voyage-aventure.com\/blog\/wp-content\/uploads\/2025\/05\/sdxl-c497d954f2fa7b469bcab85fcee322dc-scaled.png","datePublished":"2026-06-16T15:26:33+00:00","description":"Le d\u00e9partement d'\u00c9tat am\u00e9ricain a annonc\u00e9 en mars 2025 l'interdiction d'entr\u00e9e sur le territoire des \u00c9tats-Unis visant Cristina Fern\u00e1ndez, ancienne","inLanguage":"fr-FR","potentialAction":[{"@type":"ReadAction","target":["https:\/\/voyage-aventure.com\/blog\/a-la-une\/les-etats-unis-interdisent-lentree-a-cristina-fernandez-pour-corruption-un-coup-dur-a-la-politique-argentine\/"]}]},{"@type":"ImageObject","inLanguage":"fr-FR","@id":"https:\/\/voyage-aventure.com\/blog\/a-la-une\/les-etats-unis-interdisent-lentree-a-cristina-fernandez-pour-corruption-un-coup-dur-a-la-politique-argentine\/#primaryimage","url":"https:\/\/voyage-aventure.com\/blog\/wp-content\/uploads\/2025\/05\/sdxl-c497d954f2fa7b469bcab85fcee322dc-scaled.png","contentUrl":"https:\/\/voyage-aventure.com\/blog\/wp-content\/uploads\/2025\/05\/sdxl-c497d954f2fa7b469bcab85fcee322dc-scaled.png","width":1200,"height":500},{"@type":"WebSite","@id":"https:\/\/voyage-aventure.com\/blog\/#website","url":"https:\/\/voyage-aventure.com\/blog\/","name":"voyage-aventure.com","description":"Votre passeport pour l\u2019inattendu.","publisher":{"@id":"https:\/\/voyage-aventure.com\/blog\/#organization"},"alternateName":"Votre passeport pour l\u2019inattendu.","potentialAction":[{"@type":"SearchAction","target":{"@type":"EntryPoint","urlTemplate":"https:\/\/voyage-aventure.com\/blog\/?s={search_term_string}"},"query-input":{"@type":"PropertyValueSpecification","valueRequired":true,"valueName":"search_term_string"}}],"inLanguage":"fr-FR"},{"@type":"Organization","@id":"https:\/\/voyage-aventure.com\/blog\/#organization","name":"Foretsensations.fr","url":"https:\/\/voyage-aventure.com\/blog\/","logo":{"@type":"ImageObject","inLanguage":"fr-FR","@id":"https:\/\/voyage-aventure.com\/blog\/#\/schema\/logo\/image\/","url":"https:\/\/voyage-aventure.com\/blog\/wp-content\/uploads\/2024\/12\/19.png","contentUrl":"https:\/\/voyage-aventure.com\/blog\/wp-content\/uploads\/2024\/12\/19.png","width":512,"height":512,"caption":"Foretsensations.fr"},"image":{"@id":"https:\/\/voyage-aventure.com\/blog\/#\/schema\/logo\/image\/"}},{"@type":"Person","@id":"https:\/\/voyage-aventure.com\/blog\/#\/schema\/person\/3c864cdc320801e3db34b663e7e3f816","name":"Camille Rouvray","image":{"@type":"ImageObject","inLanguage":"fr-FR","@id":"https:\/\/voyage-aventure.com\/blog\/#\/schema\/person\/image\/","url":"https:\/\/voyage-aventure.com\/blog\/wp-content\/uploads\/2026\/06\/persona_camille-r-96x96.jpg","contentUrl":"https:\/\/voyage-aventure.com\/blog\/wp-content\/uploads\/2026\/06\/persona_camille-r-96x96.jpg","caption":"Camille Rouvray"},"description":"Je voyage et j'\u00e9cris sur le voyage depuis une douzaine d'ann\u00e9es, d'abord en tant que routarde au long cours, puis comme r\u00e9dactrice sp\u00e9cialis\u00e9e. Mon terrain de pr\u00e9dilection, ce sont les circuits organis\u00e9s et l'art de bien pr\u00e9parer un itin\u00e9raire : choix de la saison, dur\u00e9e r\u00e9aliste des \u00e9tapes, budget jour par jour, logement et transport sur place. J'aime aussi raconter les p\u00e9pites urbaines, ces adresses qu'on ne trouve pas dans les guides classiques. Avant de publier un dossier destination, je croise toujours plusieurs sources, je v\u00e9rifie les tarifs et les formalit\u00e9s d'entr\u00e9e \u00e0 jour, et je teste moi-m\u00eame quand je le peux. Mon angle reste pratique avant tout : aider le lecteur \u00e0 partir l'esprit tranquille, sans mauvaise surprise une fois sur place. Je m'attache \u00e0 distinguer le coup de c\u0153ur sinc\u00e8re du simple argument marketing.","sameAs":["https:\/\/camillerouvray.fr\/"],"url":"https:\/\/voyage-aventure.com\/blog\/auteur\/noname\/"}]}},"_links":{"self":[{"href":"https:\/\/voyage-aventure.com\/blog\/wp-json\/wp\/v2\/posts\/16060","targetHints":{"allow":["GET"]}}],"collection":[{"href":"https:\/\/voyage-aventure.com\/blog\/wp-json\/wp\/v2\/posts"}],"about":[{"href":"https:\/\/voyage-aventure.com\/blog\/wp-json\/wp\/v2\/types\/post"}],"author":[{"embeddable":true,"href":"https:\/\/voyage-aventure.com\/blog\/wp-json\/wp\/v2\/users\/34"}],"replies":[{"embeddable":true,"href":"https:\/\/voyage-aventure.com\/blog\/wp-json\/wp\/v2\/comments?post=16060"}],"version-history":[{"count":3,"href":"https:\/\/voyage-aventure.com\/blog\/wp-json\/wp\/v2\/posts\/16060\/revisions"}],"predecessor-version":[{"id":22883,"href":"https:\/\/voyage-aventure.com\/blog\/wp-json\/wp\/v2\/posts\/16060\/revisions\/22883"}],"wp:featuredmedia":[{"embeddable":true,"href":"https:\/\/voyage-aventure.com\/blog\/wp-json\/wp\/v2\/media\/20323"}],"wp:attachment":[{"href":"https:\/\/voyage-aventure.com\/blog\/wp-json\/wp\/v2\/media?parent=16060"}],"wp:term":[{"taxonomy":"category","embeddable":true,"href":"https:\/\/voyage-aventure.com\/blog\/wp-json\/wp\/v2\/categories?post=16060"},{"taxonomy":"post_tag","embeddable":true,"href":"https:\/\/voyage-aventure.com\/blog\/wp-json\/wp\/v2\/tags?post=16060"}],"curies":[{"name":"wp","href":"https:\/\/api.w.org\/{rel}","templated":true}]}}