{"id":16031,"date":"2025-03-22T13:49:17","date_gmt":"2025-03-22T12:49:17","guid":{"rendered":"https:\/\/voyage-aventure.com\/blog\/?p=16031"},"modified":"2025-03-22T13:49:17","modified_gmt":"2025-03-22T12:49:17","slug":"les-mises-en-garde-des-pays-europeens-et-du-canada-pour-les-voyageurs-vers-les-etats-unis","status":"publish","type":"post","link":"https:\/\/voyage-aventure.com\/blog\/a-la-une\/les-mises-en-garde-des-pays-europeens-et-du-canada-pour-les-voyageurs-vers-les-etats-unis\/","title":{"rendered":"Les mises en garde des pays europ\u00e9ens et du Canada pour les voyageurs vers les \u00c9tats-Unis"},"content":{"rendered":"<h2>Des avertissements sans pr\u00e9c\u00e9dent pour les voyageurs<\/h2>\n<p>Dans un contexte o\u00f9 les tensions internationales se exacerbent, plusieurs pays europ\u00e9ens, ainsi que le Canada, ont \u00e9mis des avertissements concernant les voyages vers les \u00c9tats-Unis. Ces mises en garde font suite \u00e0 des incidents o\u00f9 des citoyens de ces pays ont \u00e9t\u00e9 arr\u00eat\u00e9s et expuls\u00e9s par les autorit\u00e9s am\u00e9ricaines. Les gouvernements de pays comme l&rsquo;Allemagne, le Danemark et le Royaume-Uni soulignent l&rsquo;importance de suivre strictement les r\u00e8gles d&rsquo;entr\u00e9e aux \u00c9tats-Unis.<\/p>\n<p>Le minist\u00e8re des Affaires \u00e9trang\u00e8res allemand a r\u00e9cemment modifi\u00e9 son advisory en pr\u00e9cisant que le fait d&rsquo;avoir une autorisation de voyage \u00e9lectronique (ESTA) ou un visa ne garantit pas l&rsquo;entr\u00e9e sur le territoire am\u00e9ricain. Cela a conduit \u00e0 une pr\u00e9occupation accrue, incitant les voyageurs \u00e0 se pr\u00e9parer \u00e0 fournir des preuves de leur retour, telles qu&rsquo;un billet d&rsquo;avion, afin de ne pas se retrouver dans une situation d&rsquo;arrestation.<\/p>\n<p><iframe loading=\"lazy\" title=\"La m\u00e9thode chinoise pour conqu\u00e9rir le monde\" width=\"1200\" height=\"675\" src=\"https:\/\/www.youtube.com\/embed\/6vKuje25PSo?feature=oembed\" frameborder=\"0\" allow=\"accelerometer; autoplay; clipboard-write; encrypted-media; gyroscope; picture-in-picture; web-share\" referrerpolicy=\"strict-origin-when-cross-origin\" allowfullscreen><\/iframe><\/p>\n<h2>Les raisons derri\u00e8re ces avertissements<\/h2>\n<p>Les avertissements \u00e9mis par ces pays sont justifi\u00e9s par des cas r\u00e9cents o\u00f9 des ressortissants ont \u00e9t\u00e9 d\u00e9tenus \u00e0 leur arriv\u00e9e aux \u00c9tats-Unis. En plus des pr\u00e9occupations li\u00e9es \u00e0 l&rsquo;immigration, des modifications des politiques am\u00e9ricaines concernant la reconnaissance des genres ont \u00e9galement suscit\u00e9 des inqui\u00e9tudes. Cela concerne notamment l&rsquo;\u00e9limination de la possibilit\u00e9 pour les personnes non binaires d&rsquo;indiquer un \u00ab X \u00bb sur leur passeport.<\/p>\n<p>Le Royaume-Uni, tout comme d&rsquo;autres pays, a insist\u00e9 sur le fait que tout manquement \u00e0 respecter les r\u00e8gles d&rsquo;entr\u00e9e pourrait entra\u00eener des cons\u00e9quences juridiques, y compris l&rsquo;arrestation. Cette situation souligne un climat de m\u00e9fiance croissant entre les voyageurs internationaux et les autorit\u00e9s am\u00e9ricaines, rendant les voyages vers les \u00c9tats-Unis plus complexes et risqu\u00e9s.<\/p>\n<h2>Cons\u00e9quences \u00e9conomiques potentielles<\/h2>\n<p>Les avertissements de voyage pourraient avoir des r\u00e9percussions significatives sur l&rsquo;\u00e9conomie am\u00e9ricaine. En 2024, plus de 13 millions de visiteurs en provenance d&rsquo;Europe occidentale ont contribu\u00e9 \u00e0 l&rsquo;\u00e9conomie du tourisme aux \u00c9tats-Unis. Un rapport indique que les d\u00e9penses des voyageurs pourraient diminuer de 12,3 %, entra\u00eenant une perte annuelle de 22 milliards de dollars.<\/p>\n<p>Les analystes soulignent que la perception n\u00e9gative des \u00c9tats-Unis \u00e0 l&rsquo;\u00e9tranger, exacerb\u00e9e par des politiques tarifaires et des conflits g\u00e9opolitiques, pourrait avoir un impact durable sur le secteur du tourisme. Les voyageurs europ\u00e9ens, repr\u00e9sentant une part importante des visites \u00e9trang\u00e8res, pourraient choisir d&rsquo;\u00e9viter les \u00c9tats-Unis, ce qui nuirait \u00e0 l&rsquo;\u00e9conomie locale.<\/p>\n<ul>\n<li>Les pays \u00e9metteurs d&rsquo;avertissements incluent l&rsquo;Allemagne, le Danemark et le Canada.<\/li>\n<li>Les voyageurs doivent fournir des preuves de leur retour pour \u00e9viter des complications.<\/li>\n<li>Les changements de politique sur la reconnaissance des genres compliquent davantage les voyages.<\/li>\n<li>Une baisse significative des d\u00e9penses touristiques pourrait affecter l&rsquo;\u00e9conomie am\u00e9ricaine.<\/li>\n<\/ul>\n<blockquote><p>\n    \u00ab\u00a0L&rsquo;entr\u00e9e aux \u00c9tats-Unis n&rsquo;est pas garantie m\u00eame avec un ESTA ou un visa, ce qui inqui\u00e8te nos citoyens.\u00a0\u00bb &#8211; Repr\u00e9sentant du minist\u00e8re allemand des Affaires \u00e9trang\u00e8res.\n<\/p><\/blockquote>\n<p>Dans ce contexte, les citoyens des pays touch\u00e9s doivent faire preuve de prudence lors de leurs projets de voyage vers les \u00c9tats-Unis. La situation actuelle met en lumi\u00e8re les d\u00e9fis croissants li\u00e9s aux voyages internationaux et aux politiques d&rsquo;immigration. Les gouvernements doivent donc continuer \u00e0 surveiller ces d\u00e9veloppements pour prot\u00e9ger leurs citoyens tout en maintenant des relations diplomatiques constructives.<\/p>\n","protected":false},"excerpt":{"rendered":"","protected":false},"author":34,"featured_media":18332,"comment_status":"open","ping_status":"open","sticky":false,"template":"","format":"standard","meta":{"_acf_changed":false,"manual_indexmenow":false,"indexmenow_id_project":0,"footnotes":""},"categories":[1],"tags":[4593,4713,5688,3170,4635],"class_list":["post-16031","post","type-post","status-publish","format-standard","has-post-thumbnail","hentry","category-a-la-une","tag-economie","tag-preparation","tag-relations-internationales","tag-securite","tag-voyage","generate-columns","tablet-grid-50","mobile-grid-100","grid-parent","grid-25"],"acf":[],"yoast_head":"<!-- This site is optimized with the Yoast SEO Premium plugin v21.3 (Yoast SEO v25.1) - https:\/\/yoast.com\/wordpress\/plugins\/seo\/ -->\n<title>Les mises en garde des pays europ\u00e9ens et du Canada pour les<\/title>\n<meta name=\"description\" content=\"Des avertissements sans pr\u00e9c\u00e9dent pour les voyageurs Dans un contexte o\u00f9 les tensions internationales se exacerbent, plusieurs pays europ\u00e9ens, ainsi que\" \/>\n<meta name=\"robots\" content=\"index, follow, max-snippet:-1, max-image-preview:large, max-video-preview:-1\" \/>\n<link rel=\"canonical\" href=\"https:\/\/voyage-aventure.com\/blog\/a-la-une\/les-mises-en-garde-des-pays-europeens-et-du-canada-pour-les-voyageurs-vers-les-etats-unis\/\" \/>\n<meta property=\"og:locale\" content=\"fr_FR\" \/>\n<meta property=\"og:type\" content=\"article\" \/>\n<meta property=\"og:title\" content=\"Les mises en garde des pays europ\u00e9ens et du Canada pour les\" \/>\n<meta property=\"og:description\" content=\"Des avertissements sans pr\u00e9c\u00e9dent pour les voyageurs Dans un contexte o\u00f9 les tensions internationales se exacerbent, plusieurs pays europ\u00e9ens, ainsi que\" \/>\n<meta property=\"og:url\" content=\"https:\/\/voyage-aventure.com\/blog\/a-la-une\/les-mises-en-garde-des-pays-europeens-et-du-canada-pour-les-voyageurs-vers-les-etats-unis\/\" \/>\n<meta property=\"og:site_name\" content=\"voyage-aventure\" \/>\n<meta property=\"og:image\" content=\"https:\/\/voyage-aventure.com\/blog\/wp-content\/uploads\/2025\/04\/sdxl-1c2042c75348d0b507b05ab925f33b90.png\" \/>\n\t<meta property=\"og:image:width\" content=\"1200\" \/>\n\t<meta property=\"og:image:height\" content=\"500\" \/>\n\t<meta property=\"og:image:type\" content=\"image\/png\" \/>\n<meta name=\"author\" content=\"Camille Rouvray\" \/>\n<meta name=\"twitter:card\" content=\"summary_large_image\" \/>\n<script type=\"application\/ld+json\" class=\"yoast-schema-graph\">{\"@context\":\"https:\/\/schema.org\",\"@graph\":[{\"@type\":\"NewsArticle\",\"@id\":\"https:\/\/voyage-aventure.com\/blog\/a-la-une\/les-mises-en-garde-des-pays-europeens-et-du-canada-pour-les-voyageurs-vers-les-etats-unis\/#article\",\"isPartOf\":{\"@id\":\"https:\/\/voyage-aventure.com\/blog\/a-la-une\/les-mises-en-garde-des-pays-europeens-et-du-canada-pour-les-voyageurs-vers-les-etats-unis\/\"},\"author\":{\"name\":\"Camille Rouvray\",\"@id\":\"https:\/\/voyage-aventure.com\/blog\/#\/schema\/person\/3c864cdc320801e3db34b663e7e3f816\"},\"headline\":\"Les mises en garde des pays europ\u00e9ens et du Canada pour les voyageurs vers les \u00c9tats-Unis\",\"datePublished\":\"2025-03-22T12:49:17+00:00\",\"mainEntityOfPage\":{\"@id\":\"https:\/\/voyage-aventure.com\/blog\/a-la-une\/les-mises-en-garde-des-pays-europeens-et-du-canada-pour-les-voyageurs-vers-les-etats-unis\/\"},\"wordCount\":599,\"commentCount\":21,\"publisher\":{\"@id\":\"https:\/\/voyage-aventure.com\/blog\/#organization\"},\"image\":{\"@id\":\"https:\/\/voyage-aventure.com\/blog\/a-la-une\/les-mises-en-garde-des-pays-europeens-et-du-canada-pour-les-voyageurs-vers-les-etats-unis\/#primaryimage\"},\"thumbnailUrl\":\"https:\/\/voyage-aventure.com\/blog\/wp-content\/uploads\/2025\/04\/sdxl-1c2042c75348d0b507b05ab925f33b90.png\",\"keywords\":[\"\u00c9conomie\",\"Pr\u00e9paration\",\"Relations Internationales\",\"S\u00e9curit\u00e9\",\"Voyage\"],\"articleSection\":[\"\u00c0 la une\"],\"inLanguage\":\"fr-FR\",\"potentialAction\":[{\"@type\":\"CommentAction\",\"name\":\"Comment\",\"target\":[\"https:\/\/voyage-aventure.com\/blog\/a-la-une\/les-mises-en-garde-des-pays-europeens-et-du-canada-pour-les-voyageurs-vers-les-etats-unis\/#respond\"]}]},{\"@type\":\"WebPage\",\"@id\":\"https:\/\/voyage-aventure.com\/blog\/a-la-une\/les-mises-en-garde-des-pays-europeens-et-du-canada-pour-les-voyageurs-vers-les-etats-unis\/\",\"url\":\"https:\/\/voyage-aventure.com\/blog\/a-la-une\/les-mises-en-garde-des-pays-europeens-et-du-canada-pour-les-voyageurs-vers-les-etats-unis\/\",\"name\":\"Les mises en garde des pays europ\u00e9ens et du Canada pour les\",\"isPartOf\":{\"@id\":\"https:\/\/voyage-aventure.com\/blog\/#website\"},\"primaryImageOfPage\":{\"@id\":\"https:\/\/voyage-aventure.com\/blog\/a-la-une\/les-mises-en-garde-des-pays-europeens-et-du-canada-pour-les-voyageurs-vers-les-etats-unis\/#primaryimage\"},\"image\":{\"@id\":\"https:\/\/voyage-aventure.com\/blog\/a-la-une\/les-mises-en-garde-des-pays-europeens-et-du-canada-pour-les-voyageurs-vers-les-etats-unis\/#primaryimage\"},\"thumbnailUrl\":\"https:\/\/voyage-aventure.com\/blog\/wp-content\/uploads\/2025\/04\/sdxl-1c2042c75348d0b507b05ab925f33b90.png\",\"datePublished\":\"2025-03-22T12:49:17+00:00\",\"description\":\"Des avertissements sans pr\u00e9c\u00e9dent pour les voyageurs Dans un contexte o\u00f9 les tensions internationales se exacerbent, plusieurs pays europ\u00e9ens, ainsi que\",\"inLanguage\":\"fr-FR\",\"potentialAction\":[{\"@type\":\"ReadAction\",\"target\":[\"https:\/\/voyage-aventure.com\/blog\/a-la-une\/les-mises-en-garde-des-pays-europeens-et-du-canada-pour-les-voyageurs-vers-les-etats-unis\/\"]}]},{\"@type\":\"ImageObject\",\"inLanguage\":\"fr-FR\",\"@id\":\"https:\/\/voyage-aventure.com\/blog\/a-la-une\/les-mises-en-garde-des-pays-europeens-et-du-canada-pour-les-voyageurs-vers-les-etats-unis\/#primaryimage\",\"url\":\"https:\/\/voyage-aventure.com\/blog\/wp-content\/uploads\/2025\/04\/sdxl-1c2042c75348d0b507b05ab925f33b90.png\",\"contentUrl\":\"https:\/\/voyage-aventure.com\/blog\/wp-content\/uploads\/2025\/04\/sdxl-1c2042c75348d0b507b05ab925f33b90.png\",\"width\":1536,\"height\":640},{\"@type\":\"WebSite\",\"@id\":\"https:\/\/voyage-aventure.com\/blog\/#website\",\"url\":\"https:\/\/voyage-aventure.com\/blog\/\",\"name\":\"voyage-aventure.com\",\"description\":\"Votre passeport pour l\u2019inattendu.\",\"publisher\":{\"@id\":\"https:\/\/voyage-aventure.com\/blog\/#organization\"},\"alternateName\":\"Votre passeport pour l\u2019inattendu.\",\"potentialAction\":[{\"@type\":\"SearchAction\",\"target\":{\"@type\":\"EntryPoint\",\"urlTemplate\":\"https:\/\/voyage-aventure.com\/blog\/?s={search_term_string}\"},\"query-input\":{\"@type\":\"PropertyValueSpecification\",\"valueRequired\":true,\"valueName\":\"search_term_string\"}}],\"inLanguage\":\"fr-FR\"},{\"@type\":\"Organization\",\"@id\":\"https:\/\/voyage-aventure.com\/blog\/#organization\",\"name\":\"Foretsensations.fr\",\"url\":\"https:\/\/voyage-aventure.com\/blog\/\",\"logo\":{\"@type\":\"ImageObject\",\"inLanguage\":\"fr-FR\",\"@id\":\"https:\/\/voyage-aventure.com\/blog\/#\/schema\/logo\/image\/\",\"url\":\"https:\/\/voyage-aventure.com\/blog\/wp-content\/uploads\/2024\/12\/19.png\",\"contentUrl\":\"https:\/\/voyage-aventure.com\/blog\/wp-content\/uploads\/2024\/12\/19.png\",\"width\":512,\"height\":512,\"caption\":\"Foretsensations.fr\"},\"image\":{\"@id\":\"https:\/\/voyage-aventure.com\/blog\/#\/schema\/logo\/image\/\"}},{\"@type\":\"Person\",\"@id\":\"https:\/\/voyage-aventure.com\/blog\/#\/schema\/person\/3c864cdc320801e3db34b663e7e3f816\",\"name\":\"Camille Rouvray\",\"image\":{\"@type\":\"ImageObject\",\"inLanguage\":\"fr-FR\",\"@id\":\"https:\/\/voyage-aventure.com\/blog\/#\/schema\/person\/image\/\",\"url\":\"https:\/\/voyage-aventure.com\/blog\/wp-content\/uploads\/2026\/06\/persona_camille-r-96x96.jpg\",\"contentUrl\":\"https:\/\/voyage-aventure.com\/blog\/wp-content\/uploads\/2026\/06\/persona_camille-r-96x96.jpg\",\"caption\":\"Camille Rouvray\"},\"description\":\"Je voyage et j'\u00e9cris sur le voyage depuis une douzaine d'ann\u00e9es, d'abord en tant que routarde au long cours, puis comme r\u00e9dactrice sp\u00e9cialis\u00e9e. Mon terrain de pr\u00e9dilection, ce sont les circuits organis\u00e9s et l'art de bien pr\u00e9parer un itin\u00e9raire : choix de la saison, dur\u00e9e r\u00e9aliste des \u00e9tapes, budget jour par jour, logement et transport sur place. J'aime aussi raconter les p\u00e9pites urbaines, ces adresses qu'on ne trouve pas dans les guides classiques. Avant de publier un dossier destination, je croise toujours plusieurs sources, je v\u00e9rifie les tarifs et les formalit\u00e9s d'entr\u00e9e \u00e0 jour, et je teste moi-m\u00eame quand je le peux. Mon angle reste pratique avant tout : aider le lecteur \u00e0 partir l'esprit tranquille, sans mauvaise surprise une fois sur place. Je m'attache \u00e0 distinguer le coup de c\u0153ur sinc\u00e8re du simple argument marketing.\",\"sameAs\":[\"https:\/\/camillerouvray.fr\/\"],\"url\":\"https:\/\/voyage-aventure.com\/blog\/auteur\/noname\/\"}]}<\/script>\n<!-- \/ Yoast SEO Premium plugin. -->","yoast_head_json":{"title":"Les mises en garde des pays europ\u00e9ens et du Canada pour les","description":"Des avertissements sans pr\u00e9c\u00e9dent pour les voyageurs Dans un contexte o\u00f9 les tensions internationales se exacerbent, plusieurs pays europ\u00e9ens, ainsi que","robots":{"index":"index","follow":"follow","max-snippet":"max-snippet:-1","max-image-preview":"max-image-preview:large","max-video-preview":"max-video-preview:-1"},"canonical":"https:\/\/voyage-aventure.com\/blog\/a-la-une\/les-mises-en-garde-des-pays-europeens-et-du-canada-pour-les-voyageurs-vers-les-etats-unis\/","og_locale":"fr_FR","og_type":"article","og_title":"Les mises en garde des pays europ\u00e9ens et du Canada pour les","og_description":"Des avertissements sans pr\u00e9c\u00e9dent pour les voyageurs Dans un contexte o\u00f9 les tensions internationales se exacerbent, plusieurs pays europ\u00e9ens, ainsi que","og_url":"https:\/\/voyage-aventure.com\/blog\/a-la-une\/les-mises-en-garde-des-pays-europeens-et-du-canada-pour-les-voyageurs-vers-les-etats-unis\/","og_site_name":"voyage-aventure","og_image":[{"url":"https:\/\/voyage-aventure.com\/blog\/wp-content\/uploads\/2025\/04\/sdxl-1c2042c75348d0b507b05ab925f33b90.png","width":1200,"height":500,"type":"image\/png"}],"author":"Camille Rouvray","twitter_card":"summary_large_image","schema":{"@context":"https:\/\/schema.org","@graph":[{"@type":"NewsArticle","@id":"https:\/\/voyage-aventure.com\/blog\/a-la-une\/les-mises-en-garde-des-pays-europeens-et-du-canada-pour-les-voyageurs-vers-les-etats-unis\/#article","isPartOf":{"@id":"https:\/\/voyage-aventure.com\/blog\/a-la-une\/les-mises-en-garde-des-pays-europeens-et-du-canada-pour-les-voyageurs-vers-les-etats-unis\/"},"author":{"name":"Camille Rouvray","@id":"https:\/\/voyage-aventure.com\/blog\/#\/schema\/person\/3c864cdc320801e3db34b663e7e3f816"},"headline":"Les mises en garde des pays europ\u00e9ens et du Canada pour les voyageurs vers les \u00c9tats-Unis","datePublished":"2025-03-22T12:49:17+00:00","mainEntityOfPage":{"@id":"https:\/\/voyage-aventure.com\/blog\/a-la-une\/les-mises-en-garde-des-pays-europeens-et-du-canada-pour-les-voyageurs-vers-les-etats-unis\/"},"wordCount":599,"commentCount":21,"publisher":{"@id":"https:\/\/voyage-aventure.com\/blog\/#organization"},"image":{"@id":"https:\/\/voyage-aventure.com\/blog\/a-la-une\/les-mises-en-garde-des-pays-europeens-et-du-canada-pour-les-voyageurs-vers-les-etats-unis\/#primaryimage"},"thumbnailUrl":"https:\/\/voyage-aventure.com\/blog\/wp-content\/uploads\/2025\/04\/sdxl-1c2042c75348d0b507b05ab925f33b90.png","keywords":["\u00c9conomie","Pr\u00e9paration","Relations Internationales","S\u00e9curit\u00e9","Voyage"],"articleSection":["\u00c0 la une"],"inLanguage":"fr-FR","potentialAction":[{"@type":"CommentAction","name":"Comment","target":["https:\/\/voyage-aventure.com\/blog\/a-la-une\/les-mises-en-garde-des-pays-europeens-et-du-canada-pour-les-voyageurs-vers-les-etats-unis\/#respond"]}]},{"@type":"WebPage","@id":"https:\/\/voyage-aventure.com\/blog\/a-la-une\/les-mises-en-garde-des-pays-europeens-et-du-canada-pour-les-voyageurs-vers-les-etats-unis\/","url":"https:\/\/voyage-aventure.com\/blog\/a-la-une\/les-mises-en-garde-des-pays-europeens-et-du-canada-pour-les-voyageurs-vers-les-etats-unis\/","name":"Les mises en garde des pays europ\u00e9ens et du Canada pour les","isPartOf":{"@id":"https:\/\/voyage-aventure.com\/blog\/#website"},"primaryImageOfPage":{"@id":"https:\/\/voyage-aventure.com\/blog\/a-la-une\/les-mises-en-garde-des-pays-europeens-et-du-canada-pour-les-voyageurs-vers-les-etats-unis\/#primaryimage"},"image":{"@id":"https:\/\/voyage-aventure.com\/blog\/a-la-une\/les-mises-en-garde-des-pays-europeens-et-du-canada-pour-les-voyageurs-vers-les-etats-unis\/#primaryimage"},"thumbnailUrl":"https:\/\/voyage-aventure.com\/blog\/wp-content\/uploads\/2025\/04\/sdxl-1c2042c75348d0b507b05ab925f33b90.png","datePublished":"2025-03-22T12:49:17+00:00","description":"Des avertissements sans pr\u00e9c\u00e9dent pour les voyageurs Dans un contexte o\u00f9 les tensions internationales se exacerbent, plusieurs pays europ\u00e9ens, ainsi que","inLanguage":"fr-FR","potentialAction":[{"@type":"ReadAction","target":["https:\/\/voyage-aventure.com\/blog\/a-la-une\/les-mises-en-garde-des-pays-europeens-et-du-canada-pour-les-voyageurs-vers-les-etats-unis\/"]}]},{"@type":"ImageObject","inLanguage":"fr-FR","@id":"https:\/\/voyage-aventure.com\/blog\/a-la-une\/les-mises-en-garde-des-pays-europeens-et-du-canada-pour-les-voyageurs-vers-les-etats-unis\/#primaryimage","url":"https:\/\/voyage-aventure.com\/blog\/wp-content\/uploads\/2025\/04\/sdxl-1c2042c75348d0b507b05ab925f33b90.png","contentUrl":"https:\/\/voyage-aventure.com\/blog\/wp-content\/uploads\/2025\/04\/sdxl-1c2042c75348d0b507b05ab925f33b90.png","width":1536,"height":640},{"@type":"WebSite","@id":"https:\/\/voyage-aventure.com\/blog\/#website","url":"https:\/\/voyage-aventure.com\/blog\/","name":"voyage-aventure.com","description":"Votre passeport pour l\u2019inattendu.","publisher":{"@id":"https:\/\/voyage-aventure.com\/blog\/#organization"},"alternateName":"Votre passeport pour l\u2019inattendu.","potentialAction":[{"@type":"SearchAction","target":{"@type":"EntryPoint","urlTemplate":"https:\/\/voyage-aventure.com\/blog\/?s={search_term_string}"},"query-input":{"@type":"PropertyValueSpecification","valueRequired":true,"valueName":"search_term_string"}}],"inLanguage":"fr-FR"},{"@type":"Organization","@id":"https:\/\/voyage-aventure.com\/blog\/#organization","name":"Foretsensations.fr","url":"https:\/\/voyage-aventure.com\/blog\/","logo":{"@type":"ImageObject","inLanguage":"fr-FR","@id":"https:\/\/voyage-aventure.com\/blog\/#\/schema\/logo\/image\/","url":"https:\/\/voyage-aventure.com\/blog\/wp-content\/uploads\/2024\/12\/19.png","contentUrl":"https:\/\/voyage-aventure.com\/blog\/wp-content\/uploads\/2024\/12\/19.png","width":512,"height":512,"caption":"Foretsensations.fr"},"image":{"@id":"https:\/\/voyage-aventure.com\/blog\/#\/schema\/logo\/image\/"}},{"@type":"Person","@id":"https:\/\/voyage-aventure.com\/blog\/#\/schema\/person\/3c864cdc320801e3db34b663e7e3f816","name":"Camille Rouvray","image":{"@type":"ImageObject","inLanguage":"fr-FR","@id":"https:\/\/voyage-aventure.com\/blog\/#\/schema\/person\/image\/","url":"https:\/\/voyage-aventure.com\/blog\/wp-content\/uploads\/2026\/06\/persona_camille-r-96x96.jpg","contentUrl":"https:\/\/voyage-aventure.com\/blog\/wp-content\/uploads\/2026\/06\/persona_camille-r-96x96.jpg","caption":"Camille Rouvray"},"description":"Je voyage et j'\u00e9cris sur le voyage depuis une douzaine d'ann\u00e9es, d'abord en tant que routarde au long cours, puis comme r\u00e9dactrice sp\u00e9cialis\u00e9e. Mon terrain de pr\u00e9dilection, ce sont les circuits organis\u00e9s et l'art de bien pr\u00e9parer un itin\u00e9raire : choix de la saison, dur\u00e9e r\u00e9aliste des \u00e9tapes, budget jour par jour, logement et transport sur place. J'aime aussi raconter les p\u00e9pites urbaines, ces adresses qu'on ne trouve pas dans les guides classiques. Avant de publier un dossier destination, je croise toujours plusieurs sources, je v\u00e9rifie les tarifs et les formalit\u00e9s d'entr\u00e9e \u00e0 jour, et je teste moi-m\u00eame quand je le peux. Mon angle reste pratique avant tout : aider le lecteur \u00e0 partir l'esprit tranquille, sans mauvaise surprise une fois sur place. Je m'attache \u00e0 distinguer le coup de c\u0153ur sinc\u00e8re du simple argument marketing.","sameAs":["https:\/\/camillerouvray.fr\/"],"url":"https:\/\/voyage-aventure.com\/blog\/auteur\/noname\/"}]}},"_links":{"self":[{"href":"https:\/\/voyage-aventure.com\/blog\/wp-json\/wp\/v2\/posts\/16031","targetHints":{"allow":["GET"]}}],"collection":[{"href":"https:\/\/voyage-aventure.com\/blog\/wp-json\/wp\/v2\/posts"}],"about":[{"href":"https:\/\/voyage-aventure.com\/blog\/wp-json\/wp\/v2\/types\/post"}],"author":[{"embeddable":true,"href":"https:\/\/voyage-aventure.com\/blog\/wp-json\/wp\/v2\/users\/34"}],"replies":[{"embeddable":true,"href":"https:\/\/voyage-aventure.com\/blog\/wp-json\/wp\/v2\/comments?post=16031"}],"version-history":[{"count":1,"href":"https:\/\/voyage-aventure.com\/blog\/wp-json\/wp\/v2\/posts\/16031\/revisions"}],"predecessor-version":[{"id":16040,"href":"https:\/\/voyage-aventure.com\/blog\/wp-json\/wp\/v2\/posts\/16031\/revisions\/16040"}],"wp:featuredmedia":[{"embeddable":true,"href":"https:\/\/voyage-aventure.com\/blog\/wp-json\/wp\/v2\/media\/18332"}],"wp:attachment":[{"href":"https:\/\/voyage-aventure.com\/blog\/wp-json\/wp\/v2\/media?parent=16031"}],"wp:term":[{"taxonomy":"category","embeddable":true,"href":"https:\/\/voyage-aventure.com\/blog\/wp-json\/wp\/v2\/categories?post=16031"},{"taxonomy":"post_tag","embeddable":true,"href":"https:\/\/voyage-aventure.com\/blog\/wp-json\/wp\/v2\/tags?post=16031"}],"curies":[{"name":"wp","href":"https:\/\/api.w.org\/{rel}","templated":true}]}}