{"id":16026,"date":"2025-03-22T11:40:33","date_gmt":"2025-03-22T10:40:33","guid":{"rendered":"https:\/\/voyage-aventure.com\/blog\/?p=16026"},"modified":"2025-03-22T11:39:19","modified_gmt":"2025-03-22T10:39:19","slug":"voyage-vers-les-etats-unis-les-immigrants-et-visiteurs-inquiets-face-a-un-nouveau-debat-sur-linterdiction-de-voyage","status":"publish","type":"post","link":"https:\/\/voyage-aventure.com\/blog\/a-la-une\/voyage-vers-les-etats-unis-les-immigrants-et-visiteurs-inquiets-face-a-un-nouveau-debat-sur-linterdiction-de-voyage\/","title":{"rendered":"voyage vers les \u00c9tats-Unis : les immigrants et visiteurs inquiets face \u00e0 un nouveau d\u00e9bat sur l&rsquo;interdiction de voyage"},"content":{"rendered":"<h2>Une promesse d&rsquo;interdiction de voyage en suspens<\/h2>\n<p>Un projet de liste, qui aurait fuit\u00e9, mentionnerait 43 pays cibl\u00e9s, mais aucune liste officielle n\u2019a encore \u00e9t\u00e9 publi\u00e9e. Apr\u00e8s un ordre ex\u00e9cutif en janvier, Trump a demand\u00e9 \u00e0 ses ministres de pr\u00e9senter des options d\u2019ici mars.<\/p>\n<p>Les cons\u00e9quences d&rsquo;une telle mesure pourraient \u00eatre consid\u00e9rables, particuli\u00e8rement pour les pays d\u00e9sign\u00e9s. En effet, cela pourrait interdire compl\u00e8tement ou restreindre s\u00e9v\u00e8rement les voyages, rappelant les tentatives pr\u00e9c\u00e9dentes de l&rsquo;administration Trump, qui avait mis en place ce qui est devenu connu sous le nom de \u00ab\u00a0Muslim Ban\u00a0\u00bb.<\/p>\n<h2>Les Afghans en attente d&rsquo;un avenir incertain<\/h2>\n<p>Parmi les pays potentiellement vis\u00e9s, l&rsquo;Afghanistan attire l&rsquo;attention, surtout apr\u00e8s le retour au pouvoir des Talibans. De nombreux Afghans, qui ont jou\u00e9 un r\u00f4le crucial en soutenant les troupes am\u00e9ricaines, ont obtenu des visas sp\u00e9ciaux pour rejoindre les \u00c9tats-Unis. Cependant, l&rsquo;incertitude plane sur leur avenir alors que l&rsquo;organisation No One Left Behind travaille d&rsquo;arrache-pied pour les aider.<\/p>\n<p>Andrew Sullivan, directeur ex\u00e9cutif de l&rsquo;organisation, souligne que bon nombre de ces individus ont fui des menaces graves, mais se retrouvent maintenant sans ressources financi\u00e8res. \u00ab\u00a0Ils ont abandonn\u00e9 leur vie en Afghanistan, et leur situation est d\u00e9sesp\u00e9r\u00e9e\u00a0\u00bb, d\u00e9clare-t-il, appelant \u00e0 des exceptions pour ceux qui ont servi aux c\u00f4t\u00e9s des forces am\u00e9ricaines.<\/p>\n<h2>Les craintes des familles riches face \u00e0 de nouvelles restrictions<\/h2>\n<p>Cette fois-ci, les restrictions ne semblent pas se limiter aux pays majoritairement musulmans. Les immigrants d&rsquo;Am\u00e9rique centrale et du Sud, ainsi que ceux de Russie, pourraient \u00e9galement faire face \u00e0 des nouvelles r\u00e8gles. Nuri Katz, un consultant, rapporte que ses clients expriment leur inqui\u00e9tude quant \u00e0 l&rsquo;impact de ces mesures sur leur capacit\u00e9 \u00e0 voyager.<\/p>\n<p>Une famille russe, par exemple, se demande si elle pourra voyager aux \u00c9tats-Unis pour accompagner son enfant am\u00e9ricain. Les craintes de voir leurs visas annul\u00e9s cr\u00e9ent une panique, soulignant l&rsquo;incertitude qui plane sur les voyages internationaux dans ce climat politique tendu.<\/p>\n<ul>\n<li>Immigrants et visiteurs anxieux face \u00e0 une interdiction de voyage<\/li>\n<li>Visas sp\u00e9ciaux pour les Afghans en danger<\/li>\n<li>Incertitude pour les familles riches et leurs projets de voyage<\/li>\n<li>Cons\u00e9quences politiques pour Trump<\/li>\n<li>Impact sur les relations internationales et la perception de l&rsquo;Am\u00e9rique<\/li>\n<\/ul>\n<blockquote>\n<p>\u00ab\u00a0Si vous essayez de cr\u00e9er une bo\u00eete, comme cette liste de pays consid\u00e9r\u00e9s comme mauvais, vous vous retrouvez avec toutes sortes de situations diff\u00e9rentes qui ne rentrent pas dans cette bo\u00eete\u00a0\u00bb, explique Nuri Katz.<\/p>\n<\/blockquote>\n<h2>Les implications politiques potentielles pour Trump<\/h2>\n<p>Les pays comme le Venezuela et Cuba pourraient \u00e9galement figurer sur la liste, suscitant des pr\u00e9occupations au sein de la communaut\u00e9 am\u00e9ricano-cubaine et am\u00e9ricano-v\u00e9n\u00e9zu\u00e9lienne. Si ces restrictions se concr\u00e9tisent, les familles s\u00e9par\u00e9es par des mesures d&rsquo;immigration pourraient faire face \u00e0 des d\u00e9fis consid\u00e9rables pour se retrouver. Dr. Rebecca Bill Chavez souligne que ces d\u00e9cisions pourraient engendrer un m\u00e9contentement parmi les \u00e9lecteurs de Trump en Floride.<\/p>\n<p>Elle indique que le besoin de dialogue et de coop\u00e9ration r\u00e9gionale est crucial pour aborder les questions de migration et de trafic de drogue. Les tensions cr\u00e9\u00e9es par une interdiction de voyage pourraient nuire \u00e0 l\u2019image des \u00c9tats-Unis dans la r\u00e9gion, en plus de compliquer les efforts de coop\u00e9ration avec d\u2019autres nations.<\/p>\n<p>Alors que le d\u00e9bat se poursuit, de nombreuses voix s&rsquo;\u00e9l\u00e8vent pour plaider en faveur de l&rsquo;humanit\u00e9 et de la solidarit\u00e9, rappelant que le voyage et l&rsquo;immigration sont des r\u00e9alit\u00e9s complexes qui n\u00e9cessitent une approche nuanc\u00e9e. Le principe d\u2019accueil et de soutien envers ceux qui fuient la violence et la pers\u00e9cution devrait demeurer au c\u0153ur de toute politique d&rsquo;immigration.<\/p>\n","protected":false},"excerpt":{"rendered":"","protected":false},"author":34,"featured_media":20559,"comment_status":"open","ping_status":"open","sticky":false,"template":"","format":"standard","meta":{"_acf_changed":false,"manual_indexmenow":false,"indexmenow_id_project":0,"footnotes":""},"categories":[1],"tags":[4769,5688,3170,4635,4551],"class_list":["post-16026","post","type-post","status-publish","format-standard","has-post-thumbnail","hentry","category-a-la-une","tag-immersion-culturelle","tag-relations-internationales","tag-securite","tag-voyage","tag-voyage-solidaire","generate-columns","tablet-grid-50","mobile-grid-100","grid-parent","grid-25"],"acf":[],"yoast_head":"<!-- This site is optimized with the Yoast SEO Premium plugin v21.3 (Yoast SEO v25.1) - https:\/\/yoast.com\/wordpress\/plugins\/seo\/ -->\n<title>voyage vers les \u00c9tats-Unis : les immigrants et visiteurs<\/title>\n<meta name=\"description\" content=\"Un projet de liste, qui aurait fuit\u00e9, mentionnerait 43 pays cibl\u00e9s, mais aucune liste officielle n\u2019a encore \u00e9t\u00e9 publi\u00e9e. Apr\u00e8s un ordre ex\u00e9cutif en\" \/>\n<meta name=\"robots\" content=\"index, follow, max-snippet:-1, max-image-preview:large, max-video-preview:-1\" \/>\n<link rel=\"canonical\" href=\"https:\/\/voyage-aventure.com\/blog\/a-la-une\/voyage-vers-les-etats-unis-les-immigrants-et-visiteurs-inquiets-face-a-un-nouveau-debat-sur-linterdiction-de-voyage\/\" \/>\n<meta property=\"og:locale\" content=\"fr_FR\" \/>\n<meta property=\"og:type\" content=\"article\" \/>\n<meta property=\"og:title\" content=\"voyage vers les \u00c9tats-Unis : les immigrants et visiteurs\" \/>\n<meta property=\"og:description\" content=\"Un projet de liste, qui aurait fuit\u00e9, mentionnerait 43 pays cibl\u00e9s, mais aucune liste officielle n\u2019a encore \u00e9t\u00e9 publi\u00e9e. Apr\u00e8s un ordre ex\u00e9cutif en\" \/>\n<meta property=\"og:url\" content=\"https:\/\/voyage-aventure.com\/blog\/a-la-une\/voyage-vers-les-etats-unis-les-immigrants-et-visiteurs-inquiets-face-a-un-nouveau-debat-sur-linterdiction-de-voyage\/\" \/>\n<meta property=\"og:site_name\" content=\"voyage-aventure\" \/>\n<meta property=\"og:image\" content=\"https:\/\/voyage-aventure.com\/blog\/wp-content\/uploads\/2025\/05\/sdxl-e601b593462317132c068136a680028c-scaled.png\" \/>\n\t<meta property=\"og:image:width\" content=\"1200\" \/>\n\t<meta property=\"og:image:height\" content=\"500\" \/>\n\t<meta property=\"og:image:type\" content=\"image\/png\" \/>\n<meta name=\"author\" content=\"Camille Rouvray\" \/>\n<meta name=\"twitter:card\" content=\"summary_large_image\" \/>\n<script type=\"application\/ld+json\" class=\"yoast-schema-graph\">{\"@context\":\"https:\/\/schema.org\",\"@graph\":[{\"@type\":\"NewsArticle\",\"@id\":\"https:\/\/voyage-aventure.com\/blog\/a-la-une\/voyage-vers-les-etats-unis-les-immigrants-et-visiteurs-inquiets-face-a-un-nouveau-debat-sur-linterdiction-de-voyage\/#article\",\"isPartOf\":{\"@id\":\"https:\/\/voyage-aventure.com\/blog\/a-la-une\/voyage-vers-les-etats-unis-les-immigrants-et-visiteurs-inquiets-face-a-un-nouveau-debat-sur-linterdiction-de-voyage\/\"},\"author\":{\"name\":\"Camille Rouvray\",\"@id\":\"https:\/\/voyage-aventure.com\/blog\/#\/schema\/person\/3c864cdc320801e3db34b663e7e3f816\"},\"headline\":\"voyage vers les \u00c9tats-Unis : les immigrants et visiteurs inquiets face \u00e0 un nouveau d\u00e9bat sur l&rsquo;interdiction de voyage\",\"datePublished\":\"2025-03-22T10:40:33+00:00\",\"mainEntityOfPage\":{\"@id\":\"https:\/\/voyage-aventure.com\/blog\/a-la-une\/voyage-vers-les-etats-unis-les-immigrants-et-visiteurs-inquiets-face-a-un-nouveau-debat-sur-linterdiction-de-voyage\/\"},\"wordCount\":672,\"commentCount\":27,\"publisher\":{\"@id\":\"https:\/\/voyage-aventure.com\/blog\/#organization\"},\"image\":{\"@id\":\"https:\/\/voyage-aventure.com\/blog\/a-la-une\/voyage-vers-les-etats-unis-les-immigrants-et-visiteurs-inquiets-face-a-un-nouveau-debat-sur-linterdiction-de-voyage\/#primaryimage\"},\"thumbnailUrl\":\"https:\/\/voyage-aventure.com\/blog\/wp-content\/uploads\/2025\/05\/sdxl-e601b593462317132c068136a680028c-scaled.png\",\"keywords\":[\"Immersion Culturelle\",\"Relations Internationales\",\"S\u00e9curit\u00e9\",\"Voyage\",\"Voyage solidaire\"],\"articleSection\":[\"\u00c0 la une\"],\"inLanguage\":\"fr-FR\",\"potentialAction\":[{\"@type\":\"CommentAction\",\"name\":\"Comment\",\"target\":[\"https:\/\/voyage-aventure.com\/blog\/a-la-une\/voyage-vers-les-etats-unis-les-immigrants-et-visiteurs-inquiets-face-a-un-nouveau-debat-sur-linterdiction-de-voyage\/#respond\"]}]},{\"@type\":\"WebPage\",\"@id\":\"https:\/\/voyage-aventure.com\/blog\/a-la-une\/voyage-vers-les-etats-unis-les-immigrants-et-visiteurs-inquiets-face-a-un-nouveau-debat-sur-linterdiction-de-voyage\/\",\"url\":\"https:\/\/voyage-aventure.com\/blog\/a-la-une\/voyage-vers-les-etats-unis-les-immigrants-et-visiteurs-inquiets-face-a-un-nouveau-debat-sur-linterdiction-de-voyage\/\",\"name\":\"voyage vers les \u00c9tats-Unis : les immigrants et visiteurs\",\"isPartOf\":{\"@id\":\"https:\/\/voyage-aventure.com\/blog\/#website\"},\"primaryImageOfPage\":{\"@id\":\"https:\/\/voyage-aventure.com\/blog\/a-la-une\/voyage-vers-les-etats-unis-les-immigrants-et-visiteurs-inquiets-face-a-un-nouveau-debat-sur-linterdiction-de-voyage\/#primaryimage\"},\"image\":{\"@id\":\"https:\/\/voyage-aventure.com\/blog\/a-la-une\/voyage-vers-les-etats-unis-les-immigrants-et-visiteurs-inquiets-face-a-un-nouveau-debat-sur-linterdiction-de-voyage\/#primaryimage\"},\"thumbnailUrl\":\"https:\/\/voyage-aventure.com\/blog\/wp-content\/uploads\/2025\/05\/sdxl-e601b593462317132c068136a680028c-scaled.png\",\"datePublished\":\"2025-03-22T10:40:33+00:00\",\"description\":\"Un projet de liste, qui aurait fuit\u00e9, mentionnerait 43 pays cibl\u00e9s, mais aucune liste officielle n\u2019a encore \u00e9t\u00e9 publi\u00e9e. Apr\u00e8s un ordre ex\u00e9cutif en\",\"inLanguage\":\"fr-FR\",\"potentialAction\":[{\"@type\":\"ReadAction\",\"target\":[\"https:\/\/voyage-aventure.com\/blog\/a-la-une\/voyage-vers-les-etats-unis-les-immigrants-et-visiteurs-inquiets-face-a-un-nouveau-debat-sur-linterdiction-de-voyage\/\"]}]},{\"@type\":\"ImageObject\",\"inLanguage\":\"fr-FR\",\"@id\":\"https:\/\/voyage-aventure.com\/blog\/a-la-une\/voyage-vers-les-etats-unis-les-immigrants-et-visiteurs-inquiets-face-a-un-nouveau-debat-sur-linterdiction-de-voyage\/#primaryimage\",\"url\":\"https:\/\/voyage-aventure.com\/blog\/wp-content\/uploads\/2025\/05\/sdxl-e601b593462317132c068136a680028c-scaled.png\",\"contentUrl\":\"https:\/\/voyage-aventure.com\/blog\/wp-content\/uploads\/2025\/05\/sdxl-e601b593462317132c068136a680028c-scaled.png\",\"width\":1200,\"height\":500},{\"@type\":\"WebSite\",\"@id\":\"https:\/\/voyage-aventure.com\/blog\/#website\",\"url\":\"https:\/\/voyage-aventure.com\/blog\/\",\"name\":\"voyage-aventure.com\",\"description\":\"Votre passeport pour l\u2019inattendu.\",\"publisher\":{\"@id\":\"https:\/\/voyage-aventure.com\/blog\/#organization\"},\"alternateName\":\"Votre passeport pour l\u2019inattendu.\",\"potentialAction\":[{\"@type\":\"SearchAction\",\"target\":{\"@type\":\"EntryPoint\",\"urlTemplate\":\"https:\/\/voyage-aventure.com\/blog\/?s={search_term_string}\"},\"query-input\":{\"@type\":\"PropertyValueSpecification\",\"valueRequired\":true,\"valueName\":\"search_term_string\"}}],\"inLanguage\":\"fr-FR\"},{\"@type\":\"Organization\",\"@id\":\"https:\/\/voyage-aventure.com\/blog\/#organization\",\"name\":\"Foretsensations.fr\",\"url\":\"https:\/\/voyage-aventure.com\/blog\/\",\"logo\":{\"@type\":\"ImageObject\",\"inLanguage\":\"fr-FR\",\"@id\":\"https:\/\/voyage-aventure.com\/blog\/#\/schema\/logo\/image\/\",\"url\":\"https:\/\/voyage-aventure.com\/blog\/wp-content\/uploads\/2024\/12\/19.png\",\"contentUrl\":\"https:\/\/voyage-aventure.com\/blog\/wp-content\/uploads\/2024\/12\/19.png\",\"width\":512,\"height\":512,\"caption\":\"Foretsensations.fr\"},\"image\":{\"@id\":\"https:\/\/voyage-aventure.com\/blog\/#\/schema\/logo\/image\/\"}},{\"@type\":\"Person\",\"@id\":\"https:\/\/voyage-aventure.com\/blog\/#\/schema\/person\/3c864cdc320801e3db34b663e7e3f816\",\"name\":\"Camille Rouvray\",\"image\":{\"@type\":\"ImageObject\",\"inLanguage\":\"fr-FR\",\"@id\":\"https:\/\/voyage-aventure.com\/blog\/#\/schema\/person\/image\/\",\"url\":\"https:\/\/voyage-aventure.com\/blog\/wp-content\/uploads\/2026\/06\/persona_camille-r-96x96.jpg\",\"contentUrl\":\"https:\/\/voyage-aventure.com\/blog\/wp-content\/uploads\/2026\/06\/persona_camille-r-96x96.jpg\",\"caption\":\"Camille Rouvray\"},\"description\":\"Je voyage et j'\u00e9cris sur le voyage depuis une douzaine d'ann\u00e9es, d'abord en tant que routarde au long cours, puis comme r\u00e9dactrice sp\u00e9cialis\u00e9e. Mon terrain de pr\u00e9dilection, ce sont les circuits organis\u00e9s et l'art de bien pr\u00e9parer un itin\u00e9raire : choix de la saison, dur\u00e9e r\u00e9aliste des \u00e9tapes, budget jour par jour, logement et transport sur place. J'aime aussi raconter les p\u00e9pites urbaines, ces adresses qu'on ne trouve pas dans les guides classiques. Avant de publier un dossier destination, je croise toujours plusieurs sources, je v\u00e9rifie les tarifs et les formalit\u00e9s d'entr\u00e9e \u00e0 jour, et je teste moi-m\u00eame quand je le peux. Mon angle reste pratique avant tout : aider le lecteur \u00e0 partir l'esprit tranquille, sans mauvaise surprise une fois sur place. Je m'attache \u00e0 distinguer le coup de c\u0153ur sinc\u00e8re du simple argument marketing.\",\"sameAs\":[\"https:\/\/camillerouvray.fr\/\"],\"url\":\"https:\/\/voyage-aventure.com\/blog\/auteur\/noname\/\"}]}<\/script>\n<!-- \/ Yoast SEO Premium plugin. -->","yoast_head_json":{"title":"voyage vers les \u00c9tats-Unis : les immigrants et visiteurs","description":"Un projet de liste, qui aurait fuit\u00e9, mentionnerait 43 pays cibl\u00e9s, mais aucune liste officielle n\u2019a encore \u00e9t\u00e9 publi\u00e9e. Apr\u00e8s un ordre ex\u00e9cutif en","robots":{"index":"index","follow":"follow","max-snippet":"max-snippet:-1","max-image-preview":"max-image-preview:large","max-video-preview":"max-video-preview:-1"},"canonical":"https:\/\/voyage-aventure.com\/blog\/a-la-une\/voyage-vers-les-etats-unis-les-immigrants-et-visiteurs-inquiets-face-a-un-nouveau-debat-sur-linterdiction-de-voyage\/","og_locale":"fr_FR","og_type":"article","og_title":"voyage vers les \u00c9tats-Unis : les immigrants et visiteurs","og_description":"Un projet de liste, qui aurait fuit\u00e9, mentionnerait 43 pays cibl\u00e9s, mais aucune liste officielle n\u2019a encore \u00e9t\u00e9 publi\u00e9e. Apr\u00e8s un ordre ex\u00e9cutif en","og_url":"https:\/\/voyage-aventure.com\/blog\/a-la-une\/voyage-vers-les-etats-unis-les-immigrants-et-visiteurs-inquiets-face-a-un-nouveau-debat-sur-linterdiction-de-voyage\/","og_site_name":"voyage-aventure","og_image":[{"width":1200,"height":500,"url":"https:\/\/voyage-aventure.com\/blog\/wp-content\/uploads\/2025\/05\/sdxl-e601b593462317132c068136a680028c-scaled.png","type":"image\/png"}],"author":"Camille Rouvray","twitter_card":"summary_large_image","schema":{"@context":"https:\/\/schema.org","@graph":[{"@type":"NewsArticle","@id":"https:\/\/voyage-aventure.com\/blog\/a-la-une\/voyage-vers-les-etats-unis-les-immigrants-et-visiteurs-inquiets-face-a-un-nouveau-debat-sur-linterdiction-de-voyage\/#article","isPartOf":{"@id":"https:\/\/voyage-aventure.com\/blog\/a-la-une\/voyage-vers-les-etats-unis-les-immigrants-et-visiteurs-inquiets-face-a-un-nouveau-debat-sur-linterdiction-de-voyage\/"},"author":{"name":"Camille Rouvray","@id":"https:\/\/voyage-aventure.com\/blog\/#\/schema\/person\/3c864cdc320801e3db34b663e7e3f816"},"headline":"voyage vers les \u00c9tats-Unis : les immigrants et visiteurs inquiets face \u00e0 un nouveau d\u00e9bat sur l&rsquo;interdiction de voyage","datePublished":"2025-03-22T10:40:33+00:00","mainEntityOfPage":{"@id":"https:\/\/voyage-aventure.com\/blog\/a-la-une\/voyage-vers-les-etats-unis-les-immigrants-et-visiteurs-inquiets-face-a-un-nouveau-debat-sur-linterdiction-de-voyage\/"},"wordCount":672,"commentCount":27,"publisher":{"@id":"https:\/\/voyage-aventure.com\/blog\/#organization"},"image":{"@id":"https:\/\/voyage-aventure.com\/blog\/a-la-une\/voyage-vers-les-etats-unis-les-immigrants-et-visiteurs-inquiets-face-a-un-nouveau-debat-sur-linterdiction-de-voyage\/#primaryimage"},"thumbnailUrl":"https:\/\/voyage-aventure.com\/blog\/wp-content\/uploads\/2025\/05\/sdxl-e601b593462317132c068136a680028c-scaled.png","keywords":["Immersion Culturelle","Relations Internationales","S\u00e9curit\u00e9","Voyage","Voyage solidaire"],"articleSection":["\u00c0 la une"],"inLanguage":"fr-FR","potentialAction":[{"@type":"CommentAction","name":"Comment","target":["https:\/\/voyage-aventure.com\/blog\/a-la-une\/voyage-vers-les-etats-unis-les-immigrants-et-visiteurs-inquiets-face-a-un-nouveau-debat-sur-linterdiction-de-voyage\/#respond"]}]},{"@type":"WebPage","@id":"https:\/\/voyage-aventure.com\/blog\/a-la-une\/voyage-vers-les-etats-unis-les-immigrants-et-visiteurs-inquiets-face-a-un-nouveau-debat-sur-linterdiction-de-voyage\/","url":"https:\/\/voyage-aventure.com\/blog\/a-la-une\/voyage-vers-les-etats-unis-les-immigrants-et-visiteurs-inquiets-face-a-un-nouveau-debat-sur-linterdiction-de-voyage\/","name":"voyage vers les \u00c9tats-Unis : les immigrants et visiteurs","isPartOf":{"@id":"https:\/\/voyage-aventure.com\/blog\/#website"},"primaryImageOfPage":{"@id":"https:\/\/voyage-aventure.com\/blog\/a-la-une\/voyage-vers-les-etats-unis-les-immigrants-et-visiteurs-inquiets-face-a-un-nouveau-debat-sur-linterdiction-de-voyage\/#primaryimage"},"image":{"@id":"https:\/\/voyage-aventure.com\/blog\/a-la-une\/voyage-vers-les-etats-unis-les-immigrants-et-visiteurs-inquiets-face-a-un-nouveau-debat-sur-linterdiction-de-voyage\/#primaryimage"},"thumbnailUrl":"https:\/\/voyage-aventure.com\/blog\/wp-content\/uploads\/2025\/05\/sdxl-e601b593462317132c068136a680028c-scaled.png","datePublished":"2025-03-22T10:40:33+00:00","description":"Un projet de liste, qui aurait fuit\u00e9, mentionnerait 43 pays cibl\u00e9s, mais aucune liste officielle n\u2019a encore \u00e9t\u00e9 publi\u00e9e. Apr\u00e8s un ordre ex\u00e9cutif en","inLanguage":"fr-FR","potentialAction":[{"@type":"ReadAction","target":["https:\/\/voyage-aventure.com\/blog\/a-la-une\/voyage-vers-les-etats-unis-les-immigrants-et-visiteurs-inquiets-face-a-un-nouveau-debat-sur-linterdiction-de-voyage\/"]}]},{"@type":"ImageObject","inLanguage":"fr-FR","@id":"https:\/\/voyage-aventure.com\/blog\/a-la-une\/voyage-vers-les-etats-unis-les-immigrants-et-visiteurs-inquiets-face-a-un-nouveau-debat-sur-linterdiction-de-voyage\/#primaryimage","url":"https:\/\/voyage-aventure.com\/blog\/wp-content\/uploads\/2025\/05\/sdxl-e601b593462317132c068136a680028c-scaled.png","contentUrl":"https:\/\/voyage-aventure.com\/blog\/wp-content\/uploads\/2025\/05\/sdxl-e601b593462317132c068136a680028c-scaled.png","width":1200,"height":500},{"@type":"WebSite","@id":"https:\/\/voyage-aventure.com\/blog\/#website","url":"https:\/\/voyage-aventure.com\/blog\/","name":"voyage-aventure.com","description":"Votre passeport pour l\u2019inattendu.","publisher":{"@id":"https:\/\/voyage-aventure.com\/blog\/#organization"},"alternateName":"Votre passeport pour l\u2019inattendu.","potentialAction":[{"@type":"SearchAction","target":{"@type":"EntryPoint","urlTemplate":"https:\/\/voyage-aventure.com\/blog\/?s={search_term_string}"},"query-input":{"@type":"PropertyValueSpecification","valueRequired":true,"valueName":"search_term_string"}}],"inLanguage":"fr-FR"},{"@type":"Organization","@id":"https:\/\/voyage-aventure.com\/blog\/#organization","name":"Foretsensations.fr","url":"https:\/\/voyage-aventure.com\/blog\/","logo":{"@type":"ImageObject","inLanguage":"fr-FR","@id":"https:\/\/voyage-aventure.com\/blog\/#\/schema\/logo\/image\/","url":"https:\/\/voyage-aventure.com\/blog\/wp-content\/uploads\/2024\/12\/19.png","contentUrl":"https:\/\/voyage-aventure.com\/blog\/wp-content\/uploads\/2024\/12\/19.png","width":512,"height":512,"caption":"Foretsensations.fr"},"image":{"@id":"https:\/\/voyage-aventure.com\/blog\/#\/schema\/logo\/image\/"}},{"@type":"Person","@id":"https:\/\/voyage-aventure.com\/blog\/#\/schema\/person\/3c864cdc320801e3db34b663e7e3f816","name":"Camille Rouvray","image":{"@type":"ImageObject","inLanguage":"fr-FR","@id":"https:\/\/voyage-aventure.com\/blog\/#\/schema\/person\/image\/","url":"https:\/\/voyage-aventure.com\/blog\/wp-content\/uploads\/2026\/06\/persona_camille-r-96x96.jpg","contentUrl":"https:\/\/voyage-aventure.com\/blog\/wp-content\/uploads\/2026\/06\/persona_camille-r-96x96.jpg","caption":"Camille Rouvray"},"description":"Je voyage et j'\u00e9cris sur le voyage depuis une douzaine d'ann\u00e9es, d'abord en tant que routarde au long cours, puis comme r\u00e9dactrice sp\u00e9cialis\u00e9e. Mon terrain de pr\u00e9dilection, ce sont les circuits organis\u00e9s et l'art de bien pr\u00e9parer un itin\u00e9raire : choix de la saison, dur\u00e9e r\u00e9aliste des \u00e9tapes, budget jour par jour, logement et transport sur place. J'aime aussi raconter les p\u00e9pites urbaines, ces adresses qu'on ne trouve pas dans les guides classiques. Avant de publier un dossier destination, je croise toujours plusieurs sources, je v\u00e9rifie les tarifs et les formalit\u00e9s d'entr\u00e9e \u00e0 jour, et je teste moi-m\u00eame quand je le peux. Mon angle reste pratique avant tout : aider le lecteur \u00e0 partir l'esprit tranquille, sans mauvaise surprise une fois sur place. Je m'attache \u00e0 distinguer le coup de c\u0153ur sinc\u00e8re du simple argument marketing.","sameAs":["https:\/\/camillerouvray.fr\/"],"url":"https:\/\/voyage-aventure.com\/blog\/auteur\/noname\/"}]}},"_links":{"self":[{"href":"https:\/\/voyage-aventure.com\/blog\/wp-json\/wp\/v2\/posts\/16026","targetHints":{"allow":["GET"]}}],"collection":[{"href":"https:\/\/voyage-aventure.com\/blog\/wp-json\/wp\/v2\/posts"}],"about":[{"href":"https:\/\/voyage-aventure.com\/blog\/wp-json\/wp\/v2\/types\/post"}],"author":[{"embeddable":true,"href":"https:\/\/voyage-aventure.com\/blog\/wp-json\/wp\/v2\/users\/34"}],"replies":[{"embeddable":true,"href":"https:\/\/voyage-aventure.com\/blog\/wp-json\/wp\/v2\/comments?post=16026"}],"version-history":[{"count":1,"href":"https:\/\/voyage-aventure.com\/blog\/wp-json\/wp\/v2\/posts\/16026\/revisions"}],"predecessor-version":[{"id":16028,"href":"https:\/\/voyage-aventure.com\/blog\/wp-json\/wp\/v2\/posts\/16026\/revisions\/16028"}],"wp:featuredmedia":[{"embeddable":true,"href":"https:\/\/voyage-aventure.com\/blog\/wp-json\/wp\/v2\/media\/20559"}],"wp:attachment":[{"href":"https:\/\/voyage-aventure.com\/blog\/wp-json\/wp\/v2\/media?parent=16026"}],"wp:term":[{"taxonomy":"category","embeddable":true,"href":"https:\/\/voyage-aventure.com\/blog\/wp-json\/wp\/v2\/categories?post=16026"},{"taxonomy":"post_tag","embeddable":true,"href":"https:\/\/voyage-aventure.com\/blog\/wp-json\/wp\/v2\/tags?post=16026"}],"curies":[{"name":"wp","href":"https:\/\/api.w.org\/{rel}","templated":true}]}}