{"id":16019,"date":"2025-03-22T11:58:20","date_gmt":"2025-03-22T10:58:20","guid":{"rendered":"https:\/\/voyage-aventure.com\/blog\/?p=16019"},"modified":"2025-03-22T09:34:36","modified_gmt":"2025-03-22T08:34:36","slug":"partir-seule-une-femme-realise-son-reve-de-voyage-en-europe-malgre-les-imprevus","status":"publish","type":"post","link":"https:\/\/voyage-aventure.com\/blog\/a-la-une\/partir-seule-une-femme-realise-son-reve-de-voyage-en-europe-malgre-les-imprevus\/","title":{"rendered":"partir seule : une femme r\u00e9alise son r\u00eave de voyage en Europe malgr\u00e9 les impr\u00e9vus"},"content":{"rendered":"<h2>Une d\u00e9cision courageuse face \u00e0 l&rsquo;incertitude<\/h2>\n<p>Initialement enthousiasm\u00e9e par l&rsquo;id\u00e9e d&rsquo;un voyage partag\u00e9, elle a rapidement r\u00e9alis\u00e9 que son amie, Avery, ne prenait pas le projet au s\u00e9rieux. Au lieu de cela, elle se contentait de partager des vid\u00e9os TikTok sans vraiment s&rsquo;investir dans la planification.<\/p>\n<p>Apr\u00e8s plusieurs mois de pr\u00e9paration, la frustration de la voyageuse a atteint un point critique. Bien qu&rsquo;elle ait propos\u00e9 des itin\u00e9raires d\u00e9taill\u00e9s et fait des recherches sur les h\u00e9bergements, elle a constat\u00e9 qu&rsquo;Avery ne prenait pas d&rsquo;initiatives pour r\u00e9server les vols ou les h\u00f4tels. Cette situation l&rsquo;a amen\u00e9e \u00e0 prendre la d\u00e9cision difficile de partir seule, malgr\u00e9 son d\u00e9sir initial de partager cette exp\u00e9rience.<\/p>\n<h2>Les divergences de style de voyage<\/h2>\n<p>En plus du manque d&rsquo;engagement d&rsquo;Avery, la jeune femme a \u00e9galement remarqu\u00e9 des diff\u00e9rences significatives dans leurs styles de voyage. Alors qu&rsquo;elle r\u00eavait d&rsquo;un voyage flexible, s\u00e9journant dans des auberges de jeunesse pour rencontrer de nouvelles personnes, son amie pr\u00e9f\u00e9rait des h\u00f4tels plus confortables et un itin\u00e9raire strict. Cette divergence a cr\u00e9\u00e9 des tensions et a rendu la planification du voyage encore plus compliqu\u00e9e.<\/p>\n<p>Les deux amies ont finalement choisi de visiter l&rsquo;Espagne et la Croatie, des destinations qui ne figuraient pas sur la liste initiale de la voyageuse. Elle se sentait d\u00e9\u00e7ue par ce compromis, qui ressemblait davantage \u00e0 un projet de vacances qu&rsquo;\u00e0 l&rsquo;aventure excitante et impr\u00e9visible qu&rsquo;elle esp\u00e9rait. Cette situation a fini par transformer son voyage de fin d&rsquo;\u00e9tudes en une exp\u00e9rience frustrante.<\/p>\n<p><iframe loading=\"lazy\" title=\"UNE FEMME SURPREND SON MARI EN TRAIN DE SE MARIER A UNE AUTRE FEMME ! CE QUI S&#039;EST PASSE...\" width=\"1200\" height=\"675\" src=\"https:\/\/www.youtube.com\/embed\/nMK_QbLpKWg?feature=oembed\" frameborder=\"0\" allow=\"accelerometer; autoplay; clipboard-write; encrypted-media; gyroscope; picture-in-picture; web-share\" referrerpolicy=\"strict-origin-when-cross-origin\" allowfullscreen><\/iframe><\/p>\n<h2>Le choix de l&rsquo;ind\u00e9pendance<\/h2>\n<p>Face \u00e0 l&rsquo;inaction d&rsquo;Avery et \u00e0 l&rsquo;augmentation des prix des billets d&rsquo;avion, la jeune femme a pris la d\u00e9cision de r\u00e9server son voyage seule. Bien que cela ait caus\u00e9 des tensions avec son amie, elle a r\u00e9alis\u00e9 qu&rsquo;il \u00e9tait essentiel de s&rsquo;\u00e9couter et de ne pas sacrifier ses r\u00eaves pour plaire \u00e0 quelqu&rsquo;un d&rsquo;autre. Elle a compris que cette aventure personnelle serait une opportunit\u00e9 de d\u00e9couvrir de nouveaux horizons et de vivre des moments m\u00e9morables.<\/p>\n<p>Lorsque la nouvelle a \u00e9t\u00e9 annonc\u00e9e \u00e0 Avery, la r\u00e9action de cette derni\u00e8re a \u00e9t\u00e9 d\u00e9vastatrice. Bien qu&rsquo;elle ait exprim\u00e9 sa d\u00e9ception et son sentiment de trahison, la voyageuse a rappel\u00e9 qu&rsquo;elle avait donn\u00e9 plusieurs mois \u00e0 son amie pour s&rsquo;engager. Dans son c\u0153ur, elle savait qu&rsquo;elle avait pris la bonne d\u00e9cision en choisissant de vivre son r\u00eave, m\u00eame si cela signifiait partir seule.<\/p>\n<ul>\n<li>Importance de la communication dans les projets de voyage<\/li>\n<li>Respecter ses propres besoins et d\u00e9sirs<\/li>\n<li>La valeur de l&rsquo;ind\u00e9pendance et de l&rsquo;aventure<\/li>\n<li>\u00c9quilibrer les attentes entre amis<\/li>\n<\/ul>\n<blockquote>\n<p>\u00ab\u00a0Je voulais une aventure excitante et spontan\u00e9e, pas un voyage rigide qui ressemblait \u00e0 quelque chose que je ferais avec ma m\u00e8re.\u00a0\u00bb<\/p>\n<\/blockquote>\n<p>La d\u00e9cision de partir seule a permis \u00e0 cette jeune femme de r\u00e9aliser son r\u00eave de voyage. Elle a appris des le\u00e7ons pr\u00e9cieuses sur l&rsquo;importance de s&rsquo;affirmer et de ne pas laisser les autres d\u00e9cider de son bonheur. Alors qu&rsquo;elle s&rsquo;appr\u00eate \u00e0 explorer l&rsquo;Europe, elle se sent pr\u00eate \u00e0 vivre pleinement cette exp\u00e9rience, une aventure qui lui appartient enti\u00e8rement. Ce choix a non seulement renforc\u00e9 son ind\u00e9pendance, mais lui a \u00e9galement ouvert la voie \u00e0 des moments inoubliables qui resteront grav\u00e9s dans sa m\u00e9moire.<\/p>\n","protected":false},"excerpt":{"rendered":"","protected":false},"author":34,"featured_media":20558,"comment_status":"open","ping_status":"open","sticky":false,"template":"","format":"standard","meta":{"_acf_changed":false,"manual_indexmenow":false,"indexmenow_id_project":0,"footnotes":""},"categories":[1],"tags":[4538,4639,4527,4530,5755],"class_list":["post-16019","post","type-post","status-publish","format-standard","has-post-thumbnail","hentry","category-a-la-une","tag-activites-variees","tag-aventure","tag-decouverte-culturelle","tag-escapade-en-europe","tag-voyage-en-solo","generate-columns","tablet-grid-50","mobile-grid-100","grid-parent","grid-25"],"acf":[],"yoast_head":"<!-- This site is optimized with the Yoast SEO Premium plugin v21.3 (Yoast SEO v25.1) - https:\/\/yoast.com\/wordpress\/plugins\/seo\/ -->\n<title>partir seule : une femme r\u00e9alise son r\u00eave de voyage en<\/title>\n<meta name=\"description\" content=\"Initialement enthousiasm\u00e9e par l&#039;id\u00e9e d&#039;un voyage partag\u00e9, elle a rapidement r\u00e9alis\u00e9 que son amie, Avery, ne prenait pas le projet au s\u00e9rieux. Au lieu de\" \/>\n<meta name=\"robots\" content=\"index, follow, max-snippet:-1, max-image-preview:large, max-video-preview:-1\" \/>\n<link rel=\"canonical\" href=\"https:\/\/voyage-aventure.com\/blog\/a-la-une\/partir-seule-une-femme-realise-son-reve-de-voyage-en-europe-malgre-les-imprevus\/\" \/>\n<meta property=\"og:locale\" content=\"fr_FR\" \/>\n<meta property=\"og:type\" content=\"article\" \/>\n<meta property=\"og:title\" content=\"partir seule : une femme r\u00e9alise son r\u00eave de voyage en\" \/>\n<meta property=\"og:description\" content=\"Initialement enthousiasm\u00e9e par l&#039;id\u00e9e d&#039;un voyage partag\u00e9, elle a rapidement r\u00e9alis\u00e9 que son amie, Avery, ne prenait pas le projet au s\u00e9rieux. Au lieu de\" \/>\n<meta property=\"og:url\" content=\"https:\/\/voyage-aventure.com\/blog\/a-la-une\/partir-seule-une-femme-realise-son-reve-de-voyage-en-europe-malgre-les-imprevus\/\" \/>\n<meta property=\"og:site_name\" content=\"voyage-aventure\" \/>\n<meta property=\"og:image\" content=\"https:\/\/voyage-aventure.com\/blog\/wp-content\/uploads\/2025\/05\/sdxl-fa2ae7df6c9db08e625e1d4a8c17a84c-scaled.png\" \/>\n\t<meta property=\"og:image:width\" content=\"1200\" \/>\n\t<meta property=\"og:image:height\" content=\"500\" \/>\n\t<meta property=\"og:image:type\" content=\"image\/png\" \/>\n<meta name=\"author\" content=\"Camille Rouvray\" \/>\n<meta name=\"twitter:card\" content=\"summary_large_image\" \/>\n<script type=\"application\/ld+json\" class=\"yoast-schema-graph\">{\"@context\":\"https:\/\/schema.org\",\"@graph\":[{\"@type\":\"NewsArticle\",\"@id\":\"https:\/\/voyage-aventure.com\/blog\/a-la-une\/partir-seule-une-femme-realise-son-reve-de-voyage-en-europe-malgre-les-imprevus\/#article\",\"isPartOf\":{\"@id\":\"https:\/\/voyage-aventure.com\/blog\/a-la-une\/partir-seule-une-femme-realise-son-reve-de-voyage-en-europe-malgre-les-imprevus\/\"},\"author\":{\"name\":\"Camille Rouvray\",\"@id\":\"https:\/\/voyage-aventure.com\/blog\/#\/schema\/person\/3c864cdc320801e3db34b663e7e3f816\"},\"headline\":\"partir seule : une femme r\u00e9alise son r\u00eave de voyage en Europe malgr\u00e9 les impr\u00e9vus\",\"datePublished\":\"2025-03-22T10:58:20+00:00\",\"mainEntityOfPage\":{\"@id\":\"https:\/\/voyage-aventure.com\/blog\/a-la-une\/partir-seule-une-femme-realise-son-reve-de-voyage-en-europe-malgre-les-imprevus\/\"},\"wordCount\":626,\"commentCount\":22,\"publisher\":{\"@id\":\"https:\/\/voyage-aventure.com\/blog\/#organization\"},\"image\":{\"@id\":\"https:\/\/voyage-aventure.com\/blog\/a-la-une\/partir-seule-une-femme-realise-son-reve-de-voyage-en-europe-malgre-les-imprevus\/#primaryimage\"},\"thumbnailUrl\":\"https:\/\/voyage-aventure.com\/blog\/wp-content\/uploads\/2025\/05\/sdxl-fa2ae7df6c9db08e625e1d4a8c17a84c-scaled.png\",\"keywords\":[\"Activit\u00e9s Vari\u00e9es\",\"Aventure\",\"D\u00e9couverte Culturelle\",\"Escapade en Europe\",\"Voyage en solo\"],\"articleSection\":[\"\u00c0 la une\"],\"inLanguage\":\"fr-FR\",\"potentialAction\":[{\"@type\":\"CommentAction\",\"name\":\"Comment\",\"target\":[\"https:\/\/voyage-aventure.com\/blog\/a-la-une\/partir-seule-une-femme-realise-son-reve-de-voyage-en-europe-malgre-les-imprevus\/#respond\"]}]},{\"@type\":\"WebPage\",\"@id\":\"https:\/\/voyage-aventure.com\/blog\/a-la-une\/partir-seule-une-femme-realise-son-reve-de-voyage-en-europe-malgre-les-imprevus\/\",\"url\":\"https:\/\/voyage-aventure.com\/blog\/a-la-une\/partir-seule-une-femme-realise-son-reve-de-voyage-en-europe-malgre-les-imprevus\/\",\"name\":\"partir seule : une femme r\u00e9alise son r\u00eave de voyage en\",\"isPartOf\":{\"@id\":\"https:\/\/voyage-aventure.com\/blog\/#website\"},\"primaryImageOfPage\":{\"@id\":\"https:\/\/voyage-aventure.com\/blog\/a-la-une\/partir-seule-une-femme-realise-son-reve-de-voyage-en-europe-malgre-les-imprevus\/#primaryimage\"},\"image\":{\"@id\":\"https:\/\/voyage-aventure.com\/blog\/a-la-une\/partir-seule-une-femme-realise-son-reve-de-voyage-en-europe-malgre-les-imprevus\/#primaryimage\"},\"thumbnailUrl\":\"https:\/\/voyage-aventure.com\/blog\/wp-content\/uploads\/2025\/05\/sdxl-fa2ae7df6c9db08e625e1d4a8c17a84c-scaled.png\",\"datePublished\":\"2025-03-22T10:58:20+00:00\",\"description\":\"Initialement enthousiasm\u00e9e par l'id\u00e9e d'un voyage partag\u00e9, elle a rapidement r\u00e9alis\u00e9 que son amie, Avery, ne prenait pas le projet au s\u00e9rieux. Au lieu de\",\"inLanguage\":\"fr-FR\",\"potentialAction\":[{\"@type\":\"ReadAction\",\"target\":[\"https:\/\/voyage-aventure.com\/blog\/a-la-une\/partir-seule-une-femme-realise-son-reve-de-voyage-en-europe-malgre-les-imprevus\/\"]}]},{\"@type\":\"ImageObject\",\"inLanguage\":\"fr-FR\",\"@id\":\"https:\/\/voyage-aventure.com\/blog\/a-la-une\/partir-seule-une-femme-realise-son-reve-de-voyage-en-europe-malgre-les-imprevus\/#primaryimage\",\"url\":\"https:\/\/voyage-aventure.com\/blog\/wp-content\/uploads\/2025\/05\/sdxl-fa2ae7df6c9db08e625e1d4a8c17a84c-scaled.png\",\"contentUrl\":\"https:\/\/voyage-aventure.com\/blog\/wp-content\/uploads\/2025\/05\/sdxl-fa2ae7df6c9db08e625e1d4a8c17a84c-scaled.png\",\"width\":1200,\"height\":500},{\"@type\":\"WebSite\",\"@id\":\"https:\/\/voyage-aventure.com\/blog\/#website\",\"url\":\"https:\/\/voyage-aventure.com\/blog\/\",\"name\":\"voyage-aventure.com\",\"description\":\"Votre passeport pour l\u2019inattendu.\",\"publisher\":{\"@id\":\"https:\/\/voyage-aventure.com\/blog\/#organization\"},\"alternateName\":\"Votre passeport pour l\u2019inattendu.\",\"potentialAction\":[{\"@type\":\"SearchAction\",\"target\":{\"@type\":\"EntryPoint\",\"urlTemplate\":\"https:\/\/voyage-aventure.com\/blog\/?s={search_term_string}\"},\"query-input\":{\"@type\":\"PropertyValueSpecification\",\"valueRequired\":true,\"valueName\":\"search_term_string\"}}],\"inLanguage\":\"fr-FR\"},{\"@type\":\"Organization\",\"@id\":\"https:\/\/voyage-aventure.com\/blog\/#organization\",\"name\":\"Foretsensations.fr\",\"url\":\"https:\/\/voyage-aventure.com\/blog\/\",\"logo\":{\"@type\":\"ImageObject\",\"inLanguage\":\"fr-FR\",\"@id\":\"https:\/\/voyage-aventure.com\/blog\/#\/schema\/logo\/image\/\",\"url\":\"https:\/\/voyage-aventure.com\/blog\/wp-content\/uploads\/2024\/12\/19.png\",\"contentUrl\":\"https:\/\/voyage-aventure.com\/blog\/wp-content\/uploads\/2024\/12\/19.png\",\"width\":512,\"height\":512,\"caption\":\"Foretsensations.fr\"},\"image\":{\"@id\":\"https:\/\/voyage-aventure.com\/blog\/#\/schema\/logo\/image\/\"}},{\"@type\":\"Person\",\"@id\":\"https:\/\/voyage-aventure.com\/blog\/#\/schema\/person\/3c864cdc320801e3db34b663e7e3f816\",\"name\":\"Camille Rouvray\",\"image\":{\"@type\":\"ImageObject\",\"inLanguage\":\"fr-FR\",\"@id\":\"https:\/\/voyage-aventure.com\/blog\/#\/schema\/person\/image\/\",\"url\":\"https:\/\/voyage-aventure.com\/blog\/wp-content\/uploads\/2026\/06\/persona_camille-r-96x96.jpg\",\"contentUrl\":\"https:\/\/voyage-aventure.com\/blog\/wp-content\/uploads\/2026\/06\/persona_camille-r-96x96.jpg\",\"caption\":\"Camille Rouvray\"},\"description\":\"Je voyage et j'\u00e9cris sur le voyage depuis une douzaine d'ann\u00e9es, d'abord en tant que routarde au long cours, puis comme r\u00e9dactrice sp\u00e9cialis\u00e9e. Mon terrain de pr\u00e9dilection, ce sont les circuits organis\u00e9s et l'art de bien pr\u00e9parer un itin\u00e9raire : choix de la saison, dur\u00e9e r\u00e9aliste des \u00e9tapes, budget jour par jour, logement et transport sur place. J'aime aussi raconter les p\u00e9pites urbaines, ces adresses qu'on ne trouve pas dans les guides classiques. Avant de publier un dossier destination, je croise toujours plusieurs sources, je v\u00e9rifie les tarifs et les formalit\u00e9s d'entr\u00e9e \u00e0 jour, et je teste moi-m\u00eame quand je le peux. Mon angle reste pratique avant tout : aider le lecteur \u00e0 partir l'esprit tranquille, sans mauvaise surprise une fois sur place. Je m'attache \u00e0 distinguer le coup de c\u0153ur sinc\u00e8re du simple argument marketing.\",\"sameAs\":[\"https:\/\/camillerouvray.fr\/\"],\"url\":\"https:\/\/voyage-aventure.com\/blog\/auteur\/noname\/\"}]}<\/script>\n<!-- \/ Yoast SEO Premium plugin. -->","yoast_head_json":{"title":"partir seule : une femme r\u00e9alise son r\u00eave de voyage en","description":"Initialement enthousiasm\u00e9e par l'id\u00e9e d'un voyage partag\u00e9, elle a rapidement r\u00e9alis\u00e9 que son amie, Avery, ne prenait pas le projet au s\u00e9rieux. Au lieu de","robots":{"index":"index","follow":"follow","max-snippet":"max-snippet:-1","max-image-preview":"max-image-preview:large","max-video-preview":"max-video-preview:-1"},"canonical":"https:\/\/voyage-aventure.com\/blog\/a-la-une\/partir-seule-une-femme-realise-son-reve-de-voyage-en-europe-malgre-les-imprevus\/","og_locale":"fr_FR","og_type":"article","og_title":"partir seule : une femme r\u00e9alise son r\u00eave de voyage en","og_description":"Initialement enthousiasm\u00e9e par l'id\u00e9e d'un voyage partag\u00e9, elle a rapidement r\u00e9alis\u00e9 que son amie, Avery, ne prenait pas le projet au s\u00e9rieux. Au lieu de","og_url":"https:\/\/voyage-aventure.com\/blog\/a-la-une\/partir-seule-une-femme-realise-son-reve-de-voyage-en-europe-malgre-les-imprevus\/","og_site_name":"voyage-aventure","og_image":[{"width":1200,"height":500,"url":"https:\/\/voyage-aventure.com\/blog\/wp-content\/uploads\/2025\/05\/sdxl-fa2ae7df6c9db08e625e1d4a8c17a84c-scaled.png","type":"image\/png"}],"author":"Camille Rouvray","twitter_card":"summary_large_image","schema":{"@context":"https:\/\/schema.org","@graph":[{"@type":"NewsArticle","@id":"https:\/\/voyage-aventure.com\/blog\/a-la-une\/partir-seule-une-femme-realise-son-reve-de-voyage-en-europe-malgre-les-imprevus\/#article","isPartOf":{"@id":"https:\/\/voyage-aventure.com\/blog\/a-la-une\/partir-seule-une-femme-realise-son-reve-de-voyage-en-europe-malgre-les-imprevus\/"},"author":{"name":"Camille Rouvray","@id":"https:\/\/voyage-aventure.com\/blog\/#\/schema\/person\/3c864cdc320801e3db34b663e7e3f816"},"headline":"partir seule : une femme r\u00e9alise son r\u00eave de voyage en Europe malgr\u00e9 les impr\u00e9vus","datePublished":"2025-03-22T10:58:20+00:00","mainEntityOfPage":{"@id":"https:\/\/voyage-aventure.com\/blog\/a-la-une\/partir-seule-une-femme-realise-son-reve-de-voyage-en-europe-malgre-les-imprevus\/"},"wordCount":626,"commentCount":22,"publisher":{"@id":"https:\/\/voyage-aventure.com\/blog\/#organization"},"image":{"@id":"https:\/\/voyage-aventure.com\/blog\/a-la-une\/partir-seule-une-femme-realise-son-reve-de-voyage-en-europe-malgre-les-imprevus\/#primaryimage"},"thumbnailUrl":"https:\/\/voyage-aventure.com\/blog\/wp-content\/uploads\/2025\/05\/sdxl-fa2ae7df6c9db08e625e1d4a8c17a84c-scaled.png","keywords":["Activit\u00e9s Vari\u00e9es","Aventure","D\u00e9couverte Culturelle","Escapade en Europe","Voyage en solo"],"articleSection":["\u00c0 la une"],"inLanguage":"fr-FR","potentialAction":[{"@type":"CommentAction","name":"Comment","target":["https:\/\/voyage-aventure.com\/blog\/a-la-une\/partir-seule-une-femme-realise-son-reve-de-voyage-en-europe-malgre-les-imprevus\/#respond"]}]},{"@type":"WebPage","@id":"https:\/\/voyage-aventure.com\/blog\/a-la-une\/partir-seule-une-femme-realise-son-reve-de-voyage-en-europe-malgre-les-imprevus\/","url":"https:\/\/voyage-aventure.com\/blog\/a-la-une\/partir-seule-une-femme-realise-son-reve-de-voyage-en-europe-malgre-les-imprevus\/","name":"partir seule : une femme r\u00e9alise son r\u00eave de voyage en","isPartOf":{"@id":"https:\/\/voyage-aventure.com\/blog\/#website"},"primaryImageOfPage":{"@id":"https:\/\/voyage-aventure.com\/blog\/a-la-une\/partir-seule-une-femme-realise-son-reve-de-voyage-en-europe-malgre-les-imprevus\/#primaryimage"},"image":{"@id":"https:\/\/voyage-aventure.com\/blog\/a-la-une\/partir-seule-une-femme-realise-son-reve-de-voyage-en-europe-malgre-les-imprevus\/#primaryimage"},"thumbnailUrl":"https:\/\/voyage-aventure.com\/blog\/wp-content\/uploads\/2025\/05\/sdxl-fa2ae7df6c9db08e625e1d4a8c17a84c-scaled.png","datePublished":"2025-03-22T10:58:20+00:00","description":"Initialement enthousiasm\u00e9e par l'id\u00e9e d'un voyage partag\u00e9, elle a rapidement r\u00e9alis\u00e9 que son amie, Avery, ne prenait pas le projet au s\u00e9rieux. Au lieu de","inLanguage":"fr-FR","potentialAction":[{"@type":"ReadAction","target":["https:\/\/voyage-aventure.com\/blog\/a-la-une\/partir-seule-une-femme-realise-son-reve-de-voyage-en-europe-malgre-les-imprevus\/"]}]},{"@type":"ImageObject","inLanguage":"fr-FR","@id":"https:\/\/voyage-aventure.com\/blog\/a-la-une\/partir-seule-une-femme-realise-son-reve-de-voyage-en-europe-malgre-les-imprevus\/#primaryimage","url":"https:\/\/voyage-aventure.com\/blog\/wp-content\/uploads\/2025\/05\/sdxl-fa2ae7df6c9db08e625e1d4a8c17a84c-scaled.png","contentUrl":"https:\/\/voyage-aventure.com\/blog\/wp-content\/uploads\/2025\/05\/sdxl-fa2ae7df6c9db08e625e1d4a8c17a84c-scaled.png","width":1200,"height":500},{"@type":"WebSite","@id":"https:\/\/voyage-aventure.com\/blog\/#website","url":"https:\/\/voyage-aventure.com\/blog\/","name":"voyage-aventure.com","description":"Votre passeport pour l\u2019inattendu.","publisher":{"@id":"https:\/\/voyage-aventure.com\/blog\/#organization"},"alternateName":"Votre passeport pour l\u2019inattendu.","potentialAction":[{"@type":"SearchAction","target":{"@type":"EntryPoint","urlTemplate":"https:\/\/voyage-aventure.com\/blog\/?s={search_term_string}"},"query-input":{"@type":"PropertyValueSpecification","valueRequired":true,"valueName":"search_term_string"}}],"inLanguage":"fr-FR"},{"@type":"Organization","@id":"https:\/\/voyage-aventure.com\/blog\/#organization","name":"Foretsensations.fr","url":"https:\/\/voyage-aventure.com\/blog\/","logo":{"@type":"ImageObject","inLanguage":"fr-FR","@id":"https:\/\/voyage-aventure.com\/blog\/#\/schema\/logo\/image\/","url":"https:\/\/voyage-aventure.com\/blog\/wp-content\/uploads\/2024\/12\/19.png","contentUrl":"https:\/\/voyage-aventure.com\/blog\/wp-content\/uploads\/2024\/12\/19.png","width":512,"height":512,"caption":"Foretsensations.fr"},"image":{"@id":"https:\/\/voyage-aventure.com\/blog\/#\/schema\/logo\/image\/"}},{"@type":"Person","@id":"https:\/\/voyage-aventure.com\/blog\/#\/schema\/person\/3c864cdc320801e3db34b663e7e3f816","name":"Camille Rouvray","image":{"@type":"ImageObject","inLanguage":"fr-FR","@id":"https:\/\/voyage-aventure.com\/blog\/#\/schema\/person\/image\/","url":"https:\/\/voyage-aventure.com\/blog\/wp-content\/uploads\/2026\/06\/persona_camille-r-96x96.jpg","contentUrl":"https:\/\/voyage-aventure.com\/blog\/wp-content\/uploads\/2026\/06\/persona_camille-r-96x96.jpg","caption":"Camille Rouvray"},"description":"Je voyage et j'\u00e9cris sur le voyage depuis une douzaine d'ann\u00e9es, d'abord en tant que routarde au long cours, puis comme r\u00e9dactrice sp\u00e9cialis\u00e9e. Mon terrain de pr\u00e9dilection, ce sont les circuits organis\u00e9s et l'art de bien pr\u00e9parer un itin\u00e9raire : choix de la saison, dur\u00e9e r\u00e9aliste des \u00e9tapes, budget jour par jour, logement et transport sur place. J'aime aussi raconter les p\u00e9pites urbaines, ces adresses qu'on ne trouve pas dans les guides classiques. Avant de publier un dossier destination, je croise toujours plusieurs sources, je v\u00e9rifie les tarifs et les formalit\u00e9s d'entr\u00e9e \u00e0 jour, et je teste moi-m\u00eame quand je le peux. Mon angle reste pratique avant tout : aider le lecteur \u00e0 partir l'esprit tranquille, sans mauvaise surprise une fois sur place. Je m'attache \u00e0 distinguer le coup de c\u0153ur sinc\u00e8re du simple argument marketing.","sameAs":["https:\/\/camillerouvray.fr\/"],"url":"https:\/\/voyage-aventure.com\/blog\/auteur\/noname\/"}]}},"_links":{"self":[{"href":"https:\/\/voyage-aventure.com\/blog\/wp-json\/wp\/v2\/posts\/16019","targetHints":{"allow":["GET"]}}],"collection":[{"href":"https:\/\/voyage-aventure.com\/blog\/wp-json\/wp\/v2\/posts"}],"about":[{"href":"https:\/\/voyage-aventure.com\/blog\/wp-json\/wp\/v2\/types\/post"}],"author":[{"embeddable":true,"href":"https:\/\/voyage-aventure.com\/blog\/wp-json\/wp\/v2\/users\/34"}],"replies":[{"embeddable":true,"href":"https:\/\/voyage-aventure.com\/blog\/wp-json\/wp\/v2\/comments?post=16019"}],"version-history":[{"count":1,"href":"https:\/\/voyage-aventure.com\/blog\/wp-json\/wp\/v2\/posts\/16019\/revisions"}],"predecessor-version":[{"id":16029,"href":"https:\/\/voyage-aventure.com\/blog\/wp-json\/wp\/v2\/posts\/16019\/revisions\/16029"}],"wp:featuredmedia":[{"embeddable":true,"href":"https:\/\/voyage-aventure.com\/blog\/wp-json\/wp\/v2\/media\/20558"}],"wp:attachment":[{"href":"https:\/\/voyage-aventure.com\/blog\/wp-json\/wp\/v2\/media?parent=16019"}],"wp:term":[{"taxonomy":"category","embeddable":true,"href":"https:\/\/voyage-aventure.com\/blog\/wp-json\/wp\/v2\/categories?post=16019"},{"taxonomy":"post_tag","embeddable":true,"href":"https:\/\/voyage-aventure.com\/blog\/wp-json\/wp\/v2\/tags?post=16019"}],"curies":[{"name":"wp","href":"https:\/\/api.w.org\/{rel}","templated":true}]}}