{"id":15939,"date":"2025-03-23T23:19:52","date_gmt":"2025-03-23T22:19:52","guid":{"rendered":"https:\/\/voyage-aventure.com\/blog\/?p=15939"},"modified":"2025-03-21T17:43:58","modified_gmt":"2025-03-21T16:43:58","slug":"decouvrez-ou-partir-en-mars-2025-pour-une-semaine-de-vacances-inoubliables","status":"publish","type":"post","link":"https:\/\/voyage-aventure.com\/blog\/a-la-une\/decouvrez-ou-partir-en-mars-2025-pour-une-semaine-de-vacances-inoubliables\/","title":{"rendered":"D\u00e9couvrez o\u00f9 partir en mars 2025 pour une semaine de vacances inoubliables"},"content":{"rendered":"<h2>Pourquoi choisir mars pour vos vacances ?<\/h2>\n<p>Avec des jours qui s&rsquo;allongent et des temp\u00e9ratures qui se radoucissent, vous pouvez profiter d&rsquo;une vari\u00e9t\u00e9 d&rsquo;activit\u00e9s en ext\u00e9rieur. Que vous souhaitiez explorer des villes historiques ou vous reposer sur une plage, mars offre un cadre parfait pour un voyage r\u00e9ussi.<\/p>\n<p>Ce mois est souvent moins fr\u00e9quent\u00e9 par les touristes, ce qui vous permet de voyager sans les foules. Vous profiterez de tarifs plus avantageux sur les h\u00e9bergements et les activit\u00e9s, rendant vos vacances encore plus accessibles. Voyager en mars est une excellente fa\u00e7on de recharger vos batteries avant l&rsquo;afflux des vacanciers de printemps.<\/p>\n<h2>Les meilleures destinations pour voyager en mars 2025<\/h2>\n<p>Les choix de destinations pour un voyage en mars sont vastes et vari\u00e9s. Que vous souhaitiez d\u00e9couvrir les charmes de l&rsquo;Europe ou explorer des contr\u00e9es plus lointaines, il y en a pour tous les go\u00fbts. Des plages de sable fin aux sommets enneig\u00e9s, chaque r\u00e9gion du monde a son lot d&rsquo;attractions \u00e0 offrir.<\/p>\n<p>En Europe, des villes comme Barcelone, Lisbonne ou Budapest sont id\u00e9ales pour une d\u00e9couverte culturelle. Pour ceux qui recherchent la nature, les paysages des Highlands \u00e9cossais ou des fjords norv\u00e9giens vous \u00e9merveilleront par leur beaut\u00e9 sauvage. \u00c0 l\u2019international, le Maroc et le Japon sont des destinations qui se r\u00e9v\u00e8lent particuli\u00e8rement accueillantes en cette p\u00e9riode de l&rsquo;ann\u00e9e.<\/p>\n<h2>Options de s\u00e9jours tout compris pour des vacances relaxantes<\/h2>\n<p>Si vous recherchez des vacances sans stress, optez pour un s\u00e9jour all inclusive. Ces formules prennent en charge tous les aspects de votre voyage, vous permettant de vous d\u00e9tendre pleinement. En mars, plusieurs destinations vous offrent cette possibilit\u00e9 avec des temp\u00e9ratures agr\u00e9ables et des paysages \u00e0 couper le souffle.<\/p>\n<ul>\n<li>Punta Cana, en R\u00e9publique dominicaine, avec ses plages paradisiaques et son climat ensoleill\u00e9.<\/li>\n<li>Djerba en Tunisie, qui vous promet du soleil et un cadre idyllique en bord de mer.<\/li>\n<li>Les Maldives, pour une exp\u00e9rience luxueuse avec des villas sur pilotis et des activit\u00e9s aquatiques.<\/li>\n<li>L&rsquo;\u00c9gypte, o\u00f9 vous pourrez profiter des eaux chaudes de la mer Rouge et d\u00e9couvrir des sites historiques.<\/li>\n<\/ul>\n<blockquote><p>\n  \u00ab\u00a0Voyager en mars, c&rsquo;est d\u00e9couvrir le monde sous un nouveau jour, loin des foules estivales.\u00a0\u00bb\n<\/p><\/blockquote>\n<p><iframe loading=\"lazy\" title=\"Top 5 des iles paradisiaque pour partir en vacances sans te ruiner !!\" width=\"1200\" height=\"675\" src=\"https:\/\/www.youtube.com\/embed\/07j0sJsTJ5I?feature=oembed\" frameborder=\"0\" allow=\"accelerometer; autoplay; clipboard-write; encrypted-media; gyroscope; picture-in-picture; web-share\" referrerpolicy=\"strict-origin-when-cross-origin\" allowfullscreen><\/iframe><\/p>\n<h2>Conseils pour profiter au maximum de votre escapade en mars<\/h2>\n<p>Avant de partir, v\u00e9rifiez les pr\u00e9visions m\u00e9t\u00e9orologiques pour \u00e9viter les surprises climatiques. En mars, le temps peut \u00eatre capricieux, avec des journ\u00e9es ensoleill\u00e9es ou des averses inattendues. Un peu d&rsquo;anticipation vous permettra de pr\u00e9parer vos valises en cons\u00e9quence.<\/p>\n<p>Pensez \u00e0 cr\u00e9er un itin\u00e9raire qui m\u00e9lange diff\u00e9rentes exp\u00e9riences. Par exemple, combinez des visites culturelles dans une ville avec des activit\u00e9s en pleine nature. Cela enrichira votre s\u00e9jour et vous laissera des souvenirs m\u00e9morables.<\/p>\n<h2>La FAQ sur vos vacances de mars<\/h2>\n<h3>Quelle est la meilleure destination en mars ?<\/h3>\n<p>Si vous recherchez la chaleur, choisissez les Maldives ou Punta Cana. Pour les amateurs de neige, le Canada et les Alpes sont parfaits. Les passionn\u00e9s de culture peuvent se diriger vers Kyoto ou Prague.<\/p>\n<h3>O\u00f9 aller en mars au soleil en Europe ?<\/h3>\n<p>Les Canaries, Mad\u00e8re et la Sardaigne sont d&rsquo;excellentes options. Pour un voyage urbain, Lisbonne et S\u00e9ville offrent un m\u00e9lange parfait de soleil et de culture.<\/p>\n<h3>O\u00f9 faire 25 degr\u00e9s en mars ?<\/h3>\n<p>Pour profiter de la chaleur avant l&rsquo;\u00e9t\u00e9, pensez au Sri Lanka, aux Maldives ou \u00e0 la R\u00e9publique dominicaine, o\u00f9 les temp\u00e9ratures d\u00e9passent souvent les 25 \u00b0C.<\/p>\n<p>Mars est le moment id\u00e9al pour planifier votre \u00e9vasion et cr\u00e9er des souvenirs inoubliables. N&rsquo;attendez plus pour r\u00e9server votre s\u00e9jour et vous offrir une pause bien m\u00e9rit\u00e9e !<\/p>\n","protected":false},"excerpt":{"rendered":"","protected":false},"author":34,"featured_media":18296,"comment_status":"open","ping_status":"open","sticky":false,"template":"","format":"standard","meta":{"_acf_changed":false,"manual_indexmenow":false,"indexmenow_id_project":0,"footnotes":""},"categories":[1],"tags":[4538,4636,4530,4528,4526],"class_list":["post-15939","post","type-post","status-publish","format-standard","has-post-thumbnail","hentry","category-a-la-une","tag-activites-variees","tag-destinations","tag-escapade-en-europe","tag-hebergement-abordable","tag-voyage-economique","generate-columns","tablet-grid-50","mobile-grid-100","grid-parent","grid-25"],"acf":[],"yoast_head":"<!-- This site is optimized with the Yoast SEO Premium plugin v21.3 (Yoast SEO v25.1) - https:\/\/yoast.com\/wordpress\/plugins\/seo\/ -->\n<title>D\u00e9couvrez o\u00f9 partir en mars 2025 pour une semaine de<\/title>\n<meta name=\"description\" content=\"Avec des jours qui s&#039;allongent et des temp\u00e9ratures qui se radoucissent, vous pouvez profiter d&#039;une vari\u00e9t\u00e9 d&#039;activit\u00e9s en ext\u00e9rieur. Que vous souhaitiez\" \/>\n<meta name=\"robots\" content=\"index, follow, max-snippet:-1, max-image-preview:large, max-video-preview:-1\" \/>\n<link rel=\"canonical\" href=\"https:\/\/voyage-aventure.com\/blog\/a-la-une\/decouvrez-ou-partir-en-mars-2025-pour-une-semaine-de-vacances-inoubliables\/\" \/>\n<meta property=\"og:locale\" content=\"fr_FR\" \/>\n<meta property=\"og:type\" content=\"article\" \/>\n<meta property=\"og:title\" content=\"D\u00e9couvrez o\u00f9 partir en mars 2025 pour une semaine de\" \/>\n<meta property=\"og:description\" content=\"Avec des jours qui s&#039;allongent et des temp\u00e9ratures qui se radoucissent, vous pouvez profiter d&#039;une vari\u00e9t\u00e9 d&#039;activit\u00e9s en ext\u00e9rieur. Que vous souhaitiez\" \/>\n<meta property=\"og:url\" content=\"https:\/\/voyage-aventure.com\/blog\/a-la-une\/decouvrez-ou-partir-en-mars-2025-pour-une-semaine-de-vacances-inoubliables\/\" \/>\n<meta property=\"og:site_name\" content=\"voyage-aventure\" \/>\n<meta property=\"og:image\" content=\"https:\/\/voyage-aventure.com\/blog\/wp-content\/uploads\/2025\/04\/sdxl-5a1d6dc82a1786e48c1c6311f6bd31f1.png\" \/>\n\t<meta property=\"og:image:width\" content=\"1536\" \/>\n\t<meta property=\"og:image:height\" content=\"640\" \/>\n\t<meta property=\"og:image:type\" content=\"image\/png\" \/>\n<meta name=\"author\" content=\"Camille Rouvray\" \/>\n<meta name=\"twitter:card\" content=\"summary_large_image\" \/>\n<script type=\"application\/ld+json\" class=\"yoast-schema-graph\">{\"@context\":\"https:\/\/schema.org\",\"@graph\":[{\"@type\":\"NewsArticle\",\"@id\":\"https:\/\/voyage-aventure.com\/blog\/a-la-une\/decouvrez-ou-partir-en-mars-2025-pour-une-semaine-de-vacances-inoubliables\/#article\",\"isPartOf\":{\"@id\":\"https:\/\/voyage-aventure.com\/blog\/a-la-une\/decouvrez-ou-partir-en-mars-2025-pour-une-semaine-de-vacances-inoubliables\/\"},\"author\":{\"name\":\"Camille Rouvray\",\"@id\":\"https:\/\/voyage-aventure.com\/blog\/#\/schema\/person\/3c864cdc320801e3db34b663e7e3f816\"},\"headline\":\"D\u00e9couvrez o\u00f9 partir en mars 2025 pour une semaine de vacances inoubliables\",\"datePublished\":\"2025-03-23T22:19:52+00:00\",\"mainEntityOfPage\":{\"@id\":\"https:\/\/voyage-aventure.com\/blog\/a-la-une\/decouvrez-ou-partir-en-mars-2025-pour-une-semaine-de-vacances-inoubliables\/\"},\"wordCount\":660,\"commentCount\":23,\"publisher\":{\"@id\":\"https:\/\/voyage-aventure.com\/blog\/#organization\"},\"image\":{\"@id\":\"https:\/\/voyage-aventure.com\/blog\/a-la-une\/decouvrez-ou-partir-en-mars-2025-pour-une-semaine-de-vacances-inoubliables\/#primaryimage\"},\"thumbnailUrl\":\"https:\/\/voyage-aventure.com\/blog\/wp-content\/uploads\/2025\/04\/sdxl-5a1d6dc82a1786e48c1c6311f6bd31f1.png\",\"keywords\":[\"Activit\u00e9s Vari\u00e9es\",\"Destinations\",\"Escapade en Europe\",\"H\u00e9bergement Abordable\",\"Voyage \u00c9conomique\"],\"articleSection\":[\"\u00c0 la une\"],\"inLanguage\":\"fr-FR\",\"potentialAction\":[{\"@type\":\"CommentAction\",\"name\":\"Comment\",\"target\":[\"https:\/\/voyage-aventure.com\/blog\/a-la-une\/decouvrez-ou-partir-en-mars-2025-pour-une-semaine-de-vacances-inoubliables\/#respond\"]}]},{\"@type\":\"WebPage\",\"@id\":\"https:\/\/voyage-aventure.com\/blog\/a-la-une\/decouvrez-ou-partir-en-mars-2025-pour-une-semaine-de-vacances-inoubliables\/\",\"url\":\"https:\/\/voyage-aventure.com\/blog\/a-la-une\/decouvrez-ou-partir-en-mars-2025-pour-une-semaine-de-vacances-inoubliables\/\",\"name\":\"D\u00e9couvrez o\u00f9 partir en mars 2025 pour une semaine de\",\"isPartOf\":{\"@id\":\"https:\/\/voyage-aventure.com\/blog\/#website\"},\"primaryImageOfPage\":{\"@id\":\"https:\/\/voyage-aventure.com\/blog\/a-la-une\/decouvrez-ou-partir-en-mars-2025-pour-une-semaine-de-vacances-inoubliables\/#primaryimage\"},\"image\":{\"@id\":\"https:\/\/voyage-aventure.com\/blog\/a-la-une\/decouvrez-ou-partir-en-mars-2025-pour-une-semaine-de-vacances-inoubliables\/#primaryimage\"},\"thumbnailUrl\":\"https:\/\/voyage-aventure.com\/blog\/wp-content\/uploads\/2025\/04\/sdxl-5a1d6dc82a1786e48c1c6311f6bd31f1.png\",\"datePublished\":\"2025-03-23T22:19:52+00:00\",\"description\":\"Avec des jours qui s'allongent et des temp\u00e9ratures qui se radoucissent, vous pouvez profiter d'une vari\u00e9t\u00e9 d'activit\u00e9s en ext\u00e9rieur. Que vous souhaitiez\",\"inLanguage\":\"fr-FR\",\"potentialAction\":[{\"@type\":\"ReadAction\",\"target\":[\"https:\/\/voyage-aventure.com\/blog\/a-la-une\/decouvrez-ou-partir-en-mars-2025-pour-une-semaine-de-vacances-inoubliables\/\"]}]},{\"@type\":\"ImageObject\",\"inLanguage\":\"fr-FR\",\"@id\":\"https:\/\/voyage-aventure.com\/blog\/a-la-une\/decouvrez-ou-partir-en-mars-2025-pour-une-semaine-de-vacances-inoubliables\/#primaryimage\",\"url\":\"https:\/\/voyage-aventure.com\/blog\/wp-content\/uploads\/2025\/04\/sdxl-5a1d6dc82a1786e48c1c6311f6bd31f1.png\",\"contentUrl\":\"https:\/\/voyage-aventure.com\/blog\/wp-content\/uploads\/2025\/04\/sdxl-5a1d6dc82a1786e48c1c6311f6bd31f1.png\",\"width\":1536,\"height\":640},{\"@type\":\"WebSite\",\"@id\":\"https:\/\/voyage-aventure.com\/blog\/#website\",\"url\":\"https:\/\/voyage-aventure.com\/blog\/\",\"name\":\"voyage-aventure.com\",\"description\":\"Votre passeport pour l\u2019inattendu.\",\"publisher\":{\"@id\":\"https:\/\/voyage-aventure.com\/blog\/#organization\"},\"alternateName\":\"Votre passeport pour l\u2019inattendu.\",\"potentialAction\":[{\"@type\":\"SearchAction\",\"target\":{\"@type\":\"EntryPoint\",\"urlTemplate\":\"https:\/\/voyage-aventure.com\/blog\/?s={search_term_string}\"},\"query-input\":{\"@type\":\"PropertyValueSpecification\",\"valueRequired\":true,\"valueName\":\"search_term_string\"}}],\"inLanguage\":\"fr-FR\"},{\"@type\":\"Organization\",\"@id\":\"https:\/\/voyage-aventure.com\/blog\/#organization\",\"name\":\"Foretsensations.fr\",\"url\":\"https:\/\/voyage-aventure.com\/blog\/\",\"logo\":{\"@type\":\"ImageObject\",\"inLanguage\":\"fr-FR\",\"@id\":\"https:\/\/voyage-aventure.com\/blog\/#\/schema\/logo\/image\/\",\"url\":\"https:\/\/voyage-aventure.com\/blog\/wp-content\/uploads\/2024\/12\/19.png\",\"contentUrl\":\"https:\/\/voyage-aventure.com\/blog\/wp-content\/uploads\/2024\/12\/19.png\",\"width\":512,\"height\":512,\"caption\":\"Foretsensations.fr\"},\"image\":{\"@id\":\"https:\/\/voyage-aventure.com\/blog\/#\/schema\/logo\/image\/\"}},{\"@type\":\"Person\",\"@id\":\"https:\/\/voyage-aventure.com\/blog\/#\/schema\/person\/3c864cdc320801e3db34b663e7e3f816\",\"name\":\"Camille Rouvray\",\"image\":{\"@type\":\"ImageObject\",\"inLanguage\":\"fr-FR\",\"@id\":\"https:\/\/voyage-aventure.com\/blog\/#\/schema\/person\/image\/\",\"url\":\"https:\/\/voyage-aventure.com\/blog\/wp-content\/uploads\/2026\/06\/persona_camille-r-96x96.jpg\",\"contentUrl\":\"https:\/\/voyage-aventure.com\/blog\/wp-content\/uploads\/2026\/06\/persona_camille-r-96x96.jpg\",\"caption\":\"Camille Rouvray\"},\"description\":\"Je voyage et j'\u00e9cris sur le voyage depuis une douzaine d'ann\u00e9es, d'abord en tant que routarde au long cours, puis comme r\u00e9dactrice sp\u00e9cialis\u00e9e. Mon terrain de pr\u00e9dilection, ce sont les circuits organis\u00e9s et l'art de bien pr\u00e9parer un itin\u00e9raire : choix de la saison, dur\u00e9e r\u00e9aliste des \u00e9tapes, budget jour par jour, logement et transport sur place. J'aime aussi raconter les p\u00e9pites urbaines, ces adresses qu'on ne trouve pas dans les guides classiques. Avant de publier un dossier destination, je croise toujours plusieurs sources, je v\u00e9rifie les tarifs et les formalit\u00e9s d'entr\u00e9e \u00e0 jour, et je teste moi-m\u00eame quand je le peux. Mon angle reste pratique avant tout : aider le lecteur \u00e0 partir l'esprit tranquille, sans mauvaise surprise une fois sur place. Je m'attache \u00e0 distinguer le coup de c\u0153ur sinc\u00e8re du simple argument marketing.\",\"sameAs\":[\"https:\/\/camillerouvray.fr\/\"],\"url\":\"https:\/\/voyage-aventure.com\/blog\/auteur\/noname\/\"}]}<\/script>\n<!-- \/ Yoast SEO Premium plugin. -->","yoast_head_json":{"title":"D\u00e9couvrez o\u00f9 partir en mars 2025 pour une semaine de","description":"Avec des jours qui s'allongent et des temp\u00e9ratures qui se radoucissent, vous pouvez profiter d'une vari\u00e9t\u00e9 d'activit\u00e9s en ext\u00e9rieur. Que vous souhaitiez","robots":{"index":"index","follow":"follow","max-snippet":"max-snippet:-1","max-image-preview":"max-image-preview:large","max-video-preview":"max-video-preview:-1"},"canonical":"https:\/\/voyage-aventure.com\/blog\/a-la-une\/decouvrez-ou-partir-en-mars-2025-pour-une-semaine-de-vacances-inoubliables\/","og_locale":"fr_FR","og_type":"article","og_title":"D\u00e9couvrez o\u00f9 partir en mars 2025 pour une semaine de","og_description":"Avec des jours qui s'allongent et des temp\u00e9ratures qui se radoucissent, vous pouvez profiter d'une vari\u00e9t\u00e9 d'activit\u00e9s en ext\u00e9rieur. Que vous souhaitiez","og_url":"https:\/\/voyage-aventure.com\/blog\/a-la-une\/decouvrez-ou-partir-en-mars-2025-pour-une-semaine-de-vacances-inoubliables\/","og_site_name":"voyage-aventure","og_image":[{"width":1536,"height":640,"url":"https:\/\/voyage-aventure.com\/blog\/wp-content\/uploads\/2025\/04\/sdxl-5a1d6dc82a1786e48c1c6311f6bd31f1.png","type":"image\/png"}],"author":"Camille Rouvray","twitter_card":"summary_large_image","schema":{"@context":"https:\/\/schema.org","@graph":[{"@type":"NewsArticle","@id":"https:\/\/voyage-aventure.com\/blog\/a-la-une\/decouvrez-ou-partir-en-mars-2025-pour-une-semaine-de-vacances-inoubliables\/#article","isPartOf":{"@id":"https:\/\/voyage-aventure.com\/blog\/a-la-une\/decouvrez-ou-partir-en-mars-2025-pour-une-semaine-de-vacances-inoubliables\/"},"author":{"name":"Camille Rouvray","@id":"https:\/\/voyage-aventure.com\/blog\/#\/schema\/person\/3c864cdc320801e3db34b663e7e3f816"},"headline":"D\u00e9couvrez o\u00f9 partir en mars 2025 pour une semaine de vacances inoubliables","datePublished":"2025-03-23T22:19:52+00:00","mainEntityOfPage":{"@id":"https:\/\/voyage-aventure.com\/blog\/a-la-une\/decouvrez-ou-partir-en-mars-2025-pour-une-semaine-de-vacances-inoubliables\/"},"wordCount":660,"commentCount":23,"publisher":{"@id":"https:\/\/voyage-aventure.com\/blog\/#organization"},"image":{"@id":"https:\/\/voyage-aventure.com\/blog\/a-la-une\/decouvrez-ou-partir-en-mars-2025-pour-une-semaine-de-vacances-inoubliables\/#primaryimage"},"thumbnailUrl":"https:\/\/voyage-aventure.com\/blog\/wp-content\/uploads\/2025\/04\/sdxl-5a1d6dc82a1786e48c1c6311f6bd31f1.png","keywords":["Activit\u00e9s Vari\u00e9es","Destinations","Escapade en Europe","H\u00e9bergement Abordable","Voyage \u00c9conomique"],"articleSection":["\u00c0 la une"],"inLanguage":"fr-FR","potentialAction":[{"@type":"CommentAction","name":"Comment","target":["https:\/\/voyage-aventure.com\/blog\/a-la-une\/decouvrez-ou-partir-en-mars-2025-pour-une-semaine-de-vacances-inoubliables\/#respond"]}]},{"@type":"WebPage","@id":"https:\/\/voyage-aventure.com\/blog\/a-la-une\/decouvrez-ou-partir-en-mars-2025-pour-une-semaine-de-vacances-inoubliables\/","url":"https:\/\/voyage-aventure.com\/blog\/a-la-une\/decouvrez-ou-partir-en-mars-2025-pour-une-semaine-de-vacances-inoubliables\/","name":"D\u00e9couvrez o\u00f9 partir en mars 2025 pour une semaine de","isPartOf":{"@id":"https:\/\/voyage-aventure.com\/blog\/#website"},"primaryImageOfPage":{"@id":"https:\/\/voyage-aventure.com\/blog\/a-la-une\/decouvrez-ou-partir-en-mars-2025-pour-une-semaine-de-vacances-inoubliables\/#primaryimage"},"image":{"@id":"https:\/\/voyage-aventure.com\/blog\/a-la-une\/decouvrez-ou-partir-en-mars-2025-pour-une-semaine-de-vacances-inoubliables\/#primaryimage"},"thumbnailUrl":"https:\/\/voyage-aventure.com\/blog\/wp-content\/uploads\/2025\/04\/sdxl-5a1d6dc82a1786e48c1c6311f6bd31f1.png","datePublished":"2025-03-23T22:19:52+00:00","description":"Avec des jours qui s'allongent et des temp\u00e9ratures qui se radoucissent, vous pouvez profiter d'une vari\u00e9t\u00e9 d'activit\u00e9s en ext\u00e9rieur. Que vous souhaitiez","inLanguage":"fr-FR","potentialAction":[{"@type":"ReadAction","target":["https:\/\/voyage-aventure.com\/blog\/a-la-une\/decouvrez-ou-partir-en-mars-2025-pour-une-semaine-de-vacances-inoubliables\/"]}]},{"@type":"ImageObject","inLanguage":"fr-FR","@id":"https:\/\/voyage-aventure.com\/blog\/a-la-une\/decouvrez-ou-partir-en-mars-2025-pour-une-semaine-de-vacances-inoubliables\/#primaryimage","url":"https:\/\/voyage-aventure.com\/blog\/wp-content\/uploads\/2025\/04\/sdxl-5a1d6dc82a1786e48c1c6311f6bd31f1.png","contentUrl":"https:\/\/voyage-aventure.com\/blog\/wp-content\/uploads\/2025\/04\/sdxl-5a1d6dc82a1786e48c1c6311f6bd31f1.png","width":1536,"height":640},{"@type":"WebSite","@id":"https:\/\/voyage-aventure.com\/blog\/#website","url":"https:\/\/voyage-aventure.com\/blog\/","name":"voyage-aventure.com","description":"Votre passeport pour l\u2019inattendu.","publisher":{"@id":"https:\/\/voyage-aventure.com\/blog\/#organization"},"alternateName":"Votre passeport pour l\u2019inattendu.","potentialAction":[{"@type":"SearchAction","target":{"@type":"EntryPoint","urlTemplate":"https:\/\/voyage-aventure.com\/blog\/?s={search_term_string}"},"query-input":{"@type":"PropertyValueSpecification","valueRequired":true,"valueName":"search_term_string"}}],"inLanguage":"fr-FR"},{"@type":"Organization","@id":"https:\/\/voyage-aventure.com\/blog\/#organization","name":"Foretsensations.fr","url":"https:\/\/voyage-aventure.com\/blog\/","logo":{"@type":"ImageObject","inLanguage":"fr-FR","@id":"https:\/\/voyage-aventure.com\/blog\/#\/schema\/logo\/image\/","url":"https:\/\/voyage-aventure.com\/blog\/wp-content\/uploads\/2024\/12\/19.png","contentUrl":"https:\/\/voyage-aventure.com\/blog\/wp-content\/uploads\/2024\/12\/19.png","width":512,"height":512,"caption":"Foretsensations.fr"},"image":{"@id":"https:\/\/voyage-aventure.com\/blog\/#\/schema\/logo\/image\/"}},{"@type":"Person","@id":"https:\/\/voyage-aventure.com\/blog\/#\/schema\/person\/3c864cdc320801e3db34b663e7e3f816","name":"Camille Rouvray","image":{"@type":"ImageObject","inLanguage":"fr-FR","@id":"https:\/\/voyage-aventure.com\/blog\/#\/schema\/person\/image\/","url":"https:\/\/voyage-aventure.com\/blog\/wp-content\/uploads\/2026\/06\/persona_camille-r-96x96.jpg","contentUrl":"https:\/\/voyage-aventure.com\/blog\/wp-content\/uploads\/2026\/06\/persona_camille-r-96x96.jpg","caption":"Camille Rouvray"},"description":"Je voyage et j'\u00e9cris sur le voyage depuis une douzaine d'ann\u00e9es, d'abord en tant que routarde au long cours, puis comme r\u00e9dactrice sp\u00e9cialis\u00e9e. Mon terrain de pr\u00e9dilection, ce sont les circuits organis\u00e9s et l'art de bien pr\u00e9parer un itin\u00e9raire : choix de la saison, dur\u00e9e r\u00e9aliste des \u00e9tapes, budget jour par jour, logement et transport sur place. J'aime aussi raconter les p\u00e9pites urbaines, ces adresses qu'on ne trouve pas dans les guides classiques. Avant de publier un dossier destination, je croise toujours plusieurs sources, je v\u00e9rifie les tarifs et les formalit\u00e9s d'entr\u00e9e \u00e0 jour, et je teste moi-m\u00eame quand je le peux. Mon angle reste pratique avant tout : aider le lecteur \u00e0 partir l'esprit tranquille, sans mauvaise surprise une fois sur place. Je m'attache \u00e0 distinguer le coup de c\u0153ur sinc\u00e8re du simple argument marketing.","sameAs":["https:\/\/camillerouvray.fr\/"],"url":"https:\/\/voyage-aventure.com\/blog\/auteur\/noname\/"}]}},"_links":{"self":[{"href":"https:\/\/voyage-aventure.com\/blog\/wp-json\/wp\/v2\/posts\/15939","targetHints":{"allow":["GET"]}}],"collection":[{"href":"https:\/\/voyage-aventure.com\/blog\/wp-json\/wp\/v2\/posts"}],"about":[{"href":"https:\/\/voyage-aventure.com\/blog\/wp-json\/wp\/v2\/types\/post"}],"author":[{"embeddable":true,"href":"https:\/\/voyage-aventure.com\/blog\/wp-json\/wp\/v2\/users\/34"}],"replies":[{"embeddable":true,"href":"https:\/\/voyage-aventure.com\/blog\/wp-json\/wp\/v2\/comments?post=15939"}],"version-history":[{"count":1,"href":"https:\/\/voyage-aventure.com\/blog\/wp-json\/wp\/v2\/posts\/15939\/revisions"}],"predecessor-version":[{"id":16166,"href":"https:\/\/voyage-aventure.com\/blog\/wp-json\/wp\/v2\/posts\/15939\/revisions\/16166"}],"wp:featuredmedia":[{"embeddable":true,"href":"https:\/\/voyage-aventure.com\/blog\/wp-json\/wp\/v2\/media\/18296"}],"wp:attachment":[{"href":"https:\/\/voyage-aventure.com\/blog\/wp-json\/wp\/v2\/media?parent=15939"}],"wp:term":[{"taxonomy":"category","embeddable":true,"href":"https:\/\/voyage-aventure.com\/blog\/wp-json\/wp\/v2\/categories?post=15939"},{"taxonomy":"post_tag","embeddable":true,"href":"https:\/\/voyage-aventure.com\/blog\/wp-json\/wp\/v2\/tags?post=15939"}],"curies":[{"name":"wp","href":"https:\/\/api.w.org\/{rel}","templated":true}]}}