{"id":15929,"date":"2025-03-21T17:58:42","date_gmt":"2025-03-21T16:58:42","guid":{"rendered":"https:\/\/voyage-aventure.com\/blog\/?p=15929"},"modified":"2025-03-21T17:10:46","modified_gmt":"2025-03-21T16:10:46","slug":"allemagne-et-royaume-uni-mettent-en-garde-contre-les-voyages-aux-etats-unis-en-raison-des-detentions","status":"publish","type":"post","link":"https:\/\/voyage-aventure.com\/blog\/a-la-une\/allemagne-et-royaume-uni-mettent-en-garde-contre-les-voyages-aux-etats-unis-en-raison-des-detentions\/","title":{"rendered":"Allemagne et Royaume-Uni mettent en garde contre les voyages aux \u00c9tats-Unis en raison des d\u00e9tentions"},"content":{"rendered":"<h2>Une alerte pour les voyageurs<\/h2>\n<p>Ces recommandations font suite \u00e0 des rapports alarmants concernant des d\u00e9tentions disproportionn\u00e9es de voyageurs, notamment de ceux provenant de pays sp\u00e9cifiques. Les autorit\u00e9s de ces deux nations craignent que leurs citoyens ne soient expos\u00e9s \u00e0 des risques juridiques et \u00e0 des traitements inappropri\u00e9s lors de leur passage aux fronti\u00e8res am\u00e9ricaines.<\/p>\n<p>Les gouvernements ont soulign\u00e9 que les d\u00e9tentions peuvent survenir sans explication claire, ce qui cr\u00e9e un climat d&rsquo;incertitude pour les voyageurs. Cet avertissement a suscit\u00e9 une r\u00e9action rapide parmi ceux qui envisagent de se rendre aux \u00c9tats-Unis, les incitant \u00e0 reconsid\u00e9rer leurs projets de voyage. Les voyageurs sont encourag\u00e9s \u00e0 se renseigner sur les lois et les proc\u00e9dures d&rsquo;entr\u00e9e aux \u00c9tats-Unis avant de partir.<\/p>\n<p><iframe loading=\"lazy\" title=\"Deux journalistes australiens fuient la Chine pour \u00e9viter la prison\" width=\"1200\" height=\"675\" src=\"https:\/\/www.youtube.com\/embed\/33hlsNFnLa4?feature=oembed\" frameborder=\"0\" allow=\"accelerometer; autoplay; clipboard-write; encrypted-media; gyroscope; picture-in-picture; web-share\" referrerpolicy=\"strict-origin-when-cross-origin\" allowfullscreen><\/iframe><\/p>\n<h2>Les cons\u00e9quences pour les voyageurs<\/h2>\n<p>Les cons\u00e9quences de ces d\u00e9tentions peuvent \u00eatre s\u00e9v\u00e8res pour les voyageurs, allant de simples interrogatoires prolong\u00e9s \u00e0 des expulsions imm\u00e9diates. Les personnes venant de certains pays peuvent se retrouver dans une situation encore plus pr\u00e9caire, avec des raisons d&rsquo;immigration mal comprises par les agents de s\u00e9curit\u00e9. Cela soul\u00e8ve des pr\u00e9occupations quant \u00e0 la mani\u00e8re dont les voyageurs sont trait\u00e9s \u00e0 la fronti\u00e8re et l&rsquo;impact de ces politiques sur le tourisme international.<\/p>\n<p>Il est crucial pour les voyageurs de bien se pr\u00e9parer avant de se rendre aux \u00c9tats-Unis. Cela inclut la v\u00e9rification des documents requis, la compr\u00e9hension des droits l\u00e9gaux et la connaissance des ressources disponibles en cas de probl\u00e8me. Les voyages peuvent apporter des exp\u00e9riences enrichissantes, mais la prudence est de mise lorsque des mesures de s\u00e9curit\u00e9 excessives sont en place.<\/p>\n<h2>R\u00e9actions internationales et implications diplomatiques<\/h2>\n<p>Les avertissements \u00e9mis par l&rsquo;Allemagne et le Royaume-Uni n&rsquo;ont pas manqu\u00e9 d&rsquo;attirer l&rsquo;attention sur la sc\u00e8ne internationale. D&rsquo;autres pays pourraient suivre cet exemple, ce qui pourrait avoir des implications diplomatiques significatives pour les \u00c9tats-Unis, notamment en mati\u00e8re de relations bilat\u00e9rales. Les \u00c9tats-Unis pourraient \u00eatre per\u00e7us comme un pays moins accueillant, ce qui pourrait nuire \u00e0 leur image \u00e0 l&rsquo;\u00e9chelle mondiale.<\/p>\n<p>Les gouvernements europ\u00e9ens, en r\u00e9agissant \u00e0 ces pr\u00e9occupations, montrent leur engagement envers la protection de leurs citoyens \u00e0 l&rsquo;\u00e9tranger. Une collaboration plus \u00e9troite entre ces nations pourrait \u00e9galement \u00e9merger en r\u00e9ponse \u00e0 ces d\u00e9fis, avec des discussions sur la mani\u00e8re de garantir la s\u00e9curit\u00e9 des voyageurs tout en respectant les droits humains.<\/p>\n<ul>\n<li>V\u00e9rifiez les exigences de visa avant de voyager.<\/li>\n<li>Informez-vous sur les droits des voyageurs aux \u00c9tats-Unis.<\/li>\n<li>Gardez une copie de tous vos documents de voyage.<\/li>\n<li>Consultez les conseils de voyage des gouvernements respectifs.<\/li>\n<li>Envisagez de contacter l&rsquo;ambassade ou le consulat en cas de probl\u00e8me.<\/li>\n<\/ul>\n<blockquote><p>\u00ab Il est essentiel que les voyageurs soient conscients des risques potentiels lorsqu&rsquo;ils se rendent aux \u00c9tats-Unis. \u00bb &#8211; Repr\u00e9sentant du gouvernement allemand.<\/p><\/blockquote>\n<p>L&rsquo;\u00e9volution des politiques d&rsquo;immigration et de s\u00e9curit\u00e9 aux \u00c9tats-Unis exerce une pression sur les relations internationales, mais elle impacte \u00e9galement les choix de voyage des citoyens. Les avertissements des gouvernements europ\u00e9ens constituent une r\u00e9ponse proactive face \u00e0 des pr\u00e9occupations croissantes. Alors que les voyages continuent d&rsquo;\u00eatre une source d&rsquo;enrichissement culturel et \u00e9conomique, la s\u00e9curit\u00e9 doit rester une priorit\u00e9 pour tous.<\/p>\n","protected":false},"excerpt":{"rendered":"","protected":false},"author":34,"featured_media":18361,"comment_status":"open","ping_status":"open","sticky":false,"template":"","format":"standard","meta":{"_acf_changed":false,"manual_indexmenow":false,"indexmenow_id_project":0,"footnotes":""},"categories":[1],"tags":[4639,4713,5688,3170,4635],"class_list":["post-15929","post","type-post","status-publish","format-standard","has-post-thumbnail","hentry","category-a-la-une","tag-aventure","tag-preparation","tag-relations-internationales","tag-securite","tag-voyage","generate-columns","tablet-grid-50","mobile-grid-100","grid-parent","grid-25"],"acf":[],"yoast_head":"<!-- This site is optimized with the Yoast SEO Premium plugin v21.3 (Yoast SEO v25.1) - https:\/\/yoast.com\/wordpress\/plugins\/seo\/ -->\n<title>Allemagne et Royaume-Uni mettent en garde contre les<\/title>\n<meta name=\"description\" content=\"Ces recommandations font suite \u00e0 des rapports alarmants concernant des d\u00e9tentions disproportionn\u00e9es de voyageurs, notamment de ceux provenant de pays\" \/>\n<meta name=\"robots\" content=\"index, follow, max-snippet:-1, max-image-preview:large, max-video-preview:-1\" \/>\n<link rel=\"canonical\" href=\"https:\/\/voyage-aventure.com\/blog\/a-la-une\/allemagne-et-royaume-uni-mettent-en-garde-contre-les-voyages-aux-etats-unis-en-raison-des-detentions\/\" \/>\n<meta property=\"og:locale\" content=\"fr_FR\" \/>\n<meta property=\"og:type\" content=\"article\" \/>\n<meta property=\"og:title\" content=\"Allemagne et Royaume-Uni mettent en garde contre les\" \/>\n<meta property=\"og:description\" content=\"Ces recommandations font suite \u00e0 des rapports alarmants concernant des d\u00e9tentions disproportionn\u00e9es de voyageurs, notamment de ceux provenant de pays\" \/>\n<meta property=\"og:url\" content=\"https:\/\/voyage-aventure.com\/blog\/a-la-une\/allemagne-et-royaume-uni-mettent-en-garde-contre-les-voyages-aux-etats-unis-en-raison-des-detentions\/\" \/>\n<meta property=\"og:site_name\" content=\"voyage-aventure\" \/>\n<meta property=\"og:image\" content=\"https:\/\/voyage-aventure.com\/blog\/wp-content\/uploads\/2025\/04\/sdxl-3a32cfecfdb071d75be123d9303050bd.png\" \/>\n\t<meta property=\"og:image:width\" content=\"1536\" \/>\n\t<meta property=\"og:image:height\" content=\"640\" \/>\n\t<meta property=\"og:image:type\" content=\"image\/png\" \/>\n<meta name=\"author\" content=\"Camille Rouvray\" \/>\n<meta name=\"twitter:card\" content=\"summary_large_image\" \/>\n<script type=\"application\/ld+json\" class=\"yoast-schema-graph\">{\"@context\":\"https:\/\/schema.org\",\"@graph\":[{\"@type\":\"NewsArticle\",\"@id\":\"https:\/\/voyage-aventure.com\/blog\/a-la-une\/allemagne-et-royaume-uni-mettent-en-garde-contre-les-voyages-aux-etats-unis-en-raison-des-detentions\/#article\",\"isPartOf\":{\"@id\":\"https:\/\/voyage-aventure.com\/blog\/a-la-une\/allemagne-et-royaume-uni-mettent-en-garde-contre-les-voyages-aux-etats-unis-en-raison-des-detentions\/\"},\"author\":{\"name\":\"Camille Rouvray\",\"@id\":\"https:\/\/voyage-aventure.com\/blog\/#\/schema\/person\/3c864cdc320801e3db34b663e7e3f816\"},\"headline\":\"Allemagne et Royaume-Uni mettent en garde contre les voyages aux \u00c9tats-Unis en raison des d\u00e9tentions\",\"datePublished\":\"2025-03-21T16:58:42+00:00\",\"mainEntityOfPage\":{\"@id\":\"https:\/\/voyage-aventure.com\/blog\/a-la-une\/allemagne-et-royaume-uni-mettent-en-garde-contre-les-voyages-aux-etats-unis-en-raison-des-detentions\/\"},\"wordCount\":576,\"commentCount\":22,\"publisher\":{\"@id\":\"https:\/\/voyage-aventure.com\/blog\/#organization\"},\"image\":{\"@id\":\"https:\/\/voyage-aventure.com\/blog\/a-la-une\/allemagne-et-royaume-uni-mettent-en-garde-contre-les-voyages-aux-etats-unis-en-raison-des-detentions\/#primaryimage\"},\"thumbnailUrl\":\"https:\/\/voyage-aventure.com\/blog\/wp-content\/uploads\/2025\/04\/sdxl-3a32cfecfdb071d75be123d9303050bd.png\",\"keywords\":[\"Aventure\",\"Pr\u00e9paration\",\"Relations Internationales\",\"S\u00e9curit\u00e9\",\"Voyage\"],\"articleSection\":[\"\u00c0 la une\"],\"inLanguage\":\"fr-FR\",\"potentialAction\":[{\"@type\":\"CommentAction\",\"name\":\"Comment\",\"target\":[\"https:\/\/voyage-aventure.com\/blog\/a-la-une\/allemagne-et-royaume-uni-mettent-en-garde-contre-les-voyages-aux-etats-unis-en-raison-des-detentions\/#respond\"]}]},{\"@type\":\"WebPage\",\"@id\":\"https:\/\/voyage-aventure.com\/blog\/a-la-une\/allemagne-et-royaume-uni-mettent-en-garde-contre-les-voyages-aux-etats-unis-en-raison-des-detentions\/\",\"url\":\"https:\/\/voyage-aventure.com\/blog\/a-la-une\/allemagne-et-royaume-uni-mettent-en-garde-contre-les-voyages-aux-etats-unis-en-raison-des-detentions\/\",\"name\":\"Allemagne et Royaume-Uni mettent en garde contre les\",\"isPartOf\":{\"@id\":\"https:\/\/voyage-aventure.com\/blog\/#website\"},\"primaryImageOfPage\":{\"@id\":\"https:\/\/voyage-aventure.com\/blog\/a-la-une\/allemagne-et-royaume-uni-mettent-en-garde-contre-les-voyages-aux-etats-unis-en-raison-des-detentions\/#primaryimage\"},\"image\":{\"@id\":\"https:\/\/voyage-aventure.com\/blog\/a-la-une\/allemagne-et-royaume-uni-mettent-en-garde-contre-les-voyages-aux-etats-unis-en-raison-des-detentions\/#primaryimage\"},\"thumbnailUrl\":\"https:\/\/voyage-aventure.com\/blog\/wp-content\/uploads\/2025\/04\/sdxl-3a32cfecfdb071d75be123d9303050bd.png\",\"datePublished\":\"2025-03-21T16:58:42+00:00\",\"description\":\"Ces recommandations font suite \u00e0 des rapports alarmants concernant des d\u00e9tentions disproportionn\u00e9es de voyageurs, notamment de ceux provenant de pays\",\"inLanguage\":\"fr-FR\",\"potentialAction\":[{\"@type\":\"ReadAction\",\"target\":[\"https:\/\/voyage-aventure.com\/blog\/a-la-une\/allemagne-et-royaume-uni-mettent-en-garde-contre-les-voyages-aux-etats-unis-en-raison-des-detentions\/\"]}]},{\"@type\":\"ImageObject\",\"inLanguage\":\"fr-FR\",\"@id\":\"https:\/\/voyage-aventure.com\/blog\/a-la-une\/allemagne-et-royaume-uni-mettent-en-garde-contre-les-voyages-aux-etats-unis-en-raison-des-detentions\/#primaryimage\",\"url\":\"https:\/\/voyage-aventure.com\/blog\/wp-content\/uploads\/2025\/04\/sdxl-3a32cfecfdb071d75be123d9303050bd.png\",\"contentUrl\":\"https:\/\/voyage-aventure.com\/blog\/wp-content\/uploads\/2025\/04\/sdxl-3a32cfecfdb071d75be123d9303050bd.png\",\"width\":1536,\"height\":640},{\"@type\":\"WebSite\",\"@id\":\"https:\/\/voyage-aventure.com\/blog\/#website\",\"url\":\"https:\/\/voyage-aventure.com\/blog\/\",\"name\":\"voyage-aventure.com\",\"description\":\"Votre passeport pour l\u2019inattendu.\",\"publisher\":{\"@id\":\"https:\/\/voyage-aventure.com\/blog\/#organization\"},\"alternateName\":\"Votre passeport pour l\u2019inattendu.\",\"potentialAction\":[{\"@type\":\"SearchAction\",\"target\":{\"@type\":\"EntryPoint\",\"urlTemplate\":\"https:\/\/voyage-aventure.com\/blog\/?s={search_term_string}\"},\"query-input\":{\"@type\":\"PropertyValueSpecification\",\"valueRequired\":true,\"valueName\":\"search_term_string\"}}],\"inLanguage\":\"fr-FR\"},{\"@type\":\"Organization\",\"@id\":\"https:\/\/voyage-aventure.com\/blog\/#organization\",\"name\":\"Foretsensations.fr\",\"url\":\"https:\/\/voyage-aventure.com\/blog\/\",\"logo\":{\"@type\":\"ImageObject\",\"inLanguage\":\"fr-FR\",\"@id\":\"https:\/\/voyage-aventure.com\/blog\/#\/schema\/logo\/image\/\",\"url\":\"https:\/\/voyage-aventure.com\/blog\/wp-content\/uploads\/2024\/12\/19.png\",\"contentUrl\":\"https:\/\/voyage-aventure.com\/blog\/wp-content\/uploads\/2024\/12\/19.png\",\"width\":512,\"height\":512,\"caption\":\"Foretsensations.fr\"},\"image\":{\"@id\":\"https:\/\/voyage-aventure.com\/blog\/#\/schema\/logo\/image\/\"}},{\"@type\":\"Person\",\"@id\":\"https:\/\/voyage-aventure.com\/blog\/#\/schema\/person\/3c864cdc320801e3db34b663e7e3f816\",\"name\":\"Camille Rouvray\",\"image\":{\"@type\":\"ImageObject\",\"inLanguage\":\"fr-FR\",\"@id\":\"https:\/\/voyage-aventure.com\/blog\/#\/schema\/person\/image\/\",\"url\":\"https:\/\/voyage-aventure.com\/blog\/wp-content\/uploads\/2026\/06\/persona_camille-r-96x96.jpg\",\"contentUrl\":\"https:\/\/voyage-aventure.com\/blog\/wp-content\/uploads\/2026\/06\/persona_camille-r-96x96.jpg\",\"caption\":\"Camille Rouvray\"},\"description\":\"Je voyage et j'\u00e9cris sur le voyage depuis une douzaine d'ann\u00e9es, d'abord en tant que routarde au long cours, puis comme r\u00e9dactrice sp\u00e9cialis\u00e9e. Mon terrain de pr\u00e9dilection, ce sont les circuits organis\u00e9s et l'art de bien pr\u00e9parer un itin\u00e9raire : choix de la saison, dur\u00e9e r\u00e9aliste des \u00e9tapes, budget jour par jour, logement et transport sur place. J'aime aussi raconter les p\u00e9pites urbaines, ces adresses qu'on ne trouve pas dans les guides classiques. Avant de publier un dossier destination, je croise toujours plusieurs sources, je v\u00e9rifie les tarifs et les formalit\u00e9s d'entr\u00e9e \u00e0 jour, et je teste moi-m\u00eame quand je le peux. Mon angle reste pratique avant tout : aider le lecteur \u00e0 partir l'esprit tranquille, sans mauvaise surprise une fois sur place. Je m'attache \u00e0 distinguer le coup de c\u0153ur sinc\u00e8re du simple argument marketing.\",\"sameAs\":[\"https:\/\/camillerouvray.fr\/\"],\"url\":\"https:\/\/voyage-aventure.com\/blog\/auteur\/noname\/\"}]}<\/script>\n<!-- \/ Yoast SEO Premium plugin. -->","yoast_head_json":{"title":"Allemagne et Royaume-Uni mettent en garde contre les","description":"Ces recommandations font suite \u00e0 des rapports alarmants concernant des d\u00e9tentions disproportionn\u00e9es de voyageurs, notamment de ceux provenant de pays","robots":{"index":"index","follow":"follow","max-snippet":"max-snippet:-1","max-image-preview":"max-image-preview:large","max-video-preview":"max-video-preview:-1"},"canonical":"https:\/\/voyage-aventure.com\/blog\/a-la-une\/allemagne-et-royaume-uni-mettent-en-garde-contre-les-voyages-aux-etats-unis-en-raison-des-detentions\/","og_locale":"fr_FR","og_type":"article","og_title":"Allemagne et Royaume-Uni mettent en garde contre les","og_description":"Ces recommandations font suite \u00e0 des rapports alarmants concernant des d\u00e9tentions disproportionn\u00e9es de voyageurs, notamment de ceux provenant de pays","og_url":"https:\/\/voyage-aventure.com\/blog\/a-la-une\/allemagne-et-royaume-uni-mettent-en-garde-contre-les-voyages-aux-etats-unis-en-raison-des-detentions\/","og_site_name":"voyage-aventure","og_image":[{"width":1536,"height":640,"url":"https:\/\/voyage-aventure.com\/blog\/wp-content\/uploads\/2025\/04\/sdxl-3a32cfecfdb071d75be123d9303050bd.png","type":"image\/png"}],"author":"Camille Rouvray","twitter_card":"summary_large_image","schema":{"@context":"https:\/\/schema.org","@graph":[{"@type":"NewsArticle","@id":"https:\/\/voyage-aventure.com\/blog\/a-la-une\/allemagne-et-royaume-uni-mettent-en-garde-contre-les-voyages-aux-etats-unis-en-raison-des-detentions\/#article","isPartOf":{"@id":"https:\/\/voyage-aventure.com\/blog\/a-la-une\/allemagne-et-royaume-uni-mettent-en-garde-contre-les-voyages-aux-etats-unis-en-raison-des-detentions\/"},"author":{"name":"Camille Rouvray","@id":"https:\/\/voyage-aventure.com\/blog\/#\/schema\/person\/3c864cdc320801e3db34b663e7e3f816"},"headline":"Allemagne et Royaume-Uni mettent en garde contre les voyages aux \u00c9tats-Unis en raison des d\u00e9tentions","datePublished":"2025-03-21T16:58:42+00:00","mainEntityOfPage":{"@id":"https:\/\/voyage-aventure.com\/blog\/a-la-une\/allemagne-et-royaume-uni-mettent-en-garde-contre-les-voyages-aux-etats-unis-en-raison-des-detentions\/"},"wordCount":576,"commentCount":22,"publisher":{"@id":"https:\/\/voyage-aventure.com\/blog\/#organization"},"image":{"@id":"https:\/\/voyage-aventure.com\/blog\/a-la-une\/allemagne-et-royaume-uni-mettent-en-garde-contre-les-voyages-aux-etats-unis-en-raison-des-detentions\/#primaryimage"},"thumbnailUrl":"https:\/\/voyage-aventure.com\/blog\/wp-content\/uploads\/2025\/04\/sdxl-3a32cfecfdb071d75be123d9303050bd.png","keywords":["Aventure","Pr\u00e9paration","Relations Internationales","S\u00e9curit\u00e9","Voyage"],"articleSection":["\u00c0 la une"],"inLanguage":"fr-FR","potentialAction":[{"@type":"CommentAction","name":"Comment","target":["https:\/\/voyage-aventure.com\/blog\/a-la-une\/allemagne-et-royaume-uni-mettent-en-garde-contre-les-voyages-aux-etats-unis-en-raison-des-detentions\/#respond"]}]},{"@type":"WebPage","@id":"https:\/\/voyage-aventure.com\/blog\/a-la-une\/allemagne-et-royaume-uni-mettent-en-garde-contre-les-voyages-aux-etats-unis-en-raison-des-detentions\/","url":"https:\/\/voyage-aventure.com\/blog\/a-la-une\/allemagne-et-royaume-uni-mettent-en-garde-contre-les-voyages-aux-etats-unis-en-raison-des-detentions\/","name":"Allemagne et Royaume-Uni mettent en garde contre les","isPartOf":{"@id":"https:\/\/voyage-aventure.com\/blog\/#website"},"primaryImageOfPage":{"@id":"https:\/\/voyage-aventure.com\/blog\/a-la-une\/allemagne-et-royaume-uni-mettent-en-garde-contre-les-voyages-aux-etats-unis-en-raison-des-detentions\/#primaryimage"},"image":{"@id":"https:\/\/voyage-aventure.com\/blog\/a-la-une\/allemagne-et-royaume-uni-mettent-en-garde-contre-les-voyages-aux-etats-unis-en-raison-des-detentions\/#primaryimage"},"thumbnailUrl":"https:\/\/voyage-aventure.com\/blog\/wp-content\/uploads\/2025\/04\/sdxl-3a32cfecfdb071d75be123d9303050bd.png","datePublished":"2025-03-21T16:58:42+00:00","description":"Ces recommandations font suite \u00e0 des rapports alarmants concernant des d\u00e9tentions disproportionn\u00e9es de voyageurs, notamment de ceux provenant de pays","inLanguage":"fr-FR","potentialAction":[{"@type":"ReadAction","target":["https:\/\/voyage-aventure.com\/blog\/a-la-une\/allemagne-et-royaume-uni-mettent-en-garde-contre-les-voyages-aux-etats-unis-en-raison-des-detentions\/"]}]},{"@type":"ImageObject","inLanguage":"fr-FR","@id":"https:\/\/voyage-aventure.com\/blog\/a-la-une\/allemagne-et-royaume-uni-mettent-en-garde-contre-les-voyages-aux-etats-unis-en-raison-des-detentions\/#primaryimage","url":"https:\/\/voyage-aventure.com\/blog\/wp-content\/uploads\/2025\/04\/sdxl-3a32cfecfdb071d75be123d9303050bd.png","contentUrl":"https:\/\/voyage-aventure.com\/blog\/wp-content\/uploads\/2025\/04\/sdxl-3a32cfecfdb071d75be123d9303050bd.png","width":1536,"height":640},{"@type":"WebSite","@id":"https:\/\/voyage-aventure.com\/blog\/#website","url":"https:\/\/voyage-aventure.com\/blog\/","name":"voyage-aventure.com","description":"Votre passeport pour l\u2019inattendu.","publisher":{"@id":"https:\/\/voyage-aventure.com\/blog\/#organization"},"alternateName":"Votre passeport pour l\u2019inattendu.","potentialAction":[{"@type":"SearchAction","target":{"@type":"EntryPoint","urlTemplate":"https:\/\/voyage-aventure.com\/blog\/?s={search_term_string}"},"query-input":{"@type":"PropertyValueSpecification","valueRequired":true,"valueName":"search_term_string"}}],"inLanguage":"fr-FR"},{"@type":"Organization","@id":"https:\/\/voyage-aventure.com\/blog\/#organization","name":"Foretsensations.fr","url":"https:\/\/voyage-aventure.com\/blog\/","logo":{"@type":"ImageObject","inLanguage":"fr-FR","@id":"https:\/\/voyage-aventure.com\/blog\/#\/schema\/logo\/image\/","url":"https:\/\/voyage-aventure.com\/blog\/wp-content\/uploads\/2024\/12\/19.png","contentUrl":"https:\/\/voyage-aventure.com\/blog\/wp-content\/uploads\/2024\/12\/19.png","width":512,"height":512,"caption":"Foretsensations.fr"},"image":{"@id":"https:\/\/voyage-aventure.com\/blog\/#\/schema\/logo\/image\/"}},{"@type":"Person","@id":"https:\/\/voyage-aventure.com\/blog\/#\/schema\/person\/3c864cdc320801e3db34b663e7e3f816","name":"Camille Rouvray","image":{"@type":"ImageObject","inLanguage":"fr-FR","@id":"https:\/\/voyage-aventure.com\/blog\/#\/schema\/person\/image\/","url":"https:\/\/voyage-aventure.com\/blog\/wp-content\/uploads\/2026\/06\/persona_camille-r-96x96.jpg","contentUrl":"https:\/\/voyage-aventure.com\/blog\/wp-content\/uploads\/2026\/06\/persona_camille-r-96x96.jpg","caption":"Camille Rouvray"},"description":"Je voyage et j'\u00e9cris sur le voyage depuis une douzaine d'ann\u00e9es, d'abord en tant que routarde au long cours, puis comme r\u00e9dactrice sp\u00e9cialis\u00e9e. Mon terrain de pr\u00e9dilection, ce sont les circuits organis\u00e9s et l'art de bien pr\u00e9parer un itin\u00e9raire : choix de la saison, dur\u00e9e r\u00e9aliste des \u00e9tapes, budget jour par jour, logement et transport sur place. J'aime aussi raconter les p\u00e9pites urbaines, ces adresses qu'on ne trouve pas dans les guides classiques. Avant de publier un dossier destination, je croise toujours plusieurs sources, je v\u00e9rifie les tarifs et les formalit\u00e9s d'entr\u00e9e \u00e0 jour, et je teste moi-m\u00eame quand je le peux. Mon angle reste pratique avant tout : aider le lecteur \u00e0 partir l'esprit tranquille, sans mauvaise surprise une fois sur place. Je m'attache \u00e0 distinguer le coup de c\u0153ur sinc\u00e8re du simple argument marketing.","sameAs":["https:\/\/camillerouvray.fr\/"],"url":"https:\/\/voyage-aventure.com\/blog\/auteur\/noname\/"}]}},"_links":{"self":[{"href":"https:\/\/voyage-aventure.com\/blog\/wp-json\/wp\/v2\/posts\/15929","targetHints":{"allow":["GET"]}}],"collection":[{"href":"https:\/\/voyage-aventure.com\/blog\/wp-json\/wp\/v2\/posts"}],"about":[{"href":"https:\/\/voyage-aventure.com\/blog\/wp-json\/wp\/v2\/types\/post"}],"author":[{"embeddable":true,"href":"https:\/\/voyage-aventure.com\/blog\/wp-json\/wp\/v2\/users\/34"}],"replies":[{"embeddable":true,"href":"https:\/\/voyage-aventure.com\/blog\/wp-json\/wp\/v2\/comments?post=15929"}],"version-history":[{"count":1,"href":"https:\/\/voyage-aventure.com\/blog\/wp-json\/wp\/v2\/posts\/15929\/revisions"}],"predecessor-version":[{"id":15957,"href":"https:\/\/voyage-aventure.com\/blog\/wp-json\/wp\/v2\/posts\/15929\/revisions\/15957"}],"wp:featuredmedia":[{"embeddable":true,"href":"https:\/\/voyage-aventure.com\/blog\/wp-json\/wp\/v2\/media\/18361"}],"wp:attachment":[{"href":"https:\/\/voyage-aventure.com\/blog\/wp-json\/wp\/v2\/media?parent=15929"}],"wp:term":[{"taxonomy":"category","embeddable":true,"href":"https:\/\/voyage-aventure.com\/blog\/wp-json\/wp\/v2\/categories?post=15929"},{"taxonomy":"post_tag","embeddable":true,"href":"https:\/\/voyage-aventure.com\/blog\/wp-json\/wp\/v2\/tags?post=15929"}],"curies":[{"name":"wp","href":"https:\/\/api.w.org\/{rel}","templated":true}]}}