{"id":15922,"date":"2025-03-22T15:52:14","date_gmt":"2025-03-22T14:52:14","guid":{"rendered":"https:\/\/voyage-aventure.com\/blog\/?p=15922"},"modified":"2025-03-22T15:52:14","modified_gmt":"2025-03-22T14:52:14","slug":"decouvrez-le-montenegro-en-2025-un-voyage-inoubliable-au-coeur-des-balkans","status":"publish","type":"post","link":"https:\/\/voyage-aventure.com\/blog\/a-la-une\/decouvrez-le-montenegro-en-2025-un-voyage-inoubliable-au-coeur-des-balkans\/","title":{"rendered":"D\u00e9couvrez le Mont\u00e9n\u00e9gro en 2025 : un voyage inoubliable au c\u0153ur des Balkans"},"content":{"rendered":"<h2>Un pays riche en paysages et en culture<\/h2>\n<p>Le Mont\u00e9n\u00e9gro, souvent surnomm\u00e9 la \u00ab\u00a0Perle des Balkans\u00a0\u00bb, offre un m\u00e9lange fascinant de montagnes majestueuses, de plages dor\u00e9es et de villages pittoresques. Ce petit pays, situ\u00e9 entre la mer Adriatique et les Alpes dinariques, est une destination qui ne laisse personne indiff\u00e9rent. En 2025, partez \u00e0 la d\u00e9couverte de cette terre encore pr\u00e9serv\u00e9e, o\u00f9 la nature et l\u2019histoire se rencontrent.<\/p>\n<p>Ce pays regorge de tr\u00e9sors \u00e0 explorer, que ce soit \u00e0 travers ses parcs nationaux, ses fjords ou ses villes historiques. Les montagnes du Durmitor et la baie de Kotor sont des incontournables qui vous offriront des paysages \u00e0 couper le souffle. Chaque coin de rue, chaque sommet, raconte une histoire, vous plongeant dans l&rsquo;\u00e2me mont\u00e9n\u00e9grine.<\/p>\n<h2>Des activit\u00e9s pour tous les go\u00fbts<\/h2>\n<p>Que vous soyez amateur de sensations fortes ou \u00e0 la recherche de tranquillit\u00e9, le Mont\u00e9n\u00e9gro saura combler toutes vos attentes. Les passionn\u00e9s d&rsquo;aventure pourront s&rsquo;adonner \u00e0 des activit\u00e9s comme le rafting dans les rapides de la Tara, consid\u00e9r\u00e9 comme l\u2019un des plus beaux canyons d\u2019Europe. Pour ceux qui pr\u00e9f\u00e8rent la d\u00e9tente, les plages de Budva et de Sveti Stefan offrent un cadre idyllique pour profiter du soleil.<\/p>\n<p>En mati\u00e8re de gastronomie, le Mont\u00e9n\u00e9gro ne d\u00e9\u00e7oit pas. Les sp\u00e9cialit\u00e9s locales, telles que le njegu\u0161ki pr\u0161ut et les \u0107evapi, r\u00e9galeront vos papilles. Les march\u00e9s locaux vous permettront de d\u00e9couvrir des produits frais et artisanaux, ajoutant une touche authentique \u00e0 votre voyage. <\/p>\n<p><iframe loading=\"lazy\" title=\"D\u00e9couvrez le MONT\u00c9N\u00c9GRO : Le Paradis N4TURlSTE Ultime avec des Femmes \u00c9blouissantes !\" width=\"1200\" height=\"675\" src=\"https:\/\/www.youtube.com\/embed\/Y0oNMbNd62Y?feature=oembed\" frameborder=\"0\" allow=\"accelerometer; autoplay; clipboard-write; encrypted-media; gyroscope; picture-in-picture; web-share\" referrerpolicy=\"strict-origin-when-cross-origin\" allowfullscreen><\/iframe><\/p>\n<h2>Pr\u00e9parer son s\u00e9jour au Mont\u00e9n\u00e9gro<\/h2>\n<p>Pour que votre voyage soit une r\u00e9ussite, une bonne pr\u00e9paration est essentielle. La meilleure p\u00e9riode pour visiter le Mont\u00e9n\u00e9gro s&rsquo;\u00e9tend de mai \u00e0 septembre, lorsque le temps est cl\u00e9ment et que les plages sont accueillantes. Pensez \u00e0 v\u00e9rifier la m\u00e9t\u00e9o en fonction des activit\u00e9s que vous souhaitez r\u00e9aliser, qu&rsquo;il s&rsquo;agisse de randonn\u00e9es ou de baignade.<\/p>\n<p>En termes d&rsquo;h\u00e9bergement, vous aurez l&#8217;embarras du choix : h\u00f4tels tout compris, locations de vacances ou m\u00eame campings. Chaque option a ses avantages et inconv\u00e9nients, mais l&rsquo;important est de choisir celle qui correspond \u00e0 votre style de voyage. N&rsquo;h\u00e9sitez pas \u00e0 consulter des plateformes de r\u00e9servation pour d\u00e9nicher les meilleures offres.<\/p>\n<blockquote><p>\n\u00ab\u00a0Le Mont\u00e9n\u00e9gro est une destination qui combine \u00e0 la fois aventure, culture et d\u00e9tente.\u00a0\u00bb &#8211; Un voyageur passionn\u00e9.\n<\/p><\/blockquote>\n<h2>Activit\u00e9s \u00e0 ne pas manquer<\/h2>\n<p>Lors de votre s\u00e9jour, voici quelques activit\u00e9s incontournables \u00e0 pr\u00e9voir :<\/p>\n<ul>\n<li>Explorez la baie de Kotor et ses paysages \u00e9poustouflants.<\/li>\n<li>Visitez le parc national de Durmitor pour des randonn\u00e9es exceptionnelles.<\/li>\n<li>D\u00e9tendez-vous sur les plages de sable fin de Budva.<\/li>\n<li>Participez \u00e0 des d\u00e9gustations de vin dans les r\u00e9gions viticoles.<\/li>\n<li>Vivez une exp\u00e9rience unique en naviguant sur les eaux cristallines de la mer Adriatique.<\/li>\n<\/ul>\n<p>Le Mont\u00e9n\u00e9gro est une destination qui s\u00e9duira tous les types de voyageurs. Que ce soit pour des vacances en famille, entre amis ou en couple, chaque moment pass\u00e9 dans ce pays sera une d\u00e9couverte. Entre nature sauvage et hospitalit\u00e9 chaleureuse, pr\u00e9parez-vous \u00e0 vivre une aventure m\u00e9morable.<\/p>\n<p>En somme, n&rsquo;oubliez pas de prendre le temps de savourer chaque instant, que ce soit devant un coucher de soleil sur la plage ou en d\u00e9gustant une sp\u00e9cialit\u00e9 locale dans un petit restaurant. Le Mont\u00e9n\u00e9gro vous attend en 2025 pour un voyage que vous n\u2019oublierez jamais.<\/p>\n","protected":false},"excerpt":{"rendered":"","protected":false},"author":34,"featured_media":19643,"comment_status":"open","ping_status":"open","sticky":false,"template":"","format":"standard","meta":{"_acf_changed":false,"manual_indexmenow":false,"indexmenow_id_project":0,"footnotes":""},"categories":[1],"tags":[4538,4527,4530,4535,4528],"class_list":["post-15922","post","type-post","status-publish","format-standard","has-post-thumbnail","hentry","category-a-la-une","tag-activites-variees","tag-decouverte-culturelle","tag-escapade-en-europe","tag-gastronomie-locale","tag-hebergement-abordable","generate-columns","tablet-grid-50","mobile-grid-100","grid-parent","grid-25"],"acf":[],"yoast_head":"<!-- This site is optimized with the Yoast SEO Premium plugin v21.3 (Yoast SEO v25.1) - https:\/\/yoast.com\/wordpress\/plugins\/seo\/ -->\n<title>D\u00e9couvrez le Mont\u00e9n\u00e9gro en 2025 : un voyage inoubliable au<\/title>\n<meta name=\"description\" content=\"Le Mont\u00e9n\u00e9gro, souvent surnomm\u00e9 la &quot;Perle des Balkans&quot;, offre un m\u00e9lange fascinant de montagnes majestueuses, de plages dor\u00e9es et de villages\" \/>\n<meta name=\"robots\" content=\"index, follow, max-snippet:-1, max-image-preview:large, max-video-preview:-1\" \/>\n<link rel=\"canonical\" href=\"https:\/\/voyage-aventure.com\/blog\/a-la-une\/decouvrez-le-montenegro-en-2025-un-voyage-inoubliable-au-coeur-des-balkans\/\" \/>\n<meta property=\"og:locale\" content=\"fr_FR\" \/>\n<meta property=\"og:type\" content=\"article\" \/>\n<meta property=\"og:title\" content=\"D\u00e9couvrez le Mont\u00e9n\u00e9gro en 2025 : un voyage inoubliable au\" \/>\n<meta property=\"og:description\" content=\"Le Mont\u00e9n\u00e9gro, souvent surnomm\u00e9 la &quot;Perle des Balkans&quot;, offre un m\u00e9lange fascinant de montagnes majestueuses, de plages dor\u00e9es et de villages\" \/>\n<meta property=\"og:url\" content=\"https:\/\/voyage-aventure.com\/blog\/a-la-une\/decouvrez-le-montenegro-en-2025-un-voyage-inoubliable-au-coeur-des-balkans\/\" \/>\n<meta property=\"og:site_name\" content=\"voyage-aventure\" \/>\n<meta property=\"og:image\" content=\"https:\/\/voyage-aventure.com\/blog\/wp-content\/uploads\/2025\/05\/sdxl-fd60ecdae1e189b2fc5adcd09b1b49c7-scaled.png\" \/>\n\t<meta property=\"og:image:width\" content=\"1200\" \/>\n\t<meta property=\"og:image:height\" content=\"500\" \/>\n\t<meta property=\"og:image:type\" content=\"image\/png\" \/>\n<meta name=\"author\" content=\"Camille Rouvray\" \/>\n<meta name=\"twitter:card\" content=\"summary_large_image\" \/>\n<script type=\"application\/ld+json\" class=\"yoast-schema-graph\">{\"@context\":\"https:\/\/schema.org\",\"@graph\":[{\"@type\":\"NewsArticle\",\"@id\":\"https:\/\/voyage-aventure.com\/blog\/a-la-une\/decouvrez-le-montenegro-en-2025-un-voyage-inoubliable-au-coeur-des-balkans\/#article\",\"isPartOf\":{\"@id\":\"https:\/\/voyage-aventure.com\/blog\/a-la-une\/decouvrez-le-montenegro-en-2025-un-voyage-inoubliable-au-coeur-des-balkans\/\"},\"author\":{\"name\":\"Camille Rouvray\",\"@id\":\"https:\/\/voyage-aventure.com\/blog\/#\/schema\/person\/3c864cdc320801e3db34b663e7e3f816\"},\"headline\":\"D\u00e9couvrez le Mont\u00e9n\u00e9gro en 2025 : un voyage inoubliable au c\u0153ur des Balkans\",\"datePublished\":\"2025-03-22T14:52:14+00:00\",\"mainEntityOfPage\":{\"@id\":\"https:\/\/voyage-aventure.com\/blog\/a-la-une\/decouvrez-le-montenegro-en-2025-un-voyage-inoubliable-au-coeur-des-balkans\/\"},\"wordCount\":621,\"commentCount\":23,\"publisher\":{\"@id\":\"https:\/\/voyage-aventure.com\/blog\/#organization\"},\"image\":{\"@id\":\"https:\/\/voyage-aventure.com\/blog\/a-la-une\/decouvrez-le-montenegro-en-2025-un-voyage-inoubliable-au-coeur-des-balkans\/#primaryimage\"},\"thumbnailUrl\":\"https:\/\/voyage-aventure.com\/blog\/wp-content\/uploads\/2025\/05\/sdxl-fd60ecdae1e189b2fc5adcd09b1b49c7-scaled.png\",\"keywords\":[\"Activit\u00e9s Vari\u00e9es\",\"D\u00e9couverte Culturelle\",\"Escapade en Europe\",\"Gastronomie Locale\",\"H\u00e9bergement Abordable\"],\"articleSection\":[\"\u00c0 la une\"],\"inLanguage\":\"fr-FR\",\"potentialAction\":[{\"@type\":\"CommentAction\",\"name\":\"Comment\",\"target\":[\"https:\/\/voyage-aventure.com\/blog\/a-la-une\/decouvrez-le-montenegro-en-2025-un-voyage-inoubliable-au-coeur-des-balkans\/#respond\"]}]},{\"@type\":\"WebPage\",\"@id\":\"https:\/\/voyage-aventure.com\/blog\/a-la-une\/decouvrez-le-montenegro-en-2025-un-voyage-inoubliable-au-coeur-des-balkans\/\",\"url\":\"https:\/\/voyage-aventure.com\/blog\/a-la-une\/decouvrez-le-montenegro-en-2025-un-voyage-inoubliable-au-coeur-des-balkans\/\",\"name\":\"D\u00e9couvrez le Mont\u00e9n\u00e9gro en 2025 : un voyage inoubliable au\",\"isPartOf\":{\"@id\":\"https:\/\/voyage-aventure.com\/blog\/#website\"},\"primaryImageOfPage\":{\"@id\":\"https:\/\/voyage-aventure.com\/blog\/a-la-une\/decouvrez-le-montenegro-en-2025-un-voyage-inoubliable-au-coeur-des-balkans\/#primaryimage\"},\"image\":{\"@id\":\"https:\/\/voyage-aventure.com\/blog\/a-la-une\/decouvrez-le-montenegro-en-2025-un-voyage-inoubliable-au-coeur-des-balkans\/#primaryimage\"},\"thumbnailUrl\":\"https:\/\/voyage-aventure.com\/blog\/wp-content\/uploads\/2025\/05\/sdxl-fd60ecdae1e189b2fc5adcd09b1b49c7-scaled.png\",\"datePublished\":\"2025-03-22T14:52:14+00:00\",\"description\":\"Le Mont\u00e9n\u00e9gro, souvent surnomm\u00e9 la \\\"Perle des Balkans\\\", offre un m\u00e9lange fascinant de montagnes majestueuses, de plages dor\u00e9es et de villages\",\"inLanguage\":\"fr-FR\",\"potentialAction\":[{\"@type\":\"ReadAction\",\"target\":[\"https:\/\/voyage-aventure.com\/blog\/a-la-une\/decouvrez-le-montenegro-en-2025-un-voyage-inoubliable-au-coeur-des-balkans\/\"]}]},{\"@type\":\"ImageObject\",\"inLanguage\":\"fr-FR\",\"@id\":\"https:\/\/voyage-aventure.com\/blog\/a-la-une\/decouvrez-le-montenegro-en-2025-un-voyage-inoubliable-au-coeur-des-balkans\/#primaryimage\",\"url\":\"https:\/\/voyage-aventure.com\/blog\/wp-content\/uploads\/2025\/05\/sdxl-fd60ecdae1e189b2fc5adcd09b1b49c7-scaled.png\",\"contentUrl\":\"https:\/\/voyage-aventure.com\/blog\/wp-content\/uploads\/2025\/05\/sdxl-fd60ecdae1e189b2fc5adcd09b1b49c7-scaled.png\",\"width\":1200,\"height\":500},{\"@type\":\"WebSite\",\"@id\":\"https:\/\/voyage-aventure.com\/blog\/#website\",\"url\":\"https:\/\/voyage-aventure.com\/blog\/\",\"name\":\"voyage-aventure.com\",\"description\":\"Votre passeport pour l\u2019inattendu.\",\"publisher\":{\"@id\":\"https:\/\/voyage-aventure.com\/blog\/#organization\"},\"alternateName\":\"Votre passeport pour l\u2019inattendu.\",\"potentialAction\":[{\"@type\":\"SearchAction\",\"target\":{\"@type\":\"EntryPoint\",\"urlTemplate\":\"https:\/\/voyage-aventure.com\/blog\/?s={search_term_string}\"},\"query-input\":{\"@type\":\"PropertyValueSpecification\",\"valueRequired\":true,\"valueName\":\"search_term_string\"}}],\"inLanguage\":\"fr-FR\"},{\"@type\":\"Organization\",\"@id\":\"https:\/\/voyage-aventure.com\/blog\/#organization\",\"name\":\"Foretsensations.fr\",\"url\":\"https:\/\/voyage-aventure.com\/blog\/\",\"logo\":{\"@type\":\"ImageObject\",\"inLanguage\":\"fr-FR\",\"@id\":\"https:\/\/voyage-aventure.com\/blog\/#\/schema\/logo\/image\/\",\"url\":\"https:\/\/voyage-aventure.com\/blog\/wp-content\/uploads\/2024\/12\/19.png\",\"contentUrl\":\"https:\/\/voyage-aventure.com\/blog\/wp-content\/uploads\/2024\/12\/19.png\",\"width\":512,\"height\":512,\"caption\":\"Foretsensations.fr\"},\"image\":{\"@id\":\"https:\/\/voyage-aventure.com\/blog\/#\/schema\/logo\/image\/\"}},{\"@type\":\"Person\",\"@id\":\"https:\/\/voyage-aventure.com\/blog\/#\/schema\/person\/3c864cdc320801e3db34b663e7e3f816\",\"name\":\"Camille Rouvray\",\"image\":{\"@type\":\"ImageObject\",\"inLanguage\":\"fr-FR\",\"@id\":\"https:\/\/voyage-aventure.com\/blog\/#\/schema\/person\/image\/\",\"url\":\"https:\/\/voyage-aventure.com\/blog\/wp-content\/uploads\/2026\/06\/persona_camille-r-96x96.jpg\",\"contentUrl\":\"https:\/\/voyage-aventure.com\/blog\/wp-content\/uploads\/2026\/06\/persona_camille-r-96x96.jpg\",\"caption\":\"Camille Rouvray\"},\"description\":\"Je voyage et j'\u00e9cris sur le voyage depuis une douzaine d'ann\u00e9es, d'abord en tant que routarde au long cours, puis comme r\u00e9dactrice sp\u00e9cialis\u00e9e. Mon terrain de pr\u00e9dilection, ce sont les circuits organis\u00e9s et l'art de bien pr\u00e9parer un itin\u00e9raire : choix de la saison, dur\u00e9e r\u00e9aliste des \u00e9tapes, budget jour par jour, logement et transport sur place. J'aime aussi raconter les p\u00e9pites urbaines, ces adresses qu'on ne trouve pas dans les guides classiques. Avant de publier un dossier destination, je croise toujours plusieurs sources, je v\u00e9rifie les tarifs et les formalit\u00e9s d'entr\u00e9e \u00e0 jour, et je teste moi-m\u00eame quand je le peux. Mon angle reste pratique avant tout : aider le lecteur \u00e0 partir l'esprit tranquille, sans mauvaise surprise une fois sur place. Je m'attache \u00e0 distinguer le coup de c\u0153ur sinc\u00e8re du simple argument marketing.\",\"sameAs\":[\"https:\/\/camillerouvray.fr\/\"],\"url\":\"https:\/\/voyage-aventure.com\/blog\/auteur\/noname\/\"}]}<\/script>\n<!-- \/ Yoast SEO Premium plugin. -->","yoast_head_json":{"title":"D\u00e9couvrez le Mont\u00e9n\u00e9gro en 2025 : un voyage inoubliable au","description":"Le Mont\u00e9n\u00e9gro, souvent surnomm\u00e9 la \"Perle des Balkans\", offre un m\u00e9lange fascinant de montagnes majestueuses, de plages dor\u00e9es et de villages","robots":{"index":"index","follow":"follow","max-snippet":"max-snippet:-1","max-image-preview":"max-image-preview:large","max-video-preview":"max-video-preview:-1"},"canonical":"https:\/\/voyage-aventure.com\/blog\/a-la-une\/decouvrez-le-montenegro-en-2025-un-voyage-inoubliable-au-coeur-des-balkans\/","og_locale":"fr_FR","og_type":"article","og_title":"D\u00e9couvrez le Mont\u00e9n\u00e9gro en 2025 : un voyage inoubliable au","og_description":"Le Mont\u00e9n\u00e9gro, souvent surnomm\u00e9 la \"Perle des Balkans\", offre un m\u00e9lange fascinant de montagnes majestueuses, de plages dor\u00e9es et de villages","og_url":"https:\/\/voyage-aventure.com\/blog\/a-la-une\/decouvrez-le-montenegro-en-2025-un-voyage-inoubliable-au-coeur-des-balkans\/","og_site_name":"voyage-aventure","og_image":[{"width":1200,"height":500,"url":"https:\/\/voyage-aventure.com\/blog\/wp-content\/uploads\/2025\/05\/sdxl-fd60ecdae1e189b2fc5adcd09b1b49c7-scaled.png","type":"image\/png"}],"author":"Camille Rouvray","twitter_card":"summary_large_image","schema":{"@context":"https:\/\/schema.org","@graph":[{"@type":"NewsArticle","@id":"https:\/\/voyage-aventure.com\/blog\/a-la-une\/decouvrez-le-montenegro-en-2025-un-voyage-inoubliable-au-coeur-des-balkans\/#article","isPartOf":{"@id":"https:\/\/voyage-aventure.com\/blog\/a-la-une\/decouvrez-le-montenegro-en-2025-un-voyage-inoubliable-au-coeur-des-balkans\/"},"author":{"name":"Camille Rouvray","@id":"https:\/\/voyage-aventure.com\/blog\/#\/schema\/person\/3c864cdc320801e3db34b663e7e3f816"},"headline":"D\u00e9couvrez le Mont\u00e9n\u00e9gro en 2025 : un voyage inoubliable au c\u0153ur des Balkans","datePublished":"2025-03-22T14:52:14+00:00","mainEntityOfPage":{"@id":"https:\/\/voyage-aventure.com\/blog\/a-la-une\/decouvrez-le-montenegro-en-2025-un-voyage-inoubliable-au-coeur-des-balkans\/"},"wordCount":621,"commentCount":23,"publisher":{"@id":"https:\/\/voyage-aventure.com\/blog\/#organization"},"image":{"@id":"https:\/\/voyage-aventure.com\/blog\/a-la-une\/decouvrez-le-montenegro-en-2025-un-voyage-inoubliable-au-coeur-des-balkans\/#primaryimage"},"thumbnailUrl":"https:\/\/voyage-aventure.com\/blog\/wp-content\/uploads\/2025\/05\/sdxl-fd60ecdae1e189b2fc5adcd09b1b49c7-scaled.png","keywords":["Activit\u00e9s Vari\u00e9es","D\u00e9couverte Culturelle","Escapade en Europe","Gastronomie Locale","H\u00e9bergement Abordable"],"articleSection":["\u00c0 la une"],"inLanguage":"fr-FR","potentialAction":[{"@type":"CommentAction","name":"Comment","target":["https:\/\/voyage-aventure.com\/blog\/a-la-une\/decouvrez-le-montenegro-en-2025-un-voyage-inoubliable-au-coeur-des-balkans\/#respond"]}]},{"@type":"WebPage","@id":"https:\/\/voyage-aventure.com\/blog\/a-la-une\/decouvrez-le-montenegro-en-2025-un-voyage-inoubliable-au-coeur-des-balkans\/","url":"https:\/\/voyage-aventure.com\/blog\/a-la-une\/decouvrez-le-montenegro-en-2025-un-voyage-inoubliable-au-coeur-des-balkans\/","name":"D\u00e9couvrez le Mont\u00e9n\u00e9gro en 2025 : un voyage inoubliable au","isPartOf":{"@id":"https:\/\/voyage-aventure.com\/blog\/#website"},"primaryImageOfPage":{"@id":"https:\/\/voyage-aventure.com\/blog\/a-la-une\/decouvrez-le-montenegro-en-2025-un-voyage-inoubliable-au-coeur-des-balkans\/#primaryimage"},"image":{"@id":"https:\/\/voyage-aventure.com\/blog\/a-la-une\/decouvrez-le-montenegro-en-2025-un-voyage-inoubliable-au-coeur-des-balkans\/#primaryimage"},"thumbnailUrl":"https:\/\/voyage-aventure.com\/blog\/wp-content\/uploads\/2025\/05\/sdxl-fd60ecdae1e189b2fc5adcd09b1b49c7-scaled.png","datePublished":"2025-03-22T14:52:14+00:00","description":"Le Mont\u00e9n\u00e9gro, souvent surnomm\u00e9 la \"Perle des Balkans\", offre un m\u00e9lange fascinant de montagnes majestueuses, de plages dor\u00e9es et de villages","inLanguage":"fr-FR","potentialAction":[{"@type":"ReadAction","target":["https:\/\/voyage-aventure.com\/blog\/a-la-une\/decouvrez-le-montenegro-en-2025-un-voyage-inoubliable-au-coeur-des-balkans\/"]}]},{"@type":"ImageObject","inLanguage":"fr-FR","@id":"https:\/\/voyage-aventure.com\/blog\/a-la-une\/decouvrez-le-montenegro-en-2025-un-voyage-inoubliable-au-coeur-des-balkans\/#primaryimage","url":"https:\/\/voyage-aventure.com\/blog\/wp-content\/uploads\/2025\/05\/sdxl-fd60ecdae1e189b2fc5adcd09b1b49c7-scaled.png","contentUrl":"https:\/\/voyage-aventure.com\/blog\/wp-content\/uploads\/2025\/05\/sdxl-fd60ecdae1e189b2fc5adcd09b1b49c7-scaled.png","width":1200,"height":500},{"@type":"WebSite","@id":"https:\/\/voyage-aventure.com\/blog\/#website","url":"https:\/\/voyage-aventure.com\/blog\/","name":"voyage-aventure.com","description":"Votre passeport pour l\u2019inattendu.","publisher":{"@id":"https:\/\/voyage-aventure.com\/blog\/#organization"},"alternateName":"Votre passeport pour l\u2019inattendu.","potentialAction":[{"@type":"SearchAction","target":{"@type":"EntryPoint","urlTemplate":"https:\/\/voyage-aventure.com\/blog\/?s={search_term_string}"},"query-input":{"@type":"PropertyValueSpecification","valueRequired":true,"valueName":"search_term_string"}}],"inLanguage":"fr-FR"},{"@type":"Organization","@id":"https:\/\/voyage-aventure.com\/blog\/#organization","name":"Foretsensations.fr","url":"https:\/\/voyage-aventure.com\/blog\/","logo":{"@type":"ImageObject","inLanguage":"fr-FR","@id":"https:\/\/voyage-aventure.com\/blog\/#\/schema\/logo\/image\/","url":"https:\/\/voyage-aventure.com\/blog\/wp-content\/uploads\/2024\/12\/19.png","contentUrl":"https:\/\/voyage-aventure.com\/blog\/wp-content\/uploads\/2024\/12\/19.png","width":512,"height":512,"caption":"Foretsensations.fr"},"image":{"@id":"https:\/\/voyage-aventure.com\/blog\/#\/schema\/logo\/image\/"}},{"@type":"Person","@id":"https:\/\/voyage-aventure.com\/blog\/#\/schema\/person\/3c864cdc320801e3db34b663e7e3f816","name":"Camille Rouvray","image":{"@type":"ImageObject","inLanguage":"fr-FR","@id":"https:\/\/voyage-aventure.com\/blog\/#\/schema\/person\/image\/","url":"https:\/\/voyage-aventure.com\/blog\/wp-content\/uploads\/2026\/06\/persona_camille-r-96x96.jpg","contentUrl":"https:\/\/voyage-aventure.com\/blog\/wp-content\/uploads\/2026\/06\/persona_camille-r-96x96.jpg","caption":"Camille Rouvray"},"description":"Je voyage et j'\u00e9cris sur le voyage depuis une douzaine d'ann\u00e9es, d'abord en tant que routarde au long cours, puis comme r\u00e9dactrice sp\u00e9cialis\u00e9e. Mon terrain de pr\u00e9dilection, ce sont les circuits organis\u00e9s et l'art de bien pr\u00e9parer un itin\u00e9raire : choix de la saison, dur\u00e9e r\u00e9aliste des \u00e9tapes, budget jour par jour, logement et transport sur place. J'aime aussi raconter les p\u00e9pites urbaines, ces adresses qu'on ne trouve pas dans les guides classiques. Avant de publier un dossier destination, je croise toujours plusieurs sources, je v\u00e9rifie les tarifs et les formalit\u00e9s d'entr\u00e9e \u00e0 jour, et je teste moi-m\u00eame quand je le peux. Mon angle reste pratique avant tout : aider le lecteur \u00e0 partir l'esprit tranquille, sans mauvaise surprise une fois sur place. Je m'attache \u00e0 distinguer le coup de c\u0153ur sinc\u00e8re du simple argument marketing.","sameAs":["https:\/\/camillerouvray.fr\/"],"url":"https:\/\/voyage-aventure.com\/blog\/auteur\/noname\/"}]}},"_links":{"self":[{"href":"https:\/\/voyage-aventure.com\/blog\/wp-json\/wp\/v2\/posts\/15922","targetHints":{"allow":["GET"]}}],"collection":[{"href":"https:\/\/voyage-aventure.com\/blog\/wp-json\/wp\/v2\/posts"}],"about":[{"href":"https:\/\/voyage-aventure.com\/blog\/wp-json\/wp\/v2\/types\/post"}],"author":[{"embeddable":true,"href":"https:\/\/voyage-aventure.com\/blog\/wp-json\/wp\/v2\/users\/34"}],"replies":[{"embeddable":true,"href":"https:\/\/voyage-aventure.com\/blog\/wp-json\/wp\/v2\/comments?post=15922"}],"version-history":[{"count":1,"href":"https:\/\/voyage-aventure.com\/blog\/wp-json\/wp\/v2\/posts\/15922\/revisions"}],"predecessor-version":[{"id":16048,"href":"https:\/\/voyage-aventure.com\/blog\/wp-json\/wp\/v2\/posts\/15922\/revisions\/16048"}],"wp:featuredmedia":[{"embeddable":true,"href":"https:\/\/voyage-aventure.com\/blog\/wp-json\/wp\/v2\/media\/19643"}],"wp:attachment":[{"href":"https:\/\/voyage-aventure.com\/blog\/wp-json\/wp\/v2\/media?parent=15922"}],"wp:term":[{"taxonomy":"category","embeddable":true,"href":"https:\/\/voyage-aventure.com\/blog\/wp-json\/wp\/v2\/categories?post=15922"},{"taxonomy":"post_tag","embeddable":true,"href":"https:\/\/voyage-aventure.com\/blog\/wp-json\/wp\/v2\/tags?post=15922"}],"curies":[{"name":"wp","href":"https:\/\/api.w.org\/{rel}","templated":true}]}}