{"id":15890,"date":"2025-03-21T17:52:26","date_gmt":"2025-03-21T16:52:26","guid":{"rendered":"https:\/\/voyage-aventure.com\/blog\/?p=15890"},"modified":"2025-03-21T13:02:28","modified_gmt":"2025-03-21T12:02:28","slug":"les-vacances-dete-menacees-impact-des-incertitudes-sur-vos-projets-de-voyage","status":"publish","type":"post","link":"https:\/\/voyage-aventure.com\/blog\/a-la-une\/les-vacances-dete-menacees-impact-des-incertitudes-sur-vos-projets-de-voyage\/","title":{"rendered":"Les vacances d&rsquo;\u00e9t\u00e9 menac\u00e9es : impact des incertitudes sur vos projets de voyage"},"content":{"rendered":"<h2>Des choix difficiles pour les vacanciers<\/h2>\n<p>De nombreux vacanciers commencent \u00e0 reconsid\u00e9rer leurs projets en raison d&rsquo;une atmosph\u00e8re d&rsquo;incertitude qui plane sur les destinations populaires. Les entreprises locales qui d\u00e9pendent de l&rsquo;afflux touristique se trouvent \u00e9galement dans une situation pr\u00e9caire.<\/p>\n<p>Les responsables de nombreux \u00e9tablissements h\u00f4teliers rapportent une diminution significative du nombre de r\u00e9servations. Par exemple, Lee Zimmerman, co-propri\u00e9taire de plusieurs complexes pr\u00e8s de Yosemite, a not\u00e9 une chute de milliers de chambres r\u00e9serv\u00e9es, un ph\u00e9nom\u00e8ne in\u00e9dit pour cette p\u00e9riode de l&rsquo;ann\u00e9e.<\/p>\n<h2>L&rsquo;impact des coupes budg\u00e9taires sur les parcs nationaux<\/h2>\n<p>Les coupes budg\u00e9taires op\u00e9r\u00e9es par le gouvernement f\u00e9d\u00e9ral ont des cons\u00e9quences directes sur les services offerts dans les parcs nationaux. Les r\u00e9ductions d&rsquo;effectifs et les fermetures de sentiers pourraient transformer l&rsquo;exp\u00e9rience des visiteurs cet \u00e9t\u00e9. Les groupes de d\u00e9fense des parcs alertent sur les risques potentiels pour la s\u00e9curit\u00e9 des visiteurs, notamment en ce qui concerne l&rsquo;entretien des infrastructures.<\/p>\n<p>Dans le parc national de Yosemite, des responsables ont signal\u00e9 que les incertitudes entourant les op\u00e9rations du parc ont d\u00e9j\u00e0 conduit certains touristes \u00e0 annuler leurs r\u00e9servations. Les conditions d&rsquo;acc\u00e8s aux parcs restent floues, compliquant ainsi les d\u00e9cisions de voyage pour de nombreux vacanciers.<\/p>\n<p><iframe loading=\"lazy\" title=\"Tr\u00e9sor de la jungle -  \u00c9pisodes 1 - 6\" width=\"1200\" height=\"675\" src=\"https:\/\/www.youtube.com\/embed\/V2MgD6MSGQQ?feature=oembed\" frameborder=\"0\" allow=\"accelerometer; autoplay; clipboard-write; encrypted-media; gyroscope; picture-in-picture; web-share\" referrerpolicy=\"strict-origin-when-cross-origin\" allowfullscreen><\/iframe><\/p>\n<h2>Une opportunit\u00e9 \u00e0 saisir pour les aventuriers prudents<\/h2>\n<p>Malgr\u00e9 les incertitudes, certains experts estiment que c&rsquo;est peut-\u00eatre le bon moment pour explorer des destinations souvent surcharg\u00e9es. Jonathan Farrington, directeur du bureau du tourisme de Yosemite, a d\u00e9clar\u00e9 que l&rsquo;exp\u00e9rience des visiteurs ne devrait pas \u00eatre significativement affect\u00e9e par les changements gouvernementaux. En effet, les parcs pourraient offrir une atmosph\u00e8re moins encombr\u00e9e, propice \u00e0 une exploration plus tranquille.<\/p>\n<p>Cependant, les visiteurs doivent rester vigilants face aux possibles restrictions d&rsquo;acc\u00e8s et aux fermetures de services. Les avis des experts soulignent l&rsquo;importance de bien se pr\u00e9parer avant de planifier une visite, afin d&rsquo;\u00e9viter les d\u00e9sagr\u00e9ments li\u00e9s \u00e0 une mauvaise gestion des r\u00e9servations.<\/p>\n<blockquote><p>\n\u00ab\u00a0Les incertitudes rendent difficile pour les visiteurs de discerner la r\u00e9alit\u00e9 et de s&rsquo;engager dans leurs projets de vacances.\u00a0\u00bb &#8211; Jonathan Farrington\n<\/p><\/blockquote>\n<ul>\n<li>R\u00e9servations en baisse pr\u00e8s des parcs nationaux<\/li>\n<li>Incertitudes quant \u00e0 l&rsquo;acc\u00e8s et aux services offerts<\/li>\n<li>Opportunit\u00e9s d&rsquo;explorer des destinations moins fr\u00e9quent\u00e9es<\/li>\n<\/ul>\n<p>En somme, la situation actuelle pr\u00e9sente des d\u00e9fis tout en offrant des opportunit\u00e9s. Les vacanciers doivent naviguer dans un paysage incertain, mais ceux qui prennent le temps de s&rsquo;informer et de planifier soigneusement leurs voyages pourraient bien d\u00e9couvrir des tr\u00e9sors cach\u00e9s dans des parcs moins fr\u00e9quent\u00e9s. Les entreprises locales, quant \u00e0 elles, esp\u00e8rent une reprise rapide, mais elles doivent \u00e9galement s&rsquo;adapter \u00e0 cette nouvelle r\u00e9alit\u00e9.<\/p>\n","protected":false},"excerpt":{"rendered":"","protected":false},"author":34,"featured_media":18362,"comment_status":"open","ping_status":"open","sticky":false,"template":"","format":"standard","meta":{"_acf_changed":false,"manual_indexmenow":false,"indexmenow_id_project":0,"footnotes":""},"categories":[1],"tags":[4538,4530,4713,3170,4526],"class_list":["post-15890","post","type-post","status-publish","format-standard","has-post-thumbnail","hentry","category-a-la-une","tag-activites-variees","tag-escapade-en-europe","tag-preparation","tag-securite","tag-voyage-economique","generate-columns","tablet-grid-50","mobile-grid-100","grid-parent","grid-25"],"acf":[],"yoast_head":"<!-- This site is optimized with the Yoast SEO Premium plugin v21.3 (Yoast SEO v25.1) - https:\/\/yoast.com\/wordpress\/plugins\/seo\/ -->\n<title>Les vacances d&#039;\u00e9t\u00e9 menac\u00e9es : impact des incertitudes sur<\/title>\n<meta name=\"description\" content=\"De nombreux vacanciers commencent \u00e0 reconsid\u00e9rer leurs projets en raison d&#039;une atmosph\u00e8re d&#039;incertitude qui plane sur les destinations populaires. Les\" \/>\n<meta name=\"robots\" content=\"index, follow, max-snippet:-1, max-image-preview:large, max-video-preview:-1\" \/>\n<link rel=\"canonical\" href=\"https:\/\/voyage-aventure.com\/blog\/a-la-une\/les-vacances-dete-menacees-impact-des-incertitudes-sur-vos-projets-de-voyage\/\" \/>\n<meta property=\"og:locale\" content=\"fr_FR\" \/>\n<meta property=\"og:type\" content=\"article\" \/>\n<meta property=\"og:title\" content=\"Les vacances d&#039;\u00e9t\u00e9 menac\u00e9es : impact des incertitudes sur\" \/>\n<meta property=\"og:description\" content=\"De nombreux vacanciers commencent \u00e0 reconsid\u00e9rer leurs projets en raison d&#039;une atmosph\u00e8re d&#039;incertitude qui plane sur les destinations populaires. Les\" \/>\n<meta property=\"og:url\" content=\"https:\/\/voyage-aventure.com\/blog\/a-la-une\/les-vacances-dete-menacees-impact-des-incertitudes-sur-vos-projets-de-voyage\/\" \/>\n<meta property=\"og:site_name\" content=\"voyage-aventure\" \/>\n<meta property=\"og:image\" content=\"https:\/\/voyage-aventure.com\/blog\/wp-content\/uploads\/2025\/04\/sdxl-bfeb51567f8913f29e5b4d041b423eb8.png\" \/>\n\t<meta property=\"og:image:width\" content=\"1200\" \/>\n\t<meta property=\"og:image:height\" content=\"500\" \/>\n\t<meta property=\"og:image:type\" content=\"image\/png\" \/>\n<meta name=\"author\" content=\"Camille Rouvray\" \/>\n<meta name=\"twitter:card\" content=\"summary_large_image\" \/>\n<script type=\"application\/ld+json\" class=\"yoast-schema-graph\">{\"@context\":\"https:\/\/schema.org\",\"@graph\":[{\"@type\":\"NewsArticle\",\"@id\":\"https:\/\/voyage-aventure.com\/blog\/a-la-une\/les-vacances-dete-menacees-impact-des-incertitudes-sur-vos-projets-de-voyage\/#article\",\"isPartOf\":{\"@id\":\"https:\/\/voyage-aventure.com\/blog\/a-la-une\/les-vacances-dete-menacees-impact-des-incertitudes-sur-vos-projets-de-voyage\/\"},\"author\":{\"name\":\"Camille Rouvray\",\"@id\":\"https:\/\/voyage-aventure.com\/blog\/#\/schema\/person\/3c864cdc320801e3db34b663e7e3f816\"},\"headline\":\"Les vacances d&rsquo;\u00e9t\u00e9 menac\u00e9es : impact des incertitudes sur vos projets de voyage\",\"datePublished\":\"2025-03-21T16:52:26+00:00\",\"mainEntityOfPage\":{\"@id\":\"https:\/\/voyage-aventure.com\/blog\/a-la-une\/les-vacances-dete-menacees-impact-des-incertitudes-sur-vos-projets-de-voyage\/\"},\"wordCount\":502,\"commentCount\":19,\"publisher\":{\"@id\":\"https:\/\/voyage-aventure.com\/blog\/#organization\"},\"image\":{\"@id\":\"https:\/\/voyage-aventure.com\/blog\/a-la-une\/les-vacances-dete-menacees-impact-des-incertitudes-sur-vos-projets-de-voyage\/#primaryimage\"},\"thumbnailUrl\":\"https:\/\/voyage-aventure.com\/blog\/wp-content\/uploads\/2025\/04\/sdxl-bfeb51567f8913f29e5b4d041b423eb8.png\",\"keywords\":[\"Activit\u00e9s Vari\u00e9es\",\"Escapade en Europe\",\"Pr\u00e9paration\",\"S\u00e9curit\u00e9\",\"Voyage \u00c9conomique\"],\"articleSection\":[\"\u00c0 la une\"],\"inLanguage\":\"fr-FR\",\"potentialAction\":[{\"@type\":\"CommentAction\",\"name\":\"Comment\",\"target\":[\"https:\/\/voyage-aventure.com\/blog\/a-la-une\/les-vacances-dete-menacees-impact-des-incertitudes-sur-vos-projets-de-voyage\/#respond\"]}]},{\"@type\":\"WebPage\",\"@id\":\"https:\/\/voyage-aventure.com\/blog\/a-la-une\/les-vacances-dete-menacees-impact-des-incertitudes-sur-vos-projets-de-voyage\/\",\"url\":\"https:\/\/voyage-aventure.com\/blog\/a-la-une\/les-vacances-dete-menacees-impact-des-incertitudes-sur-vos-projets-de-voyage\/\",\"name\":\"Les vacances d'\u00e9t\u00e9 menac\u00e9es : impact des incertitudes sur\",\"isPartOf\":{\"@id\":\"https:\/\/voyage-aventure.com\/blog\/#website\"},\"primaryImageOfPage\":{\"@id\":\"https:\/\/voyage-aventure.com\/blog\/a-la-une\/les-vacances-dete-menacees-impact-des-incertitudes-sur-vos-projets-de-voyage\/#primaryimage\"},\"image\":{\"@id\":\"https:\/\/voyage-aventure.com\/blog\/a-la-une\/les-vacances-dete-menacees-impact-des-incertitudes-sur-vos-projets-de-voyage\/#primaryimage\"},\"thumbnailUrl\":\"https:\/\/voyage-aventure.com\/blog\/wp-content\/uploads\/2025\/04\/sdxl-bfeb51567f8913f29e5b4d041b423eb8.png\",\"datePublished\":\"2025-03-21T16:52:26+00:00\",\"description\":\"De nombreux vacanciers commencent \u00e0 reconsid\u00e9rer leurs projets en raison d'une atmosph\u00e8re d'incertitude qui plane sur les destinations populaires. Les\",\"inLanguage\":\"fr-FR\",\"potentialAction\":[{\"@type\":\"ReadAction\",\"target\":[\"https:\/\/voyage-aventure.com\/blog\/a-la-une\/les-vacances-dete-menacees-impact-des-incertitudes-sur-vos-projets-de-voyage\/\"]}]},{\"@type\":\"ImageObject\",\"inLanguage\":\"fr-FR\",\"@id\":\"https:\/\/voyage-aventure.com\/blog\/a-la-une\/les-vacances-dete-menacees-impact-des-incertitudes-sur-vos-projets-de-voyage\/#primaryimage\",\"url\":\"https:\/\/voyage-aventure.com\/blog\/wp-content\/uploads\/2025\/04\/sdxl-bfeb51567f8913f29e5b4d041b423eb8.png\",\"contentUrl\":\"https:\/\/voyage-aventure.com\/blog\/wp-content\/uploads\/2025\/04\/sdxl-bfeb51567f8913f29e5b4d041b423eb8.png\",\"width\":1536,\"height\":640},{\"@type\":\"WebSite\",\"@id\":\"https:\/\/voyage-aventure.com\/blog\/#website\",\"url\":\"https:\/\/voyage-aventure.com\/blog\/\",\"name\":\"voyage-aventure.com\",\"description\":\"Votre passeport pour l\u2019inattendu.\",\"publisher\":{\"@id\":\"https:\/\/voyage-aventure.com\/blog\/#organization\"},\"alternateName\":\"Votre passeport pour l\u2019inattendu.\",\"potentialAction\":[{\"@type\":\"SearchAction\",\"target\":{\"@type\":\"EntryPoint\",\"urlTemplate\":\"https:\/\/voyage-aventure.com\/blog\/?s={search_term_string}\"},\"query-input\":{\"@type\":\"PropertyValueSpecification\",\"valueRequired\":true,\"valueName\":\"search_term_string\"}}],\"inLanguage\":\"fr-FR\"},{\"@type\":\"Organization\",\"@id\":\"https:\/\/voyage-aventure.com\/blog\/#organization\",\"name\":\"Foretsensations.fr\",\"url\":\"https:\/\/voyage-aventure.com\/blog\/\",\"logo\":{\"@type\":\"ImageObject\",\"inLanguage\":\"fr-FR\",\"@id\":\"https:\/\/voyage-aventure.com\/blog\/#\/schema\/logo\/image\/\",\"url\":\"https:\/\/voyage-aventure.com\/blog\/wp-content\/uploads\/2024\/12\/19.png\",\"contentUrl\":\"https:\/\/voyage-aventure.com\/blog\/wp-content\/uploads\/2024\/12\/19.png\",\"width\":512,\"height\":512,\"caption\":\"Foretsensations.fr\"},\"image\":{\"@id\":\"https:\/\/voyage-aventure.com\/blog\/#\/schema\/logo\/image\/\"}},{\"@type\":\"Person\",\"@id\":\"https:\/\/voyage-aventure.com\/blog\/#\/schema\/person\/3c864cdc320801e3db34b663e7e3f816\",\"name\":\"Camille Rouvray\",\"image\":{\"@type\":\"ImageObject\",\"inLanguage\":\"fr-FR\",\"@id\":\"https:\/\/voyage-aventure.com\/blog\/#\/schema\/person\/image\/\",\"url\":\"https:\/\/voyage-aventure.com\/blog\/wp-content\/uploads\/2026\/06\/persona_camille-r-96x96.jpg\",\"contentUrl\":\"https:\/\/voyage-aventure.com\/blog\/wp-content\/uploads\/2026\/06\/persona_camille-r-96x96.jpg\",\"caption\":\"Camille Rouvray\"},\"description\":\"Je voyage et j'\u00e9cris sur le voyage depuis une douzaine d'ann\u00e9es, d'abord en tant que routarde au long cours, puis comme r\u00e9dactrice sp\u00e9cialis\u00e9e. Mon terrain de pr\u00e9dilection, ce sont les circuits organis\u00e9s et l'art de bien pr\u00e9parer un itin\u00e9raire : choix de la saison, dur\u00e9e r\u00e9aliste des \u00e9tapes, budget jour par jour, logement et transport sur place. J'aime aussi raconter les p\u00e9pites urbaines, ces adresses qu'on ne trouve pas dans les guides classiques. Avant de publier un dossier destination, je croise toujours plusieurs sources, je v\u00e9rifie les tarifs et les formalit\u00e9s d'entr\u00e9e \u00e0 jour, et je teste moi-m\u00eame quand je le peux. Mon angle reste pratique avant tout : aider le lecteur \u00e0 partir l'esprit tranquille, sans mauvaise surprise une fois sur place. Je m'attache \u00e0 distinguer le coup de c\u0153ur sinc\u00e8re du simple argument marketing.\",\"sameAs\":[\"https:\/\/camillerouvray.fr\/\"],\"url\":\"https:\/\/voyage-aventure.com\/blog\/auteur\/noname\/\"}]}<\/script>\n<!-- \/ Yoast SEO Premium plugin. -->","yoast_head_json":{"title":"Les vacances d'\u00e9t\u00e9 menac\u00e9es : impact des incertitudes sur","description":"De nombreux vacanciers commencent \u00e0 reconsid\u00e9rer leurs projets en raison d'une atmosph\u00e8re d'incertitude qui plane sur les destinations populaires. Les","robots":{"index":"index","follow":"follow","max-snippet":"max-snippet:-1","max-image-preview":"max-image-preview:large","max-video-preview":"max-video-preview:-1"},"canonical":"https:\/\/voyage-aventure.com\/blog\/a-la-une\/les-vacances-dete-menacees-impact-des-incertitudes-sur-vos-projets-de-voyage\/","og_locale":"fr_FR","og_type":"article","og_title":"Les vacances d'\u00e9t\u00e9 menac\u00e9es : impact des incertitudes sur","og_description":"De nombreux vacanciers commencent \u00e0 reconsid\u00e9rer leurs projets en raison d'une atmosph\u00e8re d'incertitude qui plane sur les destinations populaires. Les","og_url":"https:\/\/voyage-aventure.com\/blog\/a-la-une\/les-vacances-dete-menacees-impact-des-incertitudes-sur-vos-projets-de-voyage\/","og_site_name":"voyage-aventure","og_image":[{"url":"https:\/\/voyage-aventure.com\/blog\/wp-content\/uploads\/2025\/04\/sdxl-bfeb51567f8913f29e5b4d041b423eb8.png","width":1200,"height":500,"type":"image\/png"}],"author":"Camille Rouvray","twitter_card":"summary_large_image","schema":{"@context":"https:\/\/schema.org","@graph":[{"@type":"NewsArticle","@id":"https:\/\/voyage-aventure.com\/blog\/a-la-une\/les-vacances-dete-menacees-impact-des-incertitudes-sur-vos-projets-de-voyage\/#article","isPartOf":{"@id":"https:\/\/voyage-aventure.com\/blog\/a-la-une\/les-vacances-dete-menacees-impact-des-incertitudes-sur-vos-projets-de-voyage\/"},"author":{"name":"Camille Rouvray","@id":"https:\/\/voyage-aventure.com\/blog\/#\/schema\/person\/3c864cdc320801e3db34b663e7e3f816"},"headline":"Les vacances d&rsquo;\u00e9t\u00e9 menac\u00e9es : impact des incertitudes sur vos projets de voyage","datePublished":"2025-03-21T16:52:26+00:00","mainEntityOfPage":{"@id":"https:\/\/voyage-aventure.com\/blog\/a-la-une\/les-vacances-dete-menacees-impact-des-incertitudes-sur-vos-projets-de-voyage\/"},"wordCount":502,"commentCount":19,"publisher":{"@id":"https:\/\/voyage-aventure.com\/blog\/#organization"},"image":{"@id":"https:\/\/voyage-aventure.com\/blog\/a-la-une\/les-vacances-dete-menacees-impact-des-incertitudes-sur-vos-projets-de-voyage\/#primaryimage"},"thumbnailUrl":"https:\/\/voyage-aventure.com\/blog\/wp-content\/uploads\/2025\/04\/sdxl-bfeb51567f8913f29e5b4d041b423eb8.png","keywords":["Activit\u00e9s Vari\u00e9es","Escapade en Europe","Pr\u00e9paration","S\u00e9curit\u00e9","Voyage \u00c9conomique"],"articleSection":["\u00c0 la une"],"inLanguage":"fr-FR","potentialAction":[{"@type":"CommentAction","name":"Comment","target":["https:\/\/voyage-aventure.com\/blog\/a-la-une\/les-vacances-dete-menacees-impact-des-incertitudes-sur-vos-projets-de-voyage\/#respond"]}]},{"@type":"WebPage","@id":"https:\/\/voyage-aventure.com\/blog\/a-la-une\/les-vacances-dete-menacees-impact-des-incertitudes-sur-vos-projets-de-voyage\/","url":"https:\/\/voyage-aventure.com\/blog\/a-la-une\/les-vacances-dete-menacees-impact-des-incertitudes-sur-vos-projets-de-voyage\/","name":"Les vacances d'\u00e9t\u00e9 menac\u00e9es : impact des incertitudes sur","isPartOf":{"@id":"https:\/\/voyage-aventure.com\/blog\/#website"},"primaryImageOfPage":{"@id":"https:\/\/voyage-aventure.com\/blog\/a-la-une\/les-vacances-dete-menacees-impact-des-incertitudes-sur-vos-projets-de-voyage\/#primaryimage"},"image":{"@id":"https:\/\/voyage-aventure.com\/blog\/a-la-une\/les-vacances-dete-menacees-impact-des-incertitudes-sur-vos-projets-de-voyage\/#primaryimage"},"thumbnailUrl":"https:\/\/voyage-aventure.com\/blog\/wp-content\/uploads\/2025\/04\/sdxl-bfeb51567f8913f29e5b4d041b423eb8.png","datePublished":"2025-03-21T16:52:26+00:00","description":"De nombreux vacanciers commencent \u00e0 reconsid\u00e9rer leurs projets en raison d'une atmosph\u00e8re d'incertitude qui plane sur les destinations populaires. Les","inLanguage":"fr-FR","potentialAction":[{"@type":"ReadAction","target":["https:\/\/voyage-aventure.com\/blog\/a-la-une\/les-vacances-dete-menacees-impact-des-incertitudes-sur-vos-projets-de-voyage\/"]}]},{"@type":"ImageObject","inLanguage":"fr-FR","@id":"https:\/\/voyage-aventure.com\/blog\/a-la-une\/les-vacances-dete-menacees-impact-des-incertitudes-sur-vos-projets-de-voyage\/#primaryimage","url":"https:\/\/voyage-aventure.com\/blog\/wp-content\/uploads\/2025\/04\/sdxl-bfeb51567f8913f29e5b4d041b423eb8.png","contentUrl":"https:\/\/voyage-aventure.com\/blog\/wp-content\/uploads\/2025\/04\/sdxl-bfeb51567f8913f29e5b4d041b423eb8.png","width":1536,"height":640},{"@type":"WebSite","@id":"https:\/\/voyage-aventure.com\/blog\/#website","url":"https:\/\/voyage-aventure.com\/blog\/","name":"voyage-aventure.com","description":"Votre passeport pour l\u2019inattendu.","publisher":{"@id":"https:\/\/voyage-aventure.com\/blog\/#organization"},"alternateName":"Votre passeport pour l\u2019inattendu.","potentialAction":[{"@type":"SearchAction","target":{"@type":"EntryPoint","urlTemplate":"https:\/\/voyage-aventure.com\/blog\/?s={search_term_string}"},"query-input":{"@type":"PropertyValueSpecification","valueRequired":true,"valueName":"search_term_string"}}],"inLanguage":"fr-FR"},{"@type":"Organization","@id":"https:\/\/voyage-aventure.com\/blog\/#organization","name":"Foretsensations.fr","url":"https:\/\/voyage-aventure.com\/blog\/","logo":{"@type":"ImageObject","inLanguage":"fr-FR","@id":"https:\/\/voyage-aventure.com\/blog\/#\/schema\/logo\/image\/","url":"https:\/\/voyage-aventure.com\/blog\/wp-content\/uploads\/2024\/12\/19.png","contentUrl":"https:\/\/voyage-aventure.com\/blog\/wp-content\/uploads\/2024\/12\/19.png","width":512,"height":512,"caption":"Foretsensations.fr"},"image":{"@id":"https:\/\/voyage-aventure.com\/blog\/#\/schema\/logo\/image\/"}},{"@type":"Person","@id":"https:\/\/voyage-aventure.com\/blog\/#\/schema\/person\/3c864cdc320801e3db34b663e7e3f816","name":"Camille Rouvray","image":{"@type":"ImageObject","inLanguage":"fr-FR","@id":"https:\/\/voyage-aventure.com\/blog\/#\/schema\/person\/image\/","url":"https:\/\/voyage-aventure.com\/blog\/wp-content\/uploads\/2026\/06\/persona_camille-r-96x96.jpg","contentUrl":"https:\/\/voyage-aventure.com\/blog\/wp-content\/uploads\/2026\/06\/persona_camille-r-96x96.jpg","caption":"Camille Rouvray"},"description":"Je voyage et j'\u00e9cris sur le voyage depuis une douzaine d'ann\u00e9es, d'abord en tant que routarde au long cours, puis comme r\u00e9dactrice sp\u00e9cialis\u00e9e. Mon terrain de pr\u00e9dilection, ce sont les circuits organis\u00e9s et l'art de bien pr\u00e9parer un itin\u00e9raire : choix de la saison, dur\u00e9e r\u00e9aliste des \u00e9tapes, budget jour par jour, logement et transport sur place. J'aime aussi raconter les p\u00e9pites urbaines, ces adresses qu'on ne trouve pas dans les guides classiques. Avant de publier un dossier destination, je croise toujours plusieurs sources, je v\u00e9rifie les tarifs et les formalit\u00e9s d'entr\u00e9e \u00e0 jour, et je teste moi-m\u00eame quand je le peux. Mon angle reste pratique avant tout : aider le lecteur \u00e0 partir l'esprit tranquille, sans mauvaise surprise une fois sur place. Je m'attache \u00e0 distinguer le coup de c\u0153ur sinc\u00e8re du simple argument marketing.","sameAs":["https:\/\/camillerouvray.fr\/"],"url":"https:\/\/voyage-aventure.com\/blog\/auteur\/noname\/"}]}},"_links":{"self":[{"href":"https:\/\/voyage-aventure.com\/blog\/wp-json\/wp\/v2\/posts\/15890","targetHints":{"allow":["GET"]}}],"collection":[{"href":"https:\/\/voyage-aventure.com\/blog\/wp-json\/wp\/v2\/posts"}],"about":[{"href":"https:\/\/voyage-aventure.com\/blog\/wp-json\/wp\/v2\/types\/post"}],"author":[{"embeddable":true,"href":"https:\/\/voyage-aventure.com\/blog\/wp-json\/wp\/v2\/users\/34"}],"replies":[{"embeddable":true,"href":"https:\/\/voyage-aventure.com\/blog\/wp-json\/wp\/v2\/comments?post=15890"}],"version-history":[{"count":1,"href":"https:\/\/voyage-aventure.com\/blog\/wp-json\/wp\/v2\/posts\/15890\/revisions"}],"predecessor-version":[{"id":15949,"href":"https:\/\/voyage-aventure.com\/blog\/wp-json\/wp\/v2\/posts\/15890\/revisions\/15949"}],"wp:featuredmedia":[{"embeddable":true,"href":"https:\/\/voyage-aventure.com\/blog\/wp-json\/wp\/v2\/media\/18362"}],"wp:attachment":[{"href":"https:\/\/voyage-aventure.com\/blog\/wp-json\/wp\/v2\/media?parent=15890"}],"wp:term":[{"taxonomy":"category","embeddable":true,"href":"https:\/\/voyage-aventure.com\/blog\/wp-json\/wp\/v2\/categories?post=15890"},{"taxonomy":"post_tag","embeddable":true,"href":"https:\/\/voyage-aventure.com\/blog\/wp-json\/wp\/v2\/tags?post=15890"}],"curies":[{"name":"wp","href":"https:\/\/api.w.org\/{rel}","templated":true}]}}