{"id":15881,"date":"2025-03-21T15:14:56","date_gmt":"2025-03-21T14:14:56","guid":{"rendered":"https:\/\/voyage-aventure.com\/blog\/?p=15881"},"modified":"2025-03-21T12:02:12","modified_gmt":"2025-03-21T11:02:12","slug":"les-entreprises-de-jets-prives-prosperent-malgre-le-ralentissement-du-transport-aerien-americain","status":"publish","type":"post","link":"https:\/\/voyage-aventure.com\/blog\/a-la-une\/les-entreprises-de-jets-prives-prosperent-malgre-le-ralentissement-du-transport-aerien-americain\/","title":{"rendered":"Les entreprises de jets priv\u00e9s prosp\u00e8rent malgr\u00e9 le ralentissement du transport a\u00e9rien am\u00e9ricain"},"content":{"rendered":"<h2>Un march\u00e9 \u00e0 la r\u00e9silience surprenante<\/h2>\n<p>Les dirigeants de l&rsquo;industrie commencent \u00e0 croire que le segment premium du march\u00e9 pourrait maintenir sa robustesse, du moins \u00e0 court terme. George Mattson, PDG de Wheels Up, indique que son entreprise n&rsquo;a pas ressenti la faiblesse signal\u00e9e par d&rsquo;autres acteurs du secteur.<\/p>\n<p>Cette dynamique est renforc\u00e9e par des investissements significatifs, comme le r\u00e9cent apport de 600 millions de dollars de Vista Global. Les grandes entreprises de jets priv\u00e9s, comme Flexjet, ont m\u00eame pass\u00e9 des commandes record, ce qui t\u00e9moigne d&rsquo;une confiance persistante dans le secteur. Des informations r\u00e9centes montrent que le march\u00e9 des jets priv\u00e9s continue d&rsquo;attirer une client\u00e8le fortun\u00e9e, malgr\u00e9 les incertitudes \u00e9conomiques.<\/p>\n<h2>Les riches en premi\u00e8re ligne<\/h2>\n<p>La consommation des m\u00e9nages les plus riches semble soutenir l&rsquo;\u00e9conomie am\u00e9ricaine, repr\u00e9sentant pr\u00e8s de la moiti\u00e9 des d\u00e9penses des consommateurs. Ce ph\u00e9nom\u00e8ne contraste avec la prudence affich\u00e9e par le reste de la population. Selon Moody&rsquo;s Analytics, la dynamique \u00e9conomique des 10% les plus riches des m\u00e9nages am\u00e9ricains est un facteur cl\u00e9 de la r\u00e9silience du march\u00e9 de l&rsquo;aviation priv\u00e9e.<\/p>\n<p>Depuis la pand\u00e9mie de COVID-19, l&rsquo;utilisation des jets d&rsquo;affaires a atteint un niveau sup\u00e9rieur \u00e0 celui d&rsquo;avant 2020. Mattson souligne que ceux qui exp\u00e9rimentent le vol priv\u00e9 ne retournent pas facilement \u00e0 des options moins luxueuses. L&rsquo;aviation priv\u00e9e est devenue une alternative pris\u00e9e, et ce changement de comportement pourrait perdurer.<\/p>\n<h2>Une industrie en mutation<\/h2>\n<p>Malgr\u00e9 des signes de croissance, tous les op\u00e9rateurs de jets priv\u00e9s ne connaissent pas le succ\u00e8s. Wheels Up a d\u00fb faire appel \u00e0 une aide financi\u00e8re significative pour maintenir ses op\u00e9rations. Mattson a d\u00e9crit un plan de transformation \u00e0 long terme, essentiel pour faire face aux d\u00e9fis \u00e9conomiques et \u00e0 la concurrence accrue.<\/p>\n<p>Delta Air Lines, en tant que principal actionnaire de Wheels Up, joue un r\u00f4le cl\u00e9 dans cette transformation. L\u2019int\u00e9gration de services commerciaux et priv\u00e9s pourrait offrir de nouvelles opportunit\u00e9s, mais la r\u00e9ussite d\u00e9pendra de la capacit\u00e9 de l&rsquo;entreprise \u00e0 naviguer dans un environnement \u00e9conomique incertain. Mattson estime que l&rsquo;industrie pourrait rester r\u00e9siliente, m\u00eame en cas de l\u00e9ger ralentissement \u00e9conomique.<\/p>\n<h2>Quelques faits marquants<\/h2>\n<ul>\n<li><strong>Quatre Saisons, la cha\u00eene d&rsquo;h\u00f4tels, a r\u00e9cemment lanc\u00e9 un tour en jet priv\u00e9<\/strong> de ses propri\u00e9t\u00e9s, y compris des stations \u00e0 Maui et Taormina, au prix de d\u00e9part de 188 000 dollars pour un voyage de 20 jours ax\u00e9 sur le bien-\u00eatre.<\/li>\n<li><strong>Air France a investi plus d&rsquo;un milliard d&rsquo;euros dans des am\u00e9liorations<\/strong> pour attirer les passagers les plus riches de l&rsquo;aviation commerciale, certains r\u00e9servant toutes les suites \u00ab\u00a0La Premi\u00e8re\u00a0\u00bb sur les vols entre Paris et New York.<\/li>\n<\/ul>\n<blockquote>\n<p>\u201cLe nouveau normal est plus \u00e9lev\u00e9 qu&rsquo;en 2019,\u201d a d\u00e9clar\u00e9 Mattson, soulignant l&rsquo;importance croissante de l&rsquo;aviation priv\u00e9e dans le paysage \u00e9conomique actuel.<\/p>\n<\/blockquote>\n<p>Cet article met en lumi\u00e8re l&rsquo;\u00e9tat actuel du march\u00e9 des jets priv\u00e9s aux \u00c9tats-Unis, tout en soulignant les d\u00e9fis et les opportunit\u00e9s qui se pr\u00e9sentent pour les entreprises du secteur.<\/p>\n","protected":false},"excerpt":{"rendered":"","protected":false},"author":34,"featured_media":18369,"comment_status":"open","ping_status":"open","sticky":false,"template":"","format":"standard","meta":{"_acf_changed":false,"manual_indexmenow":false,"indexmenow_id_project":0,"footnotes":""},"categories":[1],"tags":[5912,3747,4672,4565,4526],"class_list":["post-15881","post","type-post","status-publish","format-standard","has-post-thumbnail","hentry","category-a-la-une","tag-aviation-privee","tag-confort","tag-experiences","tag-tarifs-competitifs","tag-voyage-economique","generate-columns","tablet-grid-50","mobile-grid-100","grid-parent","grid-25"],"acf":[],"yoast_head":"<!-- This site is optimized with the Yoast SEO Premium plugin v21.3 (Yoast SEO v25.1) - https:\/\/yoast.com\/wordpress\/plugins\/seo\/ -->\n<title>Les entreprises de jets priv\u00e9s prosp\u00e8rent malgr\u00e9 le<\/title>\n<meta name=\"description\" content=\"Les dirigeants de l&#039;industrie commencent \u00e0 croire que le segment premium du march\u00e9 pourrait maintenir sa robustesse, du moins \u00e0 court terme. George\" \/>\n<meta name=\"robots\" content=\"index, follow, max-snippet:-1, max-image-preview:large, max-video-preview:-1\" \/>\n<link rel=\"canonical\" href=\"https:\/\/voyage-aventure.com\/blog\/a-la-une\/les-entreprises-de-jets-prives-prosperent-malgre-le-ralentissement-du-transport-aerien-americain\/\" \/>\n<meta property=\"og:locale\" content=\"fr_FR\" \/>\n<meta property=\"og:type\" content=\"article\" \/>\n<meta property=\"og:title\" content=\"Les entreprises de jets priv\u00e9s prosp\u00e8rent malgr\u00e9 le\" \/>\n<meta property=\"og:description\" content=\"Les dirigeants de l&#039;industrie commencent \u00e0 croire que le segment premium du march\u00e9 pourrait maintenir sa robustesse, du moins \u00e0 court terme. George\" \/>\n<meta property=\"og:url\" content=\"https:\/\/voyage-aventure.com\/blog\/a-la-une\/les-entreprises-de-jets-prives-prosperent-malgre-le-ralentissement-du-transport-aerien-americain\/\" \/>\n<meta property=\"og:site_name\" content=\"voyage-aventure\" \/>\n<meta property=\"og:image\" content=\"https:\/\/voyage-aventure.com\/blog\/wp-content\/uploads\/2025\/04\/sdxl-535066b74ce19a3eea3ca51700078941.png\" \/>\n\t<meta property=\"og:image:width\" content=\"1536\" \/>\n\t<meta property=\"og:image:height\" content=\"640\" \/>\n\t<meta property=\"og:image:type\" content=\"image\/png\" \/>\n<meta name=\"author\" content=\"Camille Rouvray\" \/>\n<meta name=\"twitter:card\" content=\"summary_large_image\" \/>\n<script type=\"application\/ld+json\" class=\"yoast-schema-graph\">{\"@context\":\"https:\/\/schema.org\",\"@graph\":[{\"@type\":\"NewsArticle\",\"@id\":\"https:\/\/voyage-aventure.com\/blog\/a-la-une\/les-entreprises-de-jets-prives-prosperent-malgre-le-ralentissement-du-transport-aerien-americain\/#article\",\"isPartOf\":{\"@id\":\"https:\/\/voyage-aventure.com\/blog\/a-la-une\/les-entreprises-de-jets-prives-prosperent-malgre-le-ralentissement-du-transport-aerien-americain\/\"},\"author\":{\"name\":\"Camille Rouvray\",\"@id\":\"https:\/\/voyage-aventure.com\/blog\/#\/schema\/person\/3c864cdc320801e3db34b663e7e3f816\"},\"headline\":\"Les entreprises de jets priv\u00e9s prosp\u00e8rent malgr\u00e9 le ralentissement du transport a\u00e9rien am\u00e9ricain\",\"datePublished\":\"2025-03-21T14:14:56+00:00\",\"mainEntityOfPage\":{\"@id\":\"https:\/\/voyage-aventure.com\/blog\/a-la-une\/les-entreprises-de-jets-prives-prosperent-malgre-le-ralentissement-du-transport-aerien-americain\/\"},\"wordCount\":559,\"commentCount\":20,\"publisher\":{\"@id\":\"https:\/\/voyage-aventure.com\/blog\/#organization\"},\"image\":{\"@id\":\"https:\/\/voyage-aventure.com\/blog\/a-la-une\/les-entreprises-de-jets-prives-prosperent-malgre-le-ralentissement-du-transport-aerien-americain\/#primaryimage\"},\"thumbnailUrl\":\"https:\/\/voyage-aventure.com\/blog\/wp-content\/uploads\/2025\/04\/sdxl-535066b74ce19a3eea3ca51700078941.png\",\"keywords\":[\"Aviation Priv\u00e9e\",\"Confort\",\"Exp\u00e9riences\",\"Tarifs Comp\u00e9titifs\",\"Voyage \u00c9conomique\"],\"articleSection\":[\"\u00c0 la une\"],\"inLanguage\":\"fr-FR\",\"potentialAction\":[{\"@type\":\"CommentAction\",\"name\":\"Comment\",\"target\":[\"https:\/\/voyage-aventure.com\/blog\/a-la-une\/les-entreprises-de-jets-prives-prosperent-malgre-le-ralentissement-du-transport-aerien-americain\/#respond\"]}]},{\"@type\":\"WebPage\",\"@id\":\"https:\/\/voyage-aventure.com\/blog\/a-la-une\/les-entreprises-de-jets-prives-prosperent-malgre-le-ralentissement-du-transport-aerien-americain\/\",\"url\":\"https:\/\/voyage-aventure.com\/blog\/a-la-une\/les-entreprises-de-jets-prives-prosperent-malgre-le-ralentissement-du-transport-aerien-americain\/\",\"name\":\"Les entreprises de jets priv\u00e9s prosp\u00e8rent malgr\u00e9 le\",\"isPartOf\":{\"@id\":\"https:\/\/voyage-aventure.com\/blog\/#website\"},\"primaryImageOfPage\":{\"@id\":\"https:\/\/voyage-aventure.com\/blog\/a-la-une\/les-entreprises-de-jets-prives-prosperent-malgre-le-ralentissement-du-transport-aerien-americain\/#primaryimage\"},\"image\":{\"@id\":\"https:\/\/voyage-aventure.com\/blog\/a-la-une\/les-entreprises-de-jets-prives-prosperent-malgre-le-ralentissement-du-transport-aerien-americain\/#primaryimage\"},\"thumbnailUrl\":\"https:\/\/voyage-aventure.com\/blog\/wp-content\/uploads\/2025\/04\/sdxl-535066b74ce19a3eea3ca51700078941.png\",\"datePublished\":\"2025-03-21T14:14:56+00:00\",\"description\":\"Les dirigeants de l'industrie commencent \u00e0 croire que le segment premium du march\u00e9 pourrait maintenir sa robustesse, du moins \u00e0 court terme. George\",\"inLanguage\":\"fr-FR\",\"potentialAction\":[{\"@type\":\"ReadAction\",\"target\":[\"https:\/\/voyage-aventure.com\/blog\/a-la-une\/les-entreprises-de-jets-prives-prosperent-malgre-le-ralentissement-du-transport-aerien-americain\/\"]}]},{\"@type\":\"ImageObject\",\"inLanguage\":\"fr-FR\",\"@id\":\"https:\/\/voyage-aventure.com\/blog\/a-la-une\/les-entreprises-de-jets-prives-prosperent-malgre-le-ralentissement-du-transport-aerien-americain\/#primaryimage\",\"url\":\"https:\/\/voyage-aventure.com\/blog\/wp-content\/uploads\/2025\/04\/sdxl-535066b74ce19a3eea3ca51700078941.png\",\"contentUrl\":\"https:\/\/voyage-aventure.com\/blog\/wp-content\/uploads\/2025\/04\/sdxl-535066b74ce19a3eea3ca51700078941.png\",\"width\":1536,\"height\":640},{\"@type\":\"WebSite\",\"@id\":\"https:\/\/voyage-aventure.com\/blog\/#website\",\"url\":\"https:\/\/voyage-aventure.com\/blog\/\",\"name\":\"voyage-aventure.com\",\"description\":\"Votre passeport pour l\u2019inattendu.\",\"publisher\":{\"@id\":\"https:\/\/voyage-aventure.com\/blog\/#organization\"},\"alternateName\":\"Votre passeport pour l\u2019inattendu.\",\"potentialAction\":[{\"@type\":\"SearchAction\",\"target\":{\"@type\":\"EntryPoint\",\"urlTemplate\":\"https:\/\/voyage-aventure.com\/blog\/?s={search_term_string}\"},\"query-input\":{\"@type\":\"PropertyValueSpecification\",\"valueRequired\":true,\"valueName\":\"search_term_string\"}}],\"inLanguage\":\"fr-FR\"},{\"@type\":\"Organization\",\"@id\":\"https:\/\/voyage-aventure.com\/blog\/#organization\",\"name\":\"Foretsensations.fr\",\"url\":\"https:\/\/voyage-aventure.com\/blog\/\",\"logo\":{\"@type\":\"ImageObject\",\"inLanguage\":\"fr-FR\",\"@id\":\"https:\/\/voyage-aventure.com\/blog\/#\/schema\/logo\/image\/\",\"url\":\"https:\/\/voyage-aventure.com\/blog\/wp-content\/uploads\/2024\/12\/19.png\",\"contentUrl\":\"https:\/\/voyage-aventure.com\/blog\/wp-content\/uploads\/2024\/12\/19.png\",\"width\":512,\"height\":512,\"caption\":\"Foretsensations.fr\"},\"image\":{\"@id\":\"https:\/\/voyage-aventure.com\/blog\/#\/schema\/logo\/image\/\"}},{\"@type\":\"Person\",\"@id\":\"https:\/\/voyage-aventure.com\/blog\/#\/schema\/person\/3c864cdc320801e3db34b663e7e3f816\",\"name\":\"Camille Rouvray\",\"image\":{\"@type\":\"ImageObject\",\"inLanguage\":\"fr-FR\",\"@id\":\"https:\/\/voyage-aventure.com\/blog\/#\/schema\/person\/image\/\",\"url\":\"https:\/\/voyage-aventure.com\/blog\/wp-content\/uploads\/2026\/06\/persona_camille-r-96x96.jpg\",\"contentUrl\":\"https:\/\/voyage-aventure.com\/blog\/wp-content\/uploads\/2026\/06\/persona_camille-r-96x96.jpg\",\"caption\":\"Camille Rouvray\"},\"description\":\"Je voyage et j'\u00e9cris sur le voyage depuis une douzaine d'ann\u00e9es, d'abord en tant que routarde au long cours, puis comme r\u00e9dactrice sp\u00e9cialis\u00e9e. Mon terrain de pr\u00e9dilection, ce sont les circuits organis\u00e9s et l'art de bien pr\u00e9parer un itin\u00e9raire : choix de la saison, dur\u00e9e r\u00e9aliste des \u00e9tapes, budget jour par jour, logement et transport sur place. J'aime aussi raconter les p\u00e9pites urbaines, ces adresses qu'on ne trouve pas dans les guides classiques. Avant de publier un dossier destination, je croise toujours plusieurs sources, je v\u00e9rifie les tarifs et les formalit\u00e9s d'entr\u00e9e \u00e0 jour, et je teste moi-m\u00eame quand je le peux. Mon angle reste pratique avant tout : aider le lecteur \u00e0 partir l'esprit tranquille, sans mauvaise surprise une fois sur place. Je m'attache \u00e0 distinguer le coup de c\u0153ur sinc\u00e8re du simple argument marketing.\",\"sameAs\":[\"https:\/\/camillerouvray.fr\/\"],\"url\":\"https:\/\/voyage-aventure.com\/blog\/auteur\/noname\/\"}]}<\/script>\n<!-- \/ Yoast SEO Premium plugin. -->","yoast_head_json":{"title":"Les entreprises de jets priv\u00e9s prosp\u00e8rent malgr\u00e9 le","description":"Les dirigeants de l'industrie commencent \u00e0 croire que le segment premium du march\u00e9 pourrait maintenir sa robustesse, du moins \u00e0 court terme. George","robots":{"index":"index","follow":"follow","max-snippet":"max-snippet:-1","max-image-preview":"max-image-preview:large","max-video-preview":"max-video-preview:-1"},"canonical":"https:\/\/voyage-aventure.com\/blog\/a-la-une\/les-entreprises-de-jets-prives-prosperent-malgre-le-ralentissement-du-transport-aerien-americain\/","og_locale":"fr_FR","og_type":"article","og_title":"Les entreprises de jets priv\u00e9s prosp\u00e8rent malgr\u00e9 le","og_description":"Les dirigeants de l'industrie commencent \u00e0 croire que le segment premium du march\u00e9 pourrait maintenir sa robustesse, du moins \u00e0 court terme. George","og_url":"https:\/\/voyage-aventure.com\/blog\/a-la-une\/les-entreprises-de-jets-prives-prosperent-malgre-le-ralentissement-du-transport-aerien-americain\/","og_site_name":"voyage-aventure","og_image":[{"width":1536,"height":640,"url":"https:\/\/voyage-aventure.com\/blog\/wp-content\/uploads\/2025\/04\/sdxl-535066b74ce19a3eea3ca51700078941.png","type":"image\/png"}],"author":"Camille Rouvray","twitter_card":"summary_large_image","schema":{"@context":"https:\/\/schema.org","@graph":[{"@type":"NewsArticle","@id":"https:\/\/voyage-aventure.com\/blog\/a-la-une\/les-entreprises-de-jets-prives-prosperent-malgre-le-ralentissement-du-transport-aerien-americain\/#article","isPartOf":{"@id":"https:\/\/voyage-aventure.com\/blog\/a-la-une\/les-entreprises-de-jets-prives-prosperent-malgre-le-ralentissement-du-transport-aerien-americain\/"},"author":{"name":"Camille Rouvray","@id":"https:\/\/voyage-aventure.com\/blog\/#\/schema\/person\/3c864cdc320801e3db34b663e7e3f816"},"headline":"Les entreprises de jets priv\u00e9s prosp\u00e8rent malgr\u00e9 le ralentissement du transport a\u00e9rien am\u00e9ricain","datePublished":"2025-03-21T14:14:56+00:00","mainEntityOfPage":{"@id":"https:\/\/voyage-aventure.com\/blog\/a-la-une\/les-entreprises-de-jets-prives-prosperent-malgre-le-ralentissement-du-transport-aerien-americain\/"},"wordCount":559,"commentCount":20,"publisher":{"@id":"https:\/\/voyage-aventure.com\/blog\/#organization"},"image":{"@id":"https:\/\/voyage-aventure.com\/blog\/a-la-une\/les-entreprises-de-jets-prives-prosperent-malgre-le-ralentissement-du-transport-aerien-americain\/#primaryimage"},"thumbnailUrl":"https:\/\/voyage-aventure.com\/blog\/wp-content\/uploads\/2025\/04\/sdxl-535066b74ce19a3eea3ca51700078941.png","keywords":["Aviation Priv\u00e9e","Confort","Exp\u00e9riences","Tarifs Comp\u00e9titifs","Voyage \u00c9conomique"],"articleSection":["\u00c0 la une"],"inLanguage":"fr-FR","potentialAction":[{"@type":"CommentAction","name":"Comment","target":["https:\/\/voyage-aventure.com\/blog\/a-la-une\/les-entreprises-de-jets-prives-prosperent-malgre-le-ralentissement-du-transport-aerien-americain\/#respond"]}]},{"@type":"WebPage","@id":"https:\/\/voyage-aventure.com\/blog\/a-la-une\/les-entreprises-de-jets-prives-prosperent-malgre-le-ralentissement-du-transport-aerien-americain\/","url":"https:\/\/voyage-aventure.com\/blog\/a-la-une\/les-entreprises-de-jets-prives-prosperent-malgre-le-ralentissement-du-transport-aerien-americain\/","name":"Les entreprises de jets priv\u00e9s prosp\u00e8rent malgr\u00e9 le","isPartOf":{"@id":"https:\/\/voyage-aventure.com\/blog\/#website"},"primaryImageOfPage":{"@id":"https:\/\/voyage-aventure.com\/blog\/a-la-une\/les-entreprises-de-jets-prives-prosperent-malgre-le-ralentissement-du-transport-aerien-americain\/#primaryimage"},"image":{"@id":"https:\/\/voyage-aventure.com\/blog\/a-la-une\/les-entreprises-de-jets-prives-prosperent-malgre-le-ralentissement-du-transport-aerien-americain\/#primaryimage"},"thumbnailUrl":"https:\/\/voyage-aventure.com\/blog\/wp-content\/uploads\/2025\/04\/sdxl-535066b74ce19a3eea3ca51700078941.png","datePublished":"2025-03-21T14:14:56+00:00","description":"Les dirigeants de l'industrie commencent \u00e0 croire que le segment premium du march\u00e9 pourrait maintenir sa robustesse, du moins \u00e0 court terme. George","inLanguage":"fr-FR","potentialAction":[{"@type":"ReadAction","target":["https:\/\/voyage-aventure.com\/blog\/a-la-une\/les-entreprises-de-jets-prives-prosperent-malgre-le-ralentissement-du-transport-aerien-americain\/"]}]},{"@type":"ImageObject","inLanguage":"fr-FR","@id":"https:\/\/voyage-aventure.com\/blog\/a-la-une\/les-entreprises-de-jets-prives-prosperent-malgre-le-ralentissement-du-transport-aerien-americain\/#primaryimage","url":"https:\/\/voyage-aventure.com\/blog\/wp-content\/uploads\/2025\/04\/sdxl-535066b74ce19a3eea3ca51700078941.png","contentUrl":"https:\/\/voyage-aventure.com\/blog\/wp-content\/uploads\/2025\/04\/sdxl-535066b74ce19a3eea3ca51700078941.png","width":1536,"height":640},{"@type":"WebSite","@id":"https:\/\/voyage-aventure.com\/blog\/#website","url":"https:\/\/voyage-aventure.com\/blog\/","name":"voyage-aventure.com","description":"Votre passeport pour l\u2019inattendu.","publisher":{"@id":"https:\/\/voyage-aventure.com\/blog\/#organization"},"alternateName":"Votre passeport pour l\u2019inattendu.","potentialAction":[{"@type":"SearchAction","target":{"@type":"EntryPoint","urlTemplate":"https:\/\/voyage-aventure.com\/blog\/?s={search_term_string}"},"query-input":{"@type":"PropertyValueSpecification","valueRequired":true,"valueName":"search_term_string"}}],"inLanguage":"fr-FR"},{"@type":"Organization","@id":"https:\/\/voyage-aventure.com\/blog\/#organization","name":"Foretsensations.fr","url":"https:\/\/voyage-aventure.com\/blog\/","logo":{"@type":"ImageObject","inLanguage":"fr-FR","@id":"https:\/\/voyage-aventure.com\/blog\/#\/schema\/logo\/image\/","url":"https:\/\/voyage-aventure.com\/blog\/wp-content\/uploads\/2024\/12\/19.png","contentUrl":"https:\/\/voyage-aventure.com\/blog\/wp-content\/uploads\/2024\/12\/19.png","width":512,"height":512,"caption":"Foretsensations.fr"},"image":{"@id":"https:\/\/voyage-aventure.com\/blog\/#\/schema\/logo\/image\/"}},{"@type":"Person","@id":"https:\/\/voyage-aventure.com\/blog\/#\/schema\/person\/3c864cdc320801e3db34b663e7e3f816","name":"Camille Rouvray","image":{"@type":"ImageObject","inLanguage":"fr-FR","@id":"https:\/\/voyage-aventure.com\/blog\/#\/schema\/person\/image\/","url":"https:\/\/voyage-aventure.com\/blog\/wp-content\/uploads\/2026\/06\/persona_camille-r-96x96.jpg","contentUrl":"https:\/\/voyage-aventure.com\/blog\/wp-content\/uploads\/2026\/06\/persona_camille-r-96x96.jpg","caption":"Camille Rouvray"},"description":"Je voyage et j'\u00e9cris sur le voyage depuis une douzaine d'ann\u00e9es, d'abord en tant que routarde au long cours, puis comme r\u00e9dactrice sp\u00e9cialis\u00e9e. Mon terrain de pr\u00e9dilection, ce sont les circuits organis\u00e9s et l'art de bien pr\u00e9parer un itin\u00e9raire : choix de la saison, dur\u00e9e r\u00e9aliste des \u00e9tapes, budget jour par jour, logement et transport sur place. J'aime aussi raconter les p\u00e9pites urbaines, ces adresses qu'on ne trouve pas dans les guides classiques. Avant de publier un dossier destination, je croise toujours plusieurs sources, je v\u00e9rifie les tarifs et les formalit\u00e9s d'entr\u00e9e \u00e0 jour, et je teste moi-m\u00eame quand je le peux. Mon angle reste pratique avant tout : aider le lecteur \u00e0 partir l'esprit tranquille, sans mauvaise surprise une fois sur place. Je m'attache \u00e0 distinguer le coup de c\u0153ur sinc\u00e8re du simple argument marketing.","sameAs":["https:\/\/camillerouvray.fr\/"],"url":"https:\/\/voyage-aventure.com\/blog\/auteur\/noname\/"}]}},"_links":{"self":[{"href":"https:\/\/voyage-aventure.com\/blog\/wp-json\/wp\/v2\/posts\/15881","targetHints":{"allow":["GET"]}}],"collection":[{"href":"https:\/\/voyage-aventure.com\/blog\/wp-json\/wp\/v2\/posts"}],"about":[{"href":"https:\/\/voyage-aventure.com\/blog\/wp-json\/wp\/v2\/types\/post"}],"author":[{"embeddable":true,"href":"https:\/\/voyage-aventure.com\/blog\/wp-json\/wp\/v2\/users\/34"}],"replies":[{"embeddable":true,"href":"https:\/\/voyage-aventure.com\/blog\/wp-json\/wp\/v2\/comments?post=15881"}],"version-history":[{"count":1,"href":"https:\/\/voyage-aventure.com\/blog\/wp-json\/wp\/v2\/posts\/15881\/revisions"}],"predecessor-version":[{"id":15911,"href":"https:\/\/voyage-aventure.com\/blog\/wp-json\/wp\/v2\/posts\/15881\/revisions\/15911"}],"wp:featuredmedia":[{"embeddable":true,"href":"https:\/\/voyage-aventure.com\/blog\/wp-json\/wp\/v2\/media\/18369"}],"wp:attachment":[{"href":"https:\/\/voyage-aventure.com\/blog\/wp-json\/wp\/v2\/media?parent=15881"}],"wp:term":[{"taxonomy":"category","embeddable":true,"href":"https:\/\/voyage-aventure.com\/blog\/wp-json\/wp\/v2\/categories?post=15881"},{"taxonomy":"post_tag","embeddable":true,"href":"https:\/\/voyage-aventure.com\/blog\/wp-json\/wp\/v2\/tags?post=15881"}],"curies":[{"name":"wp","href":"https:\/\/api.w.org\/{rel}","templated":true}]}}