{"id":15866,"date":"2025-03-21T12:50:15","date_gmt":"2025-03-21T11:50:15","guid":{"rendered":"https:\/\/voyage-aventure.com\/blog\/?p=15866"},"modified":"2025-03-21T10:25:14","modified_gmt":"2025-03-21T09:25:14","slug":"la-santa-clara-university-conseille-aux-etudiants-internationaux-de-retarder-leurs-voyages","status":"publish","type":"post","link":"https:\/\/voyage-aventure.com\/blog\/a-la-une\/la-santa-clara-university-conseille-aux-etudiants-internationaux-de-retarder-leurs-voyages\/","title":{"rendered":"la santa clara university conseille aux \u00e9tudiants internationaux de retarder leurs voyages"},"content":{"rendered":"<h2>Une alerte de voyage pour les \u00e9tudiants internationaux<\/h2>\n<p>Cette d\u00e9cision fait suite \u00e0 une annonce du Bureau de l&rsquo;engagement mondial de l&rsquo;universit\u00e9, qui vise \u00e0 prot\u00e9ger ses \u00e9tudiants face \u00e0 des incertitudes croissantes li\u00e9es aux voyages. La notice, dat\u00e9e du 20 janvier, s&rsquo;applique principalement aux d\u00e9tenteurs de visas F-1 et J-1.<\/p>\n<p>Les \u00e9tudiants doivent d\u00e9sormais envisager un report de leurs projets de vacances de printemps et d&rsquo;\u00e9t\u00e9, alors que l&rsquo;universit\u00e9 attend un rapport f\u00e9d\u00e9ral pr\u00e9vu pour le 21 mars. Ce rapport devrait apporter des \u00e9claircissements sur les restrictions de voyage qui affectent de nombreux \u00e9tudiants internationaux.<\/p>\n<h2>Des cas r\u00e9cents suscitent des inqui\u00e9tudes<\/h2>\n<p>Plusieurs incidents r\u00e9cents ont mis en lumi\u00e8re la vuln\u00e9rabilit\u00e9 des \u00e9tudiants internationaux. Par exemple, le Dr Rasha Alawieh, sp\u00e9cialiste de la transplantation r\u00e9nale, a \u00e9t\u00e9 d\u00e9tenue \u00e0 l&rsquo;a\u00e9roport de Boston apr\u00e8s un voyage au Liban, malgr\u00e9 un ordre de la cour bloquant son expulsion. Sa d\u00e9tention de 36 heures soul\u00e8ve des questions sur la mani\u00e8re dont les autorit\u00e9s traitent les \u00e9tudiants et chercheurs \u00e9trangers.<\/p>\n<p>De m\u00eame, Ranjani Srinivasan, une doctorante \u00e0 l&rsquo;Universit\u00e9 de Columbia, a d\u00fb fuir aux \u00c9tats-Unis vers le Canada apr\u00e8s que son visa a \u00e9t\u00e9 r\u00e9voqu\u00e9. Ces \u00e9v\u00e9nements cr\u00e9ent un climat de peur et d&rsquo;incertitude parmi les \u00e9tudiants, comme en t\u00e9moigne Srinivasan lorsqu&rsquo;elle d\u00e9clare : \u00ab\u00a0Je pense qu&rsquo;il y a un climat de peur fou dans les universit\u00e9s.\u00a0\u00bb<\/p>\n<h2>Les cons\u00e9quences sur la communaut\u00e9 \u00e9tudiante<\/h2>\n<p>Les \u00e9tudiants internationaux de la Santa Clara University expriment des pr\u00e9occupations croissantes concernant leur statut et leurs projets d&rsquo;avenir. Un \u00e9tudiant indien, qui a requis l&rsquo;anonymat, a d\u00e9clar\u00e9 qu&rsquo;il observe fr\u00e9quemment des changements de politiques qui affectent directement sa situation. \u00ab\u00a0Chaque jour, j&rsquo;ouvre mon t\u00e9l\u00e9phone et je vois de nouvelles modifications des politiques qui impactent des \u00e9tudiants comme moi,\u00a0\u00bb a-t-il partag\u00e9.<\/p>\n<p>Ce climat d&rsquo;incertitude est renforc\u00e9 par la crainte de ne pas pouvoir retourner aux \u00c9tats-Unis apr\u00e8s un voyage. \u00ab\u00a0Ma famille a d\u00e9pens\u00e9 beaucoup d&rsquo;argent pour que je puisse \u00e9tudier ici, mais si je pars, je crains de ne pas pouvoir terminer mon dipl\u00f4me,\u00a0\u00bb a-t-il ajout\u00e9.<\/p>\n<ul>\n<li>Prendre en compte les recommandations de l&rsquo;universit\u00e9 sur les voyages.<\/li>\n<li>\u00c9valuer les risques li\u00e9s aux voyages internationaux, en particulier vers des pays sensibles.<\/li>\n<li>Rester inform\u00e9 des changements de politiques d&rsquo;immigration et de voyage.<\/li>\n<li>Consulter r\u00e9guli\u00e8rement le Bureau de l&rsquo;engagement mondial pour des mises \u00e0 jour.<\/li>\n<\/ul>\n<blockquote><p>\n  \u00ab\u00a0Il est un privil\u00e8ge d&rsquo;obtenir un visa pour vivre et \u00e9tudier aux \u00c9tats-Unis,\u00a0\u00bb a d\u00e9clar\u00e9 Kristi Noem, secr\u00e9taire \u00e0 la s\u00e9curit\u00e9 int\u00e9rieure.\n<\/p><\/blockquote>\n<p>La Santa Clara University, qui compte 1 134 \u00e9tudiants internationaux, se trouve face \u00e0 un dilemme. Elle a investi massivement dans l&rsquo;\u00e9ducation mondiale tout en conseillant maintenant \u00e0 une grande partie de son corps \u00e9tudiant de renoncer \u00e0 leurs projets de voyage \u00e0 l&rsquo;\u00e9tranger. Cette situation met en lumi\u00e8re les d\u00e9fis auxquels sont confront\u00e9s les \u00e9tablissements d&rsquo;enseignement sup\u00e9rieur am\u00e9ricains dans un contexte d\u2019incertitude croissante.<\/p>\n<p>Les pr\u00e9occupations concernant les politiques d&rsquo;immigration et les restrictions de voyage ne touchent pas seulement Santa Clara University. Dans tout le pays, plus de 1,12 million d&rsquo;\u00e9tudiants internationaux sont actuellement inscrits dans des \u00e9tablissements d&rsquo;enseignement sup\u00e9rieur, chacun d&rsquo;eux \u00e9tant potentiellement affect\u00e9 par les changements de politique. La communaut\u00e9 universitaire doit trouver des moyens de soutenir ses \u00e9tudiants tout en naviguant dans un paysage complexe et en constante \u00e9volution.<\/p>\n<p>Dans ce climat incertain, la Santa Clara University s&rsquo;engage \u00e0 tenir ses \u00e9tudiants inform\u00e9s des d\u00e9veloppements futurs. Les \u00e9tudiants et chercheurs sont encourag\u00e9s \u00e0 suivre les conseils de l&rsquo;universit\u00e9 et \u00e0 se pr\u00e9parer aux \u00e9ventuelles nouvelles restrictions qui pourraient affecter leur statut. L&rsquo;importance d&rsquo;une communication claire et proactive ne peut \u00eatre sous-estim\u00e9e dans ces moments de turbulence.<\/p>\n","protected":false},"excerpt":{"rendered":"","protected":false},"author":34,"featured_media":18373,"comment_status":"open","ping_status":"open","sticky":false,"template":"","format":"standard","meta":{"_acf_changed":false,"manual_indexmenow":false,"indexmenow_id_project":0,"footnotes":""},"categories":[1],"tags":[6230,4713,5688,3170,4635],"class_list":["post-15866","post","type-post","status-publish","format-standard","has-post-thumbnail","hentry","category-a-la-une","tag-etudiants-internationaux","tag-preparation","tag-relations-internationales","tag-securite","tag-voyage","generate-columns","tablet-grid-50","mobile-grid-100","grid-parent","grid-25"],"acf":[],"yoast_head":"<!-- This site is optimized with the Yoast SEO Premium plugin v21.3 (Yoast SEO v25.1) - https:\/\/yoast.com\/wordpress\/plugins\/seo\/ -->\n<title>la santa clara university conseille aux \u00e9tudiants<\/title>\n<meta name=\"description\" content=\"Une alerte de voyage pour les \u00e9tudiants internationaux Cette d\u00e9cision fait suite \u00e0 une annonce du Bureau de l&#039;engagement mondial de l&#039;universit\u00e9, qui vise\" \/>\n<meta name=\"robots\" content=\"index, follow, max-snippet:-1, max-image-preview:large, max-video-preview:-1\" \/>\n<link rel=\"canonical\" href=\"https:\/\/voyage-aventure.com\/blog\/a-la-une\/la-santa-clara-university-conseille-aux-etudiants-internationaux-de-retarder-leurs-voyages\/\" \/>\n<meta property=\"og:locale\" content=\"fr_FR\" \/>\n<meta property=\"og:type\" content=\"article\" \/>\n<meta property=\"og:title\" content=\"la santa clara university conseille aux \u00e9tudiants\" \/>\n<meta property=\"og:description\" content=\"Une alerte de voyage pour les \u00e9tudiants internationaux Cette d\u00e9cision fait suite \u00e0 une annonce du Bureau de l&#039;engagement mondial de l&#039;universit\u00e9, qui vise\" \/>\n<meta property=\"og:url\" content=\"https:\/\/voyage-aventure.com\/blog\/a-la-une\/la-santa-clara-university-conseille-aux-etudiants-internationaux-de-retarder-leurs-voyages\/\" \/>\n<meta property=\"og:site_name\" content=\"voyage-aventure\" \/>\n<meta property=\"og:image\" content=\"https:\/\/voyage-aventure.com\/blog\/wp-content\/uploads\/2025\/04\/sdxl-9807c613efa935f3063cad48b4a2d62a.png\" \/>\n\t<meta property=\"og:image:width\" content=\"1536\" \/>\n\t<meta property=\"og:image:height\" content=\"640\" \/>\n\t<meta property=\"og:image:type\" content=\"image\/png\" \/>\n<meta name=\"author\" content=\"Camille Rouvray\" \/>\n<meta name=\"twitter:card\" content=\"summary_large_image\" \/>\n<script type=\"application\/ld+json\" class=\"yoast-schema-graph\">{\"@context\":\"https:\/\/schema.org\",\"@graph\":[{\"@type\":\"NewsArticle\",\"@id\":\"https:\/\/voyage-aventure.com\/blog\/a-la-une\/la-santa-clara-university-conseille-aux-etudiants-internationaux-de-retarder-leurs-voyages\/#article\",\"isPartOf\":{\"@id\":\"https:\/\/voyage-aventure.com\/blog\/a-la-une\/la-santa-clara-university-conseille-aux-etudiants-internationaux-de-retarder-leurs-voyages\/\"},\"author\":{\"name\":\"Camille Rouvray\",\"@id\":\"https:\/\/voyage-aventure.com\/blog\/#\/schema\/person\/3c864cdc320801e3db34b663e7e3f816\"},\"headline\":\"la santa clara university conseille aux \u00e9tudiants internationaux de retarder leurs voyages\",\"datePublished\":\"2025-03-21T11:50:15+00:00\",\"mainEntityOfPage\":{\"@id\":\"https:\/\/voyage-aventure.com\/blog\/a-la-une\/la-santa-clara-university-conseille-aux-etudiants-internationaux-de-retarder-leurs-voyages\/\"},\"wordCount\":674,\"commentCount\":20,\"publisher\":{\"@id\":\"https:\/\/voyage-aventure.com\/blog\/#organization\"},\"image\":{\"@id\":\"https:\/\/voyage-aventure.com\/blog\/a-la-une\/la-santa-clara-university-conseille-aux-etudiants-internationaux-de-retarder-leurs-voyages\/#primaryimage\"},\"thumbnailUrl\":\"https:\/\/voyage-aventure.com\/blog\/wp-content\/uploads\/2025\/04\/sdxl-9807c613efa935f3063cad48b4a2d62a.png\",\"keywords\":[\"\u00c9tudiants Internationaux\",\"Pr\u00e9paration\",\"Relations Internationales\",\"S\u00e9curit\u00e9\",\"Voyage\"],\"articleSection\":[\"\u00c0 la une\"],\"inLanguage\":\"fr-FR\",\"potentialAction\":[{\"@type\":\"CommentAction\",\"name\":\"Comment\",\"target\":[\"https:\/\/voyage-aventure.com\/blog\/a-la-une\/la-santa-clara-university-conseille-aux-etudiants-internationaux-de-retarder-leurs-voyages\/#respond\"]}]},{\"@type\":\"WebPage\",\"@id\":\"https:\/\/voyage-aventure.com\/blog\/a-la-une\/la-santa-clara-university-conseille-aux-etudiants-internationaux-de-retarder-leurs-voyages\/\",\"url\":\"https:\/\/voyage-aventure.com\/blog\/a-la-une\/la-santa-clara-university-conseille-aux-etudiants-internationaux-de-retarder-leurs-voyages\/\",\"name\":\"la santa clara university conseille aux \u00e9tudiants\",\"isPartOf\":{\"@id\":\"https:\/\/voyage-aventure.com\/blog\/#website\"},\"primaryImageOfPage\":{\"@id\":\"https:\/\/voyage-aventure.com\/blog\/a-la-une\/la-santa-clara-university-conseille-aux-etudiants-internationaux-de-retarder-leurs-voyages\/#primaryimage\"},\"image\":{\"@id\":\"https:\/\/voyage-aventure.com\/blog\/a-la-une\/la-santa-clara-university-conseille-aux-etudiants-internationaux-de-retarder-leurs-voyages\/#primaryimage\"},\"thumbnailUrl\":\"https:\/\/voyage-aventure.com\/blog\/wp-content\/uploads\/2025\/04\/sdxl-9807c613efa935f3063cad48b4a2d62a.png\",\"datePublished\":\"2025-03-21T11:50:15+00:00\",\"description\":\"Une alerte de voyage pour les \u00e9tudiants internationaux Cette d\u00e9cision fait suite \u00e0 une annonce du Bureau de l'engagement mondial de l'universit\u00e9, qui vise\",\"inLanguage\":\"fr-FR\",\"potentialAction\":[{\"@type\":\"ReadAction\",\"target\":[\"https:\/\/voyage-aventure.com\/blog\/a-la-une\/la-santa-clara-university-conseille-aux-etudiants-internationaux-de-retarder-leurs-voyages\/\"]}]},{\"@type\":\"ImageObject\",\"inLanguage\":\"fr-FR\",\"@id\":\"https:\/\/voyage-aventure.com\/blog\/a-la-une\/la-santa-clara-university-conseille-aux-etudiants-internationaux-de-retarder-leurs-voyages\/#primaryimage\",\"url\":\"https:\/\/voyage-aventure.com\/blog\/wp-content\/uploads\/2025\/04\/sdxl-9807c613efa935f3063cad48b4a2d62a.png\",\"contentUrl\":\"https:\/\/voyage-aventure.com\/blog\/wp-content\/uploads\/2025\/04\/sdxl-9807c613efa935f3063cad48b4a2d62a.png\",\"width\":1536,\"height\":640},{\"@type\":\"WebSite\",\"@id\":\"https:\/\/voyage-aventure.com\/blog\/#website\",\"url\":\"https:\/\/voyage-aventure.com\/blog\/\",\"name\":\"voyage-aventure.com\",\"description\":\"Votre passeport pour l\u2019inattendu.\",\"publisher\":{\"@id\":\"https:\/\/voyage-aventure.com\/blog\/#organization\"},\"alternateName\":\"Votre passeport pour l\u2019inattendu.\",\"potentialAction\":[{\"@type\":\"SearchAction\",\"target\":{\"@type\":\"EntryPoint\",\"urlTemplate\":\"https:\/\/voyage-aventure.com\/blog\/?s={search_term_string}\"},\"query-input\":{\"@type\":\"PropertyValueSpecification\",\"valueRequired\":true,\"valueName\":\"search_term_string\"}}],\"inLanguage\":\"fr-FR\"},{\"@type\":\"Organization\",\"@id\":\"https:\/\/voyage-aventure.com\/blog\/#organization\",\"name\":\"Foretsensations.fr\",\"url\":\"https:\/\/voyage-aventure.com\/blog\/\",\"logo\":{\"@type\":\"ImageObject\",\"inLanguage\":\"fr-FR\",\"@id\":\"https:\/\/voyage-aventure.com\/blog\/#\/schema\/logo\/image\/\",\"url\":\"https:\/\/voyage-aventure.com\/blog\/wp-content\/uploads\/2024\/12\/19.png\",\"contentUrl\":\"https:\/\/voyage-aventure.com\/blog\/wp-content\/uploads\/2024\/12\/19.png\",\"width\":512,\"height\":512,\"caption\":\"Foretsensations.fr\"},\"image\":{\"@id\":\"https:\/\/voyage-aventure.com\/blog\/#\/schema\/logo\/image\/\"}},{\"@type\":\"Person\",\"@id\":\"https:\/\/voyage-aventure.com\/blog\/#\/schema\/person\/3c864cdc320801e3db34b663e7e3f816\",\"name\":\"Camille Rouvray\",\"image\":{\"@type\":\"ImageObject\",\"inLanguage\":\"fr-FR\",\"@id\":\"https:\/\/voyage-aventure.com\/blog\/#\/schema\/person\/image\/\",\"url\":\"https:\/\/voyage-aventure.com\/blog\/wp-content\/uploads\/2026\/06\/persona_camille-r-96x96.jpg\",\"contentUrl\":\"https:\/\/voyage-aventure.com\/blog\/wp-content\/uploads\/2026\/06\/persona_camille-r-96x96.jpg\",\"caption\":\"Camille Rouvray\"},\"description\":\"Je voyage et j'\u00e9cris sur le voyage depuis une douzaine d'ann\u00e9es, d'abord en tant que routarde au long cours, puis comme r\u00e9dactrice sp\u00e9cialis\u00e9e. Mon terrain de pr\u00e9dilection, ce sont les circuits organis\u00e9s et l'art de bien pr\u00e9parer un itin\u00e9raire : choix de la saison, dur\u00e9e r\u00e9aliste des \u00e9tapes, budget jour par jour, logement et transport sur place. J'aime aussi raconter les p\u00e9pites urbaines, ces adresses qu'on ne trouve pas dans les guides classiques. Avant de publier un dossier destination, je croise toujours plusieurs sources, je v\u00e9rifie les tarifs et les formalit\u00e9s d'entr\u00e9e \u00e0 jour, et je teste moi-m\u00eame quand je le peux. Mon angle reste pratique avant tout : aider le lecteur \u00e0 partir l'esprit tranquille, sans mauvaise surprise une fois sur place. Je m'attache \u00e0 distinguer le coup de c\u0153ur sinc\u00e8re du simple argument marketing.\",\"sameAs\":[\"https:\/\/camillerouvray.fr\/\"],\"url\":\"https:\/\/voyage-aventure.com\/blog\/auteur\/noname\/\"}]}<\/script>\n<!-- \/ Yoast SEO Premium plugin. -->","yoast_head_json":{"title":"la santa clara university conseille aux \u00e9tudiants","description":"Une alerte de voyage pour les \u00e9tudiants internationaux Cette d\u00e9cision fait suite \u00e0 une annonce du Bureau de l'engagement mondial de l'universit\u00e9, qui vise","robots":{"index":"index","follow":"follow","max-snippet":"max-snippet:-1","max-image-preview":"max-image-preview:large","max-video-preview":"max-video-preview:-1"},"canonical":"https:\/\/voyage-aventure.com\/blog\/a-la-une\/la-santa-clara-university-conseille-aux-etudiants-internationaux-de-retarder-leurs-voyages\/","og_locale":"fr_FR","og_type":"article","og_title":"la santa clara university conseille aux \u00e9tudiants","og_description":"Une alerte de voyage pour les \u00e9tudiants internationaux Cette d\u00e9cision fait suite \u00e0 une annonce du Bureau de l'engagement mondial de l'universit\u00e9, qui vise","og_url":"https:\/\/voyage-aventure.com\/blog\/a-la-une\/la-santa-clara-university-conseille-aux-etudiants-internationaux-de-retarder-leurs-voyages\/","og_site_name":"voyage-aventure","og_image":[{"width":1536,"height":640,"url":"https:\/\/voyage-aventure.com\/blog\/wp-content\/uploads\/2025\/04\/sdxl-9807c613efa935f3063cad48b4a2d62a.png","type":"image\/png"}],"author":"Camille Rouvray","twitter_card":"summary_large_image","schema":{"@context":"https:\/\/schema.org","@graph":[{"@type":"NewsArticle","@id":"https:\/\/voyage-aventure.com\/blog\/a-la-une\/la-santa-clara-university-conseille-aux-etudiants-internationaux-de-retarder-leurs-voyages\/#article","isPartOf":{"@id":"https:\/\/voyage-aventure.com\/blog\/a-la-une\/la-santa-clara-university-conseille-aux-etudiants-internationaux-de-retarder-leurs-voyages\/"},"author":{"name":"Camille Rouvray","@id":"https:\/\/voyage-aventure.com\/blog\/#\/schema\/person\/3c864cdc320801e3db34b663e7e3f816"},"headline":"la santa clara university conseille aux \u00e9tudiants internationaux de retarder leurs voyages","datePublished":"2025-03-21T11:50:15+00:00","mainEntityOfPage":{"@id":"https:\/\/voyage-aventure.com\/blog\/a-la-une\/la-santa-clara-university-conseille-aux-etudiants-internationaux-de-retarder-leurs-voyages\/"},"wordCount":674,"commentCount":20,"publisher":{"@id":"https:\/\/voyage-aventure.com\/blog\/#organization"},"image":{"@id":"https:\/\/voyage-aventure.com\/blog\/a-la-une\/la-santa-clara-university-conseille-aux-etudiants-internationaux-de-retarder-leurs-voyages\/#primaryimage"},"thumbnailUrl":"https:\/\/voyage-aventure.com\/blog\/wp-content\/uploads\/2025\/04\/sdxl-9807c613efa935f3063cad48b4a2d62a.png","keywords":["\u00c9tudiants Internationaux","Pr\u00e9paration","Relations Internationales","S\u00e9curit\u00e9","Voyage"],"articleSection":["\u00c0 la une"],"inLanguage":"fr-FR","potentialAction":[{"@type":"CommentAction","name":"Comment","target":["https:\/\/voyage-aventure.com\/blog\/a-la-une\/la-santa-clara-university-conseille-aux-etudiants-internationaux-de-retarder-leurs-voyages\/#respond"]}]},{"@type":"WebPage","@id":"https:\/\/voyage-aventure.com\/blog\/a-la-une\/la-santa-clara-university-conseille-aux-etudiants-internationaux-de-retarder-leurs-voyages\/","url":"https:\/\/voyage-aventure.com\/blog\/a-la-une\/la-santa-clara-university-conseille-aux-etudiants-internationaux-de-retarder-leurs-voyages\/","name":"la santa clara university conseille aux \u00e9tudiants","isPartOf":{"@id":"https:\/\/voyage-aventure.com\/blog\/#website"},"primaryImageOfPage":{"@id":"https:\/\/voyage-aventure.com\/blog\/a-la-une\/la-santa-clara-university-conseille-aux-etudiants-internationaux-de-retarder-leurs-voyages\/#primaryimage"},"image":{"@id":"https:\/\/voyage-aventure.com\/blog\/a-la-une\/la-santa-clara-university-conseille-aux-etudiants-internationaux-de-retarder-leurs-voyages\/#primaryimage"},"thumbnailUrl":"https:\/\/voyage-aventure.com\/blog\/wp-content\/uploads\/2025\/04\/sdxl-9807c613efa935f3063cad48b4a2d62a.png","datePublished":"2025-03-21T11:50:15+00:00","description":"Une alerte de voyage pour les \u00e9tudiants internationaux Cette d\u00e9cision fait suite \u00e0 une annonce du Bureau de l'engagement mondial de l'universit\u00e9, qui vise","inLanguage":"fr-FR","potentialAction":[{"@type":"ReadAction","target":["https:\/\/voyage-aventure.com\/blog\/a-la-une\/la-santa-clara-university-conseille-aux-etudiants-internationaux-de-retarder-leurs-voyages\/"]}]},{"@type":"ImageObject","inLanguage":"fr-FR","@id":"https:\/\/voyage-aventure.com\/blog\/a-la-une\/la-santa-clara-university-conseille-aux-etudiants-internationaux-de-retarder-leurs-voyages\/#primaryimage","url":"https:\/\/voyage-aventure.com\/blog\/wp-content\/uploads\/2025\/04\/sdxl-9807c613efa935f3063cad48b4a2d62a.png","contentUrl":"https:\/\/voyage-aventure.com\/blog\/wp-content\/uploads\/2025\/04\/sdxl-9807c613efa935f3063cad48b4a2d62a.png","width":1536,"height":640},{"@type":"WebSite","@id":"https:\/\/voyage-aventure.com\/blog\/#website","url":"https:\/\/voyage-aventure.com\/blog\/","name":"voyage-aventure.com","description":"Votre passeport pour l\u2019inattendu.","publisher":{"@id":"https:\/\/voyage-aventure.com\/blog\/#organization"},"alternateName":"Votre passeport pour l\u2019inattendu.","potentialAction":[{"@type":"SearchAction","target":{"@type":"EntryPoint","urlTemplate":"https:\/\/voyage-aventure.com\/blog\/?s={search_term_string}"},"query-input":{"@type":"PropertyValueSpecification","valueRequired":true,"valueName":"search_term_string"}}],"inLanguage":"fr-FR"},{"@type":"Organization","@id":"https:\/\/voyage-aventure.com\/blog\/#organization","name":"Foretsensations.fr","url":"https:\/\/voyage-aventure.com\/blog\/","logo":{"@type":"ImageObject","inLanguage":"fr-FR","@id":"https:\/\/voyage-aventure.com\/blog\/#\/schema\/logo\/image\/","url":"https:\/\/voyage-aventure.com\/blog\/wp-content\/uploads\/2024\/12\/19.png","contentUrl":"https:\/\/voyage-aventure.com\/blog\/wp-content\/uploads\/2024\/12\/19.png","width":512,"height":512,"caption":"Foretsensations.fr"},"image":{"@id":"https:\/\/voyage-aventure.com\/blog\/#\/schema\/logo\/image\/"}},{"@type":"Person","@id":"https:\/\/voyage-aventure.com\/blog\/#\/schema\/person\/3c864cdc320801e3db34b663e7e3f816","name":"Camille Rouvray","image":{"@type":"ImageObject","inLanguage":"fr-FR","@id":"https:\/\/voyage-aventure.com\/blog\/#\/schema\/person\/image\/","url":"https:\/\/voyage-aventure.com\/blog\/wp-content\/uploads\/2026\/06\/persona_camille-r-96x96.jpg","contentUrl":"https:\/\/voyage-aventure.com\/blog\/wp-content\/uploads\/2026\/06\/persona_camille-r-96x96.jpg","caption":"Camille Rouvray"},"description":"Je voyage et j'\u00e9cris sur le voyage depuis une douzaine d'ann\u00e9es, d'abord en tant que routarde au long cours, puis comme r\u00e9dactrice sp\u00e9cialis\u00e9e. Mon terrain de pr\u00e9dilection, ce sont les circuits organis\u00e9s et l'art de bien pr\u00e9parer un itin\u00e9raire : choix de la saison, dur\u00e9e r\u00e9aliste des \u00e9tapes, budget jour par jour, logement et transport sur place. J'aime aussi raconter les p\u00e9pites urbaines, ces adresses qu'on ne trouve pas dans les guides classiques. Avant de publier un dossier destination, je croise toujours plusieurs sources, je v\u00e9rifie les tarifs et les formalit\u00e9s d'entr\u00e9e \u00e0 jour, et je teste moi-m\u00eame quand je le peux. Mon angle reste pratique avant tout : aider le lecteur \u00e0 partir l'esprit tranquille, sans mauvaise surprise une fois sur place. Je m'attache \u00e0 distinguer le coup de c\u0153ur sinc\u00e8re du simple argument marketing.","sameAs":["https:\/\/camillerouvray.fr\/"],"url":"https:\/\/voyage-aventure.com\/blog\/auteur\/noname\/"}]}},"_links":{"self":[{"href":"https:\/\/voyage-aventure.com\/blog\/wp-json\/wp\/v2\/posts\/15866","targetHints":{"allow":["GET"]}}],"collection":[{"href":"https:\/\/voyage-aventure.com\/blog\/wp-json\/wp\/v2\/posts"}],"about":[{"href":"https:\/\/voyage-aventure.com\/blog\/wp-json\/wp\/v2\/types\/post"}],"author":[{"embeddable":true,"href":"https:\/\/voyage-aventure.com\/blog\/wp-json\/wp\/v2\/users\/34"}],"replies":[{"embeddable":true,"href":"https:\/\/voyage-aventure.com\/blog\/wp-json\/wp\/v2\/comments?post=15866"}],"version-history":[{"count":1,"href":"https:\/\/voyage-aventure.com\/blog\/wp-json\/wp\/v2\/posts\/15866\/revisions"}],"predecessor-version":[{"id":15889,"href":"https:\/\/voyage-aventure.com\/blog\/wp-json\/wp\/v2\/posts\/15866\/revisions\/15889"}],"wp:featuredmedia":[{"embeddable":true,"href":"https:\/\/voyage-aventure.com\/blog\/wp-json\/wp\/v2\/media\/18373"}],"wp:attachment":[{"href":"https:\/\/voyage-aventure.com\/blog\/wp-json\/wp\/v2\/media?parent=15866"}],"wp:term":[{"taxonomy":"category","embeddable":true,"href":"https:\/\/voyage-aventure.com\/blog\/wp-json\/wp\/v2\/categories?post=15866"},{"taxonomy":"post_tag","embeddable":true,"href":"https:\/\/voyage-aventure.com\/blog\/wp-json\/wp\/v2\/tags?post=15866"}],"curies":[{"name":"wp","href":"https:\/\/api.w.org\/{rel}","templated":true}]}}