{"id":15863,"date":"2025-03-21T09:55:29","date_gmt":"2025-03-21T08:55:29","guid":{"rendered":"https:\/\/voyage-aventure.com\/blog\/a-la-une\/les-detenteurs-de-carte-verte-et-le-nouveau-decret-migratoire-ce-que-vous-devez-savoir\/"},"modified":"2025-03-21T09:56:00","modified_gmt":"2025-03-21T08:56:00","slug":"les-detenteurs-de-carte-verte-et-le-nouveau-decret-migratoire-ce-que-vous-devez-savoir","status":"publish","type":"post","link":"https:\/\/voyage-aventure.com\/blog\/a-la-une\/les-detenteurs-de-carte-verte-et-le-nouveau-decret-migratoire-ce-que-vous-devez-savoir\/","title":{"rendered":"Les d\u00e9tenteurs de carte verte et le nouveau d\u00e9cret migratoire : ce que vous devez savoir"},"content":{"rendered":"<h2>Un d\u00e9cret controvers\u00e9 en pr\u00e9paration<\/h2>\n<p>Cette d\u00e9cision suscite des inqui\u00e9tudes, notamment pour les d\u00e9tenteurs de cartes vertes qui pourraient faire face \u00e0 des mesures d&rsquo;expulsion. Les implications de ce d\u00e9cret vont bien au-del\u00e0 de simples restrictions de voyage.<\/p>\n<p>Cette mesure est issue d&rsquo;un ordre ex\u00e9cutif sign\u00e9 au d\u00e9but du mandat de Trump, qui vise \u00e0 identifier les pays jug\u00e9s d\u00e9ficients en mati\u00e8re de contr\u00f4le des entr\u00e9es. Les critiques craignent que ce d\u00e9cret ne soit qu&rsquo;une r\u00e9\u00e9dition des pr\u00e9c\u00e9dentes interdictions de voyage et qu&rsquo;il ne vise pas seulement la s\u00e9curit\u00e9 nationale, mais aussi les opinions politiques des individus.<\/p>\n<h2>Qui sera concern\u00e9 par l&rsquo;interdiction ?<\/h2>\n<p>Le nouveau d\u00e9cret pourrait toucher jusqu&rsquo;\u00e0 41 pays, avec des restrictions de visa allant de l&rsquo;interdiction totale \u00e0 des suspensions partielles. Les pays comme l&rsquo;Afghanistan, l&rsquo;Iran et le Venezuela pourraient se retrouver dans le premier groupe, tandis que d&rsquo;autres nations feraient l&rsquo;objet de restrictions moins s\u00e9v\u00e8res. Cette classification inqui\u00e8te particuli\u00e8rement les communaut\u00e9s immigr\u00e9es.<\/p>\n<p>Les d\u00e9tenteurs de cartes vertes, notamment ceux originaires de ces pays, s&rsquo;inqui\u00e8tent de l&rsquo;impact que ces mesures pourraient avoir sur leur statut. Par cons\u00e9quent, des avocats sp\u00e9cialis\u00e9s conseillent de faire preuve de prudence lors de voyages internationaux, soulignant que les situations peuvent \u00e9voluer rapidement.<\/p>\n<h2>Un effet paralysant sur la libert\u00e9 d&rsquo;expression<\/h2>\n<p>Le d\u00e9cret propose de retirer la carte verte \u00e0 toute personne jug\u00e9e comme ayant des attitudes hostiles envers les valeurs am\u00e9ricaines. Les d\u00e9fenseurs des droits humains mettent en garde contre les cons\u00e9quences d&rsquo;un tel d\u00e9cret, qui pourrait porter atteinte \u00e0 la libert\u00e9 d&rsquo;expression. Cette situation rappelle des pr\u00e9c\u00e9dents historiques o\u00f9 des groupes ont \u00e9t\u00e9 cibl\u00e9s en raison de leurs opinions politiques.<\/p>\n<p>Des cas r\u00e9cents, comme celui d&rsquo;un \u00e9tudiant en m\u00e9decine, soulignent le danger d&rsquo;une telle politique. Ce dernier a \u00e9t\u00e9 expuls\u00e9 pour avoir exprim\u00e9 des opinions consid\u00e9r\u00e9es comme pro-palestiniennes, sans qu&rsquo;aucune accusation criminelle ne soit formul\u00e9e contre lui. Les implications de ces actions cr\u00e9ent une atmosph\u00e8re de peur au sein des communaut\u00e9s concern\u00e9es.<\/p>\n<ul>\n<li>Restrictions potentielles pour 41 pays<\/li>\n<li>Mesures de contr\u00f4le renforc\u00e9es pour les d\u00e9tenteurs de cartes vertes<\/li>\n<li>Impact sur la libert\u00e9 d&rsquo;expression et la s\u00e9curit\u00e9 personnelle<\/li>\n<li>Incertitudes juridiques entourant les expulsions<\/li>\n<\/ul>\n<blockquote><p>\n    \u00ab\u00a0Ce d\u00e9cret met en p\u00e9ril notre s\u00e9curit\u00e9 nationale tout en sapant des valeurs fondamentales telles que la libert\u00e9 d&rsquo;expression.\u00a0\u00bb &#8211; Jamal Abdi, pr\u00e9sident du National Iranian American Council.\n<\/p><\/blockquote>\n<p>Les cons\u00e9quences d&rsquo;un tel d\u00e9cret ne se limitent pas \u00e0 la restriction des d\u00e9placements. Elles touchent \u00e9galement les droits fondamentaux des individus vivant aux \u00c9tats-Unis. De nombreux avocats et d\u00e9fenseurs des droits humains s&rsquo;unissent pour contester la l\u00e9gitimit\u00e9 de ces mesures, arguant qu&rsquo;elles ne respectent pas les droits constitutionnels.<\/p>\n<p>Alors que le d\u00e9bat sur la s\u00e9curit\u00e9 nationale et la protection des droits des immigr\u00e9s continue, il est essentiel de rester inform\u00e9 sur les \u00e9volutions de ces politiques. Les d\u00e9tenteurs de cartes vertes doivent \u00eatre conscients des risques potentiels, tout en faisant appel \u00e0 leurs droits pour d\u00e9fendre leur statut.<\/p>\n","protected":false},"excerpt":{"rendered":"","protected":false},"author":34,"featured_media":18380,"comment_status":"open","ping_status":"open","sticky":false,"template":"","format":"standard","meta":{"_acf_changed":false,"manual_indexmenow":false,"indexmenow_id_project":0,"footnotes":""},"categories":[1],"tags":[4646,5871,5688,3170,4635],"class_list":["post-15863","post","type-post","status-publish","format-standard","has-post-thumbnail","hentry","category-a-la-une","tag-assistance","tag-liberte-dexpression","tag-relations-internationales","tag-securite","tag-voyage","generate-columns","tablet-grid-50","mobile-grid-100","grid-parent","grid-25"],"acf":[],"yoast_head":"<!-- This site is optimized with the Yoast SEO Premium plugin v21.3 (Yoast SEO v25.1) - https:\/\/yoast.com\/wordpress\/plugins\/seo\/ -->\n<title>Les d\u00e9tenteurs de carte verte et le nouveau d\u00e9cret<\/title>\n<meta name=\"description\" content=\"Cette d\u00e9cision suscite des inqui\u00e9tudes, notamment pour les d\u00e9tenteurs de cartes vertes qui pourraient faire face \u00e0 des mesures d&#039;expulsion. Les\" \/>\n<meta name=\"robots\" content=\"index, follow, max-snippet:-1, max-image-preview:large, max-video-preview:-1\" \/>\n<link rel=\"canonical\" href=\"https:\/\/voyage-aventure.com\/blog\/a-la-une\/les-detenteurs-de-carte-verte-et-le-nouveau-decret-migratoire-ce-que-vous-devez-savoir\/\" \/>\n<meta property=\"og:locale\" content=\"fr_FR\" \/>\n<meta property=\"og:type\" content=\"article\" \/>\n<meta property=\"og:title\" content=\"Les d\u00e9tenteurs de carte verte et le nouveau d\u00e9cret\" \/>\n<meta property=\"og:description\" content=\"Cette d\u00e9cision suscite des inqui\u00e9tudes, notamment pour les d\u00e9tenteurs de cartes vertes qui pourraient faire face \u00e0 des mesures d&#039;expulsion. Les\" \/>\n<meta property=\"og:url\" content=\"https:\/\/voyage-aventure.com\/blog\/a-la-une\/les-detenteurs-de-carte-verte-et-le-nouveau-decret-migratoire-ce-que-vous-devez-savoir\/\" \/>\n<meta property=\"og:site_name\" content=\"voyage-aventure\" \/>\n<meta property=\"og:image\" content=\"https:\/\/voyage-aventure.com\/blog\/wp-content\/uploads\/2025\/04\/sdxl-1a5702502c200e52784ad594ece3185f.png\" \/>\n\t<meta property=\"og:image:width\" content=\"1536\" \/>\n\t<meta property=\"og:image:height\" content=\"640\" \/>\n\t<meta property=\"og:image:type\" content=\"image\/png\" \/>\n<meta name=\"author\" content=\"Camille Rouvray\" \/>\n<meta name=\"twitter:card\" content=\"summary_large_image\" \/>\n<script type=\"application\/ld+json\" class=\"yoast-schema-graph\">{\"@context\":\"https:\/\/schema.org\",\"@graph\":[{\"@type\":\"NewsArticle\",\"@id\":\"https:\/\/voyage-aventure.com\/blog\/a-la-une\/les-detenteurs-de-carte-verte-et-le-nouveau-decret-migratoire-ce-que-vous-devez-savoir\/#article\",\"isPartOf\":{\"@id\":\"https:\/\/voyage-aventure.com\/blog\/a-la-une\/les-detenteurs-de-carte-verte-et-le-nouveau-decret-migratoire-ce-que-vous-devez-savoir\/\"},\"author\":{\"name\":\"Camille Rouvray\",\"@id\":\"https:\/\/voyage-aventure.com\/blog\/#\/schema\/person\/3c864cdc320801e3db34b663e7e3f816\"},\"headline\":\"Les d\u00e9tenteurs de carte verte et le nouveau d\u00e9cret migratoire : ce que vous devez savoir\",\"datePublished\":\"2025-03-21T08:55:29+00:00\",\"dateModified\":\"2025-03-21T08:56:00+00:00\",\"mainEntityOfPage\":{\"@id\":\"https:\/\/voyage-aventure.com\/blog\/a-la-une\/les-detenteurs-de-carte-verte-et-le-nouveau-decret-migratoire-ce-que-vous-devez-savoir\/\"},\"wordCount\":572,\"commentCount\":13,\"publisher\":{\"@id\":\"https:\/\/voyage-aventure.com\/blog\/#organization\"},\"image\":{\"@id\":\"https:\/\/voyage-aventure.com\/blog\/a-la-une\/les-detenteurs-de-carte-verte-et-le-nouveau-decret-migratoire-ce-que-vous-devez-savoir\/#primaryimage\"},\"thumbnailUrl\":\"https:\/\/voyage-aventure.com\/blog\/wp-content\/uploads\/2025\/04\/sdxl-1a5702502c200e52784ad594ece3185f.png\",\"keywords\":[\"Assistance\",\"Libert\u00e9 d'Expression\",\"Relations Internationales\",\"S\u00e9curit\u00e9\",\"Voyage\"],\"articleSection\":[\"\u00c0 la une\"],\"inLanguage\":\"fr-FR\",\"potentialAction\":[{\"@type\":\"CommentAction\",\"name\":\"Comment\",\"target\":[\"https:\/\/voyage-aventure.com\/blog\/a-la-une\/les-detenteurs-de-carte-verte-et-le-nouveau-decret-migratoire-ce-que-vous-devez-savoir\/#respond\"]}]},{\"@type\":\"WebPage\",\"@id\":\"https:\/\/voyage-aventure.com\/blog\/a-la-une\/les-detenteurs-de-carte-verte-et-le-nouveau-decret-migratoire-ce-que-vous-devez-savoir\/\",\"url\":\"https:\/\/voyage-aventure.com\/blog\/a-la-une\/les-detenteurs-de-carte-verte-et-le-nouveau-decret-migratoire-ce-que-vous-devez-savoir\/\",\"name\":\"Les d\u00e9tenteurs de carte verte et le nouveau d\u00e9cret\",\"isPartOf\":{\"@id\":\"https:\/\/voyage-aventure.com\/blog\/#website\"},\"primaryImageOfPage\":{\"@id\":\"https:\/\/voyage-aventure.com\/blog\/a-la-une\/les-detenteurs-de-carte-verte-et-le-nouveau-decret-migratoire-ce-que-vous-devez-savoir\/#primaryimage\"},\"image\":{\"@id\":\"https:\/\/voyage-aventure.com\/blog\/a-la-une\/les-detenteurs-de-carte-verte-et-le-nouveau-decret-migratoire-ce-que-vous-devez-savoir\/#primaryimage\"},\"thumbnailUrl\":\"https:\/\/voyage-aventure.com\/blog\/wp-content\/uploads\/2025\/04\/sdxl-1a5702502c200e52784ad594ece3185f.png\",\"datePublished\":\"2025-03-21T08:55:29+00:00\",\"dateModified\":\"2025-03-21T08:56:00+00:00\",\"description\":\"Cette d\u00e9cision suscite des inqui\u00e9tudes, notamment pour les d\u00e9tenteurs de cartes vertes qui pourraient faire face \u00e0 des mesures d'expulsion. Les\",\"inLanguage\":\"fr-FR\",\"potentialAction\":[{\"@type\":\"ReadAction\",\"target\":[\"https:\/\/voyage-aventure.com\/blog\/a-la-une\/les-detenteurs-de-carte-verte-et-le-nouveau-decret-migratoire-ce-que-vous-devez-savoir\/\"]}]},{\"@type\":\"ImageObject\",\"inLanguage\":\"fr-FR\",\"@id\":\"https:\/\/voyage-aventure.com\/blog\/a-la-une\/les-detenteurs-de-carte-verte-et-le-nouveau-decret-migratoire-ce-que-vous-devez-savoir\/#primaryimage\",\"url\":\"https:\/\/voyage-aventure.com\/blog\/wp-content\/uploads\/2025\/04\/sdxl-1a5702502c200e52784ad594ece3185f.png\",\"contentUrl\":\"https:\/\/voyage-aventure.com\/blog\/wp-content\/uploads\/2025\/04\/sdxl-1a5702502c200e52784ad594ece3185f.png\",\"width\":1536,\"height\":640},{\"@type\":\"WebSite\",\"@id\":\"https:\/\/voyage-aventure.com\/blog\/#website\",\"url\":\"https:\/\/voyage-aventure.com\/blog\/\",\"name\":\"voyage-aventure.com\",\"description\":\"Votre passeport pour l\u2019inattendu.\",\"publisher\":{\"@id\":\"https:\/\/voyage-aventure.com\/blog\/#organization\"},\"alternateName\":\"Votre passeport pour l\u2019inattendu.\",\"potentialAction\":[{\"@type\":\"SearchAction\",\"target\":{\"@type\":\"EntryPoint\",\"urlTemplate\":\"https:\/\/voyage-aventure.com\/blog\/?s={search_term_string}\"},\"query-input\":{\"@type\":\"PropertyValueSpecification\",\"valueRequired\":true,\"valueName\":\"search_term_string\"}}],\"inLanguage\":\"fr-FR\"},{\"@type\":\"Organization\",\"@id\":\"https:\/\/voyage-aventure.com\/blog\/#organization\",\"name\":\"Foretsensations.fr\",\"url\":\"https:\/\/voyage-aventure.com\/blog\/\",\"logo\":{\"@type\":\"ImageObject\",\"inLanguage\":\"fr-FR\",\"@id\":\"https:\/\/voyage-aventure.com\/blog\/#\/schema\/logo\/image\/\",\"url\":\"https:\/\/voyage-aventure.com\/blog\/wp-content\/uploads\/2024\/12\/19.png\",\"contentUrl\":\"https:\/\/voyage-aventure.com\/blog\/wp-content\/uploads\/2024\/12\/19.png\",\"width\":512,\"height\":512,\"caption\":\"Foretsensations.fr\"},\"image\":{\"@id\":\"https:\/\/voyage-aventure.com\/blog\/#\/schema\/logo\/image\/\"}},{\"@type\":\"Person\",\"@id\":\"https:\/\/voyage-aventure.com\/blog\/#\/schema\/person\/3c864cdc320801e3db34b663e7e3f816\",\"name\":\"Camille Rouvray\",\"image\":{\"@type\":\"ImageObject\",\"inLanguage\":\"fr-FR\",\"@id\":\"https:\/\/voyage-aventure.com\/blog\/#\/schema\/person\/image\/\",\"url\":\"https:\/\/voyage-aventure.com\/blog\/wp-content\/uploads\/2026\/06\/persona_camille-r-96x96.jpg\",\"contentUrl\":\"https:\/\/voyage-aventure.com\/blog\/wp-content\/uploads\/2026\/06\/persona_camille-r-96x96.jpg\",\"caption\":\"Camille Rouvray\"},\"description\":\"Je voyage et j'\u00e9cris sur le voyage depuis une douzaine d'ann\u00e9es, d'abord en tant que routarde au long cours, puis comme r\u00e9dactrice sp\u00e9cialis\u00e9e. Mon terrain de pr\u00e9dilection, ce sont les circuits organis\u00e9s et l'art de bien pr\u00e9parer un itin\u00e9raire : choix de la saison, dur\u00e9e r\u00e9aliste des \u00e9tapes, budget jour par jour, logement et transport sur place. J'aime aussi raconter les p\u00e9pites urbaines, ces adresses qu'on ne trouve pas dans les guides classiques. Avant de publier un dossier destination, je croise toujours plusieurs sources, je v\u00e9rifie les tarifs et les formalit\u00e9s d'entr\u00e9e \u00e0 jour, et je teste moi-m\u00eame quand je le peux. Mon angle reste pratique avant tout : aider le lecteur \u00e0 partir l'esprit tranquille, sans mauvaise surprise une fois sur place. Je m'attache \u00e0 distinguer le coup de c\u0153ur sinc\u00e8re du simple argument marketing.\",\"sameAs\":[\"https:\/\/camillerouvray.fr\/\"],\"url\":\"https:\/\/voyage-aventure.com\/blog\/auteur\/noname\/\"}]}<\/script>\n<!-- \/ Yoast SEO Premium plugin. -->","yoast_head_json":{"title":"Les d\u00e9tenteurs de carte verte et le nouveau d\u00e9cret","description":"Cette d\u00e9cision suscite des inqui\u00e9tudes, notamment pour les d\u00e9tenteurs de cartes vertes qui pourraient faire face \u00e0 des mesures d'expulsion. Les","robots":{"index":"index","follow":"follow","max-snippet":"max-snippet:-1","max-image-preview":"max-image-preview:large","max-video-preview":"max-video-preview:-1"},"canonical":"https:\/\/voyage-aventure.com\/blog\/a-la-une\/les-detenteurs-de-carte-verte-et-le-nouveau-decret-migratoire-ce-que-vous-devez-savoir\/","og_locale":"fr_FR","og_type":"article","og_title":"Les d\u00e9tenteurs de carte verte et le nouveau d\u00e9cret","og_description":"Cette d\u00e9cision suscite des inqui\u00e9tudes, notamment pour les d\u00e9tenteurs de cartes vertes qui pourraient faire face \u00e0 des mesures d'expulsion. Les","og_url":"https:\/\/voyage-aventure.com\/blog\/a-la-une\/les-detenteurs-de-carte-verte-et-le-nouveau-decret-migratoire-ce-que-vous-devez-savoir\/","og_site_name":"voyage-aventure","og_image":[{"width":1536,"height":640,"url":"https:\/\/voyage-aventure.com\/blog\/wp-content\/uploads\/2025\/04\/sdxl-1a5702502c200e52784ad594ece3185f.png","type":"image\/png"}],"author":"Camille Rouvray","twitter_card":"summary_large_image","schema":{"@context":"https:\/\/schema.org","@graph":[{"@type":"NewsArticle","@id":"https:\/\/voyage-aventure.com\/blog\/a-la-une\/les-detenteurs-de-carte-verte-et-le-nouveau-decret-migratoire-ce-que-vous-devez-savoir\/#article","isPartOf":{"@id":"https:\/\/voyage-aventure.com\/blog\/a-la-une\/les-detenteurs-de-carte-verte-et-le-nouveau-decret-migratoire-ce-que-vous-devez-savoir\/"},"author":{"name":"Camille Rouvray","@id":"https:\/\/voyage-aventure.com\/blog\/#\/schema\/person\/3c864cdc320801e3db34b663e7e3f816"},"headline":"Les d\u00e9tenteurs de carte verte et le nouveau d\u00e9cret migratoire : ce que vous devez savoir","datePublished":"2025-03-21T08:55:29+00:00","dateModified":"2025-03-21T08:56:00+00:00","mainEntityOfPage":{"@id":"https:\/\/voyage-aventure.com\/blog\/a-la-une\/les-detenteurs-de-carte-verte-et-le-nouveau-decret-migratoire-ce-que-vous-devez-savoir\/"},"wordCount":572,"commentCount":13,"publisher":{"@id":"https:\/\/voyage-aventure.com\/blog\/#organization"},"image":{"@id":"https:\/\/voyage-aventure.com\/blog\/a-la-une\/les-detenteurs-de-carte-verte-et-le-nouveau-decret-migratoire-ce-que-vous-devez-savoir\/#primaryimage"},"thumbnailUrl":"https:\/\/voyage-aventure.com\/blog\/wp-content\/uploads\/2025\/04\/sdxl-1a5702502c200e52784ad594ece3185f.png","keywords":["Assistance","Libert\u00e9 d'Expression","Relations Internationales","S\u00e9curit\u00e9","Voyage"],"articleSection":["\u00c0 la une"],"inLanguage":"fr-FR","potentialAction":[{"@type":"CommentAction","name":"Comment","target":["https:\/\/voyage-aventure.com\/blog\/a-la-une\/les-detenteurs-de-carte-verte-et-le-nouveau-decret-migratoire-ce-que-vous-devez-savoir\/#respond"]}]},{"@type":"WebPage","@id":"https:\/\/voyage-aventure.com\/blog\/a-la-une\/les-detenteurs-de-carte-verte-et-le-nouveau-decret-migratoire-ce-que-vous-devez-savoir\/","url":"https:\/\/voyage-aventure.com\/blog\/a-la-une\/les-detenteurs-de-carte-verte-et-le-nouveau-decret-migratoire-ce-que-vous-devez-savoir\/","name":"Les d\u00e9tenteurs de carte verte et le nouveau d\u00e9cret","isPartOf":{"@id":"https:\/\/voyage-aventure.com\/blog\/#website"},"primaryImageOfPage":{"@id":"https:\/\/voyage-aventure.com\/blog\/a-la-une\/les-detenteurs-de-carte-verte-et-le-nouveau-decret-migratoire-ce-que-vous-devez-savoir\/#primaryimage"},"image":{"@id":"https:\/\/voyage-aventure.com\/blog\/a-la-une\/les-detenteurs-de-carte-verte-et-le-nouveau-decret-migratoire-ce-que-vous-devez-savoir\/#primaryimage"},"thumbnailUrl":"https:\/\/voyage-aventure.com\/blog\/wp-content\/uploads\/2025\/04\/sdxl-1a5702502c200e52784ad594ece3185f.png","datePublished":"2025-03-21T08:55:29+00:00","dateModified":"2025-03-21T08:56:00+00:00","description":"Cette d\u00e9cision suscite des inqui\u00e9tudes, notamment pour les d\u00e9tenteurs de cartes vertes qui pourraient faire face \u00e0 des mesures d'expulsion. Les","inLanguage":"fr-FR","potentialAction":[{"@type":"ReadAction","target":["https:\/\/voyage-aventure.com\/blog\/a-la-une\/les-detenteurs-de-carte-verte-et-le-nouveau-decret-migratoire-ce-que-vous-devez-savoir\/"]}]},{"@type":"ImageObject","inLanguage":"fr-FR","@id":"https:\/\/voyage-aventure.com\/blog\/a-la-une\/les-detenteurs-de-carte-verte-et-le-nouveau-decret-migratoire-ce-que-vous-devez-savoir\/#primaryimage","url":"https:\/\/voyage-aventure.com\/blog\/wp-content\/uploads\/2025\/04\/sdxl-1a5702502c200e52784ad594ece3185f.png","contentUrl":"https:\/\/voyage-aventure.com\/blog\/wp-content\/uploads\/2025\/04\/sdxl-1a5702502c200e52784ad594ece3185f.png","width":1536,"height":640},{"@type":"WebSite","@id":"https:\/\/voyage-aventure.com\/blog\/#website","url":"https:\/\/voyage-aventure.com\/blog\/","name":"voyage-aventure.com","description":"Votre passeport pour l\u2019inattendu.","publisher":{"@id":"https:\/\/voyage-aventure.com\/blog\/#organization"},"alternateName":"Votre passeport pour l\u2019inattendu.","potentialAction":[{"@type":"SearchAction","target":{"@type":"EntryPoint","urlTemplate":"https:\/\/voyage-aventure.com\/blog\/?s={search_term_string}"},"query-input":{"@type":"PropertyValueSpecification","valueRequired":true,"valueName":"search_term_string"}}],"inLanguage":"fr-FR"},{"@type":"Organization","@id":"https:\/\/voyage-aventure.com\/blog\/#organization","name":"Foretsensations.fr","url":"https:\/\/voyage-aventure.com\/blog\/","logo":{"@type":"ImageObject","inLanguage":"fr-FR","@id":"https:\/\/voyage-aventure.com\/blog\/#\/schema\/logo\/image\/","url":"https:\/\/voyage-aventure.com\/blog\/wp-content\/uploads\/2024\/12\/19.png","contentUrl":"https:\/\/voyage-aventure.com\/blog\/wp-content\/uploads\/2024\/12\/19.png","width":512,"height":512,"caption":"Foretsensations.fr"},"image":{"@id":"https:\/\/voyage-aventure.com\/blog\/#\/schema\/logo\/image\/"}},{"@type":"Person","@id":"https:\/\/voyage-aventure.com\/blog\/#\/schema\/person\/3c864cdc320801e3db34b663e7e3f816","name":"Camille Rouvray","image":{"@type":"ImageObject","inLanguage":"fr-FR","@id":"https:\/\/voyage-aventure.com\/blog\/#\/schema\/person\/image\/","url":"https:\/\/voyage-aventure.com\/blog\/wp-content\/uploads\/2026\/06\/persona_camille-r-96x96.jpg","contentUrl":"https:\/\/voyage-aventure.com\/blog\/wp-content\/uploads\/2026\/06\/persona_camille-r-96x96.jpg","caption":"Camille Rouvray"},"description":"Je voyage et j'\u00e9cris sur le voyage depuis une douzaine d'ann\u00e9es, d'abord en tant que routarde au long cours, puis comme r\u00e9dactrice sp\u00e9cialis\u00e9e. Mon terrain de pr\u00e9dilection, ce sont les circuits organis\u00e9s et l'art de bien pr\u00e9parer un itin\u00e9raire : choix de la saison, dur\u00e9e r\u00e9aliste des \u00e9tapes, budget jour par jour, logement et transport sur place. J'aime aussi raconter les p\u00e9pites urbaines, ces adresses qu'on ne trouve pas dans les guides classiques. Avant de publier un dossier destination, je croise toujours plusieurs sources, je v\u00e9rifie les tarifs et les formalit\u00e9s d'entr\u00e9e \u00e0 jour, et je teste moi-m\u00eame quand je le peux. Mon angle reste pratique avant tout : aider le lecteur \u00e0 partir l'esprit tranquille, sans mauvaise surprise une fois sur place. Je m'attache \u00e0 distinguer le coup de c\u0153ur sinc\u00e8re du simple argument marketing.","sameAs":["https:\/\/camillerouvray.fr\/"],"url":"https:\/\/voyage-aventure.com\/blog\/auteur\/noname\/"}]}},"_links":{"self":[{"href":"https:\/\/voyage-aventure.com\/blog\/wp-json\/wp\/v2\/posts\/15863","targetHints":{"allow":["GET"]}}],"collection":[{"href":"https:\/\/voyage-aventure.com\/blog\/wp-json\/wp\/v2\/posts"}],"about":[{"href":"https:\/\/voyage-aventure.com\/blog\/wp-json\/wp\/v2\/types\/post"}],"author":[{"embeddable":true,"href":"https:\/\/voyage-aventure.com\/blog\/wp-json\/wp\/v2\/users\/34"}],"replies":[{"embeddable":true,"href":"https:\/\/voyage-aventure.com\/blog\/wp-json\/wp\/v2\/comments?post=15863"}],"version-history":[{"count":0,"href":"https:\/\/voyage-aventure.com\/blog\/wp-json\/wp\/v2\/posts\/15863\/revisions"}],"wp:featuredmedia":[{"embeddable":true,"href":"https:\/\/voyage-aventure.com\/blog\/wp-json\/wp\/v2\/media\/18380"}],"wp:attachment":[{"href":"https:\/\/voyage-aventure.com\/blog\/wp-json\/wp\/v2\/media?parent=15863"}],"wp:term":[{"taxonomy":"category","embeddable":true,"href":"https:\/\/voyage-aventure.com\/blog\/wp-json\/wp\/v2\/categories?post=15863"},{"taxonomy":"post_tag","embeddable":true,"href":"https:\/\/voyage-aventure.com\/blog\/wp-json\/wp\/v2\/tags?post=15863"}],"curies":[{"name":"wp","href":"https:\/\/api.w.org\/{rel}","templated":true}]}}