{"id":15846,"date":"2025-03-21T06:05:52","date_gmt":"2025-03-21T05:05:52","guid":{"rendered":"https:\/\/voyage-aventure.com\/blog\/?p=15846"},"modified":"2025-03-21T06:05:52","modified_gmt":"2025-03-21T05:05:52","slug":"les-detentions-de-touristes-europeens-aux-frontieres-americaines-inquietent-les-voyageurs","status":"publish","type":"post","link":"https:\/\/voyage-aventure.com\/blog\/a-la-une\/les-detentions-de-touristes-europeens-aux-frontieres-americaines-inquietent-les-voyageurs\/","title":{"rendered":"Les d\u00e9tentions de touristes europ\u00e9ens aux fronti\u00e8res am\u00e9ricaines inqui\u00e8tent les voyageurs"},"content":{"rendered":"<h2>Des exp\u00e9riences traumatisantes \u00e0 la fronti\u00e8re<\/h2>\n<p>Lennon Tyler et son fianc\u00e9 allemand, Lucas Sielaff, avaient l&rsquo;habitude de profiter de leurs vacances aux \u00c9tats-Unis pour explorer le Mexique. Cependant, leur retour de Tijuana a pris une tournure dramatique lorsqu&rsquo;ils ont \u00e9t\u00e9 arr\u00eat\u00e9s par des agents frontaliers am\u00e9ricains. Tyler a \u00e9t\u00e9 menott\u00e9e et attach\u00e9e \u00e0 un banc, tandis que Sielaff a \u00e9t\u00e9 accus\u00e9 de violer les conditions de son permis de touriste.<\/p>\n<p>Les r\u00e9cits de d\u00e9tention ne s&rsquo;arr\u00eatent pas l\u00e0, car d&rsquo;autres touristes europ\u00e9ens, comme Jessica Br\u00f6sche, ont \u00e9galement \u00e9t\u00e9 plong\u00e9s dans des situations similaires. Br\u00f6sche a pass\u00e9 plus de six semaines en d\u00e9tention, dont une semaine en isolement, suscitant des inqui\u00e9tudes sur le traitement des voyageurs \u00e0 la fronti\u00e8re.<\/p>\n<h2>Une atmosph\u00e8re de m\u00e9fiance croissante<\/h2>\n<p>Ces d\u00e9tentions alimentent une anxi\u00e9t\u00e9 croissante parmi les voyageurs, en particulier en raison des politiques migratoires changeantes de l&rsquo;administration Trump. Les universit\u00e9s, comme l&rsquo;Universit\u00e9 de Californie \u00e0 Los Angeles, ont mis en garde leurs \u00e9tudiants \u00e9trangers sur les risques de voyager, soulignant que les exigences de r\u00e9entr\u00e9e pourraient \u00e9voluer. Cette incertitude renforce l&rsquo;id\u00e9e que les touristes europ\u00e9ens, traditionnellement bien accueillis, peuvent maintenant faire face \u00e0 des complications inattendues.<\/p>\n<p>Pedro Rios, directeur d&rsquo;une organisation de services aux migrants, a mentionn\u00e9 que les d\u00e9tentions de voyageurs de pays alli\u00e9s comme l&rsquo;Allemagne \u00e9taient sans pr\u00e9c\u00e9dent. Il a soulign\u00e9 que le climat anti-immigrant semble avoir exacerb\u00e9 la situation, et que les raisons de ces d\u00e9tentions restent floues.<\/p>\n<h2>Une r\u00e9action internationale<\/h2>\n<p>Les incidents r\u00e9cents ont suscit\u00e9 des pr\u00e9occupations \u00e0 l&rsquo;\u00e9chelle internationale, notamment de la part des gouvernements canadiens et britanniques. Les responsables canadiens, comme le Premier ministre de la Colombie-Britannique, ont exprim\u00e9 leur inqui\u00e9tude face aux actions des \u00c9tats-Unis. Ils craignent que ces d\u00e9tentions ne renforcent les tensions entre les pays et n&rsquo;affectent le tourisme.<\/p>\n<p>Avec des cas de d\u00e9tentions prolong\u00e9es, les touristes se retrouvent souvent dans des situations pr\u00e9caires, comme le montre le cas de Becky Burke, qui a pass\u00e9 pr\u00e8s de trois semaines d\u00e9tenue \u00e0 la fronti\u00e8re canado-am\u00e9ricaine. Des personnes qui avaient l&rsquo;intention de passer des vacances inoubliables se retrouvent ainsi \u00e0 vivre une exp\u00e9rience traumatisante.<\/p>\n<blockquote><p>\n\u201cCe qui s&rsquo;est pass\u00e9 \u00e0 la fronti\u00e8re \u00e9tait un abus flagrant du pouvoir de la patrouille frontali\u00e8re.\u201d &#8211; Lennon Tyler\n<\/p><\/blockquote>\n<h2>Les implications pour les futurs voyageurs<\/h2>\n<p>Face \u00e0 cette situation, de nombreux voyageurs europ\u00e9ens reconsid\u00e8rent leurs projets de voyage aux \u00c9tats-Unis. Les t\u00e9moignages de personnes comme Sielaff, qui souffre de cauchemars suite \u00e0 son exp\u00e9rience, r\u00e9v\u00e8lent l&rsquo;impact psychologique des d\u00e9tentions. Ce climat d&rsquo;incertitude pourrait dissuader les touristes de planifier des voyages aux \u00c9tats-Unis, modifiant ainsi les dynamiques touristiques.<\/p>\n<p>Les voyageurs doivent maintenant \u00eatre conscients des risques potentiels et des changements dans les politiques d&rsquo;immigration. Pour ceux qui envisagent de se rendre aux \u00c9tats-Unis, il peut \u00eatre judicieux de se renseigner sur les conditions d&rsquo;entr\u00e9e et de pr\u00e9parer des alternatives au cas o\u00f9 des complications surviendraient. <\/p>\n<ul>\n<li>Rester inform\u00e9 des politiques d&rsquo;immigration actuelles.<\/li>\n<li>V\u00e9rifier les exigences de visa et de r\u00e9entr\u00e9e.<\/li>\n<li>Consid\u00e9rer des destinations alternatives si des inqui\u00e9tudes persistent.<\/li>\n<li>\u00catre pr\u00e9par\u00e9 \u00e0 des situations impr\u00e9vues lors de la travers\u00e9e des fronti\u00e8res.<\/li>\n<\/ul>\n<p>Le climat actuel aux \u00c9tats-Unis soul\u00e8ve des questions fondamentales sur les droits des voyageurs et la mani\u00e8re dont les gouvernements traitent les citoyens et les visiteurs. Alors que des cas de d\u00e9tention continuent de faire surface, il est essentiel que les voyageurs soient prudents et bien inform\u00e9s avant de se lancer dans leurs aventures aux \u00c9tats-Unis. Les histoires de Tyler, Sielaff et d&rsquo;autres soulignent que la vigilance est plus que jamais de mise pour ceux qui envisagent de visiter ce pays.<\/p>\n","protected":false},"excerpt":{"rendered":"","protected":false},"author":34,"featured_media":19666,"comment_status":"open","ping_status":"open","sticky":false,"template":"","format":"standard","meta":{"_acf_changed":false,"manual_indexmenow":false,"indexmenow_id_project":0,"footnotes":""},"categories":[1],"tags":[4636,4713,5688,3170,5755],"class_list":["post-15846","post","type-post","status-publish","format-standard","has-post-thumbnail","hentry","category-a-la-une","tag-destinations","tag-preparation","tag-relations-internationales","tag-securite","tag-voyage-en-solo","generate-columns","tablet-grid-50","mobile-grid-100","grid-parent","grid-25"],"acf":[],"yoast_head":"<!-- This site is optimized with the Yoast SEO Premium plugin v21.3 (Yoast SEO v25.1) - https:\/\/yoast.com\/wordpress\/plugins\/seo\/ -->\n<title>Les d\u00e9tentions de touristes europ\u00e9ens aux fronti\u00e8res<\/title>\n<meta name=\"description\" content=\"Lennon Tyler et son fianc\u00e9 allemand, Lucas Sielaff, avaient l&#039;habitude de profiter de leurs vacances aux \u00c9tats-Unis pour explorer le Mexique. Cependant\" \/>\n<meta name=\"robots\" content=\"index, follow, max-snippet:-1, max-image-preview:large, max-video-preview:-1\" \/>\n<link rel=\"canonical\" href=\"https:\/\/voyage-aventure.com\/blog\/a-la-une\/les-detentions-de-touristes-europeens-aux-frontieres-americaines-inquietent-les-voyageurs\/\" \/>\n<meta property=\"og:locale\" content=\"fr_FR\" \/>\n<meta property=\"og:type\" content=\"article\" \/>\n<meta property=\"og:title\" content=\"Les d\u00e9tentions de touristes europ\u00e9ens aux fronti\u00e8res\" \/>\n<meta property=\"og:description\" content=\"Lennon Tyler et son fianc\u00e9 allemand, Lucas Sielaff, avaient l&#039;habitude de profiter de leurs vacances aux \u00c9tats-Unis pour explorer le Mexique. Cependant\" \/>\n<meta property=\"og:url\" content=\"https:\/\/voyage-aventure.com\/blog\/a-la-une\/les-detentions-de-touristes-europeens-aux-frontieres-americaines-inquietent-les-voyageurs\/\" \/>\n<meta property=\"og:site_name\" content=\"voyage-aventure\" \/>\n<meta property=\"og:image\" content=\"https:\/\/voyage-aventure.com\/blog\/wp-content\/uploads\/2025\/05\/sdxl-ac49d19fe2cfce7eeebea120db040e98-scaled.png\" \/>\n\t<meta property=\"og:image:width\" content=\"1200\" \/>\n\t<meta property=\"og:image:height\" content=\"500\" \/>\n\t<meta property=\"og:image:type\" content=\"image\/png\" \/>\n<meta name=\"author\" content=\"Camille Rouvray\" \/>\n<meta name=\"twitter:card\" content=\"summary_large_image\" \/>\n<script type=\"application\/ld+json\" class=\"yoast-schema-graph\">{\"@context\":\"https:\/\/schema.org\",\"@graph\":[{\"@type\":\"NewsArticle\",\"@id\":\"https:\/\/voyage-aventure.com\/blog\/a-la-une\/les-detentions-de-touristes-europeens-aux-frontieres-americaines-inquietent-les-voyageurs\/#article\",\"isPartOf\":{\"@id\":\"https:\/\/voyage-aventure.com\/blog\/a-la-une\/les-detentions-de-touristes-europeens-aux-frontieres-americaines-inquietent-les-voyageurs\/\"},\"author\":{\"name\":\"Camille Rouvray\",\"@id\":\"https:\/\/voyage-aventure.com\/blog\/#\/schema\/person\/3c864cdc320801e3db34b663e7e3f816\"},\"headline\":\"Les d\u00e9tentions de touristes europ\u00e9ens aux fronti\u00e8res am\u00e9ricaines inqui\u00e8tent les voyageurs\",\"datePublished\":\"2025-03-21T05:05:52+00:00\",\"mainEntityOfPage\":{\"@id\":\"https:\/\/voyage-aventure.com\/blog\/a-la-une\/les-detentions-de-touristes-europeens-aux-frontieres-americaines-inquietent-les-voyageurs\/\"},\"wordCount\":677,\"commentCount\":24,\"publisher\":{\"@id\":\"https:\/\/voyage-aventure.com\/blog\/#organization\"},\"image\":{\"@id\":\"https:\/\/voyage-aventure.com\/blog\/a-la-une\/les-detentions-de-touristes-europeens-aux-frontieres-americaines-inquietent-les-voyageurs\/#primaryimage\"},\"thumbnailUrl\":\"https:\/\/voyage-aventure.com\/blog\/wp-content\/uploads\/2025\/05\/sdxl-ac49d19fe2cfce7eeebea120db040e98-scaled.png\",\"keywords\":[\"Destinations\",\"Pr\u00e9paration\",\"Relations Internationales\",\"S\u00e9curit\u00e9\",\"Voyage en solo\"],\"articleSection\":[\"\u00c0 la une\"],\"inLanguage\":\"fr-FR\",\"potentialAction\":[{\"@type\":\"CommentAction\",\"name\":\"Comment\",\"target\":[\"https:\/\/voyage-aventure.com\/blog\/a-la-une\/les-detentions-de-touristes-europeens-aux-frontieres-americaines-inquietent-les-voyageurs\/#respond\"]}]},{\"@type\":\"WebPage\",\"@id\":\"https:\/\/voyage-aventure.com\/blog\/a-la-une\/les-detentions-de-touristes-europeens-aux-frontieres-americaines-inquietent-les-voyageurs\/\",\"url\":\"https:\/\/voyage-aventure.com\/blog\/a-la-une\/les-detentions-de-touristes-europeens-aux-frontieres-americaines-inquietent-les-voyageurs\/\",\"name\":\"Les d\u00e9tentions de touristes europ\u00e9ens aux fronti\u00e8res\",\"isPartOf\":{\"@id\":\"https:\/\/voyage-aventure.com\/blog\/#website\"},\"primaryImageOfPage\":{\"@id\":\"https:\/\/voyage-aventure.com\/blog\/a-la-une\/les-detentions-de-touristes-europeens-aux-frontieres-americaines-inquietent-les-voyageurs\/#primaryimage\"},\"image\":{\"@id\":\"https:\/\/voyage-aventure.com\/blog\/a-la-une\/les-detentions-de-touristes-europeens-aux-frontieres-americaines-inquietent-les-voyageurs\/#primaryimage\"},\"thumbnailUrl\":\"https:\/\/voyage-aventure.com\/blog\/wp-content\/uploads\/2025\/05\/sdxl-ac49d19fe2cfce7eeebea120db040e98-scaled.png\",\"datePublished\":\"2025-03-21T05:05:52+00:00\",\"description\":\"Lennon Tyler et son fianc\u00e9 allemand, Lucas Sielaff, avaient l'habitude de profiter de leurs vacances aux \u00c9tats-Unis pour explorer le Mexique. Cependant\",\"inLanguage\":\"fr-FR\",\"potentialAction\":[{\"@type\":\"ReadAction\",\"target\":[\"https:\/\/voyage-aventure.com\/blog\/a-la-une\/les-detentions-de-touristes-europeens-aux-frontieres-americaines-inquietent-les-voyageurs\/\"]}]},{\"@type\":\"ImageObject\",\"inLanguage\":\"fr-FR\",\"@id\":\"https:\/\/voyage-aventure.com\/blog\/a-la-une\/les-detentions-de-touristes-europeens-aux-frontieres-americaines-inquietent-les-voyageurs\/#primaryimage\",\"url\":\"https:\/\/voyage-aventure.com\/blog\/wp-content\/uploads\/2025\/05\/sdxl-ac49d19fe2cfce7eeebea120db040e98-scaled.png\",\"contentUrl\":\"https:\/\/voyage-aventure.com\/blog\/wp-content\/uploads\/2025\/05\/sdxl-ac49d19fe2cfce7eeebea120db040e98-scaled.png\",\"width\":1200,\"height\":500},{\"@type\":\"WebSite\",\"@id\":\"https:\/\/voyage-aventure.com\/blog\/#website\",\"url\":\"https:\/\/voyage-aventure.com\/blog\/\",\"name\":\"voyage-aventure.com\",\"description\":\"Votre passeport pour l\u2019inattendu.\",\"publisher\":{\"@id\":\"https:\/\/voyage-aventure.com\/blog\/#organization\"},\"alternateName\":\"Votre passeport pour l\u2019inattendu.\",\"potentialAction\":[{\"@type\":\"SearchAction\",\"target\":{\"@type\":\"EntryPoint\",\"urlTemplate\":\"https:\/\/voyage-aventure.com\/blog\/?s={search_term_string}\"},\"query-input\":{\"@type\":\"PropertyValueSpecification\",\"valueRequired\":true,\"valueName\":\"search_term_string\"}}],\"inLanguage\":\"fr-FR\"},{\"@type\":\"Organization\",\"@id\":\"https:\/\/voyage-aventure.com\/blog\/#organization\",\"name\":\"Foretsensations.fr\",\"url\":\"https:\/\/voyage-aventure.com\/blog\/\",\"logo\":{\"@type\":\"ImageObject\",\"inLanguage\":\"fr-FR\",\"@id\":\"https:\/\/voyage-aventure.com\/blog\/#\/schema\/logo\/image\/\",\"url\":\"https:\/\/voyage-aventure.com\/blog\/wp-content\/uploads\/2024\/12\/19.png\",\"contentUrl\":\"https:\/\/voyage-aventure.com\/blog\/wp-content\/uploads\/2024\/12\/19.png\",\"width\":512,\"height\":512,\"caption\":\"Foretsensations.fr\"},\"image\":{\"@id\":\"https:\/\/voyage-aventure.com\/blog\/#\/schema\/logo\/image\/\"}},{\"@type\":\"Person\",\"@id\":\"https:\/\/voyage-aventure.com\/blog\/#\/schema\/person\/3c864cdc320801e3db34b663e7e3f816\",\"name\":\"Camille Rouvray\",\"image\":{\"@type\":\"ImageObject\",\"inLanguage\":\"fr-FR\",\"@id\":\"https:\/\/voyage-aventure.com\/blog\/#\/schema\/person\/image\/\",\"url\":\"https:\/\/voyage-aventure.com\/blog\/wp-content\/uploads\/2026\/06\/persona_camille-r-96x96.jpg\",\"contentUrl\":\"https:\/\/voyage-aventure.com\/blog\/wp-content\/uploads\/2026\/06\/persona_camille-r-96x96.jpg\",\"caption\":\"Camille Rouvray\"},\"description\":\"Je voyage et j'\u00e9cris sur le voyage depuis une douzaine d'ann\u00e9es, d'abord en tant que routarde au long cours, puis comme r\u00e9dactrice sp\u00e9cialis\u00e9e. Mon terrain de pr\u00e9dilection, ce sont les circuits organis\u00e9s et l'art de bien pr\u00e9parer un itin\u00e9raire : choix de la saison, dur\u00e9e r\u00e9aliste des \u00e9tapes, budget jour par jour, logement et transport sur place. J'aime aussi raconter les p\u00e9pites urbaines, ces adresses qu'on ne trouve pas dans les guides classiques. Avant de publier un dossier destination, je croise toujours plusieurs sources, je v\u00e9rifie les tarifs et les formalit\u00e9s d'entr\u00e9e \u00e0 jour, et je teste moi-m\u00eame quand je le peux. Mon angle reste pratique avant tout : aider le lecteur \u00e0 partir l'esprit tranquille, sans mauvaise surprise une fois sur place. Je m'attache \u00e0 distinguer le coup de c\u0153ur sinc\u00e8re du simple argument marketing.\",\"sameAs\":[\"https:\/\/camillerouvray.fr\/\"],\"url\":\"https:\/\/voyage-aventure.com\/blog\/auteur\/noname\/\"}]}<\/script>\n<!-- \/ Yoast SEO Premium plugin. -->","yoast_head_json":{"title":"Les d\u00e9tentions de touristes europ\u00e9ens aux fronti\u00e8res","description":"Lennon Tyler et son fianc\u00e9 allemand, Lucas Sielaff, avaient l'habitude de profiter de leurs vacances aux \u00c9tats-Unis pour explorer le Mexique. Cependant","robots":{"index":"index","follow":"follow","max-snippet":"max-snippet:-1","max-image-preview":"max-image-preview:large","max-video-preview":"max-video-preview:-1"},"canonical":"https:\/\/voyage-aventure.com\/blog\/a-la-une\/les-detentions-de-touristes-europeens-aux-frontieres-americaines-inquietent-les-voyageurs\/","og_locale":"fr_FR","og_type":"article","og_title":"Les d\u00e9tentions de touristes europ\u00e9ens aux fronti\u00e8res","og_description":"Lennon Tyler et son fianc\u00e9 allemand, Lucas Sielaff, avaient l'habitude de profiter de leurs vacances aux \u00c9tats-Unis pour explorer le Mexique. Cependant","og_url":"https:\/\/voyage-aventure.com\/blog\/a-la-une\/les-detentions-de-touristes-europeens-aux-frontieres-americaines-inquietent-les-voyageurs\/","og_site_name":"voyage-aventure","og_image":[{"width":1200,"height":500,"url":"https:\/\/voyage-aventure.com\/blog\/wp-content\/uploads\/2025\/05\/sdxl-ac49d19fe2cfce7eeebea120db040e98-scaled.png","type":"image\/png"}],"author":"Camille Rouvray","twitter_card":"summary_large_image","schema":{"@context":"https:\/\/schema.org","@graph":[{"@type":"NewsArticle","@id":"https:\/\/voyage-aventure.com\/blog\/a-la-une\/les-detentions-de-touristes-europeens-aux-frontieres-americaines-inquietent-les-voyageurs\/#article","isPartOf":{"@id":"https:\/\/voyage-aventure.com\/blog\/a-la-une\/les-detentions-de-touristes-europeens-aux-frontieres-americaines-inquietent-les-voyageurs\/"},"author":{"name":"Camille Rouvray","@id":"https:\/\/voyage-aventure.com\/blog\/#\/schema\/person\/3c864cdc320801e3db34b663e7e3f816"},"headline":"Les d\u00e9tentions de touristes europ\u00e9ens aux fronti\u00e8res am\u00e9ricaines inqui\u00e8tent les voyageurs","datePublished":"2025-03-21T05:05:52+00:00","mainEntityOfPage":{"@id":"https:\/\/voyage-aventure.com\/blog\/a-la-une\/les-detentions-de-touristes-europeens-aux-frontieres-americaines-inquietent-les-voyageurs\/"},"wordCount":677,"commentCount":24,"publisher":{"@id":"https:\/\/voyage-aventure.com\/blog\/#organization"},"image":{"@id":"https:\/\/voyage-aventure.com\/blog\/a-la-une\/les-detentions-de-touristes-europeens-aux-frontieres-americaines-inquietent-les-voyageurs\/#primaryimage"},"thumbnailUrl":"https:\/\/voyage-aventure.com\/blog\/wp-content\/uploads\/2025\/05\/sdxl-ac49d19fe2cfce7eeebea120db040e98-scaled.png","keywords":["Destinations","Pr\u00e9paration","Relations Internationales","S\u00e9curit\u00e9","Voyage en solo"],"articleSection":["\u00c0 la une"],"inLanguage":"fr-FR","potentialAction":[{"@type":"CommentAction","name":"Comment","target":["https:\/\/voyage-aventure.com\/blog\/a-la-une\/les-detentions-de-touristes-europeens-aux-frontieres-americaines-inquietent-les-voyageurs\/#respond"]}]},{"@type":"WebPage","@id":"https:\/\/voyage-aventure.com\/blog\/a-la-une\/les-detentions-de-touristes-europeens-aux-frontieres-americaines-inquietent-les-voyageurs\/","url":"https:\/\/voyage-aventure.com\/blog\/a-la-une\/les-detentions-de-touristes-europeens-aux-frontieres-americaines-inquietent-les-voyageurs\/","name":"Les d\u00e9tentions de touristes europ\u00e9ens aux fronti\u00e8res","isPartOf":{"@id":"https:\/\/voyage-aventure.com\/blog\/#website"},"primaryImageOfPage":{"@id":"https:\/\/voyage-aventure.com\/blog\/a-la-une\/les-detentions-de-touristes-europeens-aux-frontieres-americaines-inquietent-les-voyageurs\/#primaryimage"},"image":{"@id":"https:\/\/voyage-aventure.com\/blog\/a-la-une\/les-detentions-de-touristes-europeens-aux-frontieres-americaines-inquietent-les-voyageurs\/#primaryimage"},"thumbnailUrl":"https:\/\/voyage-aventure.com\/blog\/wp-content\/uploads\/2025\/05\/sdxl-ac49d19fe2cfce7eeebea120db040e98-scaled.png","datePublished":"2025-03-21T05:05:52+00:00","description":"Lennon Tyler et son fianc\u00e9 allemand, Lucas Sielaff, avaient l'habitude de profiter de leurs vacances aux \u00c9tats-Unis pour explorer le Mexique. Cependant","inLanguage":"fr-FR","potentialAction":[{"@type":"ReadAction","target":["https:\/\/voyage-aventure.com\/blog\/a-la-une\/les-detentions-de-touristes-europeens-aux-frontieres-americaines-inquietent-les-voyageurs\/"]}]},{"@type":"ImageObject","inLanguage":"fr-FR","@id":"https:\/\/voyage-aventure.com\/blog\/a-la-une\/les-detentions-de-touristes-europeens-aux-frontieres-americaines-inquietent-les-voyageurs\/#primaryimage","url":"https:\/\/voyage-aventure.com\/blog\/wp-content\/uploads\/2025\/05\/sdxl-ac49d19fe2cfce7eeebea120db040e98-scaled.png","contentUrl":"https:\/\/voyage-aventure.com\/blog\/wp-content\/uploads\/2025\/05\/sdxl-ac49d19fe2cfce7eeebea120db040e98-scaled.png","width":1200,"height":500},{"@type":"WebSite","@id":"https:\/\/voyage-aventure.com\/blog\/#website","url":"https:\/\/voyage-aventure.com\/blog\/","name":"voyage-aventure.com","description":"Votre passeport pour l\u2019inattendu.","publisher":{"@id":"https:\/\/voyage-aventure.com\/blog\/#organization"},"alternateName":"Votre passeport pour l\u2019inattendu.","potentialAction":[{"@type":"SearchAction","target":{"@type":"EntryPoint","urlTemplate":"https:\/\/voyage-aventure.com\/blog\/?s={search_term_string}"},"query-input":{"@type":"PropertyValueSpecification","valueRequired":true,"valueName":"search_term_string"}}],"inLanguage":"fr-FR"},{"@type":"Organization","@id":"https:\/\/voyage-aventure.com\/blog\/#organization","name":"Foretsensations.fr","url":"https:\/\/voyage-aventure.com\/blog\/","logo":{"@type":"ImageObject","inLanguage":"fr-FR","@id":"https:\/\/voyage-aventure.com\/blog\/#\/schema\/logo\/image\/","url":"https:\/\/voyage-aventure.com\/blog\/wp-content\/uploads\/2024\/12\/19.png","contentUrl":"https:\/\/voyage-aventure.com\/blog\/wp-content\/uploads\/2024\/12\/19.png","width":512,"height":512,"caption":"Foretsensations.fr"},"image":{"@id":"https:\/\/voyage-aventure.com\/blog\/#\/schema\/logo\/image\/"}},{"@type":"Person","@id":"https:\/\/voyage-aventure.com\/blog\/#\/schema\/person\/3c864cdc320801e3db34b663e7e3f816","name":"Camille Rouvray","image":{"@type":"ImageObject","inLanguage":"fr-FR","@id":"https:\/\/voyage-aventure.com\/blog\/#\/schema\/person\/image\/","url":"https:\/\/voyage-aventure.com\/blog\/wp-content\/uploads\/2026\/06\/persona_camille-r-96x96.jpg","contentUrl":"https:\/\/voyage-aventure.com\/blog\/wp-content\/uploads\/2026\/06\/persona_camille-r-96x96.jpg","caption":"Camille Rouvray"},"description":"Je voyage et j'\u00e9cris sur le voyage depuis une douzaine d'ann\u00e9es, d'abord en tant que routarde au long cours, puis comme r\u00e9dactrice sp\u00e9cialis\u00e9e. Mon terrain de pr\u00e9dilection, ce sont les circuits organis\u00e9s et l'art de bien pr\u00e9parer un itin\u00e9raire : choix de la saison, dur\u00e9e r\u00e9aliste des \u00e9tapes, budget jour par jour, logement et transport sur place. J'aime aussi raconter les p\u00e9pites urbaines, ces adresses qu'on ne trouve pas dans les guides classiques. Avant de publier un dossier destination, je croise toujours plusieurs sources, je v\u00e9rifie les tarifs et les formalit\u00e9s d'entr\u00e9e \u00e0 jour, et je teste moi-m\u00eame quand je le peux. Mon angle reste pratique avant tout : aider le lecteur \u00e0 partir l'esprit tranquille, sans mauvaise surprise une fois sur place. Je m'attache \u00e0 distinguer le coup de c\u0153ur sinc\u00e8re du simple argument marketing.","sameAs":["https:\/\/camillerouvray.fr\/"],"url":"https:\/\/voyage-aventure.com\/blog\/auteur\/noname\/"}]}},"_links":{"self":[{"href":"https:\/\/voyage-aventure.com\/blog\/wp-json\/wp\/v2\/posts\/15846","targetHints":{"allow":["GET"]}}],"collection":[{"href":"https:\/\/voyage-aventure.com\/blog\/wp-json\/wp\/v2\/posts"}],"about":[{"href":"https:\/\/voyage-aventure.com\/blog\/wp-json\/wp\/v2\/types\/post"}],"author":[{"embeddable":true,"href":"https:\/\/voyage-aventure.com\/blog\/wp-json\/wp\/v2\/users\/34"}],"replies":[{"embeddable":true,"href":"https:\/\/voyage-aventure.com\/blog\/wp-json\/wp\/v2\/comments?post=15846"}],"version-history":[{"count":1,"href":"https:\/\/voyage-aventure.com\/blog\/wp-json\/wp\/v2\/posts\/15846\/revisions"}],"predecessor-version":[{"id":15847,"href":"https:\/\/voyage-aventure.com\/blog\/wp-json\/wp\/v2\/posts\/15846\/revisions\/15847"}],"wp:featuredmedia":[{"embeddable":true,"href":"https:\/\/voyage-aventure.com\/blog\/wp-json\/wp\/v2\/media\/19666"}],"wp:attachment":[{"href":"https:\/\/voyage-aventure.com\/blog\/wp-json\/wp\/v2\/media?parent=15846"}],"wp:term":[{"taxonomy":"category","embeddable":true,"href":"https:\/\/voyage-aventure.com\/blog\/wp-json\/wp\/v2\/categories?post=15846"},{"taxonomy":"post_tag","embeddable":true,"href":"https:\/\/voyage-aventure.com\/blog\/wp-json\/wp\/v2\/tags?post=15846"}],"curies":[{"name":"wp","href":"https:\/\/api.w.org\/{rel}","templated":true}]}}