{"id":15818,"date":"2026-06-16T17:21:50","date_gmt":"2026-06-16T15:21:50","guid":{"rendered":"https:\/\/voyage-aventure.com\/blog\/?p=15818"},"modified":"2026-06-16T17:21:50","modified_gmt":"2026-06-16T15:21:50","slug":"des-inquietudes-croissantes-pour-les-allies-des-etats-unis-face-aux-politiques-dimmigration-de-trump","status":"publish","type":"post","link":"https:\/\/voyage-aventure.com\/blog\/a-la-une\/des-inquietudes-croissantes-pour-les-allies-des-etats-unis-face-aux-politiques-dimmigration-de-trump\/","title":{"rendered":"Des inqui\u00e9tudes croissantes pour les alli\u00e9s des \u00c9tats-Unis face aux politiques d&rsquo;immigration de Trump"},"content":{"rendered":"<link rel=\"stylesheet\" href=\"https:\/\/fonts.googleapis.com\/css2?family=Newsreader:ital,opsz,wght@0,6..72,500..700;1,6..72,500..600&#038;family=Inter:wght@400;500;600&#038;family=JetBrains+Mono:wght@500&#038;display=swap\">\n<style>\n.va-alliesimmig-wrap{font-family:'Inter',-apple-system,BlinkMacSystemFont,sans-serif;color:#1F2733;line-height:1.65;font-size:17px}\n.va-alliesimmig-wrap h2{font-family:'Newsreader',Georgia,serif;font-weight:700;font-size:clamp(24px,3.2vw,33px);line-height:1.2;letter-spacing:-.01em;color:#16202E;margin:48px 0 16px}\n.va-alliesimmig-wrap h3{font-family:'Newsreader',Georgia,serif;font-weight:600;font-size:clamp(19px,2.2vw,22px);color:#16202E;margin:24px 0 10px}\n.va-alliesimmig-wrap p{margin:0 0 18px}\n.va-alliesimmig-kicker{display:inline-block;font-family:'JetBrains Mono',monospace;font-size:12px;font-weight:500;letter-spacing:.14em;text-transform:uppercase;color:#4A5568;border:1px solid #CBD3DE;border-radius:3px;padding:5px 11px;margin-bottom:18px}\n.va-alliesimmig-lead{font-family:'Newsreader',Georgia,serif;font-size:clamp(19px,2.4vw,23px);line-height:1.5;color:#2A3543;margin:0 0 28px}\n.va-alliesimmig-dateline{font-family:'JetBrains Mono',monospace;font-size:12.5px;letter-spacing:.06em;color:#4A5568;margin-bottom:8px}\n.va-alliesimmig-brief{background:#F4F6F9;border-left:5px solid #4A5568;border-radius:4px;padding:24px 26px;margin:0 0 36px;box-shadow:0 1px 2px rgba(16,24,40,.05),0 14px 30px -20px rgba(16,24,40,.22)}\n.va-alliesimmig-brief .va-alliesimmig-bt{font-family:'JetBrains Mono',monospace;font-size:12px;letter-spacing:.14em;text-transform:uppercase;color:#4A5568;margin-bottom:16px}\n.va-alliesimmig-row{display:flex;gap:14px;padding:11px 0;border-top:1px solid #E1E6ED}\n.va-alliesimmig-row:first-of-type{border-top:none;padding-top:2px}\n.va-alliesimmig-lbl{flex:0 0 92px;font-family:'JetBrains Mono',monospace;font-size:11.5px;letter-spacing:.08em;text-transform:uppercase;color:#4A5568;padding-top:2px}\n.va-alliesimmig-val{flex:1;color:#26303D}\n.va-alliesimmig-grid{display:grid;grid-template-columns:repeat(auto-fit,minmax(240px,1fr));gap:22px;margin:28px 0}\n.va-alliesimmig-card{background:#fff;border:1px solid #E1E6ED;border-top:3px solid #4A5568;border-radius:6px;padding:24px;transition:.25s ease;box-shadow:0 1px 2px rgba(16,24,40,.05)}\n.va-alliesimmig-card:hover{transform:translateY(-3px);box-shadow:0 1px 2px rgba(16,24,40,.05),0 16px 32px -18px rgba(16,24,40,.28);border-color:#CBD3DE}\n.va-alliesimmig-card .va-alliesimmig-flag{font-family:'JetBrains Mono',monospace;font-size:11.5px;letter-spacing:.1em;text-transform:uppercase;color:#4A5568;margin-bottom:10px}\n.va-alliesimmig-card h3{margin-top:0}\n.va-alliesimmig-card .va-alliesimmig-txt{color:#3A4452;font-size:15.5px;line-height:1.6}\n.va-alliesimmig-quote{font-family:'Newsreader',Georgia,serif;font-style:italic;font-size:clamp(21px,2.8vw,27px);line-height:1.4;color:#1B2530;border-left:4px solid #4A5568;padding:6px 0 6px 26px;margin:36px 0}\n.va-alliesimmig-quote cite{display:block;font-family:'JetBrains Mono',monospace;font-style:normal;font-size:12.5px;letter-spacing:.06em;color:#4A5568;margin-top:14px}\n.va-alliesimmig-retenir{background:#16202E;border-radius:6px;padding:26px 28px;margin:40px 0;box-shadow:0 16px 34px -22px rgba(16,24,40,.6)}\n.va-alliesimmig-retenir .va-alliesimmig-bt{font-family:'JetBrains Mono',monospace;font-size:12px;letter-spacing:.14em;text-transform:uppercase;color:#9FB0C4;margin-bottom:14px}\n.va-alliesimmig-retenir ul{margin:0;padding:0;list-style:none}\n.va-alliesimmig-retenir li{color:#E6ECF3;font-size:15.5px;line-height:1.55;padding:9px 0 9px 24px;position:relative;border-top:1px solid #2A3645}\n.va-alliesimmig-retenir li:first-child{border-top:none}\n.va-alliesimmig-retenir li::before{content:\"\u203a\";position:absolute;left:2px;top:8px;color:#8FA4BD;font-weight:600}\n.va-alliesimmig-src{display:flex;gap:16px;align-items:flex-start;background:#F4F6F9;border:1px solid #D7DEE7;border-radius:6px;padding:22px 24px;margin:36px 0}\n.va-alliesimmig-src .va-alliesimmig-mark{flex:0 0 auto;font-family:'JetBrains Mono',monospace;font-size:13px;font-weight:500;letter-spacing:.06em;color:#4A5568;border:1px solid #4A5568;border-radius:4px;padding:7px 10px}\n.va-alliesimmig-src .va-alliesimmig-sx{flex:1}\n.va-alliesimmig-src .va-alliesimmig-sx .va-alliesimmig-st{font-weight:600;color:#1F2733;margin-bottom:6px}\n.va-alliesimmig-src .va-alliesimmig-sx .va-alliesimmig-sb{font-size:14.5px;color:#46505E;line-height:1.55}\n.va-alliesimmig-wrap details{border:1px solid #E1E6ED;border-radius:6px;margin:0 0 12px;background:#fff;transition:.2s ease}\n.va-alliesimmig-wrap details[open]{border-color:#CBD3DE;box-shadow:0 12px 26px -20px rgba(16,24,40,.3)}\n.va-alliesimmig-wrap summary{cursor:pointer;list-style:none;padding:16px 20px;font-weight:600;color:#1B2530;font-size:16px;display:flex;justify-content:space-between;align-items:center}\n.va-alliesimmig-wrap summary::-webkit-details-marker{display:none}\n.va-alliesimmig-wrap summary::after{content:\"+\";color:#4A5568;font-size:20px;font-weight:500;margin-left:14px}\n.va-alliesimmig-wrap details[open] summary::after{content:\"\u2013\"}\n.va-alliesimmig-wrap details .va-alliesimmig-ans{padding:0 20px 18px;color:#3A4452;font-size:15.5px;line-height:1.6}\n\/*RENDERFIX2*\/.va-alliesimmig-retenir{color:#eef3f9!important}.va-alliesimmig-retenir p,.va-alliesimmig-retenir li,.va-alliesimmig-retenir strong,.va-alliesimmig-retenir em,.va-alliesimmig-retenir a,.va-alliesimmig-retenir span,.va-alliesimmig-retenir b,.va-alliesimmig-retenir td,.va-alliesimmig-retenir th,.va-alliesimmig-retenir h2,.va-alliesimmig-retenir h3,.va-alliesimmig-retenir h4{color:#eef3f9!important}.va-alliesimmig-retenir strong,.va-alliesimmig-retenir b{color:#ffffff!important}<\/style>\n<div class=\"va-alliesimmig-wrap\">\n<span class=\"va-alliesimmig-kicker\">Diplomatie \u00b7 Immigration<\/span><\/p>\n<div class=\"va-alliesimmig-dateline\">Publi\u00e9 le 21 mars 2025<\/div>\n<div class=\"va-alliesimmig-lead\">Selon les \u00e9l\u00e9ments rapport\u00e9s, plusieurs alli\u00e9s des \u00c9tats-Unis font part d&rsquo;inqui\u00e9tudes croissantes face au durcissement des politiques d&rsquo;immigration de l&rsquo;administration Trump, et ajustent leurs conseils aux voyageurs pour leurs ressortissants.<\/div>\n<div class=\"va-alliesimmig-brief\">\n<div class=\"va-alliesimmig-bt\">En bref<\/div>\n<div class=\"va-alliesimmig-row\">\n<div class=\"va-alliesimmig-lbl\">Quoi<\/div>\n<div class=\"va-alliesimmig-val\">Des alli\u00e9s des \u00c9tats-Unis (Allemagne, Royaume-Uni, France cit\u00e9s) expriment des pr\u00e9occupations face \u00e0 l&rsquo;application stricte des r\u00e8gles d&rsquo;entr\u00e9e am\u00e9ricaines et mettent \u00e0 jour leurs conseils de voyage.<\/div>\n<\/div>\n<div class=\"va-alliesimmig-row\">\n<div class=\"va-alliesimmig-lbl\">Source<\/div>\n<div class=\"va-alliesimmig-val\">D&rsquo;apr\u00e8s les d\u00e9clarations et mises \u00e0 jour attribu\u00e9es aux gouvernements des pays cit\u00e9s, telles que rapport\u00e9es dans l&rsquo;article d&rsquo;origine (mars 2025).<\/div>\n<\/div>\n<div class=\"va-alliesimmig-row\">\n<div class=\"va-alliesimmig-lbl\">Enjeu<\/div>\n<div class=\"va-alliesimmig-val\">Selon les pays concern\u00e9s, un visa ou une dispense d&rsquo;entr\u00e9e ne garantit pas l&rsquo;acc\u00e8s automatique au territoire ; un impact possible sur le tourisme et les relations diplomatiques est \u00e9voqu\u00e9.<\/div>\n<\/div>\n<\/div>\n<h2>Les pr\u00e9occupations des alli\u00e9s face aux politiques d&rsquo;immigration<\/h2>\n<p>D&rsquo;apr\u00e8s l&rsquo;article d&rsquo;origine, l&rsquo;approche stricte de l&rsquo;administration Trump en mati\u00e8re d&rsquo;immigration soul\u00e8ve des inqui\u00e9tudes parmi les alli\u00e9s des \u00c9tats-Unis. Selon les \u00e9l\u00e9ments rapport\u00e9s, les gouvernements de pays comme l&rsquo;Allemagne et le Royaume-Uni surveillent de pr\u00e8s le traitement r\u00e9serv\u00e9 \u00e0 leurs citoyens lors de leurs voyages aux \u00c9tats-Unis. Toujours selon ces sources, plusieurs citoyens allemands ont r\u00e9cemment \u00e9t\u00e9 d\u00e9tenus, ce qui a incit\u00e9 le gouvernement allemand \u00e0 mettre \u00e0 jour ses conseils de voyage.<\/p>\n<p>Ces mises \u00e0 jour des conseils de voyage soulignent que le fait de poss\u00e9der un visa ou une dispense d&rsquo;entr\u00e9e ne garantit pas l&rsquo;acc\u00e8s automatique aux \u00c9tats-Unis. Un porte-parole du minist\u00e8re allemand des Affaires \u00e9trang\u00e8res a d\u00e9clar\u00e9 que \u00ab la d\u00e9cision finale sur l&rsquo;entr\u00e9e d&rsquo;une personne aux \u00c9tats-Unis revient aux autorit\u00e9s frontali\u00e8res am\u00e9ricaines \u00bb. Bien que cela n&rsquo;ait pas \u00e9t\u00e9 qualifi\u00e9 d&rsquo;avertissement formel, cette vigilance accrue est pr\u00e9sent\u00e9e, selon les sources cit\u00e9es, comme le signe d&rsquo;une inqui\u00e9tude croissante face \u00e0 ces d\u00e9tentions.<\/p>\n<p><iframe loading=\"lazy\" title=\"L&#039;Int\u00e9grale des questions au Gouvernement | 11\/03\/25\" width=\"1200\" height=\"675\" src=\"https:\/\/www.youtube.com\/embed\/DXQER68x16E?feature=oembed\" frameborder=\"0\" allow=\"accelerometer; autoplay; clipboard-write; encrypted-media; gyroscope; picture-in-picture; web-share\" referrerpolicy=\"strict-origin-when-cross-origin\" allowfullscreen><\/iframe><\/p>\n<h2>Les r\u00e9ponses des gouvernements europ\u00e9ens<\/h2>\n<p>Selon les \u00e9l\u00e9ments rapport\u00e9s, le Royaume-Uni a \u00e9galement r\u00e9agi en mettant \u00e0 jour ses conseils de voyage pour ses citoyens se rendant aux \u00c9tats-Unis. L&rsquo;avertissement indiquerait que les autorit\u00e9s am\u00e9ricaines appliquent \u00ab strictement \u00bb les r\u00e8gles d&rsquo;entr\u00e9e et que ceux qui les enfreignent peuvent faire face \u00e0 des arrestations. D&rsquo;apr\u00e8s la m\u00eame source, cette mesure vise \u00e0 informer les voyageurs des cons\u00e9quences potentielles lors de l&rsquo;entr\u00e9e sur le territoire am\u00e9ricain.<\/p>\n<p>Parall\u00e8lement, toujours d&rsquo;apr\u00e8s l&rsquo;article d&rsquo;origine, un ministre fran\u00e7ais a \u00e9voqu\u00e9 le cas d&rsquo;un scientifique qui aurait \u00e9t\u00e9 bloqu\u00e9 \u00e0 l&rsquo;entr\u00e9e des \u00c9tats-Unis en raison de messages critiques \u00e0 l&rsquo;\u00e9gard de l&rsquo;administration Trump. Philippe Baptiste, ministre de l&rsquo;Enseignement sup\u00e9rieur en France, aurait d\u00e9fendu la libert\u00e9 d&rsquo;opinion et de recherche, affirmant que ces valeurs doivent \u00eatre respect\u00e9es dans le cadre des lois en vigueur. Selon les sources cit\u00e9es, ces incidents sont pr\u00e9sent\u00e9s comme r\u00e9v\u00e9lateurs de tensions entre les \u00c9tats-Unis et certains de ses alli\u00e9s sur le plan des droits individuels.<\/p>\n<div class=\"va-alliesimmig-grid\">\n<div class=\"va-alliesimmig-card\">\n<div class=\"va-alliesimmig-flag\">Allemagne<\/div>\n<h3>Conseils de voyage actualis\u00e9s<\/h3>\n<div class=\"va-alliesimmig-txt\">Selon les sources cit\u00e9es, Berlin a mis \u00e0 jour ses recommandations apr\u00e8s des d\u00e9tentions signal\u00e9es de ressortissants, en rappelant que la d\u00e9cision d&rsquo;entr\u00e9e appartient aux autorit\u00e9s frontali\u00e8res am\u00e9ricaines.<\/div>\n<\/div>\n<div class=\"va-alliesimmig-card\">\n<div class=\"va-alliesimmig-flag\">Royaume-Uni<\/div>\n<h3>Mise en garde sur les r\u00e8gles d&rsquo;entr\u00e9e<\/h3>\n<div class=\"va-alliesimmig-txt\">D&rsquo;apr\u00e8s l&rsquo;article d&rsquo;origine, Londres souligne que les r\u00e8gles d&rsquo;entr\u00e9e seraient appliqu\u00e9es \u00ab strictement \u00bb et que tout manquement pourrait exposer \u00e0 des arrestations.<\/div>\n<\/div>\n<div class=\"va-alliesimmig-card\">\n<div class=\"va-alliesimmig-flag\">France<\/div>\n<h3>Cas d&rsquo;un scientifique bloqu\u00e9<\/h3>\n<div class=\"va-alliesimmig-txt\">Selon les \u00e9l\u00e9ments rapport\u00e9s, un ministre a \u00e9voqu\u00e9 le cas d&rsquo;un chercheur refoul\u00e9, en rappelant son attachement \u00e0 la libert\u00e9 d&rsquo;opinion et de recherche.<\/div>\n<\/div>\n<\/div>\n<h2>Les implications pour le tourisme et les relations internationales<\/h2>\n<p>D&rsquo;apr\u00e8s l&rsquo;article d&rsquo;origine, les politiques d&rsquo;immigration de l&rsquo;administration Trump pourraient avoir des cons\u00e9quences durables sur le tourisme aux \u00c9tats-Unis. Selon les \u00e9l\u00e9ments rapport\u00e9s, des craintes d&rsquo;arrestations et de d\u00e9tentions inciteraient certains voyageurs \u00e0 reconsid\u00e9rer leurs projets de visite. Toujours selon ces sources, des observateurs estiment qu&rsquo;une diminution du tourisme pourrait avoir un impact \u00e9conomique, dans un pays pr\u00e9sent\u00e9 comme d\u00e9j\u00e0 confront\u00e9 \u00e0 des d\u00e9fis \u00e9conomiques.<\/p>\n<p>Les tensions entre les \u00c9tats-Unis et ses alli\u00e9s sur cette question pourraient \u00e9galement affecter les relations diplomatiques, d&rsquo;apr\u00e8s les m\u00eames sources. Un climat de m\u00e9fiance pourrait compliquer les n\u00e9gociations sur d&rsquo;autres sujets, allant du commerce aux questions de s\u00e9curit\u00e9. Selon les \u00e9l\u00e9ments rapport\u00e9s, certains pays alli\u00e9s, en particulier en Europe, pourraient \u00eatre amen\u00e9s \u00e0 repenser leurs politiques de coop\u00e9ration avec les \u00c9tats-Unis face \u00e0 ces pr\u00e9occupations.<\/p>\n<blockquote class=\"va-alliesimmig-quote\"><p>\u201cLa libert\u00e9 d&rsquo;opinion, la recherche libre et la libert\u00e9 acad\u00e9mique sont des valeurs que nous continuerons \u00e0 d\u00e9fendre fi\u00e8rement.\u201d<cite>\u2014 Philippe Baptiste<\/cite><\/p><\/blockquote>\n<div class=\"va-alliesimmig-retenir\">\n<div class=\"va-alliesimmig-bt\">Ce qu&rsquo;il faut retenir<\/div>\n<ul>\n<li>Politique d&rsquo;immigration stricte, telle que rapport\u00e9e par les sources cit\u00e9es<\/li>\n<li>Inqui\u00e9tudes exprim\u00e9es par des alli\u00e9s des \u00c9tats-Unis<\/li>\n<li>Cons\u00e9quences possibles sur le tourisme \u00e9voqu\u00e9es par les sources<\/li>\n<li>Tensions diplomatiques d\u00e9crites comme accrues<\/li>\n<li>Cas de d\u00e9tentions pr\u00e9sent\u00e9s comme controvers\u00e9s<\/li>\n<\/ul>\n<\/div>\n<div class=\"va-alliesimmig-src\">\n<div class=\"va-alliesimmig-mark\">i<\/div>\n<div class=\"va-alliesimmig-sx\">\n<div class=\"va-alliesimmig-st\">Avant tout d\u00e9placement, consultez les sources officielles \u00e0 jour<\/div>\n<div class=\"va-alliesimmig-sb\">Les conseils aux voyageurs \u00e9voluent. Reportez-vous aux recommandations officielles du minist\u00e8re des Affaires \u00e9trang\u00e8res de votre pays et aux informations des autorit\u00e9s frontali\u00e8res am\u00e9ricaines, qui font foi sur les conditions d&rsquo;entr\u00e9e r\u00e9elles.<\/div>\n<\/div>\n<\/div>\n<h2>Questions fr\u00e9quentes<\/h2>\n<details>\n<summary>Un visa garantit-il l&rsquo;entr\u00e9e aux \u00c9tats-Unis selon les sources cit\u00e9es ?<\/summary>\n<div class=\"va-alliesimmig-ans\">Non. D&rsquo;apr\u00e8s les \u00e9l\u00e9ments rapport\u00e9s en mars 2025, les gouvernements cit\u00e9s rappellent qu&rsquo;un visa ou une dispense d&rsquo;entr\u00e9e ne garantit pas l&rsquo;acc\u00e8s automatique : la d\u00e9cision finale appartiendrait aux autorit\u00e9s frontali\u00e8res am\u00e9ricaines.<\/div>\n<\/details>\n<details>\n<summary>Quels pays ont actualis\u00e9 leurs conseils de voyage ?<\/summary>\n<div class=\"va-alliesimmig-ans\">Selon l&rsquo;article d&rsquo;origine, l&rsquo;Allemagne et le Royaume-Uni sont cit\u00e9s comme ayant mis \u00e0 jour leurs conseils aux voyageurs ; la France est \u00e9voqu\u00e9e pour la r\u00e9action d&rsquo;un ministre au sujet d&rsquo;un scientifique bloqu\u00e9 \u00e0 l&rsquo;entr\u00e9e.<\/div>\n<\/details>\n<details>\n<summary>Quel impact ces mesures pourraient-elles avoir ?<\/summary>\n<div class=\"va-alliesimmig-ans\">D&rsquo;apr\u00e8s les sources cit\u00e9es, ces pr\u00e9occupations pourraient peser sur le tourisme am\u00e9ricain et compliquer certaines relations diplomatiques entre les \u00c9tats-Unis et plusieurs de leurs alli\u00e9s. Ces \u00e9l\u00e9ments sont pr\u00e9sent\u00e9s comme des hypoth\u00e8ses rapport\u00e9es, et non comme des faits \u00e9tablis.<\/div>\n<\/details>\n<\/div>\n","protected":false},"excerpt":{"rendered":"","protected":false},"author":34,"featured_media":20338,"comment_status":"open","ping_status":"open","sticky":false,"template":"","format":"standard","meta":{"_acf_changed":false,"manual_indexmenow":false,"indexmenow_id_project":0,"footnotes":""},"categories":[1],"tags":[4680,5688,3170,5008,4635],"class_list":["post-15818","post","type-post","status-publish","format-standard","has-post-thumbnail","hentry","category-a-la-une","tag-conseils","tag-relations-internationales","tag-securite","tag-tourisme","tag-voyage","generate-columns","tablet-grid-50","mobile-grid-100","grid-parent","grid-25"],"acf":[],"yoast_head":"<!-- This site is optimized with the Yoast SEO Premium plugin v21.3 (Yoast SEO v25.1) - https:\/\/yoast.com\/wordpress\/plugins\/seo\/ -->\n<title>Des inqui\u00e9tudes croissantes pour les alli\u00e9s des \u00c9tats-Unis<\/title>\n<meta name=\"description\" content=\"Selon les \u00e9l\u00e9ments rapport\u00e9s, plusieurs alli\u00e9s des \u00c9tats-Unis font part d&#039;inqui\u00e9tudes croissantes face au durcissement des politiques d&#039;immigration de\" \/>\n<meta name=\"robots\" content=\"index, follow, max-snippet:-1, max-image-preview:large, max-video-preview:-1\" \/>\n<link rel=\"canonical\" href=\"https:\/\/voyage-aventure.com\/blog\/a-la-une\/des-inquietudes-croissantes-pour-les-allies-des-etats-unis-face-aux-politiques-dimmigration-de-trump\/\" \/>\n<meta property=\"og:locale\" content=\"fr_FR\" \/>\n<meta property=\"og:type\" content=\"article\" \/>\n<meta property=\"og:title\" content=\"Des inqui\u00e9tudes croissantes pour les alli\u00e9s des \u00c9tats-Unis\" \/>\n<meta property=\"og:description\" content=\"Selon les \u00e9l\u00e9ments rapport\u00e9s, plusieurs alli\u00e9s des \u00c9tats-Unis font part d&#039;inqui\u00e9tudes croissantes face au durcissement des politiques d&#039;immigration de\" \/>\n<meta property=\"og:url\" content=\"https:\/\/voyage-aventure.com\/blog\/a-la-une\/des-inquietudes-croissantes-pour-les-allies-des-etats-unis-face-aux-politiques-dimmigration-de-trump\/\" \/>\n<meta property=\"og:site_name\" content=\"voyage-aventure\" \/>\n<meta property=\"og:image\" content=\"https:\/\/voyage-aventure.com\/blog\/wp-content\/uploads\/2025\/05\/sdxl-1612bcff72363cb04bd806c2c92ca7d3-scaled.png\" \/>\n\t<meta property=\"og:image:width\" content=\"1200\" \/>\n\t<meta property=\"og:image:height\" content=\"500\" \/>\n\t<meta property=\"og:image:type\" content=\"image\/png\" \/>\n<meta name=\"author\" content=\"Camille Rouvray\" \/>\n<meta name=\"twitter:card\" content=\"summary_large_image\" \/>\n<script type=\"application\/ld+json\" class=\"yoast-schema-graph\">{\"@context\":\"https:\/\/schema.org\",\"@graph\":[{\"@type\":\"NewsArticle\",\"@id\":\"https:\/\/voyage-aventure.com\/blog\/a-la-une\/des-inquietudes-croissantes-pour-les-allies-des-etats-unis-face-aux-politiques-dimmigration-de-trump\/#article\",\"isPartOf\":{\"@id\":\"https:\/\/voyage-aventure.com\/blog\/a-la-une\/des-inquietudes-croissantes-pour-les-allies-des-etats-unis-face-aux-politiques-dimmigration-de-trump\/\"},\"author\":{\"name\":\"Camille Rouvray\",\"@id\":\"https:\/\/voyage-aventure.com\/blog\/#\/schema\/person\/3c864cdc320801e3db34b663e7e3f816\"},\"headline\":\"Des inqui\u00e9tudes croissantes pour les alli\u00e9s des \u00c9tats-Unis face aux politiques d&rsquo;immigration de Trump\",\"datePublished\":\"2026-06-16T15:21:50+00:00\",\"mainEntityOfPage\":{\"@id\":\"https:\/\/voyage-aventure.com\/blog\/a-la-une\/des-inquietudes-croissantes-pour-les-allies-des-etats-unis-face-aux-politiques-dimmigration-de-trump\/\"},\"wordCount\":1136,\"commentCount\":23,\"publisher\":{\"@id\":\"https:\/\/voyage-aventure.com\/blog\/#organization\"},\"image\":{\"@id\":\"https:\/\/voyage-aventure.com\/blog\/a-la-une\/des-inquietudes-croissantes-pour-les-allies-des-etats-unis-face-aux-politiques-dimmigration-de-trump\/#primaryimage\"},\"thumbnailUrl\":\"https:\/\/voyage-aventure.com\/blog\/wp-content\/uploads\/2025\/05\/sdxl-1612bcff72363cb04bd806c2c92ca7d3-scaled.png\",\"keywords\":[\"Conseils\",\"Relations Internationales\",\"S\u00e9curit\u00e9\",\"Tourisme\",\"Voyage\"],\"articleSection\":[\"\u00c0 la une\"],\"inLanguage\":\"fr-FR\",\"potentialAction\":[{\"@type\":\"CommentAction\",\"name\":\"Comment\",\"target\":[\"https:\/\/voyage-aventure.com\/blog\/a-la-une\/des-inquietudes-croissantes-pour-les-allies-des-etats-unis-face-aux-politiques-dimmigration-de-trump\/#respond\"]}]},{\"@type\":\"WebPage\",\"@id\":\"https:\/\/voyage-aventure.com\/blog\/a-la-une\/des-inquietudes-croissantes-pour-les-allies-des-etats-unis-face-aux-politiques-dimmigration-de-trump\/\",\"url\":\"https:\/\/voyage-aventure.com\/blog\/a-la-une\/des-inquietudes-croissantes-pour-les-allies-des-etats-unis-face-aux-politiques-dimmigration-de-trump\/\",\"name\":\"Des inqui\u00e9tudes croissantes pour les alli\u00e9s des \u00c9tats-Unis\",\"isPartOf\":{\"@id\":\"https:\/\/voyage-aventure.com\/blog\/#website\"},\"primaryImageOfPage\":{\"@id\":\"https:\/\/voyage-aventure.com\/blog\/a-la-une\/des-inquietudes-croissantes-pour-les-allies-des-etats-unis-face-aux-politiques-dimmigration-de-trump\/#primaryimage\"},\"image\":{\"@id\":\"https:\/\/voyage-aventure.com\/blog\/a-la-une\/des-inquietudes-croissantes-pour-les-allies-des-etats-unis-face-aux-politiques-dimmigration-de-trump\/#primaryimage\"},\"thumbnailUrl\":\"https:\/\/voyage-aventure.com\/blog\/wp-content\/uploads\/2025\/05\/sdxl-1612bcff72363cb04bd806c2c92ca7d3-scaled.png\",\"datePublished\":\"2026-06-16T15:21:50+00:00\",\"description\":\"Selon les \u00e9l\u00e9ments rapport\u00e9s, plusieurs alli\u00e9s des \u00c9tats-Unis font part d'inqui\u00e9tudes croissantes face au durcissement des politiques d'immigration de\",\"inLanguage\":\"fr-FR\",\"potentialAction\":[{\"@type\":\"ReadAction\",\"target\":[\"https:\/\/voyage-aventure.com\/blog\/a-la-une\/des-inquietudes-croissantes-pour-les-allies-des-etats-unis-face-aux-politiques-dimmigration-de-trump\/\"]}]},{\"@type\":\"ImageObject\",\"inLanguage\":\"fr-FR\",\"@id\":\"https:\/\/voyage-aventure.com\/blog\/a-la-une\/des-inquietudes-croissantes-pour-les-allies-des-etats-unis-face-aux-politiques-dimmigration-de-trump\/#primaryimage\",\"url\":\"https:\/\/voyage-aventure.com\/blog\/wp-content\/uploads\/2025\/05\/sdxl-1612bcff72363cb04bd806c2c92ca7d3-scaled.png\",\"contentUrl\":\"https:\/\/voyage-aventure.com\/blog\/wp-content\/uploads\/2025\/05\/sdxl-1612bcff72363cb04bd806c2c92ca7d3-scaled.png\",\"width\":1200,\"height\":500},{\"@type\":\"WebSite\",\"@id\":\"https:\/\/voyage-aventure.com\/blog\/#website\",\"url\":\"https:\/\/voyage-aventure.com\/blog\/\",\"name\":\"voyage-aventure.com\",\"description\":\"Votre passeport pour l\u2019inattendu.\",\"publisher\":{\"@id\":\"https:\/\/voyage-aventure.com\/blog\/#organization\"},\"alternateName\":\"Votre passeport pour l\u2019inattendu.\",\"potentialAction\":[{\"@type\":\"SearchAction\",\"target\":{\"@type\":\"EntryPoint\",\"urlTemplate\":\"https:\/\/voyage-aventure.com\/blog\/?s={search_term_string}\"},\"query-input\":{\"@type\":\"PropertyValueSpecification\",\"valueRequired\":true,\"valueName\":\"search_term_string\"}}],\"inLanguage\":\"fr-FR\"},{\"@type\":\"Organization\",\"@id\":\"https:\/\/voyage-aventure.com\/blog\/#organization\",\"name\":\"Foretsensations.fr\",\"url\":\"https:\/\/voyage-aventure.com\/blog\/\",\"logo\":{\"@type\":\"ImageObject\",\"inLanguage\":\"fr-FR\",\"@id\":\"https:\/\/voyage-aventure.com\/blog\/#\/schema\/logo\/image\/\",\"url\":\"https:\/\/voyage-aventure.com\/blog\/wp-content\/uploads\/2024\/12\/19.png\",\"contentUrl\":\"https:\/\/voyage-aventure.com\/blog\/wp-content\/uploads\/2024\/12\/19.png\",\"width\":512,\"height\":512,\"caption\":\"Foretsensations.fr\"},\"image\":{\"@id\":\"https:\/\/voyage-aventure.com\/blog\/#\/schema\/logo\/image\/\"}},{\"@type\":\"Person\",\"@id\":\"https:\/\/voyage-aventure.com\/blog\/#\/schema\/person\/3c864cdc320801e3db34b663e7e3f816\",\"name\":\"Camille Rouvray\",\"image\":{\"@type\":\"ImageObject\",\"inLanguage\":\"fr-FR\",\"@id\":\"https:\/\/voyage-aventure.com\/blog\/#\/schema\/person\/image\/\",\"url\":\"https:\/\/voyage-aventure.com\/blog\/wp-content\/uploads\/2026\/06\/persona_camille-r-96x96.jpg\",\"contentUrl\":\"https:\/\/voyage-aventure.com\/blog\/wp-content\/uploads\/2026\/06\/persona_camille-r-96x96.jpg\",\"caption\":\"Camille Rouvray\"},\"description\":\"Je voyage et j'\u00e9cris sur le voyage depuis une douzaine d'ann\u00e9es, d'abord en tant que routarde au long cours, puis comme r\u00e9dactrice sp\u00e9cialis\u00e9e. Mon terrain de pr\u00e9dilection, ce sont les circuits organis\u00e9s et l'art de bien pr\u00e9parer un itin\u00e9raire : choix de la saison, dur\u00e9e r\u00e9aliste des \u00e9tapes, budget jour par jour, logement et transport sur place. J'aime aussi raconter les p\u00e9pites urbaines, ces adresses qu'on ne trouve pas dans les guides classiques. Avant de publier un dossier destination, je croise toujours plusieurs sources, je v\u00e9rifie les tarifs et les formalit\u00e9s d'entr\u00e9e \u00e0 jour, et je teste moi-m\u00eame quand je le peux. Mon angle reste pratique avant tout : aider le lecteur \u00e0 partir l'esprit tranquille, sans mauvaise surprise une fois sur place. Je m'attache \u00e0 distinguer le coup de c\u0153ur sinc\u00e8re du simple argument marketing.\",\"sameAs\":[\"https:\/\/camillerouvray.fr\/\"],\"url\":\"https:\/\/voyage-aventure.com\/blog\/auteur\/noname\/\"}]}<\/script>\n<!-- \/ Yoast SEO Premium plugin. -->","yoast_head_json":{"title":"Des inqui\u00e9tudes croissantes pour les alli\u00e9s des \u00c9tats-Unis","description":"Selon les \u00e9l\u00e9ments rapport\u00e9s, plusieurs alli\u00e9s des \u00c9tats-Unis font part d'inqui\u00e9tudes croissantes face au durcissement des politiques d'immigration de","robots":{"index":"index","follow":"follow","max-snippet":"max-snippet:-1","max-image-preview":"max-image-preview:large","max-video-preview":"max-video-preview:-1"},"canonical":"https:\/\/voyage-aventure.com\/blog\/a-la-une\/des-inquietudes-croissantes-pour-les-allies-des-etats-unis-face-aux-politiques-dimmigration-de-trump\/","og_locale":"fr_FR","og_type":"article","og_title":"Des inqui\u00e9tudes croissantes pour les alli\u00e9s des \u00c9tats-Unis","og_description":"Selon les \u00e9l\u00e9ments rapport\u00e9s, plusieurs alli\u00e9s des \u00c9tats-Unis font part d'inqui\u00e9tudes croissantes face au durcissement des politiques d'immigration de","og_url":"https:\/\/voyage-aventure.com\/blog\/a-la-une\/des-inquietudes-croissantes-pour-les-allies-des-etats-unis-face-aux-politiques-dimmigration-de-trump\/","og_site_name":"voyage-aventure","og_image":[{"width":1200,"height":500,"url":"https:\/\/voyage-aventure.com\/blog\/wp-content\/uploads\/2025\/05\/sdxl-1612bcff72363cb04bd806c2c92ca7d3-scaled.png","type":"image\/png"}],"author":"Camille Rouvray","twitter_card":"summary_large_image","schema":{"@context":"https:\/\/schema.org","@graph":[{"@type":"NewsArticle","@id":"https:\/\/voyage-aventure.com\/blog\/a-la-une\/des-inquietudes-croissantes-pour-les-allies-des-etats-unis-face-aux-politiques-dimmigration-de-trump\/#article","isPartOf":{"@id":"https:\/\/voyage-aventure.com\/blog\/a-la-une\/des-inquietudes-croissantes-pour-les-allies-des-etats-unis-face-aux-politiques-dimmigration-de-trump\/"},"author":{"name":"Camille Rouvray","@id":"https:\/\/voyage-aventure.com\/blog\/#\/schema\/person\/3c864cdc320801e3db34b663e7e3f816"},"headline":"Des inqui\u00e9tudes croissantes pour les alli\u00e9s des \u00c9tats-Unis face aux politiques d&rsquo;immigration de Trump","datePublished":"2026-06-16T15:21:50+00:00","mainEntityOfPage":{"@id":"https:\/\/voyage-aventure.com\/blog\/a-la-une\/des-inquietudes-croissantes-pour-les-allies-des-etats-unis-face-aux-politiques-dimmigration-de-trump\/"},"wordCount":1136,"commentCount":23,"publisher":{"@id":"https:\/\/voyage-aventure.com\/blog\/#organization"},"image":{"@id":"https:\/\/voyage-aventure.com\/blog\/a-la-une\/des-inquietudes-croissantes-pour-les-allies-des-etats-unis-face-aux-politiques-dimmigration-de-trump\/#primaryimage"},"thumbnailUrl":"https:\/\/voyage-aventure.com\/blog\/wp-content\/uploads\/2025\/05\/sdxl-1612bcff72363cb04bd806c2c92ca7d3-scaled.png","keywords":["Conseils","Relations Internationales","S\u00e9curit\u00e9","Tourisme","Voyage"],"articleSection":["\u00c0 la une"],"inLanguage":"fr-FR","potentialAction":[{"@type":"CommentAction","name":"Comment","target":["https:\/\/voyage-aventure.com\/blog\/a-la-une\/des-inquietudes-croissantes-pour-les-allies-des-etats-unis-face-aux-politiques-dimmigration-de-trump\/#respond"]}]},{"@type":"WebPage","@id":"https:\/\/voyage-aventure.com\/blog\/a-la-une\/des-inquietudes-croissantes-pour-les-allies-des-etats-unis-face-aux-politiques-dimmigration-de-trump\/","url":"https:\/\/voyage-aventure.com\/blog\/a-la-une\/des-inquietudes-croissantes-pour-les-allies-des-etats-unis-face-aux-politiques-dimmigration-de-trump\/","name":"Des inqui\u00e9tudes croissantes pour les alli\u00e9s des \u00c9tats-Unis","isPartOf":{"@id":"https:\/\/voyage-aventure.com\/blog\/#website"},"primaryImageOfPage":{"@id":"https:\/\/voyage-aventure.com\/blog\/a-la-une\/des-inquietudes-croissantes-pour-les-allies-des-etats-unis-face-aux-politiques-dimmigration-de-trump\/#primaryimage"},"image":{"@id":"https:\/\/voyage-aventure.com\/blog\/a-la-une\/des-inquietudes-croissantes-pour-les-allies-des-etats-unis-face-aux-politiques-dimmigration-de-trump\/#primaryimage"},"thumbnailUrl":"https:\/\/voyage-aventure.com\/blog\/wp-content\/uploads\/2025\/05\/sdxl-1612bcff72363cb04bd806c2c92ca7d3-scaled.png","datePublished":"2026-06-16T15:21:50+00:00","description":"Selon les \u00e9l\u00e9ments rapport\u00e9s, plusieurs alli\u00e9s des \u00c9tats-Unis font part d'inqui\u00e9tudes croissantes face au durcissement des politiques d'immigration de","inLanguage":"fr-FR","potentialAction":[{"@type":"ReadAction","target":["https:\/\/voyage-aventure.com\/blog\/a-la-une\/des-inquietudes-croissantes-pour-les-allies-des-etats-unis-face-aux-politiques-dimmigration-de-trump\/"]}]},{"@type":"ImageObject","inLanguage":"fr-FR","@id":"https:\/\/voyage-aventure.com\/blog\/a-la-une\/des-inquietudes-croissantes-pour-les-allies-des-etats-unis-face-aux-politiques-dimmigration-de-trump\/#primaryimage","url":"https:\/\/voyage-aventure.com\/blog\/wp-content\/uploads\/2025\/05\/sdxl-1612bcff72363cb04bd806c2c92ca7d3-scaled.png","contentUrl":"https:\/\/voyage-aventure.com\/blog\/wp-content\/uploads\/2025\/05\/sdxl-1612bcff72363cb04bd806c2c92ca7d3-scaled.png","width":1200,"height":500},{"@type":"WebSite","@id":"https:\/\/voyage-aventure.com\/blog\/#website","url":"https:\/\/voyage-aventure.com\/blog\/","name":"voyage-aventure.com","description":"Votre passeport pour l\u2019inattendu.","publisher":{"@id":"https:\/\/voyage-aventure.com\/blog\/#organization"},"alternateName":"Votre passeport pour l\u2019inattendu.","potentialAction":[{"@type":"SearchAction","target":{"@type":"EntryPoint","urlTemplate":"https:\/\/voyage-aventure.com\/blog\/?s={search_term_string}"},"query-input":{"@type":"PropertyValueSpecification","valueRequired":true,"valueName":"search_term_string"}}],"inLanguage":"fr-FR"},{"@type":"Organization","@id":"https:\/\/voyage-aventure.com\/blog\/#organization","name":"Foretsensations.fr","url":"https:\/\/voyage-aventure.com\/blog\/","logo":{"@type":"ImageObject","inLanguage":"fr-FR","@id":"https:\/\/voyage-aventure.com\/blog\/#\/schema\/logo\/image\/","url":"https:\/\/voyage-aventure.com\/blog\/wp-content\/uploads\/2024\/12\/19.png","contentUrl":"https:\/\/voyage-aventure.com\/blog\/wp-content\/uploads\/2024\/12\/19.png","width":512,"height":512,"caption":"Foretsensations.fr"},"image":{"@id":"https:\/\/voyage-aventure.com\/blog\/#\/schema\/logo\/image\/"}},{"@type":"Person","@id":"https:\/\/voyage-aventure.com\/blog\/#\/schema\/person\/3c864cdc320801e3db34b663e7e3f816","name":"Camille Rouvray","image":{"@type":"ImageObject","inLanguage":"fr-FR","@id":"https:\/\/voyage-aventure.com\/blog\/#\/schema\/person\/image\/","url":"https:\/\/voyage-aventure.com\/blog\/wp-content\/uploads\/2026\/06\/persona_camille-r-96x96.jpg","contentUrl":"https:\/\/voyage-aventure.com\/blog\/wp-content\/uploads\/2026\/06\/persona_camille-r-96x96.jpg","caption":"Camille Rouvray"},"description":"Je voyage et j'\u00e9cris sur le voyage depuis une douzaine d'ann\u00e9es, d'abord en tant que routarde au long cours, puis comme r\u00e9dactrice sp\u00e9cialis\u00e9e. Mon terrain de pr\u00e9dilection, ce sont les circuits organis\u00e9s et l'art de bien pr\u00e9parer un itin\u00e9raire : choix de la saison, dur\u00e9e r\u00e9aliste des \u00e9tapes, budget jour par jour, logement et transport sur place. J'aime aussi raconter les p\u00e9pites urbaines, ces adresses qu'on ne trouve pas dans les guides classiques. Avant de publier un dossier destination, je croise toujours plusieurs sources, je v\u00e9rifie les tarifs et les formalit\u00e9s d'entr\u00e9e \u00e0 jour, et je teste moi-m\u00eame quand je le peux. Mon angle reste pratique avant tout : aider le lecteur \u00e0 partir l'esprit tranquille, sans mauvaise surprise une fois sur place. Je m'attache \u00e0 distinguer le coup de c\u0153ur sinc\u00e8re du simple argument marketing.","sameAs":["https:\/\/camillerouvray.fr\/"],"url":"https:\/\/voyage-aventure.com\/blog\/auteur\/noname\/"}]}},"_links":{"self":[{"href":"https:\/\/voyage-aventure.com\/blog\/wp-json\/wp\/v2\/posts\/15818","targetHints":{"allow":["GET"]}}],"collection":[{"href":"https:\/\/voyage-aventure.com\/blog\/wp-json\/wp\/v2\/posts"}],"about":[{"href":"https:\/\/voyage-aventure.com\/blog\/wp-json\/wp\/v2\/types\/post"}],"author":[{"embeddable":true,"href":"https:\/\/voyage-aventure.com\/blog\/wp-json\/wp\/v2\/users\/34"}],"replies":[{"embeddable":true,"href":"https:\/\/voyage-aventure.com\/blog\/wp-json\/wp\/v2\/comments?post=15818"}],"version-history":[{"count":3,"href":"https:\/\/voyage-aventure.com\/blog\/wp-json\/wp\/v2\/posts\/15818\/revisions"}],"predecessor-version":[{"id":22854,"href":"https:\/\/voyage-aventure.com\/blog\/wp-json\/wp\/v2\/posts\/15818\/revisions\/22854"}],"wp:featuredmedia":[{"embeddable":true,"href":"https:\/\/voyage-aventure.com\/blog\/wp-json\/wp\/v2\/media\/20338"}],"wp:attachment":[{"href":"https:\/\/voyage-aventure.com\/blog\/wp-json\/wp\/v2\/media?parent=15818"}],"wp:term":[{"taxonomy":"category","embeddable":true,"href":"https:\/\/voyage-aventure.com\/blog\/wp-json\/wp\/v2\/categories?post=15818"},{"taxonomy":"post_tag","embeddable":true,"href":"https:\/\/voyage-aventure.com\/blog\/wp-json\/wp\/v2\/tags?post=15818"}],"curies":[{"name":"wp","href":"https:\/\/api.w.org\/{rel}","templated":true}]}}