{"id":15816,"date":"2025-03-20T23:41:04","date_gmt":"2025-03-20T22:41:04","guid":{"rendered":"https:\/\/voyage-aventure.com\/blog\/a-la-une\/preparez-vous-pour-une-saison-de-voyage-chargee-a-chicago-durant-les-conges-de-printemps\/"},"modified":"2025-03-20T23:41:01","modified_gmt":"2025-03-20T22:41:01","slug":"preparez-vous-pour-une-saison-de-voyage-chargee-a-chicago-durant-les-conges-de-printemps","status":"publish","type":"post","link":"https:\/\/voyage-aventure.com\/blog\/a-la-une\/preparez-vous-pour-une-saison-de-voyage-chargee-a-chicago-durant-les-conges-de-printemps\/","title":{"rendered":"Pr\u00e9parez-vous pour une saison de voyage charg\u00e9e \u00e0 Chicago durant les cong\u00e9s de printemps"},"content":{"rendered":"<h2>Une affluence record attendue dans les a\u00e9roports de Chicago<\/h2>\n<p>Selon le D\u00e9partement de l&rsquo;Aviation de Chicago, plus de 3,36 millions de personnes devraient transiter par ces deux a\u00e9roports entre le 20 et le 31 mars. Ce chiffre repr\u00e9sente une augmentation de 4 % par rapport \u00e0 l&rsquo;ann\u00e9e pr\u00e9c\u00e9dente.<\/p>\n<p>Le point culminant de cette affluence est pr\u00e9vu pour le 21 mars, lorsque plus de 279 000 passagers sont attendus \u00e0 O&rsquo;Hare. Quant \u00e0 Midway, le 29 mars devrait voir passer environ 56 000 voyageurs, marquant ainsi des journ\u00e9es particuli\u00e8rement charg\u00e9es pour les deux a\u00e9roports.<\/p>\n<h2>Conseils pour naviguer dans les a\u00e9roports pendant les p\u00e9riodes de pointe<\/h2>\n<p>Face \u00e0 cette augmentation du trafic, les responsables des a\u00e9roports recommandent aux passagers de bien planifier leur voyage. Il est conseill\u00e9 d&rsquo;arriver au moins deux heures avant un vol domestique et trois heures avant un vol international pour \u00e9viter les d\u00e9sagr\u00e9ments. L&rsquo;utilisation des transports en commun est fortement encourag\u00e9e pour all\u00e9ger la congestion aux abords des a\u00e9roports.<\/p>\n<p>\u00ab Avec la construction en cours sur l\u2019autoroute Kennedy, nous conseillons vivement d&rsquo;utiliser les transports en commun lorsque cela est possible \u00bb, a d\u00e9clar\u00e9 Karen Pride, directrice des relations m\u00e9diatiques du D\u00e9partement de l&rsquo;Aviation. En v\u00e9rifiant le site web du D\u00e9partement des Transports de l&rsquo;Illinois, les voyageurs peuvent se tenir inform\u00e9s des derniers d\u00e9veloppements li\u00e9s \u00e0 la construction.<\/p>\n<p><iframe loading=\"lazy\" title=\"Attendez de voir la fin \ud83d\ude33\ud83d\udc41\ufe0f\" width=\"1200\" height=\"675\" src=\"https:\/\/www.youtube.com\/embed\/xmLk9g69YEg?feature=oembed\" frameborder=\"0\" allow=\"accelerometer; autoplay; clipboard-write; encrypted-media; gyroscope; picture-in-picture; web-share\" referrerpolicy=\"strict-origin-when-cross-origin\" allowfullscreen><\/iframe><\/p>\n<h2>Les alternatives de voyage et la hausse des prix de l&rsquo;essence<\/h2>\n<p>Bien que de nombreux voyageurs choisissent de prendre l&rsquo;avion, certains pr\u00e9f\u00e8rent les road trips pour profiter de la flexibilit\u00e9 et des \u00e9conomies qu&rsquo;ils offrent. Cependant, les prix de l&rsquo;essence ont r\u00e9cemment augment\u00e9 dans la r\u00e9gion de Chicago, atteignant environ 3,59 $ le gallon, soit une hausse de 30 \u00e0 40 cents par rapport \u00e0 la semaine pr\u00e9c\u00e9dente.<\/p>\n<p>Patrick De Haan, analyste p\u00e9trolier chez GasBuddy, note que cette augmentation est due \u00e0 la transition vers l&rsquo;essence d&rsquo;\u00e9t\u00e9, qui contient des composants de raffinage plus co\u00fbteux. \u00ab Chicago a g\u00e9n\u00e9ralement des prix parmi les plus \u00e9lev\u00e9s de la r\u00e9gion \u00bb, a-t-il ajout\u00e9, tout en conseillant de surveiller les prix des stations-service lors des trajets.<\/p>\n<ul>\n<li>Arrivez t\u00f4t \u00e0 l&rsquo;a\u00e9roport pour \u00e9viter le stress<\/li>\n<li>Consid\u00e9rez les transports en commun pour votre trajet<\/li>\n<li>Surveillez les prix de l&rsquo;essence si vous voyagez en voiture<\/li>\n<li>Planifiez votre itin\u00e9raire \u00e0 l&rsquo;avance, surtout pour les road trips<\/li>\n<li>Restez inform\u00e9 des travaux en cours sur les routes<\/li>\n<\/ul>\n<blockquote><p>\n\u00ab Nous avons pr\u00e9vu du temps suppl\u00e9mentaire car nous savions que le trafic serait mauvais \u00bb, a d\u00e9clar\u00e9 Douglas Lee, \u00e9tudiant \u00e0 l&rsquo;Universit\u00e9 Northwestern, en partance pour l&rsquo;Europe.\n<\/p><\/blockquote>\n<p>\u00c0 l&rsquo;approche des cong\u00e9s de printemps, les a\u00e9roports de Chicago s&rsquo;attendent \u00e0 continuer \u00e0 voir une forte affluence m\u00eame apr\u00e8s cette p\u00e9riode. Les compagnies a\u00e9riennes se pr\u00e9parent \u00e0 \u00e9tendre leurs itin\u00e9raires, avec une pr\u00e9vision de 265 destinations desservies cet \u00e9t\u00e9, contre 250 l&rsquo;ann\u00e9e pr\u00e9c\u00e9dente. \u00ab Les compagnies a\u00e9riennes s&rsquo;attendent \u00e0 une augmentation des d\u00e9parts par rapport \u00e0 2024 \u00bb, a ajout\u00e9 Pride, signifiant un \u00e9t\u00e9 charg\u00e9 pour les voyageurs.<\/p>\n","protected":false},"excerpt":{"rendered":"","protected":false},"author":34,"featured_media":19671,"comment_status":"open","ping_status":"open","sticky":false,"template":"","format":"standard","meta":{"_acf_changed":false,"manual_indexmenow":false,"indexmenow_id_project":0,"footnotes":""},"categories":[1],"tags":[4680,4530,4713,3170,4635],"class_list":["post-15816","post","type-post","status-publish","format-standard","has-post-thumbnail","hentry","category-a-la-une","tag-conseils","tag-escapade-en-europe","tag-preparation","tag-securite","tag-voyage","generate-columns","tablet-grid-50","mobile-grid-100","grid-parent","grid-25"],"acf":[],"yoast_head":"<!-- This site is optimized with the Yoast SEO Premium plugin v21.3 (Yoast SEO v25.1) - https:\/\/yoast.com\/wordpress\/plugins\/seo\/ -->\n<title>Pr\u00e9parez-vous pour une saison de voyage charg\u00e9e \u00e0 Chicago<\/title>\n<meta name=\"description\" content=\"Une affluence record attendue dans les a\u00e9roports de Chicago Selon le D\u00e9partement de l&#039;Aviation de Chicago, plus de 3,36 millions de personnes devraient\" \/>\n<meta name=\"robots\" content=\"index, follow, max-snippet:-1, max-image-preview:large, max-video-preview:-1\" \/>\n<link rel=\"canonical\" href=\"https:\/\/voyage-aventure.com\/blog\/a-la-une\/preparez-vous-pour-une-saison-de-voyage-chargee-a-chicago-durant-les-conges-de-printemps\/\" \/>\n<meta property=\"og:locale\" content=\"fr_FR\" \/>\n<meta property=\"og:type\" content=\"article\" \/>\n<meta property=\"og:title\" content=\"Pr\u00e9parez-vous pour une saison de voyage charg\u00e9e \u00e0 Chicago\" \/>\n<meta property=\"og:description\" content=\"Une affluence record attendue dans les a\u00e9roports de Chicago Selon le D\u00e9partement de l&#039;Aviation de Chicago, plus de 3,36 millions de personnes devraient\" \/>\n<meta property=\"og:url\" content=\"https:\/\/voyage-aventure.com\/blog\/a-la-une\/preparez-vous-pour-une-saison-de-voyage-chargee-a-chicago-durant-les-conges-de-printemps\/\" \/>\n<meta property=\"og:site_name\" content=\"voyage-aventure\" \/>\n<meta property=\"og:image\" content=\"https:\/\/voyage-aventure.com\/blog\/wp-content\/uploads\/2025\/05\/sdxl-542a37d754f96021c938c3202ba60915-scaled.png\" \/>\n\t<meta property=\"og:image:width\" content=\"1200\" \/>\n\t<meta property=\"og:image:height\" content=\"500\" \/>\n\t<meta property=\"og:image:type\" content=\"image\/png\" \/>\n<meta name=\"author\" content=\"Camille Rouvray\" \/>\n<meta name=\"twitter:card\" content=\"summary_large_image\" \/>\n<script type=\"application\/ld+json\" class=\"yoast-schema-graph\">{\"@context\":\"https:\/\/schema.org\",\"@graph\":[{\"@type\":\"NewsArticle\",\"@id\":\"https:\/\/voyage-aventure.com\/blog\/a-la-une\/preparez-vous-pour-une-saison-de-voyage-chargee-a-chicago-durant-les-conges-de-printemps\/#article\",\"isPartOf\":{\"@id\":\"https:\/\/voyage-aventure.com\/blog\/a-la-une\/preparez-vous-pour-une-saison-de-voyage-chargee-a-chicago-durant-les-conges-de-printemps\/\"},\"author\":{\"name\":\"Camille Rouvray\",\"@id\":\"https:\/\/voyage-aventure.com\/blog\/#\/schema\/person\/3c864cdc320801e3db34b663e7e3f816\"},\"headline\":\"Pr\u00e9parez-vous pour une saison de voyage charg\u00e9e \u00e0 Chicago durant les cong\u00e9s de printemps\",\"datePublished\":\"2025-03-20T22:41:04+00:00\",\"mainEntityOfPage\":{\"@id\":\"https:\/\/voyage-aventure.com\/blog\/a-la-une\/preparez-vous-pour-une-saison-de-voyage-chargee-a-chicago-durant-les-conges-de-printemps\/\"},\"wordCount\":548,\"commentCount\":21,\"publisher\":{\"@id\":\"https:\/\/voyage-aventure.com\/blog\/#organization\"},\"image\":{\"@id\":\"https:\/\/voyage-aventure.com\/blog\/a-la-une\/preparez-vous-pour-une-saison-de-voyage-chargee-a-chicago-durant-les-conges-de-printemps\/#primaryimage\"},\"thumbnailUrl\":\"https:\/\/voyage-aventure.com\/blog\/wp-content\/uploads\/2025\/05\/sdxl-542a37d754f96021c938c3202ba60915-scaled.png\",\"keywords\":[\"Conseils\",\"Escapade en Europe\",\"Pr\u00e9paration\",\"S\u00e9curit\u00e9\",\"Voyage\"],\"articleSection\":[\"\u00c0 la une\"],\"inLanguage\":\"fr-FR\",\"potentialAction\":[{\"@type\":\"CommentAction\",\"name\":\"Comment\",\"target\":[\"https:\/\/voyage-aventure.com\/blog\/a-la-une\/preparez-vous-pour-une-saison-de-voyage-chargee-a-chicago-durant-les-conges-de-printemps\/#respond\"]}]},{\"@type\":\"WebPage\",\"@id\":\"https:\/\/voyage-aventure.com\/blog\/a-la-une\/preparez-vous-pour-une-saison-de-voyage-chargee-a-chicago-durant-les-conges-de-printemps\/\",\"url\":\"https:\/\/voyage-aventure.com\/blog\/a-la-une\/preparez-vous-pour-une-saison-de-voyage-chargee-a-chicago-durant-les-conges-de-printemps\/\",\"name\":\"Pr\u00e9parez-vous pour une saison de voyage charg\u00e9e \u00e0 Chicago\",\"isPartOf\":{\"@id\":\"https:\/\/voyage-aventure.com\/blog\/#website\"},\"primaryImageOfPage\":{\"@id\":\"https:\/\/voyage-aventure.com\/blog\/a-la-une\/preparez-vous-pour-une-saison-de-voyage-chargee-a-chicago-durant-les-conges-de-printemps\/#primaryimage\"},\"image\":{\"@id\":\"https:\/\/voyage-aventure.com\/blog\/a-la-une\/preparez-vous-pour-une-saison-de-voyage-chargee-a-chicago-durant-les-conges-de-printemps\/#primaryimage\"},\"thumbnailUrl\":\"https:\/\/voyage-aventure.com\/blog\/wp-content\/uploads\/2025\/05\/sdxl-542a37d754f96021c938c3202ba60915-scaled.png\",\"datePublished\":\"2025-03-20T22:41:04+00:00\",\"description\":\"Une affluence record attendue dans les a\u00e9roports de Chicago Selon le D\u00e9partement de l'Aviation de Chicago, plus de 3,36 millions de personnes devraient\",\"inLanguage\":\"fr-FR\",\"potentialAction\":[{\"@type\":\"ReadAction\",\"target\":[\"https:\/\/voyage-aventure.com\/blog\/a-la-une\/preparez-vous-pour-une-saison-de-voyage-chargee-a-chicago-durant-les-conges-de-printemps\/\"]}]},{\"@type\":\"ImageObject\",\"inLanguage\":\"fr-FR\",\"@id\":\"https:\/\/voyage-aventure.com\/blog\/a-la-une\/preparez-vous-pour-une-saison-de-voyage-chargee-a-chicago-durant-les-conges-de-printemps\/#primaryimage\",\"url\":\"https:\/\/voyage-aventure.com\/blog\/wp-content\/uploads\/2025\/05\/sdxl-542a37d754f96021c938c3202ba60915-scaled.png\",\"contentUrl\":\"https:\/\/voyage-aventure.com\/blog\/wp-content\/uploads\/2025\/05\/sdxl-542a37d754f96021c938c3202ba60915-scaled.png\",\"width\":1200,\"height\":500},{\"@type\":\"WebSite\",\"@id\":\"https:\/\/voyage-aventure.com\/blog\/#website\",\"url\":\"https:\/\/voyage-aventure.com\/blog\/\",\"name\":\"voyage-aventure.com\",\"description\":\"Votre passeport pour l\u2019inattendu.\",\"publisher\":{\"@id\":\"https:\/\/voyage-aventure.com\/blog\/#organization\"},\"alternateName\":\"Votre passeport pour l\u2019inattendu.\",\"potentialAction\":[{\"@type\":\"SearchAction\",\"target\":{\"@type\":\"EntryPoint\",\"urlTemplate\":\"https:\/\/voyage-aventure.com\/blog\/?s={search_term_string}\"},\"query-input\":{\"@type\":\"PropertyValueSpecification\",\"valueRequired\":true,\"valueName\":\"search_term_string\"}}],\"inLanguage\":\"fr-FR\"},{\"@type\":\"Organization\",\"@id\":\"https:\/\/voyage-aventure.com\/blog\/#organization\",\"name\":\"Foretsensations.fr\",\"url\":\"https:\/\/voyage-aventure.com\/blog\/\",\"logo\":{\"@type\":\"ImageObject\",\"inLanguage\":\"fr-FR\",\"@id\":\"https:\/\/voyage-aventure.com\/blog\/#\/schema\/logo\/image\/\",\"url\":\"https:\/\/voyage-aventure.com\/blog\/wp-content\/uploads\/2024\/12\/19.png\",\"contentUrl\":\"https:\/\/voyage-aventure.com\/blog\/wp-content\/uploads\/2024\/12\/19.png\",\"width\":512,\"height\":512,\"caption\":\"Foretsensations.fr\"},\"image\":{\"@id\":\"https:\/\/voyage-aventure.com\/blog\/#\/schema\/logo\/image\/\"}},{\"@type\":\"Person\",\"@id\":\"https:\/\/voyage-aventure.com\/blog\/#\/schema\/person\/3c864cdc320801e3db34b663e7e3f816\",\"name\":\"Camille Rouvray\",\"image\":{\"@type\":\"ImageObject\",\"inLanguage\":\"fr-FR\",\"@id\":\"https:\/\/voyage-aventure.com\/blog\/#\/schema\/person\/image\/\",\"url\":\"https:\/\/voyage-aventure.com\/blog\/wp-content\/uploads\/2026\/06\/persona_camille-r-96x96.jpg\",\"contentUrl\":\"https:\/\/voyage-aventure.com\/blog\/wp-content\/uploads\/2026\/06\/persona_camille-r-96x96.jpg\",\"caption\":\"Camille Rouvray\"},\"description\":\"Je voyage et j'\u00e9cris sur le voyage depuis une douzaine d'ann\u00e9es, d'abord en tant que routarde au long cours, puis comme r\u00e9dactrice sp\u00e9cialis\u00e9e. Mon terrain de pr\u00e9dilection, ce sont les circuits organis\u00e9s et l'art de bien pr\u00e9parer un itin\u00e9raire : choix de la saison, dur\u00e9e r\u00e9aliste des \u00e9tapes, budget jour par jour, logement et transport sur place. J'aime aussi raconter les p\u00e9pites urbaines, ces adresses qu'on ne trouve pas dans les guides classiques. Avant de publier un dossier destination, je croise toujours plusieurs sources, je v\u00e9rifie les tarifs et les formalit\u00e9s d'entr\u00e9e \u00e0 jour, et je teste moi-m\u00eame quand je le peux. Mon angle reste pratique avant tout : aider le lecteur \u00e0 partir l'esprit tranquille, sans mauvaise surprise une fois sur place. Je m'attache \u00e0 distinguer le coup de c\u0153ur sinc\u00e8re du simple argument marketing.\",\"sameAs\":[\"https:\/\/camillerouvray.fr\/\"],\"url\":\"https:\/\/voyage-aventure.com\/blog\/auteur\/noname\/\"}]}<\/script>\n<!-- \/ Yoast SEO Premium plugin. -->","yoast_head_json":{"title":"Pr\u00e9parez-vous pour une saison de voyage charg\u00e9e \u00e0 Chicago","description":"Une affluence record attendue dans les a\u00e9roports de Chicago Selon le D\u00e9partement de l'Aviation de Chicago, plus de 3,36 millions de personnes devraient","robots":{"index":"index","follow":"follow","max-snippet":"max-snippet:-1","max-image-preview":"max-image-preview:large","max-video-preview":"max-video-preview:-1"},"canonical":"https:\/\/voyage-aventure.com\/blog\/a-la-une\/preparez-vous-pour-une-saison-de-voyage-chargee-a-chicago-durant-les-conges-de-printemps\/","og_locale":"fr_FR","og_type":"article","og_title":"Pr\u00e9parez-vous pour une saison de voyage charg\u00e9e \u00e0 Chicago","og_description":"Une affluence record attendue dans les a\u00e9roports de Chicago Selon le D\u00e9partement de l'Aviation de Chicago, plus de 3,36 millions de personnes devraient","og_url":"https:\/\/voyage-aventure.com\/blog\/a-la-une\/preparez-vous-pour-une-saison-de-voyage-chargee-a-chicago-durant-les-conges-de-printemps\/","og_site_name":"voyage-aventure","og_image":[{"width":1200,"height":500,"url":"https:\/\/voyage-aventure.com\/blog\/wp-content\/uploads\/2025\/05\/sdxl-542a37d754f96021c938c3202ba60915-scaled.png","type":"image\/png"}],"author":"Camille Rouvray","twitter_card":"summary_large_image","schema":{"@context":"https:\/\/schema.org","@graph":[{"@type":"NewsArticle","@id":"https:\/\/voyage-aventure.com\/blog\/a-la-une\/preparez-vous-pour-une-saison-de-voyage-chargee-a-chicago-durant-les-conges-de-printemps\/#article","isPartOf":{"@id":"https:\/\/voyage-aventure.com\/blog\/a-la-une\/preparez-vous-pour-une-saison-de-voyage-chargee-a-chicago-durant-les-conges-de-printemps\/"},"author":{"name":"Camille Rouvray","@id":"https:\/\/voyage-aventure.com\/blog\/#\/schema\/person\/3c864cdc320801e3db34b663e7e3f816"},"headline":"Pr\u00e9parez-vous pour une saison de voyage charg\u00e9e \u00e0 Chicago durant les cong\u00e9s de printemps","datePublished":"2025-03-20T22:41:04+00:00","mainEntityOfPage":{"@id":"https:\/\/voyage-aventure.com\/blog\/a-la-une\/preparez-vous-pour-une-saison-de-voyage-chargee-a-chicago-durant-les-conges-de-printemps\/"},"wordCount":548,"commentCount":21,"publisher":{"@id":"https:\/\/voyage-aventure.com\/blog\/#organization"},"image":{"@id":"https:\/\/voyage-aventure.com\/blog\/a-la-une\/preparez-vous-pour-une-saison-de-voyage-chargee-a-chicago-durant-les-conges-de-printemps\/#primaryimage"},"thumbnailUrl":"https:\/\/voyage-aventure.com\/blog\/wp-content\/uploads\/2025\/05\/sdxl-542a37d754f96021c938c3202ba60915-scaled.png","keywords":["Conseils","Escapade en Europe","Pr\u00e9paration","S\u00e9curit\u00e9","Voyage"],"articleSection":["\u00c0 la une"],"inLanguage":"fr-FR","potentialAction":[{"@type":"CommentAction","name":"Comment","target":["https:\/\/voyage-aventure.com\/blog\/a-la-une\/preparez-vous-pour-une-saison-de-voyage-chargee-a-chicago-durant-les-conges-de-printemps\/#respond"]}]},{"@type":"WebPage","@id":"https:\/\/voyage-aventure.com\/blog\/a-la-une\/preparez-vous-pour-une-saison-de-voyage-chargee-a-chicago-durant-les-conges-de-printemps\/","url":"https:\/\/voyage-aventure.com\/blog\/a-la-une\/preparez-vous-pour-une-saison-de-voyage-chargee-a-chicago-durant-les-conges-de-printemps\/","name":"Pr\u00e9parez-vous pour une saison de voyage charg\u00e9e \u00e0 Chicago","isPartOf":{"@id":"https:\/\/voyage-aventure.com\/blog\/#website"},"primaryImageOfPage":{"@id":"https:\/\/voyage-aventure.com\/blog\/a-la-une\/preparez-vous-pour-une-saison-de-voyage-chargee-a-chicago-durant-les-conges-de-printemps\/#primaryimage"},"image":{"@id":"https:\/\/voyage-aventure.com\/blog\/a-la-une\/preparez-vous-pour-une-saison-de-voyage-chargee-a-chicago-durant-les-conges-de-printemps\/#primaryimage"},"thumbnailUrl":"https:\/\/voyage-aventure.com\/blog\/wp-content\/uploads\/2025\/05\/sdxl-542a37d754f96021c938c3202ba60915-scaled.png","datePublished":"2025-03-20T22:41:04+00:00","description":"Une affluence record attendue dans les a\u00e9roports de Chicago Selon le D\u00e9partement de l'Aviation de Chicago, plus de 3,36 millions de personnes devraient","inLanguage":"fr-FR","potentialAction":[{"@type":"ReadAction","target":["https:\/\/voyage-aventure.com\/blog\/a-la-une\/preparez-vous-pour-une-saison-de-voyage-chargee-a-chicago-durant-les-conges-de-printemps\/"]}]},{"@type":"ImageObject","inLanguage":"fr-FR","@id":"https:\/\/voyage-aventure.com\/blog\/a-la-une\/preparez-vous-pour-une-saison-de-voyage-chargee-a-chicago-durant-les-conges-de-printemps\/#primaryimage","url":"https:\/\/voyage-aventure.com\/blog\/wp-content\/uploads\/2025\/05\/sdxl-542a37d754f96021c938c3202ba60915-scaled.png","contentUrl":"https:\/\/voyage-aventure.com\/blog\/wp-content\/uploads\/2025\/05\/sdxl-542a37d754f96021c938c3202ba60915-scaled.png","width":1200,"height":500},{"@type":"WebSite","@id":"https:\/\/voyage-aventure.com\/blog\/#website","url":"https:\/\/voyage-aventure.com\/blog\/","name":"voyage-aventure.com","description":"Votre passeport pour l\u2019inattendu.","publisher":{"@id":"https:\/\/voyage-aventure.com\/blog\/#organization"},"alternateName":"Votre passeport pour l\u2019inattendu.","potentialAction":[{"@type":"SearchAction","target":{"@type":"EntryPoint","urlTemplate":"https:\/\/voyage-aventure.com\/blog\/?s={search_term_string}"},"query-input":{"@type":"PropertyValueSpecification","valueRequired":true,"valueName":"search_term_string"}}],"inLanguage":"fr-FR"},{"@type":"Organization","@id":"https:\/\/voyage-aventure.com\/blog\/#organization","name":"Foretsensations.fr","url":"https:\/\/voyage-aventure.com\/blog\/","logo":{"@type":"ImageObject","inLanguage":"fr-FR","@id":"https:\/\/voyage-aventure.com\/blog\/#\/schema\/logo\/image\/","url":"https:\/\/voyage-aventure.com\/blog\/wp-content\/uploads\/2024\/12\/19.png","contentUrl":"https:\/\/voyage-aventure.com\/blog\/wp-content\/uploads\/2024\/12\/19.png","width":512,"height":512,"caption":"Foretsensations.fr"},"image":{"@id":"https:\/\/voyage-aventure.com\/blog\/#\/schema\/logo\/image\/"}},{"@type":"Person","@id":"https:\/\/voyage-aventure.com\/blog\/#\/schema\/person\/3c864cdc320801e3db34b663e7e3f816","name":"Camille Rouvray","image":{"@type":"ImageObject","inLanguage":"fr-FR","@id":"https:\/\/voyage-aventure.com\/blog\/#\/schema\/person\/image\/","url":"https:\/\/voyage-aventure.com\/blog\/wp-content\/uploads\/2026\/06\/persona_camille-r-96x96.jpg","contentUrl":"https:\/\/voyage-aventure.com\/blog\/wp-content\/uploads\/2026\/06\/persona_camille-r-96x96.jpg","caption":"Camille Rouvray"},"description":"Je voyage et j'\u00e9cris sur le voyage depuis une douzaine d'ann\u00e9es, d'abord en tant que routarde au long cours, puis comme r\u00e9dactrice sp\u00e9cialis\u00e9e. Mon terrain de pr\u00e9dilection, ce sont les circuits organis\u00e9s et l'art de bien pr\u00e9parer un itin\u00e9raire : choix de la saison, dur\u00e9e r\u00e9aliste des \u00e9tapes, budget jour par jour, logement et transport sur place. J'aime aussi raconter les p\u00e9pites urbaines, ces adresses qu'on ne trouve pas dans les guides classiques. Avant de publier un dossier destination, je croise toujours plusieurs sources, je v\u00e9rifie les tarifs et les formalit\u00e9s d'entr\u00e9e \u00e0 jour, et je teste moi-m\u00eame quand je le peux. Mon angle reste pratique avant tout : aider le lecteur \u00e0 partir l'esprit tranquille, sans mauvaise surprise une fois sur place. Je m'attache \u00e0 distinguer le coup de c\u0153ur sinc\u00e8re du simple argument marketing.","sameAs":["https:\/\/camillerouvray.fr\/"],"url":"https:\/\/voyage-aventure.com\/blog\/auteur\/noname\/"}]}},"_links":{"self":[{"href":"https:\/\/voyage-aventure.com\/blog\/wp-json\/wp\/v2\/posts\/15816","targetHints":{"allow":["GET"]}}],"collection":[{"href":"https:\/\/voyage-aventure.com\/blog\/wp-json\/wp\/v2\/posts"}],"about":[{"href":"https:\/\/voyage-aventure.com\/blog\/wp-json\/wp\/v2\/types\/post"}],"author":[{"embeddable":true,"href":"https:\/\/voyage-aventure.com\/blog\/wp-json\/wp\/v2\/users\/34"}],"replies":[{"embeddable":true,"href":"https:\/\/voyage-aventure.com\/blog\/wp-json\/wp\/v2\/comments?post=15816"}],"version-history":[{"count":0,"href":"https:\/\/voyage-aventure.com\/blog\/wp-json\/wp\/v2\/posts\/15816\/revisions"}],"wp:featuredmedia":[{"embeddable":true,"href":"https:\/\/voyage-aventure.com\/blog\/wp-json\/wp\/v2\/media\/19671"}],"wp:attachment":[{"href":"https:\/\/voyage-aventure.com\/blog\/wp-json\/wp\/v2\/media?parent=15816"}],"wp:term":[{"taxonomy":"category","embeddable":true,"href":"https:\/\/voyage-aventure.com\/blog\/wp-json\/wp\/v2\/categories?post=15816"},{"taxonomy":"post_tag","embeddable":true,"href":"https:\/\/voyage-aventure.com\/blog\/wp-json\/wp\/v2\/tags?post=15816"}],"curies":[{"name":"wp","href":"https:\/\/api.w.org\/{rel}","templated":true}]}}