{"id":15815,"date":"2025-03-21T02:53:05","date_gmt":"2025-03-21T01:53:05","guid":{"rendered":"https:\/\/voyage-aventure.com\/blog\/?p=15815"},"modified":"2025-03-20T23:40:24","modified_gmt":"2025-03-20T22:40:24","slug":"de-lamateur-au-pro-comment-jai-obtenu-mon-premier-contrat-de-photographie-de-voyage","status":"publish","type":"post","link":"https:\/\/voyage-aventure.com\/blog\/a-la-une\/de-lamateur-au-pro-comment-jai-obtenu-mon-premier-contrat-de-photographie-de-voyage\/","title":{"rendered":"De l&rsquo;amateur au pro : comment j&rsquo;ai obtenu mon premier contrat de photographie de voyage"},"content":{"rendered":"<h2>Le chemin vers la photographie de voyage<\/h2>\n<p>Au d\u00e9part, j&rsquo;ai photographi\u00e9 tout ce qui me tombait sous la main, des paysages aux sc\u00e8nes de rue, avant de d\u00e9couvrir ma v\u00e9ritable passion. Avec le temps, j&rsquo;ai affin\u00e9 mon style et compris l&rsquo;importance de se concentrer sur une niche sp\u00e9cifique pour attirer l&rsquo;attention des marques.<\/p>\n<p>Afin de s\u00e9duire les entreprises, il est crucial de d\u00e9velopper un portfolio solide qui refl\u00e8te vos comp\u00e9tences. Les marques recherchent une coh\u00e9rence en termes de style, de qualit\u00e9 et de narration. Voici quelques \u00e9tapes essentielles que j&rsquo;ai suivies :<\/p>\n<ul>\n<li>Photographier r\u00e9guli\u00e8rement, m\u00eame sans r\u00e9mun\u00e9ration, pour enrichir mon exp\u00e9rience.<\/li>\n<li>Cr\u00e9er des projets personnels pour d\u00e9velopper mon style et ma narration visuelle.<\/li>\n<li>Partager mes r\u00e9alisations sur Instagram et d&rsquo;autres plateformes photographiques.<\/li>\n<\/ul>\n<h2>Le moment d\u00e9cisif<\/h2>\n<p>Mon premier gros contrat est survenu gr\u00e2ce \u00e0 la combinaison de la pers\u00e9v\u00e9rance et de la chance. En 2018, lors d&rsquo;un voyage en Islande et au Groenland, j&rsquo;ai eu l&rsquo;occasion de travailler avec Manfrotto, une marque que j&rsquo;admirais. Ils avaient besoin de photos de leur nouveau tr\u00e9pied dans des paysages \u00e9poustouflants, et cela a marqu\u00e9 le d\u00e9but d&rsquo;une collaboration fructueuse.<\/p>\n<p>Cette exp\u00e9rience m&rsquo;a ouvert de nombreuses portes dans le monde de la photographie. J&rsquo;ai depuis eu l&rsquo;opportunit\u00e9 de r\u00e9aliser plusieurs projets pour eux dans diff\u00e9rents pays, d\u00e9montrant ainsi l&rsquo;importance de fournir un contenu de qualit\u00e9, m\u00eame quand on pense que personne ne regarde.<\/p>\n<p><iframe loading=\"lazy\" title=\"Cr\u00e9er un Site Web Pro GRATUITEMENT en 3 Minutes avec l&#039;IA\" width=\"1200\" height=\"675\" src=\"https:\/\/www.youtube.com\/embed\/jVKkJ_DhBk4?feature=oembed\" frameborder=\"0\" allow=\"accelerometer; autoplay; clipboard-write; encrypted-media; gyroscope; picture-in-picture; web-share\" referrerpolicy=\"strict-origin-when-cross-origin\" allowfullscreen><\/iframe><\/p>\n<h2>Se d\u00e9marquer et se promouvoir<\/h2>\n<p>En tant que photographe freelance, il est essentiel de savoir se vendre et de se d\u00e9marquer. Voici quelques strat\u00e9gies qui m&rsquo;ont permis de me faire remarquer :<\/p>\n<ul>\n<li><strong>Un portfolio soign\u00e9 :<\/strong> J&rsquo;ai veill\u00e9 \u00e0 ce que mes comptes Instagram et mon site web refl\u00e8tent une esth\u00e9tique coh\u00e9rente.<\/li>\n<li><strong>Engagement :<\/strong> J&rsquo;interagis activement avec les marques que je souhaite approcher, en commentant leurs publications et en partageant des \u0153uvres align\u00e9es avec leurs campagnes.<\/li>\n<li><strong>Des propositions solides :<\/strong> Je n&rsquo;h\u00e9site pas \u00e0 r\u00e9diger des pitches professionnels pour expliquer comment je peux aider les marques \u00e0 raconter leur histoire.<\/li>\n<\/ul>\n<h2>Le\u00e7ons apprises lors du premier grand contrat<\/h2>\n<p>Lorsque j&rsquo;ai d\u00e9croch\u00e9 le contrat avec Manfrotto, le v\u00e9ritable travail a commenc\u00e9. J&rsquo;ai d\u00fb planifier minutieusement mon voyage, m&rsquo;assurer d&rsquo;avoir le bon \u00e9quipement et respecter des d\u00e9lais stricts. Voici quelques le\u00e7ons cl\u00e9s que j&rsquo;ai tir\u00e9es de cette exp\u00e9rience :<\/p>\n<ul>\n<li><strong>La logistique est primordiale :<\/strong> Anticiper les vols, les h\u00e9bergements et les impr\u00e9vus a \u00e9t\u00e9 essentiel pour mener \u00e0 bien ce projet.<\/li>\n<li><strong>La communication est cruciale :<\/strong> Comprendre les attentes de la marque a facilit\u00e9 le d\u00e9roulement du travail. J&rsquo;ai eu la chance de b\u00e9n\u00e9ficier d&rsquo;une grande libert\u00e9 cr\u00e9ative, ce qui a enrichi le r\u00e9sultat final.<\/li>\n<li><strong>Il faut savoir s&rsquo;adapter :<\/strong> Les conditions m\u00e9t\u00e9orologiques et les impr\u00e9vus font partie int\u00e9grante de la photographie de voyage. J&rsquo;ai appris \u00e0 tirer parti de ces situations pour produire des images uniques.<\/li>\n<\/ul>\n<h2>Transformer une exp\u00e9rience en opportunit\u00e9s futures<\/h2>\n<p>Apr\u00e8s avoir r\u00e9alis\u00e9 mon projet au Groenland, j&rsquo;ai utilis\u00e9 cette exp\u00e9rience comme tremplin pour d&rsquo;autres opportunit\u00e9s. Voici comment j&rsquo;ai capitalis\u00e9 sur cette r\u00e9ussite :<\/p>\n<ul>\n<li><strong>Enrichir mon portfolio :<\/strong> Un projet avec une marque reconnue augmente ma cr\u00e9dibilit\u00e9 aupr\u00e8s de futurs clients.<\/li>\n<li><strong>Utiliser cette exp\u00e9rience dans mes propositions :<\/strong> En mentionnant ce travail, j&rsquo;ai pu convaincre d&rsquo;autres marques de ma capacit\u00e9 \u00e0 g\u00e9rer des projets de grande envergure.<\/li>\n<li><strong>\u00c9tablir des relations durables :<\/strong> J&rsquo;ai maintenu le contact avec Manfrotto, ce qui m&rsquo;a permis de d\u00e9crocher d&rsquo;autres projets avec eux.<\/li>\n<\/ul>\n<blockquote>\n<p>\u00ab\u00a0La photographie de voyage ne repose pas sur la chance, mais sur la pr\u00e9paration, la pers\u00e9v\u00e9rance et la volont\u00e9 de se mettre en avant.\u00a0\u00bb<\/p>\n<\/blockquote>\n<p>Se lancer dans la photographie de voyage et d\u00e9crocher son premier gros contrat demande du travail et de la d\u00e9termination. Suivez ces conseils pour b\u00e2tir un avenir prometteur dans ce domaine passionnant. Quel est votre prochain pas pour atteindre votre objectif ?<\/p>\n","protected":false},"excerpt":{"rendered":"","protected":false},"author":34,"featured_media":20565,"comment_status":"open","ping_status":"open","sticky":false,"template":"","format":"standard","meta":{"_acf_changed":false,"manual_indexmenow":false,"indexmenow_id_project":0,"footnotes":""},"categories":[1],"tags":[4639,4769,6227,6228,5755],"class_list":["post-15815","post","type-post","status-publish","format-standard","has-post-thumbnail","hentry","category-a-la-une","tag-aventure","tag-immersion-culturelle","tag-photographie-de-voyage","tag-portfolio","tag-voyage-en-solo","generate-columns","tablet-grid-50","mobile-grid-100","grid-parent","grid-25"],"acf":[],"yoast_head":"<!-- This site is optimized with the Yoast SEO Premium plugin v21.3 (Yoast SEO v25.1) - https:\/\/yoast.com\/wordpress\/plugins\/seo\/ -->\n<title>De l&#039;amateur au pro : comment j&#039;ai obtenu mon premier<\/title>\n<meta name=\"description\" content=\"Au d\u00e9part, j&#039;ai photographi\u00e9 tout ce qui me tombait sous la main, des paysages aux sc\u00e8nes de rue, avant de d\u00e9couvrir ma v\u00e9ritable passion. Avec le temps\" \/>\n<meta name=\"robots\" content=\"index, follow, max-snippet:-1, max-image-preview:large, max-video-preview:-1\" \/>\n<link rel=\"canonical\" href=\"https:\/\/voyage-aventure.com\/blog\/a-la-une\/de-lamateur-au-pro-comment-jai-obtenu-mon-premier-contrat-de-photographie-de-voyage\/\" \/>\n<meta property=\"og:locale\" content=\"fr_FR\" \/>\n<meta property=\"og:type\" content=\"article\" \/>\n<meta property=\"og:title\" content=\"De l&#039;amateur au pro : comment j&#039;ai obtenu mon premier\" \/>\n<meta property=\"og:description\" content=\"Au d\u00e9part, j&#039;ai photographi\u00e9 tout ce qui me tombait sous la main, des paysages aux sc\u00e8nes de rue, avant de d\u00e9couvrir ma v\u00e9ritable passion. Avec le temps\" \/>\n<meta property=\"og:url\" content=\"https:\/\/voyage-aventure.com\/blog\/a-la-une\/de-lamateur-au-pro-comment-jai-obtenu-mon-premier-contrat-de-photographie-de-voyage\/\" \/>\n<meta property=\"og:site_name\" content=\"voyage-aventure\" \/>\n<meta property=\"og:image\" content=\"https:\/\/voyage-aventure.com\/blog\/wp-content\/uploads\/2025\/05\/sdxl-5a9e07e6db4ed291d021aca55585fc2f-scaled.png\" \/>\n\t<meta property=\"og:image:width\" content=\"1200\" \/>\n\t<meta property=\"og:image:height\" content=\"500\" \/>\n\t<meta property=\"og:image:type\" content=\"image\/png\" \/>\n<meta name=\"author\" content=\"Camille Rouvray\" \/>\n<meta name=\"twitter:card\" content=\"summary_large_image\" \/>\n<script type=\"application\/ld+json\" class=\"yoast-schema-graph\">{\"@context\":\"https:\/\/schema.org\",\"@graph\":[{\"@type\":\"NewsArticle\",\"@id\":\"https:\/\/voyage-aventure.com\/blog\/a-la-une\/de-lamateur-au-pro-comment-jai-obtenu-mon-premier-contrat-de-photographie-de-voyage\/#article\",\"isPartOf\":{\"@id\":\"https:\/\/voyage-aventure.com\/blog\/a-la-une\/de-lamateur-au-pro-comment-jai-obtenu-mon-premier-contrat-de-photographie-de-voyage\/\"},\"author\":{\"name\":\"Camille Rouvray\",\"@id\":\"https:\/\/voyage-aventure.com\/blog\/#\/schema\/person\/3c864cdc320801e3db34b663e7e3f816\"},\"headline\":\"De l&rsquo;amateur au pro : comment j&rsquo;ai obtenu mon premier contrat de photographie de voyage\",\"datePublished\":\"2025-03-21T01:53:05+00:00\",\"mainEntityOfPage\":{\"@id\":\"https:\/\/voyage-aventure.com\/blog\/a-la-une\/de-lamateur-au-pro-comment-jai-obtenu-mon-premier-contrat-de-photographie-de-voyage\/\"},\"wordCount\":733,\"commentCount\":17,\"publisher\":{\"@id\":\"https:\/\/voyage-aventure.com\/blog\/#organization\"},\"image\":{\"@id\":\"https:\/\/voyage-aventure.com\/blog\/a-la-une\/de-lamateur-au-pro-comment-jai-obtenu-mon-premier-contrat-de-photographie-de-voyage\/#primaryimage\"},\"thumbnailUrl\":\"https:\/\/voyage-aventure.com\/blog\/wp-content\/uploads\/2025\/05\/sdxl-5a9e07e6db4ed291d021aca55585fc2f-scaled.png\",\"keywords\":[\"Aventure\",\"Immersion Culturelle\",\"Photographie de Voyage\",\"Portfolio\",\"Voyage en solo\"],\"articleSection\":[\"\u00c0 la une\"],\"inLanguage\":\"fr-FR\",\"potentialAction\":[{\"@type\":\"CommentAction\",\"name\":\"Comment\",\"target\":[\"https:\/\/voyage-aventure.com\/blog\/a-la-une\/de-lamateur-au-pro-comment-jai-obtenu-mon-premier-contrat-de-photographie-de-voyage\/#respond\"]}]},{\"@type\":\"WebPage\",\"@id\":\"https:\/\/voyage-aventure.com\/blog\/a-la-une\/de-lamateur-au-pro-comment-jai-obtenu-mon-premier-contrat-de-photographie-de-voyage\/\",\"url\":\"https:\/\/voyage-aventure.com\/blog\/a-la-une\/de-lamateur-au-pro-comment-jai-obtenu-mon-premier-contrat-de-photographie-de-voyage\/\",\"name\":\"De l'amateur au pro : comment j'ai obtenu mon premier\",\"isPartOf\":{\"@id\":\"https:\/\/voyage-aventure.com\/blog\/#website\"},\"primaryImageOfPage\":{\"@id\":\"https:\/\/voyage-aventure.com\/blog\/a-la-une\/de-lamateur-au-pro-comment-jai-obtenu-mon-premier-contrat-de-photographie-de-voyage\/#primaryimage\"},\"image\":{\"@id\":\"https:\/\/voyage-aventure.com\/blog\/a-la-une\/de-lamateur-au-pro-comment-jai-obtenu-mon-premier-contrat-de-photographie-de-voyage\/#primaryimage\"},\"thumbnailUrl\":\"https:\/\/voyage-aventure.com\/blog\/wp-content\/uploads\/2025\/05\/sdxl-5a9e07e6db4ed291d021aca55585fc2f-scaled.png\",\"datePublished\":\"2025-03-21T01:53:05+00:00\",\"description\":\"Au d\u00e9part, j'ai photographi\u00e9 tout ce qui me tombait sous la main, des paysages aux sc\u00e8nes de rue, avant de d\u00e9couvrir ma v\u00e9ritable passion. Avec le temps\",\"inLanguage\":\"fr-FR\",\"potentialAction\":[{\"@type\":\"ReadAction\",\"target\":[\"https:\/\/voyage-aventure.com\/blog\/a-la-une\/de-lamateur-au-pro-comment-jai-obtenu-mon-premier-contrat-de-photographie-de-voyage\/\"]}]},{\"@type\":\"ImageObject\",\"inLanguage\":\"fr-FR\",\"@id\":\"https:\/\/voyage-aventure.com\/blog\/a-la-une\/de-lamateur-au-pro-comment-jai-obtenu-mon-premier-contrat-de-photographie-de-voyage\/#primaryimage\",\"url\":\"https:\/\/voyage-aventure.com\/blog\/wp-content\/uploads\/2025\/05\/sdxl-5a9e07e6db4ed291d021aca55585fc2f-scaled.png\",\"contentUrl\":\"https:\/\/voyage-aventure.com\/blog\/wp-content\/uploads\/2025\/05\/sdxl-5a9e07e6db4ed291d021aca55585fc2f-scaled.png\",\"width\":1200,\"height\":500},{\"@type\":\"WebSite\",\"@id\":\"https:\/\/voyage-aventure.com\/blog\/#website\",\"url\":\"https:\/\/voyage-aventure.com\/blog\/\",\"name\":\"voyage-aventure.com\",\"description\":\"Votre passeport pour l\u2019inattendu.\",\"publisher\":{\"@id\":\"https:\/\/voyage-aventure.com\/blog\/#organization\"},\"alternateName\":\"Votre passeport pour l\u2019inattendu.\",\"potentialAction\":[{\"@type\":\"SearchAction\",\"target\":{\"@type\":\"EntryPoint\",\"urlTemplate\":\"https:\/\/voyage-aventure.com\/blog\/?s={search_term_string}\"},\"query-input\":{\"@type\":\"PropertyValueSpecification\",\"valueRequired\":true,\"valueName\":\"search_term_string\"}}],\"inLanguage\":\"fr-FR\"},{\"@type\":\"Organization\",\"@id\":\"https:\/\/voyage-aventure.com\/blog\/#organization\",\"name\":\"Foretsensations.fr\",\"url\":\"https:\/\/voyage-aventure.com\/blog\/\",\"logo\":{\"@type\":\"ImageObject\",\"inLanguage\":\"fr-FR\",\"@id\":\"https:\/\/voyage-aventure.com\/blog\/#\/schema\/logo\/image\/\",\"url\":\"https:\/\/voyage-aventure.com\/blog\/wp-content\/uploads\/2024\/12\/19.png\",\"contentUrl\":\"https:\/\/voyage-aventure.com\/blog\/wp-content\/uploads\/2024\/12\/19.png\",\"width\":512,\"height\":512,\"caption\":\"Foretsensations.fr\"},\"image\":{\"@id\":\"https:\/\/voyage-aventure.com\/blog\/#\/schema\/logo\/image\/\"}},{\"@type\":\"Person\",\"@id\":\"https:\/\/voyage-aventure.com\/blog\/#\/schema\/person\/3c864cdc320801e3db34b663e7e3f816\",\"name\":\"Camille Rouvray\",\"image\":{\"@type\":\"ImageObject\",\"inLanguage\":\"fr-FR\",\"@id\":\"https:\/\/voyage-aventure.com\/blog\/#\/schema\/person\/image\/\",\"url\":\"https:\/\/voyage-aventure.com\/blog\/wp-content\/uploads\/2026\/06\/persona_camille-r-96x96.jpg\",\"contentUrl\":\"https:\/\/voyage-aventure.com\/blog\/wp-content\/uploads\/2026\/06\/persona_camille-r-96x96.jpg\",\"caption\":\"Camille Rouvray\"},\"description\":\"Je voyage et j'\u00e9cris sur le voyage depuis une douzaine d'ann\u00e9es, d'abord en tant que routarde au long cours, puis comme r\u00e9dactrice sp\u00e9cialis\u00e9e. Mon terrain de pr\u00e9dilection, ce sont les circuits organis\u00e9s et l'art de bien pr\u00e9parer un itin\u00e9raire : choix de la saison, dur\u00e9e r\u00e9aliste des \u00e9tapes, budget jour par jour, logement et transport sur place. J'aime aussi raconter les p\u00e9pites urbaines, ces adresses qu'on ne trouve pas dans les guides classiques. Avant de publier un dossier destination, je croise toujours plusieurs sources, je v\u00e9rifie les tarifs et les formalit\u00e9s d'entr\u00e9e \u00e0 jour, et je teste moi-m\u00eame quand je le peux. Mon angle reste pratique avant tout : aider le lecteur \u00e0 partir l'esprit tranquille, sans mauvaise surprise une fois sur place. Je m'attache \u00e0 distinguer le coup de c\u0153ur sinc\u00e8re du simple argument marketing.\",\"sameAs\":[\"https:\/\/camillerouvray.fr\/\"],\"url\":\"https:\/\/voyage-aventure.com\/blog\/auteur\/noname\/\"}]}<\/script>\n<!-- \/ Yoast SEO Premium plugin. -->","yoast_head_json":{"title":"De l'amateur au pro : comment j'ai obtenu mon premier","description":"Au d\u00e9part, j'ai photographi\u00e9 tout ce qui me tombait sous la main, des paysages aux sc\u00e8nes de rue, avant de d\u00e9couvrir ma v\u00e9ritable passion. Avec le temps","robots":{"index":"index","follow":"follow","max-snippet":"max-snippet:-1","max-image-preview":"max-image-preview:large","max-video-preview":"max-video-preview:-1"},"canonical":"https:\/\/voyage-aventure.com\/blog\/a-la-une\/de-lamateur-au-pro-comment-jai-obtenu-mon-premier-contrat-de-photographie-de-voyage\/","og_locale":"fr_FR","og_type":"article","og_title":"De l'amateur au pro : comment j'ai obtenu mon premier","og_description":"Au d\u00e9part, j'ai photographi\u00e9 tout ce qui me tombait sous la main, des paysages aux sc\u00e8nes de rue, avant de d\u00e9couvrir ma v\u00e9ritable passion. Avec le temps","og_url":"https:\/\/voyage-aventure.com\/blog\/a-la-une\/de-lamateur-au-pro-comment-jai-obtenu-mon-premier-contrat-de-photographie-de-voyage\/","og_site_name":"voyage-aventure","og_image":[{"width":1200,"height":500,"url":"https:\/\/voyage-aventure.com\/blog\/wp-content\/uploads\/2025\/05\/sdxl-5a9e07e6db4ed291d021aca55585fc2f-scaled.png","type":"image\/png"}],"author":"Camille Rouvray","twitter_card":"summary_large_image","schema":{"@context":"https:\/\/schema.org","@graph":[{"@type":"NewsArticle","@id":"https:\/\/voyage-aventure.com\/blog\/a-la-une\/de-lamateur-au-pro-comment-jai-obtenu-mon-premier-contrat-de-photographie-de-voyage\/#article","isPartOf":{"@id":"https:\/\/voyage-aventure.com\/blog\/a-la-une\/de-lamateur-au-pro-comment-jai-obtenu-mon-premier-contrat-de-photographie-de-voyage\/"},"author":{"name":"Camille Rouvray","@id":"https:\/\/voyage-aventure.com\/blog\/#\/schema\/person\/3c864cdc320801e3db34b663e7e3f816"},"headline":"De l&rsquo;amateur au pro : comment j&rsquo;ai obtenu mon premier contrat de photographie de voyage","datePublished":"2025-03-21T01:53:05+00:00","mainEntityOfPage":{"@id":"https:\/\/voyage-aventure.com\/blog\/a-la-une\/de-lamateur-au-pro-comment-jai-obtenu-mon-premier-contrat-de-photographie-de-voyage\/"},"wordCount":733,"commentCount":17,"publisher":{"@id":"https:\/\/voyage-aventure.com\/blog\/#organization"},"image":{"@id":"https:\/\/voyage-aventure.com\/blog\/a-la-une\/de-lamateur-au-pro-comment-jai-obtenu-mon-premier-contrat-de-photographie-de-voyage\/#primaryimage"},"thumbnailUrl":"https:\/\/voyage-aventure.com\/blog\/wp-content\/uploads\/2025\/05\/sdxl-5a9e07e6db4ed291d021aca55585fc2f-scaled.png","keywords":["Aventure","Immersion Culturelle","Photographie de Voyage","Portfolio","Voyage en solo"],"articleSection":["\u00c0 la une"],"inLanguage":"fr-FR","potentialAction":[{"@type":"CommentAction","name":"Comment","target":["https:\/\/voyage-aventure.com\/blog\/a-la-une\/de-lamateur-au-pro-comment-jai-obtenu-mon-premier-contrat-de-photographie-de-voyage\/#respond"]}]},{"@type":"WebPage","@id":"https:\/\/voyage-aventure.com\/blog\/a-la-une\/de-lamateur-au-pro-comment-jai-obtenu-mon-premier-contrat-de-photographie-de-voyage\/","url":"https:\/\/voyage-aventure.com\/blog\/a-la-une\/de-lamateur-au-pro-comment-jai-obtenu-mon-premier-contrat-de-photographie-de-voyage\/","name":"De l'amateur au pro : comment j'ai obtenu mon premier","isPartOf":{"@id":"https:\/\/voyage-aventure.com\/blog\/#website"},"primaryImageOfPage":{"@id":"https:\/\/voyage-aventure.com\/blog\/a-la-une\/de-lamateur-au-pro-comment-jai-obtenu-mon-premier-contrat-de-photographie-de-voyage\/#primaryimage"},"image":{"@id":"https:\/\/voyage-aventure.com\/blog\/a-la-une\/de-lamateur-au-pro-comment-jai-obtenu-mon-premier-contrat-de-photographie-de-voyage\/#primaryimage"},"thumbnailUrl":"https:\/\/voyage-aventure.com\/blog\/wp-content\/uploads\/2025\/05\/sdxl-5a9e07e6db4ed291d021aca55585fc2f-scaled.png","datePublished":"2025-03-21T01:53:05+00:00","description":"Au d\u00e9part, j'ai photographi\u00e9 tout ce qui me tombait sous la main, des paysages aux sc\u00e8nes de rue, avant de d\u00e9couvrir ma v\u00e9ritable passion. Avec le temps","inLanguage":"fr-FR","potentialAction":[{"@type":"ReadAction","target":["https:\/\/voyage-aventure.com\/blog\/a-la-une\/de-lamateur-au-pro-comment-jai-obtenu-mon-premier-contrat-de-photographie-de-voyage\/"]}]},{"@type":"ImageObject","inLanguage":"fr-FR","@id":"https:\/\/voyage-aventure.com\/blog\/a-la-une\/de-lamateur-au-pro-comment-jai-obtenu-mon-premier-contrat-de-photographie-de-voyage\/#primaryimage","url":"https:\/\/voyage-aventure.com\/blog\/wp-content\/uploads\/2025\/05\/sdxl-5a9e07e6db4ed291d021aca55585fc2f-scaled.png","contentUrl":"https:\/\/voyage-aventure.com\/blog\/wp-content\/uploads\/2025\/05\/sdxl-5a9e07e6db4ed291d021aca55585fc2f-scaled.png","width":1200,"height":500},{"@type":"WebSite","@id":"https:\/\/voyage-aventure.com\/blog\/#website","url":"https:\/\/voyage-aventure.com\/blog\/","name":"voyage-aventure.com","description":"Votre passeport pour l\u2019inattendu.","publisher":{"@id":"https:\/\/voyage-aventure.com\/blog\/#organization"},"alternateName":"Votre passeport pour l\u2019inattendu.","potentialAction":[{"@type":"SearchAction","target":{"@type":"EntryPoint","urlTemplate":"https:\/\/voyage-aventure.com\/blog\/?s={search_term_string}"},"query-input":{"@type":"PropertyValueSpecification","valueRequired":true,"valueName":"search_term_string"}}],"inLanguage":"fr-FR"},{"@type":"Organization","@id":"https:\/\/voyage-aventure.com\/blog\/#organization","name":"Foretsensations.fr","url":"https:\/\/voyage-aventure.com\/blog\/","logo":{"@type":"ImageObject","inLanguage":"fr-FR","@id":"https:\/\/voyage-aventure.com\/blog\/#\/schema\/logo\/image\/","url":"https:\/\/voyage-aventure.com\/blog\/wp-content\/uploads\/2024\/12\/19.png","contentUrl":"https:\/\/voyage-aventure.com\/blog\/wp-content\/uploads\/2024\/12\/19.png","width":512,"height":512,"caption":"Foretsensations.fr"},"image":{"@id":"https:\/\/voyage-aventure.com\/blog\/#\/schema\/logo\/image\/"}},{"@type":"Person","@id":"https:\/\/voyage-aventure.com\/blog\/#\/schema\/person\/3c864cdc320801e3db34b663e7e3f816","name":"Camille Rouvray","image":{"@type":"ImageObject","inLanguage":"fr-FR","@id":"https:\/\/voyage-aventure.com\/blog\/#\/schema\/person\/image\/","url":"https:\/\/voyage-aventure.com\/blog\/wp-content\/uploads\/2026\/06\/persona_camille-r-96x96.jpg","contentUrl":"https:\/\/voyage-aventure.com\/blog\/wp-content\/uploads\/2026\/06\/persona_camille-r-96x96.jpg","caption":"Camille Rouvray"},"description":"Je voyage et j'\u00e9cris sur le voyage depuis une douzaine d'ann\u00e9es, d'abord en tant que routarde au long cours, puis comme r\u00e9dactrice sp\u00e9cialis\u00e9e. Mon terrain de pr\u00e9dilection, ce sont les circuits organis\u00e9s et l'art de bien pr\u00e9parer un itin\u00e9raire : choix de la saison, dur\u00e9e r\u00e9aliste des \u00e9tapes, budget jour par jour, logement et transport sur place. J'aime aussi raconter les p\u00e9pites urbaines, ces adresses qu'on ne trouve pas dans les guides classiques. Avant de publier un dossier destination, je croise toujours plusieurs sources, je v\u00e9rifie les tarifs et les formalit\u00e9s d'entr\u00e9e \u00e0 jour, et je teste moi-m\u00eame quand je le peux. Mon angle reste pratique avant tout : aider le lecteur \u00e0 partir l'esprit tranquille, sans mauvaise surprise une fois sur place. Je m'attache \u00e0 distinguer le coup de c\u0153ur sinc\u00e8re du simple argument marketing.","sameAs":["https:\/\/camillerouvray.fr\/"],"url":"https:\/\/voyage-aventure.com\/blog\/auteur\/noname\/"}]}},"_links":{"self":[{"href":"https:\/\/voyage-aventure.com\/blog\/wp-json\/wp\/v2\/posts\/15815","targetHints":{"allow":["GET"]}}],"collection":[{"href":"https:\/\/voyage-aventure.com\/blog\/wp-json\/wp\/v2\/posts"}],"about":[{"href":"https:\/\/voyage-aventure.com\/blog\/wp-json\/wp\/v2\/types\/post"}],"author":[{"embeddable":true,"href":"https:\/\/voyage-aventure.com\/blog\/wp-json\/wp\/v2\/users\/34"}],"replies":[{"embeddable":true,"href":"https:\/\/voyage-aventure.com\/blog\/wp-json\/wp\/v2\/comments?post=15815"}],"version-history":[{"count":1,"href":"https:\/\/voyage-aventure.com\/blog\/wp-json\/wp\/v2\/posts\/15815\/revisions"}],"predecessor-version":[{"id":15830,"href":"https:\/\/voyage-aventure.com\/blog\/wp-json\/wp\/v2\/posts\/15815\/revisions\/15830"}],"wp:featuredmedia":[{"embeddable":true,"href":"https:\/\/voyage-aventure.com\/blog\/wp-json\/wp\/v2\/media\/20565"}],"wp:attachment":[{"href":"https:\/\/voyage-aventure.com\/blog\/wp-json\/wp\/v2\/media?parent=15815"}],"wp:term":[{"taxonomy":"category","embeddable":true,"href":"https:\/\/voyage-aventure.com\/blog\/wp-json\/wp\/v2\/categories?post=15815"},{"taxonomy":"post_tag","embeddable":true,"href":"https:\/\/voyage-aventure.com\/blog\/wp-json\/wp\/v2\/tags?post=15815"}],"curies":[{"name":"wp","href":"https:\/\/api.w.org\/{rel}","templated":true}]}}