{"id":15787,"date":"2026-06-16T17:21:12","date_gmt":"2026-06-16T15:21:12","guid":{"rendered":"https:\/\/voyage-aventure.com\/blog\/a-la-une\/decouvrez-pourquoi-ce-campeur-en-fibre-de-verre-de-52-ans-surpasse-les-rv-modernes\/"},"modified":"2026-06-16T17:21:12","modified_gmt":"2026-06-16T15:21:12","slug":"decouvrez-pourquoi-ce-campeur-en-fibre-de-verre-de-52-ans-surpasse-les-rv-modernes","status":"publish","type":"post","link":"https:\/\/voyage-aventure.com\/blog\/a-la-une\/decouvrez-pourquoi-ce-campeur-en-fibre-de-verre-de-52-ans-surpasse-les-rv-modernes\/","title":{"rendered":"D\u00e9couvrez pourquoi ce campeur en fibre de verre de 52 ans surpasse les RV modernes"},"content":{"rendered":"<link rel=\"stylesheet\" href=\"https:\/\/fonts.googleapis.com\/css2?family=Inter+Tight:wght@500;600;700;800&#038;family=Inter:wght@400;500;600&#038;family=IBM+Plex+Mono:wght@500&#038;display=swap\">\n<style>\n.va-camper-wrap{font-family:'Inter',system-ui,sans-serif;color:#2c2420;line-height:1.65;font-size:17px;}\n.va-camper-wrap h2{font-family:'Inter Tight','Inter',sans-serif;font-weight:800;letter-spacing:-0.02em;color:#23302f;font-size:clamp(24px,3.2vw,33px);margin:48px 0 14px;}\n.va-camper-wrap h3{font-family:'Inter Tight','Inter',sans-serif;font-weight:700;letter-spacing:-0.01em;color:#23302f;font-size:19px;margin:24px 0 8px;}\n.va-camper-wrap p{margin:0 0 18px;}\n.va-camper-kicker{font-family:'IBM Plex Mono',monospace;font-size:12px;font-weight:500;text-transform:uppercase;letter-spacing:2.4px;color:#c25826;}\n.va-camper-bref{background:#fbeee2;border-left:5px solid #c25826;border-radius:0 8px 8px 0;padding:22px 26px;margin:26px 0;}\n.va-camper-bref .va-camper-q{font-family:'Inter Tight',sans-serif;font-weight:800;font-size:18px;color:#23302f;margin-bottom:8px;letter-spacing:-0.01em;}\n.va-camper-bref .va-camper-lead{font-size:17px;line-height:1.6;color:#3a322c;}\n.va-camper-bref ul{margin:14px 0 0;padding-left:0;list-style:none;}\n.va-camper-bref li{display:flex;gap:10px;align-items:flex-start;padding:5px 0;font-size:14.5px;line-height:1.5;color:#3a322c;}\n.va-camper-bref li span{color:#1f8a7a;font-weight:800;flex:0 0 14px;}\n.va-camper-fiche{display:grid;grid-template-columns:repeat(auto-fit,minmax(150px,1fr));background:#23302f;border-radius:8px;overflow:hidden;margin:30px 0;}\n.va-camper-fiche .va-camper-cell{padding:20px 16px;text-align:center;border-right:1px solid #324543;}\n.va-camper-fiche .va-camper-cell:last-child{border-right:none;}\n.va-camper-fiche .va-camper-big{font-family:'Inter Tight',sans-serif;font-size:30px;font-weight:800;color:#fbeee2;letter-spacing:-0.03em;line-height:1.05;}\n.va-camper-fiche .va-camper-big.va-camper-acc{color:#3fc4ad;}\n.va-camper-fiche .va-camper-lbl{font-family:'IBM Plex Mono',monospace;font-size:10.5px;text-transform:uppercase;letter-spacing:1.4px;color:#9fb3b0;margin-top:8px;}\n.va-camper-grid{display:grid;grid-template-columns:repeat(auto-fit,minmax(220px,1fr));gap:14px;margin:26px 0;}\n.va-camper-card{background:#fff;border:1px solid #ece1d4;border-top:3px solid #c25826;border-radius:8px;padding:18px 20px;transition:.25s ease;}\n.va-camper-card:hover{transform:translateY(-3px);box-shadow:0 14px 28px -16px rgba(44,36,32,.4);}\n.va-camper-card .va-camper-num{width:34px;height:34px;background:#fbeee2;border-radius:50%;display:inline-flex;align-items:center;justify-content:center;font-family:'Inter Tight',sans-serif;font-size:15px;font-weight:800;color:#c25826;margin-bottom:10px;}\n.va-camper-card h3{margin:0 0 6px;font-size:16px;}\n.va-camper-card .va-camper-txt{font-size:14px;line-height:1.55;color:#5a504a;}\n.va-camper-duo{display:grid;grid-template-columns:repeat(auto-fit,minmax(260px,1fr));gap:14px;margin:26px 0;}\n.va-camper-col{border-radius:8px;padding:20px 22px;border:1px solid #ece1d4;}\n.va-camper-col.va-camper-vintage{background:#fbeee2;border-color:#eecbb0;border-top:4px solid #c25826;}\n.va-camper-col.va-camper-modern{background:#eef6f4;border-color:#cfe6e1;border-top:4px solid #1f8a7a;}\n.va-camper-col .va-camper-head{font-family:'Inter Tight',sans-serif;font-weight:800;font-size:16px;letter-spacing:-0.01em;margin-bottom:12px;padding-bottom:8px;}\n.va-camper-col.va-camper-vintage .va-camper-head{color:#a8451d;border-bottom:1px solid #eecbb0;}\n.va-camper-col.va-camper-modern .va-camper-head{color:#176b5f;border-bottom:1px solid #cfe6e1;}\n.va-camper-col ul{margin:0;padding-left:18px;font-size:14px;line-height:1.7;color:#3a322c;}\n.va-camper-quote{margin:38px auto;padding:26px 24px;text-align:center;border-top:1px solid #23302f;border-bottom:1px solid #23302f;max-width:660px;position:relative;}\n.va-camper-quote .va-camper-mark{position:absolute;top:-22px;left:50%;transform:translateX(-50%);background:#fcf8f3;padding:0 14px;font-family:'Inter Tight',serif;font-size:50px;line-height:1;color:#c25826;}\n.va-camper-quote blockquote{margin:0;font-family:'Inter Tight',sans-serif;font-size:23px;line-height:1.45;font-style:italic;font-weight:600;color:#23302f;letter-spacing:-0.005em;}\n.va-camper-quote figcaption{margin-top:14px;font-family:'IBM Plex Mono',monospace;font-size:11px;text-transform:uppercase;letter-spacing:2px;color:#8a7d72;}\n.va-camper-aretenir{background:#fcf8f3;border:1px solid #ece1d4;border-radius:10px;padding:24px 26px;margin:30px 0;}\n.va-camper-aretenir .va-camper-kicker{display:block;margin-bottom:16px;}\n.va-camper-aretenir .va-camper-rgrid{display:grid;grid-template-columns:repeat(auto-fit,minmax(240px,1fr));gap:10px;}\n.va-camper-pt{display:flex;gap:12px;background:#fff;border:1px solid #ece1d4;border-radius:6px;padding:12px 14px;align-items:flex-start;}\n.va-camper-pt .va-camper-dot{flex:0 0 24px;width:24px;height:24px;background:#c25826;color:#fff;border-radius:50%;display:inline-flex;align-items:center;justify-content:center;font-family:'Inter Tight',sans-serif;font-size:12px;font-weight:800;}\n.va-camper-pt .va-camper-pttx{font-size:14px;line-height:1.5;color:#3a322c;}\n.va-camper-faq{margin:32px 0;}\n.va-camper-faq h2{margin-bottom:6px;}\n.va-camper-faq .va-camper-acc{border-top:1px solid #e4d8ca;}\n.va-camper-faq details{border-bottom:1px solid #e4d8ca;}\n.va-camper-faq summary{cursor:pointer;padding:16px 0;font-family:'Inter Tight',sans-serif;font-size:17px;font-weight:700;color:#23302f;list-style:none;display:flex;justify-content:space-between;align-items:center;gap:14px;}\n.va-camper-faq summary::-webkit-details-marker{display:none;}\n.va-camper-faq summary .va-camper-plus{font-size:22px;font-weight:400;color:#c25826;line-height:1;}\n.va-camper-faq .va-camper-ans{padding:0 0 16px;font-size:15px;line-height:1.7;color:#5a504a;}\n\/*RENDERFIX2*\/.va-camper-fiche{color:#eef3f9!important}.va-camper-fiche p,.va-camper-fiche li,.va-camper-fiche strong,.va-camper-fiche em,.va-camper-fiche a,.va-camper-fiche span,.va-camper-fiche b,.va-camper-fiche td,.va-camper-fiche th,.va-camper-fiche h2,.va-camper-fiche h3,.va-camper-fiche h4{color:#eef3f9!important}.va-camper-fiche strong,.va-camper-fiche b{color:#ffffff!important}.va-camper-pt .va-camper-dot{color:#eef3f9!important}.va-camper-pt .va-camper-dot p,.va-camper-pt .va-camper-dot li,.va-camper-pt .va-camper-dot strong,.va-camper-pt .va-camper-dot em,.va-camper-pt .va-camper-dot a,.va-camper-pt .va-camper-dot span,.va-camper-pt .va-camper-dot b,.va-camper-pt .va-camper-dot td,.va-camper-pt .va-camper-dot th,.va-camper-pt .va-camper-dot h2,.va-camper-pt .va-camper-dot h3,.va-camper-pt .va-camper-dot h4{color:#eef3f9!important}.va-camper-pt .va-camper-dot strong,.va-camper-pt .va-camper-dot b{color:#ffffff!important}<\/style>\n<div class=\"va-camper-wrap\">\n<span class=\"va-camper-kicker\">Portrait d&rsquo;un campeur d&rsquo;exception<\/span><\/p>\n<p>Pour moins de 10 000 dollars, vous pouvez acqu\u00e9rir un mod\u00e8le comme l&rsquo;<strong>Amerigo FG-16<\/strong>, un petit campeur de 1 800 livres qui serait parfait pour une escapade en famille. Pourtant, certains des meilleurs campeurs ne n\u00e9cessitent pas de camions lourds pour les tracter \u2014 et ce mod\u00e8le vintage en fibre de verre, con\u00e7u il y a plus de cinquante ans, en est la preuve \u00e9clatante.<\/p>\n<div class=\"va-camper-bref\">\n<div class=\"va-camper-q\">En bref : ce qui rend ce campeur sp\u00e9cial<\/div>\n<div class=\"va-camper-lead\">L&rsquo;Amerigo FG-16 est un campeur en fibre de verre des ann\u00e9es 1970, l\u00e9ger (1 800 livres), tractable par n&rsquo;importe quelle voiture et assez bas pour entrer dans un garage standard. Sa coque en fibre de verre lui a permis de traverser les d\u00e9cennies l\u00e0 o\u00f9 bien des RV modernes, plus lourds et impersonnels, vieillissent mal.<\/div>\n<ul>\n<li><span>&#10003;<\/span><span>Coque en fibre de verre quasi inusable, encore recherch\u00e9e 50 ans plus tard<\/span><\/li>\n<li><span>&#10003;<\/span><span>Con\u00e7u l\u00e9ger : tractable m\u00eame par une petite voiture, sans gros camion<\/span><\/li>\n<li><span>&#10003;<\/span><span>Sept pieds de haut : se gare dans un garage classique<\/span><\/li>\n<li><span>&#10003;<\/span><span>Une marque obscure mais aux finitions soign\u00e9es (bois de qualit\u00e9, isolation polystyr\u00e8ne)<\/span><\/li>\n<\/ul>\n<\/div>\n<p>R\u00e9cemment, j&rsquo;ai re\u00e7u un appel familier de ma m\u00e8re. Chaque printemps, elle m&rsquo;appelle pour me rappeler les probl\u00e8mes \u00e0 r\u00e9soudre avec nos campeurs familiaux apr\u00e8s l&rsquo;hiver. Serait-il surprenant d&rsquo;apprendre que j&rsquo;ai une liste compl\u00e8te de probl\u00e8mes \u00e0 aborder concernant nos deux grands campeurs ? Dans cet article, nous allons explorer la beaut\u00e9 et la fonctionnalit\u00e9 des campeurs vintage, en particulier le mod\u00e8le Amerigo FG-16.<\/p>\n<div class=\"va-camper-fiche\">\n<div class=\"va-camper-cell\">\n<div class=\"va-camper-big\">1 800 lb<\/div>\n<div class=\"va-camper-lbl\">Poids \u00e0 vide<\/div>\n<\/p><\/div>\n<div class=\"va-camper-cell\">\n<div class=\"va-camper-big va-camper-acc\">7 pieds<\/div>\n<div class=\"va-camper-lbl\">Hauteur<\/div>\n<\/p><\/div>\n<div class=\"va-camper-cell\">\n<div class=\"va-camper-big\">20 gal<\/div>\n<div class=\"va-camper-lbl\">R\u00e9servoir d&rsquo;eau<\/div>\n<\/p><\/div>\n<div class=\"va-camper-cell\">\n<div class=\"va-camper-big va-camper-acc\">&lt; 10 000 $<\/div>\n<div class=\"va-camper-lbl\">Ticket d&rsquo;entr\u00e9e<\/div>\n<\/p><\/div>\n<\/div>\n<h2>Un mod\u00e8le embl\u00e9matique peu connu<\/h2>\n<p>Il est difficile de trouver des informations concr\u00e8tes sur Amerigo en ligne, mais apr\u00e8s des recherches, j&rsquo;ai d\u00e9couvert l&rsquo;histoire de cette marque relativement obscure. Fond\u00e9e \u00e0 la fin des ann\u00e9es 1960 par l&rsquo;ing\u00e9nieur Stewart E. Gardner et le banquier Clayton S. Emmert, Amerigo visait \u00e0 construire un campeur qui surpasse les attentes. Gardner, \u00e0 29 ans, a voulu cr\u00e9er quelque chose de r\u00e9volutionnaire, \u00e0 la fois fonctionnel et esth\u00e9tique.<\/p>\n<p>Les premiers mod\u00e8les d&rsquo;Amerigo se sont d\u00e9marqu\u00e9s par leur conception unique. Le campeur \u00e9tait construit avec un panneau de sol en fibre de verre et des couches de contreplaqu\u00e9, assurant \u00e0 la fois l\u00e9g\u00e8ret\u00e9 et solidit\u00e9. Les caract\u00e9ristiques de construction, comme les murs en bois de qualit\u00e9 et l&rsquo;isolation en polystyr\u00e8ne, ont fait de l&rsquo;Amerigo un choix solide pour les amateurs de camping.<\/p>\n<div class=\"va-camper-grid\">\n<div class=\"va-camper-card\">\n<div class=\"va-camper-num\">01<\/div>\n<h3>Une vision d&rsquo;ing\u00e9nieur<\/h3>\n<div class=\"va-camper-txt\">N\u00e9 de l&rsquo;association d&rsquo;un ing\u00e9nieur et d&rsquo;un banquier, le projet voulait r\u00e9concilier fonctionnel et esth\u00e9tique d\u00e8s la fin des ann\u00e9es 1960.<\/div>\n<\/p><\/div>\n<div class=\"va-camper-card\">\n<div class=\"va-camper-num\">02<\/div>\n<h3>Fibre de verre + contreplaqu\u00e9<\/h3>\n<div class=\"va-camper-txt\">Le panneau de sol en fibre de verre associ\u00e9 \u00e0 des couches de contreplaqu\u00e9 donnait une structure \u00e0 la fois l\u00e9g\u00e8re et solide.<\/div>\n<\/p><\/div>\n<div class=\"va-camper-card\">\n<div class=\"va-camper-num\">03<\/div>\n<h3>Des finitions soign\u00e9es<\/h3>\n<div class=\"va-camper-txt\">Murs en bois de qualit\u00e9 et isolation en polystyr\u00e8ne : des choix de construction qui ont fait du campeur une valeur s\u00fbre.<\/div>\n<\/p><\/div>\n<\/div>\n<h2>Les caract\u00e9ristiques du FG-16<\/h2>\n<p>Dans les ann\u00e9es 1970, Amerigo a lanc\u00e9 le FG-16, un campeur \u00e0 deux pi\u00e8ces en fibre de verre mont\u00e9 sur un ch\u00e2ssis en acier. Ce mod\u00e8le a \u00e9t\u00e9 con\u00e7u pour \u00eatre l\u00e9ger, facilement tractable par n&rsquo;importe quelle voiture, tout en offrant une bonne a\u00e9rodynamique. Le FG-16 se distinguait \u00e9galement par sa hauteur de sept pieds, ce qui permettait de le garer dans un garage standard.<\/p>\n<p>Chaque FG-16 \u00e9tait \u00e9quip\u00e9 d&rsquo;une dinette \u00e0 l&rsquo;arri\u00e8re, d&rsquo;un coin salon \u00e0 l&rsquo;avant, et d&rsquo;une cuisine au milieu. Ce mod\u00e8le incluait un r\u00e9chaud \u00e0 trois feux, un r\u00e9frig\u00e9rateur, un r\u00e9servoir d&rsquo;eau de 20 gallons et divers autres \u00e9quipements. Bien qu&rsquo;il n&rsquo;ait pas de v\u00e9ritable salle de bain, un espace \u00e9tait pr\u00e9vu pour un petit toilette, rendant le camping plus pratique.<\/p>\n<h3>Ce qui le caract\u00e9rise<\/h3>\n<ul>\n<li>Conception l\u00e9g\u00e8re et compacte<\/li>\n<li>Mat\u00e9riaux en fibre de verre r\u00e9sistants<\/li>\n<li>Options de confort personnalisables<\/li>\n<li>Facilit\u00e9 de remorquage pour les petites voitures<\/li>\n<li>Design vintage attrayant<\/li>\n<\/ul>\n<h2>FG-16 vintage face aux RV modernes<\/h2>\n<p>L&rsquo;argument du titre n&rsquo;est pas qu&rsquo;une formule : \u00e0 l&rsquo;usage, un petit campeur en fibre de verre coche des cases que beaucoup de RV r\u00e9cents ont oubli\u00e9es. Voici les deux philosophies face \u00e0 face, telles qu&rsquo;elles ressortent du mod\u00e8le Amerigo.<\/p>\n<div class=\"va-camper-duo\">\n<div class=\"va-camper-col va-camper-vintage\">\n<div class=\"va-camper-head\">Le FG-16 vintage<\/div>\n<ul>\n<li>L\u00e9ger, tractable par une petite voiture<\/li>\n<li>Coque en fibre de verre qui traverse les d\u00e9cennies<\/li>\n<li>Format compact, garable au garage<\/li>\n<li>Caract\u00e8re et authenticit\u00e9 d&rsquo;un objet rare<\/li>\n<\/ul><\/div>\n<div class=\"va-camper-col va-camper-modern\">\n<div class=\"va-camper-head\">Beaucoup de RV modernes<\/div>\n<ul>\n<li>Plus lourds, exigeant souvent un v\u00e9hicule de traction cons\u00e9quent<\/li>\n<li>Encombrants \u00e0 garer et \u00e0 man\u0153uvrer<\/li>\n<li>Confort accru mais look plus impersonnel<\/li>\n<li>Standardis\u00e9s, moins de cachet \u00e0 l&rsquo;usage<\/li>\n<\/ul><\/div>\n<\/div>\n<h2>La r\u00e9silience des FG-16 aujourd&rsquo;hui<\/h2>\n<p>Bien que les entreprises derri\u00e8re l&rsquo;Amerigo soient disparues, de nombreux FG-16 subsistent, t\u00e9moignant de la durabilit\u00e9 de la fibre de verre. Ces campeurs, souvent r\u00e9nov\u00e9s, continuent de s\u00e9duire les amateurs de camping. Les mod\u00e8les disponibles \u00e0 la vente montrent \u00e0 quel point le design vintage reste populaire.<\/p>\n<p>Par exemple, un mod\u00e8le de 1973 r\u00e9cemment r\u00e9nov\u00e9 attire l&rsquo;attention par son ext\u00e9rieur vintage et son int\u00e9rieur modernis\u00e9. Le propri\u00e9taire a bien entretenu l&rsquo;ext\u00e9rieur tout en modernisant les \u00e9quipements, tout en pr\u00e9servant l&rsquo;authenticit\u00e9 du mod\u00e8le.<\/p>\n<figure class=\"va-camper-quote\">\n<div class=\"va-camper-mark\" aria-hidden=\"true\">&#171;<\/div>\n<blockquote><p>Nous avons ador\u00e9 ce campeur et avons v\u00e9cu de nombreuses aventures. Il est l\u00e9ger, avec de nombreux rangements et des appareils modernes.<\/blockquote><figcaption>&#8212; Le propri\u00e9taire d&rsquo;un FG-16 de 1973 r\u00e9nov\u00e9<\/figcaption><\/figure>\n<p>En somme, poss\u00e9der un Amerigo FG-16 est plus qu&rsquo;un simple choix de camping, c&rsquo;est une invitation \u00e0 cr\u00e9er des souvenirs. Ces campeurs vintage offrent une exp\u00e9rience de voyage unique, loin des RV modernes souvent encombrants et impersonnels. Que vous passiez un week-end dans un parc d&rsquo;\u00c9tat ou que vous partiez en road trip, un FG-16 est le compagnon id\u00e9al pour des aventures inoubliables.<\/p>\n<div class=\"va-camper-aretenir\">\n  <span class=\"va-camper-kicker\">\u00c0 retenir<\/span><\/p>\n<div class=\"va-camper-rgrid\">\n<div class=\"va-camper-pt\"><span class=\"va-camper-dot\">1<\/span><span class=\"va-camper-pttx\">L&rsquo;Amerigo FG-16 est un campeur des ann\u00e9es 1970 en fibre de verre, l\u00e9ger (1 800 livres) et compact.<\/span><\/div>\n<div class=\"va-camper-pt\"><span class=\"va-camper-dot\">2<\/span><span class=\"va-camper-pttx\">Sa coque en fibre de verre explique pourquoi tant d&rsquo;exemplaires survivent encore aujourd&rsquo;hui.<\/span><\/div>\n<div class=\"va-camper-pt\"><span class=\"va-camper-dot\">3<\/span><span class=\"va-camper-pttx\">Tractable par une petite voiture et garable au garage gr\u00e2ce \u00e0 ses sept pieds de haut.<\/span><\/div>\n<div class=\"va-camper-pt\"><span class=\"va-camper-dot\">4<\/span><span class=\"va-camper-pttx\">Face aux RV modernes, il mise sur la l\u00e9g\u00e8ret\u00e9, le cachet et l&rsquo;authenticit\u00e9 plut\u00f4t que sur le volume.<\/span><\/div>\n<\/p><\/div>\n<\/div>\n<section class=\"va-camper-faq\">\n<h2>Questions fr\u00e9quentes<\/h2>\n<div class=\"va-camper-acc\">\n<details>\n<summary><span>Pourquoi le camping-car vintage s\u00e9duit-il autant&nbsp;?<\/span><span class=\"va-camper-plus\">+<\/span><\/summary>\n<div class=\"va-camper-ans\">Au-del\u00e0 du look, un mod\u00e8le comme le FG-16 offre l\u00e9g\u00e8ret\u00e9, format compact et un caract\u00e8re que les RV modernes standardis\u00e9s peinent \u00e0 \u00e9galer. C&rsquo;est aussi une invitation \u00e0 voyager autrement et \u00e0 cr\u00e9er des souvenirs, week-end en parc d&rsquo;\u00c9tat ou road trip.<\/div>\n<\/details>\n<details>\n<summary><span>La fibre de verre vieillit-elle bien&nbsp;?<\/span><span class=\"va-camper-plus\">+<\/span><\/summary>\n<div class=\"va-camper-ans\">C&rsquo;est justement la durabilit\u00e9 de la fibre de verre qui explique pourquoi tant de FG-16 subsistent et continuent d&rsquo;\u00eatre r\u00e9nov\u00e9s, alors m\u00eame que les entreprises derri\u00e8re l&rsquo;Amerigo ont disparu.<\/div>\n<\/details>\n<details>\n<summary><span>Faut-il un gros v\u00e9hicule pour tracter un FG-16&nbsp;?<\/span><span class=\"va-camper-plus\">+<\/span><\/summary>\n<div class=\"va-camper-ans\">Non. Avec ses 1 800 livres et son a\u00e9rodynamique soign\u00e9e, le FG-16 a \u00e9t\u00e9 con\u00e7u pour \u00eatre tract\u00e9 facilement par n&rsquo;importe quelle voiture, sans n\u00e9cessiter de camion lourd.<\/div>\n<\/details>\n<details>\n<summary><span>Le FG-16 dispose-t-il d&rsquo;une salle de bain&nbsp;?<\/span><span class=\"va-camper-plus\">+<\/span><\/summary>\n<div class=\"va-camper-ans\">Pas de v\u00e9ritable salle de bain, mais un espace \u00e9tait pr\u00e9vu pour un petit toilette. \u00c0 bord, on trouvait une dinette \u00e0 l&rsquo;arri\u00e8re, un coin salon \u00e0 l&rsquo;avant, une cuisine au centre avec r\u00e9chaud \u00e0 trois feux, r\u00e9frig\u00e9rateur et r\u00e9servoir d&rsquo;eau de 20 gallons.<\/div>\n<\/details><\/div>\n<\/section>\n<\/div>\n","protected":false},"excerpt":{"rendered":"","protected":false},"author":34,"featured_media":19676,"comment_status":"open","ping_status":"open","sticky":false,"template":"","format":"standard","meta":{"_acf_changed":false,"manual_indexmenow":false,"indexmenow_id_project":0,"footnotes":""},"categories":[1],"tags":[4538,4639,6226,4527,4526],"class_list":["post-15787","post","type-post","status-publish","format-standard","has-post-thumbnail","hentry","category-a-la-une","tag-activites-variees","tag-aventure","tag-camper","tag-decouverte-culturelle","tag-voyage-economique","generate-columns","tablet-grid-50","mobile-grid-100","grid-parent","grid-25"],"acf":[],"yoast_head":"<!-- This site is optimized with the Yoast SEO Premium plugin v21.3 (Yoast SEO v25.1) - https:\/\/yoast.com\/wordpress\/plugins\/seo\/ -->\n<title>D\u00e9couvrez pourquoi ce campeur en fibre de verre de 52 ans<\/title>\n<meta name=\"description\" content=\"Pour moins de 10 000 dollars, vous pouvez acqu\u00e9rir un mod\u00e8le comme l&#039;Amerigo FG-16, un petit campeur de 1 800 livres qui serait parfait pour une escapade\" \/>\n<meta name=\"robots\" content=\"index, follow, max-snippet:-1, max-image-preview:large, max-video-preview:-1\" \/>\n<link rel=\"canonical\" href=\"https:\/\/voyage-aventure.com\/blog\/a-la-une\/decouvrez-pourquoi-ce-campeur-en-fibre-de-verre-de-52-ans-surpasse-les-rv-modernes\/\" \/>\n<meta property=\"og:locale\" content=\"fr_FR\" \/>\n<meta property=\"og:type\" content=\"article\" \/>\n<meta property=\"og:title\" content=\"D\u00e9couvrez pourquoi ce campeur en fibre de verre de 52 ans\" \/>\n<meta property=\"og:description\" content=\"Pour moins de 10 000 dollars, vous pouvez acqu\u00e9rir un mod\u00e8le comme l&#039;Amerigo FG-16, un petit campeur de 1 800 livres qui serait parfait pour une escapade\" \/>\n<meta property=\"og:url\" content=\"https:\/\/voyage-aventure.com\/blog\/a-la-une\/decouvrez-pourquoi-ce-campeur-en-fibre-de-verre-de-52-ans-surpasse-les-rv-modernes\/\" \/>\n<meta property=\"og:site_name\" content=\"voyage-aventure\" \/>\n<meta property=\"og:image\" content=\"https:\/\/voyage-aventure.com\/blog\/wp-content\/uploads\/2025\/05\/sdxl-fdce699865f667040997fc6ba2e76c87-scaled.png\" \/>\n\t<meta property=\"og:image:width\" content=\"1200\" \/>\n\t<meta property=\"og:image:height\" content=\"500\" \/>\n\t<meta property=\"og:image:type\" content=\"image\/png\" \/>\n<meta name=\"author\" content=\"Camille Rouvray\" \/>\n<meta name=\"twitter:card\" content=\"summary_large_image\" \/>\n<script type=\"application\/ld+json\" class=\"yoast-schema-graph\">{\"@context\":\"https:\/\/schema.org\",\"@graph\":[{\"@type\":\"NewsArticle\",\"@id\":\"https:\/\/voyage-aventure.com\/blog\/a-la-une\/decouvrez-pourquoi-ce-campeur-en-fibre-de-verre-de-52-ans-surpasse-les-rv-modernes\/#article\",\"isPartOf\":{\"@id\":\"https:\/\/voyage-aventure.com\/blog\/a-la-une\/decouvrez-pourquoi-ce-campeur-en-fibre-de-verre-de-52-ans-surpasse-les-rv-modernes\/\"},\"author\":{\"name\":\"Camille Rouvray\",\"@id\":\"https:\/\/voyage-aventure.com\/blog\/#\/schema\/person\/3c864cdc320801e3db34b663e7e3f816\"},\"headline\":\"D\u00e9couvrez pourquoi ce campeur en fibre de verre de 52 ans surpasse les RV modernes\",\"datePublished\":\"2026-06-16T15:21:12+00:00\",\"mainEntityOfPage\":{\"@id\":\"https:\/\/voyage-aventure.com\/blog\/a-la-une\/decouvrez-pourquoi-ce-campeur-en-fibre-de-verre-de-52-ans-surpasse-les-rv-modernes\/\"},\"wordCount\":1312,\"commentCount\":20,\"publisher\":{\"@id\":\"https:\/\/voyage-aventure.com\/blog\/#organization\"},\"image\":{\"@id\":\"https:\/\/voyage-aventure.com\/blog\/a-la-une\/decouvrez-pourquoi-ce-campeur-en-fibre-de-verre-de-52-ans-surpasse-les-rv-modernes\/#primaryimage\"},\"thumbnailUrl\":\"https:\/\/voyage-aventure.com\/blog\/wp-content\/uploads\/2025\/05\/sdxl-fdce699865f667040997fc6ba2e76c87-scaled.png\",\"keywords\":[\"Activit\u00e9s Vari\u00e9es\",\"Aventure\",\"Camper\",\"D\u00e9couverte Culturelle\",\"Voyage \u00c9conomique\"],\"articleSection\":[\"\u00c0 la une\"],\"inLanguage\":\"fr-FR\",\"potentialAction\":[{\"@type\":\"CommentAction\",\"name\":\"Comment\",\"target\":[\"https:\/\/voyage-aventure.com\/blog\/a-la-une\/decouvrez-pourquoi-ce-campeur-en-fibre-de-verre-de-52-ans-surpasse-les-rv-modernes\/#respond\"]}]},{\"@type\":\"WebPage\",\"@id\":\"https:\/\/voyage-aventure.com\/blog\/a-la-une\/decouvrez-pourquoi-ce-campeur-en-fibre-de-verre-de-52-ans-surpasse-les-rv-modernes\/\",\"url\":\"https:\/\/voyage-aventure.com\/blog\/a-la-une\/decouvrez-pourquoi-ce-campeur-en-fibre-de-verre-de-52-ans-surpasse-les-rv-modernes\/\",\"name\":\"D\u00e9couvrez pourquoi ce campeur en fibre de verre de 52 ans\",\"isPartOf\":{\"@id\":\"https:\/\/voyage-aventure.com\/blog\/#website\"},\"primaryImageOfPage\":{\"@id\":\"https:\/\/voyage-aventure.com\/blog\/a-la-une\/decouvrez-pourquoi-ce-campeur-en-fibre-de-verre-de-52-ans-surpasse-les-rv-modernes\/#primaryimage\"},\"image\":{\"@id\":\"https:\/\/voyage-aventure.com\/blog\/a-la-une\/decouvrez-pourquoi-ce-campeur-en-fibre-de-verre-de-52-ans-surpasse-les-rv-modernes\/#primaryimage\"},\"thumbnailUrl\":\"https:\/\/voyage-aventure.com\/blog\/wp-content\/uploads\/2025\/05\/sdxl-fdce699865f667040997fc6ba2e76c87-scaled.png\",\"datePublished\":\"2026-06-16T15:21:12+00:00\",\"description\":\"Pour moins de 10 000 dollars, vous pouvez acqu\u00e9rir un mod\u00e8le comme l'Amerigo FG-16, un petit campeur de 1 800 livres qui serait parfait pour une escapade\",\"inLanguage\":\"fr-FR\",\"potentialAction\":[{\"@type\":\"ReadAction\",\"target\":[\"https:\/\/voyage-aventure.com\/blog\/a-la-une\/decouvrez-pourquoi-ce-campeur-en-fibre-de-verre-de-52-ans-surpasse-les-rv-modernes\/\"]}]},{\"@type\":\"ImageObject\",\"inLanguage\":\"fr-FR\",\"@id\":\"https:\/\/voyage-aventure.com\/blog\/a-la-une\/decouvrez-pourquoi-ce-campeur-en-fibre-de-verre-de-52-ans-surpasse-les-rv-modernes\/#primaryimage\",\"url\":\"https:\/\/voyage-aventure.com\/blog\/wp-content\/uploads\/2025\/05\/sdxl-fdce699865f667040997fc6ba2e76c87-scaled.png\",\"contentUrl\":\"https:\/\/voyage-aventure.com\/blog\/wp-content\/uploads\/2025\/05\/sdxl-fdce699865f667040997fc6ba2e76c87-scaled.png\",\"width\":1200,\"height\":500},{\"@type\":\"WebSite\",\"@id\":\"https:\/\/voyage-aventure.com\/blog\/#website\",\"url\":\"https:\/\/voyage-aventure.com\/blog\/\",\"name\":\"voyage-aventure.com\",\"description\":\"Votre passeport pour l\u2019inattendu.\",\"publisher\":{\"@id\":\"https:\/\/voyage-aventure.com\/blog\/#organization\"},\"alternateName\":\"Votre passeport pour l\u2019inattendu.\",\"potentialAction\":[{\"@type\":\"SearchAction\",\"target\":{\"@type\":\"EntryPoint\",\"urlTemplate\":\"https:\/\/voyage-aventure.com\/blog\/?s={search_term_string}\"},\"query-input\":{\"@type\":\"PropertyValueSpecification\",\"valueRequired\":true,\"valueName\":\"search_term_string\"}}],\"inLanguage\":\"fr-FR\"},{\"@type\":\"Organization\",\"@id\":\"https:\/\/voyage-aventure.com\/blog\/#organization\",\"name\":\"Foretsensations.fr\",\"url\":\"https:\/\/voyage-aventure.com\/blog\/\",\"logo\":{\"@type\":\"ImageObject\",\"inLanguage\":\"fr-FR\",\"@id\":\"https:\/\/voyage-aventure.com\/blog\/#\/schema\/logo\/image\/\",\"url\":\"https:\/\/voyage-aventure.com\/blog\/wp-content\/uploads\/2024\/12\/19.png\",\"contentUrl\":\"https:\/\/voyage-aventure.com\/blog\/wp-content\/uploads\/2024\/12\/19.png\",\"width\":512,\"height\":512,\"caption\":\"Foretsensations.fr\"},\"image\":{\"@id\":\"https:\/\/voyage-aventure.com\/blog\/#\/schema\/logo\/image\/\"}},{\"@type\":\"Person\",\"@id\":\"https:\/\/voyage-aventure.com\/blog\/#\/schema\/person\/3c864cdc320801e3db34b663e7e3f816\",\"name\":\"Camille Rouvray\",\"image\":{\"@type\":\"ImageObject\",\"inLanguage\":\"fr-FR\",\"@id\":\"https:\/\/voyage-aventure.com\/blog\/#\/schema\/person\/image\/\",\"url\":\"https:\/\/voyage-aventure.com\/blog\/wp-content\/uploads\/2026\/06\/persona_camille-r-96x96.jpg\",\"contentUrl\":\"https:\/\/voyage-aventure.com\/blog\/wp-content\/uploads\/2026\/06\/persona_camille-r-96x96.jpg\",\"caption\":\"Camille Rouvray\"},\"description\":\"Je voyage et j'\u00e9cris sur le voyage depuis une douzaine d'ann\u00e9es, d'abord en tant que routarde au long cours, puis comme r\u00e9dactrice sp\u00e9cialis\u00e9e. Mon terrain de pr\u00e9dilection, ce sont les circuits organis\u00e9s et l'art de bien pr\u00e9parer un itin\u00e9raire : choix de la saison, dur\u00e9e r\u00e9aliste des \u00e9tapes, budget jour par jour, logement et transport sur place. J'aime aussi raconter les p\u00e9pites urbaines, ces adresses qu'on ne trouve pas dans les guides classiques. Avant de publier un dossier destination, je croise toujours plusieurs sources, je v\u00e9rifie les tarifs et les formalit\u00e9s d'entr\u00e9e \u00e0 jour, et je teste moi-m\u00eame quand je le peux. Mon angle reste pratique avant tout : aider le lecteur \u00e0 partir l'esprit tranquille, sans mauvaise surprise une fois sur place. Je m'attache \u00e0 distinguer le coup de c\u0153ur sinc\u00e8re du simple argument marketing.\",\"sameAs\":[\"https:\/\/camillerouvray.fr\/\"],\"url\":\"https:\/\/voyage-aventure.com\/blog\/auteur\/noname\/\"}]}<\/script>\n<!-- \/ Yoast SEO Premium plugin. -->","yoast_head_json":{"title":"D\u00e9couvrez pourquoi ce campeur en fibre de verre de 52 ans","description":"Pour moins de 10 000 dollars, vous pouvez acqu\u00e9rir un mod\u00e8le comme l'Amerigo FG-16, un petit campeur de 1 800 livres qui serait parfait pour une escapade","robots":{"index":"index","follow":"follow","max-snippet":"max-snippet:-1","max-image-preview":"max-image-preview:large","max-video-preview":"max-video-preview:-1"},"canonical":"https:\/\/voyage-aventure.com\/blog\/a-la-une\/decouvrez-pourquoi-ce-campeur-en-fibre-de-verre-de-52-ans-surpasse-les-rv-modernes\/","og_locale":"fr_FR","og_type":"article","og_title":"D\u00e9couvrez pourquoi ce campeur en fibre de verre de 52 ans","og_description":"Pour moins de 10 000 dollars, vous pouvez acqu\u00e9rir un mod\u00e8le comme l'Amerigo FG-16, un petit campeur de 1 800 livres qui serait parfait pour une escapade","og_url":"https:\/\/voyage-aventure.com\/blog\/a-la-une\/decouvrez-pourquoi-ce-campeur-en-fibre-de-verre-de-52-ans-surpasse-les-rv-modernes\/","og_site_name":"voyage-aventure","og_image":[{"width":1200,"height":500,"url":"https:\/\/voyage-aventure.com\/blog\/wp-content\/uploads\/2025\/05\/sdxl-fdce699865f667040997fc6ba2e76c87-scaled.png","type":"image\/png"}],"author":"Camille Rouvray","twitter_card":"summary_large_image","schema":{"@context":"https:\/\/schema.org","@graph":[{"@type":"NewsArticle","@id":"https:\/\/voyage-aventure.com\/blog\/a-la-une\/decouvrez-pourquoi-ce-campeur-en-fibre-de-verre-de-52-ans-surpasse-les-rv-modernes\/#article","isPartOf":{"@id":"https:\/\/voyage-aventure.com\/blog\/a-la-une\/decouvrez-pourquoi-ce-campeur-en-fibre-de-verre-de-52-ans-surpasse-les-rv-modernes\/"},"author":{"name":"Camille Rouvray","@id":"https:\/\/voyage-aventure.com\/blog\/#\/schema\/person\/3c864cdc320801e3db34b663e7e3f816"},"headline":"D\u00e9couvrez pourquoi ce campeur en fibre de verre de 52 ans surpasse les RV modernes","datePublished":"2026-06-16T15:21:12+00:00","mainEntityOfPage":{"@id":"https:\/\/voyage-aventure.com\/blog\/a-la-une\/decouvrez-pourquoi-ce-campeur-en-fibre-de-verre-de-52-ans-surpasse-les-rv-modernes\/"},"wordCount":1312,"commentCount":20,"publisher":{"@id":"https:\/\/voyage-aventure.com\/blog\/#organization"},"image":{"@id":"https:\/\/voyage-aventure.com\/blog\/a-la-une\/decouvrez-pourquoi-ce-campeur-en-fibre-de-verre-de-52-ans-surpasse-les-rv-modernes\/#primaryimage"},"thumbnailUrl":"https:\/\/voyage-aventure.com\/blog\/wp-content\/uploads\/2025\/05\/sdxl-fdce699865f667040997fc6ba2e76c87-scaled.png","keywords":["Activit\u00e9s Vari\u00e9es","Aventure","Camper","D\u00e9couverte Culturelle","Voyage \u00c9conomique"],"articleSection":["\u00c0 la une"],"inLanguage":"fr-FR","potentialAction":[{"@type":"CommentAction","name":"Comment","target":["https:\/\/voyage-aventure.com\/blog\/a-la-une\/decouvrez-pourquoi-ce-campeur-en-fibre-de-verre-de-52-ans-surpasse-les-rv-modernes\/#respond"]}]},{"@type":"WebPage","@id":"https:\/\/voyage-aventure.com\/blog\/a-la-une\/decouvrez-pourquoi-ce-campeur-en-fibre-de-verre-de-52-ans-surpasse-les-rv-modernes\/","url":"https:\/\/voyage-aventure.com\/blog\/a-la-une\/decouvrez-pourquoi-ce-campeur-en-fibre-de-verre-de-52-ans-surpasse-les-rv-modernes\/","name":"D\u00e9couvrez pourquoi ce campeur en fibre de verre de 52 ans","isPartOf":{"@id":"https:\/\/voyage-aventure.com\/blog\/#website"},"primaryImageOfPage":{"@id":"https:\/\/voyage-aventure.com\/blog\/a-la-une\/decouvrez-pourquoi-ce-campeur-en-fibre-de-verre-de-52-ans-surpasse-les-rv-modernes\/#primaryimage"},"image":{"@id":"https:\/\/voyage-aventure.com\/blog\/a-la-une\/decouvrez-pourquoi-ce-campeur-en-fibre-de-verre-de-52-ans-surpasse-les-rv-modernes\/#primaryimage"},"thumbnailUrl":"https:\/\/voyage-aventure.com\/blog\/wp-content\/uploads\/2025\/05\/sdxl-fdce699865f667040997fc6ba2e76c87-scaled.png","datePublished":"2026-06-16T15:21:12+00:00","description":"Pour moins de 10 000 dollars, vous pouvez acqu\u00e9rir un mod\u00e8le comme l'Amerigo FG-16, un petit campeur de 1 800 livres qui serait parfait pour une escapade","inLanguage":"fr-FR","potentialAction":[{"@type":"ReadAction","target":["https:\/\/voyage-aventure.com\/blog\/a-la-une\/decouvrez-pourquoi-ce-campeur-en-fibre-de-verre-de-52-ans-surpasse-les-rv-modernes\/"]}]},{"@type":"ImageObject","inLanguage":"fr-FR","@id":"https:\/\/voyage-aventure.com\/blog\/a-la-une\/decouvrez-pourquoi-ce-campeur-en-fibre-de-verre-de-52-ans-surpasse-les-rv-modernes\/#primaryimage","url":"https:\/\/voyage-aventure.com\/blog\/wp-content\/uploads\/2025\/05\/sdxl-fdce699865f667040997fc6ba2e76c87-scaled.png","contentUrl":"https:\/\/voyage-aventure.com\/blog\/wp-content\/uploads\/2025\/05\/sdxl-fdce699865f667040997fc6ba2e76c87-scaled.png","width":1200,"height":500},{"@type":"WebSite","@id":"https:\/\/voyage-aventure.com\/blog\/#website","url":"https:\/\/voyage-aventure.com\/blog\/","name":"voyage-aventure.com","description":"Votre passeport pour l\u2019inattendu.","publisher":{"@id":"https:\/\/voyage-aventure.com\/blog\/#organization"},"alternateName":"Votre passeport pour l\u2019inattendu.","potentialAction":[{"@type":"SearchAction","target":{"@type":"EntryPoint","urlTemplate":"https:\/\/voyage-aventure.com\/blog\/?s={search_term_string}"},"query-input":{"@type":"PropertyValueSpecification","valueRequired":true,"valueName":"search_term_string"}}],"inLanguage":"fr-FR"},{"@type":"Organization","@id":"https:\/\/voyage-aventure.com\/blog\/#organization","name":"Foretsensations.fr","url":"https:\/\/voyage-aventure.com\/blog\/","logo":{"@type":"ImageObject","inLanguage":"fr-FR","@id":"https:\/\/voyage-aventure.com\/blog\/#\/schema\/logo\/image\/","url":"https:\/\/voyage-aventure.com\/blog\/wp-content\/uploads\/2024\/12\/19.png","contentUrl":"https:\/\/voyage-aventure.com\/blog\/wp-content\/uploads\/2024\/12\/19.png","width":512,"height":512,"caption":"Foretsensations.fr"},"image":{"@id":"https:\/\/voyage-aventure.com\/blog\/#\/schema\/logo\/image\/"}},{"@type":"Person","@id":"https:\/\/voyage-aventure.com\/blog\/#\/schema\/person\/3c864cdc320801e3db34b663e7e3f816","name":"Camille Rouvray","image":{"@type":"ImageObject","inLanguage":"fr-FR","@id":"https:\/\/voyage-aventure.com\/blog\/#\/schema\/person\/image\/","url":"https:\/\/voyage-aventure.com\/blog\/wp-content\/uploads\/2026\/06\/persona_camille-r-96x96.jpg","contentUrl":"https:\/\/voyage-aventure.com\/blog\/wp-content\/uploads\/2026\/06\/persona_camille-r-96x96.jpg","caption":"Camille Rouvray"},"description":"Je voyage et j'\u00e9cris sur le voyage depuis une douzaine d'ann\u00e9es, d'abord en tant que routarde au long cours, puis comme r\u00e9dactrice sp\u00e9cialis\u00e9e. Mon terrain de pr\u00e9dilection, ce sont les circuits organis\u00e9s et l'art de bien pr\u00e9parer un itin\u00e9raire : choix de la saison, dur\u00e9e r\u00e9aliste des \u00e9tapes, budget jour par jour, logement et transport sur place. J'aime aussi raconter les p\u00e9pites urbaines, ces adresses qu'on ne trouve pas dans les guides classiques. Avant de publier un dossier destination, je croise toujours plusieurs sources, je v\u00e9rifie les tarifs et les formalit\u00e9s d'entr\u00e9e \u00e0 jour, et je teste moi-m\u00eame quand je le peux. Mon angle reste pratique avant tout : aider le lecteur \u00e0 partir l'esprit tranquille, sans mauvaise surprise une fois sur place. Je m'attache \u00e0 distinguer le coup de c\u0153ur sinc\u00e8re du simple argument marketing.","sameAs":["https:\/\/camillerouvray.fr\/"],"url":"https:\/\/voyage-aventure.com\/blog\/auteur\/noname\/"}]}},"_links":{"self":[{"href":"https:\/\/voyage-aventure.com\/blog\/wp-json\/wp\/v2\/posts\/15787","targetHints":{"allow":["GET"]}}],"collection":[{"href":"https:\/\/voyage-aventure.com\/blog\/wp-json\/wp\/v2\/posts"}],"about":[{"href":"https:\/\/voyage-aventure.com\/blog\/wp-json\/wp\/v2\/types\/post"}],"author":[{"embeddable":true,"href":"https:\/\/voyage-aventure.com\/blog\/wp-json\/wp\/v2\/users\/34"}],"replies":[{"embeddable":true,"href":"https:\/\/voyage-aventure.com\/blog\/wp-json\/wp\/v2\/comments?post=15787"}],"version-history":[{"count":2,"href":"https:\/\/voyage-aventure.com\/blog\/wp-json\/wp\/v2\/posts\/15787\/revisions"}],"predecessor-version":[{"id":22850,"href":"https:\/\/voyage-aventure.com\/blog\/wp-json\/wp\/v2\/posts\/15787\/revisions\/22850"}],"wp:featuredmedia":[{"embeddable":true,"href":"https:\/\/voyage-aventure.com\/blog\/wp-json\/wp\/v2\/media\/19676"}],"wp:attachment":[{"href":"https:\/\/voyage-aventure.com\/blog\/wp-json\/wp\/v2\/media?parent=15787"}],"wp:term":[{"taxonomy":"category","embeddable":true,"href":"https:\/\/voyage-aventure.com\/blog\/wp-json\/wp\/v2\/categories?post=15787"},{"taxonomy":"post_tag","embeddable":true,"href":"https:\/\/voyage-aventure.com\/blog\/wp-json\/wp\/v2\/tags?post=15787"}],"curies":[{"name":"wp","href":"https:\/\/api.w.org\/{rel}","templated":true}]}}