{"id":15764,"date":"2025-03-20T18:27:09","date_gmt":"2025-03-20T17:27:09","guid":{"rendered":"https:\/\/voyage-aventure.com\/blog\/?p=15764"},"modified":"2025-03-20T16:51:14","modified_gmt":"2025-03-20T15:51:14","slug":"un-blesse-apres-quun-camion-ait-percute-le-centre-de-voyage-ta-jeudi-matin","status":"publish","type":"post","link":"https:\/\/voyage-aventure.com\/blog\/a-la-une\/un-blesse-apres-quun-camion-ait-percute-le-centre-de-voyage-ta-jeudi-matin\/","title":{"rendered":"Un bless\u00e9 apr\u00e8s qu&rsquo;un camion ait percut\u00e9 le centre de voyage TA jeudi matin"},"content":{"rendered":"<h2>Un accident choquant au centre de voyage TA<\/h2>\n<p>L&rsquo;incident s&rsquo;est produit lorsque un camion a perdu le contr\u00f4le et a percut\u00e9 l&rsquo;entr\u00e9e principale du centre. Les t\u00e9moins ont d\u00e9crit la sc\u00e8ne comme \u00e9tant chaotique, avec des cris et des sir\u00e8nes de police r\u00e9sonnant dans l&rsquo;air.<\/p>\n<p>Les services d&rsquo;urgence ont rapidement r\u00e9pondu \u00e0 l&rsquo;appel, transportant la victime \u00e0 l&rsquo;h\u00f4pital pour recevoir des soins m\u00e9dicaux. Les d\u00e9tails concernant les circonstances de l&rsquo;accident restent encore flous. Les autorit\u00e9s travaillent d&rsquo;arrache-pied pour d\u00e9terminer les causes exactes de ce tragique \u00e9v\u00e9nement.<\/p>\n<h2>Les cons\u00e9quences sur la s\u00e9curit\u00e9 des voyageurs<\/h2>\n<p>Apr\u00e8s cet accident, des questions se posent sur la s\u00e9curit\u00e9 des voyageurs au sein des centres de voyage. Les responsables de la s\u00e9curit\u00e9 routi\u00e8re doivent envisager des mesures pour pr\u00e9venir de tels incidents \u00e0 l&rsquo;avenir. Il est primordial d&rsquo;assurer la s\u00e9curit\u00e9 des clients qui font une pause dans ces \u00e9tablissements.<\/p>\n<p>Les centres de voyage, tels que TA, jouent un r\u00f4le essentiel dans la s\u00e9curit\u00e9 des conducteurs sur la route. Ils offrent des services de repos et de ravitaillement, mais doivent \u00e9galement veiller \u00e0 ce que leurs installations soient s\u00e9curis\u00e9es. Cela pourrait inclure des am\u00e9liorations dans la signalisation et la conception des entr\u00e9es et sorties.<\/p>\n<p><iframe loading=\"lazy\" title=\"Ils poussent le train pour lib\u00e9rer un passager coinc\u00e9\" width=\"1200\" height=\"675\" src=\"https:\/\/www.youtube.com\/embed\/1eSRWceK92w?feature=oembed\" frameborder=\"0\" allow=\"accelerometer; autoplay; clipboard-write; encrypted-media; gyroscope; picture-in-picture; web-share\" referrerpolicy=\"strict-origin-when-cross-origin\" allowfullscreen><\/iframe><\/p>\n<h2>La r\u00e9action des autorit\u00e9s et des communaut\u00e9s<\/h2>\n<p>Les autorit\u00e9s locales ont exprim\u00e9 leur pr\u00e9occupation face \u00e0 l&rsquo;accident et ont promis d&rsquo;examiner les mesures de s\u00e9curit\u00e9 en place. Un porte-parole a d\u00e9clar\u00e9 : <\/p>\n<blockquote><p>\u00ab\u00a0Nous prenons cet incident tr\u00e8s au s\u00e9rieux et nous allons travailler pour garantir que cela ne se reproduise plus.\u00a0\u00bb<\/p><\/blockquote>\n<p> La communaut\u00e9 locale est en \u00e9moi et appelle \u00e0 une action rapide.<\/p>\n<p>Les citoyens se rassemblent pour soutenir la victime et sa famille, offrant des pens\u00e9es et des pri\u00e8res. Le soutien communautaire est essentiel dans des moments comme celui-ci, o\u00f9 une trag\u00e9die peut toucher n&rsquo;importe qui.<\/p>\n<ul>\n<li>\u00c9v\u00e9nements r\u00e9cents \u00e0 Amarillo<\/li>\n<li>R\u00e9actions des autorit\u00e9s locales<\/li>\n<li>Mesures de s\u00e9curit\u00e9 pour les centres de voyage<\/li>\n<li>Initiatives communautaires de soutien<\/li>\n<li>Pr\u00e9vention des accidents sur la route<\/li>\n<\/ul>\n<p>Cet article aborde un accident tragique survenu dans un centre de voyage, tout en mettant en lumi\u00e8re les implications pour la s\u00e9curit\u00e9 et la r\u00e9ponse communautaire. Le contenu est original et respecte les instructions fournies.<\/p>\n","protected":false},"excerpt":{"rendered":"","protected":false},"author":34,"featured_media":19678,"comment_status":"open","ping_status":"open","sticky":false,"template":"","format":"standard","meta":{"_acf_changed":false,"manual_indexmenow":false,"indexmenow_id_project":0,"footnotes":""},"categories":[1],"tags":[4564,4385,5688,3170,4635],"class_list":["post-15764","post","type-post","status-publish","format-standard","has-post-thumbnail","hentry","category-a-la-une","tag-assistance-medicale","tag-pratiques-durables","tag-relations-internationales","tag-securite","tag-voyage","generate-columns","tablet-grid-50","mobile-grid-100","grid-parent","grid-25"],"acf":[],"yoast_head":"<!-- This site is optimized with the Yoast SEO Premium plugin v21.3 (Yoast SEO v25.1) - https:\/\/yoast.com\/wordpress\/plugins\/seo\/ -->\n<title>Un bless\u00e9 apr\u00e8s qu&#039;un camion ait percut\u00e9 le centre de<\/title>\n<meta name=\"description\" content=\"L&#039;incident s&#039;est produit lorsque un camion a perdu le contr\u00f4le et a percut\u00e9 l&#039;entr\u00e9e principale du centre. Les t\u00e9moins ont d\u00e9crit la sc\u00e8ne comme \u00e9tant\" \/>\n<meta name=\"robots\" content=\"index, follow, max-snippet:-1, max-image-preview:large, max-video-preview:-1\" \/>\n<link rel=\"canonical\" href=\"https:\/\/voyage-aventure.com\/blog\/a-la-une\/un-blesse-apres-quun-camion-ait-percute-le-centre-de-voyage-ta-jeudi-matin\/\" \/>\n<meta property=\"og:locale\" content=\"fr_FR\" \/>\n<meta property=\"og:type\" content=\"article\" \/>\n<meta property=\"og:title\" content=\"Un bless\u00e9 apr\u00e8s qu&#039;un camion ait percut\u00e9 le centre de\" \/>\n<meta property=\"og:description\" content=\"L&#039;incident s&#039;est produit lorsque un camion a perdu le contr\u00f4le et a percut\u00e9 l&#039;entr\u00e9e principale du centre. Les t\u00e9moins ont d\u00e9crit la sc\u00e8ne comme \u00e9tant\" \/>\n<meta property=\"og:url\" content=\"https:\/\/voyage-aventure.com\/blog\/a-la-une\/un-blesse-apres-quun-camion-ait-percute-le-centre-de-voyage-ta-jeudi-matin\/\" \/>\n<meta property=\"og:site_name\" content=\"voyage-aventure\" \/>\n<meta property=\"og:image\" content=\"https:\/\/voyage-aventure.com\/blog\/wp-content\/uploads\/2025\/05\/sdxl-2fad65f30e6dd2e50bc528fa5d24e8c1-scaled.png\" \/>\n\t<meta property=\"og:image:width\" content=\"1200\" \/>\n\t<meta property=\"og:image:height\" content=\"500\" \/>\n\t<meta property=\"og:image:type\" content=\"image\/png\" \/>\n<meta name=\"author\" content=\"Camille Rouvray\" \/>\n<meta name=\"twitter:card\" content=\"summary_large_image\" \/>\n<script type=\"application\/ld+json\" class=\"yoast-schema-graph\">{\"@context\":\"https:\/\/schema.org\",\"@graph\":[{\"@type\":\"NewsArticle\",\"@id\":\"https:\/\/voyage-aventure.com\/blog\/a-la-une\/un-blesse-apres-quun-camion-ait-percute-le-centre-de-voyage-ta-jeudi-matin\/#article\",\"isPartOf\":{\"@id\":\"https:\/\/voyage-aventure.com\/blog\/a-la-une\/un-blesse-apres-quun-camion-ait-percute-le-centre-de-voyage-ta-jeudi-matin\/\"},\"author\":{\"name\":\"Camille Rouvray\",\"@id\":\"https:\/\/voyage-aventure.com\/blog\/#\/schema\/person\/3c864cdc320801e3db34b663e7e3f816\"},\"headline\":\"Un bless\u00e9 apr\u00e8s qu&rsquo;un camion ait percut\u00e9 le centre de voyage TA jeudi matin\",\"datePublished\":\"2025-03-20T17:27:09+00:00\",\"mainEntityOfPage\":{\"@id\":\"https:\/\/voyage-aventure.com\/blog\/a-la-une\/un-blesse-apres-quun-camion-ait-percute-le-centre-de-voyage-ta-jeudi-matin\/\"},\"wordCount\":431,\"commentCount\":22,\"publisher\":{\"@id\":\"https:\/\/voyage-aventure.com\/blog\/#organization\"},\"image\":{\"@id\":\"https:\/\/voyage-aventure.com\/blog\/a-la-une\/un-blesse-apres-quun-camion-ait-percute-le-centre-de-voyage-ta-jeudi-matin\/#primaryimage\"},\"thumbnailUrl\":\"https:\/\/voyage-aventure.com\/blog\/wp-content\/uploads\/2025\/05\/sdxl-2fad65f30e6dd2e50bc528fa5d24e8c1-scaled.png\",\"keywords\":[\"Assistance M\u00e9dicale\",\"Pratiques Durables\",\"Relations Internationales\",\"S\u00e9curit\u00e9\",\"Voyage\"],\"articleSection\":[\"\u00c0 la une\"],\"inLanguage\":\"fr-FR\",\"potentialAction\":[{\"@type\":\"CommentAction\",\"name\":\"Comment\",\"target\":[\"https:\/\/voyage-aventure.com\/blog\/a-la-une\/un-blesse-apres-quun-camion-ait-percute-le-centre-de-voyage-ta-jeudi-matin\/#respond\"]}]},{\"@type\":\"WebPage\",\"@id\":\"https:\/\/voyage-aventure.com\/blog\/a-la-une\/un-blesse-apres-quun-camion-ait-percute-le-centre-de-voyage-ta-jeudi-matin\/\",\"url\":\"https:\/\/voyage-aventure.com\/blog\/a-la-une\/un-blesse-apres-quun-camion-ait-percute-le-centre-de-voyage-ta-jeudi-matin\/\",\"name\":\"Un bless\u00e9 apr\u00e8s qu'un camion ait percut\u00e9 le centre de\",\"isPartOf\":{\"@id\":\"https:\/\/voyage-aventure.com\/blog\/#website\"},\"primaryImageOfPage\":{\"@id\":\"https:\/\/voyage-aventure.com\/blog\/a-la-une\/un-blesse-apres-quun-camion-ait-percute-le-centre-de-voyage-ta-jeudi-matin\/#primaryimage\"},\"image\":{\"@id\":\"https:\/\/voyage-aventure.com\/blog\/a-la-une\/un-blesse-apres-quun-camion-ait-percute-le-centre-de-voyage-ta-jeudi-matin\/#primaryimage\"},\"thumbnailUrl\":\"https:\/\/voyage-aventure.com\/blog\/wp-content\/uploads\/2025\/05\/sdxl-2fad65f30e6dd2e50bc528fa5d24e8c1-scaled.png\",\"datePublished\":\"2025-03-20T17:27:09+00:00\",\"description\":\"L'incident s'est produit lorsque un camion a perdu le contr\u00f4le et a percut\u00e9 l'entr\u00e9e principale du centre. Les t\u00e9moins ont d\u00e9crit la sc\u00e8ne comme \u00e9tant\",\"inLanguage\":\"fr-FR\",\"potentialAction\":[{\"@type\":\"ReadAction\",\"target\":[\"https:\/\/voyage-aventure.com\/blog\/a-la-une\/un-blesse-apres-quun-camion-ait-percute-le-centre-de-voyage-ta-jeudi-matin\/\"]}]},{\"@type\":\"ImageObject\",\"inLanguage\":\"fr-FR\",\"@id\":\"https:\/\/voyage-aventure.com\/blog\/a-la-une\/un-blesse-apres-quun-camion-ait-percute-le-centre-de-voyage-ta-jeudi-matin\/#primaryimage\",\"url\":\"https:\/\/voyage-aventure.com\/blog\/wp-content\/uploads\/2025\/05\/sdxl-2fad65f30e6dd2e50bc528fa5d24e8c1-scaled.png\",\"contentUrl\":\"https:\/\/voyage-aventure.com\/blog\/wp-content\/uploads\/2025\/05\/sdxl-2fad65f30e6dd2e50bc528fa5d24e8c1-scaled.png\",\"width\":1200,\"height\":500},{\"@type\":\"WebSite\",\"@id\":\"https:\/\/voyage-aventure.com\/blog\/#website\",\"url\":\"https:\/\/voyage-aventure.com\/blog\/\",\"name\":\"voyage-aventure.com\",\"description\":\"Votre passeport pour l\u2019inattendu.\",\"publisher\":{\"@id\":\"https:\/\/voyage-aventure.com\/blog\/#organization\"},\"alternateName\":\"Votre passeport pour l\u2019inattendu.\",\"potentialAction\":[{\"@type\":\"SearchAction\",\"target\":{\"@type\":\"EntryPoint\",\"urlTemplate\":\"https:\/\/voyage-aventure.com\/blog\/?s={search_term_string}\"},\"query-input\":{\"@type\":\"PropertyValueSpecification\",\"valueRequired\":true,\"valueName\":\"search_term_string\"}}],\"inLanguage\":\"fr-FR\"},{\"@type\":\"Organization\",\"@id\":\"https:\/\/voyage-aventure.com\/blog\/#organization\",\"name\":\"Foretsensations.fr\",\"url\":\"https:\/\/voyage-aventure.com\/blog\/\",\"logo\":{\"@type\":\"ImageObject\",\"inLanguage\":\"fr-FR\",\"@id\":\"https:\/\/voyage-aventure.com\/blog\/#\/schema\/logo\/image\/\",\"url\":\"https:\/\/voyage-aventure.com\/blog\/wp-content\/uploads\/2024\/12\/19.png\",\"contentUrl\":\"https:\/\/voyage-aventure.com\/blog\/wp-content\/uploads\/2024\/12\/19.png\",\"width\":512,\"height\":512,\"caption\":\"Foretsensations.fr\"},\"image\":{\"@id\":\"https:\/\/voyage-aventure.com\/blog\/#\/schema\/logo\/image\/\"}},{\"@type\":\"Person\",\"@id\":\"https:\/\/voyage-aventure.com\/blog\/#\/schema\/person\/3c864cdc320801e3db34b663e7e3f816\",\"name\":\"Camille Rouvray\",\"image\":{\"@type\":\"ImageObject\",\"inLanguage\":\"fr-FR\",\"@id\":\"https:\/\/voyage-aventure.com\/blog\/#\/schema\/person\/image\/\",\"url\":\"https:\/\/voyage-aventure.com\/blog\/wp-content\/uploads\/2026\/06\/persona_camille-r-96x96.jpg\",\"contentUrl\":\"https:\/\/voyage-aventure.com\/blog\/wp-content\/uploads\/2026\/06\/persona_camille-r-96x96.jpg\",\"caption\":\"Camille Rouvray\"},\"description\":\"Je voyage et j'\u00e9cris sur le voyage depuis une douzaine d'ann\u00e9es, d'abord en tant que routarde au long cours, puis comme r\u00e9dactrice sp\u00e9cialis\u00e9e. Mon terrain de pr\u00e9dilection, ce sont les circuits organis\u00e9s et l'art de bien pr\u00e9parer un itin\u00e9raire : choix de la saison, dur\u00e9e r\u00e9aliste des \u00e9tapes, budget jour par jour, logement et transport sur place. J'aime aussi raconter les p\u00e9pites urbaines, ces adresses qu'on ne trouve pas dans les guides classiques. Avant de publier un dossier destination, je croise toujours plusieurs sources, je v\u00e9rifie les tarifs et les formalit\u00e9s d'entr\u00e9e \u00e0 jour, et je teste moi-m\u00eame quand je le peux. Mon angle reste pratique avant tout : aider le lecteur \u00e0 partir l'esprit tranquille, sans mauvaise surprise une fois sur place. Je m'attache \u00e0 distinguer le coup de c\u0153ur sinc\u00e8re du simple argument marketing.\",\"sameAs\":[\"https:\/\/camillerouvray.fr\/\"],\"url\":\"https:\/\/voyage-aventure.com\/blog\/auteur\/noname\/\"}]}<\/script>\n<!-- \/ Yoast SEO Premium plugin. -->","yoast_head_json":{"title":"Un bless\u00e9 apr\u00e8s qu'un camion ait percut\u00e9 le centre de","description":"L'incident s'est produit lorsque un camion a perdu le contr\u00f4le et a percut\u00e9 l'entr\u00e9e principale du centre. Les t\u00e9moins ont d\u00e9crit la sc\u00e8ne comme \u00e9tant","robots":{"index":"index","follow":"follow","max-snippet":"max-snippet:-1","max-image-preview":"max-image-preview:large","max-video-preview":"max-video-preview:-1"},"canonical":"https:\/\/voyage-aventure.com\/blog\/a-la-une\/un-blesse-apres-quun-camion-ait-percute-le-centre-de-voyage-ta-jeudi-matin\/","og_locale":"fr_FR","og_type":"article","og_title":"Un bless\u00e9 apr\u00e8s qu'un camion ait percut\u00e9 le centre de","og_description":"L'incident s'est produit lorsque un camion a perdu le contr\u00f4le et a percut\u00e9 l'entr\u00e9e principale du centre. Les t\u00e9moins ont d\u00e9crit la sc\u00e8ne comme \u00e9tant","og_url":"https:\/\/voyage-aventure.com\/blog\/a-la-une\/un-blesse-apres-quun-camion-ait-percute-le-centre-de-voyage-ta-jeudi-matin\/","og_site_name":"voyage-aventure","og_image":[{"width":1200,"height":500,"url":"https:\/\/voyage-aventure.com\/blog\/wp-content\/uploads\/2025\/05\/sdxl-2fad65f30e6dd2e50bc528fa5d24e8c1-scaled.png","type":"image\/png"}],"author":"Camille Rouvray","twitter_card":"summary_large_image","schema":{"@context":"https:\/\/schema.org","@graph":[{"@type":"NewsArticle","@id":"https:\/\/voyage-aventure.com\/blog\/a-la-une\/un-blesse-apres-quun-camion-ait-percute-le-centre-de-voyage-ta-jeudi-matin\/#article","isPartOf":{"@id":"https:\/\/voyage-aventure.com\/blog\/a-la-une\/un-blesse-apres-quun-camion-ait-percute-le-centre-de-voyage-ta-jeudi-matin\/"},"author":{"name":"Camille Rouvray","@id":"https:\/\/voyage-aventure.com\/blog\/#\/schema\/person\/3c864cdc320801e3db34b663e7e3f816"},"headline":"Un bless\u00e9 apr\u00e8s qu&rsquo;un camion ait percut\u00e9 le centre de voyage TA jeudi matin","datePublished":"2025-03-20T17:27:09+00:00","mainEntityOfPage":{"@id":"https:\/\/voyage-aventure.com\/blog\/a-la-une\/un-blesse-apres-quun-camion-ait-percute-le-centre-de-voyage-ta-jeudi-matin\/"},"wordCount":431,"commentCount":22,"publisher":{"@id":"https:\/\/voyage-aventure.com\/blog\/#organization"},"image":{"@id":"https:\/\/voyage-aventure.com\/blog\/a-la-une\/un-blesse-apres-quun-camion-ait-percute-le-centre-de-voyage-ta-jeudi-matin\/#primaryimage"},"thumbnailUrl":"https:\/\/voyage-aventure.com\/blog\/wp-content\/uploads\/2025\/05\/sdxl-2fad65f30e6dd2e50bc528fa5d24e8c1-scaled.png","keywords":["Assistance M\u00e9dicale","Pratiques Durables","Relations Internationales","S\u00e9curit\u00e9","Voyage"],"articleSection":["\u00c0 la une"],"inLanguage":"fr-FR","potentialAction":[{"@type":"CommentAction","name":"Comment","target":["https:\/\/voyage-aventure.com\/blog\/a-la-une\/un-blesse-apres-quun-camion-ait-percute-le-centre-de-voyage-ta-jeudi-matin\/#respond"]}]},{"@type":"WebPage","@id":"https:\/\/voyage-aventure.com\/blog\/a-la-une\/un-blesse-apres-quun-camion-ait-percute-le-centre-de-voyage-ta-jeudi-matin\/","url":"https:\/\/voyage-aventure.com\/blog\/a-la-une\/un-blesse-apres-quun-camion-ait-percute-le-centre-de-voyage-ta-jeudi-matin\/","name":"Un bless\u00e9 apr\u00e8s qu'un camion ait percut\u00e9 le centre de","isPartOf":{"@id":"https:\/\/voyage-aventure.com\/blog\/#website"},"primaryImageOfPage":{"@id":"https:\/\/voyage-aventure.com\/blog\/a-la-une\/un-blesse-apres-quun-camion-ait-percute-le-centre-de-voyage-ta-jeudi-matin\/#primaryimage"},"image":{"@id":"https:\/\/voyage-aventure.com\/blog\/a-la-une\/un-blesse-apres-quun-camion-ait-percute-le-centre-de-voyage-ta-jeudi-matin\/#primaryimage"},"thumbnailUrl":"https:\/\/voyage-aventure.com\/blog\/wp-content\/uploads\/2025\/05\/sdxl-2fad65f30e6dd2e50bc528fa5d24e8c1-scaled.png","datePublished":"2025-03-20T17:27:09+00:00","description":"L'incident s'est produit lorsque un camion a perdu le contr\u00f4le et a percut\u00e9 l'entr\u00e9e principale du centre. Les t\u00e9moins ont d\u00e9crit la sc\u00e8ne comme \u00e9tant","inLanguage":"fr-FR","potentialAction":[{"@type":"ReadAction","target":["https:\/\/voyage-aventure.com\/blog\/a-la-une\/un-blesse-apres-quun-camion-ait-percute-le-centre-de-voyage-ta-jeudi-matin\/"]}]},{"@type":"ImageObject","inLanguage":"fr-FR","@id":"https:\/\/voyage-aventure.com\/blog\/a-la-une\/un-blesse-apres-quun-camion-ait-percute-le-centre-de-voyage-ta-jeudi-matin\/#primaryimage","url":"https:\/\/voyage-aventure.com\/blog\/wp-content\/uploads\/2025\/05\/sdxl-2fad65f30e6dd2e50bc528fa5d24e8c1-scaled.png","contentUrl":"https:\/\/voyage-aventure.com\/blog\/wp-content\/uploads\/2025\/05\/sdxl-2fad65f30e6dd2e50bc528fa5d24e8c1-scaled.png","width":1200,"height":500},{"@type":"WebSite","@id":"https:\/\/voyage-aventure.com\/blog\/#website","url":"https:\/\/voyage-aventure.com\/blog\/","name":"voyage-aventure.com","description":"Votre passeport pour l\u2019inattendu.","publisher":{"@id":"https:\/\/voyage-aventure.com\/blog\/#organization"},"alternateName":"Votre passeport pour l\u2019inattendu.","potentialAction":[{"@type":"SearchAction","target":{"@type":"EntryPoint","urlTemplate":"https:\/\/voyage-aventure.com\/blog\/?s={search_term_string}"},"query-input":{"@type":"PropertyValueSpecification","valueRequired":true,"valueName":"search_term_string"}}],"inLanguage":"fr-FR"},{"@type":"Organization","@id":"https:\/\/voyage-aventure.com\/blog\/#organization","name":"Foretsensations.fr","url":"https:\/\/voyage-aventure.com\/blog\/","logo":{"@type":"ImageObject","inLanguage":"fr-FR","@id":"https:\/\/voyage-aventure.com\/blog\/#\/schema\/logo\/image\/","url":"https:\/\/voyage-aventure.com\/blog\/wp-content\/uploads\/2024\/12\/19.png","contentUrl":"https:\/\/voyage-aventure.com\/blog\/wp-content\/uploads\/2024\/12\/19.png","width":512,"height":512,"caption":"Foretsensations.fr"},"image":{"@id":"https:\/\/voyage-aventure.com\/blog\/#\/schema\/logo\/image\/"}},{"@type":"Person","@id":"https:\/\/voyage-aventure.com\/blog\/#\/schema\/person\/3c864cdc320801e3db34b663e7e3f816","name":"Camille Rouvray","image":{"@type":"ImageObject","inLanguage":"fr-FR","@id":"https:\/\/voyage-aventure.com\/blog\/#\/schema\/person\/image\/","url":"https:\/\/voyage-aventure.com\/blog\/wp-content\/uploads\/2026\/06\/persona_camille-r-96x96.jpg","contentUrl":"https:\/\/voyage-aventure.com\/blog\/wp-content\/uploads\/2026\/06\/persona_camille-r-96x96.jpg","caption":"Camille Rouvray"},"description":"Je voyage et j'\u00e9cris sur le voyage depuis une douzaine d'ann\u00e9es, d'abord en tant que routarde au long cours, puis comme r\u00e9dactrice sp\u00e9cialis\u00e9e. Mon terrain de pr\u00e9dilection, ce sont les circuits organis\u00e9s et l'art de bien pr\u00e9parer un itin\u00e9raire : choix de la saison, dur\u00e9e r\u00e9aliste des \u00e9tapes, budget jour par jour, logement et transport sur place. J'aime aussi raconter les p\u00e9pites urbaines, ces adresses qu'on ne trouve pas dans les guides classiques. Avant de publier un dossier destination, je croise toujours plusieurs sources, je v\u00e9rifie les tarifs et les formalit\u00e9s d'entr\u00e9e \u00e0 jour, et je teste moi-m\u00eame quand je le peux. Mon angle reste pratique avant tout : aider le lecteur \u00e0 partir l'esprit tranquille, sans mauvaise surprise une fois sur place. Je m'attache \u00e0 distinguer le coup de c\u0153ur sinc\u00e8re du simple argument marketing.","sameAs":["https:\/\/camillerouvray.fr\/"],"url":"https:\/\/voyage-aventure.com\/blog\/auteur\/noname\/"}]}},"_links":{"self":[{"href":"https:\/\/voyage-aventure.com\/blog\/wp-json\/wp\/v2\/posts\/15764","targetHints":{"allow":["GET"]}}],"collection":[{"href":"https:\/\/voyage-aventure.com\/blog\/wp-json\/wp\/v2\/posts"}],"about":[{"href":"https:\/\/voyage-aventure.com\/blog\/wp-json\/wp\/v2\/types\/post"}],"author":[{"embeddable":true,"href":"https:\/\/voyage-aventure.com\/blog\/wp-json\/wp\/v2\/users\/34"}],"replies":[{"embeddable":true,"href":"https:\/\/voyage-aventure.com\/blog\/wp-json\/wp\/v2\/comments?post=15764"}],"version-history":[{"count":1,"href":"https:\/\/voyage-aventure.com\/blog\/wp-json\/wp\/v2\/posts\/15764\/revisions"}],"predecessor-version":[{"id":15778,"href":"https:\/\/voyage-aventure.com\/blog\/wp-json\/wp\/v2\/posts\/15764\/revisions\/15778"}],"wp:featuredmedia":[{"embeddable":true,"href":"https:\/\/voyage-aventure.com\/blog\/wp-json\/wp\/v2\/media\/19678"}],"wp:attachment":[{"href":"https:\/\/voyage-aventure.com\/blog\/wp-json\/wp\/v2\/media?parent=15764"}],"wp:term":[{"taxonomy":"category","embeddable":true,"href":"https:\/\/voyage-aventure.com\/blog\/wp-json\/wp\/v2\/categories?post=15764"},{"taxonomy":"post_tag","embeddable":true,"href":"https:\/\/voyage-aventure.com\/blog\/wp-json\/wp\/v2\/tags?post=15764"}],"curies":[{"name":"wp","href":"https:\/\/api.w.org\/{rel}","templated":true}]}}