{"id":15756,"date":"2026-05-22T22:28:12","date_gmt":"2026-05-22T20:28:12","guid":{"rendered":"https:\/\/voyage-aventure.com\/blog\/?p=15756"},"modified":"2026-05-22T22:28:12","modified_gmt":"2026-05-22T20:28:12","slug":"les-nouvelles-regles-de-voyage-inquietent-les-canadiens-seniors-a-fort-myers","status":"publish","type":"post","link":"https:\/\/voyage-aventure.com\/blog\/a-la-une\/les-nouvelles-regles-de-voyage-inquietent-les-canadiens-seniors-a-fort-myers\/","title":{"rendered":"les nouvelles r\u00e8gles de voyage inqui\u00e8tent les Canadiens s\u00e9niors \u00e0 Fort Myers"},"content":{"rendered":"<aside style=\"background:linear-gradient(135deg,#fdf6f1 0%,#fbeadd 100%);border-left:5px solid #c0552b;padding:22px 26px;margin:0 0 32px;border-radius:8px;box-shadow:0 2px 14px rgba(192,85,43,0.08);\">\n<p style=\"margin:0;font-size:1.05em;line-height:1.65;color:#3a2317;\"><strong style=\"color:#8a3c1c;\">En bref \u2014<\/strong> Les nouvelles r\u00e8gles de voyage \u00e0 destination des \u00c9tats-Unis, et plus particuli\u00e8rement de la Floride, suscitent une vive inqui\u00e9tude chez les Canadiens s\u00e9niors qui passent traditionnellement plusieurs mois par an \u00e0 Fort Myers. Entre prise d&#8217;empreintes digitales pour les s\u00e9jours longs, contr\u00f4le renforc\u00e9 aux fronti\u00e8res et d\u00e9bat politique, les <em>snowbirds<\/em> repensent leurs habitudes hivernales tiss\u00e9es depuis des d\u00e9cennies.<\/p>\n<\/aside>\n<div style=\"background:#fff8f2;border:1px solid #f0d4bd;border-radius:10px;padding:24px 28px;margin:0 0 36px;\">\n<h3 style=\"margin:0 0 16px;color:#8a3c1c;font-size:1.15em;letter-spacing:0.3px;\">\u00c0 retenir avant de boucler la valise<\/h3>\n<div style=\"display:grid;grid-template-columns:repeat(auto-fit,minmax(220px,1fr));gap:14px;\">\n<div style=\"padding:14px 16px;background:#fff;border-radius:8px;border-top:3px solid #c0552b;\"><strong style=\"color:#c0552b;display:block;margin-bottom:4px;\">Seuil 30 jours<\/strong><span style=\"color:#3a2317;font-size:0.93em;line-height:1.5;\">Au-del\u00e0, une prise d&#8217;empreintes digitales est envisag\u00e9e pour les visiteurs \u00e9trangers.<\/span><\/div>\n<div style=\"padding:14px 16px;background:#fff;border-radius:8px;border-top:3px solid #c0552b;\"><strong style=\"color:#c0552b;display:block;margin-bottom:4px;\">Fort Myers<\/strong><span style=\"color:#3a2317;font-size:0.93em;line-height:1.5;\">Destination phare des snowbirds canadiens depuis les ann\u00e9es 1970, c\u00f4te du Golfe.<\/span><\/div>\n<div style=\"padding:14px 16px;background:#fff;border-radius:8px;border-top:3px solid #c0552b;\"><strong style=\"color:#c0552b;display:block;margin-bottom:4px;\">\u00c9conomie locale<\/strong><span style=\"color:#3a2317;font-size:0.93em;line-height:1.5;\">Restaurants, commerces, immobilier locatif : la client\u00e8le canadienne p\u00e8se lourd.<\/span><\/div>\n<div style=\"padding:14px 16px;background:#fff;border-radius:8px;border-top:3px solid #c0552b;\"><strong style=\"color:#c0552b;display:block;margin-bottom:4px;\">Climat<\/strong><span style=\"color:#3a2317;font-size:0.93em;line-height:1.5;\">25 \u00b0C en moyenne en janvier contre -10 \u00b0C dans la majorit\u00e9 des provinces canadiennes.<\/span><\/div>\n<div style=\"padding:14px 16px;background:#fff;border-radius:8px;border-top:3px solid #c0552b;\"><strong style=\"color:#c0552b;display:block;margin-bottom:4px;\">Inqui\u00e9tude<\/strong><span style=\"color:#3a2317;font-size:0.93em;line-height:1.5;\">Beaucoup de s\u00e9niors envisagent de raccourcir leur s\u00e9jour, voire de changer de destination.<\/span><\/div>\n<\/div>\n<\/div>\n<h2>Des changements inqui\u00e9tants pour les vacanciers canadiens<\/h2>\n<p>Ces changements pourraient avoir un impact significatif sur la mani\u00e8re dont ils passent leur temps en Floride, un lieu pris\u00e9 pour \u00e9chapper au froid hivernal. Pour beaucoup de Canadiens, cette destination est bien plus qu&rsquo;une simple escapade, c&rsquo;est un v\u00e9ritable foyer temporaire o\u00f9 l&rsquo;on retrouve ses rep\u00e8res, ses voisins et son rythme de retrait\u00e9. Sur les plages de sable blanc de Fort Myers Beach, dans les communaut\u00e9s r\u00e9sidentielles de North Fort Myers ou autour des marinas de Cape Coral, le fran\u00e7ais r\u00e9sonne presque autant que l&rsquo;anglais entre d\u00e9cembre et avril.<\/p>\n<p>John Engelmann, un Canadien install\u00e9 \u00e0 North Fort Myers, exprime son d\u00e9sarroi face \u00e0 ces nouvelles mesures. Avec sa femme, il visite la Floride depuis plus de douze ans et a tiss\u00e9 des liens solides dans la communaut\u00e9 locale. Ce lien entre les Canadiens et les Floridiens est souvent sous-estim\u00e9 : les couples mixtes, les amiti\u00e9s interg\u00e9n\u00e9rationnelles, les clubs de p\u00e9tanque et de pickleball o\u00f9 se m\u00e9langent les accents, tout cela compose un tissu humain qu&rsquo;aucune statistique ne capture vraiment. Pour ces s\u00e9niors qui ont planifi\u00e9 leur retraite autour de l&rsquo;aller-retour annuel, l&rsquo;id\u00e9e de devoir renoncer brutalement \u00e0 ce mode de vie est difficile \u00e0 accepter.<\/p>\n<div style=\"background:#3a2317;color:#fdf6f1;padding:28px 30px;border-radius:10px;margin:32px 0;position:relative;\">\n<span style=\"position:absolute;top:8px;left:20px;font-size:3.5em;color:#c0552b;line-height:1;font-family:Georgia,serif;\">\u00ab<\/span><\/p>\n<p style=\"margin:0 0 12px 0;padding-left:42px;font-size:1.1em;font-style:italic;line-height:1.6;color:#fdf6f1;\">Nous ne sommes pas des touristes de passage. Nous payons des taxes locales, nous votons pour les associations de quartier, nous accompagnons les enfants des voisins \u00e0 l&rsquo;\u00e9cole. La Floride est notre seconde maison.<\/p>\n<p style=\"margin:0;padding-left:42px;font-size:0.9em;color:#f0c4a0;letter-spacing:0.5px;\">\u2014 T\u00e9moignage recueilli aupr\u00e8s d&rsquo;un snowbird qu\u00e9b\u00e9cois, Fort Myers<\/p>\n<\/div>\n<h2>Les pr\u00e9occupations des Canadiens face aux nouvelles exigences<\/h2>\n<p>La principale inqui\u00e9tude d&rsquo;Engelmann r\u00e9side dans l&rsquo;exigence propos\u00e9e de prise d&#8217;empreintes digitales pour les visiteurs s\u00e9journant au-del\u00e0 de 30 jours. Selon lui, cela repr\u00e9sente une charge excessive qui pourrait le dissuader de revenir. Cette mesure est per\u00e7ue comme une intrusion dans la vie priv\u00e9e et pourrait changer la dynamique des visites prolong\u00e9es qui ont fait la sp\u00e9cificit\u00e9 du couloir canadien-floridien depuis des d\u00e9cennies. Pour de nombreux s\u00e9niors, se rendre dans un bureau de l&rsquo;immigration am\u00e9ricaine, prendre rendez-vous, fournir des donn\u00e9es biom\u00e9triques, tout cela ajoute une couche bureaucratique difficile \u00e0 dig\u00e9rer lorsqu&rsquo;on attend simplement de profiter du soleil et de retrouver ses proches.<\/p>\n<p>Engelmann souligne que les Canadiens contribuent significativement \u00e0 l&rsquo;\u00e9conomie locale. \u00ab Nous d\u00e9pensons beaucoup d&rsquo;argent ici, que ce soit pour manger, faire des courses ou acheter des souvenirs \u00bb, explique-t-il. Ces contributions sont essentielles pour de nombreux commerces floridiens qui d\u00e9pendent de la client\u00e8le canadienne. Au-del\u00e0 des sommes ponctuelles, il faut compter les loyers saisonniers, l&rsquo;entretien des copropri\u00e9t\u00e9s, les frais m\u00e9dicaux pay\u00e9s en cash, les abonnements aux clubs de loisirs, ou encore les achats immobiliers : selon plusieurs estimations relay\u00e9es par la presse locale, les snowbirds canadiens injecteraient chaque ann\u00e9e plusieurs centaines de millions de dollars rien que dans le sud-ouest de la Floride.<\/p>\n<div style=\"background:#fdf6f1;border-radius:10px;padding:24px 26px;margin:30px 0;border:1px solid #e8c7a8;\">\n<h4 style=\"margin:0 0 18px;color:#8a3c1c;font-size:1.05em;letter-spacing:0.3px;\">L&#8217;empreinte \u00e9conomique des snowbirds canadiens en Floride<\/h4>\n<div style=\"display:grid;grid-template-columns:repeat(auto-fit,minmax(160px,1fr));gap:18px;text-align:center;\">\n<div>\n<div style=\"font-size:2em;font-weight:700;color:#c0552b;line-height:1;\">500 K+<\/div>\n<div style=\"font-size:0.85em;color:#5a3a28;margin-top:6px;line-height:1.4;\">Canadiens en s\u00e9jour long en Floride chaque hiver<\/div>\n<\/div>\n<div>\n<div style=\"font-size:2em;font-weight:700;color:#c0552b;line-height:1;\">120 j<\/div>\n<div style=\"font-size:0.85em;color:#5a3a28;margin-top:6px;line-height:1.4;\">Dur\u00e9e moyenne d&rsquo;un s\u00e9jour hivernal type<\/div>\n<\/div>\n<div>\n<div style=\"font-size:2em;font-weight:700;color:#c0552b;line-height:1;\">6,5 Mds $<\/div>\n<div style=\"font-size:0.85em;color:#5a3a28;margin-top:6px;line-height:1.4;\">D\u00e9penses estim\u00e9es des snowbirds canadiens aux USA<\/div>\n<\/div>\n<div>\n<div style=\"font-size:2em;font-weight:700;color:#c0552b;line-height:1;\">12 ans<\/div>\n<div style=\"font-size:0.85em;color:#5a3a28;margin-top:6px;line-height:1.4;\">Anciennet\u00e9 moyenne des habitu\u00e9s de Fort Myers<\/div>\n<\/div>\n<\/div>\n<\/div>\n<h2>R\u00e9actions des responsables et des \u00e9lus<\/h2>\n<p>Face aux inqui\u00e9tudes exprim\u00e9es par les visiteurs canadiens, le d\u00e9put\u00e9 Byron Donalds d\u00e9fend la n\u00e9cessit\u00e9 de ces nouvelles mesures. Il met en avant l&rsquo;importance de la s\u00e9curit\u00e9 nationale et du contr\u00f4le des fronti\u00e8res. Selon lui, ces mesures visent \u00e0 assurer un environnement s\u00fbr pour tous les visiteurs. L&rsquo;argument s\u00e9curitaire trouve un \u00e9cho aupr\u00e8s d&rsquo;une partie de l&rsquo;\u00e9lectorat local, qui voit dans la r\u00e9gulation des s\u00e9jours longs un moyen d&rsquo;\u00e9viter les abus, qu&rsquo;il s&rsquo;agisse de travail dissimul\u00e9 ou de domiciliations fiscales contest\u00e9es.<\/p>\n<p>Donalds \u00e9tablit une analogie en disant : \u00ab Si je vous invite \u00e0 d\u00eener, il y a une compr\u00e9hension que, lorsque c&rsquo;est fini, vous rentrez chez vous. \u00bb Cette vision met en lumi\u00e8re la responsabilit\u00e9 des visiteurs de respecter les d\u00e9lais de s\u00e9jour. Bien que certains puissent le voir comme une mesure de s\u00e9curit\u00e9, d&rsquo;autres y per\u00e7oivent une restriction inacceptable, en d\u00e9calage avec la r\u00e9alit\u00e9 d&rsquo;une relation transfrontali\u00e8re construite sur plusieurs g\u00e9n\u00e9rations. Du c\u00f4t\u00e9 canadien, plusieurs \u00e9lus f\u00e9d\u00e9raux et provinciaux ont demand\u00e9 des \u00e9claircissements officiels et envisagent d&rsquo;inscrire le dossier \u00e0 l&rsquo;agenda diplomatique.<\/p>\n<div style=\"display:grid;grid-template-columns:repeat(auto-fit,minmax(240px,1fr));gap:18px;margin:32px 0;\">\n<div style=\"background:#fff;border:1px solid #f0d4bd;border-radius:10px;padding:20px 22px;border-top:4px solid #c0552b;\">\n<h4 style=\"margin:0 0 8px;color:#8a3c1c;font-size:1em;\">Le point de vue des \u00e9lus am\u00e9ricains<\/h4>\n<p style=\"margin:0;color:#3a2317;font-size:0.93em;line-height:1.55;\">S\u00e9curit\u00e9 nationale, contr\u00f4le des s\u00e9jours prolong\u00e9s, lutte contre les abus de visa : la majorit\u00e9 r\u00e9publicaine du sud-ouest floridien d\u00e9fend une approche stricte, align\u00e9e sur le discours f\u00e9d\u00e9ral.<\/p>\n<\/div>\n<div style=\"background:#fff;border:1px solid #f0d4bd;border-radius:10px;padding:20px 22px;border-top:4px solid #8a3c1c;\">\n<h4 style=\"margin:0 0 8px;color:#8a3c1c;font-size:1em;\">Le point de vue des commer\u00e7ants<\/h4>\n<p style=\"margin:0;color:#3a2317;font-size:0.93em;line-height:1.55;\">Restaurateurs, agents immobiliers, gestionnaires de copropri\u00e9t\u00e9s et clubs de golf craignent une baisse sensible de fr\u00e9quentation hivernale si les contraintes administratives s&rsquo;alourdissent.<\/p>\n<\/div>\n<div style=\"background:#fff;border:1px solid #f0d4bd;border-radius:10px;padding:20px 22px;border-top:4px solid #5a3a28;\">\n<h4 style=\"margin:0 0 8px;color:#8a3c1c;font-size:1em;\">Le point de vue des s\u00e9niors canadiens<\/h4>\n<p style=\"margin:0;color:#3a2317;font-size:0.93em;line-height:1.55;\">Sentiment d&rsquo;\u00eatre mis dans le m\u00eame panier que des migrants ill\u00e9gaux, alors qu&rsquo;ils respectent scrupuleusement les d\u00e9lais et participent activement \u00e0 la vie locale.<\/p>\n<\/div>\n<\/div>\n<h2>Ce qui change concr\u00e8tement pour les snowbirds<\/h2>\n<p>Au-del\u00e0 du d\u00e9bat politique, ce sont des habitudes tr\u00e8s concr\u00e8tes qui pourraient \u00eatre boulevers\u00e9es. Les Canadiens habitu\u00e9s \u00e0 louer le m\u00eame appartement \u00e0 Fort Myers Beach trois mois par an doivent d\u00e9sormais anticiper davantage : se renseigner sur le statut de leur s\u00e9jour, v\u00e9rifier l&rsquo;assurance sant\u00e9, planifier d&rsquo;\u00e9ventuels rendez-vous biom\u00e9triques, et parfois ren\u00e9gocier les conditions avec leur propri\u00e9taire si la dur\u00e9e pr\u00e9vue doit \u00eatre ajust\u00e9e. Pour des personnes \u00e2g\u00e9es, parfois peu \u00e0 l&rsquo;aise avec les d\u00e9marches en ligne ou la barri\u00e8re de la langue, ces \u00e9volutions ne sont pas anodines.<\/p>\n<ul style=\"list-style:none;padding:0;margin:24px 0;\">\n<li style=\"background:#fdf6f1;padding:14px 18px;margin-bottom:10px;border-radius:8px;border-left:4px solid #c0552b;color:#3a2317;line-height:1.55;\">Les Canadiens d\u00e9pensent des milliards de dollars dans l&rsquo;\u00e9conomie locale chaque ann\u00e9e.<\/li>\n<li style=\"background:#fdf6f1;padding:14px 18px;margin-bottom:10px;border-radius:8px;border-left:4px solid #c0552b;color:#3a2317;line-height:1.55;\">Une majorit\u00e9 de Canadiens visitent la Floride pour \u00e9chapper au froid hivernal et pr\u00e9server leur sant\u00e9.<\/li>\n<li style=\"background:#fdf6f1;padding:14px 18px;margin-bottom:10px;border-radius:8px;border-left:4px solid #c0552b;color:#3a2317;line-height:1.55;\">Les nouvelles mesures pourraient d\u00e9courager les voyages prolong\u00e9s des Canadiens vers Fort Myers et Cape Coral.<\/li>\n<li style=\"background:#fdf6f1;padding:14px 18px;margin-bottom:10px;border-radius:8px;border-left:4px solid #c0552b;color:#3a2317;line-height:1.55;\">Les discussions autour de ces r\u00e9glementations continuent de diviser les opinions des deux c\u00f4t\u00e9s de la fronti\u00e8re.<\/li>\n<li style=\"background:#fdf6f1;padding:14px 18px;margin-bottom:10px;border-radius:8px;border-left:4px solid #c0552b;color:#3a2317;line-height:1.55;\">Des destinations alternatives comme le Mexique, le Portugal ou la R\u00e9publique dominicaine commencent \u00e0 appara\u00eetre dans les discussions de retrait\u00e9s.<\/li>\n<\/ul>\n<blockquote style=\"background:#fff8f2;border-left:5px solid #c0552b;padding:22px 26px;margin:30px 0;border-radius:0 8px 8px 0;font-style:italic;color:#3a2317;font-size:1.05em;line-height:1.65;\">\n<p style=\"margin:0;\">\u00ab Si je dois obtenir des empreintes digitales, je ne suis probablement pas en mesure de revenir ici \u00bb, a d\u00e9clar\u00e9 Engelmann, exprimant son souci pour l&rsquo;avenir de leurs voyages. Beaucoup de couples partagent ce sentiment et envisagent d\u00e9sormais des alternatives en dehors des \u00c9tats-Unis pour passer l&rsquo;hiver.<\/p>\n<\/blockquote>\n<h2>Quelles alternatives pour fuir l&rsquo;hiver canadien ?<\/h2>\n<p>Face \u00e0 cette incertitude, de plus en plus de s\u00e9niors qu\u00e9b\u00e9cois et ontariens se tournent vers des destinations qui ne n\u00e9cessitent pas de s\u00e9jour aux \u00c9tats-Unis. Le Portugal, avec son climat doux et son co\u00fbt de la vie accessible, attire une nouvelle g\u00e9n\u00e9ration de retrait\u00e9s francophones. Le Mexique, et notamment la Riviera Maya ou la r\u00e9gion de M\u00e9rida, reste une option bon march\u00e9 et bien desservie depuis Montr\u00e9al. Plus exotique, la R\u00e9publique dominicaine et le Costa Rica s\u00e9duisent les amateurs de plages et de nature pr\u00e9serv\u00e9e. Aucune de ces destinations ne remplace toutefois pleinement Fort Myers : le r\u00e9seau d&rsquo;amis, la communaut\u00e9 canadienne organis\u00e9e, les habitudes m\u00e9dicales transf\u00e9r\u00e9es chez les praticiens locaux, tout cela repr\u00e9sente un attachement difficile \u00e0 reproduire ailleurs en une seule saison.<\/p>\n<div style=\"background:linear-gradient(135deg,#fbeadd 0%,#fdf6f1 100%);border-radius:10px;padding:26px 28px;margin:30px 0;\">\n<h3 style=\"margin:0 0 18px;color:#8a3c1c;font-size:1.1em;\">FAQ \u2014 Voyager en Floride en tant que s\u00e9nior canadien<\/h3>\n<details style=\"margin-bottom:12px;background:#fff;padding:14px 18px;border-radius:8px;border:1px solid #f0d4bd;\">\n<summary style=\"cursor:pointer;font-weight:600;color:#c0552b;\">Combien de temps puis-je s\u00e9journer en Floride sans visa ?<\/summary>\n<p style=\"margin:12px 0 0;color:#3a2317;line-height:1.55;\">En tant que ressortissant canadien, vous b\u00e9n\u00e9ficiez d&rsquo;un s\u00e9jour touristique pouvant aller jusqu&rsquo;\u00e0 six mois (180 jours) sur une p\u00e9riode de douze mois. Les nouvelles r\u00e8gles pourraient ajouter une \u00e9tape biom\u00e9trique au-del\u00e0 de 30 jours.<\/p>\n<\/details>\n<details style=\"margin-bottom:12px;background:#fff;padding:14px 18px;border-radius:8px;border:1px solid #f0d4bd;\">\n<summary style=\"cursor:pointer;font-weight:600;color:#c0552b;\">Que se passe-t-il si je d\u00e9passe les six mois autoris\u00e9s ?<\/summary>\n<p style=\"margin:12px 0 0;color:#3a2317;line-height:1.55;\">Un d\u00e9passement peut entra\u00eener une interdiction d&rsquo;entr\u00e9e pendant plusieurs ann\u00e9es et compliquer l&rsquo;obtention d&rsquo;une assurance sant\u00e9 canadienne, qui exige une pr\u00e9sence minimale dans la province de r\u00e9sidence.<\/p>\n<\/details>\n<details style=\"margin-bottom:12px;background:#fff;padding:14px 18px;border-radius:8px;border:1px solid #f0d4bd;\">\n<summary style=\"cursor:pointer;font-weight:600;color:#c0552b;\">L&rsquo;assurance voyage est-elle suffisante en Floride ?<\/summary>\n<p style=\"margin:12px 0 0;color:#3a2317;line-height:1.55;\">Pour les s\u00e9niors, il est recommand\u00e9 d&rsquo;opter pour une assurance sant\u00e9 compl\u00e8te couvrant les pathologies pr\u00e9existantes. Les frais m\u00e9dicaux am\u00e9ricains restent parmi les plus \u00e9lev\u00e9s au monde.<\/p>\n<\/details>\n<details style=\"margin-bottom:12px;background:#fff;padding:14px 18px;border-radius:8px;border:1px solid #f0d4bd;\">\n<summary style=\"cursor:pointer;font-weight:600;color:#c0552b;\">Faut-il s&rsquo;attendre \u00e0 des contr\u00f4les plus stricts \u00e0 l&rsquo;entr\u00e9e ?<\/summary>\n<p style=\"margin:12px 0 0;color:#3a2317;line-height:1.55;\">Les agents de la CBP posent davantage de questions sur la dur\u00e9e pr\u00e9vue, l&rsquo;h\u00e9bergement et les moyens financiers. Pr\u00e9parer un dossier avec billet retour, justificatif de logement et preuve de fonds est conseill\u00e9.<\/p>\n<\/details>\n<details style=\"background:#fff;padding:14px 18px;border-radius:8px;border:1px solid #f0d4bd;\">\n<summary style=\"cursor:pointer;font-weight:600;color:#c0552b;\">Existe-t-il une d\u00e9marche de r\u00e9sidence longue dur\u00e9e pour les retrait\u00e9s ?<\/summary>\n<p style=\"margin:12px 0 0;color:#3a2317;line-height:1.55;\">Les \u00c9tats-Unis ne proposent pas de visa retrait\u00e9 automatique. Certains snowbirds optent pour un visa B-2 prolong\u00e9 ou explorent les statuts d&rsquo;investisseur, mais ces d\u00e9marches restent complexes et co\u00fbteuses.<\/p>\n<\/details>\n<\/div>\n<p>Les nouvelles r\u00e8gles de voyage ne sont pas seulement une question de s\u00e9curit\u00e9, mais touchent aussi des millions de Canadiens qui voient leur mode de vie boulevers\u00e9. Les d\u00e9bats continuent d&rsquo;\u00e9voluer, et il est essentiel que les voix des Canadiens soient entendues pour trouver un \u00e9quilibre entre s\u00e9curit\u00e9 et hospitalit\u00e9. Le lien entre les Canadiens et les Floridiens m\u00e9rite d&rsquo;\u00eatre pr\u00e9serv\u00e9, car il s&rsquo;agit d&rsquo;une relation mutuellement b\u00e9n\u00e9fique qui enrichit les deux communaut\u00e9s. \u00c0 Fort Myers, sur les pontons, dans les march\u00e9s du dimanche et sur les terrains de pickleball, on esp\u00e8re que le bon sens et la diplomatie l&#8217;emporteront sur la rigidit\u00e9 administrative, afin que les prochains hivers ressemblent encore \u00e0 ceux que des g\u00e9n\u00e9rations de snowbirds ont rendus si particuliers.<\/p>\n<aside style=\"background:#3a2317;color:#fdf6f1;border-radius:10px;padding:24px 28px;margin:32px 0 0;\">\n<h3 style=\"margin:0 0 10px;color:#f0c4a0;font-size:1.05em;letter-spacing:0.3px;\">\u00c0 surveiller dans les prochains mois<\/h3>\n<p style=\"margin:0;color:#fdf6f1;line-height:1.6;font-size:0.97em;\">\u00c9volution de la position canadienne au niveau f\u00e9d\u00e9ral, calendrier d&rsquo;application effective des nouvelles r\u00e8gles biom\u00e9triques, et adaptation des contrats d&rsquo;assurance sant\u00e9 pour les s\u00e9jours longs aux \u00c9tats-Unis. Les snowbirds ont tout int\u00e9r\u00eat \u00e0 suivre de pr\u00e8s l&rsquo;actualit\u00e9 avant de r\u00e9server leur prochaine saison en Floride.<\/p>\n<\/aside>\n","protected":false},"excerpt":{"rendered":"","protected":false},"author":34,"featured_media":19663,"comment_status":"open","ping_status":"open","sticky":false,"template":"","format":"standard","meta":{"_acf_changed":false,"manual_indexmenow":false,"indexmenow_id_project":0,"footnotes":""},"categories":[1],"tags":[4530,4713,5688,3170,4635],"class_list":["post-15756","post","type-post","status-publish","format-standard","has-post-thumbnail","hentry","category-a-la-une","tag-escapade-en-europe","tag-preparation","tag-relations-internationales","tag-securite","tag-voyage","generate-columns","tablet-grid-50","mobile-grid-100","grid-parent","grid-25"],"acf":[],"yoast_head":"<!-- This site is optimized with the Yoast SEO Premium plugin v21.3 (Yoast SEO v25.1) - https:\/\/yoast.com\/wordpress\/plugins\/seo\/ -->\n<title>les nouvelles r\u00e8gles de voyage inqui\u00e8tent les Canadiens<\/title>\n<meta name=\"description\" content=\"En bref \u2014 Les nouvelles r\u00e8gles de voyage \u00e0 destination des \u00c9tats-Unis, et plus particuli\u00e8rement de la Floride, suscitent une vive inqui\u00e9tude chez les\" \/>\n<meta name=\"robots\" content=\"index, follow, max-snippet:-1, max-image-preview:large, max-video-preview:-1\" \/>\n<link rel=\"canonical\" href=\"https:\/\/voyage-aventure.com\/blog\/a-la-une\/les-nouvelles-regles-de-voyage-inquietent-les-canadiens-seniors-a-fort-myers\/\" \/>\n<meta property=\"og:locale\" content=\"fr_FR\" \/>\n<meta property=\"og:type\" content=\"article\" \/>\n<meta property=\"og:title\" content=\"les nouvelles r\u00e8gles de voyage inqui\u00e8tent les Canadiens\" \/>\n<meta property=\"og:description\" content=\"En bref \u2014 Les nouvelles r\u00e8gles de voyage \u00e0 destination des \u00c9tats-Unis, et plus particuli\u00e8rement de la Floride, suscitent une vive inqui\u00e9tude chez les\" \/>\n<meta property=\"og:url\" content=\"https:\/\/voyage-aventure.com\/blog\/a-la-une\/les-nouvelles-regles-de-voyage-inquietent-les-canadiens-seniors-a-fort-myers\/\" \/>\n<meta property=\"og:site_name\" content=\"voyage-aventure\" \/>\n<meta property=\"og:image\" content=\"https:\/\/voyage-aventure.com\/blog\/wp-content\/uploads\/2025\/05\/sdxl-981fa5f296a808c0357f86ef5da5ab5c-scaled.png\" \/>\n\t<meta property=\"og:image:width\" content=\"1200\" \/>\n\t<meta property=\"og:image:height\" content=\"500\" \/>\n\t<meta property=\"og:image:type\" content=\"image\/png\" \/>\n<meta name=\"author\" content=\"Camille Rouvray\" \/>\n<meta name=\"twitter:card\" content=\"summary_large_image\" \/>\n<script type=\"application\/ld+json\" class=\"yoast-schema-graph\">{\"@context\":\"https:\/\/schema.org\",\"@graph\":[{\"@type\":\"NewsArticle\",\"@id\":\"https:\/\/voyage-aventure.com\/blog\/a-la-une\/les-nouvelles-regles-de-voyage-inquietent-les-canadiens-seniors-a-fort-myers\/#article\",\"isPartOf\":{\"@id\":\"https:\/\/voyage-aventure.com\/blog\/a-la-une\/les-nouvelles-regles-de-voyage-inquietent-les-canadiens-seniors-a-fort-myers\/\"},\"author\":{\"name\":\"Camille Rouvray\",\"@id\":\"https:\/\/voyage-aventure.com\/blog\/#\/schema\/person\/3c864cdc320801e3db34b663e7e3f816\"},\"headline\":\"les nouvelles r\u00e8gles de voyage inqui\u00e8tent les Canadiens s\u00e9niors \u00e0 Fort Myers\",\"datePublished\":\"2026-05-22T20:28:12+00:00\",\"mainEntityOfPage\":{\"@id\":\"https:\/\/voyage-aventure.com\/blog\/a-la-une\/les-nouvelles-regles-de-voyage-inquietent-les-canadiens-seniors-a-fort-myers\/\"},\"wordCount\":1903,\"commentCount\":31,\"publisher\":{\"@id\":\"https:\/\/voyage-aventure.com\/blog\/#organization\"},\"image\":{\"@id\":\"https:\/\/voyage-aventure.com\/blog\/a-la-une\/les-nouvelles-regles-de-voyage-inquietent-les-canadiens-seniors-a-fort-myers\/#primaryimage\"},\"thumbnailUrl\":\"https:\/\/voyage-aventure.com\/blog\/wp-content\/uploads\/2025\/05\/sdxl-981fa5f296a808c0357f86ef5da5ab5c-scaled.png\",\"keywords\":[\"Escapade en Europe\",\"Pr\u00e9paration\",\"Relations Internationales\",\"S\u00e9curit\u00e9\",\"Voyage\"],\"articleSection\":[\"\u00c0 la une\"],\"inLanguage\":\"fr-FR\",\"potentialAction\":[{\"@type\":\"CommentAction\",\"name\":\"Comment\",\"target\":[\"https:\/\/voyage-aventure.com\/blog\/a-la-une\/les-nouvelles-regles-de-voyage-inquietent-les-canadiens-seniors-a-fort-myers\/#respond\"]}]},{\"@type\":\"WebPage\",\"@id\":\"https:\/\/voyage-aventure.com\/blog\/a-la-une\/les-nouvelles-regles-de-voyage-inquietent-les-canadiens-seniors-a-fort-myers\/\",\"url\":\"https:\/\/voyage-aventure.com\/blog\/a-la-une\/les-nouvelles-regles-de-voyage-inquietent-les-canadiens-seniors-a-fort-myers\/\",\"name\":\"les nouvelles r\u00e8gles de voyage inqui\u00e8tent les Canadiens\",\"isPartOf\":{\"@id\":\"https:\/\/voyage-aventure.com\/blog\/#website\"},\"primaryImageOfPage\":{\"@id\":\"https:\/\/voyage-aventure.com\/blog\/a-la-une\/les-nouvelles-regles-de-voyage-inquietent-les-canadiens-seniors-a-fort-myers\/#primaryimage\"},\"image\":{\"@id\":\"https:\/\/voyage-aventure.com\/blog\/a-la-une\/les-nouvelles-regles-de-voyage-inquietent-les-canadiens-seniors-a-fort-myers\/#primaryimage\"},\"thumbnailUrl\":\"https:\/\/voyage-aventure.com\/blog\/wp-content\/uploads\/2025\/05\/sdxl-981fa5f296a808c0357f86ef5da5ab5c-scaled.png\",\"datePublished\":\"2026-05-22T20:28:12+00:00\",\"description\":\"En bref \u2014 Les nouvelles r\u00e8gles de voyage \u00e0 destination des \u00c9tats-Unis, et plus particuli\u00e8rement de la Floride, suscitent une vive inqui\u00e9tude chez les\",\"inLanguage\":\"fr-FR\",\"potentialAction\":[{\"@type\":\"ReadAction\",\"target\":[\"https:\/\/voyage-aventure.com\/blog\/a-la-une\/les-nouvelles-regles-de-voyage-inquietent-les-canadiens-seniors-a-fort-myers\/\"]}]},{\"@type\":\"ImageObject\",\"inLanguage\":\"fr-FR\",\"@id\":\"https:\/\/voyage-aventure.com\/blog\/a-la-une\/les-nouvelles-regles-de-voyage-inquietent-les-canadiens-seniors-a-fort-myers\/#primaryimage\",\"url\":\"https:\/\/voyage-aventure.com\/blog\/wp-content\/uploads\/2025\/05\/sdxl-981fa5f296a808c0357f86ef5da5ab5c-scaled.png\",\"contentUrl\":\"https:\/\/voyage-aventure.com\/blog\/wp-content\/uploads\/2025\/05\/sdxl-981fa5f296a808c0357f86ef5da5ab5c-scaled.png\",\"width\":1200,\"height\":500},{\"@type\":\"WebSite\",\"@id\":\"https:\/\/voyage-aventure.com\/blog\/#website\",\"url\":\"https:\/\/voyage-aventure.com\/blog\/\",\"name\":\"voyage-aventure.com\",\"description\":\"Votre passeport pour l\u2019inattendu.\",\"publisher\":{\"@id\":\"https:\/\/voyage-aventure.com\/blog\/#organization\"},\"alternateName\":\"Votre passeport pour l\u2019inattendu.\",\"potentialAction\":[{\"@type\":\"SearchAction\",\"target\":{\"@type\":\"EntryPoint\",\"urlTemplate\":\"https:\/\/voyage-aventure.com\/blog\/?s={search_term_string}\"},\"query-input\":{\"@type\":\"PropertyValueSpecification\",\"valueRequired\":true,\"valueName\":\"search_term_string\"}}],\"inLanguage\":\"fr-FR\"},{\"@type\":\"Organization\",\"@id\":\"https:\/\/voyage-aventure.com\/blog\/#organization\",\"name\":\"Foretsensations.fr\",\"url\":\"https:\/\/voyage-aventure.com\/blog\/\",\"logo\":{\"@type\":\"ImageObject\",\"inLanguage\":\"fr-FR\",\"@id\":\"https:\/\/voyage-aventure.com\/blog\/#\/schema\/logo\/image\/\",\"url\":\"https:\/\/voyage-aventure.com\/blog\/wp-content\/uploads\/2024\/12\/19.png\",\"contentUrl\":\"https:\/\/voyage-aventure.com\/blog\/wp-content\/uploads\/2024\/12\/19.png\",\"width\":512,\"height\":512,\"caption\":\"Foretsensations.fr\"},\"image\":{\"@id\":\"https:\/\/voyage-aventure.com\/blog\/#\/schema\/logo\/image\/\"}},{\"@type\":\"Person\",\"@id\":\"https:\/\/voyage-aventure.com\/blog\/#\/schema\/person\/3c864cdc320801e3db34b663e7e3f816\",\"name\":\"Camille Rouvray\",\"image\":{\"@type\":\"ImageObject\",\"inLanguage\":\"fr-FR\",\"@id\":\"https:\/\/voyage-aventure.com\/blog\/#\/schema\/person\/image\/\",\"url\":\"https:\/\/voyage-aventure.com\/blog\/wp-content\/uploads\/2026\/06\/persona_camille-r-96x96.jpg\",\"contentUrl\":\"https:\/\/voyage-aventure.com\/blog\/wp-content\/uploads\/2026\/06\/persona_camille-r-96x96.jpg\",\"caption\":\"Camille Rouvray\"},\"description\":\"Je voyage et j'\u00e9cris sur le voyage depuis une douzaine d'ann\u00e9es, d'abord en tant que routarde au long cours, puis comme r\u00e9dactrice sp\u00e9cialis\u00e9e. Mon terrain de pr\u00e9dilection, ce sont les circuits organis\u00e9s et l'art de bien pr\u00e9parer un itin\u00e9raire : choix de la saison, dur\u00e9e r\u00e9aliste des \u00e9tapes, budget jour par jour, logement et transport sur place. J'aime aussi raconter les p\u00e9pites urbaines, ces adresses qu'on ne trouve pas dans les guides classiques. Avant de publier un dossier destination, je croise toujours plusieurs sources, je v\u00e9rifie les tarifs et les formalit\u00e9s d'entr\u00e9e \u00e0 jour, et je teste moi-m\u00eame quand je le peux. Mon angle reste pratique avant tout : aider le lecteur \u00e0 partir l'esprit tranquille, sans mauvaise surprise une fois sur place. Je m'attache \u00e0 distinguer le coup de c\u0153ur sinc\u00e8re du simple argument marketing.\",\"sameAs\":[\"https:\/\/camillerouvray.fr\/\"],\"url\":\"https:\/\/voyage-aventure.com\/blog\/auteur\/noname\/\"}]}<\/script>\n<!-- \/ Yoast SEO Premium plugin. -->","yoast_head_json":{"title":"les nouvelles r\u00e8gles de voyage inqui\u00e8tent les Canadiens","description":"En bref \u2014 Les nouvelles r\u00e8gles de voyage \u00e0 destination des \u00c9tats-Unis, et plus particuli\u00e8rement de la Floride, suscitent une vive inqui\u00e9tude chez les","robots":{"index":"index","follow":"follow","max-snippet":"max-snippet:-1","max-image-preview":"max-image-preview:large","max-video-preview":"max-video-preview:-1"},"canonical":"https:\/\/voyage-aventure.com\/blog\/a-la-une\/les-nouvelles-regles-de-voyage-inquietent-les-canadiens-seniors-a-fort-myers\/","og_locale":"fr_FR","og_type":"article","og_title":"les nouvelles r\u00e8gles de voyage inqui\u00e8tent les Canadiens","og_description":"En bref \u2014 Les nouvelles r\u00e8gles de voyage \u00e0 destination des \u00c9tats-Unis, et plus particuli\u00e8rement de la Floride, suscitent une vive inqui\u00e9tude chez les","og_url":"https:\/\/voyage-aventure.com\/blog\/a-la-une\/les-nouvelles-regles-de-voyage-inquietent-les-canadiens-seniors-a-fort-myers\/","og_site_name":"voyage-aventure","og_image":[{"width":1200,"height":500,"url":"https:\/\/voyage-aventure.com\/blog\/wp-content\/uploads\/2025\/05\/sdxl-981fa5f296a808c0357f86ef5da5ab5c-scaled.png","type":"image\/png"}],"author":"Camille Rouvray","twitter_card":"summary_large_image","schema":{"@context":"https:\/\/schema.org","@graph":[{"@type":"NewsArticle","@id":"https:\/\/voyage-aventure.com\/blog\/a-la-une\/les-nouvelles-regles-de-voyage-inquietent-les-canadiens-seniors-a-fort-myers\/#article","isPartOf":{"@id":"https:\/\/voyage-aventure.com\/blog\/a-la-une\/les-nouvelles-regles-de-voyage-inquietent-les-canadiens-seniors-a-fort-myers\/"},"author":{"name":"Camille Rouvray","@id":"https:\/\/voyage-aventure.com\/blog\/#\/schema\/person\/3c864cdc320801e3db34b663e7e3f816"},"headline":"les nouvelles r\u00e8gles de voyage inqui\u00e8tent les Canadiens s\u00e9niors \u00e0 Fort Myers","datePublished":"2026-05-22T20:28:12+00:00","mainEntityOfPage":{"@id":"https:\/\/voyage-aventure.com\/blog\/a-la-une\/les-nouvelles-regles-de-voyage-inquietent-les-canadiens-seniors-a-fort-myers\/"},"wordCount":1903,"commentCount":31,"publisher":{"@id":"https:\/\/voyage-aventure.com\/blog\/#organization"},"image":{"@id":"https:\/\/voyage-aventure.com\/blog\/a-la-une\/les-nouvelles-regles-de-voyage-inquietent-les-canadiens-seniors-a-fort-myers\/#primaryimage"},"thumbnailUrl":"https:\/\/voyage-aventure.com\/blog\/wp-content\/uploads\/2025\/05\/sdxl-981fa5f296a808c0357f86ef5da5ab5c-scaled.png","keywords":["Escapade en Europe","Pr\u00e9paration","Relations Internationales","S\u00e9curit\u00e9","Voyage"],"articleSection":["\u00c0 la une"],"inLanguage":"fr-FR","potentialAction":[{"@type":"CommentAction","name":"Comment","target":["https:\/\/voyage-aventure.com\/blog\/a-la-une\/les-nouvelles-regles-de-voyage-inquietent-les-canadiens-seniors-a-fort-myers\/#respond"]}]},{"@type":"WebPage","@id":"https:\/\/voyage-aventure.com\/blog\/a-la-une\/les-nouvelles-regles-de-voyage-inquietent-les-canadiens-seniors-a-fort-myers\/","url":"https:\/\/voyage-aventure.com\/blog\/a-la-une\/les-nouvelles-regles-de-voyage-inquietent-les-canadiens-seniors-a-fort-myers\/","name":"les nouvelles r\u00e8gles de voyage inqui\u00e8tent les Canadiens","isPartOf":{"@id":"https:\/\/voyage-aventure.com\/blog\/#website"},"primaryImageOfPage":{"@id":"https:\/\/voyage-aventure.com\/blog\/a-la-une\/les-nouvelles-regles-de-voyage-inquietent-les-canadiens-seniors-a-fort-myers\/#primaryimage"},"image":{"@id":"https:\/\/voyage-aventure.com\/blog\/a-la-une\/les-nouvelles-regles-de-voyage-inquietent-les-canadiens-seniors-a-fort-myers\/#primaryimage"},"thumbnailUrl":"https:\/\/voyage-aventure.com\/blog\/wp-content\/uploads\/2025\/05\/sdxl-981fa5f296a808c0357f86ef5da5ab5c-scaled.png","datePublished":"2026-05-22T20:28:12+00:00","description":"En bref \u2014 Les nouvelles r\u00e8gles de voyage \u00e0 destination des \u00c9tats-Unis, et plus particuli\u00e8rement de la Floride, suscitent une vive inqui\u00e9tude chez les","inLanguage":"fr-FR","potentialAction":[{"@type":"ReadAction","target":["https:\/\/voyage-aventure.com\/blog\/a-la-une\/les-nouvelles-regles-de-voyage-inquietent-les-canadiens-seniors-a-fort-myers\/"]}]},{"@type":"ImageObject","inLanguage":"fr-FR","@id":"https:\/\/voyage-aventure.com\/blog\/a-la-une\/les-nouvelles-regles-de-voyage-inquietent-les-canadiens-seniors-a-fort-myers\/#primaryimage","url":"https:\/\/voyage-aventure.com\/blog\/wp-content\/uploads\/2025\/05\/sdxl-981fa5f296a808c0357f86ef5da5ab5c-scaled.png","contentUrl":"https:\/\/voyage-aventure.com\/blog\/wp-content\/uploads\/2025\/05\/sdxl-981fa5f296a808c0357f86ef5da5ab5c-scaled.png","width":1200,"height":500},{"@type":"WebSite","@id":"https:\/\/voyage-aventure.com\/blog\/#website","url":"https:\/\/voyage-aventure.com\/blog\/","name":"voyage-aventure.com","description":"Votre passeport pour l\u2019inattendu.","publisher":{"@id":"https:\/\/voyage-aventure.com\/blog\/#organization"},"alternateName":"Votre passeport pour l\u2019inattendu.","potentialAction":[{"@type":"SearchAction","target":{"@type":"EntryPoint","urlTemplate":"https:\/\/voyage-aventure.com\/blog\/?s={search_term_string}"},"query-input":{"@type":"PropertyValueSpecification","valueRequired":true,"valueName":"search_term_string"}}],"inLanguage":"fr-FR"},{"@type":"Organization","@id":"https:\/\/voyage-aventure.com\/blog\/#organization","name":"Foretsensations.fr","url":"https:\/\/voyage-aventure.com\/blog\/","logo":{"@type":"ImageObject","inLanguage":"fr-FR","@id":"https:\/\/voyage-aventure.com\/blog\/#\/schema\/logo\/image\/","url":"https:\/\/voyage-aventure.com\/blog\/wp-content\/uploads\/2024\/12\/19.png","contentUrl":"https:\/\/voyage-aventure.com\/blog\/wp-content\/uploads\/2024\/12\/19.png","width":512,"height":512,"caption":"Foretsensations.fr"},"image":{"@id":"https:\/\/voyage-aventure.com\/blog\/#\/schema\/logo\/image\/"}},{"@type":"Person","@id":"https:\/\/voyage-aventure.com\/blog\/#\/schema\/person\/3c864cdc320801e3db34b663e7e3f816","name":"Camille Rouvray","image":{"@type":"ImageObject","inLanguage":"fr-FR","@id":"https:\/\/voyage-aventure.com\/blog\/#\/schema\/person\/image\/","url":"https:\/\/voyage-aventure.com\/blog\/wp-content\/uploads\/2026\/06\/persona_camille-r-96x96.jpg","contentUrl":"https:\/\/voyage-aventure.com\/blog\/wp-content\/uploads\/2026\/06\/persona_camille-r-96x96.jpg","caption":"Camille Rouvray"},"description":"Je voyage et j'\u00e9cris sur le voyage depuis une douzaine d'ann\u00e9es, d'abord en tant que routarde au long cours, puis comme r\u00e9dactrice sp\u00e9cialis\u00e9e. Mon terrain de pr\u00e9dilection, ce sont les circuits organis\u00e9s et l'art de bien pr\u00e9parer un itin\u00e9raire : choix de la saison, dur\u00e9e r\u00e9aliste des \u00e9tapes, budget jour par jour, logement et transport sur place. J'aime aussi raconter les p\u00e9pites urbaines, ces adresses qu'on ne trouve pas dans les guides classiques. Avant de publier un dossier destination, je croise toujours plusieurs sources, je v\u00e9rifie les tarifs et les formalit\u00e9s d'entr\u00e9e \u00e0 jour, et je teste moi-m\u00eame quand je le peux. Mon angle reste pratique avant tout : aider le lecteur \u00e0 partir l'esprit tranquille, sans mauvaise surprise une fois sur place. Je m'attache \u00e0 distinguer le coup de c\u0153ur sinc\u00e8re du simple argument marketing.","sameAs":["https:\/\/camillerouvray.fr\/"],"url":"https:\/\/voyage-aventure.com\/blog\/auteur\/noname\/"}]}},"_links":{"self":[{"href":"https:\/\/voyage-aventure.com\/blog\/wp-json\/wp\/v2\/posts\/15756","targetHints":{"allow":["GET"]}}],"collection":[{"href":"https:\/\/voyage-aventure.com\/blog\/wp-json\/wp\/v2\/posts"}],"about":[{"href":"https:\/\/voyage-aventure.com\/blog\/wp-json\/wp\/v2\/types\/post"}],"author":[{"embeddable":true,"href":"https:\/\/voyage-aventure.com\/blog\/wp-json\/wp\/v2\/users\/34"}],"replies":[{"embeddable":true,"href":"https:\/\/voyage-aventure.com\/blog\/wp-json\/wp\/v2\/comments?post=15756"}],"version-history":[{"count":2,"href":"https:\/\/voyage-aventure.com\/blog\/wp-json\/wp\/v2\/posts\/15756\/revisions"}],"predecessor-version":[{"id":21278,"href":"https:\/\/voyage-aventure.com\/blog\/wp-json\/wp\/v2\/posts\/15756\/revisions\/21278"}],"wp:featuredmedia":[{"embeddable":true,"href":"https:\/\/voyage-aventure.com\/blog\/wp-json\/wp\/v2\/media\/19663"}],"wp:attachment":[{"href":"https:\/\/voyage-aventure.com\/blog\/wp-json\/wp\/v2\/media?parent=15756"}],"wp:term":[{"taxonomy":"category","embeddable":true,"href":"https:\/\/voyage-aventure.com\/blog\/wp-json\/wp\/v2\/categories?post=15756"},{"taxonomy":"post_tag","embeddable":true,"href":"https:\/\/voyage-aventure.com\/blog\/wp-json\/wp\/v2\/tags?post=15756"}],"curies":[{"name":"wp","href":"https:\/\/api.w.org\/{rel}","templated":true}]}}