{"id":15747,"date":"2025-03-20T17:37:19","date_gmt":"2025-03-20T16:37:19","guid":{"rendered":"https:\/\/voyage-aventure.com\/blog\/?p=15747"},"modified":"2025-03-20T15:12:10","modified_gmt":"2025-03-20T14:12:10","slug":"allemagne-met-en-garde-ses-citoyens-sur-les-risques-de-voyage-aux-etats-unis","status":"publish","type":"post","link":"https:\/\/voyage-aventure.com\/blog\/a-la-une\/allemagne-met-en-garde-ses-citoyens-sur-les-risques-de-voyage-aux-etats-unis\/","title":{"rendered":"Allemagne met en garde ses citoyens sur les risques de voyage aux \u00c9tats-Unis"},"content":{"rendered":"<h2>Un avertissement qui prend de l&rsquo;ampleur<\/h2>\n<p>Cette mise \u00e0 jour de l&rsquo;avis de voyage fait suite \u00e0 des incidents o\u00f9 des ressortissants allemands ont \u00e9t\u00e9 retenus \u00e0 la fronti\u00e8re am\u00e9ricaine. La situation soul\u00e8ve des inqui\u00e9tudes quant aux politiques d&rsquo;immigration am\u00e9ricaines, qui semblent devenir de plus en plus strictes.<\/p>\n<p>Le minist\u00e8re allemand des Affaires \u00e9trang\u00e8res a pr\u00e9cis\u00e9 qu&rsquo;il examinait les raisons de ces d\u00e9tentions. Bien que deux des cas aient \u00e9t\u00e9 r\u00e9solus, le troisi\u00e8me continue d&rsquo;\u00eatre trait\u00e9, ce qui suscite des interrogations sur les conditions d&rsquo;entr\u00e9e aux \u00c9tats-Unis. Ce contexte incite les voyageurs \u00e0 faire preuve de prudence avant de planifier un voyage vers l&rsquo;Am\u00e9rique.<\/p>\n<h2>Les implications pour les voyageurs<\/h2>\n<p>Les voyageurs allemands doivent \u00eatre conscients que poss\u00e9der un ESTA ou un visa am\u00e9ricain ne garantit pas l&rsquo;entr\u00e9e. Un porte-parole du minist\u00e8re a d\u00e9clar\u00e9 : \u00ab\u00a0La d\u00e9cision finale appartient aux autorit\u00e9s am\u00e9ricaines\u00a0\u00bb. Cette r\u00e9alit\u00e9 souligne la n\u00e9cessit\u00e9 d&rsquo;\u00eatre pr\u00e9par\u00e9 et inform\u00e9 avant un voyage, afin d&rsquo;\u00e9viter des d\u00e9sagr\u00e9ments \u00e0 la fronti\u00e8re.<\/p>\n<p>En plus de cela, les voyageurs sont encourag\u00e9s \u00e0 apporter des preuves de leur voyage de retour, telles que des r\u00e9servations de vol. Les avertissements pr\u00e9cisent qu&rsquo;il n&rsquo;existe pas de recours l\u00e9gal en cas de refus d&rsquo;entr\u00e9e, ce qui peut \u00eatre d\u00e9concertant pour ceux qui esp\u00e8rent voyager sans encombre. Les citoyens allemands rencontrant des probl\u00e8mes \u00e0 l&rsquo;entr\u00e9e doivent contacter le D\u00e9partement de la s\u00e9curit\u00e9 int\u00e9rieure \u00e0 leur retour.<\/p>\n<h2>Les r\u00e9actions et les pr\u00e9occupations<\/h2>\n<p>Les pr\u00e9occupations entourant cette mise \u00e0 jour sont partag\u00e9es au sein de la communaut\u00e9 allemande. Le site du minist\u00e8re souligne que des facteurs tels qu&rsquo;un pass\u00e9 criminel ou des informations incorrectes sur le but du voyage peuvent entra\u00eener des complications. \u00ab\u00a0Aucun droit d&rsquo;entr\u00e9e n&rsquo;est garanti, m\u00eame avec des documents valides\u00a0\u00bb, souligne l&rsquo;avis, ce qui frappe de nombreux voyageurs de plein fouet.<\/p>\n<p>Un porte-parole du minist\u00e8re a comment\u00e9 sur le sujet : \u00ab\u00a0La d\u00e9cision finale repose sur les autorit\u00e9s am\u00e9ricaines, ce qui n&rsquo;est pas surprenant, c&rsquo;est aussi le cas en Allemagne.\u00a0\u00bb Cette transparence est essentielle pour att\u00e9nuer les craintes, mais elle ne change pas la nature incertaine des voyages internationaux \u00e0 l&rsquo;heure actuelle.<\/p>\n<ul>\n<li>Les voyageurs doivent v\u00e9rifier leur statut d&rsquo;entr\u00e9e avant de partir.<\/li>\n<li>Il est recommand\u00e9 d&rsquo;avoir des documents de voyage clairs et concis.<\/li>\n<li>Les situations de d\u00e9tention peuvent survenir sans pr\u00e9avis.<\/li>\n<li>Le minist\u00e8re des Affaires \u00e9trang\u00e8res fournit des conseils sur la mani\u00e8re de g\u00e9rer les probl\u00e8mes d&rsquo;entr\u00e9e.<\/li>\n<li>Rester inform\u00e9 des politiques d&rsquo;immigration est crucial avant le d\u00e9part.<\/li>\n<\/ul>\n<blockquote><p>\u201cNi une autorisation ESTA valide ni un visa am\u00e9ricain valide ne garantissent un droit d&rsquo;entr\u00e9e aux \u00c9tats-Unis.\u201d<\/p><\/blockquote>\n<p><iframe loading=\"lazy\" title=\"USA : New York peine \u00e0 accueillir des migrants ouest-africains\" width=\"1200\" height=\"675\" src=\"https:\/\/www.youtube.com\/embed\/VJOAcZ24dGo?feature=oembed\" frameborder=\"0\" allow=\"accelerometer; autoplay; clipboard-write; encrypted-media; gyroscope; picture-in-picture; web-share\" referrerpolicy=\"strict-origin-when-cross-origin\" allowfullscreen><\/iframe><\/p>\n<h2>Vers un avenir incertain<\/h2>\n<p>Il est encore trop t\u00f4t pour savoir comment cet avertissement influencera les voyages vers les \u00c9tats-Unis. Les autorit\u00e9s am\u00e9ricaines n&rsquo;ont pas encore r\u00e9pondu \u00e0 cette mise \u00e0 jour, laissant planer le doute sur la direction future des politiques d&rsquo;entr\u00e9e. Les voyageurs allemands doivent donc rester vigilants et bien inform\u00e9s, car la situation pourrait \u00e9voluer rapidement.<\/p>\n<p>Les implications de cette mise \u00e0 jour sont vastes, touchant non seulement les voyageurs mais aussi les relations entre l&rsquo;Allemagne et les \u00c9tats-Unis. Les citoyens allemands doivent continuer \u00e0 surveiller les conseils de voyage et rester en contact avec les ambassades pour des mises \u00e0 jour. La prudence est de mise, car les voyages internationaux peuvent comporter des risques impr\u00e9vus.<\/p>\n","protected":false},"excerpt":{"rendered":"","protected":false},"author":34,"featured_media":20680,"comment_status":"open","ping_status":"open","sticky":false,"template":"","format":"standard","meta":{"_acf_changed":false,"manual_indexmenow":false,"indexmenow_id_project":0,"footnotes":""},"categories":[1],"tags":[6221,4713,5688,3170,4635],"class_list":["post-15747","post","type-post","status-publish","format-standard","has-post-thumbnail","hentry","category-a-la-une","tag-conseil","tag-preparation","tag-relations-internationales","tag-securite","tag-voyage","generate-columns","tablet-grid-50","mobile-grid-100","grid-parent","grid-25"],"acf":[],"yoast_head":"<!-- This site is optimized with the Yoast SEO Premium plugin v21.3 (Yoast SEO v25.1) - https:\/\/yoast.com\/wordpress\/plugins\/seo\/ -->\n<title>Allemagne met en garde ses citoyens sur les risques de<\/title>\n<meta name=\"description\" content=\"Cette mise \u00e0 jour de l&#039;avis de voyage fait suite \u00e0 des incidents o\u00f9 des ressortissants allemands ont \u00e9t\u00e9 retenus \u00e0 la fronti\u00e8re am\u00e9ricaine. La situation\" \/>\n<meta name=\"robots\" content=\"index, follow, max-snippet:-1, max-image-preview:large, max-video-preview:-1\" \/>\n<link rel=\"canonical\" href=\"https:\/\/voyage-aventure.com\/blog\/a-la-une\/allemagne-met-en-garde-ses-citoyens-sur-les-risques-de-voyage-aux-etats-unis\/\" \/>\n<meta property=\"og:locale\" content=\"fr_FR\" \/>\n<meta property=\"og:type\" content=\"article\" \/>\n<meta property=\"og:title\" content=\"Allemagne met en garde ses citoyens sur les risques de\" \/>\n<meta property=\"og:description\" content=\"Cette mise \u00e0 jour de l&#039;avis de voyage fait suite \u00e0 des incidents o\u00f9 des ressortissants allemands ont \u00e9t\u00e9 retenus \u00e0 la fronti\u00e8re am\u00e9ricaine. La situation\" \/>\n<meta property=\"og:url\" content=\"https:\/\/voyage-aventure.com\/blog\/a-la-une\/allemagne-met-en-garde-ses-citoyens-sur-les-risques-de-voyage-aux-etats-unis\/\" \/>\n<meta property=\"og:site_name\" content=\"voyage-aventure\" \/>\n<meta property=\"og:image\" content=\"https:\/\/voyage-aventure.com\/blog\/wp-content\/uploads\/2025\/05\/sdxl-d542e1a84ea47da2b412a75309b5b53f-scaled.png\" \/>\n\t<meta property=\"og:image:width\" content=\"1200\" \/>\n\t<meta property=\"og:image:height\" content=\"500\" \/>\n\t<meta property=\"og:image:type\" content=\"image\/png\" \/>\n<meta name=\"author\" content=\"Camille Rouvray\" \/>\n<meta name=\"twitter:card\" content=\"summary_large_image\" \/>\n<script type=\"application\/ld+json\" class=\"yoast-schema-graph\">{\"@context\":\"https:\/\/schema.org\",\"@graph\":[{\"@type\":\"NewsArticle\",\"@id\":\"https:\/\/voyage-aventure.com\/blog\/a-la-une\/allemagne-met-en-garde-ses-citoyens-sur-les-risques-de-voyage-aux-etats-unis\/#article\",\"isPartOf\":{\"@id\":\"https:\/\/voyage-aventure.com\/blog\/a-la-une\/allemagne-met-en-garde-ses-citoyens-sur-les-risques-de-voyage-aux-etats-unis\/\"},\"author\":{\"name\":\"Camille Rouvray\",\"@id\":\"https:\/\/voyage-aventure.com\/blog\/#\/schema\/person\/3c864cdc320801e3db34b663e7e3f816\"},\"headline\":\"Allemagne met en garde ses citoyens sur les risques de voyage aux \u00c9tats-Unis\",\"datePublished\":\"2025-03-20T16:37:19+00:00\",\"mainEntityOfPage\":{\"@id\":\"https:\/\/voyage-aventure.com\/blog\/a-la-une\/allemagne-met-en-garde-ses-citoyens-sur-les-risques-de-voyage-aux-etats-unis\/\"},\"wordCount\":638,\"commentCount\":24,\"publisher\":{\"@id\":\"https:\/\/voyage-aventure.com\/blog\/#organization\"},\"image\":{\"@id\":\"https:\/\/voyage-aventure.com\/blog\/a-la-une\/allemagne-met-en-garde-ses-citoyens-sur-les-risques-de-voyage-aux-etats-unis\/#primaryimage\"},\"thumbnailUrl\":\"https:\/\/voyage-aventure.com\/blog\/wp-content\/uploads\/2025\/05\/sdxl-d542e1a84ea47da2b412a75309b5b53f-scaled.png\",\"keywords\":[\"Conseil\",\"Pr\u00e9paration\",\"Relations Internationales\",\"S\u00e9curit\u00e9\",\"Voyage\"],\"articleSection\":[\"\u00c0 la une\"],\"inLanguage\":\"fr-FR\",\"potentialAction\":[{\"@type\":\"CommentAction\",\"name\":\"Comment\",\"target\":[\"https:\/\/voyage-aventure.com\/blog\/a-la-une\/allemagne-met-en-garde-ses-citoyens-sur-les-risques-de-voyage-aux-etats-unis\/#respond\"]}]},{\"@type\":\"WebPage\",\"@id\":\"https:\/\/voyage-aventure.com\/blog\/a-la-une\/allemagne-met-en-garde-ses-citoyens-sur-les-risques-de-voyage-aux-etats-unis\/\",\"url\":\"https:\/\/voyage-aventure.com\/blog\/a-la-une\/allemagne-met-en-garde-ses-citoyens-sur-les-risques-de-voyage-aux-etats-unis\/\",\"name\":\"Allemagne met en garde ses citoyens sur les risques de\",\"isPartOf\":{\"@id\":\"https:\/\/voyage-aventure.com\/blog\/#website\"},\"primaryImageOfPage\":{\"@id\":\"https:\/\/voyage-aventure.com\/blog\/a-la-une\/allemagne-met-en-garde-ses-citoyens-sur-les-risques-de-voyage-aux-etats-unis\/#primaryimage\"},\"image\":{\"@id\":\"https:\/\/voyage-aventure.com\/blog\/a-la-une\/allemagne-met-en-garde-ses-citoyens-sur-les-risques-de-voyage-aux-etats-unis\/#primaryimage\"},\"thumbnailUrl\":\"https:\/\/voyage-aventure.com\/blog\/wp-content\/uploads\/2025\/05\/sdxl-d542e1a84ea47da2b412a75309b5b53f-scaled.png\",\"datePublished\":\"2025-03-20T16:37:19+00:00\",\"description\":\"Cette mise \u00e0 jour de l'avis de voyage fait suite \u00e0 des incidents o\u00f9 des ressortissants allemands ont \u00e9t\u00e9 retenus \u00e0 la fronti\u00e8re am\u00e9ricaine. La situation\",\"inLanguage\":\"fr-FR\",\"potentialAction\":[{\"@type\":\"ReadAction\",\"target\":[\"https:\/\/voyage-aventure.com\/blog\/a-la-une\/allemagne-met-en-garde-ses-citoyens-sur-les-risques-de-voyage-aux-etats-unis\/\"]}]},{\"@type\":\"ImageObject\",\"inLanguage\":\"fr-FR\",\"@id\":\"https:\/\/voyage-aventure.com\/blog\/a-la-une\/allemagne-met-en-garde-ses-citoyens-sur-les-risques-de-voyage-aux-etats-unis\/#primaryimage\",\"url\":\"https:\/\/voyage-aventure.com\/blog\/wp-content\/uploads\/2025\/05\/sdxl-d542e1a84ea47da2b412a75309b5b53f-scaled.png\",\"contentUrl\":\"https:\/\/voyage-aventure.com\/blog\/wp-content\/uploads\/2025\/05\/sdxl-d542e1a84ea47da2b412a75309b5b53f-scaled.png\",\"width\":1200,\"height\":500},{\"@type\":\"WebSite\",\"@id\":\"https:\/\/voyage-aventure.com\/blog\/#website\",\"url\":\"https:\/\/voyage-aventure.com\/blog\/\",\"name\":\"voyage-aventure.com\",\"description\":\"Votre passeport pour l\u2019inattendu.\",\"publisher\":{\"@id\":\"https:\/\/voyage-aventure.com\/blog\/#organization\"},\"alternateName\":\"Votre passeport pour l\u2019inattendu.\",\"potentialAction\":[{\"@type\":\"SearchAction\",\"target\":{\"@type\":\"EntryPoint\",\"urlTemplate\":\"https:\/\/voyage-aventure.com\/blog\/?s={search_term_string}\"},\"query-input\":{\"@type\":\"PropertyValueSpecification\",\"valueRequired\":true,\"valueName\":\"search_term_string\"}}],\"inLanguage\":\"fr-FR\"},{\"@type\":\"Organization\",\"@id\":\"https:\/\/voyage-aventure.com\/blog\/#organization\",\"name\":\"Foretsensations.fr\",\"url\":\"https:\/\/voyage-aventure.com\/blog\/\",\"logo\":{\"@type\":\"ImageObject\",\"inLanguage\":\"fr-FR\",\"@id\":\"https:\/\/voyage-aventure.com\/blog\/#\/schema\/logo\/image\/\",\"url\":\"https:\/\/voyage-aventure.com\/blog\/wp-content\/uploads\/2024\/12\/19.png\",\"contentUrl\":\"https:\/\/voyage-aventure.com\/blog\/wp-content\/uploads\/2024\/12\/19.png\",\"width\":512,\"height\":512,\"caption\":\"Foretsensations.fr\"},\"image\":{\"@id\":\"https:\/\/voyage-aventure.com\/blog\/#\/schema\/logo\/image\/\"}},{\"@type\":\"Person\",\"@id\":\"https:\/\/voyage-aventure.com\/blog\/#\/schema\/person\/3c864cdc320801e3db34b663e7e3f816\",\"name\":\"Camille Rouvray\",\"image\":{\"@type\":\"ImageObject\",\"inLanguage\":\"fr-FR\",\"@id\":\"https:\/\/voyage-aventure.com\/blog\/#\/schema\/person\/image\/\",\"url\":\"https:\/\/voyage-aventure.com\/blog\/wp-content\/uploads\/2026\/06\/persona_camille-r-96x96.jpg\",\"contentUrl\":\"https:\/\/voyage-aventure.com\/blog\/wp-content\/uploads\/2026\/06\/persona_camille-r-96x96.jpg\",\"caption\":\"Camille Rouvray\"},\"description\":\"Je voyage et j'\u00e9cris sur le voyage depuis une douzaine d'ann\u00e9es, d'abord en tant que routarde au long cours, puis comme r\u00e9dactrice sp\u00e9cialis\u00e9e. Mon terrain de pr\u00e9dilection, ce sont les circuits organis\u00e9s et l'art de bien pr\u00e9parer un itin\u00e9raire : choix de la saison, dur\u00e9e r\u00e9aliste des \u00e9tapes, budget jour par jour, logement et transport sur place. J'aime aussi raconter les p\u00e9pites urbaines, ces adresses qu'on ne trouve pas dans les guides classiques. Avant de publier un dossier destination, je croise toujours plusieurs sources, je v\u00e9rifie les tarifs et les formalit\u00e9s d'entr\u00e9e \u00e0 jour, et je teste moi-m\u00eame quand je le peux. Mon angle reste pratique avant tout : aider le lecteur \u00e0 partir l'esprit tranquille, sans mauvaise surprise une fois sur place. Je m'attache \u00e0 distinguer le coup de c\u0153ur sinc\u00e8re du simple argument marketing.\",\"sameAs\":[\"https:\/\/camillerouvray.fr\/\"],\"url\":\"https:\/\/voyage-aventure.com\/blog\/auteur\/noname\/\"}]}<\/script>\n<!-- \/ Yoast SEO Premium plugin. -->","yoast_head_json":{"title":"Allemagne met en garde ses citoyens sur les risques de","description":"Cette mise \u00e0 jour de l'avis de voyage fait suite \u00e0 des incidents o\u00f9 des ressortissants allemands ont \u00e9t\u00e9 retenus \u00e0 la fronti\u00e8re am\u00e9ricaine. La situation","robots":{"index":"index","follow":"follow","max-snippet":"max-snippet:-1","max-image-preview":"max-image-preview:large","max-video-preview":"max-video-preview:-1"},"canonical":"https:\/\/voyage-aventure.com\/blog\/a-la-une\/allemagne-met-en-garde-ses-citoyens-sur-les-risques-de-voyage-aux-etats-unis\/","og_locale":"fr_FR","og_type":"article","og_title":"Allemagne met en garde ses citoyens sur les risques de","og_description":"Cette mise \u00e0 jour de l'avis de voyage fait suite \u00e0 des incidents o\u00f9 des ressortissants allemands ont \u00e9t\u00e9 retenus \u00e0 la fronti\u00e8re am\u00e9ricaine. La situation","og_url":"https:\/\/voyage-aventure.com\/blog\/a-la-une\/allemagne-met-en-garde-ses-citoyens-sur-les-risques-de-voyage-aux-etats-unis\/","og_site_name":"voyage-aventure","og_image":[{"width":1200,"height":500,"url":"https:\/\/voyage-aventure.com\/blog\/wp-content\/uploads\/2025\/05\/sdxl-d542e1a84ea47da2b412a75309b5b53f-scaled.png","type":"image\/png"}],"author":"Camille Rouvray","twitter_card":"summary_large_image","schema":{"@context":"https:\/\/schema.org","@graph":[{"@type":"NewsArticle","@id":"https:\/\/voyage-aventure.com\/blog\/a-la-une\/allemagne-met-en-garde-ses-citoyens-sur-les-risques-de-voyage-aux-etats-unis\/#article","isPartOf":{"@id":"https:\/\/voyage-aventure.com\/blog\/a-la-une\/allemagne-met-en-garde-ses-citoyens-sur-les-risques-de-voyage-aux-etats-unis\/"},"author":{"name":"Camille Rouvray","@id":"https:\/\/voyage-aventure.com\/blog\/#\/schema\/person\/3c864cdc320801e3db34b663e7e3f816"},"headline":"Allemagne met en garde ses citoyens sur les risques de voyage aux \u00c9tats-Unis","datePublished":"2025-03-20T16:37:19+00:00","mainEntityOfPage":{"@id":"https:\/\/voyage-aventure.com\/blog\/a-la-une\/allemagne-met-en-garde-ses-citoyens-sur-les-risques-de-voyage-aux-etats-unis\/"},"wordCount":638,"commentCount":24,"publisher":{"@id":"https:\/\/voyage-aventure.com\/blog\/#organization"},"image":{"@id":"https:\/\/voyage-aventure.com\/blog\/a-la-une\/allemagne-met-en-garde-ses-citoyens-sur-les-risques-de-voyage-aux-etats-unis\/#primaryimage"},"thumbnailUrl":"https:\/\/voyage-aventure.com\/blog\/wp-content\/uploads\/2025\/05\/sdxl-d542e1a84ea47da2b412a75309b5b53f-scaled.png","keywords":["Conseil","Pr\u00e9paration","Relations Internationales","S\u00e9curit\u00e9","Voyage"],"articleSection":["\u00c0 la une"],"inLanguage":"fr-FR","potentialAction":[{"@type":"CommentAction","name":"Comment","target":["https:\/\/voyage-aventure.com\/blog\/a-la-une\/allemagne-met-en-garde-ses-citoyens-sur-les-risques-de-voyage-aux-etats-unis\/#respond"]}]},{"@type":"WebPage","@id":"https:\/\/voyage-aventure.com\/blog\/a-la-une\/allemagne-met-en-garde-ses-citoyens-sur-les-risques-de-voyage-aux-etats-unis\/","url":"https:\/\/voyage-aventure.com\/blog\/a-la-une\/allemagne-met-en-garde-ses-citoyens-sur-les-risques-de-voyage-aux-etats-unis\/","name":"Allemagne met en garde ses citoyens sur les risques de","isPartOf":{"@id":"https:\/\/voyage-aventure.com\/blog\/#website"},"primaryImageOfPage":{"@id":"https:\/\/voyage-aventure.com\/blog\/a-la-une\/allemagne-met-en-garde-ses-citoyens-sur-les-risques-de-voyage-aux-etats-unis\/#primaryimage"},"image":{"@id":"https:\/\/voyage-aventure.com\/blog\/a-la-une\/allemagne-met-en-garde-ses-citoyens-sur-les-risques-de-voyage-aux-etats-unis\/#primaryimage"},"thumbnailUrl":"https:\/\/voyage-aventure.com\/blog\/wp-content\/uploads\/2025\/05\/sdxl-d542e1a84ea47da2b412a75309b5b53f-scaled.png","datePublished":"2025-03-20T16:37:19+00:00","description":"Cette mise \u00e0 jour de l'avis de voyage fait suite \u00e0 des incidents o\u00f9 des ressortissants allemands ont \u00e9t\u00e9 retenus \u00e0 la fronti\u00e8re am\u00e9ricaine. La situation","inLanguage":"fr-FR","potentialAction":[{"@type":"ReadAction","target":["https:\/\/voyage-aventure.com\/blog\/a-la-une\/allemagne-met-en-garde-ses-citoyens-sur-les-risques-de-voyage-aux-etats-unis\/"]}]},{"@type":"ImageObject","inLanguage":"fr-FR","@id":"https:\/\/voyage-aventure.com\/blog\/a-la-une\/allemagne-met-en-garde-ses-citoyens-sur-les-risques-de-voyage-aux-etats-unis\/#primaryimage","url":"https:\/\/voyage-aventure.com\/blog\/wp-content\/uploads\/2025\/05\/sdxl-d542e1a84ea47da2b412a75309b5b53f-scaled.png","contentUrl":"https:\/\/voyage-aventure.com\/blog\/wp-content\/uploads\/2025\/05\/sdxl-d542e1a84ea47da2b412a75309b5b53f-scaled.png","width":1200,"height":500},{"@type":"WebSite","@id":"https:\/\/voyage-aventure.com\/blog\/#website","url":"https:\/\/voyage-aventure.com\/blog\/","name":"voyage-aventure.com","description":"Votre passeport pour l\u2019inattendu.","publisher":{"@id":"https:\/\/voyage-aventure.com\/blog\/#organization"},"alternateName":"Votre passeport pour l\u2019inattendu.","potentialAction":[{"@type":"SearchAction","target":{"@type":"EntryPoint","urlTemplate":"https:\/\/voyage-aventure.com\/blog\/?s={search_term_string}"},"query-input":{"@type":"PropertyValueSpecification","valueRequired":true,"valueName":"search_term_string"}}],"inLanguage":"fr-FR"},{"@type":"Organization","@id":"https:\/\/voyage-aventure.com\/blog\/#organization","name":"Foretsensations.fr","url":"https:\/\/voyage-aventure.com\/blog\/","logo":{"@type":"ImageObject","inLanguage":"fr-FR","@id":"https:\/\/voyage-aventure.com\/blog\/#\/schema\/logo\/image\/","url":"https:\/\/voyage-aventure.com\/blog\/wp-content\/uploads\/2024\/12\/19.png","contentUrl":"https:\/\/voyage-aventure.com\/blog\/wp-content\/uploads\/2024\/12\/19.png","width":512,"height":512,"caption":"Foretsensations.fr"},"image":{"@id":"https:\/\/voyage-aventure.com\/blog\/#\/schema\/logo\/image\/"}},{"@type":"Person","@id":"https:\/\/voyage-aventure.com\/blog\/#\/schema\/person\/3c864cdc320801e3db34b663e7e3f816","name":"Camille Rouvray","image":{"@type":"ImageObject","inLanguage":"fr-FR","@id":"https:\/\/voyage-aventure.com\/blog\/#\/schema\/person\/image\/","url":"https:\/\/voyage-aventure.com\/blog\/wp-content\/uploads\/2026\/06\/persona_camille-r-96x96.jpg","contentUrl":"https:\/\/voyage-aventure.com\/blog\/wp-content\/uploads\/2026\/06\/persona_camille-r-96x96.jpg","caption":"Camille Rouvray"},"description":"Je voyage et j'\u00e9cris sur le voyage depuis une douzaine d'ann\u00e9es, d'abord en tant que routarde au long cours, puis comme r\u00e9dactrice sp\u00e9cialis\u00e9e. Mon terrain de pr\u00e9dilection, ce sont les circuits organis\u00e9s et l'art de bien pr\u00e9parer un itin\u00e9raire : choix de la saison, dur\u00e9e r\u00e9aliste des \u00e9tapes, budget jour par jour, logement et transport sur place. J'aime aussi raconter les p\u00e9pites urbaines, ces adresses qu'on ne trouve pas dans les guides classiques. Avant de publier un dossier destination, je croise toujours plusieurs sources, je v\u00e9rifie les tarifs et les formalit\u00e9s d'entr\u00e9e \u00e0 jour, et je teste moi-m\u00eame quand je le peux. Mon angle reste pratique avant tout : aider le lecteur \u00e0 partir l'esprit tranquille, sans mauvaise surprise une fois sur place. Je m'attache \u00e0 distinguer le coup de c\u0153ur sinc\u00e8re du simple argument marketing.","sameAs":["https:\/\/camillerouvray.fr\/"],"url":"https:\/\/voyage-aventure.com\/blog\/auteur\/noname\/"}]}},"_links":{"self":[{"href":"https:\/\/voyage-aventure.com\/blog\/wp-json\/wp\/v2\/posts\/15747","targetHints":{"allow":["GET"]}}],"collection":[{"href":"https:\/\/voyage-aventure.com\/blog\/wp-json\/wp\/v2\/posts"}],"about":[{"href":"https:\/\/voyage-aventure.com\/blog\/wp-json\/wp\/v2\/types\/post"}],"author":[{"embeddable":true,"href":"https:\/\/voyage-aventure.com\/blog\/wp-json\/wp\/v2\/users\/34"}],"replies":[{"embeddable":true,"href":"https:\/\/voyage-aventure.com\/blog\/wp-json\/wp\/v2\/comments?post=15747"}],"version-history":[{"count":1,"href":"https:\/\/voyage-aventure.com\/blog\/wp-json\/wp\/v2\/posts\/15747\/revisions"}],"predecessor-version":[{"id":15771,"href":"https:\/\/voyage-aventure.com\/blog\/wp-json\/wp\/v2\/posts\/15747\/revisions\/15771"}],"wp:featuredmedia":[{"embeddable":true,"href":"https:\/\/voyage-aventure.com\/blog\/wp-json\/wp\/v2\/media\/20680"}],"wp:attachment":[{"href":"https:\/\/voyage-aventure.com\/blog\/wp-json\/wp\/v2\/media?parent=15747"}],"wp:term":[{"taxonomy":"category","embeddable":true,"href":"https:\/\/voyage-aventure.com\/blog\/wp-json\/wp\/v2\/categories?post=15747"},{"taxonomy":"post_tag","embeddable":true,"href":"https:\/\/voyage-aventure.com\/blog\/wp-json\/wp\/v2\/tags?post=15747"}],"curies":[{"name":"wp","href":"https:\/\/api.w.org\/{rel}","templated":true}]}}