{"id":15736,"date":"2026-09-02T04:24:10","date_gmt":"2026-09-02T02:24:10","guid":{"rendered":"https:\/\/voyage-aventure.com\/blog\/?p=15736"},"modified":"2026-09-02T04:24:10","modified_gmt":"2026-09-02T02:24:10","slug":"decouvrez-les-vols-vers-lexpo-universelle-au-japon-votre-aventure-commence-ici","status":"publish","type":"post","link":"https:\/\/voyage-aventure.com\/blog\/a-la-une\/decouvrez-les-vols-vers-lexpo-universelle-au-japon-votre-aventure-commence-ici\/","title":{"rendered":"D\u00e9couvrez les vols vers l&rsquo;Expo universelle au Japon : votre aventure commence ici"},"content":{"rendered":"<p><em>Article publi\u00e9 le 21 mars 2025, alors que l&rsquo;Expo universelle d&rsquo;Osaka \u00e9tait encore \u00e0 venir. Mise \u00e0 jour du 2 septembre 2026 : l&rsquo;\u00e9v\u00e9nement s&rsquo;est achev\u00e9 le 13 octobre 2025 ; les informations pratiques (vols, r\u00e9servations) ci-dessous ne sont plus d&rsquo;actualit\u00e9 et ont \u00e9t\u00e9 retir\u00e9es ou requalifi\u00e9es au pass\u00e9.<\/em><\/p>\n<h2>Une exp\u00e9rience d\u00e9sormais achev\u00e9e<\/h2>\n<p>L&rsquo;Expo universelle d&rsquo;Osaka s&rsquo;est tenue du 13 avril au 13 octobre 2025 sur l&rsquo;\u00eele artificielle de Yumeshima, \u00e0 Osaka. Plac\u00e9e sous le th\u00e8me \u00ab Concevoir la soci\u00e9t\u00e9 du futur, imaginer la vie de demain \u00bb, elle a attir\u00e9 environ 29 millions de visiteurs sur toute sa dur\u00e9e (source : Wikip\u00e9dia, \u00e0 recouper avec le bilan officiel publi\u00e9 par l&rsquo;organisation de l&rsquo;Expo). Les pavillons construits par les diff\u00e9rents pays participants ont propos\u00e9 des exp\u00e9riences immersives m\u00ealant intelligence artificielle et r\u00e9alit\u00e9 virtuelle.<br \/>\nL&rsquo;Expo universelle d&rsquo;Osaka \u00e9tant close, il n&rsquo;est plus possible de la visiter. La prochaine Exposition universelle est pr\u00e9vue \u00e0 Riyad (Arabie saoudite) en 2030 : pour son actualit\u00e9, la source \u00e0 jour est le site du Bureau International des Expositions (bie-paris.org) ou celui de l&rsquo;organisation de l&rsquo;Expo 2030.<br \/>\n<iframe loading=\"lazy\" title=\"Argentina vs Brazil: The Ultimate South American Showdown\" width=\"1200\" height=\"675\" src=\"https:\/\/www.youtube.com\/embed\/oNzp9PBX-qY?feature=oembed\" frameborder=\"0\" allow=\"accelerometer; autoplay; clipboard-write; encrypted-media; gyroscope; picture-in-picture; web-share\" referrerpolicy=\"strict-origin-when-cross-origin\" allowfullscreen><\/iframe><\/p>\n<h2>Vols vers Osaka : une offre aujourd&rsquo;hui obsol\u00e8te<\/h2>\n<p>Cet article proposait \u00e0 l&rsquo;origine des tarifs de vols au d\u00e9part de Paris, Marseille et Bruxelles pour se rendre \u00e0 l&rsquo;Expo. Ces prix \u00e9taient valables au moment de la r\u00e9daction (mars 2025) et ne le sont plus : un tarif a\u00e9rien affich\u00e9 aujourd&rsquo;hui pour un vol pass\u00e9 n&rsquo;aurait aucune valeur informative, il a donc \u00e9t\u00e9 retir\u00e9 sans \u00eatre remplac\u00e9. Si vous pr\u00e9parez un voyage \u00e0 Osaka pour une autre raison, consultez directement les sites des compagnies a\u00e9riennes ou un comparateur de vols pour conna\u00eetre les tarifs actuels.<\/p>\n<h2>Osaka, une destination qui reste \u00e0 d\u00e9couvrir<\/h2>\n<p>Ind\u00e9pendamment de l&rsquo;Expo, Osaka demeure une ville \u00e0 explorer. Voici quelques \u00e9l\u00e9ments \u00e0 consid\u00e9rer pour un s\u00e9jour :<\/p>\n<ul>\n<li>Explorez la gastronomie locale : le takoyaki et l&rsquo;okonomiyaki restent des sp\u00e9cialit\u00e9s embl\u00e9matiques de la ville.<\/li>\n<li>Visitez des sites historiques tels que le ch\u00e2teau d&rsquo;Osaka et le temple Shitenn\u014d-ji.<\/li>\n<li>Profitez des transports en commun pour explorer la ville et ses alentours.<\/li>\n<\/ul>\n<blockquote><p>\n\u00ab\u00a0Le voyage est la seule chose que vous achetez qui vous rend plus riche.\u00a0\u00bb &#8211; Anonyme\n<\/p><\/blockquote>\n<p>Osaka reste une ville dynamique o\u00f9 tradition et modernit\u00e9 coexistent. L&rsquo;Expo universelle y a laiss\u00e9 son empreinte : les infrastructures et l&rsquo;attention port\u00e9e \u00e0 la ville pendant l&rsquo;\u00e9v\u00e9nement continuent d&rsquo;influencer son offre touristique.<\/p>\n<h2>Conseils pratiques pour un voyage au Japon<\/h2>\n<p>Avant de partir, assurez-vous d&rsquo;avoir tous vos documents en r\u00e8gle, y compris votre passeport et vos \u00e9ventuels visas. Les exigences d&rsquo;entr\u00e9e (visa, formalit\u00e9s sanitaires) \u00e9voluent : v\u00e9rifiez-les sur le site officiel des autorit\u00e9s japonaises ou du minist\u00e8re fran\u00e7ais de l&rsquo;Europe et des Affaires \u00e9trang\u00e8res avant votre d\u00e9part, plut\u00f4t que sur la base de cet article.<br \/>\nEn termes de monnaie, le yen est la devise locale ; il est conseill\u00e9 d&rsquo;avoir un peu d&rsquo;argent liquide, bien que les cartes de cr\u00e9dit soient largement accept\u00e9es dans les grandes villes. Apprendre quelques phrases de base en japonais peut faciliter les interactions avec les habitants.<br \/>\nLe Japon est r\u00e9put\u00e9 pour l&rsquo;hospitalit\u00e9 de ses habitants. Il reste utile de respecter certaines coutumes locales, comme se d\u00e9chausser avant d&rsquo;entrer dans une maison ou dire \u00ab arigato \u00bb pour remercier.<br \/>\nEn r\u00e9sum\u00e9, l&rsquo;Expo universelle d&rsquo;Osaka, qui s&rsquo;est d\u00e9roul\u00e9e du 13 avril au 13 octobre 2025, a r\u00e9uni environ 29 millions de visiteurs autour des innovations technologiques et culturelles de ses participants. L&rsquo;\u00e9v\u00e9nement \u00e9tant termin\u00e9, cet article a \u00e9t\u00e9 mis \u00e0 jour pour ne plus recommander de r\u00e9servations obsol\u00e8tes ; pour un voyage \u00e0 Osaka aujourd&rsquo;hui, mieux vaut consulter des sources touristiques \u00e0 jour plut\u00f4t que les informations pratiques initialement publi\u00e9es ici.<\/p>\n","protected":false},"excerpt":{"rendered":"","protected":false},"author":34,"featured_media":20328,"comment_status":"open","ping_status":"open","sticky":false,"template":"","format":"standard","meta":{"_acf_changed":false,"manual_indexmenow":false,"indexmenow_id_project":0,"footnotes":""},"categories":[1],"tags":[4527,6220,4535,4528,4526],"class_list":["post-15736","post","type-post","status-publish","format-standard","has-post-thumbnail","hentry","category-a-la-une","tag-decouverte-culturelle","tag-expo-universelle","tag-gastronomie-locale","tag-hebergement-abordable","tag-voyage-economique","generate-columns","tablet-grid-50","mobile-grid-100","grid-parent","grid-25"],"acf":[],"yoast_head":"<!-- This site is optimized with the Yoast SEO Premium plugin v21.3 (Yoast SEO v25.1) - https:\/\/yoast.com\/wordpress\/plugins\/seo\/ -->\n<title>D\u00e9couvrez les vols vers l&#039;Expo universelle au Japon : votre<\/title>\n<meta name=\"description\" content=\"L&#039;Expo universelle d&#039;Osaka s&#039;est tenue du 13 avril au 13 octobre 2025 et a r\u00e9uni environ 29 millions de visiteurs. L&#039;\u00e9v\u00e9nement est aujourd&#039;hui termin\u00e9 ; les infos vols\/r\u00e9servations de cet article ne sont plus d&#039;actualit\u00e9.\" \/>\n<meta name=\"robots\" content=\"index, follow, max-snippet:-1, max-image-preview:large, max-video-preview:-1\" \/>\n<link rel=\"canonical\" href=\"https:\/\/voyage-aventure.com\/blog\/a-la-une\/decouvrez-les-vols-vers-lexpo-universelle-au-japon-votre-aventure-commence-ici\/\" \/>\n<meta property=\"og:locale\" content=\"fr_FR\" \/>\n<meta property=\"og:type\" content=\"article\" \/>\n<meta property=\"og:title\" content=\"D\u00e9couvrez les vols vers l&#039;Expo universelle au Japon : votre\" \/>\n<meta property=\"og:description\" content=\"L&#039;Expo universelle d&#039;Osaka s&#039;est tenue du 13 avril au 13 octobre 2025 et a r\u00e9uni environ 29 millions de visiteurs. L&#039;\u00e9v\u00e9nement est aujourd&#039;hui termin\u00e9 ; les infos vols\/r\u00e9servations de cet article ne sont plus d&#039;actualit\u00e9.\" \/>\n<meta property=\"og:url\" content=\"https:\/\/voyage-aventure.com\/blog\/a-la-une\/decouvrez-les-vols-vers-lexpo-universelle-au-japon-votre-aventure-commence-ici\/\" \/>\n<meta property=\"og:site_name\" content=\"voyage-aventure\" \/>\n<meta property=\"og:image\" content=\"https:\/\/voyage-aventure.com\/blog\/wp-content\/uploads\/2025\/05\/sdxl-4bb065b9ab4f77879368daaaa12cfece-scaled.png\" \/>\n\t<meta property=\"og:image:width\" content=\"1200\" \/>\n\t<meta property=\"og:image:height\" content=\"500\" \/>\n\t<meta property=\"og:image:type\" content=\"image\/png\" \/>\n<meta name=\"author\" content=\"Camille Rouvray\" \/>\n<meta name=\"twitter:card\" content=\"summary_large_image\" \/>\n<script type=\"application\/ld+json\" class=\"yoast-schema-graph\">{\"@context\":\"https:\/\/schema.org\",\"@graph\":[{\"@type\":\"NewsArticle\",\"@id\":\"https:\/\/voyage-aventure.com\/blog\/a-la-une\/decouvrez-les-vols-vers-lexpo-universelle-au-japon-votre-aventure-commence-ici\/#article\",\"isPartOf\":{\"@id\":\"https:\/\/voyage-aventure.com\/blog\/a-la-une\/decouvrez-les-vols-vers-lexpo-universelle-au-japon-votre-aventure-commence-ici\/\"},\"author\":{\"name\":\"Camille Rouvray\",\"@id\":\"https:\/\/voyage-aventure.com\/blog\/#\/schema\/person\/3c864cdc320801e3db34b663e7e3f816\"},\"headline\":\"D\u00e9couvrez les vols vers l&rsquo;Expo universelle au Japon : votre aventure commence ici\",\"datePublished\":\"2026-09-02T02:24:10+00:00\",\"mainEntityOfPage\":{\"@id\":\"https:\/\/voyage-aventure.com\/blog\/a-la-une\/decouvrez-les-vols-vers-lexpo-universelle-au-japon-votre-aventure-commence-ici\/\"},\"wordCount\":672,\"commentCount\":26,\"publisher\":{\"@id\":\"https:\/\/voyage-aventure.com\/blog\/#organization\"},\"image\":{\"@id\":\"https:\/\/voyage-aventure.com\/blog\/a-la-une\/decouvrez-les-vols-vers-lexpo-universelle-au-japon-votre-aventure-commence-ici\/#primaryimage\"},\"thumbnailUrl\":\"https:\/\/voyage-aventure.com\/blog\/wp-content\/uploads\/2025\/05\/sdxl-4bb065b9ab4f77879368daaaa12cfece-scaled.png\",\"keywords\":[\"D\u00e9couverte Culturelle\",\"Expo Universelle\",\"Gastronomie Locale\",\"H\u00e9bergement Abordable\",\"Voyage \u00c9conomique\"],\"articleSection\":[\"\u00c0 la une\"],\"inLanguage\":\"fr-FR\",\"potentialAction\":[{\"@type\":\"CommentAction\",\"name\":\"Comment\",\"target\":[\"https:\/\/voyage-aventure.com\/blog\/a-la-une\/decouvrez-les-vols-vers-lexpo-universelle-au-japon-votre-aventure-commence-ici\/#respond\"]}]},{\"@type\":\"WebPage\",\"@id\":\"https:\/\/voyage-aventure.com\/blog\/a-la-une\/decouvrez-les-vols-vers-lexpo-universelle-au-japon-votre-aventure-commence-ici\/\",\"url\":\"https:\/\/voyage-aventure.com\/blog\/a-la-une\/decouvrez-les-vols-vers-lexpo-universelle-au-japon-votre-aventure-commence-ici\/\",\"name\":\"D\u00e9couvrez les vols vers l'Expo universelle au Japon : votre\",\"isPartOf\":{\"@id\":\"https:\/\/voyage-aventure.com\/blog\/#website\"},\"primaryImageOfPage\":{\"@id\":\"https:\/\/voyage-aventure.com\/blog\/a-la-une\/decouvrez-les-vols-vers-lexpo-universelle-au-japon-votre-aventure-commence-ici\/#primaryimage\"},\"image\":{\"@id\":\"https:\/\/voyage-aventure.com\/blog\/a-la-une\/decouvrez-les-vols-vers-lexpo-universelle-au-japon-votre-aventure-commence-ici\/#primaryimage\"},\"thumbnailUrl\":\"https:\/\/voyage-aventure.com\/blog\/wp-content\/uploads\/2025\/05\/sdxl-4bb065b9ab4f77879368daaaa12cfece-scaled.png\",\"datePublished\":\"2026-09-02T02:24:10+00:00\",\"description\":\"L'Expo universelle d'Osaka s'est tenue du 13 avril au 13 octobre 2025 et a r\u00e9uni environ 29 millions de visiteurs. L'\u00e9v\u00e9nement est aujourd'hui termin\u00e9 ; les infos vols\/r\u00e9servations de cet article ne sont plus d'actualit\u00e9.\",\"inLanguage\":\"fr-FR\",\"potentialAction\":[{\"@type\":\"ReadAction\",\"target\":[\"https:\/\/voyage-aventure.com\/blog\/a-la-une\/decouvrez-les-vols-vers-lexpo-universelle-au-japon-votre-aventure-commence-ici\/\"]}]},{\"@type\":\"ImageObject\",\"inLanguage\":\"fr-FR\",\"@id\":\"https:\/\/voyage-aventure.com\/blog\/a-la-une\/decouvrez-les-vols-vers-lexpo-universelle-au-japon-votre-aventure-commence-ici\/#primaryimage\",\"url\":\"https:\/\/voyage-aventure.com\/blog\/wp-content\/uploads\/2025\/05\/sdxl-4bb065b9ab4f77879368daaaa12cfece-scaled.png\",\"contentUrl\":\"https:\/\/voyage-aventure.com\/blog\/wp-content\/uploads\/2025\/05\/sdxl-4bb065b9ab4f77879368daaaa12cfece-scaled.png\",\"width\":1200,\"height\":500},{\"@type\":\"WebSite\",\"@id\":\"https:\/\/voyage-aventure.com\/blog\/#website\",\"url\":\"https:\/\/voyage-aventure.com\/blog\/\",\"name\":\"voyage-aventure.com\",\"description\":\"Votre passeport pour l\u2019inattendu.\",\"publisher\":{\"@id\":\"https:\/\/voyage-aventure.com\/blog\/#organization\"},\"alternateName\":\"Votre passeport pour l\u2019inattendu.\",\"potentialAction\":[{\"@type\":\"SearchAction\",\"target\":{\"@type\":\"EntryPoint\",\"urlTemplate\":\"https:\/\/voyage-aventure.com\/blog\/?s={search_term_string}\"},\"query-input\":{\"@type\":\"PropertyValueSpecification\",\"valueRequired\":true,\"valueName\":\"search_term_string\"}}],\"inLanguage\":\"fr-FR\"},{\"@type\":\"Organization\",\"@id\":\"https:\/\/voyage-aventure.com\/blog\/#organization\",\"name\":\"Foretsensations.fr\",\"url\":\"https:\/\/voyage-aventure.com\/blog\/\",\"logo\":{\"@type\":\"ImageObject\",\"inLanguage\":\"fr-FR\",\"@id\":\"https:\/\/voyage-aventure.com\/blog\/#\/schema\/logo\/image\/\",\"url\":\"https:\/\/voyage-aventure.com\/blog\/wp-content\/uploads\/2024\/12\/19.png\",\"contentUrl\":\"https:\/\/voyage-aventure.com\/blog\/wp-content\/uploads\/2024\/12\/19.png\",\"width\":512,\"height\":512,\"caption\":\"Foretsensations.fr\"},\"image\":{\"@id\":\"https:\/\/voyage-aventure.com\/blog\/#\/schema\/logo\/image\/\"}},{\"@type\":\"Person\",\"@id\":\"https:\/\/voyage-aventure.com\/blog\/#\/schema\/person\/3c864cdc320801e3db34b663e7e3f816\",\"name\":\"Camille Rouvray\",\"image\":{\"@type\":\"ImageObject\",\"inLanguage\":\"fr-FR\",\"@id\":\"https:\/\/voyage-aventure.com\/blog\/#\/schema\/person\/image\/\",\"url\":\"https:\/\/voyage-aventure.com\/blog\/wp-content\/uploads\/2026\/06\/persona_camille-r-96x96.jpg\",\"contentUrl\":\"https:\/\/voyage-aventure.com\/blog\/wp-content\/uploads\/2026\/06\/persona_camille-r-96x96.jpg\",\"caption\":\"Camille Rouvray\"},\"description\":\"Je voyage et j'\u00e9cris sur le voyage depuis une douzaine d'ann\u00e9es, d'abord en tant que routarde au long cours, puis comme r\u00e9dactrice sp\u00e9cialis\u00e9e. Mon terrain de pr\u00e9dilection, ce sont les circuits organis\u00e9s et l'art de bien pr\u00e9parer un itin\u00e9raire : choix de la saison, dur\u00e9e r\u00e9aliste des \u00e9tapes, budget jour par jour, logement et transport sur place. J'aime aussi raconter les p\u00e9pites urbaines, ces adresses qu'on ne trouve pas dans les guides classiques. Avant de publier un dossier destination, je croise toujours plusieurs sources, je v\u00e9rifie les tarifs et les formalit\u00e9s d'entr\u00e9e \u00e0 jour, et je teste moi-m\u00eame quand je le peux. Mon angle reste pratique avant tout : aider le lecteur \u00e0 partir l'esprit tranquille, sans mauvaise surprise une fois sur place. Je m'attache \u00e0 distinguer le coup de c\u0153ur sinc\u00e8re du simple argument marketing.\",\"sameAs\":[\"https:\/\/camillerouvray.fr\/\"],\"url\":\"https:\/\/voyage-aventure.com\/blog\/auteur\/noname\/\"}]}<\/script>\n<!-- \/ Yoast SEO Premium plugin. -->","yoast_head_json":{"title":"D\u00e9couvrez les vols vers l'Expo universelle au Japon : votre","description":"L'Expo universelle d'Osaka s'est tenue du 13 avril au 13 octobre 2025 et a r\u00e9uni environ 29 millions de visiteurs. L'\u00e9v\u00e9nement est aujourd'hui termin\u00e9 ; les infos vols\/r\u00e9servations de cet article ne sont plus d'actualit\u00e9.","robots":{"index":"index","follow":"follow","max-snippet":"max-snippet:-1","max-image-preview":"max-image-preview:large","max-video-preview":"max-video-preview:-1"},"canonical":"https:\/\/voyage-aventure.com\/blog\/a-la-une\/decouvrez-les-vols-vers-lexpo-universelle-au-japon-votre-aventure-commence-ici\/","og_locale":"fr_FR","og_type":"article","og_title":"D\u00e9couvrez les vols vers l'Expo universelle au Japon : votre","og_description":"L'Expo universelle d'Osaka s'est tenue du 13 avril au 13 octobre 2025 et a r\u00e9uni environ 29 millions de visiteurs. L'\u00e9v\u00e9nement est aujourd'hui termin\u00e9 ; les infos vols\/r\u00e9servations de cet article ne sont plus d'actualit\u00e9.","og_url":"https:\/\/voyage-aventure.com\/blog\/a-la-une\/decouvrez-les-vols-vers-lexpo-universelle-au-japon-votre-aventure-commence-ici\/","og_site_name":"voyage-aventure","og_image":[{"width":1200,"height":500,"url":"https:\/\/voyage-aventure.com\/blog\/wp-content\/uploads\/2025\/05\/sdxl-4bb065b9ab4f77879368daaaa12cfece-scaled.png","type":"image\/png"}],"author":"Camille Rouvray","twitter_card":"summary_large_image","schema":{"@context":"https:\/\/schema.org","@graph":[{"@type":"NewsArticle","@id":"https:\/\/voyage-aventure.com\/blog\/a-la-une\/decouvrez-les-vols-vers-lexpo-universelle-au-japon-votre-aventure-commence-ici\/#article","isPartOf":{"@id":"https:\/\/voyage-aventure.com\/blog\/a-la-une\/decouvrez-les-vols-vers-lexpo-universelle-au-japon-votre-aventure-commence-ici\/"},"author":{"name":"Camille Rouvray","@id":"https:\/\/voyage-aventure.com\/blog\/#\/schema\/person\/3c864cdc320801e3db34b663e7e3f816"},"headline":"D\u00e9couvrez les vols vers l&rsquo;Expo universelle au Japon : votre aventure commence ici","datePublished":"2026-09-02T02:24:10+00:00","mainEntityOfPage":{"@id":"https:\/\/voyage-aventure.com\/blog\/a-la-une\/decouvrez-les-vols-vers-lexpo-universelle-au-japon-votre-aventure-commence-ici\/"},"wordCount":672,"commentCount":26,"publisher":{"@id":"https:\/\/voyage-aventure.com\/blog\/#organization"},"image":{"@id":"https:\/\/voyage-aventure.com\/blog\/a-la-une\/decouvrez-les-vols-vers-lexpo-universelle-au-japon-votre-aventure-commence-ici\/#primaryimage"},"thumbnailUrl":"https:\/\/voyage-aventure.com\/blog\/wp-content\/uploads\/2025\/05\/sdxl-4bb065b9ab4f77879368daaaa12cfece-scaled.png","keywords":["D\u00e9couverte Culturelle","Expo Universelle","Gastronomie Locale","H\u00e9bergement Abordable","Voyage \u00c9conomique"],"articleSection":["\u00c0 la une"],"inLanguage":"fr-FR","potentialAction":[{"@type":"CommentAction","name":"Comment","target":["https:\/\/voyage-aventure.com\/blog\/a-la-une\/decouvrez-les-vols-vers-lexpo-universelle-au-japon-votre-aventure-commence-ici\/#respond"]}]},{"@type":"WebPage","@id":"https:\/\/voyage-aventure.com\/blog\/a-la-une\/decouvrez-les-vols-vers-lexpo-universelle-au-japon-votre-aventure-commence-ici\/","url":"https:\/\/voyage-aventure.com\/blog\/a-la-une\/decouvrez-les-vols-vers-lexpo-universelle-au-japon-votre-aventure-commence-ici\/","name":"D\u00e9couvrez les vols vers l'Expo universelle au Japon : votre","isPartOf":{"@id":"https:\/\/voyage-aventure.com\/blog\/#website"},"primaryImageOfPage":{"@id":"https:\/\/voyage-aventure.com\/blog\/a-la-une\/decouvrez-les-vols-vers-lexpo-universelle-au-japon-votre-aventure-commence-ici\/#primaryimage"},"image":{"@id":"https:\/\/voyage-aventure.com\/blog\/a-la-une\/decouvrez-les-vols-vers-lexpo-universelle-au-japon-votre-aventure-commence-ici\/#primaryimage"},"thumbnailUrl":"https:\/\/voyage-aventure.com\/blog\/wp-content\/uploads\/2025\/05\/sdxl-4bb065b9ab4f77879368daaaa12cfece-scaled.png","datePublished":"2026-09-02T02:24:10+00:00","description":"L'Expo universelle d'Osaka s'est tenue du 13 avril au 13 octobre 2025 et a r\u00e9uni environ 29 millions de visiteurs. L'\u00e9v\u00e9nement est aujourd'hui termin\u00e9 ; les infos vols\/r\u00e9servations de cet article ne sont plus d'actualit\u00e9.","inLanguage":"fr-FR","potentialAction":[{"@type":"ReadAction","target":["https:\/\/voyage-aventure.com\/blog\/a-la-une\/decouvrez-les-vols-vers-lexpo-universelle-au-japon-votre-aventure-commence-ici\/"]}]},{"@type":"ImageObject","inLanguage":"fr-FR","@id":"https:\/\/voyage-aventure.com\/blog\/a-la-une\/decouvrez-les-vols-vers-lexpo-universelle-au-japon-votre-aventure-commence-ici\/#primaryimage","url":"https:\/\/voyage-aventure.com\/blog\/wp-content\/uploads\/2025\/05\/sdxl-4bb065b9ab4f77879368daaaa12cfece-scaled.png","contentUrl":"https:\/\/voyage-aventure.com\/blog\/wp-content\/uploads\/2025\/05\/sdxl-4bb065b9ab4f77879368daaaa12cfece-scaled.png","width":1200,"height":500},{"@type":"WebSite","@id":"https:\/\/voyage-aventure.com\/blog\/#website","url":"https:\/\/voyage-aventure.com\/blog\/","name":"voyage-aventure.com","description":"Votre passeport pour l\u2019inattendu.","publisher":{"@id":"https:\/\/voyage-aventure.com\/blog\/#organization"},"alternateName":"Votre passeport pour l\u2019inattendu.","potentialAction":[{"@type":"SearchAction","target":{"@type":"EntryPoint","urlTemplate":"https:\/\/voyage-aventure.com\/blog\/?s={search_term_string}"},"query-input":{"@type":"PropertyValueSpecification","valueRequired":true,"valueName":"search_term_string"}}],"inLanguage":"fr-FR"},{"@type":"Organization","@id":"https:\/\/voyage-aventure.com\/blog\/#organization","name":"Foretsensations.fr","url":"https:\/\/voyage-aventure.com\/blog\/","logo":{"@type":"ImageObject","inLanguage":"fr-FR","@id":"https:\/\/voyage-aventure.com\/blog\/#\/schema\/logo\/image\/","url":"https:\/\/voyage-aventure.com\/blog\/wp-content\/uploads\/2024\/12\/19.png","contentUrl":"https:\/\/voyage-aventure.com\/blog\/wp-content\/uploads\/2024\/12\/19.png","width":512,"height":512,"caption":"Foretsensations.fr"},"image":{"@id":"https:\/\/voyage-aventure.com\/blog\/#\/schema\/logo\/image\/"}},{"@type":"Person","@id":"https:\/\/voyage-aventure.com\/blog\/#\/schema\/person\/3c864cdc320801e3db34b663e7e3f816","name":"Camille Rouvray","image":{"@type":"ImageObject","inLanguage":"fr-FR","@id":"https:\/\/voyage-aventure.com\/blog\/#\/schema\/person\/image\/","url":"https:\/\/voyage-aventure.com\/blog\/wp-content\/uploads\/2026\/06\/persona_camille-r-96x96.jpg","contentUrl":"https:\/\/voyage-aventure.com\/blog\/wp-content\/uploads\/2026\/06\/persona_camille-r-96x96.jpg","caption":"Camille Rouvray"},"description":"Je voyage et j'\u00e9cris sur le voyage depuis une douzaine d'ann\u00e9es, d'abord en tant que routarde au long cours, puis comme r\u00e9dactrice sp\u00e9cialis\u00e9e. Mon terrain de pr\u00e9dilection, ce sont les circuits organis\u00e9s et l'art de bien pr\u00e9parer un itin\u00e9raire : choix de la saison, dur\u00e9e r\u00e9aliste des \u00e9tapes, budget jour par jour, logement et transport sur place. J'aime aussi raconter les p\u00e9pites urbaines, ces adresses qu'on ne trouve pas dans les guides classiques. Avant de publier un dossier destination, je croise toujours plusieurs sources, je v\u00e9rifie les tarifs et les formalit\u00e9s d'entr\u00e9e \u00e0 jour, et je teste moi-m\u00eame quand je le peux. Mon angle reste pratique avant tout : aider le lecteur \u00e0 partir l'esprit tranquille, sans mauvaise surprise une fois sur place. Je m'attache \u00e0 distinguer le coup de c\u0153ur sinc\u00e8re du simple argument marketing.","sameAs":["https:\/\/camillerouvray.fr\/"],"url":"https:\/\/voyage-aventure.com\/blog\/auteur\/noname\/"}]}},"_links":{"self":[{"href":"https:\/\/voyage-aventure.com\/blog\/wp-json\/wp\/v2\/posts\/15736","targetHints":{"allow":["GET"]}}],"collection":[{"href":"https:\/\/voyage-aventure.com\/blog\/wp-json\/wp\/v2\/posts"}],"about":[{"href":"https:\/\/voyage-aventure.com\/blog\/wp-json\/wp\/v2\/types\/post"}],"author":[{"embeddable":true,"href":"https:\/\/voyage-aventure.com\/blog\/wp-json\/wp\/v2\/users\/34"}],"replies":[{"embeddable":true,"href":"https:\/\/voyage-aventure.com\/blog\/wp-json\/wp\/v2\/comments?post=15736"}],"version-history":[{"count":2,"href":"https:\/\/voyage-aventure.com\/blog\/wp-json\/wp\/v2\/posts\/15736\/revisions"}],"predecessor-version":[{"id":23268,"href":"https:\/\/voyage-aventure.com\/blog\/wp-json\/wp\/v2\/posts\/15736\/revisions\/23268"}],"wp:featuredmedia":[{"embeddable":true,"href":"https:\/\/voyage-aventure.com\/blog\/wp-json\/wp\/v2\/media\/20328"}],"wp:attachment":[{"href":"https:\/\/voyage-aventure.com\/blog\/wp-json\/wp\/v2\/media?parent=15736"}],"wp:term":[{"taxonomy":"category","embeddable":true,"href":"https:\/\/voyage-aventure.com\/blog\/wp-json\/wp\/v2\/categories?post=15736"},{"taxonomy":"post_tag","embeddable":true,"href":"https:\/\/voyage-aventure.com\/blog\/wp-json\/wp\/v2\/tags?post=15736"}],"curies":[{"name":"wp","href":"https:\/\/api.w.org\/{rel}","templated":true}]}}