{"id":15735,"date":"2025-03-23T00:05:18","date_gmt":"2025-03-22T23:05:18","guid":{"rendered":"https:\/\/voyage-aventure.com\/blog\/?p=15735"},"modified":"2025-03-20T13:39:20","modified_gmt":"2025-03-20T12:39:20","slug":"retrouvez-neil-et-martin-un-voyage-comique-a-travers-la-france-qui-inspire-lamitie","status":"publish","type":"post","link":"https:\/\/voyage-aventure.com\/blog\/destinations-aventure\/retrouvez-neil-et-martin-un-voyage-comique-a-travers-la-france-qui-inspire-lamitie\/","title":{"rendered":"Retrouvez Neil et Martin : un voyage comique \u00e0 travers la France qui inspire l&rsquo;amiti\u00e9"},"content":{"rendered":"<h2>Un duo embl\u00e9matique se retrouve pour un road trip m\u00e9morable<\/h2>\n<p>Ce duo, qui a marqu\u00e9 des g\u00e9n\u00e9rations, propose aux t\u00e9l\u00e9spectateurs un voyage \u00e0 travers la France, rempli d&rsquo;humour et de souvenirs. Leur derni\u00e8re aventure, qui se d\u00e9roule 27 ans apr\u00e8s la fin de leur s\u00e9rie culte, promet d&rsquo;\u00eatre \u00e0 la fois nostalgique et divertissante.<\/p>\n<p>Cette s\u00e9rie de trois \u00e9pisodes invite les fans \u00e0 d\u00e9couvrir les paysages pittoresques du sud de la France tout en suivant les m\u00e9saventures de deux amis ins\u00e9parables. Neil, qui consid\u00e8re la France comme sa seconde maison, est ravi de partager cette exp\u00e9rience avec son ami Martin, promettant un m\u00e9lange de beaut\u00e9 naturelle, de cuisine locale raffin\u00e9e et de traditions s\u00e9culaires.<\/p>\n<h2>Une exploration des plaisirs fran\u00e7ais<\/h2>\n<p>Au cours de leur p\u00e9riple, Neil et Martin traverseront des r\u00e9gions vari\u00e9es, de la Normandie aux Alpes, avant d&rsquo;arriver dans le verger de pommes \u00e0 cidre de Neil. Les spectateurs auront l&rsquo;occasion d&rsquo;admirer la diversit\u00e9 des paysages fran\u00e7ais, tout en d\u00e9couvrant les d\u00e9lices culinaires qui font la renomm\u00e9e de la France. Ce voyage est non seulement une exploration g\u00e9ographique, mais aussi un voyage dans le temps pour ces deux amis qui partagent des souvenirs d&rsquo;une amiti\u00e9 de longue date.<\/p>\n<p>Comme l&rsquo;a exprim\u00e9 Neil Morrissey, \u00ab\u00a0C&rsquo;est fantastique d&rsquo;avoir cette opportunit\u00e9 dor\u00e9e de se retrouver afin que je puisse faire d\u00e9couvrir \u00e0 Martin tout ce que j&rsquo;aime tant en France.\u00a0\u00bb Ce sentiment de convivialit\u00e9 et de partage sera au c\u0153ur de leur aventure, offrant aux t\u00e9l\u00e9spectateurs une v\u00e9ritable immersion dans la culture fran\u00e7aise.<\/p>\n<p><iframe loading=\"lazy\" title=\"NETFLIX : NOUVEAUT\u00c9S qui ARRIVENT en OCTOBRE ! (+ de 60)\" width=\"1200\" height=\"675\" src=\"https:\/\/www.youtube.com\/embed\/ZPwjSCO7QQs?feature=oembed\" frameborder=\"0\" allow=\"accelerometer; autoplay; clipboard-write; encrypted-media; gyroscope; picture-in-picture; web-share\" referrerpolicy=\"strict-origin-when-cross-origin\" allowfullscreen><\/iframe><\/p>\n<h2>Quand et comment regarder la s\u00e9rie<\/h2>\n","protected":false},"excerpt":{"rendered":"","protected":false},"author":34,"featured_media":18319,"comment_status":"open","ping_status":"open","sticky":false,"template":"","format":"standard","meta":{"_acf_changed":false,"manual_indexmenow":false,"indexmenow_id_project":0,"footnotes":""},"categories":[4520],"tags":[4538,4527,4530,4535,4769],"class_list":["post-15735","post","type-post","status-publish","format-standard","has-post-thumbnail","hentry","category-destinations-aventure","tag-activites-variees","tag-decouverte-culturelle","tag-escapade-en-europe","tag-gastronomie-locale","tag-immersion-culturelle","generate-columns","tablet-grid-50","mobile-grid-100","grid-parent","grid-25"],"acf":[],"yoast_head":"<!-- This site is optimized with the Yoast SEO Premium plugin v21.3 (Yoast SEO v25.1) - https:\/\/yoast.com\/wordpress\/plugins\/seo\/ -->\n<title>Retrouvez Neil et Martin : un voyage comique \u00e0 travers la<\/title>\n<meta name=\"description\" content=\"Un duo embl\u00e9matique se retrouve pour un road trip m\u00e9morable Ce duo, qui a marqu\u00e9 des g\u00e9n\u00e9rations, propose aux t\u00e9l\u00e9spectateurs un voyage \u00e0 travers la\" \/>\n<meta name=\"robots\" content=\"index, follow, max-snippet:-1, max-image-preview:large, max-video-preview:-1\" \/>\n<link rel=\"canonical\" href=\"https:\/\/voyage-aventure.com\/blog\/destinations-aventure\/retrouvez-neil-et-martin-un-voyage-comique-a-travers-la-france-qui-inspire-lamitie\/\" \/>\n<meta property=\"og:locale\" content=\"fr_FR\" \/>\n<meta property=\"og:type\" content=\"article\" \/>\n<meta property=\"og:title\" content=\"Retrouvez Neil et Martin : un voyage comique \u00e0 travers la\" \/>\n<meta property=\"og:description\" content=\"Un duo embl\u00e9matique se retrouve pour un road trip m\u00e9morable Ce duo, qui a marqu\u00e9 des g\u00e9n\u00e9rations, propose aux t\u00e9l\u00e9spectateurs un voyage \u00e0 travers la\" \/>\n<meta property=\"og:url\" content=\"https:\/\/voyage-aventure.com\/blog\/destinations-aventure\/retrouvez-neil-et-martin-un-voyage-comique-a-travers-la-france-qui-inspire-lamitie\/\" \/>\n<meta property=\"og:site_name\" content=\"voyage-aventure\" \/>\n<meta property=\"og:image\" content=\"https:\/\/voyage-aventure.com\/blog\/wp-content\/uploads\/2025\/04\/sdxl-37b727537ef85350accc04365575db89.png\" \/>\n\t<meta property=\"og:image:width\" content=\"1536\" \/>\n\t<meta property=\"og:image:height\" content=\"640\" \/>\n\t<meta property=\"og:image:type\" content=\"image\/png\" \/>\n<meta name=\"author\" content=\"Camille Rouvray\" \/>\n<meta name=\"twitter:card\" content=\"summary_large_image\" \/>\n<script type=\"application\/ld+json\" class=\"yoast-schema-graph\">{\"@context\":\"https:\/\/schema.org\",\"@graph\":[{\"@type\":\"NewsArticle\",\"@id\":\"https:\/\/voyage-aventure.com\/blog\/destinations-aventure\/retrouvez-neil-et-martin-un-voyage-comique-a-travers-la-france-qui-inspire-lamitie\/#article\",\"isPartOf\":{\"@id\":\"https:\/\/voyage-aventure.com\/blog\/destinations-aventure\/retrouvez-neil-et-martin-un-voyage-comique-a-travers-la-france-qui-inspire-lamitie\/\"},\"author\":{\"name\":\"Camille Rouvray\",\"@id\":\"https:\/\/voyage-aventure.com\/blog\/#\/schema\/person\/3c864cdc320801e3db34b663e7e3f816\"},\"headline\":\"Retrouvez Neil et Martin : un voyage comique \u00e0 travers la France qui inspire l&rsquo;amiti\u00e9\",\"datePublished\":\"2025-03-22T23:05:18+00:00\",\"mainEntityOfPage\":{\"@id\":\"https:\/\/voyage-aventure.com\/blog\/destinations-aventure\/retrouvez-neil-et-martin-un-voyage-comique-a-travers-la-france-qui-inspire-lamitie\/\"},\"wordCount\":315,\"commentCount\":23,\"publisher\":{\"@id\":\"https:\/\/voyage-aventure.com\/blog\/#organization\"},\"image\":{\"@id\":\"https:\/\/voyage-aventure.com\/blog\/destinations-aventure\/retrouvez-neil-et-martin-un-voyage-comique-a-travers-la-france-qui-inspire-lamitie\/#primaryimage\"},\"thumbnailUrl\":\"https:\/\/voyage-aventure.com\/blog\/wp-content\/uploads\/2025\/04\/sdxl-37b727537ef85350accc04365575db89.png\",\"keywords\":[\"Activit\u00e9s Vari\u00e9es\",\"D\u00e9couverte Culturelle\",\"Escapade en Europe\",\"Gastronomie Locale\",\"Immersion Culturelle\"],\"articleSection\":[\"Destinations Aventure\"],\"inLanguage\":\"fr-FR\",\"potentialAction\":[{\"@type\":\"CommentAction\",\"name\":\"Comment\",\"target\":[\"https:\/\/voyage-aventure.com\/blog\/destinations-aventure\/retrouvez-neil-et-martin-un-voyage-comique-a-travers-la-france-qui-inspire-lamitie\/#respond\"]}]},{\"@type\":\"WebPage\",\"@id\":\"https:\/\/voyage-aventure.com\/blog\/destinations-aventure\/retrouvez-neil-et-martin-un-voyage-comique-a-travers-la-france-qui-inspire-lamitie\/\",\"url\":\"https:\/\/voyage-aventure.com\/blog\/destinations-aventure\/retrouvez-neil-et-martin-un-voyage-comique-a-travers-la-france-qui-inspire-lamitie\/\",\"name\":\"Retrouvez Neil et Martin : un voyage comique \u00e0 travers la\",\"isPartOf\":{\"@id\":\"https:\/\/voyage-aventure.com\/blog\/#website\"},\"primaryImageOfPage\":{\"@id\":\"https:\/\/voyage-aventure.com\/blog\/destinations-aventure\/retrouvez-neil-et-martin-un-voyage-comique-a-travers-la-france-qui-inspire-lamitie\/#primaryimage\"},\"image\":{\"@id\":\"https:\/\/voyage-aventure.com\/blog\/destinations-aventure\/retrouvez-neil-et-martin-un-voyage-comique-a-travers-la-france-qui-inspire-lamitie\/#primaryimage\"},\"thumbnailUrl\":\"https:\/\/voyage-aventure.com\/blog\/wp-content\/uploads\/2025\/04\/sdxl-37b727537ef85350accc04365575db89.png\",\"datePublished\":\"2025-03-22T23:05:18+00:00\",\"description\":\"Un duo embl\u00e9matique se retrouve pour un road trip m\u00e9morable Ce duo, qui a marqu\u00e9 des g\u00e9n\u00e9rations, propose aux t\u00e9l\u00e9spectateurs un voyage \u00e0 travers la\",\"inLanguage\":\"fr-FR\",\"potentialAction\":[{\"@type\":\"ReadAction\",\"target\":[\"https:\/\/voyage-aventure.com\/blog\/destinations-aventure\/retrouvez-neil-et-martin-un-voyage-comique-a-travers-la-france-qui-inspire-lamitie\/\"]}]},{\"@type\":\"ImageObject\",\"inLanguage\":\"fr-FR\",\"@id\":\"https:\/\/voyage-aventure.com\/blog\/destinations-aventure\/retrouvez-neil-et-martin-un-voyage-comique-a-travers-la-france-qui-inspire-lamitie\/#primaryimage\",\"url\":\"https:\/\/voyage-aventure.com\/blog\/wp-content\/uploads\/2025\/04\/sdxl-37b727537ef85350accc04365575db89.png\",\"contentUrl\":\"https:\/\/voyage-aventure.com\/blog\/wp-content\/uploads\/2025\/04\/sdxl-37b727537ef85350accc04365575db89.png\",\"width\":1536,\"height\":640},{\"@type\":\"WebSite\",\"@id\":\"https:\/\/voyage-aventure.com\/blog\/#website\",\"url\":\"https:\/\/voyage-aventure.com\/blog\/\",\"name\":\"voyage-aventure.com\",\"description\":\"Votre passeport pour l\u2019inattendu.\",\"publisher\":{\"@id\":\"https:\/\/voyage-aventure.com\/blog\/#organization\"},\"alternateName\":\"Votre passeport pour l\u2019inattendu.\",\"potentialAction\":[{\"@type\":\"SearchAction\",\"target\":{\"@type\":\"EntryPoint\",\"urlTemplate\":\"https:\/\/voyage-aventure.com\/blog\/?s={search_term_string}\"},\"query-input\":{\"@type\":\"PropertyValueSpecification\",\"valueRequired\":true,\"valueName\":\"search_term_string\"}}],\"inLanguage\":\"fr-FR\"},{\"@type\":\"Organization\",\"@id\":\"https:\/\/voyage-aventure.com\/blog\/#organization\",\"name\":\"Foretsensations.fr\",\"url\":\"https:\/\/voyage-aventure.com\/blog\/\",\"logo\":{\"@type\":\"ImageObject\",\"inLanguage\":\"fr-FR\",\"@id\":\"https:\/\/voyage-aventure.com\/blog\/#\/schema\/logo\/image\/\",\"url\":\"https:\/\/voyage-aventure.com\/blog\/wp-content\/uploads\/2024\/12\/19.png\",\"contentUrl\":\"https:\/\/voyage-aventure.com\/blog\/wp-content\/uploads\/2024\/12\/19.png\",\"width\":512,\"height\":512,\"caption\":\"Foretsensations.fr\"},\"image\":{\"@id\":\"https:\/\/voyage-aventure.com\/blog\/#\/schema\/logo\/image\/\"}},{\"@type\":\"Person\",\"@id\":\"https:\/\/voyage-aventure.com\/blog\/#\/schema\/person\/3c864cdc320801e3db34b663e7e3f816\",\"name\":\"Camille Rouvray\",\"image\":{\"@type\":\"ImageObject\",\"inLanguage\":\"fr-FR\",\"@id\":\"https:\/\/voyage-aventure.com\/blog\/#\/schema\/person\/image\/\",\"url\":\"https:\/\/voyage-aventure.com\/blog\/wp-content\/uploads\/2026\/06\/persona_camille-r-96x96.jpg\",\"contentUrl\":\"https:\/\/voyage-aventure.com\/blog\/wp-content\/uploads\/2026\/06\/persona_camille-r-96x96.jpg\",\"caption\":\"Camille Rouvray\"},\"description\":\"Je voyage et j'\u00e9cris sur le voyage depuis une douzaine d'ann\u00e9es, d'abord en tant que routarde au long cours, puis comme r\u00e9dactrice sp\u00e9cialis\u00e9e. Mon terrain de pr\u00e9dilection, ce sont les circuits organis\u00e9s et l'art de bien pr\u00e9parer un itin\u00e9raire : choix de la saison, dur\u00e9e r\u00e9aliste des \u00e9tapes, budget jour par jour, logement et transport sur place. J'aime aussi raconter les p\u00e9pites urbaines, ces adresses qu'on ne trouve pas dans les guides classiques. Avant de publier un dossier destination, je croise toujours plusieurs sources, je v\u00e9rifie les tarifs et les formalit\u00e9s d'entr\u00e9e \u00e0 jour, et je teste moi-m\u00eame quand je le peux. Mon angle reste pratique avant tout : aider le lecteur \u00e0 partir l'esprit tranquille, sans mauvaise surprise une fois sur place. Je m'attache \u00e0 distinguer le coup de c\u0153ur sinc\u00e8re du simple argument marketing.\",\"sameAs\":[\"https:\/\/camillerouvray.fr\/\"],\"url\":\"https:\/\/voyage-aventure.com\/blog\/auteur\/noname\/\"}]}<\/script>\n<!-- \/ Yoast SEO Premium plugin. -->","yoast_head_json":{"title":"Retrouvez Neil et Martin : un voyage comique \u00e0 travers la","description":"Un duo embl\u00e9matique se retrouve pour un road trip m\u00e9morable Ce duo, qui a marqu\u00e9 des g\u00e9n\u00e9rations, propose aux t\u00e9l\u00e9spectateurs un voyage \u00e0 travers la","robots":{"index":"index","follow":"follow","max-snippet":"max-snippet:-1","max-image-preview":"max-image-preview:large","max-video-preview":"max-video-preview:-1"},"canonical":"https:\/\/voyage-aventure.com\/blog\/destinations-aventure\/retrouvez-neil-et-martin-un-voyage-comique-a-travers-la-france-qui-inspire-lamitie\/","og_locale":"fr_FR","og_type":"article","og_title":"Retrouvez Neil et Martin : un voyage comique \u00e0 travers la","og_description":"Un duo embl\u00e9matique se retrouve pour un road trip m\u00e9morable Ce duo, qui a marqu\u00e9 des g\u00e9n\u00e9rations, propose aux t\u00e9l\u00e9spectateurs un voyage \u00e0 travers la","og_url":"https:\/\/voyage-aventure.com\/blog\/destinations-aventure\/retrouvez-neil-et-martin-un-voyage-comique-a-travers-la-france-qui-inspire-lamitie\/","og_site_name":"voyage-aventure","og_image":[{"width":1536,"height":640,"url":"https:\/\/voyage-aventure.com\/blog\/wp-content\/uploads\/2025\/04\/sdxl-37b727537ef85350accc04365575db89.png","type":"image\/png"}],"author":"Camille Rouvray","twitter_card":"summary_large_image","schema":{"@context":"https:\/\/schema.org","@graph":[{"@type":"NewsArticle","@id":"https:\/\/voyage-aventure.com\/blog\/destinations-aventure\/retrouvez-neil-et-martin-un-voyage-comique-a-travers-la-france-qui-inspire-lamitie\/#article","isPartOf":{"@id":"https:\/\/voyage-aventure.com\/blog\/destinations-aventure\/retrouvez-neil-et-martin-un-voyage-comique-a-travers-la-france-qui-inspire-lamitie\/"},"author":{"name":"Camille Rouvray","@id":"https:\/\/voyage-aventure.com\/blog\/#\/schema\/person\/3c864cdc320801e3db34b663e7e3f816"},"headline":"Retrouvez Neil et Martin : un voyage comique \u00e0 travers la France qui inspire l&rsquo;amiti\u00e9","datePublished":"2025-03-22T23:05:18+00:00","mainEntityOfPage":{"@id":"https:\/\/voyage-aventure.com\/blog\/destinations-aventure\/retrouvez-neil-et-martin-un-voyage-comique-a-travers-la-france-qui-inspire-lamitie\/"},"wordCount":315,"commentCount":23,"publisher":{"@id":"https:\/\/voyage-aventure.com\/blog\/#organization"},"image":{"@id":"https:\/\/voyage-aventure.com\/blog\/destinations-aventure\/retrouvez-neil-et-martin-un-voyage-comique-a-travers-la-france-qui-inspire-lamitie\/#primaryimage"},"thumbnailUrl":"https:\/\/voyage-aventure.com\/blog\/wp-content\/uploads\/2025\/04\/sdxl-37b727537ef85350accc04365575db89.png","keywords":["Activit\u00e9s Vari\u00e9es","D\u00e9couverte Culturelle","Escapade en Europe","Gastronomie Locale","Immersion Culturelle"],"articleSection":["Destinations Aventure"],"inLanguage":"fr-FR","potentialAction":[{"@type":"CommentAction","name":"Comment","target":["https:\/\/voyage-aventure.com\/blog\/destinations-aventure\/retrouvez-neil-et-martin-un-voyage-comique-a-travers-la-france-qui-inspire-lamitie\/#respond"]}]},{"@type":"WebPage","@id":"https:\/\/voyage-aventure.com\/blog\/destinations-aventure\/retrouvez-neil-et-martin-un-voyage-comique-a-travers-la-france-qui-inspire-lamitie\/","url":"https:\/\/voyage-aventure.com\/blog\/destinations-aventure\/retrouvez-neil-et-martin-un-voyage-comique-a-travers-la-france-qui-inspire-lamitie\/","name":"Retrouvez Neil et Martin : un voyage comique \u00e0 travers la","isPartOf":{"@id":"https:\/\/voyage-aventure.com\/blog\/#website"},"primaryImageOfPage":{"@id":"https:\/\/voyage-aventure.com\/blog\/destinations-aventure\/retrouvez-neil-et-martin-un-voyage-comique-a-travers-la-france-qui-inspire-lamitie\/#primaryimage"},"image":{"@id":"https:\/\/voyage-aventure.com\/blog\/destinations-aventure\/retrouvez-neil-et-martin-un-voyage-comique-a-travers-la-france-qui-inspire-lamitie\/#primaryimage"},"thumbnailUrl":"https:\/\/voyage-aventure.com\/blog\/wp-content\/uploads\/2025\/04\/sdxl-37b727537ef85350accc04365575db89.png","datePublished":"2025-03-22T23:05:18+00:00","description":"Un duo embl\u00e9matique se retrouve pour un road trip m\u00e9morable Ce duo, qui a marqu\u00e9 des g\u00e9n\u00e9rations, propose aux t\u00e9l\u00e9spectateurs un voyage \u00e0 travers la","inLanguage":"fr-FR","potentialAction":[{"@type":"ReadAction","target":["https:\/\/voyage-aventure.com\/blog\/destinations-aventure\/retrouvez-neil-et-martin-un-voyage-comique-a-travers-la-france-qui-inspire-lamitie\/"]}]},{"@type":"ImageObject","inLanguage":"fr-FR","@id":"https:\/\/voyage-aventure.com\/blog\/destinations-aventure\/retrouvez-neil-et-martin-un-voyage-comique-a-travers-la-france-qui-inspire-lamitie\/#primaryimage","url":"https:\/\/voyage-aventure.com\/blog\/wp-content\/uploads\/2025\/04\/sdxl-37b727537ef85350accc04365575db89.png","contentUrl":"https:\/\/voyage-aventure.com\/blog\/wp-content\/uploads\/2025\/04\/sdxl-37b727537ef85350accc04365575db89.png","width":1536,"height":640},{"@type":"WebSite","@id":"https:\/\/voyage-aventure.com\/blog\/#website","url":"https:\/\/voyage-aventure.com\/blog\/","name":"voyage-aventure.com","description":"Votre passeport pour l\u2019inattendu.","publisher":{"@id":"https:\/\/voyage-aventure.com\/blog\/#organization"},"alternateName":"Votre passeport pour l\u2019inattendu.","potentialAction":[{"@type":"SearchAction","target":{"@type":"EntryPoint","urlTemplate":"https:\/\/voyage-aventure.com\/blog\/?s={search_term_string}"},"query-input":{"@type":"PropertyValueSpecification","valueRequired":true,"valueName":"search_term_string"}}],"inLanguage":"fr-FR"},{"@type":"Organization","@id":"https:\/\/voyage-aventure.com\/blog\/#organization","name":"Foretsensations.fr","url":"https:\/\/voyage-aventure.com\/blog\/","logo":{"@type":"ImageObject","inLanguage":"fr-FR","@id":"https:\/\/voyage-aventure.com\/blog\/#\/schema\/logo\/image\/","url":"https:\/\/voyage-aventure.com\/blog\/wp-content\/uploads\/2024\/12\/19.png","contentUrl":"https:\/\/voyage-aventure.com\/blog\/wp-content\/uploads\/2024\/12\/19.png","width":512,"height":512,"caption":"Foretsensations.fr"},"image":{"@id":"https:\/\/voyage-aventure.com\/blog\/#\/schema\/logo\/image\/"}},{"@type":"Person","@id":"https:\/\/voyage-aventure.com\/blog\/#\/schema\/person\/3c864cdc320801e3db34b663e7e3f816","name":"Camille Rouvray","image":{"@type":"ImageObject","inLanguage":"fr-FR","@id":"https:\/\/voyage-aventure.com\/blog\/#\/schema\/person\/image\/","url":"https:\/\/voyage-aventure.com\/blog\/wp-content\/uploads\/2026\/06\/persona_camille-r-96x96.jpg","contentUrl":"https:\/\/voyage-aventure.com\/blog\/wp-content\/uploads\/2026\/06\/persona_camille-r-96x96.jpg","caption":"Camille Rouvray"},"description":"Je voyage et j'\u00e9cris sur le voyage depuis une douzaine d'ann\u00e9es, d'abord en tant que routarde au long cours, puis comme r\u00e9dactrice sp\u00e9cialis\u00e9e. Mon terrain de pr\u00e9dilection, ce sont les circuits organis\u00e9s et l'art de bien pr\u00e9parer un itin\u00e9raire : choix de la saison, dur\u00e9e r\u00e9aliste des \u00e9tapes, budget jour par jour, logement et transport sur place. J'aime aussi raconter les p\u00e9pites urbaines, ces adresses qu'on ne trouve pas dans les guides classiques. Avant de publier un dossier destination, je croise toujours plusieurs sources, je v\u00e9rifie les tarifs et les formalit\u00e9s d'entr\u00e9e \u00e0 jour, et je teste moi-m\u00eame quand je le peux. Mon angle reste pratique avant tout : aider le lecteur \u00e0 partir l'esprit tranquille, sans mauvaise surprise une fois sur place. Je m'attache \u00e0 distinguer le coup de c\u0153ur sinc\u00e8re du simple argument marketing.","sameAs":["https:\/\/camillerouvray.fr\/"],"url":"https:\/\/voyage-aventure.com\/blog\/auteur\/noname\/"}]}},"_links":{"self":[{"href":"https:\/\/voyage-aventure.com\/blog\/wp-json\/wp\/v2\/posts\/15735","targetHints":{"allow":["GET"]}}],"collection":[{"href":"https:\/\/voyage-aventure.com\/blog\/wp-json\/wp\/v2\/posts"}],"about":[{"href":"https:\/\/voyage-aventure.com\/blog\/wp-json\/wp\/v2\/types\/post"}],"author":[{"embeddable":true,"href":"https:\/\/voyage-aventure.com\/blog\/wp-json\/wp\/v2\/users\/34"}],"replies":[{"embeddable":true,"href":"https:\/\/voyage-aventure.com\/blog\/wp-json\/wp\/v2\/comments?post=15735"}],"version-history":[{"count":1,"href":"https:\/\/voyage-aventure.com\/blog\/wp-json\/wp\/v2\/posts\/15735\/revisions"}],"predecessor-version":[{"id":16083,"href":"https:\/\/voyage-aventure.com\/blog\/wp-json\/wp\/v2\/posts\/15735\/revisions\/16083"}],"wp:featuredmedia":[{"embeddable":true,"href":"https:\/\/voyage-aventure.com\/blog\/wp-json\/wp\/v2\/media\/18319"}],"wp:attachment":[{"href":"https:\/\/voyage-aventure.com\/blog\/wp-json\/wp\/v2\/media?parent=15735"}],"wp:term":[{"taxonomy":"category","embeddable":true,"href":"https:\/\/voyage-aventure.com\/blog\/wp-json\/wp\/v2\/categories?post=15735"},{"taxonomy":"post_tag","embeddable":true,"href":"https:\/\/voyage-aventure.com\/blog\/wp-json\/wp\/v2\/tags?post=15735"}],"curies":[{"name":"wp","href":"https:\/\/api.w.org\/{rel}","templated":true}]}}